{"id":5912,"date":"2019-10-16T10:00:19","date_gmt":"2019-10-16T08:00:19","guid":{"rendered":"https:\/\/www.organisator.ch\/?p=5912"},"modified":"2019-10-16T10:00:19","modified_gmt":"2019-10-16T08:00:19","slug":"der-gute-geist-im-unternehmen-video-serie-teil-3","status":"publish","type":"post","link":"https:\/\/www.organisator.ch\/de\/management\/2019-10-16\/der-gute-geist-im-unternehmen-video-serie-teil-3\/","title":{"rendered":"Der gute Geist im Unternehmen &#8211; Video-Serie, Teil 3"},"content":{"rendered":"<p>Unter dem Titel &#8222;Der gute Geist im Unternehmen&#8220; verfolgen wir die Geschichte einer ideal geregelten Firmennachfolge. Bruno Aregger, Gr\u00fcnder und Inhaber von APPLETREE, hat Ruedi und Selina Bauberger von Bauberger AG, dem Schweizer Generalunternehmen f\u00fcr Industrieumz\u00fcge, Maschinenmontagen und Instandhaltung, bei ihrer Firmennachfolge begleitet. Im Gespr\u00e4ch mit ihnen zeigt er auf, wie ein Generationenwechsel optimal gelingen kann. Im dritten Teil der Video-Serie geht es um die Frage, wie man den richtigen K\u00e4ufer findet f\u00fcr das zu \u00fcbergebende Unternehmen und worauf Ruedi und Selina Bauberger dabei besonders geachtet haben.<\/p>\n<p><a href=\"https:\/\/youtu.be\/lqvdDWwSYQA\"><img loading=\"lazy\" decoding=\"async\" class=\"alignnone size-medium wp-image-5915\" src=\"https:\/\/www.organisator.ch\/wp-content\/uploads\/2019\/10\/Der-gute-Geist-im-Unternehmen-Video-Serie-Teil-3_Organisator.jpg\" alt=\"\" width=\"680\" height=\"383\" srcset=\"https:\/\/www.organisator.ch\/wp-content\/uploads\/2019\/10\/Der-gute-Geist-im-Unternehmen-Video-Serie-Teil-3_Organisator.jpg 680w, https:\/\/www.organisator.ch\/wp-content\/uploads\/2019\/10\/Der-gute-Geist-im-Unternehmen-Video-Serie-Teil-3_Organisator-16x9.jpg 16w, https:\/\/www.organisator.ch\/wp-content\/uploads\/2019\/10\/Der-gute-Geist-im-Unternehmen-Video-Serie-Teil-3_Organisator-311x175.jpg 311w, https:\/\/www.organisator.ch\/wp-content\/uploads\/2019\/10\/Der-gute-Geist-im-Unternehmen-Video-Serie-Teil-3_Organisator-621x350.jpg 621w, https:\/\/www.organisator.ch\/wp-content\/uploads\/2019\/10\/Der-gute-Geist-im-Unternehmen-Video-Serie-Teil-3_Organisator-300x169.jpg 300w\" sizes=\"auto, (max-width: 680px) 100vw, 680px\" \/><\/a><\/p>\n<p>Fortsetzung folgt. Die ersten beiden Teile der Video-Serie finden Sie <a href=\"https:\/\/www.organisator.ch\/der-gute-geist-im-unternehmen-video-serie-teil-1\/\">hier<\/a> und <a href=\"https:\/\/www.organisator.ch\/der-gute-geist-im-unternehmen-video-serie-teil-2\/\">hier<\/a>.<\/p>\n","protected":false},"excerpt":{"rendered":"<p>Unter dem Titel &#8222;Der gute Geist im Unternehmen&#8220; verfolgen wir die Geschichte einer ideal geregelten Firmennachfolge. Bruno Aregger, Gr\u00fcnder und Inhaber von APPLETREE, hat Ruedi und Selina Bauberger von Bauberger AG, dem Schweizer Generalunternehmen f\u00fcr Industrieumz\u00fcge, Maschinenmontagen und Instandhaltung, bei ihrer Firmennachfolge begleitet. Im Gespr\u00e4ch mit ihnen zeigt er auf, wie ein Generationenwechsel optimal gelingen [&hellip;]<\/p>\n","protected":false},"author":4,"featured_media":5915,"comment_status":"closed","ping_status":"closed","sticky":false,"template":"","format":"standard","meta":{"_acf_changed":false,"_yoast_wpseo_focuskw":"Geist im Unternehmen","_yoast_wpseo_metadesc":"Zu Besuch bei Selina und Ruedi Bauberger, die ihr Unternehmen erfolgreich weitergegeben haben. Eine Video-Serie in f\u00fcnf Teilen - hier nun der dritte Teil.","articlekey":"","footnotes":""},"categories":[28],"tags":[207,335,492,515],"class_list":["post-5912","post","type-post","status-publish","format-standard","has-post-thumbnail","hentry","category-management","tag-firmennachfolge","tag-management-und-unternehmensfuehrung","tag-unternehmen","tag-video"],"acf":[],"yoast_head":"<!-- This site is optimized with the Yoast SEO plugin v27.5 - https:\/\/yoast.com\/product\/yoast-seo-wordpress\/ -->\n<title>Der gute Geist im Unternehmen - Video-Serie, Teil 3 - Organisator<\/title>\n<meta name=\"description\" content=\"Zu Besuch bei Selina und Ruedi Bauberger, die ihr Unternehmen erfolgreich weitergegeben haben. Eine Video-Serie in f\u00fcnf Teilen - hier nun der dritte Teil.\" \/>\n<meta name=\"robots\" content=\"index, follow, max-snippet:-1, max-image-preview:large, max-video-preview:-1\" \/>\n<link rel=\"canonical\" href=\"https:\/\/www.organisator.ch\/de\/management\/2019-10-16\/der-gute-geist-im-unternehmen-video-serie-teil-3\/\" \/>\n<meta property=\"og:locale\" content=\"de_DE\" \/>\n<meta property=\"og:type\" content=\"article\" \/>\n<meta property=\"og:title\" content=\"Der gute Geist im Unternehmen - Video-Serie, Teil 3\" \/>\n<meta property=\"og:description\" content=\"Zu Besuch bei Selina und Ruedi Bauberger, die ihr Unternehmen erfolgreich weitergegeben haben. Eine Video-Serie in f\u00fcnf Teilen - hier nun der dritte Teil.\" \/>\n<meta property=\"og:url\" content=\"https:\/\/www.organisator.ch\/de\/management\/2019-10-16\/der-gute-geist-im-unternehmen-video-serie-teil-3\/\" \/>\n<meta property=\"og:site_name\" content=\"Organisator\" \/>\n<meta property=\"article:publisher\" content=\"https:\/\/www.facebook.com\/OrganisatorFachmagazin\" \/>\n<meta property=\"article:published_time\" content=\"2019-10-16T08:00:19+00:00\" \/>\n<meta property=\"og:image\" content=\"https:\/\/www.organisator.ch\/wp-content\/uploads\/2019\/10\/Der-gute-Geist-im-Unternehmen-Video-Serie-Teil-3_Organisator.jpg\" \/>\n\t<meta property=\"og:image:width\" content=\"680\" \/>\n\t<meta property=\"og:image:height\" content=\"383\" \/>\n\t<meta property=\"og:image:type\" content=\"image\/jpeg\" \/>\n<meta name=\"author\" content=\"thomas.berner\" \/>\n<meta name=\"twitter:card\" content=\"summary_large_image\" \/>\n<meta name=\"twitter:title\" content=\"Der gute Geist im Unternehmen - #Video-Serie, Teil 3\" \/>\n<meta name=\"twitter:description\" content=\"Zu Besuch bei Selina und Ruedi #Bauberger, die ihr Unternehmen erfolgreich weitergegeben haben. Eine #Video-Serie in f\u00fcnf Teilen - hier nun der dritte Teil.\" \/>\n<meta name=\"twitter:image\" content=\"https:\/\/www.organisator.ch\/wp-content\/uploads\/2019\/10\/Der-gute-Geist-im-Unternehmen-Video-Serie-Teil-3_Organisator.jpg\" \/>\n<script type=\"application\/ld+json\" class=\"yoast-schema-graph\">{\"@context\":\"https:\\\/\\\/schema.org\",\"@graph\":[{\"@type\":\"Article\",\"@id\":\"https:\\\/\\\/www.organisator.ch\\\/management\\\/2019-10-16\\\/der-gute-geist-im-unternehmen-video-serie-teil-3\\\/#article\",\"isPartOf\":{\"@id\":\"https:\\\/\\\/www.organisator.ch\\\/management\\\/2019-10-16\\\/der-gute-geist-im-unternehmen-video-serie-teil-3\\\/\"},\"author\":{\"name\":\"thomas.berner\",\"@id\":\"https:\\\/\\\/www.organisator.ch\\\/#\\\/schema\\\/person\\\/6f650f90b2842cd4c0cc334b4e36f67e\"},\"headline\":\"Der gute Geist im Unternehmen &#8211; Video-Serie, Teil 3\",\"datePublished\":\"2019-10-16T08:00:19+00:00\",\"mainEntityOfPage\":{\"@id\":\"https:\\\/\\\/www.organisator.ch\\\/management\\\/2019-10-16\\\/der-gute-geist-im-unternehmen-video-serie-teil-3\\\/\"},\"wordCount\":114,\"publisher\":{\"@id\":\"https:\\\/\\\/www.organisator.ch\\\/#organization\"},\"image\":{\"@id\":\"https:\\\/\\\/www.organisator.ch\\\/management\\\/2019-10-16\\\/der-gute-geist-im-unternehmen-video-serie-teil-3\\\/#primaryimage\"},\"thumbnailUrl\":\"https:\\\/\\\/www.organisator.ch\\\/wp-content\\\/uploads\\\/2019\\\/10\\\/Der-gute-Geist-im-Unternehmen-Video-Serie-Teil-3_Organisator.jpg\",\"keywords\":[\"Firmennachfolge\",\"Management und Unternehmensf\u00fchrung\",\"Unternehmen\",\"Video\"],\"articleSection\":[\"MANAGEMENT\"],\"inLanguage\":\"de\"},{\"@type\":\"WebPage\",\"@id\":\"https:\\\/\\\/www.organisator.ch\\\/management\\\/2019-10-16\\\/der-gute-geist-im-unternehmen-video-serie-teil-3\\\/\",\"url\":\"https:\\\/\\\/www.organisator.ch\\\/management\\\/2019-10-16\\\/der-gute-geist-im-unternehmen-video-serie-teil-3\\\/\",\"name\":\"Der gute Geist im Unternehmen - Video-Serie, Teil 3 - Organisator\",\"isPartOf\":{\"@id\":\"https:\\\/\\\/www.organisator.ch\\\/#website\"},\"primaryImageOfPage\":{\"@id\":\"https:\\\/\\\/www.organisator.ch\\\/management\\\/2019-10-16\\\/der-gute-geist-im-unternehmen-video-serie-teil-3\\\/#primaryimage\"},\"image\":{\"@id\":\"https:\\\/\\\/www.organisator.ch\\\/management\\\/2019-10-16\\\/der-gute-geist-im-unternehmen-video-serie-teil-3\\\/#primaryimage\"},\"thumbnailUrl\":\"https:\\\/\\\/www.organisator.ch\\\/wp-content\\\/uploads\\\/2019\\\/10\\\/Der-gute-Geist-im-Unternehmen-Video-Serie-Teil-3_Organisator.jpg\",\"datePublished\":\"2019-10-16T08:00:19+00:00\",\"description\":\"Zu Besuch bei Selina und Ruedi Bauberger, die ihr Unternehmen erfolgreich weitergegeben haben. Eine Video-Serie in f\u00fcnf Teilen - hier nun der dritte Teil.\",\"breadcrumb\":{\"@id\":\"https:\\\/\\\/www.organisator.ch\\\/management\\\/2019-10-16\\\/der-gute-geist-im-unternehmen-video-serie-teil-3\\\/#breadcrumb\"},\"inLanguage\":\"de\",\"potentialAction\":[{\"@type\":\"ReadAction\",\"target\":[\"https:\\\/\\\/www.organisator.ch\\\/management\\\/2019-10-16\\\/der-gute-geist-im-unternehmen-video-serie-teil-3\\\/\"]}]},{\"@type\":\"ImageObject\",\"inLanguage\":\"de\",\"@id\":\"https:\\\/\\\/www.organisator.ch\\\/management\\\/2019-10-16\\\/der-gute-geist-im-unternehmen-video-serie-teil-3\\\/#primaryimage\",\"url\":\"https:\\\/\\\/www.organisator.ch\\\/wp-content\\\/uploads\\\/2019\\\/10\\\/Der-gute-Geist-im-Unternehmen-Video-Serie-Teil-3_Organisator.jpg\",\"contentUrl\":\"https:\\\/\\\/www.organisator.ch\\\/wp-content\\\/uploads\\\/2019\\\/10\\\/Der-gute-Geist-im-Unternehmen-Video-Serie-Teil-3_Organisator.jpg\",\"width\":680,\"height\":383},{\"@type\":\"BreadcrumbList\",\"@id\":\"https:\\\/\\\/www.organisator.ch\\\/management\\\/2019-10-16\\\/der-gute-geist-im-unternehmen-video-serie-teil-3\\\/#breadcrumb\",\"itemListElement\":[{\"@type\":\"ListItem\",\"position\":1,\"name\":\"Home\",\"item\":\"https:\\\/\\\/www.organisator.ch\\\/\"},{\"@type\":\"ListItem\",\"position\":2,\"name\":\"Der gute Geist im Unternehmen &#8211; Video-Serie, Teil 3\"}]},{\"@type\":\"WebSite\",\"@id\":\"https:\\\/\\\/www.organisator.ch\\\/#website\",\"url\":\"https:\\\/\\\/www.organisator.ch\\\/\",\"name\":\"Organisator\",\"description\":\"Kompetent. Praxisnah. Der ORGANISATOR bereitet in 10 Ausgaben pro Jahr die wesentlichen Themen f\u00fcr F\u00fchrungskr\u00e4fte von KMU auf.\",\"publisher\":{\"@id\":\"https:\\\/\\\/www.organisator.ch\\\/#organization\"},\"potentialAction\":[{\"@type\":\"SearchAction\",\"target\":{\"@type\":\"EntryPoint\",\"urlTemplate\":\"https:\\\/\\\/www.organisator.ch\\\/?s={search_term_string}\"},\"query-input\":{\"@type\":\"PropertyValueSpecification\",\"valueRequired\":true,\"valueName\":\"search_term_string\"}}],\"inLanguage\":\"de\"},{\"@type\":\"Organization\",\"@id\":\"https:\\\/\\\/www.organisator.ch\\\/#organization\",\"name\":\"Organisator\",\"url\":\"https:\\\/\\\/www.organisator.ch\\\/\",\"logo\":{\"@type\":\"ImageObject\",\"inLanguage\":\"de\",\"@id\":\"https:\\\/\\\/www.organisator.ch\\\/#\\\/schema\\\/logo\\\/image\\\/\",\"url\":\"https:\\\/\\\/www.organisator.ch\\\/wp-content\\\/uploads\\\/2022\\\/01\\\/Logo_Organisator_Website.png\",\"contentUrl\":\"https:\\\/\\\/www.organisator.ch\\\/wp-content\\\/uploads\\\/2022\\\/01\\\/Logo_Organisator_Website.png\",\"width\":800,\"height\":77,\"caption\":\"Organisator\"},\"image\":{\"@id\":\"https:\\\/\\\/www.organisator.ch\\\/#\\\/schema\\\/logo\\\/image\\\/\"},\"sameAs\":[\"https:\\\/\\\/www.facebook.com\\\/OrganisatorFachmagazin\",\"https:\\\/\\\/www.linkedin.com\\\/showcase\\\/organisator-das-magazin-fr-kmu\",\"https:\\\/\\\/www.xing.com\\\/news\\\/pages\\\/organisator-ch-695\",\"https:\\\/\\\/www.youtube.com\\\/channel\\\/UCGP2Sq0iWaZwT3BdIAQFYpw\"]},{\"@type\":\"Person\",\"@id\":\"https:\\\/\\\/www.organisator.ch\\\/#\\\/schema\\\/person\\\/6f650f90b2842cd4c0cc334b4e36f67e\",\"name\":\"thomas.berner\",\"image\":{\"@type\":\"ImageObject\",\"inLanguage\":\"de\",\"@id\":\"https:\\\/\\\/secure.gravatar.com\\\/avatar\\\/ac5001d2a36cb6c6cd3e50789007ffca834b477b74a2144564522e944eabff61?s=96&d=mm&r=g\",\"url\":\"https:\\\/\\\/secure.gravatar.com\\\/avatar\\\/ac5001d2a36cb6c6cd3e50789007ffca834b477b74a2144564522e944eabff61?s=96&d=mm&r=g\",\"contentUrl\":\"https:\\\/\\\/secure.gravatar.com\\\/avatar\\\/ac5001d2a36cb6c6cd3e50789007ffca834b477b74a2144564522e944eabff61?s=96&d=mm&r=g\",\"caption\":\"thomas.berner\"},\"url\":\"https:\\\/\\\/www.organisator.ch\\\/de\\\/author\\\/thomas-berner\\\/\"}]}<\/script>\n<!-- \/ Yoast SEO plugin. -->","yoast_head_json":{"title":"Der gute Geist im Unternehmen - Video-Serie, Teil 3 - Organisator","description":"Zu Besuch bei Selina und Ruedi Bauberger, die ihr Unternehmen erfolgreich weitergegeben haben. Eine Video-Serie in f\u00fcnf Teilen - hier nun der dritte Teil.","robots":{"index":"index","follow":"follow","max-snippet":"max-snippet:-1","max-image-preview":"max-image-preview:large","max-video-preview":"max-video-preview:-1"},"canonical":"https:\/\/www.organisator.ch\/de\/management\/2019-10-16\/der-gute-geist-im-unternehmen-video-serie-teil-3\/","og_locale":"de_DE","og_type":"article","og_title":"Der gute Geist im Unternehmen - Video-Serie, Teil 3","og_description":"Zu Besuch bei Selina und Ruedi Bauberger, die ihr Unternehmen erfolgreich weitergegeben haben. Eine Video-Serie in f\u00fcnf Teilen - hier nun der dritte Teil.","og_url":"https:\/\/www.organisator.ch\/de\/management\/2019-10-16\/der-gute-geist-im-unternehmen-video-serie-teil-3\/","og_site_name":"Organisator","article_publisher":"https:\/\/www.facebook.com\/OrganisatorFachmagazin","article_published_time":"2019-10-16T08:00:19+00:00","og_image":[{"width":680,"height":383,"url":"https:\/\/www.organisator.ch\/wp-content\/uploads\/2019\/10\/Der-gute-Geist-im-Unternehmen-Video-Serie-Teil-3_Organisator.jpg","type":"image\/jpeg"}],"author":"thomas.berner","twitter_card":"summary_large_image","twitter_title":"Der gute Geist im Unternehmen - #Video-Serie, Teil 3","twitter_description":"Zu Besuch bei Selina und Ruedi #Bauberger, die ihr Unternehmen erfolgreich weitergegeben haben. Eine #Video-Serie in f\u00fcnf Teilen - hier nun der dritte Teil.","twitter_image":"https:\/\/www.organisator.ch\/wp-content\/uploads\/2019\/10\/Der-gute-Geist-im-Unternehmen-Video-Serie-Teil-3_Organisator.jpg","schema":{"@context":"https:\/\/schema.org","@graph":[{"@type":"Article","@id":"https:\/\/www.organisator.ch\/management\/2019-10-16\/der-gute-geist-im-unternehmen-video-serie-teil-3\/#article","isPartOf":{"@id":"https:\/\/www.organisator.ch\/management\/2019-10-16\/der-gute-geist-im-unternehmen-video-serie-teil-3\/"},"author":{"name":"thomas.berner","@id":"https:\/\/www.organisator.ch\/#\/schema\/person\/6f650f90b2842cd4c0cc334b4e36f67e"},"headline":"Der gute Geist im Unternehmen &#8211; Video-Serie, Teil 3","datePublished":"2019-10-16T08:00:19+00:00","mainEntityOfPage":{"@id":"https:\/\/www.organisator.ch\/management\/2019-10-16\/der-gute-geist-im-unternehmen-video-serie-teil-3\/"},"wordCount":114,"publisher":{"@id":"https:\/\/www.organisator.ch\/#organization"},"image":{"@id":"https:\/\/www.organisator.ch\/management\/2019-10-16\/der-gute-geist-im-unternehmen-video-serie-teil-3\/#primaryimage"},"thumbnailUrl":"https:\/\/www.organisator.ch\/wp-content\/uploads\/2019\/10\/Der-gute-Geist-im-Unternehmen-Video-Serie-Teil-3_Organisator.jpg","keywords":["Firmennachfolge","Management und Unternehmensf\u00fchrung","Unternehmen","Video"],"articleSection":["MANAGEMENT"],"inLanguage":"de"},{"@type":"WebPage","@id":"https:\/\/www.organisator.ch\/management\/2019-10-16\/der-gute-geist-im-unternehmen-video-serie-teil-3\/","url":"https:\/\/www.organisator.ch\/management\/2019-10-16\/der-gute-geist-im-unternehmen-video-serie-teil-3\/","name":"Der gute Geist im Unternehmen - Video-Serie, Teil 3 - Organisator","isPartOf":{"@id":"https:\/\/www.organisator.ch\/#website"},"primaryImageOfPage":{"@id":"https:\/\/www.organisator.ch\/management\/2019-10-16\/der-gute-geist-im-unternehmen-video-serie-teil-3\/#primaryimage"},"image":{"@id":"https:\/\/www.organisator.ch\/management\/2019-10-16\/der-gute-geist-im-unternehmen-video-serie-teil-3\/#primaryimage"},"thumbnailUrl":"https:\/\/www.organisator.ch\/wp-content\/uploads\/2019\/10\/Der-gute-Geist-im-Unternehmen-Video-Serie-Teil-3_Organisator.jpg","datePublished":"2019-10-16T08:00:19+00:00","description":"Zu Besuch bei Selina und Ruedi Bauberger, die ihr Unternehmen erfolgreich weitergegeben haben. Eine Video-Serie in f\u00fcnf Teilen - hier nun der dritte Teil.","breadcrumb":{"@id":"https:\/\/www.organisator.ch\/management\/2019-10-16\/der-gute-geist-im-unternehmen-video-serie-teil-3\/#breadcrumb"},"inLanguage":"de","potentialAction":[{"@type":"ReadAction","target":["https:\/\/www.organisator.ch\/management\/2019-10-16\/der-gute-geist-im-unternehmen-video-serie-teil-3\/"]}]},{"@type":"ImageObject","inLanguage":"de","@id":"https:\/\/www.organisator.ch\/management\/2019-10-16\/der-gute-geist-im-unternehmen-video-serie-teil-3\/#primaryimage","url":"https:\/\/www.organisator.ch\/wp-content\/uploads\/2019\/10\/Der-gute-Geist-im-Unternehmen-Video-Serie-Teil-3_Organisator.jpg","contentUrl":"https:\/\/www.organisator.ch\/wp-content\/uploads\/2019\/10\/Der-gute-Geist-im-Unternehmen-Video-Serie-Teil-3_Organisator.jpg","width":680,"height":383},{"@type":"BreadcrumbList","@id":"https:\/\/www.organisator.ch\/management\/2019-10-16\/der-gute-geist-im-unternehmen-video-serie-teil-3\/#breadcrumb","itemListElement":[{"@type":"ListItem","position":1,"name":"Home","item":"https:\/\/www.organisator.ch\/"},{"@type":"ListItem","position":2,"name":"Der gute Geist im Unternehmen &#8211; Video-Serie, Teil 3"}]},{"@type":"WebSite","@id":"https:\/\/www.organisator.ch\/#website","url":"https:\/\/www.organisator.ch\/","name":"Organisator","description":"Kompetent. Praxisnah. Der ORGANISATOR bereitet in 10 Ausgaben pro Jahr die wesentlichen Themen f\u00fcr F\u00fchrungskr\u00e4fte von KMU auf.","publisher":{"@id":"https:\/\/www.organisator.ch\/#organization"},"potentialAction":[{"@type":"SearchAction","target":{"@type":"EntryPoint","urlTemplate":"https:\/\/www.organisator.ch\/?s={search_term_string}"},"query-input":{"@type":"PropertyValueSpecification","valueRequired":true,"valueName":"search_term_string"}}],"inLanguage":"de"},{"@type":"Organization","@id":"https:\/\/www.organisator.ch\/#organization","name":"Organisator","url":"https:\/\/www.organisator.ch\/","logo":{"@type":"ImageObject","inLanguage":"de","@id":"https:\/\/www.organisator.ch\/#\/schema\/logo\/image\/","url":"https:\/\/www.organisator.ch\/wp-content\/uploads\/2022\/01\/Logo_Organisator_Website.png","contentUrl":"https:\/\/www.organisator.ch\/wp-content\/uploads\/2022\/01\/Logo_Organisator_Website.png","width":800,"height":77,"caption":"Organisator"},"image":{"@id":"https:\/\/www.organisator.ch\/#\/schema\/logo\/image\/"},"sameAs":["https:\/\/www.facebook.com\/OrganisatorFachmagazin","https:\/\/www.linkedin.com\/showcase\/organisator-das-magazin-fr-kmu","https:\/\/www.xing.com\/news\/pages\/organisator-ch-695","https:\/\/www.youtube.com\/channel\/UCGP2Sq0iWaZwT3BdIAQFYpw"]},{"@type":"Person","@id":"https:\/\/www.organisator.ch\/#\/schema\/person\/6f650f90b2842cd4c0cc334b4e36f67e","name":"thomas.berner","image":{"@type":"ImageObject","inLanguage":"de","@id":"https:\/\/secure.gravatar.com\/avatar\/ac5001d2a36cb6c6cd3e50789007ffca834b477b74a2144564522e944eabff61?s=96&d=mm&r=g","url":"https:\/\/secure.gravatar.com\/avatar\/ac5001d2a36cb6c6cd3e50789007ffca834b477b74a2144564522e944eabff61?s=96&d=mm&r=g","contentUrl":"https:\/\/secure.gravatar.com\/avatar\/ac5001d2a36cb6c6cd3e50789007ffca834b477b74a2144564522e944eabff61?s=96&d=mm&r=g","caption":"thomas.berner"},"url":"https:\/\/www.organisator.ch\/de\/author\/thomas-berner\/"}]}},"_links":{"self":[{"href":"https:\/\/www.organisator.ch\/de\/wp-json\/wp\/v2\/posts\/5912","targetHints":{"allow":["GET"]}}],"collection":[{"href":"https:\/\/www.organisator.ch\/de\/wp-json\/wp\/v2\/posts"}],"about":[{"href":"https:\/\/www.organisator.ch\/de\/wp-json\/wp\/v2\/types\/post"}],"author":[{"embeddable":true,"href":"https:\/\/www.organisator.ch\/de\/wp-json\/wp\/v2\/users\/4"}],"replies":[{"embeddable":true,"href":"https:\/\/www.organisator.ch\/de\/wp-json\/wp\/v2\/comments?post=5912"}],"version-history":[{"count":0,"href":"https:\/\/www.organisator.ch\/de\/wp-json\/wp\/v2\/posts\/5912\/revisions"}],"wp:featuredmedia":[{"embeddable":true,"href":"https:\/\/www.organisator.ch\/de\/wp-json\/wp\/v2\/media\/5915"}],"wp:attachment":[{"href":"https:\/\/www.organisator.ch\/de\/wp-json\/wp\/v2\/media?parent=5912"}],"wp:term":[{"taxonomy":"category","embeddable":true,"href":"https:\/\/www.organisator.ch\/de\/wp-json\/wp\/v2\/categories?post=5912"},{"taxonomy":"post_tag","embeddable":true,"href":"https:\/\/www.organisator.ch\/de\/wp-json\/wp\/v2\/tags?post=5912"}],"curies":[{"name":"wp","href":"https:\/\/api.w.org\/{rel}","templated":true}]}}