{"id":5934,"date":"2019-10-22T09:00:21","date_gmt":"2019-10-22T07:00:21","guid":{"rendered":"https:\/\/www.organisator.ch\/?p=5934"},"modified":"2019-10-22T09:00:21","modified_gmt":"2019-10-22T07:00:21","slug":"mind-the-gap-synergien-zwischen-risiko-und-versicherungsmanagement","status":"publish","type":"post","link":"https:\/\/www.organisator.ch\/de\/management\/finanzen_recht\/2019-10-22\/mind-the-gap-synergien-zwischen-risiko-und-versicherungsmanagement\/","title":{"rendered":"Mind the gap: Synergien zwischen Risiko- und Versicherungsmanagement"},"content":{"rendered":"<figure id=\"attachment_5935\" aria-describedby=\"caption-attachment-5935\" style=\"width: 680px\" class=\"wp-caption alignnone\"><img loading=\"lazy\" decoding=\"async\" class=\"size-medium wp-image-5935\" src=\"https:\/\/www.organisator.ch\/wp-content\/uploads\/2019\/10\/Mind-the-gap-Synergien-zwischen-Risiko-und-Versicherungsmanagement-1_Organisator.jpg\" alt=\"\" width=\"680\" height=\"453\" srcset=\"https:\/\/www.organisator.ch\/wp-content\/uploads\/2019\/10\/Mind-the-gap-Synergien-zwischen-Risiko-und-Versicherungsmanagement-1_Organisator.jpg 680w, https:\/\/www.organisator.ch\/wp-content\/uploads\/2019\/10\/Mind-the-gap-Synergien-zwischen-Risiko-und-Versicherungsmanagement-1_Organisator-16x12.jpg 16w, https:\/\/www.organisator.ch\/wp-content\/uploads\/2019\/10\/Mind-the-gap-Synergien-zwischen-Risiko-und-Versicherungsmanagement-1_Organisator-263x175.jpg 263w, https:\/\/www.organisator.ch\/wp-content\/uploads\/2019\/10\/Mind-the-gap-Synergien-zwischen-Risiko-und-Versicherungsmanagement-1_Organisator-525x350.jpg 525w, https:\/\/www.organisator.ch\/wp-content\/uploads\/2019\/10\/Mind-the-gap-Synergien-zwischen-Risiko-und-Versicherungsmanagement-1_Organisator-300x200.jpg 300w\" sizes=\"auto, (max-width: 680px) 100vw, 680px\" \/><figcaption id=\"caption-attachment-5935\" class=\"wp-caption-text\">Risiko- und Versicherungsmanagement: Welche Risiken selbst getragen werden sollen, sollte faktenbasiert entschieden werden. (Bild: Pixabay.com)<\/figcaption><\/figure>\n<p>Das Risikomanagement entwickelte sich in den letzten Jahren zu einem beliebten Instrument der Unternehmensplanung und -steuerung. W\u00e4hrend fr\u00fcher \u00fcberwiegend grosse Unternehmen davon Gebrauch machten, sind es heute auch immer mehr KMU, die den Mehrwert des proaktiven Umgangs mit Risiken erkennen und nutzen. Wenn Unternehmen Risikomanagement betreiben, dann zielen sie vor allem auf die Schaffung von Transparenz \u00fcber die eigene Risikolage ab, so die Ergebnisse einer von der Funk-Gruppe durchgef\u00fchrten Studie. Nach ihrer Identifikation, Analyse und Bewertung werden die wichtigsten Risiken mit pro- und reaktiven Massnahmen behandelt, die sich haupts\u00e4chlich den Risikostrategien \u00abVermeiden\u00bb, \u00abVermindern\u00bb, \u00abSelber tragen \u00bb und \u00abTransferieren\u00bb zuordnen lassen.<\/p>\n<p>Je nach Branche und T\u00e4tigkeit sind ca. 20\u201330% aller Unternehmensrisiken auf Versicherungsgesellschaften transferierbar. Folglich sollte das Versicherungsmanagement unbedingt als ein Teilgebiet des Risikomanagements betrachtet und gehandhabt werden. Umso \u00fcberraschender ist die Tatsache, dass beide Disziplinen in vielen Unternehmen in Silos organisiert sind. W\u00e4hrend das Risikomanagement meist auf der strategischen oder operativen Ebene verankert ist und damit in den Verantwortungsbereich des Verwaltungsrats, der Gesch\u00e4ftsleitung oder des Qualit\u00e4tsmanagements f\u00e4llt, wird das Versicherungsmanagement oft von unterschiedlichen Abteilungen wie Finanzen\/Buchhaltung, Personal oder dem Rechtsdienst\/Compliance gemeinsam verantwortet. Eine suboptimale Konstellation, die Informationsbarrieren f\u00f6rdert und die Verkn\u00fcpfung der beiden Disziplinen erschwert.<\/p>\n<h2>Bedeutung der Verkn\u00fcpfung<\/h2>\n<p>Die Wichtigkeit der Abstimmung von Inhalten und Erkenntnissen zwischen dem Risiko- und Versicherungsmanagement wird bei der Betrachtung der darin behandelten Risiken offensichtlich. Versicherungen haben ihre Daseinsberechtigungen aufgrund von Unsicherheiten und der Kostenvorteile kollektiver Risikotragung. Die meisten Versicherungsl\u00f6sungen reduzieren die Auswirkungen existenzgef\u00e4hrdender Risiken mit hohem Schadensausmass und geringer Eintrittswahrscheinlichkeit (Feuer, Naturgefahren, mangelhafte Produkte etc.) oder besonders frequenter Risiken mit geringem Schadensausmass und hoher Eintrittswahrscheinlichkeit (Krankheit, Berufsunf\u00e4lle, Kollisionen etc.). F\u00fcr die erstgenannte Risikoart sind risikoadjustierte Versicherungsl\u00f6sungen essenziell. Liegt das effektive Risiko unbewusst deutlich \u00fcber der eingekauften Versicherungssumme bzw. Deckungsreichweite, so wird von einer Unterversicherung gesprochen. Der Eintritt existenzgef\u00e4hrdender Risiken kann ein unterversichertes Unternehmen in eine ernsthafte Schieflage bringen. Ebenso ung\u00fcnstig ist eine \u00dcberversicherung, bei welcher die eingekaufte Deckungsstrecke unbewusst deutlich \u00fcber dem effektiven Risiko liegt. In diesem Fall zahlt ein Unternehmen Versicherungspr\u00e4mien f\u00fcr ein nicht vorhandenes Risiko, anstatt dieses Kapital im Rahmen eigener Gesch\u00e4ftst\u00e4tigkeiten sinnvoll einzusetzen. Die Signale \u00fcber die tats\u00e4chliche H\u00f6he versicherbarer Risiken bzw. das effektive Risiko k\u00f6nnen aus dem Risiko- an das Versicherungsmanagement gesendet werden, um so risikoadjustierte Versicherungsl\u00f6sungen sicherstellen zu k\u00f6nnen.<\/p>\n<h2>Versicherbarkeit und multivariate Risikobewertung als Bindeglieder<\/h2>\n<p>Die Informationsbarrieren lassen sich mittels kleinerer \u00c4nderungen in der organisatorischen und methodischen Gestaltung des Risikomanagements \u00fcberwinden. Versicherungsverantwortliche gilt es zwingend in die Risikoanalysen und -workshops einzubinden, um das Risikoverst\u00e4ndnis zu f\u00f6rdern. Zumindest sollten die Versicherungsverantwortlichen, unter anderem auch Versicherungsbroker, in den Verteiler des regelm\u00e4ssig erstellten Risikoberichts zu H\u00e4nden des Verwaltungsrats aufgenommen werden. Ebenso in der Pflicht stehen die Versicherungsverantwortlichen, deren Aufgabenbereich im Idealfall die \u00dcberpr\u00fcfung der Versicherungsf\u00e4higkeit bzw. der Versicherbarkeit der relevanten Risiken umfasst. Um diese \u00dcberpr\u00fcfung zu erleichtern, sind einige methodische Anpassungen im Risikomanagement sinnvoll. In Versicherungspolicen werden versicherte Gefahren (Ursachen) sowie versicherte Sch\u00e4den und Kosten (Auswirkungen) explizit definiert. Die Erfassung und Dokumentation der Ursachen einzelner Risiken im Rahmen der Risikoidentifikation und -analyse vereinfacht den Abgleich mit den versicherbaren und derzeit versicherten Ursachen und Gefahren enorm.<\/p>\n<h2>Risikobewertung erweitern<\/h2>\n<p>Ferner empfiehlt es sich, die klassische zweidimensionale Risikobewertung nach Eintrittswahrscheinlichkeit und Schadensausmass um zus\u00e4tzliche Variablen zu erweitern. Insbesondere die Auswirkungen eines Risikos k\u00f6nnen erg\u00e4nzend zu finanziellen Sch\u00e4den nach Sachsch\u00e4den (Einrichtungen, Maschinen, Serverr\u00e4ume, Geb\u00e4udeteile etc.), Personensch\u00e4den (leichte Verletzungen, schwere Verletzungen, Invalidit\u00e4t, Tod etc.) und Betriebsunterbrechungen (wenige Stunden bis mehreren Tage bzw. Wochen) bewertet werden und so wichtige Impulse f\u00fcr die Versicherungsverantwortlichen liefern. Weitere Variablen k\u00f6nnten \u2013 je nach Branche und T\u00e4tigkeit des Unternehmens \u2013 Umweltsch\u00e4den, Complianceverst\u00f6sse oder Reputationssch\u00e4den sein.<\/p>\n<p>Eine Datenschutzverletzung mag zwar keine Sach- und Personensch\u00e4den nach sich ziehen, sich daf\u00fcr aber negativ auf die Reputation auswirken sowie diverse Mehraufwendungen und Kosten (z.B. f\u00fcr die Benachrichtigung der Betroffenen) verursachen. Im Gegensatz dazu richtet eine Naturgefahr (z.B. \u00dcberschwemmung) haupts\u00e4chlich physische Sch\u00e4den an und kann zus\u00e4tzlich zu einer Betriebsunterbrechung f\u00fchren. Schliesslich k\u00f6nnte ein fehlerhaft konstruiertes Produkt in Personen- und Sachsch\u00e4den resultieren, den Ruf eines Unternehmens besch\u00e4digen und in einer Betriebsunterbrechung enden (Re-Engineering des Produkts). Diese multivariate Risikobewertung l\u00e4sst R\u00fcckschl\u00fcsse auf die Versicherbarkeit von Risiken zu und gibt, in Verkn\u00fcpfung mit den Ursachen, Hinweise, ob ein Risiko in der Cyber-, Sach-, Betriebsunterbrechungs-, der Haftpflichtversicherung oder einer anderen Versicherungsl\u00f6sung gedeckt werden k\u00f6nnte.<\/p>\n<h2>Faktenbasiert entscheiden<\/h2>\n<p>Grunds\u00e4tzlich ist ein Risiko dann versicherungsw\u00fcrdig, wenn es als kritisch bzw. relevant bewertet wird und versicherbar ist. Dennoch werden versicherbare Risiken aufgrund der individuellen Risikotragf\u00e4higkeit und des individuellen Risikoappetits eines Unternehmens zumindest teilweise selber getragen. Wichtig ist, dass die Entscheidung \u00fcber das Ausmass der Eigentragung bewusst und \u2013 wenn m\u00f6glich \u2013 faktenbasiert erfolgt. Die oben beschriebenen organisatorischen und methodischen Erweiterungen des Risikomanagements und die Verkn\u00fcpfung mit dem Versicherungsmanagement schaffen tats\u00e4chliche Transparenz \u00fcber die Risikolage und vereinfachen die Entscheidung f\u00fcr oder gegen eine Versicherungsl\u00f6sung oder einen spezifischen Deckungsbaustein. Der Abgleich der Risikobewertung und damit des effektiven Risikos mit den aktuellen Versicherungssummen beugt zudem Unter- und \u00dcberversicherung vor und f\u00f6rdert bedarfsgerechte Versicherungsl\u00f6sungen.<\/p>\n<p><em><strong>Autor:<\/strong><br \/>\n<\/em><em>Max Keller leitet das Funk RiskLab bei Funk Insurance Brokers AG.<\/em><br \/>\n<a href=\"http:\/\/www.funk-gruppe.ch\"><em>www.funk-gruppe.ch<\/em><\/a><\/p>\n","protected":false},"excerpt":{"rendered":"<p>Das Risikomanagement entwickelte sich in den letzten Jahren zu einem beliebten Instrument der Unternehmensplanung und -steuerung. W\u00e4hrend fr\u00fcher \u00fcberwiegend grosse Unternehmen davon Gebrauch machten, sind es heute auch immer mehr KMU, die den Mehrwert des proaktiven Umgangs mit Risiken erkennen und nutzen. Wenn Unternehmen Risikomanagement betreiben, dann zielen sie vor allem auf die Schaffung von [&hellip;]<\/p>\n","protected":false},"author":4,"featured_media":5935,"comment_status":"closed","ping_status":"closed","sticky":false,"template":"","format":"standard","meta":{"_acf_changed":false,"_yoast_wpseo_focuskw":"Risiko- und Versicherungsmanagement","_yoast_wpseo_metadesc":"Risiko- und Versicherungsmanagement sollten idealerweise Hand in Hand gehen. Die Praxis weicht oft von diesem Ideal ab, wie ein Fachmann erl\u00e4utert.","articlekey":"","footnotes":""},"categories":[24],"tags":[335,418,511],"class_list":["post-5934","post","type-post","status-publish","format-standard","has-post-thumbnail","hentry","category-finanzen_recht","tag-management-und-unternehmensfuehrung","tag-risikomanagement","tag-versicherungen"],"acf":[],"yoast_head":"<!-- This site is optimized with the Yoast SEO plugin v27.4 - https:\/\/yoast.com\/product\/yoast-seo-wordpress\/ -->\n<title>Mind the gap: Synergien zwischen Risiko- und Versicherungsmanagement - Organisator<\/title>\n<meta name=\"description\" content=\"Risiko- und Versicherungsmanagement sollten idealerweise Hand in Hand gehen. Die Praxis weicht oft von diesem Ideal ab, wie ein Fachmann erl\u00e4utert.\" \/>\n<meta name=\"robots\" content=\"index, follow, max-snippet:-1, max-image-preview:large, max-video-preview:-1\" \/>\n<link rel=\"canonical\" href=\"https:\/\/www.organisator.ch\/de\/management\/finanzen_recht\/2019-10-22\/mind-the-gap-synergien-zwischen-risiko-und-versicherungsmanagement\/\" \/>\n<meta property=\"og:locale\" content=\"de_DE\" \/>\n<meta property=\"og:type\" content=\"article\" \/>\n<meta property=\"og:title\" content=\"Mind the gap: Synergien zwischen Risiko- und Versicherungsmanagement\" \/>\n<meta property=\"og:description\" content=\"Risiko- und Versicherungsmanagement sollten idealerweise Hand in Hand gehen. Die Praxis weicht oft von diesem Ideal ab, wie ein Fachmann erl\u00e4utert.\" \/>\n<meta property=\"og:url\" content=\"https:\/\/www.organisator.ch\/de\/management\/finanzen_recht\/2019-10-22\/mind-the-gap-synergien-zwischen-risiko-und-versicherungsmanagement\/\" \/>\n<meta property=\"og:site_name\" content=\"Organisator\" \/>\n<meta property=\"article:publisher\" content=\"https:\/\/www.facebook.com\/OrganisatorFachmagazin\" \/>\n<meta property=\"article:published_time\" content=\"2019-10-22T07:00:21+00:00\" \/>\n<meta property=\"og:image\" content=\"https:\/\/www.organisator.ch\/wp-content\/uploads\/2019\/10\/Mind-the-gap-Synergien-zwischen-Risiko-und-Versicherungsmanagement-1_Organisator.jpg\" \/>\n\t<meta property=\"og:image:width\" content=\"680\" \/>\n\t<meta property=\"og:image:height\" content=\"453\" \/>\n\t<meta property=\"og:image:type\" content=\"image\/jpeg\" \/>\n<meta name=\"author\" content=\"thomas.berner\" \/>\n<meta name=\"twitter:card\" content=\"summary_large_image\" \/>\n<meta name=\"twitter:title\" content=\"Mind the gap: #Synergien zwischen Risiko- und #Versicherungsmanagement\" \/>\n<meta name=\"twitter:description\" content=\"#Risiko- und #Versicherungsmanagement sollten idealerweise Hand in Hand gehen. Die Praxis weicht oft von diesem Ideal ab, wie ein Fachmann erl\u00e4utert.\" \/>\n<meta name=\"twitter:image\" content=\"https:\/\/www.organisator.ch\/wp-content\/uploads\/2019\/10\/Mind-the-gap-Synergien-zwischen-Risiko-und-Versicherungsmanagement-1_Organisator.jpg\" \/>\n<script type=\"application\/ld+json\" class=\"yoast-schema-graph\">{\"@context\":\"https:\\\/\\\/schema.org\",\"@graph\":[{\"@type\":\"Article\",\"@id\":\"https:\\\/\\\/www.organisator.ch\\\/management\\\/finanzen_recht\\\/2019-10-22\\\/mind-the-gap-synergien-zwischen-risiko-und-versicherungsmanagement\\\/#article\",\"isPartOf\":{\"@id\":\"https:\\\/\\\/www.organisator.ch\\\/management\\\/finanzen_recht\\\/2019-10-22\\\/mind-the-gap-synergien-zwischen-risiko-und-versicherungsmanagement\\\/\"},\"author\":{\"name\":\"thomas.berner\",\"@id\":\"https:\\\/\\\/www.organisator.ch\\\/#\\\/schema\\\/person\\\/6f650f90b2842cd4c0cc334b4e36f67e\"},\"headline\":\"Mind the gap: Synergien zwischen Risiko- und Versicherungsmanagement\",\"datePublished\":\"2019-10-22T07:00:21+00:00\",\"mainEntityOfPage\":{\"@id\":\"https:\\\/\\\/www.organisator.ch\\\/management\\\/finanzen_recht\\\/2019-10-22\\\/mind-the-gap-synergien-zwischen-risiko-und-versicherungsmanagement\\\/\"},\"wordCount\":926,\"publisher\":{\"@id\":\"https:\\\/\\\/www.organisator.ch\\\/#organization\"},\"image\":{\"@id\":\"https:\\\/\\\/www.organisator.ch\\\/management\\\/finanzen_recht\\\/2019-10-22\\\/mind-the-gap-synergien-zwischen-risiko-und-versicherungsmanagement\\\/#primaryimage\"},\"thumbnailUrl\":\"https:\\\/\\\/www.organisator.ch\\\/wp-content\\\/uploads\\\/2019\\\/10\\\/Mind-the-gap-Synergien-zwischen-Risiko-und-Versicherungsmanagement-1_Organisator.jpg\",\"keywords\":[\"Management und Unternehmensf\u00fchrung\",\"Risikomanagement\",\"Versicherungen\"],\"articleSection\":[\"FINANZEN\\\/RECHT\"],\"inLanguage\":\"de\"},{\"@type\":\"WebPage\",\"@id\":\"https:\\\/\\\/www.organisator.ch\\\/management\\\/finanzen_recht\\\/2019-10-22\\\/mind-the-gap-synergien-zwischen-risiko-und-versicherungsmanagement\\\/\",\"url\":\"https:\\\/\\\/www.organisator.ch\\\/management\\\/finanzen_recht\\\/2019-10-22\\\/mind-the-gap-synergien-zwischen-risiko-und-versicherungsmanagement\\\/\",\"name\":\"Mind the gap: Synergien zwischen Risiko- und Versicherungsmanagement - Organisator\",\"isPartOf\":{\"@id\":\"https:\\\/\\\/www.organisator.ch\\\/#website\"},\"primaryImageOfPage\":{\"@id\":\"https:\\\/\\\/www.organisator.ch\\\/management\\\/finanzen_recht\\\/2019-10-22\\\/mind-the-gap-synergien-zwischen-risiko-und-versicherungsmanagement\\\/#primaryimage\"},\"image\":{\"@id\":\"https:\\\/\\\/www.organisator.ch\\\/management\\\/finanzen_recht\\\/2019-10-22\\\/mind-the-gap-synergien-zwischen-risiko-und-versicherungsmanagement\\\/#primaryimage\"},\"thumbnailUrl\":\"https:\\\/\\\/www.organisator.ch\\\/wp-content\\\/uploads\\\/2019\\\/10\\\/Mind-the-gap-Synergien-zwischen-Risiko-und-Versicherungsmanagement-1_Organisator.jpg\",\"datePublished\":\"2019-10-22T07:00:21+00:00\",\"description\":\"Risiko- und Versicherungsmanagement sollten idealerweise Hand in Hand gehen. Die Praxis weicht oft von diesem Ideal ab, wie ein Fachmann erl\u00e4utert.\",\"breadcrumb\":{\"@id\":\"https:\\\/\\\/www.organisator.ch\\\/management\\\/finanzen_recht\\\/2019-10-22\\\/mind-the-gap-synergien-zwischen-risiko-und-versicherungsmanagement\\\/#breadcrumb\"},\"inLanguage\":\"de\",\"potentialAction\":[{\"@type\":\"ReadAction\",\"target\":[\"https:\\\/\\\/www.organisator.ch\\\/management\\\/finanzen_recht\\\/2019-10-22\\\/mind-the-gap-synergien-zwischen-risiko-und-versicherungsmanagement\\\/\"]}]},{\"@type\":\"ImageObject\",\"inLanguage\":\"de\",\"@id\":\"https:\\\/\\\/www.organisator.ch\\\/management\\\/finanzen_recht\\\/2019-10-22\\\/mind-the-gap-synergien-zwischen-risiko-und-versicherungsmanagement\\\/#primaryimage\",\"url\":\"https:\\\/\\\/www.organisator.ch\\\/wp-content\\\/uploads\\\/2019\\\/10\\\/Mind-the-gap-Synergien-zwischen-Risiko-und-Versicherungsmanagement-1_Organisator.jpg\",\"contentUrl\":\"https:\\\/\\\/www.organisator.ch\\\/wp-content\\\/uploads\\\/2019\\\/10\\\/Mind-the-gap-Synergien-zwischen-Risiko-und-Versicherungsmanagement-1_Organisator.jpg\",\"width\":680,\"height\":453,\"caption\":\"Risiko- und Versicherungsmanagement: RisikoWelche Risiken selbst getragen werden sollen, sollte faktenbasiert entschieden werden. (Bild: Pixabay.com)\"},{\"@type\":\"BreadcrumbList\",\"@id\":\"https:\\\/\\\/www.organisator.ch\\\/management\\\/finanzen_recht\\\/2019-10-22\\\/mind-the-gap-synergien-zwischen-risiko-und-versicherungsmanagement\\\/#breadcrumb\",\"itemListElement\":[{\"@type\":\"ListItem\",\"position\":1,\"name\":\"Home\",\"item\":\"https:\\\/\\\/www.organisator.ch\\\/\"},{\"@type\":\"ListItem\",\"position\":2,\"name\":\"Mind the gap: Synergien zwischen Risiko- und Versicherungsmanagement\"}]},{\"@type\":\"WebSite\",\"@id\":\"https:\\\/\\\/www.organisator.ch\\\/#website\",\"url\":\"https:\\\/\\\/www.organisator.ch\\\/\",\"name\":\"Organisator\",\"description\":\"Kompetent. Praxisnah. Der ORGANISATOR bereitet in 10 Ausgaben pro Jahr die wesentlichen Themen f\u00fcr F\u00fchrungskr\u00e4fte von KMU auf.\",\"publisher\":{\"@id\":\"https:\\\/\\\/www.organisator.ch\\\/#organization\"},\"potentialAction\":[{\"@type\":\"SearchAction\",\"target\":{\"@type\":\"EntryPoint\",\"urlTemplate\":\"https:\\\/\\\/www.organisator.ch\\\/?s={search_term_string}\"},\"query-input\":{\"@type\":\"PropertyValueSpecification\",\"valueRequired\":true,\"valueName\":\"search_term_string\"}}],\"inLanguage\":\"de\"},{\"@type\":\"Organization\",\"@id\":\"https:\\\/\\\/www.organisator.ch\\\/#organization\",\"name\":\"Organisator\",\"url\":\"https:\\\/\\\/www.organisator.ch\\\/\",\"logo\":{\"@type\":\"ImageObject\",\"inLanguage\":\"de\",\"@id\":\"https:\\\/\\\/www.organisator.ch\\\/#\\\/schema\\\/logo\\\/image\\\/\",\"url\":\"https:\\\/\\\/www.organisator.ch\\\/wp-content\\\/uploads\\\/2022\\\/01\\\/Logo_Organisator_Website.png\",\"contentUrl\":\"https:\\\/\\\/www.organisator.ch\\\/wp-content\\\/uploads\\\/2022\\\/01\\\/Logo_Organisator_Website.png\",\"width\":800,\"height\":77,\"caption\":\"Organisator\"},\"image\":{\"@id\":\"https:\\\/\\\/www.organisator.ch\\\/#\\\/schema\\\/logo\\\/image\\\/\"},\"sameAs\":[\"https:\\\/\\\/www.facebook.com\\\/OrganisatorFachmagazin\",\"https:\\\/\\\/www.linkedin.com\\\/showcase\\\/organisator-das-magazin-fr-kmu\",\"https:\\\/\\\/www.xing.com\\\/news\\\/pages\\\/organisator-ch-695\",\"https:\\\/\\\/www.youtube.com\\\/channel\\\/UCGP2Sq0iWaZwT3BdIAQFYpw\"]},{\"@type\":\"Person\",\"@id\":\"https:\\\/\\\/www.organisator.ch\\\/#\\\/schema\\\/person\\\/6f650f90b2842cd4c0cc334b4e36f67e\",\"name\":\"thomas.berner\",\"image\":{\"@type\":\"ImageObject\",\"inLanguage\":\"de\",\"@id\":\"https:\\\/\\\/secure.gravatar.com\\\/avatar\\\/ac5001d2a36cb6c6cd3e50789007ffca834b477b74a2144564522e944eabff61?s=96&d=mm&r=g\",\"url\":\"https:\\\/\\\/secure.gravatar.com\\\/avatar\\\/ac5001d2a36cb6c6cd3e50789007ffca834b477b74a2144564522e944eabff61?s=96&d=mm&r=g\",\"contentUrl\":\"https:\\\/\\\/secure.gravatar.com\\\/avatar\\\/ac5001d2a36cb6c6cd3e50789007ffca834b477b74a2144564522e944eabff61?s=96&d=mm&r=g\",\"caption\":\"thomas.berner\"},\"url\":\"https:\\\/\\\/www.organisator.ch\\\/de\\\/author\\\/thomas-berner\\\/\"}]}<\/script>\n<!-- \/ Yoast SEO plugin. -->","yoast_head_json":{"title":"Mind the gap: Synergien zwischen Risiko- und Versicherungsmanagement - Organisator","description":"Risiko- und Versicherungsmanagement sollten idealerweise Hand in Hand gehen. Die Praxis weicht oft von diesem Ideal ab, wie ein Fachmann erl\u00e4utert.","robots":{"index":"index","follow":"follow","max-snippet":"max-snippet:-1","max-image-preview":"max-image-preview:large","max-video-preview":"max-video-preview:-1"},"canonical":"https:\/\/www.organisator.ch\/de\/management\/finanzen_recht\/2019-10-22\/mind-the-gap-synergien-zwischen-risiko-und-versicherungsmanagement\/","og_locale":"de_DE","og_type":"article","og_title":"Mind the gap: Synergien zwischen Risiko- und Versicherungsmanagement","og_description":"Risiko- und Versicherungsmanagement sollten idealerweise Hand in Hand gehen. Die Praxis weicht oft von diesem Ideal ab, wie ein Fachmann erl\u00e4utert.","og_url":"https:\/\/www.organisator.ch\/de\/management\/finanzen_recht\/2019-10-22\/mind-the-gap-synergien-zwischen-risiko-und-versicherungsmanagement\/","og_site_name":"Organisator","article_publisher":"https:\/\/www.facebook.com\/OrganisatorFachmagazin","article_published_time":"2019-10-22T07:00:21+00:00","og_image":[{"width":680,"height":453,"url":"https:\/\/www.organisator.ch\/wp-content\/uploads\/2019\/10\/Mind-the-gap-Synergien-zwischen-Risiko-und-Versicherungsmanagement-1_Organisator.jpg","type":"image\/jpeg"}],"author":"thomas.berner","twitter_card":"summary_large_image","twitter_title":"Mind the gap: #Synergien zwischen Risiko- und #Versicherungsmanagement","twitter_description":"#Risiko- und #Versicherungsmanagement sollten idealerweise Hand in Hand gehen. Die Praxis weicht oft von diesem Ideal ab, wie ein Fachmann erl\u00e4utert.","twitter_image":"https:\/\/www.organisator.ch\/wp-content\/uploads\/2019\/10\/Mind-the-gap-Synergien-zwischen-Risiko-und-Versicherungsmanagement-1_Organisator.jpg","schema":{"@context":"https:\/\/schema.org","@graph":[{"@type":"Article","@id":"https:\/\/www.organisator.ch\/management\/finanzen_recht\/2019-10-22\/mind-the-gap-synergien-zwischen-risiko-und-versicherungsmanagement\/#article","isPartOf":{"@id":"https:\/\/www.organisator.ch\/management\/finanzen_recht\/2019-10-22\/mind-the-gap-synergien-zwischen-risiko-und-versicherungsmanagement\/"},"author":{"name":"thomas.berner","@id":"https:\/\/www.organisator.ch\/#\/schema\/person\/6f650f90b2842cd4c0cc334b4e36f67e"},"headline":"Mind the gap: Synergien zwischen Risiko- und Versicherungsmanagement","datePublished":"2019-10-22T07:00:21+00:00","mainEntityOfPage":{"@id":"https:\/\/www.organisator.ch\/management\/finanzen_recht\/2019-10-22\/mind-the-gap-synergien-zwischen-risiko-und-versicherungsmanagement\/"},"wordCount":926,"publisher":{"@id":"https:\/\/www.organisator.ch\/#organization"},"image":{"@id":"https:\/\/www.organisator.ch\/management\/finanzen_recht\/2019-10-22\/mind-the-gap-synergien-zwischen-risiko-und-versicherungsmanagement\/#primaryimage"},"thumbnailUrl":"https:\/\/www.organisator.ch\/wp-content\/uploads\/2019\/10\/Mind-the-gap-Synergien-zwischen-Risiko-und-Versicherungsmanagement-1_Organisator.jpg","keywords":["Management und Unternehmensf\u00fchrung","Risikomanagement","Versicherungen"],"articleSection":["FINANZEN\/RECHT"],"inLanguage":"de"},{"@type":"WebPage","@id":"https:\/\/www.organisator.ch\/management\/finanzen_recht\/2019-10-22\/mind-the-gap-synergien-zwischen-risiko-und-versicherungsmanagement\/","url":"https:\/\/www.organisator.ch\/management\/finanzen_recht\/2019-10-22\/mind-the-gap-synergien-zwischen-risiko-und-versicherungsmanagement\/","name":"Mind the gap: Synergien zwischen Risiko- und Versicherungsmanagement - Organisator","isPartOf":{"@id":"https:\/\/www.organisator.ch\/#website"},"primaryImageOfPage":{"@id":"https:\/\/www.organisator.ch\/management\/finanzen_recht\/2019-10-22\/mind-the-gap-synergien-zwischen-risiko-und-versicherungsmanagement\/#primaryimage"},"image":{"@id":"https:\/\/www.organisator.ch\/management\/finanzen_recht\/2019-10-22\/mind-the-gap-synergien-zwischen-risiko-und-versicherungsmanagement\/#primaryimage"},"thumbnailUrl":"https:\/\/www.organisator.ch\/wp-content\/uploads\/2019\/10\/Mind-the-gap-Synergien-zwischen-Risiko-und-Versicherungsmanagement-1_Organisator.jpg","datePublished":"2019-10-22T07:00:21+00:00","description":"Risiko- und Versicherungsmanagement sollten idealerweise Hand in Hand gehen. Die Praxis weicht oft von diesem Ideal ab, wie ein Fachmann erl\u00e4utert.","breadcrumb":{"@id":"https:\/\/www.organisator.ch\/management\/finanzen_recht\/2019-10-22\/mind-the-gap-synergien-zwischen-risiko-und-versicherungsmanagement\/#breadcrumb"},"inLanguage":"de","potentialAction":[{"@type":"ReadAction","target":["https:\/\/www.organisator.ch\/management\/finanzen_recht\/2019-10-22\/mind-the-gap-synergien-zwischen-risiko-und-versicherungsmanagement\/"]}]},{"@type":"ImageObject","inLanguage":"de","@id":"https:\/\/www.organisator.ch\/management\/finanzen_recht\/2019-10-22\/mind-the-gap-synergien-zwischen-risiko-und-versicherungsmanagement\/#primaryimage","url":"https:\/\/www.organisator.ch\/wp-content\/uploads\/2019\/10\/Mind-the-gap-Synergien-zwischen-Risiko-und-Versicherungsmanagement-1_Organisator.jpg","contentUrl":"https:\/\/www.organisator.ch\/wp-content\/uploads\/2019\/10\/Mind-the-gap-Synergien-zwischen-Risiko-und-Versicherungsmanagement-1_Organisator.jpg","width":680,"height":453,"caption":"Risiko- und Versicherungsmanagement: RisikoWelche Risiken selbst getragen werden sollen, sollte faktenbasiert entschieden werden. (Bild: Pixabay.com)"},{"@type":"BreadcrumbList","@id":"https:\/\/www.organisator.ch\/management\/finanzen_recht\/2019-10-22\/mind-the-gap-synergien-zwischen-risiko-und-versicherungsmanagement\/#breadcrumb","itemListElement":[{"@type":"ListItem","position":1,"name":"Home","item":"https:\/\/www.organisator.ch\/"},{"@type":"ListItem","position":2,"name":"Mind the gap: Synergien zwischen Risiko- und Versicherungsmanagement"}]},{"@type":"WebSite","@id":"https:\/\/www.organisator.ch\/#website","url":"https:\/\/www.organisator.ch\/","name":"Organisator","description":"Kompetent. Praxisnah. Der ORGANISATOR bereitet in 10 Ausgaben pro Jahr die wesentlichen Themen f\u00fcr F\u00fchrungskr\u00e4fte von KMU auf.","publisher":{"@id":"https:\/\/www.organisator.ch\/#organization"},"potentialAction":[{"@type":"SearchAction","target":{"@type":"EntryPoint","urlTemplate":"https:\/\/www.organisator.ch\/?s={search_term_string}"},"query-input":{"@type":"PropertyValueSpecification","valueRequired":true,"valueName":"search_term_string"}}],"inLanguage":"de"},{"@type":"Organization","@id":"https:\/\/www.organisator.ch\/#organization","name":"Organisator","url":"https:\/\/www.organisator.ch\/","logo":{"@type":"ImageObject","inLanguage":"de","@id":"https:\/\/www.organisator.ch\/#\/schema\/logo\/image\/","url":"https:\/\/www.organisator.ch\/wp-content\/uploads\/2022\/01\/Logo_Organisator_Website.png","contentUrl":"https:\/\/www.organisator.ch\/wp-content\/uploads\/2022\/01\/Logo_Organisator_Website.png","width":800,"height":77,"caption":"Organisator"},"image":{"@id":"https:\/\/www.organisator.ch\/#\/schema\/logo\/image\/"},"sameAs":["https:\/\/www.facebook.com\/OrganisatorFachmagazin","https:\/\/www.linkedin.com\/showcase\/organisator-das-magazin-fr-kmu","https:\/\/www.xing.com\/news\/pages\/organisator-ch-695","https:\/\/www.youtube.com\/channel\/UCGP2Sq0iWaZwT3BdIAQFYpw"]},{"@type":"Person","@id":"https:\/\/www.organisator.ch\/#\/schema\/person\/6f650f90b2842cd4c0cc334b4e36f67e","name":"thomas.berner","image":{"@type":"ImageObject","inLanguage":"de","@id":"https:\/\/secure.gravatar.com\/avatar\/ac5001d2a36cb6c6cd3e50789007ffca834b477b74a2144564522e944eabff61?s=96&d=mm&r=g","url":"https:\/\/secure.gravatar.com\/avatar\/ac5001d2a36cb6c6cd3e50789007ffca834b477b74a2144564522e944eabff61?s=96&d=mm&r=g","contentUrl":"https:\/\/secure.gravatar.com\/avatar\/ac5001d2a36cb6c6cd3e50789007ffca834b477b74a2144564522e944eabff61?s=96&d=mm&r=g","caption":"thomas.berner"},"url":"https:\/\/www.organisator.ch\/de\/author\/thomas-berner\/"}]}},"_links":{"self":[{"href":"https:\/\/www.organisator.ch\/de\/wp-json\/wp\/v2\/posts\/5934","targetHints":{"allow":["GET"]}}],"collection":[{"href":"https:\/\/www.organisator.ch\/de\/wp-json\/wp\/v2\/posts"}],"about":[{"href":"https:\/\/www.organisator.ch\/de\/wp-json\/wp\/v2\/types\/post"}],"author":[{"embeddable":true,"href":"https:\/\/www.organisator.ch\/de\/wp-json\/wp\/v2\/users\/4"}],"replies":[{"embeddable":true,"href":"https:\/\/www.organisator.ch\/de\/wp-json\/wp\/v2\/comments?post=5934"}],"version-history":[{"count":0,"href":"https:\/\/www.organisator.ch\/de\/wp-json\/wp\/v2\/posts\/5934\/revisions"}],"wp:featuredmedia":[{"embeddable":true,"href":"https:\/\/www.organisator.ch\/de\/wp-json\/wp\/v2\/media\/5935"}],"wp:attachment":[{"href":"https:\/\/www.organisator.ch\/de\/wp-json\/wp\/v2\/media?parent=5934"}],"wp:term":[{"taxonomy":"category","embeddable":true,"href":"https:\/\/www.organisator.ch\/de\/wp-json\/wp\/v2\/categories?post=5934"},{"taxonomy":"post_tag","embeddable":true,"href":"https:\/\/www.organisator.ch\/de\/wp-json\/wp\/v2\/tags?post=5934"}],"curies":[{"name":"wp","href":"https:\/\/api.w.org\/{rel}","templated":true}]}}