{"id":5940,"date":"2019-10-22T09:42:27","date_gmt":"2019-10-22T07:42:27","guid":{"rendered":"https:\/\/www.organisator.ch\/?p=5940"},"modified":"2019-10-22T09:42:27","modified_gmt":"2019-10-22T07:42:27","slug":"neuer-lehrgang-zu-mobbing-sexueller-belaestigung-und-diskriminierung","status":"publish","type":"post","link":"https:\/\/www.organisator.ch\/de\/human-resources\/fit_im_job\/2019-10-22\/neuer-lehrgang-zu-mobbing-sexueller-belaestigung-und-diskriminierung\/","title":{"rendered":"Neuer Lehrgang zu Mobbing, sexueller Bel\u00e4stigung und Diskriminierung"},"content":{"rendered":"<figure id=\"attachment_5941\" aria-describedby=\"caption-attachment-5941\" style=\"width: 680px\" class=\"wp-caption alignnone\"><img loading=\"lazy\" decoding=\"async\" class=\"size-medium wp-image-5941\" src=\"https:\/\/www.organisator.ch\/wp-content\/uploads\/2019\/10\/Neuer-Lehrgang-zu-Mobbing-sexueller-Belaestigung-und-Diskriminierung_Organisator.jpg\" alt=\"\" width=\"680\" height=\"454\" srcset=\"https:\/\/www.organisator.ch\/wp-content\/uploads\/2019\/10\/Neuer-Lehrgang-zu-Mobbing-sexueller-Belaestigung-und-Diskriminierung_Organisator.jpg 680w, https:\/\/www.organisator.ch\/wp-content\/uploads\/2019\/10\/Neuer-Lehrgang-zu-Mobbing-sexueller-Belaestigung-und-Diskriminierung_Organisator-16x12.jpg 16w, https:\/\/www.organisator.ch\/wp-content\/uploads\/2019\/10\/Neuer-Lehrgang-zu-Mobbing-sexueller-Belaestigung-und-Diskriminierung_Organisator-262x175.jpg 262w, https:\/\/www.organisator.ch\/wp-content\/uploads\/2019\/10\/Neuer-Lehrgang-zu-Mobbing-sexueller-Belaestigung-und-Diskriminierung_Organisator-524x350.jpg 524w, https:\/\/www.organisator.ch\/wp-content\/uploads\/2019\/10\/Neuer-Lehrgang-zu-Mobbing-sexueller-Belaestigung-und-Diskriminierung_Organisator-300x200.jpg 300w\" sizes=\"auto, (max-width: 680px) 100vw, 680px\" \/><figcaption id=\"caption-attachment-5941\" class=\"wp-caption-text\">Neuer Lehrgang zu Mobbing, sexueller Bel\u00e4stigung und Diskriminierung in der Reinigungsbranche: Corinne Sch\u00e4rer erl\u00e4utert die Beweggr\u00fcnde. (Bild: zVg)<\/figcaption><\/figure>\n<p>In der Reinigungsbranche sind in der Deutschschweiz 65\u2019000 Menschen t\u00e4tig. Zahreiche Arbeitnehmenden verf\u00fcgen \u00fcber einen Migrationshintergrund und beherrschen die Landessprache noch nicht auf hohem Niveau. Ihnen bietet die Reinigungsbranche die Chance, in einem vielseitigen, aber auch zunehmend anspruchsvollen Beruf Fuss zu fassen. Sie k\u00f6nnen zudem zahlreiche Angebote nutzen, um sich laufend on the Job weiterzubilden.<\/p>\n<h2><strong>Praxisorientierte Berufsbildung <\/strong><\/h2>\n<p><strong>Corinne Sch\u00e4rer<\/strong> ist Vizepr\u00e4sidentin der PK Reinigung und vertritt die Interessen der Arbeitnehmenden. Die Zentralsekret\u00e4rin und Leiterin Abteilung Politik bei Unia ist \u00fcberzeugt, dass Bildung f\u00fcr die Reinigungsbranche unverzichtbar ist, angefangen bei den Sprachkenntnissen: \u00abDie Reinigungskr\u00e4fte m\u00fcssen sich verst\u00e4ndigen k\u00f6nnen und verstehen, welche Auftr\u00e4ge sie zu erledigen haben. Wer \u00fcber gute Kenntnisse in der T\u00e4tigkeit verf\u00fcgt, kommt beruflich und pers\u00f6nlich weiter. Davon profitiert die gesamte Branche, denn die Anforderungen der Kunden steigen auch in der Reinigung. Besser ausgebildete Mitarbeitende erbringen bessere Service-Leistungen gegen\u00fcber den Kunden und Kundinnen \u2013 so sind alle zufrieden.\u00bb Die Vizepr\u00e4sidentein der PK Reinigung betont, dass die Art der Bildungsvermittlung entscheidend ist: \u00abBildung muss beim einzelnen Menschen ansetzen \u2013 bei seinen oder ihren Kompetenzen. Gerade die Berufsbildung muss sehr praxisorientiert sein. Bildung ist sehr wichtig f\u00fcr die Entwicklung der Reinigungsbranche, aber auch insgesamt f\u00fcr die Zukunft unserer Gesellschaft, insbesondere der Arbeitswelt. F\u00fcr die einzelnen Personen ist es die M\u00f6glichkeit, beruflich weiterzukommen und interessante T\u00e4tigkeiten auszu\u00fcben.\u00bb (Video Interview: <a href=\"https:\/\/www.youtube.com\/watch?v=uCSVlbwyygE\">https:\/\/www.youtube.com\/watch?v=uCSVlbwyygE<\/a>)<\/p>\n<h2>&#8222;Respekt am Arbeitsplatz&#8220;: Neuer Lehrgang zu Mobbing, sexueller Bel\u00e4stigung und Diskriminierung<\/h2>\n<p>Die zahlreichen Angebote der PK Reinigung werden rege genutzt. Allein die Deutschkurse wurden 2018 von rund 900 Personen besucht. 2018 hat die PK Reinigung den lohnrelevanten GAV-Lehrgang erfolgreich eingef\u00fchrt. Ab Oktober 2019 wird ein neuer 2-teiliger Lehrgang zu Mobbing, sexueller Bel\u00e4stigung und Diskriminierung durchgef\u00fchrt. Im Basis- und Vertiefungsmodul eignen sich Mitarbeitende und F\u00fchrungspersonen das n\u00f6tige Wissen an, um F\u00e4lle von Mobbing, sexueller Bel\u00e4stigung und Diskriminierung zu erkennen. Sie erfahren, wie sie angemessen reagieren und n\u00f6tige Schritte einleiten k\u00f6nnen. Sie erproben konkretes Handeln. Der Sozialp\u00e4dagoge Lu Decurtins ist einer von sechs ExpertInnen, die den Lehrgang entwickelt haben. Er fomuliert seinen pers\u00f6nlichen Wunsch an die Reinigungsbranche: \u00abDie Mitarbeitenden sollen sich stark f\u00fchlen, eine sichere Position haben und f\u00fcr ihre Rechte einstehen.\u00bb<\/p>\n<p><em>Weitere Informationen: <a href=\"http:\/\/www.reineprofis.ch\">www.reineprofis.ch <\/a><\/em><\/p>\n","protected":false},"excerpt":{"rendered":"<p>In der Reinigungsbranche sind in der Deutschschweiz 65\u2019000 Menschen t\u00e4tig. Zahreiche Arbeitnehmenden verf\u00fcgen \u00fcber einen Migrationshintergrund und beherrschen die Landessprache noch nicht auf hohem Niveau. Ihnen bietet die Reinigungsbranche die Chance, in einem vielseitigen, aber auch zunehmend anspruchsvollen Beruf Fuss zu fassen. Sie k\u00f6nnen zudem zahlreiche Angebote nutzen, um sich laufend on the Job weiterzubilden. [&hellip;]<\/p>\n","protected":false},"author":4,"featured_media":5941,"comment_status":"closed","ping_status":"closed","sticky":false,"template":"","format":"standard","meta":{"_acf_changed":false,"_yoast_wpseo_focuskw":"Neuer Lehrgang zu Mobbing","_yoast_wpseo_metadesc":"Die Reinigungsbranche setzt ihre Bildungsoffensive weiter um. Ein neuer Lehrgang zu Mobbing, sexueller Bel\u00e4stigung und Diskriminierung wurde geschaffen.","articlekey":"","footnotes":""},"categories":[25],"tags":[62,208,254,503],"class_list":["post-5940","post","type-post","status-publish","format-standard","has-post-thumbnail","hentry","category-fit_im_job","tag-aus-weiterbildung","tag-fit-im-job","tag-hrm","tag-verbaende"],"acf":[],"yoast_head":"<!-- This site is optimized with the Yoast SEO plugin v27.4 - https:\/\/yoast.com\/product\/yoast-seo-wordpress\/ -->\n<title>Neuer Lehrgang zu Mobbing, sexueller Bel\u00e4stigung und Diskriminierung - Organisator<\/title>\n<meta name=\"description\" content=\"Die Reinigungsbranche setzt ihre Bildungsoffensive weiter um. Ein neuer Lehrgang zu Mobbing, sexueller Bel\u00e4stigung und Diskriminierung wurde geschaffen.\" \/>\n<meta name=\"robots\" content=\"index, follow, max-snippet:-1, max-image-preview:large, max-video-preview:-1\" \/>\n<link rel=\"canonical\" href=\"https:\/\/www.organisator.ch\/de\/human-resources\/fit_im_job\/2019-10-22\/neuer-lehrgang-zu-mobbing-sexueller-belaestigung-und-diskriminierung\/\" \/>\n<meta property=\"og:locale\" content=\"de_DE\" \/>\n<meta property=\"og:type\" content=\"article\" \/>\n<meta property=\"og:title\" content=\"Neuer Lehrgang zu Mobbing, sexueller Bel\u00e4stigung und Diskriminierung\" \/>\n<meta property=\"og:description\" content=\"Die Reinigungsbranche setzt ihre Bildungsoffensive weiter um. Ein neuer Lehrgang zu Mobbing, sexueller Bel\u00e4stigung und Diskriminierung wurde geschaffen.\" \/>\n<meta property=\"og:url\" content=\"https:\/\/www.organisator.ch\/de\/human-resources\/fit_im_job\/2019-10-22\/neuer-lehrgang-zu-mobbing-sexueller-belaestigung-und-diskriminierung\/\" \/>\n<meta property=\"og:site_name\" content=\"Organisator\" \/>\n<meta property=\"article:publisher\" content=\"https:\/\/www.facebook.com\/OrganisatorFachmagazin\" \/>\n<meta property=\"article:published_time\" content=\"2019-10-22T07:42:27+00:00\" \/>\n<meta property=\"og:image\" content=\"https:\/\/www.organisator.ch\/wp-content\/uploads\/2019\/10\/Neuer-Lehrgang-zu-Mobbing-sexueller-Belaestigung-und-Diskriminierung_Organisator.jpg\" \/>\n\t<meta property=\"og:image:width\" content=\"680\" \/>\n\t<meta property=\"og:image:height\" content=\"454\" \/>\n\t<meta property=\"og:image:type\" content=\"image\/jpeg\" \/>\n<meta name=\"author\" content=\"thomas.berner\" \/>\n<meta name=\"twitter:card\" content=\"summary_large_image\" \/>\n<meta name=\"twitter:title\" content=\"Neuer Lehrgang zu #Mobbing, sexueller #Bel\u00e4stigung und #Diskriminierung\" \/>\n<meta name=\"twitter:description\" content=\"Die #Reinigungsbranche setzt ihre #Bildungsoffensive weiter um. Ein neuer Lehrgang zu #Mobbing, sexueller #Bel\u00e4stigung und #Diskriminierung wurde geschaffen.\" \/>\n<meta name=\"twitter:image\" content=\"https:\/\/www.organisator.ch\/wp-content\/uploads\/2019\/10\/Neuer-Lehrgang-zu-Mobbing-sexueller-Belaestigung-und-Diskriminierung_Organisator.jpg\" \/>\n<script type=\"application\/ld+json\" class=\"yoast-schema-graph\">{\"@context\":\"https:\\\/\\\/schema.org\",\"@graph\":[{\"@type\":\"Article\",\"@id\":\"https:\\\/\\\/www.organisator.ch\\\/human-resources\\\/fit_im_job\\\/2019-10-22\\\/neuer-lehrgang-zu-mobbing-sexueller-belaestigung-und-diskriminierung\\\/#article\",\"isPartOf\":{\"@id\":\"https:\\\/\\\/www.organisator.ch\\\/human-resources\\\/fit_im_job\\\/2019-10-22\\\/neuer-lehrgang-zu-mobbing-sexueller-belaestigung-und-diskriminierung\\\/\"},\"author\":{\"name\":\"thomas.berner\",\"@id\":\"https:\\\/\\\/www.organisator.ch\\\/#\\\/schema\\\/person\\\/6f650f90b2842cd4c0cc334b4e36f67e\"},\"headline\":\"Neuer Lehrgang zu Mobbing, sexueller Bel\u00e4stigung und Diskriminierung\",\"datePublished\":\"2019-10-22T07:42:27+00:00\",\"mainEntityOfPage\":{\"@id\":\"https:\\\/\\\/www.organisator.ch\\\/human-resources\\\/fit_im_job\\\/2019-10-22\\\/neuer-lehrgang-zu-mobbing-sexueller-belaestigung-und-diskriminierung\\\/\"},\"wordCount\":427,\"publisher\":{\"@id\":\"https:\\\/\\\/www.organisator.ch\\\/#organization\"},\"image\":{\"@id\":\"https:\\\/\\\/www.organisator.ch\\\/human-resources\\\/fit_im_job\\\/2019-10-22\\\/neuer-lehrgang-zu-mobbing-sexueller-belaestigung-und-diskriminierung\\\/#primaryimage\"},\"thumbnailUrl\":\"https:\\\/\\\/www.organisator.ch\\\/wp-content\\\/uploads\\\/2019\\\/10\\\/Neuer-Lehrgang-zu-Mobbing-sexueller-Belaestigung-und-Diskriminierung_Organisator.jpg\",\"keywords\":[\"Aus-\\\/Weiterbildung\",\"Fit im Job\",\"HRM\",\"Verb\u00e4nde\"],\"articleSection\":[\"FIT IM JOB\"],\"inLanguage\":\"de\"},{\"@type\":\"WebPage\",\"@id\":\"https:\\\/\\\/www.organisator.ch\\\/human-resources\\\/fit_im_job\\\/2019-10-22\\\/neuer-lehrgang-zu-mobbing-sexueller-belaestigung-und-diskriminierung\\\/\",\"url\":\"https:\\\/\\\/www.organisator.ch\\\/human-resources\\\/fit_im_job\\\/2019-10-22\\\/neuer-lehrgang-zu-mobbing-sexueller-belaestigung-und-diskriminierung\\\/\",\"name\":\"Neuer Lehrgang zu Mobbing, sexueller Bel\u00e4stigung und Diskriminierung - Organisator\",\"isPartOf\":{\"@id\":\"https:\\\/\\\/www.organisator.ch\\\/#website\"},\"primaryImageOfPage\":{\"@id\":\"https:\\\/\\\/www.organisator.ch\\\/human-resources\\\/fit_im_job\\\/2019-10-22\\\/neuer-lehrgang-zu-mobbing-sexueller-belaestigung-und-diskriminierung\\\/#primaryimage\"},\"image\":{\"@id\":\"https:\\\/\\\/www.organisator.ch\\\/human-resources\\\/fit_im_job\\\/2019-10-22\\\/neuer-lehrgang-zu-mobbing-sexueller-belaestigung-und-diskriminierung\\\/#primaryimage\"},\"thumbnailUrl\":\"https:\\\/\\\/www.organisator.ch\\\/wp-content\\\/uploads\\\/2019\\\/10\\\/Neuer-Lehrgang-zu-Mobbing-sexueller-Belaestigung-und-Diskriminierung_Organisator.jpg\",\"datePublished\":\"2019-10-22T07:42:27+00:00\",\"description\":\"Die Reinigungsbranche setzt ihre Bildungsoffensive weiter um. Ein neuer Lehrgang zu Mobbing, sexueller Bel\u00e4stigung und Diskriminierung wurde geschaffen.\",\"breadcrumb\":{\"@id\":\"https:\\\/\\\/www.organisator.ch\\\/human-resources\\\/fit_im_job\\\/2019-10-22\\\/neuer-lehrgang-zu-mobbing-sexueller-belaestigung-und-diskriminierung\\\/#breadcrumb\"},\"inLanguage\":\"de\",\"potentialAction\":[{\"@type\":\"ReadAction\",\"target\":[\"https:\\\/\\\/www.organisator.ch\\\/human-resources\\\/fit_im_job\\\/2019-10-22\\\/neuer-lehrgang-zu-mobbing-sexueller-belaestigung-und-diskriminierung\\\/\"]}]},{\"@type\":\"ImageObject\",\"inLanguage\":\"de\",\"@id\":\"https:\\\/\\\/www.organisator.ch\\\/human-resources\\\/fit_im_job\\\/2019-10-22\\\/neuer-lehrgang-zu-mobbing-sexueller-belaestigung-und-diskriminierung\\\/#primaryimage\",\"url\":\"https:\\\/\\\/www.organisator.ch\\\/wp-content\\\/uploads\\\/2019\\\/10\\\/Neuer-Lehrgang-zu-Mobbing-sexueller-Belaestigung-und-Diskriminierung_Organisator.jpg\",\"contentUrl\":\"https:\\\/\\\/www.organisator.ch\\\/wp-content\\\/uploads\\\/2019\\\/10\\\/Neuer-Lehrgang-zu-Mobbing-sexueller-Belaestigung-und-Diskriminierung_Organisator.jpg\",\"width\":680,\"height\":454,\"caption\":\"Neuer Lehrgang zu Mobbing, sexueller Bel\u00e4stigung und Diskriminierung in der Reinigungsbranche: Corinne Sch\u00e4rer erl\u00e4utert die Beweggr\u00fcnde. (Bild: zVg)\"},{\"@type\":\"BreadcrumbList\",\"@id\":\"https:\\\/\\\/www.organisator.ch\\\/human-resources\\\/fit_im_job\\\/2019-10-22\\\/neuer-lehrgang-zu-mobbing-sexueller-belaestigung-und-diskriminierung\\\/#breadcrumb\",\"itemListElement\":[{\"@type\":\"ListItem\",\"position\":1,\"name\":\"Home\",\"item\":\"https:\\\/\\\/www.organisator.ch\\\/\"},{\"@type\":\"ListItem\",\"position\":2,\"name\":\"Neuer Lehrgang zu Mobbing, sexueller Bel\u00e4stigung und Diskriminierung\"}]},{\"@type\":\"WebSite\",\"@id\":\"https:\\\/\\\/www.organisator.ch\\\/#website\",\"url\":\"https:\\\/\\\/www.organisator.ch\\\/\",\"name\":\"Organisator\",\"description\":\"Kompetent. Praxisnah. Der ORGANISATOR bereitet in 10 Ausgaben pro Jahr die wesentlichen Themen f\u00fcr F\u00fchrungskr\u00e4fte von KMU auf.\",\"publisher\":{\"@id\":\"https:\\\/\\\/www.organisator.ch\\\/#organization\"},\"potentialAction\":[{\"@type\":\"SearchAction\",\"target\":{\"@type\":\"EntryPoint\",\"urlTemplate\":\"https:\\\/\\\/www.organisator.ch\\\/?s={search_term_string}\"},\"query-input\":{\"@type\":\"PropertyValueSpecification\",\"valueRequired\":true,\"valueName\":\"search_term_string\"}}],\"inLanguage\":\"de\"},{\"@type\":\"Organization\",\"@id\":\"https:\\\/\\\/www.organisator.ch\\\/#organization\",\"name\":\"Organisator\",\"url\":\"https:\\\/\\\/www.organisator.ch\\\/\",\"logo\":{\"@type\":\"ImageObject\",\"inLanguage\":\"de\",\"@id\":\"https:\\\/\\\/www.organisator.ch\\\/#\\\/schema\\\/logo\\\/image\\\/\",\"url\":\"https:\\\/\\\/www.organisator.ch\\\/wp-content\\\/uploads\\\/2022\\\/01\\\/Logo_Organisator_Website.png\",\"contentUrl\":\"https:\\\/\\\/www.organisator.ch\\\/wp-content\\\/uploads\\\/2022\\\/01\\\/Logo_Organisator_Website.png\",\"width\":800,\"height\":77,\"caption\":\"Organisator\"},\"image\":{\"@id\":\"https:\\\/\\\/www.organisator.ch\\\/#\\\/schema\\\/logo\\\/image\\\/\"},\"sameAs\":[\"https:\\\/\\\/www.facebook.com\\\/OrganisatorFachmagazin\",\"https:\\\/\\\/www.linkedin.com\\\/showcase\\\/organisator-das-magazin-fr-kmu\",\"https:\\\/\\\/www.xing.com\\\/news\\\/pages\\\/organisator-ch-695\",\"https:\\\/\\\/www.youtube.com\\\/channel\\\/UCGP2Sq0iWaZwT3BdIAQFYpw\"]},{\"@type\":\"Person\",\"@id\":\"https:\\\/\\\/www.organisator.ch\\\/#\\\/schema\\\/person\\\/6f650f90b2842cd4c0cc334b4e36f67e\",\"name\":\"thomas.berner\",\"image\":{\"@type\":\"ImageObject\",\"inLanguage\":\"de\",\"@id\":\"https:\\\/\\\/secure.gravatar.com\\\/avatar\\\/ac5001d2a36cb6c6cd3e50789007ffca834b477b74a2144564522e944eabff61?s=96&d=mm&r=g\",\"url\":\"https:\\\/\\\/secure.gravatar.com\\\/avatar\\\/ac5001d2a36cb6c6cd3e50789007ffca834b477b74a2144564522e944eabff61?s=96&d=mm&r=g\",\"contentUrl\":\"https:\\\/\\\/secure.gravatar.com\\\/avatar\\\/ac5001d2a36cb6c6cd3e50789007ffca834b477b74a2144564522e944eabff61?s=96&d=mm&r=g\",\"caption\":\"thomas.berner\"},\"url\":\"https:\\\/\\\/www.organisator.ch\\\/de\\\/author\\\/thomas-berner\\\/\"}]}<\/script>\n<!-- \/ Yoast SEO plugin. -->","yoast_head_json":{"title":"Neuer Lehrgang zu Mobbing, sexueller Bel\u00e4stigung und Diskriminierung - Organisator","description":"Die Reinigungsbranche setzt ihre Bildungsoffensive weiter um. Ein neuer Lehrgang zu Mobbing, sexueller Bel\u00e4stigung und Diskriminierung wurde geschaffen.","robots":{"index":"index","follow":"follow","max-snippet":"max-snippet:-1","max-image-preview":"max-image-preview:large","max-video-preview":"max-video-preview:-1"},"canonical":"https:\/\/www.organisator.ch\/de\/human-resources\/fit_im_job\/2019-10-22\/neuer-lehrgang-zu-mobbing-sexueller-belaestigung-und-diskriminierung\/","og_locale":"de_DE","og_type":"article","og_title":"Neuer Lehrgang zu Mobbing, sexueller Bel\u00e4stigung und Diskriminierung","og_description":"Die Reinigungsbranche setzt ihre Bildungsoffensive weiter um. Ein neuer Lehrgang zu Mobbing, sexueller Bel\u00e4stigung und Diskriminierung wurde geschaffen.","og_url":"https:\/\/www.organisator.ch\/de\/human-resources\/fit_im_job\/2019-10-22\/neuer-lehrgang-zu-mobbing-sexueller-belaestigung-und-diskriminierung\/","og_site_name":"Organisator","article_publisher":"https:\/\/www.facebook.com\/OrganisatorFachmagazin","article_published_time":"2019-10-22T07:42:27+00:00","og_image":[{"width":680,"height":454,"url":"https:\/\/www.organisator.ch\/wp-content\/uploads\/2019\/10\/Neuer-Lehrgang-zu-Mobbing-sexueller-Belaestigung-und-Diskriminierung_Organisator.jpg","type":"image\/jpeg"}],"author":"thomas.berner","twitter_card":"summary_large_image","twitter_title":"Neuer Lehrgang zu #Mobbing, sexueller #Bel\u00e4stigung und #Diskriminierung","twitter_description":"Die #Reinigungsbranche setzt ihre #Bildungsoffensive weiter um. Ein neuer Lehrgang zu #Mobbing, sexueller #Bel\u00e4stigung und #Diskriminierung wurde geschaffen.","twitter_image":"https:\/\/www.organisator.ch\/wp-content\/uploads\/2019\/10\/Neuer-Lehrgang-zu-Mobbing-sexueller-Belaestigung-und-Diskriminierung_Organisator.jpg","schema":{"@context":"https:\/\/schema.org","@graph":[{"@type":"Article","@id":"https:\/\/www.organisator.ch\/human-resources\/fit_im_job\/2019-10-22\/neuer-lehrgang-zu-mobbing-sexueller-belaestigung-und-diskriminierung\/#article","isPartOf":{"@id":"https:\/\/www.organisator.ch\/human-resources\/fit_im_job\/2019-10-22\/neuer-lehrgang-zu-mobbing-sexueller-belaestigung-und-diskriminierung\/"},"author":{"name":"thomas.berner","@id":"https:\/\/www.organisator.ch\/#\/schema\/person\/6f650f90b2842cd4c0cc334b4e36f67e"},"headline":"Neuer Lehrgang zu Mobbing, sexueller Bel\u00e4stigung und Diskriminierung","datePublished":"2019-10-22T07:42:27+00:00","mainEntityOfPage":{"@id":"https:\/\/www.organisator.ch\/human-resources\/fit_im_job\/2019-10-22\/neuer-lehrgang-zu-mobbing-sexueller-belaestigung-und-diskriminierung\/"},"wordCount":427,"publisher":{"@id":"https:\/\/www.organisator.ch\/#organization"},"image":{"@id":"https:\/\/www.organisator.ch\/human-resources\/fit_im_job\/2019-10-22\/neuer-lehrgang-zu-mobbing-sexueller-belaestigung-und-diskriminierung\/#primaryimage"},"thumbnailUrl":"https:\/\/www.organisator.ch\/wp-content\/uploads\/2019\/10\/Neuer-Lehrgang-zu-Mobbing-sexueller-Belaestigung-und-Diskriminierung_Organisator.jpg","keywords":["Aus-\/Weiterbildung","Fit im Job","HRM","Verb\u00e4nde"],"articleSection":["FIT IM JOB"],"inLanguage":"de"},{"@type":"WebPage","@id":"https:\/\/www.organisator.ch\/human-resources\/fit_im_job\/2019-10-22\/neuer-lehrgang-zu-mobbing-sexueller-belaestigung-und-diskriminierung\/","url":"https:\/\/www.organisator.ch\/human-resources\/fit_im_job\/2019-10-22\/neuer-lehrgang-zu-mobbing-sexueller-belaestigung-und-diskriminierung\/","name":"Neuer Lehrgang zu Mobbing, sexueller Bel\u00e4stigung und Diskriminierung - Organisator","isPartOf":{"@id":"https:\/\/www.organisator.ch\/#website"},"primaryImageOfPage":{"@id":"https:\/\/www.organisator.ch\/human-resources\/fit_im_job\/2019-10-22\/neuer-lehrgang-zu-mobbing-sexueller-belaestigung-und-diskriminierung\/#primaryimage"},"image":{"@id":"https:\/\/www.organisator.ch\/human-resources\/fit_im_job\/2019-10-22\/neuer-lehrgang-zu-mobbing-sexueller-belaestigung-und-diskriminierung\/#primaryimage"},"thumbnailUrl":"https:\/\/www.organisator.ch\/wp-content\/uploads\/2019\/10\/Neuer-Lehrgang-zu-Mobbing-sexueller-Belaestigung-und-Diskriminierung_Organisator.jpg","datePublished":"2019-10-22T07:42:27+00:00","description":"Die Reinigungsbranche setzt ihre Bildungsoffensive weiter um. Ein neuer Lehrgang zu Mobbing, sexueller Bel\u00e4stigung und Diskriminierung wurde geschaffen.","breadcrumb":{"@id":"https:\/\/www.organisator.ch\/human-resources\/fit_im_job\/2019-10-22\/neuer-lehrgang-zu-mobbing-sexueller-belaestigung-und-diskriminierung\/#breadcrumb"},"inLanguage":"de","potentialAction":[{"@type":"ReadAction","target":["https:\/\/www.organisator.ch\/human-resources\/fit_im_job\/2019-10-22\/neuer-lehrgang-zu-mobbing-sexueller-belaestigung-und-diskriminierung\/"]}]},{"@type":"ImageObject","inLanguage":"de","@id":"https:\/\/www.organisator.ch\/human-resources\/fit_im_job\/2019-10-22\/neuer-lehrgang-zu-mobbing-sexueller-belaestigung-und-diskriminierung\/#primaryimage","url":"https:\/\/www.organisator.ch\/wp-content\/uploads\/2019\/10\/Neuer-Lehrgang-zu-Mobbing-sexueller-Belaestigung-und-Diskriminierung_Organisator.jpg","contentUrl":"https:\/\/www.organisator.ch\/wp-content\/uploads\/2019\/10\/Neuer-Lehrgang-zu-Mobbing-sexueller-Belaestigung-und-Diskriminierung_Organisator.jpg","width":680,"height":454,"caption":"Neuer Lehrgang zu Mobbing, sexueller Bel\u00e4stigung und Diskriminierung in der Reinigungsbranche: Corinne Sch\u00e4rer erl\u00e4utert die Beweggr\u00fcnde. (Bild: zVg)"},{"@type":"BreadcrumbList","@id":"https:\/\/www.organisator.ch\/human-resources\/fit_im_job\/2019-10-22\/neuer-lehrgang-zu-mobbing-sexueller-belaestigung-und-diskriminierung\/#breadcrumb","itemListElement":[{"@type":"ListItem","position":1,"name":"Home","item":"https:\/\/www.organisator.ch\/"},{"@type":"ListItem","position":2,"name":"Neuer Lehrgang zu Mobbing, sexueller Bel\u00e4stigung und Diskriminierung"}]},{"@type":"WebSite","@id":"https:\/\/www.organisator.ch\/#website","url":"https:\/\/www.organisator.ch\/","name":"Organisator","description":"Kompetent. Praxisnah. Der ORGANISATOR bereitet in 10 Ausgaben pro Jahr die wesentlichen Themen f\u00fcr F\u00fchrungskr\u00e4fte von KMU auf.","publisher":{"@id":"https:\/\/www.organisator.ch\/#organization"},"potentialAction":[{"@type":"SearchAction","target":{"@type":"EntryPoint","urlTemplate":"https:\/\/www.organisator.ch\/?s={search_term_string}"},"query-input":{"@type":"PropertyValueSpecification","valueRequired":true,"valueName":"search_term_string"}}],"inLanguage":"de"},{"@type":"Organization","@id":"https:\/\/www.organisator.ch\/#organization","name":"Organisator","url":"https:\/\/www.organisator.ch\/","logo":{"@type":"ImageObject","inLanguage":"de","@id":"https:\/\/www.organisator.ch\/#\/schema\/logo\/image\/","url":"https:\/\/www.organisator.ch\/wp-content\/uploads\/2022\/01\/Logo_Organisator_Website.png","contentUrl":"https:\/\/www.organisator.ch\/wp-content\/uploads\/2022\/01\/Logo_Organisator_Website.png","width":800,"height":77,"caption":"Organisator"},"image":{"@id":"https:\/\/www.organisator.ch\/#\/schema\/logo\/image\/"},"sameAs":["https:\/\/www.facebook.com\/OrganisatorFachmagazin","https:\/\/www.linkedin.com\/showcase\/organisator-das-magazin-fr-kmu","https:\/\/www.xing.com\/news\/pages\/organisator-ch-695","https:\/\/www.youtube.com\/channel\/UCGP2Sq0iWaZwT3BdIAQFYpw"]},{"@type":"Person","@id":"https:\/\/www.organisator.ch\/#\/schema\/person\/6f650f90b2842cd4c0cc334b4e36f67e","name":"thomas.berner","image":{"@type":"ImageObject","inLanguage":"de","@id":"https:\/\/secure.gravatar.com\/avatar\/ac5001d2a36cb6c6cd3e50789007ffca834b477b74a2144564522e944eabff61?s=96&d=mm&r=g","url":"https:\/\/secure.gravatar.com\/avatar\/ac5001d2a36cb6c6cd3e50789007ffca834b477b74a2144564522e944eabff61?s=96&d=mm&r=g","contentUrl":"https:\/\/secure.gravatar.com\/avatar\/ac5001d2a36cb6c6cd3e50789007ffca834b477b74a2144564522e944eabff61?s=96&d=mm&r=g","caption":"thomas.berner"},"url":"https:\/\/www.organisator.ch\/de\/author\/thomas-berner\/"}]}},"_links":{"self":[{"href":"https:\/\/www.organisator.ch\/de\/wp-json\/wp\/v2\/posts\/5940","targetHints":{"allow":["GET"]}}],"collection":[{"href":"https:\/\/www.organisator.ch\/de\/wp-json\/wp\/v2\/posts"}],"about":[{"href":"https:\/\/www.organisator.ch\/de\/wp-json\/wp\/v2\/types\/post"}],"author":[{"embeddable":true,"href":"https:\/\/www.organisator.ch\/de\/wp-json\/wp\/v2\/users\/4"}],"replies":[{"embeddable":true,"href":"https:\/\/www.organisator.ch\/de\/wp-json\/wp\/v2\/comments?post=5940"}],"version-history":[{"count":0,"href":"https:\/\/www.organisator.ch\/de\/wp-json\/wp\/v2\/posts\/5940\/revisions"}],"wp:featuredmedia":[{"embeddable":true,"href":"https:\/\/www.organisator.ch\/de\/wp-json\/wp\/v2\/media\/5941"}],"wp:attachment":[{"href":"https:\/\/www.organisator.ch\/de\/wp-json\/wp\/v2\/media?parent=5940"}],"wp:term":[{"taxonomy":"category","embeddable":true,"href":"https:\/\/www.organisator.ch\/de\/wp-json\/wp\/v2\/categories?post=5940"},{"taxonomy":"post_tag","embeddable":true,"href":"https:\/\/www.organisator.ch\/de\/wp-json\/wp\/v2\/tags?post=5940"}],"curies":[{"name":"wp","href":"https:\/\/api.w.org\/{rel}","templated":true}]}}