{"id":614,"date":"2016-10-27T13:39:59","date_gmt":"2016-10-27T11:39:59","guid":{"rendered":"http:\/\/dev.organisator.ch\/?p=614"},"modified":"2016-10-27T13:39:59","modified_gmt":"2016-10-27T11:39:59","slug":"aus-denz-office-ag-und-lista-office-vertriebs-ag-entsteht-die-neue-lista-office-lo","status":"publish","type":"post","link":"https:\/\/www.organisator.ch\/de\/allgemein\/2016-10-27\/aus-denz-office-ag-und-lista-office-vertriebs-ag-entsteht-die-neue-lista-office-lo\/","title":{"rendered":"Aus Denz Office AG und Lista Office Vertriebs AG entsteht die neue Lista Office LO"},"content":{"rendered":"<figure id=\"attachment_615\" aria-describedby=\"caption-attachment-615\" style=\"width: 600px\" class=\"wp-caption alignnone\"><img loading=\"lazy\" decoding=\"async\" class=\"size-full wp-image-615\" src=\"https:\/\/www.organisator.ch\/wp-content\/uploads\/2016\/12\/Aus-Denz-Office-AG-und-Lista-Office-Vertriebs-AG-entsteht-die-neue-Lista-Office-LO-organisator.jpg\" alt=\"\" width=\"600\" height=\"480\" srcset=\"https:\/\/www.organisator.ch\/wp-content\/uploads\/2016\/12\/Aus-Denz-Office-AG-und-Lista-Office-Vertriebs-AG-entsteht-die-neue-Lista-Office-LO-organisator.jpg 600w, https:\/\/www.organisator.ch\/wp-content\/uploads\/2016\/12\/Aus-Denz-Office-AG-und-Lista-Office-Vertriebs-AG-entsteht-die-neue-Lista-Office-LO-organisator-16x12.jpg 16w, https:\/\/www.organisator.ch\/wp-content\/uploads\/2016\/12\/Aus-Denz-Office-AG-und-Lista-Office-Vertriebs-AG-entsteht-die-neue-Lista-Office-LO-organisator-219x175.jpg 219w, https:\/\/www.organisator.ch\/wp-content\/uploads\/2016\/12\/Aus-Denz-Office-AG-und-Lista-Office-Vertriebs-AG-entsteht-die-neue-Lista-Office-LO-organisator-438x350.jpg 438w, https:\/\/www.organisator.ch\/wp-content\/uploads\/2016\/12\/Aus-Denz-Office-AG-und-Lista-Office-Vertriebs-AG-entsteht-die-neue-Lista-Office-LO-organisator-300x240.jpg 300w\" sizes=\"auto, (max-width: 600px) 100vw, 600px\" \/><figcaption id=\"caption-attachment-615\" class=\"wp-caption-text\">(Copyright: ListaOffice)<\/figcaption><\/figure>\n<p>Die beiden bisher unabh\u00e4ngig agierenden B\u00fcrospezialisten Lista Office Vertriebs AG und Denz Office AG werden am 1. November 2016 zur Lista Office LO zusammengef\u00fchrt. Die neue Lista Office LO richtet B\u00fcros von A bis Z ein. Ob Tische, Stauraum, Sitz- und Loungem\u00f6bel, Raumm\u00f6bel f\u00fcr R\u00fcckzugsm\u00f6glichkeiten, Beleuchtung, Akustikl\u00f6sungen oder Accessoires als kleine Helfer f\u00fcr den Arbeitsalltag:<\/p>\n<p>Das Sortiment er\u00f6ffnet Kunden alle Optionen f\u00fcr eine ebenso integrierte wie individuelle B\u00fcrogestaltung. Dazu geh\u00f6ren zum einen die eigenen M\u00f6belsysteme und Accessoires mit dem Markenzeichen LO, zum anderen die Produkte erstklassiger Partnermarken, die das Angebot vervollst\u00e4ndigen und noch vielseitiger machen.<\/p>\n<p><strong>Kontinuit\u00e4t und Innovation<\/strong><\/p>\n<p>Stahl- oder Holzm\u00f6bel? Mit der B\u00fcndelung der Kr\u00e4fte von LO und Denz ist diese Frage bei Lista Office LO kein Entweder-oder, sondern ein Sowohl-als-auch. Das LO Sortiment wird mit den bew\u00e4hrten Denz-Schranksystemen D3 und D1 sowie dem Konferenzsystem D11 ausgebaut. Zudem profitieren Kunden von der nachhaltigen Produktion in der Schweiz.<\/p>\n<p><strong>Neue Dachmarke<\/strong><\/p>\n<p>Die Lienhard Office Group wird ab dem 1. Januar 2017 zur Lista Office Group. Entsprechend wird die ganze Gruppe den bekannten Markenauftritt der Lista Office LO \u00fcbernehmen.<\/p>\n<p><a href=\"http:\/\/www.lienhard-office.com\" target=\"_blank\" rel=\"noreferrer noopener\" data-cke-saved-href=\"http:\/\/www.lienhard-office.com\">www.lienhard-office.com<\/a><\/p>\n","protected":false},"excerpt":{"rendered":"<p>Die beiden bisher unabh\u00e4ngig agierenden B\u00fcrospezialisten Lista Office Vertriebs AG und Denz Office AG werden am 1. November 2016 zur Lista Office LO zusammengef\u00fchrt. Die neue Lista Office LO richtet B\u00fcros von A bis Z ein. Ob Tische, Stauraum, Sitz- und Loungem\u00f6bel, Raumm\u00f6bel f\u00fcr R\u00fcckzugsm\u00f6glichkeiten, Beleuchtung, Akustikl\u00f6sungen oder Accessoires als kleine Helfer f\u00fcr den Arbeitsalltag: [&hellip;]<\/p>\n","protected":false},"author":1,"featured_media":615,"comment_status":"open","ping_status":"open","sticky":false,"template":"","format":"standard","meta":{"_acf_changed":false,"_yoast_wpseo_focuskw":"Lista Office LO","_yoast_wpseo_metadesc":"Mit dem Zusammenschluss der Schweizer B\u00fcrospezialisten Denz Office AG und Lista Office Vertriebs AG entsteht am 1. November 2016 die Lista Office LO.","articlekey":"","footnotes":""},"categories":[1],"tags":[51],"class_list":["post-614","post","type-post","status-publish","format-standard","has-post-thumbnail","hentry","category-allgemein","tag-arbeitsplatzgestaltung"],"acf":[],"yoast_head":"<!-- This site is optimized with the Yoast SEO plugin v27.4 - https:\/\/yoast.com\/product\/yoast-seo-wordpress\/ -->\n<title>Aus Denz Office AG und Lista Office Vertriebs AG entsteht die neue Lista Office LO - Organisator<\/title>\n<meta name=\"description\" content=\"Mit dem Zusammenschluss der Schweizer B\u00fcrospezialisten Denz Office AG und Lista Office Vertriebs AG entsteht am 1. November 2016 die Lista Office LO.\" \/>\n<meta name=\"robots\" content=\"index, follow, max-snippet:-1, max-image-preview:large, max-video-preview:-1\" \/>\n<link rel=\"canonical\" href=\"https:\/\/www.organisator.ch\/de\/allgemein\/2016-10-27\/aus-denz-office-ag-und-lista-office-vertriebs-ag-entsteht-die-neue-lista-office-lo\/\" \/>\n<meta property=\"og:locale\" content=\"de_DE\" \/>\n<meta property=\"og:type\" content=\"article\" \/>\n<meta property=\"og:title\" content=\"Aus Denz Office AG und Lista Office Vertriebs AG entsteht die neue Lista Office LO\" \/>\n<meta property=\"og:description\" content=\"Mit dem Zusammenschluss der Schweizer B\u00fcrospezialisten Denz Office AG und Lista Office Vertriebs AG entsteht am 1. November 2016 unter dem Dach der Lista Office LO ein erweitertes Gesamtangebot mit neuen M\u00f6glichkeiten f\u00fcr die Ausstattung moderner Arbeitswelten: sowohl f\u00fcr lokale KMU, als auch f\u00fcr multinationale Grosskonzerne.\" \/>\n<meta property=\"og:url\" content=\"https:\/\/www.organisator.ch\/de\/allgemein\/2016-10-27\/aus-denz-office-ag-und-lista-office-vertriebs-ag-entsteht-die-neue-lista-office-lo\/\" \/>\n<meta property=\"og:site_name\" content=\"Organisator\" \/>\n<meta property=\"article:publisher\" content=\"https:\/\/www.facebook.com\/OrganisatorFachmagazin\" \/>\n<meta property=\"article:published_time\" content=\"2016-10-27T11:39:59+00:00\" \/>\n<meta name=\"author\" content=\"admin\" \/>\n<meta name=\"twitter:card\" content=\"summary_large_image\" \/>\n<meta name=\"twitter:image\" content=\"https:\/\/www.organisator.ch\/wp-content\/uploads\/2016\/12\/Aus-Denz-Office-AG-und-Lista-Office-Vertriebs-AG-entsteht-die-neue-Lista-Office-LO-organisator.jpg\" \/>\n<script type=\"application\/ld+json\" class=\"yoast-schema-graph\">{\"@context\":\"https:\\\/\\\/schema.org\",\"@graph\":[{\"@type\":\"Article\",\"@id\":\"https:\\\/\\\/www.organisator.ch\\\/en\\\/general\\\/2016-10-27\\\/aus-denz-office-ag-und-lista-office-vertriebs-ag-entsteht-die-neue-lista-office-lo\\\/#article\",\"isPartOf\":{\"@id\":\"https:\\\/\\\/www.organisator.ch\\\/en\\\/general\\\/2016-10-27\\\/aus-denz-office-ag-und-lista-office-vertriebs-ag-entsteht-die-neue-lista-office-lo\\\/\"},\"author\":{\"name\":\"admin\",\"@id\":\"https:\\\/\\\/www.organisator.ch\\\/#\\\/schema\\\/person\\\/aa2bace6c5c5aad60102004a50c4eb1c\"},\"headline\":\"Aus Denz Office AG und Lista Office Vertriebs AG entsteht die neue Lista Office LO\",\"datePublished\":\"2016-10-27T11:39:59+00:00\",\"mainEntityOfPage\":{\"@id\":\"https:\\\/\\\/www.organisator.ch\\\/en\\\/general\\\/2016-10-27\\\/aus-denz-office-ag-und-lista-office-vertriebs-ag-entsteht-die-neue-lista-office-lo\\\/\"},\"wordCount\":222,\"commentCount\":0,\"publisher\":{\"@id\":\"https:\\\/\\\/www.organisator.ch\\\/#organization\"},\"image\":{\"@id\":\"https:\\\/\\\/www.organisator.ch\\\/en\\\/general\\\/2016-10-27\\\/aus-denz-office-ag-und-lista-office-vertriebs-ag-entsteht-die-neue-lista-office-lo\\\/#primaryimage\"},\"thumbnailUrl\":\"https:\\\/\\\/www.organisator.ch\\\/wp-content\\\/uploads\\\/2016\\\/12\\\/Aus-Denz-Office-AG-und-Lista-Office-Vertriebs-AG-entsteht-die-neue-Lista-Office-LO-organisator.jpg\",\"keywords\":[\"Arbeitsplatzgestaltung\"],\"inLanguage\":\"de\"},{\"@type\":\"WebPage\",\"@id\":\"https:\\\/\\\/www.organisator.ch\\\/en\\\/general\\\/2016-10-27\\\/aus-denz-office-ag-und-lista-office-vertriebs-ag-entsteht-die-neue-lista-office-lo\\\/\",\"url\":\"https:\\\/\\\/www.organisator.ch\\\/en\\\/general\\\/2016-10-27\\\/aus-denz-office-ag-und-lista-office-vertriebs-ag-entsteht-die-neue-lista-office-lo\\\/\",\"name\":\"Aus Denz Office AG und Lista Office Vertriebs AG entsteht die neue Lista Office LO - Organisator\",\"isPartOf\":{\"@id\":\"https:\\\/\\\/www.organisator.ch\\\/#website\"},\"primaryImageOfPage\":{\"@id\":\"https:\\\/\\\/www.organisator.ch\\\/en\\\/general\\\/2016-10-27\\\/aus-denz-office-ag-und-lista-office-vertriebs-ag-entsteht-die-neue-lista-office-lo\\\/#primaryimage\"},\"image\":{\"@id\":\"https:\\\/\\\/www.organisator.ch\\\/en\\\/general\\\/2016-10-27\\\/aus-denz-office-ag-und-lista-office-vertriebs-ag-entsteht-die-neue-lista-office-lo\\\/#primaryimage\"},\"thumbnailUrl\":\"https:\\\/\\\/www.organisator.ch\\\/wp-content\\\/uploads\\\/2016\\\/12\\\/Aus-Denz-Office-AG-und-Lista-Office-Vertriebs-AG-entsteht-die-neue-Lista-Office-LO-organisator.jpg\",\"datePublished\":\"2016-10-27T11:39:59+00:00\",\"description\":\"Mit dem Zusammenschluss der Schweizer B\u00fcrospezialisten Denz Office AG und Lista Office Vertriebs AG entsteht am 1. November 2016 die Lista Office LO.\",\"breadcrumb\":{\"@id\":\"https:\\\/\\\/www.organisator.ch\\\/en\\\/general\\\/2016-10-27\\\/aus-denz-office-ag-und-lista-office-vertriebs-ag-entsteht-die-neue-lista-office-lo\\\/#breadcrumb\"},\"inLanguage\":\"de\",\"potentialAction\":[{\"@type\":\"ReadAction\",\"target\":[\"https:\\\/\\\/www.organisator.ch\\\/en\\\/general\\\/2016-10-27\\\/aus-denz-office-ag-und-lista-office-vertriebs-ag-entsteht-die-neue-lista-office-lo\\\/\"]}]},{\"@type\":\"ImageObject\",\"inLanguage\":\"de\",\"@id\":\"https:\\\/\\\/www.organisator.ch\\\/en\\\/general\\\/2016-10-27\\\/aus-denz-office-ag-und-lista-office-vertriebs-ag-entsteht-die-neue-lista-office-lo\\\/#primaryimage\",\"url\":\"https:\\\/\\\/www.organisator.ch\\\/wp-content\\\/uploads\\\/2016\\\/12\\\/Aus-Denz-Office-AG-und-Lista-Office-Vertriebs-AG-entsteht-die-neue-Lista-Office-LO-organisator.jpg\",\"contentUrl\":\"https:\\\/\\\/www.organisator.ch\\\/wp-content\\\/uploads\\\/2016\\\/12\\\/Aus-Denz-Office-AG-und-Lista-Office-Vertriebs-AG-entsteht-die-neue-Lista-Office-LO-organisator.jpg\",\"width\":600,\"height\":480,\"caption\":\"(Copyright: ListaOffice)\"},{\"@type\":\"BreadcrumbList\",\"@id\":\"https:\\\/\\\/www.organisator.ch\\\/en\\\/general\\\/2016-10-27\\\/aus-denz-office-ag-und-lista-office-vertriebs-ag-entsteht-die-neue-lista-office-lo\\\/#breadcrumb\",\"itemListElement\":[{\"@type\":\"ListItem\",\"position\":1,\"name\":\"Home\",\"item\":\"https:\\\/\\\/www.organisator.ch\\\/\"},{\"@type\":\"ListItem\",\"position\":2,\"name\":\"Aus Denz Office AG und Lista Office Vertriebs AG entsteht die neue Lista Office LO\"}]},{\"@type\":\"WebSite\",\"@id\":\"https:\\\/\\\/www.organisator.ch\\\/#website\",\"url\":\"https:\\\/\\\/www.organisator.ch\\\/\",\"name\":\"Organisator\",\"description\":\"Kompetent. Praxisnah. Der ORGANISATOR bereitet in 10 Ausgaben pro Jahr die wesentlichen Themen f\u00fcr F\u00fchrungskr\u00e4fte von KMU auf.\",\"publisher\":{\"@id\":\"https:\\\/\\\/www.organisator.ch\\\/#organization\"},\"potentialAction\":[{\"@type\":\"SearchAction\",\"target\":{\"@type\":\"EntryPoint\",\"urlTemplate\":\"https:\\\/\\\/www.organisator.ch\\\/?s={search_term_string}\"},\"query-input\":{\"@type\":\"PropertyValueSpecification\",\"valueRequired\":true,\"valueName\":\"search_term_string\"}}],\"inLanguage\":\"de\"},{\"@type\":\"Organization\",\"@id\":\"https:\\\/\\\/www.organisator.ch\\\/#organization\",\"name\":\"Organisator\",\"url\":\"https:\\\/\\\/www.organisator.ch\\\/\",\"logo\":{\"@type\":\"ImageObject\",\"inLanguage\":\"de\",\"@id\":\"https:\\\/\\\/www.organisator.ch\\\/#\\\/schema\\\/logo\\\/image\\\/\",\"url\":\"https:\\\/\\\/www.organisator.ch\\\/wp-content\\\/uploads\\\/2022\\\/01\\\/Logo_Organisator_Website.png\",\"contentUrl\":\"https:\\\/\\\/www.organisator.ch\\\/wp-content\\\/uploads\\\/2022\\\/01\\\/Logo_Organisator_Website.png\",\"width\":800,\"height\":77,\"caption\":\"Organisator\"},\"image\":{\"@id\":\"https:\\\/\\\/www.organisator.ch\\\/#\\\/schema\\\/logo\\\/image\\\/\"},\"sameAs\":[\"https:\\\/\\\/www.facebook.com\\\/OrganisatorFachmagazin\",\"https:\\\/\\\/www.linkedin.com\\\/showcase\\\/organisator-das-magazin-fr-kmu\",\"https:\\\/\\\/www.xing.com\\\/news\\\/pages\\\/organisator-ch-695\",\"https:\\\/\\\/www.youtube.com\\\/channel\\\/UCGP2Sq0iWaZwT3BdIAQFYpw\"]},{\"@type\":\"Person\",\"@id\":\"https:\\\/\\\/www.organisator.ch\\\/#\\\/schema\\\/person\\\/aa2bace6c5c5aad60102004a50c4eb1c\",\"name\":\"admin\",\"image\":{\"@type\":\"ImageObject\",\"inLanguage\":\"de\",\"@id\":\"https:\\\/\\\/secure.gravatar.com\\\/avatar\\\/ae2f4d718e6c49043e314ce431e7e645d646302a24a5ef5a8bc8e3f5a032e319?s=96&d=mm&r=g\",\"url\":\"https:\\\/\\\/secure.gravatar.com\\\/avatar\\\/ae2f4d718e6c49043e314ce431e7e645d646302a24a5ef5a8bc8e3f5a032e319?s=96&d=mm&r=g\",\"contentUrl\":\"https:\\\/\\\/secure.gravatar.com\\\/avatar\\\/ae2f4d718e6c49043e314ce431e7e645d646302a24a5ef5a8bc8e3f5a032e319?s=96&d=mm&r=g\",\"caption\":\"admin\"},\"sameAs\":[\"https:\\\/\\\/www.organisator.ch\"],\"url\":\"https:\\\/\\\/www.organisator.ch\\\/de\\\/author\\\/admin\\\/\"}]}<\/script>\n<!-- \/ Yoast SEO plugin. -->","yoast_head_json":{"title":"Aus Denz Office AG und Lista Office Vertriebs AG entsteht die neue Lista Office LO - Organisator","description":"Mit dem Zusammenschluss der Schweizer B\u00fcrospezialisten Denz Office AG und Lista Office Vertriebs AG entsteht am 1. November 2016 die Lista Office LO.","robots":{"index":"index","follow":"follow","max-snippet":"max-snippet:-1","max-image-preview":"max-image-preview:large","max-video-preview":"max-video-preview:-1"},"canonical":"https:\/\/www.organisator.ch\/de\/allgemein\/2016-10-27\/aus-denz-office-ag-und-lista-office-vertriebs-ag-entsteht-die-neue-lista-office-lo\/","og_locale":"de_DE","og_type":"article","og_title":"Aus Denz Office AG und Lista Office Vertriebs AG entsteht die neue Lista Office LO","og_description":"Mit dem Zusammenschluss der Schweizer B\u00fcrospezialisten Denz Office AG und Lista Office Vertriebs AG entsteht am 1. November 2016 unter dem Dach der Lista Office LO ein erweitertes Gesamtangebot mit neuen M\u00f6glichkeiten f\u00fcr die Ausstattung moderner Arbeitswelten: sowohl f\u00fcr lokale KMU, als auch f\u00fcr multinationale Grosskonzerne.","og_url":"https:\/\/www.organisator.ch\/de\/allgemein\/2016-10-27\/aus-denz-office-ag-und-lista-office-vertriebs-ag-entsteht-die-neue-lista-office-lo\/","og_site_name":"Organisator","article_publisher":"https:\/\/www.facebook.com\/OrganisatorFachmagazin","article_published_time":"2016-10-27T11:39:59+00:00","author":"admin","twitter_card":"summary_large_image","twitter_image":"https:\/\/www.organisator.ch\/wp-content\/uploads\/2016\/12\/Aus-Denz-Office-AG-und-Lista-Office-Vertriebs-AG-entsteht-die-neue-Lista-Office-LO-organisator.jpg","schema":{"@context":"https:\/\/schema.org","@graph":[{"@type":"Article","@id":"https:\/\/www.organisator.ch\/en\/general\/2016-10-27\/aus-denz-office-ag-und-lista-office-vertriebs-ag-entsteht-die-neue-lista-office-lo\/#article","isPartOf":{"@id":"https:\/\/www.organisator.ch\/en\/general\/2016-10-27\/aus-denz-office-ag-und-lista-office-vertriebs-ag-entsteht-die-neue-lista-office-lo\/"},"author":{"name":"admin","@id":"https:\/\/www.organisator.ch\/#\/schema\/person\/aa2bace6c5c5aad60102004a50c4eb1c"},"headline":"Aus Denz Office AG und Lista Office Vertriebs AG entsteht die neue Lista Office LO","datePublished":"2016-10-27T11:39:59+00:00","mainEntityOfPage":{"@id":"https:\/\/www.organisator.ch\/en\/general\/2016-10-27\/aus-denz-office-ag-und-lista-office-vertriebs-ag-entsteht-die-neue-lista-office-lo\/"},"wordCount":222,"commentCount":0,"publisher":{"@id":"https:\/\/www.organisator.ch\/#organization"},"image":{"@id":"https:\/\/www.organisator.ch\/en\/general\/2016-10-27\/aus-denz-office-ag-und-lista-office-vertriebs-ag-entsteht-die-neue-lista-office-lo\/#primaryimage"},"thumbnailUrl":"https:\/\/www.organisator.ch\/wp-content\/uploads\/2016\/12\/Aus-Denz-Office-AG-und-Lista-Office-Vertriebs-AG-entsteht-die-neue-Lista-Office-LO-organisator.jpg","keywords":["Arbeitsplatzgestaltung"],"inLanguage":"de"},{"@type":"WebPage","@id":"https:\/\/www.organisator.ch\/en\/general\/2016-10-27\/aus-denz-office-ag-und-lista-office-vertriebs-ag-entsteht-die-neue-lista-office-lo\/","url":"https:\/\/www.organisator.ch\/en\/general\/2016-10-27\/aus-denz-office-ag-und-lista-office-vertriebs-ag-entsteht-die-neue-lista-office-lo\/","name":"Aus Denz Office AG und Lista Office Vertriebs AG entsteht die neue Lista Office LO - Organisator","isPartOf":{"@id":"https:\/\/www.organisator.ch\/#website"},"primaryImageOfPage":{"@id":"https:\/\/www.organisator.ch\/en\/general\/2016-10-27\/aus-denz-office-ag-und-lista-office-vertriebs-ag-entsteht-die-neue-lista-office-lo\/#primaryimage"},"image":{"@id":"https:\/\/www.organisator.ch\/en\/general\/2016-10-27\/aus-denz-office-ag-und-lista-office-vertriebs-ag-entsteht-die-neue-lista-office-lo\/#primaryimage"},"thumbnailUrl":"https:\/\/www.organisator.ch\/wp-content\/uploads\/2016\/12\/Aus-Denz-Office-AG-und-Lista-Office-Vertriebs-AG-entsteht-die-neue-Lista-Office-LO-organisator.jpg","datePublished":"2016-10-27T11:39:59+00:00","description":"Mit dem Zusammenschluss der Schweizer B\u00fcrospezialisten Denz Office AG und Lista Office Vertriebs AG entsteht am 1. November 2016 die Lista Office LO.","breadcrumb":{"@id":"https:\/\/www.organisator.ch\/en\/general\/2016-10-27\/aus-denz-office-ag-und-lista-office-vertriebs-ag-entsteht-die-neue-lista-office-lo\/#breadcrumb"},"inLanguage":"de","potentialAction":[{"@type":"ReadAction","target":["https:\/\/www.organisator.ch\/en\/general\/2016-10-27\/aus-denz-office-ag-und-lista-office-vertriebs-ag-entsteht-die-neue-lista-office-lo\/"]}]},{"@type":"ImageObject","inLanguage":"de","@id":"https:\/\/www.organisator.ch\/en\/general\/2016-10-27\/aus-denz-office-ag-und-lista-office-vertriebs-ag-entsteht-die-neue-lista-office-lo\/#primaryimage","url":"https:\/\/www.organisator.ch\/wp-content\/uploads\/2016\/12\/Aus-Denz-Office-AG-und-Lista-Office-Vertriebs-AG-entsteht-die-neue-Lista-Office-LO-organisator.jpg","contentUrl":"https:\/\/www.organisator.ch\/wp-content\/uploads\/2016\/12\/Aus-Denz-Office-AG-und-Lista-Office-Vertriebs-AG-entsteht-die-neue-Lista-Office-LO-organisator.jpg","width":600,"height":480,"caption":"(Copyright: ListaOffice)"},{"@type":"BreadcrumbList","@id":"https:\/\/www.organisator.ch\/en\/general\/2016-10-27\/aus-denz-office-ag-und-lista-office-vertriebs-ag-entsteht-die-neue-lista-office-lo\/#breadcrumb","itemListElement":[{"@type":"ListItem","position":1,"name":"Home","item":"https:\/\/www.organisator.ch\/"},{"@type":"ListItem","position":2,"name":"Aus Denz Office AG und Lista Office Vertriebs AG entsteht die neue Lista Office LO"}]},{"@type":"WebSite","@id":"https:\/\/www.organisator.ch\/#website","url":"https:\/\/www.organisator.ch\/","name":"Organisator","description":"Kompetent. Praxisnah. Der ORGANISATOR bereitet in 10 Ausgaben pro Jahr die wesentlichen Themen f\u00fcr F\u00fchrungskr\u00e4fte von KMU auf.","publisher":{"@id":"https:\/\/www.organisator.ch\/#organization"},"potentialAction":[{"@type":"SearchAction","target":{"@type":"EntryPoint","urlTemplate":"https:\/\/www.organisator.ch\/?s={search_term_string}"},"query-input":{"@type":"PropertyValueSpecification","valueRequired":true,"valueName":"search_term_string"}}],"inLanguage":"de"},{"@type":"Organization","@id":"https:\/\/www.organisator.ch\/#organization","name":"Organisator","url":"https:\/\/www.organisator.ch\/","logo":{"@type":"ImageObject","inLanguage":"de","@id":"https:\/\/www.organisator.ch\/#\/schema\/logo\/image\/","url":"https:\/\/www.organisator.ch\/wp-content\/uploads\/2022\/01\/Logo_Organisator_Website.png","contentUrl":"https:\/\/www.organisator.ch\/wp-content\/uploads\/2022\/01\/Logo_Organisator_Website.png","width":800,"height":77,"caption":"Organisator"},"image":{"@id":"https:\/\/www.organisator.ch\/#\/schema\/logo\/image\/"},"sameAs":["https:\/\/www.facebook.com\/OrganisatorFachmagazin","https:\/\/www.linkedin.com\/showcase\/organisator-das-magazin-fr-kmu","https:\/\/www.xing.com\/news\/pages\/organisator-ch-695","https:\/\/www.youtube.com\/channel\/UCGP2Sq0iWaZwT3BdIAQFYpw"]},{"@type":"Person","@id":"https:\/\/www.organisator.ch\/#\/schema\/person\/aa2bace6c5c5aad60102004a50c4eb1c","name":"admin","image":{"@type":"ImageObject","inLanguage":"de","@id":"https:\/\/secure.gravatar.com\/avatar\/ae2f4d718e6c49043e314ce431e7e645d646302a24a5ef5a8bc8e3f5a032e319?s=96&d=mm&r=g","url":"https:\/\/secure.gravatar.com\/avatar\/ae2f4d718e6c49043e314ce431e7e645d646302a24a5ef5a8bc8e3f5a032e319?s=96&d=mm&r=g","contentUrl":"https:\/\/secure.gravatar.com\/avatar\/ae2f4d718e6c49043e314ce431e7e645d646302a24a5ef5a8bc8e3f5a032e319?s=96&d=mm&r=g","caption":"admin"},"sameAs":["https:\/\/www.organisator.ch"],"url":"https:\/\/www.organisator.ch\/de\/author\/admin\/"}]}},"_links":{"self":[{"href":"https:\/\/www.organisator.ch\/de\/wp-json\/wp\/v2\/posts\/614","targetHints":{"allow":["GET"]}}],"collection":[{"href":"https:\/\/www.organisator.ch\/de\/wp-json\/wp\/v2\/posts"}],"about":[{"href":"https:\/\/www.organisator.ch\/de\/wp-json\/wp\/v2\/types\/post"}],"author":[{"embeddable":true,"href":"https:\/\/www.organisator.ch\/de\/wp-json\/wp\/v2\/users\/1"}],"replies":[{"embeddable":true,"href":"https:\/\/www.organisator.ch\/de\/wp-json\/wp\/v2\/comments?post=614"}],"version-history":[{"count":0,"href":"https:\/\/www.organisator.ch\/de\/wp-json\/wp\/v2\/posts\/614\/revisions"}],"wp:featuredmedia":[{"embeddable":true,"href":"https:\/\/www.organisator.ch\/de\/wp-json\/wp\/v2\/media\/615"}],"wp:attachment":[{"href":"https:\/\/www.organisator.ch\/de\/wp-json\/wp\/v2\/media?parent=614"}],"wp:term":[{"taxonomy":"category","embeddable":true,"href":"https:\/\/www.organisator.ch\/de\/wp-json\/wp\/v2\/categories?post=614"},{"taxonomy":"post_tag","embeddable":true,"href":"https:\/\/www.organisator.ch\/de\/wp-json\/wp\/v2\/tags?post=614"}],"curies":[{"name":"wp","href":"https:\/\/api.w.org\/{rel}","templated":true}]}}