{"id":622,"date":"2016-10-26T13:43:44","date_gmt":"2016-10-26T11:43:44","guid":{"rendered":"http:\/\/dev.organisator.ch\/?p=622"},"modified":"2016-10-26T13:43:44","modified_gmt":"2016-10-26T11:43:44","slug":"master-messe-2016-die-messe-fuer-aus-und-weiterbildung","status":"publish","type":"post","link":"https:\/\/www.organisator.ch\/de\/human-resources\/fit_im_job\/2016-10-26\/master-messe-2016-die-messe-fuer-aus-und-weiterbildung\/","title":{"rendered":"Master-Messe 2016 &#8211; die Messe f\u00fcr Aus- und Weiterbildung"},"content":{"rendered":"<figure id=\"attachment_623\" aria-describedby=\"caption-attachment-623\" style=\"width: 640px\" class=\"wp-caption alignnone\"><img loading=\"lazy\" decoding=\"async\" class=\"size-full wp-image-623\" src=\"https:\/\/www.organisator.ch\/wp-content\/uploads\/2016\/12\/Master-Messe-2016-die-Messe-fuer-Aus-und-Weiterbildung-organisator.jpg\" alt=\"\" width=\"640\" height=\"426\" srcset=\"https:\/\/www.organisator.ch\/wp-content\/uploads\/2016\/12\/Master-Messe-2016-die-Messe-fuer-Aus-und-Weiterbildung-organisator.jpg 640w, https:\/\/www.organisator.ch\/wp-content\/uploads\/2016\/12\/Master-Messe-2016-die-Messe-fuer-Aus-und-Weiterbildung-organisator-16x12.jpg 16w, https:\/\/www.organisator.ch\/wp-content\/uploads\/2016\/12\/Master-Messe-2016-die-Messe-fuer-Aus-und-Weiterbildung-organisator-263x175.jpg 263w, https:\/\/www.organisator.ch\/wp-content\/uploads\/2016\/12\/Master-Messe-2016-die-Messe-fuer-Aus-und-Weiterbildung-organisator-526x350.jpg 526w, https:\/\/www.organisator.ch\/wp-content\/uploads\/2016\/12\/Master-Messe-2016-die-Messe-fuer-Aus-und-Weiterbildung-organisator-300x200.jpg 300w\" sizes=\"auto, (max-width: 640px) 100vw, 640px\" \/><figcaption id=\"caption-attachment-623\" class=\"wp-caption-text\">Bei einer Online-Registrierung bis (sp\u00e4t. 16. November 2016) ist der Eintritt in Z\u00fcrich-Oerlikon kostenlos. (Bild: zVg)<\/figcaption><\/figure>\n<p>Neben mehr als 30 renommierten Hochschulen aus der Schweiz und dem nahen Ausland pr\u00e4sentiert an der diesj\u00e4hrigen Master-Messe auch das Gastland Australien ihre Aus- und Weiterbildungsm\u00f6glichkeiten auf Master-Stufe.<\/p>\n<p><strong>Diverse Experten<\/strong><\/p>\n<p>Die Besucher erwartet ein spannendes Programm mit Ausstellungsst\u00e4nden, Vortr\u00e4gen und Podiumsdiskussionen \u00fcber die verschiedenen Angebote auf Master-Stufe (MA, MSc, CAS, DAS, MAS, MBA, EMBA). Zudem k\u00f6nnen sich die Besucher der Master-Messe in pers\u00f6nlichen Gespr\u00e4chen kostenlos von Studien- und Laufbahnexperten beraten lassen.<\/p>\n<p>Die Master-Messe findet von\u00a0 Mittwoch, 23. November bis Donnerstag, 24. November 2016 im StageOne in Z\u00fcrich-Oerlikon statt. Bei einer Online-Registrierung bis sp\u00e4testens 16. November 2016 ist der Eintritt kostenlos.<\/p>\n<p><a href=\"http:\/\/www.master-messe.ch\" target=\"_blank\" rel=\"noreferrer noopener\" data-cke-saved-href=\"http:\/\/www.master-messe.ch\">http:\/\/www.master-messe.ch<\/a><\/p>\n","protected":false},"excerpt":{"rendered":"<p>Neben mehr als 30 renommierten Hochschulen aus der Schweiz und dem nahen Ausland pr\u00e4sentiert an der diesj\u00e4hrigen Master-Messe auch das Gastland Australien ihre Aus- und Weiterbildungsm\u00f6glichkeiten auf Master-Stufe. Diverse Experten Die Besucher erwartet ein spannendes Programm mit Ausstellungsst\u00e4nden, Vortr\u00e4gen und Podiumsdiskussionen \u00fcber die verschiedenen Angebote auf Master-Stufe (MA, MSc, CAS, DAS, MAS, MBA, EMBA). Zudem [&hellip;]<\/p>\n","protected":false},"author":1,"featured_media":623,"comment_status":"open","ping_status":"open","sticky":false,"template":"","format":"standard","meta":{"_acf_changed":false,"_yoast_wpseo_focuskw":"Master-Messe","_yoast_wpseo_metadesc":"Die Master-Messe ist die gr\u00f6sste Schweizer Messe, an der mehr als 400 konsekutive und weiterbildende Master-Studieng\u00e4nge vorgestellt werden.","articlekey":"","footnotes":""},"categories":[25],"tags":[62,208],"class_list":["post-622","post","type-post","status-publish","format-standard","has-post-thumbnail","hentry","category-fit_im_job","tag-aus-weiterbildung","tag-fit-im-job"],"acf":[],"yoast_head":"<!-- This site is optimized with the Yoast SEO plugin v27.5 - https:\/\/yoast.com\/product\/yoast-seo-wordpress\/ -->\n<title>Master-Messe 2016 - die Messe f\u00fcr Aus- und Weiterbildung - Organisator<\/title>\n<meta name=\"description\" content=\"Die Master-Messe ist die gr\u00f6sste Schweizer Messe, an der mehr als 400 konsekutive und weiterbildende Master-Studieng\u00e4nge vorgestellt werden.\" \/>\n<meta name=\"robots\" content=\"index, follow, max-snippet:-1, max-image-preview:large, max-video-preview:-1\" \/>\n<link rel=\"canonical\" href=\"https:\/\/www.organisator.ch\/de\/human-resources\/fit_im_job\/2016-10-26\/master-messe-2016-die-messe-fuer-aus-und-weiterbildung\/\" \/>\n<meta property=\"og:locale\" content=\"de_DE\" \/>\n<meta property=\"og:type\" content=\"article\" \/>\n<meta property=\"og:title\" content=\"Master-Messe 2016 - die Messe f\u00fcr Aus- und Weiterbildung\" \/>\n<meta property=\"og:description\" content=\"Die Master-Messe ist die gr\u00f6sste Schweizer Messe, an welcher Fachhochschulen, universit\u00e4re Hochschulen und Business-Schools mehr als 400 konsekutive und weiterbildende Master-Studieng\u00e4nge vorstellen.\" \/>\n<meta property=\"og:url\" content=\"https:\/\/www.organisator.ch\/de\/human-resources\/fit_im_job\/2016-10-26\/master-messe-2016-die-messe-fuer-aus-und-weiterbildung\/\" \/>\n<meta property=\"og:site_name\" content=\"Organisator\" \/>\n<meta property=\"article:publisher\" content=\"https:\/\/www.facebook.com\/OrganisatorFachmagazin\" \/>\n<meta property=\"article:published_time\" content=\"2016-10-26T11:43:44+00:00\" \/>\n<meta name=\"author\" content=\"admin\" \/>\n<meta name=\"twitter:card\" content=\"summary_large_image\" \/>\n<meta name=\"twitter:image\" content=\"https:\/\/www.organisator.ch\/wp-content\/uploads\/2016\/12\/Master-Messe-2016-die-Messe-fuer-Aus-und-Weiterbildung-organisator.jpg\" \/>\n<script type=\"application\/ld+json\" class=\"yoast-schema-graph\">{\"@context\":\"https:\\\/\\\/schema.org\",\"@graph\":[{\"@type\":\"Article\",\"@id\":\"https:\\\/\\\/www.organisator.ch\\\/human-resources\\\/fit_im_job\\\/2016-10-26\\\/master-messe-2016-die-messe-fuer-aus-und-weiterbildung\\\/#article\",\"isPartOf\":{\"@id\":\"https:\\\/\\\/www.organisator.ch\\\/human-resources\\\/fit_im_job\\\/2016-10-26\\\/master-messe-2016-die-messe-fuer-aus-und-weiterbildung\\\/\"},\"author\":{\"name\":\"admin\",\"@id\":\"https:\\\/\\\/www.organisator.ch\\\/#\\\/schema\\\/person\\\/aa2bace6c5c5aad60102004a50c4eb1c\"},\"headline\":\"Master-Messe 2016 &#8211; die Messe f\u00fcr Aus- und Weiterbildung\",\"datePublished\":\"2016-10-26T11:43:44+00:00\",\"mainEntityOfPage\":{\"@id\":\"https:\\\/\\\/www.organisator.ch\\\/human-resources\\\/fit_im_job\\\/2016-10-26\\\/master-messe-2016-die-messe-fuer-aus-und-weiterbildung\\\/\"},\"wordCount\":140,\"commentCount\":0,\"publisher\":{\"@id\":\"https:\\\/\\\/www.organisator.ch\\\/#organization\"},\"image\":{\"@id\":\"https:\\\/\\\/www.organisator.ch\\\/human-resources\\\/fit_im_job\\\/2016-10-26\\\/master-messe-2016-die-messe-fuer-aus-und-weiterbildung\\\/#primaryimage\"},\"thumbnailUrl\":\"https:\\\/\\\/www.organisator.ch\\\/wp-content\\\/uploads\\\/2016\\\/12\\\/Master-Messe-2016-die-Messe-fuer-Aus-und-Weiterbildung-organisator.jpg\",\"keywords\":[\"Aus-\\\/Weiterbildung\",\"Fit im Job\"],\"articleSection\":[\"FIT IM JOB\"],\"inLanguage\":\"de\"},{\"@type\":\"WebPage\",\"@id\":\"https:\\\/\\\/www.organisator.ch\\\/human-resources\\\/fit_im_job\\\/2016-10-26\\\/master-messe-2016-die-messe-fuer-aus-und-weiterbildung\\\/\",\"url\":\"https:\\\/\\\/www.organisator.ch\\\/human-resources\\\/fit_im_job\\\/2016-10-26\\\/master-messe-2016-die-messe-fuer-aus-und-weiterbildung\\\/\",\"name\":\"Master-Messe 2016 - die Messe f\u00fcr Aus- und Weiterbildung - Organisator\",\"isPartOf\":{\"@id\":\"https:\\\/\\\/www.organisator.ch\\\/#website\"},\"primaryImageOfPage\":{\"@id\":\"https:\\\/\\\/www.organisator.ch\\\/human-resources\\\/fit_im_job\\\/2016-10-26\\\/master-messe-2016-die-messe-fuer-aus-und-weiterbildung\\\/#primaryimage\"},\"image\":{\"@id\":\"https:\\\/\\\/www.organisator.ch\\\/human-resources\\\/fit_im_job\\\/2016-10-26\\\/master-messe-2016-die-messe-fuer-aus-und-weiterbildung\\\/#primaryimage\"},\"thumbnailUrl\":\"https:\\\/\\\/www.organisator.ch\\\/wp-content\\\/uploads\\\/2016\\\/12\\\/Master-Messe-2016-die-Messe-fuer-Aus-und-Weiterbildung-organisator.jpg\",\"datePublished\":\"2016-10-26T11:43:44+00:00\",\"description\":\"Die Master-Messe ist die gr\u00f6sste Schweizer Messe, an der mehr als 400 konsekutive und weiterbildende Master-Studieng\u00e4nge vorgestellt werden.\",\"breadcrumb\":{\"@id\":\"https:\\\/\\\/www.organisator.ch\\\/human-resources\\\/fit_im_job\\\/2016-10-26\\\/master-messe-2016-die-messe-fuer-aus-und-weiterbildung\\\/#breadcrumb\"},\"inLanguage\":\"de\",\"potentialAction\":[{\"@type\":\"ReadAction\",\"target\":[\"https:\\\/\\\/www.organisator.ch\\\/human-resources\\\/fit_im_job\\\/2016-10-26\\\/master-messe-2016-die-messe-fuer-aus-und-weiterbildung\\\/\"]}]},{\"@type\":\"ImageObject\",\"inLanguage\":\"de\",\"@id\":\"https:\\\/\\\/www.organisator.ch\\\/human-resources\\\/fit_im_job\\\/2016-10-26\\\/master-messe-2016-die-messe-fuer-aus-und-weiterbildung\\\/#primaryimage\",\"url\":\"https:\\\/\\\/www.organisator.ch\\\/wp-content\\\/uploads\\\/2016\\\/12\\\/Master-Messe-2016-die-Messe-fuer-Aus-und-Weiterbildung-organisator.jpg\",\"contentUrl\":\"https:\\\/\\\/www.organisator.ch\\\/wp-content\\\/uploads\\\/2016\\\/12\\\/Master-Messe-2016-die-Messe-fuer-Aus-und-Weiterbildung-organisator.jpg\",\"width\":640,\"height\":426,\"caption\":\"Bei einer Online-Registrierung bis (sp\u00e4t. 16. November 2016) ist der Eintritt in Z\u00fcrich-Oerlikon kostenlos. (Bild: zVg)\"},{\"@type\":\"BreadcrumbList\",\"@id\":\"https:\\\/\\\/www.organisator.ch\\\/human-resources\\\/fit_im_job\\\/2016-10-26\\\/master-messe-2016-die-messe-fuer-aus-und-weiterbildung\\\/#breadcrumb\",\"itemListElement\":[{\"@type\":\"ListItem\",\"position\":1,\"name\":\"Home\",\"item\":\"https:\\\/\\\/www.organisator.ch\\\/\"},{\"@type\":\"ListItem\",\"position\":2,\"name\":\"Master-Messe 2016 &#8211; die Messe f\u00fcr Aus- und Weiterbildung\"}]},{\"@type\":\"WebSite\",\"@id\":\"https:\\\/\\\/www.organisator.ch\\\/#website\",\"url\":\"https:\\\/\\\/www.organisator.ch\\\/\",\"name\":\"Organisator\",\"description\":\"Kompetent. Praxisnah. Der ORGANISATOR bereitet in 10 Ausgaben pro Jahr die wesentlichen Themen f\u00fcr F\u00fchrungskr\u00e4fte von KMU auf.\",\"publisher\":{\"@id\":\"https:\\\/\\\/www.organisator.ch\\\/#organization\"},\"potentialAction\":[{\"@type\":\"SearchAction\",\"target\":{\"@type\":\"EntryPoint\",\"urlTemplate\":\"https:\\\/\\\/www.organisator.ch\\\/?s={search_term_string}\"},\"query-input\":{\"@type\":\"PropertyValueSpecification\",\"valueRequired\":true,\"valueName\":\"search_term_string\"}}],\"inLanguage\":\"de\"},{\"@type\":\"Organization\",\"@id\":\"https:\\\/\\\/www.organisator.ch\\\/#organization\",\"name\":\"Organisator\",\"url\":\"https:\\\/\\\/www.organisator.ch\\\/\",\"logo\":{\"@type\":\"ImageObject\",\"inLanguage\":\"de\",\"@id\":\"https:\\\/\\\/www.organisator.ch\\\/#\\\/schema\\\/logo\\\/image\\\/\",\"url\":\"https:\\\/\\\/www.organisator.ch\\\/wp-content\\\/uploads\\\/2022\\\/01\\\/Logo_Organisator_Website.png\",\"contentUrl\":\"https:\\\/\\\/www.organisator.ch\\\/wp-content\\\/uploads\\\/2022\\\/01\\\/Logo_Organisator_Website.png\",\"width\":800,\"height\":77,\"caption\":\"Organisator\"},\"image\":{\"@id\":\"https:\\\/\\\/www.organisator.ch\\\/#\\\/schema\\\/logo\\\/image\\\/\"},\"sameAs\":[\"https:\\\/\\\/www.facebook.com\\\/OrganisatorFachmagazin\",\"https:\\\/\\\/www.linkedin.com\\\/showcase\\\/organisator-das-magazin-fr-kmu\",\"https:\\\/\\\/www.xing.com\\\/news\\\/pages\\\/organisator-ch-695\",\"https:\\\/\\\/www.youtube.com\\\/channel\\\/UCGP2Sq0iWaZwT3BdIAQFYpw\"]},{\"@type\":\"Person\",\"@id\":\"https:\\\/\\\/www.organisator.ch\\\/#\\\/schema\\\/person\\\/aa2bace6c5c5aad60102004a50c4eb1c\",\"name\":\"admin\",\"image\":{\"@type\":\"ImageObject\",\"inLanguage\":\"de\",\"@id\":\"https:\\\/\\\/secure.gravatar.com\\\/avatar\\\/ae2f4d718e6c49043e314ce431e7e645d646302a24a5ef5a8bc8e3f5a032e319?s=96&d=mm&r=g\",\"url\":\"https:\\\/\\\/secure.gravatar.com\\\/avatar\\\/ae2f4d718e6c49043e314ce431e7e645d646302a24a5ef5a8bc8e3f5a032e319?s=96&d=mm&r=g\",\"contentUrl\":\"https:\\\/\\\/secure.gravatar.com\\\/avatar\\\/ae2f4d718e6c49043e314ce431e7e645d646302a24a5ef5a8bc8e3f5a032e319?s=96&d=mm&r=g\",\"caption\":\"admin\"},\"sameAs\":[\"https:\\\/\\\/www.organisator.ch\"],\"url\":\"https:\\\/\\\/www.organisator.ch\\\/de\\\/author\\\/admin\\\/\"}]}<\/script>\n<!-- \/ Yoast SEO plugin. -->","yoast_head_json":{"title":"Master-Messe 2016 - die Messe f\u00fcr Aus- und Weiterbildung - Organisator","description":"Die Master-Messe ist die gr\u00f6sste Schweizer Messe, an der mehr als 400 konsekutive und weiterbildende Master-Studieng\u00e4nge vorgestellt werden.","robots":{"index":"index","follow":"follow","max-snippet":"max-snippet:-1","max-image-preview":"max-image-preview:large","max-video-preview":"max-video-preview:-1"},"canonical":"https:\/\/www.organisator.ch\/de\/human-resources\/fit_im_job\/2016-10-26\/master-messe-2016-die-messe-fuer-aus-und-weiterbildung\/","og_locale":"de_DE","og_type":"article","og_title":"Master-Messe 2016 - die Messe f\u00fcr Aus- und Weiterbildung","og_description":"Die Master-Messe ist die gr\u00f6sste Schweizer Messe, an welcher Fachhochschulen, universit\u00e4re Hochschulen und Business-Schools mehr als 400 konsekutive und weiterbildende Master-Studieng\u00e4nge vorstellen.","og_url":"https:\/\/www.organisator.ch\/de\/human-resources\/fit_im_job\/2016-10-26\/master-messe-2016-die-messe-fuer-aus-und-weiterbildung\/","og_site_name":"Organisator","article_publisher":"https:\/\/www.facebook.com\/OrganisatorFachmagazin","article_published_time":"2016-10-26T11:43:44+00:00","author":"admin","twitter_card":"summary_large_image","twitter_image":"https:\/\/www.organisator.ch\/wp-content\/uploads\/2016\/12\/Master-Messe-2016-die-Messe-fuer-Aus-und-Weiterbildung-organisator.jpg","schema":{"@context":"https:\/\/schema.org","@graph":[{"@type":"Article","@id":"https:\/\/www.organisator.ch\/human-resources\/fit_im_job\/2016-10-26\/master-messe-2016-die-messe-fuer-aus-und-weiterbildung\/#article","isPartOf":{"@id":"https:\/\/www.organisator.ch\/human-resources\/fit_im_job\/2016-10-26\/master-messe-2016-die-messe-fuer-aus-und-weiterbildung\/"},"author":{"name":"admin","@id":"https:\/\/www.organisator.ch\/#\/schema\/person\/aa2bace6c5c5aad60102004a50c4eb1c"},"headline":"Master-Messe 2016 &#8211; die Messe f\u00fcr Aus- und Weiterbildung","datePublished":"2016-10-26T11:43:44+00:00","mainEntityOfPage":{"@id":"https:\/\/www.organisator.ch\/human-resources\/fit_im_job\/2016-10-26\/master-messe-2016-die-messe-fuer-aus-und-weiterbildung\/"},"wordCount":140,"commentCount":0,"publisher":{"@id":"https:\/\/www.organisator.ch\/#organization"},"image":{"@id":"https:\/\/www.organisator.ch\/human-resources\/fit_im_job\/2016-10-26\/master-messe-2016-die-messe-fuer-aus-und-weiterbildung\/#primaryimage"},"thumbnailUrl":"https:\/\/www.organisator.ch\/wp-content\/uploads\/2016\/12\/Master-Messe-2016-die-Messe-fuer-Aus-und-Weiterbildung-organisator.jpg","keywords":["Aus-\/Weiterbildung","Fit im Job"],"articleSection":["FIT IM JOB"],"inLanguage":"de"},{"@type":"WebPage","@id":"https:\/\/www.organisator.ch\/human-resources\/fit_im_job\/2016-10-26\/master-messe-2016-die-messe-fuer-aus-und-weiterbildung\/","url":"https:\/\/www.organisator.ch\/human-resources\/fit_im_job\/2016-10-26\/master-messe-2016-die-messe-fuer-aus-und-weiterbildung\/","name":"Master-Messe 2016 - die Messe f\u00fcr Aus- und Weiterbildung - Organisator","isPartOf":{"@id":"https:\/\/www.organisator.ch\/#website"},"primaryImageOfPage":{"@id":"https:\/\/www.organisator.ch\/human-resources\/fit_im_job\/2016-10-26\/master-messe-2016-die-messe-fuer-aus-und-weiterbildung\/#primaryimage"},"image":{"@id":"https:\/\/www.organisator.ch\/human-resources\/fit_im_job\/2016-10-26\/master-messe-2016-die-messe-fuer-aus-und-weiterbildung\/#primaryimage"},"thumbnailUrl":"https:\/\/www.organisator.ch\/wp-content\/uploads\/2016\/12\/Master-Messe-2016-die-Messe-fuer-Aus-und-Weiterbildung-organisator.jpg","datePublished":"2016-10-26T11:43:44+00:00","description":"Die Master-Messe ist die gr\u00f6sste Schweizer Messe, an der mehr als 400 konsekutive und weiterbildende Master-Studieng\u00e4nge vorgestellt werden.","breadcrumb":{"@id":"https:\/\/www.organisator.ch\/human-resources\/fit_im_job\/2016-10-26\/master-messe-2016-die-messe-fuer-aus-und-weiterbildung\/#breadcrumb"},"inLanguage":"de","potentialAction":[{"@type":"ReadAction","target":["https:\/\/www.organisator.ch\/human-resources\/fit_im_job\/2016-10-26\/master-messe-2016-die-messe-fuer-aus-und-weiterbildung\/"]}]},{"@type":"ImageObject","inLanguage":"de","@id":"https:\/\/www.organisator.ch\/human-resources\/fit_im_job\/2016-10-26\/master-messe-2016-die-messe-fuer-aus-und-weiterbildung\/#primaryimage","url":"https:\/\/www.organisator.ch\/wp-content\/uploads\/2016\/12\/Master-Messe-2016-die-Messe-fuer-Aus-und-Weiterbildung-organisator.jpg","contentUrl":"https:\/\/www.organisator.ch\/wp-content\/uploads\/2016\/12\/Master-Messe-2016-die-Messe-fuer-Aus-und-Weiterbildung-organisator.jpg","width":640,"height":426,"caption":"Bei einer Online-Registrierung bis (sp\u00e4t. 16. November 2016) ist der Eintritt in Z\u00fcrich-Oerlikon kostenlos. (Bild: zVg)"},{"@type":"BreadcrumbList","@id":"https:\/\/www.organisator.ch\/human-resources\/fit_im_job\/2016-10-26\/master-messe-2016-die-messe-fuer-aus-und-weiterbildung\/#breadcrumb","itemListElement":[{"@type":"ListItem","position":1,"name":"Home","item":"https:\/\/www.organisator.ch\/"},{"@type":"ListItem","position":2,"name":"Master-Messe 2016 &#8211; die Messe f\u00fcr Aus- und Weiterbildung"}]},{"@type":"WebSite","@id":"https:\/\/www.organisator.ch\/#website","url":"https:\/\/www.organisator.ch\/","name":"Organisator","description":"Kompetent. Praxisnah. Der ORGANISATOR bereitet in 10 Ausgaben pro Jahr die wesentlichen Themen f\u00fcr F\u00fchrungskr\u00e4fte von KMU auf.","publisher":{"@id":"https:\/\/www.organisator.ch\/#organization"},"potentialAction":[{"@type":"SearchAction","target":{"@type":"EntryPoint","urlTemplate":"https:\/\/www.organisator.ch\/?s={search_term_string}"},"query-input":{"@type":"PropertyValueSpecification","valueRequired":true,"valueName":"search_term_string"}}],"inLanguage":"de"},{"@type":"Organization","@id":"https:\/\/www.organisator.ch\/#organization","name":"Organisator","url":"https:\/\/www.organisator.ch\/","logo":{"@type":"ImageObject","inLanguage":"de","@id":"https:\/\/www.organisator.ch\/#\/schema\/logo\/image\/","url":"https:\/\/www.organisator.ch\/wp-content\/uploads\/2022\/01\/Logo_Organisator_Website.png","contentUrl":"https:\/\/www.organisator.ch\/wp-content\/uploads\/2022\/01\/Logo_Organisator_Website.png","width":800,"height":77,"caption":"Organisator"},"image":{"@id":"https:\/\/www.organisator.ch\/#\/schema\/logo\/image\/"},"sameAs":["https:\/\/www.facebook.com\/OrganisatorFachmagazin","https:\/\/www.linkedin.com\/showcase\/organisator-das-magazin-fr-kmu","https:\/\/www.xing.com\/news\/pages\/organisator-ch-695","https:\/\/www.youtube.com\/channel\/UCGP2Sq0iWaZwT3BdIAQFYpw"]},{"@type":"Person","@id":"https:\/\/www.organisator.ch\/#\/schema\/person\/aa2bace6c5c5aad60102004a50c4eb1c","name":"admin","image":{"@type":"ImageObject","inLanguage":"de","@id":"https:\/\/secure.gravatar.com\/avatar\/ae2f4d718e6c49043e314ce431e7e645d646302a24a5ef5a8bc8e3f5a032e319?s=96&d=mm&r=g","url":"https:\/\/secure.gravatar.com\/avatar\/ae2f4d718e6c49043e314ce431e7e645d646302a24a5ef5a8bc8e3f5a032e319?s=96&d=mm&r=g","contentUrl":"https:\/\/secure.gravatar.com\/avatar\/ae2f4d718e6c49043e314ce431e7e645d646302a24a5ef5a8bc8e3f5a032e319?s=96&d=mm&r=g","caption":"admin"},"sameAs":["https:\/\/www.organisator.ch"],"url":"https:\/\/www.organisator.ch\/de\/author\/admin\/"}]}},"_links":{"self":[{"href":"https:\/\/www.organisator.ch\/de\/wp-json\/wp\/v2\/posts\/622","targetHints":{"allow":["GET"]}}],"collection":[{"href":"https:\/\/www.organisator.ch\/de\/wp-json\/wp\/v2\/posts"}],"about":[{"href":"https:\/\/www.organisator.ch\/de\/wp-json\/wp\/v2\/types\/post"}],"author":[{"embeddable":true,"href":"https:\/\/www.organisator.ch\/de\/wp-json\/wp\/v2\/users\/1"}],"replies":[{"embeddable":true,"href":"https:\/\/www.organisator.ch\/de\/wp-json\/wp\/v2\/comments?post=622"}],"version-history":[{"count":0,"href":"https:\/\/www.organisator.ch\/de\/wp-json\/wp\/v2\/posts\/622\/revisions"}],"wp:featuredmedia":[{"embeddable":true,"href":"https:\/\/www.organisator.ch\/de\/wp-json\/wp\/v2\/media\/623"}],"wp:attachment":[{"href":"https:\/\/www.organisator.ch\/de\/wp-json\/wp\/v2\/media?parent=622"}],"wp:term":[{"taxonomy":"category","embeddable":true,"href":"https:\/\/www.organisator.ch\/de\/wp-json\/wp\/v2\/categories?post=622"},{"taxonomy":"post_tag","embeddable":true,"href":"https:\/\/www.organisator.ch\/de\/wp-json\/wp\/v2\/tags?post=622"}],"curies":[{"name":"wp","href":"https:\/\/api.w.org\/{rel}","templated":true}]}}