{"id":6262,"date":"2020-01-22T08:18:32","date_gmt":"2020-01-22T07:18:32","guid":{"rendered":"https:\/\/www.organisator.ch\/?p=6262"},"modified":"2020-01-22T08:18:32","modified_gmt":"2020-01-22T07:18:32","slug":"exportaussichten-ein-halbes-jahr-bis-zur-wachstumszone","status":"publish","type":"post","link":"https:\/\/www.organisator.ch\/de\/management\/finanzen_recht\/2020-01-22\/exportaussichten-ein-halbes-jahr-bis-zur-wachstumszone\/","title":{"rendered":"Exportaussichten: Ein halbes Jahr bis zur Wachstumszone"},"content":{"rendered":"<figure id=\"attachment_6263\" aria-describedby=\"caption-attachment-6263\" style=\"width: 680px\" class=\"wp-caption alignnone\"><img loading=\"lazy\" decoding=\"async\" class=\"size-medium wp-image-6263\" src=\"https:\/\/www.organisator.ch\/wp-content\/uploads\/2020\/01\/Exportaussichten-Ein-halbes-Jahr-bis-zur-Wachstumszone_Organisator.jpg\" alt=\"\" width=\"680\" height=\"510\" srcset=\"https:\/\/www.organisator.ch\/wp-content\/uploads\/2020\/01\/Exportaussichten-Ein-halbes-Jahr-bis-zur-Wachstumszone_Organisator.jpg 680w, https:\/\/www.organisator.ch\/wp-content\/uploads\/2020\/01\/Exportaussichten-Ein-halbes-Jahr-bis-zur-Wachstumszone_Organisator-16x12.jpg 16w, https:\/\/www.organisator.ch\/wp-content\/uploads\/2020\/01\/Exportaussichten-Ein-halbes-Jahr-bis-zur-Wachstumszone_Organisator-233x175.jpg 233w, https:\/\/www.organisator.ch\/wp-content\/uploads\/2020\/01\/Exportaussichten-Ein-halbes-Jahr-bis-zur-Wachstumszone_Organisator-467x350.jpg 467w, https:\/\/www.organisator.ch\/wp-content\/uploads\/2020\/01\/Exportaussichten-Ein-halbes-Jahr-bis-zur-Wachstumszone_Organisator-300x225.jpg 300w\" sizes=\"auto, (max-width: 680px) 100vw, 680px\" \/><figcaption id=\"caption-attachment-6263\" class=\"wp-caption-text\">Der neuste Schweizer Euler Hermes Export Forecast sagt eine baldige R\u00fcckkehr in die Wachstumszone voraus. (Bild: Pixabay.com)<\/figcaption><\/figure>\n<p>In den vergangenen Monaten hat der Schweizer Euler Hermes Export Forecast stetig zugelegt: Mit -0,35 Punkten notiert er aktuell deutlich h\u00f6her als noch vor drei Monaten (-0.93). Allerdings tendiert der Indikator weiterhin unter dem langfristigen nominalen Trendwachstum von 4.2 Prozent pro Jahr. Der aktuelle Barometer-Stand besagt, dass die Schweizer Exporte in drei bis sechs Monaten wieder in die Wachstumszone zur\u00fcckkehren sollten. Tempor\u00e4r d\u00fcrften deshalb die offiziellen Aussenhandelszahlen eher schwach bis moderat ausfallen. Zwar zeichnet sich f\u00fcr ganz Europa eine Besserung ab, dies jedoch auf tiefem Niveau.<\/p>\n<h2>Weltweit robuste Binnenkonjunktur<\/h2>\n<p>Weltweit stabilisierend wirkt jeweils die robuste Binnenkonjunktur, welche sich in einer soliden Besch\u00e4ftigung reflektiert. Diese wiederum st\u00fctzt das Konsumentenvertrauen und den effektiven Konsum. Stimulierend wirken zudem die rekordhohen Aktiennotierungen; die Stressindizes an den Finanzm\u00e4rkten haben neue Tiefst\u00e4nde erreicht. Der Welthandel hat die Talsohle durchschritten und w\u00e4chst nach Einsch\u00e4tzung von Euler Hermes 2020 um 1,7% (2019: 1,5%). Diesen Trend untermauern auch unter anderem steigende Frachtpreise sowie h\u00f6here Metallpreise.<\/p>\n<h2><strong>R\u00fcckkehr in die Wachstumszone<\/strong><\/h2>\n<p>\u00abDer Euler Hermes Export Forecast notierte im Jahr 2019 hartn\u00e4ckig in der negativen Zone, welche auf ein unterdurchschnittliches Wachstum hindeutete. Die negativen Meldungen auf Basis der offiziellen Aussenhandelsstatistik der Schweiz f\u00fcr das 4. Quartal \u00fcberraschten deshalb nicht\u00bb, so Stefan Ruf, CEO von Euler Hermes Schweiz. \u00abEs ist nun positiv zu werten, dass beim Euler Hermes Export Forecast eine Trendwende zu erkennen ist. Deshalb d\u00fcrfte die aktuelle Schw\u00e4chephase der Schweizer Exportindustrie tempor\u00e4rer Natur sein. Allerdings spricht die mittelfristige Abk\u00fchlung in den USA \u2013 trotz der neuen positiven Dynamik in Asien \u2013 eher f\u00fcr einen flachen Aufw\u00e4rtstrend\u00bb.<\/p>\n<h2><strong>Quartalsweise Einsch\u00e4tzung der Exportentwicklung<\/strong><\/h2>\n<p>Der Euler Hermes Export Forecast sagt die wahrscheinliche Entwicklung der Schweizer Exporte in den n\u00e4chsten Monaten voraus. Die Publikation erfolgt quartalsweise und basiert auf einer breiten und aktuellen Datenbasis. Dabei werden Fr\u00fchindikatoren der Industrie, des Transports, der Finanz- und Rohstoffm\u00e4rkte sowie neue Sentiment-Indikatoren ber\u00fccksichtigt. Rund 100 Komponenten fliessen schliesslich in ein dynamisches, pr\u00e4diktives Model ein. Gegen\u00fcber den tats\u00e4chlichen Ausfuhren der Schweizer Exportindustrie hat der Euler Hermes Export Forecast einen Vorlauf von rund sechs Monaten.<\/p>\n<h2><strong>Tool f\u00fcr die Einsch\u00e4tzung der k\u00fcnftigen Entwicklung und Risiko-Management<\/strong><\/h2>\n<p>Der Euler Hermes Export Forecast will den mittelfristigen Trend der Schweizer Exporte und Importe aufzeigen und ist ein praktisches Hilfsmittel f\u00fcr die Einsch\u00e4tzung der k\u00fcnftigen Exportentwicklung. Schweizer Exporteuren soll der Euler Hermes Export Forecast dazu dienen, ihr Risiko-Management zu st\u00e4rken. Die Exporte und die internationalen Warenstr\u00f6me an sich gelten gemeinhin als sehr solide vorlaufende Konjunkturindikatoren \u2013 schliesslich m\u00fcssen Produzenten die Vorprodukte, wie Rohstoffe und Zwischenprodukte, oft im Ausland beschaffen. Das macht den Euler Hermes Export Forecast \u2013 sozusagen als Fr\u00fchindikator des Fr\u00fchindikators \u2013 zu einem der besten verf\u00fcgbaren Konjunkturindikatoren.<\/p>\n<p><em>Quelle und weitere Informationen: <a href=\"http:\/\/www.eulerhermes.ch\">Euler Hermes Schweiz<\/a><\/em><\/p>\n","protected":false},"excerpt":{"rendered":"<p>In den vergangenen Monaten hat der Schweizer Euler Hermes Export Forecast stetig zugelegt: Mit -0,35 Punkten notiert er aktuell deutlich h\u00f6her als noch vor drei Monaten (-0.93). Allerdings tendiert der Indikator weiterhin unter dem langfristigen nominalen Trendwachstum von 4.2 Prozent pro Jahr. Der aktuelle Barometer-Stand besagt, dass die Schweizer Exporte in drei bis sechs Monaten [&hellip;]<\/p>\n","protected":false},"author":4,"featured_media":6263,"comment_status":"closed","ping_status":"closed","sticky":false,"template":"","format":"standard","meta":{"_acf_changed":false,"_yoast_wpseo_focuskw":"Wachstumszone","_yoast_wpseo_metadesc":"Der Schweizer Euler Hermes Export Forecast zeigt, dass die Schweizer Exporte in drei bis sechs Monaten wieder in die Wachstumszone zur\u00fcckkehren sollten.","articlekey":"","footnotes":""},"categories":[24],"tags":[189,202,335,340],"class_list":["post-6262","post","type-post","status-publish","format-standard","has-post-thumbnail","hentry","category-finanzen_recht","tag-export","tag-finanzenrecht","tag-management-und-unternehmensfuehrung","tag-maerkte"],"acf":[],"yoast_head":"<!-- This site is optimized with the Yoast SEO plugin v27.4 - https:\/\/yoast.com\/product\/yoast-seo-wordpress\/ -->\n<title>Exportaussichten: Ein halbes Jahr bis zur Wachstumszone - Organisator<\/title>\n<meta name=\"description\" content=\"Der Schweizer Euler Hermes Export Forecast zeigt, dass die Schweizer Exporte in drei bis sechs Monaten wieder in die Wachstumszone zur\u00fcckkehren sollten.\" \/>\n<meta name=\"robots\" content=\"index, follow, max-snippet:-1, max-image-preview:large, max-video-preview:-1\" \/>\n<link rel=\"canonical\" href=\"https:\/\/www.organisator.ch\/de\/management\/finanzen_recht\/2020-01-22\/exportaussichten-ein-halbes-jahr-bis-zur-wachstumszone\/\" \/>\n<meta property=\"og:locale\" content=\"de_DE\" \/>\n<meta property=\"og:type\" content=\"article\" \/>\n<meta property=\"og:title\" content=\"Exportaussichten: Ein halbes Jahr bis zur Wachstumszone\" \/>\n<meta property=\"og:description\" content=\"Der Schweizer Euler Hermes Export Forecast zeigt, dass die Schweizer Exporte in drei bis sechs Monaten wieder in die Wachstumszone zur\u00fcckkehren sollten.\" \/>\n<meta property=\"og:url\" content=\"https:\/\/www.organisator.ch\/de\/management\/finanzen_recht\/2020-01-22\/exportaussichten-ein-halbes-jahr-bis-zur-wachstumszone\/\" \/>\n<meta property=\"og:site_name\" content=\"Organisator\" \/>\n<meta property=\"article:publisher\" content=\"https:\/\/www.facebook.com\/OrganisatorFachmagazin\" \/>\n<meta property=\"article:published_time\" content=\"2020-01-22T07:18:32+00:00\" \/>\n<meta property=\"og:image\" content=\"https:\/\/www.organisator.ch\/wp-content\/uploads\/2020\/01\/Exportaussichten-Ein-halbes-Jahr-bis-zur-Wachstumszone_Organisator.jpg\" \/>\n\t<meta property=\"og:image:width\" content=\"680\" \/>\n\t<meta property=\"og:image:height\" content=\"510\" \/>\n\t<meta property=\"og:image:type\" content=\"image\/jpeg\" \/>\n<meta name=\"author\" content=\"thomas.berner\" \/>\n<meta name=\"twitter:card\" content=\"summary_large_image\" \/>\n<meta name=\"twitter:title\" content=\"#Exportaussichten: Ein halbes Jahr bis zur #Wachstumszone\" \/>\n<meta name=\"twitter:description\" content=\"Der Schweizer Euler Hermes Export #Forecast zeigt, dass die Schweizer Exporte in drei bis sechs Monaten wieder in die #Wachstumszone zur\u00fcckkehren sollten.\" \/>\n<meta name=\"twitter:image\" content=\"https:\/\/www.organisator.ch\/wp-content\/uploads\/2020\/01\/Exportaussichten-Ein-halbes-Jahr-bis-zur-Wachstumszone_Organisator.jpg\" \/>\n<script type=\"application\/ld+json\" class=\"yoast-schema-graph\">{\"@context\":\"https:\\\/\\\/schema.org\",\"@graph\":[{\"@type\":\"Article\",\"@id\":\"https:\\\/\\\/www.organisator.ch\\\/management\\\/finanzen_recht\\\/2020-01-22\\\/exportaussichten-ein-halbes-jahr-bis-zur-wachstumszone\\\/#article\",\"isPartOf\":{\"@id\":\"https:\\\/\\\/www.organisator.ch\\\/management\\\/finanzen_recht\\\/2020-01-22\\\/exportaussichten-ein-halbes-jahr-bis-zur-wachstumszone\\\/\"},\"author\":{\"name\":\"thomas.berner\",\"@id\":\"https:\\\/\\\/www.organisator.ch\\\/#\\\/schema\\\/person\\\/6f650f90b2842cd4c0cc334b4e36f67e\"},\"headline\":\"Exportaussichten: Ein halbes Jahr bis zur Wachstumszone\",\"datePublished\":\"2020-01-22T07:18:32+00:00\",\"mainEntityOfPage\":{\"@id\":\"https:\\\/\\\/www.organisator.ch\\\/management\\\/finanzen_recht\\\/2020-01-22\\\/exportaussichten-ein-halbes-jahr-bis-zur-wachstumszone\\\/\"},\"wordCount\":499,\"publisher\":{\"@id\":\"https:\\\/\\\/www.organisator.ch\\\/#organization\"},\"image\":{\"@id\":\"https:\\\/\\\/www.organisator.ch\\\/management\\\/finanzen_recht\\\/2020-01-22\\\/exportaussichten-ein-halbes-jahr-bis-zur-wachstumszone\\\/#primaryimage\"},\"thumbnailUrl\":\"https:\\\/\\\/www.organisator.ch\\\/wp-content\\\/uploads\\\/2020\\\/01\\\/Exportaussichten-Ein-halbes-Jahr-bis-zur-Wachstumszone_Organisator.jpg\",\"keywords\":[\"Export\",\"Finanzen\\\/Recht\",\"Management und Unternehmensf\u00fchrung\",\"M\u00e4rkte\"],\"articleSection\":[\"FINANZEN\\\/RECHT\"],\"inLanguage\":\"de\"},{\"@type\":\"WebPage\",\"@id\":\"https:\\\/\\\/www.organisator.ch\\\/management\\\/finanzen_recht\\\/2020-01-22\\\/exportaussichten-ein-halbes-jahr-bis-zur-wachstumszone\\\/\",\"url\":\"https:\\\/\\\/www.organisator.ch\\\/management\\\/finanzen_recht\\\/2020-01-22\\\/exportaussichten-ein-halbes-jahr-bis-zur-wachstumszone\\\/\",\"name\":\"Exportaussichten: Ein halbes Jahr bis zur Wachstumszone - Organisator\",\"isPartOf\":{\"@id\":\"https:\\\/\\\/www.organisator.ch\\\/#website\"},\"primaryImageOfPage\":{\"@id\":\"https:\\\/\\\/www.organisator.ch\\\/management\\\/finanzen_recht\\\/2020-01-22\\\/exportaussichten-ein-halbes-jahr-bis-zur-wachstumszone\\\/#primaryimage\"},\"image\":{\"@id\":\"https:\\\/\\\/www.organisator.ch\\\/management\\\/finanzen_recht\\\/2020-01-22\\\/exportaussichten-ein-halbes-jahr-bis-zur-wachstumszone\\\/#primaryimage\"},\"thumbnailUrl\":\"https:\\\/\\\/www.organisator.ch\\\/wp-content\\\/uploads\\\/2020\\\/01\\\/Exportaussichten-Ein-halbes-Jahr-bis-zur-Wachstumszone_Organisator.jpg\",\"datePublished\":\"2020-01-22T07:18:32+00:00\",\"description\":\"Der Schweizer Euler Hermes Export Forecast zeigt, dass die Schweizer Exporte in drei bis sechs Monaten wieder in die Wachstumszone zur\u00fcckkehren sollten.\",\"breadcrumb\":{\"@id\":\"https:\\\/\\\/www.organisator.ch\\\/management\\\/finanzen_recht\\\/2020-01-22\\\/exportaussichten-ein-halbes-jahr-bis-zur-wachstumszone\\\/#breadcrumb\"},\"inLanguage\":\"de\",\"potentialAction\":[{\"@type\":\"ReadAction\",\"target\":[\"https:\\\/\\\/www.organisator.ch\\\/management\\\/finanzen_recht\\\/2020-01-22\\\/exportaussichten-ein-halbes-jahr-bis-zur-wachstumszone\\\/\"]}]},{\"@type\":\"ImageObject\",\"inLanguage\":\"de\",\"@id\":\"https:\\\/\\\/www.organisator.ch\\\/management\\\/finanzen_recht\\\/2020-01-22\\\/exportaussichten-ein-halbes-jahr-bis-zur-wachstumszone\\\/#primaryimage\",\"url\":\"https:\\\/\\\/www.organisator.ch\\\/wp-content\\\/uploads\\\/2020\\\/01\\\/Exportaussichten-Ein-halbes-Jahr-bis-zur-Wachstumszone_Organisator.jpg\",\"contentUrl\":\"https:\\\/\\\/www.organisator.ch\\\/wp-content\\\/uploads\\\/2020\\\/01\\\/Exportaussichten-Ein-halbes-Jahr-bis-zur-Wachstumszone_Organisator.jpg\",\"width\":680,\"height\":510,\"caption\":\"Der neuste Schweizer Euler Hermes Export Forecast sagt eine R\u00fcckkehr in die Wachstumszone voraus. (Bild: Pixabay.com)\"},{\"@type\":\"BreadcrumbList\",\"@id\":\"https:\\\/\\\/www.organisator.ch\\\/management\\\/finanzen_recht\\\/2020-01-22\\\/exportaussichten-ein-halbes-jahr-bis-zur-wachstumszone\\\/#breadcrumb\",\"itemListElement\":[{\"@type\":\"ListItem\",\"position\":1,\"name\":\"Home\",\"item\":\"https:\\\/\\\/www.organisator.ch\\\/\"},{\"@type\":\"ListItem\",\"position\":2,\"name\":\"Exportaussichten: Ein halbes Jahr bis zur Wachstumszone\"}]},{\"@type\":\"WebSite\",\"@id\":\"https:\\\/\\\/www.organisator.ch\\\/#website\",\"url\":\"https:\\\/\\\/www.organisator.ch\\\/\",\"name\":\"Organisator\",\"description\":\"Kompetent. Praxisnah. Der ORGANISATOR bereitet in 10 Ausgaben pro Jahr die wesentlichen Themen f\u00fcr F\u00fchrungskr\u00e4fte von KMU auf.\",\"publisher\":{\"@id\":\"https:\\\/\\\/www.organisator.ch\\\/#organization\"},\"potentialAction\":[{\"@type\":\"SearchAction\",\"target\":{\"@type\":\"EntryPoint\",\"urlTemplate\":\"https:\\\/\\\/www.organisator.ch\\\/?s={search_term_string}\"},\"query-input\":{\"@type\":\"PropertyValueSpecification\",\"valueRequired\":true,\"valueName\":\"search_term_string\"}}],\"inLanguage\":\"de\"},{\"@type\":\"Organization\",\"@id\":\"https:\\\/\\\/www.organisator.ch\\\/#organization\",\"name\":\"Organisator\",\"url\":\"https:\\\/\\\/www.organisator.ch\\\/\",\"logo\":{\"@type\":\"ImageObject\",\"inLanguage\":\"de\",\"@id\":\"https:\\\/\\\/www.organisator.ch\\\/#\\\/schema\\\/logo\\\/image\\\/\",\"url\":\"https:\\\/\\\/www.organisator.ch\\\/wp-content\\\/uploads\\\/2022\\\/01\\\/Logo_Organisator_Website.png\",\"contentUrl\":\"https:\\\/\\\/www.organisator.ch\\\/wp-content\\\/uploads\\\/2022\\\/01\\\/Logo_Organisator_Website.png\",\"width\":800,\"height\":77,\"caption\":\"Organisator\"},\"image\":{\"@id\":\"https:\\\/\\\/www.organisator.ch\\\/#\\\/schema\\\/logo\\\/image\\\/\"},\"sameAs\":[\"https:\\\/\\\/www.facebook.com\\\/OrganisatorFachmagazin\",\"https:\\\/\\\/www.linkedin.com\\\/showcase\\\/organisator-das-magazin-fr-kmu\",\"https:\\\/\\\/www.xing.com\\\/news\\\/pages\\\/organisator-ch-695\",\"https:\\\/\\\/www.youtube.com\\\/channel\\\/UCGP2Sq0iWaZwT3BdIAQFYpw\"]},{\"@type\":\"Person\",\"@id\":\"https:\\\/\\\/www.organisator.ch\\\/#\\\/schema\\\/person\\\/6f650f90b2842cd4c0cc334b4e36f67e\",\"name\":\"thomas.berner\",\"image\":{\"@type\":\"ImageObject\",\"inLanguage\":\"de\",\"@id\":\"https:\\\/\\\/secure.gravatar.com\\\/avatar\\\/ac5001d2a36cb6c6cd3e50789007ffca834b477b74a2144564522e944eabff61?s=96&d=mm&r=g\",\"url\":\"https:\\\/\\\/secure.gravatar.com\\\/avatar\\\/ac5001d2a36cb6c6cd3e50789007ffca834b477b74a2144564522e944eabff61?s=96&d=mm&r=g\",\"contentUrl\":\"https:\\\/\\\/secure.gravatar.com\\\/avatar\\\/ac5001d2a36cb6c6cd3e50789007ffca834b477b74a2144564522e944eabff61?s=96&d=mm&r=g\",\"caption\":\"thomas.berner\"},\"url\":\"https:\\\/\\\/www.organisator.ch\\\/de\\\/author\\\/thomas-berner\\\/\"}]}<\/script>\n<!-- \/ Yoast SEO plugin. -->","yoast_head_json":{"title":"Exportaussichten: Ein halbes Jahr bis zur Wachstumszone - Organisator","description":"Der Schweizer Euler Hermes Export Forecast zeigt, dass die Schweizer Exporte in drei bis sechs Monaten wieder in die Wachstumszone zur\u00fcckkehren sollten.","robots":{"index":"index","follow":"follow","max-snippet":"max-snippet:-1","max-image-preview":"max-image-preview:large","max-video-preview":"max-video-preview:-1"},"canonical":"https:\/\/www.organisator.ch\/de\/management\/finanzen_recht\/2020-01-22\/exportaussichten-ein-halbes-jahr-bis-zur-wachstumszone\/","og_locale":"de_DE","og_type":"article","og_title":"Exportaussichten: Ein halbes Jahr bis zur Wachstumszone","og_description":"Der Schweizer Euler Hermes Export Forecast zeigt, dass die Schweizer Exporte in drei bis sechs Monaten wieder in die Wachstumszone zur\u00fcckkehren sollten.","og_url":"https:\/\/www.organisator.ch\/de\/management\/finanzen_recht\/2020-01-22\/exportaussichten-ein-halbes-jahr-bis-zur-wachstumszone\/","og_site_name":"Organisator","article_publisher":"https:\/\/www.facebook.com\/OrganisatorFachmagazin","article_published_time":"2020-01-22T07:18:32+00:00","og_image":[{"width":680,"height":510,"url":"https:\/\/www.organisator.ch\/wp-content\/uploads\/2020\/01\/Exportaussichten-Ein-halbes-Jahr-bis-zur-Wachstumszone_Organisator.jpg","type":"image\/jpeg"}],"author":"thomas.berner","twitter_card":"summary_large_image","twitter_title":"#Exportaussichten: Ein halbes Jahr bis zur #Wachstumszone","twitter_description":"Der Schweizer Euler Hermes Export #Forecast zeigt, dass die Schweizer Exporte in drei bis sechs Monaten wieder in die #Wachstumszone zur\u00fcckkehren sollten.","twitter_image":"https:\/\/www.organisator.ch\/wp-content\/uploads\/2020\/01\/Exportaussichten-Ein-halbes-Jahr-bis-zur-Wachstumszone_Organisator.jpg","schema":{"@context":"https:\/\/schema.org","@graph":[{"@type":"Article","@id":"https:\/\/www.organisator.ch\/management\/finanzen_recht\/2020-01-22\/exportaussichten-ein-halbes-jahr-bis-zur-wachstumszone\/#article","isPartOf":{"@id":"https:\/\/www.organisator.ch\/management\/finanzen_recht\/2020-01-22\/exportaussichten-ein-halbes-jahr-bis-zur-wachstumszone\/"},"author":{"name":"thomas.berner","@id":"https:\/\/www.organisator.ch\/#\/schema\/person\/6f650f90b2842cd4c0cc334b4e36f67e"},"headline":"Exportaussichten: Ein halbes Jahr bis zur Wachstumszone","datePublished":"2020-01-22T07:18:32+00:00","mainEntityOfPage":{"@id":"https:\/\/www.organisator.ch\/management\/finanzen_recht\/2020-01-22\/exportaussichten-ein-halbes-jahr-bis-zur-wachstumszone\/"},"wordCount":499,"publisher":{"@id":"https:\/\/www.organisator.ch\/#organization"},"image":{"@id":"https:\/\/www.organisator.ch\/management\/finanzen_recht\/2020-01-22\/exportaussichten-ein-halbes-jahr-bis-zur-wachstumszone\/#primaryimage"},"thumbnailUrl":"https:\/\/www.organisator.ch\/wp-content\/uploads\/2020\/01\/Exportaussichten-Ein-halbes-Jahr-bis-zur-Wachstumszone_Organisator.jpg","keywords":["Export","Finanzen\/Recht","Management und Unternehmensf\u00fchrung","M\u00e4rkte"],"articleSection":["FINANZEN\/RECHT"],"inLanguage":"de"},{"@type":"WebPage","@id":"https:\/\/www.organisator.ch\/management\/finanzen_recht\/2020-01-22\/exportaussichten-ein-halbes-jahr-bis-zur-wachstumszone\/","url":"https:\/\/www.organisator.ch\/management\/finanzen_recht\/2020-01-22\/exportaussichten-ein-halbes-jahr-bis-zur-wachstumszone\/","name":"Exportaussichten: Ein halbes Jahr bis zur Wachstumszone - Organisator","isPartOf":{"@id":"https:\/\/www.organisator.ch\/#website"},"primaryImageOfPage":{"@id":"https:\/\/www.organisator.ch\/management\/finanzen_recht\/2020-01-22\/exportaussichten-ein-halbes-jahr-bis-zur-wachstumszone\/#primaryimage"},"image":{"@id":"https:\/\/www.organisator.ch\/management\/finanzen_recht\/2020-01-22\/exportaussichten-ein-halbes-jahr-bis-zur-wachstumszone\/#primaryimage"},"thumbnailUrl":"https:\/\/www.organisator.ch\/wp-content\/uploads\/2020\/01\/Exportaussichten-Ein-halbes-Jahr-bis-zur-Wachstumszone_Organisator.jpg","datePublished":"2020-01-22T07:18:32+00:00","description":"Der Schweizer Euler Hermes Export Forecast zeigt, dass die Schweizer Exporte in drei bis sechs Monaten wieder in die Wachstumszone zur\u00fcckkehren sollten.","breadcrumb":{"@id":"https:\/\/www.organisator.ch\/management\/finanzen_recht\/2020-01-22\/exportaussichten-ein-halbes-jahr-bis-zur-wachstumszone\/#breadcrumb"},"inLanguage":"de","potentialAction":[{"@type":"ReadAction","target":["https:\/\/www.organisator.ch\/management\/finanzen_recht\/2020-01-22\/exportaussichten-ein-halbes-jahr-bis-zur-wachstumszone\/"]}]},{"@type":"ImageObject","inLanguage":"de","@id":"https:\/\/www.organisator.ch\/management\/finanzen_recht\/2020-01-22\/exportaussichten-ein-halbes-jahr-bis-zur-wachstumszone\/#primaryimage","url":"https:\/\/www.organisator.ch\/wp-content\/uploads\/2020\/01\/Exportaussichten-Ein-halbes-Jahr-bis-zur-Wachstumszone_Organisator.jpg","contentUrl":"https:\/\/www.organisator.ch\/wp-content\/uploads\/2020\/01\/Exportaussichten-Ein-halbes-Jahr-bis-zur-Wachstumszone_Organisator.jpg","width":680,"height":510,"caption":"Der neuste Schweizer Euler Hermes Export Forecast sagt eine R\u00fcckkehr in die Wachstumszone voraus. (Bild: Pixabay.com)"},{"@type":"BreadcrumbList","@id":"https:\/\/www.organisator.ch\/management\/finanzen_recht\/2020-01-22\/exportaussichten-ein-halbes-jahr-bis-zur-wachstumszone\/#breadcrumb","itemListElement":[{"@type":"ListItem","position":1,"name":"Home","item":"https:\/\/www.organisator.ch\/"},{"@type":"ListItem","position":2,"name":"Exportaussichten: Ein halbes Jahr bis zur Wachstumszone"}]},{"@type":"WebSite","@id":"https:\/\/www.organisator.ch\/#website","url":"https:\/\/www.organisator.ch\/","name":"Organisator","description":"Kompetent. Praxisnah. Der ORGANISATOR bereitet in 10 Ausgaben pro Jahr die wesentlichen Themen f\u00fcr F\u00fchrungskr\u00e4fte von KMU auf.","publisher":{"@id":"https:\/\/www.organisator.ch\/#organization"},"potentialAction":[{"@type":"SearchAction","target":{"@type":"EntryPoint","urlTemplate":"https:\/\/www.organisator.ch\/?s={search_term_string}"},"query-input":{"@type":"PropertyValueSpecification","valueRequired":true,"valueName":"search_term_string"}}],"inLanguage":"de"},{"@type":"Organization","@id":"https:\/\/www.organisator.ch\/#organization","name":"Organisator","url":"https:\/\/www.organisator.ch\/","logo":{"@type":"ImageObject","inLanguage":"de","@id":"https:\/\/www.organisator.ch\/#\/schema\/logo\/image\/","url":"https:\/\/www.organisator.ch\/wp-content\/uploads\/2022\/01\/Logo_Organisator_Website.png","contentUrl":"https:\/\/www.organisator.ch\/wp-content\/uploads\/2022\/01\/Logo_Organisator_Website.png","width":800,"height":77,"caption":"Organisator"},"image":{"@id":"https:\/\/www.organisator.ch\/#\/schema\/logo\/image\/"},"sameAs":["https:\/\/www.facebook.com\/OrganisatorFachmagazin","https:\/\/www.linkedin.com\/showcase\/organisator-das-magazin-fr-kmu","https:\/\/www.xing.com\/news\/pages\/organisator-ch-695","https:\/\/www.youtube.com\/channel\/UCGP2Sq0iWaZwT3BdIAQFYpw"]},{"@type":"Person","@id":"https:\/\/www.organisator.ch\/#\/schema\/person\/6f650f90b2842cd4c0cc334b4e36f67e","name":"thomas.berner","image":{"@type":"ImageObject","inLanguage":"de","@id":"https:\/\/secure.gravatar.com\/avatar\/ac5001d2a36cb6c6cd3e50789007ffca834b477b74a2144564522e944eabff61?s=96&d=mm&r=g","url":"https:\/\/secure.gravatar.com\/avatar\/ac5001d2a36cb6c6cd3e50789007ffca834b477b74a2144564522e944eabff61?s=96&d=mm&r=g","contentUrl":"https:\/\/secure.gravatar.com\/avatar\/ac5001d2a36cb6c6cd3e50789007ffca834b477b74a2144564522e944eabff61?s=96&d=mm&r=g","caption":"thomas.berner"},"url":"https:\/\/www.organisator.ch\/de\/author\/thomas-berner\/"}]}},"_links":{"self":[{"href":"https:\/\/www.organisator.ch\/de\/wp-json\/wp\/v2\/posts\/6262","targetHints":{"allow":["GET"]}}],"collection":[{"href":"https:\/\/www.organisator.ch\/de\/wp-json\/wp\/v2\/posts"}],"about":[{"href":"https:\/\/www.organisator.ch\/de\/wp-json\/wp\/v2\/types\/post"}],"author":[{"embeddable":true,"href":"https:\/\/www.organisator.ch\/de\/wp-json\/wp\/v2\/users\/4"}],"replies":[{"embeddable":true,"href":"https:\/\/www.organisator.ch\/de\/wp-json\/wp\/v2\/comments?post=6262"}],"version-history":[{"count":0,"href":"https:\/\/www.organisator.ch\/de\/wp-json\/wp\/v2\/posts\/6262\/revisions"}],"wp:featuredmedia":[{"embeddable":true,"href":"https:\/\/www.organisator.ch\/de\/wp-json\/wp\/v2\/media\/6263"}],"wp:attachment":[{"href":"https:\/\/www.organisator.ch\/de\/wp-json\/wp\/v2\/media?parent=6262"}],"wp:term":[{"taxonomy":"category","embeddable":true,"href":"https:\/\/www.organisator.ch\/de\/wp-json\/wp\/v2\/categories?post=6262"},{"taxonomy":"post_tag","embeddable":true,"href":"https:\/\/www.organisator.ch\/de\/wp-json\/wp\/v2\/tags?post=6262"}],"curies":[{"name":"wp","href":"https:\/\/api.w.org\/{rel}","templated":true}]}}