{"id":6317,"date":"2020-02-07T08:21:44","date_gmt":"2020-02-07T07:21:44","guid":{"rendered":"https:\/\/www.organisator.ch\/?p=6317"},"modified":"2020-02-07T08:21:44","modified_gmt":"2020-02-07T07:21:44","slug":"schweizer-software-anbieter-opacc-ist-gut-im-schuss","status":"publish","type":"post","link":"https:\/\/www.organisator.ch\/de\/management\/it\/2020-02-07\/schweizer-software-anbieter-opacc-ist-gut-im-schuss\/","title":{"rendered":"Schweizer Software-Anbieter Opacc ist &#8222;gut im Schuss&#8220;"},"content":{"rendered":"<figure id=\"attachment_6318\" aria-describedby=\"caption-attachment-6318\" style=\"width: 680px\" class=\"wp-caption alignnone\"><img loading=\"lazy\" decoding=\"async\" class=\"size-medium wp-image-6318\" src=\"https:\/\/www.organisator.ch\/wp-content\/uploads\/2020\/02\/Schweizer-Software-Anbieter-Opacc-ist-gut-im-Schuss_Organisator.jpg\" alt=\"\" width=\"680\" height=\"354\" srcset=\"https:\/\/www.organisator.ch\/wp-content\/uploads\/2020\/02\/Schweizer-Software-Anbieter-Opacc-ist-gut-im-Schuss_Organisator.jpg 680w, https:\/\/www.organisator.ch\/wp-content\/uploads\/2020\/02\/Schweizer-Software-Anbieter-Opacc-ist-gut-im-Schuss_Organisator-16x8.jpg 16w, https:\/\/www.organisator.ch\/wp-content\/uploads\/2020\/02\/Schweizer-Software-Anbieter-Opacc-ist-gut-im-Schuss_Organisator-336x175.jpg 336w, https:\/\/www.organisator.ch\/wp-content\/uploads\/2020\/02\/Schweizer-Software-Anbieter-Opacc-ist-gut-im-Schuss_Organisator-672x350.jpg 672w, https:\/\/www.organisator.ch\/wp-content\/uploads\/2020\/02\/Schweizer-Software-Anbieter-Opacc-ist-gut-im-Schuss_Organisator-300x156.jpg 300w\" sizes=\"auto, (max-width: 680px) 100vw, 680px\" \/><figcaption id=\"caption-attachment-6318\" class=\"wp-caption-text\">Der Schweizer Software-Anbieter Opacc blickt auf das beste Gesch\u00e4ftsergebnis seiner 30-j\u00e4hrigen Geschichte zur\u00fcck. (Bild: Opacc)<\/figcaption><\/figure>\n<p>Der Umzug von Kriens nach Rothenburg hat sich gelohnt. Das erste volle Gesch\u00e4ftsjahr im OpaccCampus Rothenburg war das Beste in der \u00fcber 30-j\u00e4hrigen Firmengeschichte. Dies teilt der Schweizer Software-Anbieter, der seit 1988 eine eigenen Enterprise Software Plattform (<a href=\"https:\/\/www.opacc.ch\/produkte\/opacc-oxas\">Opacc OXAS<\/a>) entwickelt, mit. So wurde der Umsatz um mehr als 10% gesteigert, 17 neue Stellen geschaffen und \u00fcber 1500 neue Anwender f\u00fcr Opacc gewonnen. Beat Bussmann, Gr\u00fcnder und CEO, sieht aber nicht nur die nackten Zahlen: \u00abNoch sch\u00f6ner f\u00fcr uns ist die Erkenntnis, dass uns speziell gr\u00f6ssere Unternehmen vermehrt als Partner in Betracht ziehen. Der OpaccCampus erschliesst uns quasi ein neues Gesch\u00e4ftspotenzial in einem anderen Segment.\u00bb<\/p>\n<h2>Personalmarkt weiterhin trocken<\/h2>\n<p>Opacc geh\u00f6rt \u2013 wie schon in den Vorjahren \u2013 zu den beliebtesten Arbeitgebern der Schweiz und wurde mehrfach ausgezeichnet. Die Bewertungsplattform kununu.com hat ermittelt, welche Schweizer Firmen die beliebtesten Arbeitgeber sind. Opacc belegt mit seinen rund 150 Mitarbeitenden seit Jahren Spitzenpl\u00e4tze. Der Software-Anbieter erreichte zudem den 2. Platz beim Swiss Arbeitgeber Award und ebenfalls den 2. Rang bei \u00abBest Workplace 2019\u00bb. Auf den Fachkr\u00e4ftemangel reagierte Opacc im vergangenen Jahr mit verschiedensten Massnahmen. Das angenehme Arbeitsklima im nagelneuen OpaccCampus geh\u00f6rt ebenso dazu wie flexible Arbeitszeiten, faire Bewerbungsprozesse und die Initiative \u00abFriendly Work Space\u00bb.<\/p>\n<p>Work-Life-Balance wie auch die laufende Unterst\u00fctzung f\u00fcr Aus- und Weiterbildung sind weitere Grundpfeiler f\u00fcr gute und stabile Arbeitsverh\u00e4ltnisse. Zwei breit angelegte Kampagnen f\u00fcr die Personalgewinnung generierten erfreulich viele Anfragen.<\/p>\n<h2>Events auf eigenem Campus<\/h2>\n<p>Der Neubau Rothenburg er\u00f6ffnet neue Perspektiven f\u00fcr Anl\u00e4sse im eigenen Haus. Die verschiedenen Event-Formate erfreuten sich im 2019 grosser Nachfrage, im speziellen die OpaccTalks zum Feierabend mit jeweils bis zu 50 G\u00e4sten und spannenden Referenten. Aber auch die Morgenveranstaltungen Early Bird und die Vertiefungsseminare OpaccTracks f\u00fcr Kunden wurden sehr gut besucht. Das Zentralschweizer Unternehmen baut seit \u00fcber 30 Jahren auf Erfahrung in der Entwicklung und Implementierung von Enterprise Software. Im 2019 konnten zahlreiche neue Installationen abgeschlossen werden und zwei gr\u00f6ssere Software Updates ausgeliefert werden. Dank der bei Opacc einmaligen Upgrade-Garantie bleiben die Kunden automatisch auf dem neusten Stand.<\/p>\n<p><em>Quelle: <a href=\"http:\/\/www.opacc.ch\">Opacc<\/a><\/em><\/p>\n","protected":false},"excerpt":{"rendered":"<p>Der Umzug von Kriens nach Rothenburg hat sich gelohnt. Das erste volle Gesch\u00e4ftsjahr im OpaccCampus Rothenburg war das Beste in der \u00fcber 30-j\u00e4hrigen Firmengeschichte. Dies teilt der Schweizer Software-Anbieter, der seit 1988 eine eigenen Enterprise Software Plattform (Opacc OXAS) entwickelt, mit. So wurde der Umsatz um mehr als 10% gesteigert, 17 neue Stellen geschaffen und [&hellip;]<\/p>\n","protected":false},"author":4,"featured_media":6318,"comment_status":"closed","ping_status":"closed","sticky":false,"template":"","format":"standard","meta":{"_acf_changed":false,"_yoast_wpseo_focuskw":"Schweizer Software-Anbieter","_yoast_wpseo_metadesc":"Der Schweizer Software-Anbieter Opacc blickt auf ein hervorragendes Gesch\u00e4ftsjahr 2019 zur\u00fcck und geh\u00f6rt zu den beliebtesten Arbeitgebern.","articlekey":"","footnotes":""},"categories":[27],"tags":[182,286,288,492],"class_list":["post-6317","post","type-post","status-publish","format-standard","has-post-thumbnail","hentry","category-it","tag-erp","tag-it","tag-it-business-software","tag-unternehmen"],"acf":[],"yoast_head":"<!-- This site is optimized with the Yoast SEO plugin v27.5 - https:\/\/yoast.com\/product\/yoast-seo-wordpress\/ -->\n<title>Schweizer Software-Anbieter Opacc ist &quot;gut im Schuss&quot; - Organisator<\/title>\n<meta name=\"description\" content=\"Der Schweizer Software-Anbieter Opacc blickt auf ein hervorragendes Gesch\u00e4ftsjahr 2019 zur\u00fcck und geh\u00f6rt zu den beliebtesten Arbeitgebern.\" \/>\n<meta name=\"robots\" content=\"index, follow, max-snippet:-1, max-image-preview:large, max-video-preview:-1\" \/>\n<link rel=\"canonical\" href=\"https:\/\/www.organisator.ch\/de\/management\/it\/2020-02-07\/schweizer-software-anbieter-opacc-ist-gut-im-schuss\/\" \/>\n<meta property=\"og:locale\" content=\"de_DE\" \/>\n<meta property=\"og:type\" content=\"article\" \/>\n<meta property=\"og:title\" content=\"Schweizer Software-Anbieter Opacc ist &quot;gut im Schuss&quot;\" \/>\n<meta property=\"og:description\" content=\"Der Schweizer Software-Anbieter Opacc blickt auf ein hervorragendes Gesch\u00e4ftsjahr 2019 zur\u00fcck und geh\u00f6rt zu den beliebtesten Arbeitgebern.\" \/>\n<meta property=\"og:url\" content=\"https:\/\/www.organisator.ch\/de\/management\/it\/2020-02-07\/schweizer-software-anbieter-opacc-ist-gut-im-schuss\/\" \/>\n<meta property=\"og:site_name\" content=\"Organisator\" \/>\n<meta property=\"article:publisher\" content=\"https:\/\/www.facebook.com\/OrganisatorFachmagazin\" \/>\n<meta property=\"article:published_time\" content=\"2020-02-07T07:21:44+00:00\" \/>\n<meta property=\"og:image\" content=\"https:\/\/www.organisator.ch\/wp-content\/uploads\/2020\/02\/Schweizer-Software-Anbieter-Opacc-ist-gut-im-Schuss_Organisator.jpg\" \/>\n\t<meta property=\"og:image:width\" content=\"680\" \/>\n\t<meta property=\"og:image:height\" content=\"354\" \/>\n\t<meta property=\"og:image:type\" content=\"image\/jpeg\" \/>\n<meta name=\"author\" content=\"thomas.berner\" \/>\n<meta name=\"twitter:card\" content=\"summary_large_image\" \/>\n<meta name=\"twitter:title\" content=\"Schweizer #Software-Anbieter #Opacc ist &quot;gut im Schuss&quot;\" \/>\n<meta name=\"twitter:description\" content=\"Der Schweizer #Software-Anbieter #Opacc blickt auf ein hervorragendes Gesch\u00e4ftsjahr 2019 zur\u00fcck und geh\u00f6rt zu den beliebtesten Arbeitgebern.\" \/>\n<meta name=\"twitter:image\" content=\"https:\/\/www.organisator.ch\/wp-content\/uploads\/2020\/02\/Schweizer-Software-Anbieter-Opacc-ist-gut-im-Schuss_Organisator.jpg\" \/>\n<script type=\"application\/ld+json\" class=\"yoast-schema-graph\">{\"@context\":\"https:\\\/\\\/schema.org\",\"@graph\":[{\"@type\":\"Article\",\"@id\":\"https:\\\/\\\/www.organisator.ch\\\/management\\\/it\\\/2020-02-07\\\/schweizer-software-anbieter-opacc-ist-gut-im-schuss\\\/#article\",\"isPartOf\":{\"@id\":\"https:\\\/\\\/www.organisator.ch\\\/management\\\/it\\\/2020-02-07\\\/schweizer-software-anbieter-opacc-ist-gut-im-schuss\\\/\"},\"author\":{\"name\":\"thomas.berner\",\"@id\":\"https:\\\/\\\/www.organisator.ch\\\/#\\\/schema\\\/person\\\/6f650f90b2842cd4c0cc334b4e36f67e\"},\"headline\":\"Schweizer Software-Anbieter Opacc ist &#8222;gut im Schuss&#8220;\",\"datePublished\":\"2020-02-07T07:21:44+00:00\",\"mainEntityOfPage\":{\"@id\":\"https:\\\/\\\/www.organisator.ch\\\/management\\\/it\\\/2020-02-07\\\/schweizer-software-anbieter-opacc-ist-gut-im-schuss\\\/\"},\"wordCount\":374,\"publisher\":{\"@id\":\"https:\\\/\\\/www.organisator.ch\\\/#organization\"},\"image\":{\"@id\":\"https:\\\/\\\/www.organisator.ch\\\/management\\\/it\\\/2020-02-07\\\/schweizer-software-anbieter-opacc-ist-gut-im-schuss\\\/#primaryimage\"},\"thumbnailUrl\":\"https:\\\/\\\/www.organisator.ch\\\/wp-content\\\/uploads\\\/2020\\\/02\\\/Schweizer-Software-Anbieter-Opacc-ist-gut-im-Schuss_Organisator.jpg\",\"keywords\":[\"ERP\",\"IT\",\"IT &amp; Business Software\",\"Unternehmen\"],\"articleSection\":[\"IT\"],\"inLanguage\":\"de\"},{\"@type\":\"WebPage\",\"@id\":\"https:\\\/\\\/www.organisator.ch\\\/management\\\/it\\\/2020-02-07\\\/schweizer-software-anbieter-opacc-ist-gut-im-schuss\\\/\",\"url\":\"https:\\\/\\\/www.organisator.ch\\\/management\\\/it\\\/2020-02-07\\\/schweizer-software-anbieter-opacc-ist-gut-im-schuss\\\/\",\"name\":\"Schweizer Software-Anbieter Opacc ist \\\"gut im Schuss\\\" - Organisator\",\"isPartOf\":{\"@id\":\"https:\\\/\\\/www.organisator.ch\\\/#website\"},\"primaryImageOfPage\":{\"@id\":\"https:\\\/\\\/www.organisator.ch\\\/management\\\/it\\\/2020-02-07\\\/schweizer-software-anbieter-opacc-ist-gut-im-schuss\\\/#primaryimage\"},\"image\":{\"@id\":\"https:\\\/\\\/www.organisator.ch\\\/management\\\/it\\\/2020-02-07\\\/schweizer-software-anbieter-opacc-ist-gut-im-schuss\\\/#primaryimage\"},\"thumbnailUrl\":\"https:\\\/\\\/www.organisator.ch\\\/wp-content\\\/uploads\\\/2020\\\/02\\\/Schweizer-Software-Anbieter-Opacc-ist-gut-im-Schuss_Organisator.jpg\",\"datePublished\":\"2020-02-07T07:21:44+00:00\",\"description\":\"Der Schweizer Software-Anbieter Opacc blickt auf ein hervorragendes Gesch\u00e4ftsjahr 2019 zur\u00fcck und geh\u00f6rt zu den beliebtesten Arbeitgebern.\",\"breadcrumb\":{\"@id\":\"https:\\\/\\\/www.organisator.ch\\\/management\\\/it\\\/2020-02-07\\\/schweizer-software-anbieter-opacc-ist-gut-im-schuss\\\/#breadcrumb\"},\"inLanguage\":\"de\",\"potentialAction\":[{\"@type\":\"ReadAction\",\"target\":[\"https:\\\/\\\/www.organisator.ch\\\/management\\\/it\\\/2020-02-07\\\/schweizer-software-anbieter-opacc-ist-gut-im-schuss\\\/\"]}]},{\"@type\":\"ImageObject\",\"inLanguage\":\"de\",\"@id\":\"https:\\\/\\\/www.organisator.ch\\\/management\\\/it\\\/2020-02-07\\\/schweizer-software-anbieter-opacc-ist-gut-im-schuss\\\/#primaryimage\",\"url\":\"https:\\\/\\\/www.organisator.ch\\\/wp-content\\\/uploads\\\/2020\\\/02\\\/Schweizer-Software-Anbieter-Opacc-ist-gut-im-Schuss_Organisator.jpg\",\"contentUrl\":\"https:\\\/\\\/www.organisator.ch\\\/wp-content\\\/uploads\\\/2020\\\/02\\\/Schweizer-Software-Anbieter-Opacc-ist-gut-im-Schuss_Organisator.jpg\",\"width\":680,\"height\":354,\"caption\":\"Der Schweizer Softare-Anbieter Opacc blickt auf das beste Gesch\u00e4ftsergebnis seiner 30-j\u00e4hrigen Geschichte zur\u00fcck. (Bild: Opacc)\"},{\"@type\":\"BreadcrumbList\",\"@id\":\"https:\\\/\\\/www.organisator.ch\\\/management\\\/it\\\/2020-02-07\\\/schweizer-software-anbieter-opacc-ist-gut-im-schuss\\\/#breadcrumb\",\"itemListElement\":[{\"@type\":\"ListItem\",\"position\":1,\"name\":\"Home\",\"item\":\"https:\\\/\\\/www.organisator.ch\\\/\"},{\"@type\":\"ListItem\",\"position\":2,\"name\":\"Schweizer Software-Anbieter Opacc ist &#8222;gut im Schuss&#8220;\"}]},{\"@type\":\"WebSite\",\"@id\":\"https:\\\/\\\/www.organisator.ch\\\/#website\",\"url\":\"https:\\\/\\\/www.organisator.ch\\\/\",\"name\":\"Organisator\",\"description\":\"Kompetent. Praxisnah. Der ORGANISATOR bereitet in 10 Ausgaben pro Jahr die wesentlichen Themen f\u00fcr F\u00fchrungskr\u00e4fte von KMU auf.\",\"publisher\":{\"@id\":\"https:\\\/\\\/www.organisator.ch\\\/#organization\"},\"potentialAction\":[{\"@type\":\"SearchAction\",\"target\":{\"@type\":\"EntryPoint\",\"urlTemplate\":\"https:\\\/\\\/www.organisator.ch\\\/?s={search_term_string}\"},\"query-input\":{\"@type\":\"PropertyValueSpecification\",\"valueRequired\":true,\"valueName\":\"search_term_string\"}}],\"inLanguage\":\"de\"},{\"@type\":\"Organization\",\"@id\":\"https:\\\/\\\/www.organisator.ch\\\/#organization\",\"name\":\"Organisator\",\"url\":\"https:\\\/\\\/www.organisator.ch\\\/\",\"logo\":{\"@type\":\"ImageObject\",\"inLanguage\":\"de\",\"@id\":\"https:\\\/\\\/www.organisator.ch\\\/#\\\/schema\\\/logo\\\/image\\\/\",\"url\":\"https:\\\/\\\/www.organisator.ch\\\/wp-content\\\/uploads\\\/2022\\\/01\\\/Logo_Organisator_Website.png\",\"contentUrl\":\"https:\\\/\\\/www.organisator.ch\\\/wp-content\\\/uploads\\\/2022\\\/01\\\/Logo_Organisator_Website.png\",\"width\":800,\"height\":77,\"caption\":\"Organisator\"},\"image\":{\"@id\":\"https:\\\/\\\/www.organisator.ch\\\/#\\\/schema\\\/logo\\\/image\\\/\"},\"sameAs\":[\"https:\\\/\\\/www.facebook.com\\\/OrganisatorFachmagazin\",\"https:\\\/\\\/www.linkedin.com\\\/showcase\\\/organisator-das-magazin-fr-kmu\",\"https:\\\/\\\/www.xing.com\\\/news\\\/pages\\\/organisator-ch-695\",\"https:\\\/\\\/www.youtube.com\\\/channel\\\/UCGP2Sq0iWaZwT3BdIAQFYpw\"]},{\"@type\":\"Person\",\"@id\":\"https:\\\/\\\/www.organisator.ch\\\/#\\\/schema\\\/person\\\/6f650f90b2842cd4c0cc334b4e36f67e\",\"name\":\"thomas.berner\",\"image\":{\"@type\":\"ImageObject\",\"inLanguage\":\"de\",\"@id\":\"https:\\\/\\\/secure.gravatar.com\\\/avatar\\\/ac5001d2a36cb6c6cd3e50789007ffca834b477b74a2144564522e944eabff61?s=96&d=mm&r=g\",\"url\":\"https:\\\/\\\/secure.gravatar.com\\\/avatar\\\/ac5001d2a36cb6c6cd3e50789007ffca834b477b74a2144564522e944eabff61?s=96&d=mm&r=g\",\"contentUrl\":\"https:\\\/\\\/secure.gravatar.com\\\/avatar\\\/ac5001d2a36cb6c6cd3e50789007ffca834b477b74a2144564522e944eabff61?s=96&d=mm&r=g\",\"caption\":\"thomas.berner\"},\"url\":\"https:\\\/\\\/www.organisator.ch\\\/de\\\/author\\\/thomas-berner\\\/\"}]}<\/script>\n<!-- \/ Yoast SEO plugin. -->","yoast_head_json":{"title":"Schweizer Software-Anbieter Opacc ist \"gut im Schuss\" - Organisator","description":"Der Schweizer Software-Anbieter Opacc blickt auf ein hervorragendes Gesch\u00e4ftsjahr 2019 zur\u00fcck und geh\u00f6rt zu den beliebtesten Arbeitgebern.","robots":{"index":"index","follow":"follow","max-snippet":"max-snippet:-1","max-image-preview":"max-image-preview:large","max-video-preview":"max-video-preview:-1"},"canonical":"https:\/\/www.organisator.ch\/de\/management\/it\/2020-02-07\/schweizer-software-anbieter-opacc-ist-gut-im-schuss\/","og_locale":"de_DE","og_type":"article","og_title":"Schweizer Software-Anbieter Opacc ist \"gut im Schuss\"","og_description":"Der Schweizer Software-Anbieter Opacc blickt auf ein hervorragendes Gesch\u00e4ftsjahr 2019 zur\u00fcck und geh\u00f6rt zu den beliebtesten Arbeitgebern.","og_url":"https:\/\/www.organisator.ch\/de\/management\/it\/2020-02-07\/schweizer-software-anbieter-opacc-ist-gut-im-schuss\/","og_site_name":"Organisator","article_publisher":"https:\/\/www.facebook.com\/OrganisatorFachmagazin","article_published_time":"2020-02-07T07:21:44+00:00","og_image":[{"width":680,"height":354,"url":"https:\/\/www.organisator.ch\/wp-content\/uploads\/2020\/02\/Schweizer-Software-Anbieter-Opacc-ist-gut-im-Schuss_Organisator.jpg","type":"image\/jpeg"}],"author":"thomas.berner","twitter_card":"summary_large_image","twitter_title":"Schweizer #Software-Anbieter #Opacc ist \"gut im Schuss\"","twitter_description":"Der Schweizer #Software-Anbieter #Opacc blickt auf ein hervorragendes Gesch\u00e4ftsjahr 2019 zur\u00fcck und geh\u00f6rt zu den beliebtesten Arbeitgebern.","twitter_image":"https:\/\/www.organisator.ch\/wp-content\/uploads\/2020\/02\/Schweizer-Software-Anbieter-Opacc-ist-gut-im-Schuss_Organisator.jpg","schema":{"@context":"https:\/\/schema.org","@graph":[{"@type":"Article","@id":"https:\/\/www.organisator.ch\/management\/it\/2020-02-07\/schweizer-software-anbieter-opacc-ist-gut-im-schuss\/#article","isPartOf":{"@id":"https:\/\/www.organisator.ch\/management\/it\/2020-02-07\/schweizer-software-anbieter-opacc-ist-gut-im-schuss\/"},"author":{"name":"thomas.berner","@id":"https:\/\/www.organisator.ch\/#\/schema\/person\/6f650f90b2842cd4c0cc334b4e36f67e"},"headline":"Schweizer Software-Anbieter Opacc ist &#8222;gut im Schuss&#8220;","datePublished":"2020-02-07T07:21:44+00:00","mainEntityOfPage":{"@id":"https:\/\/www.organisator.ch\/management\/it\/2020-02-07\/schweizer-software-anbieter-opacc-ist-gut-im-schuss\/"},"wordCount":374,"publisher":{"@id":"https:\/\/www.organisator.ch\/#organization"},"image":{"@id":"https:\/\/www.organisator.ch\/management\/it\/2020-02-07\/schweizer-software-anbieter-opacc-ist-gut-im-schuss\/#primaryimage"},"thumbnailUrl":"https:\/\/www.organisator.ch\/wp-content\/uploads\/2020\/02\/Schweizer-Software-Anbieter-Opacc-ist-gut-im-Schuss_Organisator.jpg","keywords":["ERP","IT","IT &amp; Business Software","Unternehmen"],"articleSection":["IT"],"inLanguage":"de"},{"@type":"WebPage","@id":"https:\/\/www.organisator.ch\/management\/it\/2020-02-07\/schweizer-software-anbieter-opacc-ist-gut-im-schuss\/","url":"https:\/\/www.organisator.ch\/management\/it\/2020-02-07\/schweizer-software-anbieter-opacc-ist-gut-im-schuss\/","name":"Schweizer Software-Anbieter Opacc ist \"gut im Schuss\" - Organisator","isPartOf":{"@id":"https:\/\/www.organisator.ch\/#website"},"primaryImageOfPage":{"@id":"https:\/\/www.organisator.ch\/management\/it\/2020-02-07\/schweizer-software-anbieter-opacc-ist-gut-im-schuss\/#primaryimage"},"image":{"@id":"https:\/\/www.organisator.ch\/management\/it\/2020-02-07\/schweizer-software-anbieter-opacc-ist-gut-im-schuss\/#primaryimage"},"thumbnailUrl":"https:\/\/www.organisator.ch\/wp-content\/uploads\/2020\/02\/Schweizer-Software-Anbieter-Opacc-ist-gut-im-Schuss_Organisator.jpg","datePublished":"2020-02-07T07:21:44+00:00","description":"Der Schweizer Software-Anbieter Opacc blickt auf ein hervorragendes Gesch\u00e4ftsjahr 2019 zur\u00fcck und geh\u00f6rt zu den beliebtesten Arbeitgebern.","breadcrumb":{"@id":"https:\/\/www.organisator.ch\/management\/it\/2020-02-07\/schweizer-software-anbieter-opacc-ist-gut-im-schuss\/#breadcrumb"},"inLanguage":"de","potentialAction":[{"@type":"ReadAction","target":["https:\/\/www.organisator.ch\/management\/it\/2020-02-07\/schweizer-software-anbieter-opacc-ist-gut-im-schuss\/"]}]},{"@type":"ImageObject","inLanguage":"de","@id":"https:\/\/www.organisator.ch\/management\/it\/2020-02-07\/schweizer-software-anbieter-opacc-ist-gut-im-schuss\/#primaryimage","url":"https:\/\/www.organisator.ch\/wp-content\/uploads\/2020\/02\/Schweizer-Software-Anbieter-Opacc-ist-gut-im-Schuss_Organisator.jpg","contentUrl":"https:\/\/www.organisator.ch\/wp-content\/uploads\/2020\/02\/Schweizer-Software-Anbieter-Opacc-ist-gut-im-Schuss_Organisator.jpg","width":680,"height":354,"caption":"Der Schweizer Softare-Anbieter Opacc blickt auf das beste Gesch\u00e4ftsergebnis seiner 30-j\u00e4hrigen Geschichte zur\u00fcck. (Bild: Opacc)"},{"@type":"BreadcrumbList","@id":"https:\/\/www.organisator.ch\/management\/it\/2020-02-07\/schweizer-software-anbieter-opacc-ist-gut-im-schuss\/#breadcrumb","itemListElement":[{"@type":"ListItem","position":1,"name":"Home","item":"https:\/\/www.organisator.ch\/"},{"@type":"ListItem","position":2,"name":"Schweizer Software-Anbieter Opacc ist &#8222;gut im Schuss&#8220;"}]},{"@type":"WebSite","@id":"https:\/\/www.organisator.ch\/#website","url":"https:\/\/www.organisator.ch\/","name":"Organisator","description":"Kompetent. Praxisnah. Der ORGANISATOR bereitet in 10 Ausgaben pro Jahr die wesentlichen Themen f\u00fcr F\u00fchrungskr\u00e4fte von KMU auf.","publisher":{"@id":"https:\/\/www.organisator.ch\/#organization"},"potentialAction":[{"@type":"SearchAction","target":{"@type":"EntryPoint","urlTemplate":"https:\/\/www.organisator.ch\/?s={search_term_string}"},"query-input":{"@type":"PropertyValueSpecification","valueRequired":true,"valueName":"search_term_string"}}],"inLanguage":"de"},{"@type":"Organization","@id":"https:\/\/www.organisator.ch\/#organization","name":"Organisator","url":"https:\/\/www.organisator.ch\/","logo":{"@type":"ImageObject","inLanguage":"de","@id":"https:\/\/www.organisator.ch\/#\/schema\/logo\/image\/","url":"https:\/\/www.organisator.ch\/wp-content\/uploads\/2022\/01\/Logo_Organisator_Website.png","contentUrl":"https:\/\/www.organisator.ch\/wp-content\/uploads\/2022\/01\/Logo_Organisator_Website.png","width":800,"height":77,"caption":"Organisator"},"image":{"@id":"https:\/\/www.organisator.ch\/#\/schema\/logo\/image\/"},"sameAs":["https:\/\/www.facebook.com\/OrganisatorFachmagazin","https:\/\/www.linkedin.com\/showcase\/organisator-das-magazin-fr-kmu","https:\/\/www.xing.com\/news\/pages\/organisator-ch-695","https:\/\/www.youtube.com\/channel\/UCGP2Sq0iWaZwT3BdIAQFYpw"]},{"@type":"Person","@id":"https:\/\/www.organisator.ch\/#\/schema\/person\/6f650f90b2842cd4c0cc334b4e36f67e","name":"thomas.berner","image":{"@type":"ImageObject","inLanguage":"de","@id":"https:\/\/secure.gravatar.com\/avatar\/ac5001d2a36cb6c6cd3e50789007ffca834b477b74a2144564522e944eabff61?s=96&d=mm&r=g","url":"https:\/\/secure.gravatar.com\/avatar\/ac5001d2a36cb6c6cd3e50789007ffca834b477b74a2144564522e944eabff61?s=96&d=mm&r=g","contentUrl":"https:\/\/secure.gravatar.com\/avatar\/ac5001d2a36cb6c6cd3e50789007ffca834b477b74a2144564522e944eabff61?s=96&d=mm&r=g","caption":"thomas.berner"},"url":"https:\/\/www.organisator.ch\/de\/author\/thomas-berner\/"}]}},"_links":{"self":[{"href":"https:\/\/www.organisator.ch\/de\/wp-json\/wp\/v2\/posts\/6317","targetHints":{"allow":["GET"]}}],"collection":[{"href":"https:\/\/www.organisator.ch\/de\/wp-json\/wp\/v2\/posts"}],"about":[{"href":"https:\/\/www.organisator.ch\/de\/wp-json\/wp\/v2\/types\/post"}],"author":[{"embeddable":true,"href":"https:\/\/www.organisator.ch\/de\/wp-json\/wp\/v2\/users\/4"}],"replies":[{"embeddable":true,"href":"https:\/\/www.organisator.ch\/de\/wp-json\/wp\/v2\/comments?post=6317"}],"version-history":[{"count":0,"href":"https:\/\/www.organisator.ch\/de\/wp-json\/wp\/v2\/posts\/6317\/revisions"}],"wp:featuredmedia":[{"embeddable":true,"href":"https:\/\/www.organisator.ch\/de\/wp-json\/wp\/v2\/media\/6318"}],"wp:attachment":[{"href":"https:\/\/www.organisator.ch\/de\/wp-json\/wp\/v2\/media?parent=6317"}],"wp:term":[{"taxonomy":"category","embeddable":true,"href":"https:\/\/www.organisator.ch\/de\/wp-json\/wp\/v2\/categories?post=6317"},{"taxonomy":"post_tag","embeddable":true,"href":"https:\/\/www.organisator.ch\/de\/wp-json\/wp\/v2\/tags?post=6317"}],"curies":[{"name":"wp","href":"https:\/\/api.w.org\/{rel}","templated":true}]}}