{"id":6337,"date":"2020-02-14T08:58:56","date_gmt":"2020-02-14T07:58:56","guid":{"rendered":"https:\/\/www.organisator.ch\/?p=6337"},"modified":"2020-02-14T08:58:56","modified_gmt":"2020-02-14T07:58:56","slug":"zweite-swiss-cyber-security-days-scsd-stiessen-auf-grosses-interesse","status":"publish","type":"post","link":"https:\/\/www.organisator.ch\/de\/management\/it\/2020-02-14\/zweite-swiss-cyber-security-days-scsd-stiessen-auf-grosses-interesse\/","title":{"rendered":"Zweite Swiss Cyber Security Days (SCSD) stiessen auf grosses Interesse"},"content":{"rendered":"<figure id=\"attachment_6338\" aria-describedby=\"caption-attachment-6338\" style=\"width: 680px\" class=\"wp-caption alignnone\"><img loading=\"lazy\" decoding=\"async\" class=\"size-medium wp-image-6338\" src=\"https:\/\/www.organisator.ch\/wp-content\/uploads\/2020\/02\/Zweite-Swiss-Cyber-Security-Days-SCSD-stiessen-auf-grosses-Interesse-1_Organisator.jpg\" alt=\"\" width=\"680\" height=\"452\" srcset=\"https:\/\/www.organisator.ch\/wp-content\/uploads\/2020\/02\/Zweite-Swiss-Cyber-Security-Days-SCSD-stiessen-auf-grosses-Interesse-1_Organisator.jpg 680w, https:\/\/www.organisator.ch\/wp-content\/uploads\/2020\/02\/Zweite-Swiss-Cyber-Security-Days-SCSD-stiessen-auf-grosses-Interesse-1_Organisator-16x12.jpg 16w, https:\/\/www.organisator.ch\/wp-content\/uploads\/2020\/02\/Zweite-Swiss-Cyber-Security-Days-SCSD-stiessen-auf-grosses-Interesse-1_Organisator-263x175.jpg 263w, https:\/\/www.organisator.ch\/wp-content\/uploads\/2020\/02\/Zweite-Swiss-Cyber-Security-Days-SCSD-stiessen-auf-grosses-Interesse-1_Organisator-527x350.jpg 527w, https:\/\/www.organisator.ch\/wp-content\/uploads\/2020\/02\/Zweite-Swiss-Cyber-Security-Days-SCSD-stiessen-auf-grosses-Interesse-1_Organisator-300x199.jpg 300w\" sizes=\"auto, (max-width: 680px) 100vw, 680px\" \/><figcaption id=\"caption-attachment-6338\" class=\"wp-caption-text\">Cyber-Bedrohungen betreffen uns alle: Podium an den Swiss Cyber Security Days 2020. V.l.n.r.: Monique J. Morrow, Jean-Marc Rickli, Daniel Nussbaumer, Nicolas Mayencourt. (Bild: Thomas Berner)<\/figcaption><\/figure>\n<p>Mit ihrer zweiten Ausgabe haben sich die Swiss Cyber Security Days als die Referenzplattform f\u00fcr Cybersicherheit in der Schweiz etabliert. \u00abAbgesehen von den internationalen Teilnehmern spiegelt die Herkunft der Besucher \u2013 50 % aus der Deutschschweiz, 40 % aus der Westschweiz und 10 % aus der italienischsprachigen Schweiz \u2013 den nationalen Charakter unserer Veranstaltung wider\u00bb, sagt B\u00e9at Kunz, CEO der SCSD. \u00abWieder einmal ist es uns gelungen, Br\u00fccken \u00fcber den Cyberr\u00f6stigraben zu bauen.\u00bb<\/p>\n<h2>Cyber-Bedrohungen lauern \u00fcberall<\/h2>\n<p>In nahezu allen Studien, die nach den gr\u00f6ssten Risiken f\u00fcr Gesellschaft und Wirtschaft fragen, rangieren die Cyber-Bedrohungen neben Klimawandel und geopolitischen Bedrohungen in den Top-3. Der rasante digitale Wandel hat neben vielen neuen willkommenen Errungenschaften auch zu einer enormen Vielfalt an Bedrohungsszenarien gef\u00fchrt. In einer Welt, in der immer mehr Objekte miteinander verbunden sind, wird die Informatik zu einer kritischen Infrastruktur. Die SCSD wollen zur kontrollierten und sicheren Entwicklung der Digitalisierung beitragen, so das Ziel der Organisatoren. Bei den Referaten des Forum-Programmes sprachen national und international renommierte Experten \u00fcber ein breites Spektrum von Themen wie Hyperconnectivity, 5G, den Zug der Zukunft und das Internet der Dinge.<\/p>\n<h2>Entscheidender Faktor Mensch<\/h2>\n<p>Wie gut sind Schweizer Unternehmen gegen Cyberangriffe gewappnet? Daniel Nussbaumer, Leiter der Abteilung Cybercrime der Kantonspolizei Z\u00fcrich, stellt den Firmen kein grunds\u00e4tzlich schlechtes Zeugnis auf. Dennoch w\u00fcrden Unternehmen immer noch zu oft \u00fcberrascht durch Cybervorf\u00e4lle. &#8222;Wenn Angreifer in ein Unternehmen reinkommen wollen, schaffen sie es in der Regel&#8220;, so Nussbaumer. Nicolas Mayencourt von Dreamlab Technologies weist darauf hin, dass bei immer perfekteren F\u00e4lschungen, etwa von E-Mails, alle Sensibilisierung nichts mehr n\u00fctze. Gefordert werde da immer mehr der gesunde Menschenverstand. Also: Wenn einem eine E-Mail des Chefs &#8211; obwohl sehr real scheinend &#8211; nicht ganz &#8222;koscher&#8220; vorkommt, lieber einmal zuviel nachfragen&#8230;<\/p>\n<p>Wenn man m\u00f6gliche Bedrohungsszenarien der Zukunft anschaut, k\u00f6nnte einem schon mal angst und bange werden. KI-gesteuerte Gesichtserkennung gekoppelt mit automatisierter Entscheidung \u00fcber &#8222;gut&#8220; und &#8222;b\u00f6se&#8220; mit entsprechenden Konsequenzen: Nicht auszudenken, wenn da eine Maschine pl\u00f6tzlich einen T\u00f6tungsbefehl geben kann. Idealerweise m\u00fcsse da immer noch ein Mensch als letzte moralische Instanz erhalten bleiben, so die Forderung.<\/p>\n<h2>Swiss Cyber Security Days f\u00fcr Erfahrungsaustausch<\/h2>\n<p>Spannend f\u00fcr die Besucher der SCSD war der Erfahrungsaustausch mit Unternehmen, die selbst schon grosse Cyber-Angriffe erlebt haben. Eines davon war der globale Logistik-Dienstleister Maersk, der 2017 von der Malware &#8222;notpety&#8220; betroffen wurde. W\u00e4hrend Tagen und Wochen musste in m\u00fchsamer Handarbeit wieder eruiert werden, wo sich welcher Schiffscontainer gerade befand und was er enthielt. Weltweit &#8211; rund 25 Prozent der globalen Warenstr\u00f6me stehen in irgendeiner Form mit Maersk in Verbindung &#8211; war der Warenverkehr durch diesen Angriff beeintr\u00e4chtigt. Oder auch das Beispiel des Spitals Wetzikon, das durch die Malware &#8222;emotet&#8220; betroffen war, zeigte, wie Cyberangriffe nicht mehr einfach nur die IT-Infrastruktur sch\u00e4digen, sondern zu einer direkten Bedrohung f\u00fcr Leib und Leben werden k\u00f6nnen. Der Austausch solcher Informationen zwischen Unternehmen, Blaulichtorganisationen, Armee und politischen Beh\u00f6rden stand denn auch an der diesj\u00e4hrigen Ausgabe der SCSD im Vordergrund.<\/p>\n<figure id=\"attachment_6339\" aria-describedby=\"caption-attachment-6339\" style=\"width: 680px\" class=\"wp-caption alignnone\"><img loading=\"lazy\" decoding=\"async\" class=\"size-medium wp-image-6339\" src=\"https:\/\/www.organisator.ch\/wp-content\/uploads\/2020\/02\/Zweite-Swiss-Cyber-Security-Days-SCSD-stiessen-auf-grosses-Interesse-2_Organisator.jpg\" alt=\"\" width=\"680\" height=\"361\" srcset=\"https:\/\/www.organisator.ch\/wp-content\/uploads\/2020\/02\/Zweite-Swiss-Cyber-Security-Days-SCSD-stiessen-auf-grosses-Interesse-2_Organisator.jpg 680w, https:\/\/www.organisator.ch\/wp-content\/uploads\/2020\/02\/Zweite-Swiss-Cyber-Security-Days-SCSD-stiessen-auf-grosses-Interesse-2_Organisator-16x8.jpg 16w, https:\/\/www.organisator.ch\/wp-content\/uploads\/2020\/02\/Zweite-Swiss-Cyber-Security-Days-SCSD-stiessen-auf-grosses-Interesse-2_Organisator-330x175.jpg 330w, https:\/\/www.organisator.ch\/wp-content\/uploads\/2020\/02\/Zweite-Swiss-Cyber-Security-Days-SCSD-stiessen-auf-grosses-Interesse-2_Organisator-659x350.jpg 659w, https:\/\/www.organisator.ch\/wp-content\/uploads\/2020\/02\/Zweite-Swiss-Cyber-Security-Days-SCSD-stiessen-auf-grosses-Interesse-2_Organisator-300x159.jpg 300w\" sizes=\"auto, (max-width: 680px) 100vw, 680px\" \/><figcaption id=\"caption-attachment-6339\" class=\"wp-caption-text\">120 Aussteller stellten ihre L\u00f6sungen zum Schutz vor Cyber-Bedrohungen vor. (Bild: Thomas Berner)<\/figcaption><\/figure>\n<h2>Ausbildung der Cyberspezialisten von morgen<\/h2>\n<p>Als wichtigste Neuerung der Ausgabe 2020 legten die SCSD einen besonderen Fokus auf Ausbildung und Innovation. In der Schweiz herrscht derzeit ein Mangel an rund 40\u2019000 Cybersicherheitsexperten. \u00abDie Schaffung angemessener Ausbildungsg\u00e4nge ist von entscheidender Bedeutung\u00bb, erkl\u00e4rt Doris Fiala, Pr\u00e4sidentin der SCSD. \u00abDie Cyberkriminalit\u00e4t hat in der Schweiz bereits einen finanziellen Schaden von 5 Milliarden Franken verursacht, und das Risiko nimmt t\u00e4glich zu.\u00bb B\u00e9at Kunz f\u00fcgt hinzu: \u00abDieses Jahr haben wir einen speziellen Education- und Innovation-Pavillon angeboten. Indem wir junge Menschen und Hochschulen zusammenbringen, hoffen wir, einen Beitrag zur Ausbildung junger Schweizer Talente zu leisten.\u00bb Die erw\u00e4hnten Beispiele zeigten, dass die durch Cyberangriffe geschaffenen Probleme nur mit hohem Personalaufwand zu l\u00f6sen waren. Im Rahmen des kostenlosen Programms f\u00fcr Studierende nutzten nun 300 Personen die Gelegenheit, die verschiedenen Schweizer Universit\u00e4ten und Fachhochschulen auf der Cyber Education Stage zu entdecken und im Swiss Pavillon for Cyber Innovation, der in Zusammenarbeit mit innosuisse organisiert wurde, mit innovativen Start-ups in Kontakt zu treten.<\/p>\n<h2>Bek\u00e4mpfung von Cyber-Risiken ist international<\/h2>\n<p>Ein Blick auf die internationale Perspektive beschloss die SCSD. Ein hochrangiges internationales Panel in Zusammenarbeit mit dem Centre for Cybersecurity (C4C) des World Economic Forum brachte Sir Rob Wainwright, Senior Partner bei Deloitte und ehemaliger Direktor von Europol, Andy Powell, CISO bei MAERSK, Alois Zwinggi, Gesch\u00e4ftsf\u00fchrer des World Economic Forum und Leiter des Centre for Cybersecurity (C4C), Monique J. Morrow, Pr\u00e4sidentin von The Humanized Internet und der Stiftung VETRI, sowie SCSD-Pr\u00e4sidentin Doris Fiala zusammen. Die Referenten er\u00f6rterten die M\u00f6glichkeiten f\u00fcr eine globale Zusammenarbeit im Bereich der Cybersicherheit sowie die Chancen und Risiken der internationalen digitalen Konnektivit\u00e4t.<\/p>\n<p>Die n\u00e4chsten Swiss Cyber Security Days finden am 10. und 11. M\u00e4rz 2021 wiederum im Forum Fribourg statt.<\/p>\n<p><a href=\"http:\/\/www.swisscybersecuritydays.ch\"><em>Weitere Informationen<\/em><\/a><\/p>\n","protected":false},"excerpt":{"rendered":"<p>Mit ihrer zweiten Ausgabe haben sich die Swiss Cyber Security Days als die Referenzplattform f\u00fcr Cybersicherheit in der Schweiz etabliert. \u00abAbgesehen von den internationalen Teilnehmern spiegelt die Herkunft der Besucher \u2013 50 % aus der Deutschschweiz, 40 % aus der Westschweiz und 10 % aus der italienischsprachigen Schweiz \u2013 den nationalen Charakter unserer Veranstaltung wider\u00bb, [&hellip;]<\/p>\n","protected":false},"author":4,"featured_media":6338,"comment_status":"closed","ping_status":"closed","sticky":false,"template":"","format":"standard","meta":{"_acf_changed":false,"_yoast_wpseo_focuskw":"Swiss Cyber Security Days","_yoast_wpseo_metadesc":"Fast 2\u2019700 Personen nahmen an den Swiss Cyber Security Days 2020 (SCSD) teil, die am 12. und 13. Februar im Forum Fribourg stattfanden.","articlekey":"","footnotes":""},"categories":[27],"tags":[142,156,260,502],"class_list":["post-6337","post","type-post","status-publish","format-standard","has-post-thumbnail","hentry","category-it","tag-cyber-crime","tag-digitalisierung","tag-ict-sicherheit","tag-veranstaltungen"],"acf":[],"yoast_head":"<!-- This site is optimized with the Yoast SEO plugin v27.5 - https:\/\/yoast.com\/product\/yoast-seo-wordpress\/ -->\n<title>Zweite Swiss Cyber Security Days (SCSD) stiessen auf grosses Interesse - Organisator<\/title>\n<meta name=\"description\" content=\"Fast 2\u2019700 Personen nahmen an den Swiss Cyber Security Days 2020 (SCSD) teil, die am 12. und 13. Februar im Forum Fribourg stattfanden.\" \/>\n<meta name=\"robots\" content=\"index, follow, max-snippet:-1, max-image-preview:large, max-video-preview:-1\" \/>\n<link rel=\"canonical\" href=\"https:\/\/www.organisator.ch\/de\/management\/it\/2020-02-14\/zweite-swiss-cyber-security-days-scsd-stiessen-auf-grosses-interesse\/\" \/>\n<meta property=\"og:locale\" content=\"de_DE\" \/>\n<meta property=\"og:type\" content=\"article\" \/>\n<meta property=\"og:title\" content=\"Zweite Swiss Cyber Security Days (SCSD) stiessen auf grosses Interesse\" \/>\n<meta property=\"og:description\" content=\"Fast 2\u2019700 Personen nahmen an den Swiss Cyber Security Days 2020 (SCSD) teil, die am 12. und 13. Februar im Forum Fribourg stattfanden.\" \/>\n<meta property=\"og:url\" content=\"https:\/\/www.organisator.ch\/de\/management\/it\/2020-02-14\/zweite-swiss-cyber-security-days-scsd-stiessen-auf-grosses-interesse\/\" \/>\n<meta property=\"og:site_name\" content=\"Organisator\" \/>\n<meta property=\"article:publisher\" content=\"https:\/\/www.facebook.com\/OrganisatorFachmagazin\" \/>\n<meta property=\"article:published_time\" content=\"2020-02-14T07:58:56+00:00\" \/>\n<meta property=\"og:image\" content=\"https:\/\/www.organisator.ch\/wp-content\/uploads\/2020\/02\/Zweite-Swiss-Cyber-Security-Days-SCSD-stiessen-auf-grosses-Interesse-1_Organisator.jpg\" \/>\n\t<meta property=\"og:image:width\" content=\"680\" \/>\n\t<meta property=\"og:image:height\" content=\"452\" \/>\n\t<meta property=\"og:image:type\" content=\"image\/jpeg\" \/>\n<meta name=\"author\" content=\"thomas.berner\" \/>\n<meta name=\"twitter:card\" content=\"summary_large_image\" \/>\n<meta name=\"twitter:title\" content=\"Zweite Swiss Cyber Security Days (#SCSD) stiessen auf grosses Interesse\" \/>\n<meta name=\"twitter:description\" content=\"Fast 2\u2019700 Personen nahmen an den Swiss Cyber Security Days 2020 (#SCSD) teil, die am 12. und 13. Februar im Forum Fribourg stattfanden.\" \/>\n<meta name=\"twitter:image\" content=\"https:\/\/www.organisator.ch\/wp-content\/uploads\/2020\/02\/Zweite-Swiss-Cyber-Security-Days-SCSD-stiessen-auf-grosses-Interesse-1_Organisator.jpg\" \/>\n<script type=\"application\/ld+json\" class=\"yoast-schema-graph\">{\"@context\":\"https:\\\/\\\/schema.org\",\"@graph\":[{\"@type\":\"Article\",\"@id\":\"https:\\\/\\\/www.organisator.ch\\\/management\\\/it\\\/2020-02-14\\\/zweite-swiss-cyber-security-days-scsd-stiessen-auf-grosses-interesse\\\/#article\",\"isPartOf\":{\"@id\":\"https:\\\/\\\/www.organisator.ch\\\/management\\\/it\\\/2020-02-14\\\/zweite-swiss-cyber-security-days-scsd-stiessen-auf-grosses-interesse\\\/\"},\"author\":{\"name\":\"thomas.berner\",\"@id\":\"https:\\\/\\\/www.organisator.ch\\\/#\\\/schema\\\/person\\\/6f650f90b2842cd4c0cc334b4e36f67e\"},\"headline\":\"Zweite Swiss Cyber Security Days (SCSD) stiessen auf grosses Interesse\",\"datePublished\":\"2020-02-14T07:58:56+00:00\",\"mainEntityOfPage\":{\"@id\":\"https:\\\/\\\/www.organisator.ch\\\/management\\\/it\\\/2020-02-14\\\/zweite-swiss-cyber-security-days-scsd-stiessen-auf-grosses-interesse\\\/\"},\"wordCount\":866,\"publisher\":{\"@id\":\"https:\\\/\\\/www.organisator.ch\\\/#organization\"},\"image\":{\"@id\":\"https:\\\/\\\/www.organisator.ch\\\/management\\\/it\\\/2020-02-14\\\/zweite-swiss-cyber-security-days-scsd-stiessen-auf-grosses-interesse\\\/#primaryimage\"},\"thumbnailUrl\":\"https:\\\/\\\/www.organisator.ch\\\/wp-content\\\/uploads\\\/2020\\\/02\\\/Zweite-Swiss-Cyber-Security-Days-SCSD-stiessen-auf-grosses-Interesse-1_Organisator.jpg\",\"keywords\":[\"Cyber-Crime\",\"Digitalisierung\",\"ICT-Sicherheit\",\"Veranstaltungen\"],\"articleSection\":[\"IT\"],\"inLanguage\":\"de\"},{\"@type\":\"WebPage\",\"@id\":\"https:\\\/\\\/www.organisator.ch\\\/management\\\/it\\\/2020-02-14\\\/zweite-swiss-cyber-security-days-scsd-stiessen-auf-grosses-interesse\\\/\",\"url\":\"https:\\\/\\\/www.organisator.ch\\\/management\\\/it\\\/2020-02-14\\\/zweite-swiss-cyber-security-days-scsd-stiessen-auf-grosses-interesse\\\/\",\"name\":\"Zweite Swiss Cyber Security Days (SCSD) stiessen auf grosses Interesse - Organisator\",\"isPartOf\":{\"@id\":\"https:\\\/\\\/www.organisator.ch\\\/#website\"},\"primaryImageOfPage\":{\"@id\":\"https:\\\/\\\/www.organisator.ch\\\/management\\\/it\\\/2020-02-14\\\/zweite-swiss-cyber-security-days-scsd-stiessen-auf-grosses-interesse\\\/#primaryimage\"},\"image\":{\"@id\":\"https:\\\/\\\/www.organisator.ch\\\/management\\\/it\\\/2020-02-14\\\/zweite-swiss-cyber-security-days-scsd-stiessen-auf-grosses-interesse\\\/#primaryimage\"},\"thumbnailUrl\":\"https:\\\/\\\/www.organisator.ch\\\/wp-content\\\/uploads\\\/2020\\\/02\\\/Zweite-Swiss-Cyber-Security-Days-SCSD-stiessen-auf-grosses-Interesse-1_Organisator.jpg\",\"datePublished\":\"2020-02-14T07:58:56+00:00\",\"description\":\"Fast 2\u2019700 Personen nahmen an den Swiss Cyber Security Days 2020 (SCSD) teil, die am 12. und 13. Februar im Forum Fribourg stattfanden.\",\"breadcrumb\":{\"@id\":\"https:\\\/\\\/www.organisator.ch\\\/management\\\/it\\\/2020-02-14\\\/zweite-swiss-cyber-security-days-scsd-stiessen-auf-grosses-interesse\\\/#breadcrumb\"},\"inLanguage\":\"de\",\"potentialAction\":[{\"@type\":\"ReadAction\",\"target\":[\"https:\\\/\\\/www.organisator.ch\\\/management\\\/it\\\/2020-02-14\\\/zweite-swiss-cyber-security-days-scsd-stiessen-auf-grosses-interesse\\\/\"]}]},{\"@type\":\"ImageObject\",\"inLanguage\":\"de\",\"@id\":\"https:\\\/\\\/www.organisator.ch\\\/management\\\/it\\\/2020-02-14\\\/zweite-swiss-cyber-security-days-scsd-stiessen-auf-grosses-interesse\\\/#primaryimage\",\"url\":\"https:\\\/\\\/www.organisator.ch\\\/wp-content\\\/uploads\\\/2020\\\/02\\\/Zweite-Swiss-Cyber-Security-Days-SCSD-stiessen-auf-grosses-Interesse-1_Organisator.jpg\",\"contentUrl\":\"https:\\\/\\\/www.organisator.ch\\\/wp-content\\\/uploads\\\/2020\\\/02\\\/Zweite-Swiss-Cyber-Security-Days-SCSD-stiessen-auf-grosses-Interesse-1_Organisator.jpg\",\"width\":680,\"height\":452,\"caption\":\"Cyber-Bedrohungen betreffen uns alle: Podium an den Swiss Cyber Security Days 2020. V.l.n.r.: Monique J. Morrow, Jean-Marc Rickli, Daniel Nussbaumer, Nicolas Mayencourt. (Bild: Thomas Berner)\"},{\"@type\":\"BreadcrumbList\",\"@id\":\"https:\\\/\\\/www.organisator.ch\\\/management\\\/it\\\/2020-02-14\\\/zweite-swiss-cyber-security-days-scsd-stiessen-auf-grosses-interesse\\\/#breadcrumb\",\"itemListElement\":[{\"@type\":\"ListItem\",\"position\":1,\"name\":\"Home\",\"item\":\"https:\\\/\\\/www.organisator.ch\\\/\"},{\"@type\":\"ListItem\",\"position\":2,\"name\":\"Zweite Swiss Cyber Security Days (SCSD) stiessen auf grosses Interesse\"}]},{\"@type\":\"WebSite\",\"@id\":\"https:\\\/\\\/www.organisator.ch\\\/#website\",\"url\":\"https:\\\/\\\/www.organisator.ch\\\/\",\"name\":\"Organisator\",\"description\":\"Kompetent. Praxisnah. Der ORGANISATOR bereitet in 10 Ausgaben pro Jahr die wesentlichen Themen f\u00fcr F\u00fchrungskr\u00e4fte von KMU auf.\",\"publisher\":{\"@id\":\"https:\\\/\\\/www.organisator.ch\\\/#organization\"},\"potentialAction\":[{\"@type\":\"SearchAction\",\"target\":{\"@type\":\"EntryPoint\",\"urlTemplate\":\"https:\\\/\\\/www.organisator.ch\\\/?s={search_term_string}\"},\"query-input\":{\"@type\":\"PropertyValueSpecification\",\"valueRequired\":true,\"valueName\":\"search_term_string\"}}],\"inLanguage\":\"de\"},{\"@type\":\"Organization\",\"@id\":\"https:\\\/\\\/www.organisator.ch\\\/#organization\",\"name\":\"Organisator\",\"url\":\"https:\\\/\\\/www.organisator.ch\\\/\",\"logo\":{\"@type\":\"ImageObject\",\"inLanguage\":\"de\",\"@id\":\"https:\\\/\\\/www.organisator.ch\\\/#\\\/schema\\\/logo\\\/image\\\/\",\"url\":\"https:\\\/\\\/www.organisator.ch\\\/wp-content\\\/uploads\\\/2022\\\/01\\\/Logo_Organisator_Website.png\",\"contentUrl\":\"https:\\\/\\\/www.organisator.ch\\\/wp-content\\\/uploads\\\/2022\\\/01\\\/Logo_Organisator_Website.png\",\"width\":800,\"height\":77,\"caption\":\"Organisator\"},\"image\":{\"@id\":\"https:\\\/\\\/www.organisator.ch\\\/#\\\/schema\\\/logo\\\/image\\\/\"},\"sameAs\":[\"https:\\\/\\\/www.facebook.com\\\/OrganisatorFachmagazin\",\"https:\\\/\\\/www.linkedin.com\\\/showcase\\\/organisator-das-magazin-fr-kmu\",\"https:\\\/\\\/www.xing.com\\\/news\\\/pages\\\/organisator-ch-695\",\"https:\\\/\\\/www.youtube.com\\\/channel\\\/UCGP2Sq0iWaZwT3BdIAQFYpw\"]},{\"@type\":\"Person\",\"@id\":\"https:\\\/\\\/www.organisator.ch\\\/#\\\/schema\\\/person\\\/6f650f90b2842cd4c0cc334b4e36f67e\",\"name\":\"thomas.berner\",\"image\":{\"@type\":\"ImageObject\",\"inLanguage\":\"de\",\"@id\":\"https:\\\/\\\/secure.gravatar.com\\\/avatar\\\/ac5001d2a36cb6c6cd3e50789007ffca834b477b74a2144564522e944eabff61?s=96&d=mm&r=g\",\"url\":\"https:\\\/\\\/secure.gravatar.com\\\/avatar\\\/ac5001d2a36cb6c6cd3e50789007ffca834b477b74a2144564522e944eabff61?s=96&d=mm&r=g\",\"contentUrl\":\"https:\\\/\\\/secure.gravatar.com\\\/avatar\\\/ac5001d2a36cb6c6cd3e50789007ffca834b477b74a2144564522e944eabff61?s=96&d=mm&r=g\",\"caption\":\"thomas.berner\"},\"url\":\"https:\\\/\\\/www.organisator.ch\\\/de\\\/author\\\/thomas-berner\\\/\"}]}<\/script>\n<!-- \/ Yoast SEO plugin. -->","yoast_head_json":{"title":"Zweite Swiss Cyber Security Days (SCSD) stiessen auf grosses Interesse - Organisator","description":"Fast 2\u2019700 Personen nahmen an den Swiss Cyber Security Days 2020 (SCSD) teil, die am 12. und 13. Februar im Forum Fribourg stattfanden.","robots":{"index":"index","follow":"follow","max-snippet":"max-snippet:-1","max-image-preview":"max-image-preview:large","max-video-preview":"max-video-preview:-1"},"canonical":"https:\/\/www.organisator.ch\/de\/management\/it\/2020-02-14\/zweite-swiss-cyber-security-days-scsd-stiessen-auf-grosses-interesse\/","og_locale":"de_DE","og_type":"article","og_title":"Zweite Swiss Cyber Security Days (SCSD) stiessen auf grosses Interesse","og_description":"Fast 2\u2019700 Personen nahmen an den Swiss Cyber Security Days 2020 (SCSD) teil, die am 12. und 13. Februar im Forum Fribourg stattfanden.","og_url":"https:\/\/www.organisator.ch\/de\/management\/it\/2020-02-14\/zweite-swiss-cyber-security-days-scsd-stiessen-auf-grosses-interesse\/","og_site_name":"Organisator","article_publisher":"https:\/\/www.facebook.com\/OrganisatorFachmagazin","article_published_time":"2020-02-14T07:58:56+00:00","og_image":[{"width":680,"height":452,"url":"https:\/\/www.organisator.ch\/wp-content\/uploads\/2020\/02\/Zweite-Swiss-Cyber-Security-Days-SCSD-stiessen-auf-grosses-Interesse-1_Organisator.jpg","type":"image\/jpeg"}],"author":"thomas.berner","twitter_card":"summary_large_image","twitter_title":"Zweite Swiss Cyber Security Days (#SCSD) stiessen auf grosses Interesse","twitter_description":"Fast 2\u2019700 Personen nahmen an den Swiss Cyber Security Days 2020 (#SCSD) teil, die am 12. und 13. Februar im Forum Fribourg stattfanden.","twitter_image":"https:\/\/www.organisator.ch\/wp-content\/uploads\/2020\/02\/Zweite-Swiss-Cyber-Security-Days-SCSD-stiessen-auf-grosses-Interesse-1_Organisator.jpg","schema":{"@context":"https:\/\/schema.org","@graph":[{"@type":"Article","@id":"https:\/\/www.organisator.ch\/management\/it\/2020-02-14\/zweite-swiss-cyber-security-days-scsd-stiessen-auf-grosses-interesse\/#article","isPartOf":{"@id":"https:\/\/www.organisator.ch\/management\/it\/2020-02-14\/zweite-swiss-cyber-security-days-scsd-stiessen-auf-grosses-interesse\/"},"author":{"name":"thomas.berner","@id":"https:\/\/www.organisator.ch\/#\/schema\/person\/6f650f90b2842cd4c0cc334b4e36f67e"},"headline":"Zweite Swiss Cyber Security Days (SCSD) stiessen auf grosses Interesse","datePublished":"2020-02-14T07:58:56+00:00","mainEntityOfPage":{"@id":"https:\/\/www.organisator.ch\/management\/it\/2020-02-14\/zweite-swiss-cyber-security-days-scsd-stiessen-auf-grosses-interesse\/"},"wordCount":866,"publisher":{"@id":"https:\/\/www.organisator.ch\/#organization"},"image":{"@id":"https:\/\/www.organisator.ch\/management\/it\/2020-02-14\/zweite-swiss-cyber-security-days-scsd-stiessen-auf-grosses-interesse\/#primaryimage"},"thumbnailUrl":"https:\/\/www.organisator.ch\/wp-content\/uploads\/2020\/02\/Zweite-Swiss-Cyber-Security-Days-SCSD-stiessen-auf-grosses-Interesse-1_Organisator.jpg","keywords":["Cyber-Crime","Digitalisierung","ICT-Sicherheit","Veranstaltungen"],"articleSection":["IT"],"inLanguage":"de"},{"@type":"WebPage","@id":"https:\/\/www.organisator.ch\/management\/it\/2020-02-14\/zweite-swiss-cyber-security-days-scsd-stiessen-auf-grosses-interesse\/","url":"https:\/\/www.organisator.ch\/management\/it\/2020-02-14\/zweite-swiss-cyber-security-days-scsd-stiessen-auf-grosses-interesse\/","name":"Zweite Swiss Cyber Security Days (SCSD) stiessen auf grosses Interesse - Organisator","isPartOf":{"@id":"https:\/\/www.organisator.ch\/#website"},"primaryImageOfPage":{"@id":"https:\/\/www.organisator.ch\/management\/it\/2020-02-14\/zweite-swiss-cyber-security-days-scsd-stiessen-auf-grosses-interesse\/#primaryimage"},"image":{"@id":"https:\/\/www.organisator.ch\/management\/it\/2020-02-14\/zweite-swiss-cyber-security-days-scsd-stiessen-auf-grosses-interesse\/#primaryimage"},"thumbnailUrl":"https:\/\/www.organisator.ch\/wp-content\/uploads\/2020\/02\/Zweite-Swiss-Cyber-Security-Days-SCSD-stiessen-auf-grosses-Interesse-1_Organisator.jpg","datePublished":"2020-02-14T07:58:56+00:00","description":"Fast 2\u2019700 Personen nahmen an den Swiss Cyber Security Days 2020 (SCSD) teil, die am 12. und 13. Februar im Forum Fribourg stattfanden.","breadcrumb":{"@id":"https:\/\/www.organisator.ch\/management\/it\/2020-02-14\/zweite-swiss-cyber-security-days-scsd-stiessen-auf-grosses-interesse\/#breadcrumb"},"inLanguage":"de","potentialAction":[{"@type":"ReadAction","target":["https:\/\/www.organisator.ch\/management\/it\/2020-02-14\/zweite-swiss-cyber-security-days-scsd-stiessen-auf-grosses-interesse\/"]}]},{"@type":"ImageObject","inLanguage":"de","@id":"https:\/\/www.organisator.ch\/management\/it\/2020-02-14\/zweite-swiss-cyber-security-days-scsd-stiessen-auf-grosses-interesse\/#primaryimage","url":"https:\/\/www.organisator.ch\/wp-content\/uploads\/2020\/02\/Zweite-Swiss-Cyber-Security-Days-SCSD-stiessen-auf-grosses-Interesse-1_Organisator.jpg","contentUrl":"https:\/\/www.organisator.ch\/wp-content\/uploads\/2020\/02\/Zweite-Swiss-Cyber-Security-Days-SCSD-stiessen-auf-grosses-Interesse-1_Organisator.jpg","width":680,"height":452,"caption":"Cyber-Bedrohungen betreffen uns alle: Podium an den Swiss Cyber Security Days 2020. V.l.n.r.: Monique J. Morrow, Jean-Marc Rickli, Daniel Nussbaumer, Nicolas Mayencourt. (Bild: Thomas Berner)"},{"@type":"BreadcrumbList","@id":"https:\/\/www.organisator.ch\/management\/it\/2020-02-14\/zweite-swiss-cyber-security-days-scsd-stiessen-auf-grosses-interesse\/#breadcrumb","itemListElement":[{"@type":"ListItem","position":1,"name":"Home","item":"https:\/\/www.organisator.ch\/"},{"@type":"ListItem","position":2,"name":"Zweite Swiss Cyber Security Days (SCSD) stiessen auf grosses Interesse"}]},{"@type":"WebSite","@id":"https:\/\/www.organisator.ch\/#website","url":"https:\/\/www.organisator.ch\/","name":"Organisator","description":"Kompetent. Praxisnah. Der ORGANISATOR bereitet in 10 Ausgaben pro Jahr die wesentlichen Themen f\u00fcr F\u00fchrungskr\u00e4fte von KMU auf.","publisher":{"@id":"https:\/\/www.organisator.ch\/#organization"},"potentialAction":[{"@type":"SearchAction","target":{"@type":"EntryPoint","urlTemplate":"https:\/\/www.organisator.ch\/?s={search_term_string}"},"query-input":{"@type":"PropertyValueSpecification","valueRequired":true,"valueName":"search_term_string"}}],"inLanguage":"de"},{"@type":"Organization","@id":"https:\/\/www.organisator.ch\/#organization","name":"Organisator","url":"https:\/\/www.organisator.ch\/","logo":{"@type":"ImageObject","inLanguage":"de","@id":"https:\/\/www.organisator.ch\/#\/schema\/logo\/image\/","url":"https:\/\/www.organisator.ch\/wp-content\/uploads\/2022\/01\/Logo_Organisator_Website.png","contentUrl":"https:\/\/www.organisator.ch\/wp-content\/uploads\/2022\/01\/Logo_Organisator_Website.png","width":800,"height":77,"caption":"Organisator"},"image":{"@id":"https:\/\/www.organisator.ch\/#\/schema\/logo\/image\/"},"sameAs":["https:\/\/www.facebook.com\/OrganisatorFachmagazin","https:\/\/www.linkedin.com\/showcase\/organisator-das-magazin-fr-kmu","https:\/\/www.xing.com\/news\/pages\/organisator-ch-695","https:\/\/www.youtube.com\/channel\/UCGP2Sq0iWaZwT3BdIAQFYpw"]},{"@type":"Person","@id":"https:\/\/www.organisator.ch\/#\/schema\/person\/6f650f90b2842cd4c0cc334b4e36f67e","name":"thomas.berner","image":{"@type":"ImageObject","inLanguage":"de","@id":"https:\/\/secure.gravatar.com\/avatar\/ac5001d2a36cb6c6cd3e50789007ffca834b477b74a2144564522e944eabff61?s=96&d=mm&r=g","url":"https:\/\/secure.gravatar.com\/avatar\/ac5001d2a36cb6c6cd3e50789007ffca834b477b74a2144564522e944eabff61?s=96&d=mm&r=g","contentUrl":"https:\/\/secure.gravatar.com\/avatar\/ac5001d2a36cb6c6cd3e50789007ffca834b477b74a2144564522e944eabff61?s=96&d=mm&r=g","caption":"thomas.berner"},"url":"https:\/\/www.organisator.ch\/de\/author\/thomas-berner\/"}]}},"_links":{"self":[{"href":"https:\/\/www.organisator.ch\/de\/wp-json\/wp\/v2\/posts\/6337","targetHints":{"allow":["GET"]}}],"collection":[{"href":"https:\/\/www.organisator.ch\/de\/wp-json\/wp\/v2\/posts"}],"about":[{"href":"https:\/\/www.organisator.ch\/de\/wp-json\/wp\/v2\/types\/post"}],"author":[{"embeddable":true,"href":"https:\/\/www.organisator.ch\/de\/wp-json\/wp\/v2\/users\/4"}],"replies":[{"embeddable":true,"href":"https:\/\/www.organisator.ch\/de\/wp-json\/wp\/v2\/comments?post=6337"}],"version-history":[{"count":0,"href":"https:\/\/www.organisator.ch\/de\/wp-json\/wp\/v2\/posts\/6337\/revisions"}],"wp:featuredmedia":[{"embeddable":true,"href":"https:\/\/www.organisator.ch\/de\/wp-json\/wp\/v2\/media\/6338"}],"wp:attachment":[{"href":"https:\/\/www.organisator.ch\/de\/wp-json\/wp\/v2\/media?parent=6337"}],"wp:term":[{"taxonomy":"category","embeddable":true,"href":"https:\/\/www.organisator.ch\/de\/wp-json\/wp\/v2\/categories?post=6337"},{"taxonomy":"post_tag","embeddable":true,"href":"https:\/\/www.organisator.ch\/de\/wp-json\/wp\/v2\/tags?post=6337"}],"curies":[{"name":"wp","href":"https:\/\/api.w.org\/{rel}","templated":true}]}}