{"id":6343,"date":"2020-02-17T09:32:11","date_gmt":"2020-02-17T08:32:11","guid":{"rendered":"https:\/\/www.organisator.ch\/?p=6343"},"modified":"2020-02-17T09:32:11","modified_gmt":"2020-02-17T08:32:11","slug":"umbruch-in-wirtschaft-und-gesellschaft-am-kmu-swiss-forum-2020","status":"publish","type":"post","link":"https:\/\/www.organisator.ch\/de\/management\/2020-02-17\/umbruch-in-wirtschaft-und-gesellschaft-am-kmu-swiss-forum-2020\/","title":{"rendered":"Umbruch in Wirtschaft und Gesellschaft am KMU Swiss Forum 2020"},"content":{"rendered":"<figure id=\"attachment_6344\" aria-describedby=\"caption-attachment-6344\" style=\"width: 680px\" class=\"wp-caption alignnone\"><img loading=\"lazy\" decoding=\"async\" class=\"size-medium wp-image-6344\" src=\"https:\/\/www.organisator.ch\/wp-content\/uploads\/2020\/02\/Umbruch-in-Wirtschaft-und-Gesellschaft-am-KMU-Swiss-Forum-2020_Organisator.jpg\" alt=\"\" width=\"680\" height=\"347\" srcset=\"https:\/\/www.organisator.ch\/wp-content\/uploads\/2020\/02\/Umbruch-in-Wirtschaft-und-Gesellschaft-am-KMU-Swiss-Forum-2020_Organisator.jpg 680w, https:\/\/www.organisator.ch\/wp-content\/uploads\/2020\/02\/Umbruch-in-Wirtschaft-und-Gesellschaft-am-KMU-Swiss-Forum-2020_Organisator-16x8.jpg 16w, https:\/\/www.organisator.ch\/wp-content\/uploads\/2020\/02\/Umbruch-in-Wirtschaft-und-Gesellschaft-am-KMU-Swiss-Forum-2020_Organisator-343x175.jpg 343w, https:\/\/www.organisator.ch\/wp-content\/uploads\/2020\/02\/Umbruch-in-Wirtschaft-und-Gesellschaft-am-KMU-Swiss-Forum-2020_Organisator-300x153.jpg 300w\" sizes=\"auto, (max-width: 680px) 100vw, 680px\" \/><figcaption id=\"caption-attachment-6344\" class=\"wp-caption-text\">Umbruch in Wirtschaft und Gesellschaft: So lautet das Thema des KMU Swiss Forum vom 19. M\u00e4rz 2020 in Baden. (Bild: KMU Swiss)<\/figcaption><\/figure>\n<p>Auch am diesj\u00e4hrigen KMU Swiss Forum vom 19. M\u00e4rz 2020 referieren erfolgreiche Pers\u00f6nlichkeiten aus verschiedenen Bereichen und Branchen deren Erfahrungen praxis- und zeitnah. Sie beleuchten und diskutieren das diesj\u00e4hrige Thema \u00abUmbruch in Wirtschaft und Gesellschaft\u00bb aus verschiedenen Perspektiven zu Stichworten wie Industrie, Handel, Geld, Sicherheit, Recht, Personal, Verband und Sport. Dieses Jahr werden 500 Teilnehmer erwartet, darunter diverse Ehreng\u00e4ste und Pers\u00f6nlichkeiten aus Wirtschaft und Politik. \u00abUnsere G\u00e4ste sch\u00e4tzen den hohen Praxisbezug der Referate\u00bb, so Armin Baumann, Initiant und Inhaber von KMU Swiss.<\/p>\n<h2>Vielf\u00e4ltiges Referenten-Panel aus Wirtschaft und Gesellschaft<\/h2>\n<p>Ein Umbruch in Wirtschaft und Gesellschaft wird erfolgen, davon ist wohl auszugehen. Was werden die Herausforderungen sein, auf die wir treffen werden im privaten und gesellschaftlichen Umfeld? \u00abEs wird sicherlich Verlierer und Gewinner geben. F\u00fcr mich ist sicher, dass diejenigen, die mitmachen, zu den Siegern geh\u00f6ren werden\u00bb, sagt Armin Baumann. Der erw\u00e4hnte Umbruch wird von folgenden Referentinnen und Referenten unterschiedlich beleuchtet werden:<\/p>\n<ul>\n<li>Werner van Gent (Mitgr\u00fcnder Treffpunkt Orient und Reporter SRF)<\/li>\n<li>Ivano Somaini (Regional Manager Z\u00fcrich Compass Security Schweiz AG)<\/li>\n<li>Atilla Vuran (Gr\u00fcnder PONTEA AG)<\/li>\n<li>Rolf H\u00e4rdi (CTIO DB Konzernleitung)<\/li>\n<li>Daniel Fiechter (CIO STOBAG AG, Dozierender MAS Industrie 4.0, FFHS)<\/li>\n<li>Beni Huggel (Jungunternehmer und ehem. Schweizer Fussballspieler)<\/li>\n<li>Britta Pukall (Gr\u00fcnderin milani design &amp; consulting AG) und Dirk Hoffmann (leitet strategische Projekte Metall Zug Gruppe)<\/li>\n<li>Rafael Waber (Gesch\u00e4ftsf\u00fchrer SwissShrimp AG)<\/li>\n<\/ul>\n<h2>\u00d6ffentliche Veranstaltung im Anschluss der Tagung<\/h2>\n<p>Durch die Tagung f\u00fchrt auch dieses Jahr der Kommunikationsexperte und Journalist Dr. Hugo Bigi. In den Pausen bleibt ausreichend Zeit f\u00fcr Networking und Diskussionen. Bis zu 40 Firmen-Aussteller werden sich pr\u00e4sentieren. Im Anschluss l\u00e4dt die Stadt Baden alle Forumsg\u00e4ste zum \u00abMarktplatz Baden\u00bb ein. Als Talk-Gast eingeladen ist dieses Jahr die international gefragte Pfarrerin Corinne Dobler.<\/p>\n<p><em>Weitere Informationen und Tickets unter: <a href=\"http:\/\/www.kmuswiss.ch\/forum\">www.kmuswiss.ch\/forum<\/a><\/em><\/p>\n","protected":false},"excerpt":{"rendered":"<p>Auch am diesj\u00e4hrigen KMU Swiss Forum vom 19. M\u00e4rz 2020 referieren erfolgreiche Pers\u00f6nlichkeiten aus verschiedenen Bereichen und Branchen deren Erfahrungen praxis- und zeitnah. Sie beleuchten und diskutieren das diesj\u00e4hrige Thema \u00abUmbruch in Wirtschaft und Gesellschaft\u00bb aus verschiedenen Perspektiven zu Stichworten wie Industrie, Handel, Geld, Sicherheit, Recht, Personal, Verband und Sport. Dieses Jahr werden 500 Teilnehmer [&hellip;]<\/p>\n","protected":false},"author":4,"featured_media":6344,"comment_status":"closed","ping_status":"closed","sticky":false,"template":"","format":"standard","meta":{"_acf_changed":false,"_yoast_wpseo_focuskw":"Wirtschaft und Gesellschaft","_yoast_wpseo_metadesc":"Das 18. KMU SWISS Forum findet am 19. M\u00e4rz 2020 im Kongresszentrum Trafo Baden statt. Das diesj\u00e4hrige Thema lautet: Umbruch in Wirtschaft und Gesellschaft.","articlekey":"","footnotes":""},"categories":[28],"tags":[335,496,502,531],"class_list":["post-6343","post","type-post","status-publish","format-standard","has-post-thumbnail","hentry","category-management","tag-management-und-unternehmensfuehrung","tag-unternehmensfuehrung","tag-veranstaltungen","tag-wirtschaftspolitik"],"acf":[],"yoast_head":"<!-- This site is optimized with the Yoast SEO plugin v27.5 - https:\/\/yoast.com\/product\/yoast-seo-wordpress\/ -->\n<title>Umbruch in Wirtschaft und Gesellschaft am KMU Swiss Forum 2020 - Organisator<\/title>\n<meta name=\"description\" content=\"Das 18. KMU SWISS Forum findet am 19. M\u00e4rz 2020 im Kongresszentrum Trafo Baden statt. Das diesj\u00e4hrige Thema lautet: Umbruch in Wirtschaft und Gesellschaft.\" \/>\n<meta name=\"robots\" content=\"index, follow, max-snippet:-1, max-image-preview:large, max-video-preview:-1\" \/>\n<link rel=\"canonical\" href=\"https:\/\/www.organisator.ch\/de\/management\/2020-02-17\/umbruch-in-wirtschaft-und-gesellschaft-am-kmu-swiss-forum-2020\/\" \/>\n<meta property=\"og:locale\" content=\"de_DE\" \/>\n<meta property=\"og:type\" content=\"article\" \/>\n<meta property=\"og:title\" content=\"Umbruch in Wirtschaft und Gesellschaft am KMU Swiss Forum 2020\" \/>\n<meta property=\"og:description\" content=\"Das 18. KMU SWISS Forum findet am 19. M\u00e4rz 2020 im Kongresszentrum Trafo Baden statt. Das diesj\u00e4hrige Thema lautet: Umbruch in Wirtschaft und Gesellschaft.\" \/>\n<meta property=\"og:url\" content=\"https:\/\/www.organisator.ch\/de\/management\/2020-02-17\/umbruch-in-wirtschaft-und-gesellschaft-am-kmu-swiss-forum-2020\/\" \/>\n<meta property=\"og:site_name\" content=\"Organisator\" \/>\n<meta property=\"article:publisher\" content=\"https:\/\/www.facebook.com\/OrganisatorFachmagazin\" \/>\n<meta property=\"article:published_time\" content=\"2020-02-17T08:32:11+00:00\" \/>\n<meta property=\"og:image\" content=\"https:\/\/www.organisator.ch\/wp-content\/uploads\/2020\/02\/Umbruch-in-Wirtschaft-und-Gesellschaft-am-KMU-Swiss-Forum-2020_Organisator.jpg\" \/>\n\t<meta property=\"og:image:width\" content=\"680\" \/>\n\t<meta property=\"og:image:height\" content=\"347\" \/>\n\t<meta property=\"og:image:type\" content=\"image\/jpeg\" \/>\n<meta name=\"author\" content=\"thomas.berner\" \/>\n<meta name=\"twitter:card\" content=\"summary_large_image\" \/>\n<meta name=\"twitter:title\" content=\"Umbruch in Wirtschaft und Gesellschaft am #KMUSwissForum 2020\" \/>\n<meta name=\"twitter:description\" content=\"Das 18. #KMUSwissForum findet am 19. M\u00e4rz 2020 im #Kongresszentrum #Trafo Baden statt. Das diesj\u00e4hrige Thema lautet: Umbruch in Wirtschaft und Gesellschaft.\" \/>\n<meta name=\"twitter:image\" content=\"https:\/\/www.organisator.ch\/wp-content\/uploads\/2020\/02\/Umbruch-in-Wirtschaft-und-Gesellschaft-am-KMU-Swiss-Forum-2020_Organisator.jpg\" \/>\n<script type=\"application\/ld+json\" class=\"yoast-schema-graph\">{\"@context\":\"https:\\\/\\\/schema.org\",\"@graph\":[{\"@type\":\"Article\",\"@id\":\"https:\\\/\\\/www.organisator.ch\\\/management\\\/2020-02-17\\\/umbruch-in-wirtschaft-und-gesellschaft-am-kmu-swiss-forum-2020\\\/#article\",\"isPartOf\":{\"@id\":\"https:\\\/\\\/www.organisator.ch\\\/management\\\/2020-02-17\\\/umbruch-in-wirtschaft-und-gesellschaft-am-kmu-swiss-forum-2020\\\/\"},\"author\":{\"name\":\"thomas.berner\",\"@id\":\"https:\\\/\\\/www.organisator.ch\\\/#\\\/schema\\\/person\\\/6f650f90b2842cd4c0cc334b4e36f67e\"},\"headline\":\"Umbruch in Wirtschaft und Gesellschaft am KMU Swiss Forum 2020\",\"datePublished\":\"2020-02-17T08:32:11+00:00\",\"mainEntityOfPage\":{\"@id\":\"https:\\\/\\\/www.organisator.ch\\\/management\\\/2020-02-17\\\/umbruch-in-wirtschaft-und-gesellschaft-am-kmu-swiss-forum-2020\\\/\"},\"wordCount\":343,\"publisher\":{\"@id\":\"https:\\\/\\\/www.organisator.ch\\\/#organization\"},\"image\":{\"@id\":\"https:\\\/\\\/www.organisator.ch\\\/management\\\/2020-02-17\\\/umbruch-in-wirtschaft-und-gesellschaft-am-kmu-swiss-forum-2020\\\/#primaryimage\"},\"thumbnailUrl\":\"https:\\\/\\\/www.organisator.ch\\\/wp-content\\\/uploads\\\/2020\\\/02\\\/Umbruch-in-Wirtschaft-und-Gesellschaft-am-KMU-Swiss-Forum-2020_Organisator.jpg\",\"keywords\":[\"Management und Unternehmensf\u00fchrung\",\"Unternehmensf\u00fchrung\",\"Veranstaltungen\",\"Wirtschaftspolitik\"],\"articleSection\":[\"MANAGEMENT\"],\"inLanguage\":\"de\"},{\"@type\":\"WebPage\",\"@id\":\"https:\\\/\\\/www.organisator.ch\\\/management\\\/2020-02-17\\\/umbruch-in-wirtschaft-und-gesellschaft-am-kmu-swiss-forum-2020\\\/\",\"url\":\"https:\\\/\\\/www.organisator.ch\\\/management\\\/2020-02-17\\\/umbruch-in-wirtschaft-und-gesellschaft-am-kmu-swiss-forum-2020\\\/\",\"name\":\"Umbruch in Wirtschaft und Gesellschaft am KMU Swiss Forum 2020 - Organisator\",\"isPartOf\":{\"@id\":\"https:\\\/\\\/www.organisator.ch\\\/#website\"},\"primaryImageOfPage\":{\"@id\":\"https:\\\/\\\/www.organisator.ch\\\/management\\\/2020-02-17\\\/umbruch-in-wirtschaft-und-gesellschaft-am-kmu-swiss-forum-2020\\\/#primaryimage\"},\"image\":{\"@id\":\"https:\\\/\\\/www.organisator.ch\\\/management\\\/2020-02-17\\\/umbruch-in-wirtschaft-und-gesellschaft-am-kmu-swiss-forum-2020\\\/#primaryimage\"},\"thumbnailUrl\":\"https:\\\/\\\/www.organisator.ch\\\/wp-content\\\/uploads\\\/2020\\\/02\\\/Umbruch-in-Wirtschaft-und-Gesellschaft-am-KMU-Swiss-Forum-2020_Organisator.jpg\",\"datePublished\":\"2020-02-17T08:32:11+00:00\",\"description\":\"Das 18. KMU SWISS Forum findet am 19. M\u00e4rz 2020 im Kongresszentrum Trafo Baden statt. Das diesj\u00e4hrige Thema lautet: Umbruch in Wirtschaft und Gesellschaft.\",\"breadcrumb\":{\"@id\":\"https:\\\/\\\/www.organisator.ch\\\/management\\\/2020-02-17\\\/umbruch-in-wirtschaft-und-gesellschaft-am-kmu-swiss-forum-2020\\\/#breadcrumb\"},\"inLanguage\":\"de\",\"potentialAction\":[{\"@type\":\"ReadAction\",\"target\":[\"https:\\\/\\\/www.organisator.ch\\\/management\\\/2020-02-17\\\/umbruch-in-wirtschaft-und-gesellschaft-am-kmu-swiss-forum-2020\\\/\"]}]},{\"@type\":\"ImageObject\",\"inLanguage\":\"de\",\"@id\":\"https:\\\/\\\/www.organisator.ch\\\/management\\\/2020-02-17\\\/umbruch-in-wirtschaft-und-gesellschaft-am-kmu-swiss-forum-2020\\\/#primaryimage\",\"url\":\"https:\\\/\\\/www.organisator.ch\\\/wp-content\\\/uploads\\\/2020\\\/02\\\/Umbruch-in-Wirtschaft-und-Gesellschaft-am-KMU-Swiss-Forum-2020_Organisator.jpg\",\"contentUrl\":\"https:\\\/\\\/www.organisator.ch\\\/wp-content\\\/uploads\\\/2020\\\/02\\\/Umbruch-in-Wirtschaft-und-Gesellschaft-am-KMU-Swiss-Forum-2020_Organisator.jpg\",\"width\":680,\"height\":347,\"caption\":\"Umbruch in Wirtschaft und Gesellschaft: So lautet das Thema des KMU Swiss Forum vom 19. M\u00e4rz 2020 in Baden. (Bild: KMU Swiss)\"},{\"@type\":\"BreadcrumbList\",\"@id\":\"https:\\\/\\\/www.organisator.ch\\\/management\\\/2020-02-17\\\/umbruch-in-wirtschaft-und-gesellschaft-am-kmu-swiss-forum-2020\\\/#breadcrumb\",\"itemListElement\":[{\"@type\":\"ListItem\",\"position\":1,\"name\":\"Home\",\"item\":\"https:\\\/\\\/www.organisator.ch\\\/\"},{\"@type\":\"ListItem\",\"position\":2,\"name\":\"Umbruch in Wirtschaft und Gesellschaft am KMU Swiss Forum 2020\"}]},{\"@type\":\"WebSite\",\"@id\":\"https:\\\/\\\/www.organisator.ch\\\/#website\",\"url\":\"https:\\\/\\\/www.organisator.ch\\\/\",\"name\":\"Organisator\",\"description\":\"Kompetent. Praxisnah. Der ORGANISATOR bereitet in 10 Ausgaben pro Jahr die wesentlichen Themen f\u00fcr F\u00fchrungskr\u00e4fte von KMU auf.\",\"publisher\":{\"@id\":\"https:\\\/\\\/www.organisator.ch\\\/#organization\"},\"potentialAction\":[{\"@type\":\"SearchAction\",\"target\":{\"@type\":\"EntryPoint\",\"urlTemplate\":\"https:\\\/\\\/www.organisator.ch\\\/?s={search_term_string}\"},\"query-input\":{\"@type\":\"PropertyValueSpecification\",\"valueRequired\":true,\"valueName\":\"search_term_string\"}}],\"inLanguage\":\"de\"},{\"@type\":\"Organization\",\"@id\":\"https:\\\/\\\/www.organisator.ch\\\/#organization\",\"name\":\"Organisator\",\"url\":\"https:\\\/\\\/www.organisator.ch\\\/\",\"logo\":{\"@type\":\"ImageObject\",\"inLanguage\":\"de\",\"@id\":\"https:\\\/\\\/www.organisator.ch\\\/#\\\/schema\\\/logo\\\/image\\\/\",\"url\":\"https:\\\/\\\/www.organisator.ch\\\/wp-content\\\/uploads\\\/2022\\\/01\\\/Logo_Organisator_Website.png\",\"contentUrl\":\"https:\\\/\\\/www.organisator.ch\\\/wp-content\\\/uploads\\\/2022\\\/01\\\/Logo_Organisator_Website.png\",\"width\":800,\"height\":77,\"caption\":\"Organisator\"},\"image\":{\"@id\":\"https:\\\/\\\/www.organisator.ch\\\/#\\\/schema\\\/logo\\\/image\\\/\"},\"sameAs\":[\"https:\\\/\\\/www.facebook.com\\\/OrganisatorFachmagazin\",\"https:\\\/\\\/www.linkedin.com\\\/showcase\\\/organisator-das-magazin-fr-kmu\",\"https:\\\/\\\/www.xing.com\\\/news\\\/pages\\\/organisator-ch-695\",\"https:\\\/\\\/www.youtube.com\\\/channel\\\/UCGP2Sq0iWaZwT3BdIAQFYpw\"]},{\"@type\":\"Person\",\"@id\":\"https:\\\/\\\/www.organisator.ch\\\/#\\\/schema\\\/person\\\/6f650f90b2842cd4c0cc334b4e36f67e\",\"name\":\"thomas.berner\",\"image\":{\"@type\":\"ImageObject\",\"inLanguage\":\"de\",\"@id\":\"https:\\\/\\\/secure.gravatar.com\\\/avatar\\\/ac5001d2a36cb6c6cd3e50789007ffca834b477b74a2144564522e944eabff61?s=96&d=mm&r=g\",\"url\":\"https:\\\/\\\/secure.gravatar.com\\\/avatar\\\/ac5001d2a36cb6c6cd3e50789007ffca834b477b74a2144564522e944eabff61?s=96&d=mm&r=g\",\"contentUrl\":\"https:\\\/\\\/secure.gravatar.com\\\/avatar\\\/ac5001d2a36cb6c6cd3e50789007ffca834b477b74a2144564522e944eabff61?s=96&d=mm&r=g\",\"caption\":\"thomas.berner\"},\"url\":\"https:\\\/\\\/www.organisator.ch\\\/de\\\/author\\\/thomas-berner\\\/\"}]}<\/script>\n<!-- \/ Yoast SEO plugin. -->","yoast_head_json":{"title":"Umbruch in Wirtschaft und Gesellschaft am KMU Swiss Forum 2020 - Organisator","description":"Das 18. KMU SWISS Forum findet am 19. M\u00e4rz 2020 im Kongresszentrum Trafo Baden statt. Das diesj\u00e4hrige Thema lautet: Umbruch in Wirtschaft und Gesellschaft.","robots":{"index":"index","follow":"follow","max-snippet":"max-snippet:-1","max-image-preview":"max-image-preview:large","max-video-preview":"max-video-preview:-1"},"canonical":"https:\/\/www.organisator.ch\/de\/management\/2020-02-17\/umbruch-in-wirtschaft-und-gesellschaft-am-kmu-swiss-forum-2020\/","og_locale":"de_DE","og_type":"article","og_title":"Umbruch in Wirtschaft und Gesellschaft am KMU Swiss Forum 2020","og_description":"Das 18. KMU SWISS Forum findet am 19. M\u00e4rz 2020 im Kongresszentrum Trafo Baden statt. Das diesj\u00e4hrige Thema lautet: Umbruch in Wirtschaft und Gesellschaft.","og_url":"https:\/\/www.organisator.ch\/de\/management\/2020-02-17\/umbruch-in-wirtschaft-und-gesellschaft-am-kmu-swiss-forum-2020\/","og_site_name":"Organisator","article_publisher":"https:\/\/www.facebook.com\/OrganisatorFachmagazin","article_published_time":"2020-02-17T08:32:11+00:00","og_image":[{"width":680,"height":347,"url":"https:\/\/www.organisator.ch\/wp-content\/uploads\/2020\/02\/Umbruch-in-Wirtschaft-und-Gesellschaft-am-KMU-Swiss-Forum-2020_Organisator.jpg","type":"image\/jpeg"}],"author":"thomas.berner","twitter_card":"summary_large_image","twitter_title":"Umbruch in Wirtschaft und Gesellschaft am #KMUSwissForum 2020","twitter_description":"Das 18. #KMUSwissForum findet am 19. M\u00e4rz 2020 im #Kongresszentrum #Trafo Baden statt. Das diesj\u00e4hrige Thema lautet: Umbruch in Wirtschaft und Gesellschaft.","twitter_image":"https:\/\/www.organisator.ch\/wp-content\/uploads\/2020\/02\/Umbruch-in-Wirtschaft-und-Gesellschaft-am-KMU-Swiss-Forum-2020_Organisator.jpg","schema":{"@context":"https:\/\/schema.org","@graph":[{"@type":"Article","@id":"https:\/\/www.organisator.ch\/management\/2020-02-17\/umbruch-in-wirtschaft-und-gesellschaft-am-kmu-swiss-forum-2020\/#article","isPartOf":{"@id":"https:\/\/www.organisator.ch\/management\/2020-02-17\/umbruch-in-wirtschaft-und-gesellschaft-am-kmu-swiss-forum-2020\/"},"author":{"name":"thomas.berner","@id":"https:\/\/www.organisator.ch\/#\/schema\/person\/6f650f90b2842cd4c0cc334b4e36f67e"},"headline":"Umbruch in Wirtschaft und Gesellschaft am KMU Swiss Forum 2020","datePublished":"2020-02-17T08:32:11+00:00","mainEntityOfPage":{"@id":"https:\/\/www.organisator.ch\/management\/2020-02-17\/umbruch-in-wirtschaft-und-gesellschaft-am-kmu-swiss-forum-2020\/"},"wordCount":343,"publisher":{"@id":"https:\/\/www.organisator.ch\/#organization"},"image":{"@id":"https:\/\/www.organisator.ch\/management\/2020-02-17\/umbruch-in-wirtschaft-und-gesellschaft-am-kmu-swiss-forum-2020\/#primaryimage"},"thumbnailUrl":"https:\/\/www.organisator.ch\/wp-content\/uploads\/2020\/02\/Umbruch-in-Wirtschaft-und-Gesellschaft-am-KMU-Swiss-Forum-2020_Organisator.jpg","keywords":["Management und Unternehmensf\u00fchrung","Unternehmensf\u00fchrung","Veranstaltungen","Wirtschaftspolitik"],"articleSection":["MANAGEMENT"],"inLanguage":"de"},{"@type":"WebPage","@id":"https:\/\/www.organisator.ch\/management\/2020-02-17\/umbruch-in-wirtschaft-und-gesellschaft-am-kmu-swiss-forum-2020\/","url":"https:\/\/www.organisator.ch\/management\/2020-02-17\/umbruch-in-wirtschaft-und-gesellschaft-am-kmu-swiss-forum-2020\/","name":"Umbruch in Wirtschaft und Gesellschaft am KMU Swiss Forum 2020 - Organisator","isPartOf":{"@id":"https:\/\/www.organisator.ch\/#website"},"primaryImageOfPage":{"@id":"https:\/\/www.organisator.ch\/management\/2020-02-17\/umbruch-in-wirtschaft-und-gesellschaft-am-kmu-swiss-forum-2020\/#primaryimage"},"image":{"@id":"https:\/\/www.organisator.ch\/management\/2020-02-17\/umbruch-in-wirtschaft-und-gesellschaft-am-kmu-swiss-forum-2020\/#primaryimage"},"thumbnailUrl":"https:\/\/www.organisator.ch\/wp-content\/uploads\/2020\/02\/Umbruch-in-Wirtschaft-und-Gesellschaft-am-KMU-Swiss-Forum-2020_Organisator.jpg","datePublished":"2020-02-17T08:32:11+00:00","description":"Das 18. KMU SWISS Forum findet am 19. M\u00e4rz 2020 im Kongresszentrum Trafo Baden statt. Das diesj\u00e4hrige Thema lautet: Umbruch in Wirtschaft und Gesellschaft.","breadcrumb":{"@id":"https:\/\/www.organisator.ch\/management\/2020-02-17\/umbruch-in-wirtschaft-und-gesellschaft-am-kmu-swiss-forum-2020\/#breadcrumb"},"inLanguage":"de","potentialAction":[{"@type":"ReadAction","target":["https:\/\/www.organisator.ch\/management\/2020-02-17\/umbruch-in-wirtschaft-und-gesellschaft-am-kmu-swiss-forum-2020\/"]}]},{"@type":"ImageObject","inLanguage":"de","@id":"https:\/\/www.organisator.ch\/management\/2020-02-17\/umbruch-in-wirtschaft-und-gesellschaft-am-kmu-swiss-forum-2020\/#primaryimage","url":"https:\/\/www.organisator.ch\/wp-content\/uploads\/2020\/02\/Umbruch-in-Wirtschaft-und-Gesellschaft-am-KMU-Swiss-Forum-2020_Organisator.jpg","contentUrl":"https:\/\/www.organisator.ch\/wp-content\/uploads\/2020\/02\/Umbruch-in-Wirtschaft-und-Gesellschaft-am-KMU-Swiss-Forum-2020_Organisator.jpg","width":680,"height":347,"caption":"Umbruch in Wirtschaft und Gesellschaft: So lautet das Thema des KMU Swiss Forum vom 19. M\u00e4rz 2020 in Baden. (Bild: KMU Swiss)"},{"@type":"BreadcrumbList","@id":"https:\/\/www.organisator.ch\/management\/2020-02-17\/umbruch-in-wirtschaft-und-gesellschaft-am-kmu-swiss-forum-2020\/#breadcrumb","itemListElement":[{"@type":"ListItem","position":1,"name":"Home","item":"https:\/\/www.organisator.ch\/"},{"@type":"ListItem","position":2,"name":"Umbruch in Wirtschaft und Gesellschaft am KMU Swiss Forum 2020"}]},{"@type":"WebSite","@id":"https:\/\/www.organisator.ch\/#website","url":"https:\/\/www.organisator.ch\/","name":"Organisator","description":"Kompetent. Praxisnah. Der ORGANISATOR bereitet in 10 Ausgaben pro Jahr die wesentlichen Themen f\u00fcr F\u00fchrungskr\u00e4fte von KMU auf.","publisher":{"@id":"https:\/\/www.organisator.ch\/#organization"},"potentialAction":[{"@type":"SearchAction","target":{"@type":"EntryPoint","urlTemplate":"https:\/\/www.organisator.ch\/?s={search_term_string}"},"query-input":{"@type":"PropertyValueSpecification","valueRequired":true,"valueName":"search_term_string"}}],"inLanguage":"de"},{"@type":"Organization","@id":"https:\/\/www.organisator.ch\/#organization","name":"Organisator","url":"https:\/\/www.organisator.ch\/","logo":{"@type":"ImageObject","inLanguage":"de","@id":"https:\/\/www.organisator.ch\/#\/schema\/logo\/image\/","url":"https:\/\/www.organisator.ch\/wp-content\/uploads\/2022\/01\/Logo_Organisator_Website.png","contentUrl":"https:\/\/www.organisator.ch\/wp-content\/uploads\/2022\/01\/Logo_Organisator_Website.png","width":800,"height":77,"caption":"Organisator"},"image":{"@id":"https:\/\/www.organisator.ch\/#\/schema\/logo\/image\/"},"sameAs":["https:\/\/www.facebook.com\/OrganisatorFachmagazin","https:\/\/www.linkedin.com\/showcase\/organisator-das-magazin-fr-kmu","https:\/\/www.xing.com\/news\/pages\/organisator-ch-695","https:\/\/www.youtube.com\/channel\/UCGP2Sq0iWaZwT3BdIAQFYpw"]},{"@type":"Person","@id":"https:\/\/www.organisator.ch\/#\/schema\/person\/6f650f90b2842cd4c0cc334b4e36f67e","name":"thomas.berner","image":{"@type":"ImageObject","inLanguage":"de","@id":"https:\/\/secure.gravatar.com\/avatar\/ac5001d2a36cb6c6cd3e50789007ffca834b477b74a2144564522e944eabff61?s=96&d=mm&r=g","url":"https:\/\/secure.gravatar.com\/avatar\/ac5001d2a36cb6c6cd3e50789007ffca834b477b74a2144564522e944eabff61?s=96&d=mm&r=g","contentUrl":"https:\/\/secure.gravatar.com\/avatar\/ac5001d2a36cb6c6cd3e50789007ffca834b477b74a2144564522e944eabff61?s=96&d=mm&r=g","caption":"thomas.berner"},"url":"https:\/\/www.organisator.ch\/de\/author\/thomas-berner\/"}]}},"_links":{"self":[{"href":"https:\/\/www.organisator.ch\/de\/wp-json\/wp\/v2\/posts\/6343","targetHints":{"allow":["GET"]}}],"collection":[{"href":"https:\/\/www.organisator.ch\/de\/wp-json\/wp\/v2\/posts"}],"about":[{"href":"https:\/\/www.organisator.ch\/de\/wp-json\/wp\/v2\/types\/post"}],"author":[{"embeddable":true,"href":"https:\/\/www.organisator.ch\/de\/wp-json\/wp\/v2\/users\/4"}],"replies":[{"embeddable":true,"href":"https:\/\/www.organisator.ch\/de\/wp-json\/wp\/v2\/comments?post=6343"}],"version-history":[{"count":0,"href":"https:\/\/www.organisator.ch\/de\/wp-json\/wp\/v2\/posts\/6343\/revisions"}],"wp:featuredmedia":[{"embeddable":true,"href":"https:\/\/www.organisator.ch\/de\/wp-json\/wp\/v2\/media\/6344"}],"wp:attachment":[{"href":"https:\/\/www.organisator.ch\/de\/wp-json\/wp\/v2\/media?parent=6343"}],"wp:term":[{"taxonomy":"category","embeddable":true,"href":"https:\/\/www.organisator.ch\/de\/wp-json\/wp\/v2\/categories?post=6343"},{"taxonomy":"post_tag","embeddable":true,"href":"https:\/\/www.organisator.ch\/de\/wp-json\/wp\/v2\/tags?post=6343"}],"curies":[{"name":"wp","href":"https:\/\/api.w.org\/{rel}","templated":true}]}}