{"id":635,"date":"2016-12-23T16:06:44","date_gmt":"2016-12-23T15:06:44","guid":{"rendered":"https:\/\/umweltperspektiven.ch\/?p=635"},"modified":"2022-02-09T11:06:22","modified_gmt":"2022-02-09T10:06:22","slug":"bund-grosses-potenzial-fuer-erneuerbare-energienutzung","status":"publish","type":"post","link":"https:\/\/www.organisator.ch\/de\/sustainability\/2016-12-23\/bund-grosses-potenzial-fuer-erneuerbare-energienutzung\/","title":{"rendered":"Bund: Grosses Potenzial f\u00fcr erneuerbare Energienutzung"},"content":{"rendered":"<figure id=\"attachment_636\" aria-describedby=\"caption-attachment-636\" style=\"width: 680px\" class=\"wp-caption alignnone\"><img loading=\"lazy\" decoding=\"async\" class=\"size-medium wp-image-636\" src=\"\/\/www.umweltperspektiven.ch\/wp-content\/uploads\/2017\/01\/Depositphotos_18485293_l-2015.jpg\" alt=\"Bund: Grosses Potenzial f\u00fcr erneuerbare Energienutzung\" width=\"680\" height=\"453\" srcset=\"https:\/\/www.organisator.ch\/wp-content\/uploads\/2017\/01\/Depositphotos_18485293_l-2015.jpg 2000w, https:\/\/www.organisator.ch\/wp-content\/uploads\/2017\/01\/Depositphotos_18485293_l-2015-680x453.jpg 680w, https:\/\/www.organisator.ch\/wp-content\/uploads\/2017\/01\/Depositphotos_18485293_l-2015-1024x682.jpg 1024w, https:\/\/www.organisator.ch\/wp-content\/uploads\/2017\/01\/Depositphotos_18485293_l-2015-768x512.jpg 768w, https:\/\/www.organisator.ch\/wp-content\/uploads\/2017\/01\/Depositphotos_18485293_l-2015-1536x1024.jpg 1536w, https:\/\/www.organisator.ch\/wp-content\/uploads\/2017\/01\/Depositphotos_18485293_l-2015-18x12.jpg 18w, https:\/\/www.organisator.ch\/wp-content\/uploads\/2017\/01\/Depositphotos_18485293_l-2015-263x175.jpg 263w, https:\/\/www.organisator.ch\/wp-content\/uploads\/2017\/01\/Depositphotos_18485293_l-2015-525x350.jpg 525w, https:\/\/www.organisator.ch\/wp-content\/uploads\/2017\/01\/Depositphotos_18485293_l-2015-1200x800.jpg 1200w, https:\/\/www.organisator.ch\/wp-content\/uploads\/2017\/01\/Depositphotos_18485293_l-2015-920x613.jpg 920w, https:\/\/www.organisator.ch\/wp-content\/uploads\/2017\/01\/Depositphotos_18485293_l-2015-1400x933.jpg 1400w, https:\/\/www.organisator.ch\/wp-content\/uploads\/2017\/01\/Depositphotos_18485293_l-2015-300x200.jpg 300w\" sizes=\"auto, (max-width: 680px) 100vw, 680px\" \/><figcaption id=\"caption-attachment-636\" class=\"wp-caption-text\">Beim Bund besteht ein grosses Potenzial f\u00fcr die Nutzung erneuerbarer Energien.<\/figcaption><\/figure>\n<p>Der Bund nimmt seine Vorbildfunktion im Rahmen des ersten Massnahmenpakets der Energiestrategie 2050 wahr. Bis 2020 strebt er gegen\u00fcber dem Basisjahr 2006 eine Steigerung der Energieeffizienz um 25% an. Die oben genannten Akteure haben sich zum Energie-Vorbild Bund zusammengeschlossen und haben dieses Ziel mit einer Effizienzsteigerung von 26.7% bereits \u00fcbertroffen (siehe Medienmitteilung vom 29. Juni 2016). Ohne weitere Anstrengungen ist allerdings nicht garantiert, dass dieser Wert auch in den Folgejahren gehalten oder gar gesteigert werden kann.<\/p>\n<p>Auch bei der Nutzung und Eigenproduktion erneuerbarer Energien will der Bund vorw\u00e4rtskommen. Der Bundesrat hat die Akteure von Energie-Vorbild Bund deshalb Mitte 2014 eingeladen, entsprechende Potenzialanalysen durchzuf\u00fchren. Sie sollen aufzeigen, in welchem Umfang und zu welchen Kosten erneuerbare Energien auf ihren Arealen und Geb\u00e4uden produziert werden k\u00f6nnten. Der konsolidierte Bericht zu den einzelnen Potenzialanalysen liegt nun vor.<\/p>\n<p><b>Strompotenziale<\/b><\/p>\n<p>Heute verbrauchen die Akteure von Energie-Vorbild Bund 1\u2018444 Gigawattstunden Strom pro Jahr (GWh\/a). 88% (1\u2018277 GWh\/a) stammen aus erneuerbaren Quellen, 10% (139.4\u00a0GWh\/a) davon aus Eigenproduktion. Die Potenzialanalysen zeigen ein realistisches Potenzial zum Ausbau der Eigenproduktion von 232.4\u00a0GWh\/a. Das gr\u00f6sste Potenzial besteht bei der Solarenergie, gefolgt von Wasser- und Windkraft. Mehr als 50% dieses Potenzials weist das VBS aus. Mit dem realistischen Potenzial k\u00f6nnte der Anteil der erneuerbaren Strom-Eigenproduktion am gesamten Stromverbrauch der Akteure von aktuell 10% auf 26% gesteigert werden. Zu beachten: Der Strom zum Betrieb der Eisenbahnen (Bahnstrom) ist nicht Bestandteil der Potenzialanalyse. Der Bahnstrom stammt bereits heute zu \u00fcber 90% aus erneuerbarer Energie.<\/p>\n<p>Die Investitionskosten zur Aussch\u00f6pfung des gesamten realistischen Strompotenzials werden auf rund 370 Millionen Franken gesch\u00e4tzt, der gr\u00f6sste Teil davon f\u00fcr Photovoltaikanlagen.<\/p>\n<p><b>W\u00e4rmepotenziale<\/b><\/p>\n<p>Heute verbrauchen die Akteure von Energie-Vorbild Bund 917.4\u00a0Gigawattstunden W\u00e4rmeenergie pro Jahr. 40% (370.3\u00a0GWh\/a) stammen aus erneuerbaren Quellen, davon werden 70% (261.5\u00a0GWh\/a) selbst produziert. Die Potenzialanalysen zeigen ein technisches Gesamtpotenzial f\u00fcr erneuerbar erzeugte W\u00e4rme (und K\u00e4lte im ETH-Bereich) von 438.0\u00a0GWh\/a. Das gr\u00f6sste technische Potenzial liegt in der Nutzung von Umweltenergie mit 35%, gefolgt von Holz mit 30%. Das wirtschaftlich umsetzbare Potenzial konnte nur teilweise erhoben werden. Es zeigt sich jedoch, dass aus heutiger Sicht wohl nur weniger als ein Drittel des technischen Potenzials wirtschaftlich sinnvoll erschlossen werden kann.<\/p>\n<p>Wenn bestehende Heizungen in den n\u00e4chsten 20 bis 30 Jahren ersetzt werden m\u00fcssen und dabei 50% des technischen Potenzials erschlossen werden sollen, f\u00fchrt dies zu zus\u00e4tzlichen Investitionskosten in der H\u00f6he von 59 Millionen Franken. F\u00fcr die Abw\u00e4rmenutzung, die W\u00e4rmegewinnung aus Biomasse (WKK) sowie f\u00fcr die Nutzung von Umweltenergie im ETH-Bereich werden die zus\u00e4tzlichen Investitionskosten auf mindestens 215 bis 230 Millionen Franken gesch\u00e4tzt.<\/p>\n<p><b>Hemmnisse<\/b><\/p>\n<p>Bei allen Akteuren besteht das gr\u00f6sste Hemmnis bei der Umsetzung der Potenziale in der Bereitstellung der ben\u00f6tigten Investitionsmittel. Dies gilt auch f\u00fcr die \u00fcber die gesamte Lebensdauer gesehen wirtschaftlichen L\u00f6sungen, da die Anfangsinvestition meist h\u00f6her ist als f\u00fcr konventionelle L\u00f6sungen. Bei grossen Anlagen, die auch Energie f\u00fcr externe Abnehmer produzieren, besteht ein Hemmnis darin, dass Geldmittel ausserhalb des Kerngesch\u00e4ftes gebunden werden. Weiter gibt es Standorte, die zwar sehr gut f\u00fcr die Stromproduktion geeignet w\u00e4ren, die Akteure aber keinen eigenen Strombedarf haben. Da die zivile Bundesverwaltung, der ETH-Bereich und das VBS keinen Auftrag zur Produktion und zum Verkauf von Energie haben, k\u00f6nnen die Potenziale an solchen Standorten momentan nicht genutzt werden.<\/p>\n<p><b>Weiteres Vorgehen<\/b><\/p>\n<p>Die Akteure von Energie-Vorbild sollen bis Ende 2017 Aktionspl\u00e4ne zum Umgang mit den identifizierten Potenzialen und Hemmnissen entwickeln. Dabei soll die Wirtschaftlichkeit ber\u00fccksichtigt werden. Im Rahmen der Koordinationsgruppe Energie-Vorbild Bund wird regelm\u00e4ssig \u00fcber die Fortschritte Bericht erstattet werden.<\/p>\n<p><em>Quelle: BFE<\/em><\/p>\n","protected":false},"excerpt":{"rendered":"<p>Der Bund nimmt seine Vorbildfunktion im Rahmen des ersten Massnahmenpakets der Energiestrategie 2050 wahr. Bis 2020 strebt er gegen\u00fcber dem Basisjahr 2006 eine Steigerung der Energieeffizienz um 25% an. Die oben genannten Akteure haben sich zum Energie-Vorbild Bund zusammengeschlossen und haben dieses Ziel mit einer Effizienzsteigerung von 26.7% bereits \u00fcbertroffen (siehe Medienmitteilung vom 29. Juni [&hellip;]<\/p>\n","protected":false},"author":1,"featured_media":636,"comment_status":"open","ping_status":"open","sticky":false,"template":"","format":"standard","meta":{"_acf_changed":false,"_yoast_wpseo_focuskw":"erneuerbare Energienutzung","_yoast_wpseo_metadesc":"erneuerbare Energienutzung: Bereits heute stammen 88% des Stroms und 40% der W\u00e4rmeenergie, aus erneuerbaren Quellen.","articlekey":"","footnotes":""},"categories":[580],"tags":[884,1098,459,460],"class_list":["post-635","post","type-post","status-publish","format-standard","has-post-thumbnail","hentry","category-sustainability","tag-bundesamt-fuer-energie","tag-enerneuerbare-energie","tag-studie","tag-studien"],"acf":[],"yoast_head":"<!-- This site is optimized with the Yoast SEO plugin v27.5 - https:\/\/yoast.com\/product\/yoast-seo-wordpress\/ -->\n<title>Bund: Grosses Potenzial f\u00fcr erneuerbare Energienutzung - Organisator<\/title>\n<meta name=\"description\" content=\"erneuerbare Energienutzung: Bereits heute stammen 88% des Stroms und 40% der W\u00e4rmeenergie, aus erneuerbaren Quellen.\" \/>\n<meta name=\"robots\" content=\"index, follow, max-snippet:-1, max-image-preview:large, max-video-preview:-1\" \/>\n<link rel=\"canonical\" href=\"https:\/\/www.organisator.ch\/de\/sustainability\/2016-12-23\/bund-grosses-potenzial-fuer-erneuerbare-energienutzung\/\" \/>\n<meta property=\"og:locale\" content=\"de_DE\" \/>\n<meta property=\"og:type\" content=\"article\" \/>\n<meta property=\"og:title\" content=\"Bund: Grosses Potenzial f\u00fcr erneuerbare Energienutzung - Organisator\" \/>\n<meta property=\"og:description\" content=\"erneuerbare Energienutzung: Bereits heute stammen 88% des Stroms und 40% der W\u00e4rmeenergie, aus erneuerbaren Quellen.\" \/>\n<meta property=\"og:url\" content=\"https:\/\/www.organisator.ch\/de\/sustainability\/2016-12-23\/bund-grosses-potenzial-fuer-erneuerbare-energienutzung\/\" \/>\n<meta property=\"og:site_name\" content=\"Organisator\" \/>\n<meta property=\"article:publisher\" content=\"https:\/\/www.facebook.com\/OrganisatorFachmagazin\" \/>\n<meta property=\"article:published_time\" content=\"2016-12-23T15:06:44+00:00\" \/>\n<meta property=\"article:modified_time\" content=\"2022-02-09T10:06:22+00:00\" \/>\n<meta property=\"og:image\" content=\"https:\/\/www.organisator.ch\/wp-content\/uploads\/2017\/01\/Depositphotos_18485293_l-2015-1024x682.jpg\" \/>\n\t<meta property=\"og:image:width\" content=\"1024\" \/>\n\t<meta property=\"og:image:height\" content=\"682\" \/>\n\t<meta property=\"og:image:type\" content=\"image\/jpeg\" \/>\n<meta name=\"author\" content=\"admin\" \/>\n<meta name=\"twitter:card\" content=\"summary_large_image\" \/>\n<script type=\"application\/ld+json\" class=\"yoast-schema-graph\">{\"@context\":\"https:\\\/\\\/schema.org\",\"@graph\":[{\"@type\":\"Article\",\"@id\":\"https:\\\/\\\/www.organisator.ch\\\/sustainability\\\/2016-12-23\\\/bund-grosses-potenzial-fuer-erneuerbare-energienutzung\\\/#article\",\"isPartOf\":{\"@id\":\"https:\\\/\\\/www.organisator.ch\\\/sustainability\\\/2016-12-23\\\/bund-grosses-potenzial-fuer-erneuerbare-energienutzung\\\/\"},\"author\":{\"name\":\"admin\",\"@id\":\"https:\\\/\\\/www.organisator.ch\\\/#\\\/schema\\\/person\\\/aa2bace6c5c5aad60102004a50c4eb1c\"},\"headline\":\"Bund: Grosses Potenzial f\u00fcr erneuerbare Energienutzung\",\"datePublished\":\"2016-12-23T15:06:44+00:00\",\"dateModified\":\"2022-02-09T10:06:22+00:00\",\"mainEntityOfPage\":{\"@id\":\"https:\\\/\\\/www.organisator.ch\\\/sustainability\\\/2016-12-23\\\/bund-grosses-potenzial-fuer-erneuerbare-energienutzung\\\/\"},\"wordCount\":611,\"commentCount\":0,\"publisher\":{\"@id\":\"https:\\\/\\\/www.organisator.ch\\\/#organization\"},\"image\":{\"@id\":\"https:\\\/\\\/www.organisator.ch\\\/sustainability\\\/2016-12-23\\\/bund-grosses-potenzial-fuer-erneuerbare-energienutzung\\\/#primaryimage\"},\"thumbnailUrl\":\"https:\\\/\\\/www.organisator.ch\\\/wp-content\\\/uploads\\\/2017\\\/01\\\/Depositphotos_18485293_l-2015.jpg\",\"keywords\":[\"Bundesamt f\u00fcr Energie\",\"Enerneuerbare Energie\",\"Studie\",\"Studien\"],\"articleSection\":[\"SUSTAINABILITY\"],\"inLanguage\":\"de\"},{\"@type\":\"WebPage\",\"@id\":\"https:\\\/\\\/www.organisator.ch\\\/sustainability\\\/2016-12-23\\\/bund-grosses-potenzial-fuer-erneuerbare-energienutzung\\\/\",\"url\":\"https:\\\/\\\/www.organisator.ch\\\/sustainability\\\/2016-12-23\\\/bund-grosses-potenzial-fuer-erneuerbare-energienutzung\\\/\",\"name\":\"Bund: Grosses Potenzial f\u00fcr erneuerbare Energienutzung - Organisator\",\"isPartOf\":{\"@id\":\"https:\\\/\\\/www.organisator.ch\\\/#website\"},\"primaryImageOfPage\":{\"@id\":\"https:\\\/\\\/www.organisator.ch\\\/sustainability\\\/2016-12-23\\\/bund-grosses-potenzial-fuer-erneuerbare-energienutzung\\\/#primaryimage\"},\"image\":{\"@id\":\"https:\\\/\\\/www.organisator.ch\\\/sustainability\\\/2016-12-23\\\/bund-grosses-potenzial-fuer-erneuerbare-energienutzung\\\/#primaryimage\"},\"thumbnailUrl\":\"https:\\\/\\\/www.organisator.ch\\\/wp-content\\\/uploads\\\/2017\\\/01\\\/Depositphotos_18485293_l-2015.jpg\",\"datePublished\":\"2016-12-23T15:06:44+00:00\",\"dateModified\":\"2022-02-09T10:06:22+00:00\",\"description\":\"erneuerbare Energienutzung: Bereits heute stammen 88% des Stroms und 40% der W\u00e4rmeenergie, aus erneuerbaren Quellen.\",\"breadcrumb\":{\"@id\":\"https:\\\/\\\/www.organisator.ch\\\/sustainability\\\/2016-12-23\\\/bund-grosses-potenzial-fuer-erneuerbare-energienutzung\\\/#breadcrumb\"},\"inLanguage\":\"de\",\"potentialAction\":[{\"@type\":\"ReadAction\",\"target\":[\"https:\\\/\\\/www.organisator.ch\\\/sustainability\\\/2016-12-23\\\/bund-grosses-potenzial-fuer-erneuerbare-energienutzung\\\/\"]}]},{\"@type\":\"ImageObject\",\"inLanguage\":\"de\",\"@id\":\"https:\\\/\\\/www.organisator.ch\\\/sustainability\\\/2016-12-23\\\/bund-grosses-potenzial-fuer-erneuerbare-energienutzung\\\/#primaryimage\",\"url\":\"https:\\\/\\\/www.organisator.ch\\\/wp-content\\\/uploads\\\/2017\\\/01\\\/Depositphotos_18485293_l-2015.jpg\",\"contentUrl\":\"https:\\\/\\\/www.organisator.ch\\\/wp-content\\\/uploads\\\/2017\\\/01\\\/Depositphotos_18485293_l-2015.jpg\",\"width\":2000,\"height\":1333,\"caption\":\"Beim Bund besteht ein grosses Potenzial f\u00fcr die Nutzung erneurbarer Energien.\"},{\"@type\":\"BreadcrumbList\",\"@id\":\"https:\\\/\\\/www.organisator.ch\\\/sustainability\\\/2016-12-23\\\/bund-grosses-potenzial-fuer-erneuerbare-energienutzung\\\/#breadcrumb\",\"itemListElement\":[{\"@type\":\"ListItem\",\"position\":1,\"name\":\"Home\",\"item\":\"https:\\\/\\\/www.organisator.ch\\\/\"},{\"@type\":\"ListItem\",\"position\":2,\"name\":\"Bund: Grosses Potenzial f\u00fcr erneuerbare Energienutzung\"}]},{\"@type\":\"WebSite\",\"@id\":\"https:\\\/\\\/www.organisator.ch\\\/#website\",\"url\":\"https:\\\/\\\/www.organisator.ch\\\/\",\"name\":\"Organisator\",\"description\":\"Kompetent. Praxisnah. Der ORGANISATOR bereitet in 10 Ausgaben pro Jahr die wesentlichen Themen f\u00fcr F\u00fchrungskr\u00e4fte von KMU auf.\",\"publisher\":{\"@id\":\"https:\\\/\\\/www.organisator.ch\\\/#organization\"},\"potentialAction\":[{\"@type\":\"SearchAction\",\"target\":{\"@type\":\"EntryPoint\",\"urlTemplate\":\"https:\\\/\\\/www.organisator.ch\\\/?s={search_term_string}\"},\"query-input\":{\"@type\":\"PropertyValueSpecification\",\"valueRequired\":true,\"valueName\":\"search_term_string\"}}],\"inLanguage\":\"de\"},{\"@type\":\"Organization\",\"@id\":\"https:\\\/\\\/www.organisator.ch\\\/#organization\",\"name\":\"Organisator\",\"url\":\"https:\\\/\\\/www.organisator.ch\\\/\",\"logo\":{\"@type\":\"ImageObject\",\"inLanguage\":\"de\",\"@id\":\"https:\\\/\\\/www.organisator.ch\\\/#\\\/schema\\\/logo\\\/image\\\/\",\"url\":\"https:\\\/\\\/www.organisator.ch\\\/wp-content\\\/uploads\\\/2022\\\/01\\\/Logo_Organisator_Website.png\",\"contentUrl\":\"https:\\\/\\\/www.organisator.ch\\\/wp-content\\\/uploads\\\/2022\\\/01\\\/Logo_Organisator_Website.png\",\"width\":800,\"height\":77,\"caption\":\"Organisator\"},\"image\":{\"@id\":\"https:\\\/\\\/www.organisator.ch\\\/#\\\/schema\\\/logo\\\/image\\\/\"},\"sameAs\":[\"https:\\\/\\\/www.facebook.com\\\/OrganisatorFachmagazin\",\"https:\\\/\\\/www.linkedin.com\\\/showcase\\\/organisator-das-magazin-fr-kmu\",\"https:\\\/\\\/www.xing.com\\\/news\\\/pages\\\/organisator-ch-695\",\"https:\\\/\\\/www.youtube.com\\\/channel\\\/UCGP2Sq0iWaZwT3BdIAQFYpw\"]},{\"@type\":\"Person\",\"@id\":\"https:\\\/\\\/www.organisator.ch\\\/#\\\/schema\\\/person\\\/aa2bace6c5c5aad60102004a50c4eb1c\",\"name\":\"admin\",\"image\":{\"@type\":\"ImageObject\",\"inLanguage\":\"de\",\"@id\":\"https:\\\/\\\/secure.gravatar.com\\\/avatar\\\/ae2f4d718e6c49043e314ce431e7e645d646302a24a5ef5a8bc8e3f5a032e319?s=96&d=mm&r=g\",\"url\":\"https:\\\/\\\/secure.gravatar.com\\\/avatar\\\/ae2f4d718e6c49043e314ce431e7e645d646302a24a5ef5a8bc8e3f5a032e319?s=96&d=mm&r=g\",\"contentUrl\":\"https:\\\/\\\/secure.gravatar.com\\\/avatar\\\/ae2f4d718e6c49043e314ce431e7e645d646302a24a5ef5a8bc8e3f5a032e319?s=96&d=mm&r=g\",\"caption\":\"admin\"},\"sameAs\":[\"https:\\\/\\\/www.organisator.ch\"],\"url\":\"https:\\\/\\\/www.organisator.ch\\\/de\\\/author\\\/admin\\\/\"}]}<\/script>\n<!-- \/ Yoast SEO plugin. -->","yoast_head_json":{"title":"Bund: Grosses Potenzial f\u00fcr erneuerbare Energienutzung - Organisator","description":"erneuerbare Energienutzung: Bereits heute stammen 88% des Stroms und 40% der W\u00e4rmeenergie, aus erneuerbaren Quellen.","robots":{"index":"index","follow":"follow","max-snippet":"max-snippet:-1","max-image-preview":"max-image-preview:large","max-video-preview":"max-video-preview:-1"},"canonical":"https:\/\/www.organisator.ch\/de\/sustainability\/2016-12-23\/bund-grosses-potenzial-fuer-erneuerbare-energienutzung\/","og_locale":"de_DE","og_type":"article","og_title":"Bund: Grosses Potenzial f\u00fcr erneuerbare Energienutzung - Organisator","og_description":"erneuerbare Energienutzung: Bereits heute stammen 88% des Stroms und 40% der W\u00e4rmeenergie, aus erneuerbaren Quellen.","og_url":"https:\/\/www.organisator.ch\/de\/sustainability\/2016-12-23\/bund-grosses-potenzial-fuer-erneuerbare-energienutzung\/","og_site_name":"Organisator","article_publisher":"https:\/\/www.facebook.com\/OrganisatorFachmagazin","article_published_time":"2016-12-23T15:06:44+00:00","article_modified_time":"2022-02-09T10:06:22+00:00","og_image":[{"width":1024,"height":682,"url":"https:\/\/www.organisator.ch\/wp-content\/uploads\/2017\/01\/Depositphotos_18485293_l-2015-1024x682.jpg","type":"image\/jpeg"}],"author":"admin","twitter_card":"summary_large_image","schema":{"@context":"https:\/\/schema.org","@graph":[{"@type":"Article","@id":"https:\/\/www.organisator.ch\/sustainability\/2016-12-23\/bund-grosses-potenzial-fuer-erneuerbare-energienutzung\/#article","isPartOf":{"@id":"https:\/\/www.organisator.ch\/sustainability\/2016-12-23\/bund-grosses-potenzial-fuer-erneuerbare-energienutzung\/"},"author":{"name":"admin","@id":"https:\/\/www.organisator.ch\/#\/schema\/person\/aa2bace6c5c5aad60102004a50c4eb1c"},"headline":"Bund: Grosses Potenzial f\u00fcr erneuerbare Energienutzung","datePublished":"2016-12-23T15:06:44+00:00","dateModified":"2022-02-09T10:06:22+00:00","mainEntityOfPage":{"@id":"https:\/\/www.organisator.ch\/sustainability\/2016-12-23\/bund-grosses-potenzial-fuer-erneuerbare-energienutzung\/"},"wordCount":611,"commentCount":0,"publisher":{"@id":"https:\/\/www.organisator.ch\/#organization"},"image":{"@id":"https:\/\/www.organisator.ch\/sustainability\/2016-12-23\/bund-grosses-potenzial-fuer-erneuerbare-energienutzung\/#primaryimage"},"thumbnailUrl":"https:\/\/www.organisator.ch\/wp-content\/uploads\/2017\/01\/Depositphotos_18485293_l-2015.jpg","keywords":["Bundesamt f\u00fcr Energie","Enerneuerbare Energie","Studie","Studien"],"articleSection":["SUSTAINABILITY"],"inLanguage":"de"},{"@type":"WebPage","@id":"https:\/\/www.organisator.ch\/sustainability\/2016-12-23\/bund-grosses-potenzial-fuer-erneuerbare-energienutzung\/","url":"https:\/\/www.organisator.ch\/sustainability\/2016-12-23\/bund-grosses-potenzial-fuer-erneuerbare-energienutzung\/","name":"Bund: Grosses Potenzial f\u00fcr erneuerbare Energienutzung - Organisator","isPartOf":{"@id":"https:\/\/www.organisator.ch\/#website"},"primaryImageOfPage":{"@id":"https:\/\/www.organisator.ch\/sustainability\/2016-12-23\/bund-grosses-potenzial-fuer-erneuerbare-energienutzung\/#primaryimage"},"image":{"@id":"https:\/\/www.organisator.ch\/sustainability\/2016-12-23\/bund-grosses-potenzial-fuer-erneuerbare-energienutzung\/#primaryimage"},"thumbnailUrl":"https:\/\/www.organisator.ch\/wp-content\/uploads\/2017\/01\/Depositphotos_18485293_l-2015.jpg","datePublished":"2016-12-23T15:06:44+00:00","dateModified":"2022-02-09T10:06:22+00:00","description":"erneuerbare Energienutzung: Bereits heute stammen 88% des Stroms und 40% der W\u00e4rmeenergie, aus erneuerbaren Quellen.","breadcrumb":{"@id":"https:\/\/www.organisator.ch\/sustainability\/2016-12-23\/bund-grosses-potenzial-fuer-erneuerbare-energienutzung\/#breadcrumb"},"inLanguage":"de","potentialAction":[{"@type":"ReadAction","target":["https:\/\/www.organisator.ch\/sustainability\/2016-12-23\/bund-grosses-potenzial-fuer-erneuerbare-energienutzung\/"]}]},{"@type":"ImageObject","inLanguage":"de","@id":"https:\/\/www.organisator.ch\/sustainability\/2016-12-23\/bund-grosses-potenzial-fuer-erneuerbare-energienutzung\/#primaryimage","url":"https:\/\/www.organisator.ch\/wp-content\/uploads\/2017\/01\/Depositphotos_18485293_l-2015.jpg","contentUrl":"https:\/\/www.organisator.ch\/wp-content\/uploads\/2017\/01\/Depositphotos_18485293_l-2015.jpg","width":2000,"height":1333,"caption":"Beim Bund besteht ein grosses Potenzial f\u00fcr die Nutzung erneurbarer Energien."},{"@type":"BreadcrumbList","@id":"https:\/\/www.organisator.ch\/sustainability\/2016-12-23\/bund-grosses-potenzial-fuer-erneuerbare-energienutzung\/#breadcrumb","itemListElement":[{"@type":"ListItem","position":1,"name":"Home","item":"https:\/\/www.organisator.ch\/"},{"@type":"ListItem","position":2,"name":"Bund: Grosses Potenzial f\u00fcr erneuerbare Energienutzung"}]},{"@type":"WebSite","@id":"https:\/\/www.organisator.ch\/#website","url":"https:\/\/www.organisator.ch\/","name":"Organisator","description":"Kompetent. Praxisnah. Der ORGANISATOR bereitet in 10 Ausgaben pro Jahr die wesentlichen Themen f\u00fcr F\u00fchrungskr\u00e4fte von KMU auf.","publisher":{"@id":"https:\/\/www.organisator.ch\/#organization"},"potentialAction":[{"@type":"SearchAction","target":{"@type":"EntryPoint","urlTemplate":"https:\/\/www.organisator.ch\/?s={search_term_string}"},"query-input":{"@type":"PropertyValueSpecification","valueRequired":true,"valueName":"search_term_string"}}],"inLanguage":"de"},{"@type":"Organization","@id":"https:\/\/www.organisator.ch\/#organization","name":"Organisator","url":"https:\/\/www.organisator.ch\/","logo":{"@type":"ImageObject","inLanguage":"de","@id":"https:\/\/www.organisator.ch\/#\/schema\/logo\/image\/","url":"https:\/\/www.organisator.ch\/wp-content\/uploads\/2022\/01\/Logo_Organisator_Website.png","contentUrl":"https:\/\/www.organisator.ch\/wp-content\/uploads\/2022\/01\/Logo_Organisator_Website.png","width":800,"height":77,"caption":"Organisator"},"image":{"@id":"https:\/\/www.organisator.ch\/#\/schema\/logo\/image\/"},"sameAs":["https:\/\/www.facebook.com\/OrganisatorFachmagazin","https:\/\/www.linkedin.com\/showcase\/organisator-das-magazin-fr-kmu","https:\/\/www.xing.com\/news\/pages\/organisator-ch-695","https:\/\/www.youtube.com\/channel\/UCGP2Sq0iWaZwT3BdIAQFYpw"]},{"@type":"Person","@id":"https:\/\/www.organisator.ch\/#\/schema\/person\/aa2bace6c5c5aad60102004a50c4eb1c","name":"admin","image":{"@type":"ImageObject","inLanguage":"de","@id":"https:\/\/secure.gravatar.com\/avatar\/ae2f4d718e6c49043e314ce431e7e645d646302a24a5ef5a8bc8e3f5a032e319?s=96&d=mm&r=g","url":"https:\/\/secure.gravatar.com\/avatar\/ae2f4d718e6c49043e314ce431e7e645d646302a24a5ef5a8bc8e3f5a032e319?s=96&d=mm&r=g","contentUrl":"https:\/\/secure.gravatar.com\/avatar\/ae2f4d718e6c49043e314ce431e7e645d646302a24a5ef5a8bc8e3f5a032e319?s=96&d=mm&r=g","caption":"admin"},"sameAs":["https:\/\/www.organisator.ch"],"url":"https:\/\/www.organisator.ch\/de\/author\/admin\/"}]}},"_links":{"self":[{"href":"https:\/\/www.organisator.ch\/de\/wp-json\/wp\/v2\/posts\/635","targetHints":{"allow":["GET"]}}],"collection":[{"href":"https:\/\/www.organisator.ch\/de\/wp-json\/wp\/v2\/posts"}],"about":[{"href":"https:\/\/www.organisator.ch\/de\/wp-json\/wp\/v2\/types\/post"}],"author":[{"embeddable":true,"href":"https:\/\/www.organisator.ch\/de\/wp-json\/wp\/v2\/users\/1"}],"replies":[{"embeddable":true,"href":"https:\/\/www.organisator.ch\/de\/wp-json\/wp\/v2\/comments?post=635"}],"version-history":[{"count":1,"href":"https:\/\/www.organisator.ch\/de\/wp-json\/wp\/v2\/posts\/635\/revisions"}],"predecessor-version":[{"id":10599,"href":"https:\/\/www.organisator.ch\/de\/wp-json\/wp\/v2\/posts\/635\/revisions\/10599"}],"wp:featuredmedia":[{"embeddable":true,"href":"https:\/\/www.organisator.ch\/de\/wp-json\/wp\/v2\/media\/636"}],"wp:attachment":[{"href":"https:\/\/www.organisator.ch\/de\/wp-json\/wp\/v2\/media?parent=635"}],"wp:term":[{"taxonomy":"category","embeddable":true,"href":"https:\/\/www.organisator.ch\/de\/wp-json\/wp\/v2\/categories?post=635"},{"taxonomy":"post_tag","embeddable":true,"href":"https:\/\/www.organisator.ch\/de\/wp-json\/wp\/v2\/tags?post=635"}],"curies":[{"name":"wp","href":"https:\/\/api.w.org\/{rel}","templated":true}]}}