{"id":6403,"date":"2020-03-02T08:16:27","date_gmt":"2020-03-02T07:16:27","guid":{"rendered":"https:\/\/www.organisator.ch\/?p=6403"},"modified":"2020-03-02T08:16:27","modified_gmt":"2020-03-02T07:16:27","slug":"gesellschaftliche-verantwortung-ja-aber-nicht-auf-kosten-der-unternehmensgewinne","status":"publish","type":"post","link":"https:\/\/www.organisator.ch\/de\/management\/2020-03-02\/gesellschaftliche-verantwortung-ja-aber-nicht-auf-kosten-der-unternehmensgewinne\/","title":{"rendered":"Gesellschaftliche Verantwortung ja, aber nicht auf Kosten der Unternehmensgewinne"},"content":{"rendered":"<figure id=\"attachment_6404\" aria-describedby=\"caption-attachment-6404\" style=\"width: 680px\" class=\"wp-caption alignnone\"><img loading=\"lazy\" decoding=\"async\" class=\"size-medium wp-image-6404\" src=\"https:\/\/www.organisator.ch\/wp-content\/uploads\/2020\/03\/Gesellschaftliche-Verantwortung-ja-aber-nicht-auf-Kosten-der-Unternehmensgewinne-1_Organisator.jpg\" alt=\"\" width=\"680\" height=\"460\" srcset=\"https:\/\/www.organisator.ch\/wp-content\/uploads\/2020\/03\/Gesellschaftliche-Verantwortung-ja-aber-nicht-auf-Kosten-der-Unternehmensgewinne-1_Organisator.jpg 680w, https:\/\/www.organisator.ch\/wp-content\/uploads\/2020\/03\/Gesellschaftliche-Verantwortung-ja-aber-nicht-auf-Kosten-der-Unternehmensgewinne-1_Organisator-16x12.jpg 16w, https:\/\/www.organisator.ch\/wp-content\/uploads\/2020\/03\/Gesellschaftliche-Verantwortung-ja-aber-nicht-auf-Kosten-der-Unternehmensgewinne-1_Organisator-259x175.jpg 259w, https:\/\/www.organisator.ch\/wp-content\/uploads\/2020\/03\/Gesellschaftliche-Verantwortung-ja-aber-nicht-auf-Kosten-der-Unternehmensgewinne-1_Organisator-517x350.jpg 517w, https:\/\/www.organisator.ch\/wp-content\/uploads\/2020\/03\/Gesellschaftliche-Verantwortung-ja-aber-nicht-auf-Kosten-der-Unternehmensgewinne-1_Organisator-300x203.jpg 300w\" sizes=\"auto, (max-width: 680px) 100vw, 680px\" \/><figcaption id=\"caption-attachment-6404\" class=\"wp-caption-text\">Gesellschaftliche Verantwortung wird bei Verwaltungsr\u00e4ten unterschiedlich wahrgenommen: Mitarbeitende kommen vor Natur und Umwelt. (Bild: Pixabay.com)<\/figcaption><\/figure>\n<p>Gesellschaftliche Verantwortung von Unternehmen oder Corporate Social Responsibility (CSR) ist in aller Munde: unz\u00e4hlige Initiativen wurden lanciert, reihenweise Absichtserkl\u00e4rungen unterzeichnet und eine Vielzahl Berichte ver\u00f6ffentlicht. Am Weltwirtschaftsforum in Davos waren Unternehmensverantwortung und Klimawandel die alles dominierenden Themen. Gem\u00e4ss dem von der Vereinigung swissVR zusammen mit dem Beratungsunternehmen Deloitte und der Hochschule Luzern herausgegebenen swissVR Monitor spiegelt sich diese \u00f6ffentliche Auseinandersetzung mit dem Thema auch in den Verwaltungsr\u00e4ten der Schweizer Unternehmen: 36 Prozent haben gesellschaftliche Unternehmensverantwortung vollst\u00e4ndig in die Unternehmensstrategie integriert, 45 Prozent zumindest teilweise.<\/p>\n<h2><strong>Oft fehlen klare Ziele f\u00fcr gesellschaftliche Verantwortung<\/strong><\/h2>\n<p>Bei der Umsetzung ist allerdings noch Handlungsbedarf auszumachen: Nur drei F\u00fcnftel (61%) der Befragten sind der Meinung, ihr Verwaltungsrat verf\u00fcge \u00fcber gen\u00fcgend Ressourcen und Fachwissen, um das Thema erfolgreich umzusetzen. In dieses Bild passt, dass bei knapp der H\u00e4lfte (46%) der Befragten die f\u00fcr das Unternehmen wichtigen Themen des gesellschaftlichen Engagements eher nicht (36%) oder gar nicht (10%) definiert sind. Und nur bei einem Zehntel (9%) hat der Verwaltungsrat klare und zeitlich abgestimmte Zielsetzungen f\u00fcr das gesellschaftliche Engagement festgelegt, wobei dieser Aussage immerhin weitere 27 Prozent eher zustimmen. Und nur gut die H\u00e4lfte (54%) der Befragten sind der Meinung, sie w\u00fcrden sich im Verwaltungsrat genug Zeit nehmen, um sich mit dem Thema gesellschaftliche Verantwortung auseinanderzusetzen.<\/p>\n<p>\u00abImmer mehr Schweizer Unternehmen realisieren, dass die Menschen mehr von ihnen erwarten, als Gewinne zu erzielen und Arbeitspl\u00e4tze zu schaffen. Gleichzeitig nimmt das \u00f6ffentliche Misstrauen gegen\u00fcber der Wirtschaft zu \u2013 das zeigt sich zurzeit ganz konkret in der breiten Sympathie f\u00fcr die Konzernverantwortungsinitiative. Eine st\u00e4rkere Regulierung scheint kaum mehr zu verhindern zu sein\u00bb, erl\u00e4utert Reto Savoia, CEO von Deloitte Schweiz.<\/p>\n<p>Savoia sieht aber auch grosse unternehmerische Chancen: \u00abUnternehmen m\u00fcssen ihre spezifische Verantwortung f\u00fcr Umwelt und Gesellschaft \u00fcberzeugend strategisch verankern und die f\u00fcr sie wesentlichen materiellen Themen systematisch herausarbeiten. Um sich echte Wettbewerbsvorteile zu verschaffen, reicht das alleine aber nicht. Es braucht klare Ziele, eine Wirkungsmessung sowie eine transparente Kommunikation. Letztlich geht es um einen Kulturwandel und die unternehmensweite Verankerung einer integrierten Denkweise.\u00bb<\/p>\n<h2><strong>Mitarbeitende wichtiger als Umwelt<\/strong><\/h2>\n<p>F\u00fcr Verwaltungsr\u00e4tinnen und Verwaltungsr\u00e4te stehen die Mitarbeitenden als Zielgruppe ganz zuoberst, wenn es um gesellschaftliche Unternehmensverantwortung geht: F\u00fcr 89 Prozent sind faire L\u00f6hne und Arbeitsbedingungen oder der Gesundheitsschutz wichtig. Fast ebenso hohe Priorit\u00e4t wird allgemein dem ethischen Wirtschaften beigemessen \u2013 es geht dabei um die korrekte Einhaltung von Gesetzen, fairen Wettbewerb und ethisch vertretbare Gesch\u00e4ftspraktiken. Knapp zwei Drittel der Befragten (64%) bezeichnen zudem die Kundschaft als wichtig und denken dabei an transparente Informationen zu Herstellung, zur Lieferkette oder an den Konsumentenschutz. Natur und Umwelt bezeichnen noch knapp die H\u00e4lfte (47%) der befragten F\u00fchrungskr\u00e4fte als wichtigen Aspekt der gesellschaftlichen Unternehmensverantwortung. \u00c4hnlich wichtig wie Umweltvertr\u00e4glichkeit, Klimaschutz, Energieeffizienz oder Ressourcenschonung sind f\u00fcr die Schweizer Unternehmen die Verantwortung f\u00fcr die Auswirkungen der Digitalisierung: Gut die H\u00e4lfte (51%) der Befragten bezeichnen Datenschutz, Informationssicherheit oder soziale Auswirkungen digitaler Technologien als wichtigen Aspekt ihrer gesellschaftlichen Unternehmensverantwortung.<\/p>\n<figure id=\"attachment_6405\" aria-describedby=\"caption-attachment-6405\" style=\"width: 680px\" class=\"wp-caption alignnone\"><img loading=\"lazy\" decoding=\"async\" class=\"size-medium wp-image-6405\" src=\"https:\/\/www.organisator.ch\/wp-content\/uploads\/2020\/03\/Gesellschaftliche-Verantwortung-ja-aber-nicht-auf-Kosten-der-Unternehmensgewinne-2_Organisator.jpg\" alt=\"\" width=\"680\" height=\"422\" srcset=\"https:\/\/www.organisator.ch\/wp-content\/uploads\/2020\/03\/Gesellschaftliche-Verantwortung-ja-aber-nicht-auf-Kosten-der-Unternehmensgewinne-2_Organisator.jpg 680w, https:\/\/www.organisator.ch\/wp-content\/uploads\/2020\/03\/Gesellschaftliche-Verantwortung-ja-aber-nicht-auf-Kosten-der-Unternehmensgewinne-2_Organisator-16x10.jpg 16w, https:\/\/www.organisator.ch\/wp-content\/uploads\/2020\/03\/Gesellschaftliche-Verantwortung-ja-aber-nicht-auf-Kosten-der-Unternehmensgewinne-2_Organisator-282x175.jpg 282w, https:\/\/www.organisator.ch\/wp-content\/uploads\/2020\/03\/Gesellschaftliche-Verantwortung-ja-aber-nicht-auf-Kosten-der-Unternehmensgewinne-2_Organisator-564x350.jpg 564w, https:\/\/www.organisator.ch\/wp-content\/uploads\/2020\/03\/Gesellschaftliche-Verantwortung-ja-aber-nicht-auf-Kosten-der-Unternehmensgewinne-2_Organisator-300x186.jpg 300w\" sizes=\"auto, (max-width: 680px) 100vw, 680px\" \/><figcaption id=\"caption-attachment-6405\" class=\"wp-caption-text\">Welche Aspekte der gesellschaftlichen Verantwortung sind f\u00fcr Sie wichtig? (Grafik: Deloitte)<\/figcaption><\/figure>\n<p>\u00abDer zentrale Stellenwert der Mitarbeitenden ist gerechtfertigt, sie sind das wichtigste Gut der Unternehmen und beeinflussen wesentlich dessen Erfolg. Immer mehr Unternehmen nehmen die Verantwortung f\u00fcr die Entwicklung ihrer Mitarbeiten\u00adden selbst in die Hand und bereiten diese auf neue Herausforderungen wie die digitale Transformation vor. Schweizer Unternehmen tun gut daran, eine Kultur des lebenslangen Lernens in ihren Organisationen zu verankern. Viele m\u00fcssen sich aber noch mehr darum k\u00fcmmern, welche F\u00e4higkeiten ihre Mitarbeitenden ben\u00f6tigen, um ihr Unternehmen erfolgreich in die Zukunft zu f\u00fchren. Weiter ist es ein gutes Zeichen, dass die Unternehmen digitale Technologien nicht nur als Gewinntreiber sehen und zur Effizienzsteigerung einsetzen wollen, sondern sich auch ihrer Verantwortung f\u00fcr m\u00f6gliche negative Auswirkungen bewusstwerden\u00bb, sagt Cornelia Ritz Bossicard, Pr\u00e4sidentin swissVR.<\/p>\n<h2><strong>Viele KMU noch skeptisch<\/strong><\/h2>\n<p>Die grosse Mehrheit der Befragten findet, dass die Wahrnehmung gesellschaftlicher Unternehmensv\u00aderantwortung die Mitarbeiterbindung f\u00f6rdert, die Attraktivit\u00e4t als Arbeitgeber erh\u00f6ht, die Kundengewinnung erleichtert sowie die Wettbewerbsf\u00e4higkeit und Reputation st\u00e4rkt. Es gibt aber auch skeptische Stimmen: F\u00fcr gut ein Drittel (36%) der Befragten ist die Fokussierung der Unternehmen auf ihre wirtschaftlichen Aufgaben vorrangig. Unternehmensverantwortung verursache Kosten, schm\u00e4lere den Gewinn und verteuere die Produkte, heisst es bei 32% der Befragten. Ein Viertel (25%) der befragten Verwaltungsr\u00e4tinnen und Verwaltungsr\u00e4te unterst\u00fctzen die Aussage, Gewinnerzielung und Steigerung des Unternehmenswerts seien ihre einzige wirkliche Verantwortung. Weitere zwei F\u00fcnftel (40%) meinen, ihr Unternehmen nehme schon genug gesellschaftliche Verantwortung wahr, indem es Arbeitspl\u00e4tze schaffe und Steuern zahle.<\/p>\n<p>Die Befragung zeigt somit auch einen Zielkonflikt zwischen Kosten und Nutzen von Massnahmen zur Wahrnehmung von gesellschaftlicher Unternehmensverantwortung auf. Dieser ist bei den KMU klarer ausgepr\u00e4gt als bei Grossunternehmen: 40 Prozent der Befragten von kleinen und 30 Prozent von mittelgrossen Unternehmen finden, dass gesellschaftliches Engagement vor allem Kosten verursacht. Bei Grossunternehmen sind nur 26 Prozent dieser Meinung.<\/p>\n<p>Prof. Dr. Christoph Lengwiler, Dozent am Institut f\u00fcr Finanzdienstleistungen Zug IFZ der Hochschule Luzern und Vizepr\u00e4sident von swissVR erl\u00e4utert: \u00abIn den Verwaltungsr\u00e4ten von KMUs herrscht offenbar noch eine gewisse Skepsis gegen\u00fcber dem effektiven Nutzen von gezieltem gesellschaftlichem Engagement. Das kann nebst den knappen Ressourcen auch daran liegen, dass viele eigent\u00fcmergef\u00fchrte Unternehmen und insbesondere Familienunternehmen schon eine lange Tradition von unternehmensverantwortlichem Handeln haben. Sie sind in ihrem gesellschaftlichen Umfeld verankert und nehmen entsprechende Verantwortung wahr, ohne dies in schriftlich formulierten Zielen und CSR-Programmen zu verankern. Hier kann es sich durchaus lohnen, das als selbstverst\u00e4ndlich erachtete gesellschaftliche Engagement den Anspruchsgruppen aktiver zu kommunizieren.\u00bb<\/p>\n<p><em>Quelle: <a href=\"http:\/\/www.swissvr.ch\">Swiss VR<\/a> \/ <a href=\"http:\/\/www.deloitte.com\/ch\/de\/about\">Deloitte<\/a><\/em><\/p>\n","protected":false},"excerpt":{"rendered":"<p>Gesellschaftliche Verantwortung von Unternehmen oder Corporate Social Responsibility (CSR) ist in aller Munde: unz\u00e4hlige Initiativen wurden lanciert, reihenweise Absichtserkl\u00e4rungen unterzeichnet und eine Vielzahl Berichte ver\u00f6ffentlicht. Am Weltwirtschaftsforum in Davos waren Unternehmensverantwortung und Klimawandel die alles dominierenden Themen. Gem\u00e4ss dem von der Vereinigung swissVR zusammen mit dem Beratungsunternehmen Deloitte und der Hochschule Luzern herausgegebenen swissVR Monitor [&hellip;]<\/p>\n","protected":false},"author":4,"featured_media":6404,"comment_status":"closed","ping_status":"closed","sticky":false,"template":"","format":"standard","meta":{"_acf_changed":false,"_yoast_wpseo_focuskw":"Gesellschaftliche Verantwortung","_yoast_wpseo_metadesc":"Gesellschaftliche Verantwortung: Mitarbeitende stehen diesbez\u00fcglich klar im Fokus, gefolgt von den Kunden und mit einigem Abstand von Natur und Umwelt.","articlekey":"","footnotes":""},"categories":[28],"tags":[133,335,358,459],"class_list":["post-6403","post","type-post","status-publish","format-standard","has-post-thumbnail","hentry","category-management","tag-corporate-social-responsibility","tag-management-und-unternehmensfuehrung","tag-nachhaltige-wirtschaft","tag-studie"],"acf":[],"yoast_head":"<!-- This site is optimized with the Yoast SEO plugin v27.4 - https:\/\/yoast.com\/product\/yoast-seo-wordpress\/ -->\n<title>Gesellschaftliche Verantwortung ja, aber nicht auf Kosten der Unternehmensgewinne - Organisator<\/title>\n<meta name=\"description\" content=\"Gesellschaftliche Verantwortung: Mitarbeitende stehen diesbez\u00fcglich klar im Fokus, gefolgt von den Kunden und mit einigem Abstand von Natur und Umwelt.\" \/>\n<meta name=\"robots\" content=\"index, follow, max-snippet:-1, max-image-preview:large, max-video-preview:-1\" \/>\n<link rel=\"canonical\" href=\"https:\/\/www.organisator.ch\/de\/management\/2020-03-02\/gesellschaftliche-verantwortung-ja-aber-nicht-auf-kosten-der-unternehmensgewinne\/\" \/>\n<meta property=\"og:locale\" content=\"de_DE\" \/>\n<meta property=\"og:type\" content=\"article\" \/>\n<meta property=\"og:title\" content=\"Gesellschaftliche Verantwortung ja, aber nicht auf Kosten der Unternehmensgewinne\" \/>\n<meta property=\"og:description\" content=\"Gesellschaftliche Verantwortung: Mitarbeitende stehen diesbez\u00fcglich klar im Fokus, gefolgt von den Kunden und mit einigem Abstand von Natur und Umwelt.\" \/>\n<meta property=\"og:url\" content=\"https:\/\/www.organisator.ch\/de\/management\/2020-03-02\/gesellschaftliche-verantwortung-ja-aber-nicht-auf-kosten-der-unternehmensgewinne\/\" \/>\n<meta property=\"og:site_name\" content=\"Organisator\" \/>\n<meta property=\"article:publisher\" content=\"https:\/\/www.facebook.com\/OrganisatorFachmagazin\" \/>\n<meta property=\"article:published_time\" content=\"2020-03-02T07:16:27+00:00\" \/>\n<meta property=\"og:image\" content=\"https:\/\/www.organisator.ch\/wp-content\/uploads\/2020\/03\/Gesellschaftliche-Verantwortung-ja-aber-nicht-auf-Kosten-der-Unternehmensgewinne-1_Organisator.jpg\" \/>\n\t<meta property=\"og:image:width\" content=\"680\" \/>\n\t<meta property=\"og:image:height\" content=\"460\" \/>\n\t<meta property=\"og:image:type\" content=\"image\/jpeg\" \/>\n<meta name=\"author\" content=\"thomas.berner\" \/>\n<meta name=\"twitter:card\" content=\"summary_large_image\" \/>\n<meta name=\"twitter:title\" content=\"Gesellschaftliche #Verantwortung ja, aber nicht auf Kosten der #Unternehmensgewinne\" \/>\n<meta name=\"twitter:description\" content=\"Gesellschaftliche #Verantwortung: Mitarbeitende stehen diesbez\u00fcglich klar im Fokus, gefolgt von den #Kunden und mit einigem Abstand von #Natur und #Umwelt.\" \/>\n<meta name=\"twitter:image\" content=\"https:\/\/www.organisator.ch\/wp-content\/uploads\/2020\/03\/Gesellschaftliche-Verantwortung-ja-aber-nicht-auf-Kosten-der-Unternehmensgewinne-1_Organisator.jpg\" \/>\n<script type=\"application\/ld+json\" class=\"yoast-schema-graph\">{\"@context\":\"https:\\\/\\\/schema.org\",\"@graph\":[{\"@type\":\"Article\",\"@id\":\"https:\\\/\\\/www.organisator.ch\\\/management\\\/2020-03-02\\\/gesellschaftliche-verantwortung-ja-aber-nicht-auf-kosten-der-unternehmensgewinne\\\/#article\",\"isPartOf\":{\"@id\":\"https:\\\/\\\/www.organisator.ch\\\/management\\\/2020-03-02\\\/gesellschaftliche-verantwortung-ja-aber-nicht-auf-kosten-der-unternehmensgewinne\\\/\"},\"author\":{\"name\":\"thomas.berner\",\"@id\":\"https:\\\/\\\/www.organisator.ch\\\/#\\\/schema\\\/person\\\/6f650f90b2842cd4c0cc334b4e36f67e\"},\"headline\":\"Gesellschaftliche Verantwortung ja, aber nicht auf Kosten der Unternehmensgewinne\",\"datePublished\":\"2020-03-02T07:16:27+00:00\",\"mainEntityOfPage\":{\"@id\":\"https:\\\/\\\/www.organisator.ch\\\/management\\\/2020-03-02\\\/gesellschaftliche-verantwortung-ja-aber-nicht-auf-kosten-der-unternehmensgewinne\\\/\"},\"wordCount\":963,\"publisher\":{\"@id\":\"https:\\\/\\\/www.organisator.ch\\\/#organization\"},\"image\":{\"@id\":\"https:\\\/\\\/www.organisator.ch\\\/management\\\/2020-03-02\\\/gesellschaftliche-verantwortung-ja-aber-nicht-auf-kosten-der-unternehmensgewinne\\\/#primaryimage\"},\"thumbnailUrl\":\"https:\\\/\\\/www.organisator.ch\\\/wp-content\\\/uploads\\\/2020\\\/03\\\/Gesellschaftliche-Verantwortung-ja-aber-nicht-auf-Kosten-der-Unternehmensgewinne-1_Organisator.jpg\",\"keywords\":[\"Corporate Social Responsibility\",\"Management und Unternehmensf\u00fchrung\",\"Nachhaltige Wirtschaft\",\"Studie\"],\"articleSection\":[\"MANAGEMENT\"],\"inLanguage\":\"de\"},{\"@type\":\"WebPage\",\"@id\":\"https:\\\/\\\/www.organisator.ch\\\/management\\\/2020-03-02\\\/gesellschaftliche-verantwortung-ja-aber-nicht-auf-kosten-der-unternehmensgewinne\\\/\",\"url\":\"https:\\\/\\\/www.organisator.ch\\\/management\\\/2020-03-02\\\/gesellschaftliche-verantwortung-ja-aber-nicht-auf-kosten-der-unternehmensgewinne\\\/\",\"name\":\"Gesellschaftliche Verantwortung ja, aber nicht auf Kosten der Unternehmensgewinne - Organisator\",\"isPartOf\":{\"@id\":\"https:\\\/\\\/www.organisator.ch\\\/#website\"},\"primaryImageOfPage\":{\"@id\":\"https:\\\/\\\/www.organisator.ch\\\/management\\\/2020-03-02\\\/gesellschaftliche-verantwortung-ja-aber-nicht-auf-kosten-der-unternehmensgewinne\\\/#primaryimage\"},\"image\":{\"@id\":\"https:\\\/\\\/www.organisator.ch\\\/management\\\/2020-03-02\\\/gesellschaftliche-verantwortung-ja-aber-nicht-auf-kosten-der-unternehmensgewinne\\\/#primaryimage\"},\"thumbnailUrl\":\"https:\\\/\\\/www.organisator.ch\\\/wp-content\\\/uploads\\\/2020\\\/03\\\/Gesellschaftliche-Verantwortung-ja-aber-nicht-auf-Kosten-der-Unternehmensgewinne-1_Organisator.jpg\",\"datePublished\":\"2020-03-02T07:16:27+00:00\",\"description\":\"Gesellschaftliche Verantwortung: Mitarbeitende stehen diesbez\u00fcglich klar im Fokus, gefolgt von den Kunden und mit einigem Abstand von Natur und Umwelt.\",\"breadcrumb\":{\"@id\":\"https:\\\/\\\/www.organisator.ch\\\/management\\\/2020-03-02\\\/gesellschaftliche-verantwortung-ja-aber-nicht-auf-kosten-der-unternehmensgewinne\\\/#breadcrumb\"},\"inLanguage\":\"de\",\"potentialAction\":[{\"@type\":\"ReadAction\",\"target\":[\"https:\\\/\\\/www.organisator.ch\\\/management\\\/2020-03-02\\\/gesellschaftliche-verantwortung-ja-aber-nicht-auf-kosten-der-unternehmensgewinne\\\/\"]}]},{\"@type\":\"ImageObject\",\"inLanguage\":\"de\",\"@id\":\"https:\\\/\\\/www.organisator.ch\\\/management\\\/2020-03-02\\\/gesellschaftliche-verantwortung-ja-aber-nicht-auf-kosten-der-unternehmensgewinne\\\/#primaryimage\",\"url\":\"https:\\\/\\\/www.organisator.ch\\\/wp-content\\\/uploads\\\/2020\\\/03\\\/Gesellschaftliche-Verantwortung-ja-aber-nicht-auf-Kosten-der-Unternehmensgewinne-1_Organisator.jpg\",\"contentUrl\":\"https:\\\/\\\/www.organisator.ch\\\/wp-content\\\/uploads\\\/2020\\\/03\\\/Gesellschaftliche-Verantwortung-ja-aber-nicht-auf-Kosten-der-Unternehmensgewinne-1_Organisator.jpg\",\"width\":680,\"height\":460,\"caption\":\"Gesellschaftliche Verantwortung wird bei Verwaltungsr\u00e4ten unterschiedlich wahrgenommen: Mitarbeitende kommen vor Natur und Umwelt. (Bild: Pixabay.com)\"},{\"@type\":\"BreadcrumbList\",\"@id\":\"https:\\\/\\\/www.organisator.ch\\\/management\\\/2020-03-02\\\/gesellschaftliche-verantwortung-ja-aber-nicht-auf-kosten-der-unternehmensgewinne\\\/#breadcrumb\",\"itemListElement\":[{\"@type\":\"ListItem\",\"position\":1,\"name\":\"Home\",\"item\":\"https:\\\/\\\/www.organisator.ch\\\/\"},{\"@type\":\"ListItem\",\"position\":2,\"name\":\"Gesellschaftliche Verantwortung ja, aber nicht auf Kosten der Unternehmensgewinne\"}]},{\"@type\":\"WebSite\",\"@id\":\"https:\\\/\\\/www.organisator.ch\\\/#website\",\"url\":\"https:\\\/\\\/www.organisator.ch\\\/\",\"name\":\"Organisator\",\"description\":\"Kompetent. Praxisnah. Der ORGANISATOR bereitet in 10 Ausgaben pro Jahr die wesentlichen Themen f\u00fcr F\u00fchrungskr\u00e4fte von KMU auf.\",\"publisher\":{\"@id\":\"https:\\\/\\\/www.organisator.ch\\\/#organization\"},\"potentialAction\":[{\"@type\":\"SearchAction\",\"target\":{\"@type\":\"EntryPoint\",\"urlTemplate\":\"https:\\\/\\\/www.organisator.ch\\\/?s={search_term_string}\"},\"query-input\":{\"@type\":\"PropertyValueSpecification\",\"valueRequired\":true,\"valueName\":\"search_term_string\"}}],\"inLanguage\":\"de\"},{\"@type\":\"Organization\",\"@id\":\"https:\\\/\\\/www.organisator.ch\\\/#organization\",\"name\":\"Organisator\",\"url\":\"https:\\\/\\\/www.organisator.ch\\\/\",\"logo\":{\"@type\":\"ImageObject\",\"inLanguage\":\"de\",\"@id\":\"https:\\\/\\\/www.organisator.ch\\\/#\\\/schema\\\/logo\\\/image\\\/\",\"url\":\"https:\\\/\\\/www.organisator.ch\\\/wp-content\\\/uploads\\\/2022\\\/01\\\/Logo_Organisator_Website.png\",\"contentUrl\":\"https:\\\/\\\/www.organisator.ch\\\/wp-content\\\/uploads\\\/2022\\\/01\\\/Logo_Organisator_Website.png\",\"width\":800,\"height\":77,\"caption\":\"Organisator\"},\"image\":{\"@id\":\"https:\\\/\\\/www.organisator.ch\\\/#\\\/schema\\\/logo\\\/image\\\/\"},\"sameAs\":[\"https:\\\/\\\/www.facebook.com\\\/OrganisatorFachmagazin\",\"https:\\\/\\\/www.linkedin.com\\\/showcase\\\/organisator-das-magazin-fr-kmu\",\"https:\\\/\\\/www.xing.com\\\/news\\\/pages\\\/organisator-ch-695\",\"https:\\\/\\\/www.youtube.com\\\/channel\\\/UCGP2Sq0iWaZwT3BdIAQFYpw\"]},{\"@type\":\"Person\",\"@id\":\"https:\\\/\\\/www.organisator.ch\\\/#\\\/schema\\\/person\\\/6f650f90b2842cd4c0cc334b4e36f67e\",\"name\":\"thomas.berner\",\"image\":{\"@type\":\"ImageObject\",\"inLanguage\":\"de\",\"@id\":\"https:\\\/\\\/secure.gravatar.com\\\/avatar\\\/ac5001d2a36cb6c6cd3e50789007ffca834b477b74a2144564522e944eabff61?s=96&d=mm&r=g\",\"url\":\"https:\\\/\\\/secure.gravatar.com\\\/avatar\\\/ac5001d2a36cb6c6cd3e50789007ffca834b477b74a2144564522e944eabff61?s=96&d=mm&r=g\",\"contentUrl\":\"https:\\\/\\\/secure.gravatar.com\\\/avatar\\\/ac5001d2a36cb6c6cd3e50789007ffca834b477b74a2144564522e944eabff61?s=96&d=mm&r=g\",\"caption\":\"thomas.berner\"},\"url\":\"https:\\\/\\\/www.organisator.ch\\\/de\\\/author\\\/thomas-berner\\\/\"}]}<\/script>\n<!-- \/ Yoast SEO plugin. -->","yoast_head_json":{"title":"Gesellschaftliche Verantwortung ja, aber nicht auf Kosten der Unternehmensgewinne - Organisator","description":"Gesellschaftliche Verantwortung: Mitarbeitende stehen diesbez\u00fcglich klar im Fokus, gefolgt von den Kunden und mit einigem Abstand von Natur und Umwelt.","robots":{"index":"index","follow":"follow","max-snippet":"max-snippet:-1","max-image-preview":"max-image-preview:large","max-video-preview":"max-video-preview:-1"},"canonical":"https:\/\/www.organisator.ch\/de\/management\/2020-03-02\/gesellschaftliche-verantwortung-ja-aber-nicht-auf-kosten-der-unternehmensgewinne\/","og_locale":"de_DE","og_type":"article","og_title":"Gesellschaftliche Verantwortung ja, aber nicht auf Kosten der Unternehmensgewinne","og_description":"Gesellschaftliche Verantwortung: Mitarbeitende stehen diesbez\u00fcglich klar im Fokus, gefolgt von den Kunden und mit einigem Abstand von Natur und Umwelt.","og_url":"https:\/\/www.organisator.ch\/de\/management\/2020-03-02\/gesellschaftliche-verantwortung-ja-aber-nicht-auf-kosten-der-unternehmensgewinne\/","og_site_name":"Organisator","article_publisher":"https:\/\/www.facebook.com\/OrganisatorFachmagazin","article_published_time":"2020-03-02T07:16:27+00:00","og_image":[{"width":680,"height":460,"url":"https:\/\/www.organisator.ch\/wp-content\/uploads\/2020\/03\/Gesellschaftliche-Verantwortung-ja-aber-nicht-auf-Kosten-der-Unternehmensgewinne-1_Organisator.jpg","type":"image\/jpeg"}],"author":"thomas.berner","twitter_card":"summary_large_image","twitter_title":"Gesellschaftliche #Verantwortung ja, aber nicht auf Kosten der #Unternehmensgewinne","twitter_description":"Gesellschaftliche #Verantwortung: Mitarbeitende stehen diesbez\u00fcglich klar im Fokus, gefolgt von den #Kunden und mit einigem Abstand von #Natur und #Umwelt.","twitter_image":"https:\/\/www.organisator.ch\/wp-content\/uploads\/2020\/03\/Gesellschaftliche-Verantwortung-ja-aber-nicht-auf-Kosten-der-Unternehmensgewinne-1_Organisator.jpg","schema":{"@context":"https:\/\/schema.org","@graph":[{"@type":"Article","@id":"https:\/\/www.organisator.ch\/management\/2020-03-02\/gesellschaftliche-verantwortung-ja-aber-nicht-auf-kosten-der-unternehmensgewinne\/#article","isPartOf":{"@id":"https:\/\/www.organisator.ch\/management\/2020-03-02\/gesellschaftliche-verantwortung-ja-aber-nicht-auf-kosten-der-unternehmensgewinne\/"},"author":{"name":"thomas.berner","@id":"https:\/\/www.organisator.ch\/#\/schema\/person\/6f650f90b2842cd4c0cc334b4e36f67e"},"headline":"Gesellschaftliche Verantwortung ja, aber nicht auf Kosten der Unternehmensgewinne","datePublished":"2020-03-02T07:16:27+00:00","mainEntityOfPage":{"@id":"https:\/\/www.organisator.ch\/management\/2020-03-02\/gesellschaftliche-verantwortung-ja-aber-nicht-auf-kosten-der-unternehmensgewinne\/"},"wordCount":963,"publisher":{"@id":"https:\/\/www.organisator.ch\/#organization"},"image":{"@id":"https:\/\/www.organisator.ch\/management\/2020-03-02\/gesellschaftliche-verantwortung-ja-aber-nicht-auf-kosten-der-unternehmensgewinne\/#primaryimage"},"thumbnailUrl":"https:\/\/www.organisator.ch\/wp-content\/uploads\/2020\/03\/Gesellschaftliche-Verantwortung-ja-aber-nicht-auf-Kosten-der-Unternehmensgewinne-1_Organisator.jpg","keywords":["Corporate Social Responsibility","Management und Unternehmensf\u00fchrung","Nachhaltige Wirtschaft","Studie"],"articleSection":["MANAGEMENT"],"inLanguage":"de"},{"@type":"WebPage","@id":"https:\/\/www.organisator.ch\/management\/2020-03-02\/gesellschaftliche-verantwortung-ja-aber-nicht-auf-kosten-der-unternehmensgewinne\/","url":"https:\/\/www.organisator.ch\/management\/2020-03-02\/gesellschaftliche-verantwortung-ja-aber-nicht-auf-kosten-der-unternehmensgewinne\/","name":"Gesellschaftliche Verantwortung ja, aber nicht auf Kosten der Unternehmensgewinne - Organisator","isPartOf":{"@id":"https:\/\/www.organisator.ch\/#website"},"primaryImageOfPage":{"@id":"https:\/\/www.organisator.ch\/management\/2020-03-02\/gesellschaftliche-verantwortung-ja-aber-nicht-auf-kosten-der-unternehmensgewinne\/#primaryimage"},"image":{"@id":"https:\/\/www.organisator.ch\/management\/2020-03-02\/gesellschaftliche-verantwortung-ja-aber-nicht-auf-kosten-der-unternehmensgewinne\/#primaryimage"},"thumbnailUrl":"https:\/\/www.organisator.ch\/wp-content\/uploads\/2020\/03\/Gesellschaftliche-Verantwortung-ja-aber-nicht-auf-Kosten-der-Unternehmensgewinne-1_Organisator.jpg","datePublished":"2020-03-02T07:16:27+00:00","description":"Gesellschaftliche Verantwortung: Mitarbeitende stehen diesbez\u00fcglich klar im Fokus, gefolgt von den Kunden und mit einigem Abstand von Natur und Umwelt.","breadcrumb":{"@id":"https:\/\/www.organisator.ch\/management\/2020-03-02\/gesellschaftliche-verantwortung-ja-aber-nicht-auf-kosten-der-unternehmensgewinne\/#breadcrumb"},"inLanguage":"de","potentialAction":[{"@type":"ReadAction","target":["https:\/\/www.organisator.ch\/management\/2020-03-02\/gesellschaftliche-verantwortung-ja-aber-nicht-auf-kosten-der-unternehmensgewinne\/"]}]},{"@type":"ImageObject","inLanguage":"de","@id":"https:\/\/www.organisator.ch\/management\/2020-03-02\/gesellschaftliche-verantwortung-ja-aber-nicht-auf-kosten-der-unternehmensgewinne\/#primaryimage","url":"https:\/\/www.organisator.ch\/wp-content\/uploads\/2020\/03\/Gesellschaftliche-Verantwortung-ja-aber-nicht-auf-Kosten-der-Unternehmensgewinne-1_Organisator.jpg","contentUrl":"https:\/\/www.organisator.ch\/wp-content\/uploads\/2020\/03\/Gesellschaftliche-Verantwortung-ja-aber-nicht-auf-Kosten-der-Unternehmensgewinne-1_Organisator.jpg","width":680,"height":460,"caption":"Gesellschaftliche Verantwortung wird bei Verwaltungsr\u00e4ten unterschiedlich wahrgenommen: Mitarbeitende kommen vor Natur und Umwelt. (Bild: Pixabay.com)"},{"@type":"BreadcrumbList","@id":"https:\/\/www.organisator.ch\/management\/2020-03-02\/gesellschaftliche-verantwortung-ja-aber-nicht-auf-kosten-der-unternehmensgewinne\/#breadcrumb","itemListElement":[{"@type":"ListItem","position":1,"name":"Home","item":"https:\/\/www.organisator.ch\/"},{"@type":"ListItem","position":2,"name":"Gesellschaftliche Verantwortung ja, aber nicht auf Kosten der Unternehmensgewinne"}]},{"@type":"WebSite","@id":"https:\/\/www.organisator.ch\/#website","url":"https:\/\/www.organisator.ch\/","name":"Organisator","description":"Kompetent. Praxisnah. Der ORGANISATOR bereitet in 10 Ausgaben pro Jahr die wesentlichen Themen f\u00fcr F\u00fchrungskr\u00e4fte von KMU auf.","publisher":{"@id":"https:\/\/www.organisator.ch\/#organization"},"potentialAction":[{"@type":"SearchAction","target":{"@type":"EntryPoint","urlTemplate":"https:\/\/www.organisator.ch\/?s={search_term_string}"},"query-input":{"@type":"PropertyValueSpecification","valueRequired":true,"valueName":"search_term_string"}}],"inLanguage":"de"},{"@type":"Organization","@id":"https:\/\/www.organisator.ch\/#organization","name":"Organisator","url":"https:\/\/www.organisator.ch\/","logo":{"@type":"ImageObject","inLanguage":"de","@id":"https:\/\/www.organisator.ch\/#\/schema\/logo\/image\/","url":"https:\/\/www.organisator.ch\/wp-content\/uploads\/2022\/01\/Logo_Organisator_Website.png","contentUrl":"https:\/\/www.organisator.ch\/wp-content\/uploads\/2022\/01\/Logo_Organisator_Website.png","width":800,"height":77,"caption":"Organisator"},"image":{"@id":"https:\/\/www.organisator.ch\/#\/schema\/logo\/image\/"},"sameAs":["https:\/\/www.facebook.com\/OrganisatorFachmagazin","https:\/\/www.linkedin.com\/showcase\/organisator-das-magazin-fr-kmu","https:\/\/www.xing.com\/news\/pages\/organisator-ch-695","https:\/\/www.youtube.com\/channel\/UCGP2Sq0iWaZwT3BdIAQFYpw"]},{"@type":"Person","@id":"https:\/\/www.organisator.ch\/#\/schema\/person\/6f650f90b2842cd4c0cc334b4e36f67e","name":"thomas.berner","image":{"@type":"ImageObject","inLanguage":"de","@id":"https:\/\/secure.gravatar.com\/avatar\/ac5001d2a36cb6c6cd3e50789007ffca834b477b74a2144564522e944eabff61?s=96&d=mm&r=g","url":"https:\/\/secure.gravatar.com\/avatar\/ac5001d2a36cb6c6cd3e50789007ffca834b477b74a2144564522e944eabff61?s=96&d=mm&r=g","contentUrl":"https:\/\/secure.gravatar.com\/avatar\/ac5001d2a36cb6c6cd3e50789007ffca834b477b74a2144564522e944eabff61?s=96&d=mm&r=g","caption":"thomas.berner"},"url":"https:\/\/www.organisator.ch\/de\/author\/thomas-berner\/"}]}},"_links":{"self":[{"href":"https:\/\/www.organisator.ch\/de\/wp-json\/wp\/v2\/posts\/6403","targetHints":{"allow":["GET"]}}],"collection":[{"href":"https:\/\/www.organisator.ch\/de\/wp-json\/wp\/v2\/posts"}],"about":[{"href":"https:\/\/www.organisator.ch\/de\/wp-json\/wp\/v2\/types\/post"}],"author":[{"embeddable":true,"href":"https:\/\/www.organisator.ch\/de\/wp-json\/wp\/v2\/users\/4"}],"replies":[{"embeddable":true,"href":"https:\/\/www.organisator.ch\/de\/wp-json\/wp\/v2\/comments?post=6403"}],"version-history":[{"count":0,"href":"https:\/\/www.organisator.ch\/de\/wp-json\/wp\/v2\/posts\/6403\/revisions"}],"wp:featuredmedia":[{"embeddable":true,"href":"https:\/\/www.organisator.ch\/de\/wp-json\/wp\/v2\/media\/6404"}],"wp:attachment":[{"href":"https:\/\/www.organisator.ch\/de\/wp-json\/wp\/v2\/media?parent=6403"}],"wp:term":[{"taxonomy":"category","embeddable":true,"href":"https:\/\/www.organisator.ch\/de\/wp-json\/wp\/v2\/categories?post=6403"},{"taxonomy":"post_tag","embeddable":true,"href":"https:\/\/www.organisator.ch\/de\/wp-json\/wp\/v2\/tags?post=6403"}],"curies":[{"name":"wp","href":"https:\/\/api.w.org\/{rel}","templated":true}]}}