{"id":6407,"date":"2020-03-02T16:24:13","date_gmt":"2020-03-02T15:24:13","guid":{"rendered":"https:\/\/www.organisator.ch\/?p=6407"},"modified":"2020-03-02T16:24:13","modified_gmt":"2020-03-02T15:24:13","slug":"spitzenmanager-daniel-kueng-steigt-bei-chainwork-ein","status":"publish","type":"post","link":"https:\/\/www.organisator.ch\/de\/management\/2020-03-02\/spitzenmanager-daniel-kueng-steigt-bei-chainwork-ein\/","title":{"rendered":"Spitzenmanager Daniel K\u00fcng steigt bei Chainwork ein"},"content":{"rendered":"<figure id=\"attachment_6409\" aria-describedby=\"caption-attachment-6409\" style=\"width: 680px\" class=\"wp-caption alignnone\"><img loading=\"lazy\" decoding=\"async\" class=\"size-medium wp-image-6409\" src=\"https:\/\/www.organisator.ch\/wp-content\/uploads\/2020\/03\/Spitzenmanager-Daniel-Kueng-steigt-bei-Chainwork-ein_Organisator.jpg\" alt=\"\" width=\"680\" height=\"453\" srcset=\"https:\/\/www.organisator.ch\/wp-content\/uploads\/2020\/03\/Spitzenmanager-Daniel-Kueng-steigt-bei-Chainwork-ein_Organisator.jpg 680w, https:\/\/www.organisator.ch\/wp-content\/uploads\/2020\/03\/Spitzenmanager-Daniel-Kueng-steigt-bei-Chainwork-ein_Organisator-16x12.jpg 16w, https:\/\/www.organisator.ch\/wp-content\/uploads\/2020\/03\/Spitzenmanager-Daniel-Kueng-steigt-bei-Chainwork-ein_Organisator-263x175.jpg 263w, https:\/\/www.organisator.ch\/wp-content\/uploads\/2020\/03\/Spitzenmanager-Daniel-Kueng-steigt-bei-Chainwork-ein_Organisator-525x350.jpg 525w, https:\/\/www.organisator.ch\/wp-content\/uploads\/2020\/03\/Spitzenmanager-Daniel-Kueng-steigt-bei-Chainwork-ein_Organisator-300x200.jpg 300w\" sizes=\"auto, (max-width: 680px) 100vw, 680px\" \/><figcaption id=\"caption-attachment-6409\" class=\"wp-caption-text\">Daniel K\u00fcng steigt als Investor bei Chainwork ein und wird Verwaltungsrat. (Bild: zVg)<\/figcaption><\/figure>\n<p>Das Unternehmen Chainwork hat im Z\u00fcrcher Seefeld einen einzigartigen Begegnungsort f\u00fcr technologieaffine KMU, Startups und Investoren geschaffen, deren Vernetzung innovative L\u00f6sungen f\u00fcr nationale wie auch internationale Unternehmungen verspricht (<a href=\"https:\/\/www.organisator.ch\/am-puls-der-schweizer-tech-bewegung\/\">wir berichteten dar\u00fcber<\/a>). Nun konnte das Unternehmen den Ex-CEO von Switzerland Global Enterprise von sich \u00fcberzeugen: Daniel K\u00fcng investiert in Chainwork und tritt dem Verwaltungsrat bei. \u201eStart-ups und etablierte Firmen k\u00f6nnen im grossen Rahmen voneinander profitieren\u201c, sagt er dazu und f\u00fchrt weiter aus: \u201eInnovative Startups pr\u00e4sentieren dem Markt zwar technologiebasierte L\u00f6sungen, mit deren Hilfe sich effizienter, produktiver und transparenter arbeiten liesse. Oftmals fehlt es Startups jedoch an Wissen und Erfahrung, wie solche L\u00f6sungen im Markt verankert werden k\u00f6nnen und das Gesch\u00e4ft entsprechend nachhaltig strukturiert werden kann.\u201c<\/p>\n<h2>Den Technologietransfer st\u00e4rken<\/h2>\n<p>Gleichzeitig fehle etablierten Unternehmen das heute notwendige Know-how im digitalen Bereich, so Daniel K\u00fcng: \u201eUnternehmen m\u00fcssen ihre Gesch\u00e4ftsmodelle in eine digital konzipierte Zukunft \u00fcbertragen. Die tiefliegenden Bed\u00fcrfnisse der Kunden m\u00fcssen gezielt abgedeckt, die verf\u00fcgbaren Daten richtig genutzt werden. Agilit\u00e4t ist gefragt.\u201c<br \/>\nDie Schweiz gilt international als Hotspot f\u00fcr technologische Innovation und ist im weltweiten Wettbewerb optimal aufgestellt. Mit seinen F\u00f6rderprogrammen, Eventreihen und Coworking-Angeboten unterst\u00fctzt Chainwork die digitale Transformation von Unternehmen aktiv und bietet der Schweizer Wirtschaft einen einzigartigen Zugang zu zukunftsweisenden Technologien und einer kooperativen Mentalit\u00e4t, die sich durch den direkten Austausch mit Startups und Technologie-unternehmen ergibt.<\/p>\n<h2>Daniel K\u00fcng: &#8222;Begegnungsr\u00e4ume schaffen&#8220;<\/h2>\n<p>F\u00fcr den erfahrenen Unternehmer steht fest: F\u00fcr die Bew\u00e4ltigung grosser Zukunftsfragen gilt es qualitativ hochstehende Begegnungsr\u00e4ume zu schaffen, wo sich innovative Startups und etablierte Unternehmen auf Augenh\u00f6he begegnen und austauschen k\u00f6nnen. Doch solche Angebote sind rar. Mit Chainwork will K\u00fcng dazu beitragen, dass diese Marktl\u00fccke geschlossen und der Wirtschaftsstandort Schweiz weiter als globaler Drehpunkt in der Technologie-Welt gest\u00e4rkt wird.<\/p>\n<p>Mit seinem Coworking-Space, verschiedenen, bestens kuratierten Eventreihen und einem Startup-F\u00f6rderprogramm ist Chainwork ein eigenes interaktives \u00d6kosystem, worin sich die digitale Transformation von Schweizer Unternehmen beschleunigen soll. Daniel K\u00fcng wird seine langj\u00e4hrige Erfahrung als Verwaltungsratsmitglied und Investor bei Chainwork einbringen sowie sein nationales und internationales Netzwerk f\u00fcr die Projekte des Unternehmens aktivieren, um die richtigen Partner f\u00fcr dieses neue \u00d6kosystem zu gewinnen.<\/p>\n<p><em>Weitere Informationen: <a href=\"http:\/\/www.chainwork.com\">www.chainwork.com<\/a><\/em><\/p>\n","protected":false},"excerpt":{"rendered":"<p>Das Unternehmen Chainwork hat im Z\u00fcrcher Seefeld einen einzigartigen Begegnungsort f\u00fcr technologieaffine KMU, Startups und Investoren geschaffen, deren Vernetzung innovative L\u00f6sungen f\u00fcr nationale wie auch internationale Unternehmungen verspricht (wir berichteten dar\u00fcber). Nun konnte das Unternehmen den Ex-CEO von Switzerland Global Enterprise von sich \u00fcberzeugen: Daniel K\u00fcng investiert in Chainwork und tritt dem Verwaltungsrat bei. \u201eStart-ups [&hellip;]<\/p>\n","protected":false},"author":4,"featured_media":6409,"comment_status":"closed","ping_status":"closed","sticky":false,"template":"","format":"standard","meta":{"_acf_changed":false,"_yoast_wpseo_focuskw":"Daniel K\u00fcng","_yoast_wpseo_metadesc":"Sein Engagement f\u00fcr den Wirtschaftsstandort Schweiz stellt Daniel K\u00fcng nun in den Dienst der Schweizer Startupszene: Er investiert in Chainwork.","articlekey":"","footnotes":""},"categories":[28],"tags":[335,381,451,492],"class_list":["post-6407","post","type-post","status-publish","format-standard","has-post-thumbnail","hentry","category-management","tag-management-und-unternehmensfuehrung","tag-personalia","tag-startups","tag-unternehmen"],"acf":[],"yoast_head":"<!-- This site is optimized with the Yoast SEO plugin v27.4 - https:\/\/yoast.com\/product\/yoast-seo-wordpress\/ -->\n<title>Spitzenmanager Daniel K\u00fcng steigt bei Chainwork ein - Organisator<\/title>\n<meta name=\"description\" content=\"Sein Engagement f\u00fcr den Wirtschaftsstandort Schweiz stellt Daniel K\u00fcng nun in den Dienst der Schweizer Startupszene: Er investiert in Chainwork.\" \/>\n<meta name=\"robots\" content=\"index, follow, max-snippet:-1, max-image-preview:large, max-video-preview:-1\" \/>\n<link rel=\"canonical\" href=\"https:\/\/www.organisator.ch\/de\/management\/2020-03-02\/spitzenmanager-daniel-kueng-steigt-bei-chainwork-ein\/\" \/>\n<meta property=\"og:locale\" content=\"de_DE\" \/>\n<meta property=\"og:type\" content=\"article\" \/>\n<meta property=\"og:title\" content=\"Spitzenmanager Daniel K\u00fcng steigt bei Chainwork ein\" \/>\n<meta property=\"og:description\" content=\"Sein Engagement f\u00fcr den Wirtschaftsstandort Schweiz stellt Daniel K\u00fcng nun in den Dienst der Schweizer Startupszene: Er investiert in Chainwork.\" \/>\n<meta property=\"og:url\" content=\"https:\/\/www.organisator.ch\/de\/management\/2020-03-02\/spitzenmanager-daniel-kueng-steigt-bei-chainwork-ein\/\" \/>\n<meta property=\"og:site_name\" content=\"Organisator\" \/>\n<meta property=\"article:publisher\" content=\"https:\/\/www.facebook.com\/OrganisatorFachmagazin\" \/>\n<meta property=\"article:published_time\" content=\"2020-03-02T15:24:13+00:00\" \/>\n<meta property=\"og:image\" content=\"https:\/\/www.organisator.ch\/wp-content\/uploads\/2020\/03\/Spitzenmanager-Daniel-Kueng-steigt-bei-Chainwork-ein_Organisator.jpg\" \/>\n\t<meta property=\"og:image:width\" content=\"680\" \/>\n\t<meta property=\"og:image:height\" content=\"453\" \/>\n\t<meta property=\"og:image:type\" content=\"image\/jpeg\" \/>\n<meta name=\"author\" content=\"thomas.berner\" \/>\n<meta name=\"twitter:card\" content=\"summary_large_image\" \/>\n<meta name=\"twitter:title\" content=\"Spitzenmanager Daniel #K\u00fcng steigt bei #Chainwork ein\" \/>\n<meta name=\"twitter:description\" content=\"Sein Engagement f\u00fcr den Wirtschaftsstandort Schweiz stellt Daniel #K\u00fcng nun in den Dienst der Schweizer #Startupszene: Er investiert in #Chainwork.\" \/>\n<meta name=\"twitter:image\" content=\"https:\/\/www.organisator.ch\/wp-content\/uploads\/2020\/03\/Spitzenmanager-Daniel-Kueng-steigt-bei-Chainwork-ein_Organisator.jpg\" \/>\n<script type=\"application\/ld+json\" class=\"yoast-schema-graph\">{\"@context\":\"https:\\\/\\\/schema.org\",\"@graph\":[{\"@type\":\"Article\",\"@id\":\"https:\\\/\\\/www.organisator.ch\\\/management\\\/2020-03-02\\\/spitzenmanager-daniel-kueng-steigt-bei-chainwork-ein\\\/#article\",\"isPartOf\":{\"@id\":\"https:\\\/\\\/www.organisator.ch\\\/management\\\/2020-03-02\\\/spitzenmanager-daniel-kueng-steigt-bei-chainwork-ein\\\/\"},\"author\":{\"name\":\"thomas.berner\",\"@id\":\"https:\\\/\\\/www.organisator.ch\\\/#\\\/schema\\\/person\\\/6f650f90b2842cd4c0cc334b4e36f67e\"},\"headline\":\"Spitzenmanager Daniel K\u00fcng steigt bei Chainwork ein\",\"datePublished\":\"2020-03-02T15:24:13+00:00\",\"mainEntityOfPage\":{\"@id\":\"https:\\\/\\\/www.organisator.ch\\\/management\\\/2020-03-02\\\/spitzenmanager-daniel-kueng-steigt-bei-chainwork-ein\\\/\"},\"wordCount\":413,\"publisher\":{\"@id\":\"https:\\\/\\\/www.organisator.ch\\\/#organization\"},\"image\":{\"@id\":\"https:\\\/\\\/www.organisator.ch\\\/management\\\/2020-03-02\\\/spitzenmanager-daniel-kueng-steigt-bei-chainwork-ein\\\/#primaryimage\"},\"thumbnailUrl\":\"https:\\\/\\\/www.organisator.ch\\\/wp-content\\\/uploads\\\/2020\\\/03\\\/Spitzenmanager-Daniel-Kueng-steigt-bei-Chainwork-ein_Organisator.jpg\",\"keywords\":[\"Management und Unternehmensf\u00fchrung\",\"Personalia\",\"Startups\",\"Unternehmen\"],\"articleSection\":[\"MANAGEMENT\"],\"inLanguage\":\"de\"},{\"@type\":\"WebPage\",\"@id\":\"https:\\\/\\\/www.organisator.ch\\\/management\\\/2020-03-02\\\/spitzenmanager-daniel-kueng-steigt-bei-chainwork-ein\\\/\",\"url\":\"https:\\\/\\\/www.organisator.ch\\\/management\\\/2020-03-02\\\/spitzenmanager-daniel-kueng-steigt-bei-chainwork-ein\\\/\",\"name\":\"Spitzenmanager Daniel K\u00fcng steigt bei Chainwork ein - Organisator\",\"isPartOf\":{\"@id\":\"https:\\\/\\\/www.organisator.ch\\\/#website\"},\"primaryImageOfPage\":{\"@id\":\"https:\\\/\\\/www.organisator.ch\\\/management\\\/2020-03-02\\\/spitzenmanager-daniel-kueng-steigt-bei-chainwork-ein\\\/#primaryimage\"},\"image\":{\"@id\":\"https:\\\/\\\/www.organisator.ch\\\/management\\\/2020-03-02\\\/spitzenmanager-daniel-kueng-steigt-bei-chainwork-ein\\\/#primaryimage\"},\"thumbnailUrl\":\"https:\\\/\\\/www.organisator.ch\\\/wp-content\\\/uploads\\\/2020\\\/03\\\/Spitzenmanager-Daniel-Kueng-steigt-bei-Chainwork-ein_Organisator.jpg\",\"datePublished\":\"2020-03-02T15:24:13+00:00\",\"description\":\"Sein Engagement f\u00fcr den Wirtschaftsstandort Schweiz stellt Daniel K\u00fcng nun in den Dienst der Schweizer Startupszene: Er investiert in Chainwork.\",\"breadcrumb\":{\"@id\":\"https:\\\/\\\/www.organisator.ch\\\/management\\\/2020-03-02\\\/spitzenmanager-daniel-kueng-steigt-bei-chainwork-ein\\\/#breadcrumb\"},\"inLanguage\":\"de\",\"potentialAction\":[{\"@type\":\"ReadAction\",\"target\":[\"https:\\\/\\\/www.organisator.ch\\\/management\\\/2020-03-02\\\/spitzenmanager-daniel-kueng-steigt-bei-chainwork-ein\\\/\"]}]},{\"@type\":\"ImageObject\",\"inLanguage\":\"de\",\"@id\":\"https:\\\/\\\/www.organisator.ch\\\/management\\\/2020-03-02\\\/spitzenmanager-daniel-kueng-steigt-bei-chainwork-ein\\\/#primaryimage\",\"url\":\"https:\\\/\\\/www.organisator.ch\\\/wp-content\\\/uploads\\\/2020\\\/03\\\/Spitzenmanager-Daniel-Kueng-steigt-bei-Chainwork-ein_Organisator.jpg\",\"contentUrl\":\"https:\\\/\\\/www.organisator.ch\\\/wp-content\\\/uploads\\\/2020\\\/03\\\/Spitzenmanager-Daniel-Kueng-steigt-bei-Chainwork-ein_Organisator.jpg\",\"width\":680,\"height\":453,\"caption\":\"Daniel K\u00fcng steigt als Investor bei Chainwork ein und wird Verwaltungsrat. (Bild: zVg)\"},{\"@type\":\"BreadcrumbList\",\"@id\":\"https:\\\/\\\/www.organisator.ch\\\/management\\\/2020-03-02\\\/spitzenmanager-daniel-kueng-steigt-bei-chainwork-ein\\\/#breadcrumb\",\"itemListElement\":[{\"@type\":\"ListItem\",\"position\":1,\"name\":\"Home\",\"item\":\"https:\\\/\\\/www.organisator.ch\\\/\"},{\"@type\":\"ListItem\",\"position\":2,\"name\":\"Spitzenmanager Daniel K\u00fcng steigt bei Chainwork ein\"}]},{\"@type\":\"WebSite\",\"@id\":\"https:\\\/\\\/www.organisator.ch\\\/#website\",\"url\":\"https:\\\/\\\/www.organisator.ch\\\/\",\"name\":\"Organisator\",\"description\":\"Kompetent. Praxisnah. Der ORGANISATOR bereitet in 10 Ausgaben pro Jahr die wesentlichen Themen f\u00fcr F\u00fchrungskr\u00e4fte von KMU auf.\",\"publisher\":{\"@id\":\"https:\\\/\\\/www.organisator.ch\\\/#organization\"},\"potentialAction\":[{\"@type\":\"SearchAction\",\"target\":{\"@type\":\"EntryPoint\",\"urlTemplate\":\"https:\\\/\\\/www.organisator.ch\\\/?s={search_term_string}\"},\"query-input\":{\"@type\":\"PropertyValueSpecification\",\"valueRequired\":true,\"valueName\":\"search_term_string\"}}],\"inLanguage\":\"de\"},{\"@type\":\"Organization\",\"@id\":\"https:\\\/\\\/www.organisator.ch\\\/#organization\",\"name\":\"Organisator\",\"url\":\"https:\\\/\\\/www.organisator.ch\\\/\",\"logo\":{\"@type\":\"ImageObject\",\"inLanguage\":\"de\",\"@id\":\"https:\\\/\\\/www.organisator.ch\\\/#\\\/schema\\\/logo\\\/image\\\/\",\"url\":\"https:\\\/\\\/www.organisator.ch\\\/wp-content\\\/uploads\\\/2022\\\/01\\\/Logo_Organisator_Website.png\",\"contentUrl\":\"https:\\\/\\\/www.organisator.ch\\\/wp-content\\\/uploads\\\/2022\\\/01\\\/Logo_Organisator_Website.png\",\"width\":800,\"height\":77,\"caption\":\"Organisator\"},\"image\":{\"@id\":\"https:\\\/\\\/www.organisator.ch\\\/#\\\/schema\\\/logo\\\/image\\\/\"},\"sameAs\":[\"https:\\\/\\\/www.facebook.com\\\/OrganisatorFachmagazin\",\"https:\\\/\\\/www.linkedin.com\\\/showcase\\\/organisator-das-magazin-fr-kmu\",\"https:\\\/\\\/www.xing.com\\\/news\\\/pages\\\/organisator-ch-695\",\"https:\\\/\\\/www.youtube.com\\\/channel\\\/UCGP2Sq0iWaZwT3BdIAQFYpw\"]},{\"@type\":\"Person\",\"@id\":\"https:\\\/\\\/www.organisator.ch\\\/#\\\/schema\\\/person\\\/6f650f90b2842cd4c0cc334b4e36f67e\",\"name\":\"thomas.berner\",\"image\":{\"@type\":\"ImageObject\",\"inLanguage\":\"de\",\"@id\":\"https:\\\/\\\/secure.gravatar.com\\\/avatar\\\/ac5001d2a36cb6c6cd3e50789007ffca834b477b74a2144564522e944eabff61?s=96&d=mm&r=g\",\"url\":\"https:\\\/\\\/secure.gravatar.com\\\/avatar\\\/ac5001d2a36cb6c6cd3e50789007ffca834b477b74a2144564522e944eabff61?s=96&d=mm&r=g\",\"contentUrl\":\"https:\\\/\\\/secure.gravatar.com\\\/avatar\\\/ac5001d2a36cb6c6cd3e50789007ffca834b477b74a2144564522e944eabff61?s=96&d=mm&r=g\",\"caption\":\"thomas.berner\"},\"url\":\"https:\\\/\\\/www.organisator.ch\\\/de\\\/author\\\/thomas-berner\\\/\"}]}<\/script>\n<!-- \/ Yoast SEO plugin. -->","yoast_head_json":{"title":"Spitzenmanager Daniel K\u00fcng steigt bei Chainwork ein - Organisator","description":"Sein Engagement f\u00fcr den Wirtschaftsstandort Schweiz stellt Daniel K\u00fcng nun in den Dienst der Schweizer Startupszene: Er investiert in Chainwork.","robots":{"index":"index","follow":"follow","max-snippet":"max-snippet:-1","max-image-preview":"max-image-preview:large","max-video-preview":"max-video-preview:-1"},"canonical":"https:\/\/www.organisator.ch\/de\/management\/2020-03-02\/spitzenmanager-daniel-kueng-steigt-bei-chainwork-ein\/","og_locale":"de_DE","og_type":"article","og_title":"Spitzenmanager Daniel K\u00fcng steigt bei Chainwork ein","og_description":"Sein Engagement f\u00fcr den Wirtschaftsstandort Schweiz stellt Daniel K\u00fcng nun in den Dienst der Schweizer Startupszene: Er investiert in Chainwork.","og_url":"https:\/\/www.organisator.ch\/de\/management\/2020-03-02\/spitzenmanager-daniel-kueng-steigt-bei-chainwork-ein\/","og_site_name":"Organisator","article_publisher":"https:\/\/www.facebook.com\/OrganisatorFachmagazin","article_published_time":"2020-03-02T15:24:13+00:00","og_image":[{"width":680,"height":453,"url":"https:\/\/www.organisator.ch\/wp-content\/uploads\/2020\/03\/Spitzenmanager-Daniel-Kueng-steigt-bei-Chainwork-ein_Organisator.jpg","type":"image\/jpeg"}],"author":"thomas.berner","twitter_card":"summary_large_image","twitter_title":"Spitzenmanager Daniel #K\u00fcng steigt bei #Chainwork ein","twitter_description":"Sein Engagement f\u00fcr den Wirtschaftsstandort Schweiz stellt Daniel #K\u00fcng nun in den Dienst der Schweizer #Startupszene: Er investiert in #Chainwork.","twitter_image":"https:\/\/www.organisator.ch\/wp-content\/uploads\/2020\/03\/Spitzenmanager-Daniel-Kueng-steigt-bei-Chainwork-ein_Organisator.jpg","schema":{"@context":"https:\/\/schema.org","@graph":[{"@type":"Article","@id":"https:\/\/www.organisator.ch\/management\/2020-03-02\/spitzenmanager-daniel-kueng-steigt-bei-chainwork-ein\/#article","isPartOf":{"@id":"https:\/\/www.organisator.ch\/management\/2020-03-02\/spitzenmanager-daniel-kueng-steigt-bei-chainwork-ein\/"},"author":{"name":"thomas.berner","@id":"https:\/\/www.organisator.ch\/#\/schema\/person\/6f650f90b2842cd4c0cc334b4e36f67e"},"headline":"Spitzenmanager Daniel K\u00fcng steigt bei Chainwork ein","datePublished":"2020-03-02T15:24:13+00:00","mainEntityOfPage":{"@id":"https:\/\/www.organisator.ch\/management\/2020-03-02\/spitzenmanager-daniel-kueng-steigt-bei-chainwork-ein\/"},"wordCount":413,"publisher":{"@id":"https:\/\/www.organisator.ch\/#organization"},"image":{"@id":"https:\/\/www.organisator.ch\/management\/2020-03-02\/spitzenmanager-daniel-kueng-steigt-bei-chainwork-ein\/#primaryimage"},"thumbnailUrl":"https:\/\/www.organisator.ch\/wp-content\/uploads\/2020\/03\/Spitzenmanager-Daniel-Kueng-steigt-bei-Chainwork-ein_Organisator.jpg","keywords":["Management und Unternehmensf\u00fchrung","Personalia","Startups","Unternehmen"],"articleSection":["MANAGEMENT"],"inLanguage":"de"},{"@type":"WebPage","@id":"https:\/\/www.organisator.ch\/management\/2020-03-02\/spitzenmanager-daniel-kueng-steigt-bei-chainwork-ein\/","url":"https:\/\/www.organisator.ch\/management\/2020-03-02\/spitzenmanager-daniel-kueng-steigt-bei-chainwork-ein\/","name":"Spitzenmanager Daniel K\u00fcng steigt bei Chainwork ein - Organisator","isPartOf":{"@id":"https:\/\/www.organisator.ch\/#website"},"primaryImageOfPage":{"@id":"https:\/\/www.organisator.ch\/management\/2020-03-02\/spitzenmanager-daniel-kueng-steigt-bei-chainwork-ein\/#primaryimage"},"image":{"@id":"https:\/\/www.organisator.ch\/management\/2020-03-02\/spitzenmanager-daniel-kueng-steigt-bei-chainwork-ein\/#primaryimage"},"thumbnailUrl":"https:\/\/www.organisator.ch\/wp-content\/uploads\/2020\/03\/Spitzenmanager-Daniel-Kueng-steigt-bei-Chainwork-ein_Organisator.jpg","datePublished":"2020-03-02T15:24:13+00:00","description":"Sein Engagement f\u00fcr den Wirtschaftsstandort Schweiz stellt Daniel K\u00fcng nun in den Dienst der Schweizer Startupszene: Er investiert in Chainwork.","breadcrumb":{"@id":"https:\/\/www.organisator.ch\/management\/2020-03-02\/spitzenmanager-daniel-kueng-steigt-bei-chainwork-ein\/#breadcrumb"},"inLanguage":"de","potentialAction":[{"@type":"ReadAction","target":["https:\/\/www.organisator.ch\/management\/2020-03-02\/spitzenmanager-daniel-kueng-steigt-bei-chainwork-ein\/"]}]},{"@type":"ImageObject","inLanguage":"de","@id":"https:\/\/www.organisator.ch\/management\/2020-03-02\/spitzenmanager-daniel-kueng-steigt-bei-chainwork-ein\/#primaryimage","url":"https:\/\/www.organisator.ch\/wp-content\/uploads\/2020\/03\/Spitzenmanager-Daniel-Kueng-steigt-bei-Chainwork-ein_Organisator.jpg","contentUrl":"https:\/\/www.organisator.ch\/wp-content\/uploads\/2020\/03\/Spitzenmanager-Daniel-Kueng-steigt-bei-Chainwork-ein_Organisator.jpg","width":680,"height":453,"caption":"Daniel K\u00fcng steigt als Investor bei Chainwork ein und wird Verwaltungsrat. (Bild: zVg)"},{"@type":"BreadcrumbList","@id":"https:\/\/www.organisator.ch\/management\/2020-03-02\/spitzenmanager-daniel-kueng-steigt-bei-chainwork-ein\/#breadcrumb","itemListElement":[{"@type":"ListItem","position":1,"name":"Home","item":"https:\/\/www.organisator.ch\/"},{"@type":"ListItem","position":2,"name":"Spitzenmanager Daniel K\u00fcng steigt bei Chainwork ein"}]},{"@type":"WebSite","@id":"https:\/\/www.organisator.ch\/#website","url":"https:\/\/www.organisator.ch\/","name":"Organisator","description":"Kompetent. Praxisnah. Der ORGANISATOR bereitet in 10 Ausgaben pro Jahr die wesentlichen Themen f\u00fcr F\u00fchrungskr\u00e4fte von KMU auf.","publisher":{"@id":"https:\/\/www.organisator.ch\/#organization"},"potentialAction":[{"@type":"SearchAction","target":{"@type":"EntryPoint","urlTemplate":"https:\/\/www.organisator.ch\/?s={search_term_string}"},"query-input":{"@type":"PropertyValueSpecification","valueRequired":true,"valueName":"search_term_string"}}],"inLanguage":"de"},{"@type":"Organization","@id":"https:\/\/www.organisator.ch\/#organization","name":"Organisator","url":"https:\/\/www.organisator.ch\/","logo":{"@type":"ImageObject","inLanguage":"de","@id":"https:\/\/www.organisator.ch\/#\/schema\/logo\/image\/","url":"https:\/\/www.organisator.ch\/wp-content\/uploads\/2022\/01\/Logo_Organisator_Website.png","contentUrl":"https:\/\/www.organisator.ch\/wp-content\/uploads\/2022\/01\/Logo_Organisator_Website.png","width":800,"height":77,"caption":"Organisator"},"image":{"@id":"https:\/\/www.organisator.ch\/#\/schema\/logo\/image\/"},"sameAs":["https:\/\/www.facebook.com\/OrganisatorFachmagazin","https:\/\/www.linkedin.com\/showcase\/organisator-das-magazin-fr-kmu","https:\/\/www.xing.com\/news\/pages\/organisator-ch-695","https:\/\/www.youtube.com\/channel\/UCGP2Sq0iWaZwT3BdIAQFYpw"]},{"@type":"Person","@id":"https:\/\/www.organisator.ch\/#\/schema\/person\/6f650f90b2842cd4c0cc334b4e36f67e","name":"thomas.berner","image":{"@type":"ImageObject","inLanguage":"de","@id":"https:\/\/secure.gravatar.com\/avatar\/ac5001d2a36cb6c6cd3e50789007ffca834b477b74a2144564522e944eabff61?s=96&d=mm&r=g","url":"https:\/\/secure.gravatar.com\/avatar\/ac5001d2a36cb6c6cd3e50789007ffca834b477b74a2144564522e944eabff61?s=96&d=mm&r=g","contentUrl":"https:\/\/secure.gravatar.com\/avatar\/ac5001d2a36cb6c6cd3e50789007ffca834b477b74a2144564522e944eabff61?s=96&d=mm&r=g","caption":"thomas.berner"},"url":"https:\/\/www.organisator.ch\/de\/author\/thomas-berner\/"}]}},"_links":{"self":[{"href":"https:\/\/www.organisator.ch\/de\/wp-json\/wp\/v2\/posts\/6407","targetHints":{"allow":["GET"]}}],"collection":[{"href":"https:\/\/www.organisator.ch\/de\/wp-json\/wp\/v2\/posts"}],"about":[{"href":"https:\/\/www.organisator.ch\/de\/wp-json\/wp\/v2\/types\/post"}],"author":[{"embeddable":true,"href":"https:\/\/www.organisator.ch\/de\/wp-json\/wp\/v2\/users\/4"}],"replies":[{"embeddable":true,"href":"https:\/\/www.organisator.ch\/de\/wp-json\/wp\/v2\/comments?post=6407"}],"version-history":[{"count":0,"href":"https:\/\/www.organisator.ch\/de\/wp-json\/wp\/v2\/posts\/6407\/revisions"}],"wp:featuredmedia":[{"embeddable":true,"href":"https:\/\/www.organisator.ch\/de\/wp-json\/wp\/v2\/media\/6409"}],"wp:attachment":[{"href":"https:\/\/www.organisator.ch\/de\/wp-json\/wp\/v2\/media?parent=6407"}],"wp:term":[{"taxonomy":"category","embeddable":true,"href":"https:\/\/www.organisator.ch\/de\/wp-json\/wp\/v2\/categories?post=6407"},{"taxonomy":"post_tag","embeddable":true,"href":"https:\/\/www.organisator.ch\/de\/wp-json\/wp\/v2\/tags?post=6407"}],"curies":[{"name":"wp","href":"https:\/\/api.w.org\/{rel}","templated":true}]}}