{"id":6414,"date":"2020-03-04T14:22:40","date_gmt":"2020-03-04T13:22:40","guid":{"rendered":"https:\/\/www.organisator.ch\/?p=6414"},"modified":"2020-03-04T14:22:40","modified_gmt":"2020-03-04T13:22:40","slug":"tipps-fuer-mehr-wertschaetzung-wirkungsvoller-teil-der-arbeitskultur","status":"publish","type":"post","link":"https:\/\/www.organisator.ch\/de\/human-resources\/hrm\/2020-03-04\/tipps-fuer-mehr-wertschaetzung-wirkungsvoller-teil-der-arbeitskultur\/","title":{"rendered":"Tipps f\u00fcr mehr Wertsch\u00e4tzung: Wirkungsvoller Teil der Arbeitskultur"},"content":{"rendered":"<figure id=\"attachment_6415\" aria-describedby=\"caption-attachment-6415\" style=\"width: 663px\" class=\"wp-caption alignnone\"><img loading=\"lazy\" decoding=\"async\" class=\"size-full wp-image-6415\" src=\"https:\/\/www.organisator.ch\/wp-content\/uploads\/2020\/03\/Tipps-fuer-mehr-Wertschaetzung-Wirkungsvoller-Teil-der-Arbeitskultur_Organisator.jpg\" alt=\"\" width=\"663\" height=\"440\" srcset=\"https:\/\/www.organisator.ch\/wp-content\/uploads\/2020\/03\/Tipps-fuer-mehr-Wertschaetzung-Wirkungsvoller-Teil-der-Arbeitskultur_Organisator.jpg 663w, https:\/\/www.organisator.ch\/wp-content\/uploads\/2020\/03\/Tipps-fuer-mehr-Wertschaetzung-Wirkungsvoller-Teil-der-Arbeitskultur_Organisator-16x12.jpg 16w, https:\/\/www.organisator.ch\/wp-content\/uploads\/2020\/03\/Tipps-fuer-mehr-Wertschaetzung-Wirkungsvoller-Teil-der-Arbeitskultur_Organisator-264x175.jpg 264w, https:\/\/www.organisator.ch\/wp-content\/uploads\/2020\/03\/Tipps-fuer-mehr-Wertschaetzung-Wirkungsvoller-Teil-der-Arbeitskultur_Organisator-527x350.jpg 527w, https:\/\/www.organisator.ch\/wp-content\/uploads\/2020\/03\/Tipps-fuer-mehr-Wertschaetzung-Wirkungsvoller-Teil-der-Arbeitskultur_Organisator-300x199.jpg 300w\" sizes=\"auto, (max-width: 663px) 100vw, 663px\" \/><figcaption id=\"caption-attachment-6415\" class=\"wp-caption-text\">Danke sagen und Kommunikation f\u00f6rdern: So k\u00f6nnen Arbeitgeber Ihren Mitarbeitern Anerkennung und Wertsch\u00e4tzung. ausdr\u00fccken. (Bild: Pixabay.com)<\/figcaption><\/figure>\n<p>F\u00fcr erfolgreiche und gute Leistungen Danke zu sagen wirkt sich positiv auf die Atmosph\u00e4re und Motivation im Team aus. So setzen sich laut der Arbeitsmarktstudie von Robert Half alle befragten F\u00fchrungskr\u00e4fte aktiv daf\u00fcr eine, eine bessere Arbeitskultur zu schaffen. Besonders h\u00e4ufig werden in diesem Zusammenhang die F\u00f6rderung von Kommunikation und Kollaboration (47 %), \u00a0das Angebot von Mentoren-, Trainings- und Entwicklungsprogrammen (44 %) und die Verbreitung von Unternehmenswerten und Mission (38 %), genannt. Die erw\u00e4hnte repr\u00e4sentative Befragung wurde im Oktober 2019 durch das Marktforschungsinstitut Rigour Research unter 5165 Personalverantwortlichen in 13 L\u00e4ndern, darunter auch der Schweiz, durchgef\u00fchrt.<\/p>\n<p>Das Umsetzen dieser von den Befragten gew\u00fcnschten Massnahmen ist nur mit entsprechenden finanziellen Mitteln m\u00f6glich. Fehlen diese oder sind sie bereits ausgesch\u00f6pft, gibt es auch ganz einfache, kosteng\u00fcnstige Wege, wie Vorgesetzte ihren Mitarbeitern nicht nur am Employee Appreciation Day Wertsch\u00e4tzung zeigen k\u00f6nnen. Zerrin Azeri, Associate Director bei Robert Half, gibt Tipps f\u00fcr mehr offene Anerkennung:<\/p>\n<ol>\n<li><strong> Geben Sie positives Feedback. <\/strong>Nehmen Sie sich Zeit, unmittelbares Lob auszusprechen. Der Effekt verpufft, wenn Sie erst drei Wochen nach einem gelungenen Projektabschluss Ihre Anerkennung zeigen.<\/li>\n<li><strong> Bieten Sie einen freien Nachmittag oder zus\u00e4tzlichen Urlaub an. <\/strong>Mehr Freizeit ist bei Schweizern sehr beliebt. Genehmigen Sie nach erfolgreichen Projekten einen freien Nachmittag oder zus\u00e4tzliche Urlaubstage an.<\/li>\n<li><strong> Veranstalten Sie kleine Feiern im B\u00fcro. <\/strong>Erfolge feiern sich am besten gemeinsam! Laden Sie zum gemeinsamen Mittagessen ein oder sorgen Sie in Meetings f\u00fcr das entsprechende Catering.<\/li>\n<li><strong> Zeichnen Sie Ihre Mitarbeiter aus. <\/strong>Gibt es Programme in Ihrem Unternehmen, die Mitarbeiter auszeichnen? Bei Robert Half beispielsweise k\u00f6nnen Chefs herausragende Mitarbeiter f\u00fcr ein internes Auszeichnungsprogramm nominieren. Die Gewinner erhalten einen finanziellen Bonus.<\/li>\n<li><strong> Denken Sie an Geburtstage, Jubil\u00e4en und andere Feiertage. <\/strong>Ein Blumengruss oder eine kleine Schokolade zum Geburtstag oder einem anderen Jubil\u00e4um verfehlen die Wirkung nicht. Sie zeigen damit, wie wichtig Ihnen der Mitarbeiter auch als Person ist.<\/li>\n<\/ol>\n<p><em>Quelle: <a href=\"http:\/\/www.roberthalf.ch\">Robert Half<\/a><\/em><\/p>\n","protected":false},"excerpt":{"rendered":"<p>F\u00fcr erfolgreiche und gute Leistungen Danke zu sagen wirkt sich positiv auf die Atmosph\u00e4re und Motivation im Team aus. So setzen sich laut der Arbeitsmarktstudie von Robert Half alle befragten F\u00fchrungskr\u00e4fte aktiv daf\u00fcr eine, eine bessere Arbeitskultur zu schaffen. Besonders h\u00e4ufig werden in diesem Zusammenhang die F\u00f6rderung von Kommunikation und Kollaboration (47 %), \u00a0das Angebot [&hellip;]<\/p>\n","protected":false},"author":4,"featured_media":6415,"comment_status":"closed","ping_status":"closed","sticky":false,"template":"","format":"standard","meta":{"_acf_changed":false,"_yoast_wpseo_focuskw":"Wertsch\u00e4tzung","_yoast_wpseo_metadesc":"Am Freitag, 6. M\u00e4rz, ist \u201eEmployee Appreciation Day\u201d. Dieser Tag bietet f\u00fcr Chefs einen idealen Anlass, Wertsch\u00e4tzung auszudr\u00fccken und Danke zu sagen.","articlekey":"","footnotes":""},"categories":[26],"tags":[115,254,459],"class_list":["post-6414","post","type-post","status-publish","format-standard","has-post-thumbnail","hentry","category-hrm","tag-checklisten","tag-hrm","tag-studie"],"acf":[],"yoast_head":"<!-- This site is optimized with the Yoast SEO plugin v27.4 - https:\/\/yoast.com\/product\/yoast-seo-wordpress\/ -->\n<title>Tipps f\u00fcr mehr Wertsch\u00e4tzung: Wirkungsvoller Teil der Arbeitskultur - Organisator<\/title>\n<meta name=\"description\" content=\"Am Freitag, 6. M\u00e4rz, ist \u201eEmployee Appreciation Day\u201d. Dieser Tag bietet f\u00fcr Chefs einen idealen Anlass, Wertsch\u00e4tzung auszudr\u00fccken und Danke zu sagen.\" \/>\n<meta name=\"robots\" content=\"index, follow, max-snippet:-1, max-image-preview:large, max-video-preview:-1\" \/>\n<link rel=\"canonical\" href=\"https:\/\/www.organisator.ch\/de\/human-resources\/hrm\/2020-03-04\/tipps-fuer-mehr-wertschaetzung-wirkungsvoller-teil-der-arbeitskultur\/\" \/>\n<meta property=\"og:locale\" content=\"de_DE\" \/>\n<meta property=\"og:type\" content=\"article\" \/>\n<meta property=\"og:title\" content=\"Tipps f\u00fcr mehr Wertsch\u00e4tzung: Wirkungsvoller Teil der Arbeitskultur\" \/>\n<meta property=\"og:description\" content=\"Am Freitag, 6. M\u00e4rz, ist \u201eEmployee Appreciation Day\u201d. Dieser Tag bietet f\u00fcr Chefs einen idealen Anlass, Wertsch\u00e4tzung auszudr\u00fccken und Danke zu sagen.\" \/>\n<meta property=\"og:url\" content=\"https:\/\/www.organisator.ch\/de\/human-resources\/hrm\/2020-03-04\/tipps-fuer-mehr-wertschaetzung-wirkungsvoller-teil-der-arbeitskultur\/\" \/>\n<meta property=\"og:site_name\" content=\"Organisator\" \/>\n<meta property=\"article:publisher\" content=\"https:\/\/www.facebook.com\/OrganisatorFachmagazin\" \/>\n<meta property=\"article:published_time\" content=\"2020-03-04T13:22:40+00:00\" \/>\n<meta property=\"og:image\" content=\"https:\/\/www.organisator.ch\/wp-content\/uploads\/2020\/03\/Tipps-fuer-mehr-Wertschaetzung-Wirkungsvoller-Teil-der-Arbeitskultur_Organisator.jpg\" \/>\n\t<meta property=\"og:image:width\" content=\"663\" \/>\n\t<meta property=\"og:image:height\" content=\"440\" \/>\n\t<meta property=\"og:image:type\" content=\"image\/jpeg\" \/>\n<meta name=\"author\" content=\"thomas.berner\" \/>\n<meta name=\"twitter:card\" content=\"summary_large_image\" \/>\n<meta name=\"twitter:title\" content=\"Tipps f\u00fcr mehr #Wertsch\u00e4tzung: Wirkungsvoller Teil der #Arbeitskultur\" \/>\n<meta name=\"twitter:description\" content=\"Am Freitag, 6. M\u00e4rz, ist \u201eEmployee Appreciation Day\u201d. Dieser Tag bietet f\u00fcr Chefs einen idealen Anlass, #Wertsch\u00e4tzung auszudr\u00fccken und Danke zu sagen.\" \/>\n<meta name=\"twitter:image\" content=\"https:\/\/www.organisator.ch\/wp-content\/uploads\/2020\/03\/Tipps-fuer-mehr-Wertschaetzung-Wirkungsvoller-Teil-der-Arbeitskultur_Organisator.jpg\" \/>\n<script type=\"application\/ld+json\" class=\"yoast-schema-graph\">{\"@context\":\"https:\\\/\\\/schema.org\",\"@graph\":[{\"@type\":\"Article\",\"@id\":\"https:\\\/\\\/www.organisator.ch\\\/human-resources\\\/hrm\\\/2020-03-04\\\/tipps-fuer-mehr-wertschaetzung-wirkungsvoller-teil-der-arbeitskultur\\\/#article\",\"isPartOf\":{\"@id\":\"https:\\\/\\\/www.organisator.ch\\\/human-resources\\\/hrm\\\/2020-03-04\\\/tipps-fuer-mehr-wertschaetzung-wirkungsvoller-teil-der-arbeitskultur\\\/\"},\"author\":{\"name\":\"thomas.berner\",\"@id\":\"https:\\\/\\\/www.organisator.ch\\\/#\\\/schema\\\/person\\\/6f650f90b2842cd4c0cc334b4e36f67e\"},\"headline\":\"Tipps f\u00fcr mehr Wertsch\u00e4tzung: Wirkungsvoller Teil der Arbeitskultur\",\"datePublished\":\"2020-03-04T13:22:40+00:00\",\"mainEntityOfPage\":{\"@id\":\"https:\\\/\\\/www.organisator.ch\\\/human-resources\\\/hrm\\\/2020-03-04\\\/tipps-fuer-mehr-wertschaetzung-wirkungsvoller-teil-der-arbeitskultur\\\/\"},\"wordCount\":359,\"publisher\":{\"@id\":\"https:\\\/\\\/www.organisator.ch\\\/#organization\"},\"image\":{\"@id\":\"https:\\\/\\\/www.organisator.ch\\\/human-resources\\\/hrm\\\/2020-03-04\\\/tipps-fuer-mehr-wertschaetzung-wirkungsvoller-teil-der-arbeitskultur\\\/#primaryimage\"},\"thumbnailUrl\":\"https:\\\/\\\/www.organisator.ch\\\/wp-content\\\/uploads\\\/2020\\\/03\\\/Tipps-fuer-mehr-Wertschaetzung-Wirkungsvoller-Teil-der-Arbeitskultur_Organisator.jpg\",\"keywords\":[\"Checklisten\",\"HRM\",\"Studie\"],\"articleSection\":[\"HRM\"],\"inLanguage\":\"de\"},{\"@type\":\"WebPage\",\"@id\":\"https:\\\/\\\/www.organisator.ch\\\/human-resources\\\/hrm\\\/2020-03-04\\\/tipps-fuer-mehr-wertschaetzung-wirkungsvoller-teil-der-arbeitskultur\\\/\",\"url\":\"https:\\\/\\\/www.organisator.ch\\\/human-resources\\\/hrm\\\/2020-03-04\\\/tipps-fuer-mehr-wertschaetzung-wirkungsvoller-teil-der-arbeitskultur\\\/\",\"name\":\"Tipps f\u00fcr mehr Wertsch\u00e4tzung: Wirkungsvoller Teil der Arbeitskultur - Organisator\",\"isPartOf\":{\"@id\":\"https:\\\/\\\/www.organisator.ch\\\/#website\"},\"primaryImageOfPage\":{\"@id\":\"https:\\\/\\\/www.organisator.ch\\\/human-resources\\\/hrm\\\/2020-03-04\\\/tipps-fuer-mehr-wertschaetzung-wirkungsvoller-teil-der-arbeitskultur\\\/#primaryimage\"},\"image\":{\"@id\":\"https:\\\/\\\/www.organisator.ch\\\/human-resources\\\/hrm\\\/2020-03-04\\\/tipps-fuer-mehr-wertschaetzung-wirkungsvoller-teil-der-arbeitskultur\\\/#primaryimage\"},\"thumbnailUrl\":\"https:\\\/\\\/www.organisator.ch\\\/wp-content\\\/uploads\\\/2020\\\/03\\\/Tipps-fuer-mehr-Wertschaetzung-Wirkungsvoller-Teil-der-Arbeitskultur_Organisator.jpg\",\"datePublished\":\"2020-03-04T13:22:40+00:00\",\"description\":\"Am Freitag, 6. M\u00e4rz, ist \u201eEmployee Appreciation Day\u201d. Dieser Tag bietet f\u00fcr Chefs einen idealen Anlass, Wertsch\u00e4tzung auszudr\u00fccken und Danke zu sagen.\",\"breadcrumb\":{\"@id\":\"https:\\\/\\\/www.organisator.ch\\\/human-resources\\\/hrm\\\/2020-03-04\\\/tipps-fuer-mehr-wertschaetzung-wirkungsvoller-teil-der-arbeitskultur\\\/#breadcrumb\"},\"inLanguage\":\"de\",\"potentialAction\":[{\"@type\":\"ReadAction\",\"target\":[\"https:\\\/\\\/www.organisator.ch\\\/human-resources\\\/hrm\\\/2020-03-04\\\/tipps-fuer-mehr-wertschaetzung-wirkungsvoller-teil-der-arbeitskultur\\\/\"]}]},{\"@type\":\"ImageObject\",\"inLanguage\":\"de\",\"@id\":\"https:\\\/\\\/www.organisator.ch\\\/human-resources\\\/hrm\\\/2020-03-04\\\/tipps-fuer-mehr-wertschaetzung-wirkungsvoller-teil-der-arbeitskultur\\\/#primaryimage\",\"url\":\"https:\\\/\\\/www.organisator.ch\\\/wp-content\\\/uploads\\\/2020\\\/03\\\/Tipps-fuer-mehr-Wertschaetzung-Wirkungsvoller-Teil-der-Arbeitskultur_Organisator.jpg\",\"contentUrl\":\"https:\\\/\\\/www.organisator.ch\\\/wp-content\\\/uploads\\\/2020\\\/03\\\/Tipps-fuer-mehr-Wertschaetzung-Wirkungsvoller-Teil-der-Arbeitskultur_Organisator.jpg\",\"width\":663,\"height\":440,\"caption\":\"Danke sagen und Kommunikation f\u00f6rdern: So k\u00f6nnen Arbeitgeber Ihren Mitarbeitern Anerkennung und Wertsch\u00e4tzung. ausdr\u00fccken. (Bild: Pixabay.com)\"},{\"@type\":\"BreadcrumbList\",\"@id\":\"https:\\\/\\\/www.organisator.ch\\\/human-resources\\\/hrm\\\/2020-03-04\\\/tipps-fuer-mehr-wertschaetzung-wirkungsvoller-teil-der-arbeitskultur\\\/#breadcrumb\",\"itemListElement\":[{\"@type\":\"ListItem\",\"position\":1,\"name\":\"Home\",\"item\":\"https:\\\/\\\/www.organisator.ch\\\/\"},{\"@type\":\"ListItem\",\"position\":2,\"name\":\"Tipps f\u00fcr mehr Wertsch\u00e4tzung: Wirkungsvoller Teil der Arbeitskultur\"}]},{\"@type\":\"WebSite\",\"@id\":\"https:\\\/\\\/www.organisator.ch\\\/#website\",\"url\":\"https:\\\/\\\/www.organisator.ch\\\/\",\"name\":\"Organisator\",\"description\":\"Kompetent. Praxisnah. Der ORGANISATOR bereitet in 10 Ausgaben pro Jahr die wesentlichen Themen f\u00fcr F\u00fchrungskr\u00e4fte von KMU auf.\",\"publisher\":{\"@id\":\"https:\\\/\\\/www.organisator.ch\\\/#organization\"},\"potentialAction\":[{\"@type\":\"SearchAction\",\"target\":{\"@type\":\"EntryPoint\",\"urlTemplate\":\"https:\\\/\\\/www.organisator.ch\\\/?s={search_term_string}\"},\"query-input\":{\"@type\":\"PropertyValueSpecification\",\"valueRequired\":true,\"valueName\":\"search_term_string\"}}],\"inLanguage\":\"de\"},{\"@type\":\"Organization\",\"@id\":\"https:\\\/\\\/www.organisator.ch\\\/#organization\",\"name\":\"Organisator\",\"url\":\"https:\\\/\\\/www.organisator.ch\\\/\",\"logo\":{\"@type\":\"ImageObject\",\"inLanguage\":\"de\",\"@id\":\"https:\\\/\\\/www.organisator.ch\\\/#\\\/schema\\\/logo\\\/image\\\/\",\"url\":\"https:\\\/\\\/www.organisator.ch\\\/wp-content\\\/uploads\\\/2022\\\/01\\\/Logo_Organisator_Website.png\",\"contentUrl\":\"https:\\\/\\\/www.organisator.ch\\\/wp-content\\\/uploads\\\/2022\\\/01\\\/Logo_Organisator_Website.png\",\"width\":800,\"height\":77,\"caption\":\"Organisator\"},\"image\":{\"@id\":\"https:\\\/\\\/www.organisator.ch\\\/#\\\/schema\\\/logo\\\/image\\\/\"},\"sameAs\":[\"https:\\\/\\\/www.facebook.com\\\/OrganisatorFachmagazin\",\"https:\\\/\\\/www.linkedin.com\\\/showcase\\\/organisator-das-magazin-fr-kmu\",\"https:\\\/\\\/www.xing.com\\\/news\\\/pages\\\/organisator-ch-695\",\"https:\\\/\\\/www.youtube.com\\\/channel\\\/UCGP2Sq0iWaZwT3BdIAQFYpw\"]},{\"@type\":\"Person\",\"@id\":\"https:\\\/\\\/www.organisator.ch\\\/#\\\/schema\\\/person\\\/6f650f90b2842cd4c0cc334b4e36f67e\",\"name\":\"thomas.berner\",\"image\":{\"@type\":\"ImageObject\",\"inLanguage\":\"de\",\"@id\":\"https:\\\/\\\/secure.gravatar.com\\\/avatar\\\/ac5001d2a36cb6c6cd3e50789007ffca834b477b74a2144564522e944eabff61?s=96&d=mm&r=g\",\"url\":\"https:\\\/\\\/secure.gravatar.com\\\/avatar\\\/ac5001d2a36cb6c6cd3e50789007ffca834b477b74a2144564522e944eabff61?s=96&d=mm&r=g\",\"contentUrl\":\"https:\\\/\\\/secure.gravatar.com\\\/avatar\\\/ac5001d2a36cb6c6cd3e50789007ffca834b477b74a2144564522e944eabff61?s=96&d=mm&r=g\",\"caption\":\"thomas.berner\"},\"url\":\"https:\\\/\\\/www.organisator.ch\\\/de\\\/author\\\/thomas-berner\\\/\"}]}<\/script>\n<!-- \/ Yoast SEO plugin. -->","yoast_head_json":{"title":"Tipps f\u00fcr mehr Wertsch\u00e4tzung: Wirkungsvoller Teil der Arbeitskultur - Organisator","description":"Am Freitag, 6. M\u00e4rz, ist \u201eEmployee Appreciation Day\u201d. Dieser Tag bietet f\u00fcr Chefs einen idealen Anlass, Wertsch\u00e4tzung auszudr\u00fccken und Danke zu sagen.","robots":{"index":"index","follow":"follow","max-snippet":"max-snippet:-1","max-image-preview":"max-image-preview:large","max-video-preview":"max-video-preview:-1"},"canonical":"https:\/\/www.organisator.ch\/de\/human-resources\/hrm\/2020-03-04\/tipps-fuer-mehr-wertschaetzung-wirkungsvoller-teil-der-arbeitskultur\/","og_locale":"de_DE","og_type":"article","og_title":"Tipps f\u00fcr mehr Wertsch\u00e4tzung: Wirkungsvoller Teil der Arbeitskultur","og_description":"Am Freitag, 6. M\u00e4rz, ist \u201eEmployee Appreciation Day\u201d. Dieser Tag bietet f\u00fcr Chefs einen idealen Anlass, Wertsch\u00e4tzung auszudr\u00fccken und Danke zu sagen.","og_url":"https:\/\/www.organisator.ch\/de\/human-resources\/hrm\/2020-03-04\/tipps-fuer-mehr-wertschaetzung-wirkungsvoller-teil-der-arbeitskultur\/","og_site_name":"Organisator","article_publisher":"https:\/\/www.facebook.com\/OrganisatorFachmagazin","article_published_time":"2020-03-04T13:22:40+00:00","og_image":[{"width":663,"height":440,"url":"https:\/\/www.organisator.ch\/wp-content\/uploads\/2020\/03\/Tipps-fuer-mehr-Wertschaetzung-Wirkungsvoller-Teil-der-Arbeitskultur_Organisator.jpg","type":"image\/jpeg"}],"author":"thomas.berner","twitter_card":"summary_large_image","twitter_title":"Tipps f\u00fcr mehr #Wertsch\u00e4tzung: Wirkungsvoller Teil der #Arbeitskultur","twitter_description":"Am Freitag, 6. M\u00e4rz, ist \u201eEmployee Appreciation Day\u201d. Dieser Tag bietet f\u00fcr Chefs einen idealen Anlass, #Wertsch\u00e4tzung auszudr\u00fccken und Danke zu sagen.","twitter_image":"https:\/\/www.organisator.ch\/wp-content\/uploads\/2020\/03\/Tipps-fuer-mehr-Wertschaetzung-Wirkungsvoller-Teil-der-Arbeitskultur_Organisator.jpg","schema":{"@context":"https:\/\/schema.org","@graph":[{"@type":"Article","@id":"https:\/\/www.organisator.ch\/human-resources\/hrm\/2020-03-04\/tipps-fuer-mehr-wertschaetzung-wirkungsvoller-teil-der-arbeitskultur\/#article","isPartOf":{"@id":"https:\/\/www.organisator.ch\/human-resources\/hrm\/2020-03-04\/tipps-fuer-mehr-wertschaetzung-wirkungsvoller-teil-der-arbeitskultur\/"},"author":{"name":"thomas.berner","@id":"https:\/\/www.organisator.ch\/#\/schema\/person\/6f650f90b2842cd4c0cc334b4e36f67e"},"headline":"Tipps f\u00fcr mehr Wertsch\u00e4tzung: Wirkungsvoller Teil der Arbeitskultur","datePublished":"2020-03-04T13:22:40+00:00","mainEntityOfPage":{"@id":"https:\/\/www.organisator.ch\/human-resources\/hrm\/2020-03-04\/tipps-fuer-mehr-wertschaetzung-wirkungsvoller-teil-der-arbeitskultur\/"},"wordCount":359,"publisher":{"@id":"https:\/\/www.organisator.ch\/#organization"},"image":{"@id":"https:\/\/www.organisator.ch\/human-resources\/hrm\/2020-03-04\/tipps-fuer-mehr-wertschaetzung-wirkungsvoller-teil-der-arbeitskultur\/#primaryimage"},"thumbnailUrl":"https:\/\/www.organisator.ch\/wp-content\/uploads\/2020\/03\/Tipps-fuer-mehr-Wertschaetzung-Wirkungsvoller-Teil-der-Arbeitskultur_Organisator.jpg","keywords":["Checklisten","HRM","Studie"],"articleSection":["HRM"],"inLanguage":"de"},{"@type":"WebPage","@id":"https:\/\/www.organisator.ch\/human-resources\/hrm\/2020-03-04\/tipps-fuer-mehr-wertschaetzung-wirkungsvoller-teil-der-arbeitskultur\/","url":"https:\/\/www.organisator.ch\/human-resources\/hrm\/2020-03-04\/tipps-fuer-mehr-wertschaetzung-wirkungsvoller-teil-der-arbeitskultur\/","name":"Tipps f\u00fcr mehr Wertsch\u00e4tzung: Wirkungsvoller Teil der Arbeitskultur - Organisator","isPartOf":{"@id":"https:\/\/www.organisator.ch\/#website"},"primaryImageOfPage":{"@id":"https:\/\/www.organisator.ch\/human-resources\/hrm\/2020-03-04\/tipps-fuer-mehr-wertschaetzung-wirkungsvoller-teil-der-arbeitskultur\/#primaryimage"},"image":{"@id":"https:\/\/www.organisator.ch\/human-resources\/hrm\/2020-03-04\/tipps-fuer-mehr-wertschaetzung-wirkungsvoller-teil-der-arbeitskultur\/#primaryimage"},"thumbnailUrl":"https:\/\/www.organisator.ch\/wp-content\/uploads\/2020\/03\/Tipps-fuer-mehr-Wertschaetzung-Wirkungsvoller-Teil-der-Arbeitskultur_Organisator.jpg","datePublished":"2020-03-04T13:22:40+00:00","description":"Am Freitag, 6. M\u00e4rz, ist \u201eEmployee Appreciation Day\u201d. Dieser Tag bietet f\u00fcr Chefs einen idealen Anlass, Wertsch\u00e4tzung auszudr\u00fccken und Danke zu sagen.","breadcrumb":{"@id":"https:\/\/www.organisator.ch\/human-resources\/hrm\/2020-03-04\/tipps-fuer-mehr-wertschaetzung-wirkungsvoller-teil-der-arbeitskultur\/#breadcrumb"},"inLanguage":"de","potentialAction":[{"@type":"ReadAction","target":["https:\/\/www.organisator.ch\/human-resources\/hrm\/2020-03-04\/tipps-fuer-mehr-wertschaetzung-wirkungsvoller-teil-der-arbeitskultur\/"]}]},{"@type":"ImageObject","inLanguage":"de","@id":"https:\/\/www.organisator.ch\/human-resources\/hrm\/2020-03-04\/tipps-fuer-mehr-wertschaetzung-wirkungsvoller-teil-der-arbeitskultur\/#primaryimage","url":"https:\/\/www.organisator.ch\/wp-content\/uploads\/2020\/03\/Tipps-fuer-mehr-Wertschaetzung-Wirkungsvoller-Teil-der-Arbeitskultur_Organisator.jpg","contentUrl":"https:\/\/www.organisator.ch\/wp-content\/uploads\/2020\/03\/Tipps-fuer-mehr-Wertschaetzung-Wirkungsvoller-Teil-der-Arbeitskultur_Organisator.jpg","width":663,"height":440,"caption":"Danke sagen und Kommunikation f\u00f6rdern: So k\u00f6nnen Arbeitgeber Ihren Mitarbeitern Anerkennung und Wertsch\u00e4tzung. ausdr\u00fccken. (Bild: Pixabay.com)"},{"@type":"BreadcrumbList","@id":"https:\/\/www.organisator.ch\/human-resources\/hrm\/2020-03-04\/tipps-fuer-mehr-wertschaetzung-wirkungsvoller-teil-der-arbeitskultur\/#breadcrumb","itemListElement":[{"@type":"ListItem","position":1,"name":"Home","item":"https:\/\/www.organisator.ch\/"},{"@type":"ListItem","position":2,"name":"Tipps f\u00fcr mehr Wertsch\u00e4tzung: Wirkungsvoller Teil der Arbeitskultur"}]},{"@type":"WebSite","@id":"https:\/\/www.organisator.ch\/#website","url":"https:\/\/www.organisator.ch\/","name":"Organisator","description":"Kompetent. Praxisnah. Der ORGANISATOR bereitet in 10 Ausgaben pro Jahr die wesentlichen Themen f\u00fcr F\u00fchrungskr\u00e4fte von KMU auf.","publisher":{"@id":"https:\/\/www.organisator.ch\/#organization"},"potentialAction":[{"@type":"SearchAction","target":{"@type":"EntryPoint","urlTemplate":"https:\/\/www.organisator.ch\/?s={search_term_string}"},"query-input":{"@type":"PropertyValueSpecification","valueRequired":true,"valueName":"search_term_string"}}],"inLanguage":"de"},{"@type":"Organization","@id":"https:\/\/www.organisator.ch\/#organization","name":"Organisator","url":"https:\/\/www.organisator.ch\/","logo":{"@type":"ImageObject","inLanguage":"de","@id":"https:\/\/www.organisator.ch\/#\/schema\/logo\/image\/","url":"https:\/\/www.organisator.ch\/wp-content\/uploads\/2022\/01\/Logo_Organisator_Website.png","contentUrl":"https:\/\/www.organisator.ch\/wp-content\/uploads\/2022\/01\/Logo_Organisator_Website.png","width":800,"height":77,"caption":"Organisator"},"image":{"@id":"https:\/\/www.organisator.ch\/#\/schema\/logo\/image\/"},"sameAs":["https:\/\/www.facebook.com\/OrganisatorFachmagazin","https:\/\/www.linkedin.com\/showcase\/organisator-das-magazin-fr-kmu","https:\/\/www.xing.com\/news\/pages\/organisator-ch-695","https:\/\/www.youtube.com\/channel\/UCGP2Sq0iWaZwT3BdIAQFYpw"]},{"@type":"Person","@id":"https:\/\/www.organisator.ch\/#\/schema\/person\/6f650f90b2842cd4c0cc334b4e36f67e","name":"thomas.berner","image":{"@type":"ImageObject","inLanguage":"de","@id":"https:\/\/secure.gravatar.com\/avatar\/ac5001d2a36cb6c6cd3e50789007ffca834b477b74a2144564522e944eabff61?s=96&d=mm&r=g","url":"https:\/\/secure.gravatar.com\/avatar\/ac5001d2a36cb6c6cd3e50789007ffca834b477b74a2144564522e944eabff61?s=96&d=mm&r=g","contentUrl":"https:\/\/secure.gravatar.com\/avatar\/ac5001d2a36cb6c6cd3e50789007ffca834b477b74a2144564522e944eabff61?s=96&d=mm&r=g","caption":"thomas.berner"},"url":"https:\/\/www.organisator.ch\/de\/author\/thomas-berner\/"}]}},"_links":{"self":[{"href":"https:\/\/www.organisator.ch\/de\/wp-json\/wp\/v2\/posts\/6414","targetHints":{"allow":["GET"]}}],"collection":[{"href":"https:\/\/www.organisator.ch\/de\/wp-json\/wp\/v2\/posts"}],"about":[{"href":"https:\/\/www.organisator.ch\/de\/wp-json\/wp\/v2\/types\/post"}],"author":[{"embeddable":true,"href":"https:\/\/www.organisator.ch\/de\/wp-json\/wp\/v2\/users\/4"}],"replies":[{"embeddable":true,"href":"https:\/\/www.organisator.ch\/de\/wp-json\/wp\/v2\/comments?post=6414"}],"version-history":[{"count":0,"href":"https:\/\/www.organisator.ch\/de\/wp-json\/wp\/v2\/posts\/6414\/revisions"}],"wp:featuredmedia":[{"embeddable":true,"href":"https:\/\/www.organisator.ch\/de\/wp-json\/wp\/v2\/media\/6415"}],"wp:attachment":[{"href":"https:\/\/www.organisator.ch\/de\/wp-json\/wp\/v2\/media?parent=6414"}],"wp:term":[{"taxonomy":"category","embeddable":true,"href":"https:\/\/www.organisator.ch\/de\/wp-json\/wp\/v2\/categories?post=6414"},{"taxonomy":"post_tag","embeddable":true,"href":"https:\/\/www.organisator.ch\/de\/wp-json\/wp\/v2\/tags?post=6414"}],"curies":[{"name":"wp","href":"https:\/\/api.w.org\/{rel}","templated":true}]}}