{"id":6436,"date":"2020-03-11T14:23:16","date_gmt":"2020-03-11T13:23:16","guid":{"rendered":"https:\/\/www.organisator.ch\/?p=6436"},"modified":"2020-03-11T14:23:16","modified_gmt":"2020-03-11T13:23:16","slug":"homeoffice-wegen-covid-19-die-cyber-sicherheit-nicht-vergessen","status":"publish","type":"post","link":"https:\/\/www.organisator.ch\/de\/management\/it\/2020-03-11\/homeoffice-wegen-covid-19-die-cyber-sicherheit-nicht-vergessen\/","title":{"rendered":"Homeoffice wegen COVID-19: Die Cyber-Sicherheit nicht vergessen!"},"content":{"rendered":"<figure id=\"attachment_6438\" aria-describedby=\"caption-attachment-6438\" style=\"width: 680px\" class=\"wp-caption alignnone\"><img loading=\"lazy\" decoding=\"async\" class=\"size-medium wp-image-6438\" src=\"https:\/\/www.organisator.ch\/wp-content\/uploads\/2020\/03\/Homeoffice-wegen-COVID-19-Die-Cyber-Sicherheit-nicht-vergessen_Organisator.jpg\" alt=\"\" width=\"680\" height=\"453\" srcset=\"https:\/\/www.organisator.ch\/wp-content\/uploads\/2020\/03\/Homeoffice-wegen-COVID-19-Die-Cyber-Sicherheit-nicht-vergessen_Organisator.jpg 680w, https:\/\/www.organisator.ch\/wp-content\/uploads\/2020\/03\/Homeoffice-wegen-COVID-19-Die-Cyber-Sicherheit-nicht-vergessen_Organisator-16x12.jpg 16w, https:\/\/www.organisator.ch\/wp-content\/uploads\/2020\/03\/Homeoffice-wegen-COVID-19-Die-Cyber-Sicherheit-nicht-vergessen_Organisator-263x175.jpg 263w, https:\/\/www.organisator.ch\/wp-content\/uploads\/2020\/03\/Homeoffice-wegen-COVID-19-Die-Cyber-Sicherheit-nicht-vergessen_Organisator-525x350.jpg 525w, https:\/\/www.organisator.ch\/wp-content\/uploads\/2020\/03\/Homeoffice-wegen-COVID-19-Die-Cyber-Sicherheit-nicht-vergessen_Organisator-300x200.jpg 300w\" sizes=\"auto, (max-width: 680px) 100vw, 680px\" \/><figcaption id=\"caption-attachment-6438\" class=\"wp-caption-text\">Damit auch im Homeoffice keine Mattscheibe herrscht: IT-Sicherheit ist auch bei der Arbeit von zu Hause aus ein wichtiger Aspekt. (Bild: Pixabay.com)<\/figcaption><\/figure>\n<p>Dass immer mehr Mitarbeitende von zu Hause aus arbeiten m\u00fcssen, ruft auch Cyberkriminelle auf den Plan: Der IT-Security-Spezialist Check Point sagt, dass Domains mit Verbindung zum Begriff &#8222;Coronavirus&#8220; ein um 50 Prozent h\u00f6heres Risiko tragen, b\u00f6sartig zu sein &#8211; wie das Virus eben&#8230; Das bedeutet: Unternehmen m\u00fcssen ihren Mitarbeitern schnell die richtigen Schulungen und Ressourcen zur Verf\u00fcgung stellen, damit sie ihre Arbeit auch au\u00dferhalb des B\u00fcros erledigen k\u00f6nnen, zumal Hacker schnell versuchen, Nachl\u00e4ssigkeiten auszunutzen, die sich in den eigenen vier W\u00e4nden nun mal eher breit macht.<\/p>\n<p>Die Frage stellt sich also: Worauf sollen Arbeitgeber wie auch Arbeitnehmende achten, damit das Arbeiten vom Homeoffice aus genau so sicher ist wie in den betriebseigenen B\u00fcros? Hier ein paar Tipps:<\/p>\n<h2>Worauf Angestelle im Homeoffice achten sollten<\/h2>\n<ul>\n<li><strong>Seien Sie auf der Hut vor Phishing:<\/strong> Seien Sie vorsichtig, wenn Sie auf Links klicken, die in irgendeiner Weise verd\u00e4chtig aussehen, und laden Sie nur Inhalte aus zuverl\u00e4ssigen Quellen herunter, die \u00fcberpr\u00fcft werden k\u00f6nnen. Denken Sie daran, dass Sie durch gut getarnte Phishing-Mails Zielscheibe f\u00fcr Social Engineering werden k\u00f6nnen. Wenn Sie also eine E-Mail mit einer ungew\u00f6hnlichen Anfrage erhalten, \u00fcberpr\u00fcfen Sie die Angaben des Absenders sorgf\u00e4ltig, um sicherzustellen, dass Sie mit Kollegen kommunizieren und nicht mit Kriminellen. Werfen Sie also ein kritisches Auge auf alles, was unerwartet in Ihrer Mailbox auftaucht.<\/li>\n<li><strong>W\u00e4hlen Sie Ihr Ger\u00e4t sorgf\u00e4ltig aus:<\/strong> Viele Mitarbeiter verwenden ihren Firmencomputer oder Laptop f\u00fcr den pers\u00f6nlichen Gebrauch, was ein Sicherheitsrisiko darstellen kann.\u00a0 Das Risiko ist noch gr\u00f6\u00dfer, wenn Sie Ihren privaten Computer f\u00fcr Arbeitszwecke verwenden. Wenn Sie also ein privates Ger\u00e4t f\u00fcr die Arbeit verwenden m\u00fcssen, sprechen Sie mit Ihrem IT-Team dar\u00fcber, wie Sie die Sicherheit verst\u00e4rken k\u00f6nnen &#8211; zum Beispiel durch ein starkes Antiviren- und Sicherheitspaket.<\/li>\n<li><strong>H\u00fcten Sie sich davor, andere mith\u00f6ren zu lassen:<\/strong> Hat Ihr Wi-Fi-Netzwerk im Homeoffice ein starkes Passwort oder ist es offen? Vergewissern Sie sich, dass es vor allen Personen in Reichweite gesch\u00fctzt ist, die auf das Netzwerk zugreifen und sich mit ihm verbinden k\u00f6nnen.\u00a0 Dasselbe gilt f\u00fcr die Arbeit in einem Caf\u00e9 oder Hotel &#8211; seien Sie vorsichtig, wenn Sie sich mit \u00f6ffentlichen drahtlosen Netzwerken verbinden. Ungesicherte Netzwerke erleichtern Cyberkriminellen den Zugang zu E-Mails und Passw\u00f6rtern.<\/li>\n<\/ul>\n<h2>Wichtige Punkte f\u00fcr Arbeitgeber<\/h2>\n<ul>\n<li><strong>Vertrauen Sie niemandem:<\/strong> Ihr gesamter Plan f\u00fcr Fernzugriffe muss nach dem Prinzip des &#8222;Null-Vertrauens&#8220; aufgebaut werden. Das heisst, alles muss \u00fcberpr\u00fcft werden und nichts darf angenommen werden. Stellen Sie sicher, dass Sie verstehen, wer auf welche Informationen Zugriff hat &#8211; segmentieren Sie Ihre Benutzer und stellen Sie sicher, dass Sie sie mit Multi-Faktor-Authentifizierung arbeiten.\u00a0 Au\u00dferdem ist es jetzt der Zeitpunkt ideal, Ihre Teams umzuschulen, damit sie verstehen, warum Sicherheit so wichtig ist, wenn sie aus der Ferne auf Informationen zugreifen k\u00f6nnen.<\/li>\n<li><strong>Schenken Sie jedem Endpunkt Aufmerksamkeit: <\/strong>Typischerweise arbeiten bei Ihnen Leute an Schreibtischen im B\u00fcro. Davon ausgehende, dass Ihre Ger\u00e4te nicht mit nach Hause genommen werden, haben Sie nun eine Reihe unbekannter Ger\u00e4te, die Zugriff auf Ihre Unternehmensdaten ben\u00f6tigen. Sie m\u00fcssen im Voraus dar\u00fcber nachdenken, wie Sie mit den Bedrohungen umgehen k\u00f6nnen, die von Datenlecks und Angriffen ausgehen, die sich von diesen privaten Ger\u00e4ten in Ihr Netzwerk ausbreiten. Und Sie m\u00fcssen sicherstellen, dass die Ger\u00e4te insgesamt eine ausreichende Sicherheitsmassnahmen aufweisen.<\/li>\n<li><strong>Testen Sie Ihre Infrastruktur unter Stress:\u00a0<\/strong>Um sichere Fernzugriffs-Tools in Ihre Arbeitsabl\u00e4ufe zu integrieren, ist ein VPN oder eine SDP von entscheidender Bedeutung. Diese Infrastruktur muss robust sein und sollte einem Stresstest unterzogen werden, um sicherzustellen, dass sie ein gro\u00dfes Datenvolumen bew\u00e4ltigen kann, wenn Ihre Mitarbeiter von zu Hause aus arbeiten.<\/li>\n<li><strong>Definieren Sie Ihre Daten:<\/strong> Nehmen Sie sich die Zeit, Ihre sensiblen Daten zu identifizieren, zu spezifizieren und zu kennzeichnen. Darauf aufbauend bereiten Sie Richtlinien vor, die sicherstellen, dass nur die entsprechenden Personen auf sie zugreifen k\u00f6nnen. Machen Sie keine Annahmen \u00fcber die bisherige Datenverwaltung und w\u00e4hlen Sie einen granularen Ansatz, der Ihnen am besten entspricht, sobald der Fernzugriff vollst\u00e4ndig aktiviert ist. Denn niemand m\u00f6chte versehentlich der gesamten Organisation etwa den Zugang zur Personalabteilung erm\u00f6glichen.<\/li>\n<li><strong>Segmentieren Sie Ihre Belegschaft:\u00a0<\/strong>F\u00fchren Sie ein Audit Ihrer aktuellen Richtlinien bez\u00fcglich des Zugriffs und der gemeinsamen Nutzung verschiedener Datentypen durch. Bewerten Sie sowohl die Unternehmenspolitik als auch Ihre Segmentierung der Teams innerhalb Ihrer Organisation neu, damit Sie sicher sein k\u00f6nnen, dass Sie unterschiedliche Zugriffsebenen haben, die mit den verschiedenen Ebenen der Datenempfindlichkeit korrelieren.<\/li>\n<\/ul>\n<p><em>Quelle und weitere Informationen: <a href=\"https:\/\/blog.checkpoint.com\/2020\/03\/05\/update-coronavirus-themed-domains-50-more-likely-to-be-malicious-than-other-domains\/\">Check Point<\/a><\/em><\/p>\n","protected":false},"excerpt":{"rendered":"<p>Dass immer mehr Mitarbeitende von zu Hause aus arbeiten m\u00fcssen, ruft auch Cyberkriminelle auf den Plan: Der IT-Security-Spezialist Check Point sagt, dass Domains mit Verbindung zum Begriff &#8222;Coronavirus&#8220; ein um 50 Prozent h\u00f6heres Risiko tragen, b\u00f6sartig zu sein &#8211; wie das Virus eben&#8230; Das bedeutet: Unternehmen m\u00fcssen ihren Mitarbeitern schnell die richtigen Schulungen und Ressourcen [&hellip;]<\/p>\n","protected":false},"author":4,"featured_media":6438,"comment_status":"closed","ping_status":"closed","sticky":false,"template":"","format":"standard","meta":{"_acf_changed":false,"_yoast_wpseo_focuskw":"Homeoffice","_yoast_wpseo_metadesc":"Immer mehr Unternehmen beordern ihre Mitarbeitenden ins Homeoffice - ein Umstand, den auch Cyberkriminelle versuchen, auszunutzen.","articlekey":"","footnotes":""},"categories":[27],"tags":[51,132,260,286],"class_list":["post-6436","post","type-post","status-publish","format-standard","has-post-thumbnail","hentry","category-it","tag-arbeitsplatzgestaltung","tag-coronavirus","tag-ict-sicherheit","tag-it"],"acf":[],"yoast_head":"<!-- This site is optimized with the Yoast SEO plugin v27.4 - https:\/\/yoast.com\/product\/yoast-seo-wordpress\/ -->\n<title>Homeoffice wegen COVID-19: Die Cyber-Sicherheit nicht vergessen! - Organisator<\/title>\n<meta name=\"description\" content=\"Immer mehr Unternehmen beordern ihre Mitarbeitenden ins Homeoffice - ein Umstand, den auch Cyberkriminelle versuchen, auszunutzen.\" \/>\n<meta name=\"robots\" content=\"index, follow, max-snippet:-1, max-image-preview:large, max-video-preview:-1\" \/>\n<link rel=\"canonical\" href=\"https:\/\/www.organisator.ch\/de\/management\/it\/2020-03-11\/homeoffice-wegen-covid-19-die-cyber-sicherheit-nicht-vergessen\/\" \/>\n<meta property=\"og:locale\" content=\"de_DE\" \/>\n<meta property=\"og:type\" content=\"article\" \/>\n<meta property=\"og:title\" content=\"Homeoffice wegen COVID-19: Die Cyber-Sicherheit nicht vergessen!\" \/>\n<meta property=\"og:description\" content=\"Immer mehr Unternehmen beordern ihre Mitarbeitenden ins Homeoffice - ein Umstand, den auch Cyberkriminelle versuchen, auszunutzen.\" \/>\n<meta property=\"og:url\" content=\"https:\/\/www.organisator.ch\/de\/management\/it\/2020-03-11\/homeoffice-wegen-covid-19-die-cyber-sicherheit-nicht-vergessen\/\" \/>\n<meta property=\"og:site_name\" content=\"Organisator\" \/>\n<meta property=\"article:publisher\" content=\"https:\/\/www.facebook.com\/OrganisatorFachmagazin\" \/>\n<meta property=\"article:published_time\" content=\"2020-03-11T13:23:16+00:00\" \/>\n<meta property=\"og:image\" content=\"https:\/\/www.organisator.ch\/wp-content\/uploads\/2020\/03\/Homeoffice-wegen-COVID-19-Die-Cyber-Sicherheit-nicht-vergessen_Organisator.jpg\" \/>\n\t<meta property=\"og:image:width\" content=\"680\" \/>\n\t<meta property=\"og:image:height\" content=\"453\" \/>\n\t<meta property=\"og:image:type\" content=\"image\/jpeg\" \/>\n<meta name=\"author\" content=\"thomas.berner\" \/>\n<meta name=\"twitter:card\" content=\"summary_large_image\" \/>\n<meta name=\"twitter:title\" content=\"Homeoffice wegen #COVID-19: Die #Cyber-Sicherheit nicht vergessen!\" \/>\n<meta name=\"twitter:description\" content=\"Immer mehr Unternehmen beordern ihre Mitarbeitenden ins #Homeoffice - ein Umstand, den auch #Cyberkriminelle versuchen, auszunutzen.\" \/>\n<meta name=\"twitter:image\" content=\"https:\/\/www.organisator.ch\/wp-content\/uploads\/2020\/03\/Homeoffice-wegen-COVID-19-Die-Cyber-Sicherheit-nicht-vergessen_Organisator.jpg\" \/>\n<script type=\"application\/ld+json\" class=\"yoast-schema-graph\">{\"@context\":\"https:\\\/\\\/schema.org\",\"@graph\":[{\"@type\":\"Article\",\"@id\":\"https:\\\/\\\/www.organisator.ch\\\/management\\\/it\\\/2020-03-11\\\/homeoffice-wegen-covid-19-die-cyber-sicherheit-nicht-vergessen\\\/#article\",\"isPartOf\":{\"@id\":\"https:\\\/\\\/www.organisator.ch\\\/management\\\/it\\\/2020-03-11\\\/homeoffice-wegen-covid-19-die-cyber-sicherheit-nicht-vergessen\\\/\"},\"author\":{\"name\":\"thomas.berner\",\"@id\":\"https:\\\/\\\/www.organisator.ch\\\/#\\\/schema\\\/person\\\/6f650f90b2842cd4c0cc334b4e36f67e\"},\"headline\":\"Homeoffice wegen COVID-19: Die Cyber-Sicherheit nicht vergessen!\",\"datePublished\":\"2020-03-11T13:23:16+00:00\",\"mainEntityOfPage\":{\"@id\":\"https:\\\/\\\/www.organisator.ch\\\/management\\\/it\\\/2020-03-11\\\/homeoffice-wegen-covid-19-die-cyber-sicherheit-nicht-vergessen\\\/\"},\"wordCount\":806,\"publisher\":{\"@id\":\"https:\\\/\\\/www.organisator.ch\\\/#organization\"},\"image\":{\"@id\":\"https:\\\/\\\/www.organisator.ch\\\/management\\\/it\\\/2020-03-11\\\/homeoffice-wegen-covid-19-die-cyber-sicherheit-nicht-vergessen\\\/#primaryimage\"},\"thumbnailUrl\":\"https:\\\/\\\/www.organisator.ch\\\/wp-content\\\/uploads\\\/2020\\\/03\\\/Homeoffice-wegen-COVID-19-Die-Cyber-Sicherheit-nicht-vergessen_Organisator.jpg\",\"keywords\":[\"Arbeitsplatzgestaltung\",\"Coronavirus\",\"ICT-Sicherheit\",\"IT\"],\"articleSection\":[\"IT\"],\"inLanguage\":\"de\"},{\"@type\":\"WebPage\",\"@id\":\"https:\\\/\\\/www.organisator.ch\\\/management\\\/it\\\/2020-03-11\\\/homeoffice-wegen-covid-19-die-cyber-sicherheit-nicht-vergessen\\\/\",\"url\":\"https:\\\/\\\/www.organisator.ch\\\/management\\\/it\\\/2020-03-11\\\/homeoffice-wegen-covid-19-die-cyber-sicherheit-nicht-vergessen\\\/\",\"name\":\"Homeoffice wegen COVID-19: Die Cyber-Sicherheit nicht vergessen! - Organisator\",\"isPartOf\":{\"@id\":\"https:\\\/\\\/www.organisator.ch\\\/#website\"},\"primaryImageOfPage\":{\"@id\":\"https:\\\/\\\/www.organisator.ch\\\/management\\\/it\\\/2020-03-11\\\/homeoffice-wegen-covid-19-die-cyber-sicherheit-nicht-vergessen\\\/#primaryimage\"},\"image\":{\"@id\":\"https:\\\/\\\/www.organisator.ch\\\/management\\\/it\\\/2020-03-11\\\/homeoffice-wegen-covid-19-die-cyber-sicherheit-nicht-vergessen\\\/#primaryimage\"},\"thumbnailUrl\":\"https:\\\/\\\/www.organisator.ch\\\/wp-content\\\/uploads\\\/2020\\\/03\\\/Homeoffice-wegen-COVID-19-Die-Cyber-Sicherheit-nicht-vergessen_Organisator.jpg\",\"datePublished\":\"2020-03-11T13:23:16+00:00\",\"description\":\"Immer mehr Unternehmen beordern ihre Mitarbeitenden ins Homeoffice - ein Umstand, den auch Cyberkriminelle versuchen, auszunutzen.\",\"breadcrumb\":{\"@id\":\"https:\\\/\\\/www.organisator.ch\\\/management\\\/it\\\/2020-03-11\\\/homeoffice-wegen-covid-19-die-cyber-sicherheit-nicht-vergessen\\\/#breadcrumb\"},\"inLanguage\":\"de\",\"potentialAction\":[{\"@type\":\"ReadAction\",\"target\":[\"https:\\\/\\\/www.organisator.ch\\\/management\\\/it\\\/2020-03-11\\\/homeoffice-wegen-covid-19-die-cyber-sicherheit-nicht-vergessen\\\/\"]}]},{\"@type\":\"ImageObject\",\"inLanguage\":\"de\",\"@id\":\"https:\\\/\\\/www.organisator.ch\\\/management\\\/it\\\/2020-03-11\\\/homeoffice-wegen-covid-19-die-cyber-sicherheit-nicht-vergessen\\\/#primaryimage\",\"url\":\"https:\\\/\\\/www.organisator.ch\\\/wp-content\\\/uploads\\\/2020\\\/03\\\/Homeoffice-wegen-COVID-19-Die-Cyber-Sicherheit-nicht-vergessen_Organisator.jpg\",\"contentUrl\":\"https:\\\/\\\/www.organisator.ch\\\/wp-content\\\/uploads\\\/2020\\\/03\\\/Homeoffice-wegen-COVID-19-Die-Cyber-Sicherheit-nicht-vergessen_Organisator.jpg\",\"width\":680,\"height\":453,\"caption\":\"Damit auch im Homeoffice keine Mattscheibe herrscht: IT-Sicherheit ist auch bei der Arbeit von zu Hause aus ein wichtiger Aspekt. (Bild: Pixabay.com)\"},{\"@type\":\"BreadcrumbList\",\"@id\":\"https:\\\/\\\/www.organisator.ch\\\/management\\\/it\\\/2020-03-11\\\/homeoffice-wegen-covid-19-die-cyber-sicherheit-nicht-vergessen\\\/#breadcrumb\",\"itemListElement\":[{\"@type\":\"ListItem\",\"position\":1,\"name\":\"Home\",\"item\":\"https:\\\/\\\/www.organisator.ch\\\/\"},{\"@type\":\"ListItem\",\"position\":2,\"name\":\"Homeoffice wegen COVID-19: Die Cyber-Sicherheit nicht vergessen!\"}]},{\"@type\":\"WebSite\",\"@id\":\"https:\\\/\\\/www.organisator.ch\\\/#website\",\"url\":\"https:\\\/\\\/www.organisator.ch\\\/\",\"name\":\"Organisator\",\"description\":\"Kompetent. Praxisnah. Der ORGANISATOR bereitet in 10 Ausgaben pro Jahr die wesentlichen Themen f\u00fcr F\u00fchrungskr\u00e4fte von KMU auf.\",\"publisher\":{\"@id\":\"https:\\\/\\\/www.organisator.ch\\\/#organization\"},\"potentialAction\":[{\"@type\":\"SearchAction\",\"target\":{\"@type\":\"EntryPoint\",\"urlTemplate\":\"https:\\\/\\\/www.organisator.ch\\\/?s={search_term_string}\"},\"query-input\":{\"@type\":\"PropertyValueSpecification\",\"valueRequired\":true,\"valueName\":\"search_term_string\"}}],\"inLanguage\":\"de\"},{\"@type\":\"Organization\",\"@id\":\"https:\\\/\\\/www.organisator.ch\\\/#organization\",\"name\":\"Organisator\",\"url\":\"https:\\\/\\\/www.organisator.ch\\\/\",\"logo\":{\"@type\":\"ImageObject\",\"inLanguage\":\"de\",\"@id\":\"https:\\\/\\\/www.organisator.ch\\\/#\\\/schema\\\/logo\\\/image\\\/\",\"url\":\"https:\\\/\\\/www.organisator.ch\\\/wp-content\\\/uploads\\\/2022\\\/01\\\/Logo_Organisator_Website.png\",\"contentUrl\":\"https:\\\/\\\/www.organisator.ch\\\/wp-content\\\/uploads\\\/2022\\\/01\\\/Logo_Organisator_Website.png\",\"width\":800,\"height\":77,\"caption\":\"Organisator\"},\"image\":{\"@id\":\"https:\\\/\\\/www.organisator.ch\\\/#\\\/schema\\\/logo\\\/image\\\/\"},\"sameAs\":[\"https:\\\/\\\/www.facebook.com\\\/OrganisatorFachmagazin\",\"https:\\\/\\\/www.linkedin.com\\\/showcase\\\/organisator-das-magazin-fr-kmu\",\"https:\\\/\\\/www.xing.com\\\/news\\\/pages\\\/organisator-ch-695\",\"https:\\\/\\\/www.youtube.com\\\/channel\\\/UCGP2Sq0iWaZwT3BdIAQFYpw\"]},{\"@type\":\"Person\",\"@id\":\"https:\\\/\\\/www.organisator.ch\\\/#\\\/schema\\\/person\\\/6f650f90b2842cd4c0cc334b4e36f67e\",\"name\":\"thomas.berner\",\"image\":{\"@type\":\"ImageObject\",\"inLanguage\":\"de\",\"@id\":\"https:\\\/\\\/secure.gravatar.com\\\/avatar\\\/ac5001d2a36cb6c6cd3e50789007ffca834b477b74a2144564522e944eabff61?s=96&d=mm&r=g\",\"url\":\"https:\\\/\\\/secure.gravatar.com\\\/avatar\\\/ac5001d2a36cb6c6cd3e50789007ffca834b477b74a2144564522e944eabff61?s=96&d=mm&r=g\",\"contentUrl\":\"https:\\\/\\\/secure.gravatar.com\\\/avatar\\\/ac5001d2a36cb6c6cd3e50789007ffca834b477b74a2144564522e944eabff61?s=96&d=mm&r=g\",\"caption\":\"thomas.berner\"},\"url\":\"https:\\\/\\\/www.organisator.ch\\\/de\\\/author\\\/thomas-berner\\\/\"}]}<\/script>\n<!-- \/ Yoast SEO plugin. -->","yoast_head_json":{"title":"Homeoffice wegen COVID-19: Die Cyber-Sicherheit nicht vergessen! - Organisator","description":"Immer mehr Unternehmen beordern ihre Mitarbeitenden ins Homeoffice - ein Umstand, den auch Cyberkriminelle versuchen, auszunutzen.","robots":{"index":"index","follow":"follow","max-snippet":"max-snippet:-1","max-image-preview":"max-image-preview:large","max-video-preview":"max-video-preview:-1"},"canonical":"https:\/\/www.organisator.ch\/de\/management\/it\/2020-03-11\/homeoffice-wegen-covid-19-die-cyber-sicherheit-nicht-vergessen\/","og_locale":"de_DE","og_type":"article","og_title":"Homeoffice wegen COVID-19: Die Cyber-Sicherheit nicht vergessen!","og_description":"Immer mehr Unternehmen beordern ihre Mitarbeitenden ins Homeoffice - ein Umstand, den auch Cyberkriminelle versuchen, auszunutzen.","og_url":"https:\/\/www.organisator.ch\/de\/management\/it\/2020-03-11\/homeoffice-wegen-covid-19-die-cyber-sicherheit-nicht-vergessen\/","og_site_name":"Organisator","article_publisher":"https:\/\/www.facebook.com\/OrganisatorFachmagazin","article_published_time":"2020-03-11T13:23:16+00:00","og_image":[{"width":680,"height":453,"url":"https:\/\/www.organisator.ch\/wp-content\/uploads\/2020\/03\/Homeoffice-wegen-COVID-19-Die-Cyber-Sicherheit-nicht-vergessen_Organisator.jpg","type":"image\/jpeg"}],"author":"thomas.berner","twitter_card":"summary_large_image","twitter_title":"Homeoffice wegen #COVID-19: Die #Cyber-Sicherheit nicht vergessen!","twitter_description":"Immer mehr Unternehmen beordern ihre Mitarbeitenden ins #Homeoffice - ein Umstand, den auch #Cyberkriminelle versuchen, auszunutzen.","twitter_image":"https:\/\/www.organisator.ch\/wp-content\/uploads\/2020\/03\/Homeoffice-wegen-COVID-19-Die-Cyber-Sicherheit-nicht-vergessen_Organisator.jpg","schema":{"@context":"https:\/\/schema.org","@graph":[{"@type":"Article","@id":"https:\/\/www.organisator.ch\/management\/it\/2020-03-11\/homeoffice-wegen-covid-19-die-cyber-sicherheit-nicht-vergessen\/#article","isPartOf":{"@id":"https:\/\/www.organisator.ch\/management\/it\/2020-03-11\/homeoffice-wegen-covid-19-die-cyber-sicherheit-nicht-vergessen\/"},"author":{"name":"thomas.berner","@id":"https:\/\/www.organisator.ch\/#\/schema\/person\/6f650f90b2842cd4c0cc334b4e36f67e"},"headline":"Homeoffice wegen COVID-19: Die Cyber-Sicherheit nicht vergessen!","datePublished":"2020-03-11T13:23:16+00:00","mainEntityOfPage":{"@id":"https:\/\/www.organisator.ch\/management\/it\/2020-03-11\/homeoffice-wegen-covid-19-die-cyber-sicherheit-nicht-vergessen\/"},"wordCount":806,"publisher":{"@id":"https:\/\/www.organisator.ch\/#organization"},"image":{"@id":"https:\/\/www.organisator.ch\/management\/it\/2020-03-11\/homeoffice-wegen-covid-19-die-cyber-sicherheit-nicht-vergessen\/#primaryimage"},"thumbnailUrl":"https:\/\/www.organisator.ch\/wp-content\/uploads\/2020\/03\/Homeoffice-wegen-COVID-19-Die-Cyber-Sicherheit-nicht-vergessen_Organisator.jpg","keywords":["Arbeitsplatzgestaltung","Coronavirus","ICT-Sicherheit","IT"],"articleSection":["IT"],"inLanguage":"de"},{"@type":"WebPage","@id":"https:\/\/www.organisator.ch\/management\/it\/2020-03-11\/homeoffice-wegen-covid-19-die-cyber-sicherheit-nicht-vergessen\/","url":"https:\/\/www.organisator.ch\/management\/it\/2020-03-11\/homeoffice-wegen-covid-19-die-cyber-sicherheit-nicht-vergessen\/","name":"Homeoffice wegen COVID-19: Die Cyber-Sicherheit nicht vergessen! - Organisator","isPartOf":{"@id":"https:\/\/www.organisator.ch\/#website"},"primaryImageOfPage":{"@id":"https:\/\/www.organisator.ch\/management\/it\/2020-03-11\/homeoffice-wegen-covid-19-die-cyber-sicherheit-nicht-vergessen\/#primaryimage"},"image":{"@id":"https:\/\/www.organisator.ch\/management\/it\/2020-03-11\/homeoffice-wegen-covid-19-die-cyber-sicherheit-nicht-vergessen\/#primaryimage"},"thumbnailUrl":"https:\/\/www.organisator.ch\/wp-content\/uploads\/2020\/03\/Homeoffice-wegen-COVID-19-Die-Cyber-Sicherheit-nicht-vergessen_Organisator.jpg","datePublished":"2020-03-11T13:23:16+00:00","description":"Immer mehr Unternehmen beordern ihre Mitarbeitenden ins Homeoffice - ein Umstand, den auch Cyberkriminelle versuchen, auszunutzen.","breadcrumb":{"@id":"https:\/\/www.organisator.ch\/management\/it\/2020-03-11\/homeoffice-wegen-covid-19-die-cyber-sicherheit-nicht-vergessen\/#breadcrumb"},"inLanguage":"de","potentialAction":[{"@type":"ReadAction","target":["https:\/\/www.organisator.ch\/management\/it\/2020-03-11\/homeoffice-wegen-covid-19-die-cyber-sicherheit-nicht-vergessen\/"]}]},{"@type":"ImageObject","inLanguage":"de","@id":"https:\/\/www.organisator.ch\/management\/it\/2020-03-11\/homeoffice-wegen-covid-19-die-cyber-sicherheit-nicht-vergessen\/#primaryimage","url":"https:\/\/www.organisator.ch\/wp-content\/uploads\/2020\/03\/Homeoffice-wegen-COVID-19-Die-Cyber-Sicherheit-nicht-vergessen_Organisator.jpg","contentUrl":"https:\/\/www.organisator.ch\/wp-content\/uploads\/2020\/03\/Homeoffice-wegen-COVID-19-Die-Cyber-Sicherheit-nicht-vergessen_Organisator.jpg","width":680,"height":453,"caption":"Damit auch im Homeoffice keine Mattscheibe herrscht: IT-Sicherheit ist auch bei der Arbeit von zu Hause aus ein wichtiger Aspekt. (Bild: Pixabay.com)"},{"@type":"BreadcrumbList","@id":"https:\/\/www.organisator.ch\/management\/it\/2020-03-11\/homeoffice-wegen-covid-19-die-cyber-sicherheit-nicht-vergessen\/#breadcrumb","itemListElement":[{"@type":"ListItem","position":1,"name":"Home","item":"https:\/\/www.organisator.ch\/"},{"@type":"ListItem","position":2,"name":"Homeoffice wegen COVID-19: Die Cyber-Sicherheit nicht vergessen!"}]},{"@type":"WebSite","@id":"https:\/\/www.organisator.ch\/#website","url":"https:\/\/www.organisator.ch\/","name":"Organisator","description":"Kompetent. Praxisnah. Der ORGANISATOR bereitet in 10 Ausgaben pro Jahr die wesentlichen Themen f\u00fcr F\u00fchrungskr\u00e4fte von KMU auf.","publisher":{"@id":"https:\/\/www.organisator.ch\/#organization"},"potentialAction":[{"@type":"SearchAction","target":{"@type":"EntryPoint","urlTemplate":"https:\/\/www.organisator.ch\/?s={search_term_string}"},"query-input":{"@type":"PropertyValueSpecification","valueRequired":true,"valueName":"search_term_string"}}],"inLanguage":"de"},{"@type":"Organization","@id":"https:\/\/www.organisator.ch\/#organization","name":"Organisator","url":"https:\/\/www.organisator.ch\/","logo":{"@type":"ImageObject","inLanguage":"de","@id":"https:\/\/www.organisator.ch\/#\/schema\/logo\/image\/","url":"https:\/\/www.organisator.ch\/wp-content\/uploads\/2022\/01\/Logo_Organisator_Website.png","contentUrl":"https:\/\/www.organisator.ch\/wp-content\/uploads\/2022\/01\/Logo_Organisator_Website.png","width":800,"height":77,"caption":"Organisator"},"image":{"@id":"https:\/\/www.organisator.ch\/#\/schema\/logo\/image\/"},"sameAs":["https:\/\/www.facebook.com\/OrganisatorFachmagazin","https:\/\/www.linkedin.com\/showcase\/organisator-das-magazin-fr-kmu","https:\/\/www.xing.com\/news\/pages\/organisator-ch-695","https:\/\/www.youtube.com\/channel\/UCGP2Sq0iWaZwT3BdIAQFYpw"]},{"@type":"Person","@id":"https:\/\/www.organisator.ch\/#\/schema\/person\/6f650f90b2842cd4c0cc334b4e36f67e","name":"thomas.berner","image":{"@type":"ImageObject","inLanguage":"de","@id":"https:\/\/secure.gravatar.com\/avatar\/ac5001d2a36cb6c6cd3e50789007ffca834b477b74a2144564522e944eabff61?s=96&d=mm&r=g","url":"https:\/\/secure.gravatar.com\/avatar\/ac5001d2a36cb6c6cd3e50789007ffca834b477b74a2144564522e944eabff61?s=96&d=mm&r=g","contentUrl":"https:\/\/secure.gravatar.com\/avatar\/ac5001d2a36cb6c6cd3e50789007ffca834b477b74a2144564522e944eabff61?s=96&d=mm&r=g","caption":"thomas.berner"},"url":"https:\/\/www.organisator.ch\/de\/author\/thomas-berner\/"}]}},"_links":{"self":[{"href":"https:\/\/www.organisator.ch\/de\/wp-json\/wp\/v2\/posts\/6436","targetHints":{"allow":["GET"]}}],"collection":[{"href":"https:\/\/www.organisator.ch\/de\/wp-json\/wp\/v2\/posts"}],"about":[{"href":"https:\/\/www.organisator.ch\/de\/wp-json\/wp\/v2\/types\/post"}],"author":[{"embeddable":true,"href":"https:\/\/www.organisator.ch\/de\/wp-json\/wp\/v2\/users\/4"}],"replies":[{"embeddable":true,"href":"https:\/\/www.organisator.ch\/de\/wp-json\/wp\/v2\/comments?post=6436"}],"version-history":[{"count":0,"href":"https:\/\/www.organisator.ch\/de\/wp-json\/wp\/v2\/posts\/6436\/revisions"}],"wp:featuredmedia":[{"embeddable":true,"href":"https:\/\/www.organisator.ch\/de\/wp-json\/wp\/v2\/media\/6438"}],"wp:attachment":[{"href":"https:\/\/www.organisator.ch\/de\/wp-json\/wp\/v2\/media?parent=6436"}],"wp:term":[{"taxonomy":"category","embeddable":true,"href":"https:\/\/www.organisator.ch\/de\/wp-json\/wp\/v2\/categories?post=6436"},{"taxonomy":"post_tag","embeddable":true,"href":"https:\/\/www.organisator.ch\/de\/wp-json\/wp\/v2\/tags?post=6436"}],"curies":[{"name":"wp","href":"https:\/\/api.w.org\/{rel}","templated":true}]}}