{"id":6449,"date":"2020-03-13T09:44:55","date_gmt":"2020-03-13T08:44:55","guid":{"rendered":"https:\/\/www.organisator.ch\/?p=6449"},"modified":"2020-03-13T09:44:55","modified_gmt":"2020-03-13T08:44:55","slug":"coronavirus-arbeitsrechtliche-fragen","status":"publish","type":"post","link":"https:\/\/www.organisator.ch\/de\/management\/finanzen_recht\/2020-03-13\/coronavirus-arbeitsrechtliche-fragen\/","title":{"rendered":"Coronavirus: Arbeitsrechtliche Fragen"},"content":{"rendered":"<figure id=\"attachment_6450\" aria-describedby=\"caption-attachment-6450\" style=\"width: 680px\" class=\"wp-caption alignnone\"><img loading=\"lazy\" decoding=\"async\" class=\"size-medium wp-image-6450\" src=\"https:\/\/www.organisator.ch\/wp-content\/uploads\/2020\/03\/Coronavirus-Arbeitsrechtliche-Fragen_Organisator.jpg\" alt=\"\" width=\"680\" height=\"463\" srcset=\"https:\/\/www.organisator.ch\/wp-content\/uploads\/2020\/03\/Coronavirus-Arbeitsrechtliche-Fragen_Organisator.jpg 680w, https:\/\/www.organisator.ch\/wp-content\/uploads\/2020\/03\/Coronavirus-Arbeitsrechtliche-Fragen_Organisator-16x12.jpg 16w, https:\/\/www.organisator.ch\/wp-content\/uploads\/2020\/03\/Coronavirus-Arbeitsrechtliche-Fragen_Organisator-257x175.jpg 257w, https:\/\/www.organisator.ch\/wp-content\/uploads\/2020\/03\/Coronavirus-Arbeitsrechtliche-Fragen_Organisator-514x350.jpg 514w, https:\/\/www.organisator.ch\/wp-content\/uploads\/2020\/03\/Coronavirus-Arbeitsrechtliche-Fragen_Organisator-300x204.jpg 300w\" sizes=\"auto, (max-width: 680px) 100vw, 680px\" \/><figcaption id=\"caption-attachment-6450\" class=\"wp-caption-text\">Der Umgang mit der Corona-Krise zieht zahlreiche arbeitsrechtliche Fragen nach sich. (Bild: Pixabay.com)<\/figcaption><\/figure>\n<p>Die Arbeitgeber haben gegen\u00fcber ihren Arbeitnehmenden gem\u00e4ss OR ein Weisungsrecht, aber auch eine F\u00fcrsorgepflicht. Dies gilt es im Zusammenhang mit der Corona-Krise erst recht zu beachten.<\/p>\n<h2>Zumutbare Massnahmen f\u00fcr Mitarbeitende finden<\/h2>\n<p>Aufgrund der\u00a0F\u00fcrsorgepflicht (OR 328 Abs. 2) hat die Arbeitgeberin zumutbare Massnahmen zum Schutz der Gesundheit der Mitarbeiterinnen und Mitarbeiter zu treffen. Darunter f\u00e4llt auch die Selbstquarant\u00e4ne, sollte eine Mitarbeiterin oder ein Mitarbeiter aus einem Risikogebiet zur\u00fcckgekehrt sein. Gest\u00fctzt auf das\u00a0Weisungsrecht (OR 321d) kann die Arbeitgeberin Telearbeit oder Homeoffice anordnen. Die Arbeitnehmenden haben in diesem Fall eine solche Weisung zu befolgen. M\u00f6glich ist auch die Anordnung, dass \u00dcberstunden oder \u00dcberzeit kompensiert oder Ferien (OR 359c) bezogen werden m\u00fcssen, wobei beim Zwangsferienbezug die Interessen des oder der Mitarbeitenden durch die Arbeitgeberin zu ber\u00fccksichtigen sind. In diesen F\u00e4llen ist der volle Lohn geschuldet (OR 324 Abs. 1). Bei Kompensation von \u00dcberstunden und \u00dcberzeit ist das Einverst\u00e4ndnis des Mitarbeiters bzw. der Mitarbeiterin vorausgesetzt. Die Arbeitszeiten gelten grunds\u00e4tzlich gem\u00e4ss Gesetz. Die Arbeitgeberin kann grunds\u00e4tzlich auch ein Ferienverbot anordnen, da sie den Zeitpunkt der Ferien bestimmen kann. Der Arbeitnehmer bzw. die Arbeitnehmerin ist anzuh\u00f6ren und auf seine bzw. ihre W\u00fcnsche ist R\u00fccksicht zu nehmen. Die Verschiebung von bereits vereinbarten Ferien ist aber nur aus schwerwiegenden Gr\u00fcnden gerechtfertigt. Ein Zwang zum unbezahlten Urlaub ist nichtig. Denkbar sind ausserdem Betriebsferien, wobei diese fr\u00fchzeitig (mindestens 14 Tage) im Voraus angek\u00fcndigt werden m\u00fcssen.<\/p>\n<h2>Arbeitsrechtliche Fragen rund um die Lohnfortzahlung<\/h2>\n<p>Erkrankt eine Mitarbeiterin oder ein Mitarbeiter, trifft die Firma eine Lohnfortzahlungspflicht (OR 324 Abs. 1). Verf\u00fcgt die Firma \u00fcber eine Krankentaggeldversicherung (KTG), greift diese nach Ablauf der vertraglich vereinbarten Wartefrist (\u00fcblicherweise 30, 60 oder 90 Tage). Ist keine Krankentaggeldversicherung vorhanden, richtet sich die Dauer der Lohnfortzahlung nach den bestehenden Skalen (Berner, Basler, Z\u00fcrcher Skala). Verzichtet die Arbeitgeberin auf die Arbeitsleistung der Mitarbeitenden, ist der vereinbarte Lohn weiter zu entrichten. Eine angeordnete Selbstquarant\u00e4ne kann nicht \u00fcber die Krankentaggeldversicherung abgerechnet werden, da kein Krankheitsfall vorliegt. Das gleiche ist der Fall, wenn die zust\u00e4ndige Beh\u00f6rde gem\u00e4ss Art. 35 Abs. 1 lit. a EpiG (Epidemiegesetz) gegen eine Mitarbeiterin oder einen Mitarbeiter eine Quarant\u00e4nemassnahme verf\u00fcgen sollte. Will die Arbeitnehmerin oder der Arbeitnehmer aus eigenem Antrieb der Arbeit fernbleiben, besteht f\u00fcr die Fehlzeit kein Lohnanspruch.<\/p>\n<p>Ebenfalls in folgenden F\u00e4llen ist der\u00a0Lohn (w\u00e4hrend beschr\u00e4nkter Zeit, OR 324a) geschuldet:<\/p>\n<ul>\n<li>Der Arbeitnehmer bzw. die Arbeitnehmerin erkrankt in den Ferien und ist deshalb nicht reisef\u00e4hig.<\/li>\n<li>Der Arbeitnehmer bzw. die Arbeitnehmerin erkrankt in den Ferien am Coronavirus und ist deshalb nicht reisef\u00e4hig.<\/li>\n<li>Der Betrieb muss aufgrund Lieferengp\u00e4ssen des Zulieferers eingestellt werden.<\/li>\n<li>Der Arbeitnehmer bzw. die Arbeitnehmerin betreut ein am Coronavirus erkranktes Kind zu Hause (Art. 36 ArG).<\/li>\n<li>Die Arbeitgeberin schickt den Arbeitnehmer bzw. die Arbeitnehmerin vorsichtshalber nach Hause bzw. schliesst den Betrieb.<\/li>\n<li>Die Arbeitgeberin oder der Arbeitgeber verweigert Schutzmassnahmen und die Anwendung von Hygienevorschriften.<\/li>\n<li>Schulen und Kinderg\u00e4rten werden beh\u00f6rdlich geschlossen. Der Arbeitnehmer bzw. die Arbeitnehmerin muss die Kinder betreuen (ZGB 276).<\/li>\n<li>Der Betrieb wird auf beh\u00f6rdliche Anweisung geschlossen. Der Arbeitnehmer kann allerdings auf Grund seiner Treuepflicht dazu verpflichtet werden die \u00abverpassten\u00bb Arbeitszeiten nachzuholen.<\/li>\n<\/ul>\n<p>In folgenden F\u00e4llen ist der\u00a0Lohn nicht geschuldet:<\/p>\n<ul>\n<li>Der Arbeitnehmer bzw. die Arbeitnehmerin kann nicht aus den Ferien zur\u00fcckkehren, weil die am Ferienort zust\u00e4ndige Beh\u00f6rde die Ausreise nicht erlaubt bzw. die Grenze schliesst (h\u00f6here Gewalt).<\/li>\n<li>Der Arbeitnehmer bzw. die Arbeitnehmerin ist eine \u00e4ngstliche Person und verweigert die Arbeit aus Vorsicht, weil er bzw. sie angesteckt werden k\u00f6nnte (Arbeitsverweigerung).<\/li>\n<li>Der Arbeitnehmer bzw. die Arbeitnehmerin kann nicht zur Arbeit erscheinen, weil der \u00f6ffentliche Verkehr reduziert oder eingestellt wird (andere Verkehrsmittel nehmen). Kann die Arbeit aber von zu Hause erledigt werden (Telearbeit), ist der Lohn geschuldet.<\/li>\n<li>Der Arbeitnehmer bzw. die Arbeitnehmerin schickt aus Angst sein Kind nicht in die Krippe, sondern betreut es zu Hause und muss deshalb der Arbeit fernbleiben.<\/li>\n<li>Der (ganze) Wohnort des Arbeitnehmers bzw. der Arbeitnehmerin wird unter Quarant\u00e4ne gestellt.<\/li>\n<\/ul>\n<h2>Kurzarbeit<\/h2>\n<p>Das SECO hat die Kantone angewiesen, Gesuche um Kurzarbeit bez\u00fcglich Covid-19 zu pr\u00fcfen. Ordnet die zust\u00e4ndige Beh\u00f6rde eine Schliessung des Betriebes an oder verbietet sie den Zutritt zu bestimmten Geb\u00e4uden bzw. Arealen, ist zu pr\u00fcfen, ob Kurzarbeitsentsch\u00e4digung gefordert werden kann. Kurzarbeit ist vor allem auch von jenen Unternehmen zu pr\u00fcfen, die aufgrund ihrer Gesch\u00e4ftst\u00e4tigkeit keine Telearbeit anordnen k\u00f6nnen. Zu beachten ist zudem, dass bei Gleitzeit ein entsprechendes Reglement vorliegen muss sowie das Vorhandensein einer Zeiterfassung.<\/p>\n<p>Weiter sind folgende F\u00e4lle zu pr\u00fcfen:<\/p>\n<ul>\n<li>die Mitarbeitenden k\u00f6nnen ihre Arbeitszeit nicht einhalten, weil Transportbeschr\u00e4nkungen den Zugang zum Arbeitsort erschweren;<\/li>\n<li>notwendige Roh-\/Betriebsstoffe sind infolge Einfuhr-\/Ausfuhrverbot nicht verf\u00fcgbar;<\/li>\n<li>Lieferschwierigkeiten von Roh- und Betriebsstoffen;<\/li>\n<li>Zusammenspiel verschiedener Faktoren, bedingt durch die Pandemie, die zu einer Einstellung der Betriebst\u00e4tigkeiten f\u00fchren;<\/li>\n<li>Arbeitszeitverk\u00fcrzung auf beh\u00f6rdliche Anordnung;<\/li>\n<\/ul>\n<p>Keine Kurzarbeitsentsch\u00e4digung beantragt werden kann, wenn Mitarbeitende aufgrund der Umst\u00e4nde (z. B. geschlossene Krippen) ihre Kinder zu Hause betreuen m\u00fcssen.<\/p>\n<p><em>Die hier aufgef\u00fchrten Angaben beruhen auf einem Merkblatt des <a href=\"https:\/\/www.sgv-usam.ch\/\">Schweizerischen Gewerbeverbands sgv<\/a>. F\u00fcr weitere Informationen rund um arbeitsrechtliche Fragen, Pandemiepl\u00e4ne, Gesundheitsschutz u. degl. verweisen wir u.a. auf das <a href=\"http:\/\/www.seco.admin.ch\">SECO<\/a>, <a href=\"http:\/\/www.bag.admin.ch\">BAG<\/a> und weitere Bundesstellen.<\/em><\/p>\n<ul>\n<li><a href=\"https:\/\/www.seco.admin.ch\/seco\/de\/home\/Arbeit\/Arbeitsbedingungen\/gesundheitsschutz-am-arbeitsplatz\/Pandemie.html\"><em>https:\/\/www.seco.admin.ch\/seco\/de\/home\/Arbeit\/Arbeitsbedingungen\/gesundheitsschutz-am-arbeitsplatz\/Pandemie.html<\/em><\/a><\/li>\n<li><a href=\"http:\/\/www.seco.admin.ch\/neues-coronavirus\"><em>http:\/\/www.seco.admin.ch\/neues-coronavirus<\/em><\/a><\/li>\n<\/ul>\n","protected":false},"excerpt":{"rendered":"<p>Die Arbeitgeber haben gegen\u00fcber ihren Arbeitnehmenden gem\u00e4ss OR ein Weisungsrecht, aber auch eine F\u00fcrsorgepflicht. Dies gilt es im Zusammenhang mit der Corona-Krise erst recht zu beachten. Zumutbare Massnahmen f\u00fcr Mitarbeitende finden Aufgrund der\u00a0F\u00fcrsorgepflicht (OR 328 Abs. 2) hat die Arbeitgeberin zumutbare Massnahmen zum Schutz der Gesundheit der Mitarbeiterinnen und Mitarbeiter zu treffen. Darunter f\u00e4llt auch [&hellip;]<\/p>\n","protected":false},"author":4,"featured_media":6450,"comment_status":"closed","ping_status":"closed","sticky":false,"template":"","format":"standard","meta":{"_acf_changed":false,"_yoast_wpseo_focuskw":"Arbeitsrechtliche Fragen","_yoast_wpseo_metadesc":"Das Coronavirus h\u00e4lt die Wirtschaft in Atem. F\u00fcr manche Unternehmen stellen sich aktuell verschiedene arbeitsrechtliche Fragen.","articlekey":"","footnotes":""},"categories":[24],"tags":[52,115,132,335],"class_list":["post-6449","post","type-post","status-publish","format-standard","has-post-thumbnail","hentry","category-finanzen_recht","tag-arbeitsrecht","tag-checklisten","tag-coronavirus","tag-management-und-unternehmensfuehrung"],"acf":[],"yoast_head":"<!-- This site is optimized with the Yoast SEO plugin v27.5 - https:\/\/yoast.com\/product\/yoast-seo-wordpress\/ -->\n<title>Coronavirus: Arbeitsrechtliche Fragen - Organisator<\/title>\n<meta name=\"description\" content=\"Das Coronavirus h\u00e4lt die Wirtschaft in Atem. F\u00fcr manche Unternehmen stellen sich aktuell verschiedene arbeitsrechtliche Fragen.\" \/>\n<meta name=\"robots\" content=\"index, follow, max-snippet:-1, max-image-preview:large, max-video-preview:-1\" \/>\n<link rel=\"canonical\" href=\"https:\/\/www.organisator.ch\/de\/management\/finanzen_recht\/2020-03-13\/coronavirus-arbeitsrechtliche-fragen\/\" \/>\n<meta property=\"og:locale\" content=\"de_DE\" \/>\n<meta property=\"og:type\" content=\"article\" \/>\n<meta property=\"og:title\" content=\"Coronavirus: Arbeitsrechtliche Fragen\" \/>\n<meta property=\"og:description\" content=\"Das Coronavirus h\u00e4lt die Wirtschaft in Atem. F\u00fcr manche Unternehmen stellen sich aktuell verschiedene arbeitsrechtliche Fragen.\" \/>\n<meta property=\"og:url\" content=\"https:\/\/www.organisator.ch\/de\/management\/finanzen_recht\/2020-03-13\/coronavirus-arbeitsrechtliche-fragen\/\" \/>\n<meta property=\"og:site_name\" content=\"Organisator\" \/>\n<meta property=\"article:publisher\" content=\"https:\/\/www.facebook.com\/OrganisatorFachmagazin\" \/>\n<meta property=\"article:published_time\" content=\"2020-03-13T08:44:55+00:00\" \/>\n<meta property=\"og:image\" content=\"https:\/\/www.organisator.ch\/wp-content\/uploads\/2020\/03\/Coronavirus-Arbeitsrechtliche-Fragen_Organisator.jpg\" \/>\n\t<meta property=\"og:image:width\" content=\"680\" \/>\n\t<meta property=\"og:image:height\" content=\"463\" \/>\n\t<meta property=\"og:image:type\" content=\"image\/jpeg\" \/>\n<meta name=\"author\" content=\"thomas.berner\" \/>\n<meta name=\"twitter:card\" content=\"summary_large_image\" \/>\n<meta name=\"twitter:title\" content=\"#Coronavirus: Arbeitsrechtliche Fragen\" \/>\n<meta name=\"twitter:description\" content=\"Das #Coronavirus h\u00e4lt die Wirtschaft in Atem. F\u00fcr manche Unternehmen stellen sich aktuell verschiedene arbeitsrechtliche Fragen.\" \/>\n<meta name=\"twitter:image\" content=\"https:\/\/www.organisator.ch\/wp-content\/uploads\/2020\/03\/Coronavirus-Arbeitsrechtliche-Fragen_Organisator.jpg\" \/>\n<script type=\"application\/ld+json\" class=\"yoast-schema-graph\">{\"@context\":\"https:\\\/\\\/schema.org\",\"@graph\":[{\"@type\":\"Article\",\"@id\":\"https:\\\/\\\/www.organisator.ch\\\/management\\\/finanzen_recht\\\/2020-03-13\\\/coronavirus-arbeitsrechtliche-fragen\\\/#article\",\"isPartOf\":{\"@id\":\"https:\\\/\\\/www.organisator.ch\\\/management\\\/finanzen_recht\\\/2020-03-13\\\/coronavirus-arbeitsrechtliche-fragen\\\/\"},\"author\":{\"name\":\"thomas.berner\",\"@id\":\"https:\\\/\\\/www.organisator.ch\\\/#\\\/schema\\\/person\\\/6f650f90b2842cd4c0cc334b4e36f67e\"},\"headline\":\"Coronavirus: Arbeitsrechtliche Fragen\",\"datePublished\":\"2020-03-13T08:44:55+00:00\",\"mainEntityOfPage\":{\"@id\":\"https:\\\/\\\/www.organisator.ch\\\/management\\\/finanzen_recht\\\/2020-03-13\\\/coronavirus-arbeitsrechtliche-fragen\\\/\"},\"wordCount\":911,\"publisher\":{\"@id\":\"https:\\\/\\\/www.organisator.ch\\\/#organization\"},\"image\":{\"@id\":\"https:\\\/\\\/www.organisator.ch\\\/management\\\/finanzen_recht\\\/2020-03-13\\\/coronavirus-arbeitsrechtliche-fragen\\\/#primaryimage\"},\"thumbnailUrl\":\"https:\\\/\\\/www.organisator.ch\\\/wp-content\\\/uploads\\\/2020\\\/03\\\/Coronavirus-Arbeitsrechtliche-Fragen_Organisator.jpg\",\"keywords\":[\"Arbeitsrecht\",\"Checklisten\",\"Coronavirus\",\"Management und Unternehmensf\u00fchrung\"],\"articleSection\":[\"FINANZEN\\\/RECHT\"],\"inLanguage\":\"de\"},{\"@type\":\"WebPage\",\"@id\":\"https:\\\/\\\/www.organisator.ch\\\/management\\\/finanzen_recht\\\/2020-03-13\\\/coronavirus-arbeitsrechtliche-fragen\\\/\",\"url\":\"https:\\\/\\\/www.organisator.ch\\\/management\\\/finanzen_recht\\\/2020-03-13\\\/coronavirus-arbeitsrechtliche-fragen\\\/\",\"name\":\"Coronavirus: Arbeitsrechtliche Fragen - Organisator\",\"isPartOf\":{\"@id\":\"https:\\\/\\\/www.organisator.ch\\\/#website\"},\"primaryImageOfPage\":{\"@id\":\"https:\\\/\\\/www.organisator.ch\\\/management\\\/finanzen_recht\\\/2020-03-13\\\/coronavirus-arbeitsrechtliche-fragen\\\/#primaryimage\"},\"image\":{\"@id\":\"https:\\\/\\\/www.organisator.ch\\\/management\\\/finanzen_recht\\\/2020-03-13\\\/coronavirus-arbeitsrechtliche-fragen\\\/#primaryimage\"},\"thumbnailUrl\":\"https:\\\/\\\/www.organisator.ch\\\/wp-content\\\/uploads\\\/2020\\\/03\\\/Coronavirus-Arbeitsrechtliche-Fragen_Organisator.jpg\",\"datePublished\":\"2020-03-13T08:44:55+00:00\",\"description\":\"Das Coronavirus h\u00e4lt die Wirtschaft in Atem. F\u00fcr manche Unternehmen stellen sich aktuell verschiedene arbeitsrechtliche Fragen.\",\"breadcrumb\":{\"@id\":\"https:\\\/\\\/www.organisator.ch\\\/management\\\/finanzen_recht\\\/2020-03-13\\\/coronavirus-arbeitsrechtliche-fragen\\\/#breadcrumb\"},\"inLanguage\":\"de\",\"potentialAction\":[{\"@type\":\"ReadAction\",\"target\":[\"https:\\\/\\\/www.organisator.ch\\\/management\\\/finanzen_recht\\\/2020-03-13\\\/coronavirus-arbeitsrechtliche-fragen\\\/\"]}]},{\"@type\":\"ImageObject\",\"inLanguage\":\"de\",\"@id\":\"https:\\\/\\\/www.organisator.ch\\\/management\\\/finanzen_recht\\\/2020-03-13\\\/coronavirus-arbeitsrechtliche-fragen\\\/#primaryimage\",\"url\":\"https:\\\/\\\/www.organisator.ch\\\/wp-content\\\/uploads\\\/2020\\\/03\\\/Coronavirus-Arbeitsrechtliche-Fragen_Organisator.jpg\",\"contentUrl\":\"https:\\\/\\\/www.organisator.ch\\\/wp-content\\\/uploads\\\/2020\\\/03\\\/Coronavirus-Arbeitsrechtliche-Fragen_Organisator.jpg\",\"width\":680,\"height\":463,\"caption\":\"Der Umgang mit der Corona-Krise zieht zahlreiche arbeitsrechtliche Fragen nach sich. (Bild: Pixabay.com)\"},{\"@type\":\"BreadcrumbList\",\"@id\":\"https:\\\/\\\/www.organisator.ch\\\/management\\\/finanzen_recht\\\/2020-03-13\\\/coronavirus-arbeitsrechtliche-fragen\\\/#breadcrumb\",\"itemListElement\":[{\"@type\":\"ListItem\",\"position\":1,\"name\":\"Home\",\"item\":\"https:\\\/\\\/www.organisator.ch\\\/\"},{\"@type\":\"ListItem\",\"position\":2,\"name\":\"Coronavirus: Arbeitsrechtliche Fragen\"}]},{\"@type\":\"WebSite\",\"@id\":\"https:\\\/\\\/www.organisator.ch\\\/#website\",\"url\":\"https:\\\/\\\/www.organisator.ch\\\/\",\"name\":\"Organisator\",\"description\":\"Kompetent. Praxisnah. Der ORGANISATOR bereitet in 10 Ausgaben pro Jahr die wesentlichen Themen f\u00fcr F\u00fchrungskr\u00e4fte von KMU auf.\",\"publisher\":{\"@id\":\"https:\\\/\\\/www.organisator.ch\\\/#organization\"},\"potentialAction\":[{\"@type\":\"SearchAction\",\"target\":{\"@type\":\"EntryPoint\",\"urlTemplate\":\"https:\\\/\\\/www.organisator.ch\\\/?s={search_term_string}\"},\"query-input\":{\"@type\":\"PropertyValueSpecification\",\"valueRequired\":true,\"valueName\":\"search_term_string\"}}],\"inLanguage\":\"de\"},{\"@type\":\"Organization\",\"@id\":\"https:\\\/\\\/www.organisator.ch\\\/#organization\",\"name\":\"Organisator\",\"url\":\"https:\\\/\\\/www.organisator.ch\\\/\",\"logo\":{\"@type\":\"ImageObject\",\"inLanguage\":\"de\",\"@id\":\"https:\\\/\\\/www.organisator.ch\\\/#\\\/schema\\\/logo\\\/image\\\/\",\"url\":\"https:\\\/\\\/www.organisator.ch\\\/wp-content\\\/uploads\\\/2022\\\/01\\\/Logo_Organisator_Website.png\",\"contentUrl\":\"https:\\\/\\\/www.organisator.ch\\\/wp-content\\\/uploads\\\/2022\\\/01\\\/Logo_Organisator_Website.png\",\"width\":800,\"height\":77,\"caption\":\"Organisator\"},\"image\":{\"@id\":\"https:\\\/\\\/www.organisator.ch\\\/#\\\/schema\\\/logo\\\/image\\\/\"},\"sameAs\":[\"https:\\\/\\\/www.facebook.com\\\/OrganisatorFachmagazin\",\"https:\\\/\\\/www.linkedin.com\\\/showcase\\\/organisator-das-magazin-fr-kmu\",\"https:\\\/\\\/www.xing.com\\\/news\\\/pages\\\/organisator-ch-695\",\"https:\\\/\\\/www.youtube.com\\\/channel\\\/UCGP2Sq0iWaZwT3BdIAQFYpw\"]},{\"@type\":\"Person\",\"@id\":\"https:\\\/\\\/www.organisator.ch\\\/#\\\/schema\\\/person\\\/6f650f90b2842cd4c0cc334b4e36f67e\",\"name\":\"thomas.berner\",\"image\":{\"@type\":\"ImageObject\",\"inLanguage\":\"de\",\"@id\":\"https:\\\/\\\/secure.gravatar.com\\\/avatar\\\/ac5001d2a36cb6c6cd3e50789007ffca834b477b74a2144564522e944eabff61?s=96&d=mm&r=g\",\"url\":\"https:\\\/\\\/secure.gravatar.com\\\/avatar\\\/ac5001d2a36cb6c6cd3e50789007ffca834b477b74a2144564522e944eabff61?s=96&d=mm&r=g\",\"contentUrl\":\"https:\\\/\\\/secure.gravatar.com\\\/avatar\\\/ac5001d2a36cb6c6cd3e50789007ffca834b477b74a2144564522e944eabff61?s=96&d=mm&r=g\",\"caption\":\"thomas.berner\"},\"url\":\"https:\\\/\\\/www.organisator.ch\\\/de\\\/author\\\/thomas-berner\\\/\"}]}<\/script>\n<!-- \/ Yoast SEO plugin. -->","yoast_head_json":{"title":"Coronavirus: Arbeitsrechtliche Fragen - Organisator","description":"Das Coronavirus h\u00e4lt die Wirtschaft in Atem. F\u00fcr manche Unternehmen stellen sich aktuell verschiedene arbeitsrechtliche Fragen.","robots":{"index":"index","follow":"follow","max-snippet":"max-snippet:-1","max-image-preview":"max-image-preview:large","max-video-preview":"max-video-preview:-1"},"canonical":"https:\/\/www.organisator.ch\/de\/management\/finanzen_recht\/2020-03-13\/coronavirus-arbeitsrechtliche-fragen\/","og_locale":"de_DE","og_type":"article","og_title":"Coronavirus: Arbeitsrechtliche Fragen","og_description":"Das Coronavirus h\u00e4lt die Wirtschaft in Atem. F\u00fcr manche Unternehmen stellen sich aktuell verschiedene arbeitsrechtliche Fragen.","og_url":"https:\/\/www.organisator.ch\/de\/management\/finanzen_recht\/2020-03-13\/coronavirus-arbeitsrechtliche-fragen\/","og_site_name":"Organisator","article_publisher":"https:\/\/www.facebook.com\/OrganisatorFachmagazin","article_published_time":"2020-03-13T08:44:55+00:00","og_image":[{"width":680,"height":463,"url":"https:\/\/www.organisator.ch\/wp-content\/uploads\/2020\/03\/Coronavirus-Arbeitsrechtliche-Fragen_Organisator.jpg","type":"image\/jpeg"}],"author":"thomas.berner","twitter_card":"summary_large_image","twitter_title":"#Coronavirus: Arbeitsrechtliche Fragen","twitter_description":"Das #Coronavirus h\u00e4lt die Wirtschaft in Atem. F\u00fcr manche Unternehmen stellen sich aktuell verschiedene arbeitsrechtliche Fragen.","twitter_image":"https:\/\/www.organisator.ch\/wp-content\/uploads\/2020\/03\/Coronavirus-Arbeitsrechtliche-Fragen_Organisator.jpg","schema":{"@context":"https:\/\/schema.org","@graph":[{"@type":"Article","@id":"https:\/\/www.organisator.ch\/management\/finanzen_recht\/2020-03-13\/coronavirus-arbeitsrechtliche-fragen\/#article","isPartOf":{"@id":"https:\/\/www.organisator.ch\/management\/finanzen_recht\/2020-03-13\/coronavirus-arbeitsrechtliche-fragen\/"},"author":{"name":"thomas.berner","@id":"https:\/\/www.organisator.ch\/#\/schema\/person\/6f650f90b2842cd4c0cc334b4e36f67e"},"headline":"Coronavirus: Arbeitsrechtliche Fragen","datePublished":"2020-03-13T08:44:55+00:00","mainEntityOfPage":{"@id":"https:\/\/www.organisator.ch\/management\/finanzen_recht\/2020-03-13\/coronavirus-arbeitsrechtliche-fragen\/"},"wordCount":911,"publisher":{"@id":"https:\/\/www.organisator.ch\/#organization"},"image":{"@id":"https:\/\/www.organisator.ch\/management\/finanzen_recht\/2020-03-13\/coronavirus-arbeitsrechtliche-fragen\/#primaryimage"},"thumbnailUrl":"https:\/\/www.organisator.ch\/wp-content\/uploads\/2020\/03\/Coronavirus-Arbeitsrechtliche-Fragen_Organisator.jpg","keywords":["Arbeitsrecht","Checklisten","Coronavirus","Management und Unternehmensf\u00fchrung"],"articleSection":["FINANZEN\/RECHT"],"inLanguage":"de"},{"@type":"WebPage","@id":"https:\/\/www.organisator.ch\/management\/finanzen_recht\/2020-03-13\/coronavirus-arbeitsrechtliche-fragen\/","url":"https:\/\/www.organisator.ch\/management\/finanzen_recht\/2020-03-13\/coronavirus-arbeitsrechtliche-fragen\/","name":"Coronavirus: Arbeitsrechtliche Fragen - Organisator","isPartOf":{"@id":"https:\/\/www.organisator.ch\/#website"},"primaryImageOfPage":{"@id":"https:\/\/www.organisator.ch\/management\/finanzen_recht\/2020-03-13\/coronavirus-arbeitsrechtliche-fragen\/#primaryimage"},"image":{"@id":"https:\/\/www.organisator.ch\/management\/finanzen_recht\/2020-03-13\/coronavirus-arbeitsrechtliche-fragen\/#primaryimage"},"thumbnailUrl":"https:\/\/www.organisator.ch\/wp-content\/uploads\/2020\/03\/Coronavirus-Arbeitsrechtliche-Fragen_Organisator.jpg","datePublished":"2020-03-13T08:44:55+00:00","description":"Das Coronavirus h\u00e4lt die Wirtschaft in Atem. F\u00fcr manche Unternehmen stellen sich aktuell verschiedene arbeitsrechtliche Fragen.","breadcrumb":{"@id":"https:\/\/www.organisator.ch\/management\/finanzen_recht\/2020-03-13\/coronavirus-arbeitsrechtliche-fragen\/#breadcrumb"},"inLanguage":"de","potentialAction":[{"@type":"ReadAction","target":["https:\/\/www.organisator.ch\/management\/finanzen_recht\/2020-03-13\/coronavirus-arbeitsrechtliche-fragen\/"]}]},{"@type":"ImageObject","inLanguage":"de","@id":"https:\/\/www.organisator.ch\/management\/finanzen_recht\/2020-03-13\/coronavirus-arbeitsrechtliche-fragen\/#primaryimage","url":"https:\/\/www.organisator.ch\/wp-content\/uploads\/2020\/03\/Coronavirus-Arbeitsrechtliche-Fragen_Organisator.jpg","contentUrl":"https:\/\/www.organisator.ch\/wp-content\/uploads\/2020\/03\/Coronavirus-Arbeitsrechtliche-Fragen_Organisator.jpg","width":680,"height":463,"caption":"Der Umgang mit der Corona-Krise zieht zahlreiche arbeitsrechtliche Fragen nach sich. (Bild: Pixabay.com)"},{"@type":"BreadcrumbList","@id":"https:\/\/www.organisator.ch\/management\/finanzen_recht\/2020-03-13\/coronavirus-arbeitsrechtliche-fragen\/#breadcrumb","itemListElement":[{"@type":"ListItem","position":1,"name":"Home","item":"https:\/\/www.organisator.ch\/"},{"@type":"ListItem","position":2,"name":"Coronavirus: Arbeitsrechtliche Fragen"}]},{"@type":"WebSite","@id":"https:\/\/www.organisator.ch\/#website","url":"https:\/\/www.organisator.ch\/","name":"Organisator","description":"Kompetent. Praxisnah. Der ORGANISATOR bereitet in 10 Ausgaben pro Jahr die wesentlichen Themen f\u00fcr F\u00fchrungskr\u00e4fte von KMU auf.","publisher":{"@id":"https:\/\/www.organisator.ch\/#organization"},"potentialAction":[{"@type":"SearchAction","target":{"@type":"EntryPoint","urlTemplate":"https:\/\/www.organisator.ch\/?s={search_term_string}"},"query-input":{"@type":"PropertyValueSpecification","valueRequired":true,"valueName":"search_term_string"}}],"inLanguage":"de"},{"@type":"Organization","@id":"https:\/\/www.organisator.ch\/#organization","name":"Organisator","url":"https:\/\/www.organisator.ch\/","logo":{"@type":"ImageObject","inLanguage":"de","@id":"https:\/\/www.organisator.ch\/#\/schema\/logo\/image\/","url":"https:\/\/www.organisator.ch\/wp-content\/uploads\/2022\/01\/Logo_Organisator_Website.png","contentUrl":"https:\/\/www.organisator.ch\/wp-content\/uploads\/2022\/01\/Logo_Organisator_Website.png","width":800,"height":77,"caption":"Organisator"},"image":{"@id":"https:\/\/www.organisator.ch\/#\/schema\/logo\/image\/"},"sameAs":["https:\/\/www.facebook.com\/OrganisatorFachmagazin","https:\/\/www.linkedin.com\/showcase\/organisator-das-magazin-fr-kmu","https:\/\/www.xing.com\/news\/pages\/organisator-ch-695","https:\/\/www.youtube.com\/channel\/UCGP2Sq0iWaZwT3BdIAQFYpw"]},{"@type":"Person","@id":"https:\/\/www.organisator.ch\/#\/schema\/person\/6f650f90b2842cd4c0cc334b4e36f67e","name":"thomas.berner","image":{"@type":"ImageObject","inLanguage":"de","@id":"https:\/\/secure.gravatar.com\/avatar\/ac5001d2a36cb6c6cd3e50789007ffca834b477b74a2144564522e944eabff61?s=96&d=mm&r=g","url":"https:\/\/secure.gravatar.com\/avatar\/ac5001d2a36cb6c6cd3e50789007ffca834b477b74a2144564522e944eabff61?s=96&d=mm&r=g","contentUrl":"https:\/\/secure.gravatar.com\/avatar\/ac5001d2a36cb6c6cd3e50789007ffca834b477b74a2144564522e944eabff61?s=96&d=mm&r=g","caption":"thomas.berner"},"url":"https:\/\/www.organisator.ch\/de\/author\/thomas-berner\/"}]}},"_links":{"self":[{"href":"https:\/\/www.organisator.ch\/de\/wp-json\/wp\/v2\/posts\/6449","targetHints":{"allow":["GET"]}}],"collection":[{"href":"https:\/\/www.organisator.ch\/de\/wp-json\/wp\/v2\/posts"}],"about":[{"href":"https:\/\/www.organisator.ch\/de\/wp-json\/wp\/v2\/types\/post"}],"author":[{"embeddable":true,"href":"https:\/\/www.organisator.ch\/de\/wp-json\/wp\/v2\/users\/4"}],"replies":[{"embeddable":true,"href":"https:\/\/www.organisator.ch\/de\/wp-json\/wp\/v2\/comments?post=6449"}],"version-history":[{"count":0,"href":"https:\/\/www.organisator.ch\/de\/wp-json\/wp\/v2\/posts\/6449\/revisions"}],"wp:featuredmedia":[{"embeddable":true,"href":"https:\/\/www.organisator.ch\/de\/wp-json\/wp\/v2\/media\/6450"}],"wp:attachment":[{"href":"https:\/\/www.organisator.ch\/de\/wp-json\/wp\/v2\/media?parent=6449"}],"wp:term":[{"taxonomy":"category","embeddable":true,"href":"https:\/\/www.organisator.ch\/de\/wp-json\/wp\/v2\/categories?post=6449"},{"taxonomy":"post_tag","embeddable":true,"href":"https:\/\/www.organisator.ch\/de\/wp-json\/wp\/v2\/tags?post=6449"}],"curies":[{"name":"wp","href":"https:\/\/api.w.org\/{rel}","templated":true}]}}