{"id":6468,"date":"2020-03-17T17:00:11","date_gmt":"2020-03-17T16:00:11","guid":{"rendered":"https:\/\/www.organisator.ch\/?p=6468"},"modified":"2020-03-17T17:00:11","modified_gmt":"2020-03-17T16:00:11","slug":"zwei-kmu-bieten-unter-standtogether-ch-einen-gemeinsamen-lieferdienst","status":"publish","type":"post","link":"https:\/\/www.organisator.ch\/de\/allgemein\/2020-03-17\/zwei-kmu-bieten-unter-standtogether-ch-einen-gemeinsamen-lieferdienst\/","title":{"rendered":"Zwei KMU bieten unter &#8222;standtogether.ch&#8220; einen gemeinsamen Lieferdienst"},"content":{"rendered":"<figure id=\"attachment_6471\" aria-describedby=\"caption-attachment-6471\" style=\"width: 680px\" class=\"wp-caption alignnone\"><img loading=\"lazy\" decoding=\"async\" class=\"size-medium wp-image-6471\" src=\"https:\/\/www.organisator.ch\/wp-content\/uploads\/2020\/03\/Zwei-KMU-bieten-unter-standtogether.ch-einen-gemeinsamen-Lieferdienst_Organisator.jpg\" alt=\"\" width=\"680\" height=\"521\" srcset=\"https:\/\/www.organisator.ch\/wp-content\/uploads\/2020\/03\/Zwei-KMU-bieten-unter-standtogether.ch-einen-gemeinsamen-Lieferdienst_Organisator.jpg 680w, https:\/\/www.organisator.ch\/wp-content\/uploads\/2020\/03\/Zwei-KMU-bieten-unter-standtogether.ch-einen-gemeinsamen-Lieferdienst_Organisator-16x12.jpg 16w, https:\/\/www.organisator.ch\/wp-content\/uploads\/2020\/03\/Zwei-KMU-bieten-unter-standtogether.ch-einen-gemeinsamen-Lieferdienst_Organisator-228x175.jpg 228w, https:\/\/www.organisator.ch\/wp-content\/uploads\/2020\/03\/Zwei-KMU-bieten-unter-standtogether.ch-einen-gemeinsamen-Lieferdienst_Organisator-457x350.jpg 457w, https:\/\/www.organisator.ch\/wp-content\/uploads\/2020\/03\/Zwei-KMU-bieten-unter-standtogether.ch-einen-gemeinsamen-Lieferdienst_Organisator-300x230.jpg 300w\" sizes=\"auto, (max-width: 680px) 100vw, 680px\" \/><figcaption id=\"caption-attachment-6471\" class=\"wp-caption-text\">Daniel Gradenegger (Annanow, links) und Gerardo Viceconte (Taxi 444) bieten unter standtogether.ch einen schnellen Lieferdienst an. (Bild: zVg)<\/figcaption><\/figure>\n<p>Eine weitere kreative Idee von KMU (ein anderes Beispiel <a href=\"https:\/\/www.organisator.ch\/corona-krise-event-agentur-geht-neue-wege\/\">hier<\/a>), wie die aktuelle Coronakrise auch positiv genutzt werden kann &#8211; zum Gewinn f\u00fcr jene, die derzeit keine M\u00f6glichkeit haben, nach draussen zu gehen: Annanow und Taxi 444 bieten im Raum Z\u00fcrich unter &#8222;standtogether.ch&#8220; gemeinsam einen Lieferdienst an. Dringend ben\u00f6tigte G\u00fcter des t\u00e4glichen Bedarfs oder auch Medikamente kann man sich mit diesem Service nach Hause liefern lassen.<\/p>\n<h2>Unn\u00f6tige Infektionsrisiken verhindern<\/h2>\n<p>Der sichere Transport von Menschen ins Spital, zum Hausarzt und in Apotheken ist so gew\u00e4hrleistet. Ziel von \u201estandtogether.ch\u201c ist es, die professionelle und rasche Versorgung der Bev\u00f6lkerung mit lebensnotwendigen G\u00fctern und Dienstleistungen in Krisenzeiten sicherzustellen \u2013 komplement\u00e4r zur Armee und zum Zivilschutz. Gleichzeitig wollen die Initianten der Soforthilfe Bauern, Lebensmittelh\u00e4ndlern, Detaillisten und weiteren Gewerbetreibenden mit Lieferschwierigkeiten helfen. \u201estandtogether.ch\u201c verhindert, dass sich Menschen, insbesondere die \u00e4ltere Bev\u00f6lkerung, unn\u00f6tigen Infektionsrisiken aussetzen m\u00fcssen. Der nationale Rollout der Soforthilfe beginnt diese Woche.<\/p>\n<h2>Lieferdienst zum Selbstkostenpreis<\/h2>\n<p>\u201eWir m\u00fcssen absolut alles daf\u00fcr tun, damit die Menschen diese Krise m\u00f6glichst unbeschadet, gesund und schnell \u00fcberstehen\u201c, sagt Daniel Gradenegger Co-Initiant von \u201estandtogether.ch\u201c und Gr\u00fcnder von Annanow. Wir verf\u00fcgen \u00fcber eine crowd-basierte Lieferkette mit \u00fcber 100\u2018000 Taxis und Kurieren. Selbst private Personen \u2013 Gesundheit vorausgesetzt \u2013 k\u00f6nnen sich bei Annanow registrieren und sich in dieser Krise engagieren. \u201eUnsere Motivation ist eine aktive und nationale Nachbarschaftshilfe und Solidarit\u00e4t mit den Menschen in der Schweiz\u201c, unterstreicht Gerardo Viceconte, Co-Initiant von \u201estandtogether.ch\u201c und CEO von Taxi 444. Selbstverst\u00e4ndlich erfolgen s\u00e4mtliche Dienstleistungen zum Selbstkostenpreis.<\/p>\n<p>Der Dienst steht unter der Telefonnummer 044 500 69 06 und unter <a href=\"http:\/\/www.standtogether.ch\">www.standtogether.ch<\/a> zur Verf\u00fcgung.<\/p>\n","protected":false},"excerpt":{"rendered":"<p>Eine weitere kreative Idee von KMU (ein anderes Beispiel hier), wie die aktuelle Coronakrise auch positiv genutzt werden kann &#8211; zum Gewinn f\u00fcr jene, die derzeit keine M\u00f6glichkeit haben, nach draussen zu gehen: Annanow und Taxi 444 bieten im Raum Z\u00fcrich unter &#8222;standtogether.ch&#8220; gemeinsam einen Lieferdienst an. Dringend ben\u00f6tigte G\u00fcter des t\u00e4glichen Bedarfs oder auch [&hellip;]<\/p>\n","protected":false},"author":4,"featured_media":6471,"comment_status":"closed","ping_status":"closed","sticky":false,"template":"","format":"standard","meta":{"_acf_changed":false,"_yoast_wpseo_focuskw":"Lieferdienst","_yoast_wpseo_metadesc":"Die beiden KMU Annanow und Taxi 444 starten gemeinsam eine Solidarit\u00e4tsaktion und lancieren Soforthilfe mit einem Lieferdienst.","articlekey":"","footnotes":""},"categories":[1],"tags":[132,328,393,492],"class_list":["post-6468","post","type-post","status-publish","format-standard","has-post-thumbnail","hentry","category-allgemein","tag-coronavirus","tag-logistik","tag-produkte","tag-unternehmen"],"acf":[],"yoast_head":"<!-- This site is optimized with the Yoast SEO plugin v27.5 - https:\/\/yoast.com\/product\/yoast-seo-wordpress\/ -->\n<title>Zwei KMU bieten unter &quot;standtogether.ch&quot; einen gemeinsamen Lieferdienst - Organisator<\/title>\n<meta name=\"description\" content=\"Die beiden KMU Annanow und Taxi 444 starten gemeinsam eine Solidarit\u00e4tsaktion und lancieren Soforthilfe mit einem Lieferdienst.\" \/>\n<meta name=\"robots\" content=\"index, follow, max-snippet:-1, max-image-preview:large, max-video-preview:-1\" \/>\n<link rel=\"canonical\" href=\"https:\/\/www.organisator.ch\/de\/allgemein\/2020-03-17\/zwei-kmu-bieten-unter-standtogether-ch-einen-gemeinsamen-lieferdienst\/\" \/>\n<meta property=\"og:locale\" content=\"de_DE\" \/>\n<meta property=\"og:type\" content=\"article\" \/>\n<meta property=\"og:title\" content=\"Zwei KMU bieten unter &quot;standtogether.ch&quot; einen gemeinsamen Lieferdienst\" \/>\n<meta property=\"og:description\" content=\"Die beiden KMU Annanow und Taxi 444 starten gemeinsam eine Solidarit\u00e4tsaktion und lancieren Soforthilfe mit einem Lieferdienst.\" \/>\n<meta property=\"og:url\" content=\"https:\/\/www.organisator.ch\/de\/allgemein\/2020-03-17\/zwei-kmu-bieten-unter-standtogether-ch-einen-gemeinsamen-lieferdienst\/\" \/>\n<meta property=\"og:site_name\" content=\"Organisator\" \/>\n<meta property=\"article:publisher\" content=\"https:\/\/www.facebook.com\/OrganisatorFachmagazin\" \/>\n<meta property=\"article:published_time\" content=\"2020-03-17T16:00:11+00:00\" \/>\n<meta property=\"og:image\" content=\"https:\/\/www.organisator.ch\/wp-content\/uploads\/2020\/03\/Zwei-KMU-bieten-unter-standtogether.ch-einen-gemeinsamen-Lieferdienst_Organisator.jpg\" \/>\n\t<meta property=\"og:image:width\" content=\"680\" \/>\n\t<meta property=\"og:image:height\" content=\"521\" \/>\n\t<meta property=\"og:image:type\" content=\"image\/jpeg\" \/>\n<meta name=\"author\" content=\"thomas.berner\" \/>\n<meta name=\"twitter:card\" content=\"summary_large_image\" \/>\n<meta name=\"twitter:title\" content=\"Zwei KMU bieten unter &quot;#standtogether.ch&quot; einen gemeinsamen #Lieferdienst\" \/>\n<meta name=\"twitter:description\" content=\"Die beiden KMU #Annanow und Taxi 444 starten gemeinsam eine #Solidarit\u00e4tsaktion und lancieren Soforthilfe mit einem #Lieferdienst.\" \/>\n<meta name=\"twitter:image\" content=\"https:\/\/www.organisator.ch\/wp-content\/uploads\/2020\/03\/Zwei-KMU-bieten-unter-standtogether.ch-einen-gemeinsamen-Lieferdienst_Organisator.jpg\" \/>\n<script type=\"application\/ld+json\" class=\"yoast-schema-graph\">{\"@context\":\"https:\\\/\\\/schema.org\",\"@graph\":[{\"@type\":\"Article\",\"@id\":\"https:\\\/\\\/www.organisator.ch\\\/en\\\/general\\\/2020-03-17\\\/zwei-kmu-bieten-unter-standtogether-ch-einen-gemeinsamen-lieferdienst\\\/#article\",\"isPartOf\":{\"@id\":\"https:\\\/\\\/www.organisator.ch\\\/en\\\/general\\\/2020-03-17\\\/zwei-kmu-bieten-unter-standtogether-ch-einen-gemeinsamen-lieferdienst\\\/\"},\"author\":{\"name\":\"thomas.berner\",\"@id\":\"https:\\\/\\\/www.organisator.ch\\\/#\\\/schema\\\/person\\\/6f650f90b2842cd4c0cc334b4e36f67e\"},\"headline\":\"Zwei KMU bieten unter &#8222;standtogether.ch&#8220; einen gemeinsamen Lieferdienst\",\"datePublished\":\"2020-03-17T16:00:11+00:00\",\"mainEntityOfPage\":{\"@id\":\"https:\\\/\\\/www.organisator.ch\\\/en\\\/general\\\/2020-03-17\\\/zwei-kmu-bieten-unter-standtogether-ch-einen-gemeinsamen-lieferdienst\\\/\"},\"wordCount\":311,\"publisher\":{\"@id\":\"https:\\\/\\\/www.organisator.ch\\\/#organization\"},\"image\":{\"@id\":\"https:\\\/\\\/www.organisator.ch\\\/en\\\/general\\\/2020-03-17\\\/zwei-kmu-bieten-unter-standtogether-ch-einen-gemeinsamen-lieferdienst\\\/#primaryimage\"},\"thumbnailUrl\":\"https:\\\/\\\/www.organisator.ch\\\/wp-content\\\/uploads\\\/2020\\\/03\\\/Zwei-KMU-bieten-unter-standtogether.ch-einen-gemeinsamen-Lieferdienst_Organisator.jpg\",\"keywords\":[\"Coronavirus\",\"Logistik\",\"Produkte\",\"Unternehmen\"],\"inLanguage\":\"de\"},{\"@type\":\"WebPage\",\"@id\":\"https:\\\/\\\/www.organisator.ch\\\/en\\\/general\\\/2020-03-17\\\/zwei-kmu-bieten-unter-standtogether-ch-einen-gemeinsamen-lieferdienst\\\/\",\"url\":\"https:\\\/\\\/www.organisator.ch\\\/en\\\/general\\\/2020-03-17\\\/zwei-kmu-bieten-unter-standtogether-ch-einen-gemeinsamen-lieferdienst\\\/\",\"name\":\"Zwei KMU bieten unter \\\"standtogether.ch\\\" einen gemeinsamen Lieferdienst - Organisator\",\"isPartOf\":{\"@id\":\"https:\\\/\\\/www.organisator.ch\\\/#website\"},\"primaryImageOfPage\":{\"@id\":\"https:\\\/\\\/www.organisator.ch\\\/en\\\/general\\\/2020-03-17\\\/zwei-kmu-bieten-unter-standtogether-ch-einen-gemeinsamen-lieferdienst\\\/#primaryimage\"},\"image\":{\"@id\":\"https:\\\/\\\/www.organisator.ch\\\/en\\\/general\\\/2020-03-17\\\/zwei-kmu-bieten-unter-standtogether-ch-einen-gemeinsamen-lieferdienst\\\/#primaryimage\"},\"thumbnailUrl\":\"https:\\\/\\\/www.organisator.ch\\\/wp-content\\\/uploads\\\/2020\\\/03\\\/Zwei-KMU-bieten-unter-standtogether.ch-einen-gemeinsamen-Lieferdienst_Organisator.jpg\",\"datePublished\":\"2020-03-17T16:00:11+00:00\",\"description\":\"Die beiden KMU Annanow und Taxi 444 starten gemeinsam eine Solidarit\u00e4tsaktion und lancieren Soforthilfe mit einem Lieferdienst.\",\"breadcrumb\":{\"@id\":\"https:\\\/\\\/www.organisator.ch\\\/en\\\/general\\\/2020-03-17\\\/zwei-kmu-bieten-unter-standtogether-ch-einen-gemeinsamen-lieferdienst\\\/#breadcrumb\"},\"inLanguage\":\"de\",\"potentialAction\":[{\"@type\":\"ReadAction\",\"target\":[\"https:\\\/\\\/www.organisator.ch\\\/en\\\/general\\\/2020-03-17\\\/zwei-kmu-bieten-unter-standtogether-ch-einen-gemeinsamen-lieferdienst\\\/\"]}]},{\"@type\":\"ImageObject\",\"inLanguage\":\"de\",\"@id\":\"https:\\\/\\\/www.organisator.ch\\\/en\\\/general\\\/2020-03-17\\\/zwei-kmu-bieten-unter-standtogether-ch-einen-gemeinsamen-lieferdienst\\\/#primaryimage\",\"url\":\"https:\\\/\\\/www.organisator.ch\\\/wp-content\\\/uploads\\\/2020\\\/03\\\/Zwei-KMU-bieten-unter-standtogether.ch-einen-gemeinsamen-Lieferdienst_Organisator.jpg\",\"contentUrl\":\"https:\\\/\\\/www.organisator.ch\\\/wp-content\\\/uploads\\\/2020\\\/03\\\/Zwei-KMU-bieten-unter-standtogether.ch-einen-gemeinsamen-Lieferdienst_Organisator.jpg\",\"width\":680,\"height\":521,\"caption\":\"Daniel Gradenegger (Annanow, links) und Gerardo Viceconte (Taxi 444) bieten unter standtogether.ch einen schnellen Lieferservice dar. (Bild: zVg)\"},{\"@type\":\"BreadcrumbList\",\"@id\":\"https:\\\/\\\/www.organisator.ch\\\/en\\\/general\\\/2020-03-17\\\/zwei-kmu-bieten-unter-standtogether-ch-einen-gemeinsamen-lieferdienst\\\/#breadcrumb\",\"itemListElement\":[{\"@type\":\"ListItem\",\"position\":1,\"name\":\"Home\",\"item\":\"https:\\\/\\\/www.organisator.ch\\\/\"},{\"@type\":\"ListItem\",\"position\":2,\"name\":\"Zwei KMU bieten unter &#8222;standtogether.ch&#8220; einen gemeinsamen Lieferdienst\"}]},{\"@type\":\"WebSite\",\"@id\":\"https:\\\/\\\/www.organisator.ch\\\/#website\",\"url\":\"https:\\\/\\\/www.organisator.ch\\\/\",\"name\":\"Organisator\",\"description\":\"Kompetent. Praxisnah. Der ORGANISATOR bereitet in 10 Ausgaben pro Jahr die wesentlichen Themen f\u00fcr F\u00fchrungskr\u00e4fte von KMU auf.\",\"publisher\":{\"@id\":\"https:\\\/\\\/www.organisator.ch\\\/#organization\"},\"potentialAction\":[{\"@type\":\"SearchAction\",\"target\":{\"@type\":\"EntryPoint\",\"urlTemplate\":\"https:\\\/\\\/www.organisator.ch\\\/?s={search_term_string}\"},\"query-input\":{\"@type\":\"PropertyValueSpecification\",\"valueRequired\":true,\"valueName\":\"search_term_string\"}}],\"inLanguage\":\"de\"},{\"@type\":\"Organization\",\"@id\":\"https:\\\/\\\/www.organisator.ch\\\/#organization\",\"name\":\"Organisator\",\"url\":\"https:\\\/\\\/www.organisator.ch\\\/\",\"logo\":{\"@type\":\"ImageObject\",\"inLanguage\":\"de\",\"@id\":\"https:\\\/\\\/www.organisator.ch\\\/#\\\/schema\\\/logo\\\/image\\\/\",\"url\":\"https:\\\/\\\/www.organisator.ch\\\/wp-content\\\/uploads\\\/2022\\\/01\\\/Logo_Organisator_Website.png\",\"contentUrl\":\"https:\\\/\\\/www.organisator.ch\\\/wp-content\\\/uploads\\\/2022\\\/01\\\/Logo_Organisator_Website.png\",\"width\":800,\"height\":77,\"caption\":\"Organisator\"},\"image\":{\"@id\":\"https:\\\/\\\/www.organisator.ch\\\/#\\\/schema\\\/logo\\\/image\\\/\"},\"sameAs\":[\"https:\\\/\\\/www.facebook.com\\\/OrganisatorFachmagazin\",\"https:\\\/\\\/www.linkedin.com\\\/showcase\\\/organisator-das-magazin-fr-kmu\",\"https:\\\/\\\/www.xing.com\\\/news\\\/pages\\\/organisator-ch-695\",\"https:\\\/\\\/www.youtube.com\\\/channel\\\/UCGP2Sq0iWaZwT3BdIAQFYpw\"]},{\"@type\":\"Person\",\"@id\":\"https:\\\/\\\/www.organisator.ch\\\/#\\\/schema\\\/person\\\/6f650f90b2842cd4c0cc334b4e36f67e\",\"name\":\"thomas.berner\",\"image\":{\"@type\":\"ImageObject\",\"inLanguage\":\"de\",\"@id\":\"https:\\\/\\\/secure.gravatar.com\\\/avatar\\\/ac5001d2a36cb6c6cd3e50789007ffca834b477b74a2144564522e944eabff61?s=96&d=mm&r=g\",\"url\":\"https:\\\/\\\/secure.gravatar.com\\\/avatar\\\/ac5001d2a36cb6c6cd3e50789007ffca834b477b74a2144564522e944eabff61?s=96&d=mm&r=g\",\"contentUrl\":\"https:\\\/\\\/secure.gravatar.com\\\/avatar\\\/ac5001d2a36cb6c6cd3e50789007ffca834b477b74a2144564522e944eabff61?s=96&d=mm&r=g\",\"caption\":\"thomas.berner\"},\"url\":\"https:\\\/\\\/www.organisator.ch\\\/de\\\/author\\\/thomas-berner\\\/\"}]}<\/script>\n<!-- \/ Yoast SEO plugin. -->","yoast_head_json":{"title":"Zwei KMU bieten unter \"standtogether.ch\" einen gemeinsamen Lieferdienst - Organisator","description":"Die beiden KMU Annanow und Taxi 444 starten gemeinsam eine Solidarit\u00e4tsaktion und lancieren Soforthilfe mit einem Lieferdienst.","robots":{"index":"index","follow":"follow","max-snippet":"max-snippet:-1","max-image-preview":"max-image-preview:large","max-video-preview":"max-video-preview:-1"},"canonical":"https:\/\/www.organisator.ch\/de\/allgemein\/2020-03-17\/zwei-kmu-bieten-unter-standtogether-ch-einen-gemeinsamen-lieferdienst\/","og_locale":"de_DE","og_type":"article","og_title":"Zwei KMU bieten unter \"standtogether.ch\" einen gemeinsamen Lieferdienst","og_description":"Die beiden KMU Annanow und Taxi 444 starten gemeinsam eine Solidarit\u00e4tsaktion und lancieren Soforthilfe mit einem Lieferdienst.","og_url":"https:\/\/www.organisator.ch\/de\/allgemein\/2020-03-17\/zwei-kmu-bieten-unter-standtogether-ch-einen-gemeinsamen-lieferdienst\/","og_site_name":"Organisator","article_publisher":"https:\/\/www.facebook.com\/OrganisatorFachmagazin","article_published_time":"2020-03-17T16:00:11+00:00","og_image":[{"width":680,"height":521,"url":"https:\/\/www.organisator.ch\/wp-content\/uploads\/2020\/03\/Zwei-KMU-bieten-unter-standtogether.ch-einen-gemeinsamen-Lieferdienst_Organisator.jpg","type":"image\/jpeg"}],"author":"thomas.berner","twitter_card":"summary_large_image","twitter_title":"Zwei KMU bieten unter \"#standtogether.ch\" einen gemeinsamen #Lieferdienst","twitter_description":"Die beiden KMU #Annanow und Taxi 444 starten gemeinsam eine #Solidarit\u00e4tsaktion und lancieren Soforthilfe mit einem #Lieferdienst.","twitter_image":"https:\/\/www.organisator.ch\/wp-content\/uploads\/2020\/03\/Zwei-KMU-bieten-unter-standtogether.ch-einen-gemeinsamen-Lieferdienst_Organisator.jpg","schema":{"@context":"https:\/\/schema.org","@graph":[{"@type":"Article","@id":"https:\/\/www.organisator.ch\/en\/general\/2020-03-17\/zwei-kmu-bieten-unter-standtogether-ch-einen-gemeinsamen-lieferdienst\/#article","isPartOf":{"@id":"https:\/\/www.organisator.ch\/en\/general\/2020-03-17\/zwei-kmu-bieten-unter-standtogether-ch-einen-gemeinsamen-lieferdienst\/"},"author":{"name":"thomas.berner","@id":"https:\/\/www.organisator.ch\/#\/schema\/person\/6f650f90b2842cd4c0cc334b4e36f67e"},"headline":"Zwei KMU bieten unter &#8222;standtogether.ch&#8220; einen gemeinsamen Lieferdienst","datePublished":"2020-03-17T16:00:11+00:00","mainEntityOfPage":{"@id":"https:\/\/www.organisator.ch\/en\/general\/2020-03-17\/zwei-kmu-bieten-unter-standtogether-ch-einen-gemeinsamen-lieferdienst\/"},"wordCount":311,"publisher":{"@id":"https:\/\/www.organisator.ch\/#organization"},"image":{"@id":"https:\/\/www.organisator.ch\/en\/general\/2020-03-17\/zwei-kmu-bieten-unter-standtogether-ch-einen-gemeinsamen-lieferdienst\/#primaryimage"},"thumbnailUrl":"https:\/\/www.organisator.ch\/wp-content\/uploads\/2020\/03\/Zwei-KMU-bieten-unter-standtogether.ch-einen-gemeinsamen-Lieferdienst_Organisator.jpg","keywords":["Coronavirus","Logistik","Produkte","Unternehmen"],"inLanguage":"de"},{"@type":"WebPage","@id":"https:\/\/www.organisator.ch\/en\/general\/2020-03-17\/zwei-kmu-bieten-unter-standtogether-ch-einen-gemeinsamen-lieferdienst\/","url":"https:\/\/www.organisator.ch\/en\/general\/2020-03-17\/zwei-kmu-bieten-unter-standtogether-ch-einen-gemeinsamen-lieferdienst\/","name":"Zwei KMU bieten unter \"standtogether.ch\" einen gemeinsamen Lieferdienst - Organisator","isPartOf":{"@id":"https:\/\/www.organisator.ch\/#website"},"primaryImageOfPage":{"@id":"https:\/\/www.organisator.ch\/en\/general\/2020-03-17\/zwei-kmu-bieten-unter-standtogether-ch-einen-gemeinsamen-lieferdienst\/#primaryimage"},"image":{"@id":"https:\/\/www.organisator.ch\/en\/general\/2020-03-17\/zwei-kmu-bieten-unter-standtogether-ch-einen-gemeinsamen-lieferdienst\/#primaryimage"},"thumbnailUrl":"https:\/\/www.organisator.ch\/wp-content\/uploads\/2020\/03\/Zwei-KMU-bieten-unter-standtogether.ch-einen-gemeinsamen-Lieferdienst_Organisator.jpg","datePublished":"2020-03-17T16:00:11+00:00","description":"Die beiden KMU Annanow und Taxi 444 starten gemeinsam eine Solidarit\u00e4tsaktion und lancieren Soforthilfe mit einem Lieferdienst.","breadcrumb":{"@id":"https:\/\/www.organisator.ch\/en\/general\/2020-03-17\/zwei-kmu-bieten-unter-standtogether-ch-einen-gemeinsamen-lieferdienst\/#breadcrumb"},"inLanguage":"de","potentialAction":[{"@type":"ReadAction","target":["https:\/\/www.organisator.ch\/en\/general\/2020-03-17\/zwei-kmu-bieten-unter-standtogether-ch-einen-gemeinsamen-lieferdienst\/"]}]},{"@type":"ImageObject","inLanguage":"de","@id":"https:\/\/www.organisator.ch\/en\/general\/2020-03-17\/zwei-kmu-bieten-unter-standtogether-ch-einen-gemeinsamen-lieferdienst\/#primaryimage","url":"https:\/\/www.organisator.ch\/wp-content\/uploads\/2020\/03\/Zwei-KMU-bieten-unter-standtogether.ch-einen-gemeinsamen-Lieferdienst_Organisator.jpg","contentUrl":"https:\/\/www.organisator.ch\/wp-content\/uploads\/2020\/03\/Zwei-KMU-bieten-unter-standtogether.ch-einen-gemeinsamen-Lieferdienst_Organisator.jpg","width":680,"height":521,"caption":"Daniel Gradenegger (Annanow, links) und Gerardo Viceconte (Taxi 444) bieten unter standtogether.ch einen schnellen Lieferservice dar. (Bild: zVg)"},{"@type":"BreadcrumbList","@id":"https:\/\/www.organisator.ch\/en\/general\/2020-03-17\/zwei-kmu-bieten-unter-standtogether-ch-einen-gemeinsamen-lieferdienst\/#breadcrumb","itemListElement":[{"@type":"ListItem","position":1,"name":"Home","item":"https:\/\/www.organisator.ch\/"},{"@type":"ListItem","position":2,"name":"Zwei KMU bieten unter &#8222;standtogether.ch&#8220; einen gemeinsamen Lieferdienst"}]},{"@type":"WebSite","@id":"https:\/\/www.organisator.ch\/#website","url":"https:\/\/www.organisator.ch\/","name":"Organisator","description":"Kompetent. Praxisnah. Der ORGANISATOR bereitet in 10 Ausgaben pro Jahr die wesentlichen Themen f\u00fcr F\u00fchrungskr\u00e4fte von KMU auf.","publisher":{"@id":"https:\/\/www.organisator.ch\/#organization"},"potentialAction":[{"@type":"SearchAction","target":{"@type":"EntryPoint","urlTemplate":"https:\/\/www.organisator.ch\/?s={search_term_string}"},"query-input":{"@type":"PropertyValueSpecification","valueRequired":true,"valueName":"search_term_string"}}],"inLanguage":"de"},{"@type":"Organization","@id":"https:\/\/www.organisator.ch\/#organization","name":"Organisator","url":"https:\/\/www.organisator.ch\/","logo":{"@type":"ImageObject","inLanguage":"de","@id":"https:\/\/www.organisator.ch\/#\/schema\/logo\/image\/","url":"https:\/\/www.organisator.ch\/wp-content\/uploads\/2022\/01\/Logo_Organisator_Website.png","contentUrl":"https:\/\/www.organisator.ch\/wp-content\/uploads\/2022\/01\/Logo_Organisator_Website.png","width":800,"height":77,"caption":"Organisator"},"image":{"@id":"https:\/\/www.organisator.ch\/#\/schema\/logo\/image\/"},"sameAs":["https:\/\/www.facebook.com\/OrganisatorFachmagazin","https:\/\/www.linkedin.com\/showcase\/organisator-das-magazin-fr-kmu","https:\/\/www.xing.com\/news\/pages\/organisator-ch-695","https:\/\/www.youtube.com\/channel\/UCGP2Sq0iWaZwT3BdIAQFYpw"]},{"@type":"Person","@id":"https:\/\/www.organisator.ch\/#\/schema\/person\/6f650f90b2842cd4c0cc334b4e36f67e","name":"thomas.berner","image":{"@type":"ImageObject","inLanguage":"de","@id":"https:\/\/secure.gravatar.com\/avatar\/ac5001d2a36cb6c6cd3e50789007ffca834b477b74a2144564522e944eabff61?s=96&d=mm&r=g","url":"https:\/\/secure.gravatar.com\/avatar\/ac5001d2a36cb6c6cd3e50789007ffca834b477b74a2144564522e944eabff61?s=96&d=mm&r=g","contentUrl":"https:\/\/secure.gravatar.com\/avatar\/ac5001d2a36cb6c6cd3e50789007ffca834b477b74a2144564522e944eabff61?s=96&d=mm&r=g","caption":"thomas.berner"},"url":"https:\/\/www.organisator.ch\/de\/author\/thomas-berner\/"}]}},"_links":{"self":[{"href":"https:\/\/www.organisator.ch\/de\/wp-json\/wp\/v2\/posts\/6468","targetHints":{"allow":["GET"]}}],"collection":[{"href":"https:\/\/www.organisator.ch\/de\/wp-json\/wp\/v2\/posts"}],"about":[{"href":"https:\/\/www.organisator.ch\/de\/wp-json\/wp\/v2\/types\/post"}],"author":[{"embeddable":true,"href":"https:\/\/www.organisator.ch\/de\/wp-json\/wp\/v2\/users\/4"}],"replies":[{"embeddable":true,"href":"https:\/\/www.organisator.ch\/de\/wp-json\/wp\/v2\/comments?post=6468"}],"version-history":[{"count":0,"href":"https:\/\/www.organisator.ch\/de\/wp-json\/wp\/v2\/posts\/6468\/revisions"}],"wp:featuredmedia":[{"embeddable":true,"href":"https:\/\/www.organisator.ch\/de\/wp-json\/wp\/v2\/media\/6471"}],"wp:attachment":[{"href":"https:\/\/www.organisator.ch\/de\/wp-json\/wp\/v2\/media?parent=6468"}],"wp:term":[{"taxonomy":"category","embeddable":true,"href":"https:\/\/www.organisator.ch\/de\/wp-json\/wp\/v2\/categories?post=6468"},{"taxonomy":"post_tag","embeddable":true,"href":"https:\/\/www.organisator.ch\/de\/wp-json\/wp\/v2\/tags?post=6468"}],"curies":[{"name":"wp","href":"https:\/\/api.w.org\/{rel}","templated":true}]}}