{"id":6481,"date":"2020-03-19T10:42:51","date_gmt":"2020-03-19T09:42:51","guid":{"rendered":"https:\/\/www.organisator.ch\/?p=6481"},"modified":"2020-03-19T10:42:51","modified_gmt":"2020-03-19T09:42:51","slug":"arbeiten-im-homeoffice-darauf-sollten-mitarbeitende-und-chefs-achten","status":"publish","type":"post","link":"https:\/\/www.organisator.ch\/de\/management\/2020-03-19\/arbeiten-im-homeoffice-darauf-sollten-mitarbeitende-und-chefs-achten\/","title":{"rendered":"Arbeiten im Homeoffice: Darauf sollten Mitarbeitende und Chefs achten"},"content":{"rendered":"<figure id=\"attachment_6483\" aria-describedby=\"caption-attachment-6483\" style=\"width: 680px\" class=\"wp-caption alignnone\"><img loading=\"lazy\" decoding=\"async\" class=\"size-medium wp-image-6483\" src=\"https:\/\/www.organisator.ch\/wp-content\/uploads\/2020\/03\/Arbeiten-im-Homeoffice-Darauf-sollten-Mitarbeitende-und-Chefs-achten_Organisator.jpg\" alt=\"\" width=\"680\" height=\"453\" srcset=\"https:\/\/www.organisator.ch\/wp-content\/uploads\/2020\/03\/Arbeiten-im-Homeoffice-Darauf-sollten-Mitarbeitende-und-Chefs-achten_Organisator.jpg 680w, https:\/\/www.organisator.ch\/wp-content\/uploads\/2020\/03\/Arbeiten-im-Homeoffice-Darauf-sollten-Mitarbeitende-und-Chefs-achten_Organisator-16x12.jpg 16w, https:\/\/www.organisator.ch\/wp-content\/uploads\/2020\/03\/Arbeiten-im-Homeoffice-Darauf-sollten-Mitarbeitende-und-Chefs-achten_Organisator-263x175.jpg 263w, https:\/\/www.organisator.ch\/wp-content\/uploads\/2020\/03\/Arbeiten-im-Homeoffice-Darauf-sollten-Mitarbeitende-und-Chefs-achten_Organisator-525x350.jpg 525w, https:\/\/www.organisator.ch\/wp-content\/uploads\/2020\/03\/Arbeiten-im-Homeoffice-Darauf-sollten-Mitarbeitende-und-Chefs-achten_Organisator-300x200.jpg 300w\" sizes=\"auto, (max-width: 680px) 100vw, 680px\" \/><figcaption id=\"caption-attachment-6483\" class=\"wp-caption-text\">Alles bereit f\u00fcr das Arbeiten im Homeoffice. (Bild: Pixabay.com)<\/figcaption><\/figure>\n<p>Nicht alle \u2013 sowohl Chefs wie auch Mitarbeitende \u2013 sind es gewohnt, von zu Hause aus zu arbeiten. Nach ein paar Anfangsschwierigkeiten wird man aber sicher bald zurechtkommen und das Arbeiten im Homeoffice wird zur angenehmen Routine.<\/p>\n<h2>Punkt 1: Bei der Einrichtung auf gute Ergonomie achten<\/h2>\n<ul>\n<li>Richten Sie Ihr Heimb\u00fcro nach M\u00f6glichkeit in einem abtrennbaren Raum ein, damit Sie ungest\u00f6rt arbeiten k\u00f6nnen. Haben Sie keinen eigenen Raum, k\u00f6nnen Sie in Ihrer Wohnung auch eine Nische f\u00fcrs B\u00fcro einrichten. Regale oder Trennw\u00e4nde k\u00f6nnen helfen, den Arbeits- vom Wohnbereich abzugrenzen. Wichtig ist es, den Raum so einzurichten, damit Sie sich beim Arbeiten wohlf\u00fchlen k\u00f6nnen.<\/li>\n<li>Der Arbeitstisch: Dieser sollte gen\u00fcgend gross sein und gen\u00fcgend Platz f\u00fcr Ihre Unterlagen bieten. Gem\u00e4ss Empfehlungen der Suva sollte die L\u00e4nge mindestens 120 Zentimeter betragen. Im Idealfall sollte der Tisch h\u00f6henverstellbar sein, damit Sie abwechselnd im Stehen oder sitzend arbeiten k\u00f6nnen (Faustregel: 60 Prozent sitzen, 30 Prozent stehen, 10 Prozent aktives Bewegen; Stehen in der Regel nicht l\u00e4nger als 20 Minuten am St\u00fcck). Der Tisch sollte wenn immer m\u00f6glich im 90-Grad-Winkel zum Fenster platziert sein.<\/li>\n<li>Der B\u00fcrostuhl: Ein guter B\u00fcrostuhl (muss nicht teuer sein) verf\u00fcgt \u00fcber einen 5-Stern-Fuss mit Rollen und ist h\u00f6henverstellbar. Stellen Sie die H\u00f6he so ein: F\u00fcsse flach am Boden, Ober- und Unterschenkel ca. im 90-Grad-Winkel, Rumpf im 90-Grad-Winkel zu den Oberschenkeln, Ges\u00e4ss leicht h\u00f6her als das Knie, d.h. eine geneigte Sitzfl\u00e4che ist von Vorteil. Die R\u00fcckenlehne bzw. der Lendenbausch sollte ins hohle Kreuz zu liegen kommen, um Ihren R\u00fccken optimal zu st\u00fctzen. Auf Kissen, Fussst\u00fctzen und dergleichen wenn immer m\u00f6glich verzichten; sie k\u00f6nnen zu einer instabilen Haltung f\u00fchren und daraus folgend zu k\u00f6rperlichen Beschwerden.<\/li>\n<li>Beleuchtung: Achten Sie darauf, m\u00f6glichst viel nat\u00fcrliches Licht zu erhalten. Nicht mit Blick oder mit dem R\u00fccken zum Fenster arbeiten. Wenn dies nicht m\u00f6glich ist: Verdunkeln Sie das Fenster (Vorh\u00e4nge, Jalousien), damit es nicht blendet und behelfen Sie sich mit k\u00fcnstlichem Licht (Decken- oder Schreibtischlampe, die f\u00fcr eine gleichm\u00e4ssige Ausleuchtung sorgen). Als Richtwerte f\u00fcr die Beleuchtung gelten mindestens 500 bis 600 Lux (dies l\u00e4sst sich etwa mit dem Smartphone messen, eine App dazu gibt es hier: <a href=\"https:\/\/phyphox.org\/de\/home-de\/\">https:\/\/phyphox.org\/de\/home-de\/<\/a>)<\/li>\n<li>Platzierung der Arbeitsmittel: Den Bildschirm platzieren Sie gerade vor sich, die H\u00f6he sollte so eingestellt sein, dass der obere Bildschirmrand eine Hand breit unter der Augenh\u00f6he liegt. Der Abstand zwischen Augen und Bildschirm sollte eine Arml\u00e4nge betragen. Arbeiten Sie auch bei einem Laptop m\u00f6glichst mit einer Computermaus \u2013 Trackpads sind auf Dauer unbequem. Die Maus sollte so nah wie m\u00f6glich bei der Tastatur gehalten werden. Wenn Sie h\u00e4ufig mit Dokumenten arbeiten empfiehlt sich ein Dokumentenhalter (zwischen Tastatur und Bildschirm platzieren).<\/li>\n<li>Klima: L\u00fcften Sie regelm\u00e4ssig. Auch Zimmerpflanzen k\u00f6nnen das Raumklima verbessern, indem sie f\u00fcr gen\u00fcgend Luftfeuchtigkeit sorgen. Zudem bringen sie eine freundliche Atmosph\u00e4re an den Arbeitsplatz.<\/li>\n<\/ul>\n<h2>Punkt 2: Die Arbeitsorganisation<\/h2>\n<ul>\n<li>Pflegen Sie den gleichen Rhythmus, wie wenn Sie im normalen B\u00fcro arbeiten. Stehen Sie zur gewohnten Zeit auf, machen Sie zu den \u00fcblichen Zeiten Ihre Pausen.<\/li>\n<li>\u00abZelebrieren\u00bb Sie den Weg zur Arbeit, auch wenn Sie dazu nicht das Haus verlassen m\u00fcssen. Das heisst z.B.: Fr\u00fchst\u00fccken Sie im Esszimmer und gehen Sie erst dann in Ihr Heimb\u00fcro \u2013 vielleicht sogar nach einem kurzen Spaziergang oder einem \u00abAusflug\u00bb auf den Balkon.<\/li>\n<li>Essen Sie auch zu Hause nicht an Ihrem Arbeitsplatz.<\/li>\n<li>Kleiden Sie sich so, wie wenn Sie ausw\u00e4rts arbeiten gehen m\u00fcssten. Wer etwa im Pyjama oder im Sport-Outfit arbeitet, tut sich und der Qualit\u00e4t der Arbeit wenig Gefallen.<\/li>\n<li>Planen Sie Ihre Arbeit in zusammenh\u00e4ngende Bl\u00f6cke: Aufgaben, die viel Konzentration ben\u00f6tigen, erledigen Sie mit Vorteil am Vormittag. Routine-Arbeiten, wie etwa das Beantworten von E-Mails, k\u00f6nnen z.B. dann nach der Mittagspause erfolgen.<\/li>\n<li>Informieren Sie Ihre Team-Kolleginnen und Kollegen, wann und wie Sie erreichbar sind. Vereinbaren Sie fixe Termine etwa f\u00fcr Absprache-Rapporte. Nutzen Sie daf\u00fcr Hilfsmittel wie z.B. Microsoft Teams, Outlook und die Tools f\u00fcr Unified Communication &amp; Collaboration (UCC), die Ihr Arbeitgeber Ihnen zur Verf\u00fcgung stellt.<\/li>\n<li>Pflegen Sie eine Arbeitskultur: Es gibt Studien, die zeigen, dass Mitarbeitende zu Hause eher zu viel arbeiten. Man ist also auch beim Arbeiten im Homeoffice nicht vor Burnout gefeit. Erfassen Sie also Ihre Arbeitszeit, machen Sie wie gewohnt Feierabend \u2013 und verabreden Sie sich allenfalls f\u00fcr ein \u00abvirtuelles Feierabendbier\u00bb mit Kollegen via Skype o.\u00e4.<\/li>\n<\/ul>\n<h2>Punkt 3: Arbeiten im Homeoffice &#8211; auch eine Frage der F\u00fchrung<\/h2>\n<ul>\n<li>Das Arbeiten im Homeoffice setzt Vertrauen durch die F\u00fchrungskr\u00e4fte voraus. Vermeiden Sie als Chef also regelm\u00e4ssige \u00abKontrollanrufe\u00bb. F\u00fchren Sie Ihre Mitarbeitenden im Homeoffice deshalb mehr ergebnisorientiert. Kl\u00e4ren Sie die Ziele, die erf\u00fcllt werden m\u00fcssen bzw. beschreiben Sie m\u00f6glichst genau, wie das gew\u00fcnschte Ergebnis aussehen sollte.<\/li>\n<li>Transparenz: Halten Sie die Teams auf dem Laufenden dar\u00fcber, welche Auftr\u00e4ge von wem bearbeitet werden. Stellen Sie E-Collaboration-Tools zur Verf\u00fcgung und vereinbaren Sie virtuelle Teamsitzungen, wenn n\u00f6tig. Diese bereiten Sie genau so akribisch vor, wie \u00abnormale\u00bb Sitzungen.<\/li>\n<li>Fordern Sie regelm\u00e4ssig (z.B. w\u00f6chentlich) Statusberichte von Ihren Teams bzw. Mitarbeitenden ein.<\/li>\n<li>Legen Sie verbindliche Zeiten f\u00fcr die Erreichbarkeit fest. Pflegen Sie aber auch Rituale f\u00fcr unverbindlichen und ungezwungenen Austausch, z.B. in Form eines Chats \u00fcber Mittag.<\/li>\n<li>Bringen Sie Geduld und Verst\u00e4ndnis auf: Nicht alles wird auf Anhieb klappen. Wer es nicht gewohnt ist, regelm\u00e4ssig \u00abdigital\u00bb zu kommunizieren, wird ein paar Versuche ben\u00f6tigen, bis die Technologie im Griff ist. Schulen Sie wenn n\u00f6tig Ihre Mitarbeitenden im Gebrauch der digitalen Kommunikationsmittel (etwa durch Punkt-f\u00fcr-Punkt-Anleitungen via Intranet) \u2013 dazu geh\u00f6rt auch die Pflege von Anstandsregeln am Telefon.<\/li>\n<li>Lassen Sie Ihre Mitarbeitenden Ihre Wertsch\u00e4tzung sp\u00fcren. Geben sie mehr Feedbacks als gew\u00f6hnlich, loben Sie, geben Sie konstruktive Tipps, wo Verbesserungen notwendig sein sollten. Lassen Sie Ihre Mitarbeitenden, die alleine in ihren Homeoffices sitzen, wissen, dass sie gebraucht werden.<\/li>\n<\/ul>\n<p>In diesem Sinne: Frohes Schaffen. Und vergessen Sie auch beim Arbeiten im Homeoffice die <a href=\"https:\/\/www.organisator.ch\/homeoffice-wegen-covid-19-die-cyber-sicherheit-nicht-vergessen\/\">Cybersicherheit<\/a> nicht.<\/p>\n","protected":false},"excerpt":{"rendered":"<p>Nicht alle \u2013 sowohl Chefs wie auch Mitarbeitende \u2013 sind es gewohnt, von zu Hause aus zu arbeiten. Nach ein paar Anfangsschwierigkeiten wird man aber sicher bald zurechtkommen und das Arbeiten im Homeoffice wird zur angenehmen Routine. Punkt 1: Bei der Einrichtung auf gute Ergonomie achten Richten Sie Ihr Heimb\u00fcro nach M\u00f6glichkeit in einem abtrennbaren [&hellip;]<\/p>\n","protected":false},"author":4,"featured_media":6483,"comment_status":"closed","ping_status":"closed","sticky":false,"template":"","format":"standard","meta":{"_acf_changed":false,"_yoast_wpseo_focuskw":"Arbeiten im Homeoffice","_yoast_wpseo_metadesc":"Landesweit ist Arbeiten im Homeoffice gewissermassen zur Pflicht geworden. Wir haben ein paar wichtige Punkte zu einer Checkliste zusammengestellt.","articlekey":"","footnotes":""},"categories":[28],"tags":[51,115,335],"class_list":["post-6481","post","type-post","status-publish","format-standard","has-post-thumbnail","hentry","category-management","tag-arbeitsplatzgestaltung","tag-checklisten","tag-management-und-unternehmensfuehrung"],"acf":[],"yoast_head":"<!-- This site is optimized with the Yoast SEO plugin v27.5 - https:\/\/yoast.com\/product\/yoast-seo-wordpress\/ -->\n<title>Arbeiten im Homeoffice: Darauf sollten Mitarbeitende und Chefs achten - Organisator<\/title>\n<meta name=\"description\" content=\"Landesweit ist Arbeiten im Homeoffice gewissermassen zur Pflicht geworden. Wir haben ein paar wichtige Punkte zu einer Checkliste zusammengestellt.\" \/>\n<meta name=\"robots\" content=\"index, follow, max-snippet:-1, max-image-preview:large, max-video-preview:-1\" \/>\n<link rel=\"canonical\" href=\"https:\/\/www.organisator.ch\/de\/management\/2020-03-19\/arbeiten-im-homeoffice-darauf-sollten-mitarbeitende-und-chefs-achten\/\" \/>\n<meta property=\"og:locale\" content=\"de_DE\" \/>\n<meta property=\"og:type\" content=\"article\" \/>\n<meta property=\"og:title\" content=\"Arbeiten im Homeoffice: Darauf sollten Mitarbeitende und Chefs achten\" \/>\n<meta property=\"og:description\" content=\"Landesweit ist Arbeiten im Homeoffice gewissermassen zur Pflicht geworden. Wir haben ein paar wichtige Punkte zu einer Checkliste zusammengestellt.\" \/>\n<meta property=\"og:url\" content=\"https:\/\/www.organisator.ch\/de\/management\/2020-03-19\/arbeiten-im-homeoffice-darauf-sollten-mitarbeitende-und-chefs-achten\/\" \/>\n<meta property=\"og:site_name\" content=\"Organisator\" \/>\n<meta property=\"article:publisher\" content=\"https:\/\/www.facebook.com\/OrganisatorFachmagazin\" \/>\n<meta property=\"article:published_time\" content=\"2020-03-19T09:42:51+00:00\" \/>\n<meta property=\"og:image\" content=\"https:\/\/www.organisator.ch\/wp-content\/uploads\/2020\/03\/Arbeiten-im-Homeoffice-Darauf-sollten-Mitarbeitende-und-Chefs-achten_Organisator.jpg\" \/>\n\t<meta property=\"og:image:width\" content=\"680\" \/>\n\t<meta property=\"og:image:height\" content=\"453\" \/>\n\t<meta property=\"og:image:type\" content=\"image\/jpeg\" \/>\n<meta name=\"author\" content=\"thomas.berner\" \/>\n<meta name=\"twitter:card\" content=\"summary_large_image\" \/>\n<meta name=\"twitter:title\" content=\"Arbeiten im #Homeoffice: Darauf sollten Mitarbeitende und Chefs achten\" \/>\n<meta name=\"twitter:description\" content=\"Landesweit ist Arbeiten im #Homeoffice gewissermassen zur Pflicht geworden. Wir haben ein paar wichtige Punkte zu einer #Checkliste zusammengestellt.\" \/>\n<meta name=\"twitter:image\" content=\"https:\/\/www.organisator.ch\/wp-content\/uploads\/2020\/03\/Arbeiten-im-Homeoffice-Darauf-sollten-Mitarbeitende-und-Chefs-achten_Organisator.jpg\" \/>\n<script type=\"application\/ld+json\" class=\"yoast-schema-graph\">{\"@context\":\"https:\\\/\\\/schema.org\",\"@graph\":[{\"@type\":\"Article\",\"@id\":\"https:\\\/\\\/www.organisator.ch\\\/management\\\/2020-03-19\\\/arbeiten-im-homeoffice-darauf-sollten-mitarbeitende-und-chefs-achten\\\/#article\",\"isPartOf\":{\"@id\":\"https:\\\/\\\/www.organisator.ch\\\/management\\\/2020-03-19\\\/arbeiten-im-homeoffice-darauf-sollten-mitarbeitende-und-chefs-achten\\\/\"},\"author\":{\"name\":\"thomas.berner\",\"@id\":\"https:\\\/\\\/www.organisator.ch\\\/#\\\/schema\\\/person\\\/6f650f90b2842cd4c0cc334b4e36f67e\"},\"headline\":\"Arbeiten im Homeoffice: Darauf sollten Mitarbeitende und Chefs achten\",\"datePublished\":\"2020-03-19T09:42:51+00:00\",\"mainEntityOfPage\":{\"@id\":\"https:\\\/\\\/www.organisator.ch\\\/management\\\/2020-03-19\\\/arbeiten-im-homeoffice-darauf-sollten-mitarbeitende-und-chefs-achten\\\/\"},\"wordCount\":1060,\"publisher\":{\"@id\":\"https:\\\/\\\/www.organisator.ch\\\/#organization\"},\"image\":{\"@id\":\"https:\\\/\\\/www.organisator.ch\\\/management\\\/2020-03-19\\\/arbeiten-im-homeoffice-darauf-sollten-mitarbeitende-und-chefs-achten\\\/#primaryimage\"},\"thumbnailUrl\":\"https:\\\/\\\/www.organisator.ch\\\/wp-content\\\/uploads\\\/2020\\\/03\\\/Arbeiten-im-Homeoffice-Darauf-sollten-Mitarbeitende-und-Chefs-achten_Organisator.jpg\",\"keywords\":[\"Arbeitsplatzgestaltung\",\"Checklisten\",\"Management und Unternehmensf\u00fchrung\"],\"articleSection\":[\"MANAGEMENT\"],\"inLanguage\":\"de\"},{\"@type\":\"WebPage\",\"@id\":\"https:\\\/\\\/www.organisator.ch\\\/management\\\/2020-03-19\\\/arbeiten-im-homeoffice-darauf-sollten-mitarbeitende-und-chefs-achten\\\/\",\"url\":\"https:\\\/\\\/www.organisator.ch\\\/management\\\/2020-03-19\\\/arbeiten-im-homeoffice-darauf-sollten-mitarbeitende-und-chefs-achten\\\/\",\"name\":\"Arbeiten im Homeoffice: Darauf sollten Mitarbeitende und Chefs achten - Organisator\",\"isPartOf\":{\"@id\":\"https:\\\/\\\/www.organisator.ch\\\/#website\"},\"primaryImageOfPage\":{\"@id\":\"https:\\\/\\\/www.organisator.ch\\\/management\\\/2020-03-19\\\/arbeiten-im-homeoffice-darauf-sollten-mitarbeitende-und-chefs-achten\\\/#primaryimage\"},\"image\":{\"@id\":\"https:\\\/\\\/www.organisator.ch\\\/management\\\/2020-03-19\\\/arbeiten-im-homeoffice-darauf-sollten-mitarbeitende-und-chefs-achten\\\/#primaryimage\"},\"thumbnailUrl\":\"https:\\\/\\\/www.organisator.ch\\\/wp-content\\\/uploads\\\/2020\\\/03\\\/Arbeiten-im-Homeoffice-Darauf-sollten-Mitarbeitende-und-Chefs-achten_Organisator.jpg\",\"datePublished\":\"2020-03-19T09:42:51+00:00\",\"description\":\"Landesweit ist Arbeiten im Homeoffice gewissermassen zur Pflicht geworden. Wir haben ein paar wichtige Punkte zu einer Checkliste zusammengestellt.\",\"breadcrumb\":{\"@id\":\"https:\\\/\\\/www.organisator.ch\\\/management\\\/2020-03-19\\\/arbeiten-im-homeoffice-darauf-sollten-mitarbeitende-und-chefs-achten\\\/#breadcrumb\"},\"inLanguage\":\"de\",\"potentialAction\":[{\"@type\":\"ReadAction\",\"target\":[\"https:\\\/\\\/www.organisator.ch\\\/management\\\/2020-03-19\\\/arbeiten-im-homeoffice-darauf-sollten-mitarbeitende-und-chefs-achten\\\/\"]}]},{\"@type\":\"ImageObject\",\"inLanguage\":\"de\",\"@id\":\"https:\\\/\\\/www.organisator.ch\\\/management\\\/2020-03-19\\\/arbeiten-im-homeoffice-darauf-sollten-mitarbeitende-und-chefs-achten\\\/#primaryimage\",\"url\":\"https:\\\/\\\/www.organisator.ch\\\/wp-content\\\/uploads\\\/2020\\\/03\\\/Arbeiten-im-Homeoffice-Darauf-sollten-Mitarbeitende-und-Chefs-achten_Organisator.jpg\",\"contentUrl\":\"https:\\\/\\\/www.organisator.ch\\\/wp-content\\\/uploads\\\/2020\\\/03\\\/Arbeiten-im-Homeoffice-Darauf-sollten-Mitarbeitende-und-Chefs-achten_Organisator.jpg\",\"width\":680,\"height\":453,\"caption\":\"Alles bereit f\u00fcr das Arbeiten im Homeoffice. (Bild: Pixabay.com)\"},{\"@type\":\"BreadcrumbList\",\"@id\":\"https:\\\/\\\/www.organisator.ch\\\/management\\\/2020-03-19\\\/arbeiten-im-homeoffice-darauf-sollten-mitarbeitende-und-chefs-achten\\\/#breadcrumb\",\"itemListElement\":[{\"@type\":\"ListItem\",\"position\":1,\"name\":\"Home\",\"item\":\"https:\\\/\\\/www.organisator.ch\\\/\"},{\"@type\":\"ListItem\",\"position\":2,\"name\":\"Arbeiten im Homeoffice: Darauf sollten Mitarbeitende und Chefs achten\"}]},{\"@type\":\"WebSite\",\"@id\":\"https:\\\/\\\/www.organisator.ch\\\/#website\",\"url\":\"https:\\\/\\\/www.organisator.ch\\\/\",\"name\":\"Organisator\",\"description\":\"Kompetent. Praxisnah. Der ORGANISATOR bereitet in 10 Ausgaben pro Jahr die wesentlichen Themen f\u00fcr F\u00fchrungskr\u00e4fte von KMU auf.\",\"publisher\":{\"@id\":\"https:\\\/\\\/www.organisator.ch\\\/#organization\"},\"potentialAction\":[{\"@type\":\"SearchAction\",\"target\":{\"@type\":\"EntryPoint\",\"urlTemplate\":\"https:\\\/\\\/www.organisator.ch\\\/?s={search_term_string}\"},\"query-input\":{\"@type\":\"PropertyValueSpecification\",\"valueRequired\":true,\"valueName\":\"search_term_string\"}}],\"inLanguage\":\"de\"},{\"@type\":\"Organization\",\"@id\":\"https:\\\/\\\/www.organisator.ch\\\/#organization\",\"name\":\"Organisator\",\"url\":\"https:\\\/\\\/www.organisator.ch\\\/\",\"logo\":{\"@type\":\"ImageObject\",\"inLanguage\":\"de\",\"@id\":\"https:\\\/\\\/www.organisator.ch\\\/#\\\/schema\\\/logo\\\/image\\\/\",\"url\":\"https:\\\/\\\/www.organisator.ch\\\/wp-content\\\/uploads\\\/2022\\\/01\\\/Logo_Organisator_Website.png\",\"contentUrl\":\"https:\\\/\\\/www.organisator.ch\\\/wp-content\\\/uploads\\\/2022\\\/01\\\/Logo_Organisator_Website.png\",\"width\":800,\"height\":77,\"caption\":\"Organisator\"},\"image\":{\"@id\":\"https:\\\/\\\/www.organisator.ch\\\/#\\\/schema\\\/logo\\\/image\\\/\"},\"sameAs\":[\"https:\\\/\\\/www.facebook.com\\\/OrganisatorFachmagazin\",\"https:\\\/\\\/www.linkedin.com\\\/showcase\\\/organisator-das-magazin-fr-kmu\",\"https:\\\/\\\/www.xing.com\\\/news\\\/pages\\\/organisator-ch-695\",\"https:\\\/\\\/www.youtube.com\\\/channel\\\/UCGP2Sq0iWaZwT3BdIAQFYpw\"]},{\"@type\":\"Person\",\"@id\":\"https:\\\/\\\/www.organisator.ch\\\/#\\\/schema\\\/person\\\/6f650f90b2842cd4c0cc334b4e36f67e\",\"name\":\"thomas.berner\",\"image\":{\"@type\":\"ImageObject\",\"inLanguage\":\"de\",\"@id\":\"https:\\\/\\\/secure.gravatar.com\\\/avatar\\\/ac5001d2a36cb6c6cd3e50789007ffca834b477b74a2144564522e944eabff61?s=96&d=mm&r=g\",\"url\":\"https:\\\/\\\/secure.gravatar.com\\\/avatar\\\/ac5001d2a36cb6c6cd3e50789007ffca834b477b74a2144564522e944eabff61?s=96&d=mm&r=g\",\"contentUrl\":\"https:\\\/\\\/secure.gravatar.com\\\/avatar\\\/ac5001d2a36cb6c6cd3e50789007ffca834b477b74a2144564522e944eabff61?s=96&d=mm&r=g\",\"caption\":\"thomas.berner\"},\"url\":\"https:\\\/\\\/www.organisator.ch\\\/de\\\/author\\\/thomas-berner\\\/\"}]}<\/script>\n<!-- \/ Yoast SEO plugin. -->","yoast_head_json":{"title":"Arbeiten im Homeoffice: Darauf sollten Mitarbeitende und Chefs achten - Organisator","description":"Landesweit ist Arbeiten im Homeoffice gewissermassen zur Pflicht geworden. Wir haben ein paar wichtige Punkte zu einer Checkliste zusammengestellt.","robots":{"index":"index","follow":"follow","max-snippet":"max-snippet:-1","max-image-preview":"max-image-preview:large","max-video-preview":"max-video-preview:-1"},"canonical":"https:\/\/www.organisator.ch\/de\/management\/2020-03-19\/arbeiten-im-homeoffice-darauf-sollten-mitarbeitende-und-chefs-achten\/","og_locale":"de_DE","og_type":"article","og_title":"Arbeiten im Homeoffice: Darauf sollten Mitarbeitende und Chefs achten","og_description":"Landesweit ist Arbeiten im Homeoffice gewissermassen zur Pflicht geworden. Wir haben ein paar wichtige Punkte zu einer Checkliste zusammengestellt.","og_url":"https:\/\/www.organisator.ch\/de\/management\/2020-03-19\/arbeiten-im-homeoffice-darauf-sollten-mitarbeitende-und-chefs-achten\/","og_site_name":"Organisator","article_publisher":"https:\/\/www.facebook.com\/OrganisatorFachmagazin","article_published_time":"2020-03-19T09:42:51+00:00","og_image":[{"width":680,"height":453,"url":"https:\/\/www.organisator.ch\/wp-content\/uploads\/2020\/03\/Arbeiten-im-Homeoffice-Darauf-sollten-Mitarbeitende-und-Chefs-achten_Organisator.jpg","type":"image\/jpeg"}],"author":"thomas.berner","twitter_card":"summary_large_image","twitter_title":"Arbeiten im #Homeoffice: Darauf sollten Mitarbeitende und Chefs achten","twitter_description":"Landesweit ist Arbeiten im #Homeoffice gewissermassen zur Pflicht geworden. Wir haben ein paar wichtige Punkte zu einer #Checkliste zusammengestellt.","twitter_image":"https:\/\/www.organisator.ch\/wp-content\/uploads\/2020\/03\/Arbeiten-im-Homeoffice-Darauf-sollten-Mitarbeitende-und-Chefs-achten_Organisator.jpg","schema":{"@context":"https:\/\/schema.org","@graph":[{"@type":"Article","@id":"https:\/\/www.organisator.ch\/management\/2020-03-19\/arbeiten-im-homeoffice-darauf-sollten-mitarbeitende-und-chefs-achten\/#article","isPartOf":{"@id":"https:\/\/www.organisator.ch\/management\/2020-03-19\/arbeiten-im-homeoffice-darauf-sollten-mitarbeitende-und-chefs-achten\/"},"author":{"name":"thomas.berner","@id":"https:\/\/www.organisator.ch\/#\/schema\/person\/6f650f90b2842cd4c0cc334b4e36f67e"},"headline":"Arbeiten im Homeoffice: Darauf sollten Mitarbeitende und Chefs achten","datePublished":"2020-03-19T09:42:51+00:00","mainEntityOfPage":{"@id":"https:\/\/www.organisator.ch\/management\/2020-03-19\/arbeiten-im-homeoffice-darauf-sollten-mitarbeitende-und-chefs-achten\/"},"wordCount":1060,"publisher":{"@id":"https:\/\/www.organisator.ch\/#organization"},"image":{"@id":"https:\/\/www.organisator.ch\/management\/2020-03-19\/arbeiten-im-homeoffice-darauf-sollten-mitarbeitende-und-chefs-achten\/#primaryimage"},"thumbnailUrl":"https:\/\/www.organisator.ch\/wp-content\/uploads\/2020\/03\/Arbeiten-im-Homeoffice-Darauf-sollten-Mitarbeitende-und-Chefs-achten_Organisator.jpg","keywords":["Arbeitsplatzgestaltung","Checklisten","Management und Unternehmensf\u00fchrung"],"articleSection":["MANAGEMENT"],"inLanguage":"de"},{"@type":"WebPage","@id":"https:\/\/www.organisator.ch\/management\/2020-03-19\/arbeiten-im-homeoffice-darauf-sollten-mitarbeitende-und-chefs-achten\/","url":"https:\/\/www.organisator.ch\/management\/2020-03-19\/arbeiten-im-homeoffice-darauf-sollten-mitarbeitende-und-chefs-achten\/","name":"Arbeiten im Homeoffice: Darauf sollten Mitarbeitende und Chefs achten - Organisator","isPartOf":{"@id":"https:\/\/www.organisator.ch\/#website"},"primaryImageOfPage":{"@id":"https:\/\/www.organisator.ch\/management\/2020-03-19\/arbeiten-im-homeoffice-darauf-sollten-mitarbeitende-und-chefs-achten\/#primaryimage"},"image":{"@id":"https:\/\/www.organisator.ch\/management\/2020-03-19\/arbeiten-im-homeoffice-darauf-sollten-mitarbeitende-und-chefs-achten\/#primaryimage"},"thumbnailUrl":"https:\/\/www.organisator.ch\/wp-content\/uploads\/2020\/03\/Arbeiten-im-Homeoffice-Darauf-sollten-Mitarbeitende-und-Chefs-achten_Organisator.jpg","datePublished":"2020-03-19T09:42:51+00:00","description":"Landesweit ist Arbeiten im Homeoffice gewissermassen zur Pflicht geworden. Wir haben ein paar wichtige Punkte zu einer Checkliste zusammengestellt.","breadcrumb":{"@id":"https:\/\/www.organisator.ch\/management\/2020-03-19\/arbeiten-im-homeoffice-darauf-sollten-mitarbeitende-und-chefs-achten\/#breadcrumb"},"inLanguage":"de","potentialAction":[{"@type":"ReadAction","target":["https:\/\/www.organisator.ch\/management\/2020-03-19\/arbeiten-im-homeoffice-darauf-sollten-mitarbeitende-und-chefs-achten\/"]}]},{"@type":"ImageObject","inLanguage":"de","@id":"https:\/\/www.organisator.ch\/management\/2020-03-19\/arbeiten-im-homeoffice-darauf-sollten-mitarbeitende-und-chefs-achten\/#primaryimage","url":"https:\/\/www.organisator.ch\/wp-content\/uploads\/2020\/03\/Arbeiten-im-Homeoffice-Darauf-sollten-Mitarbeitende-und-Chefs-achten_Organisator.jpg","contentUrl":"https:\/\/www.organisator.ch\/wp-content\/uploads\/2020\/03\/Arbeiten-im-Homeoffice-Darauf-sollten-Mitarbeitende-und-Chefs-achten_Organisator.jpg","width":680,"height":453,"caption":"Alles bereit f\u00fcr das Arbeiten im Homeoffice. (Bild: Pixabay.com)"},{"@type":"BreadcrumbList","@id":"https:\/\/www.organisator.ch\/management\/2020-03-19\/arbeiten-im-homeoffice-darauf-sollten-mitarbeitende-und-chefs-achten\/#breadcrumb","itemListElement":[{"@type":"ListItem","position":1,"name":"Home","item":"https:\/\/www.organisator.ch\/"},{"@type":"ListItem","position":2,"name":"Arbeiten im Homeoffice: Darauf sollten Mitarbeitende und Chefs achten"}]},{"@type":"WebSite","@id":"https:\/\/www.organisator.ch\/#website","url":"https:\/\/www.organisator.ch\/","name":"Organisator","description":"Kompetent. Praxisnah. Der ORGANISATOR bereitet in 10 Ausgaben pro Jahr die wesentlichen Themen f\u00fcr F\u00fchrungskr\u00e4fte von KMU auf.","publisher":{"@id":"https:\/\/www.organisator.ch\/#organization"},"potentialAction":[{"@type":"SearchAction","target":{"@type":"EntryPoint","urlTemplate":"https:\/\/www.organisator.ch\/?s={search_term_string}"},"query-input":{"@type":"PropertyValueSpecification","valueRequired":true,"valueName":"search_term_string"}}],"inLanguage":"de"},{"@type":"Organization","@id":"https:\/\/www.organisator.ch\/#organization","name":"Organisator","url":"https:\/\/www.organisator.ch\/","logo":{"@type":"ImageObject","inLanguage":"de","@id":"https:\/\/www.organisator.ch\/#\/schema\/logo\/image\/","url":"https:\/\/www.organisator.ch\/wp-content\/uploads\/2022\/01\/Logo_Organisator_Website.png","contentUrl":"https:\/\/www.organisator.ch\/wp-content\/uploads\/2022\/01\/Logo_Organisator_Website.png","width":800,"height":77,"caption":"Organisator"},"image":{"@id":"https:\/\/www.organisator.ch\/#\/schema\/logo\/image\/"},"sameAs":["https:\/\/www.facebook.com\/OrganisatorFachmagazin","https:\/\/www.linkedin.com\/showcase\/organisator-das-magazin-fr-kmu","https:\/\/www.xing.com\/news\/pages\/organisator-ch-695","https:\/\/www.youtube.com\/channel\/UCGP2Sq0iWaZwT3BdIAQFYpw"]},{"@type":"Person","@id":"https:\/\/www.organisator.ch\/#\/schema\/person\/6f650f90b2842cd4c0cc334b4e36f67e","name":"thomas.berner","image":{"@type":"ImageObject","inLanguage":"de","@id":"https:\/\/secure.gravatar.com\/avatar\/ac5001d2a36cb6c6cd3e50789007ffca834b477b74a2144564522e944eabff61?s=96&d=mm&r=g","url":"https:\/\/secure.gravatar.com\/avatar\/ac5001d2a36cb6c6cd3e50789007ffca834b477b74a2144564522e944eabff61?s=96&d=mm&r=g","contentUrl":"https:\/\/secure.gravatar.com\/avatar\/ac5001d2a36cb6c6cd3e50789007ffca834b477b74a2144564522e944eabff61?s=96&d=mm&r=g","caption":"thomas.berner"},"url":"https:\/\/www.organisator.ch\/de\/author\/thomas-berner\/"}]}},"_links":{"self":[{"href":"https:\/\/www.organisator.ch\/de\/wp-json\/wp\/v2\/posts\/6481","targetHints":{"allow":["GET"]}}],"collection":[{"href":"https:\/\/www.organisator.ch\/de\/wp-json\/wp\/v2\/posts"}],"about":[{"href":"https:\/\/www.organisator.ch\/de\/wp-json\/wp\/v2\/types\/post"}],"author":[{"embeddable":true,"href":"https:\/\/www.organisator.ch\/de\/wp-json\/wp\/v2\/users\/4"}],"replies":[{"embeddable":true,"href":"https:\/\/www.organisator.ch\/de\/wp-json\/wp\/v2\/comments?post=6481"}],"version-history":[{"count":0,"href":"https:\/\/www.organisator.ch\/de\/wp-json\/wp\/v2\/posts\/6481\/revisions"}],"wp:featuredmedia":[{"embeddable":true,"href":"https:\/\/www.organisator.ch\/de\/wp-json\/wp\/v2\/media\/6483"}],"wp:attachment":[{"href":"https:\/\/www.organisator.ch\/de\/wp-json\/wp\/v2\/media?parent=6481"}],"wp:term":[{"taxonomy":"category","embeddable":true,"href":"https:\/\/www.organisator.ch\/de\/wp-json\/wp\/v2\/categories?post=6481"},{"taxonomy":"post_tag","embeddable":true,"href":"https:\/\/www.organisator.ch\/de\/wp-json\/wp\/v2\/tags?post=6481"}],"curies":[{"name":"wp","href":"https:\/\/api.w.org\/{rel}","templated":true}]}}