{"id":6516,"date":"2020-03-26T14:06:10","date_gmt":"2020-03-26T13:06:10","guid":{"rendered":"https:\/\/www.organisator.ch\/?p=6516"},"modified":"2020-03-26T14:06:10","modified_gmt":"2020-03-26T13:06:10","slug":"zu-viele-ungeschuetzte-outlook-postfaecher-wegen-homeoffice","status":"publish","type":"post","link":"https:\/\/www.organisator.ch\/de\/management\/it\/2020-03-26\/zu-viele-ungeschuetzte-outlook-postfaecher-wegen-homeoffice\/","title":{"rendered":"Zu viele ungesch\u00fctzte Outlook-Postf\u00e4cher wegen Homeoffice"},"content":{"rendered":"<figure id=\"attachment_6517\" aria-describedby=\"caption-attachment-6517\" style=\"width: 680px\" class=\"wp-caption alignnone\"><img loading=\"lazy\" decoding=\"async\" class=\"size-medium wp-image-6517\" src=\"https:\/\/www.organisator.ch\/wp-content\/uploads\/2020\/03\/Zu-viele-ungeschuetzte-Outlook-Postfaecher-wegen-Homeoffice-1_Organisator.jpg\" alt=\"\" width=\"680\" height=\"453\" srcset=\"https:\/\/www.organisator.ch\/wp-content\/uploads\/2020\/03\/Zu-viele-ungeschuetzte-Outlook-Postfaecher-wegen-Homeoffice-1_Organisator.jpg 680w, https:\/\/www.organisator.ch\/wp-content\/uploads\/2020\/03\/Zu-viele-ungeschuetzte-Outlook-Postfaecher-wegen-Homeoffice-1_Organisator-16x12.jpg 16w, https:\/\/www.organisator.ch\/wp-content\/uploads\/2020\/03\/Zu-viele-ungeschuetzte-Outlook-Postfaecher-wegen-Homeoffice-1_Organisator-263x175.jpg 263w, https:\/\/www.organisator.ch\/wp-content\/uploads\/2020\/03\/Zu-viele-ungeschuetzte-Outlook-Postfaecher-wegen-Homeoffice-1_Organisator-525x350.jpg 525w, https:\/\/www.organisator.ch\/wp-content\/uploads\/2020\/03\/Zu-viele-ungeschuetzte-Outlook-Postfaecher-wegen-Homeoffice-1_Organisator-300x200.jpg 300w\" sizes=\"auto, (max-width: 680px) 100vw, 680px\" \/><figcaption id=\"caption-attachment-6517\" class=\"wp-caption-text\">Ungesch\u00fctzte Outlook-Postf\u00e4cher im Homeoffice sind ein Sicherheitsrisiko f\u00fcr Unternehmen. (Bild: Pixabay.com)<\/figcaption><\/figure>\n<p>Viele Mitarbeiter mussten wegen der Corona-Pandemie kurzfristig ins Homeoffice wechseln. Diese Umstellung\u00a0 bedeutet f\u00fcr viele Unternehmen die einzige M\u00f6glichkeit, um den Betrieb weitestgehend aufrecht zu erhalten. Allerdings sind nur wenige Firmen vollumf\u00e4nglich auf diese Lage vorbereitet gewesen, weswegen manche Prozesse nun Hals \u00fcber Kopf umgesetzt wurden \u2013 das f\u00fchrt nun zu einer neuen und sehr gef\u00e4hrlichen Bedrohung.<\/p>\n<h2>Viele ungesch\u00fctzte Outlook-Postf\u00e4cher<\/h2>\n<p>Sicherheitsforscher von Check Point Research, der Threat Intelligence-Abteilung von Check Point\u00ae Software Technologies Ltd. schlagen Alarm: Die Outlook-Postf\u00e4cher vieler Unternehmen liegen frei zug\u00e4nglich und ungesch\u00fctzt im Internet offen, wie Check Point Research warnt. Grund daf\u00fcr ist, dass die Unternehmen die Outlook Web Application (OWA) einsetzen, die das Postfach im Browser \u00f6ffnet, statt \u00fcber das installierbare Desktop-Programm. Sie wollen damit auf die Tatsache reagieren, dass viele Mitarbeiter ihre privaten Endger\u00e4te benutzen, oder mangels Vorbereitung benutzen m\u00fcssen, und nat\u00fcrlich keine Microsoft-Office-Lizenz f\u00fcr ihre eigenen Ger\u00e4te zur Verf\u00fcgung haben. Die OWA ist dagegen frei benutzbar \u2013 und reisst nun ein grosses Loch in die IT-Absicherung.<\/p>\n<h2>DACH-Region stark gef\u00e4hrdet<\/h2>\n<p>Auf der \u00dcbersichtsseite shodan.io landet Deutschland mit fast 50\u2019000 gefundenen, offenen Ports bereits auf Platz zwei, hinter den USA. Die Schweiz folgt mit knapp 8\u2019000 offenen Ports auf Platz 7 und \u00d6sterreich mit rund 6\u2019500 Ports noch auf Platz 10. Damit ist die DACH-Region geschlossen unter den zehn am st\u00e4rksten gef\u00e4hrdeten L\u00e4ndern versammelt und macht von deren derzeit knapp \u00fcber 180\u2019000 offenen Ports mehr als ein Drittel aus.<\/p>\n<figure id=\"attachment_6518\" aria-describedby=\"caption-attachment-6518\" style=\"width: 680px\" class=\"wp-caption alignnone\"><img loading=\"lazy\" decoding=\"async\" class=\"size-medium wp-image-6518\" src=\"https:\/\/www.organisator.ch\/wp-content\/uploads\/2020\/03\/Zu-viele-ungeschuetzte-Outlook-Postfaecher-wegen-Homeoffice-2_Organisator.jpg\" alt=\"\" width=\"680\" height=\"189\" srcset=\"https:\/\/www.organisator.ch\/wp-content\/uploads\/2020\/03\/Zu-viele-ungeschuetzte-Outlook-Postfaecher-wegen-Homeoffice-2_Organisator.jpg 680w, https:\/\/www.organisator.ch\/wp-content\/uploads\/2020\/03\/Zu-viele-ungeschuetzte-Outlook-Postfaecher-wegen-Homeoffice-2_Organisator-16x4.jpg 16w, https:\/\/www.organisator.ch\/wp-content\/uploads\/2020\/03\/Zu-viele-ungeschuetzte-Outlook-Postfaecher-wegen-Homeoffice-2_Organisator-375x104.jpg 375w, https:\/\/www.organisator.ch\/wp-content\/uploads\/2020\/03\/Zu-viele-ungeschuetzte-Outlook-Postfaecher-wegen-Homeoffice-2_Organisator-300x83.jpg 300w\" sizes=\"auto, (max-width: 680px) 100vw, 680px\" \/><figcaption id=\"caption-attachment-6518\" class=\"wp-caption-text\">Auch die Schweiz z\u00e4hlt viele offene Ports. (Grafik: Checkpoint)<\/figcaption><\/figure>\n<p>\u201eWir k\u00f6nnen nur allen Unternehmen raten, diese offenen Ports umgehend zu schliessen und auf Schutzmassnahmen erfahrener Sicherheitsanbieter als zus\u00e4tzliche Abschirmung zur\u00fcckzugreifen. Andernfalls ist einer ihrer sensibelsten Bereiche, der gesamte E-Mail-Verkehr, frei im Internet einsehbar und damit Angreifern schutzlos ausgeliefert,\u201c warnt Sonja Meindl, Country Manager Schweiz und \u00d6sterreich bei Check Point.<\/p>\n<p><em>Quelle: <a href=\"https:\/\/research.checkpoint.com\/\">https:\/\/research.checkpoint.com\/<\/a><\/em><\/p>\n","protected":false},"excerpt":{"rendered":"<p>Viele Mitarbeiter mussten wegen der Corona-Pandemie kurzfristig ins Homeoffice wechseln. Diese Umstellung\u00a0 bedeutet f\u00fcr viele Unternehmen die einzige M\u00f6glichkeit, um den Betrieb weitestgehend aufrecht zu erhalten. Allerdings sind nur wenige Firmen vollumf\u00e4nglich auf diese Lage vorbereitet gewesen, weswegen manche Prozesse nun Hals \u00fcber Kopf umgesetzt wurden \u2013 das f\u00fchrt nun zu einer neuen und sehr [&hellip;]<\/p>\n","protected":false},"author":4,"featured_media":6517,"comment_status":"closed","ping_status":"closed","sticky":false,"template":"","format":"standard","meta":{"_acf_changed":false,"_yoast_wpseo_focuskw":"ungesch\u00fctzte Outlook-Postf\u00e4cher","_yoast_wpseo_metadesc":"IT-Sicherheit im Homeoffice: Spezialisten schlagen nun Alarm. Denn viele ungesch\u00fctzte Outlook-Postf\u00e4cher \u00f6ffnen Cyberkriminellen T\u00fcr und Tor.","articlekey":"","footnotes":""},"categories":[27],"tags":[132,260,286],"class_list":["post-6516","post","type-post","status-publish","format-standard","has-post-thumbnail","hentry","category-it","tag-coronavirus","tag-ict-sicherheit","tag-it"],"acf":[],"yoast_head":"<!-- This site is optimized with the Yoast SEO plugin v27.5 - https:\/\/yoast.com\/product\/yoast-seo-wordpress\/ -->\n<title>Zu viele ungesch\u00fctzte Outlook-Postf\u00e4cher wegen Homeoffice - Organisator<\/title>\n<meta name=\"description\" content=\"IT-Sicherheit im Homeoffice: Spezialisten schlagen nun Alarm. Denn viele ungesch\u00fctzte Outlook-Postf\u00e4cher \u00f6ffnen Cyberkriminellen T\u00fcr und Tor.\" \/>\n<meta name=\"robots\" content=\"index, follow, max-snippet:-1, max-image-preview:large, max-video-preview:-1\" \/>\n<link rel=\"canonical\" href=\"https:\/\/www.organisator.ch\/de\/management\/it\/2020-03-26\/zu-viele-ungeschuetzte-outlook-postfaecher-wegen-homeoffice\/\" \/>\n<meta property=\"og:locale\" content=\"de_DE\" \/>\n<meta property=\"og:type\" content=\"article\" \/>\n<meta property=\"og:title\" content=\"Zu viele ungesch\u00fctzte Outlook-Postf\u00e4cher wegen Homeoffice\" \/>\n<meta property=\"og:description\" content=\"IT-Sicherheit im Homeoffice: Spezialisten schlagen nun Alarm. Denn viele ungesch\u00fctzte Outlook-Postf\u00e4cher \u00f6ffnen Cyberkriminellen T\u00fcr und Tor.\" \/>\n<meta property=\"og:url\" content=\"https:\/\/www.organisator.ch\/de\/management\/it\/2020-03-26\/zu-viele-ungeschuetzte-outlook-postfaecher-wegen-homeoffice\/\" \/>\n<meta property=\"og:site_name\" content=\"Organisator\" \/>\n<meta property=\"article:publisher\" content=\"https:\/\/www.facebook.com\/OrganisatorFachmagazin\" \/>\n<meta property=\"article:published_time\" content=\"2020-03-26T13:06:10+00:00\" \/>\n<meta property=\"og:image\" content=\"https:\/\/www.organisator.ch\/wp-content\/uploads\/2020\/03\/Zu-viele-ungeschuetzte-Outlook-Postfaecher-wegen-Homeoffice-1_Organisator.jpg\" \/>\n\t<meta property=\"og:image:width\" content=\"680\" \/>\n\t<meta property=\"og:image:height\" content=\"453\" \/>\n\t<meta property=\"og:image:type\" content=\"image\/jpeg\" \/>\n<meta name=\"author\" content=\"thomas.berner\" \/>\n<meta name=\"twitter:card\" content=\"summary_large_image\" \/>\n<meta name=\"twitter:title\" content=\"Zu viele ungesch\u00fctzte #Outlook-Postf\u00e4cher wegen #Homeoffice\" \/>\n<meta name=\"twitter:description\" content=\"#IT-Sicherheit im #Homeoffice: Spezialisten schlagen nun Alarm. Denn viele ungesch\u00fctzte #Outlook-Postf\u00e4cher \u00f6ffnen #Cyberkriminellen T\u00fcr und Tor.\" \/>\n<meta name=\"twitter:image\" content=\"https:\/\/www.organisator.ch\/wp-content\/uploads\/2020\/03\/Zu-viele-ungeschuetzte-Outlook-Postfaecher-wegen-Homeoffice-1_Organisator.jpg\" \/>\n<script type=\"application\/ld+json\" class=\"yoast-schema-graph\">{\"@context\":\"https:\\\/\\\/schema.org\",\"@graph\":[{\"@type\":\"Article\",\"@id\":\"https:\\\/\\\/www.organisator.ch\\\/management\\\/it\\\/2020-03-26\\\/zu-viele-ungeschuetzte-outlook-postfaecher-wegen-homeoffice\\\/#article\",\"isPartOf\":{\"@id\":\"https:\\\/\\\/www.organisator.ch\\\/management\\\/it\\\/2020-03-26\\\/zu-viele-ungeschuetzte-outlook-postfaecher-wegen-homeoffice\\\/\"},\"author\":{\"name\":\"thomas.berner\",\"@id\":\"https:\\\/\\\/www.organisator.ch\\\/#\\\/schema\\\/person\\\/6f650f90b2842cd4c0cc334b4e36f67e\"},\"headline\":\"Zu viele ungesch\u00fctzte Outlook-Postf\u00e4cher wegen Homeoffice\",\"datePublished\":\"2020-03-26T13:06:10+00:00\",\"mainEntityOfPage\":{\"@id\":\"https:\\\/\\\/www.organisator.ch\\\/management\\\/it\\\/2020-03-26\\\/zu-viele-ungeschuetzte-outlook-postfaecher-wegen-homeoffice\\\/\"},\"wordCount\":352,\"publisher\":{\"@id\":\"https:\\\/\\\/www.organisator.ch\\\/#organization\"},\"image\":{\"@id\":\"https:\\\/\\\/www.organisator.ch\\\/management\\\/it\\\/2020-03-26\\\/zu-viele-ungeschuetzte-outlook-postfaecher-wegen-homeoffice\\\/#primaryimage\"},\"thumbnailUrl\":\"https:\\\/\\\/www.organisator.ch\\\/wp-content\\\/uploads\\\/2020\\\/03\\\/Zu-viele-ungeschuetzte-Outlook-Postfaecher-wegen-Homeoffice-1_Organisator.jpg\",\"keywords\":[\"Coronavirus\",\"ICT-Sicherheit\",\"IT\"],\"articleSection\":[\"IT\"],\"inLanguage\":\"de\"},{\"@type\":\"WebPage\",\"@id\":\"https:\\\/\\\/www.organisator.ch\\\/management\\\/it\\\/2020-03-26\\\/zu-viele-ungeschuetzte-outlook-postfaecher-wegen-homeoffice\\\/\",\"url\":\"https:\\\/\\\/www.organisator.ch\\\/management\\\/it\\\/2020-03-26\\\/zu-viele-ungeschuetzte-outlook-postfaecher-wegen-homeoffice\\\/\",\"name\":\"Zu viele ungesch\u00fctzte Outlook-Postf\u00e4cher wegen Homeoffice - Organisator\",\"isPartOf\":{\"@id\":\"https:\\\/\\\/www.organisator.ch\\\/#website\"},\"primaryImageOfPage\":{\"@id\":\"https:\\\/\\\/www.organisator.ch\\\/management\\\/it\\\/2020-03-26\\\/zu-viele-ungeschuetzte-outlook-postfaecher-wegen-homeoffice\\\/#primaryimage\"},\"image\":{\"@id\":\"https:\\\/\\\/www.organisator.ch\\\/management\\\/it\\\/2020-03-26\\\/zu-viele-ungeschuetzte-outlook-postfaecher-wegen-homeoffice\\\/#primaryimage\"},\"thumbnailUrl\":\"https:\\\/\\\/www.organisator.ch\\\/wp-content\\\/uploads\\\/2020\\\/03\\\/Zu-viele-ungeschuetzte-Outlook-Postfaecher-wegen-Homeoffice-1_Organisator.jpg\",\"datePublished\":\"2020-03-26T13:06:10+00:00\",\"description\":\"IT-Sicherheit im Homeoffice: Spezialisten schlagen nun Alarm. Denn viele ungesch\u00fctzte Outlook-Postf\u00e4cher \u00f6ffnen Cyberkriminellen T\u00fcr und Tor.\",\"breadcrumb\":{\"@id\":\"https:\\\/\\\/www.organisator.ch\\\/management\\\/it\\\/2020-03-26\\\/zu-viele-ungeschuetzte-outlook-postfaecher-wegen-homeoffice\\\/#breadcrumb\"},\"inLanguage\":\"de\",\"potentialAction\":[{\"@type\":\"ReadAction\",\"target\":[\"https:\\\/\\\/www.organisator.ch\\\/management\\\/it\\\/2020-03-26\\\/zu-viele-ungeschuetzte-outlook-postfaecher-wegen-homeoffice\\\/\"]}]},{\"@type\":\"ImageObject\",\"inLanguage\":\"de\",\"@id\":\"https:\\\/\\\/www.organisator.ch\\\/management\\\/it\\\/2020-03-26\\\/zu-viele-ungeschuetzte-outlook-postfaecher-wegen-homeoffice\\\/#primaryimage\",\"url\":\"https:\\\/\\\/www.organisator.ch\\\/wp-content\\\/uploads\\\/2020\\\/03\\\/Zu-viele-ungeschuetzte-Outlook-Postfaecher-wegen-Homeoffice-1_Organisator.jpg\",\"contentUrl\":\"https:\\\/\\\/www.organisator.ch\\\/wp-content\\\/uploads\\\/2020\\\/03\\\/Zu-viele-ungeschuetzte-Outlook-Postfaecher-wegen-Homeoffice-1_Organisator.jpg\",\"width\":680,\"height\":453,\"caption\":\"Ungesch\u00fctzte Outlook-Postf\u00e4cher im Homeoffice sind ein Sicherheitsrisiko f\u00fcr Unternehmen. (Bild: Pixabay.com)\"},{\"@type\":\"BreadcrumbList\",\"@id\":\"https:\\\/\\\/www.organisator.ch\\\/management\\\/it\\\/2020-03-26\\\/zu-viele-ungeschuetzte-outlook-postfaecher-wegen-homeoffice\\\/#breadcrumb\",\"itemListElement\":[{\"@type\":\"ListItem\",\"position\":1,\"name\":\"Home\",\"item\":\"https:\\\/\\\/www.organisator.ch\\\/\"},{\"@type\":\"ListItem\",\"position\":2,\"name\":\"Zu viele ungesch\u00fctzte Outlook-Postf\u00e4cher wegen Homeoffice\"}]},{\"@type\":\"WebSite\",\"@id\":\"https:\\\/\\\/www.organisator.ch\\\/#website\",\"url\":\"https:\\\/\\\/www.organisator.ch\\\/\",\"name\":\"Organisator\",\"description\":\"Kompetent. Praxisnah. Der ORGANISATOR bereitet in 10 Ausgaben pro Jahr die wesentlichen Themen f\u00fcr F\u00fchrungskr\u00e4fte von KMU auf.\",\"publisher\":{\"@id\":\"https:\\\/\\\/www.organisator.ch\\\/#organization\"},\"potentialAction\":[{\"@type\":\"SearchAction\",\"target\":{\"@type\":\"EntryPoint\",\"urlTemplate\":\"https:\\\/\\\/www.organisator.ch\\\/?s={search_term_string}\"},\"query-input\":{\"@type\":\"PropertyValueSpecification\",\"valueRequired\":true,\"valueName\":\"search_term_string\"}}],\"inLanguage\":\"de\"},{\"@type\":\"Organization\",\"@id\":\"https:\\\/\\\/www.organisator.ch\\\/#organization\",\"name\":\"Organisator\",\"url\":\"https:\\\/\\\/www.organisator.ch\\\/\",\"logo\":{\"@type\":\"ImageObject\",\"inLanguage\":\"de\",\"@id\":\"https:\\\/\\\/www.organisator.ch\\\/#\\\/schema\\\/logo\\\/image\\\/\",\"url\":\"https:\\\/\\\/www.organisator.ch\\\/wp-content\\\/uploads\\\/2022\\\/01\\\/Logo_Organisator_Website.png\",\"contentUrl\":\"https:\\\/\\\/www.organisator.ch\\\/wp-content\\\/uploads\\\/2022\\\/01\\\/Logo_Organisator_Website.png\",\"width\":800,\"height\":77,\"caption\":\"Organisator\"},\"image\":{\"@id\":\"https:\\\/\\\/www.organisator.ch\\\/#\\\/schema\\\/logo\\\/image\\\/\"},\"sameAs\":[\"https:\\\/\\\/www.facebook.com\\\/OrganisatorFachmagazin\",\"https:\\\/\\\/www.linkedin.com\\\/showcase\\\/organisator-das-magazin-fr-kmu\",\"https:\\\/\\\/www.xing.com\\\/news\\\/pages\\\/organisator-ch-695\",\"https:\\\/\\\/www.youtube.com\\\/channel\\\/UCGP2Sq0iWaZwT3BdIAQFYpw\"]},{\"@type\":\"Person\",\"@id\":\"https:\\\/\\\/www.organisator.ch\\\/#\\\/schema\\\/person\\\/6f650f90b2842cd4c0cc334b4e36f67e\",\"name\":\"thomas.berner\",\"image\":{\"@type\":\"ImageObject\",\"inLanguage\":\"de\",\"@id\":\"https:\\\/\\\/secure.gravatar.com\\\/avatar\\\/ac5001d2a36cb6c6cd3e50789007ffca834b477b74a2144564522e944eabff61?s=96&d=mm&r=g\",\"url\":\"https:\\\/\\\/secure.gravatar.com\\\/avatar\\\/ac5001d2a36cb6c6cd3e50789007ffca834b477b74a2144564522e944eabff61?s=96&d=mm&r=g\",\"contentUrl\":\"https:\\\/\\\/secure.gravatar.com\\\/avatar\\\/ac5001d2a36cb6c6cd3e50789007ffca834b477b74a2144564522e944eabff61?s=96&d=mm&r=g\",\"caption\":\"thomas.berner\"},\"url\":\"https:\\\/\\\/www.organisator.ch\\\/de\\\/author\\\/thomas-berner\\\/\"}]}<\/script>\n<!-- \/ Yoast SEO plugin. -->","yoast_head_json":{"title":"Zu viele ungesch\u00fctzte Outlook-Postf\u00e4cher wegen Homeoffice - Organisator","description":"IT-Sicherheit im Homeoffice: Spezialisten schlagen nun Alarm. Denn viele ungesch\u00fctzte Outlook-Postf\u00e4cher \u00f6ffnen Cyberkriminellen T\u00fcr und Tor.","robots":{"index":"index","follow":"follow","max-snippet":"max-snippet:-1","max-image-preview":"max-image-preview:large","max-video-preview":"max-video-preview:-1"},"canonical":"https:\/\/www.organisator.ch\/de\/management\/it\/2020-03-26\/zu-viele-ungeschuetzte-outlook-postfaecher-wegen-homeoffice\/","og_locale":"de_DE","og_type":"article","og_title":"Zu viele ungesch\u00fctzte Outlook-Postf\u00e4cher wegen Homeoffice","og_description":"IT-Sicherheit im Homeoffice: Spezialisten schlagen nun Alarm. Denn viele ungesch\u00fctzte Outlook-Postf\u00e4cher \u00f6ffnen Cyberkriminellen T\u00fcr und Tor.","og_url":"https:\/\/www.organisator.ch\/de\/management\/it\/2020-03-26\/zu-viele-ungeschuetzte-outlook-postfaecher-wegen-homeoffice\/","og_site_name":"Organisator","article_publisher":"https:\/\/www.facebook.com\/OrganisatorFachmagazin","article_published_time":"2020-03-26T13:06:10+00:00","og_image":[{"width":680,"height":453,"url":"https:\/\/www.organisator.ch\/wp-content\/uploads\/2020\/03\/Zu-viele-ungeschuetzte-Outlook-Postfaecher-wegen-Homeoffice-1_Organisator.jpg","type":"image\/jpeg"}],"author":"thomas.berner","twitter_card":"summary_large_image","twitter_title":"Zu viele ungesch\u00fctzte #Outlook-Postf\u00e4cher wegen #Homeoffice","twitter_description":"#IT-Sicherheit im #Homeoffice: Spezialisten schlagen nun Alarm. Denn viele ungesch\u00fctzte #Outlook-Postf\u00e4cher \u00f6ffnen #Cyberkriminellen T\u00fcr und Tor.","twitter_image":"https:\/\/www.organisator.ch\/wp-content\/uploads\/2020\/03\/Zu-viele-ungeschuetzte-Outlook-Postfaecher-wegen-Homeoffice-1_Organisator.jpg","schema":{"@context":"https:\/\/schema.org","@graph":[{"@type":"Article","@id":"https:\/\/www.organisator.ch\/management\/it\/2020-03-26\/zu-viele-ungeschuetzte-outlook-postfaecher-wegen-homeoffice\/#article","isPartOf":{"@id":"https:\/\/www.organisator.ch\/management\/it\/2020-03-26\/zu-viele-ungeschuetzte-outlook-postfaecher-wegen-homeoffice\/"},"author":{"name":"thomas.berner","@id":"https:\/\/www.organisator.ch\/#\/schema\/person\/6f650f90b2842cd4c0cc334b4e36f67e"},"headline":"Zu viele ungesch\u00fctzte Outlook-Postf\u00e4cher wegen Homeoffice","datePublished":"2020-03-26T13:06:10+00:00","mainEntityOfPage":{"@id":"https:\/\/www.organisator.ch\/management\/it\/2020-03-26\/zu-viele-ungeschuetzte-outlook-postfaecher-wegen-homeoffice\/"},"wordCount":352,"publisher":{"@id":"https:\/\/www.organisator.ch\/#organization"},"image":{"@id":"https:\/\/www.organisator.ch\/management\/it\/2020-03-26\/zu-viele-ungeschuetzte-outlook-postfaecher-wegen-homeoffice\/#primaryimage"},"thumbnailUrl":"https:\/\/www.organisator.ch\/wp-content\/uploads\/2020\/03\/Zu-viele-ungeschuetzte-Outlook-Postfaecher-wegen-Homeoffice-1_Organisator.jpg","keywords":["Coronavirus","ICT-Sicherheit","IT"],"articleSection":["IT"],"inLanguage":"de"},{"@type":"WebPage","@id":"https:\/\/www.organisator.ch\/management\/it\/2020-03-26\/zu-viele-ungeschuetzte-outlook-postfaecher-wegen-homeoffice\/","url":"https:\/\/www.organisator.ch\/management\/it\/2020-03-26\/zu-viele-ungeschuetzte-outlook-postfaecher-wegen-homeoffice\/","name":"Zu viele ungesch\u00fctzte Outlook-Postf\u00e4cher wegen Homeoffice - Organisator","isPartOf":{"@id":"https:\/\/www.organisator.ch\/#website"},"primaryImageOfPage":{"@id":"https:\/\/www.organisator.ch\/management\/it\/2020-03-26\/zu-viele-ungeschuetzte-outlook-postfaecher-wegen-homeoffice\/#primaryimage"},"image":{"@id":"https:\/\/www.organisator.ch\/management\/it\/2020-03-26\/zu-viele-ungeschuetzte-outlook-postfaecher-wegen-homeoffice\/#primaryimage"},"thumbnailUrl":"https:\/\/www.organisator.ch\/wp-content\/uploads\/2020\/03\/Zu-viele-ungeschuetzte-Outlook-Postfaecher-wegen-Homeoffice-1_Organisator.jpg","datePublished":"2020-03-26T13:06:10+00:00","description":"IT-Sicherheit im Homeoffice: Spezialisten schlagen nun Alarm. Denn viele ungesch\u00fctzte Outlook-Postf\u00e4cher \u00f6ffnen Cyberkriminellen T\u00fcr und Tor.","breadcrumb":{"@id":"https:\/\/www.organisator.ch\/management\/it\/2020-03-26\/zu-viele-ungeschuetzte-outlook-postfaecher-wegen-homeoffice\/#breadcrumb"},"inLanguage":"de","potentialAction":[{"@type":"ReadAction","target":["https:\/\/www.organisator.ch\/management\/it\/2020-03-26\/zu-viele-ungeschuetzte-outlook-postfaecher-wegen-homeoffice\/"]}]},{"@type":"ImageObject","inLanguage":"de","@id":"https:\/\/www.organisator.ch\/management\/it\/2020-03-26\/zu-viele-ungeschuetzte-outlook-postfaecher-wegen-homeoffice\/#primaryimage","url":"https:\/\/www.organisator.ch\/wp-content\/uploads\/2020\/03\/Zu-viele-ungeschuetzte-Outlook-Postfaecher-wegen-Homeoffice-1_Organisator.jpg","contentUrl":"https:\/\/www.organisator.ch\/wp-content\/uploads\/2020\/03\/Zu-viele-ungeschuetzte-Outlook-Postfaecher-wegen-Homeoffice-1_Organisator.jpg","width":680,"height":453,"caption":"Ungesch\u00fctzte Outlook-Postf\u00e4cher im Homeoffice sind ein Sicherheitsrisiko f\u00fcr Unternehmen. (Bild: Pixabay.com)"},{"@type":"BreadcrumbList","@id":"https:\/\/www.organisator.ch\/management\/it\/2020-03-26\/zu-viele-ungeschuetzte-outlook-postfaecher-wegen-homeoffice\/#breadcrumb","itemListElement":[{"@type":"ListItem","position":1,"name":"Home","item":"https:\/\/www.organisator.ch\/"},{"@type":"ListItem","position":2,"name":"Zu viele ungesch\u00fctzte Outlook-Postf\u00e4cher wegen Homeoffice"}]},{"@type":"WebSite","@id":"https:\/\/www.organisator.ch\/#website","url":"https:\/\/www.organisator.ch\/","name":"Organisator","description":"Kompetent. Praxisnah. Der ORGANISATOR bereitet in 10 Ausgaben pro Jahr die wesentlichen Themen f\u00fcr F\u00fchrungskr\u00e4fte von KMU auf.","publisher":{"@id":"https:\/\/www.organisator.ch\/#organization"},"potentialAction":[{"@type":"SearchAction","target":{"@type":"EntryPoint","urlTemplate":"https:\/\/www.organisator.ch\/?s={search_term_string}"},"query-input":{"@type":"PropertyValueSpecification","valueRequired":true,"valueName":"search_term_string"}}],"inLanguage":"de"},{"@type":"Organization","@id":"https:\/\/www.organisator.ch\/#organization","name":"Organisator","url":"https:\/\/www.organisator.ch\/","logo":{"@type":"ImageObject","inLanguage":"de","@id":"https:\/\/www.organisator.ch\/#\/schema\/logo\/image\/","url":"https:\/\/www.organisator.ch\/wp-content\/uploads\/2022\/01\/Logo_Organisator_Website.png","contentUrl":"https:\/\/www.organisator.ch\/wp-content\/uploads\/2022\/01\/Logo_Organisator_Website.png","width":800,"height":77,"caption":"Organisator"},"image":{"@id":"https:\/\/www.organisator.ch\/#\/schema\/logo\/image\/"},"sameAs":["https:\/\/www.facebook.com\/OrganisatorFachmagazin","https:\/\/www.linkedin.com\/showcase\/organisator-das-magazin-fr-kmu","https:\/\/www.xing.com\/news\/pages\/organisator-ch-695","https:\/\/www.youtube.com\/channel\/UCGP2Sq0iWaZwT3BdIAQFYpw"]},{"@type":"Person","@id":"https:\/\/www.organisator.ch\/#\/schema\/person\/6f650f90b2842cd4c0cc334b4e36f67e","name":"thomas.berner","image":{"@type":"ImageObject","inLanguage":"de","@id":"https:\/\/secure.gravatar.com\/avatar\/ac5001d2a36cb6c6cd3e50789007ffca834b477b74a2144564522e944eabff61?s=96&d=mm&r=g","url":"https:\/\/secure.gravatar.com\/avatar\/ac5001d2a36cb6c6cd3e50789007ffca834b477b74a2144564522e944eabff61?s=96&d=mm&r=g","contentUrl":"https:\/\/secure.gravatar.com\/avatar\/ac5001d2a36cb6c6cd3e50789007ffca834b477b74a2144564522e944eabff61?s=96&d=mm&r=g","caption":"thomas.berner"},"url":"https:\/\/www.organisator.ch\/de\/author\/thomas-berner\/"}]}},"_links":{"self":[{"href":"https:\/\/www.organisator.ch\/de\/wp-json\/wp\/v2\/posts\/6516","targetHints":{"allow":["GET"]}}],"collection":[{"href":"https:\/\/www.organisator.ch\/de\/wp-json\/wp\/v2\/posts"}],"about":[{"href":"https:\/\/www.organisator.ch\/de\/wp-json\/wp\/v2\/types\/post"}],"author":[{"embeddable":true,"href":"https:\/\/www.organisator.ch\/de\/wp-json\/wp\/v2\/users\/4"}],"replies":[{"embeddable":true,"href":"https:\/\/www.organisator.ch\/de\/wp-json\/wp\/v2\/comments?post=6516"}],"version-history":[{"count":0,"href":"https:\/\/www.organisator.ch\/de\/wp-json\/wp\/v2\/posts\/6516\/revisions"}],"wp:featuredmedia":[{"embeddable":true,"href":"https:\/\/www.organisator.ch\/de\/wp-json\/wp\/v2\/media\/6517"}],"wp:attachment":[{"href":"https:\/\/www.organisator.ch\/de\/wp-json\/wp\/v2\/media?parent=6516"}],"wp:term":[{"taxonomy":"category","embeddable":true,"href":"https:\/\/www.organisator.ch\/de\/wp-json\/wp\/v2\/categories?post=6516"},{"taxonomy":"post_tag","embeddable":true,"href":"https:\/\/www.organisator.ch\/de\/wp-json\/wp\/v2\/tags?post=6516"}],"curies":[{"name":"wp","href":"https:\/\/api.w.org\/{rel}","templated":true}]}}