{"id":6538,"date":"2020-04-01T15:33:19","date_gmt":"2020-04-01T13:33:19","guid":{"rendered":"https:\/\/www.organisator.ch\/?p=6538"},"modified":"2020-04-01T15:33:19","modified_gmt":"2020-04-01T13:33:19","slug":"iway-waechst-weiter-positiver-corona-impact","status":"publish","type":"post","link":"https:\/\/www.organisator.ch\/de\/management\/it\/2020-04-01\/iway-waechst-weiter-positiver-corona-impact\/","title":{"rendered":"iWay w\u00e4chst weiter &#8211; positiver Corona-Impact"},"content":{"rendered":"<figure id=\"attachment_6539\" aria-describedby=\"caption-attachment-6539\" style=\"width: 680px\" class=\"wp-caption alignnone\"><img loading=\"lazy\" decoding=\"async\" class=\"size-medium wp-image-6539\" src=\"https:\/\/www.organisator.ch\/wp-content\/uploads\/2020\/04\/iWay-waechst-weiter-positiver-Corona-Impact_Organisator.jpg\" alt=\"\" width=\"680\" height=\"337\" srcset=\"https:\/\/www.organisator.ch\/wp-content\/uploads\/2020\/04\/iWay-waechst-weiter-positiver-Corona-Impact_Organisator.jpg 680w, https:\/\/www.organisator.ch\/wp-content\/uploads\/2020\/04\/iWay-waechst-weiter-positiver-Corona-Impact_Organisator-16x8.jpg 16w, https:\/\/www.organisator.ch\/wp-content\/uploads\/2020\/04\/iWay-waechst-weiter-positiver-Corona-Impact_Organisator-353x175.jpg 353w, https:\/\/www.organisator.ch\/wp-content\/uploads\/2020\/04\/iWay-waechst-weiter-positiver-Corona-Impact_Organisator-300x149.jpg 300w\" sizes=\"auto, (max-width: 680px) 100vw, 680px\" \/><figcaption id=\"caption-attachment-6539\" class=\"wp-caption-text\">Positive Gesch\u00e4ftsaussichten auf f\u00fcr 2020: Internet Service Provider iWay.<\/figcaption><\/figure>\n<p>Der Internet Service Provider (ISP) iWay hat auch im vergangenen Jahr zulegen k\u00f6nnen. Das Unternehmen steigerte im Gesch\u00e4ftsjahr 2019 den Umsatz gegen\u00fcber dem Vorjahr um 12 Prozent auf von 26,1 auf 29,2 Millionen Franken. Im wichtigsten Gesch\u00e4ftsfeld Internet Access wuchs der Umsatz von von 15,8 um 6 Prozent auf 16,7 Millionen Franken. Auch im Bereich Internet-Telefonie konnte iWay weiter Marktanteile gewinnen. So betrug der Umsatz mit VoIP-Diensten (Voice over IP) 7,2 Millionen Franken, was einem Wachstum von 25 Prozent entspricht. Einen gewichtigen Beitrag am Erfolg des Full-Service-Providers leisteten auch 2019 wieder die Partner. Dank ihnen konnte der Anteil des indirekten Vertriebs von 54 auf 56 Prozent des Gesamtumsatzes gesteigert werden. Das anhaltend starke Ergebnis zeigt sich auch in der Schaffung neuer Stellen, wuchs doch der Personalbestand im Jahr 2019 von 44 auf 48 Mitarbeitende. F\u00fcr das laufende Jahr rechnet iWay mit einem weiteren Anstieg des Umsatzes um rund 10 Prozent. Auch sollen 2020 wieder neue Stellen, insbesondere im Marketing- und Support-Bereich, geschaffen werden. Gleichzeitig mit den Ergebnissen des vergangenen Gesch\u00e4ftsjahres k\u00fcndigte iWay anl\u00e4sslich seiner erstmals infolge der Corona-Krise per Video-Konferenz durchgef\u00fchrten Medienorientierung sein brandneues, ultraschnelles schweizweit verf\u00fcgbares Angebot mit bis zu 10 Gigabit pro Sekunde an.<\/p>\n<h2>iWay sp\u00fcrt kaum negative Auswirkungen von Corona<\/h2>\n<p>Gesch\u00e4ftsf\u00fchrer Matthias Oswald ist auch f\u00fcr das laufende Gesch\u00e4ftsjahr zuversichtlich. Ein negativer Corona-Impact sei nicht zu sp\u00fcren, erl\u00e4uterte er anl\u00e4sslich der Medienkonferenz. Im Gegenteil: Etliche Neubestellungen und die Anfragen f\u00fcr h\u00f6here Bandbreiten seien direkt auf den corona-bedingten Trend zu Homeoffice-Arbeit zur\u00fcckzuf\u00fchren. Einige Kunden d\u00fcrften festgestellt haben, dass mobile Netzwerke an ihre Grenzen kommen und deshalb LAN-Verbindungen \u00fcber Glasfaser-Anschl\u00fcsse stabiler laufen, so eine Vermutung. Festzustellen war in den vergangenen Tagen ein erh\u00f6hter Bandbreitenkonsum tags\u00fcber, aber auch am Abend gab es Peaks. &#8222;Die Nutzer k\u00f6nnen nicht ins Kino gehen und konsumieren deshalb mehr Netflix&#8220;, erkl\u00e4rt Matthias Cramer, Leiter Engineering bei iWay. Ein Abschalten von Netflix dr\u00e4nge sich aber nicht auf, die Kapazit\u00e4ten reichen bisher problemlos aus.<\/p>\n<h2>Gute Gesch\u00e4ftsaussichten f\u00fcr 2020<\/h2>\n<p>\u201eF\u00fcr 2020 gehen wir von rund 10 Prozent Wachstum aus\u201c, sagt Matthias Oswald weiter. Dabei ist infolge der weiteren Erschliessung mit Glasfaser von einem gr\u00f6sseren Zuwachs im FTTH-Bereich (Fibre to the Home) als bei DSL-Anschl\u00fcssen auszugehen. Der Fibre-Boom d\u00fcrfte dank h\u00f6heren \u00dcbertragungsgeschwindigkeiten, dem kommenden \u201e10 G\u201c- Angebot sowie der nach wie vor grossen Nachfrage nach kosteng\u00fcnstigeren VoIP-Produkten und modular zusammenstellbaren Produkt-Bundles weiter anhalten. Insgesamt werde die IT-Industrie vom Corona-Impact profitieren. Das Problem sei &#8211; so Matthias Cramer &#8211; derzeit aber die Hardware: Wegen Produktionsausf\u00e4llen in Asien k\u00e4me es derzeit zu Lieferengp\u00e4ssen bei Routern und anderen Ger\u00e4ten.<\/p>\n<p><a href=\"https:\/\/www.iway.ch\/\"><em>Weitere Informationen<\/em><\/a><\/p>\n","protected":false},"excerpt":{"rendered":"<p>Der Internet Service Provider (ISP) iWay hat auch im vergangenen Jahr zulegen k\u00f6nnen. Das Unternehmen steigerte im Gesch\u00e4ftsjahr 2019 den Umsatz gegen\u00fcber dem Vorjahr um 12 Prozent auf von 26,1 auf 29,2 Millionen Franken. Im wichtigsten Gesch\u00e4ftsfeld Internet Access wuchs der Umsatz von von 15,8 um 6 Prozent auf 16,7 Millionen Franken. Auch im Bereich [&hellip;]<\/p>\n","protected":false},"author":4,"featured_media":6539,"comment_status":"closed","ping_status":"closed","sticky":false,"template":"","format":"standard","meta":{"_acf_changed":false,"_yoast_wpseo_focuskw":"iWay","_yoast_wpseo_metadesc":"Der Schweizer Internet Service Provider iWay steigert den Umsatz und bringt ultraschnelles Internet mit 10 Gbit\/s. Das Wachstum h\u00e4lt 2020 weiter an.","articlekey":"","footnotes":""},"categories":[27],"tags":[281,286,492],"class_list":["post-6538","post","type-post","status-publish","format-standard","has-post-thumbnail","hentry","category-it","tag-internet","tag-it","tag-unternehmen"],"acf":[],"yoast_head":"<!-- This site is optimized with the Yoast SEO plugin v27.5 - https:\/\/yoast.com\/product\/yoast-seo-wordpress\/ -->\n<title>iWay w\u00e4chst weiter - positiver Corona-Impact - Organisator<\/title>\n<meta name=\"description\" content=\"Der Schweizer Internet Service Provider iWay steigert den Umsatz und bringt ultraschnelles Internet mit 10 Gbit\/s. Das Wachstum h\u00e4lt 2020 weiter an.\" \/>\n<meta name=\"robots\" content=\"index, follow, max-snippet:-1, max-image-preview:large, max-video-preview:-1\" \/>\n<link rel=\"canonical\" href=\"https:\/\/www.organisator.ch\/de\/management\/it\/2020-04-01\/iway-waechst-weiter-positiver-corona-impact\/\" \/>\n<meta property=\"og:locale\" content=\"de_DE\" \/>\n<meta property=\"og:type\" content=\"article\" \/>\n<meta property=\"og:title\" content=\"iWay w\u00e4chst weiter - positiver Corona-Impact\" \/>\n<meta property=\"og:description\" content=\"Der Schweizer Internet Service Provider iWay steigert den Umsatz und bringt ultraschnelles Internet mit 10 Gbit\/s. Das Wachstum h\u00e4lt 2020 weiter an.\" \/>\n<meta property=\"og:url\" content=\"https:\/\/www.organisator.ch\/de\/management\/it\/2020-04-01\/iway-waechst-weiter-positiver-corona-impact\/\" \/>\n<meta property=\"og:site_name\" content=\"Organisator\" \/>\n<meta property=\"article:publisher\" content=\"https:\/\/www.facebook.com\/OrganisatorFachmagazin\" \/>\n<meta property=\"article:published_time\" content=\"2020-04-01T13:33:19+00:00\" \/>\n<meta property=\"og:image\" content=\"https:\/\/www.organisator.ch\/wp-content\/uploads\/2020\/04\/iWay-waechst-weiter-positiver-Corona-Impact_Organisator.jpg\" \/>\n\t<meta property=\"og:image:width\" content=\"680\" \/>\n\t<meta property=\"og:image:height\" content=\"337\" \/>\n\t<meta property=\"og:image:type\" content=\"image\/jpeg\" \/>\n<meta name=\"author\" content=\"thomas.berner\" \/>\n<meta name=\"twitter:card\" content=\"summary_large_image\" \/>\n<meta name=\"twitter:title\" content=\"iWay w\u00e4chst weiter - positiver Corona-Impact\" \/>\n<meta name=\"twitter:description\" content=\"Der Schweizer Internet Service Provider iWay steigert den Umsatz und bringt ultraschnelles Internet mit 10 Gbit\/s. Das Wachstum h\u00e4lt 2020 weiter an.\" \/>\n<meta name=\"twitter:image\" content=\"https:\/\/www.organisator.ch\/wp-content\/uploads\/2020\/04\/iWay-waechst-weiter-positiver-Corona-Impact_Organisator.jpg\" \/>\n<script type=\"application\/ld+json\" class=\"yoast-schema-graph\">{\"@context\":\"https:\\\/\\\/schema.org\",\"@graph\":[{\"@type\":\"Article\",\"@id\":\"https:\\\/\\\/www.organisator.ch\\\/management\\\/it\\\/2020-04-01\\\/iway-waechst-weiter-positiver-corona-impact\\\/#article\",\"isPartOf\":{\"@id\":\"https:\\\/\\\/www.organisator.ch\\\/management\\\/it\\\/2020-04-01\\\/iway-waechst-weiter-positiver-corona-impact\\\/\"},\"author\":{\"name\":\"thomas.berner\",\"@id\":\"https:\\\/\\\/www.organisator.ch\\\/#\\\/schema\\\/person\\\/6f650f90b2842cd4c0cc334b4e36f67e\"},\"headline\":\"iWay w\u00e4chst weiter &#8211; positiver Corona-Impact\",\"datePublished\":\"2020-04-01T13:33:19+00:00\",\"mainEntityOfPage\":{\"@id\":\"https:\\\/\\\/www.organisator.ch\\\/management\\\/it\\\/2020-04-01\\\/iway-waechst-weiter-positiver-corona-impact\\\/\"},\"wordCount\":464,\"publisher\":{\"@id\":\"https:\\\/\\\/www.organisator.ch\\\/#organization\"},\"image\":{\"@id\":\"https:\\\/\\\/www.organisator.ch\\\/management\\\/it\\\/2020-04-01\\\/iway-waechst-weiter-positiver-corona-impact\\\/#primaryimage\"},\"thumbnailUrl\":\"https:\\\/\\\/www.organisator.ch\\\/wp-content\\\/uploads\\\/2020\\\/04\\\/iWay-waechst-weiter-positiver-Corona-Impact_Organisator.jpg\",\"keywords\":[\"Internet\",\"IT\",\"Unternehmen\"],\"articleSection\":[\"IT\"],\"inLanguage\":\"de\"},{\"@type\":\"WebPage\",\"@id\":\"https:\\\/\\\/www.organisator.ch\\\/management\\\/it\\\/2020-04-01\\\/iway-waechst-weiter-positiver-corona-impact\\\/\",\"url\":\"https:\\\/\\\/www.organisator.ch\\\/management\\\/it\\\/2020-04-01\\\/iway-waechst-weiter-positiver-corona-impact\\\/\",\"name\":\"iWay w\u00e4chst weiter - positiver Corona-Impact - Organisator\",\"isPartOf\":{\"@id\":\"https:\\\/\\\/www.organisator.ch\\\/#website\"},\"primaryImageOfPage\":{\"@id\":\"https:\\\/\\\/www.organisator.ch\\\/management\\\/it\\\/2020-04-01\\\/iway-waechst-weiter-positiver-corona-impact\\\/#primaryimage\"},\"image\":{\"@id\":\"https:\\\/\\\/www.organisator.ch\\\/management\\\/it\\\/2020-04-01\\\/iway-waechst-weiter-positiver-corona-impact\\\/#primaryimage\"},\"thumbnailUrl\":\"https:\\\/\\\/www.organisator.ch\\\/wp-content\\\/uploads\\\/2020\\\/04\\\/iWay-waechst-weiter-positiver-Corona-Impact_Organisator.jpg\",\"datePublished\":\"2020-04-01T13:33:19+00:00\",\"description\":\"Der Schweizer Internet Service Provider iWay steigert den Umsatz und bringt ultraschnelles Internet mit 10 Gbit\\\/s. Das Wachstum h\u00e4lt 2020 weiter an.\",\"breadcrumb\":{\"@id\":\"https:\\\/\\\/www.organisator.ch\\\/management\\\/it\\\/2020-04-01\\\/iway-waechst-weiter-positiver-corona-impact\\\/#breadcrumb\"},\"inLanguage\":\"de\",\"potentialAction\":[{\"@type\":\"ReadAction\",\"target\":[\"https:\\\/\\\/www.organisator.ch\\\/management\\\/it\\\/2020-04-01\\\/iway-waechst-weiter-positiver-corona-impact\\\/\"]}]},{\"@type\":\"ImageObject\",\"inLanguage\":\"de\",\"@id\":\"https:\\\/\\\/www.organisator.ch\\\/management\\\/it\\\/2020-04-01\\\/iway-waechst-weiter-positiver-corona-impact\\\/#primaryimage\",\"url\":\"https:\\\/\\\/www.organisator.ch\\\/wp-content\\\/uploads\\\/2020\\\/04\\\/iWay-waechst-weiter-positiver-Corona-Impact_Organisator.jpg\",\"contentUrl\":\"https:\\\/\\\/www.organisator.ch\\\/wp-content\\\/uploads\\\/2020\\\/04\\\/iWay-waechst-weiter-positiver-Corona-Impact_Organisator.jpg\",\"width\":680,\"height\":337,\"caption\":\"Positive Gesch\u00e4ftsaussichten auf f\u00fcr 2020: Internet Service Provider iWay.\"},{\"@type\":\"BreadcrumbList\",\"@id\":\"https:\\\/\\\/www.organisator.ch\\\/management\\\/it\\\/2020-04-01\\\/iway-waechst-weiter-positiver-corona-impact\\\/#breadcrumb\",\"itemListElement\":[{\"@type\":\"ListItem\",\"position\":1,\"name\":\"Home\",\"item\":\"https:\\\/\\\/www.organisator.ch\\\/\"},{\"@type\":\"ListItem\",\"position\":2,\"name\":\"iWay w\u00e4chst weiter &#8211; positiver Corona-Impact\"}]},{\"@type\":\"WebSite\",\"@id\":\"https:\\\/\\\/www.organisator.ch\\\/#website\",\"url\":\"https:\\\/\\\/www.organisator.ch\\\/\",\"name\":\"Organisator\",\"description\":\"Kompetent. Praxisnah. Der ORGANISATOR bereitet in 10 Ausgaben pro Jahr die wesentlichen Themen f\u00fcr F\u00fchrungskr\u00e4fte von KMU auf.\",\"publisher\":{\"@id\":\"https:\\\/\\\/www.organisator.ch\\\/#organization\"},\"potentialAction\":[{\"@type\":\"SearchAction\",\"target\":{\"@type\":\"EntryPoint\",\"urlTemplate\":\"https:\\\/\\\/www.organisator.ch\\\/?s={search_term_string}\"},\"query-input\":{\"@type\":\"PropertyValueSpecification\",\"valueRequired\":true,\"valueName\":\"search_term_string\"}}],\"inLanguage\":\"de\"},{\"@type\":\"Organization\",\"@id\":\"https:\\\/\\\/www.organisator.ch\\\/#organization\",\"name\":\"Organisator\",\"url\":\"https:\\\/\\\/www.organisator.ch\\\/\",\"logo\":{\"@type\":\"ImageObject\",\"inLanguage\":\"de\",\"@id\":\"https:\\\/\\\/www.organisator.ch\\\/#\\\/schema\\\/logo\\\/image\\\/\",\"url\":\"https:\\\/\\\/www.organisator.ch\\\/wp-content\\\/uploads\\\/2022\\\/01\\\/Logo_Organisator_Website.png\",\"contentUrl\":\"https:\\\/\\\/www.organisator.ch\\\/wp-content\\\/uploads\\\/2022\\\/01\\\/Logo_Organisator_Website.png\",\"width\":800,\"height\":77,\"caption\":\"Organisator\"},\"image\":{\"@id\":\"https:\\\/\\\/www.organisator.ch\\\/#\\\/schema\\\/logo\\\/image\\\/\"},\"sameAs\":[\"https:\\\/\\\/www.facebook.com\\\/OrganisatorFachmagazin\",\"https:\\\/\\\/www.linkedin.com\\\/showcase\\\/organisator-das-magazin-fr-kmu\",\"https:\\\/\\\/www.xing.com\\\/news\\\/pages\\\/organisator-ch-695\",\"https:\\\/\\\/www.youtube.com\\\/channel\\\/UCGP2Sq0iWaZwT3BdIAQFYpw\"]},{\"@type\":\"Person\",\"@id\":\"https:\\\/\\\/www.organisator.ch\\\/#\\\/schema\\\/person\\\/6f650f90b2842cd4c0cc334b4e36f67e\",\"name\":\"thomas.berner\",\"image\":{\"@type\":\"ImageObject\",\"inLanguage\":\"de\",\"@id\":\"https:\\\/\\\/secure.gravatar.com\\\/avatar\\\/ac5001d2a36cb6c6cd3e50789007ffca834b477b74a2144564522e944eabff61?s=96&d=mm&r=g\",\"url\":\"https:\\\/\\\/secure.gravatar.com\\\/avatar\\\/ac5001d2a36cb6c6cd3e50789007ffca834b477b74a2144564522e944eabff61?s=96&d=mm&r=g\",\"contentUrl\":\"https:\\\/\\\/secure.gravatar.com\\\/avatar\\\/ac5001d2a36cb6c6cd3e50789007ffca834b477b74a2144564522e944eabff61?s=96&d=mm&r=g\",\"caption\":\"thomas.berner\"},\"url\":\"https:\\\/\\\/www.organisator.ch\\\/de\\\/author\\\/thomas-berner\\\/\"}]}<\/script>\n<!-- \/ Yoast SEO plugin. -->","yoast_head_json":{"title":"iWay w\u00e4chst weiter - positiver Corona-Impact - Organisator","description":"Der Schweizer Internet Service Provider iWay steigert den Umsatz und bringt ultraschnelles Internet mit 10 Gbit\/s. Das Wachstum h\u00e4lt 2020 weiter an.","robots":{"index":"index","follow":"follow","max-snippet":"max-snippet:-1","max-image-preview":"max-image-preview:large","max-video-preview":"max-video-preview:-1"},"canonical":"https:\/\/www.organisator.ch\/de\/management\/it\/2020-04-01\/iway-waechst-weiter-positiver-corona-impact\/","og_locale":"de_DE","og_type":"article","og_title":"iWay w\u00e4chst weiter - positiver Corona-Impact","og_description":"Der Schweizer Internet Service Provider iWay steigert den Umsatz und bringt ultraschnelles Internet mit 10 Gbit\/s. Das Wachstum h\u00e4lt 2020 weiter an.","og_url":"https:\/\/www.organisator.ch\/de\/management\/it\/2020-04-01\/iway-waechst-weiter-positiver-corona-impact\/","og_site_name":"Organisator","article_publisher":"https:\/\/www.facebook.com\/OrganisatorFachmagazin","article_published_time":"2020-04-01T13:33:19+00:00","og_image":[{"width":680,"height":337,"url":"https:\/\/www.organisator.ch\/wp-content\/uploads\/2020\/04\/iWay-waechst-weiter-positiver-Corona-Impact_Organisator.jpg","type":"image\/jpeg"}],"author":"thomas.berner","twitter_card":"summary_large_image","twitter_title":"iWay w\u00e4chst weiter - positiver Corona-Impact","twitter_description":"Der Schweizer Internet Service Provider iWay steigert den Umsatz und bringt ultraschnelles Internet mit 10 Gbit\/s. Das Wachstum h\u00e4lt 2020 weiter an.","twitter_image":"https:\/\/www.organisator.ch\/wp-content\/uploads\/2020\/04\/iWay-waechst-weiter-positiver-Corona-Impact_Organisator.jpg","schema":{"@context":"https:\/\/schema.org","@graph":[{"@type":"Article","@id":"https:\/\/www.organisator.ch\/management\/it\/2020-04-01\/iway-waechst-weiter-positiver-corona-impact\/#article","isPartOf":{"@id":"https:\/\/www.organisator.ch\/management\/it\/2020-04-01\/iway-waechst-weiter-positiver-corona-impact\/"},"author":{"name":"thomas.berner","@id":"https:\/\/www.organisator.ch\/#\/schema\/person\/6f650f90b2842cd4c0cc334b4e36f67e"},"headline":"iWay w\u00e4chst weiter &#8211; positiver Corona-Impact","datePublished":"2020-04-01T13:33:19+00:00","mainEntityOfPage":{"@id":"https:\/\/www.organisator.ch\/management\/it\/2020-04-01\/iway-waechst-weiter-positiver-corona-impact\/"},"wordCount":464,"publisher":{"@id":"https:\/\/www.organisator.ch\/#organization"},"image":{"@id":"https:\/\/www.organisator.ch\/management\/it\/2020-04-01\/iway-waechst-weiter-positiver-corona-impact\/#primaryimage"},"thumbnailUrl":"https:\/\/www.organisator.ch\/wp-content\/uploads\/2020\/04\/iWay-waechst-weiter-positiver-Corona-Impact_Organisator.jpg","keywords":["Internet","IT","Unternehmen"],"articleSection":["IT"],"inLanguage":"de"},{"@type":"WebPage","@id":"https:\/\/www.organisator.ch\/management\/it\/2020-04-01\/iway-waechst-weiter-positiver-corona-impact\/","url":"https:\/\/www.organisator.ch\/management\/it\/2020-04-01\/iway-waechst-weiter-positiver-corona-impact\/","name":"iWay w\u00e4chst weiter - positiver Corona-Impact - Organisator","isPartOf":{"@id":"https:\/\/www.organisator.ch\/#website"},"primaryImageOfPage":{"@id":"https:\/\/www.organisator.ch\/management\/it\/2020-04-01\/iway-waechst-weiter-positiver-corona-impact\/#primaryimage"},"image":{"@id":"https:\/\/www.organisator.ch\/management\/it\/2020-04-01\/iway-waechst-weiter-positiver-corona-impact\/#primaryimage"},"thumbnailUrl":"https:\/\/www.organisator.ch\/wp-content\/uploads\/2020\/04\/iWay-waechst-weiter-positiver-Corona-Impact_Organisator.jpg","datePublished":"2020-04-01T13:33:19+00:00","description":"Der Schweizer Internet Service Provider iWay steigert den Umsatz und bringt ultraschnelles Internet mit 10 Gbit\/s. Das Wachstum h\u00e4lt 2020 weiter an.","breadcrumb":{"@id":"https:\/\/www.organisator.ch\/management\/it\/2020-04-01\/iway-waechst-weiter-positiver-corona-impact\/#breadcrumb"},"inLanguage":"de","potentialAction":[{"@type":"ReadAction","target":["https:\/\/www.organisator.ch\/management\/it\/2020-04-01\/iway-waechst-weiter-positiver-corona-impact\/"]}]},{"@type":"ImageObject","inLanguage":"de","@id":"https:\/\/www.organisator.ch\/management\/it\/2020-04-01\/iway-waechst-weiter-positiver-corona-impact\/#primaryimage","url":"https:\/\/www.organisator.ch\/wp-content\/uploads\/2020\/04\/iWay-waechst-weiter-positiver-Corona-Impact_Organisator.jpg","contentUrl":"https:\/\/www.organisator.ch\/wp-content\/uploads\/2020\/04\/iWay-waechst-weiter-positiver-Corona-Impact_Organisator.jpg","width":680,"height":337,"caption":"Positive Gesch\u00e4ftsaussichten auf f\u00fcr 2020: Internet Service Provider iWay."},{"@type":"BreadcrumbList","@id":"https:\/\/www.organisator.ch\/management\/it\/2020-04-01\/iway-waechst-weiter-positiver-corona-impact\/#breadcrumb","itemListElement":[{"@type":"ListItem","position":1,"name":"Home","item":"https:\/\/www.organisator.ch\/"},{"@type":"ListItem","position":2,"name":"iWay w\u00e4chst weiter &#8211; positiver Corona-Impact"}]},{"@type":"WebSite","@id":"https:\/\/www.organisator.ch\/#website","url":"https:\/\/www.organisator.ch\/","name":"Organisator","description":"Kompetent. Praxisnah. Der ORGANISATOR bereitet in 10 Ausgaben pro Jahr die wesentlichen Themen f\u00fcr F\u00fchrungskr\u00e4fte von KMU auf.","publisher":{"@id":"https:\/\/www.organisator.ch\/#organization"},"potentialAction":[{"@type":"SearchAction","target":{"@type":"EntryPoint","urlTemplate":"https:\/\/www.organisator.ch\/?s={search_term_string}"},"query-input":{"@type":"PropertyValueSpecification","valueRequired":true,"valueName":"search_term_string"}}],"inLanguage":"de"},{"@type":"Organization","@id":"https:\/\/www.organisator.ch\/#organization","name":"Organisator","url":"https:\/\/www.organisator.ch\/","logo":{"@type":"ImageObject","inLanguage":"de","@id":"https:\/\/www.organisator.ch\/#\/schema\/logo\/image\/","url":"https:\/\/www.organisator.ch\/wp-content\/uploads\/2022\/01\/Logo_Organisator_Website.png","contentUrl":"https:\/\/www.organisator.ch\/wp-content\/uploads\/2022\/01\/Logo_Organisator_Website.png","width":800,"height":77,"caption":"Organisator"},"image":{"@id":"https:\/\/www.organisator.ch\/#\/schema\/logo\/image\/"},"sameAs":["https:\/\/www.facebook.com\/OrganisatorFachmagazin","https:\/\/www.linkedin.com\/showcase\/organisator-das-magazin-fr-kmu","https:\/\/www.xing.com\/news\/pages\/organisator-ch-695","https:\/\/www.youtube.com\/channel\/UCGP2Sq0iWaZwT3BdIAQFYpw"]},{"@type":"Person","@id":"https:\/\/www.organisator.ch\/#\/schema\/person\/6f650f90b2842cd4c0cc334b4e36f67e","name":"thomas.berner","image":{"@type":"ImageObject","inLanguage":"de","@id":"https:\/\/secure.gravatar.com\/avatar\/ac5001d2a36cb6c6cd3e50789007ffca834b477b74a2144564522e944eabff61?s=96&d=mm&r=g","url":"https:\/\/secure.gravatar.com\/avatar\/ac5001d2a36cb6c6cd3e50789007ffca834b477b74a2144564522e944eabff61?s=96&d=mm&r=g","contentUrl":"https:\/\/secure.gravatar.com\/avatar\/ac5001d2a36cb6c6cd3e50789007ffca834b477b74a2144564522e944eabff61?s=96&d=mm&r=g","caption":"thomas.berner"},"url":"https:\/\/www.organisator.ch\/de\/author\/thomas-berner\/"}]}},"_links":{"self":[{"href":"https:\/\/www.organisator.ch\/de\/wp-json\/wp\/v2\/posts\/6538","targetHints":{"allow":["GET"]}}],"collection":[{"href":"https:\/\/www.organisator.ch\/de\/wp-json\/wp\/v2\/posts"}],"about":[{"href":"https:\/\/www.organisator.ch\/de\/wp-json\/wp\/v2\/types\/post"}],"author":[{"embeddable":true,"href":"https:\/\/www.organisator.ch\/de\/wp-json\/wp\/v2\/users\/4"}],"replies":[{"embeddable":true,"href":"https:\/\/www.organisator.ch\/de\/wp-json\/wp\/v2\/comments?post=6538"}],"version-history":[{"count":0,"href":"https:\/\/www.organisator.ch\/de\/wp-json\/wp\/v2\/posts\/6538\/revisions"}],"wp:featuredmedia":[{"embeddable":true,"href":"https:\/\/www.organisator.ch\/de\/wp-json\/wp\/v2\/media\/6539"}],"wp:attachment":[{"href":"https:\/\/www.organisator.ch\/de\/wp-json\/wp\/v2\/media?parent=6538"}],"wp:term":[{"taxonomy":"category","embeddable":true,"href":"https:\/\/www.organisator.ch\/de\/wp-json\/wp\/v2\/categories?post=6538"},{"taxonomy":"post_tag","embeddable":true,"href":"https:\/\/www.organisator.ch\/de\/wp-json\/wp\/v2\/tags?post=6538"}],"curies":[{"name":"wp","href":"https:\/\/api.w.org\/{rel}","templated":true}]}}