{"id":6582,"date":"2020-04-09T09:59:19","date_gmt":"2020-04-09T07:59:19","guid":{"rendered":"https:\/\/www.organisator.ch\/?p=6582"},"modified":"2020-04-09T09:59:19","modified_gmt":"2020-04-09T07:59:19","slug":"gastbeitrag-tipps-fuer-mehr-fokus-statt-chaos-im-kopf","status":"publish","type":"post","link":"https:\/\/www.organisator.ch\/de\/human-resources\/fit_im_job\/2020-04-09\/gastbeitrag-tipps-fuer-mehr-fokus-statt-chaos-im-kopf\/","title":{"rendered":"Gastbeitrag: Tipps f\u00fcr mehr Fokus statt Chaos im Kopf"},"content":{"rendered":"<figure id=\"attachment_6583\" aria-describedby=\"caption-attachment-6583\" style=\"width: 680px\" class=\"wp-caption alignnone\"><img loading=\"lazy\" decoding=\"async\" class=\"size-medium wp-image-6583\" src=\"https:\/\/www.organisator.ch\/wp-content\/uploads\/2020\/04\/Gastbeitrag-Tipps-fuer-mehr-Fokus-statt-Chaos-im-Kopf-1_Organisator.jpg\" alt=\"\" width=\"680\" height=\"425\" srcset=\"https:\/\/www.organisator.ch\/wp-content\/uploads\/2020\/04\/Gastbeitrag-Tipps-fuer-mehr-Fokus-statt-Chaos-im-Kopf-1_Organisator.jpg 680w, https:\/\/www.organisator.ch\/wp-content\/uploads\/2020\/04\/Gastbeitrag-Tipps-fuer-mehr-Fokus-statt-Chaos-im-Kopf-1_Organisator-16x10.jpg 16w, https:\/\/www.organisator.ch\/wp-content\/uploads\/2020\/04\/Gastbeitrag-Tipps-fuer-mehr-Fokus-statt-Chaos-im-Kopf-1_Organisator-280x175.jpg 280w, https:\/\/www.organisator.ch\/wp-content\/uploads\/2020\/04\/Gastbeitrag-Tipps-fuer-mehr-Fokus-statt-Chaos-im-Kopf-1_Organisator-560x350.jpg 560w, https:\/\/www.organisator.ch\/wp-content\/uploads\/2020\/04\/Gastbeitrag-Tipps-fuer-mehr-Fokus-statt-Chaos-im-Kopf-1_Organisator-300x188.jpg 300w\" sizes=\"auto, (max-width: 680px) 100vw, 680px\" \/><figcaption id=\"caption-attachment-6583\" class=\"wp-caption-text\">Mehr Fokus: Was ist in der Firma ebenso schwer wie im Homeoffice? Richtig, gemeint ist die Konzentration aufs Wesentliche, die Steuerung der Aufmerksamkeit, die Fokussierung! (Bild: zVg \/ Dropbox)<\/figcaption><\/figure>\n<p>Ein kluger Mensch hat mir einmal gesagt, dass Ver\u00e4nderung nicht gelingt, wenn man versucht, zu viele Dinge auf einmal zu \u00e4ndern. Und mein eigenes Leben hat mich gelehrt, dass es hilfreich ist, sein Streben nach Ver\u00e4nderung auf nur eine Sache zu richten, also ein klares, handfestes Ziel vor Augen zu haben. Als ich im Harvard Business Review las, dass wir <a href=\"https:\/\/hbr.org\/2017\/05\/your-brain-can-only-take-so-much-focus\">46,9 Prozent unserer Arbeitszeit<\/a> damit verbringen, unser Denken von der momentanen Aufgabe abschweifen zu lassen, war ich schockiert! Ein weiterer Artikel zu dem Thema offenbarte, dass ein durchschnittlicher Wissensarbeiter <a href=\"https:\/\/hbr.org\/2019\/12\/10-quick-tips-for-avoiding-distractions-at-work\">50 &#8211; 60 mal am Tag<\/a> w\u00e4hrend seiner Arbeit unterbrochen wird &#8211; aus seinem Fokus herausgerissen wird. Schnell wird offensichtlich: Unsere Konzentrationsf\u00e4higkeit steckt in einer Krise!<\/p>\n<h2>Mehr Fokus &#8211; Nein zu (unn\u00f6tigen) Meetings!<\/h2>\n<p>Produktive Meetings k\u00f6nnen dabei helfen, schneller zu agieren und sich auf das Wesentliche zu konzentrieren. Mein pers\u00f6nliches Mantra ist, nur an solchen Meetings teilzunehmen, die Sinn machen. Um das zu erreichen, stelle ich jedes Meeting &#8211; egal, ob in Person, per Telefon oder Videokonferenz &#8211; in Frage, das man mir in meinen Kalender einstellt. Ich frage mich, ob ich wirklich dort sein muss. Ich zwinge mich selbst und bitte die anderen Teilnehmer, den Zweck, die Agenda und m\u00f6gliche Ergebnisse im Vorfeld klar zu kommunizieren. Wenn meine Anwesenheit nicht unerl\u00e4sslich ist, gehe ich nicht in dieses Meeting. Wird mein Input dennoch ben\u00f6tigt, dann biete ich meine Sicht auf die Inhalte und mein Feedback \u00fcber Kollaborations-Tools an, die es mir erlauben, genau dann an einem speziellen Projekt zu arbeiten, wann ich entschieden habe, meinen Fokus darauf zu setzen.<\/p>\n<p>Um die Entscheidungsfindung in Meetings zu beschleunigen, sollten Sie sich Ihre Vorschl\u00e4ge durch das richtige Fragen geschickt absegnen lassen, indem Sie Feedback dazu einholen, wer mit Ihrem Vorschlag nicht einverstanden ist, anstatt jedermann um seine konkrete Zustimmung zu bitten. Die Psychologie dahinter ist einfach: Kritiker werden gezwungen, aus ihrer Komfortzone zu treten und einen validen Grund f\u00fcr ihre Ablehnung zu nennen.<\/p>\n<p>Am Ende jedes Meetings sollte jeder eine klare Vorstellung der Aktivit\u00e4ten, Priorit\u00e4ten und Rollenverteilung haben. Stellen Sie die Frage: &#8222;Wer tut was bis wann?&#8220;. Das hilft, Entscheidungen voranzutreiben und den Fokus zu verst\u00e4rken. Dabei ben\u00f6tigen Sie aber nat\u00fcrlich auch ein transparentes System, das die Aufgaben Ihres Teams auflistet und es Ihnen erm\u00f6glicht, den Status dieser Aufgaben nachzuverfolgen.<\/p>\n<p>Sie k\u00f6nnen auch messen, wie sinnvoll Ihre Zeit verwendet wird, und zwar durch die einfache aus dem Agile Coaching-Umfeld stammende ROTI-Feedback-Methode (Return On Time Invested). Dieser Ansatz bietet einen schnellen und einfachen Weg zur Bewertung von Meetings. Lassen Sie jeden Teilnehmer das Meeting von 1 bis 5 benoten &#8211; 1 bedeutet sehr hilfreich, 5 dagegen totale Zeitverschwendung. Durch simple Mathematik werden Sie schnell herausfinden, ob Ihre Meetings genug Wert haben.<\/p>\n<p>Und nicht zuletzt: Versuchen Sie, die Abl\u00e4ufe zu ver\u00e4ndern, wechseln Sie den Hintergrund, nutzen Sie ein anderes Format. Wie w\u00e4re es mit einem Walking-Meeting mit Kopfh\u00f6rern, statt jedes Gespr\u00e4ch am Schreibtisch zu f\u00fchren. Bewegen Sie sich, um frische Energie zu tanken und neue Ideen freizusetzen. <a href=\"https:\/\/www.apa.org\/pubs\/journals\/releases\/xlm-a0036577.pdf\">Selbst die <\/a><a href=\"https:\/\/www.apa.org\/pubs\/journals\/releases\/xlm-a0036577.pdf\">Wissenschaft<\/a><a href=\"https:\/\/www.apa.org\/pubs\/journals\/releases\/xlm-a0036577.pdf\"> hat sich j\u00fcngst f\u00fcr mobile Meetings ausgesprochen<\/a> &#8211; es gibt deutliche Hinweise darauf, dass die Kombination von Gehen und frischer Luft ihre F\u00e4higkeiten, zu denken und sich zu fokussieren, signifikant erh\u00f6hen.<\/p>\n<h2>Prokrastination \u00fcberwinden und Herausforderungen priorisieren<\/h2>\n<p>Dinge zu erledigen, schafft mehr Platz im Kopf und wirkt sich positiv auf Ihren Fokus aus. Wir alle wissen, wie schwer es sein kann, an den zentralen Priorit\u00e4ten festzuhalten, besonders wenn sich die Arbeit t\u00fcrmt. Selbst wenn wir genau wissen, was wir eigentlich als n\u00e4chstes erledigen m\u00fcssten, vermeiden wir das und wenden uns dem einfachsten oder angenehmsten Job zu, der sonst noch auf uns wartet. Wenig \u00fcberraschend berichten Studenten h\u00e4ufig davon, dass ihre Bude nie ordentlicher und sauberer war als w\u00e4hrend der Examenszeit. Aber wichtige Aufgaben zu vermeiden und sich mit anderen abzulenken, entzieht uns wertvolle Energie und Fokus.<\/p>\n<p>Um dagegen vorzugehen, versuche ich, Prokrastination zu \u00fcberwinden, wann immer sie mich von konzentrierter und bedeutungsvoller Arbeit ablenken will. Im Lauf der Zeit habe ich realisiert, dass das alles nur eine Frage der Gewohnheit ist und, dass nur ich selbst die Hoheit \u00fcber mein Handeln habe. Das ist wie die kalte Dusche am Morgen oder endlich wieder in die Laufschuhe zu schl\u00fcpfen. Fordern Sie sich heraus! Legen Sie Ausreden ad acta und erledigen Sie die wichtigste Sache, die Sie am meisten abschreckt, und zwar am Morgen, als allererste Handlung des Tages. Die freigesetzte positive Energie wird Ihnen helfen, sich mit Leichtigkeit durch den Rest des Tages zu bewegen.<\/p>\n<h2>Zeit freischaufeln &#8211; der Rest kommt von selbst!<\/h2>\n<p>Zeit und die richtige Gem\u00fctsverfassung zu haben, ist unerl\u00e4sslich, um strategisch denken und Probleme pragmatisch l\u00f6sen zu k\u00f6nnen. Ich w\u00e4ge stets zwischen dringend und wichtig ab, ich balanciere beides. Wenn Sie zu viel Ihrer Zeit mit dringenden Themen verbringen, dann sind Ihre Priorit\u00e4ten falsch gesetzt. Nehmen Sie sich mehr Zeit f\u00fcr Selbstreflexion und f\u00fcr kreatives Denken &#8211; blocken Sie ein paar Stunden in Ihrem Terminkalender, dreimal die Woche.<\/p>\n<p>Fragen Sie sich: &#8222;Gibt es jemand anderes, der das tun k\u00f6nnte &#8211; oder sollte?&#8220; An all die unter uns, die Perfektionisten sind und glauben, dass sie alles selbst machen m\u00fcssen: Lernt, Aufgaben zu delegieren! Vor allem in F\u00fchrungsrollen, aber auch als Individuum in einem Team. Es ist absolut okay, jemanden um seine Hilfe zu bitten, und wenn Sie einmal gelernt haben, anderen Jobs anzuvertrauen, dann wird Ihnen das helfen, gen\u00fcgend Zeit und Fokus zu finden, um die Dinge zu erledigen, die die h\u00f6chste Priorit\u00e4t haben.<\/p>\n<h2>Technik sollte f\u00fcr Sie da sein &#8211; nicht umgekehrt!<\/h2>\n<p>Alles dreht sich darum, sich selbst und dem Team zu erm\u00f6glichen, mit maximalem Fokus zu arbeiten. Manchmal f\u00fchlt es sich so an, als w\u00fcrde unser Leben von einem 24-st\u00fcndigen Arbeitstag aufgefressen. Wir sind immer erreichbar und die Arbeit kennt keine Auszeit. Unsere Konzentration wird durchbrochen von st\u00e4ndigen Mitteilungen, Dutzenden offenen Fenstern und dem st\u00e4ndigen Jonglieren zwischen Tools. Aber Sie m\u00fcssen sich dar\u00fcber klar sein: Sie k\u00f6nnen nicht 24\/7 bei der Sache sein und Sie k\u00f6nnen sich nur eine begrenzte Zeit pro Tag fokussieren. Also, was k\u00f6nnen Sie tun?<\/p>\n<p>Der Einsatz der passenden Technologien &#8211; also solcher, die f\u00fcr mich am besten funktionieren &#8211; hilft mir, meine Arbeit effektiver zu erledigen. Ich rate jedem, sich die Zeit f\u00fcr die Frage zu nehmen: &#8222;Welche Tools sind am einfachsten zu verwenden und f\u00f6rdern die nahtlose Kommunikation zwischen Teams?&#8220; Unsere Tools f\u00fcr die Arbeit sollten Teil der L\u00f6sung sein und nicht Teil des Problems.<\/p>\n<p>Ich glaube, dass K\u00fcnstliche Intelligenz und maschinelles Lernen uns zunehmend dabei helfen wird, quasi durch die digitale Ablenkung zu pfl\u00fcgen und die Arbeit an die Oberfl\u00e4che zu bef\u00f6rdern, die am wichtigsten ist. Ich glaube an eine aufgekl\u00e4rtere, kl\u00fcgere Art zu arbeiten, bei der Maschinen und Menschen in einer Art und Weise in einem intelligenten Arbeitsplatz zusammengebracht werden, dass \u201cWork about Work&#8220; bald der Vergangenheit angeh\u00f6rt und dass wir die F\u00e4higkeit zum Fokussieren zur\u00fcckgewinnen!<\/p>\n<p><em><strong>Autorin:<\/strong><br \/>\n<\/em><\/p>\n<figure id=\"attachment_6584\" aria-describedby=\"caption-attachment-6584\" style=\"width: 340px\" class=\"wp-caption alignnone\"><img loading=\"lazy\" decoding=\"async\" class=\"size-full wp-image-6584\" src=\"https:\/\/www.organisator.ch\/wp-content\/uploads\/2020\/04\/Gastbeitrag-Tipps-fuer-mehr-Fokus-statt-Chaos-im-Kopf-2_Organisator.jpg\" alt=\"\" width=\"340\" height=\"427\" srcset=\"https:\/\/www.organisator.ch\/wp-content\/uploads\/2020\/04\/Gastbeitrag-Tipps-fuer-mehr-Fokus-statt-Chaos-im-Kopf-2_Organisator.jpg 340w, https:\/\/www.organisator.ch\/wp-content\/uploads\/2020\/04\/Gastbeitrag-Tipps-fuer-mehr-Fokus-statt-Chaos-im-Kopf-2_Organisator-10x12.jpg 10w, https:\/\/www.organisator.ch\/wp-content\/uploads\/2020\/04\/Gastbeitrag-Tipps-fuer-mehr-Fokus-statt-Chaos-im-Kopf-2_Organisator-139x175.jpg 139w, https:\/\/www.organisator.ch\/wp-content\/uploads\/2020\/04\/Gastbeitrag-Tipps-fuer-mehr-Fokus-statt-Chaos-im-Kopf-2_Organisator-279x350.jpg 279w, https:\/\/www.organisator.ch\/wp-content\/uploads\/2020\/04\/Gastbeitrag-Tipps-fuer-mehr-Fokus-statt-Chaos-im-Kopf-2_Organisator-300x377.jpg 300w\" sizes=\"auto, (max-width: 340px) 100vw, 340px\" \/><figcaption id=\"caption-attachment-6584\" class=\"wp-caption-text\">by City Headshots Dublin<\/figcaption><\/figure>\n<p><em>Andrea Trapp ist Head of Business f\u00fcr das Gebiet Nord- und Zentraleuropa (DACH, UK und Irland sowie die Nordics und die Baltischen Staaten) bei Dropbox und leitet ihre Teams aus M\u00fcnchen heraus. Die diplomierte Wirtschaftswissenschaftlerin und Expertin f\u00fcr Change Management war 17 Jahre lang &#8211; zeitweise auch im Ausland &#8211; in europaweiten F\u00fchrungs- oder Vorstandspositionen internationaler Tech- und PropTech-Unternehmen t\u00e4tig. Bis Februar 2019 war sie Area Vice President Sales Europe beim US-amerikanischen Soft- und Hardwarehersteller Oracle, wo sie bereits in den 90er-Jahren ihre Karriere in Dublin begann. In der Zwischenzeit, von 2014 bis 2016, leitete sie als Managing Director den SaaS-Provider Textura Europe GmbH und war von 2012 bis 2014 Gebietsdirektorin Europa beim L\u00f6sungsanbieter f\u00fcr die Bau- und Immobilienbranche conject AG. Ihre inhaltlichen Schwerpunkte lagen stets auf den Themen Construction &amp; Manufacturing, auf der Optimierung von Transformationsprozessen. Dabei versteht sie sich als Coach und Mentor ihrer Teams. Privat joggt und wandert Andrea gerne, liebt es zu kochen und bereist leidenschaftlich die Welt. Mehr zu Andrea Trapp auf ihrem <a href=\"https:\/\/www.linkedin.com\/in\/andrea-trapp-3221603\/\">LinkedIn-Profil<\/a>.<\/em><\/p>\n","protected":false},"excerpt":{"rendered":"<p>Ein kluger Mensch hat mir einmal gesagt, dass Ver\u00e4nderung nicht gelingt, wenn man versucht, zu viele Dinge auf einmal zu \u00e4ndern. Und mein eigenes Leben hat mich gelehrt, dass es hilfreich ist, sein Streben nach Ver\u00e4nderung auf nur eine Sache zu richten, also ein klares, handfestes Ziel vor Augen zu haben. Als ich im Harvard [&hellip;]<\/p>\n","protected":false},"author":4,"featured_media":6583,"comment_status":"closed","ping_status":"closed","sticky":false,"template":"","format":"standard","meta":{"_acf_changed":false,"_yoast_wpseo_focuskw":"mehr Fokus","_yoast_wpseo_metadesc":"Unkonzentriertes Arbeiten, unn\u00f6tige Meetings, die Suche nach Dateien, das ewige Hin und Her zwischen verschiedenen Tools und Apps: Wir brauchen mehr Fokus!","articlekey":"","footnotes":""},"categories":[25],"tags":[51,208,251,335,400],"class_list":["post-6582","post","type-post","status-publish","format-standard","has-post-thumbnail","hentry","category-fit_im_job","tag-arbeitsplatzgestaltung","tag-fit-im-job","tag-homeoffice","tag-management-und-unternehmensfuehrung","tag-psychische-gesundheit"],"acf":[],"yoast_head":"<!-- This site is optimized with the Yoast SEO plugin v27.4 - https:\/\/yoast.com\/product\/yoast-seo-wordpress\/ -->\n<title>Gastbeitrag: Tipps f\u00fcr mehr Fokus statt Chaos im Kopf - Organisator<\/title>\n<meta name=\"description\" content=\"Unkonzentriertes Arbeiten, unn\u00f6tige Meetings, die Suche nach Dateien, das ewige Hin und Her zwischen verschiedenen Tools und Apps: Wir brauchen mehr Fokus!\" \/>\n<meta name=\"robots\" content=\"index, follow, max-snippet:-1, max-image-preview:large, max-video-preview:-1\" \/>\n<link rel=\"canonical\" href=\"https:\/\/www.organisator.ch\/de\/human-resources\/fit_im_job\/2020-04-09\/gastbeitrag-tipps-fuer-mehr-fokus-statt-chaos-im-kopf\/\" \/>\n<meta property=\"og:locale\" content=\"de_DE\" \/>\n<meta property=\"og:type\" content=\"article\" \/>\n<meta property=\"og:title\" content=\"Gastbeitrag: Tipps f\u00fcr mehr Fokus statt Chaos im Kopf\" \/>\n<meta property=\"og:description\" content=\"Unkonzentriertes Arbeiten, unn\u00f6tige Meetings, die Suche nach Dateien, das ewige Hin und Her zwischen verschiedenen Tools und Apps: Wir brauchen mehr Fokus!\" \/>\n<meta property=\"og:url\" content=\"https:\/\/www.organisator.ch\/de\/human-resources\/fit_im_job\/2020-04-09\/gastbeitrag-tipps-fuer-mehr-fokus-statt-chaos-im-kopf\/\" \/>\n<meta property=\"og:site_name\" content=\"Organisator\" \/>\n<meta property=\"article:publisher\" content=\"https:\/\/www.facebook.com\/OrganisatorFachmagazin\" \/>\n<meta property=\"article:published_time\" content=\"2020-04-09T07:59:19+00:00\" \/>\n<meta property=\"og:image\" content=\"https:\/\/www.organisator.ch\/wp-content\/uploads\/2020\/04\/Gastbeitrag-Tipps-fuer-mehr-Fokus-statt-Chaos-im-Kopf-1_Organisator.jpg\" \/>\n\t<meta property=\"og:image:width\" content=\"680\" \/>\n\t<meta property=\"og:image:height\" content=\"425\" \/>\n\t<meta property=\"og:image:type\" content=\"image\/jpeg\" \/>\n<meta name=\"author\" content=\"thomas.berner\" \/>\n<meta name=\"twitter:card\" content=\"summary_large_image\" \/>\n<meta name=\"twitter:title\" content=\"Gastbeitrag: Tipps f\u00fcr mehr #Fokus statt #Chaos im Kopf\" \/>\n<meta name=\"twitter:description\" content=\"Unkonzentriertes Arbeiten, unn\u00f6tige #Meetings, die Suche nach #Dateien, das ewige Hin und Her zwischen verschiedenen #Tools und #Apps: Wir brauchen mehr #Fokus!\" \/>\n<meta name=\"twitter:image\" content=\"https:\/\/www.organisator.ch\/wp-content\/uploads\/2020\/04\/Gastbeitrag-Tipps-fuer-mehr-Fokus-statt-Chaos-im-Kopf-1_Organisator.jpg\" \/>\n<script type=\"application\/ld+json\" class=\"yoast-schema-graph\">{\"@context\":\"https:\\\/\\\/schema.org\",\"@graph\":[{\"@type\":\"Article\",\"@id\":\"https:\\\/\\\/www.organisator.ch\\\/human-resources\\\/fit_im_job\\\/2020-04-09\\\/gastbeitrag-tipps-fuer-mehr-fokus-statt-chaos-im-kopf\\\/#article\",\"isPartOf\":{\"@id\":\"https:\\\/\\\/www.organisator.ch\\\/human-resources\\\/fit_im_job\\\/2020-04-09\\\/gastbeitrag-tipps-fuer-mehr-fokus-statt-chaos-im-kopf\\\/\"},\"author\":{\"name\":\"thomas.berner\",\"@id\":\"https:\\\/\\\/www.organisator.ch\\\/#\\\/schema\\\/person\\\/6f650f90b2842cd4c0cc334b4e36f67e\"},\"headline\":\"Gastbeitrag: Tipps f\u00fcr mehr Fokus statt Chaos im Kopf\",\"datePublished\":\"2020-04-09T07:59:19+00:00\",\"mainEntityOfPage\":{\"@id\":\"https:\\\/\\\/www.organisator.ch\\\/human-resources\\\/fit_im_job\\\/2020-04-09\\\/gastbeitrag-tipps-fuer-mehr-fokus-statt-chaos-im-kopf\\\/\"},\"wordCount\":1425,\"publisher\":{\"@id\":\"https:\\\/\\\/www.organisator.ch\\\/#organization\"},\"image\":{\"@id\":\"https:\\\/\\\/www.organisator.ch\\\/human-resources\\\/fit_im_job\\\/2020-04-09\\\/gastbeitrag-tipps-fuer-mehr-fokus-statt-chaos-im-kopf\\\/#primaryimage\"},\"thumbnailUrl\":\"https:\\\/\\\/www.organisator.ch\\\/wp-content\\\/uploads\\\/2020\\\/04\\\/Gastbeitrag-Tipps-fuer-mehr-Fokus-statt-Chaos-im-Kopf-1_Organisator.jpg\",\"keywords\":[\"Arbeitsplatzgestaltung\",\"Fit im Job\",\"Homeoffice\",\"Management und Unternehmensf\u00fchrung\",\"Psychische Gesundheit\"],\"articleSection\":[\"FIT IM JOB\"],\"inLanguage\":\"de\"},{\"@type\":\"WebPage\",\"@id\":\"https:\\\/\\\/www.organisator.ch\\\/human-resources\\\/fit_im_job\\\/2020-04-09\\\/gastbeitrag-tipps-fuer-mehr-fokus-statt-chaos-im-kopf\\\/\",\"url\":\"https:\\\/\\\/www.organisator.ch\\\/human-resources\\\/fit_im_job\\\/2020-04-09\\\/gastbeitrag-tipps-fuer-mehr-fokus-statt-chaos-im-kopf\\\/\",\"name\":\"Gastbeitrag: Tipps f\u00fcr mehr Fokus statt Chaos im Kopf - Organisator\",\"isPartOf\":{\"@id\":\"https:\\\/\\\/www.organisator.ch\\\/#website\"},\"primaryImageOfPage\":{\"@id\":\"https:\\\/\\\/www.organisator.ch\\\/human-resources\\\/fit_im_job\\\/2020-04-09\\\/gastbeitrag-tipps-fuer-mehr-fokus-statt-chaos-im-kopf\\\/#primaryimage\"},\"image\":{\"@id\":\"https:\\\/\\\/www.organisator.ch\\\/human-resources\\\/fit_im_job\\\/2020-04-09\\\/gastbeitrag-tipps-fuer-mehr-fokus-statt-chaos-im-kopf\\\/#primaryimage\"},\"thumbnailUrl\":\"https:\\\/\\\/www.organisator.ch\\\/wp-content\\\/uploads\\\/2020\\\/04\\\/Gastbeitrag-Tipps-fuer-mehr-Fokus-statt-Chaos-im-Kopf-1_Organisator.jpg\",\"datePublished\":\"2020-04-09T07:59:19+00:00\",\"description\":\"Unkonzentriertes Arbeiten, unn\u00f6tige Meetings, die Suche nach Dateien, das ewige Hin und Her zwischen verschiedenen Tools und Apps: Wir brauchen mehr Fokus!\",\"breadcrumb\":{\"@id\":\"https:\\\/\\\/www.organisator.ch\\\/human-resources\\\/fit_im_job\\\/2020-04-09\\\/gastbeitrag-tipps-fuer-mehr-fokus-statt-chaos-im-kopf\\\/#breadcrumb\"},\"inLanguage\":\"de\",\"potentialAction\":[{\"@type\":\"ReadAction\",\"target\":[\"https:\\\/\\\/www.organisator.ch\\\/human-resources\\\/fit_im_job\\\/2020-04-09\\\/gastbeitrag-tipps-fuer-mehr-fokus-statt-chaos-im-kopf\\\/\"]}]},{\"@type\":\"ImageObject\",\"inLanguage\":\"de\",\"@id\":\"https:\\\/\\\/www.organisator.ch\\\/human-resources\\\/fit_im_job\\\/2020-04-09\\\/gastbeitrag-tipps-fuer-mehr-fokus-statt-chaos-im-kopf\\\/#primaryimage\",\"url\":\"https:\\\/\\\/www.organisator.ch\\\/wp-content\\\/uploads\\\/2020\\\/04\\\/Gastbeitrag-Tipps-fuer-mehr-Fokus-statt-Chaos-im-Kopf-1_Organisator.jpg\",\"contentUrl\":\"https:\\\/\\\/www.organisator.ch\\\/wp-content\\\/uploads\\\/2020\\\/04\\\/Gastbeitrag-Tipps-fuer-mehr-Fokus-statt-Chaos-im-Kopf-1_Organisator.jpg\",\"width\":680,\"height\":425,\"caption\":\"Mehr Fokus: Was ist in der Firma ebenso schwer wie im Homeoffice? Richtig, gemeint ist die Konzentration aufs Wesentliche, die Steuerung der Aufmerksamkeit, die Fokussierung! (Bild: zVg \\\/ Dropbox)\"},{\"@type\":\"BreadcrumbList\",\"@id\":\"https:\\\/\\\/www.organisator.ch\\\/human-resources\\\/fit_im_job\\\/2020-04-09\\\/gastbeitrag-tipps-fuer-mehr-fokus-statt-chaos-im-kopf\\\/#breadcrumb\",\"itemListElement\":[{\"@type\":\"ListItem\",\"position\":1,\"name\":\"Home\",\"item\":\"https:\\\/\\\/www.organisator.ch\\\/\"},{\"@type\":\"ListItem\",\"position\":2,\"name\":\"Gastbeitrag: Tipps f\u00fcr mehr Fokus statt Chaos im Kopf\"}]},{\"@type\":\"WebSite\",\"@id\":\"https:\\\/\\\/www.organisator.ch\\\/#website\",\"url\":\"https:\\\/\\\/www.organisator.ch\\\/\",\"name\":\"Organisator\",\"description\":\"Kompetent. Praxisnah. Der ORGANISATOR bereitet in 10 Ausgaben pro Jahr die wesentlichen Themen f\u00fcr F\u00fchrungskr\u00e4fte von KMU auf.\",\"publisher\":{\"@id\":\"https:\\\/\\\/www.organisator.ch\\\/#organization\"},\"potentialAction\":[{\"@type\":\"SearchAction\",\"target\":{\"@type\":\"EntryPoint\",\"urlTemplate\":\"https:\\\/\\\/www.organisator.ch\\\/?s={search_term_string}\"},\"query-input\":{\"@type\":\"PropertyValueSpecification\",\"valueRequired\":true,\"valueName\":\"search_term_string\"}}],\"inLanguage\":\"de\"},{\"@type\":\"Organization\",\"@id\":\"https:\\\/\\\/www.organisator.ch\\\/#organization\",\"name\":\"Organisator\",\"url\":\"https:\\\/\\\/www.organisator.ch\\\/\",\"logo\":{\"@type\":\"ImageObject\",\"inLanguage\":\"de\",\"@id\":\"https:\\\/\\\/www.organisator.ch\\\/#\\\/schema\\\/logo\\\/image\\\/\",\"url\":\"https:\\\/\\\/www.organisator.ch\\\/wp-content\\\/uploads\\\/2022\\\/01\\\/Logo_Organisator_Website.png\",\"contentUrl\":\"https:\\\/\\\/www.organisator.ch\\\/wp-content\\\/uploads\\\/2022\\\/01\\\/Logo_Organisator_Website.png\",\"width\":800,\"height\":77,\"caption\":\"Organisator\"},\"image\":{\"@id\":\"https:\\\/\\\/www.organisator.ch\\\/#\\\/schema\\\/logo\\\/image\\\/\"},\"sameAs\":[\"https:\\\/\\\/www.facebook.com\\\/OrganisatorFachmagazin\",\"https:\\\/\\\/www.linkedin.com\\\/showcase\\\/organisator-das-magazin-fr-kmu\",\"https:\\\/\\\/www.xing.com\\\/news\\\/pages\\\/organisator-ch-695\",\"https:\\\/\\\/www.youtube.com\\\/channel\\\/UCGP2Sq0iWaZwT3BdIAQFYpw\"]},{\"@type\":\"Person\",\"@id\":\"https:\\\/\\\/www.organisator.ch\\\/#\\\/schema\\\/person\\\/6f650f90b2842cd4c0cc334b4e36f67e\",\"name\":\"thomas.berner\",\"image\":{\"@type\":\"ImageObject\",\"inLanguage\":\"de\",\"@id\":\"https:\\\/\\\/secure.gravatar.com\\\/avatar\\\/ac5001d2a36cb6c6cd3e50789007ffca834b477b74a2144564522e944eabff61?s=96&d=mm&r=g\",\"url\":\"https:\\\/\\\/secure.gravatar.com\\\/avatar\\\/ac5001d2a36cb6c6cd3e50789007ffca834b477b74a2144564522e944eabff61?s=96&d=mm&r=g\",\"contentUrl\":\"https:\\\/\\\/secure.gravatar.com\\\/avatar\\\/ac5001d2a36cb6c6cd3e50789007ffca834b477b74a2144564522e944eabff61?s=96&d=mm&r=g\",\"caption\":\"thomas.berner\"},\"url\":\"https:\\\/\\\/www.organisator.ch\\\/de\\\/author\\\/thomas-berner\\\/\"}]}<\/script>\n<!-- \/ Yoast SEO plugin. -->","yoast_head_json":{"title":"Gastbeitrag: Tipps f\u00fcr mehr Fokus statt Chaos im Kopf - Organisator","description":"Unkonzentriertes Arbeiten, unn\u00f6tige Meetings, die Suche nach Dateien, das ewige Hin und Her zwischen verschiedenen Tools und Apps: Wir brauchen mehr Fokus!","robots":{"index":"index","follow":"follow","max-snippet":"max-snippet:-1","max-image-preview":"max-image-preview:large","max-video-preview":"max-video-preview:-1"},"canonical":"https:\/\/www.organisator.ch\/de\/human-resources\/fit_im_job\/2020-04-09\/gastbeitrag-tipps-fuer-mehr-fokus-statt-chaos-im-kopf\/","og_locale":"de_DE","og_type":"article","og_title":"Gastbeitrag: Tipps f\u00fcr mehr Fokus statt Chaos im Kopf","og_description":"Unkonzentriertes Arbeiten, unn\u00f6tige Meetings, die Suche nach Dateien, das ewige Hin und Her zwischen verschiedenen Tools und Apps: Wir brauchen mehr Fokus!","og_url":"https:\/\/www.organisator.ch\/de\/human-resources\/fit_im_job\/2020-04-09\/gastbeitrag-tipps-fuer-mehr-fokus-statt-chaos-im-kopf\/","og_site_name":"Organisator","article_publisher":"https:\/\/www.facebook.com\/OrganisatorFachmagazin","article_published_time":"2020-04-09T07:59:19+00:00","og_image":[{"width":680,"height":425,"url":"https:\/\/www.organisator.ch\/wp-content\/uploads\/2020\/04\/Gastbeitrag-Tipps-fuer-mehr-Fokus-statt-Chaos-im-Kopf-1_Organisator.jpg","type":"image\/jpeg"}],"author":"thomas.berner","twitter_card":"summary_large_image","twitter_title":"Gastbeitrag: Tipps f\u00fcr mehr #Fokus statt #Chaos im Kopf","twitter_description":"Unkonzentriertes Arbeiten, unn\u00f6tige #Meetings, die Suche nach #Dateien, das ewige Hin und Her zwischen verschiedenen #Tools und #Apps: Wir brauchen mehr #Fokus!","twitter_image":"https:\/\/www.organisator.ch\/wp-content\/uploads\/2020\/04\/Gastbeitrag-Tipps-fuer-mehr-Fokus-statt-Chaos-im-Kopf-1_Organisator.jpg","schema":{"@context":"https:\/\/schema.org","@graph":[{"@type":"Article","@id":"https:\/\/www.organisator.ch\/human-resources\/fit_im_job\/2020-04-09\/gastbeitrag-tipps-fuer-mehr-fokus-statt-chaos-im-kopf\/#article","isPartOf":{"@id":"https:\/\/www.organisator.ch\/human-resources\/fit_im_job\/2020-04-09\/gastbeitrag-tipps-fuer-mehr-fokus-statt-chaos-im-kopf\/"},"author":{"name":"thomas.berner","@id":"https:\/\/www.organisator.ch\/#\/schema\/person\/6f650f90b2842cd4c0cc334b4e36f67e"},"headline":"Gastbeitrag: Tipps f\u00fcr mehr Fokus statt Chaos im Kopf","datePublished":"2020-04-09T07:59:19+00:00","mainEntityOfPage":{"@id":"https:\/\/www.organisator.ch\/human-resources\/fit_im_job\/2020-04-09\/gastbeitrag-tipps-fuer-mehr-fokus-statt-chaos-im-kopf\/"},"wordCount":1425,"publisher":{"@id":"https:\/\/www.organisator.ch\/#organization"},"image":{"@id":"https:\/\/www.organisator.ch\/human-resources\/fit_im_job\/2020-04-09\/gastbeitrag-tipps-fuer-mehr-fokus-statt-chaos-im-kopf\/#primaryimage"},"thumbnailUrl":"https:\/\/www.organisator.ch\/wp-content\/uploads\/2020\/04\/Gastbeitrag-Tipps-fuer-mehr-Fokus-statt-Chaos-im-Kopf-1_Organisator.jpg","keywords":["Arbeitsplatzgestaltung","Fit im Job","Homeoffice","Management und Unternehmensf\u00fchrung","Psychische Gesundheit"],"articleSection":["FIT IM JOB"],"inLanguage":"de"},{"@type":"WebPage","@id":"https:\/\/www.organisator.ch\/human-resources\/fit_im_job\/2020-04-09\/gastbeitrag-tipps-fuer-mehr-fokus-statt-chaos-im-kopf\/","url":"https:\/\/www.organisator.ch\/human-resources\/fit_im_job\/2020-04-09\/gastbeitrag-tipps-fuer-mehr-fokus-statt-chaos-im-kopf\/","name":"Gastbeitrag: Tipps f\u00fcr mehr Fokus statt Chaos im Kopf - Organisator","isPartOf":{"@id":"https:\/\/www.organisator.ch\/#website"},"primaryImageOfPage":{"@id":"https:\/\/www.organisator.ch\/human-resources\/fit_im_job\/2020-04-09\/gastbeitrag-tipps-fuer-mehr-fokus-statt-chaos-im-kopf\/#primaryimage"},"image":{"@id":"https:\/\/www.organisator.ch\/human-resources\/fit_im_job\/2020-04-09\/gastbeitrag-tipps-fuer-mehr-fokus-statt-chaos-im-kopf\/#primaryimage"},"thumbnailUrl":"https:\/\/www.organisator.ch\/wp-content\/uploads\/2020\/04\/Gastbeitrag-Tipps-fuer-mehr-Fokus-statt-Chaos-im-Kopf-1_Organisator.jpg","datePublished":"2020-04-09T07:59:19+00:00","description":"Unkonzentriertes Arbeiten, unn\u00f6tige Meetings, die Suche nach Dateien, das ewige Hin und Her zwischen verschiedenen Tools und Apps: Wir brauchen mehr Fokus!","breadcrumb":{"@id":"https:\/\/www.organisator.ch\/human-resources\/fit_im_job\/2020-04-09\/gastbeitrag-tipps-fuer-mehr-fokus-statt-chaos-im-kopf\/#breadcrumb"},"inLanguage":"de","potentialAction":[{"@type":"ReadAction","target":["https:\/\/www.organisator.ch\/human-resources\/fit_im_job\/2020-04-09\/gastbeitrag-tipps-fuer-mehr-fokus-statt-chaos-im-kopf\/"]}]},{"@type":"ImageObject","inLanguage":"de","@id":"https:\/\/www.organisator.ch\/human-resources\/fit_im_job\/2020-04-09\/gastbeitrag-tipps-fuer-mehr-fokus-statt-chaos-im-kopf\/#primaryimage","url":"https:\/\/www.organisator.ch\/wp-content\/uploads\/2020\/04\/Gastbeitrag-Tipps-fuer-mehr-Fokus-statt-Chaos-im-Kopf-1_Organisator.jpg","contentUrl":"https:\/\/www.organisator.ch\/wp-content\/uploads\/2020\/04\/Gastbeitrag-Tipps-fuer-mehr-Fokus-statt-Chaos-im-Kopf-1_Organisator.jpg","width":680,"height":425,"caption":"Mehr Fokus: Was ist in der Firma ebenso schwer wie im Homeoffice? Richtig, gemeint ist die Konzentration aufs Wesentliche, die Steuerung der Aufmerksamkeit, die Fokussierung! (Bild: zVg \/ Dropbox)"},{"@type":"BreadcrumbList","@id":"https:\/\/www.organisator.ch\/human-resources\/fit_im_job\/2020-04-09\/gastbeitrag-tipps-fuer-mehr-fokus-statt-chaos-im-kopf\/#breadcrumb","itemListElement":[{"@type":"ListItem","position":1,"name":"Home","item":"https:\/\/www.organisator.ch\/"},{"@type":"ListItem","position":2,"name":"Gastbeitrag: Tipps f\u00fcr mehr Fokus statt Chaos im Kopf"}]},{"@type":"WebSite","@id":"https:\/\/www.organisator.ch\/#website","url":"https:\/\/www.organisator.ch\/","name":"Organisator","description":"Kompetent. Praxisnah. Der ORGANISATOR bereitet in 10 Ausgaben pro Jahr die wesentlichen Themen f\u00fcr F\u00fchrungskr\u00e4fte von KMU auf.","publisher":{"@id":"https:\/\/www.organisator.ch\/#organization"},"potentialAction":[{"@type":"SearchAction","target":{"@type":"EntryPoint","urlTemplate":"https:\/\/www.organisator.ch\/?s={search_term_string}"},"query-input":{"@type":"PropertyValueSpecification","valueRequired":true,"valueName":"search_term_string"}}],"inLanguage":"de"},{"@type":"Organization","@id":"https:\/\/www.organisator.ch\/#organization","name":"Organisator","url":"https:\/\/www.organisator.ch\/","logo":{"@type":"ImageObject","inLanguage":"de","@id":"https:\/\/www.organisator.ch\/#\/schema\/logo\/image\/","url":"https:\/\/www.organisator.ch\/wp-content\/uploads\/2022\/01\/Logo_Organisator_Website.png","contentUrl":"https:\/\/www.organisator.ch\/wp-content\/uploads\/2022\/01\/Logo_Organisator_Website.png","width":800,"height":77,"caption":"Organisator"},"image":{"@id":"https:\/\/www.organisator.ch\/#\/schema\/logo\/image\/"},"sameAs":["https:\/\/www.facebook.com\/OrganisatorFachmagazin","https:\/\/www.linkedin.com\/showcase\/organisator-das-magazin-fr-kmu","https:\/\/www.xing.com\/news\/pages\/organisator-ch-695","https:\/\/www.youtube.com\/channel\/UCGP2Sq0iWaZwT3BdIAQFYpw"]},{"@type":"Person","@id":"https:\/\/www.organisator.ch\/#\/schema\/person\/6f650f90b2842cd4c0cc334b4e36f67e","name":"thomas.berner","image":{"@type":"ImageObject","inLanguage":"de","@id":"https:\/\/secure.gravatar.com\/avatar\/ac5001d2a36cb6c6cd3e50789007ffca834b477b74a2144564522e944eabff61?s=96&d=mm&r=g","url":"https:\/\/secure.gravatar.com\/avatar\/ac5001d2a36cb6c6cd3e50789007ffca834b477b74a2144564522e944eabff61?s=96&d=mm&r=g","contentUrl":"https:\/\/secure.gravatar.com\/avatar\/ac5001d2a36cb6c6cd3e50789007ffca834b477b74a2144564522e944eabff61?s=96&d=mm&r=g","caption":"thomas.berner"},"url":"https:\/\/www.organisator.ch\/de\/author\/thomas-berner\/"}]}},"_links":{"self":[{"href":"https:\/\/www.organisator.ch\/de\/wp-json\/wp\/v2\/posts\/6582","targetHints":{"allow":["GET"]}}],"collection":[{"href":"https:\/\/www.organisator.ch\/de\/wp-json\/wp\/v2\/posts"}],"about":[{"href":"https:\/\/www.organisator.ch\/de\/wp-json\/wp\/v2\/types\/post"}],"author":[{"embeddable":true,"href":"https:\/\/www.organisator.ch\/de\/wp-json\/wp\/v2\/users\/4"}],"replies":[{"embeddable":true,"href":"https:\/\/www.organisator.ch\/de\/wp-json\/wp\/v2\/comments?post=6582"}],"version-history":[{"count":0,"href":"https:\/\/www.organisator.ch\/de\/wp-json\/wp\/v2\/posts\/6582\/revisions"}],"wp:featuredmedia":[{"embeddable":true,"href":"https:\/\/www.organisator.ch\/de\/wp-json\/wp\/v2\/media\/6583"}],"wp:attachment":[{"href":"https:\/\/www.organisator.ch\/de\/wp-json\/wp\/v2\/media?parent=6582"}],"wp:term":[{"taxonomy":"category","embeddable":true,"href":"https:\/\/www.organisator.ch\/de\/wp-json\/wp\/v2\/categories?post=6582"},{"taxonomy":"post_tag","embeddable":true,"href":"https:\/\/www.organisator.ch\/de\/wp-json\/wp\/v2\/tags?post=6582"}],"curies":[{"name":"wp","href":"https:\/\/api.w.org\/{rel}","templated":true}]}}