{"id":6605,"date":"2020-04-20T14:15:06","date_gmt":"2020-04-20T12:15:06","guid":{"rendered":"https:\/\/www.organisator.ch\/?p=6605"},"modified":"2020-04-20T14:15:06","modified_gmt":"2020-04-20T12:15:06","slug":"werbemarkt-trend-corona-krise-zeigt-erste-massive-folgen","status":"publish","type":"post","link":"https:\/\/www.organisator.ch\/de\/marketing\/2020-04-20\/werbemarkt-trend-corona-krise-zeigt-erste-massive-folgen\/","title":{"rendered":"Werbemarkt-Trend: Corona-Krise zeigt erste massive Folgen"},"content":{"rendered":"<figure id=\"attachment_6606\" aria-describedby=\"caption-attachment-6606\" style=\"width: 680px\" class=\"wp-caption alignnone\"><img loading=\"lazy\" decoding=\"async\" class=\"size-medium wp-image-6606\" src=\"https:\/\/www.organisator.ch\/wp-content\/uploads\/2020\/04\/Werbemarkt-Trend-Corona-Krise-zeigt-erste-massive-Folgen_Organisator.jpg\" alt=\"\" width=\"680\" height=\"528\" srcset=\"https:\/\/www.organisator.ch\/wp-content\/uploads\/2020\/04\/Werbemarkt-Trend-Corona-Krise-zeigt-erste-massive-Folgen_Organisator.jpg 680w, https:\/\/www.organisator.ch\/wp-content\/uploads\/2020\/04\/Werbemarkt-Trend-Corona-Krise-zeigt-erste-massive-Folgen_Organisator-16x12.jpg 16w, https:\/\/www.organisator.ch\/wp-content\/uploads\/2020\/04\/Werbemarkt-Trend-Corona-Krise-zeigt-erste-massive-Folgen_Organisator-225x175.jpg 225w, https:\/\/www.organisator.ch\/wp-content\/uploads\/2020\/04\/Werbemarkt-Trend-Corona-Krise-zeigt-erste-massive-Folgen_Organisator-451x350.jpg 451w, https:\/\/www.organisator.ch\/wp-content\/uploads\/2020\/04\/Werbemarkt-Trend-Corona-Krise-zeigt-erste-massive-Folgen_Organisator-300x233.jpg 300w\" sizes=\"auto, (max-width: 680px) 100vw, 680px\" \/><figcaption id=\"caption-attachment-6606\" class=\"wp-caption-text\">Werbemarkt-Trend: Entwicklung des Werbedrucks per M\u00e4rz 2020 in Mio. Bruttofranken. (Grafik: Media Focus GmbH)<\/figcaption><\/figure>\n<p>Die Corona-Krise f\u00fchrt zu einer Wende im j\u00e4hrlichen Werbemarkt-Trend. W\u00e4hrend in &#8222;normalen&#8220; Jahren ab M\u00e4rz die Kurve des Werbedrucks regelm\u00e4ssig nach oben zeigt, ist es in diesem Jahr anders: Der Gap zum Vorjahr bel\u00e4uft sich im Monat M\u00e4rz auf minus 90 Millionen Franken respektive -16.4 Prozent. Damit liegt das erste Quartal 2020 114 Millionen hinter dem Vorjahreswert. Dies entspricht einem R\u00fcckgang von -8.2 Prozent, wie die aktuellen Zahlen von Media Focus belegen.<\/p>\n<h2><strong>Mediengruppen unterschiedlich stark betroffen<\/strong><\/h2>\n<p>Die Kinowerbung sank im M\u00e4rz prozentual am st\u00e4rksten (-77%), gefolgt von Radiowerbung (-49%). Printwerbung ging um rund 20 Prozent zur\u00fcck, dabei trifft es die Tages-, reg. Wochen- + Sonntagspresse und Fachpresse am st\u00e4rksten. Die Publikums-, Finanz- + Wirtschaftspresse bleibt hingegen auf Vorjahresniveau. Auch Internet- (-17%) und TV-Werbung verzeichneten sp\u00fcrbare Einbussen (-15%). Einzig der Out-of-Home-Werbedruck bleibt im M\u00e4rz insgesamt noch auf Vorjahresniveau (-0.7%).<\/p>\n<p>Mit der Ausrufung der \u201eausserordentlichen Lage\u201c in der Schweiz am 16. M\u00e4rz 2020 zeigt sich in Kalenderwoche 12 der gr\u00f6sste Einbruch des Werbedrucks \u00fcber alle Mediengruppen hinweg. Zu beobachten sind jedoch Unterschiede zwischen den einzelnen Medien: W\u00e4hrend Kinowerbung nach der Schliessung ab Woche 12 erwartungsgem\u00e4ss auf null sank, fiel der R\u00fcckgang bei den anderen Mediengruppen in der n\u00e4chsten Woche bereits weniger stark aus. Nach der ersten Schockstarre wird klar: Eine Disruption, welche die aktuelle Ausnahmesituation f\u00fcr die Werbebranche unbestreitbar darstellt, schafft offensichtliche Gewinner und Verlierer. Den gr\u00f6ssten Boost erfuhr im M\u00e4rz die Reinigungsbranche mit einem Plus von 33,2 Prozent, gefolgt von Tabakwerbung mit 24,2 Prozent Zuwachs. Putzen und Rauchen: Damit sollen sich Herr und Frau Schweizer also w\u00e4hrend des Lockdowns am ehesten verlustieren&#8230;<\/p>\n<figure style=\"width: 889px\" class=\"wp-caption alignnone\"><img loading=\"lazy\" decoding=\"async\" src=\"https:\/\/mediafocus.ch\/public\/images\/17_04_2020_DE_Gesamtmarkt-Tabelle.png\" alt=\"publikation img\" width=\"889\" height=\"427\" \/><figcaption class=\"wp-caption-text\">Werbemarkt-Trend im ersten Quartal 2020 im Vergleich mit den Werbeausgaben der Vormonaten.<\/figcaption><\/figure>\n<h2><strong>BAG-Kampagne stark &#8211; der Fahrzeugbranche fehlt der Autosalon<\/strong><\/h2>\n<p>Durch die Corona-Kampagne des BAG, dem \u201eProdukt\u201c mit dem h\u00f6chsten Werbedruck im M\u00e4rz 2020, erf\u00e4hrt die Branche &#8222;Initiativen und Kampagnen&#8220; einen deutlichen Zuwachs an Werbedruck (+5.7%) und auch die Finanzbranche schliesst leicht im Plus (+1.9%). Betrachtet man die bisherige Jahresentwicklung, ist dies jedoch als Stillstand zu interpretieren. Die Branche war im Januar und Februar jeweils mit gut 20 Prozent mehr Werbedruck gestartet als noch 2019.<\/p>\n<p>Dass Kampagnen kurzfristig ab Kalenderwoche 12 gestoppt wurden, kann bisher jedoch nur bei wenigen Werbetreibenden beobachtet werden. Ein Beispiel hierzu liefert die Fahrzeugbranche: Dieser Sektor hat, nicht zuletzt durch den Wegfall des Autosalons, mit dem h\u00f6chsten absoluten R\u00fcckgang im Vorjahresvergleich zu k\u00e4mpfen. So ist etwa die Kampagne f\u00fcr den VW Golf 8, die noch auf dem Silberpodestplatz der TOP 10 Produkte im M\u00e4rz stand, weitgehend aus den Kommunikationskan\u00e4len verschwunden. Die Werbeoffensive in TV, OOH und Kino war nur von kurzer Dauer und nahm in Woche 12 ein abruptes Ende. Lediglich die Online-Werbung l\u00e4uft wie gehabt weiter. Ob dies geplant gewesen ist, darf zumindest als Frage in den Raum gestellt werden.<\/p>\n<p>Die Branche, welche aber im M\u00e4rz die meisten R\u00e4nge im Vergleich zum bisherigen Jahresverlauf verliert, ist Freizeit, Gastronomie, Tourismus. Im Januar und Februar klar auf Rang 1, f\u00e4llt dieser Bereich auf Rang 10 ab. Der Werbedruck ist seit Januar stetig um ein Drittel zur\u00fcckgegangen. Im Vorjahresvergleich kommt der R\u00fcckgang bei -12.7% zu liegen. Der M\u00e4rz 2020 liegt rund 40% unter Vorjahreswert.<\/p>\n<h2><strong>Werbemarkt-Trend im Ausblick<\/strong><\/h2>\n<p>Wer nicht wirbt, stirbt: Dieses Bonmot gilt aber auch w\u00e4hrend der Krise. Denn die aktuelle Situation bietet dem, der agil kommuniziert, gute kurz-, mittel- und langfristige Positionierungsm\u00f6glichkeiten. Dies etwa, indem er die beworbene Produktpalette anpasst (Velos: +41%), Serviceleistungen wie den Online-Shop hervorhebt (SportXX, ab 23.3.2020), oder Image-Aufbau betreibt (Partnerschaft Verhaltensregeln: Coop\/Migros\/Denner). Und ebenfalls nicht vergessen werden soll eine simple Logik: Wenn die Konkurrenz ihre Aktivit\u00e4ten reduziert, dann bekommt bei gleichbleibendem Werbedruck die eigene \u201eWerbestimme\u201c im Markt mehr Gewicht (SOV%). Und f\u00fcr Beachtung ist gesorgt: Denn an der Zeit und Aufmerksamkeit, welche die Schweizer Bev\u00f6lkerung in Zeiten von Home Office und Quarant\u00e4ne den Medien widmet, kann es derzeit nicht liegen&#8230;<\/p>\n<p><em>Quelle: <a href=\"http:\/\/www.mediafocus.ch\">Media Focus GmbH<\/a><\/em><\/p>\n","protected":false},"excerpt":{"rendered":"<p>Die Corona-Krise f\u00fchrt zu einer Wende im j\u00e4hrlichen Werbemarkt-Trend. W\u00e4hrend in &#8222;normalen&#8220; Jahren ab M\u00e4rz die Kurve des Werbedrucks regelm\u00e4ssig nach oben zeigt, ist es in diesem Jahr anders: Der Gap zum Vorjahr bel\u00e4uft sich im Monat M\u00e4rz auf minus 90 Millionen Franken respektive -16.4 Prozent. Damit liegt das erste Quartal 2020 114 Millionen hinter [&hellip;]<\/p>\n","protected":false},"author":4,"featured_media":6606,"comment_status":"closed","ping_status":"closed","sticky":false,"template":"","format":"standard","meta":{"_acf_changed":false,"_yoast_wpseo_focuskw":"Werbemarkt-Trend","_yoast_wpseo_metadesc":"Der Werbemarkt-Trend M\u00e4rz 2020 zeigt die ersten Auswirkungen der Corona-Krise auf den Schweizer Werbemarkt. Neben Verlierern gibt es aber auch Gewinner.","articlekey":"","footnotes":""},"categories":[29],"tags":[132,339,520],"class_list":["post-6605","post","type-post","status-publish","format-standard","has-post-thumbnail","hentry","category-marketing","tag-coronavirus","tag-marketing","tag-werbung"],"acf":[],"yoast_head":"<!-- This site is optimized with the Yoast SEO plugin v27.5 - https:\/\/yoast.com\/product\/yoast-seo-wordpress\/ -->\n<title>Werbemarkt-Trend: Corona-Krise zeigt erste massive Folgen - Organisator<\/title>\n<meta name=\"description\" content=\"Der Werbemarkt-Trend M\u00e4rz 2020 zeigt die ersten Auswirkungen der Corona-Krise auf den Schweizer Werbemarkt. Neben Verlierern gibt es aber auch Gewinner.\" \/>\n<meta name=\"robots\" content=\"index, follow, max-snippet:-1, max-image-preview:large, max-video-preview:-1\" \/>\n<link rel=\"canonical\" href=\"https:\/\/www.organisator.ch\/de\/marketing\/2020-04-20\/werbemarkt-trend-corona-krise-zeigt-erste-massive-folgen\/\" \/>\n<meta property=\"og:locale\" content=\"de_DE\" \/>\n<meta property=\"og:type\" content=\"article\" \/>\n<meta property=\"og:title\" content=\"Werbemarkt-Trend: Corona-Krise zeigt erste massive Folgen\" \/>\n<meta property=\"og:description\" content=\"Der Werbemarkt-Trend M\u00e4rz 2020 zeigt die ersten Auswirkungen der Corona-Krise auf den Schweizer Werbemarkt. Neben Verlierern gibt es aber auch Gewinner.\" \/>\n<meta property=\"og:url\" content=\"https:\/\/www.organisator.ch\/de\/marketing\/2020-04-20\/werbemarkt-trend-corona-krise-zeigt-erste-massive-folgen\/\" \/>\n<meta property=\"og:site_name\" content=\"Organisator\" \/>\n<meta property=\"article:publisher\" content=\"https:\/\/www.facebook.com\/OrganisatorFachmagazin\" \/>\n<meta property=\"article:published_time\" content=\"2020-04-20T12:15:06+00:00\" \/>\n<meta property=\"og:image\" content=\"https:\/\/www.organisator.ch\/wp-content\/uploads\/2020\/04\/Werbemarkt-Trend-Corona-Krise-zeigt-erste-massive-Folgen_Organisator.jpg\" \/>\n\t<meta property=\"og:image:width\" content=\"680\" \/>\n\t<meta property=\"og:image:height\" content=\"528\" \/>\n\t<meta property=\"og:image:type\" content=\"image\/jpeg\" \/>\n<meta name=\"author\" content=\"thomas.berner\" \/>\n<meta name=\"twitter:card\" content=\"summary_large_image\" \/>\n<meta name=\"twitter:title\" content=\"#Werbemarkt-Trend: #Corona-Krise zeigt erste massive Folgen\" \/>\n<meta name=\"twitter:description\" content=\"Der #Werbemarkt-Trend M\u00e4rz 2020 zeigt die ersten Auswirkungen der #Corona-Krise auf den Schweizer #Werbemarkt. Neben Verlierern gibt es aber auch Gewinner.\" \/>\n<meta name=\"twitter:image\" content=\"https:\/\/www.organisator.ch\/wp-content\/uploads\/2020\/04\/Werbemarkt-Trend-Corona-Krise-zeigt-erste-massive-Folgen_Organisator.jpg\" \/>\n<script type=\"application\/ld+json\" class=\"yoast-schema-graph\">{\"@context\":\"https:\\\/\\\/schema.org\",\"@graph\":[{\"@type\":\"Article\",\"@id\":\"https:\\\/\\\/www.organisator.ch\\\/marketing\\\/2020-04-20\\\/werbemarkt-trend-corona-krise-zeigt-erste-massive-folgen\\\/#article\",\"isPartOf\":{\"@id\":\"https:\\\/\\\/www.organisator.ch\\\/marketing\\\/2020-04-20\\\/werbemarkt-trend-corona-krise-zeigt-erste-massive-folgen\\\/\"},\"author\":{\"name\":\"thomas.berner\",\"@id\":\"https:\\\/\\\/www.organisator.ch\\\/#\\\/schema\\\/person\\\/6f650f90b2842cd4c0cc334b4e36f67e\"},\"headline\":\"Werbemarkt-Trend: Corona-Krise zeigt erste massive Folgen\",\"datePublished\":\"2020-04-20T12:15:06+00:00\",\"mainEntityOfPage\":{\"@id\":\"https:\\\/\\\/www.organisator.ch\\\/marketing\\\/2020-04-20\\\/werbemarkt-trend-corona-krise-zeigt-erste-massive-folgen\\\/\"},\"wordCount\":686,\"publisher\":{\"@id\":\"https:\\\/\\\/www.organisator.ch\\\/#organization\"},\"image\":{\"@id\":\"https:\\\/\\\/www.organisator.ch\\\/marketing\\\/2020-04-20\\\/werbemarkt-trend-corona-krise-zeigt-erste-massive-folgen\\\/#primaryimage\"},\"thumbnailUrl\":\"https:\\\/\\\/www.organisator.ch\\\/wp-content\\\/uploads\\\/2020\\\/04\\\/Werbemarkt-Trend-Corona-Krise-zeigt-erste-massive-Folgen_Organisator.jpg\",\"keywords\":[\"Coronavirus\",\"Marketing\",\"Werbung\"],\"articleSection\":[\"MARKETING\"],\"inLanguage\":\"de\"},{\"@type\":\"WebPage\",\"@id\":\"https:\\\/\\\/www.organisator.ch\\\/marketing\\\/2020-04-20\\\/werbemarkt-trend-corona-krise-zeigt-erste-massive-folgen\\\/\",\"url\":\"https:\\\/\\\/www.organisator.ch\\\/marketing\\\/2020-04-20\\\/werbemarkt-trend-corona-krise-zeigt-erste-massive-folgen\\\/\",\"name\":\"Werbemarkt-Trend: Corona-Krise zeigt erste massive Folgen - Organisator\",\"isPartOf\":{\"@id\":\"https:\\\/\\\/www.organisator.ch\\\/#website\"},\"primaryImageOfPage\":{\"@id\":\"https:\\\/\\\/www.organisator.ch\\\/marketing\\\/2020-04-20\\\/werbemarkt-trend-corona-krise-zeigt-erste-massive-folgen\\\/#primaryimage\"},\"image\":{\"@id\":\"https:\\\/\\\/www.organisator.ch\\\/marketing\\\/2020-04-20\\\/werbemarkt-trend-corona-krise-zeigt-erste-massive-folgen\\\/#primaryimage\"},\"thumbnailUrl\":\"https:\\\/\\\/www.organisator.ch\\\/wp-content\\\/uploads\\\/2020\\\/04\\\/Werbemarkt-Trend-Corona-Krise-zeigt-erste-massive-Folgen_Organisator.jpg\",\"datePublished\":\"2020-04-20T12:15:06+00:00\",\"description\":\"Der Werbemarkt-Trend M\u00e4rz 2020 zeigt die ersten Auswirkungen der Corona-Krise auf den Schweizer Werbemarkt. Neben Verlierern gibt es aber auch Gewinner.\",\"breadcrumb\":{\"@id\":\"https:\\\/\\\/www.organisator.ch\\\/marketing\\\/2020-04-20\\\/werbemarkt-trend-corona-krise-zeigt-erste-massive-folgen\\\/#breadcrumb\"},\"inLanguage\":\"de\",\"potentialAction\":[{\"@type\":\"ReadAction\",\"target\":[\"https:\\\/\\\/www.organisator.ch\\\/marketing\\\/2020-04-20\\\/werbemarkt-trend-corona-krise-zeigt-erste-massive-folgen\\\/\"]}]},{\"@type\":\"ImageObject\",\"inLanguage\":\"de\",\"@id\":\"https:\\\/\\\/www.organisator.ch\\\/marketing\\\/2020-04-20\\\/werbemarkt-trend-corona-krise-zeigt-erste-massive-folgen\\\/#primaryimage\",\"url\":\"https:\\\/\\\/www.organisator.ch\\\/wp-content\\\/uploads\\\/2020\\\/04\\\/Werbemarkt-Trend-Corona-Krise-zeigt-erste-massive-Folgen_Organisator.jpg\",\"contentUrl\":\"https:\\\/\\\/www.organisator.ch\\\/wp-content\\\/uploads\\\/2020\\\/04\\\/Werbemarkt-Trend-Corona-Krise-zeigt-erste-massive-Folgen_Organisator.jpg\",\"width\":680,\"height\":528,\"caption\":\"Werbemarkt-Trend: Entwicklung des Werbedrucks per M\u00e4rz 2020 in Mio. Bruttofranken. (Grafik: Media Focus GmbH)\"},{\"@type\":\"BreadcrumbList\",\"@id\":\"https:\\\/\\\/www.organisator.ch\\\/marketing\\\/2020-04-20\\\/werbemarkt-trend-corona-krise-zeigt-erste-massive-folgen\\\/#breadcrumb\",\"itemListElement\":[{\"@type\":\"ListItem\",\"position\":1,\"name\":\"Home\",\"item\":\"https:\\\/\\\/www.organisator.ch\\\/\"},{\"@type\":\"ListItem\",\"position\":2,\"name\":\"Werbemarkt-Trend: Corona-Krise zeigt erste massive Folgen\"}]},{\"@type\":\"WebSite\",\"@id\":\"https:\\\/\\\/www.organisator.ch\\\/#website\",\"url\":\"https:\\\/\\\/www.organisator.ch\\\/\",\"name\":\"Organisator\",\"description\":\"Kompetent. Praxisnah. Der ORGANISATOR bereitet in 10 Ausgaben pro Jahr die wesentlichen Themen f\u00fcr F\u00fchrungskr\u00e4fte von KMU auf.\",\"publisher\":{\"@id\":\"https:\\\/\\\/www.organisator.ch\\\/#organization\"},\"potentialAction\":[{\"@type\":\"SearchAction\",\"target\":{\"@type\":\"EntryPoint\",\"urlTemplate\":\"https:\\\/\\\/www.organisator.ch\\\/?s={search_term_string}\"},\"query-input\":{\"@type\":\"PropertyValueSpecification\",\"valueRequired\":true,\"valueName\":\"search_term_string\"}}],\"inLanguage\":\"de\"},{\"@type\":\"Organization\",\"@id\":\"https:\\\/\\\/www.organisator.ch\\\/#organization\",\"name\":\"Organisator\",\"url\":\"https:\\\/\\\/www.organisator.ch\\\/\",\"logo\":{\"@type\":\"ImageObject\",\"inLanguage\":\"de\",\"@id\":\"https:\\\/\\\/www.organisator.ch\\\/#\\\/schema\\\/logo\\\/image\\\/\",\"url\":\"https:\\\/\\\/www.organisator.ch\\\/wp-content\\\/uploads\\\/2022\\\/01\\\/Logo_Organisator_Website.png\",\"contentUrl\":\"https:\\\/\\\/www.organisator.ch\\\/wp-content\\\/uploads\\\/2022\\\/01\\\/Logo_Organisator_Website.png\",\"width\":800,\"height\":77,\"caption\":\"Organisator\"},\"image\":{\"@id\":\"https:\\\/\\\/www.organisator.ch\\\/#\\\/schema\\\/logo\\\/image\\\/\"},\"sameAs\":[\"https:\\\/\\\/www.facebook.com\\\/OrganisatorFachmagazin\",\"https:\\\/\\\/www.linkedin.com\\\/showcase\\\/organisator-das-magazin-fr-kmu\",\"https:\\\/\\\/www.xing.com\\\/news\\\/pages\\\/organisator-ch-695\",\"https:\\\/\\\/www.youtube.com\\\/channel\\\/UCGP2Sq0iWaZwT3BdIAQFYpw\"]},{\"@type\":\"Person\",\"@id\":\"https:\\\/\\\/www.organisator.ch\\\/#\\\/schema\\\/person\\\/6f650f90b2842cd4c0cc334b4e36f67e\",\"name\":\"thomas.berner\",\"image\":{\"@type\":\"ImageObject\",\"inLanguage\":\"de\",\"@id\":\"https:\\\/\\\/secure.gravatar.com\\\/avatar\\\/ac5001d2a36cb6c6cd3e50789007ffca834b477b74a2144564522e944eabff61?s=96&d=mm&r=g\",\"url\":\"https:\\\/\\\/secure.gravatar.com\\\/avatar\\\/ac5001d2a36cb6c6cd3e50789007ffca834b477b74a2144564522e944eabff61?s=96&d=mm&r=g\",\"contentUrl\":\"https:\\\/\\\/secure.gravatar.com\\\/avatar\\\/ac5001d2a36cb6c6cd3e50789007ffca834b477b74a2144564522e944eabff61?s=96&d=mm&r=g\",\"caption\":\"thomas.berner\"},\"url\":\"https:\\\/\\\/www.organisator.ch\\\/de\\\/author\\\/thomas-berner\\\/\"}]}<\/script>\n<!-- \/ Yoast SEO plugin. -->","yoast_head_json":{"title":"Werbemarkt-Trend: Corona-Krise zeigt erste massive Folgen - Organisator","description":"Der Werbemarkt-Trend M\u00e4rz 2020 zeigt die ersten Auswirkungen der Corona-Krise auf den Schweizer Werbemarkt. Neben Verlierern gibt es aber auch Gewinner.","robots":{"index":"index","follow":"follow","max-snippet":"max-snippet:-1","max-image-preview":"max-image-preview:large","max-video-preview":"max-video-preview:-1"},"canonical":"https:\/\/www.organisator.ch\/de\/marketing\/2020-04-20\/werbemarkt-trend-corona-krise-zeigt-erste-massive-folgen\/","og_locale":"de_DE","og_type":"article","og_title":"Werbemarkt-Trend: Corona-Krise zeigt erste massive Folgen","og_description":"Der Werbemarkt-Trend M\u00e4rz 2020 zeigt die ersten Auswirkungen der Corona-Krise auf den Schweizer Werbemarkt. Neben Verlierern gibt es aber auch Gewinner.","og_url":"https:\/\/www.organisator.ch\/de\/marketing\/2020-04-20\/werbemarkt-trend-corona-krise-zeigt-erste-massive-folgen\/","og_site_name":"Organisator","article_publisher":"https:\/\/www.facebook.com\/OrganisatorFachmagazin","article_published_time":"2020-04-20T12:15:06+00:00","og_image":[{"width":680,"height":528,"url":"https:\/\/www.organisator.ch\/wp-content\/uploads\/2020\/04\/Werbemarkt-Trend-Corona-Krise-zeigt-erste-massive-Folgen_Organisator.jpg","type":"image\/jpeg"}],"author":"thomas.berner","twitter_card":"summary_large_image","twitter_title":"#Werbemarkt-Trend: #Corona-Krise zeigt erste massive Folgen","twitter_description":"Der #Werbemarkt-Trend M\u00e4rz 2020 zeigt die ersten Auswirkungen der #Corona-Krise auf den Schweizer #Werbemarkt. Neben Verlierern gibt es aber auch Gewinner.","twitter_image":"https:\/\/www.organisator.ch\/wp-content\/uploads\/2020\/04\/Werbemarkt-Trend-Corona-Krise-zeigt-erste-massive-Folgen_Organisator.jpg","schema":{"@context":"https:\/\/schema.org","@graph":[{"@type":"Article","@id":"https:\/\/www.organisator.ch\/marketing\/2020-04-20\/werbemarkt-trend-corona-krise-zeigt-erste-massive-folgen\/#article","isPartOf":{"@id":"https:\/\/www.organisator.ch\/marketing\/2020-04-20\/werbemarkt-trend-corona-krise-zeigt-erste-massive-folgen\/"},"author":{"name":"thomas.berner","@id":"https:\/\/www.organisator.ch\/#\/schema\/person\/6f650f90b2842cd4c0cc334b4e36f67e"},"headline":"Werbemarkt-Trend: Corona-Krise zeigt erste massive Folgen","datePublished":"2020-04-20T12:15:06+00:00","mainEntityOfPage":{"@id":"https:\/\/www.organisator.ch\/marketing\/2020-04-20\/werbemarkt-trend-corona-krise-zeigt-erste-massive-folgen\/"},"wordCount":686,"publisher":{"@id":"https:\/\/www.organisator.ch\/#organization"},"image":{"@id":"https:\/\/www.organisator.ch\/marketing\/2020-04-20\/werbemarkt-trend-corona-krise-zeigt-erste-massive-folgen\/#primaryimage"},"thumbnailUrl":"https:\/\/www.organisator.ch\/wp-content\/uploads\/2020\/04\/Werbemarkt-Trend-Corona-Krise-zeigt-erste-massive-Folgen_Organisator.jpg","keywords":["Coronavirus","Marketing","Werbung"],"articleSection":["MARKETING"],"inLanguage":"de"},{"@type":"WebPage","@id":"https:\/\/www.organisator.ch\/marketing\/2020-04-20\/werbemarkt-trend-corona-krise-zeigt-erste-massive-folgen\/","url":"https:\/\/www.organisator.ch\/marketing\/2020-04-20\/werbemarkt-trend-corona-krise-zeigt-erste-massive-folgen\/","name":"Werbemarkt-Trend: Corona-Krise zeigt erste massive Folgen - Organisator","isPartOf":{"@id":"https:\/\/www.organisator.ch\/#website"},"primaryImageOfPage":{"@id":"https:\/\/www.organisator.ch\/marketing\/2020-04-20\/werbemarkt-trend-corona-krise-zeigt-erste-massive-folgen\/#primaryimage"},"image":{"@id":"https:\/\/www.organisator.ch\/marketing\/2020-04-20\/werbemarkt-trend-corona-krise-zeigt-erste-massive-folgen\/#primaryimage"},"thumbnailUrl":"https:\/\/www.organisator.ch\/wp-content\/uploads\/2020\/04\/Werbemarkt-Trend-Corona-Krise-zeigt-erste-massive-Folgen_Organisator.jpg","datePublished":"2020-04-20T12:15:06+00:00","description":"Der Werbemarkt-Trend M\u00e4rz 2020 zeigt die ersten Auswirkungen der Corona-Krise auf den Schweizer Werbemarkt. Neben Verlierern gibt es aber auch Gewinner.","breadcrumb":{"@id":"https:\/\/www.organisator.ch\/marketing\/2020-04-20\/werbemarkt-trend-corona-krise-zeigt-erste-massive-folgen\/#breadcrumb"},"inLanguage":"de","potentialAction":[{"@type":"ReadAction","target":["https:\/\/www.organisator.ch\/marketing\/2020-04-20\/werbemarkt-trend-corona-krise-zeigt-erste-massive-folgen\/"]}]},{"@type":"ImageObject","inLanguage":"de","@id":"https:\/\/www.organisator.ch\/marketing\/2020-04-20\/werbemarkt-trend-corona-krise-zeigt-erste-massive-folgen\/#primaryimage","url":"https:\/\/www.organisator.ch\/wp-content\/uploads\/2020\/04\/Werbemarkt-Trend-Corona-Krise-zeigt-erste-massive-Folgen_Organisator.jpg","contentUrl":"https:\/\/www.organisator.ch\/wp-content\/uploads\/2020\/04\/Werbemarkt-Trend-Corona-Krise-zeigt-erste-massive-Folgen_Organisator.jpg","width":680,"height":528,"caption":"Werbemarkt-Trend: Entwicklung des Werbedrucks per M\u00e4rz 2020 in Mio. Bruttofranken. (Grafik: Media Focus GmbH)"},{"@type":"BreadcrumbList","@id":"https:\/\/www.organisator.ch\/marketing\/2020-04-20\/werbemarkt-trend-corona-krise-zeigt-erste-massive-folgen\/#breadcrumb","itemListElement":[{"@type":"ListItem","position":1,"name":"Home","item":"https:\/\/www.organisator.ch\/"},{"@type":"ListItem","position":2,"name":"Werbemarkt-Trend: Corona-Krise zeigt erste massive Folgen"}]},{"@type":"WebSite","@id":"https:\/\/www.organisator.ch\/#website","url":"https:\/\/www.organisator.ch\/","name":"Organisator","description":"Kompetent. Praxisnah. Der ORGANISATOR bereitet in 10 Ausgaben pro Jahr die wesentlichen Themen f\u00fcr F\u00fchrungskr\u00e4fte von KMU auf.","publisher":{"@id":"https:\/\/www.organisator.ch\/#organization"},"potentialAction":[{"@type":"SearchAction","target":{"@type":"EntryPoint","urlTemplate":"https:\/\/www.organisator.ch\/?s={search_term_string}"},"query-input":{"@type":"PropertyValueSpecification","valueRequired":true,"valueName":"search_term_string"}}],"inLanguage":"de"},{"@type":"Organization","@id":"https:\/\/www.organisator.ch\/#organization","name":"Organisator","url":"https:\/\/www.organisator.ch\/","logo":{"@type":"ImageObject","inLanguage":"de","@id":"https:\/\/www.organisator.ch\/#\/schema\/logo\/image\/","url":"https:\/\/www.organisator.ch\/wp-content\/uploads\/2022\/01\/Logo_Organisator_Website.png","contentUrl":"https:\/\/www.organisator.ch\/wp-content\/uploads\/2022\/01\/Logo_Organisator_Website.png","width":800,"height":77,"caption":"Organisator"},"image":{"@id":"https:\/\/www.organisator.ch\/#\/schema\/logo\/image\/"},"sameAs":["https:\/\/www.facebook.com\/OrganisatorFachmagazin","https:\/\/www.linkedin.com\/showcase\/organisator-das-magazin-fr-kmu","https:\/\/www.xing.com\/news\/pages\/organisator-ch-695","https:\/\/www.youtube.com\/channel\/UCGP2Sq0iWaZwT3BdIAQFYpw"]},{"@type":"Person","@id":"https:\/\/www.organisator.ch\/#\/schema\/person\/6f650f90b2842cd4c0cc334b4e36f67e","name":"thomas.berner","image":{"@type":"ImageObject","inLanguage":"de","@id":"https:\/\/secure.gravatar.com\/avatar\/ac5001d2a36cb6c6cd3e50789007ffca834b477b74a2144564522e944eabff61?s=96&d=mm&r=g","url":"https:\/\/secure.gravatar.com\/avatar\/ac5001d2a36cb6c6cd3e50789007ffca834b477b74a2144564522e944eabff61?s=96&d=mm&r=g","contentUrl":"https:\/\/secure.gravatar.com\/avatar\/ac5001d2a36cb6c6cd3e50789007ffca834b477b74a2144564522e944eabff61?s=96&d=mm&r=g","caption":"thomas.berner"},"url":"https:\/\/www.organisator.ch\/de\/author\/thomas-berner\/"}]}},"_links":{"self":[{"href":"https:\/\/www.organisator.ch\/de\/wp-json\/wp\/v2\/posts\/6605","targetHints":{"allow":["GET"]}}],"collection":[{"href":"https:\/\/www.organisator.ch\/de\/wp-json\/wp\/v2\/posts"}],"about":[{"href":"https:\/\/www.organisator.ch\/de\/wp-json\/wp\/v2\/types\/post"}],"author":[{"embeddable":true,"href":"https:\/\/www.organisator.ch\/de\/wp-json\/wp\/v2\/users\/4"}],"replies":[{"embeddable":true,"href":"https:\/\/www.organisator.ch\/de\/wp-json\/wp\/v2\/comments?post=6605"}],"version-history":[{"count":0,"href":"https:\/\/www.organisator.ch\/de\/wp-json\/wp\/v2\/posts\/6605\/revisions"}],"wp:featuredmedia":[{"embeddable":true,"href":"https:\/\/www.organisator.ch\/de\/wp-json\/wp\/v2\/media\/6606"}],"wp:attachment":[{"href":"https:\/\/www.organisator.ch\/de\/wp-json\/wp\/v2\/media?parent=6605"}],"wp:term":[{"taxonomy":"category","embeddable":true,"href":"https:\/\/www.organisator.ch\/de\/wp-json\/wp\/v2\/categories?post=6605"},{"taxonomy":"post_tag","embeddable":true,"href":"https:\/\/www.organisator.ch\/de\/wp-json\/wp\/v2\/tags?post=6605"}],"curies":[{"name":"wp","href":"https:\/\/api.w.org\/{rel}","templated":true}]}}