{"id":6624,"date":"2020-04-24T11:21:07","date_gmt":"2020-04-24T09:21:07","guid":{"rendered":"https:\/\/www.organisator.ch\/?p=6624"},"modified":"2020-04-24T11:21:07","modified_gmt":"2020-04-24T09:21:07","slug":"vor-der-aufhebung-des-lockdowns-praeventionsprodukte-fuer-hygiene-und-distanz-stehen-hoch-im-kurs","status":"publish","type":"post","link":"https:\/\/www.organisator.ch\/de\/management\/2020-04-24\/vor-der-aufhebung-des-lockdowns-praeventionsprodukte-fuer-hygiene-und-distanz-stehen-hoch-im-kurs\/","title":{"rendered":"Vor der Aufhebung des Lockdowns: Pr\u00e4ventionsprodukte f\u00fcr Hygiene und Distanz stehen hoch im Kurs"},"content":{"rendered":"<figure id=\"attachment_6625\" aria-describedby=\"caption-attachment-6625\" style=\"width: 680px\" class=\"wp-caption alignnone\"><img loading=\"lazy\" decoding=\"async\" class=\"size-medium wp-image-6625\" src=\"https:\/\/www.organisator.ch\/wp-content\/uploads\/2020\/04\/Vor-der-Aufhebung-des-Lockdowns-Praeventionsprodukte-fuer-Hygiene-und-Distanz-stehen-hoch-im-Kurs_Organisator.jpg\" alt=\"\" width=\"680\" height=\"455\" srcset=\"https:\/\/www.organisator.ch\/wp-content\/uploads\/2020\/04\/Vor-der-Aufhebung-des-Lockdowns-Praeventionsprodukte-fuer-Hygiene-und-Distanz-stehen-hoch-im-Kurs_Organisator.jpg 680w, https:\/\/www.organisator.ch\/wp-content\/uploads\/2020\/04\/Vor-der-Aufhebung-des-Lockdowns-Praeventionsprodukte-fuer-Hygiene-und-Distanz-stehen-hoch-im-Kurs_Organisator-16x12.jpg 16w, https:\/\/www.organisator.ch\/wp-content\/uploads\/2020\/04\/Vor-der-Aufhebung-des-Lockdowns-Praeventionsprodukte-fuer-Hygiene-und-Distanz-stehen-hoch-im-Kurs_Organisator-262x175.jpg 262w, https:\/\/www.organisator.ch\/wp-content\/uploads\/2020\/04\/Vor-der-Aufhebung-des-Lockdowns-Praeventionsprodukte-fuer-Hygiene-und-Distanz-stehen-hoch-im-Kurs_Organisator-523x350.jpg 523w, https:\/\/www.organisator.ch\/wp-content\/uploads\/2020\/04\/Vor-der-Aufhebung-des-Lockdowns-Praeventionsprodukte-fuer-Hygiene-und-Distanz-stehen-hoch-im-Kurs_Organisator-300x201.jpg 300w\" sizes=\"auto, (max-width: 680px) 100vw, 680px\" \/><figcaption id=\"caption-attachment-6625\" class=\"wp-caption-text\">Stelen f\u00fcr Desinfektionsmittel, Hygienemasken, transparente Schutzw\u00e4nde: Alles bereit f\u00fcr die Aufhebung des Lockdowns? (Bilder: Westiform AG)<\/figcaption><\/figure>\n<p>Hygienemasken eingekauft? Desinfektionsmittel vorhanden? Schutzmassnahmen f\u00fcr Mitarbeitende und Kunden eingerichtet? Mit diesen Fragen besch\u00e4ftigen sich derzeit viele Unternehmen in der Schweiz, die demn\u00e4chst ihre Gesch\u00e4fte wieder er\u00f6ffnen d\u00fcrfen. Entsprechend hoch ist auch der Bedarf an Produkten und L\u00f6sungen, die eine schrittweise Aufhebung des Lockdowns unter Einhaltung der Hygiene-Regeln des BAG erm\u00f6glichen sollen. Das Schweizer Familienunternehmen Westiform etwa hat &#8211; wie bereits andere Dienstleister auch &#8211; sein Sortiment angepasst und bietet nun Pr\u00e4ventionsprodukte unter anderem f\u00fcr Superm\u00e4rkte, Tankstellen, Banken, Versicherungen, Arztpraxen, Apotheken und Drogerien, die Gastronomie, Gerichtsh\u00f6fe sowie zahlreiche B\u00fcroarbeitspl\u00e4tze an.<\/p>\n<h2>Vorbereitet sein f\u00fcr die Aufhebung des Lockdowns<\/h2>\n<p>Neuster Zugang im Sortiment sind etwa Desinfektions-Stelen zur kontaktlosen H\u00e4ndedesinfektion. Diese tragen zum einen dem bleibenden Hygiene-Bed\u00fcrfnis der Bev\u00f6lkerung Rechnung, zum anderen k\u00f6nnen die Stelen als wirkungsvolle Branding-Elemente oder Werbetr\u00e4ger mit digitalem Screen oder analogen Werbefl\u00e4chen am Verkaufspunkt platziert werden. Ein weiteres Zusatzmodul sind automatische Zutrittskontrollen zur Regulierung der Personenanzahl auf der Ladenfl\u00e4che. \u201eDas kontaktlose Desinfektions-Sensorsystem mussten wir in k\u00fcrzester Zeit selbst entwickeln, da Sensor-Spender \u00fcber Monate hinweg ausverkauft sind.\u201c sagt Simone B\u00e4chle, Gesch\u00e4ftsf\u00fchrerin der Westiform AG. Der extragrosse Desinfektionsmitteltank erm\u00f6glicht mit bis zu 5 Litern Fassungsverm\u00f6gen l\u00e4ngere Nachf\u00fcllintervalle. Das Desinfektionsmittel ist frei w\u00e4hlbar. F\u00fcr Kunden, die an einem Rundum-Sorglos Paket interessiert sind, bietet das Unternehmen optional eine regelm\u00e4ssige Belieferung mit Desinfektionsmittel an.<\/p>\n<h2>Virenschutz-Scheibe auch f\u00fcr Grossraumb\u00fcros<\/h2>\n<p>Die doch eher ungew\u00f6hnliche Erweiterung des Sortiments h\u00e4tte sich die Gesch\u00e4ftsf\u00fchrerin des Lichtwerbe- und Digital Signage Unternehmens vor wenigen Wochen nicht vorstellen k\u00f6nnen. Nach Bekanntwerden des Massnahmenkatalogs und damit verbundenen Konsequenzen f\u00fcr laufende und geplante Projekte sowie Projektverschiebungen wegen Investitionsstopps, passte sich Westiform an die ge\u00e4nderten Anforderungen des Marktes an. \u201eWir haben uns gefragt, wie wir unseren Kunden in der Krise helfen k\u00f6nnen und uns entschieden aktiv zu handeln\u201c f\u00fchrt Simone B\u00e4chle weiter aus. Zun\u00e4chst entstand die Idee, eine Virenschutz-Scheibe aus Kunststoff zu fertigen, um die Mitarbeitenden von systemrelevanten Unternehmen wie Superm\u00e4rkte, Apotheken, Arztpraxen, Tankstellen usw. vor einer Tr\u00f6pfcheninfektion zu bewahren. Die Lasermaschine, die sonst f\u00fcr die Fertigung von Leuchtreklame eingesetzt wird, lasert nun haupts\u00e4chlich Scheiben, denn die Nachfrage ist enorm. Mittlerweile bietet Westiform neben dem Spuckschutz f\u00fcr Kassen und Thekenbereiche auch Versionen f\u00fcr B\u00fcros zum Abtrennen von Arbeitspl\u00e4tzen an. \u201eUnsere Virenschutz-Scheibe ist ausreichend gross, vollkommen durchsichtig und schafft damit zwar eine physische aber keine visuelle Barriere\u201c, erkl\u00e4rt Simone B\u00e4chle. Die Gedanken an den Schutz vor Tr\u00f6pfcheninfektion hat in ihrem Unternehmen schnell zu einem weiteren \u201ePhysical Distancing\u201c Produkt gef\u00fchrt: 95\u00b0 waschbare Mund-Nasenmaske aus Baumwolle. Diese werden handgefertigt, in den Farben und dem Wunsch-Design der Kunden. Sie entstehen auf N\u00e4hmaschinen in der Schweiz und Deutschland.<\/p>\n<h2>Visuelle Kommunikation mit Schutzfaktor<\/h2>\n<p>Es ist davon auszugehen, dass Schutzmassnahmen noch lange n\u00f6tig sein werden. Der Weg zur\u00fcck in die \u201eNormalit\u00e4t\u201c wird an eine Reihe von Vorsichtsmassnahmen gekn\u00fcpft sein. \u201eDie Themen Abstand und Hygiene werden uns lange besch\u00e4ftigen, daher sind Investition in langfristige Schutzvorkehrungen sinnvoll\u201c, betont B\u00e4chle und sieht damit nat\u00fcrlich auch grosse Chancen f\u00fcr ihr neues Gesch\u00e4ftsfeld. Westiform sei stolz, auf diese Weise einen Beitrag im Kampf gegen Corona, damit f\u00fcr die Gesellschaft und gleichzeitig den Fortbestand des Familienunternehmens leisten zu k\u00f6nnen, f\u00fchrt die Gesch\u00e4ftsf\u00fchrerin weiter aus. Bislang konnte das Unternehmen durch das neue Angebot auf Kurzarbeit verzichten.<\/p>\n<p><em>Quelle: <a href=\"http:\/\/www.westiform.com\">Westiform AG<\/a><\/em><\/p>\n","protected":false},"excerpt":{"rendered":"<p>Hygienemasken eingekauft? Desinfektionsmittel vorhanden? Schutzmassnahmen f\u00fcr Mitarbeitende und Kunden eingerichtet? Mit diesen Fragen besch\u00e4ftigen sich derzeit viele Unternehmen in der Schweiz, die demn\u00e4chst ihre Gesch\u00e4fte wieder er\u00f6ffnen d\u00fcrfen. Entsprechend hoch ist auch der Bedarf an Produkten und L\u00f6sungen, die eine schrittweise Aufhebung des Lockdowns unter Einhaltung der Hygiene-Regeln des BAG erm\u00f6glichen sollen. Das Schweizer Familienunternehmen [&hellip;]<\/p>\n","protected":false},"author":4,"featured_media":6625,"comment_status":"closed","ping_status":"closed","sticky":false,"template":"","format":"standard","meta":{"_acf_changed":false,"_yoast_wpseo_focuskw":"Aufhebung des Lockdowns","_yoast_wpseo_metadesc":"Die Schweiz bereitet sich auf die schrittweise Aufhebung des Lockdowns vor. Grosse Herausforderung: Wie k\u00f6nnen Kunden und Mitarbeitende gesch\u00fctzt werden.","articlekey":"","footnotes":""},"categories":[28],"tags":[51,77,132,393],"class_list":["post-6624","post","type-post","status-publish","format-standard","has-post-thumbnail","hentry","category-management","tag-arbeitsplatzgestaltung","tag-betriebliches-gesundheitsmanagement","tag-coronavirus","tag-produkte"],"acf":[],"yoast_head":"<!-- This site is optimized with the Yoast SEO plugin v27.4 - https:\/\/yoast.com\/product\/yoast-seo-wordpress\/ -->\n<title>Vor der Aufhebung des Lockdowns: Pr\u00e4ventionsprodukte f\u00fcr Hygiene und Distanz stehen hoch im Kurs - Organisator<\/title>\n<meta name=\"description\" content=\"Die Schweiz bereitet sich auf die schrittweise Aufhebung des Lockdowns vor. Grosse Herausforderung: Wie k\u00f6nnen Kunden und Mitarbeitende gesch\u00fctzt werden.\" \/>\n<meta name=\"robots\" content=\"index, follow, max-snippet:-1, max-image-preview:large, max-video-preview:-1\" \/>\n<link rel=\"canonical\" href=\"https:\/\/www.organisator.ch\/de\/management\/2020-04-24\/vor-der-aufhebung-des-lockdowns-praeventionsprodukte-fuer-hygiene-und-distanz-stehen-hoch-im-kurs\/\" \/>\n<meta property=\"og:locale\" content=\"de_DE\" \/>\n<meta property=\"og:type\" content=\"article\" \/>\n<meta property=\"og:title\" content=\"Vor der Aufhebung des Lockdowns: Pr\u00e4ventionsprodukte f\u00fcr Hygiene und Distanz stehen hoch im Kurs\" \/>\n<meta property=\"og:description\" content=\"Die Schweiz bereitet sich auf die schrittweise Aufhebung des Lockdowns vor. Grosse Herausforderung: Wie k\u00f6nnen Kunden und Mitarbeitende gesch\u00fctzt werden.\" \/>\n<meta property=\"og:url\" content=\"https:\/\/www.organisator.ch\/de\/management\/2020-04-24\/vor-der-aufhebung-des-lockdowns-praeventionsprodukte-fuer-hygiene-und-distanz-stehen-hoch-im-kurs\/\" \/>\n<meta property=\"og:site_name\" content=\"Organisator\" \/>\n<meta property=\"article:publisher\" content=\"https:\/\/www.facebook.com\/OrganisatorFachmagazin\" \/>\n<meta property=\"article:published_time\" content=\"2020-04-24T09:21:07+00:00\" \/>\n<meta property=\"og:image\" content=\"https:\/\/www.organisator.ch\/wp-content\/uploads\/2020\/04\/Vor-der-Aufhebung-des-Lockdowns-Praeventionsprodukte-fuer-Hygiene-und-Distanz-stehen-hoch-im-Kurs_Organisator.jpg\" \/>\n\t<meta property=\"og:image:width\" content=\"680\" \/>\n\t<meta property=\"og:image:height\" content=\"455\" \/>\n\t<meta property=\"og:image:type\" content=\"image\/jpeg\" \/>\n<meta name=\"author\" content=\"thomas.berner\" \/>\n<meta name=\"twitter:card\" content=\"summary_large_image\" \/>\n<meta name=\"twitter:title\" content=\"Vor der Aufhebung des #Lockdowns: #Pr\u00e4ventionsprodukte f\u00fcr #Hygiene und Distanz stehen hoch im Kurs\" \/>\n<meta name=\"twitter:description\" content=\"Die Schweiz bereitet sich auf die schrittweise Aufhebung des #Lockdowns vor. Grosse #Herausforderung: Wie k\u00f6nnen Kunden und Mitarbeitende gesch\u00fctzt werden.\" \/>\n<meta name=\"twitter:image\" content=\"https:\/\/www.organisator.ch\/wp-content\/uploads\/2020\/04\/Vor-der-Aufhebung-des-Lockdowns-Praeventionsprodukte-fuer-Hygiene-und-Distanz-stehen-hoch-im-Kurs_Organisator.jpg\" \/>\n<script type=\"application\/ld+json\" class=\"yoast-schema-graph\">{\"@context\":\"https:\\\/\\\/schema.org\",\"@graph\":[{\"@type\":\"Article\",\"@id\":\"https:\\\/\\\/www.organisator.ch\\\/management\\\/2020-04-24\\\/vor-der-aufhebung-des-lockdowns-praeventionsprodukte-fuer-hygiene-und-distanz-stehen-hoch-im-kurs\\\/#article\",\"isPartOf\":{\"@id\":\"https:\\\/\\\/www.organisator.ch\\\/management\\\/2020-04-24\\\/vor-der-aufhebung-des-lockdowns-praeventionsprodukte-fuer-hygiene-und-distanz-stehen-hoch-im-kurs\\\/\"},\"author\":{\"name\":\"thomas.berner\",\"@id\":\"https:\\\/\\\/www.organisator.ch\\\/#\\\/schema\\\/person\\\/6f650f90b2842cd4c0cc334b4e36f67e\"},\"headline\":\"Vor der Aufhebung des Lockdowns: Pr\u00e4ventionsprodukte f\u00fcr Hygiene und Distanz stehen hoch im Kurs\",\"datePublished\":\"2020-04-24T09:21:07+00:00\",\"mainEntityOfPage\":{\"@id\":\"https:\\\/\\\/www.organisator.ch\\\/management\\\/2020-04-24\\\/vor-der-aufhebung-des-lockdowns-praeventionsprodukte-fuer-hygiene-und-distanz-stehen-hoch-im-kurs\\\/\"},\"wordCount\":633,\"publisher\":{\"@id\":\"https:\\\/\\\/www.organisator.ch\\\/#organization\"},\"image\":{\"@id\":\"https:\\\/\\\/www.organisator.ch\\\/management\\\/2020-04-24\\\/vor-der-aufhebung-des-lockdowns-praeventionsprodukte-fuer-hygiene-und-distanz-stehen-hoch-im-kurs\\\/#primaryimage\"},\"thumbnailUrl\":\"https:\\\/\\\/www.organisator.ch\\\/wp-content\\\/uploads\\\/2020\\\/04\\\/Vor-der-Aufhebung-des-Lockdowns-Praeventionsprodukte-fuer-Hygiene-und-Distanz-stehen-hoch-im-Kurs_Organisator.jpg\",\"keywords\":[\"Arbeitsplatzgestaltung\",\"Betriebliches Gesundheitsmanagement\",\"Coronavirus\",\"Produkte\"],\"articleSection\":[\"MANAGEMENT\"],\"inLanguage\":\"de\"},{\"@type\":\"WebPage\",\"@id\":\"https:\\\/\\\/www.organisator.ch\\\/management\\\/2020-04-24\\\/vor-der-aufhebung-des-lockdowns-praeventionsprodukte-fuer-hygiene-und-distanz-stehen-hoch-im-kurs\\\/\",\"url\":\"https:\\\/\\\/www.organisator.ch\\\/management\\\/2020-04-24\\\/vor-der-aufhebung-des-lockdowns-praeventionsprodukte-fuer-hygiene-und-distanz-stehen-hoch-im-kurs\\\/\",\"name\":\"Vor der Aufhebung des Lockdowns: Pr\u00e4ventionsprodukte f\u00fcr Hygiene und Distanz stehen hoch im Kurs - Organisator\",\"isPartOf\":{\"@id\":\"https:\\\/\\\/www.organisator.ch\\\/#website\"},\"primaryImageOfPage\":{\"@id\":\"https:\\\/\\\/www.organisator.ch\\\/management\\\/2020-04-24\\\/vor-der-aufhebung-des-lockdowns-praeventionsprodukte-fuer-hygiene-und-distanz-stehen-hoch-im-kurs\\\/#primaryimage\"},\"image\":{\"@id\":\"https:\\\/\\\/www.organisator.ch\\\/management\\\/2020-04-24\\\/vor-der-aufhebung-des-lockdowns-praeventionsprodukte-fuer-hygiene-und-distanz-stehen-hoch-im-kurs\\\/#primaryimage\"},\"thumbnailUrl\":\"https:\\\/\\\/www.organisator.ch\\\/wp-content\\\/uploads\\\/2020\\\/04\\\/Vor-der-Aufhebung-des-Lockdowns-Praeventionsprodukte-fuer-Hygiene-und-Distanz-stehen-hoch-im-Kurs_Organisator.jpg\",\"datePublished\":\"2020-04-24T09:21:07+00:00\",\"description\":\"Die Schweiz bereitet sich auf die schrittweise Aufhebung des Lockdowns vor. Grosse Herausforderung: Wie k\u00f6nnen Kunden und Mitarbeitende gesch\u00fctzt werden.\",\"breadcrumb\":{\"@id\":\"https:\\\/\\\/www.organisator.ch\\\/management\\\/2020-04-24\\\/vor-der-aufhebung-des-lockdowns-praeventionsprodukte-fuer-hygiene-und-distanz-stehen-hoch-im-kurs\\\/#breadcrumb\"},\"inLanguage\":\"de\",\"potentialAction\":[{\"@type\":\"ReadAction\",\"target\":[\"https:\\\/\\\/www.organisator.ch\\\/management\\\/2020-04-24\\\/vor-der-aufhebung-des-lockdowns-praeventionsprodukte-fuer-hygiene-und-distanz-stehen-hoch-im-kurs\\\/\"]}]},{\"@type\":\"ImageObject\",\"inLanguage\":\"de\",\"@id\":\"https:\\\/\\\/www.organisator.ch\\\/management\\\/2020-04-24\\\/vor-der-aufhebung-des-lockdowns-praeventionsprodukte-fuer-hygiene-und-distanz-stehen-hoch-im-kurs\\\/#primaryimage\",\"url\":\"https:\\\/\\\/www.organisator.ch\\\/wp-content\\\/uploads\\\/2020\\\/04\\\/Vor-der-Aufhebung-des-Lockdowns-Praeventionsprodukte-fuer-Hygiene-und-Distanz-stehen-hoch-im-Kurs_Organisator.jpg\",\"contentUrl\":\"https:\\\/\\\/www.organisator.ch\\\/wp-content\\\/uploads\\\/2020\\\/04\\\/Vor-der-Aufhebung-des-Lockdowns-Praeventionsprodukte-fuer-Hygiene-und-Distanz-stehen-hoch-im-Kurs_Organisator.jpg\",\"width\":680,\"height\":455,\"caption\":\"Stelen f\u00fcr Desinfektionsmittel, Hygienemasken, transparente Schutzw\u00e4nde: Alles bereit f\u00fcr die Aufhebung des Lockdowns?\"},{\"@type\":\"BreadcrumbList\",\"@id\":\"https:\\\/\\\/www.organisator.ch\\\/management\\\/2020-04-24\\\/vor-der-aufhebung-des-lockdowns-praeventionsprodukte-fuer-hygiene-und-distanz-stehen-hoch-im-kurs\\\/#breadcrumb\",\"itemListElement\":[{\"@type\":\"ListItem\",\"position\":1,\"name\":\"Home\",\"item\":\"https:\\\/\\\/www.organisator.ch\\\/\"},{\"@type\":\"ListItem\",\"position\":2,\"name\":\"Vor der Aufhebung des Lockdowns: Pr\u00e4ventionsprodukte f\u00fcr Hygiene und Distanz stehen hoch im Kurs\"}]},{\"@type\":\"WebSite\",\"@id\":\"https:\\\/\\\/www.organisator.ch\\\/#website\",\"url\":\"https:\\\/\\\/www.organisator.ch\\\/\",\"name\":\"Organisator\",\"description\":\"Kompetent. Praxisnah. Der ORGANISATOR bereitet in 10 Ausgaben pro Jahr die wesentlichen Themen f\u00fcr F\u00fchrungskr\u00e4fte von KMU auf.\",\"publisher\":{\"@id\":\"https:\\\/\\\/www.organisator.ch\\\/#organization\"},\"potentialAction\":[{\"@type\":\"SearchAction\",\"target\":{\"@type\":\"EntryPoint\",\"urlTemplate\":\"https:\\\/\\\/www.organisator.ch\\\/?s={search_term_string}\"},\"query-input\":{\"@type\":\"PropertyValueSpecification\",\"valueRequired\":true,\"valueName\":\"search_term_string\"}}],\"inLanguage\":\"de\"},{\"@type\":\"Organization\",\"@id\":\"https:\\\/\\\/www.organisator.ch\\\/#organization\",\"name\":\"Organisator\",\"url\":\"https:\\\/\\\/www.organisator.ch\\\/\",\"logo\":{\"@type\":\"ImageObject\",\"inLanguage\":\"de\",\"@id\":\"https:\\\/\\\/www.organisator.ch\\\/#\\\/schema\\\/logo\\\/image\\\/\",\"url\":\"https:\\\/\\\/www.organisator.ch\\\/wp-content\\\/uploads\\\/2022\\\/01\\\/Logo_Organisator_Website.png\",\"contentUrl\":\"https:\\\/\\\/www.organisator.ch\\\/wp-content\\\/uploads\\\/2022\\\/01\\\/Logo_Organisator_Website.png\",\"width\":800,\"height\":77,\"caption\":\"Organisator\"},\"image\":{\"@id\":\"https:\\\/\\\/www.organisator.ch\\\/#\\\/schema\\\/logo\\\/image\\\/\"},\"sameAs\":[\"https:\\\/\\\/www.facebook.com\\\/OrganisatorFachmagazin\",\"https:\\\/\\\/www.linkedin.com\\\/showcase\\\/organisator-das-magazin-fr-kmu\",\"https:\\\/\\\/www.xing.com\\\/news\\\/pages\\\/organisator-ch-695\",\"https:\\\/\\\/www.youtube.com\\\/channel\\\/UCGP2Sq0iWaZwT3BdIAQFYpw\"]},{\"@type\":\"Person\",\"@id\":\"https:\\\/\\\/www.organisator.ch\\\/#\\\/schema\\\/person\\\/6f650f90b2842cd4c0cc334b4e36f67e\",\"name\":\"thomas.berner\",\"image\":{\"@type\":\"ImageObject\",\"inLanguage\":\"de\",\"@id\":\"https:\\\/\\\/secure.gravatar.com\\\/avatar\\\/ac5001d2a36cb6c6cd3e50789007ffca834b477b74a2144564522e944eabff61?s=96&d=mm&r=g\",\"url\":\"https:\\\/\\\/secure.gravatar.com\\\/avatar\\\/ac5001d2a36cb6c6cd3e50789007ffca834b477b74a2144564522e944eabff61?s=96&d=mm&r=g\",\"contentUrl\":\"https:\\\/\\\/secure.gravatar.com\\\/avatar\\\/ac5001d2a36cb6c6cd3e50789007ffca834b477b74a2144564522e944eabff61?s=96&d=mm&r=g\",\"caption\":\"thomas.berner\"},\"url\":\"https:\\\/\\\/www.organisator.ch\\\/de\\\/author\\\/thomas-berner\\\/\"}]}<\/script>\n<!-- \/ Yoast SEO plugin. -->","yoast_head_json":{"title":"Vor der Aufhebung des Lockdowns: Pr\u00e4ventionsprodukte f\u00fcr Hygiene und Distanz stehen hoch im Kurs - Organisator","description":"Die Schweiz bereitet sich auf die schrittweise Aufhebung des Lockdowns vor. Grosse Herausforderung: Wie k\u00f6nnen Kunden und Mitarbeitende gesch\u00fctzt werden.","robots":{"index":"index","follow":"follow","max-snippet":"max-snippet:-1","max-image-preview":"max-image-preview:large","max-video-preview":"max-video-preview:-1"},"canonical":"https:\/\/www.organisator.ch\/de\/management\/2020-04-24\/vor-der-aufhebung-des-lockdowns-praeventionsprodukte-fuer-hygiene-und-distanz-stehen-hoch-im-kurs\/","og_locale":"de_DE","og_type":"article","og_title":"Vor der Aufhebung des Lockdowns: Pr\u00e4ventionsprodukte f\u00fcr Hygiene und Distanz stehen hoch im Kurs","og_description":"Die Schweiz bereitet sich auf die schrittweise Aufhebung des Lockdowns vor. Grosse Herausforderung: Wie k\u00f6nnen Kunden und Mitarbeitende gesch\u00fctzt werden.","og_url":"https:\/\/www.organisator.ch\/de\/management\/2020-04-24\/vor-der-aufhebung-des-lockdowns-praeventionsprodukte-fuer-hygiene-und-distanz-stehen-hoch-im-kurs\/","og_site_name":"Organisator","article_publisher":"https:\/\/www.facebook.com\/OrganisatorFachmagazin","article_published_time":"2020-04-24T09:21:07+00:00","og_image":[{"width":680,"height":455,"url":"https:\/\/www.organisator.ch\/wp-content\/uploads\/2020\/04\/Vor-der-Aufhebung-des-Lockdowns-Praeventionsprodukte-fuer-Hygiene-und-Distanz-stehen-hoch-im-Kurs_Organisator.jpg","type":"image\/jpeg"}],"author":"thomas.berner","twitter_card":"summary_large_image","twitter_title":"Vor der Aufhebung des #Lockdowns: #Pr\u00e4ventionsprodukte f\u00fcr #Hygiene und Distanz stehen hoch im Kurs","twitter_description":"Die Schweiz bereitet sich auf die schrittweise Aufhebung des #Lockdowns vor. Grosse #Herausforderung: Wie k\u00f6nnen Kunden und Mitarbeitende gesch\u00fctzt werden.","twitter_image":"https:\/\/www.organisator.ch\/wp-content\/uploads\/2020\/04\/Vor-der-Aufhebung-des-Lockdowns-Praeventionsprodukte-fuer-Hygiene-und-Distanz-stehen-hoch-im-Kurs_Organisator.jpg","schema":{"@context":"https:\/\/schema.org","@graph":[{"@type":"Article","@id":"https:\/\/www.organisator.ch\/management\/2020-04-24\/vor-der-aufhebung-des-lockdowns-praeventionsprodukte-fuer-hygiene-und-distanz-stehen-hoch-im-kurs\/#article","isPartOf":{"@id":"https:\/\/www.organisator.ch\/management\/2020-04-24\/vor-der-aufhebung-des-lockdowns-praeventionsprodukte-fuer-hygiene-und-distanz-stehen-hoch-im-kurs\/"},"author":{"name":"thomas.berner","@id":"https:\/\/www.organisator.ch\/#\/schema\/person\/6f650f90b2842cd4c0cc334b4e36f67e"},"headline":"Vor der Aufhebung des Lockdowns: Pr\u00e4ventionsprodukte f\u00fcr Hygiene und Distanz stehen hoch im Kurs","datePublished":"2020-04-24T09:21:07+00:00","mainEntityOfPage":{"@id":"https:\/\/www.organisator.ch\/management\/2020-04-24\/vor-der-aufhebung-des-lockdowns-praeventionsprodukte-fuer-hygiene-und-distanz-stehen-hoch-im-kurs\/"},"wordCount":633,"publisher":{"@id":"https:\/\/www.organisator.ch\/#organization"},"image":{"@id":"https:\/\/www.organisator.ch\/management\/2020-04-24\/vor-der-aufhebung-des-lockdowns-praeventionsprodukte-fuer-hygiene-und-distanz-stehen-hoch-im-kurs\/#primaryimage"},"thumbnailUrl":"https:\/\/www.organisator.ch\/wp-content\/uploads\/2020\/04\/Vor-der-Aufhebung-des-Lockdowns-Praeventionsprodukte-fuer-Hygiene-und-Distanz-stehen-hoch-im-Kurs_Organisator.jpg","keywords":["Arbeitsplatzgestaltung","Betriebliches Gesundheitsmanagement","Coronavirus","Produkte"],"articleSection":["MANAGEMENT"],"inLanguage":"de"},{"@type":"WebPage","@id":"https:\/\/www.organisator.ch\/management\/2020-04-24\/vor-der-aufhebung-des-lockdowns-praeventionsprodukte-fuer-hygiene-und-distanz-stehen-hoch-im-kurs\/","url":"https:\/\/www.organisator.ch\/management\/2020-04-24\/vor-der-aufhebung-des-lockdowns-praeventionsprodukte-fuer-hygiene-und-distanz-stehen-hoch-im-kurs\/","name":"Vor der Aufhebung des Lockdowns: Pr\u00e4ventionsprodukte f\u00fcr Hygiene und Distanz stehen hoch im Kurs - Organisator","isPartOf":{"@id":"https:\/\/www.organisator.ch\/#website"},"primaryImageOfPage":{"@id":"https:\/\/www.organisator.ch\/management\/2020-04-24\/vor-der-aufhebung-des-lockdowns-praeventionsprodukte-fuer-hygiene-und-distanz-stehen-hoch-im-kurs\/#primaryimage"},"image":{"@id":"https:\/\/www.organisator.ch\/management\/2020-04-24\/vor-der-aufhebung-des-lockdowns-praeventionsprodukte-fuer-hygiene-und-distanz-stehen-hoch-im-kurs\/#primaryimage"},"thumbnailUrl":"https:\/\/www.organisator.ch\/wp-content\/uploads\/2020\/04\/Vor-der-Aufhebung-des-Lockdowns-Praeventionsprodukte-fuer-Hygiene-und-Distanz-stehen-hoch-im-Kurs_Organisator.jpg","datePublished":"2020-04-24T09:21:07+00:00","description":"Die Schweiz bereitet sich auf die schrittweise Aufhebung des Lockdowns vor. Grosse Herausforderung: Wie k\u00f6nnen Kunden und Mitarbeitende gesch\u00fctzt werden.","breadcrumb":{"@id":"https:\/\/www.organisator.ch\/management\/2020-04-24\/vor-der-aufhebung-des-lockdowns-praeventionsprodukte-fuer-hygiene-und-distanz-stehen-hoch-im-kurs\/#breadcrumb"},"inLanguage":"de","potentialAction":[{"@type":"ReadAction","target":["https:\/\/www.organisator.ch\/management\/2020-04-24\/vor-der-aufhebung-des-lockdowns-praeventionsprodukte-fuer-hygiene-und-distanz-stehen-hoch-im-kurs\/"]}]},{"@type":"ImageObject","inLanguage":"de","@id":"https:\/\/www.organisator.ch\/management\/2020-04-24\/vor-der-aufhebung-des-lockdowns-praeventionsprodukte-fuer-hygiene-und-distanz-stehen-hoch-im-kurs\/#primaryimage","url":"https:\/\/www.organisator.ch\/wp-content\/uploads\/2020\/04\/Vor-der-Aufhebung-des-Lockdowns-Praeventionsprodukte-fuer-Hygiene-und-Distanz-stehen-hoch-im-Kurs_Organisator.jpg","contentUrl":"https:\/\/www.organisator.ch\/wp-content\/uploads\/2020\/04\/Vor-der-Aufhebung-des-Lockdowns-Praeventionsprodukte-fuer-Hygiene-und-Distanz-stehen-hoch-im-Kurs_Organisator.jpg","width":680,"height":455,"caption":"Stelen f\u00fcr Desinfektionsmittel, Hygienemasken, transparente Schutzw\u00e4nde: Alles bereit f\u00fcr die Aufhebung des Lockdowns?"},{"@type":"BreadcrumbList","@id":"https:\/\/www.organisator.ch\/management\/2020-04-24\/vor-der-aufhebung-des-lockdowns-praeventionsprodukte-fuer-hygiene-und-distanz-stehen-hoch-im-kurs\/#breadcrumb","itemListElement":[{"@type":"ListItem","position":1,"name":"Home","item":"https:\/\/www.organisator.ch\/"},{"@type":"ListItem","position":2,"name":"Vor der Aufhebung des Lockdowns: Pr\u00e4ventionsprodukte f\u00fcr Hygiene und Distanz stehen hoch im Kurs"}]},{"@type":"WebSite","@id":"https:\/\/www.organisator.ch\/#website","url":"https:\/\/www.organisator.ch\/","name":"Organisator","description":"Kompetent. Praxisnah. Der ORGANISATOR bereitet in 10 Ausgaben pro Jahr die wesentlichen Themen f\u00fcr F\u00fchrungskr\u00e4fte von KMU auf.","publisher":{"@id":"https:\/\/www.organisator.ch\/#organization"},"potentialAction":[{"@type":"SearchAction","target":{"@type":"EntryPoint","urlTemplate":"https:\/\/www.organisator.ch\/?s={search_term_string}"},"query-input":{"@type":"PropertyValueSpecification","valueRequired":true,"valueName":"search_term_string"}}],"inLanguage":"de"},{"@type":"Organization","@id":"https:\/\/www.organisator.ch\/#organization","name":"Organisator","url":"https:\/\/www.organisator.ch\/","logo":{"@type":"ImageObject","inLanguage":"de","@id":"https:\/\/www.organisator.ch\/#\/schema\/logo\/image\/","url":"https:\/\/www.organisator.ch\/wp-content\/uploads\/2022\/01\/Logo_Organisator_Website.png","contentUrl":"https:\/\/www.organisator.ch\/wp-content\/uploads\/2022\/01\/Logo_Organisator_Website.png","width":800,"height":77,"caption":"Organisator"},"image":{"@id":"https:\/\/www.organisator.ch\/#\/schema\/logo\/image\/"},"sameAs":["https:\/\/www.facebook.com\/OrganisatorFachmagazin","https:\/\/www.linkedin.com\/showcase\/organisator-das-magazin-fr-kmu","https:\/\/www.xing.com\/news\/pages\/organisator-ch-695","https:\/\/www.youtube.com\/channel\/UCGP2Sq0iWaZwT3BdIAQFYpw"]},{"@type":"Person","@id":"https:\/\/www.organisator.ch\/#\/schema\/person\/6f650f90b2842cd4c0cc334b4e36f67e","name":"thomas.berner","image":{"@type":"ImageObject","inLanguage":"de","@id":"https:\/\/secure.gravatar.com\/avatar\/ac5001d2a36cb6c6cd3e50789007ffca834b477b74a2144564522e944eabff61?s=96&d=mm&r=g","url":"https:\/\/secure.gravatar.com\/avatar\/ac5001d2a36cb6c6cd3e50789007ffca834b477b74a2144564522e944eabff61?s=96&d=mm&r=g","contentUrl":"https:\/\/secure.gravatar.com\/avatar\/ac5001d2a36cb6c6cd3e50789007ffca834b477b74a2144564522e944eabff61?s=96&d=mm&r=g","caption":"thomas.berner"},"url":"https:\/\/www.organisator.ch\/de\/author\/thomas-berner\/"}]}},"_links":{"self":[{"href":"https:\/\/www.organisator.ch\/de\/wp-json\/wp\/v2\/posts\/6624","targetHints":{"allow":["GET"]}}],"collection":[{"href":"https:\/\/www.organisator.ch\/de\/wp-json\/wp\/v2\/posts"}],"about":[{"href":"https:\/\/www.organisator.ch\/de\/wp-json\/wp\/v2\/types\/post"}],"author":[{"embeddable":true,"href":"https:\/\/www.organisator.ch\/de\/wp-json\/wp\/v2\/users\/4"}],"replies":[{"embeddable":true,"href":"https:\/\/www.organisator.ch\/de\/wp-json\/wp\/v2\/comments?post=6624"}],"version-history":[{"count":0,"href":"https:\/\/www.organisator.ch\/de\/wp-json\/wp\/v2\/posts\/6624\/revisions"}],"wp:featuredmedia":[{"embeddable":true,"href":"https:\/\/www.organisator.ch\/de\/wp-json\/wp\/v2\/media\/6625"}],"wp:attachment":[{"href":"https:\/\/www.organisator.ch\/de\/wp-json\/wp\/v2\/media?parent=6624"}],"wp:term":[{"taxonomy":"category","embeddable":true,"href":"https:\/\/www.organisator.ch\/de\/wp-json\/wp\/v2\/categories?post=6624"},{"taxonomy":"post_tag","embeddable":true,"href":"https:\/\/www.organisator.ch\/de\/wp-json\/wp\/v2\/tags?post=6624"}],"curies":[{"name":"wp","href":"https:\/\/api.w.org\/{rel}","templated":true}]}}