{"id":663,"date":"2016-10-17T14:23:14","date_gmt":"2016-10-17T12:23:14","guid":{"rendered":"http:\/\/dev.organisator.ch\/?p=663"},"modified":"2016-10-17T14:23:14","modified_gmt":"2016-10-17T12:23:14","slug":"3390-firmenpleiten-in-den-ersten-neun-monaten-2016","status":"publish","type":"post","link":"https:\/\/www.organisator.ch\/de\/allgemein\/2016-10-17\/3390-firmenpleiten-in-den-ersten-neun-monaten-2016\/","title":{"rendered":"3\u2018390 Firmenpleiten in den ersten neun Monaten 2016"},"content":{"rendered":"<figure id=\"attachment_664\" aria-describedby=\"caption-attachment-664\" style=\"width: 680px\" class=\"wp-caption alignnone\"><img loading=\"lazy\" decoding=\"async\" class=\"size-medium wp-image-664\" src=\"https:\/\/organisator.ch\/wp-content\/uploads\/2016\/12\/3\u2018390-Firmenpleiten-in-den-ersten-neun-Monaten-2016-organisator.jpg\" alt=\"\" width=\"680\" height=\"453\" srcset=\"https:\/\/www.organisator.ch\/wp-content\/uploads\/2016\/12\/3\u2018390-Firmenpleiten-in-den-ersten-neun-Monaten-2016-organisator.jpg 744w, https:\/\/www.organisator.ch\/wp-content\/uploads\/2016\/12\/3\u2018390-Firmenpleiten-in-den-ersten-neun-Monaten-2016-organisator-680x453.jpg 680w, https:\/\/www.organisator.ch\/wp-content\/uploads\/2016\/12\/3\u2018390-Firmenpleiten-in-den-ersten-neun-Monaten-2016-organisator-16x12.jpg 16w, https:\/\/www.organisator.ch\/wp-content\/uploads\/2016\/12\/3\u2018390-Firmenpleiten-in-den-ersten-neun-Monaten-2016-organisator-263x175.jpg 263w, https:\/\/www.organisator.ch\/wp-content\/uploads\/2016\/12\/3\u2018390-Firmenpleiten-in-den-ersten-neun-Monaten-2016-organisator-525x350.jpg 525w, https:\/\/www.organisator.ch\/wp-content\/uploads\/2016\/12\/3\u2018390-Firmenpleiten-in-den-ersten-neun-Monaten-2016-organisator-300x200.jpg 300w\" sizes=\"auto, (max-width: 680px) 100vw, 680px\" \/><figcaption id=\"caption-attachment-664\" class=\"wp-caption-text\">Im Detailhandel herrscht ein grosses Auf und Zu, was Filialengr\u00fcndungen angeht. (Bild: ZvG Bisnode)<\/figcaption><\/figure>\n<p>556 zahlungsunf\u00e4hige Unternehmen im Kanton Z\u00fcrich, eine Zunahme um drei Prozent: Damit haben sich die Konkurse in Z\u00fcrich gleich entwickelt wie in der ganzen Schweiz. Insgesamt wurde \u00fcber 3\u2018390 Firmen ein Konkursverfahren wegen Insolvenz er\u00f6ffnet. Besonders stark stieg die Anzahl der Firmenpleiten in der italienisch- und in der franz\u00f6sischsprachigen Schweiz sowie in der Ostschweiz.<\/p>\n<p>Demgegen\u00fcber nahmen die Konkurse in der Zentralschweiz und im Espace Mittelland deutlich ab. Die Neueintragungen im Handelsregister beliefen sich auf 30\u2018576 Unternehmen. Somit stiegen die Gr\u00fcndungen gegen\u00fcber der Vergleichsperiode im Vorjahr um zwei Prozent an. Von den Grossregionen verzeichnete nur das Tessin einen R\u00fcckgang.<\/p>\n<p>Mehr Details zur Bisnode Erhebung finden Sie unter diesem <a href=\"https:\/\/www.bisnode.ch\/de\/1405\/Konkurse-und-Gr%C3%BCndungen-per-September-2016.htm\" target=\"_blank\" rel=\"noreferrer noopener\" data-cke-saved-href=\"https:\/\/www.bisnode.ch\/de\/1405\/Konkurse-und-Gr%C3%BCndungen-per-September-2016.htm\">Link<\/a><\/p>\n","protected":false},"excerpt":{"rendered":"<p>556 zahlungsunf\u00e4hige Unternehmen im Kanton Z\u00fcrich, eine Zunahme um drei Prozent: Damit haben sich die Konkurse in Z\u00fcrich gleich entwickelt wie in der ganzen Schweiz. Insgesamt wurde \u00fcber 3\u2018390 Firmen ein Konkursverfahren wegen Insolvenz er\u00f6ffnet. Besonders stark stieg die Anzahl der Firmenpleiten in der italienisch- und in der franz\u00f6sischsprachigen Schweiz sowie in der Ostschweiz. Demgegen\u00fcber [&hellip;]<\/p>\n","protected":false},"author":1,"featured_media":664,"comment_status":"open","ping_status":"open","sticky":false,"template":"","format":"standard","meta":{"_acf_changed":false,"_yoast_wpseo_focuskw":"Firmenpleiten","_yoast_wpseo_metadesc":"Es gibt deutlich mehr Neugr\u00fcndungen. Leider wurde auch eine gesamtschweizerische Zunahme von Konkursverfahren von rund drei Prozent verzeichnet.","articlekey":"","footnotes":""},"categories":[1],"tags":[459],"class_list":["post-663","post","type-post","status-publish","format-standard","has-post-thumbnail","hentry","category-allgemein","tag-studie"],"acf":[],"yoast_head":"<!-- This site is optimized with the Yoast SEO plugin v27.5 - https:\/\/yoast.com\/product\/yoast-seo-wordpress\/ -->\n<title>3\u2018390 Firmenpleiten in den ersten neun Monaten 2016 - Organisator<\/title>\n<meta name=\"description\" content=\"Es gibt deutlich mehr Neugr\u00fcndungen. Leider wurde auch eine gesamtschweizerische Zunahme von Konkursverfahren von rund drei Prozent verzeichnet.\" \/>\n<meta name=\"robots\" content=\"index, follow, max-snippet:-1, max-image-preview:large, max-video-preview:-1\" \/>\n<link rel=\"canonical\" href=\"https:\/\/www.organisator.ch\/de\/allgemein\/2016-10-17\/3390-firmenpleiten-in-den-ersten-neun-monaten-2016\/\" \/>\n<meta property=\"og:locale\" content=\"de_DE\" \/>\n<meta property=\"og:type\" content=\"article\" \/>\n<meta property=\"og:title\" content=\"3\u2018390 Firmenpleiten in den ersten neun Monaten 2016\" \/>\n<meta property=\"og:description\" content=\"Gegen\u00fcber der Vorjahresperiode (per September 2016) gibt es deutlich mehr Neugr\u00fcndungen. Leider wurde auch eine gesamtschweizerische Zunahme von Konkursverfahren von rund drei Prozent verzeichnet. Nach wie vor existieren regionale Unterschiede bez\u00fcglich den von Bisnode registrierten Firmenpleiten.\" \/>\n<meta property=\"og:url\" content=\"https:\/\/www.organisator.ch\/de\/allgemein\/2016-10-17\/3390-firmenpleiten-in-den-ersten-neun-monaten-2016\/\" \/>\n<meta property=\"og:site_name\" content=\"Organisator\" \/>\n<meta property=\"article:publisher\" content=\"https:\/\/www.facebook.com\/OrganisatorFachmagazin\" \/>\n<meta property=\"article:published_time\" content=\"2016-10-17T12:23:14+00:00\" \/>\n<meta name=\"author\" content=\"admin\" \/>\n<meta name=\"twitter:card\" content=\"summary_large_image\" \/>\n<meta name=\"twitter:image\" content=\"https:\/\/www.organisator.ch\/wp-content\/uploads\/2016\/12\/3\u2018390-Firmenpleiten-in-den-ersten-neun-Monaten-2016-organisator.jpg\" \/>\n<script type=\"application\/ld+json\" class=\"yoast-schema-graph\">{\"@context\":\"https:\\\/\\\/schema.org\",\"@graph\":[{\"@type\":\"Article\",\"@id\":\"https:\\\/\\\/www.organisator.ch\\\/fr\\\/general\\\/2016-10-17\\\/3390-firmenpleiten-in-den-ersten-neun-monaten-2016\\\/#article\",\"isPartOf\":{\"@id\":\"https:\\\/\\\/www.organisator.ch\\\/fr\\\/general\\\/2016-10-17\\\/3390-firmenpleiten-in-den-ersten-neun-monaten-2016\\\/\"},\"author\":{\"name\":\"admin\",\"@id\":\"https:\\\/\\\/www.organisator.ch\\\/#\\\/schema\\\/person\\\/aa2bace6c5c5aad60102004a50c4eb1c\"},\"headline\":\"3\u2018390 Firmenpleiten in den ersten neun Monaten 2016\",\"datePublished\":\"2016-10-17T12:23:14+00:00\",\"mainEntityOfPage\":{\"@id\":\"https:\\\/\\\/www.organisator.ch\\\/fr\\\/general\\\/2016-10-17\\\/3390-firmenpleiten-in-den-ersten-neun-monaten-2016\\\/\"},\"wordCount\":142,\"commentCount\":0,\"publisher\":{\"@id\":\"https:\\\/\\\/www.organisator.ch\\\/#organization\"},\"image\":{\"@id\":\"https:\\\/\\\/www.organisator.ch\\\/fr\\\/general\\\/2016-10-17\\\/3390-firmenpleiten-in-den-ersten-neun-monaten-2016\\\/#primaryimage\"},\"thumbnailUrl\":\"https:\\\/\\\/www.organisator.ch\\\/wp-content\\\/uploads\\\/2016\\\/12\\\/3\u2018390-Firmenpleiten-in-den-ersten-neun-Monaten-2016-organisator.jpg\",\"keywords\":[\"Studie\"],\"inLanguage\":\"de\"},{\"@type\":\"WebPage\",\"@id\":\"https:\\\/\\\/www.organisator.ch\\\/fr\\\/general\\\/2016-10-17\\\/3390-firmenpleiten-in-den-ersten-neun-monaten-2016\\\/\",\"url\":\"https:\\\/\\\/www.organisator.ch\\\/fr\\\/general\\\/2016-10-17\\\/3390-firmenpleiten-in-den-ersten-neun-monaten-2016\\\/\",\"name\":\"3\u2018390 Firmenpleiten in den ersten neun Monaten 2016 - Organisator\",\"isPartOf\":{\"@id\":\"https:\\\/\\\/www.organisator.ch\\\/#website\"},\"primaryImageOfPage\":{\"@id\":\"https:\\\/\\\/www.organisator.ch\\\/fr\\\/general\\\/2016-10-17\\\/3390-firmenpleiten-in-den-ersten-neun-monaten-2016\\\/#primaryimage\"},\"image\":{\"@id\":\"https:\\\/\\\/www.organisator.ch\\\/fr\\\/general\\\/2016-10-17\\\/3390-firmenpleiten-in-den-ersten-neun-monaten-2016\\\/#primaryimage\"},\"thumbnailUrl\":\"https:\\\/\\\/www.organisator.ch\\\/wp-content\\\/uploads\\\/2016\\\/12\\\/3\u2018390-Firmenpleiten-in-den-ersten-neun-Monaten-2016-organisator.jpg\",\"datePublished\":\"2016-10-17T12:23:14+00:00\",\"description\":\"Es gibt deutlich mehr Neugr\u00fcndungen. Leider wurde auch eine gesamtschweizerische Zunahme von Konkursverfahren von rund drei Prozent verzeichnet.\",\"breadcrumb\":{\"@id\":\"https:\\\/\\\/www.organisator.ch\\\/fr\\\/general\\\/2016-10-17\\\/3390-firmenpleiten-in-den-ersten-neun-monaten-2016\\\/#breadcrumb\"},\"inLanguage\":\"de\",\"potentialAction\":[{\"@type\":\"ReadAction\",\"target\":[\"https:\\\/\\\/www.organisator.ch\\\/fr\\\/general\\\/2016-10-17\\\/3390-firmenpleiten-in-den-ersten-neun-monaten-2016\\\/\"]}]},{\"@type\":\"ImageObject\",\"inLanguage\":\"de\",\"@id\":\"https:\\\/\\\/www.organisator.ch\\\/fr\\\/general\\\/2016-10-17\\\/3390-firmenpleiten-in-den-ersten-neun-monaten-2016\\\/#primaryimage\",\"url\":\"https:\\\/\\\/www.organisator.ch\\\/wp-content\\\/uploads\\\/2016\\\/12\\\/3\u2018390-Firmenpleiten-in-den-ersten-neun-Monaten-2016-organisator.jpg\",\"contentUrl\":\"https:\\\/\\\/www.organisator.ch\\\/wp-content\\\/uploads\\\/2016\\\/12\\\/3\u2018390-Firmenpleiten-in-den-ersten-neun-Monaten-2016-organisator.jpg\",\"width\":744,\"height\":496,\"caption\":\"Im Detailhandel herrscht ein grosses Auf und Zu, was Filialengr\u00fcndungen angeht. (Bild: ZvG Bisnode)\"},{\"@type\":\"BreadcrumbList\",\"@id\":\"https:\\\/\\\/www.organisator.ch\\\/fr\\\/general\\\/2016-10-17\\\/3390-firmenpleiten-in-den-ersten-neun-monaten-2016\\\/#breadcrumb\",\"itemListElement\":[{\"@type\":\"ListItem\",\"position\":1,\"name\":\"Home\",\"item\":\"https:\\\/\\\/www.organisator.ch\\\/\"},{\"@type\":\"ListItem\",\"position\":2,\"name\":\"3\u2018390 Firmenpleiten in den ersten neun Monaten 2016\"}]},{\"@type\":\"WebSite\",\"@id\":\"https:\\\/\\\/www.organisator.ch\\\/#website\",\"url\":\"https:\\\/\\\/www.organisator.ch\\\/\",\"name\":\"Organisator\",\"description\":\"Kompetent. Praxisnah. Der ORGANISATOR bereitet in 10 Ausgaben pro Jahr die wesentlichen Themen f\u00fcr F\u00fchrungskr\u00e4fte von KMU auf.\",\"publisher\":{\"@id\":\"https:\\\/\\\/www.organisator.ch\\\/#organization\"},\"potentialAction\":[{\"@type\":\"SearchAction\",\"target\":{\"@type\":\"EntryPoint\",\"urlTemplate\":\"https:\\\/\\\/www.organisator.ch\\\/?s={search_term_string}\"},\"query-input\":{\"@type\":\"PropertyValueSpecification\",\"valueRequired\":true,\"valueName\":\"search_term_string\"}}],\"inLanguage\":\"de\"},{\"@type\":\"Organization\",\"@id\":\"https:\\\/\\\/www.organisator.ch\\\/#organization\",\"name\":\"Organisator\",\"url\":\"https:\\\/\\\/www.organisator.ch\\\/\",\"logo\":{\"@type\":\"ImageObject\",\"inLanguage\":\"de\",\"@id\":\"https:\\\/\\\/www.organisator.ch\\\/#\\\/schema\\\/logo\\\/image\\\/\",\"url\":\"https:\\\/\\\/www.organisator.ch\\\/wp-content\\\/uploads\\\/2022\\\/01\\\/Logo_Organisator_Website.png\",\"contentUrl\":\"https:\\\/\\\/www.organisator.ch\\\/wp-content\\\/uploads\\\/2022\\\/01\\\/Logo_Organisator_Website.png\",\"width\":800,\"height\":77,\"caption\":\"Organisator\"},\"image\":{\"@id\":\"https:\\\/\\\/www.organisator.ch\\\/#\\\/schema\\\/logo\\\/image\\\/\"},\"sameAs\":[\"https:\\\/\\\/www.facebook.com\\\/OrganisatorFachmagazin\",\"https:\\\/\\\/www.linkedin.com\\\/showcase\\\/organisator-das-magazin-fr-kmu\",\"https:\\\/\\\/www.xing.com\\\/news\\\/pages\\\/organisator-ch-695\",\"https:\\\/\\\/www.youtube.com\\\/channel\\\/UCGP2Sq0iWaZwT3BdIAQFYpw\"]},{\"@type\":\"Person\",\"@id\":\"https:\\\/\\\/www.organisator.ch\\\/#\\\/schema\\\/person\\\/aa2bace6c5c5aad60102004a50c4eb1c\",\"name\":\"admin\",\"image\":{\"@type\":\"ImageObject\",\"inLanguage\":\"de\",\"@id\":\"https:\\\/\\\/secure.gravatar.com\\\/avatar\\\/ae2f4d718e6c49043e314ce431e7e645d646302a24a5ef5a8bc8e3f5a032e319?s=96&d=mm&r=g\",\"url\":\"https:\\\/\\\/secure.gravatar.com\\\/avatar\\\/ae2f4d718e6c49043e314ce431e7e645d646302a24a5ef5a8bc8e3f5a032e319?s=96&d=mm&r=g\",\"contentUrl\":\"https:\\\/\\\/secure.gravatar.com\\\/avatar\\\/ae2f4d718e6c49043e314ce431e7e645d646302a24a5ef5a8bc8e3f5a032e319?s=96&d=mm&r=g\",\"caption\":\"admin\"},\"sameAs\":[\"https:\\\/\\\/www.organisator.ch\"],\"url\":\"https:\\\/\\\/www.organisator.ch\\\/de\\\/author\\\/admin\\\/\"}]}<\/script>\n<!-- \/ Yoast SEO plugin. -->","yoast_head_json":{"title":"3\u2018390 Firmenpleiten in den ersten neun Monaten 2016 - Organisator","description":"Es gibt deutlich mehr Neugr\u00fcndungen. Leider wurde auch eine gesamtschweizerische Zunahme von Konkursverfahren von rund drei Prozent verzeichnet.","robots":{"index":"index","follow":"follow","max-snippet":"max-snippet:-1","max-image-preview":"max-image-preview:large","max-video-preview":"max-video-preview:-1"},"canonical":"https:\/\/www.organisator.ch\/de\/allgemein\/2016-10-17\/3390-firmenpleiten-in-den-ersten-neun-monaten-2016\/","og_locale":"de_DE","og_type":"article","og_title":"3\u2018390 Firmenpleiten in den ersten neun Monaten 2016","og_description":"Gegen\u00fcber der Vorjahresperiode (per September 2016) gibt es deutlich mehr Neugr\u00fcndungen. Leider wurde auch eine gesamtschweizerische Zunahme von Konkursverfahren von rund drei Prozent verzeichnet. Nach wie vor existieren regionale Unterschiede bez\u00fcglich den von Bisnode registrierten Firmenpleiten.","og_url":"https:\/\/www.organisator.ch\/de\/allgemein\/2016-10-17\/3390-firmenpleiten-in-den-ersten-neun-monaten-2016\/","og_site_name":"Organisator","article_publisher":"https:\/\/www.facebook.com\/OrganisatorFachmagazin","article_published_time":"2016-10-17T12:23:14+00:00","author":"admin","twitter_card":"summary_large_image","twitter_image":"https:\/\/www.organisator.ch\/wp-content\/uploads\/2016\/12\/3\u2018390-Firmenpleiten-in-den-ersten-neun-Monaten-2016-organisator.jpg","schema":{"@context":"https:\/\/schema.org","@graph":[{"@type":"Article","@id":"https:\/\/www.organisator.ch\/fr\/general\/2016-10-17\/3390-firmenpleiten-in-den-ersten-neun-monaten-2016\/#article","isPartOf":{"@id":"https:\/\/www.organisator.ch\/fr\/general\/2016-10-17\/3390-firmenpleiten-in-den-ersten-neun-monaten-2016\/"},"author":{"name":"admin","@id":"https:\/\/www.organisator.ch\/#\/schema\/person\/aa2bace6c5c5aad60102004a50c4eb1c"},"headline":"3\u2018390 Firmenpleiten in den ersten neun Monaten 2016","datePublished":"2016-10-17T12:23:14+00:00","mainEntityOfPage":{"@id":"https:\/\/www.organisator.ch\/fr\/general\/2016-10-17\/3390-firmenpleiten-in-den-ersten-neun-monaten-2016\/"},"wordCount":142,"commentCount":0,"publisher":{"@id":"https:\/\/www.organisator.ch\/#organization"},"image":{"@id":"https:\/\/www.organisator.ch\/fr\/general\/2016-10-17\/3390-firmenpleiten-in-den-ersten-neun-monaten-2016\/#primaryimage"},"thumbnailUrl":"https:\/\/www.organisator.ch\/wp-content\/uploads\/2016\/12\/3\u2018390-Firmenpleiten-in-den-ersten-neun-Monaten-2016-organisator.jpg","keywords":["Studie"],"inLanguage":"de"},{"@type":"WebPage","@id":"https:\/\/www.organisator.ch\/fr\/general\/2016-10-17\/3390-firmenpleiten-in-den-ersten-neun-monaten-2016\/","url":"https:\/\/www.organisator.ch\/fr\/general\/2016-10-17\/3390-firmenpleiten-in-den-ersten-neun-monaten-2016\/","name":"3\u2018390 Firmenpleiten in den ersten neun Monaten 2016 - Organisator","isPartOf":{"@id":"https:\/\/www.organisator.ch\/#website"},"primaryImageOfPage":{"@id":"https:\/\/www.organisator.ch\/fr\/general\/2016-10-17\/3390-firmenpleiten-in-den-ersten-neun-monaten-2016\/#primaryimage"},"image":{"@id":"https:\/\/www.organisator.ch\/fr\/general\/2016-10-17\/3390-firmenpleiten-in-den-ersten-neun-monaten-2016\/#primaryimage"},"thumbnailUrl":"https:\/\/www.organisator.ch\/wp-content\/uploads\/2016\/12\/3\u2018390-Firmenpleiten-in-den-ersten-neun-Monaten-2016-organisator.jpg","datePublished":"2016-10-17T12:23:14+00:00","description":"Es gibt deutlich mehr Neugr\u00fcndungen. Leider wurde auch eine gesamtschweizerische Zunahme von Konkursverfahren von rund drei Prozent verzeichnet.","breadcrumb":{"@id":"https:\/\/www.organisator.ch\/fr\/general\/2016-10-17\/3390-firmenpleiten-in-den-ersten-neun-monaten-2016\/#breadcrumb"},"inLanguage":"de","potentialAction":[{"@type":"ReadAction","target":["https:\/\/www.organisator.ch\/fr\/general\/2016-10-17\/3390-firmenpleiten-in-den-ersten-neun-monaten-2016\/"]}]},{"@type":"ImageObject","inLanguage":"de","@id":"https:\/\/www.organisator.ch\/fr\/general\/2016-10-17\/3390-firmenpleiten-in-den-ersten-neun-monaten-2016\/#primaryimage","url":"https:\/\/www.organisator.ch\/wp-content\/uploads\/2016\/12\/3\u2018390-Firmenpleiten-in-den-ersten-neun-Monaten-2016-organisator.jpg","contentUrl":"https:\/\/www.organisator.ch\/wp-content\/uploads\/2016\/12\/3\u2018390-Firmenpleiten-in-den-ersten-neun-Monaten-2016-organisator.jpg","width":744,"height":496,"caption":"Im Detailhandel herrscht ein grosses Auf und Zu, was Filialengr\u00fcndungen angeht. (Bild: ZvG Bisnode)"},{"@type":"BreadcrumbList","@id":"https:\/\/www.organisator.ch\/fr\/general\/2016-10-17\/3390-firmenpleiten-in-den-ersten-neun-monaten-2016\/#breadcrumb","itemListElement":[{"@type":"ListItem","position":1,"name":"Home","item":"https:\/\/www.organisator.ch\/"},{"@type":"ListItem","position":2,"name":"3\u2018390 Firmenpleiten in den ersten neun Monaten 2016"}]},{"@type":"WebSite","@id":"https:\/\/www.organisator.ch\/#website","url":"https:\/\/www.organisator.ch\/","name":"Organisator","description":"Kompetent. Praxisnah. Der ORGANISATOR bereitet in 10 Ausgaben pro Jahr die wesentlichen Themen f\u00fcr F\u00fchrungskr\u00e4fte von KMU auf.","publisher":{"@id":"https:\/\/www.organisator.ch\/#organization"},"potentialAction":[{"@type":"SearchAction","target":{"@type":"EntryPoint","urlTemplate":"https:\/\/www.organisator.ch\/?s={search_term_string}"},"query-input":{"@type":"PropertyValueSpecification","valueRequired":true,"valueName":"search_term_string"}}],"inLanguage":"de"},{"@type":"Organization","@id":"https:\/\/www.organisator.ch\/#organization","name":"Organisator","url":"https:\/\/www.organisator.ch\/","logo":{"@type":"ImageObject","inLanguage":"de","@id":"https:\/\/www.organisator.ch\/#\/schema\/logo\/image\/","url":"https:\/\/www.organisator.ch\/wp-content\/uploads\/2022\/01\/Logo_Organisator_Website.png","contentUrl":"https:\/\/www.organisator.ch\/wp-content\/uploads\/2022\/01\/Logo_Organisator_Website.png","width":800,"height":77,"caption":"Organisator"},"image":{"@id":"https:\/\/www.organisator.ch\/#\/schema\/logo\/image\/"},"sameAs":["https:\/\/www.facebook.com\/OrganisatorFachmagazin","https:\/\/www.linkedin.com\/showcase\/organisator-das-magazin-fr-kmu","https:\/\/www.xing.com\/news\/pages\/organisator-ch-695","https:\/\/www.youtube.com\/channel\/UCGP2Sq0iWaZwT3BdIAQFYpw"]},{"@type":"Person","@id":"https:\/\/www.organisator.ch\/#\/schema\/person\/aa2bace6c5c5aad60102004a50c4eb1c","name":"admin","image":{"@type":"ImageObject","inLanguage":"de","@id":"https:\/\/secure.gravatar.com\/avatar\/ae2f4d718e6c49043e314ce431e7e645d646302a24a5ef5a8bc8e3f5a032e319?s=96&d=mm&r=g","url":"https:\/\/secure.gravatar.com\/avatar\/ae2f4d718e6c49043e314ce431e7e645d646302a24a5ef5a8bc8e3f5a032e319?s=96&d=mm&r=g","contentUrl":"https:\/\/secure.gravatar.com\/avatar\/ae2f4d718e6c49043e314ce431e7e645d646302a24a5ef5a8bc8e3f5a032e319?s=96&d=mm&r=g","caption":"admin"},"sameAs":["https:\/\/www.organisator.ch"],"url":"https:\/\/www.organisator.ch\/de\/author\/admin\/"}]}},"_links":{"self":[{"href":"https:\/\/www.organisator.ch\/de\/wp-json\/wp\/v2\/posts\/663","targetHints":{"allow":["GET"]}}],"collection":[{"href":"https:\/\/www.organisator.ch\/de\/wp-json\/wp\/v2\/posts"}],"about":[{"href":"https:\/\/www.organisator.ch\/de\/wp-json\/wp\/v2\/types\/post"}],"author":[{"embeddable":true,"href":"https:\/\/www.organisator.ch\/de\/wp-json\/wp\/v2\/users\/1"}],"replies":[{"embeddable":true,"href":"https:\/\/www.organisator.ch\/de\/wp-json\/wp\/v2\/comments?post=663"}],"version-history":[{"count":0,"href":"https:\/\/www.organisator.ch\/de\/wp-json\/wp\/v2\/posts\/663\/revisions"}],"wp:featuredmedia":[{"embeddable":true,"href":"https:\/\/www.organisator.ch\/de\/wp-json\/wp\/v2\/media\/664"}],"wp:attachment":[{"href":"https:\/\/www.organisator.ch\/de\/wp-json\/wp\/v2\/media?parent=663"}],"wp:term":[{"taxonomy":"category","embeddable":true,"href":"https:\/\/www.organisator.ch\/de\/wp-json\/wp\/v2\/categories?post=663"},{"taxonomy":"post_tag","embeddable":true,"href":"https:\/\/www.organisator.ch\/de\/wp-json\/wp\/v2\/tags?post=663"}],"curies":[{"name":"wp","href":"https:\/\/api.w.org\/{rel}","templated":true}]}}