{"id":6633,"date":"2020-04-28T08:45:11","date_gmt":"2020-04-28T06:45:11","guid":{"rendered":"https:\/\/www.organisator.ch\/?p=6633"},"modified":"2020-04-28T08:45:11","modified_gmt":"2020-04-28T06:45:11","slug":"plattform-zur-unterstuetzung-von-kleinunternehmen-4switzerland-ch","status":"publish","type":"post","link":"https:\/\/www.organisator.ch\/de\/marketing\/2020-04-28\/plattform-zur-unterstuetzung-von-kleinunternehmen-4switzerland-ch\/","title":{"rendered":"Plattform zur Unterst\u00fctzung von Kleinunternehmen: 4Switzerland.ch"},"content":{"rendered":"<figure id=\"attachment_6634\" aria-describedby=\"caption-attachment-6634\" style=\"width: 680px\" class=\"wp-caption alignnone\"><img loading=\"lazy\" decoding=\"async\" class=\"size-medium wp-image-6634\" src=\"https:\/\/www.organisator.ch\/wp-content\/uploads\/2020\/04\/Plattform-zur-Unterstuetzung-von-Kleinunternehmen-4Switzerlandch_Organisator.jpg\" alt=\"\" width=\"680\" height=\"476\" srcset=\"https:\/\/www.organisator.ch\/wp-content\/uploads\/2020\/04\/Plattform-zur-Unterstuetzung-von-Kleinunternehmen-4Switzerlandch_Organisator.jpg 680w, https:\/\/www.organisator.ch\/wp-content\/uploads\/2020\/04\/Plattform-zur-Unterstuetzung-von-Kleinunternehmen-4Switzerlandch_Organisator-16x12.jpg 16w, https:\/\/www.organisator.ch\/wp-content\/uploads\/2020\/04\/Plattform-zur-Unterstuetzung-von-Kleinunternehmen-4Switzerlandch_Organisator-250x175.jpg 250w, https:\/\/www.organisator.ch\/wp-content\/uploads\/2020\/04\/Plattform-zur-Unterstuetzung-von-Kleinunternehmen-4Switzerlandch_Organisator-500x350.jpg 500w, https:\/\/www.organisator.ch\/wp-content\/uploads\/2020\/04\/Plattform-zur-Unterstuetzung-von-Kleinunternehmen-4Switzerlandch_Organisator-300x210.jpg 300w\" sizes=\"auto, (max-width: 680px) 100vw, 680px\" \/><figcaption id=\"caption-attachment-6634\" class=\"wp-caption-text\">Eine Gruppe von Privatpersonen hat die Plattform 4switzerland.ch ins Leben gerufen. Dort kann f\u00fcr unterst\u00fctzungsbed\u00fcrftige KMU gespendet werden. (Bild: 4switzerland.ch)<\/figcaption><\/figure>\n<p>KMU sind das R\u00fcckgrat unserer Wirtschaft. Wohin diese Krise langfristig f\u00fchren wird, ist noch ungewiss. Was heute unternommen werden kann: Durch Ihre Spende an dasjenige KMU, das Ihnen am Herzen liegt, k\u00f6nnen wir die Schweizer Wirtschaft langfristig st\u00e4rken. Privatpersonen aus unterschiedlichen Branchen mit divergierenden Hintergru\u0308nden haben sich zusammengetan mit dem Ziel, Investoren und finanziell notleidende Unternehmen zusammenzubringen und so deren Zeit durch die Krise zu erleichtern. Entstanden ist aus dieser Idee die Plattform www.4switzerland.ch.<\/p>\n<h2>Plattform mit Solidarit\u00e4tsgedanken<\/h2>\n<p>Sie denken jetzt vielleicht, dass der Bund und die Kantone schon gen\u00fcgend unternehmen, um die KMU zu unterst\u00fctzen? Die erhaltenen Kredite m\u00fcssen fr\u00fcher oder sp\u00e4ter zur\u00fcckbezahlt werden, was f\u00fcr einige Kleinunternehmen nicht m\u00f6glich sein wird. Sie ben\u00f6tigen deshalb anderweitige Unterst\u00fctzung. Aufgefordert sind wir nun alle, unsere soziale Verantwortung wahrzunehmen und dort zu helfen, w0 unsere Unterst\u00fctzung aktuell dringend gebraucht wird. Auf www.4switzerland.ch k\u00f6nnen sich einerseits KMU eintragen, die auf Unterst\u00fctzung angewiesen sind. Anderseits k\u00f6nnen Private wie auch juristische Personen das von ihnen bevorzugte Unternehmen direkt finanziell unterst\u00fctzen. Ganz im Sinne von \u00ab\u00dcsi Wirtschaft &#8211; \u00fcsi Schwiiz\u00bb. Unterst\u00fctzte KMU k\u00f6nnen ihre Wertsch\u00e4tzung f\u00fcr die erhaltene Spende zum Ausdruck bringen,\u00a0indem sie nach ihren aktuellen M\u00f6glichkeiten ein individuelles Dankesch\u00f6n ausstellen. M\u00f6gliche Formen w\u00e4ren beispielsweise ein Gutschein f\u00fcr einen Haarschnitt, eine Gratislektion oder ein Kaffee &#8211; der Kreativit\u00e4t sind keine Grenzen gesetzt.<\/p>\n<h2>Non-Profit-Projekt<\/h2>\n<p>Das Ziel von 4Switzerland.ch ist es, Kleinunternehmen zu unterst\u00fctzen, um finanzielle Engp\u00e4sse zu minimieren und das langfristige Bestehen sicherzustellen. Dahinter steht eine Non-Profit-Interessensgemeinschaft, die Privatpersonen hinter der Initiative arbeiten unentgeltlich. Um die anfallenden Entwicklungs- und Betriebskosten zu decken, sind sie ihrerseits auf Sponsorengelder angewiesen. \u00dcbersch\u00fcsse werden am Ende des Projektes vollumf\u00e4nglich an die KMU ausbezahlt.<\/p>\n<p><em>Jetzt unterst\u00fctzen:\u00a0<a href=\"http:\/\/www.4switzerland.ch\">www.4switzerland.ch<\/a><\/em><\/p>\n","protected":false},"excerpt":{"rendered":"<p>KMU sind das R\u00fcckgrat unserer Wirtschaft. Wohin diese Krise langfristig f\u00fchren wird, ist noch ungewiss. Was heute unternommen werden kann: Durch Ihre Spende an dasjenige KMU, das Ihnen am Herzen liegt, k\u00f6nnen wir die Schweizer Wirtschaft langfristig st\u00e4rken. Privatpersonen aus unterschiedlichen Branchen mit divergierenden Hintergru\u0308nden haben sich zusammengetan mit dem Ziel, Investoren und finanziell notleidende [&hellip;]<\/p>\n","protected":false},"author":4,"featured_media":6634,"comment_status":"closed","ping_status":"closed","sticky":false,"template":"","format":"standard","meta":{"_acf_changed":false,"_yoast_wpseo_focuskw":"Plattform","_yoast_wpseo_metadesc":"Grosse Teile unseres Alltags stehen immer noch still. Viele Kleinunternehmen m\u00fcssen ihre T\u00fcren schliessen. Eine Plattform bietet nun Unterst\u00fctzung.","articlekey":"","footnotes":""},"categories":[29],"tags":[132,335,339,492],"class_list":["post-6633","post","type-post","status-publish","format-standard","has-post-thumbnail","hentry","category-marketing","tag-coronavirus","tag-management-und-unternehmensfuehrung","tag-marketing","tag-unternehmen"],"acf":[],"yoast_head":"<!-- This site is optimized with the Yoast SEO plugin v27.5 - https:\/\/yoast.com\/product\/yoast-seo-wordpress\/ -->\n<title>Plattform zur Unterst\u00fctzung von Kleinunternehmen: 4Switzerland.ch - Organisator<\/title>\n<meta name=\"description\" content=\"Grosse Teile unseres Alltags stehen immer noch still. Viele Kleinunternehmen m\u00fcssen ihre T\u00fcren schliessen. Eine Plattform bietet nun Unterst\u00fctzung.\" \/>\n<meta name=\"robots\" content=\"index, follow, max-snippet:-1, max-image-preview:large, max-video-preview:-1\" \/>\n<link rel=\"canonical\" href=\"https:\/\/www.organisator.ch\/de\/marketing\/2020-04-28\/plattform-zur-unterstuetzung-von-kleinunternehmen-4switzerland-ch\/\" \/>\n<meta property=\"og:locale\" content=\"de_DE\" \/>\n<meta property=\"og:type\" content=\"article\" \/>\n<meta property=\"og:title\" content=\"Plattform zur Unterst\u00fctzung von Kleinunternehmen: 4Switzerland.ch\" \/>\n<meta property=\"og:description\" content=\"Grosse Teile unseres Alltags stehen immer noch still. Viele Kleinunternehmen m\u00fcssen ihre T\u00fcren schliessen. Eine Plattform bietet nun Unterst\u00fctzung.\" \/>\n<meta property=\"og:url\" content=\"https:\/\/www.organisator.ch\/de\/marketing\/2020-04-28\/plattform-zur-unterstuetzung-von-kleinunternehmen-4switzerland-ch\/\" \/>\n<meta property=\"og:site_name\" content=\"Organisator\" \/>\n<meta property=\"article:publisher\" content=\"https:\/\/www.facebook.com\/OrganisatorFachmagazin\" \/>\n<meta property=\"article:published_time\" content=\"2020-04-28T06:45:11+00:00\" \/>\n<meta property=\"og:image\" content=\"https:\/\/www.organisator.ch\/wp-content\/uploads\/2020\/04\/Plattform-zur-Unterstuetzung-von-Kleinunternehmen-4Switzerlandch_Organisator.jpg\" \/>\n\t<meta property=\"og:image:width\" content=\"680\" \/>\n\t<meta property=\"og:image:height\" content=\"476\" \/>\n\t<meta property=\"og:image:type\" content=\"image\/jpeg\" \/>\n<meta name=\"author\" content=\"thomas.berner\" \/>\n<meta name=\"twitter:card\" content=\"summary_large_image\" \/>\n<meta name=\"twitter:title\" content=\"#Plattform zur Unterst\u00fctzung von #Kleinunternehmen: #4Switzerland.ch\" \/>\n<meta name=\"twitter:description\" content=\"Grosse Teile unseres Alltags stehen immer noch still. Viele #Kleinunternehmen m\u00fcssen ihre T\u00fcren schliessen. Eine #Plattform bietet nun Unterst\u00fctzung.\" \/>\n<meta name=\"twitter:image\" content=\"https:\/\/www.organisator.ch\/wp-content\/uploads\/2020\/04\/Plattform-zur-Unterstuetzung-von-Kleinunternehmen-4Switzerlandch_Organisator.jpg\" \/>\n<script type=\"application\/ld+json\" class=\"yoast-schema-graph\">{\"@context\":\"https:\\\/\\\/schema.org\",\"@graph\":[{\"@type\":\"Article\",\"@id\":\"https:\\\/\\\/www.organisator.ch\\\/marketing\\\/2020-04-28\\\/plattform-zur-unterstuetzung-von-kleinunternehmen-4switzerland-ch\\\/#article\",\"isPartOf\":{\"@id\":\"https:\\\/\\\/www.organisator.ch\\\/marketing\\\/2020-04-28\\\/plattform-zur-unterstuetzung-von-kleinunternehmen-4switzerland-ch\\\/\"},\"author\":{\"name\":\"thomas.berner\",\"@id\":\"https:\\\/\\\/www.organisator.ch\\\/#\\\/schema\\\/person\\\/6f650f90b2842cd4c0cc334b4e36f67e\"},\"headline\":\"Plattform zur Unterst\u00fctzung von Kleinunternehmen: 4Switzerland.ch\",\"datePublished\":\"2020-04-28T06:45:11+00:00\",\"mainEntityOfPage\":{\"@id\":\"https:\\\/\\\/www.organisator.ch\\\/marketing\\\/2020-04-28\\\/plattform-zur-unterstuetzung-von-kleinunternehmen-4switzerland-ch\\\/\"},\"wordCount\":358,\"publisher\":{\"@id\":\"https:\\\/\\\/www.organisator.ch\\\/#organization\"},\"image\":{\"@id\":\"https:\\\/\\\/www.organisator.ch\\\/marketing\\\/2020-04-28\\\/plattform-zur-unterstuetzung-von-kleinunternehmen-4switzerland-ch\\\/#primaryimage\"},\"thumbnailUrl\":\"https:\\\/\\\/www.organisator.ch\\\/wp-content\\\/uploads\\\/2020\\\/04\\\/Plattform-zur-Unterstuetzung-von-Kleinunternehmen-4Switzerlandch_Organisator.jpg\",\"keywords\":[\"Coronavirus\",\"Management und Unternehmensf\u00fchrung\",\"Marketing\",\"Unternehmen\"],\"articleSection\":[\"MARKETING\"],\"inLanguage\":\"de\"},{\"@type\":\"WebPage\",\"@id\":\"https:\\\/\\\/www.organisator.ch\\\/marketing\\\/2020-04-28\\\/plattform-zur-unterstuetzung-von-kleinunternehmen-4switzerland-ch\\\/\",\"url\":\"https:\\\/\\\/www.organisator.ch\\\/marketing\\\/2020-04-28\\\/plattform-zur-unterstuetzung-von-kleinunternehmen-4switzerland-ch\\\/\",\"name\":\"Plattform zur Unterst\u00fctzung von Kleinunternehmen: 4Switzerland.ch - Organisator\",\"isPartOf\":{\"@id\":\"https:\\\/\\\/www.organisator.ch\\\/#website\"},\"primaryImageOfPage\":{\"@id\":\"https:\\\/\\\/www.organisator.ch\\\/marketing\\\/2020-04-28\\\/plattform-zur-unterstuetzung-von-kleinunternehmen-4switzerland-ch\\\/#primaryimage\"},\"image\":{\"@id\":\"https:\\\/\\\/www.organisator.ch\\\/marketing\\\/2020-04-28\\\/plattform-zur-unterstuetzung-von-kleinunternehmen-4switzerland-ch\\\/#primaryimage\"},\"thumbnailUrl\":\"https:\\\/\\\/www.organisator.ch\\\/wp-content\\\/uploads\\\/2020\\\/04\\\/Plattform-zur-Unterstuetzung-von-Kleinunternehmen-4Switzerlandch_Organisator.jpg\",\"datePublished\":\"2020-04-28T06:45:11+00:00\",\"description\":\"Grosse Teile unseres Alltags stehen immer noch still. Viele Kleinunternehmen m\u00fcssen ihre T\u00fcren schliessen. Eine Plattform bietet nun Unterst\u00fctzung.\",\"breadcrumb\":{\"@id\":\"https:\\\/\\\/www.organisator.ch\\\/marketing\\\/2020-04-28\\\/plattform-zur-unterstuetzung-von-kleinunternehmen-4switzerland-ch\\\/#breadcrumb\"},\"inLanguage\":\"de\",\"potentialAction\":[{\"@type\":\"ReadAction\",\"target\":[\"https:\\\/\\\/www.organisator.ch\\\/marketing\\\/2020-04-28\\\/plattform-zur-unterstuetzung-von-kleinunternehmen-4switzerland-ch\\\/\"]}]},{\"@type\":\"ImageObject\",\"inLanguage\":\"de\",\"@id\":\"https:\\\/\\\/www.organisator.ch\\\/marketing\\\/2020-04-28\\\/plattform-zur-unterstuetzung-von-kleinunternehmen-4switzerland-ch\\\/#primaryimage\",\"url\":\"https:\\\/\\\/www.organisator.ch\\\/wp-content\\\/uploads\\\/2020\\\/04\\\/Plattform-zur-Unterstuetzung-von-Kleinunternehmen-4Switzerlandch_Organisator.jpg\",\"contentUrl\":\"https:\\\/\\\/www.organisator.ch\\\/wp-content\\\/uploads\\\/2020\\\/04\\\/Plattform-zur-Unterstuetzung-von-Kleinunternehmen-4Switzerlandch_Organisator.jpg\",\"width\":680,\"height\":476,\"caption\":\"Eine Gruppe von Privatpersonen hat die Plattform 4switzerland.ch ins Leben gerufen. Dort kann f\u00fcr unterst\u00fctzungsbed\u00fcrftige KMU gespendet werden. (Bild: 4switzerland.ch)\"},{\"@type\":\"BreadcrumbList\",\"@id\":\"https:\\\/\\\/www.organisator.ch\\\/marketing\\\/2020-04-28\\\/plattform-zur-unterstuetzung-von-kleinunternehmen-4switzerland-ch\\\/#breadcrumb\",\"itemListElement\":[{\"@type\":\"ListItem\",\"position\":1,\"name\":\"Home\",\"item\":\"https:\\\/\\\/www.organisator.ch\\\/\"},{\"@type\":\"ListItem\",\"position\":2,\"name\":\"Plattform zur Unterst\u00fctzung von Kleinunternehmen: 4Switzerland.ch\"}]},{\"@type\":\"WebSite\",\"@id\":\"https:\\\/\\\/www.organisator.ch\\\/#website\",\"url\":\"https:\\\/\\\/www.organisator.ch\\\/\",\"name\":\"Organisator\",\"description\":\"Kompetent. Praxisnah. Der ORGANISATOR bereitet in 10 Ausgaben pro Jahr die wesentlichen Themen f\u00fcr F\u00fchrungskr\u00e4fte von KMU auf.\",\"publisher\":{\"@id\":\"https:\\\/\\\/www.organisator.ch\\\/#organization\"},\"potentialAction\":[{\"@type\":\"SearchAction\",\"target\":{\"@type\":\"EntryPoint\",\"urlTemplate\":\"https:\\\/\\\/www.organisator.ch\\\/?s={search_term_string}\"},\"query-input\":{\"@type\":\"PropertyValueSpecification\",\"valueRequired\":true,\"valueName\":\"search_term_string\"}}],\"inLanguage\":\"de\"},{\"@type\":\"Organization\",\"@id\":\"https:\\\/\\\/www.organisator.ch\\\/#organization\",\"name\":\"Organisator\",\"url\":\"https:\\\/\\\/www.organisator.ch\\\/\",\"logo\":{\"@type\":\"ImageObject\",\"inLanguage\":\"de\",\"@id\":\"https:\\\/\\\/www.organisator.ch\\\/#\\\/schema\\\/logo\\\/image\\\/\",\"url\":\"https:\\\/\\\/www.organisator.ch\\\/wp-content\\\/uploads\\\/2022\\\/01\\\/Logo_Organisator_Website.png\",\"contentUrl\":\"https:\\\/\\\/www.organisator.ch\\\/wp-content\\\/uploads\\\/2022\\\/01\\\/Logo_Organisator_Website.png\",\"width\":800,\"height\":77,\"caption\":\"Organisator\"},\"image\":{\"@id\":\"https:\\\/\\\/www.organisator.ch\\\/#\\\/schema\\\/logo\\\/image\\\/\"},\"sameAs\":[\"https:\\\/\\\/www.facebook.com\\\/OrganisatorFachmagazin\",\"https:\\\/\\\/www.linkedin.com\\\/showcase\\\/organisator-das-magazin-fr-kmu\",\"https:\\\/\\\/www.xing.com\\\/news\\\/pages\\\/organisator-ch-695\",\"https:\\\/\\\/www.youtube.com\\\/channel\\\/UCGP2Sq0iWaZwT3BdIAQFYpw\"]},{\"@type\":\"Person\",\"@id\":\"https:\\\/\\\/www.organisator.ch\\\/#\\\/schema\\\/person\\\/6f650f90b2842cd4c0cc334b4e36f67e\",\"name\":\"thomas.berner\",\"image\":{\"@type\":\"ImageObject\",\"inLanguage\":\"de\",\"@id\":\"https:\\\/\\\/secure.gravatar.com\\\/avatar\\\/ac5001d2a36cb6c6cd3e50789007ffca834b477b74a2144564522e944eabff61?s=96&d=mm&r=g\",\"url\":\"https:\\\/\\\/secure.gravatar.com\\\/avatar\\\/ac5001d2a36cb6c6cd3e50789007ffca834b477b74a2144564522e944eabff61?s=96&d=mm&r=g\",\"contentUrl\":\"https:\\\/\\\/secure.gravatar.com\\\/avatar\\\/ac5001d2a36cb6c6cd3e50789007ffca834b477b74a2144564522e944eabff61?s=96&d=mm&r=g\",\"caption\":\"thomas.berner\"},\"url\":\"https:\\\/\\\/www.organisator.ch\\\/de\\\/author\\\/thomas-berner\\\/\"}]}<\/script>\n<!-- \/ Yoast SEO plugin. -->","yoast_head_json":{"title":"Plattform zur Unterst\u00fctzung von Kleinunternehmen: 4Switzerland.ch - Organisator","description":"Grosse Teile unseres Alltags stehen immer noch still. Viele Kleinunternehmen m\u00fcssen ihre T\u00fcren schliessen. Eine Plattform bietet nun Unterst\u00fctzung.","robots":{"index":"index","follow":"follow","max-snippet":"max-snippet:-1","max-image-preview":"max-image-preview:large","max-video-preview":"max-video-preview:-1"},"canonical":"https:\/\/www.organisator.ch\/de\/marketing\/2020-04-28\/plattform-zur-unterstuetzung-von-kleinunternehmen-4switzerland-ch\/","og_locale":"de_DE","og_type":"article","og_title":"Plattform zur Unterst\u00fctzung von Kleinunternehmen: 4Switzerland.ch","og_description":"Grosse Teile unseres Alltags stehen immer noch still. Viele Kleinunternehmen m\u00fcssen ihre T\u00fcren schliessen. Eine Plattform bietet nun Unterst\u00fctzung.","og_url":"https:\/\/www.organisator.ch\/de\/marketing\/2020-04-28\/plattform-zur-unterstuetzung-von-kleinunternehmen-4switzerland-ch\/","og_site_name":"Organisator","article_publisher":"https:\/\/www.facebook.com\/OrganisatorFachmagazin","article_published_time":"2020-04-28T06:45:11+00:00","og_image":[{"width":680,"height":476,"url":"https:\/\/www.organisator.ch\/wp-content\/uploads\/2020\/04\/Plattform-zur-Unterstuetzung-von-Kleinunternehmen-4Switzerlandch_Organisator.jpg","type":"image\/jpeg"}],"author":"thomas.berner","twitter_card":"summary_large_image","twitter_title":"#Plattform zur Unterst\u00fctzung von #Kleinunternehmen: #4Switzerland.ch","twitter_description":"Grosse Teile unseres Alltags stehen immer noch still. Viele #Kleinunternehmen m\u00fcssen ihre T\u00fcren schliessen. Eine #Plattform bietet nun Unterst\u00fctzung.","twitter_image":"https:\/\/www.organisator.ch\/wp-content\/uploads\/2020\/04\/Plattform-zur-Unterstuetzung-von-Kleinunternehmen-4Switzerlandch_Organisator.jpg","schema":{"@context":"https:\/\/schema.org","@graph":[{"@type":"Article","@id":"https:\/\/www.organisator.ch\/marketing\/2020-04-28\/plattform-zur-unterstuetzung-von-kleinunternehmen-4switzerland-ch\/#article","isPartOf":{"@id":"https:\/\/www.organisator.ch\/marketing\/2020-04-28\/plattform-zur-unterstuetzung-von-kleinunternehmen-4switzerland-ch\/"},"author":{"name":"thomas.berner","@id":"https:\/\/www.organisator.ch\/#\/schema\/person\/6f650f90b2842cd4c0cc334b4e36f67e"},"headline":"Plattform zur Unterst\u00fctzung von Kleinunternehmen: 4Switzerland.ch","datePublished":"2020-04-28T06:45:11+00:00","mainEntityOfPage":{"@id":"https:\/\/www.organisator.ch\/marketing\/2020-04-28\/plattform-zur-unterstuetzung-von-kleinunternehmen-4switzerland-ch\/"},"wordCount":358,"publisher":{"@id":"https:\/\/www.organisator.ch\/#organization"},"image":{"@id":"https:\/\/www.organisator.ch\/marketing\/2020-04-28\/plattform-zur-unterstuetzung-von-kleinunternehmen-4switzerland-ch\/#primaryimage"},"thumbnailUrl":"https:\/\/www.organisator.ch\/wp-content\/uploads\/2020\/04\/Plattform-zur-Unterstuetzung-von-Kleinunternehmen-4Switzerlandch_Organisator.jpg","keywords":["Coronavirus","Management und Unternehmensf\u00fchrung","Marketing","Unternehmen"],"articleSection":["MARKETING"],"inLanguage":"de"},{"@type":"WebPage","@id":"https:\/\/www.organisator.ch\/marketing\/2020-04-28\/plattform-zur-unterstuetzung-von-kleinunternehmen-4switzerland-ch\/","url":"https:\/\/www.organisator.ch\/marketing\/2020-04-28\/plattform-zur-unterstuetzung-von-kleinunternehmen-4switzerland-ch\/","name":"Plattform zur Unterst\u00fctzung von Kleinunternehmen: 4Switzerland.ch - Organisator","isPartOf":{"@id":"https:\/\/www.organisator.ch\/#website"},"primaryImageOfPage":{"@id":"https:\/\/www.organisator.ch\/marketing\/2020-04-28\/plattform-zur-unterstuetzung-von-kleinunternehmen-4switzerland-ch\/#primaryimage"},"image":{"@id":"https:\/\/www.organisator.ch\/marketing\/2020-04-28\/plattform-zur-unterstuetzung-von-kleinunternehmen-4switzerland-ch\/#primaryimage"},"thumbnailUrl":"https:\/\/www.organisator.ch\/wp-content\/uploads\/2020\/04\/Plattform-zur-Unterstuetzung-von-Kleinunternehmen-4Switzerlandch_Organisator.jpg","datePublished":"2020-04-28T06:45:11+00:00","description":"Grosse Teile unseres Alltags stehen immer noch still. Viele Kleinunternehmen m\u00fcssen ihre T\u00fcren schliessen. Eine Plattform bietet nun Unterst\u00fctzung.","breadcrumb":{"@id":"https:\/\/www.organisator.ch\/marketing\/2020-04-28\/plattform-zur-unterstuetzung-von-kleinunternehmen-4switzerland-ch\/#breadcrumb"},"inLanguage":"de","potentialAction":[{"@type":"ReadAction","target":["https:\/\/www.organisator.ch\/marketing\/2020-04-28\/plattform-zur-unterstuetzung-von-kleinunternehmen-4switzerland-ch\/"]}]},{"@type":"ImageObject","inLanguage":"de","@id":"https:\/\/www.organisator.ch\/marketing\/2020-04-28\/plattform-zur-unterstuetzung-von-kleinunternehmen-4switzerland-ch\/#primaryimage","url":"https:\/\/www.organisator.ch\/wp-content\/uploads\/2020\/04\/Plattform-zur-Unterstuetzung-von-Kleinunternehmen-4Switzerlandch_Organisator.jpg","contentUrl":"https:\/\/www.organisator.ch\/wp-content\/uploads\/2020\/04\/Plattform-zur-Unterstuetzung-von-Kleinunternehmen-4Switzerlandch_Organisator.jpg","width":680,"height":476,"caption":"Eine Gruppe von Privatpersonen hat die Plattform 4switzerland.ch ins Leben gerufen. Dort kann f\u00fcr unterst\u00fctzungsbed\u00fcrftige KMU gespendet werden. (Bild: 4switzerland.ch)"},{"@type":"BreadcrumbList","@id":"https:\/\/www.organisator.ch\/marketing\/2020-04-28\/plattform-zur-unterstuetzung-von-kleinunternehmen-4switzerland-ch\/#breadcrumb","itemListElement":[{"@type":"ListItem","position":1,"name":"Home","item":"https:\/\/www.organisator.ch\/"},{"@type":"ListItem","position":2,"name":"Plattform zur Unterst\u00fctzung von Kleinunternehmen: 4Switzerland.ch"}]},{"@type":"WebSite","@id":"https:\/\/www.organisator.ch\/#website","url":"https:\/\/www.organisator.ch\/","name":"Organisator","description":"Kompetent. Praxisnah. Der ORGANISATOR bereitet in 10 Ausgaben pro Jahr die wesentlichen Themen f\u00fcr F\u00fchrungskr\u00e4fte von KMU auf.","publisher":{"@id":"https:\/\/www.organisator.ch\/#organization"},"potentialAction":[{"@type":"SearchAction","target":{"@type":"EntryPoint","urlTemplate":"https:\/\/www.organisator.ch\/?s={search_term_string}"},"query-input":{"@type":"PropertyValueSpecification","valueRequired":true,"valueName":"search_term_string"}}],"inLanguage":"de"},{"@type":"Organization","@id":"https:\/\/www.organisator.ch\/#organization","name":"Organisator","url":"https:\/\/www.organisator.ch\/","logo":{"@type":"ImageObject","inLanguage":"de","@id":"https:\/\/www.organisator.ch\/#\/schema\/logo\/image\/","url":"https:\/\/www.organisator.ch\/wp-content\/uploads\/2022\/01\/Logo_Organisator_Website.png","contentUrl":"https:\/\/www.organisator.ch\/wp-content\/uploads\/2022\/01\/Logo_Organisator_Website.png","width":800,"height":77,"caption":"Organisator"},"image":{"@id":"https:\/\/www.organisator.ch\/#\/schema\/logo\/image\/"},"sameAs":["https:\/\/www.facebook.com\/OrganisatorFachmagazin","https:\/\/www.linkedin.com\/showcase\/organisator-das-magazin-fr-kmu","https:\/\/www.xing.com\/news\/pages\/organisator-ch-695","https:\/\/www.youtube.com\/channel\/UCGP2Sq0iWaZwT3BdIAQFYpw"]},{"@type":"Person","@id":"https:\/\/www.organisator.ch\/#\/schema\/person\/6f650f90b2842cd4c0cc334b4e36f67e","name":"thomas.berner","image":{"@type":"ImageObject","inLanguage":"de","@id":"https:\/\/secure.gravatar.com\/avatar\/ac5001d2a36cb6c6cd3e50789007ffca834b477b74a2144564522e944eabff61?s=96&d=mm&r=g","url":"https:\/\/secure.gravatar.com\/avatar\/ac5001d2a36cb6c6cd3e50789007ffca834b477b74a2144564522e944eabff61?s=96&d=mm&r=g","contentUrl":"https:\/\/secure.gravatar.com\/avatar\/ac5001d2a36cb6c6cd3e50789007ffca834b477b74a2144564522e944eabff61?s=96&d=mm&r=g","caption":"thomas.berner"},"url":"https:\/\/www.organisator.ch\/de\/author\/thomas-berner\/"}]}},"_links":{"self":[{"href":"https:\/\/www.organisator.ch\/de\/wp-json\/wp\/v2\/posts\/6633","targetHints":{"allow":["GET"]}}],"collection":[{"href":"https:\/\/www.organisator.ch\/de\/wp-json\/wp\/v2\/posts"}],"about":[{"href":"https:\/\/www.organisator.ch\/de\/wp-json\/wp\/v2\/types\/post"}],"author":[{"embeddable":true,"href":"https:\/\/www.organisator.ch\/de\/wp-json\/wp\/v2\/users\/4"}],"replies":[{"embeddable":true,"href":"https:\/\/www.organisator.ch\/de\/wp-json\/wp\/v2\/comments?post=6633"}],"version-history":[{"count":0,"href":"https:\/\/www.organisator.ch\/de\/wp-json\/wp\/v2\/posts\/6633\/revisions"}],"wp:featuredmedia":[{"embeddable":true,"href":"https:\/\/www.organisator.ch\/de\/wp-json\/wp\/v2\/media\/6634"}],"wp:attachment":[{"href":"https:\/\/www.organisator.ch\/de\/wp-json\/wp\/v2\/media?parent=6633"}],"wp:term":[{"taxonomy":"category","embeddable":true,"href":"https:\/\/www.organisator.ch\/de\/wp-json\/wp\/v2\/categories?post=6633"},{"taxonomy":"post_tag","embeddable":true,"href":"https:\/\/www.organisator.ch\/de\/wp-json\/wp\/v2\/tags?post=6633"}],"curies":[{"name":"wp","href":"https:\/\/api.w.org\/{rel}","templated":true}]}}