{"id":6647,"date":"2020-04-30T11:25:27","date_gmt":"2020-04-30T09:25:27","guid":{"rendered":"https:\/\/www.organisator.ch\/?p=6647"},"modified":"2020-04-30T11:25:27","modified_gmt":"2020-04-30T09:25:27","slug":"sofortlieferung-von-schutzmasken-fuer-kmu","status":"publish","type":"post","link":"https:\/\/www.organisator.ch\/de\/management\/2020-04-30\/sofortlieferung-von-schutzmasken-fuer-kmu\/","title":{"rendered":"Sofortlieferung von Schutzmasken f\u00fcr KMU"},"content":{"rendered":"<figure id=\"attachment_6648\" aria-describedby=\"caption-attachment-6648\" style=\"width: 680px\" class=\"wp-caption alignnone\"><img loading=\"lazy\" decoding=\"async\" class=\"size-medium wp-image-6648\" src=\"https:\/\/www.organisator.ch\/wp-content\/uploads\/2020\/04\/Sofortlieferung-von-Schutzmasken-fuer-KMU_Organisator.jpg\" alt=\"\" width=\"680\" height=\"453\" srcset=\"https:\/\/www.organisator.ch\/wp-content\/uploads\/2020\/04\/Sofortlieferung-von-Schutzmasken-fuer-KMU_Organisator.jpg 680w, https:\/\/www.organisator.ch\/wp-content\/uploads\/2020\/04\/Sofortlieferung-von-Schutzmasken-fuer-KMU_Organisator-16x12.jpg 16w, https:\/\/www.organisator.ch\/wp-content\/uploads\/2020\/04\/Sofortlieferung-von-Schutzmasken-fuer-KMU_Organisator-263x175.jpg 263w, https:\/\/www.organisator.ch\/wp-content\/uploads\/2020\/04\/Sofortlieferung-von-Schutzmasken-fuer-KMU_Organisator-525x350.jpg 525w, https:\/\/www.organisator.ch\/wp-content\/uploads\/2020\/04\/Sofortlieferung-von-Schutzmasken-fuer-KMU_Organisator-300x200.jpg 300w\" sizes=\"auto, (max-width: 680px) 100vw, 680px\" \/><figcaption id=\"caption-attachment-6648\" class=\"wp-caption-text\">Mit Spezialfahrzeugen werden die 3 Mio. Schutzmasken f\u00fcr\u00a0KMU in der ganzen Schweiz ausgeliefert. M\u00f6glich machen dies die m3 Groupe mit Abdallah Chatila (vorne Mitte), der Onlineh\u00e4ndler deindeal.ch mit CEO Allen Krief (links) sowie die Logistikpartner Sieber Transport mit CEO Christian Sieber (rechts) und Tilmann Schultz (2.v.l.), CEO von dpd. (Bild: Dein Deal AG \/ m3 Groupe)<\/figcaption><\/figure>\n<p>Schutzbekleidung wie Masken, Schutzbrillen und Schutzanz\u00fcge sind immer noch Mangelware. Zahlreiche kleine Unternehmen wie Coiffeurgesch\u00e4fte, G\u00e4rtnereien, Zahn\u00e4rzte, Physiotherapien und viele weitere k\u00f6nnten zwar seit Montag wieder \u00f6ffnen, aber vielen fehlt die daf\u00fcr notwendigen Schutzmasken f\u00fcr Personal und Kunden.<\/p>\n<h2>Schutzmasken f\u00fcr KMU schnell geliefert<\/h2>\n<p>Um die Notsituation zu entsch\u00e4rfen, haben die Onlineplattform Dein Deal und die m3 Groupe die Initiative ergriffen: Letzten Sonntag ist ein Sondertransportflugzeug von SWISS Cargo aus China in Z\u00fcrich Kloten gelandet. An Bord waren drei Millionen Masken speziell f\u00fcr KMU in der Schweiz. Allen Krief, CEO von Dein Deal AG: \u00abWir haben alle Hebel in Bewegung gesetzt, damit die gebeutelten Kleinunternehmen so rasch als m\u00f6glich wieder arbeiten k\u00f6nnen.\u00bb Per sofort k\u00f6nnen KMU auf <a href=\"https:\/\/www.deindeal.ch\/de\/m3sanitrade\">deindeal.ch<\/a> dreilagige Schutzmasken zu 70 Rappen\/ St\u00fcck inkl. Lieferung und MwSt. bestellen. Pro Unternehmen k\u00f6nnen maximal 3\u2019000 St\u00fcck bestellt werden. Die ersten Auslieferungen starten ab Donnerstag, 30. April direkt zu den Kunden. Dank der Zusammenarbeit mit den Distributionspartnern dpd und Sieber sei dies m\u00f6glich, wie allen Krief weiter ausf\u00fchrt.<\/p>\n<h2><strong>Ein logistisches Meisterst\u00fcck <\/strong><\/h2>\n<p>\u00abWir haben sichergestellt, dass seit Beginn der \u00abLuftbr\u00fccke\u00bb, w\u00e4hrend der wir Schutzausr\u00fcstung importieren, Krankenh\u00e4user, Rettungsdienste und Apotheken, aber auch Unternehmen und Privatpersonen vorrangig beliefert werden. Die Firmen m\u00fcssen ihre Kunden und Mitarbeitenden sch\u00fctzen, damit eine R\u00fcckkehr zur Normalit\u00e4t m\u00f6glich wird.\u00bb erl\u00e4utert Abdallah Chatila, Pr\u00e4sident der m3 GROUP. Und er erkl\u00e4rt weiter: \u00abIn unserer Firmengruppe stehen f\u00fcr alle Mitarbeitende 50 Masken pro Person zur Verf\u00fcgung. Damit wollen wir unseren Teil zur wirtschaftlichen Erholung leisten\u00bb.<\/p>\n<p>Dein Deal AG und die m3 Groupe arbeiten rund um die Uhr im Logistikzentrum in Genf, um die bestellten Schutzausr\u00fcstungen zu kontrollieren und auszuliefern. Aufgrund von Engp\u00e4ssen bei der Post und weiteren Zustelldiensten, wurde ein spezielles Vertriebssystem aufgezogen. Dies erm\u00f6glicht es, die nun eingeflogenen drei Millionen Schutzmasken noch in der Bestellwoche direkt an KMU\u2019s in der ganzen Schweiz auszuliefern.<\/p>\n<h2><strong>Weitere Solidarit\u00e4tsaktionen f\u00fcr KMU<\/strong><\/h2>\n<p>Dar\u00fcber hinaus unterst\u00fctzt DeinDeal.ch bereits seit drei Wochen Schweizer Unternehmen durch den Verkauf von Gutscheinen f\u00fcr z.B. f\u00fcr Kosmetik-Behandlungen und medizinische Massagen, Restaurantmen\u00fcs oder Hotelaufenthalte auf seinem Online-Portal. Als Geste der Solidarit\u00e4t bietet Dein Deal AG seinen Partnerunternehmen einen Barvorschuss auf diese Verk\u00e4ufe und \u00fcbernimmt das finanzielle Risiko. Seinen Endkunden garantiert der Online-H\u00e4ndler eine gr\u00f6ssere Sicherheit durch die Verl\u00e4ngerung der G\u00fcltigkeitsdauer der Gutscheine und die M\u00f6glichkeit, diese in Guthaben umzuwandeln, wenn sie nicht genutzt werden konnten.<\/p>\n<p><em>Quelle und weitere Informationen: <a href=\"http:\/\/www.deindeal.ch\">Dein Deal AG<\/a><\/em><\/p>\n","protected":false},"excerpt":{"rendered":"<p>Schutzbekleidung wie Masken, Schutzbrillen und Schutzanz\u00fcge sind immer noch Mangelware. Zahlreiche kleine Unternehmen wie Coiffeurgesch\u00e4fte, G\u00e4rtnereien, Zahn\u00e4rzte, Physiotherapien und viele weitere k\u00f6nnten zwar seit Montag wieder \u00f6ffnen, aber vielen fehlt die daf\u00fcr notwendigen Schutzmasken f\u00fcr Personal und Kunden. Schutzmasken f\u00fcr KMU schnell geliefert Um die Notsituation zu entsch\u00e4rfen, haben die Onlineplattform Dein Deal und die [&hellip;]<\/p>\n","protected":false},"author":4,"featured_media":6648,"comment_status":"closed","ping_status":"closed","sticky":false,"template":"","format":"standard","meta":{"_acf_changed":false,"_yoast_wpseo_focuskw":"Schutzmasken f\u00fcr KMU","_yoast_wpseo_metadesc":"Die Onlineplattform DeinDeal.ch verkauft in Zusammenarbeit mit der m3 Groupe ab sofort drei Millionen Schutzmasken f\u00fcr KMU zu 70 Rappen\/St\u00fcck.","articlekey":"","footnotes":""},"categories":[28],"tags":[77,132,334,393],"class_list":["post-6647","post","type-post","status-publish","format-standard","has-post-thumbnail","hentry","category-management","tag-betriebliches-gesundheitsmanagement","tag-coronavirus","tag-management","tag-produkte"],"acf":[],"yoast_head":"<!-- This site is optimized with the Yoast SEO plugin v27.5 - https:\/\/yoast.com\/product\/yoast-seo-wordpress\/ -->\n<title>Sofortlieferung von Schutzmasken f\u00fcr KMU - Organisator<\/title>\n<meta name=\"description\" content=\"Die Onlineplattform DeinDeal.ch verkauft in Zusammenarbeit mit der m3 Groupe ab sofort drei Millionen Schutzmasken f\u00fcr KMU zu 70 Rappen\/St\u00fcck.\" \/>\n<meta name=\"robots\" content=\"index, follow, max-snippet:-1, max-image-preview:large, max-video-preview:-1\" \/>\n<link rel=\"canonical\" href=\"https:\/\/www.organisator.ch\/de\/management\/2020-04-30\/sofortlieferung-von-schutzmasken-fuer-kmu\/\" \/>\n<meta property=\"og:locale\" content=\"de_DE\" \/>\n<meta property=\"og:type\" content=\"article\" \/>\n<meta property=\"og:title\" content=\"Sofortlieferung von Schutzmasken f\u00fcr KMU\" \/>\n<meta property=\"og:description\" content=\"Die Onlineplattform DeinDeal.ch verkauft in Zusammenarbeit mit der m3 Groupe ab sofort drei Millionen Schutzmasken f\u00fcr KMU zu 70 Rappen\/St\u00fcck.\" \/>\n<meta property=\"og:url\" content=\"https:\/\/www.organisator.ch\/de\/management\/2020-04-30\/sofortlieferung-von-schutzmasken-fuer-kmu\/\" \/>\n<meta property=\"og:site_name\" content=\"Organisator\" \/>\n<meta property=\"article:publisher\" content=\"https:\/\/www.facebook.com\/OrganisatorFachmagazin\" \/>\n<meta property=\"article:published_time\" content=\"2020-04-30T09:25:27+00:00\" \/>\n<meta property=\"og:image\" content=\"https:\/\/www.organisator.ch\/wp-content\/uploads\/2020\/04\/Sofortlieferung-von-Schutzmasken-fuer-KMU_Organisator.jpg\" \/>\n\t<meta property=\"og:image:width\" content=\"680\" \/>\n\t<meta property=\"og:image:height\" content=\"453\" \/>\n\t<meta property=\"og:image:type\" content=\"image\/jpeg\" \/>\n<meta name=\"author\" content=\"thomas.berner\" \/>\n<meta name=\"twitter:card\" content=\"summary_large_image\" \/>\n<meta name=\"twitter:title\" content=\"Sofortlieferung von Schutzmasken f\u00fcr KMU\" \/>\n<meta name=\"twitter:description\" content=\"Die Onlineplattform #DeinDeal.ch verkauft in Zusammenarbeit mit der #m3 Groupe ab sofort drei Millionen #Schutzmasken f\u00fcr KMU zu 70 Rappen\/St\u00fcck.\" \/>\n<meta name=\"twitter:image\" content=\"https:\/\/www.organisator.ch\/wp-content\/uploads\/2020\/04\/Sofortlieferung-von-Schutzmasken-fuer-KMU_Organisator.jpg\" \/>\n<script type=\"application\/ld+json\" class=\"yoast-schema-graph\">{\"@context\":\"https:\\\/\\\/schema.org\",\"@graph\":[{\"@type\":\"Article\",\"@id\":\"https:\\\/\\\/www.organisator.ch\\\/management\\\/2020-04-30\\\/sofortlieferung-von-schutzmasken-fuer-kmu\\\/#article\",\"isPartOf\":{\"@id\":\"https:\\\/\\\/www.organisator.ch\\\/management\\\/2020-04-30\\\/sofortlieferung-von-schutzmasken-fuer-kmu\\\/\"},\"author\":{\"name\":\"thomas.berner\",\"@id\":\"https:\\\/\\\/www.organisator.ch\\\/#\\\/schema\\\/person\\\/6f650f90b2842cd4c0cc334b4e36f67e\"},\"headline\":\"Sofortlieferung von Schutzmasken f\u00fcr KMU\",\"datePublished\":\"2020-04-30T09:25:27+00:00\",\"mainEntityOfPage\":{\"@id\":\"https:\\\/\\\/www.organisator.ch\\\/management\\\/2020-04-30\\\/sofortlieferung-von-schutzmasken-fuer-kmu\\\/\"},\"wordCount\":511,\"publisher\":{\"@id\":\"https:\\\/\\\/www.organisator.ch\\\/#organization\"},\"image\":{\"@id\":\"https:\\\/\\\/www.organisator.ch\\\/management\\\/2020-04-30\\\/sofortlieferung-von-schutzmasken-fuer-kmu\\\/#primaryimage\"},\"thumbnailUrl\":\"https:\\\/\\\/www.organisator.ch\\\/wp-content\\\/uploads\\\/2020\\\/04\\\/Sofortlieferung-von-Schutzmasken-fuer-KMU_Organisator.jpg\",\"keywords\":[\"Betriebliches Gesundheitsmanagement\",\"Coronavirus\",\"Management\",\"Produkte\"],\"articleSection\":[\"MANAGEMENT\"],\"inLanguage\":\"de\"},{\"@type\":\"WebPage\",\"@id\":\"https:\\\/\\\/www.organisator.ch\\\/management\\\/2020-04-30\\\/sofortlieferung-von-schutzmasken-fuer-kmu\\\/\",\"url\":\"https:\\\/\\\/www.organisator.ch\\\/management\\\/2020-04-30\\\/sofortlieferung-von-schutzmasken-fuer-kmu\\\/\",\"name\":\"Sofortlieferung von Schutzmasken f\u00fcr KMU - Organisator\",\"isPartOf\":{\"@id\":\"https:\\\/\\\/www.organisator.ch\\\/#website\"},\"primaryImageOfPage\":{\"@id\":\"https:\\\/\\\/www.organisator.ch\\\/management\\\/2020-04-30\\\/sofortlieferung-von-schutzmasken-fuer-kmu\\\/#primaryimage\"},\"image\":{\"@id\":\"https:\\\/\\\/www.organisator.ch\\\/management\\\/2020-04-30\\\/sofortlieferung-von-schutzmasken-fuer-kmu\\\/#primaryimage\"},\"thumbnailUrl\":\"https:\\\/\\\/www.organisator.ch\\\/wp-content\\\/uploads\\\/2020\\\/04\\\/Sofortlieferung-von-Schutzmasken-fuer-KMU_Organisator.jpg\",\"datePublished\":\"2020-04-30T09:25:27+00:00\",\"description\":\"Die Onlineplattform DeinDeal.ch verkauft in Zusammenarbeit mit der m3 Groupe ab sofort drei Millionen Schutzmasken f\u00fcr KMU zu 70 Rappen\\\/St\u00fcck.\",\"breadcrumb\":{\"@id\":\"https:\\\/\\\/www.organisator.ch\\\/management\\\/2020-04-30\\\/sofortlieferung-von-schutzmasken-fuer-kmu\\\/#breadcrumb\"},\"inLanguage\":\"de\",\"potentialAction\":[{\"@type\":\"ReadAction\",\"target\":[\"https:\\\/\\\/www.organisator.ch\\\/management\\\/2020-04-30\\\/sofortlieferung-von-schutzmasken-fuer-kmu\\\/\"]}]},{\"@type\":\"ImageObject\",\"inLanguage\":\"de\",\"@id\":\"https:\\\/\\\/www.organisator.ch\\\/management\\\/2020-04-30\\\/sofortlieferung-von-schutzmasken-fuer-kmu\\\/#primaryimage\",\"url\":\"https:\\\/\\\/www.organisator.ch\\\/wp-content\\\/uploads\\\/2020\\\/04\\\/Sofortlieferung-von-Schutzmasken-fuer-KMU_Organisator.jpg\",\"contentUrl\":\"https:\\\/\\\/www.organisator.ch\\\/wp-content\\\/uploads\\\/2020\\\/04\\\/Sofortlieferung-von-Schutzmasken-fuer-KMU_Organisator.jpg\",\"width\":680,\"height\":453,\"caption\":\"Mit Spezialfahrzeugen werden die 3 Mio. Schutzmasken (3-lagig) ab Donnerstag, 30. April direkt an KMU in der ganzen Schweiz ausgeliefert. M\u00f6glich machen dies die m3 Groupe mit Abdallah Chatila (vorne Mitte), der Onlineh\u00e4ndler deindeal.ch mit CEO Allen Krief (links) sowie die Logistikpartner Sieber Transport mit CEO Christian Sieber (rechts) und Tilmann Schultz (2.v.l.), CEO von dpd. (Bild: Dein Deal AG \\\/ m3 Groupe)\"},{\"@type\":\"BreadcrumbList\",\"@id\":\"https:\\\/\\\/www.organisator.ch\\\/management\\\/2020-04-30\\\/sofortlieferung-von-schutzmasken-fuer-kmu\\\/#breadcrumb\",\"itemListElement\":[{\"@type\":\"ListItem\",\"position\":1,\"name\":\"Home\",\"item\":\"https:\\\/\\\/www.organisator.ch\\\/\"},{\"@type\":\"ListItem\",\"position\":2,\"name\":\"Sofortlieferung von Schutzmasken f\u00fcr KMU\"}]},{\"@type\":\"WebSite\",\"@id\":\"https:\\\/\\\/www.organisator.ch\\\/#website\",\"url\":\"https:\\\/\\\/www.organisator.ch\\\/\",\"name\":\"Organisator\",\"description\":\"Kompetent. Praxisnah. Der ORGANISATOR bereitet in 10 Ausgaben pro Jahr die wesentlichen Themen f\u00fcr F\u00fchrungskr\u00e4fte von KMU auf.\",\"publisher\":{\"@id\":\"https:\\\/\\\/www.organisator.ch\\\/#organization\"},\"potentialAction\":[{\"@type\":\"SearchAction\",\"target\":{\"@type\":\"EntryPoint\",\"urlTemplate\":\"https:\\\/\\\/www.organisator.ch\\\/?s={search_term_string}\"},\"query-input\":{\"@type\":\"PropertyValueSpecification\",\"valueRequired\":true,\"valueName\":\"search_term_string\"}}],\"inLanguage\":\"de\"},{\"@type\":\"Organization\",\"@id\":\"https:\\\/\\\/www.organisator.ch\\\/#organization\",\"name\":\"Organisator\",\"url\":\"https:\\\/\\\/www.organisator.ch\\\/\",\"logo\":{\"@type\":\"ImageObject\",\"inLanguage\":\"de\",\"@id\":\"https:\\\/\\\/www.organisator.ch\\\/#\\\/schema\\\/logo\\\/image\\\/\",\"url\":\"https:\\\/\\\/www.organisator.ch\\\/wp-content\\\/uploads\\\/2022\\\/01\\\/Logo_Organisator_Website.png\",\"contentUrl\":\"https:\\\/\\\/www.organisator.ch\\\/wp-content\\\/uploads\\\/2022\\\/01\\\/Logo_Organisator_Website.png\",\"width\":800,\"height\":77,\"caption\":\"Organisator\"},\"image\":{\"@id\":\"https:\\\/\\\/www.organisator.ch\\\/#\\\/schema\\\/logo\\\/image\\\/\"},\"sameAs\":[\"https:\\\/\\\/www.facebook.com\\\/OrganisatorFachmagazin\",\"https:\\\/\\\/www.linkedin.com\\\/showcase\\\/organisator-das-magazin-fr-kmu\",\"https:\\\/\\\/www.xing.com\\\/news\\\/pages\\\/organisator-ch-695\",\"https:\\\/\\\/www.youtube.com\\\/channel\\\/UCGP2Sq0iWaZwT3BdIAQFYpw\"]},{\"@type\":\"Person\",\"@id\":\"https:\\\/\\\/www.organisator.ch\\\/#\\\/schema\\\/person\\\/6f650f90b2842cd4c0cc334b4e36f67e\",\"name\":\"thomas.berner\",\"image\":{\"@type\":\"ImageObject\",\"inLanguage\":\"de\",\"@id\":\"https:\\\/\\\/secure.gravatar.com\\\/avatar\\\/ac5001d2a36cb6c6cd3e50789007ffca834b477b74a2144564522e944eabff61?s=96&d=mm&r=g\",\"url\":\"https:\\\/\\\/secure.gravatar.com\\\/avatar\\\/ac5001d2a36cb6c6cd3e50789007ffca834b477b74a2144564522e944eabff61?s=96&d=mm&r=g\",\"contentUrl\":\"https:\\\/\\\/secure.gravatar.com\\\/avatar\\\/ac5001d2a36cb6c6cd3e50789007ffca834b477b74a2144564522e944eabff61?s=96&d=mm&r=g\",\"caption\":\"thomas.berner\"},\"url\":\"https:\\\/\\\/www.organisator.ch\\\/de\\\/author\\\/thomas-berner\\\/\"}]}<\/script>\n<!-- \/ Yoast SEO plugin. -->","yoast_head_json":{"title":"Sofortlieferung von Schutzmasken f\u00fcr KMU - Organisator","description":"Die Onlineplattform DeinDeal.ch verkauft in Zusammenarbeit mit der m3 Groupe ab sofort drei Millionen Schutzmasken f\u00fcr KMU zu 70 Rappen\/St\u00fcck.","robots":{"index":"index","follow":"follow","max-snippet":"max-snippet:-1","max-image-preview":"max-image-preview:large","max-video-preview":"max-video-preview:-1"},"canonical":"https:\/\/www.organisator.ch\/de\/management\/2020-04-30\/sofortlieferung-von-schutzmasken-fuer-kmu\/","og_locale":"de_DE","og_type":"article","og_title":"Sofortlieferung von Schutzmasken f\u00fcr KMU","og_description":"Die Onlineplattform DeinDeal.ch verkauft in Zusammenarbeit mit der m3 Groupe ab sofort drei Millionen Schutzmasken f\u00fcr KMU zu 70 Rappen\/St\u00fcck.","og_url":"https:\/\/www.organisator.ch\/de\/management\/2020-04-30\/sofortlieferung-von-schutzmasken-fuer-kmu\/","og_site_name":"Organisator","article_publisher":"https:\/\/www.facebook.com\/OrganisatorFachmagazin","article_published_time":"2020-04-30T09:25:27+00:00","og_image":[{"width":680,"height":453,"url":"https:\/\/www.organisator.ch\/wp-content\/uploads\/2020\/04\/Sofortlieferung-von-Schutzmasken-fuer-KMU_Organisator.jpg","type":"image\/jpeg"}],"author":"thomas.berner","twitter_card":"summary_large_image","twitter_title":"Sofortlieferung von Schutzmasken f\u00fcr KMU","twitter_description":"Die Onlineplattform #DeinDeal.ch verkauft in Zusammenarbeit mit der #m3 Groupe ab sofort drei Millionen #Schutzmasken f\u00fcr KMU zu 70 Rappen\/St\u00fcck.","twitter_image":"https:\/\/www.organisator.ch\/wp-content\/uploads\/2020\/04\/Sofortlieferung-von-Schutzmasken-fuer-KMU_Organisator.jpg","schema":{"@context":"https:\/\/schema.org","@graph":[{"@type":"Article","@id":"https:\/\/www.organisator.ch\/management\/2020-04-30\/sofortlieferung-von-schutzmasken-fuer-kmu\/#article","isPartOf":{"@id":"https:\/\/www.organisator.ch\/management\/2020-04-30\/sofortlieferung-von-schutzmasken-fuer-kmu\/"},"author":{"name":"thomas.berner","@id":"https:\/\/www.organisator.ch\/#\/schema\/person\/6f650f90b2842cd4c0cc334b4e36f67e"},"headline":"Sofortlieferung von Schutzmasken f\u00fcr KMU","datePublished":"2020-04-30T09:25:27+00:00","mainEntityOfPage":{"@id":"https:\/\/www.organisator.ch\/management\/2020-04-30\/sofortlieferung-von-schutzmasken-fuer-kmu\/"},"wordCount":511,"publisher":{"@id":"https:\/\/www.organisator.ch\/#organization"},"image":{"@id":"https:\/\/www.organisator.ch\/management\/2020-04-30\/sofortlieferung-von-schutzmasken-fuer-kmu\/#primaryimage"},"thumbnailUrl":"https:\/\/www.organisator.ch\/wp-content\/uploads\/2020\/04\/Sofortlieferung-von-Schutzmasken-fuer-KMU_Organisator.jpg","keywords":["Betriebliches Gesundheitsmanagement","Coronavirus","Management","Produkte"],"articleSection":["MANAGEMENT"],"inLanguage":"de"},{"@type":"WebPage","@id":"https:\/\/www.organisator.ch\/management\/2020-04-30\/sofortlieferung-von-schutzmasken-fuer-kmu\/","url":"https:\/\/www.organisator.ch\/management\/2020-04-30\/sofortlieferung-von-schutzmasken-fuer-kmu\/","name":"Sofortlieferung von Schutzmasken f\u00fcr KMU - Organisator","isPartOf":{"@id":"https:\/\/www.organisator.ch\/#website"},"primaryImageOfPage":{"@id":"https:\/\/www.organisator.ch\/management\/2020-04-30\/sofortlieferung-von-schutzmasken-fuer-kmu\/#primaryimage"},"image":{"@id":"https:\/\/www.organisator.ch\/management\/2020-04-30\/sofortlieferung-von-schutzmasken-fuer-kmu\/#primaryimage"},"thumbnailUrl":"https:\/\/www.organisator.ch\/wp-content\/uploads\/2020\/04\/Sofortlieferung-von-Schutzmasken-fuer-KMU_Organisator.jpg","datePublished":"2020-04-30T09:25:27+00:00","description":"Die Onlineplattform DeinDeal.ch verkauft in Zusammenarbeit mit der m3 Groupe ab sofort drei Millionen Schutzmasken f\u00fcr KMU zu 70 Rappen\/St\u00fcck.","breadcrumb":{"@id":"https:\/\/www.organisator.ch\/management\/2020-04-30\/sofortlieferung-von-schutzmasken-fuer-kmu\/#breadcrumb"},"inLanguage":"de","potentialAction":[{"@type":"ReadAction","target":["https:\/\/www.organisator.ch\/management\/2020-04-30\/sofortlieferung-von-schutzmasken-fuer-kmu\/"]}]},{"@type":"ImageObject","inLanguage":"de","@id":"https:\/\/www.organisator.ch\/management\/2020-04-30\/sofortlieferung-von-schutzmasken-fuer-kmu\/#primaryimage","url":"https:\/\/www.organisator.ch\/wp-content\/uploads\/2020\/04\/Sofortlieferung-von-Schutzmasken-fuer-KMU_Organisator.jpg","contentUrl":"https:\/\/www.organisator.ch\/wp-content\/uploads\/2020\/04\/Sofortlieferung-von-Schutzmasken-fuer-KMU_Organisator.jpg","width":680,"height":453,"caption":"Mit Spezialfahrzeugen werden die 3 Mio. Schutzmasken (3-lagig) ab Donnerstag, 30. April direkt an KMU in der ganzen Schweiz ausgeliefert. M\u00f6glich machen dies die m3 Groupe mit Abdallah Chatila (vorne Mitte), der Onlineh\u00e4ndler deindeal.ch mit CEO Allen Krief (links) sowie die Logistikpartner Sieber Transport mit CEO Christian Sieber (rechts) und Tilmann Schultz (2.v.l.), CEO von dpd. (Bild: Dein Deal AG \/ m3 Groupe)"},{"@type":"BreadcrumbList","@id":"https:\/\/www.organisator.ch\/management\/2020-04-30\/sofortlieferung-von-schutzmasken-fuer-kmu\/#breadcrumb","itemListElement":[{"@type":"ListItem","position":1,"name":"Home","item":"https:\/\/www.organisator.ch\/"},{"@type":"ListItem","position":2,"name":"Sofortlieferung von Schutzmasken f\u00fcr KMU"}]},{"@type":"WebSite","@id":"https:\/\/www.organisator.ch\/#website","url":"https:\/\/www.organisator.ch\/","name":"Organisator","description":"Kompetent. Praxisnah. Der ORGANISATOR bereitet in 10 Ausgaben pro Jahr die wesentlichen Themen f\u00fcr F\u00fchrungskr\u00e4fte von KMU auf.","publisher":{"@id":"https:\/\/www.organisator.ch\/#organization"},"potentialAction":[{"@type":"SearchAction","target":{"@type":"EntryPoint","urlTemplate":"https:\/\/www.organisator.ch\/?s={search_term_string}"},"query-input":{"@type":"PropertyValueSpecification","valueRequired":true,"valueName":"search_term_string"}}],"inLanguage":"de"},{"@type":"Organization","@id":"https:\/\/www.organisator.ch\/#organization","name":"Organisator","url":"https:\/\/www.organisator.ch\/","logo":{"@type":"ImageObject","inLanguage":"de","@id":"https:\/\/www.organisator.ch\/#\/schema\/logo\/image\/","url":"https:\/\/www.organisator.ch\/wp-content\/uploads\/2022\/01\/Logo_Organisator_Website.png","contentUrl":"https:\/\/www.organisator.ch\/wp-content\/uploads\/2022\/01\/Logo_Organisator_Website.png","width":800,"height":77,"caption":"Organisator"},"image":{"@id":"https:\/\/www.organisator.ch\/#\/schema\/logo\/image\/"},"sameAs":["https:\/\/www.facebook.com\/OrganisatorFachmagazin","https:\/\/www.linkedin.com\/showcase\/organisator-das-magazin-fr-kmu","https:\/\/www.xing.com\/news\/pages\/organisator-ch-695","https:\/\/www.youtube.com\/channel\/UCGP2Sq0iWaZwT3BdIAQFYpw"]},{"@type":"Person","@id":"https:\/\/www.organisator.ch\/#\/schema\/person\/6f650f90b2842cd4c0cc334b4e36f67e","name":"thomas.berner","image":{"@type":"ImageObject","inLanguage":"de","@id":"https:\/\/secure.gravatar.com\/avatar\/ac5001d2a36cb6c6cd3e50789007ffca834b477b74a2144564522e944eabff61?s=96&d=mm&r=g","url":"https:\/\/secure.gravatar.com\/avatar\/ac5001d2a36cb6c6cd3e50789007ffca834b477b74a2144564522e944eabff61?s=96&d=mm&r=g","contentUrl":"https:\/\/secure.gravatar.com\/avatar\/ac5001d2a36cb6c6cd3e50789007ffca834b477b74a2144564522e944eabff61?s=96&d=mm&r=g","caption":"thomas.berner"},"url":"https:\/\/www.organisator.ch\/de\/author\/thomas-berner\/"}]}},"_links":{"self":[{"href":"https:\/\/www.organisator.ch\/de\/wp-json\/wp\/v2\/posts\/6647","targetHints":{"allow":["GET"]}}],"collection":[{"href":"https:\/\/www.organisator.ch\/de\/wp-json\/wp\/v2\/posts"}],"about":[{"href":"https:\/\/www.organisator.ch\/de\/wp-json\/wp\/v2\/types\/post"}],"author":[{"embeddable":true,"href":"https:\/\/www.organisator.ch\/de\/wp-json\/wp\/v2\/users\/4"}],"replies":[{"embeddable":true,"href":"https:\/\/www.organisator.ch\/de\/wp-json\/wp\/v2\/comments?post=6647"}],"version-history":[{"count":0,"href":"https:\/\/www.organisator.ch\/de\/wp-json\/wp\/v2\/posts\/6647\/revisions"}],"wp:featuredmedia":[{"embeddable":true,"href":"https:\/\/www.organisator.ch\/de\/wp-json\/wp\/v2\/media\/6648"}],"wp:attachment":[{"href":"https:\/\/www.organisator.ch\/de\/wp-json\/wp\/v2\/media?parent=6647"}],"wp:term":[{"taxonomy":"category","embeddable":true,"href":"https:\/\/www.organisator.ch\/de\/wp-json\/wp\/v2\/categories?post=6647"},{"taxonomy":"post_tag","embeddable":true,"href":"https:\/\/www.organisator.ch\/de\/wp-json\/wp\/v2\/tags?post=6647"}],"curies":[{"name":"wp","href":"https:\/\/api.w.org\/{rel}","templated":true}]}}