{"id":6662,"date":"2020-05-04T13:56:33","date_gmt":"2020-05-04T11:56:33","guid":{"rendered":"https:\/\/www.organisator.ch\/?p=6662"},"modified":"2020-05-04T13:56:33","modified_gmt":"2020-05-04T11:56:33","slug":"kmu-der-mem-branche-von-corona-mitten-ins-mark-getroffen","status":"publish","type":"post","link":"https:\/\/www.organisator.ch\/de\/management\/2020-05-04\/kmu-der-mem-branche-von-corona-mitten-ins-mark-getroffen\/","title":{"rendered":"KMU der MEM-Branche von Corona mitten ins Mark getroffen"},"content":{"rendered":"<figure id=\"attachment_6664\" aria-describedby=\"caption-attachment-6664\" style=\"width: 680px\" class=\"wp-caption alignnone\"><img loading=\"lazy\" decoding=\"async\" class=\"size-medium wp-image-6664\" src=\"https:\/\/www.organisator.ch\/wp-content\/uploads\/2020\/05\/KMU-der-MEM-Branche-von-Corona-mitten-ins-Mark-getroffen-1_Organisator.jpg\" alt=\"\" width=\"680\" height=\"453\" srcset=\"https:\/\/www.organisator.ch\/wp-content\/uploads\/2020\/05\/KMU-der-MEM-Branche-von-Corona-mitten-ins-Mark-getroffen-1_Organisator.jpg 680w, https:\/\/www.organisator.ch\/wp-content\/uploads\/2020\/05\/KMU-der-MEM-Branche-von-Corona-mitten-ins-Mark-getroffen-1_Organisator-16x12.jpg 16w, https:\/\/www.organisator.ch\/wp-content\/uploads\/2020\/05\/KMU-der-MEM-Branche-von-Corona-mitten-ins-Mark-getroffen-1_Organisator-263x175.jpg 263w, https:\/\/www.organisator.ch\/wp-content\/uploads\/2020\/05\/KMU-der-MEM-Branche-von-Corona-mitten-ins-Mark-getroffen-1_Organisator-525x350.jpg 525w, https:\/\/www.organisator.ch\/wp-content\/uploads\/2020\/05\/KMU-der-MEM-Branche-von-Corona-mitten-ins-Mark-getroffen-1_Organisator-300x200.jpg 300w\" sizes=\"auto, (max-width: 680px) 100vw, 680px\" \/><figcaption id=\"caption-attachment-6664\" class=\"wp-caption-text\">Die Auswirkungen der Corona-Krise trifft KMU der MEM-Branche stark, wie eine Unternehmensbefragung von Swissmechanic zeigt. (Bild: Pixabay.com)<\/figcaption><\/figure>\n<p>Eine aktuelle Umfrage von BAK Economics und dem Verband Swissmechanic, an der sich mehr als 400 Unternehmen beteiligt haben, zeigt auf, wie stark KMU der MEM-Branche von der Corona-Krise betroffen sind. Trotz zum Teil dramatischen Entwicklungen zeigen sich aber die meisten Unternehmen zuversichtlich, die Krise erfolgreich meistern zu k\u00f6nnen.<\/p>\n<h2>KMU der MEM-Branche besonders stark betroffen<\/h2>\n<p>Die Schweizer MEM-Industrie geh\u00f6rt zu jenen Branchen, die von den negativen Folgen der Corona-Pandemie besonders stark betroffen sind. Bereits 2019 kam es zu einer Verlangsamung des Wachstums. Der unvermeidbare zyklische Abschwung wurde hierbei verst\u00e4rkt durch eine von politischen Unsicherheiten zus\u00e4tzlich hervorgerufene Investitionszur\u00fcckhaltung. Die Aufwertung des Frankens stellte die MEM-Industrie vor weitere Probleme. Die Corona-Krise trifft die MEM-Industrie also in einer ohnehin schwierigen Phase.<\/p>\n<p>Eine zwischen dem 6. und 24. April durchgef\u00fchrte Unternehmensbefragung von BAK Economics und Swissmechanic beleuchtet die unmittelbaren Auswirkungen der Corona-Krise auf die KMU-Branche in der MEM-Industrie sowie die Massnahmen, welche die Unternehmen als Reaktion auf die Krisensituation ergriffen haben.<\/p>\n<h2>Corona-Pandemie trifft KMU auf der Angebots- und Nachfrageseite<\/h2>\n<p>Im gesamten ersten Quartal haben sich Auftragseingang und Umsatz bei der Mehrzahl der Unternehmen nochmals verschlechtert. Im Zuge der Pandemie kam es dann bei fast jedem zweiten Unternehmen (45%) zu Stornierungen von Auftr\u00e4gen. Auf der Angebotsseite macht sich die Corona-Krise bei 42 Prozent der Unternehmen in Form von Unterbr\u00fcchen in der Lieferkette bei der Beschaffung von Rohstoffen und Halbfabrikaten bemerkbar. Ausserdem berichtet jedes vierte Unternehmen von Absenzen in der Belegschaft aufgrund von Krankheit, Quarant\u00e4ne oder Betreuungsverpflichtungen.<\/p>\n<h2>KMU der MEM-Branche reagieren mit Kosteneinsparungen<\/h2>\n<p>Die finanziellen Auswirkungen der Krise sind gem\u00e4ss der Umfrage von Swissmechanic bereits deutlich zu erkennen. Rund ein Drittel der Unternehmen (35%) berichte von Liquidit\u00e4tsproblemen. Etwa jedes dritte KMU (34%) habe einen staatlichen \u00dcberbr\u00fcckungskredit beantragt, so weitere Umfrage-Ergebnisse. Als wichtigste staatliche Unterst\u00fctzung ist die Kurzarbeitsentsch\u00e4digung zu nennen. Zwei von drei KMU haben Kurzarbeit angemeldet. Die Unternehmen reagieren ihrerseits mit Kosteneinsparungen: 16 Prozent nahmen Entlassungen vor, 72 Prozent haben sich einen Einstellungsstopp verordnet, 68 Prozent reagieren mit einem Investitionsstopp.<\/p>\n<h2>Der Auftragsbestand der KMU hat sich deutlich verschlechtert<\/h2>\n<p>Die Kapazit\u00e4tsauslastung der Unternehmen ist im ersten Quartal deutlich gesunken und betr\u00e4gt durchschnittlich 74 Prozent. Je l\u00e4nger die Konjunkturkrise andauert, desto d\u00fcnner wird die Luft f\u00fcr die KMU. Bei mehr als der H\u00e4lfte der Unternehmen (53%) reicht der Auftragsbestand keinen ganzen Monat mehr. Im Januar waren es noch 41 Prozent. Im Durchschnitt aller befragten Unternehmen liegt der Auftragsbestand aktuell mit 7.6 Wochen unter zwei Monaten.<\/p>\n<figure id=\"attachment_6663\" aria-describedby=\"caption-attachment-6663\" style=\"width: 680px\" class=\"wp-caption alignnone\"><img loading=\"lazy\" decoding=\"async\" class=\"size-medium wp-image-6663\" src=\"https:\/\/www.organisator.ch\/wp-content\/uploads\/2020\/05\/KMU-der-MEM-Branche-von-Corona-mitten-ins-Mark-getroffen-2_Organisator.jpg\" alt=\"\" width=\"680\" height=\"703\" srcset=\"https:\/\/www.organisator.ch\/wp-content\/uploads\/2020\/05\/KMU-der-MEM-Branche-von-Corona-mitten-ins-Mark-getroffen-2_Organisator.jpg 680w, https:\/\/www.organisator.ch\/wp-content\/uploads\/2020\/05\/KMU-der-MEM-Branche-von-Corona-mitten-ins-Mark-getroffen-2_Organisator-12x12.jpg 12w, https:\/\/www.organisator.ch\/wp-content\/uploads\/2020\/05\/KMU-der-MEM-Branche-von-Corona-mitten-ins-Mark-getroffen-2_Organisator-169x175.jpg 169w, https:\/\/www.organisator.ch\/wp-content\/uploads\/2020\/05\/KMU-der-MEM-Branche-von-Corona-mitten-ins-Mark-getroffen-2_Organisator-339x350.jpg 339w, https:\/\/www.organisator.ch\/wp-content\/uploads\/2020\/05\/KMU-der-MEM-Branche-von-Corona-mitten-ins-Mark-getroffen-2_Organisator-300x310.jpg 300w\" sizes=\"auto, (max-width: 680px) 100vw, 680px\" \/><figcaption id=\"caption-attachment-6663\" class=\"wp-caption-text\">Auftragsbest\u00e4nde von KMU der MEM-Branche. (Grafik: Swissmechanic)<\/figcaption><\/figure>\n<h2>Mehrheit der Unternehmen erwartet auch im zweiten Halbjahr 2020 Auftragsverluste<\/h2>\n<p>Nur jedes f\u00fcnfte Unternehmen (21%) geht davon aus, dass die Phase der pandemiebedingten Nachfrageausf\u00e4lle bereits nach drei Monaten \u00fcberstanden sein wird. Die Mehrheit rechnet damit, dass die Durststrecke l\u00e4nger als ein Quartal andauert. Rund 40 Prozent der KMU erwartet 4-6 Monate lang Nachfrageausf\u00e4lle. Fast ein Drittel der Unternehmen (31%) sch\u00e4tzt die Dauer auf 7-12 Monate. Jedes elfte Unternehmen (9%) bef\u00fcrchtet f\u00fcr mehr als 1 Jahr Auftragsverluste. Im Durchschnitt rechnen die Unternehmen etwa bis zum Jahresende 2020 (7.5 Monate) mit Auftragseinbussen.<\/p>\n<h2>Unternehmen sind mehrheitlich zuversichtlich, die Corona-Krise zu meistern<\/h2>\n<p>Die KMU der MEM-Branche sind mehrheitlich zuversichtlich, die Krise zu meistern. Nur eine Minderheit der Unternehmen sieht ihre Existenz akut gef\u00e4hrdet. So berichten 6 Prozent der Unternehmen von einem ernsthaften Konkursrisiko, 2 Prozent aller Unternehmen geben an, dass sie aufgrund der Corona-Krise eine Betriebsschliessung planen bzw. bereits vollzogen haben.<br \/>\nAuch wenn die Krise ohne Konkurswelle \u00fcberstanden wird, werden ihre Auswirkungen noch l\u00e4nger zu sp\u00fcren sein. Manches KMU wird noch l\u00e4nger damit zu k\u00e4mpfen haben, die gestiegene Schuldenlast abzustottern. Der finanzielle Spielraum, die notwendigen Investitionen in die digitale Transformation t\u00e4tigen zu k\u00f6nnen, ist mit der Corona-Krise noch enger geworden. Das k\u00f6nnte sich langfristig negativ auf das Wachstumspotenzial der Branche auswirken.<\/p>\n<p><em>Quelle und weitere Informationen: <a href=\"http:\/\/www.swissmechanic.ch\">Swissmechanic<\/a><\/em><\/p>\n","protected":false},"excerpt":{"rendered":"<p>Eine aktuelle Umfrage von BAK Economics und dem Verband Swissmechanic, an der sich mehr als 400 Unternehmen beteiligt haben, zeigt auf, wie stark KMU der MEM-Branche von der Corona-Krise betroffen sind. Trotz zum Teil dramatischen Entwicklungen zeigen sich aber die meisten Unternehmen zuversichtlich, die Krise erfolgreich meistern zu k\u00f6nnen. KMU der MEM-Branche besonders stark betroffen [&hellip;]<\/p>\n","protected":false},"author":4,"featured_media":6664,"comment_status":"closed","ping_status":"closed","sticky":false,"template":"","format":"standard","meta":{"_acf_changed":false,"_yoast_wpseo_focuskw":"KMU der MEM-Branche","_yoast_wpseo_metadesc":"Die KMU der MEM-Branche erleiden einen empfindlichen Nachfrageeinbruch, der sich bereits bei jedem dritten Unternehmen sp\u00fcrbar niederschl\u00e4gt.","articlekey":"","footnotes":""},"categories":[28],"tags":[132,335,459,492],"class_list":["post-6662","post","type-post","status-publish","format-standard","has-post-thumbnail","hentry","category-management","tag-coronavirus","tag-management-und-unternehmensfuehrung","tag-studie","tag-unternehmen"],"acf":[],"yoast_head":"<!-- This site is optimized with the Yoast SEO plugin v27.4 - https:\/\/yoast.com\/product\/yoast-seo-wordpress\/ -->\n<title>KMU der MEM-Branche von Corona mitten ins Mark getroffen - Organisator<\/title>\n<meta name=\"description\" content=\"Die KMU der MEM-Branche erleiden einen empfindlichen Nachfrageeinbruch, der sich bereits bei jedem dritten Unternehmen sp\u00fcrbar niederschl\u00e4gt.\" \/>\n<meta name=\"robots\" content=\"index, follow, max-snippet:-1, max-image-preview:large, max-video-preview:-1\" \/>\n<link rel=\"canonical\" href=\"https:\/\/www.organisator.ch\/de\/management\/2020-05-04\/kmu-der-mem-branche-von-corona-mitten-ins-mark-getroffen\/\" \/>\n<meta property=\"og:locale\" content=\"de_DE\" \/>\n<meta property=\"og:type\" content=\"article\" \/>\n<meta property=\"og:title\" content=\"KMU der MEM-Branche von Corona mitten ins Mark getroffen\" \/>\n<meta property=\"og:description\" content=\"Die KMU der MEM-Branche erleiden einen empfindlichen Nachfrageeinbruch, der sich bereits bei jedem dritten Unternehmen sp\u00fcrbar niederschl\u00e4gt.\" \/>\n<meta property=\"og:url\" content=\"https:\/\/www.organisator.ch\/de\/management\/2020-05-04\/kmu-der-mem-branche-von-corona-mitten-ins-mark-getroffen\/\" \/>\n<meta property=\"og:site_name\" content=\"Organisator\" \/>\n<meta property=\"article:publisher\" content=\"https:\/\/www.facebook.com\/OrganisatorFachmagazin\" \/>\n<meta property=\"article:published_time\" content=\"2020-05-04T11:56:33+00:00\" \/>\n<meta property=\"og:image\" content=\"https:\/\/www.organisator.ch\/wp-content\/uploads\/2020\/05\/KMU-der-MEM-Branche-von-Corona-mitten-ins-Mark-getroffen-1_Organisator.jpg\" \/>\n\t<meta property=\"og:image:width\" content=\"680\" \/>\n\t<meta property=\"og:image:height\" content=\"453\" \/>\n\t<meta property=\"og:image:type\" content=\"image\/jpeg\" \/>\n<meta name=\"author\" content=\"thomas.berner\" \/>\n<meta name=\"twitter:card\" content=\"summary_large_image\" \/>\n<meta name=\"twitter:title\" content=\"KMU der #MEM-Branche von Corona mitten ins Mark getroffen\" \/>\n<meta name=\"twitter:description\" content=\"Die KMU der #MEM-Branche erleiden einen empfindlichen #Nachfrageeinbruch, der sich bereits bei jedem dritten Unternehmen sp\u00fcrbar niederschl\u00e4gt.\" \/>\n<meta name=\"twitter:image\" content=\"https:\/\/www.organisator.ch\/wp-content\/uploads\/2020\/05\/KMU-der-MEM-Branche-von-Corona-mitten-ins-Mark-getroffen-1_Organisator.jpg\" \/>\n<script type=\"application\/ld+json\" class=\"yoast-schema-graph\">{\"@context\":\"https:\\\/\\\/schema.org\",\"@graph\":[{\"@type\":\"Article\",\"@id\":\"https:\\\/\\\/www.organisator.ch\\\/management\\\/2020-05-04\\\/kmu-der-mem-branche-von-corona-mitten-ins-mark-getroffen\\\/#article\",\"isPartOf\":{\"@id\":\"https:\\\/\\\/www.organisator.ch\\\/management\\\/2020-05-04\\\/kmu-der-mem-branche-von-corona-mitten-ins-mark-getroffen\\\/\"},\"author\":{\"name\":\"thomas.berner\",\"@id\":\"https:\\\/\\\/www.organisator.ch\\\/#\\\/schema\\\/person\\\/6f650f90b2842cd4c0cc334b4e36f67e\"},\"headline\":\"KMU der MEM-Branche von Corona mitten ins Mark getroffen\",\"datePublished\":\"2020-05-04T11:56:33+00:00\",\"mainEntityOfPage\":{\"@id\":\"https:\\\/\\\/www.organisator.ch\\\/management\\\/2020-05-04\\\/kmu-der-mem-branche-von-corona-mitten-ins-mark-getroffen\\\/\"},\"wordCount\":668,\"publisher\":{\"@id\":\"https:\\\/\\\/www.organisator.ch\\\/#organization\"},\"image\":{\"@id\":\"https:\\\/\\\/www.organisator.ch\\\/management\\\/2020-05-04\\\/kmu-der-mem-branche-von-corona-mitten-ins-mark-getroffen\\\/#primaryimage\"},\"thumbnailUrl\":\"https:\\\/\\\/www.organisator.ch\\\/wp-content\\\/uploads\\\/2020\\\/05\\\/KMU-der-MEM-Branche-von-Corona-mitten-ins-Mark-getroffen-1_Organisator.jpg\",\"keywords\":[\"Coronavirus\",\"Management und Unternehmensf\u00fchrung\",\"Studie\",\"Unternehmen\"],\"articleSection\":[\"MANAGEMENT\"],\"inLanguage\":\"de\"},{\"@type\":\"WebPage\",\"@id\":\"https:\\\/\\\/www.organisator.ch\\\/management\\\/2020-05-04\\\/kmu-der-mem-branche-von-corona-mitten-ins-mark-getroffen\\\/\",\"url\":\"https:\\\/\\\/www.organisator.ch\\\/management\\\/2020-05-04\\\/kmu-der-mem-branche-von-corona-mitten-ins-mark-getroffen\\\/\",\"name\":\"KMU der MEM-Branche von Corona mitten ins Mark getroffen - Organisator\",\"isPartOf\":{\"@id\":\"https:\\\/\\\/www.organisator.ch\\\/#website\"},\"primaryImageOfPage\":{\"@id\":\"https:\\\/\\\/www.organisator.ch\\\/management\\\/2020-05-04\\\/kmu-der-mem-branche-von-corona-mitten-ins-mark-getroffen\\\/#primaryimage\"},\"image\":{\"@id\":\"https:\\\/\\\/www.organisator.ch\\\/management\\\/2020-05-04\\\/kmu-der-mem-branche-von-corona-mitten-ins-mark-getroffen\\\/#primaryimage\"},\"thumbnailUrl\":\"https:\\\/\\\/www.organisator.ch\\\/wp-content\\\/uploads\\\/2020\\\/05\\\/KMU-der-MEM-Branche-von-Corona-mitten-ins-Mark-getroffen-1_Organisator.jpg\",\"datePublished\":\"2020-05-04T11:56:33+00:00\",\"description\":\"Die KMU der MEM-Branche erleiden einen empfindlichen Nachfrageeinbruch, der sich bereits bei jedem dritten Unternehmen sp\u00fcrbar niederschl\u00e4gt.\",\"breadcrumb\":{\"@id\":\"https:\\\/\\\/www.organisator.ch\\\/management\\\/2020-05-04\\\/kmu-der-mem-branche-von-corona-mitten-ins-mark-getroffen\\\/#breadcrumb\"},\"inLanguage\":\"de\",\"potentialAction\":[{\"@type\":\"ReadAction\",\"target\":[\"https:\\\/\\\/www.organisator.ch\\\/management\\\/2020-05-04\\\/kmu-der-mem-branche-von-corona-mitten-ins-mark-getroffen\\\/\"]}]},{\"@type\":\"ImageObject\",\"inLanguage\":\"de\",\"@id\":\"https:\\\/\\\/www.organisator.ch\\\/management\\\/2020-05-04\\\/kmu-der-mem-branche-von-corona-mitten-ins-mark-getroffen\\\/#primaryimage\",\"url\":\"https:\\\/\\\/www.organisator.ch\\\/wp-content\\\/uploads\\\/2020\\\/05\\\/KMU-der-MEM-Branche-von-Corona-mitten-ins-Mark-getroffen-1_Organisator.jpg\",\"contentUrl\":\"https:\\\/\\\/www.organisator.ch\\\/wp-content\\\/uploads\\\/2020\\\/05\\\/KMU-der-MEM-Branche-von-Corona-mitten-ins-Mark-getroffen-1_Organisator.jpg\",\"width\":680,\"height\":453,\"caption\":\"Die Auswirkungen der Corona-Krise trifft KMU der MEM-Branche stark, wie eine Unternehmensbefragung von Swissmechanic zeigt. (Bild: Pixabay.com)\"},{\"@type\":\"BreadcrumbList\",\"@id\":\"https:\\\/\\\/www.organisator.ch\\\/management\\\/2020-05-04\\\/kmu-der-mem-branche-von-corona-mitten-ins-mark-getroffen\\\/#breadcrumb\",\"itemListElement\":[{\"@type\":\"ListItem\",\"position\":1,\"name\":\"Home\",\"item\":\"https:\\\/\\\/www.organisator.ch\\\/\"},{\"@type\":\"ListItem\",\"position\":2,\"name\":\"KMU der MEM-Branche von Corona mitten ins Mark getroffen\"}]},{\"@type\":\"WebSite\",\"@id\":\"https:\\\/\\\/www.organisator.ch\\\/#website\",\"url\":\"https:\\\/\\\/www.organisator.ch\\\/\",\"name\":\"Organisator\",\"description\":\"Kompetent. Praxisnah. Der ORGANISATOR bereitet in 10 Ausgaben pro Jahr die wesentlichen Themen f\u00fcr F\u00fchrungskr\u00e4fte von KMU auf.\",\"publisher\":{\"@id\":\"https:\\\/\\\/www.organisator.ch\\\/#organization\"},\"potentialAction\":[{\"@type\":\"SearchAction\",\"target\":{\"@type\":\"EntryPoint\",\"urlTemplate\":\"https:\\\/\\\/www.organisator.ch\\\/?s={search_term_string}\"},\"query-input\":{\"@type\":\"PropertyValueSpecification\",\"valueRequired\":true,\"valueName\":\"search_term_string\"}}],\"inLanguage\":\"de\"},{\"@type\":\"Organization\",\"@id\":\"https:\\\/\\\/www.organisator.ch\\\/#organization\",\"name\":\"Organisator\",\"url\":\"https:\\\/\\\/www.organisator.ch\\\/\",\"logo\":{\"@type\":\"ImageObject\",\"inLanguage\":\"de\",\"@id\":\"https:\\\/\\\/www.organisator.ch\\\/#\\\/schema\\\/logo\\\/image\\\/\",\"url\":\"https:\\\/\\\/www.organisator.ch\\\/wp-content\\\/uploads\\\/2022\\\/01\\\/Logo_Organisator_Website.png\",\"contentUrl\":\"https:\\\/\\\/www.organisator.ch\\\/wp-content\\\/uploads\\\/2022\\\/01\\\/Logo_Organisator_Website.png\",\"width\":800,\"height\":77,\"caption\":\"Organisator\"},\"image\":{\"@id\":\"https:\\\/\\\/www.organisator.ch\\\/#\\\/schema\\\/logo\\\/image\\\/\"},\"sameAs\":[\"https:\\\/\\\/www.facebook.com\\\/OrganisatorFachmagazin\",\"https:\\\/\\\/www.linkedin.com\\\/showcase\\\/organisator-das-magazin-fr-kmu\",\"https:\\\/\\\/www.xing.com\\\/news\\\/pages\\\/organisator-ch-695\",\"https:\\\/\\\/www.youtube.com\\\/channel\\\/UCGP2Sq0iWaZwT3BdIAQFYpw\"]},{\"@type\":\"Person\",\"@id\":\"https:\\\/\\\/www.organisator.ch\\\/#\\\/schema\\\/person\\\/6f650f90b2842cd4c0cc334b4e36f67e\",\"name\":\"thomas.berner\",\"image\":{\"@type\":\"ImageObject\",\"inLanguage\":\"de\",\"@id\":\"https:\\\/\\\/secure.gravatar.com\\\/avatar\\\/ac5001d2a36cb6c6cd3e50789007ffca834b477b74a2144564522e944eabff61?s=96&d=mm&r=g\",\"url\":\"https:\\\/\\\/secure.gravatar.com\\\/avatar\\\/ac5001d2a36cb6c6cd3e50789007ffca834b477b74a2144564522e944eabff61?s=96&d=mm&r=g\",\"contentUrl\":\"https:\\\/\\\/secure.gravatar.com\\\/avatar\\\/ac5001d2a36cb6c6cd3e50789007ffca834b477b74a2144564522e944eabff61?s=96&d=mm&r=g\",\"caption\":\"thomas.berner\"},\"url\":\"https:\\\/\\\/www.organisator.ch\\\/de\\\/author\\\/thomas-berner\\\/\"}]}<\/script>\n<!-- \/ Yoast SEO plugin. -->","yoast_head_json":{"title":"KMU der MEM-Branche von Corona mitten ins Mark getroffen - Organisator","description":"Die KMU der MEM-Branche erleiden einen empfindlichen Nachfrageeinbruch, der sich bereits bei jedem dritten Unternehmen sp\u00fcrbar niederschl\u00e4gt.","robots":{"index":"index","follow":"follow","max-snippet":"max-snippet:-1","max-image-preview":"max-image-preview:large","max-video-preview":"max-video-preview:-1"},"canonical":"https:\/\/www.organisator.ch\/de\/management\/2020-05-04\/kmu-der-mem-branche-von-corona-mitten-ins-mark-getroffen\/","og_locale":"de_DE","og_type":"article","og_title":"KMU der MEM-Branche von Corona mitten ins Mark getroffen","og_description":"Die KMU der MEM-Branche erleiden einen empfindlichen Nachfrageeinbruch, der sich bereits bei jedem dritten Unternehmen sp\u00fcrbar niederschl\u00e4gt.","og_url":"https:\/\/www.organisator.ch\/de\/management\/2020-05-04\/kmu-der-mem-branche-von-corona-mitten-ins-mark-getroffen\/","og_site_name":"Organisator","article_publisher":"https:\/\/www.facebook.com\/OrganisatorFachmagazin","article_published_time":"2020-05-04T11:56:33+00:00","og_image":[{"width":680,"height":453,"url":"https:\/\/www.organisator.ch\/wp-content\/uploads\/2020\/05\/KMU-der-MEM-Branche-von-Corona-mitten-ins-Mark-getroffen-1_Organisator.jpg","type":"image\/jpeg"}],"author":"thomas.berner","twitter_card":"summary_large_image","twitter_title":"KMU der #MEM-Branche von Corona mitten ins Mark getroffen","twitter_description":"Die KMU der #MEM-Branche erleiden einen empfindlichen #Nachfrageeinbruch, der sich bereits bei jedem dritten Unternehmen sp\u00fcrbar niederschl\u00e4gt.","twitter_image":"https:\/\/www.organisator.ch\/wp-content\/uploads\/2020\/05\/KMU-der-MEM-Branche-von-Corona-mitten-ins-Mark-getroffen-1_Organisator.jpg","schema":{"@context":"https:\/\/schema.org","@graph":[{"@type":"Article","@id":"https:\/\/www.organisator.ch\/management\/2020-05-04\/kmu-der-mem-branche-von-corona-mitten-ins-mark-getroffen\/#article","isPartOf":{"@id":"https:\/\/www.organisator.ch\/management\/2020-05-04\/kmu-der-mem-branche-von-corona-mitten-ins-mark-getroffen\/"},"author":{"name":"thomas.berner","@id":"https:\/\/www.organisator.ch\/#\/schema\/person\/6f650f90b2842cd4c0cc334b4e36f67e"},"headline":"KMU der MEM-Branche von Corona mitten ins Mark getroffen","datePublished":"2020-05-04T11:56:33+00:00","mainEntityOfPage":{"@id":"https:\/\/www.organisator.ch\/management\/2020-05-04\/kmu-der-mem-branche-von-corona-mitten-ins-mark-getroffen\/"},"wordCount":668,"publisher":{"@id":"https:\/\/www.organisator.ch\/#organization"},"image":{"@id":"https:\/\/www.organisator.ch\/management\/2020-05-04\/kmu-der-mem-branche-von-corona-mitten-ins-mark-getroffen\/#primaryimage"},"thumbnailUrl":"https:\/\/www.organisator.ch\/wp-content\/uploads\/2020\/05\/KMU-der-MEM-Branche-von-Corona-mitten-ins-Mark-getroffen-1_Organisator.jpg","keywords":["Coronavirus","Management und Unternehmensf\u00fchrung","Studie","Unternehmen"],"articleSection":["MANAGEMENT"],"inLanguage":"de"},{"@type":"WebPage","@id":"https:\/\/www.organisator.ch\/management\/2020-05-04\/kmu-der-mem-branche-von-corona-mitten-ins-mark-getroffen\/","url":"https:\/\/www.organisator.ch\/management\/2020-05-04\/kmu-der-mem-branche-von-corona-mitten-ins-mark-getroffen\/","name":"KMU der MEM-Branche von Corona mitten ins Mark getroffen - Organisator","isPartOf":{"@id":"https:\/\/www.organisator.ch\/#website"},"primaryImageOfPage":{"@id":"https:\/\/www.organisator.ch\/management\/2020-05-04\/kmu-der-mem-branche-von-corona-mitten-ins-mark-getroffen\/#primaryimage"},"image":{"@id":"https:\/\/www.organisator.ch\/management\/2020-05-04\/kmu-der-mem-branche-von-corona-mitten-ins-mark-getroffen\/#primaryimage"},"thumbnailUrl":"https:\/\/www.organisator.ch\/wp-content\/uploads\/2020\/05\/KMU-der-MEM-Branche-von-Corona-mitten-ins-Mark-getroffen-1_Organisator.jpg","datePublished":"2020-05-04T11:56:33+00:00","description":"Die KMU der MEM-Branche erleiden einen empfindlichen Nachfrageeinbruch, der sich bereits bei jedem dritten Unternehmen sp\u00fcrbar niederschl\u00e4gt.","breadcrumb":{"@id":"https:\/\/www.organisator.ch\/management\/2020-05-04\/kmu-der-mem-branche-von-corona-mitten-ins-mark-getroffen\/#breadcrumb"},"inLanguage":"de","potentialAction":[{"@type":"ReadAction","target":["https:\/\/www.organisator.ch\/management\/2020-05-04\/kmu-der-mem-branche-von-corona-mitten-ins-mark-getroffen\/"]}]},{"@type":"ImageObject","inLanguage":"de","@id":"https:\/\/www.organisator.ch\/management\/2020-05-04\/kmu-der-mem-branche-von-corona-mitten-ins-mark-getroffen\/#primaryimage","url":"https:\/\/www.organisator.ch\/wp-content\/uploads\/2020\/05\/KMU-der-MEM-Branche-von-Corona-mitten-ins-Mark-getroffen-1_Organisator.jpg","contentUrl":"https:\/\/www.organisator.ch\/wp-content\/uploads\/2020\/05\/KMU-der-MEM-Branche-von-Corona-mitten-ins-Mark-getroffen-1_Organisator.jpg","width":680,"height":453,"caption":"Die Auswirkungen der Corona-Krise trifft KMU der MEM-Branche stark, wie eine Unternehmensbefragung von Swissmechanic zeigt. (Bild: Pixabay.com)"},{"@type":"BreadcrumbList","@id":"https:\/\/www.organisator.ch\/management\/2020-05-04\/kmu-der-mem-branche-von-corona-mitten-ins-mark-getroffen\/#breadcrumb","itemListElement":[{"@type":"ListItem","position":1,"name":"Home","item":"https:\/\/www.organisator.ch\/"},{"@type":"ListItem","position":2,"name":"KMU der MEM-Branche von Corona mitten ins Mark getroffen"}]},{"@type":"WebSite","@id":"https:\/\/www.organisator.ch\/#website","url":"https:\/\/www.organisator.ch\/","name":"Organisator","description":"Kompetent. Praxisnah. Der ORGANISATOR bereitet in 10 Ausgaben pro Jahr die wesentlichen Themen f\u00fcr F\u00fchrungskr\u00e4fte von KMU auf.","publisher":{"@id":"https:\/\/www.organisator.ch\/#organization"},"potentialAction":[{"@type":"SearchAction","target":{"@type":"EntryPoint","urlTemplate":"https:\/\/www.organisator.ch\/?s={search_term_string}"},"query-input":{"@type":"PropertyValueSpecification","valueRequired":true,"valueName":"search_term_string"}}],"inLanguage":"de"},{"@type":"Organization","@id":"https:\/\/www.organisator.ch\/#organization","name":"Organisator","url":"https:\/\/www.organisator.ch\/","logo":{"@type":"ImageObject","inLanguage":"de","@id":"https:\/\/www.organisator.ch\/#\/schema\/logo\/image\/","url":"https:\/\/www.organisator.ch\/wp-content\/uploads\/2022\/01\/Logo_Organisator_Website.png","contentUrl":"https:\/\/www.organisator.ch\/wp-content\/uploads\/2022\/01\/Logo_Organisator_Website.png","width":800,"height":77,"caption":"Organisator"},"image":{"@id":"https:\/\/www.organisator.ch\/#\/schema\/logo\/image\/"},"sameAs":["https:\/\/www.facebook.com\/OrganisatorFachmagazin","https:\/\/www.linkedin.com\/showcase\/organisator-das-magazin-fr-kmu","https:\/\/www.xing.com\/news\/pages\/organisator-ch-695","https:\/\/www.youtube.com\/channel\/UCGP2Sq0iWaZwT3BdIAQFYpw"]},{"@type":"Person","@id":"https:\/\/www.organisator.ch\/#\/schema\/person\/6f650f90b2842cd4c0cc334b4e36f67e","name":"thomas.berner","image":{"@type":"ImageObject","inLanguage":"de","@id":"https:\/\/secure.gravatar.com\/avatar\/ac5001d2a36cb6c6cd3e50789007ffca834b477b74a2144564522e944eabff61?s=96&d=mm&r=g","url":"https:\/\/secure.gravatar.com\/avatar\/ac5001d2a36cb6c6cd3e50789007ffca834b477b74a2144564522e944eabff61?s=96&d=mm&r=g","contentUrl":"https:\/\/secure.gravatar.com\/avatar\/ac5001d2a36cb6c6cd3e50789007ffca834b477b74a2144564522e944eabff61?s=96&d=mm&r=g","caption":"thomas.berner"},"url":"https:\/\/www.organisator.ch\/de\/author\/thomas-berner\/"}]}},"_links":{"self":[{"href":"https:\/\/www.organisator.ch\/de\/wp-json\/wp\/v2\/posts\/6662","targetHints":{"allow":["GET"]}}],"collection":[{"href":"https:\/\/www.organisator.ch\/de\/wp-json\/wp\/v2\/posts"}],"about":[{"href":"https:\/\/www.organisator.ch\/de\/wp-json\/wp\/v2\/types\/post"}],"author":[{"embeddable":true,"href":"https:\/\/www.organisator.ch\/de\/wp-json\/wp\/v2\/users\/4"}],"replies":[{"embeddable":true,"href":"https:\/\/www.organisator.ch\/de\/wp-json\/wp\/v2\/comments?post=6662"}],"version-history":[{"count":0,"href":"https:\/\/www.organisator.ch\/de\/wp-json\/wp\/v2\/posts\/6662\/revisions"}],"wp:featuredmedia":[{"embeddable":true,"href":"https:\/\/www.organisator.ch\/de\/wp-json\/wp\/v2\/media\/6664"}],"wp:attachment":[{"href":"https:\/\/www.organisator.ch\/de\/wp-json\/wp\/v2\/media?parent=6662"}],"wp:term":[{"taxonomy":"category","embeddable":true,"href":"https:\/\/www.organisator.ch\/de\/wp-json\/wp\/v2\/categories?post=6662"},{"taxonomy":"post_tag","embeddable":true,"href":"https:\/\/www.organisator.ch\/de\/wp-json\/wp\/v2\/tags?post=6662"}],"curies":[{"name":"wp","href":"https:\/\/api.w.org\/{rel}","templated":true}]}}