{"id":6669,"date":"2020-05-06T17:08:03","date_gmt":"2020-05-06T15:08:03","guid":{"rendered":"https:\/\/www.organisator.ch\/?p=6669"},"modified":"2020-05-06T17:08:03","modified_gmt":"2020-05-06T15:08:03","slug":"schweizer-kmu-glauben-an-rueckkehr-mit-neuer-staerke","status":"publish","type":"post","link":"https:\/\/www.organisator.ch\/de\/management\/2020-05-06\/schweizer-kmu-glauben-an-rueckkehr-mit-neuer-staerke\/","title":{"rendered":"Schweizer KMU glauben an R\u00fcckkehr mit neuer St\u00e4rke"},"content":{"rendered":"<figure id=\"attachment_6670\" aria-describedby=\"caption-attachment-6670\" style=\"width: 680px\" class=\"wp-caption alignnone\"><img loading=\"lazy\" decoding=\"async\" class=\"size-medium wp-image-6670\" src=\"https:\/\/www.organisator.ch\/wp-content\/uploads\/2020\/05\/Schweizer-KMU-glauben-an-Rueckkehr-mit-neuer-Staerke_Organisator.jpg\" alt=\"\" width=\"680\" height=\"266\" srcset=\"https:\/\/www.organisator.ch\/wp-content\/uploads\/2020\/05\/Schweizer-KMU-glauben-an-Rueckkehr-mit-neuer-Staerke_Organisator.jpg 680w, https:\/\/www.organisator.ch\/wp-content\/uploads\/2020\/05\/Schweizer-KMU-glauben-an-Rueckkehr-mit-neuer-Staerke_Organisator-16x6.jpg 16w, https:\/\/www.organisator.ch\/wp-content\/uploads\/2020\/05\/Schweizer-KMU-glauben-an-Rueckkehr-mit-neuer-Staerke_Organisator-375x147.jpg 375w, https:\/\/www.organisator.ch\/wp-content\/uploads\/2020\/05\/Schweizer-KMU-glauben-an-Rueckkehr-mit-neuer-Staerke_Organisator-300x117.jpg 300w\" sizes=\"auto, (max-width: 680px) 100vw, 680px\" \/><figcaption id=\"caption-attachment-6670\" class=\"wp-caption-text\">So beurteilen Schweizer KMU die Coronakrise. (Grafik: Localsearch)<\/figcaption><\/figure>\n<p>Die Schweizer KMU glauben trotz massiver \u00f6konomischer Verwerfungen nicht an ein wirtschaftliches Armageddon. In einer von <a href=\"https:\/\/www.localsearch.ch\/de\">localsearch (Swisscom Directories AG)<\/a> beauftragten Umfrage unter 200 Deutschschweizer KMU stimmen 68 Prozent der Aussage zu \u00abMein KMU wird nach der Coronakrise zu neuer St\u00e4rke finden\u00bb. Eine Minderheit von 11 Prozent zweifelt an der eigenen wirtschaftlichen \u00dcberlebensf\u00e4higkeit.<\/p>\n<h2>Ein Viertel der Schweizer KMU rechnet mit Konkurswelle<\/h2>\n<p>Eher optimistisch sind die Schweizer KMU nicht nur im Hinblick auf ihre eigene Zukunft in der Post-Corona-\u00c4ra, sie machen sich auch um ihre Branche keine \u00fcberbordenden Sorgen. Fast die H\u00e4lfte (46 Prozent) der Befragten ist \u00fcberzeugt \u00abIn meiner Branche wird es durch Corona nur wenige Konkurse geben\u00bb. Auf der anderen Seite rechnen 27 Prozent der Befragten mit einer Konkurswelle bei ihren Mitbewerbern. Allerdings scheint es f\u00fcr viele Unternehmer zu fr\u00fch zu sein, sich zu dieser Frage eine abschliessende Meinung zu bilden: Jeder vierte Umfrageteilnehmer (27 Prozent) gibt n\u00e4mlich an, das Konkurs-Potenzial der Coronakrise noch nicht absch\u00e4tzen zu k\u00f6nnen.<\/p>\n<h2>Krise als Chance: Jedes f\u00fcnfte KMU sieht f\u00fcr sich grosses Potenzial nach Corona<\/h2>\n<p>Jedes f\u00fcnfte Schweizer KMU sieht die Krise als Chance. \u00abF\u00fcr mein KMU ist die Coronakrise eine Chance\u00bb &#8211; dieser Aussage stimmen 21 Prozent der befragten KMU zu, f\u00fcr 50 Prozent trifft sie nicht zu und 29 Prozent wollen sich in der Beurteilung nicht festlegen. \u00abDie mentale St\u00e4rke und der Optimismus vieler Schweizer KMU beeindrucken mich sehr. Das sind die besten Voraussetzungen f\u00fcr die wirtschaftliche Erholung\u00bb, kommentiert Stefano Santinelli, CEO von localsearch (Swisscom Directories AG) die Einsch\u00e4tzung der KMU.<\/p>\n<h2>Corona beschleunigt Digitalisierung \u2013 viele KMU bleiben dennoch unbeeindruckt<\/h2>\n<p>Ausgel\u00f6st durch die Coronakrise, hat die Bev\u00f6lkerung ihren Alltag mit Onlineshopping, Home-Office, Food-Delivery, Videochats und bargeldlosem Bezahlen stark digitalisiert. Viele KMU l\u00e4sst dieser Trend kalt. 55 Prozent der befragten Firmen geben an, sich wegen des Lockdowns nicht st\u00e4rker f\u00fcr digitale Angebote wie Webshop, Online-Terminbuchungen etc. zu interessieren, als zuvor. Nur eine Minderheit von 23 Prozent bejaht die Aussage \u00abDigitales Marketing ist f\u00fcr uns heute wichtiger als vor der Krise\u00bb.<\/p>\n<p>Stefano Santinelli ist \u00fcberzeugt, dass die Diskrepanz zwischen wachsenden digitalen Anspr\u00fcchen der Konsumenten und einer fehlenden Entsprechung bei vielen KMU mittelfristig f\u00fcr diese Firmen gef\u00e4hrlich werden kann: \u00abDer Konsument richtet sich nicht nach dem Anbieter. Will er online bestellen, dann bestellt er dort, wo er das kann. Die anderen gehen leer aus.\u00bb<\/p>\n<p>&nbsp;<\/p>\n","protected":false},"excerpt":{"rendered":"<p>Die Schweizer KMU glauben trotz massiver \u00f6konomischer Verwerfungen nicht an ein wirtschaftliches Armageddon. In einer von localsearch (Swisscom Directories AG) beauftragten Umfrage unter 200 Deutschschweizer KMU stimmen 68 Prozent der Aussage zu \u00abMein KMU wird nach der Coronakrise zu neuer St\u00e4rke finden\u00bb. Eine Minderheit von 11 Prozent zweifelt an der eigenen wirtschaftlichen \u00dcberlebensf\u00e4higkeit. Ein Viertel [&hellip;]<\/p>\n","protected":false},"author":4,"featured_media":6670,"comment_status":"closed","ping_status":"closed","sticky":false,"template":"","format":"standard","meta":{"_acf_changed":false,"_yoast_wpseo_focuskw":"Schweizer KMU","_yoast_wpseo_metadesc":"Mehr als zwei Drittel der Schweizer KMU sind zuversichtlich, mit neuer St\u00e4rke in die Nach-Corona-Zeit zur\u00fcckkehren zu k\u00f6nnen.","articlekey":"","footnotes":""},"categories":[28],"tags":[132,335,492],"class_list":["post-6669","post","type-post","status-publish","format-standard","has-post-thumbnail","hentry","category-management","tag-coronavirus","tag-management-und-unternehmensfuehrung","tag-unternehmen"],"acf":[],"yoast_head":"<!-- This site is optimized with the Yoast SEO plugin v27.5 - https:\/\/yoast.com\/product\/yoast-seo-wordpress\/ -->\n<title>Schweizer KMU glauben an R\u00fcckkehr mit neuer St\u00e4rke - Organisator<\/title>\n<meta name=\"description\" content=\"Mehr als zwei Drittel der Schweizer KMU sind zuversichtlich, mit neuer St\u00e4rke in die Nach-Corona-Zeit zur\u00fcckkehren zu k\u00f6nnen.\" \/>\n<meta name=\"robots\" content=\"index, follow, max-snippet:-1, max-image-preview:large, max-video-preview:-1\" \/>\n<link rel=\"canonical\" href=\"https:\/\/www.organisator.ch\/de\/management\/2020-05-06\/schweizer-kmu-glauben-an-rueckkehr-mit-neuer-staerke\/\" \/>\n<meta property=\"og:locale\" content=\"de_DE\" \/>\n<meta property=\"og:type\" content=\"article\" \/>\n<meta property=\"og:title\" content=\"Schweizer KMU glauben an R\u00fcckkehr mit neuer St\u00e4rke\" \/>\n<meta property=\"og:description\" content=\"Mehr als zwei Drittel der Schweizer KMU sind zuversichtlich, mit neuer St\u00e4rke in die Nach-Corona-Zeit zur\u00fcckkehren zu k\u00f6nnen.\" \/>\n<meta property=\"og:url\" content=\"https:\/\/www.organisator.ch\/de\/management\/2020-05-06\/schweizer-kmu-glauben-an-rueckkehr-mit-neuer-staerke\/\" \/>\n<meta property=\"og:site_name\" content=\"Organisator\" \/>\n<meta property=\"article:publisher\" content=\"https:\/\/www.facebook.com\/OrganisatorFachmagazin\" \/>\n<meta property=\"article:published_time\" content=\"2020-05-06T15:08:03+00:00\" \/>\n<meta property=\"og:image\" content=\"https:\/\/www.organisator.ch\/wp-content\/uploads\/2020\/05\/Schweizer-KMU-glauben-an-Rueckkehr-mit-neuer-Staerke_Organisator.jpg\" \/>\n\t<meta property=\"og:image:width\" content=\"680\" \/>\n\t<meta property=\"og:image:height\" content=\"266\" \/>\n\t<meta property=\"og:image:type\" content=\"image\/jpeg\" \/>\n<meta name=\"author\" content=\"thomas.berner\" \/>\n<meta name=\"twitter:card\" content=\"summary_large_image\" \/>\n<meta name=\"twitter:title\" content=\"Schweizer #KMU glauben an R\u00fcckkehr mit neuer #St\u00e4rke\" \/>\n<meta name=\"twitter:description\" content=\"Mehr als zwei Drittel der Schweizer #KMU sind zuversichtlich, mit neuer St\u00e4rke in die #Nach-Corona-Zeit zur\u00fcckkehren zu k\u00f6nnen.\" \/>\n<meta name=\"twitter:image\" content=\"https:\/\/www.organisator.ch\/wp-content\/uploads\/2020\/05\/Schweizer-KMU-glauben-an-Rueckkehr-mit-neuer-Staerke_Organisator.jpg\" \/>\n<script type=\"application\/ld+json\" class=\"yoast-schema-graph\">{\"@context\":\"https:\\\/\\\/schema.org\",\"@graph\":[{\"@type\":\"Article\",\"@id\":\"https:\\\/\\\/www.organisator.ch\\\/management\\\/2020-05-06\\\/schweizer-kmu-glauben-an-rueckkehr-mit-neuer-staerke\\\/#article\",\"isPartOf\":{\"@id\":\"https:\\\/\\\/www.organisator.ch\\\/management\\\/2020-05-06\\\/schweizer-kmu-glauben-an-rueckkehr-mit-neuer-staerke\\\/\"},\"author\":{\"name\":\"thomas.berner\",\"@id\":\"https:\\\/\\\/www.organisator.ch\\\/#\\\/schema\\\/person\\\/6f650f90b2842cd4c0cc334b4e36f67e\"},\"headline\":\"Schweizer KMU glauben an R\u00fcckkehr mit neuer St\u00e4rke\",\"datePublished\":\"2020-05-06T15:08:03+00:00\",\"mainEntityOfPage\":{\"@id\":\"https:\\\/\\\/www.organisator.ch\\\/management\\\/2020-05-06\\\/schweizer-kmu-glauben-an-rueckkehr-mit-neuer-staerke\\\/\"},\"wordCount\":420,\"publisher\":{\"@id\":\"https:\\\/\\\/www.organisator.ch\\\/#organization\"},\"image\":{\"@id\":\"https:\\\/\\\/www.organisator.ch\\\/management\\\/2020-05-06\\\/schweizer-kmu-glauben-an-rueckkehr-mit-neuer-staerke\\\/#primaryimage\"},\"thumbnailUrl\":\"https:\\\/\\\/www.organisator.ch\\\/wp-content\\\/uploads\\\/2020\\\/05\\\/Schweizer-KMU-glauben-an-Rueckkehr-mit-neuer-Staerke_Organisator.jpg\",\"keywords\":[\"Coronavirus\",\"Management und Unternehmensf\u00fchrung\",\"Unternehmen\"],\"articleSection\":[\"MANAGEMENT\"],\"inLanguage\":\"de\"},{\"@type\":\"WebPage\",\"@id\":\"https:\\\/\\\/www.organisator.ch\\\/management\\\/2020-05-06\\\/schweizer-kmu-glauben-an-rueckkehr-mit-neuer-staerke\\\/\",\"url\":\"https:\\\/\\\/www.organisator.ch\\\/management\\\/2020-05-06\\\/schweizer-kmu-glauben-an-rueckkehr-mit-neuer-staerke\\\/\",\"name\":\"Schweizer KMU glauben an R\u00fcckkehr mit neuer St\u00e4rke - Organisator\",\"isPartOf\":{\"@id\":\"https:\\\/\\\/www.organisator.ch\\\/#website\"},\"primaryImageOfPage\":{\"@id\":\"https:\\\/\\\/www.organisator.ch\\\/management\\\/2020-05-06\\\/schweizer-kmu-glauben-an-rueckkehr-mit-neuer-staerke\\\/#primaryimage\"},\"image\":{\"@id\":\"https:\\\/\\\/www.organisator.ch\\\/management\\\/2020-05-06\\\/schweizer-kmu-glauben-an-rueckkehr-mit-neuer-staerke\\\/#primaryimage\"},\"thumbnailUrl\":\"https:\\\/\\\/www.organisator.ch\\\/wp-content\\\/uploads\\\/2020\\\/05\\\/Schweizer-KMU-glauben-an-Rueckkehr-mit-neuer-Staerke_Organisator.jpg\",\"datePublished\":\"2020-05-06T15:08:03+00:00\",\"description\":\"Mehr als zwei Drittel der Schweizer KMU sind zuversichtlich, mit neuer St\u00e4rke in die Nach-Corona-Zeit zur\u00fcckkehren zu k\u00f6nnen.\",\"breadcrumb\":{\"@id\":\"https:\\\/\\\/www.organisator.ch\\\/management\\\/2020-05-06\\\/schweizer-kmu-glauben-an-rueckkehr-mit-neuer-staerke\\\/#breadcrumb\"},\"inLanguage\":\"de\",\"potentialAction\":[{\"@type\":\"ReadAction\",\"target\":[\"https:\\\/\\\/www.organisator.ch\\\/management\\\/2020-05-06\\\/schweizer-kmu-glauben-an-rueckkehr-mit-neuer-staerke\\\/\"]}]},{\"@type\":\"ImageObject\",\"inLanguage\":\"de\",\"@id\":\"https:\\\/\\\/www.organisator.ch\\\/management\\\/2020-05-06\\\/schweizer-kmu-glauben-an-rueckkehr-mit-neuer-staerke\\\/#primaryimage\",\"url\":\"https:\\\/\\\/www.organisator.ch\\\/wp-content\\\/uploads\\\/2020\\\/05\\\/Schweizer-KMU-glauben-an-Rueckkehr-mit-neuer-Staerke_Organisator.jpg\",\"contentUrl\":\"https:\\\/\\\/www.organisator.ch\\\/wp-content\\\/uploads\\\/2020\\\/05\\\/Schweizer-KMU-glauben-an-Rueckkehr-mit-neuer-Staerke_Organisator.jpg\",\"width\":680,\"height\":266,\"caption\":\"So beurteilen Schweizer KMU die Coronakrise. (Grafik: Localsearch)\"},{\"@type\":\"BreadcrumbList\",\"@id\":\"https:\\\/\\\/www.organisator.ch\\\/management\\\/2020-05-06\\\/schweizer-kmu-glauben-an-rueckkehr-mit-neuer-staerke\\\/#breadcrumb\",\"itemListElement\":[{\"@type\":\"ListItem\",\"position\":1,\"name\":\"Home\",\"item\":\"https:\\\/\\\/www.organisator.ch\\\/\"},{\"@type\":\"ListItem\",\"position\":2,\"name\":\"Schweizer KMU glauben an R\u00fcckkehr mit neuer St\u00e4rke\"}]},{\"@type\":\"WebSite\",\"@id\":\"https:\\\/\\\/www.organisator.ch\\\/#website\",\"url\":\"https:\\\/\\\/www.organisator.ch\\\/\",\"name\":\"Organisator\",\"description\":\"Kompetent. Praxisnah. Der ORGANISATOR bereitet in 10 Ausgaben pro Jahr die wesentlichen Themen f\u00fcr F\u00fchrungskr\u00e4fte von KMU auf.\",\"publisher\":{\"@id\":\"https:\\\/\\\/www.organisator.ch\\\/#organization\"},\"potentialAction\":[{\"@type\":\"SearchAction\",\"target\":{\"@type\":\"EntryPoint\",\"urlTemplate\":\"https:\\\/\\\/www.organisator.ch\\\/?s={search_term_string}\"},\"query-input\":{\"@type\":\"PropertyValueSpecification\",\"valueRequired\":true,\"valueName\":\"search_term_string\"}}],\"inLanguage\":\"de\"},{\"@type\":\"Organization\",\"@id\":\"https:\\\/\\\/www.organisator.ch\\\/#organization\",\"name\":\"Organisator\",\"url\":\"https:\\\/\\\/www.organisator.ch\\\/\",\"logo\":{\"@type\":\"ImageObject\",\"inLanguage\":\"de\",\"@id\":\"https:\\\/\\\/www.organisator.ch\\\/#\\\/schema\\\/logo\\\/image\\\/\",\"url\":\"https:\\\/\\\/www.organisator.ch\\\/wp-content\\\/uploads\\\/2022\\\/01\\\/Logo_Organisator_Website.png\",\"contentUrl\":\"https:\\\/\\\/www.organisator.ch\\\/wp-content\\\/uploads\\\/2022\\\/01\\\/Logo_Organisator_Website.png\",\"width\":800,\"height\":77,\"caption\":\"Organisator\"},\"image\":{\"@id\":\"https:\\\/\\\/www.organisator.ch\\\/#\\\/schema\\\/logo\\\/image\\\/\"},\"sameAs\":[\"https:\\\/\\\/www.facebook.com\\\/OrganisatorFachmagazin\",\"https:\\\/\\\/www.linkedin.com\\\/showcase\\\/organisator-das-magazin-fr-kmu\",\"https:\\\/\\\/www.xing.com\\\/news\\\/pages\\\/organisator-ch-695\",\"https:\\\/\\\/www.youtube.com\\\/channel\\\/UCGP2Sq0iWaZwT3BdIAQFYpw\"]},{\"@type\":\"Person\",\"@id\":\"https:\\\/\\\/www.organisator.ch\\\/#\\\/schema\\\/person\\\/6f650f90b2842cd4c0cc334b4e36f67e\",\"name\":\"thomas.berner\",\"image\":{\"@type\":\"ImageObject\",\"inLanguage\":\"de\",\"@id\":\"https:\\\/\\\/secure.gravatar.com\\\/avatar\\\/ac5001d2a36cb6c6cd3e50789007ffca834b477b74a2144564522e944eabff61?s=96&d=mm&r=g\",\"url\":\"https:\\\/\\\/secure.gravatar.com\\\/avatar\\\/ac5001d2a36cb6c6cd3e50789007ffca834b477b74a2144564522e944eabff61?s=96&d=mm&r=g\",\"contentUrl\":\"https:\\\/\\\/secure.gravatar.com\\\/avatar\\\/ac5001d2a36cb6c6cd3e50789007ffca834b477b74a2144564522e944eabff61?s=96&d=mm&r=g\",\"caption\":\"thomas.berner\"},\"url\":\"https:\\\/\\\/www.organisator.ch\\\/de\\\/author\\\/thomas-berner\\\/\"}]}<\/script>\n<!-- \/ Yoast SEO plugin. -->","yoast_head_json":{"title":"Schweizer KMU glauben an R\u00fcckkehr mit neuer St\u00e4rke - Organisator","description":"Mehr als zwei Drittel der Schweizer KMU sind zuversichtlich, mit neuer St\u00e4rke in die Nach-Corona-Zeit zur\u00fcckkehren zu k\u00f6nnen.","robots":{"index":"index","follow":"follow","max-snippet":"max-snippet:-1","max-image-preview":"max-image-preview:large","max-video-preview":"max-video-preview:-1"},"canonical":"https:\/\/www.organisator.ch\/de\/management\/2020-05-06\/schweizer-kmu-glauben-an-rueckkehr-mit-neuer-staerke\/","og_locale":"de_DE","og_type":"article","og_title":"Schweizer KMU glauben an R\u00fcckkehr mit neuer St\u00e4rke","og_description":"Mehr als zwei Drittel der Schweizer KMU sind zuversichtlich, mit neuer St\u00e4rke in die Nach-Corona-Zeit zur\u00fcckkehren zu k\u00f6nnen.","og_url":"https:\/\/www.organisator.ch\/de\/management\/2020-05-06\/schweizer-kmu-glauben-an-rueckkehr-mit-neuer-staerke\/","og_site_name":"Organisator","article_publisher":"https:\/\/www.facebook.com\/OrganisatorFachmagazin","article_published_time":"2020-05-06T15:08:03+00:00","og_image":[{"width":680,"height":266,"url":"https:\/\/www.organisator.ch\/wp-content\/uploads\/2020\/05\/Schweizer-KMU-glauben-an-Rueckkehr-mit-neuer-Staerke_Organisator.jpg","type":"image\/jpeg"}],"author":"thomas.berner","twitter_card":"summary_large_image","twitter_title":"Schweizer #KMU glauben an R\u00fcckkehr mit neuer #St\u00e4rke","twitter_description":"Mehr als zwei Drittel der Schweizer #KMU sind zuversichtlich, mit neuer St\u00e4rke in die #Nach-Corona-Zeit zur\u00fcckkehren zu k\u00f6nnen.","twitter_image":"https:\/\/www.organisator.ch\/wp-content\/uploads\/2020\/05\/Schweizer-KMU-glauben-an-Rueckkehr-mit-neuer-Staerke_Organisator.jpg","schema":{"@context":"https:\/\/schema.org","@graph":[{"@type":"Article","@id":"https:\/\/www.organisator.ch\/management\/2020-05-06\/schweizer-kmu-glauben-an-rueckkehr-mit-neuer-staerke\/#article","isPartOf":{"@id":"https:\/\/www.organisator.ch\/management\/2020-05-06\/schweizer-kmu-glauben-an-rueckkehr-mit-neuer-staerke\/"},"author":{"name":"thomas.berner","@id":"https:\/\/www.organisator.ch\/#\/schema\/person\/6f650f90b2842cd4c0cc334b4e36f67e"},"headline":"Schweizer KMU glauben an R\u00fcckkehr mit neuer St\u00e4rke","datePublished":"2020-05-06T15:08:03+00:00","mainEntityOfPage":{"@id":"https:\/\/www.organisator.ch\/management\/2020-05-06\/schweizer-kmu-glauben-an-rueckkehr-mit-neuer-staerke\/"},"wordCount":420,"publisher":{"@id":"https:\/\/www.organisator.ch\/#organization"},"image":{"@id":"https:\/\/www.organisator.ch\/management\/2020-05-06\/schweizer-kmu-glauben-an-rueckkehr-mit-neuer-staerke\/#primaryimage"},"thumbnailUrl":"https:\/\/www.organisator.ch\/wp-content\/uploads\/2020\/05\/Schweizer-KMU-glauben-an-Rueckkehr-mit-neuer-Staerke_Organisator.jpg","keywords":["Coronavirus","Management und Unternehmensf\u00fchrung","Unternehmen"],"articleSection":["MANAGEMENT"],"inLanguage":"de"},{"@type":"WebPage","@id":"https:\/\/www.organisator.ch\/management\/2020-05-06\/schweizer-kmu-glauben-an-rueckkehr-mit-neuer-staerke\/","url":"https:\/\/www.organisator.ch\/management\/2020-05-06\/schweizer-kmu-glauben-an-rueckkehr-mit-neuer-staerke\/","name":"Schweizer KMU glauben an R\u00fcckkehr mit neuer St\u00e4rke - Organisator","isPartOf":{"@id":"https:\/\/www.organisator.ch\/#website"},"primaryImageOfPage":{"@id":"https:\/\/www.organisator.ch\/management\/2020-05-06\/schweizer-kmu-glauben-an-rueckkehr-mit-neuer-staerke\/#primaryimage"},"image":{"@id":"https:\/\/www.organisator.ch\/management\/2020-05-06\/schweizer-kmu-glauben-an-rueckkehr-mit-neuer-staerke\/#primaryimage"},"thumbnailUrl":"https:\/\/www.organisator.ch\/wp-content\/uploads\/2020\/05\/Schweizer-KMU-glauben-an-Rueckkehr-mit-neuer-Staerke_Organisator.jpg","datePublished":"2020-05-06T15:08:03+00:00","description":"Mehr als zwei Drittel der Schweizer KMU sind zuversichtlich, mit neuer St\u00e4rke in die Nach-Corona-Zeit zur\u00fcckkehren zu k\u00f6nnen.","breadcrumb":{"@id":"https:\/\/www.organisator.ch\/management\/2020-05-06\/schweizer-kmu-glauben-an-rueckkehr-mit-neuer-staerke\/#breadcrumb"},"inLanguage":"de","potentialAction":[{"@type":"ReadAction","target":["https:\/\/www.organisator.ch\/management\/2020-05-06\/schweizer-kmu-glauben-an-rueckkehr-mit-neuer-staerke\/"]}]},{"@type":"ImageObject","inLanguage":"de","@id":"https:\/\/www.organisator.ch\/management\/2020-05-06\/schweizer-kmu-glauben-an-rueckkehr-mit-neuer-staerke\/#primaryimage","url":"https:\/\/www.organisator.ch\/wp-content\/uploads\/2020\/05\/Schweizer-KMU-glauben-an-Rueckkehr-mit-neuer-Staerke_Organisator.jpg","contentUrl":"https:\/\/www.organisator.ch\/wp-content\/uploads\/2020\/05\/Schweizer-KMU-glauben-an-Rueckkehr-mit-neuer-Staerke_Organisator.jpg","width":680,"height":266,"caption":"So beurteilen Schweizer KMU die Coronakrise. (Grafik: Localsearch)"},{"@type":"BreadcrumbList","@id":"https:\/\/www.organisator.ch\/management\/2020-05-06\/schweizer-kmu-glauben-an-rueckkehr-mit-neuer-staerke\/#breadcrumb","itemListElement":[{"@type":"ListItem","position":1,"name":"Home","item":"https:\/\/www.organisator.ch\/"},{"@type":"ListItem","position":2,"name":"Schweizer KMU glauben an R\u00fcckkehr mit neuer St\u00e4rke"}]},{"@type":"WebSite","@id":"https:\/\/www.organisator.ch\/#website","url":"https:\/\/www.organisator.ch\/","name":"Organisator","description":"Kompetent. Praxisnah. Der ORGANISATOR bereitet in 10 Ausgaben pro Jahr die wesentlichen Themen f\u00fcr F\u00fchrungskr\u00e4fte von KMU auf.","publisher":{"@id":"https:\/\/www.organisator.ch\/#organization"},"potentialAction":[{"@type":"SearchAction","target":{"@type":"EntryPoint","urlTemplate":"https:\/\/www.organisator.ch\/?s={search_term_string}"},"query-input":{"@type":"PropertyValueSpecification","valueRequired":true,"valueName":"search_term_string"}}],"inLanguage":"de"},{"@type":"Organization","@id":"https:\/\/www.organisator.ch\/#organization","name":"Organisator","url":"https:\/\/www.organisator.ch\/","logo":{"@type":"ImageObject","inLanguage":"de","@id":"https:\/\/www.organisator.ch\/#\/schema\/logo\/image\/","url":"https:\/\/www.organisator.ch\/wp-content\/uploads\/2022\/01\/Logo_Organisator_Website.png","contentUrl":"https:\/\/www.organisator.ch\/wp-content\/uploads\/2022\/01\/Logo_Organisator_Website.png","width":800,"height":77,"caption":"Organisator"},"image":{"@id":"https:\/\/www.organisator.ch\/#\/schema\/logo\/image\/"},"sameAs":["https:\/\/www.facebook.com\/OrganisatorFachmagazin","https:\/\/www.linkedin.com\/showcase\/organisator-das-magazin-fr-kmu","https:\/\/www.xing.com\/news\/pages\/organisator-ch-695","https:\/\/www.youtube.com\/channel\/UCGP2Sq0iWaZwT3BdIAQFYpw"]},{"@type":"Person","@id":"https:\/\/www.organisator.ch\/#\/schema\/person\/6f650f90b2842cd4c0cc334b4e36f67e","name":"thomas.berner","image":{"@type":"ImageObject","inLanguage":"de","@id":"https:\/\/secure.gravatar.com\/avatar\/ac5001d2a36cb6c6cd3e50789007ffca834b477b74a2144564522e944eabff61?s=96&d=mm&r=g","url":"https:\/\/secure.gravatar.com\/avatar\/ac5001d2a36cb6c6cd3e50789007ffca834b477b74a2144564522e944eabff61?s=96&d=mm&r=g","contentUrl":"https:\/\/secure.gravatar.com\/avatar\/ac5001d2a36cb6c6cd3e50789007ffca834b477b74a2144564522e944eabff61?s=96&d=mm&r=g","caption":"thomas.berner"},"url":"https:\/\/www.organisator.ch\/de\/author\/thomas-berner\/"}]}},"_links":{"self":[{"href":"https:\/\/www.organisator.ch\/de\/wp-json\/wp\/v2\/posts\/6669","targetHints":{"allow":["GET"]}}],"collection":[{"href":"https:\/\/www.organisator.ch\/de\/wp-json\/wp\/v2\/posts"}],"about":[{"href":"https:\/\/www.organisator.ch\/de\/wp-json\/wp\/v2\/types\/post"}],"author":[{"embeddable":true,"href":"https:\/\/www.organisator.ch\/de\/wp-json\/wp\/v2\/users\/4"}],"replies":[{"embeddable":true,"href":"https:\/\/www.organisator.ch\/de\/wp-json\/wp\/v2\/comments?post=6669"}],"version-history":[{"count":0,"href":"https:\/\/www.organisator.ch\/de\/wp-json\/wp\/v2\/posts\/6669\/revisions"}],"wp:featuredmedia":[{"embeddable":true,"href":"https:\/\/www.organisator.ch\/de\/wp-json\/wp\/v2\/media\/6670"}],"wp:attachment":[{"href":"https:\/\/www.organisator.ch\/de\/wp-json\/wp\/v2\/media?parent=6669"}],"wp:term":[{"taxonomy":"category","embeddable":true,"href":"https:\/\/www.organisator.ch\/de\/wp-json\/wp\/v2\/categories?post=6669"},{"taxonomy":"post_tag","embeddable":true,"href":"https:\/\/www.organisator.ch\/de\/wp-json\/wp\/v2\/tags?post=6669"}],"curies":[{"name":"wp","href":"https:\/\/api.w.org\/{rel}","templated":true}]}}