{"id":6677,"date":"2020-05-08T09:16:54","date_gmt":"2020-05-08T07:16:54","guid":{"rendered":"https:\/\/www.organisator.ch\/?p=6677"},"modified":"2020-05-08T09:16:54","modified_gmt":"2020-05-08T07:16:54","slug":"haertefaelle-beantragen-kaum-covid-19-kredite","status":"publish","type":"post","link":"https:\/\/www.organisator.ch\/de\/management\/2020-05-08\/haertefaelle-beantragen-kaum-covid-19-kredite\/","title":{"rendered":"H\u00e4rtef\u00e4lle beantragen kaum Covid-19-Kredite"},"content":{"rendered":"<figure id=\"attachment_6678\" aria-describedby=\"caption-attachment-6678\" style=\"width: 680px\" class=\"wp-caption alignnone\"><img loading=\"lazy\" decoding=\"async\" class=\"size-medium wp-image-6678\" src=\"https:\/\/www.organisator.ch\/wp-content\/uploads\/2020\/05\/Haertefaelle-beantragen-kaum-Covid-19-Kredite_Organisator.jpg\" alt=\"\" width=\"680\" height=\"485\" srcset=\"https:\/\/www.organisator.ch\/wp-content\/uploads\/2020\/05\/Haertefaelle-beantragen-kaum-Covid-19-Kredite_Organisator.jpg 680w, https:\/\/www.organisator.ch\/wp-content\/uploads\/2020\/05\/Haertefaelle-beantragen-kaum-Covid-19-Kredite_Organisator-16x12.jpg 16w, https:\/\/www.organisator.ch\/wp-content\/uploads\/2020\/05\/Haertefaelle-beantragen-kaum-Covid-19-Kredite_Organisator-245x175.jpg 245w, https:\/\/www.organisator.ch\/wp-content\/uploads\/2020\/05\/Haertefaelle-beantragen-kaum-Covid-19-Kredite_Organisator-491x350.jpg 491w, https:\/\/www.organisator.ch\/wp-content\/uploads\/2020\/05\/Haertefaelle-beantragen-kaum-Covid-19-Kredite_Organisator-300x214.jpg 300w\" sizes=\"auto, (max-width: 680px) 100vw, 680px\" \/><figcaption id=\"caption-attachment-6678\" class=\"wp-caption-text\">Auch wenn die Bank ja sagen w\u00fcrde: Nicht alle KMU nehmen die Covid-19-Kredite in Anspruch. (Bild: Pixabay.com)<\/figcaption><\/figure>\n<p>Die Corona-Krise stellt KMU in der Schweiz vor existenzielle Herausforderungen. 33 Prozent der KMU haben im April 2020 einen Umsatzr\u00fcckgang von mehr als 75 Prozent hinnehmen m\u00fcssen und 14,4 Prozent rechnen Corona-bedingt in den n\u00e4chsten 6 Monaten mit einem Konkurs. Dies zeigt die zweite <a href=\"https:\/\/gryps.us8.list-manage.com\/track\/click?u=66b2112d1484743c8ab92f576&amp;id=d2da1d995a&amp;e=3a73cb9cf4\">Umfrage von GRYPS Offertenportal<\/a> zu den wirtschaftlichen Auswirkungen der Corona-Krise auf kleinere und mittlere Unternehmen in der Schweiz. Diese wurde am 5. und 6. Mai 2020 online durchgef\u00fchrt, 140 KMU haben daran teilgenommen. Davon sind die meisten kleine Unternehmen mit bis zu 50\u00a0 Mitarbeitern.<\/p>\n<h2>Nur wenige Covid-19-Kredite durch gef\u00e4hrdete KMU<\/h2>\n<p>Auffallend:\u00a0 80 Prozent der befragten KMU, die durch die aktuelle Situation einen Konkurs bef\u00fcrchten, haben keinen Covid-19-\u00dcberbr\u00fcckungskredit beantragt. Die meisten Firmen mit Konkursangst fallen in die Kategorie 1-10 Mitarbeiter und sind in der Dienstleistungs- und Gastrobranche t\u00e4tig. \u00abEs zeigt sich, dass gerade die kleinsten Dienstleister und Gastrofirmen sich nicht in der Lage sehen, einen Kredit zur\u00fcckzubezahlen. Hier wird eine massive Konkurswelle auf uns zurollen\u00bb, sagt Gaby St\u00e4heli, Co-CEO von GRYPS Offertenportal.<\/p>\n<h2>Weitere Resultate in der Umfrage<\/h2>\n<p>Im Vergleich zum Vormonat ist eine leichte Reduktion der Entlassungen zu verzeichnen. W\u00e4hrend im M\u00e4rz noch 15 Prozent Entlassungen geplant oder bereits ausgef\u00fchrt wurden, hat sich im April der Wert auf 12 Prozent reduziert. Insgesamt haben 35 Prozent der befragten KMU\u00a0 einen Kredit beantragt. Davon haben 12 Prozent den \u00dcberbr\u00fcckungskredit bisher aber nicht in Anspruch genommen. 65 Prozent der KMU haben bisher gar keinen \u00dcberbr\u00fcckungskredit beantragt. Und in Sachen Mietzinsreduktionen konnten sich 12.6% auf eine Stundung oder tempor\u00e4re Senkung der Miete einigen, 7.5% planen es noch. Interessanterweise hat die Datenanalyse ergeben, dass sich KMU mit Konkursangst nicht in diesen beiden Kategorien befinden.<\/p>\n<p>Mit gut 55 Prozent glaubt eine Mehrheit der KMU, dass die Krise bis ins Jahr 2021 anhalten und danach anziehen wird. Knapp 27 Prozent halten eine Krise \u00fcber mehrere Jahre f\u00fcr wahrscheinlich. Nur gerade etwas \u00fcber 18 Prozent denken, dass mit der \u00d6ffnung die Wirtschaft schnell auf den Vor-Corona-Stand wachsen wird.<\/p>\n<h2>Home-Office-Erfahrungen bleiben<\/h2>\n<p>21 Prozent der befragten KMU haben Home Office jetzt zum ersten Mal eingef\u00fchrt und wollen dieses in Zukunft den Mitarbeitern weiterhin anbieten. Und eine\u00a0Mehrheit der befragten KMU hat neue Kommunikationsformen wie Online Collaboration und Videoconferencing eingef\u00fchrt. 8 Prozent haben ihr Produktportfolio erg\u00e4nzt und 4 Prozent auf E-Commerce ausgeweitet.<\/p>\n","protected":false},"excerpt":{"rendered":"<p>Die Corona-Krise stellt KMU in der Schweiz vor existenzielle Herausforderungen. 33 Prozent der KMU haben im April 2020 einen Umsatzr\u00fcckgang von mehr als 75 Prozent hinnehmen m\u00fcssen und 14,4 Prozent rechnen Corona-bedingt in den n\u00e4chsten 6 Monaten mit einem Konkurs. Dies zeigt die zweite Umfrage von GRYPS Offertenportal zu den wirtschaftlichen Auswirkungen der Corona-Krise auf [&hellip;]<\/p>\n","protected":false},"author":4,"featured_media":6678,"comment_status":"closed","ping_status":"closed","sticky":false,"template":"","format":"standard","meta":{"_acf_changed":false,"_yoast_wpseo_focuskw":"Covid-19-Kredite","_yoast_wpseo_metadesc":"Eine neue KMU-Umfrage zeigt: 14,4 Prozent rechnen mit einem Konkurs. Dennoch beantragen gerade H\u00e4rtef\u00e4lle keine Covid-19-Kredite.","articlekey":"","footnotes":""},"categories":[28],"tags":[202,487,492,508],"class_list":["post-6677","post","type-post","status-publish","format-standard","has-post-thumbnail","hentry","category-management","tag-finanzenrecht","tag-umfrage","tag-unternehmen","tag-vermischtes"],"acf":[],"yoast_head":"<!-- This site is optimized with the Yoast SEO plugin v27.5 - https:\/\/yoast.com\/product\/yoast-seo-wordpress\/ -->\n<title>H\u00e4rtef\u00e4lle beantragen kaum Covid-19-Kredite - Organisator<\/title>\n<meta name=\"description\" content=\"Eine neue KMU-Umfrage zeigt: 14,4 Prozent rechnen mit einem Konkurs. Dennoch beantragen gerade H\u00e4rtef\u00e4lle keine Covid-19-Kredite.\" \/>\n<meta name=\"robots\" content=\"index, follow, max-snippet:-1, max-image-preview:large, max-video-preview:-1\" \/>\n<link rel=\"canonical\" href=\"https:\/\/www.organisator.ch\/de\/management\/2020-05-08\/haertefaelle-beantragen-kaum-covid-19-kredite\/\" \/>\n<meta property=\"og:locale\" content=\"de_DE\" \/>\n<meta property=\"og:type\" content=\"article\" \/>\n<meta property=\"og:title\" content=\"H\u00e4rtef\u00e4lle beantragen kaum Covid-19-Kredite\" \/>\n<meta property=\"og:description\" content=\"Eine neue KMU-Umfrage zeigt: 14,4 Prozent rechnen mit einem Konkurs. Dennoch beantragen gerade H\u00e4rtef\u00e4lle keine Covid-19-Kredite.\" \/>\n<meta property=\"og:url\" content=\"https:\/\/www.organisator.ch\/de\/management\/2020-05-08\/haertefaelle-beantragen-kaum-covid-19-kredite\/\" \/>\n<meta property=\"og:site_name\" content=\"Organisator\" \/>\n<meta property=\"article:publisher\" content=\"https:\/\/www.facebook.com\/OrganisatorFachmagazin\" \/>\n<meta property=\"article:published_time\" content=\"2020-05-08T07:16:54+00:00\" \/>\n<meta property=\"og:image\" content=\"https:\/\/www.organisator.ch\/wp-content\/uploads\/2020\/05\/Haertefaelle-beantragen-kaum-Covid-19-Kredite_Organisator.jpg\" \/>\n\t<meta property=\"og:image:width\" content=\"680\" \/>\n\t<meta property=\"og:image:height\" content=\"485\" \/>\n\t<meta property=\"og:image:type\" content=\"image\/jpeg\" \/>\n<meta name=\"author\" content=\"thomas.berner\" \/>\n<meta name=\"twitter:card\" content=\"summary_large_image\" \/>\n<meta name=\"twitter:title\" content=\"H\u00e4rtef\u00e4lle beantragen kaum #Covid-19-Kredite\" \/>\n<meta name=\"twitter:description\" content=\"Eine neue #KMU-Umfrage zeigt: 14,4 Prozent rechnen mit einem Konkurs. Dennoch beantragen gerade H\u00e4rtef\u00e4lle keine #Covid-19-Kredite.\" \/>\n<meta name=\"twitter:image\" content=\"https:\/\/www.organisator.ch\/wp-content\/uploads\/2020\/05\/Haertefaelle-beantragen-kaum-Covid-19-Kredite_Organisator.jpg\" \/>\n<script type=\"application\/ld+json\" class=\"yoast-schema-graph\">{\"@context\":\"https:\\\/\\\/schema.org\",\"@graph\":[{\"@type\":\"Article\",\"@id\":\"https:\\\/\\\/www.organisator.ch\\\/management\\\/2020-05-08\\\/haertefaelle-beantragen-kaum-covid-19-kredite\\\/#article\",\"isPartOf\":{\"@id\":\"https:\\\/\\\/www.organisator.ch\\\/management\\\/2020-05-08\\\/haertefaelle-beantragen-kaum-covid-19-kredite\\\/\"},\"author\":{\"name\":\"thomas.berner\",\"@id\":\"https:\\\/\\\/www.organisator.ch\\\/#\\\/schema\\\/person\\\/6f650f90b2842cd4c0cc334b4e36f67e\"},\"headline\":\"H\u00e4rtef\u00e4lle beantragen kaum Covid-19-Kredite\",\"datePublished\":\"2020-05-08T07:16:54+00:00\",\"mainEntityOfPage\":{\"@id\":\"https:\\\/\\\/www.organisator.ch\\\/management\\\/2020-05-08\\\/haertefaelle-beantragen-kaum-covid-19-kredite\\\/\"},\"wordCount\":406,\"publisher\":{\"@id\":\"https:\\\/\\\/www.organisator.ch\\\/#organization\"},\"image\":{\"@id\":\"https:\\\/\\\/www.organisator.ch\\\/management\\\/2020-05-08\\\/haertefaelle-beantragen-kaum-covid-19-kredite\\\/#primaryimage\"},\"thumbnailUrl\":\"https:\\\/\\\/www.organisator.ch\\\/wp-content\\\/uploads\\\/2020\\\/05\\\/Haertefaelle-beantragen-kaum-Covid-19-Kredite_Organisator.jpg\",\"keywords\":[\"Finanzen\\\/Recht\",\"Umfrage\",\"Unternehmen\",\"Vermischtes\"],\"articleSection\":[\"MANAGEMENT\"],\"inLanguage\":\"de\"},{\"@type\":\"WebPage\",\"@id\":\"https:\\\/\\\/www.organisator.ch\\\/management\\\/2020-05-08\\\/haertefaelle-beantragen-kaum-covid-19-kredite\\\/\",\"url\":\"https:\\\/\\\/www.organisator.ch\\\/management\\\/2020-05-08\\\/haertefaelle-beantragen-kaum-covid-19-kredite\\\/\",\"name\":\"H\u00e4rtef\u00e4lle beantragen kaum Covid-19-Kredite - Organisator\",\"isPartOf\":{\"@id\":\"https:\\\/\\\/www.organisator.ch\\\/#website\"},\"primaryImageOfPage\":{\"@id\":\"https:\\\/\\\/www.organisator.ch\\\/management\\\/2020-05-08\\\/haertefaelle-beantragen-kaum-covid-19-kredite\\\/#primaryimage\"},\"image\":{\"@id\":\"https:\\\/\\\/www.organisator.ch\\\/management\\\/2020-05-08\\\/haertefaelle-beantragen-kaum-covid-19-kredite\\\/#primaryimage\"},\"thumbnailUrl\":\"https:\\\/\\\/www.organisator.ch\\\/wp-content\\\/uploads\\\/2020\\\/05\\\/Haertefaelle-beantragen-kaum-Covid-19-Kredite_Organisator.jpg\",\"datePublished\":\"2020-05-08T07:16:54+00:00\",\"description\":\"Eine neue KMU-Umfrage zeigt: 14,4 Prozent rechnen mit einem Konkurs. Dennoch beantragen gerade H\u00e4rtef\u00e4lle keine Covid-19-Kredite.\",\"breadcrumb\":{\"@id\":\"https:\\\/\\\/www.organisator.ch\\\/management\\\/2020-05-08\\\/haertefaelle-beantragen-kaum-covid-19-kredite\\\/#breadcrumb\"},\"inLanguage\":\"de\",\"potentialAction\":[{\"@type\":\"ReadAction\",\"target\":[\"https:\\\/\\\/www.organisator.ch\\\/management\\\/2020-05-08\\\/haertefaelle-beantragen-kaum-covid-19-kredite\\\/\"]}]},{\"@type\":\"ImageObject\",\"inLanguage\":\"de\",\"@id\":\"https:\\\/\\\/www.organisator.ch\\\/management\\\/2020-05-08\\\/haertefaelle-beantragen-kaum-covid-19-kredite\\\/#primaryimage\",\"url\":\"https:\\\/\\\/www.organisator.ch\\\/wp-content\\\/uploads\\\/2020\\\/05\\\/Haertefaelle-beantragen-kaum-Covid-19-Kredite_Organisator.jpg\",\"contentUrl\":\"https:\\\/\\\/www.organisator.ch\\\/wp-content\\\/uploads\\\/2020\\\/05\\\/Haertefaelle-beantragen-kaum-Covid-19-Kredite_Organisator.jpg\",\"width\":680,\"height\":485,\"caption\":\"Auch wenn die Bank ja sagen w\u00fcrde: Nicht alle KMU nehmen die Covid-19-Kredite in Anspruch. (Bild: Pixabay.com)\"},{\"@type\":\"BreadcrumbList\",\"@id\":\"https:\\\/\\\/www.organisator.ch\\\/management\\\/2020-05-08\\\/haertefaelle-beantragen-kaum-covid-19-kredite\\\/#breadcrumb\",\"itemListElement\":[{\"@type\":\"ListItem\",\"position\":1,\"name\":\"Home\",\"item\":\"https:\\\/\\\/www.organisator.ch\\\/\"},{\"@type\":\"ListItem\",\"position\":2,\"name\":\"H\u00e4rtef\u00e4lle beantragen kaum Covid-19-Kredite\"}]},{\"@type\":\"WebSite\",\"@id\":\"https:\\\/\\\/www.organisator.ch\\\/#website\",\"url\":\"https:\\\/\\\/www.organisator.ch\\\/\",\"name\":\"Organisator\",\"description\":\"Kompetent. Praxisnah. Der ORGANISATOR bereitet in 10 Ausgaben pro Jahr die wesentlichen Themen f\u00fcr F\u00fchrungskr\u00e4fte von KMU auf.\",\"publisher\":{\"@id\":\"https:\\\/\\\/www.organisator.ch\\\/#organization\"},\"potentialAction\":[{\"@type\":\"SearchAction\",\"target\":{\"@type\":\"EntryPoint\",\"urlTemplate\":\"https:\\\/\\\/www.organisator.ch\\\/?s={search_term_string}\"},\"query-input\":{\"@type\":\"PropertyValueSpecification\",\"valueRequired\":true,\"valueName\":\"search_term_string\"}}],\"inLanguage\":\"de\"},{\"@type\":\"Organization\",\"@id\":\"https:\\\/\\\/www.organisator.ch\\\/#organization\",\"name\":\"Organisator\",\"url\":\"https:\\\/\\\/www.organisator.ch\\\/\",\"logo\":{\"@type\":\"ImageObject\",\"inLanguage\":\"de\",\"@id\":\"https:\\\/\\\/www.organisator.ch\\\/#\\\/schema\\\/logo\\\/image\\\/\",\"url\":\"https:\\\/\\\/www.organisator.ch\\\/wp-content\\\/uploads\\\/2022\\\/01\\\/Logo_Organisator_Website.png\",\"contentUrl\":\"https:\\\/\\\/www.organisator.ch\\\/wp-content\\\/uploads\\\/2022\\\/01\\\/Logo_Organisator_Website.png\",\"width\":800,\"height\":77,\"caption\":\"Organisator\"},\"image\":{\"@id\":\"https:\\\/\\\/www.organisator.ch\\\/#\\\/schema\\\/logo\\\/image\\\/\"},\"sameAs\":[\"https:\\\/\\\/www.facebook.com\\\/OrganisatorFachmagazin\",\"https:\\\/\\\/www.linkedin.com\\\/showcase\\\/organisator-das-magazin-fr-kmu\",\"https:\\\/\\\/www.xing.com\\\/news\\\/pages\\\/organisator-ch-695\",\"https:\\\/\\\/www.youtube.com\\\/channel\\\/UCGP2Sq0iWaZwT3BdIAQFYpw\"]},{\"@type\":\"Person\",\"@id\":\"https:\\\/\\\/www.organisator.ch\\\/#\\\/schema\\\/person\\\/6f650f90b2842cd4c0cc334b4e36f67e\",\"name\":\"thomas.berner\",\"image\":{\"@type\":\"ImageObject\",\"inLanguage\":\"de\",\"@id\":\"https:\\\/\\\/secure.gravatar.com\\\/avatar\\\/ac5001d2a36cb6c6cd3e50789007ffca834b477b74a2144564522e944eabff61?s=96&d=mm&r=g\",\"url\":\"https:\\\/\\\/secure.gravatar.com\\\/avatar\\\/ac5001d2a36cb6c6cd3e50789007ffca834b477b74a2144564522e944eabff61?s=96&d=mm&r=g\",\"contentUrl\":\"https:\\\/\\\/secure.gravatar.com\\\/avatar\\\/ac5001d2a36cb6c6cd3e50789007ffca834b477b74a2144564522e944eabff61?s=96&d=mm&r=g\",\"caption\":\"thomas.berner\"},\"url\":\"https:\\\/\\\/www.organisator.ch\\\/de\\\/author\\\/thomas-berner\\\/\"}]}<\/script>\n<!-- \/ Yoast SEO plugin. -->","yoast_head_json":{"title":"H\u00e4rtef\u00e4lle beantragen kaum Covid-19-Kredite - Organisator","description":"Eine neue KMU-Umfrage zeigt: 14,4 Prozent rechnen mit einem Konkurs. Dennoch beantragen gerade H\u00e4rtef\u00e4lle keine Covid-19-Kredite.","robots":{"index":"index","follow":"follow","max-snippet":"max-snippet:-1","max-image-preview":"max-image-preview:large","max-video-preview":"max-video-preview:-1"},"canonical":"https:\/\/www.organisator.ch\/de\/management\/2020-05-08\/haertefaelle-beantragen-kaum-covid-19-kredite\/","og_locale":"de_DE","og_type":"article","og_title":"H\u00e4rtef\u00e4lle beantragen kaum Covid-19-Kredite","og_description":"Eine neue KMU-Umfrage zeigt: 14,4 Prozent rechnen mit einem Konkurs. Dennoch beantragen gerade H\u00e4rtef\u00e4lle keine Covid-19-Kredite.","og_url":"https:\/\/www.organisator.ch\/de\/management\/2020-05-08\/haertefaelle-beantragen-kaum-covid-19-kredite\/","og_site_name":"Organisator","article_publisher":"https:\/\/www.facebook.com\/OrganisatorFachmagazin","article_published_time":"2020-05-08T07:16:54+00:00","og_image":[{"width":680,"height":485,"url":"https:\/\/www.organisator.ch\/wp-content\/uploads\/2020\/05\/Haertefaelle-beantragen-kaum-Covid-19-Kredite_Organisator.jpg","type":"image\/jpeg"}],"author":"thomas.berner","twitter_card":"summary_large_image","twitter_title":"H\u00e4rtef\u00e4lle beantragen kaum #Covid-19-Kredite","twitter_description":"Eine neue #KMU-Umfrage zeigt: 14,4 Prozent rechnen mit einem Konkurs. Dennoch beantragen gerade H\u00e4rtef\u00e4lle keine #Covid-19-Kredite.","twitter_image":"https:\/\/www.organisator.ch\/wp-content\/uploads\/2020\/05\/Haertefaelle-beantragen-kaum-Covid-19-Kredite_Organisator.jpg","schema":{"@context":"https:\/\/schema.org","@graph":[{"@type":"Article","@id":"https:\/\/www.organisator.ch\/management\/2020-05-08\/haertefaelle-beantragen-kaum-covid-19-kredite\/#article","isPartOf":{"@id":"https:\/\/www.organisator.ch\/management\/2020-05-08\/haertefaelle-beantragen-kaum-covid-19-kredite\/"},"author":{"name":"thomas.berner","@id":"https:\/\/www.organisator.ch\/#\/schema\/person\/6f650f90b2842cd4c0cc334b4e36f67e"},"headline":"H\u00e4rtef\u00e4lle beantragen kaum Covid-19-Kredite","datePublished":"2020-05-08T07:16:54+00:00","mainEntityOfPage":{"@id":"https:\/\/www.organisator.ch\/management\/2020-05-08\/haertefaelle-beantragen-kaum-covid-19-kredite\/"},"wordCount":406,"publisher":{"@id":"https:\/\/www.organisator.ch\/#organization"},"image":{"@id":"https:\/\/www.organisator.ch\/management\/2020-05-08\/haertefaelle-beantragen-kaum-covid-19-kredite\/#primaryimage"},"thumbnailUrl":"https:\/\/www.organisator.ch\/wp-content\/uploads\/2020\/05\/Haertefaelle-beantragen-kaum-Covid-19-Kredite_Organisator.jpg","keywords":["Finanzen\/Recht","Umfrage","Unternehmen","Vermischtes"],"articleSection":["MANAGEMENT"],"inLanguage":"de"},{"@type":"WebPage","@id":"https:\/\/www.organisator.ch\/management\/2020-05-08\/haertefaelle-beantragen-kaum-covid-19-kredite\/","url":"https:\/\/www.organisator.ch\/management\/2020-05-08\/haertefaelle-beantragen-kaum-covid-19-kredite\/","name":"H\u00e4rtef\u00e4lle beantragen kaum Covid-19-Kredite - Organisator","isPartOf":{"@id":"https:\/\/www.organisator.ch\/#website"},"primaryImageOfPage":{"@id":"https:\/\/www.organisator.ch\/management\/2020-05-08\/haertefaelle-beantragen-kaum-covid-19-kredite\/#primaryimage"},"image":{"@id":"https:\/\/www.organisator.ch\/management\/2020-05-08\/haertefaelle-beantragen-kaum-covid-19-kredite\/#primaryimage"},"thumbnailUrl":"https:\/\/www.organisator.ch\/wp-content\/uploads\/2020\/05\/Haertefaelle-beantragen-kaum-Covid-19-Kredite_Organisator.jpg","datePublished":"2020-05-08T07:16:54+00:00","description":"Eine neue KMU-Umfrage zeigt: 14,4 Prozent rechnen mit einem Konkurs. Dennoch beantragen gerade H\u00e4rtef\u00e4lle keine Covid-19-Kredite.","breadcrumb":{"@id":"https:\/\/www.organisator.ch\/management\/2020-05-08\/haertefaelle-beantragen-kaum-covid-19-kredite\/#breadcrumb"},"inLanguage":"de","potentialAction":[{"@type":"ReadAction","target":["https:\/\/www.organisator.ch\/management\/2020-05-08\/haertefaelle-beantragen-kaum-covid-19-kredite\/"]}]},{"@type":"ImageObject","inLanguage":"de","@id":"https:\/\/www.organisator.ch\/management\/2020-05-08\/haertefaelle-beantragen-kaum-covid-19-kredite\/#primaryimage","url":"https:\/\/www.organisator.ch\/wp-content\/uploads\/2020\/05\/Haertefaelle-beantragen-kaum-Covid-19-Kredite_Organisator.jpg","contentUrl":"https:\/\/www.organisator.ch\/wp-content\/uploads\/2020\/05\/Haertefaelle-beantragen-kaum-Covid-19-Kredite_Organisator.jpg","width":680,"height":485,"caption":"Auch wenn die Bank ja sagen w\u00fcrde: Nicht alle KMU nehmen die Covid-19-Kredite in Anspruch. (Bild: Pixabay.com)"},{"@type":"BreadcrumbList","@id":"https:\/\/www.organisator.ch\/management\/2020-05-08\/haertefaelle-beantragen-kaum-covid-19-kredite\/#breadcrumb","itemListElement":[{"@type":"ListItem","position":1,"name":"Home","item":"https:\/\/www.organisator.ch\/"},{"@type":"ListItem","position":2,"name":"H\u00e4rtef\u00e4lle beantragen kaum Covid-19-Kredite"}]},{"@type":"WebSite","@id":"https:\/\/www.organisator.ch\/#website","url":"https:\/\/www.organisator.ch\/","name":"Organisator","description":"Kompetent. Praxisnah. Der ORGANISATOR bereitet in 10 Ausgaben pro Jahr die wesentlichen Themen f\u00fcr F\u00fchrungskr\u00e4fte von KMU auf.","publisher":{"@id":"https:\/\/www.organisator.ch\/#organization"},"potentialAction":[{"@type":"SearchAction","target":{"@type":"EntryPoint","urlTemplate":"https:\/\/www.organisator.ch\/?s={search_term_string}"},"query-input":{"@type":"PropertyValueSpecification","valueRequired":true,"valueName":"search_term_string"}}],"inLanguage":"de"},{"@type":"Organization","@id":"https:\/\/www.organisator.ch\/#organization","name":"Organisator","url":"https:\/\/www.organisator.ch\/","logo":{"@type":"ImageObject","inLanguage":"de","@id":"https:\/\/www.organisator.ch\/#\/schema\/logo\/image\/","url":"https:\/\/www.organisator.ch\/wp-content\/uploads\/2022\/01\/Logo_Organisator_Website.png","contentUrl":"https:\/\/www.organisator.ch\/wp-content\/uploads\/2022\/01\/Logo_Organisator_Website.png","width":800,"height":77,"caption":"Organisator"},"image":{"@id":"https:\/\/www.organisator.ch\/#\/schema\/logo\/image\/"},"sameAs":["https:\/\/www.facebook.com\/OrganisatorFachmagazin","https:\/\/www.linkedin.com\/showcase\/organisator-das-magazin-fr-kmu","https:\/\/www.xing.com\/news\/pages\/organisator-ch-695","https:\/\/www.youtube.com\/channel\/UCGP2Sq0iWaZwT3BdIAQFYpw"]},{"@type":"Person","@id":"https:\/\/www.organisator.ch\/#\/schema\/person\/6f650f90b2842cd4c0cc334b4e36f67e","name":"thomas.berner","image":{"@type":"ImageObject","inLanguage":"de","@id":"https:\/\/secure.gravatar.com\/avatar\/ac5001d2a36cb6c6cd3e50789007ffca834b477b74a2144564522e944eabff61?s=96&d=mm&r=g","url":"https:\/\/secure.gravatar.com\/avatar\/ac5001d2a36cb6c6cd3e50789007ffca834b477b74a2144564522e944eabff61?s=96&d=mm&r=g","contentUrl":"https:\/\/secure.gravatar.com\/avatar\/ac5001d2a36cb6c6cd3e50789007ffca834b477b74a2144564522e944eabff61?s=96&d=mm&r=g","caption":"thomas.berner"},"url":"https:\/\/www.organisator.ch\/de\/author\/thomas-berner\/"}]}},"_links":{"self":[{"href":"https:\/\/www.organisator.ch\/de\/wp-json\/wp\/v2\/posts\/6677","targetHints":{"allow":["GET"]}}],"collection":[{"href":"https:\/\/www.organisator.ch\/de\/wp-json\/wp\/v2\/posts"}],"about":[{"href":"https:\/\/www.organisator.ch\/de\/wp-json\/wp\/v2\/types\/post"}],"author":[{"embeddable":true,"href":"https:\/\/www.organisator.ch\/de\/wp-json\/wp\/v2\/users\/4"}],"replies":[{"embeddable":true,"href":"https:\/\/www.organisator.ch\/de\/wp-json\/wp\/v2\/comments?post=6677"}],"version-history":[{"count":0,"href":"https:\/\/www.organisator.ch\/de\/wp-json\/wp\/v2\/posts\/6677\/revisions"}],"wp:featuredmedia":[{"embeddable":true,"href":"https:\/\/www.organisator.ch\/de\/wp-json\/wp\/v2\/media\/6678"}],"wp:attachment":[{"href":"https:\/\/www.organisator.ch\/de\/wp-json\/wp\/v2\/media?parent=6677"}],"wp:term":[{"taxonomy":"category","embeddable":true,"href":"https:\/\/www.organisator.ch\/de\/wp-json\/wp\/v2\/categories?post=6677"},{"taxonomy":"post_tag","embeddable":true,"href":"https:\/\/www.organisator.ch\/de\/wp-json\/wp\/v2\/tags?post=6677"}],"curies":[{"name":"wp","href":"https:\/\/api.w.org\/{rel}","templated":true}]}}