{"id":6695,"date":"2020-05-14T08:20:59","date_gmt":"2020-05-14T06:20:59","guid":{"rendered":"https:\/\/www.organisator.ch\/?p=6695"},"modified":"2020-05-14T08:20:59","modified_gmt":"2020-05-14T06:20:59","slug":"fuehrende-personaldienstleister-wollen-gemeinsam-auswirkungen-des-coronavirus-eindaemmen","status":"publish","type":"post","link":"https:\/\/www.organisator.ch\/de\/human-resources\/hrm\/2020-05-14\/fuehrende-personaldienstleister-wollen-gemeinsam-auswirkungen-des-coronavirus-eindaemmen\/","title":{"rendered":"F\u00fchrende Personaldienstleister wollen gemeinsam Auswirkungen des Coronavirus eind\u00e4mmen"},"content":{"rendered":"<figure id=\"attachment_6696\" aria-describedby=\"caption-attachment-6696\" style=\"width: 680px\" class=\"wp-caption alignnone\"><img loading=\"lazy\" decoding=\"async\" class=\"size-medium wp-image-6696\" src=\"https:\/\/www.organisator.ch\/wp-content\/uploads\/2020\/05\/Fuehrende-Personaldienstleister-wollen-gemeinsam-Auswirkungen-des-Coronavirus-eindaemmen1_Organisator.jpg\" alt=\"\" width=\"680\" height=\"501\" srcset=\"https:\/\/www.organisator.ch\/wp-content\/uploads\/2020\/05\/Fuehrende-Personaldienstleister-wollen-gemeinsam-Auswirkungen-des-Coronavirus-eindaemmen1_Organisator.jpg 680w, https:\/\/www.organisator.ch\/wp-content\/uploads\/2020\/05\/Fuehrende-Personaldienstleister-wollen-gemeinsam-Auswirkungen-des-Coronavirus-eindaemmen1_Organisator-16x12.jpg 16w, https:\/\/www.organisator.ch\/wp-content\/uploads\/2020\/05\/Fuehrende-Personaldienstleister-wollen-gemeinsam-Auswirkungen-des-Coronavirus-eindaemmen1_Organisator-238x175.jpg 238w, https:\/\/www.organisator.ch\/wp-content\/uploads\/2020\/05\/Fuehrende-Personaldienstleister-wollen-gemeinsam-Auswirkungen-des-Coronavirus-eindaemmen1_Organisator-475x350.jpg 475w, https:\/\/www.organisator.ch\/wp-content\/uploads\/2020\/05\/Fuehrende-Personaldienstleister-wollen-gemeinsam-Auswirkungen-des-Coronavirus-eindaemmen1_Organisator-300x221.jpg 300w\" sizes=\"auto, (max-width: 680px) 100vw, 680px\" \/><figcaption id=\"caption-attachment-6696\" class=\"wp-caption-text\">F\u00fchrende Personaldienstleister bilden eine Allianz, um Unternehmen zu helfen, ihre Mitarbeitenden wieder sicher an ihre Arbeitspl\u00e4tze zur\u00fcckzuf\u00fchren. (Bild: Randstad\/Adecco\/Manpower)<\/figcaption><\/figure>\n<p dir=\"ltr\">Sicher zur\u00fcck an die Arbeit in der neuen Normalit\u00e4t: Das wollen derzeit wohl die meisten von uns. Dies sehen auch drei der weltweit f\u00fchrenden Personaldienstleister Randstad, Adecco und Manpower so und spannen zu diesem Zweck in einer Allianz zusammen. Ziel dieser Zusammenarbeit ist es, die negativen Auswirkungen der Corona-Pandemie auf die Wirtschaft so gering zu halten wie m\u00f6glich.<\/p>\n<h2 dir=\"ltr\">Strategien und Szenarien f\u00fcr eine sichere R\u00fcckkehr an den Arbeitsplatz<\/h2>\n<p dir=\"ltr\">Um die Unternehmen darin zu unterst\u00fctzen, ihre Mitarbeitenden sicher an ihre Arbeitspl\u00e4tze zur\u00fcckzuf\u00fchren, hat das B\u00fcndnis Strategien und Szenarien entwickelt und diese in einem<a href=\"https:\/\/www.randstad.ch\/workforce360\/safely-back-to-work-positioning-paper_de.pdf\" target=\"_blank\" rel=\"noopener noreferrer\"> Grundsatzpapier<\/a> ver\u00f6ffentlicht. Gesch\u00e4fts-, Personal- und Arbeitskonzepte m\u00fcssen der neuen Realit\u00e4t angepasst werden. Daf\u00fcr braucht es Know-how, Expertise und ein hohes Mass an Flexibilit\u00e4t. Eigenschaften, \u00fcber welche die Personaldienstleister als weltweit gr\u00f6sster Arbeitgeber erwiesenermassen verf\u00fcgen. \u00abWir kennen den Arbeitsmarkt und die branchenspezifischen Anforderungen an Gesundheit und Sicherheit. Damit sind wir ein idealer Partner, um Unternehmen auf dem Weg zur wirtschaftlichen Erneuerung zu unterst\u00fctzen. Und k\u00f6nnen so einer langen und schmerzhaften Rezession entgegenwirken\u00bb, sagt Taco de Vries, CEO Randstad Schweiz.<\/p>\n<h2 dir=\"ltr\">Hilfreicher Leitfaden f\u00fcr Unternehmen<\/h2>\n<p dir=\"ltr\">Die Allianz der drei grossen HR-Unternehmen hat eine globale und umfassende<a href=\"https:\/\/www.randstad.ch\/a-practical-guide-to-a-safe-restart.pdf\" target=\"_blank\" rel=\"noopener noreferrer\"> Sammlung<\/a> von konkreten Anleitungen und Massnahmen erstellt, die erfolgreich in Unternehmen umgesetzt wurden. Dieser Leitfaden bietet praktische und innovative Ans\u00e4tze zur Arbeitsorganisation und Personalplanung f\u00fcr die Neubelebung der Wirtschaft. Je rascher sich Unternehmen und Arbeitnehmende anpassen und an die neue Realit\u00e4t gew\u00f6hnen, desto geringer werden die wirtschaftlichen Auswirkungen sein.<\/p>\n<figure id=\"attachment_6697\" aria-describedby=\"caption-attachment-6697\" style=\"width: 680px\" class=\"wp-caption alignnone\"><img loading=\"lazy\" decoding=\"async\" class=\"size-medium wp-image-6697\" src=\"https:\/\/www.organisator.ch\/wp-content\/uploads\/2020\/05\/Fuehrende-Personaldienstleister-wollen-gemeinsam-Auswirkungen-des-Coronavirus-eindaemmen2_Organisator.jpg\" alt=\"\" width=\"680\" height=\"325\" srcset=\"https:\/\/www.organisator.ch\/wp-content\/uploads\/2020\/05\/Fuehrende-Personaldienstleister-wollen-gemeinsam-Auswirkungen-des-Coronavirus-eindaemmen2_Organisator.jpg 680w, https:\/\/www.organisator.ch\/wp-content\/uploads\/2020\/05\/Fuehrende-Personaldienstleister-wollen-gemeinsam-Auswirkungen-des-Coronavirus-eindaemmen2_Organisator-16x8.jpg 16w, https:\/\/www.organisator.ch\/wp-content\/uploads\/2020\/05\/Fuehrende-Personaldienstleister-wollen-gemeinsam-Auswirkungen-des-Coronavirus-eindaemmen2_Organisator-366x175.jpg 366w, https:\/\/www.organisator.ch\/wp-content\/uploads\/2020\/05\/Fuehrende-Personaldienstleister-wollen-gemeinsam-Auswirkungen-des-Coronavirus-eindaemmen2_Organisator-300x143.jpg 300w\" sizes=\"auto, (max-width: 680px) 100vw, 680px\" \/><figcaption id=\"caption-attachment-6697\" class=\"wp-caption-text\">Beispiel aus dem <a href=\"https:\/\/www.randstad.ch\/workforce360\/safely-back-to-work-positioning-paper_de.pdf\">Positionspapier<\/a>: F\u00fcr die Bestimmung von Risiko-Stufen und die richtige Strategie unter besonderen Umst\u00e4nden, kann eine adaptierte Variante der Hierarchy of Controls der NIOSH (National Institute for Occupational Safety and Health) angewendet werden. (Grafik: Randstad\/Adecco\/Manpower)<\/figcaption><\/figure>\n<h2 dir=\"ltr\">Personaldienstleister laden zur Zusammenarbeit ein<\/h2>\n<p dir=\"ltr\">Die Allianz l\u00e4dt Arbeitgeber, Gewerkschaften und Nichtregierungsorganisationen zur Zusammenarbeit ein. Gleichzeitig wendet sie sich an die Regierungen, damit sie diese Bem\u00fchungen unterst\u00fctzen, anregen und f\u00f6rdern. Auch andere Interessengruppen sind aufgerufen, ebenfalls ihre Kr\u00e4fte zu b\u00fcndeln. So k\u00f6nnen Unternehmen und Arbeitnehmende auf sichere und produktive Weise an ihren Arbeitsplatz zur\u00fcckkehren.<\/p>\n","protected":false},"excerpt":{"rendered":"<p>Sicher zur\u00fcck an die Arbeit in der neuen Normalit\u00e4t: Das wollen derzeit wohl die meisten von uns. Dies sehen auch drei der weltweit f\u00fchrenden Personaldienstleister Randstad, Adecco und Manpower so und spannen zu diesem Zweck in einer Allianz zusammen. Ziel dieser Zusammenarbeit ist es, die negativen Auswirkungen der Corona-Pandemie auf die Wirtschaft so gering zu [&hellip;]<\/p>\n","protected":false},"author":4,"featured_media":6696,"comment_status":"closed","ping_status":"closed","sticky":false,"template":"","format":"standard","meta":{"_acf_changed":false,"_yoast_wpseo_focuskw":"Personaldienstleister","_yoast_wpseo_metadesc":"Die drei Personaldienstleister, Randstad, die Adecco Gruppe und Manpower, b\u00fcndeln ihr Wissen und ihre Kraft in einem nicht-kommerziellen B\u00fcndnis.","articlekey":"","footnotes":""},"categories":[26],"tags":[51,132,254,335,407],"class_list":["post-6695","post","type-post","status-publish","format-standard","has-post-thumbnail","hentry","category-hrm","tag-arbeitsplatzgestaltung","tag-coronavirus","tag-hrm","tag-management-und-unternehmensfuehrung","tag-recruiting"],"acf":[],"yoast_head":"<!-- This site is optimized with the Yoast SEO plugin v27.4 - https:\/\/yoast.com\/product\/yoast-seo-wordpress\/ -->\n<title>F\u00fchrende Personaldienstleister wollen gemeinsam Auswirkungen des Coronavirus eind\u00e4mmen - Organisator<\/title>\n<meta name=\"description\" content=\"Die drei Personaldienstleister, Randstad, die Adecco Gruppe und Manpower, b\u00fcndeln ihr Wissen und ihre Kraft in einem nicht-kommerziellen B\u00fcndnis.\" \/>\n<meta name=\"robots\" content=\"index, follow, max-snippet:-1, max-image-preview:large, max-video-preview:-1\" \/>\n<link rel=\"canonical\" href=\"https:\/\/www.organisator.ch\/de\/human-resources\/hrm\/2020-05-14\/fuehrende-personaldienstleister-wollen-gemeinsam-auswirkungen-des-coronavirus-eindaemmen\/\" \/>\n<meta property=\"og:locale\" content=\"de_DE\" \/>\n<meta property=\"og:type\" content=\"article\" \/>\n<meta property=\"og:title\" content=\"F\u00fchrende Personaldienstleister wollen gemeinsam Auswirkungen des Coronavirus eind\u00e4mmen\" \/>\n<meta property=\"og:description\" content=\"Die drei Personaldienstleister, Randstad, die Adecco Gruppe und Manpower, b\u00fcndeln ihr Wissen und ihre Kraft in einem nicht-kommerziellen B\u00fcndnis.\" \/>\n<meta property=\"og:url\" content=\"https:\/\/www.organisator.ch\/de\/human-resources\/hrm\/2020-05-14\/fuehrende-personaldienstleister-wollen-gemeinsam-auswirkungen-des-coronavirus-eindaemmen\/\" \/>\n<meta property=\"og:site_name\" content=\"Organisator\" \/>\n<meta property=\"article:publisher\" content=\"https:\/\/www.facebook.com\/OrganisatorFachmagazin\" \/>\n<meta property=\"article:published_time\" content=\"2020-05-14T06:20:59+00:00\" \/>\n<meta property=\"og:image\" content=\"https:\/\/www.organisator.ch\/wp-content\/uploads\/2020\/05\/Fuehrende-Personaldienstleister-wollen-gemeinsam-Auswirkungen-des-Coronavirus-eindaemmen1_Organisator.jpg\" \/>\n\t<meta property=\"og:image:width\" content=\"680\" \/>\n\t<meta property=\"og:image:height\" content=\"501\" \/>\n\t<meta property=\"og:image:type\" content=\"image\/jpeg\" \/>\n<meta name=\"author\" content=\"thomas.berner\" \/>\n<meta name=\"twitter:card\" content=\"summary_large_image\" \/>\n<meta name=\"twitter:title\" content=\"F\u00fchrende #Personaldienstleister wollen gemeinsam Auswirkungen des #Coronavirus eind\u00e4mmen\" \/>\n<meta name=\"twitter:description\" content=\"Die drei Personaldienstleister, Randstad, die Adecco Gruppe und Manpower, b\u00fcndeln ihr Wissen und ihre Kraft in einem nicht-kommerziellen B\u00fcndnis.\" \/>\n<meta name=\"twitter:image\" content=\"https:\/\/www.organisator.ch\/wp-content\/uploads\/2020\/05\/Fuehrende-Personaldienstleister-wollen-gemeinsam-Auswirkungen-des-Coronavirus-eindaemmen1_Organisator.jpg\" \/>\n<script type=\"application\/ld+json\" class=\"yoast-schema-graph\">{\"@context\":\"https:\\\/\\\/schema.org\",\"@graph\":[{\"@type\":\"Article\",\"@id\":\"https:\\\/\\\/www.organisator.ch\\\/human-resources\\\/hrm\\\/2020-05-14\\\/fuehrende-personaldienstleister-wollen-gemeinsam-auswirkungen-des-coronavirus-eindaemmen\\\/#article\",\"isPartOf\":{\"@id\":\"https:\\\/\\\/www.organisator.ch\\\/human-resources\\\/hrm\\\/2020-05-14\\\/fuehrende-personaldienstleister-wollen-gemeinsam-auswirkungen-des-coronavirus-eindaemmen\\\/\"},\"author\":{\"name\":\"thomas.berner\",\"@id\":\"https:\\\/\\\/www.organisator.ch\\\/#\\\/schema\\\/person\\\/6f650f90b2842cd4c0cc334b4e36f67e\"},\"headline\":\"F\u00fchrende Personaldienstleister wollen gemeinsam Auswirkungen des Coronavirus eind\u00e4mmen\",\"datePublished\":\"2020-05-14T06:20:59+00:00\",\"mainEntityOfPage\":{\"@id\":\"https:\\\/\\\/www.organisator.ch\\\/human-resources\\\/hrm\\\/2020-05-14\\\/fuehrende-personaldienstleister-wollen-gemeinsam-auswirkungen-des-coronavirus-eindaemmen\\\/\"},\"wordCount\":412,\"publisher\":{\"@id\":\"https:\\\/\\\/www.organisator.ch\\\/#organization\"},\"image\":{\"@id\":\"https:\\\/\\\/www.organisator.ch\\\/human-resources\\\/hrm\\\/2020-05-14\\\/fuehrende-personaldienstleister-wollen-gemeinsam-auswirkungen-des-coronavirus-eindaemmen\\\/#primaryimage\"},\"thumbnailUrl\":\"https:\\\/\\\/www.organisator.ch\\\/wp-content\\\/uploads\\\/2020\\\/05\\\/Fuehrende-Personaldienstleister-wollen-gemeinsam-Auswirkungen-des-Coronavirus-eindaemmen1_Organisator.jpg\",\"keywords\":[\"Arbeitsplatzgestaltung\",\"Coronavirus\",\"HRM\",\"Management und Unternehmensf\u00fchrung\",\"Recruiting\"],\"articleSection\":[\"HRM\"],\"inLanguage\":\"de\"},{\"@type\":\"WebPage\",\"@id\":\"https:\\\/\\\/www.organisator.ch\\\/human-resources\\\/hrm\\\/2020-05-14\\\/fuehrende-personaldienstleister-wollen-gemeinsam-auswirkungen-des-coronavirus-eindaemmen\\\/\",\"url\":\"https:\\\/\\\/www.organisator.ch\\\/human-resources\\\/hrm\\\/2020-05-14\\\/fuehrende-personaldienstleister-wollen-gemeinsam-auswirkungen-des-coronavirus-eindaemmen\\\/\",\"name\":\"F\u00fchrende Personaldienstleister wollen gemeinsam Auswirkungen des Coronavirus eind\u00e4mmen - Organisator\",\"isPartOf\":{\"@id\":\"https:\\\/\\\/www.organisator.ch\\\/#website\"},\"primaryImageOfPage\":{\"@id\":\"https:\\\/\\\/www.organisator.ch\\\/human-resources\\\/hrm\\\/2020-05-14\\\/fuehrende-personaldienstleister-wollen-gemeinsam-auswirkungen-des-coronavirus-eindaemmen\\\/#primaryimage\"},\"image\":{\"@id\":\"https:\\\/\\\/www.organisator.ch\\\/human-resources\\\/hrm\\\/2020-05-14\\\/fuehrende-personaldienstleister-wollen-gemeinsam-auswirkungen-des-coronavirus-eindaemmen\\\/#primaryimage\"},\"thumbnailUrl\":\"https:\\\/\\\/www.organisator.ch\\\/wp-content\\\/uploads\\\/2020\\\/05\\\/Fuehrende-Personaldienstleister-wollen-gemeinsam-Auswirkungen-des-Coronavirus-eindaemmen1_Organisator.jpg\",\"datePublished\":\"2020-05-14T06:20:59+00:00\",\"description\":\"Die drei Personaldienstleister, Randstad, die Adecco Gruppe und Manpower, b\u00fcndeln ihr Wissen und ihre Kraft in einem nicht-kommerziellen B\u00fcndnis.\",\"breadcrumb\":{\"@id\":\"https:\\\/\\\/www.organisator.ch\\\/human-resources\\\/hrm\\\/2020-05-14\\\/fuehrende-personaldienstleister-wollen-gemeinsam-auswirkungen-des-coronavirus-eindaemmen\\\/#breadcrumb\"},\"inLanguage\":\"de\",\"potentialAction\":[{\"@type\":\"ReadAction\",\"target\":[\"https:\\\/\\\/www.organisator.ch\\\/human-resources\\\/hrm\\\/2020-05-14\\\/fuehrende-personaldienstleister-wollen-gemeinsam-auswirkungen-des-coronavirus-eindaemmen\\\/\"]}]},{\"@type\":\"ImageObject\",\"inLanguage\":\"de\",\"@id\":\"https:\\\/\\\/www.organisator.ch\\\/human-resources\\\/hrm\\\/2020-05-14\\\/fuehrende-personaldienstleister-wollen-gemeinsam-auswirkungen-des-coronavirus-eindaemmen\\\/#primaryimage\",\"url\":\"https:\\\/\\\/www.organisator.ch\\\/wp-content\\\/uploads\\\/2020\\\/05\\\/Fuehrende-Personaldienstleister-wollen-gemeinsam-Auswirkungen-des-Coronavirus-eindaemmen1_Organisator.jpg\",\"contentUrl\":\"https:\\\/\\\/www.organisator.ch\\\/wp-content\\\/uploads\\\/2020\\\/05\\\/Fuehrende-Personaldienstleister-wollen-gemeinsam-Auswirkungen-des-Coronavirus-eindaemmen1_Organisator.jpg\",\"width\":680,\"height\":501,\"caption\":\"F\u00fchrende Personaldienstleister bilden eine Allianz, um Unternehmen zu helfen, ihre Mitarbeitenden wieder sicher an ihre Arbeitspl\u00e4tze zur\u00fcckzuf\u00fchren. (Bild: Randstad\\\/Adecco\\\/Manpower)\"},{\"@type\":\"BreadcrumbList\",\"@id\":\"https:\\\/\\\/www.organisator.ch\\\/human-resources\\\/hrm\\\/2020-05-14\\\/fuehrende-personaldienstleister-wollen-gemeinsam-auswirkungen-des-coronavirus-eindaemmen\\\/#breadcrumb\",\"itemListElement\":[{\"@type\":\"ListItem\",\"position\":1,\"name\":\"Home\",\"item\":\"https:\\\/\\\/www.organisator.ch\\\/\"},{\"@type\":\"ListItem\",\"position\":2,\"name\":\"F\u00fchrende Personaldienstleister wollen gemeinsam Auswirkungen des Coronavirus eind\u00e4mmen\"}]},{\"@type\":\"WebSite\",\"@id\":\"https:\\\/\\\/www.organisator.ch\\\/#website\",\"url\":\"https:\\\/\\\/www.organisator.ch\\\/\",\"name\":\"Organisator\",\"description\":\"Kompetent. Praxisnah. Der ORGANISATOR bereitet in 10 Ausgaben pro Jahr die wesentlichen Themen f\u00fcr F\u00fchrungskr\u00e4fte von KMU auf.\",\"publisher\":{\"@id\":\"https:\\\/\\\/www.organisator.ch\\\/#organization\"},\"potentialAction\":[{\"@type\":\"SearchAction\",\"target\":{\"@type\":\"EntryPoint\",\"urlTemplate\":\"https:\\\/\\\/www.organisator.ch\\\/?s={search_term_string}\"},\"query-input\":{\"@type\":\"PropertyValueSpecification\",\"valueRequired\":true,\"valueName\":\"search_term_string\"}}],\"inLanguage\":\"de\"},{\"@type\":\"Organization\",\"@id\":\"https:\\\/\\\/www.organisator.ch\\\/#organization\",\"name\":\"Organisator\",\"url\":\"https:\\\/\\\/www.organisator.ch\\\/\",\"logo\":{\"@type\":\"ImageObject\",\"inLanguage\":\"de\",\"@id\":\"https:\\\/\\\/www.organisator.ch\\\/#\\\/schema\\\/logo\\\/image\\\/\",\"url\":\"https:\\\/\\\/www.organisator.ch\\\/wp-content\\\/uploads\\\/2022\\\/01\\\/Logo_Organisator_Website.png\",\"contentUrl\":\"https:\\\/\\\/www.organisator.ch\\\/wp-content\\\/uploads\\\/2022\\\/01\\\/Logo_Organisator_Website.png\",\"width\":800,\"height\":77,\"caption\":\"Organisator\"},\"image\":{\"@id\":\"https:\\\/\\\/www.organisator.ch\\\/#\\\/schema\\\/logo\\\/image\\\/\"},\"sameAs\":[\"https:\\\/\\\/www.facebook.com\\\/OrganisatorFachmagazin\",\"https:\\\/\\\/www.linkedin.com\\\/showcase\\\/organisator-das-magazin-fr-kmu\",\"https:\\\/\\\/www.xing.com\\\/news\\\/pages\\\/organisator-ch-695\",\"https:\\\/\\\/www.youtube.com\\\/channel\\\/UCGP2Sq0iWaZwT3BdIAQFYpw\"]},{\"@type\":\"Person\",\"@id\":\"https:\\\/\\\/www.organisator.ch\\\/#\\\/schema\\\/person\\\/6f650f90b2842cd4c0cc334b4e36f67e\",\"name\":\"thomas.berner\",\"image\":{\"@type\":\"ImageObject\",\"inLanguage\":\"de\",\"@id\":\"https:\\\/\\\/secure.gravatar.com\\\/avatar\\\/ac5001d2a36cb6c6cd3e50789007ffca834b477b74a2144564522e944eabff61?s=96&d=mm&r=g\",\"url\":\"https:\\\/\\\/secure.gravatar.com\\\/avatar\\\/ac5001d2a36cb6c6cd3e50789007ffca834b477b74a2144564522e944eabff61?s=96&d=mm&r=g\",\"contentUrl\":\"https:\\\/\\\/secure.gravatar.com\\\/avatar\\\/ac5001d2a36cb6c6cd3e50789007ffca834b477b74a2144564522e944eabff61?s=96&d=mm&r=g\",\"caption\":\"thomas.berner\"},\"url\":\"https:\\\/\\\/www.organisator.ch\\\/de\\\/author\\\/thomas-berner\\\/\"}]}<\/script>\n<!-- \/ Yoast SEO plugin. -->","yoast_head_json":{"title":"F\u00fchrende Personaldienstleister wollen gemeinsam Auswirkungen des Coronavirus eind\u00e4mmen - Organisator","description":"Die drei Personaldienstleister, Randstad, die Adecco Gruppe und Manpower, b\u00fcndeln ihr Wissen und ihre Kraft in einem nicht-kommerziellen B\u00fcndnis.","robots":{"index":"index","follow":"follow","max-snippet":"max-snippet:-1","max-image-preview":"max-image-preview:large","max-video-preview":"max-video-preview:-1"},"canonical":"https:\/\/www.organisator.ch\/de\/human-resources\/hrm\/2020-05-14\/fuehrende-personaldienstleister-wollen-gemeinsam-auswirkungen-des-coronavirus-eindaemmen\/","og_locale":"de_DE","og_type":"article","og_title":"F\u00fchrende Personaldienstleister wollen gemeinsam Auswirkungen des Coronavirus eind\u00e4mmen","og_description":"Die drei Personaldienstleister, Randstad, die Adecco Gruppe und Manpower, b\u00fcndeln ihr Wissen und ihre Kraft in einem nicht-kommerziellen B\u00fcndnis.","og_url":"https:\/\/www.organisator.ch\/de\/human-resources\/hrm\/2020-05-14\/fuehrende-personaldienstleister-wollen-gemeinsam-auswirkungen-des-coronavirus-eindaemmen\/","og_site_name":"Organisator","article_publisher":"https:\/\/www.facebook.com\/OrganisatorFachmagazin","article_published_time":"2020-05-14T06:20:59+00:00","og_image":[{"width":680,"height":501,"url":"https:\/\/www.organisator.ch\/wp-content\/uploads\/2020\/05\/Fuehrende-Personaldienstleister-wollen-gemeinsam-Auswirkungen-des-Coronavirus-eindaemmen1_Organisator.jpg","type":"image\/jpeg"}],"author":"thomas.berner","twitter_card":"summary_large_image","twitter_title":"F\u00fchrende #Personaldienstleister wollen gemeinsam Auswirkungen des #Coronavirus eind\u00e4mmen","twitter_description":"Die drei Personaldienstleister, Randstad, die Adecco Gruppe und Manpower, b\u00fcndeln ihr Wissen und ihre Kraft in einem nicht-kommerziellen B\u00fcndnis.","twitter_image":"https:\/\/www.organisator.ch\/wp-content\/uploads\/2020\/05\/Fuehrende-Personaldienstleister-wollen-gemeinsam-Auswirkungen-des-Coronavirus-eindaemmen1_Organisator.jpg","schema":{"@context":"https:\/\/schema.org","@graph":[{"@type":"Article","@id":"https:\/\/www.organisator.ch\/human-resources\/hrm\/2020-05-14\/fuehrende-personaldienstleister-wollen-gemeinsam-auswirkungen-des-coronavirus-eindaemmen\/#article","isPartOf":{"@id":"https:\/\/www.organisator.ch\/human-resources\/hrm\/2020-05-14\/fuehrende-personaldienstleister-wollen-gemeinsam-auswirkungen-des-coronavirus-eindaemmen\/"},"author":{"name":"thomas.berner","@id":"https:\/\/www.organisator.ch\/#\/schema\/person\/6f650f90b2842cd4c0cc334b4e36f67e"},"headline":"F\u00fchrende Personaldienstleister wollen gemeinsam Auswirkungen des Coronavirus eind\u00e4mmen","datePublished":"2020-05-14T06:20:59+00:00","mainEntityOfPage":{"@id":"https:\/\/www.organisator.ch\/human-resources\/hrm\/2020-05-14\/fuehrende-personaldienstleister-wollen-gemeinsam-auswirkungen-des-coronavirus-eindaemmen\/"},"wordCount":412,"publisher":{"@id":"https:\/\/www.organisator.ch\/#organization"},"image":{"@id":"https:\/\/www.organisator.ch\/human-resources\/hrm\/2020-05-14\/fuehrende-personaldienstleister-wollen-gemeinsam-auswirkungen-des-coronavirus-eindaemmen\/#primaryimage"},"thumbnailUrl":"https:\/\/www.organisator.ch\/wp-content\/uploads\/2020\/05\/Fuehrende-Personaldienstleister-wollen-gemeinsam-Auswirkungen-des-Coronavirus-eindaemmen1_Organisator.jpg","keywords":["Arbeitsplatzgestaltung","Coronavirus","HRM","Management und Unternehmensf\u00fchrung","Recruiting"],"articleSection":["HRM"],"inLanguage":"de"},{"@type":"WebPage","@id":"https:\/\/www.organisator.ch\/human-resources\/hrm\/2020-05-14\/fuehrende-personaldienstleister-wollen-gemeinsam-auswirkungen-des-coronavirus-eindaemmen\/","url":"https:\/\/www.organisator.ch\/human-resources\/hrm\/2020-05-14\/fuehrende-personaldienstleister-wollen-gemeinsam-auswirkungen-des-coronavirus-eindaemmen\/","name":"F\u00fchrende Personaldienstleister wollen gemeinsam Auswirkungen des Coronavirus eind\u00e4mmen - Organisator","isPartOf":{"@id":"https:\/\/www.organisator.ch\/#website"},"primaryImageOfPage":{"@id":"https:\/\/www.organisator.ch\/human-resources\/hrm\/2020-05-14\/fuehrende-personaldienstleister-wollen-gemeinsam-auswirkungen-des-coronavirus-eindaemmen\/#primaryimage"},"image":{"@id":"https:\/\/www.organisator.ch\/human-resources\/hrm\/2020-05-14\/fuehrende-personaldienstleister-wollen-gemeinsam-auswirkungen-des-coronavirus-eindaemmen\/#primaryimage"},"thumbnailUrl":"https:\/\/www.organisator.ch\/wp-content\/uploads\/2020\/05\/Fuehrende-Personaldienstleister-wollen-gemeinsam-Auswirkungen-des-Coronavirus-eindaemmen1_Organisator.jpg","datePublished":"2020-05-14T06:20:59+00:00","description":"Die drei Personaldienstleister, Randstad, die Adecco Gruppe und Manpower, b\u00fcndeln ihr Wissen und ihre Kraft in einem nicht-kommerziellen B\u00fcndnis.","breadcrumb":{"@id":"https:\/\/www.organisator.ch\/human-resources\/hrm\/2020-05-14\/fuehrende-personaldienstleister-wollen-gemeinsam-auswirkungen-des-coronavirus-eindaemmen\/#breadcrumb"},"inLanguage":"de","potentialAction":[{"@type":"ReadAction","target":["https:\/\/www.organisator.ch\/human-resources\/hrm\/2020-05-14\/fuehrende-personaldienstleister-wollen-gemeinsam-auswirkungen-des-coronavirus-eindaemmen\/"]}]},{"@type":"ImageObject","inLanguage":"de","@id":"https:\/\/www.organisator.ch\/human-resources\/hrm\/2020-05-14\/fuehrende-personaldienstleister-wollen-gemeinsam-auswirkungen-des-coronavirus-eindaemmen\/#primaryimage","url":"https:\/\/www.organisator.ch\/wp-content\/uploads\/2020\/05\/Fuehrende-Personaldienstleister-wollen-gemeinsam-Auswirkungen-des-Coronavirus-eindaemmen1_Organisator.jpg","contentUrl":"https:\/\/www.organisator.ch\/wp-content\/uploads\/2020\/05\/Fuehrende-Personaldienstleister-wollen-gemeinsam-Auswirkungen-des-Coronavirus-eindaemmen1_Organisator.jpg","width":680,"height":501,"caption":"F\u00fchrende Personaldienstleister bilden eine Allianz, um Unternehmen zu helfen, ihre Mitarbeitenden wieder sicher an ihre Arbeitspl\u00e4tze zur\u00fcckzuf\u00fchren. (Bild: Randstad\/Adecco\/Manpower)"},{"@type":"BreadcrumbList","@id":"https:\/\/www.organisator.ch\/human-resources\/hrm\/2020-05-14\/fuehrende-personaldienstleister-wollen-gemeinsam-auswirkungen-des-coronavirus-eindaemmen\/#breadcrumb","itemListElement":[{"@type":"ListItem","position":1,"name":"Home","item":"https:\/\/www.organisator.ch\/"},{"@type":"ListItem","position":2,"name":"F\u00fchrende Personaldienstleister wollen gemeinsam Auswirkungen des Coronavirus eind\u00e4mmen"}]},{"@type":"WebSite","@id":"https:\/\/www.organisator.ch\/#website","url":"https:\/\/www.organisator.ch\/","name":"Organisator","description":"Kompetent. Praxisnah. Der ORGANISATOR bereitet in 10 Ausgaben pro Jahr die wesentlichen Themen f\u00fcr F\u00fchrungskr\u00e4fte von KMU auf.","publisher":{"@id":"https:\/\/www.organisator.ch\/#organization"},"potentialAction":[{"@type":"SearchAction","target":{"@type":"EntryPoint","urlTemplate":"https:\/\/www.organisator.ch\/?s={search_term_string}"},"query-input":{"@type":"PropertyValueSpecification","valueRequired":true,"valueName":"search_term_string"}}],"inLanguage":"de"},{"@type":"Organization","@id":"https:\/\/www.organisator.ch\/#organization","name":"Organisator","url":"https:\/\/www.organisator.ch\/","logo":{"@type":"ImageObject","inLanguage":"de","@id":"https:\/\/www.organisator.ch\/#\/schema\/logo\/image\/","url":"https:\/\/www.organisator.ch\/wp-content\/uploads\/2022\/01\/Logo_Organisator_Website.png","contentUrl":"https:\/\/www.organisator.ch\/wp-content\/uploads\/2022\/01\/Logo_Organisator_Website.png","width":800,"height":77,"caption":"Organisator"},"image":{"@id":"https:\/\/www.organisator.ch\/#\/schema\/logo\/image\/"},"sameAs":["https:\/\/www.facebook.com\/OrganisatorFachmagazin","https:\/\/www.linkedin.com\/showcase\/organisator-das-magazin-fr-kmu","https:\/\/www.xing.com\/news\/pages\/organisator-ch-695","https:\/\/www.youtube.com\/channel\/UCGP2Sq0iWaZwT3BdIAQFYpw"]},{"@type":"Person","@id":"https:\/\/www.organisator.ch\/#\/schema\/person\/6f650f90b2842cd4c0cc334b4e36f67e","name":"thomas.berner","image":{"@type":"ImageObject","inLanguage":"de","@id":"https:\/\/secure.gravatar.com\/avatar\/ac5001d2a36cb6c6cd3e50789007ffca834b477b74a2144564522e944eabff61?s=96&d=mm&r=g","url":"https:\/\/secure.gravatar.com\/avatar\/ac5001d2a36cb6c6cd3e50789007ffca834b477b74a2144564522e944eabff61?s=96&d=mm&r=g","contentUrl":"https:\/\/secure.gravatar.com\/avatar\/ac5001d2a36cb6c6cd3e50789007ffca834b477b74a2144564522e944eabff61?s=96&d=mm&r=g","caption":"thomas.berner"},"url":"https:\/\/www.organisator.ch\/de\/author\/thomas-berner\/"}]}},"_links":{"self":[{"href":"https:\/\/www.organisator.ch\/de\/wp-json\/wp\/v2\/posts\/6695","targetHints":{"allow":["GET"]}}],"collection":[{"href":"https:\/\/www.organisator.ch\/de\/wp-json\/wp\/v2\/posts"}],"about":[{"href":"https:\/\/www.organisator.ch\/de\/wp-json\/wp\/v2\/types\/post"}],"author":[{"embeddable":true,"href":"https:\/\/www.organisator.ch\/de\/wp-json\/wp\/v2\/users\/4"}],"replies":[{"embeddable":true,"href":"https:\/\/www.organisator.ch\/de\/wp-json\/wp\/v2\/comments?post=6695"}],"version-history":[{"count":0,"href":"https:\/\/www.organisator.ch\/de\/wp-json\/wp\/v2\/posts\/6695\/revisions"}],"wp:featuredmedia":[{"embeddable":true,"href":"https:\/\/www.organisator.ch\/de\/wp-json\/wp\/v2\/media\/6696"}],"wp:attachment":[{"href":"https:\/\/www.organisator.ch\/de\/wp-json\/wp\/v2\/media?parent=6695"}],"wp:term":[{"taxonomy":"category","embeddable":true,"href":"https:\/\/www.organisator.ch\/de\/wp-json\/wp\/v2\/categories?post=6695"},{"taxonomy":"post_tag","embeddable":true,"href":"https:\/\/www.organisator.ch\/de\/wp-json\/wp\/v2\/tags?post=6695"}],"curies":[{"name":"wp","href":"https:\/\/api.w.org\/{rel}","templated":true}]}}