{"id":6702,"date":"2020-05-14T10:57:25","date_gmt":"2020-05-14T08:57:25","guid":{"rendered":"https:\/\/www.organisator.ch\/?p=6702"},"modified":"2020-05-14T10:57:25","modified_gmt":"2020-05-14T08:57:25","slug":"covid-19-krise-kmu-haben-rasch-reagiert","status":"publish","type":"post","link":"https:\/\/www.organisator.ch\/de\/management\/2020-05-14\/covid-19-krise-kmu-haben-rasch-reagiert\/","title":{"rendered":"Covid-19-Krise: KMU haben rasch reagiert"},"content":{"rendered":"<figure id=\"attachment_6703\" aria-describedby=\"caption-attachment-6703\" style=\"width: 680px\" class=\"wp-caption alignnone\"><img loading=\"lazy\" decoding=\"async\" class=\"size-medium wp-image-6703\" src=\"https:\/\/www.organisator.ch\/wp-content\/uploads\/2020\/05\/Covid-19-Krise-KMU-haben-rasch-reagiert1_Organisator.jpg\" alt=\"\" width=\"680\" height=\"454\" srcset=\"https:\/\/www.organisator.ch\/wp-content\/uploads\/2020\/05\/Covid-19-Krise-KMU-haben-rasch-reagiert1_Organisator.jpg 680w, https:\/\/www.organisator.ch\/wp-content\/uploads\/2020\/05\/Covid-19-Krise-KMU-haben-rasch-reagiert1_Organisator-16x12.jpg 16w, https:\/\/www.organisator.ch\/wp-content\/uploads\/2020\/05\/Covid-19-Krise-KMU-haben-rasch-reagiert1_Organisator-262x175.jpg 262w, https:\/\/www.organisator.ch\/wp-content\/uploads\/2020\/05\/Covid-19-Krise-KMU-haben-rasch-reagiert1_Organisator-524x350.jpg 524w, https:\/\/www.organisator.ch\/wp-content\/uploads\/2020\/05\/Covid-19-Krise-KMU-haben-rasch-reagiert1_Organisator-300x200.jpg 300w\" sizes=\"auto, (max-width: 680px) 100vw, 680px\" \/><figcaption id=\"caption-attachment-6703\" class=\"wp-caption-text\">Die Covid-19-Krise hinterl\u00e4sst in MEM-KMU deutliche Spuren. (Bild: Pixabay.com)<\/figcaption><\/figure>\n<p>Schnell haben die KMU der MEM-Branche auf die Herausforderungen der Covid-19-Krise reagiert: Ein Drittel hat einen staatlichen \u00dcberbr\u00fcckungskredit beantragt, zwei Drittel haben Kurzarbeit angemeldet. Neben der Nutzung der staatlichen Massnahmen treten die Betriebe zus\u00e4tzlich auf die Kostenbremse: So haben 16 Prozent Entlassungen, 72 Prozent einen Einstellungs- und 68 Prozent einen Investitionsstopp vorgenommen.<\/p>\n<h2>Covid-19-Krise trifft MEM-Branche doppelt<\/h2>\n<p>Diese Massnahmen waren unausweichlich. Die im April bei \u00fcber 400 Unternehmen durchgef\u00fchrte Quartalsbefragung von Swissmechanic und BAK Economics zeigt auf, dass die Pandemie die Schweizer MEM-Branche gleich doppelt trifft. Zum einen wird die reibungslose Produktion beeintr\u00e4chtigt: 42 Prozent der befragten Unternehmen berichten von Unterbr\u00fcchen in den Lieferketten, 25 Prozent von Personalausf\u00e4llen in Folge von Krankheit, Quarant\u00e4ne oder Betreuungsverpflichtungen. Zum anderen leiden die KMU unter einem ausgepr\u00e4gten Nachfrageeinbruch. Aufgrund der globalen Rezession, des starken Anstiegs der Unsicherheit und des erh\u00f6hten Liquidit\u00e4tsbedarfs treten die Kunden der MEM-Branche auf die Investitionsbremse.<\/p>\n<figure id=\"attachment_6705\" aria-describedby=\"caption-attachment-6705\" style=\"width: 680px\" class=\"wp-caption alignnone\"><img loading=\"lazy\" decoding=\"async\" class=\"wp-image-6705 size-medium\" src=\"https:\/\/www.organisator.ch\/wp-content\/uploads\/2020\/05\/Covid-19-Krise-KMU-haben-rasch-reagiert3_Organisator.jpg\" alt=\"\" width=\"680\" height=\"510\" srcset=\"https:\/\/www.organisator.ch\/wp-content\/uploads\/2020\/05\/Covid-19-Krise-KMU-haben-rasch-reagiert3_Organisator.jpg 680w, https:\/\/www.organisator.ch\/wp-content\/uploads\/2020\/05\/Covid-19-Krise-KMU-haben-rasch-reagiert3_Organisator-16x12.jpg 16w, https:\/\/www.organisator.ch\/wp-content\/uploads\/2020\/05\/Covid-19-Krise-KMU-haben-rasch-reagiert3_Organisator-233x175.jpg 233w, https:\/\/www.organisator.ch\/wp-content\/uploads\/2020\/05\/Covid-19-Krise-KMU-haben-rasch-reagiert3_Organisator-467x350.jpg 467w, https:\/\/www.organisator.ch\/wp-content\/uploads\/2020\/05\/Covid-19-Krise-KMU-haben-rasch-reagiert3_Organisator-300x225.jpg 300w\" sizes=\"auto, (max-width: 680px) 100vw, 680px\" \/><figcaption id=\"caption-attachment-6705\" class=\"wp-caption-text\">Quelle: Swissmechanic<\/figcaption><\/figure>\n<figure id=\"attachment_6704\" aria-describedby=\"caption-attachment-6704\" style=\"width: 680px\" class=\"wp-caption alignnone\"><img loading=\"lazy\" decoding=\"async\" class=\"wp-image-6704 size-medium\" src=\"https:\/\/www.organisator.ch\/wp-content\/uploads\/2020\/05\/Covid-19-Krise-KMU-haben-rasch-reagiert2_Organisator.jpg\" alt=\"\" width=\"680\" height=\"513\" srcset=\"https:\/\/www.organisator.ch\/wp-content\/uploads\/2020\/05\/Covid-19-Krise-KMU-haben-rasch-reagiert2_Organisator.jpg 680w, https:\/\/www.organisator.ch\/wp-content\/uploads\/2020\/05\/Covid-19-Krise-KMU-haben-rasch-reagiert2_Organisator-16x12.jpg 16w, https:\/\/www.organisator.ch\/wp-content\/uploads\/2020\/05\/Covid-19-Krise-KMU-haben-rasch-reagiert2_Organisator-232x175.jpg 232w, https:\/\/www.organisator.ch\/wp-content\/uploads\/2020\/05\/Covid-19-Krise-KMU-haben-rasch-reagiert2_Organisator-464x350.jpg 464w, https:\/\/www.organisator.ch\/wp-content\/uploads\/2020\/05\/Covid-19-Krise-KMU-haben-rasch-reagiert2_Organisator-300x226.jpg 300w\" sizes=\"auto, (max-width: 680px) 100vw, 680px\" \/><figcaption id=\"caption-attachment-6704\" class=\"wp-caption-text\">Quelle: Swissmechanic<\/figcaption><\/figure>\n<h2>Gesch\u00e4ftsklima-Index deutlich verschlechtert \u2013 weiterer Einbruch im Q2 wird erwartet<\/h2>\n<p>Die Belastungen auf der Angebots- und Nachfrageseite hinterlassen Spuren. Der Swissmechanic Gesch\u00e4ftsklima-Index f\u00fcr KMU der MEM-Branche verdeutlicht, dass sich das bereits im vergangenen Herbst und Winter pessimistische Klima im April 2020 nochmals deutlich verschlechtert hat. Die befragten KMU machen sich keine Illusionen bez\u00fcglich des zweiten Quartals 2020. So erwartet eine \u00fcberwiegende Mehrheit (82%), dass die Auftr\u00e4ge weiter einbrechen.<\/p>\n<h2>Starke Aufholeffekte in den Jahren 2021 und 2022 falls Pandemie unter Kontrolle bleibt<\/h2>\n<p>Nur 6 Prozent sehen bei sich ein ernsthaft erh\u00f6htes Konkursrisiko, was belegt, dass die Unternehmen \u00fcber den gegenw\u00e4rtigen Sturm hinausblicken. Gelingt es, wie im Basisszenario von BAK Economics angenommen, die Pandemie im Sommer nachhaltig unter Kontrolle zu bringen, ist in der Branche 2021 und 2022 mit \u00fcberaus starken Aufholeffekten zu rechnen.<\/p>\n<p><img loading=\"lazy\" decoding=\"async\" class=\"alignnone size-medium wp-image-6706\" src=\"https:\/\/www.organisator.ch\/wp-content\/uploads\/2020\/05\/Covid-19-Krise-KMU-haben-rasch-reagiert4_Organisator.jpg\" alt=\"\" width=\"680\" height=\"510\" srcset=\"https:\/\/www.organisator.ch\/wp-content\/uploads\/2020\/05\/Covid-19-Krise-KMU-haben-rasch-reagiert4_Organisator.jpg 680w, https:\/\/www.organisator.ch\/wp-content\/uploads\/2020\/05\/Covid-19-Krise-KMU-haben-rasch-reagiert4_Organisator-16x12.jpg 16w, https:\/\/www.organisator.ch\/wp-content\/uploads\/2020\/05\/Covid-19-Krise-KMU-haben-rasch-reagiert4_Organisator-233x175.jpg 233w, https:\/\/www.organisator.ch\/wp-content\/uploads\/2020\/05\/Covid-19-Krise-KMU-haben-rasch-reagiert4_Organisator-467x350.jpg 467w, https:\/\/www.organisator.ch\/wp-content\/uploads\/2020\/05\/Covid-19-Krise-KMU-haben-rasch-reagiert4_Organisator-300x225.jpg 300w\" sizes=\"auto, (max-width: 680px) 100vw, 680px\" \/><\/p>\n<p>Das Hilfspaket des Bundes, bestehend aus \u00dcberbr\u00fcckungskrediten sowie der Ausweitung der Kurzarbeitsentsch\u00e4digung, hat vielen KMU geholfen, kurzfristig \u00fcber die Runden zu kommen. Das Schlimmste wurde damit vorerst abgewendet. Angesichts der Unsicherheit \u00fcber die weitere Entwicklung sollte die Laufzeit der \u00dcberbr\u00fcckungskredite auf 8 bis 10 Jahre verl\u00e4ngert werden. Gleichzeitig verlangt Swissmechanic, dass die verb\u00fcrgten Kredite als Kredite mit notrechtlichem Rangr\u00fccktritt betrachtet werden, um die Gefahr von \u00dcberschuldungen zu minimieren.<\/p>\n<p><em>Quelle: <a href=\"http:\/\/www.swissmechanic.ch\">Swissmechanic<\/a><\/em><\/p>\n","protected":false},"excerpt":{"rendered":"<p>Schnell haben die KMU der MEM-Branche auf die Herausforderungen der Covid-19-Krise reagiert: Ein Drittel hat einen staatlichen \u00dcberbr\u00fcckungskredit beantragt, zwei Drittel haben Kurzarbeit angemeldet. Neben der Nutzung der staatlichen Massnahmen treten die Betriebe zus\u00e4tzlich auf die Kostenbremse: So haben 16 Prozent Entlassungen, 72 Prozent einen Einstellungs- und 68 Prozent einen Investitionsstopp vorgenommen. Covid-19-Krise trifft MEM-Branche [&hellip;]<\/p>\n","protected":false},"author":4,"featured_media":6703,"comment_status":"closed","ping_status":"closed","sticky":false,"template":"","format":"standard","meta":{"_acf_changed":false,"_yoast_wpseo_focuskw":"Covid-19-Krise","_yoast_wpseo_metadesc":"Die Lage der KMU der MEM-Branche hat sich im Zuge der Covid-19-Krise im April dramatisch verschlechtert. Es wurde aber rasch reagiert.","articlekey":"","footnotes":""},"categories":[28],"tags":[132,335,452,487,492],"class_list":["post-6702","post","type-post","status-publish","format-standard","has-post-thumbnail","hentry","category-management","tag-coronavirus","tag-management-und-unternehmensfuehrung","tag-statistik","tag-umfrage","tag-unternehmen"],"acf":[],"yoast_head":"<!-- This site is optimized with the Yoast SEO plugin v27.5 - https:\/\/yoast.com\/product\/yoast-seo-wordpress\/ -->\n<title>Covid-19-Krise: KMU haben rasch reagiert - Organisator<\/title>\n<meta name=\"description\" content=\"Die Lage der KMU der MEM-Branche hat sich im Zuge der Covid-19-Krise im April dramatisch verschlechtert. Es wurde aber rasch reagiert.\" \/>\n<meta name=\"robots\" content=\"index, follow, max-snippet:-1, max-image-preview:large, max-video-preview:-1\" \/>\n<link rel=\"canonical\" href=\"https:\/\/www.organisator.ch\/de\/management\/2020-05-14\/covid-19-krise-kmu-haben-rasch-reagiert\/\" \/>\n<meta property=\"og:locale\" content=\"de_DE\" \/>\n<meta property=\"og:type\" content=\"article\" \/>\n<meta property=\"og:title\" content=\"Covid-19-Krise: KMU haben rasch reagiert\" \/>\n<meta property=\"og:description\" content=\"Die Lage der KMU der MEM-Branche hat sich im Zuge der Covid-19-Krise im April dramatisch verschlechtert. Es wurde aber rasch reagiert.\" \/>\n<meta property=\"og:url\" content=\"https:\/\/www.organisator.ch\/de\/management\/2020-05-14\/covid-19-krise-kmu-haben-rasch-reagiert\/\" \/>\n<meta property=\"og:site_name\" content=\"Organisator\" \/>\n<meta property=\"article:publisher\" content=\"https:\/\/www.facebook.com\/OrganisatorFachmagazin\" \/>\n<meta property=\"article:published_time\" content=\"2020-05-14T08:57:25+00:00\" \/>\n<meta property=\"og:image\" content=\"https:\/\/www.organisator.ch\/wp-content\/uploads\/2020\/05\/Covid-19-Krise-KMU-haben-rasch-reagiert1_Organisator.jpg\" \/>\n\t<meta property=\"og:image:width\" content=\"680\" \/>\n\t<meta property=\"og:image:height\" content=\"454\" \/>\n\t<meta property=\"og:image:type\" content=\"image\/jpeg\" \/>\n<meta name=\"author\" content=\"thomas.berner\" \/>\n<meta name=\"twitter:card\" content=\"summary_large_image\" \/>\n<meta name=\"twitter:title\" content=\"#Covid-19-Krise: KMU haben rasch reagiert\" \/>\n<meta name=\"twitter:description\" content=\"Die Lage der KMU der #MEM-Branche hat sich im Zuge der #Covid-19-Krise im April dramatisch verschlechtert. Es wurde aber rasch reagiert.\" \/>\n<meta name=\"twitter:image\" content=\"https:\/\/www.organisator.ch\/wp-content\/uploads\/2020\/05\/Covid-19-Krise-KMU-haben-rasch-reagiert1_Organisator.jpg\" \/>\n<script type=\"application\/ld+json\" class=\"yoast-schema-graph\">{\"@context\":\"https:\\\/\\\/schema.org\",\"@graph\":[{\"@type\":\"Article\",\"@id\":\"https:\\\/\\\/www.organisator.ch\\\/management\\\/2020-05-14\\\/covid-19-krise-kmu-haben-rasch-reagiert\\\/#article\",\"isPartOf\":{\"@id\":\"https:\\\/\\\/www.organisator.ch\\\/management\\\/2020-05-14\\\/covid-19-krise-kmu-haben-rasch-reagiert\\\/\"},\"author\":{\"name\":\"thomas.berner\",\"@id\":\"https:\\\/\\\/www.organisator.ch\\\/#\\\/schema\\\/person\\\/6f650f90b2842cd4c0cc334b4e36f67e\"},\"headline\":\"Covid-19-Krise: KMU haben rasch reagiert\",\"datePublished\":\"2020-05-14T08:57:25+00:00\",\"mainEntityOfPage\":{\"@id\":\"https:\\\/\\\/www.organisator.ch\\\/management\\\/2020-05-14\\\/covid-19-krise-kmu-haben-rasch-reagiert\\\/\"},\"wordCount\":397,\"publisher\":{\"@id\":\"https:\\\/\\\/www.organisator.ch\\\/#organization\"},\"image\":{\"@id\":\"https:\\\/\\\/www.organisator.ch\\\/management\\\/2020-05-14\\\/covid-19-krise-kmu-haben-rasch-reagiert\\\/#primaryimage\"},\"thumbnailUrl\":\"https:\\\/\\\/www.organisator.ch\\\/wp-content\\\/uploads\\\/2020\\\/05\\\/Covid-19-Krise-KMU-haben-rasch-reagiert1_Organisator.jpg\",\"keywords\":[\"Coronavirus\",\"Management und Unternehmensf\u00fchrung\",\"Statistik\",\"Umfrage\",\"Unternehmen\"],\"articleSection\":[\"MANAGEMENT\"],\"inLanguage\":\"de\"},{\"@type\":\"WebPage\",\"@id\":\"https:\\\/\\\/www.organisator.ch\\\/management\\\/2020-05-14\\\/covid-19-krise-kmu-haben-rasch-reagiert\\\/\",\"url\":\"https:\\\/\\\/www.organisator.ch\\\/management\\\/2020-05-14\\\/covid-19-krise-kmu-haben-rasch-reagiert\\\/\",\"name\":\"Covid-19-Krise: KMU haben rasch reagiert - Organisator\",\"isPartOf\":{\"@id\":\"https:\\\/\\\/www.organisator.ch\\\/#website\"},\"primaryImageOfPage\":{\"@id\":\"https:\\\/\\\/www.organisator.ch\\\/management\\\/2020-05-14\\\/covid-19-krise-kmu-haben-rasch-reagiert\\\/#primaryimage\"},\"image\":{\"@id\":\"https:\\\/\\\/www.organisator.ch\\\/management\\\/2020-05-14\\\/covid-19-krise-kmu-haben-rasch-reagiert\\\/#primaryimage\"},\"thumbnailUrl\":\"https:\\\/\\\/www.organisator.ch\\\/wp-content\\\/uploads\\\/2020\\\/05\\\/Covid-19-Krise-KMU-haben-rasch-reagiert1_Organisator.jpg\",\"datePublished\":\"2020-05-14T08:57:25+00:00\",\"description\":\"Die Lage der KMU der MEM-Branche hat sich im Zuge der Covid-19-Krise im April dramatisch verschlechtert. Es wurde aber rasch reagiert.\",\"breadcrumb\":{\"@id\":\"https:\\\/\\\/www.organisator.ch\\\/management\\\/2020-05-14\\\/covid-19-krise-kmu-haben-rasch-reagiert\\\/#breadcrumb\"},\"inLanguage\":\"de\",\"potentialAction\":[{\"@type\":\"ReadAction\",\"target\":[\"https:\\\/\\\/www.organisator.ch\\\/management\\\/2020-05-14\\\/covid-19-krise-kmu-haben-rasch-reagiert\\\/\"]}]},{\"@type\":\"ImageObject\",\"inLanguage\":\"de\",\"@id\":\"https:\\\/\\\/www.organisator.ch\\\/management\\\/2020-05-14\\\/covid-19-krise-kmu-haben-rasch-reagiert\\\/#primaryimage\",\"url\":\"https:\\\/\\\/www.organisator.ch\\\/wp-content\\\/uploads\\\/2020\\\/05\\\/Covid-19-Krise-KMU-haben-rasch-reagiert1_Organisator.jpg\",\"contentUrl\":\"https:\\\/\\\/www.organisator.ch\\\/wp-content\\\/uploads\\\/2020\\\/05\\\/Covid-19-Krise-KMU-haben-rasch-reagiert1_Organisator.jpg\",\"width\":680,\"height\":454,\"caption\":\"Die Covid-19-Krise hinterl\u00e4sst in MEM-KMU deutliche Spuren. (Bild: Pixabay.com)\"},{\"@type\":\"BreadcrumbList\",\"@id\":\"https:\\\/\\\/www.organisator.ch\\\/management\\\/2020-05-14\\\/covid-19-krise-kmu-haben-rasch-reagiert\\\/#breadcrumb\",\"itemListElement\":[{\"@type\":\"ListItem\",\"position\":1,\"name\":\"Home\",\"item\":\"https:\\\/\\\/www.organisator.ch\\\/\"},{\"@type\":\"ListItem\",\"position\":2,\"name\":\"Covid-19-Krise: KMU haben rasch reagiert\"}]},{\"@type\":\"WebSite\",\"@id\":\"https:\\\/\\\/www.organisator.ch\\\/#website\",\"url\":\"https:\\\/\\\/www.organisator.ch\\\/\",\"name\":\"Organisator\",\"description\":\"Kompetent. Praxisnah. Der ORGANISATOR bereitet in 10 Ausgaben pro Jahr die wesentlichen Themen f\u00fcr F\u00fchrungskr\u00e4fte von KMU auf.\",\"publisher\":{\"@id\":\"https:\\\/\\\/www.organisator.ch\\\/#organization\"},\"potentialAction\":[{\"@type\":\"SearchAction\",\"target\":{\"@type\":\"EntryPoint\",\"urlTemplate\":\"https:\\\/\\\/www.organisator.ch\\\/?s={search_term_string}\"},\"query-input\":{\"@type\":\"PropertyValueSpecification\",\"valueRequired\":true,\"valueName\":\"search_term_string\"}}],\"inLanguage\":\"de\"},{\"@type\":\"Organization\",\"@id\":\"https:\\\/\\\/www.organisator.ch\\\/#organization\",\"name\":\"Organisator\",\"url\":\"https:\\\/\\\/www.organisator.ch\\\/\",\"logo\":{\"@type\":\"ImageObject\",\"inLanguage\":\"de\",\"@id\":\"https:\\\/\\\/www.organisator.ch\\\/#\\\/schema\\\/logo\\\/image\\\/\",\"url\":\"https:\\\/\\\/www.organisator.ch\\\/wp-content\\\/uploads\\\/2022\\\/01\\\/Logo_Organisator_Website.png\",\"contentUrl\":\"https:\\\/\\\/www.organisator.ch\\\/wp-content\\\/uploads\\\/2022\\\/01\\\/Logo_Organisator_Website.png\",\"width\":800,\"height\":77,\"caption\":\"Organisator\"},\"image\":{\"@id\":\"https:\\\/\\\/www.organisator.ch\\\/#\\\/schema\\\/logo\\\/image\\\/\"},\"sameAs\":[\"https:\\\/\\\/www.facebook.com\\\/OrganisatorFachmagazin\",\"https:\\\/\\\/www.linkedin.com\\\/showcase\\\/organisator-das-magazin-fr-kmu\",\"https:\\\/\\\/www.xing.com\\\/news\\\/pages\\\/organisator-ch-695\",\"https:\\\/\\\/www.youtube.com\\\/channel\\\/UCGP2Sq0iWaZwT3BdIAQFYpw\"]},{\"@type\":\"Person\",\"@id\":\"https:\\\/\\\/www.organisator.ch\\\/#\\\/schema\\\/person\\\/6f650f90b2842cd4c0cc334b4e36f67e\",\"name\":\"thomas.berner\",\"image\":{\"@type\":\"ImageObject\",\"inLanguage\":\"de\",\"@id\":\"https:\\\/\\\/secure.gravatar.com\\\/avatar\\\/ac5001d2a36cb6c6cd3e50789007ffca834b477b74a2144564522e944eabff61?s=96&d=mm&r=g\",\"url\":\"https:\\\/\\\/secure.gravatar.com\\\/avatar\\\/ac5001d2a36cb6c6cd3e50789007ffca834b477b74a2144564522e944eabff61?s=96&d=mm&r=g\",\"contentUrl\":\"https:\\\/\\\/secure.gravatar.com\\\/avatar\\\/ac5001d2a36cb6c6cd3e50789007ffca834b477b74a2144564522e944eabff61?s=96&d=mm&r=g\",\"caption\":\"thomas.berner\"},\"url\":\"https:\\\/\\\/www.organisator.ch\\\/de\\\/author\\\/thomas-berner\\\/\"}]}<\/script>\n<!-- \/ Yoast SEO plugin. -->","yoast_head_json":{"title":"Covid-19-Krise: KMU haben rasch reagiert - Organisator","description":"Die Lage der KMU der MEM-Branche hat sich im Zuge der Covid-19-Krise im April dramatisch verschlechtert. Es wurde aber rasch reagiert.","robots":{"index":"index","follow":"follow","max-snippet":"max-snippet:-1","max-image-preview":"max-image-preview:large","max-video-preview":"max-video-preview:-1"},"canonical":"https:\/\/www.organisator.ch\/de\/management\/2020-05-14\/covid-19-krise-kmu-haben-rasch-reagiert\/","og_locale":"de_DE","og_type":"article","og_title":"Covid-19-Krise: KMU haben rasch reagiert","og_description":"Die Lage der KMU der MEM-Branche hat sich im Zuge der Covid-19-Krise im April dramatisch verschlechtert. Es wurde aber rasch reagiert.","og_url":"https:\/\/www.organisator.ch\/de\/management\/2020-05-14\/covid-19-krise-kmu-haben-rasch-reagiert\/","og_site_name":"Organisator","article_publisher":"https:\/\/www.facebook.com\/OrganisatorFachmagazin","article_published_time":"2020-05-14T08:57:25+00:00","og_image":[{"width":680,"height":454,"url":"https:\/\/www.organisator.ch\/wp-content\/uploads\/2020\/05\/Covid-19-Krise-KMU-haben-rasch-reagiert1_Organisator.jpg","type":"image\/jpeg"}],"author":"thomas.berner","twitter_card":"summary_large_image","twitter_title":"#Covid-19-Krise: KMU haben rasch reagiert","twitter_description":"Die Lage der KMU der #MEM-Branche hat sich im Zuge der #Covid-19-Krise im April dramatisch verschlechtert. Es wurde aber rasch reagiert.","twitter_image":"https:\/\/www.organisator.ch\/wp-content\/uploads\/2020\/05\/Covid-19-Krise-KMU-haben-rasch-reagiert1_Organisator.jpg","schema":{"@context":"https:\/\/schema.org","@graph":[{"@type":"Article","@id":"https:\/\/www.organisator.ch\/management\/2020-05-14\/covid-19-krise-kmu-haben-rasch-reagiert\/#article","isPartOf":{"@id":"https:\/\/www.organisator.ch\/management\/2020-05-14\/covid-19-krise-kmu-haben-rasch-reagiert\/"},"author":{"name":"thomas.berner","@id":"https:\/\/www.organisator.ch\/#\/schema\/person\/6f650f90b2842cd4c0cc334b4e36f67e"},"headline":"Covid-19-Krise: KMU haben rasch reagiert","datePublished":"2020-05-14T08:57:25+00:00","mainEntityOfPage":{"@id":"https:\/\/www.organisator.ch\/management\/2020-05-14\/covid-19-krise-kmu-haben-rasch-reagiert\/"},"wordCount":397,"publisher":{"@id":"https:\/\/www.organisator.ch\/#organization"},"image":{"@id":"https:\/\/www.organisator.ch\/management\/2020-05-14\/covid-19-krise-kmu-haben-rasch-reagiert\/#primaryimage"},"thumbnailUrl":"https:\/\/www.organisator.ch\/wp-content\/uploads\/2020\/05\/Covid-19-Krise-KMU-haben-rasch-reagiert1_Organisator.jpg","keywords":["Coronavirus","Management und Unternehmensf\u00fchrung","Statistik","Umfrage","Unternehmen"],"articleSection":["MANAGEMENT"],"inLanguage":"de"},{"@type":"WebPage","@id":"https:\/\/www.organisator.ch\/management\/2020-05-14\/covid-19-krise-kmu-haben-rasch-reagiert\/","url":"https:\/\/www.organisator.ch\/management\/2020-05-14\/covid-19-krise-kmu-haben-rasch-reagiert\/","name":"Covid-19-Krise: KMU haben rasch reagiert - Organisator","isPartOf":{"@id":"https:\/\/www.organisator.ch\/#website"},"primaryImageOfPage":{"@id":"https:\/\/www.organisator.ch\/management\/2020-05-14\/covid-19-krise-kmu-haben-rasch-reagiert\/#primaryimage"},"image":{"@id":"https:\/\/www.organisator.ch\/management\/2020-05-14\/covid-19-krise-kmu-haben-rasch-reagiert\/#primaryimage"},"thumbnailUrl":"https:\/\/www.organisator.ch\/wp-content\/uploads\/2020\/05\/Covid-19-Krise-KMU-haben-rasch-reagiert1_Organisator.jpg","datePublished":"2020-05-14T08:57:25+00:00","description":"Die Lage der KMU der MEM-Branche hat sich im Zuge der Covid-19-Krise im April dramatisch verschlechtert. Es wurde aber rasch reagiert.","breadcrumb":{"@id":"https:\/\/www.organisator.ch\/management\/2020-05-14\/covid-19-krise-kmu-haben-rasch-reagiert\/#breadcrumb"},"inLanguage":"de","potentialAction":[{"@type":"ReadAction","target":["https:\/\/www.organisator.ch\/management\/2020-05-14\/covid-19-krise-kmu-haben-rasch-reagiert\/"]}]},{"@type":"ImageObject","inLanguage":"de","@id":"https:\/\/www.organisator.ch\/management\/2020-05-14\/covid-19-krise-kmu-haben-rasch-reagiert\/#primaryimage","url":"https:\/\/www.organisator.ch\/wp-content\/uploads\/2020\/05\/Covid-19-Krise-KMU-haben-rasch-reagiert1_Organisator.jpg","contentUrl":"https:\/\/www.organisator.ch\/wp-content\/uploads\/2020\/05\/Covid-19-Krise-KMU-haben-rasch-reagiert1_Organisator.jpg","width":680,"height":454,"caption":"Die Covid-19-Krise hinterl\u00e4sst in MEM-KMU deutliche Spuren. (Bild: Pixabay.com)"},{"@type":"BreadcrumbList","@id":"https:\/\/www.organisator.ch\/management\/2020-05-14\/covid-19-krise-kmu-haben-rasch-reagiert\/#breadcrumb","itemListElement":[{"@type":"ListItem","position":1,"name":"Home","item":"https:\/\/www.organisator.ch\/"},{"@type":"ListItem","position":2,"name":"Covid-19-Krise: KMU haben rasch reagiert"}]},{"@type":"WebSite","@id":"https:\/\/www.organisator.ch\/#website","url":"https:\/\/www.organisator.ch\/","name":"Organisator","description":"Kompetent. Praxisnah. Der ORGANISATOR bereitet in 10 Ausgaben pro Jahr die wesentlichen Themen f\u00fcr F\u00fchrungskr\u00e4fte von KMU auf.","publisher":{"@id":"https:\/\/www.organisator.ch\/#organization"},"potentialAction":[{"@type":"SearchAction","target":{"@type":"EntryPoint","urlTemplate":"https:\/\/www.organisator.ch\/?s={search_term_string}"},"query-input":{"@type":"PropertyValueSpecification","valueRequired":true,"valueName":"search_term_string"}}],"inLanguage":"de"},{"@type":"Organization","@id":"https:\/\/www.organisator.ch\/#organization","name":"Organisator","url":"https:\/\/www.organisator.ch\/","logo":{"@type":"ImageObject","inLanguage":"de","@id":"https:\/\/www.organisator.ch\/#\/schema\/logo\/image\/","url":"https:\/\/www.organisator.ch\/wp-content\/uploads\/2022\/01\/Logo_Organisator_Website.png","contentUrl":"https:\/\/www.organisator.ch\/wp-content\/uploads\/2022\/01\/Logo_Organisator_Website.png","width":800,"height":77,"caption":"Organisator"},"image":{"@id":"https:\/\/www.organisator.ch\/#\/schema\/logo\/image\/"},"sameAs":["https:\/\/www.facebook.com\/OrganisatorFachmagazin","https:\/\/www.linkedin.com\/showcase\/organisator-das-magazin-fr-kmu","https:\/\/www.xing.com\/news\/pages\/organisator-ch-695","https:\/\/www.youtube.com\/channel\/UCGP2Sq0iWaZwT3BdIAQFYpw"]},{"@type":"Person","@id":"https:\/\/www.organisator.ch\/#\/schema\/person\/6f650f90b2842cd4c0cc334b4e36f67e","name":"thomas.berner","image":{"@type":"ImageObject","inLanguage":"de","@id":"https:\/\/secure.gravatar.com\/avatar\/ac5001d2a36cb6c6cd3e50789007ffca834b477b74a2144564522e944eabff61?s=96&d=mm&r=g","url":"https:\/\/secure.gravatar.com\/avatar\/ac5001d2a36cb6c6cd3e50789007ffca834b477b74a2144564522e944eabff61?s=96&d=mm&r=g","contentUrl":"https:\/\/secure.gravatar.com\/avatar\/ac5001d2a36cb6c6cd3e50789007ffca834b477b74a2144564522e944eabff61?s=96&d=mm&r=g","caption":"thomas.berner"},"url":"https:\/\/www.organisator.ch\/de\/author\/thomas-berner\/"}]}},"_links":{"self":[{"href":"https:\/\/www.organisator.ch\/de\/wp-json\/wp\/v2\/posts\/6702","targetHints":{"allow":["GET"]}}],"collection":[{"href":"https:\/\/www.organisator.ch\/de\/wp-json\/wp\/v2\/posts"}],"about":[{"href":"https:\/\/www.organisator.ch\/de\/wp-json\/wp\/v2\/types\/post"}],"author":[{"embeddable":true,"href":"https:\/\/www.organisator.ch\/de\/wp-json\/wp\/v2\/users\/4"}],"replies":[{"embeddable":true,"href":"https:\/\/www.organisator.ch\/de\/wp-json\/wp\/v2\/comments?post=6702"}],"version-history":[{"count":0,"href":"https:\/\/www.organisator.ch\/de\/wp-json\/wp\/v2\/posts\/6702\/revisions"}],"wp:featuredmedia":[{"embeddable":true,"href":"https:\/\/www.organisator.ch\/de\/wp-json\/wp\/v2\/media\/6703"}],"wp:attachment":[{"href":"https:\/\/www.organisator.ch\/de\/wp-json\/wp\/v2\/media?parent=6702"}],"wp:term":[{"taxonomy":"category","embeddable":true,"href":"https:\/\/www.organisator.ch\/de\/wp-json\/wp\/v2\/categories?post=6702"},{"taxonomy":"post_tag","embeddable":true,"href":"https:\/\/www.organisator.ch\/de\/wp-json\/wp\/v2\/tags?post=6702"}],"curies":[{"name":"wp","href":"https:\/\/api.w.org\/{rel}","templated":true}]}}