{"id":6708,"date":"2020-05-14T13:55:46","date_gmt":"2020-05-14T11:55:46","guid":{"rendered":"https:\/\/www.organisator.ch\/?p=6708"},"modified":"2020-05-14T13:55:46","modified_gmt":"2020-05-14T11:55:46","slug":"ausgezeichnete-arbeitgeber-von-mitarbeitenden-empfohlen","status":"publish","type":"post","link":"https:\/\/www.organisator.ch\/de\/management\/2020-05-14\/ausgezeichnete-arbeitgeber-von-mitarbeitenden-empfohlen\/","title":{"rendered":"Ausgezeichnete Arbeitgeber &#8211; von Mitarbeitenden empfohlen"},"content":{"rendered":"<figure id=\"attachment_6710\" aria-describedby=\"caption-attachment-6710\" style=\"width: 680px\" class=\"wp-caption alignnone\"><img loading=\"lazy\" decoding=\"async\" class=\"size-medium wp-image-6710\" src=\"https:\/\/www.organisator.ch\/wp-content\/uploads\/2020\/05\/Ausgezeichnete-Arbeitgeber-von-Mitarbeitenden-empfohlen2_Organisator.jpg\" alt=\"\" width=\"680\" height=\"381\" srcset=\"https:\/\/www.organisator.ch\/wp-content\/uploads\/2020\/05\/Ausgezeichnete-Arbeitgeber-von-Mitarbeitenden-empfohlen2_Organisator.jpg 680w, https:\/\/www.organisator.ch\/wp-content\/uploads\/2020\/05\/Ausgezeichnete-Arbeitgeber-von-Mitarbeitenden-empfohlen2_Organisator-16x9.jpg 16w, https:\/\/www.organisator.ch\/wp-content\/uploads\/2020\/05\/Ausgezeichnete-Arbeitgeber-von-Mitarbeitenden-empfohlen2_Organisator-312x175.jpg 312w, https:\/\/www.organisator.ch\/wp-content\/uploads\/2020\/05\/Ausgezeichnete-Arbeitgeber-von-Mitarbeitenden-empfohlen2_Organisator-625x350.jpg 625w, https:\/\/www.organisator.ch\/wp-content\/uploads\/2020\/05\/Ausgezeichnete-Arbeitgeber-von-Mitarbeitenden-empfohlen2_Organisator-300x168.jpg 300w\" sizes=\"auto, (max-width: 680px) 100vw, 680px\" \/><figcaption id=\"caption-attachment-6710\" class=\"wp-caption-text\">UMB wurde zum vierten Mal in Folge als bester Arbeitgeber der Schweiz pr\u00e4miert. Doch es gibt noch viel mehr ausgezeichnete Arbeitgeber. (Bild: UMB)<\/figcaption><\/figure>\n<p><a href=\"https:\/\/www.umb.ch\/blog\/news\/detail\/grossartig-umb-ist-erneut-beste-schweizer-arbeitgeberin?utm_source=hs_email&amp;utm_medium=email&amp;utm_content=87917023&amp;_hsenc=p2ANqtz-_t2WfQVxKinNW2E96o4E59nLvqMtHekK7AD7KDQyiga4lSj0qq7RNDvSPMQOiTs5Dd6nqn4kQqNozfrTSzFYxkDe1f2w&amp;_hsmi=87917023\">UMB<\/a>, <a href=\"https:\/\/www.abbvie.ch\/\">AbbVie<\/a> und <a href=\"https:\/\/www.organisator.ch\/die-csp-ag-ist-ein-great-place-to-work\/\">CSP<\/a> heissen die besten Arbeitgeber der Schweiz in ihren jeweiligen Kategorien. Dieses Resultat basiert auf dem Feedback von \u00fcber 17&#8217;000 Mitarbeitenden, die von Great Place to Work befragt wurden. 4 von 5 Mitarbeitende w\u00fcrden diese Firmen ihren Freunden und Bekannten weiterempfehlen. Die Preisverleihung f\u00fcr die 12. Ausgabe dieses Wettbewerbs erfolgte zum ersten Mal nicht im Rahmen einer feierlichen Veranstaltung, sondern aufgrund der Corona-Krise rein virtuell. \u00dcber 200 Unternehmen haben sich dieses Jahr der unabh\u00e4ngigen Analyse ihrer Arbeitsplatzkultur gestellt \u2013\u00a0doch gerade mal 46 haben es auf die Liste der Besten geschafft.<\/p>\n<h2>Bekannte Brands unter den Top-Arbeitgebern<\/h2>\n<p>Mit UMB schwingt bei den grossen Unternehmen mit mehr als 250 Mitarbeitenden eine Firma oben aus, welche bereits 2016 und 2018 in der mittleren Kategorie als Gewinner hervorging. Auch AbbVie z\u00e4hlt seit langem zu den besten Arbeitgebern und wurde seit 2015 j\u00e4hrlich in der mittleren Kategorie (50-249 Mitarbeitende) ausgezeichnet. Dieses Jahr hat es nun zum Sieg gereicht. 2017 musst sich CSP AG Competence Solutions Project bei den kleinen Unternehmen bis 49 Mitarbeitende noch knapp geschlagen geben, dieses Jahr stehen sie zuoberst auf dem Podest.<\/p>\n<p>Unter den ausgezeichneten Arbeitgebern befinden sich nebst bekannten Marken wie Digitec Galaxus, IWC Schaffhausen, Sunrise, SAP und DHL viele Schweizer KMUs. F\u00fcr diese ist eine hervorragende Arbeitsplatzkultur ein wichtiges Instrument im Kampf um die besten Talente angesichts des Fachkr\u00e4ftemangels und des demografischen Wandels.<\/p>\n<h2><strong>Was es braucht, um zu den besten Arbeitgebern zu geh\u00f6ren<\/strong><\/h2>\n<p>Ausgezeichnete Arbeitgeber verstehen es, das Potential ihrer Mitarbeitenden nachhaltig zu entfalten. Die Basis daf\u00fcr bietet allem voran ein hohes Mass an Vertrauen, erreicht durch gelebte Werte und F\u00fchrungsqualit\u00e4t. Auch wenn sich diese Aspekte f\u00fcr die einzelnen Unternehmen individuell gestalten, lassen sich dennoch \u00fcbergreifende Trends und bew\u00e4hrte Praktiken identifizieren. Gleichzeitig zeigt sich, wo die gr\u00f6ssten Unterschiede zu einem durchschnittlichen Arbeitgeber liegen:<\/p>\n<figure id=\"attachment_6709\" aria-describedby=\"caption-attachment-6709\" style=\"width: 680px\" class=\"wp-caption alignnone\"><img loading=\"lazy\" decoding=\"async\" class=\"size-medium wp-image-6709\" src=\"https:\/\/www.organisator.ch\/wp-content\/uploads\/2020\/05\/Ausgezeichnete-Arbeitgeber-von-Mitarbeitenden-empfohlen_Organisator.jpg\" alt=\"\" width=\"680\" height=\"320\" srcset=\"https:\/\/www.organisator.ch\/wp-content\/uploads\/2020\/05\/Ausgezeichnete-Arbeitgeber-von-Mitarbeitenden-empfohlen_Organisator.jpg 680w, https:\/\/www.organisator.ch\/wp-content\/uploads\/2020\/05\/Ausgezeichnete-Arbeitgeber-von-Mitarbeitenden-empfohlen_Organisator-16x8.jpg 16w, https:\/\/www.organisator.ch\/wp-content\/uploads\/2020\/05\/Ausgezeichnete-Arbeitgeber-von-Mitarbeitenden-empfohlen_Organisator-372x175.jpg 372w, https:\/\/www.organisator.ch\/wp-content\/uploads\/2020\/05\/Ausgezeichnete-Arbeitgeber-von-Mitarbeitenden-empfohlen_Organisator-300x141.jpg 300w\" sizes=\"auto, (max-width: 680px) 100vw, 680px\" \/><figcaption id=\"caption-attachment-6709\" class=\"wp-caption-text\">Ausgezeichnete Arbeitgeber &#8211; und was es dazu braucht. (Grafik: Great Place to Work)<\/figcaption><\/figure>\n<p>Mitarbeitende wollen in Entscheide einbezogen werden, was mit gelebter Wertsch\u00e4tzung zu tun hat. Agile Unternehmen haben nicht den Anspruch, dass das Top-Management alle L\u00f6sungen parat hat. Vielmehr wird den Mitarbeitenden grosses Vertrauen entgegengebracht und sie motiviert, selber Ideen einzubringen. Leah Martorelli, Beraterin von Great Place to Work Switzerland, erkl\u00e4rt, wie dies beispielsweise UMB macht: \u00abUMB hat ein Portal geschaffen, in welchem jede Kollegin und jeder Kollege ganz einfach eine eigene Idee ver\u00f6ffentlichen, publik machen und sich so an der Weiterentwicklung des Unternehmens beteiligen kann: Gef\u00e4llt eine Innovation, ein Vorschlag, kann die Kollegin\/der Kollege einfach ein \u00ablike\u00bb vergeben. Jede und jeder, der eine Innovation ver\u00f6ffentlicht, soll nicht nur der Ideenlieferant ist, sondern darf und soll aktiv bei der Umsetzung mitgestalten.\u00bb<\/p>\n<h2>Sinnhaftigkeit in der Arbeit<\/h2>\n<p>Auch Sinnhaftigkeit in der Arbeit und der Stolz auf das Unternehmen werden immer wichtigere Treiber f\u00fcr die Mitarbeiterzufriedenheit. Exemplarisch nennt Dr. Thomas Schneider, Consultant und Mitinhaber von Great Place to Work Switzerland, das Pharmaunternehmen AbbVie: \u00abDie Behandlung von fortgeschrittenem Parkinson ist eine grosse Herausforderung. Deshalb ist es AbbVie wichtig, jeden einzelnen Patienten zu feiern, dem sie durch ihre Behandlung eine bessere Lebensqualit\u00e4t erm\u00f6glichen. Anfangs Monat wird deshalb mit einer Schiffsglocke die erfreuliche Anzahl neuer Patienten mitgeteilt. Jeder Glockenschlag in der Cafeteria bedeutet die Verbesserung der Lebensqualit\u00e4t eines Parkinson Patienten durch die AbbVie-Therapie. Diese Signalgebung soll die Mitarbeitenden bis Ende Jahr begleiten und aufzeigen, dass AbbVie Monat f\u00fcr Monat Gutes leistet und hinter jedem Glockenschlag eine hervorragende Teamarbeit steht.\u00bb<\/p>\n<p>Auch die bei den mittleren Unternehmen auf Platz 3 rangierte APP Unternehmensberatung setzt auf den Einbezug der Mitarbeitenden, wie die Beraterin Christine Meyenhofer von Great Place to Work Switzerland weiss: \u00abBeim j\u00e4hrlich stattfindenden dreit\u00e4gigen Zukunftsseminars wirken die Mitarbeitenden unter anderem bei der Weiterentwicklung der Werte, Vision und Unternehmenspolitik mit. Obwohl es weniger aufw\u00e4ndig w\u00e4re, hierbei nur die Gesch\u00e4ftsleitung zu involvieren, bietet der gew\u00e4hlte partizipative Ansatz einen klaren Mehrwert, da die erarbeiteten Inhalte breiter abgest\u00fctzt sind.\u00bb<\/p>\n<h2>Ausgezeichnete Arbeitgeber: Das Ranking 2020<\/h2>\n<p><em><strong>Grosse Unternehmen (250+ Mitarbeitende)<\/strong><\/em><\/p>\n<ol>\n<li>UMB AG (Informations- und Telekommunikationstechnologie, 342 Mitarbeitende)<\/li>\n<li>DHL Express (Schweiz) AG (Transport &amp; Fracht &#8211; G\u00fcterverkehr und Fracht, 1280 Mitarbeitende)<\/li>\n<li>AWK Group AG (Informations- und Telekommunikationstechnologie &#8211; IT Consulting, 320 Mitarbeitende)<\/li>\n<\/ol>\n<p><em><strong>Mittelgrosse Unternehmen (50-249 Mitarbeitende)<\/strong><\/em><\/p>\n<ol>\n<li>AbbVie AG (Biotechnologie &amp; Pharmazeutische Industrie &#8211; Biotechnologie, 165 Mitarbeitende)<\/li>\n<li>Amgen Switzerland AG (Biotechnologie &amp; Pharmazeutische Industrie, 79 Mitarbeitende)<\/li>\n<li>APP Unternehmensberatung AG (Dienstleistungen &#8211; Beratung &#8211; Management, 84 Mitarbeitende)<\/li>\n<\/ol>\n<p><em><strong>Kleine Unternehmen (20-49 Mitarbeitende)<\/strong><\/em><\/p>\n<ol>\n<li>CSP AG Competence Solutions Projects (Dienstleistungen &#8211; Beratung &#8211; Management, 33 Mitarbeitende)<\/li>\n<li>Hilton (Gastgewerbe &#8211; Hotel &amp; Ferienanlagen, 43 Mitarbeitende)<\/li>\n<li>Steinmann &amp; Partner GmbH (Dienstleistungen, 21 Mitarbeitende)<\/li>\n<\/ol>\n<p><em>Die vollst\u00e4ndige Liste finden Sie auf <a href=\"https:\/\/www.greatplacetowork.ch\/ausgezeichnete-arbeitgeber\/schweiz\/2020\/\">https:\/\/www.greatplacetowork.ch\/ausgezeichnete-arbeitgeber\/schweiz\/2020\/<\/a><\/em><\/p>\n","protected":false},"excerpt":{"rendered":"<p>UMB, AbbVie und CSP heissen die besten Arbeitgeber der Schweiz in ihren jeweiligen Kategorien. Dieses Resultat basiert auf dem Feedback von \u00fcber 17&#8217;000 Mitarbeitenden, die von Great Place to Work befragt wurden. 4 von 5 Mitarbeitende w\u00fcrden diese Firmen ihren Freunden und Bekannten weiterempfehlen. Die Preisverleihung f\u00fcr die 12. Ausgabe dieses Wettbewerbs erfolgte zum ersten [&hellip;]<\/p>\n","protected":false},"author":4,"featured_media":6710,"comment_status":"closed","ping_status":"closed","sticky":false,"template":"","format":"standard","meta":{"_acf_changed":false,"_yoast_wpseo_focuskw":"ausgezeichnete Arbeitgeber","_yoast_wpseo_metadesc":"In der Schweiz wurden \u00fcber 17'000 Mitarbeitende in \u00fcber 200 Firmen befragt. Das Ergebnis sind ausgezeichnete Arbeitgeber, die weiterempfohlen werden.","articlekey":"","footnotes":""},"categories":[28],"tags":[51,66,254,335,407],"class_list":["post-6708","post","type-post","status-publish","format-standard","has-post-thumbnail","hentry","category-management","tag-arbeitsplatzgestaltung","tag-awards","tag-hrm","tag-management-und-unternehmensfuehrung","tag-recruiting"],"acf":[],"yoast_head":"<!-- This site is optimized with the Yoast SEO plugin v27.4 - https:\/\/yoast.com\/product\/yoast-seo-wordpress\/ -->\n<title>Ausgezeichnete Arbeitgeber - von Mitarbeitenden empfohlen - Organisator<\/title>\n<meta name=\"description\" content=\"In der Schweiz wurden \u00fcber 17&#039;000 Mitarbeitende in \u00fcber 200 Firmen befragt. Das Ergebnis sind ausgezeichnete Arbeitgeber, die weiterempfohlen werden.\" \/>\n<meta name=\"robots\" content=\"index, follow, max-snippet:-1, max-image-preview:large, max-video-preview:-1\" \/>\n<link rel=\"canonical\" href=\"https:\/\/www.organisator.ch\/de\/management\/2020-05-14\/ausgezeichnete-arbeitgeber-von-mitarbeitenden-empfohlen\/\" \/>\n<meta property=\"og:locale\" content=\"de_DE\" \/>\n<meta property=\"og:type\" content=\"article\" \/>\n<meta property=\"og:title\" content=\"Ausgezeichnete Arbeitgeber - von Mitarbeitenden empfohlen\" \/>\n<meta property=\"og:description\" content=\"In der Schweiz wurden \u00fcber 17&#039;000 Mitarbeitende in \u00fcber 200 Firmen befragt. Das Ergebnis sind ausgezeichnete Arbeitgeber, die weiterempfohlen werden.\" \/>\n<meta property=\"og:url\" content=\"https:\/\/www.organisator.ch\/de\/management\/2020-05-14\/ausgezeichnete-arbeitgeber-von-mitarbeitenden-empfohlen\/\" \/>\n<meta property=\"og:site_name\" content=\"Organisator\" \/>\n<meta property=\"article:publisher\" content=\"https:\/\/www.facebook.com\/OrganisatorFachmagazin\" \/>\n<meta property=\"article:published_time\" content=\"2020-05-14T11:55:46+00:00\" \/>\n<meta property=\"og:image\" content=\"https:\/\/www.organisator.ch\/wp-content\/uploads\/2020\/05\/Ausgezeichnete-Arbeitgeber-von-Mitarbeitenden-empfohlen2_Organisator.jpg\" \/>\n\t<meta property=\"og:image:width\" content=\"680\" \/>\n\t<meta property=\"og:image:height\" content=\"381\" \/>\n\t<meta property=\"og:image:type\" content=\"image\/jpeg\" \/>\n<meta name=\"author\" content=\"thomas.berner\" \/>\n<meta name=\"twitter:card\" content=\"summary_large_image\" \/>\n<meta name=\"twitter:title\" content=\"Ausgezeichnete #Arbeitgeber - von #Mitarbeitenden empfohlen\" \/>\n<meta name=\"twitter:description\" content=\"In der Schweiz wurden \u00fcber 17&#039;000 #Mitarbeitende in \u00fcber 200 Firmen befragt. Das Ergebnis sind ausgezeichnete #Arbeitgeber, die weiterempfohlen werden.\" \/>\n<meta name=\"twitter:image\" content=\"https:\/\/www.organisator.ch\/wp-content\/uploads\/2020\/05\/Ausgezeichnete-Arbeitgeber-von-Mitarbeitenden-empfohlen2_Organisator.jpg\" \/>\n<script type=\"application\/ld+json\" class=\"yoast-schema-graph\">{\"@context\":\"https:\\\/\\\/schema.org\",\"@graph\":[{\"@type\":\"Article\",\"@id\":\"https:\\\/\\\/www.organisator.ch\\\/management\\\/2020-05-14\\\/ausgezeichnete-arbeitgeber-von-mitarbeitenden-empfohlen\\\/#article\",\"isPartOf\":{\"@id\":\"https:\\\/\\\/www.organisator.ch\\\/management\\\/2020-05-14\\\/ausgezeichnete-arbeitgeber-von-mitarbeitenden-empfohlen\\\/\"},\"author\":{\"name\":\"thomas.berner\",\"@id\":\"https:\\\/\\\/www.organisator.ch\\\/#\\\/schema\\\/person\\\/6f650f90b2842cd4c0cc334b4e36f67e\"},\"headline\":\"Ausgezeichnete Arbeitgeber &#8211; von Mitarbeitenden empfohlen\",\"datePublished\":\"2020-05-14T11:55:46+00:00\",\"mainEntityOfPage\":{\"@id\":\"https:\\\/\\\/www.organisator.ch\\\/management\\\/2020-05-14\\\/ausgezeichnete-arbeitgeber-von-mitarbeitenden-empfohlen\\\/\"},\"wordCount\":795,\"publisher\":{\"@id\":\"https:\\\/\\\/www.organisator.ch\\\/#organization\"},\"image\":{\"@id\":\"https:\\\/\\\/www.organisator.ch\\\/management\\\/2020-05-14\\\/ausgezeichnete-arbeitgeber-von-mitarbeitenden-empfohlen\\\/#primaryimage\"},\"thumbnailUrl\":\"https:\\\/\\\/www.organisator.ch\\\/wp-content\\\/uploads\\\/2020\\\/05\\\/Ausgezeichnete-Arbeitgeber-von-Mitarbeitenden-empfohlen2_Organisator.jpg\",\"keywords\":[\"Arbeitsplatzgestaltung\",\"Awards\",\"HRM\",\"Management und Unternehmensf\u00fchrung\",\"Recruiting\"],\"articleSection\":[\"MANAGEMENT\"],\"inLanguage\":\"de\"},{\"@type\":\"WebPage\",\"@id\":\"https:\\\/\\\/www.organisator.ch\\\/management\\\/2020-05-14\\\/ausgezeichnete-arbeitgeber-von-mitarbeitenden-empfohlen\\\/\",\"url\":\"https:\\\/\\\/www.organisator.ch\\\/management\\\/2020-05-14\\\/ausgezeichnete-arbeitgeber-von-mitarbeitenden-empfohlen\\\/\",\"name\":\"Ausgezeichnete Arbeitgeber - von Mitarbeitenden empfohlen - Organisator\",\"isPartOf\":{\"@id\":\"https:\\\/\\\/www.organisator.ch\\\/#website\"},\"primaryImageOfPage\":{\"@id\":\"https:\\\/\\\/www.organisator.ch\\\/management\\\/2020-05-14\\\/ausgezeichnete-arbeitgeber-von-mitarbeitenden-empfohlen\\\/#primaryimage\"},\"image\":{\"@id\":\"https:\\\/\\\/www.organisator.ch\\\/management\\\/2020-05-14\\\/ausgezeichnete-arbeitgeber-von-mitarbeitenden-empfohlen\\\/#primaryimage\"},\"thumbnailUrl\":\"https:\\\/\\\/www.organisator.ch\\\/wp-content\\\/uploads\\\/2020\\\/05\\\/Ausgezeichnete-Arbeitgeber-von-Mitarbeitenden-empfohlen2_Organisator.jpg\",\"datePublished\":\"2020-05-14T11:55:46+00:00\",\"description\":\"In der Schweiz wurden \u00fcber 17'000 Mitarbeitende in \u00fcber 200 Firmen befragt. Das Ergebnis sind ausgezeichnete Arbeitgeber, die weiterempfohlen werden.\",\"breadcrumb\":{\"@id\":\"https:\\\/\\\/www.organisator.ch\\\/management\\\/2020-05-14\\\/ausgezeichnete-arbeitgeber-von-mitarbeitenden-empfohlen\\\/#breadcrumb\"},\"inLanguage\":\"de\",\"potentialAction\":[{\"@type\":\"ReadAction\",\"target\":[\"https:\\\/\\\/www.organisator.ch\\\/management\\\/2020-05-14\\\/ausgezeichnete-arbeitgeber-von-mitarbeitenden-empfohlen\\\/\"]}]},{\"@type\":\"ImageObject\",\"inLanguage\":\"de\",\"@id\":\"https:\\\/\\\/www.organisator.ch\\\/management\\\/2020-05-14\\\/ausgezeichnete-arbeitgeber-von-mitarbeitenden-empfohlen\\\/#primaryimage\",\"url\":\"https:\\\/\\\/www.organisator.ch\\\/wp-content\\\/uploads\\\/2020\\\/05\\\/Ausgezeichnete-Arbeitgeber-von-Mitarbeitenden-empfohlen2_Organisator.jpg\",\"contentUrl\":\"https:\\\/\\\/www.organisator.ch\\\/wp-content\\\/uploads\\\/2020\\\/05\\\/Ausgezeichnete-Arbeitgeber-von-Mitarbeitenden-empfohlen2_Organisator.jpg\",\"width\":680,\"height\":381,\"caption\":\"UMB wurde zum vierten Mal in Folge als bester Arbeitgeber der Schweiz pr\u00e4miert. Doch es gibt noch viel mehr ausgezeichnete Arbeitgeber. (Bild: UMB)\"},{\"@type\":\"BreadcrumbList\",\"@id\":\"https:\\\/\\\/www.organisator.ch\\\/management\\\/2020-05-14\\\/ausgezeichnete-arbeitgeber-von-mitarbeitenden-empfohlen\\\/#breadcrumb\",\"itemListElement\":[{\"@type\":\"ListItem\",\"position\":1,\"name\":\"Home\",\"item\":\"https:\\\/\\\/www.organisator.ch\\\/\"},{\"@type\":\"ListItem\",\"position\":2,\"name\":\"Ausgezeichnete Arbeitgeber &#8211; von Mitarbeitenden empfohlen\"}]},{\"@type\":\"WebSite\",\"@id\":\"https:\\\/\\\/www.organisator.ch\\\/#website\",\"url\":\"https:\\\/\\\/www.organisator.ch\\\/\",\"name\":\"Organisator\",\"description\":\"Kompetent. Praxisnah. Der ORGANISATOR bereitet in 10 Ausgaben pro Jahr die wesentlichen Themen f\u00fcr F\u00fchrungskr\u00e4fte von KMU auf.\",\"publisher\":{\"@id\":\"https:\\\/\\\/www.organisator.ch\\\/#organization\"},\"potentialAction\":[{\"@type\":\"SearchAction\",\"target\":{\"@type\":\"EntryPoint\",\"urlTemplate\":\"https:\\\/\\\/www.organisator.ch\\\/?s={search_term_string}\"},\"query-input\":{\"@type\":\"PropertyValueSpecification\",\"valueRequired\":true,\"valueName\":\"search_term_string\"}}],\"inLanguage\":\"de\"},{\"@type\":\"Organization\",\"@id\":\"https:\\\/\\\/www.organisator.ch\\\/#organization\",\"name\":\"Organisator\",\"url\":\"https:\\\/\\\/www.organisator.ch\\\/\",\"logo\":{\"@type\":\"ImageObject\",\"inLanguage\":\"de\",\"@id\":\"https:\\\/\\\/www.organisator.ch\\\/#\\\/schema\\\/logo\\\/image\\\/\",\"url\":\"https:\\\/\\\/www.organisator.ch\\\/wp-content\\\/uploads\\\/2022\\\/01\\\/Logo_Organisator_Website.png\",\"contentUrl\":\"https:\\\/\\\/www.organisator.ch\\\/wp-content\\\/uploads\\\/2022\\\/01\\\/Logo_Organisator_Website.png\",\"width\":800,\"height\":77,\"caption\":\"Organisator\"},\"image\":{\"@id\":\"https:\\\/\\\/www.organisator.ch\\\/#\\\/schema\\\/logo\\\/image\\\/\"},\"sameAs\":[\"https:\\\/\\\/www.facebook.com\\\/OrganisatorFachmagazin\",\"https:\\\/\\\/www.linkedin.com\\\/showcase\\\/organisator-das-magazin-fr-kmu\",\"https:\\\/\\\/www.xing.com\\\/news\\\/pages\\\/organisator-ch-695\",\"https:\\\/\\\/www.youtube.com\\\/channel\\\/UCGP2Sq0iWaZwT3BdIAQFYpw\"]},{\"@type\":\"Person\",\"@id\":\"https:\\\/\\\/www.organisator.ch\\\/#\\\/schema\\\/person\\\/6f650f90b2842cd4c0cc334b4e36f67e\",\"name\":\"thomas.berner\",\"image\":{\"@type\":\"ImageObject\",\"inLanguage\":\"de\",\"@id\":\"https:\\\/\\\/secure.gravatar.com\\\/avatar\\\/ac5001d2a36cb6c6cd3e50789007ffca834b477b74a2144564522e944eabff61?s=96&d=mm&r=g\",\"url\":\"https:\\\/\\\/secure.gravatar.com\\\/avatar\\\/ac5001d2a36cb6c6cd3e50789007ffca834b477b74a2144564522e944eabff61?s=96&d=mm&r=g\",\"contentUrl\":\"https:\\\/\\\/secure.gravatar.com\\\/avatar\\\/ac5001d2a36cb6c6cd3e50789007ffca834b477b74a2144564522e944eabff61?s=96&d=mm&r=g\",\"caption\":\"thomas.berner\"},\"url\":\"https:\\\/\\\/www.organisator.ch\\\/de\\\/author\\\/thomas-berner\\\/\"}]}<\/script>\n<!-- \/ Yoast SEO plugin. -->","yoast_head_json":{"title":"Ausgezeichnete Arbeitgeber - von Mitarbeitenden empfohlen - Organisator","description":"In der Schweiz wurden \u00fcber 17'000 Mitarbeitende in \u00fcber 200 Firmen befragt. Das Ergebnis sind ausgezeichnete Arbeitgeber, die weiterempfohlen werden.","robots":{"index":"index","follow":"follow","max-snippet":"max-snippet:-1","max-image-preview":"max-image-preview:large","max-video-preview":"max-video-preview:-1"},"canonical":"https:\/\/www.organisator.ch\/de\/management\/2020-05-14\/ausgezeichnete-arbeitgeber-von-mitarbeitenden-empfohlen\/","og_locale":"de_DE","og_type":"article","og_title":"Ausgezeichnete Arbeitgeber - von Mitarbeitenden empfohlen","og_description":"In der Schweiz wurden \u00fcber 17'000 Mitarbeitende in \u00fcber 200 Firmen befragt. Das Ergebnis sind ausgezeichnete Arbeitgeber, die weiterempfohlen werden.","og_url":"https:\/\/www.organisator.ch\/de\/management\/2020-05-14\/ausgezeichnete-arbeitgeber-von-mitarbeitenden-empfohlen\/","og_site_name":"Organisator","article_publisher":"https:\/\/www.facebook.com\/OrganisatorFachmagazin","article_published_time":"2020-05-14T11:55:46+00:00","og_image":[{"width":680,"height":381,"url":"https:\/\/www.organisator.ch\/wp-content\/uploads\/2020\/05\/Ausgezeichnete-Arbeitgeber-von-Mitarbeitenden-empfohlen2_Organisator.jpg","type":"image\/jpeg"}],"author":"thomas.berner","twitter_card":"summary_large_image","twitter_title":"Ausgezeichnete #Arbeitgeber - von #Mitarbeitenden empfohlen","twitter_description":"In der Schweiz wurden \u00fcber 17'000 #Mitarbeitende in \u00fcber 200 Firmen befragt. Das Ergebnis sind ausgezeichnete #Arbeitgeber, die weiterempfohlen werden.","twitter_image":"https:\/\/www.organisator.ch\/wp-content\/uploads\/2020\/05\/Ausgezeichnete-Arbeitgeber-von-Mitarbeitenden-empfohlen2_Organisator.jpg","schema":{"@context":"https:\/\/schema.org","@graph":[{"@type":"Article","@id":"https:\/\/www.organisator.ch\/management\/2020-05-14\/ausgezeichnete-arbeitgeber-von-mitarbeitenden-empfohlen\/#article","isPartOf":{"@id":"https:\/\/www.organisator.ch\/management\/2020-05-14\/ausgezeichnete-arbeitgeber-von-mitarbeitenden-empfohlen\/"},"author":{"name":"thomas.berner","@id":"https:\/\/www.organisator.ch\/#\/schema\/person\/6f650f90b2842cd4c0cc334b4e36f67e"},"headline":"Ausgezeichnete Arbeitgeber &#8211; von Mitarbeitenden empfohlen","datePublished":"2020-05-14T11:55:46+00:00","mainEntityOfPage":{"@id":"https:\/\/www.organisator.ch\/management\/2020-05-14\/ausgezeichnete-arbeitgeber-von-mitarbeitenden-empfohlen\/"},"wordCount":795,"publisher":{"@id":"https:\/\/www.organisator.ch\/#organization"},"image":{"@id":"https:\/\/www.organisator.ch\/management\/2020-05-14\/ausgezeichnete-arbeitgeber-von-mitarbeitenden-empfohlen\/#primaryimage"},"thumbnailUrl":"https:\/\/www.organisator.ch\/wp-content\/uploads\/2020\/05\/Ausgezeichnete-Arbeitgeber-von-Mitarbeitenden-empfohlen2_Organisator.jpg","keywords":["Arbeitsplatzgestaltung","Awards","HRM","Management und Unternehmensf\u00fchrung","Recruiting"],"articleSection":["MANAGEMENT"],"inLanguage":"de"},{"@type":"WebPage","@id":"https:\/\/www.organisator.ch\/management\/2020-05-14\/ausgezeichnete-arbeitgeber-von-mitarbeitenden-empfohlen\/","url":"https:\/\/www.organisator.ch\/management\/2020-05-14\/ausgezeichnete-arbeitgeber-von-mitarbeitenden-empfohlen\/","name":"Ausgezeichnete Arbeitgeber - von Mitarbeitenden empfohlen - Organisator","isPartOf":{"@id":"https:\/\/www.organisator.ch\/#website"},"primaryImageOfPage":{"@id":"https:\/\/www.organisator.ch\/management\/2020-05-14\/ausgezeichnete-arbeitgeber-von-mitarbeitenden-empfohlen\/#primaryimage"},"image":{"@id":"https:\/\/www.organisator.ch\/management\/2020-05-14\/ausgezeichnete-arbeitgeber-von-mitarbeitenden-empfohlen\/#primaryimage"},"thumbnailUrl":"https:\/\/www.organisator.ch\/wp-content\/uploads\/2020\/05\/Ausgezeichnete-Arbeitgeber-von-Mitarbeitenden-empfohlen2_Organisator.jpg","datePublished":"2020-05-14T11:55:46+00:00","description":"In der Schweiz wurden \u00fcber 17'000 Mitarbeitende in \u00fcber 200 Firmen befragt. Das Ergebnis sind ausgezeichnete Arbeitgeber, die weiterempfohlen werden.","breadcrumb":{"@id":"https:\/\/www.organisator.ch\/management\/2020-05-14\/ausgezeichnete-arbeitgeber-von-mitarbeitenden-empfohlen\/#breadcrumb"},"inLanguage":"de","potentialAction":[{"@type":"ReadAction","target":["https:\/\/www.organisator.ch\/management\/2020-05-14\/ausgezeichnete-arbeitgeber-von-mitarbeitenden-empfohlen\/"]}]},{"@type":"ImageObject","inLanguage":"de","@id":"https:\/\/www.organisator.ch\/management\/2020-05-14\/ausgezeichnete-arbeitgeber-von-mitarbeitenden-empfohlen\/#primaryimage","url":"https:\/\/www.organisator.ch\/wp-content\/uploads\/2020\/05\/Ausgezeichnete-Arbeitgeber-von-Mitarbeitenden-empfohlen2_Organisator.jpg","contentUrl":"https:\/\/www.organisator.ch\/wp-content\/uploads\/2020\/05\/Ausgezeichnete-Arbeitgeber-von-Mitarbeitenden-empfohlen2_Organisator.jpg","width":680,"height":381,"caption":"UMB wurde zum vierten Mal in Folge als bester Arbeitgeber der Schweiz pr\u00e4miert. Doch es gibt noch viel mehr ausgezeichnete Arbeitgeber. (Bild: UMB)"},{"@type":"BreadcrumbList","@id":"https:\/\/www.organisator.ch\/management\/2020-05-14\/ausgezeichnete-arbeitgeber-von-mitarbeitenden-empfohlen\/#breadcrumb","itemListElement":[{"@type":"ListItem","position":1,"name":"Home","item":"https:\/\/www.organisator.ch\/"},{"@type":"ListItem","position":2,"name":"Ausgezeichnete Arbeitgeber &#8211; von Mitarbeitenden empfohlen"}]},{"@type":"WebSite","@id":"https:\/\/www.organisator.ch\/#website","url":"https:\/\/www.organisator.ch\/","name":"Organisator","description":"Kompetent. Praxisnah. Der ORGANISATOR bereitet in 10 Ausgaben pro Jahr die wesentlichen Themen f\u00fcr F\u00fchrungskr\u00e4fte von KMU auf.","publisher":{"@id":"https:\/\/www.organisator.ch\/#organization"},"potentialAction":[{"@type":"SearchAction","target":{"@type":"EntryPoint","urlTemplate":"https:\/\/www.organisator.ch\/?s={search_term_string}"},"query-input":{"@type":"PropertyValueSpecification","valueRequired":true,"valueName":"search_term_string"}}],"inLanguage":"de"},{"@type":"Organization","@id":"https:\/\/www.organisator.ch\/#organization","name":"Organisator","url":"https:\/\/www.organisator.ch\/","logo":{"@type":"ImageObject","inLanguage":"de","@id":"https:\/\/www.organisator.ch\/#\/schema\/logo\/image\/","url":"https:\/\/www.organisator.ch\/wp-content\/uploads\/2022\/01\/Logo_Organisator_Website.png","contentUrl":"https:\/\/www.organisator.ch\/wp-content\/uploads\/2022\/01\/Logo_Organisator_Website.png","width":800,"height":77,"caption":"Organisator"},"image":{"@id":"https:\/\/www.organisator.ch\/#\/schema\/logo\/image\/"},"sameAs":["https:\/\/www.facebook.com\/OrganisatorFachmagazin","https:\/\/www.linkedin.com\/showcase\/organisator-das-magazin-fr-kmu","https:\/\/www.xing.com\/news\/pages\/organisator-ch-695","https:\/\/www.youtube.com\/channel\/UCGP2Sq0iWaZwT3BdIAQFYpw"]},{"@type":"Person","@id":"https:\/\/www.organisator.ch\/#\/schema\/person\/6f650f90b2842cd4c0cc334b4e36f67e","name":"thomas.berner","image":{"@type":"ImageObject","inLanguage":"de","@id":"https:\/\/secure.gravatar.com\/avatar\/ac5001d2a36cb6c6cd3e50789007ffca834b477b74a2144564522e944eabff61?s=96&d=mm&r=g","url":"https:\/\/secure.gravatar.com\/avatar\/ac5001d2a36cb6c6cd3e50789007ffca834b477b74a2144564522e944eabff61?s=96&d=mm&r=g","contentUrl":"https:\/\/secure.gravatar.com\/avatar\/ac5001d2a36cb6c6cd3e50789007ffca834b477b74a2144564522e944eabff61?s=96&d=mm&r=g","caption":"thomas.berner"},"url":"https:\/\/www.organisator.ch\/de\/author\/thomas-berner\/"}]}},"_links":{"self":[{"href":"https:\/\/www.organisator.ch\/de\/wp-json\/wp\/v2\/posts\/6708","targetHints":{"allow":["GET"]}}],"collection":[{"href":"https:\/\/www.organisator.ch\/de\/wp-json\/wp\/v2\/posts"}],"about":[{"href":"https:\/\/www.organisator.ch\/de\/wp-json\/wp\/v2\/types\/post"}],"author":[{"embeddable":true,"href":"https:\/\/www.organisator.ch\/de\/wp-json\/wp\/v2\/users\/4"}],"replies":[{"embeddable":true,"href":"https:\/\/www.organisator.ch\/de\/wp-json\/wp\/v2\/comments?post=6708"}],"version-history":[{"count":0,"href":"https:\/\/www.organisator.ch\/de\/wp-json\/wp\/v2\/posts\/6708\/revisions"}],"wp:featuredmedia":[{"embeddable":true,"href":"https:\/\/www.organisator.ch\/de\/wp-json\/wp\/v2\/media\/6710"}],"wp:attachment":[{"href":"https:\/\/www.organisator.ch\/de\/wp-json\/wp\/v2\/media?parent=6708"}],"wp:term":[{"taxonomy":"category","embeddable":true,"href":"https:\/\/www.organisator.ch\/de\/wp-json\/wp\/v2\/categories?post=6708"},{"taxonomy":"post_tag","embeddable":true,"href":"https:\/\/www.organisator.ch\/de\/wp-json\/wp\/v2\/tags?post=6708"}],"curies":[{"name":"wp","href":"https:\/\/api.w.org\/{rel}","templated":true}]}}