{"id":6718,"date":"2020-05-18T09:18:08","date_gmt":"2020-05-18T07:18:08","guid":{"rendered":"https:\/\/www.organisator.ch\/?p=6718"},"modified":"2020-05-18T09:18:08","modified_gmt":"2020-05-18T07:18:08","slug":"generationenwechsel-bei-rausch-ag-kreuzlingen","status":"publish","type":"post","link":"https:\/\/www.organisator.ch\/de\/management\/2020-05-18\/generationenwechsel-bei-rausch-ag-kreuzlingen\/","title":{"rendered":"Generationenwechsel bei Rausch AG Kreuzlingen"},"content":{"rendered":"<figure id=\"attachment_6719\" aria-describedby=\"caption-attachment-6719\" style=\"width: 680px\" class=\"wp-caption alignnone\"><img loading=\"lazy\" decoding=\"async\" class=\"size-medium wp-image-6719\" src=\"https:\/\/www.organisator.ch\/wp-content\/uploads\/2020\/05\/Generationenwechsel-bei-Rausch-AG-Kreuzlingen_Organisator.jpg\" alt=\"\" width=\"680\" height=\"453\" srcset=\"https:\/\/www.organisator.ch\/wp-content\/uploads\/2020\/05\/Generationenwechsel-bei-Rausch-AG-Kreuzlingen_Organisator.jpg 680w, https:\/\/www.organisator.ch\/wp-content\/uploads\/2020\/05\/Generationenwechsel-bei-Rausch-AG-Kreuzlingen_Organisator-16x12.jpg 16w, https:\/\/www.organisator.ch\/wp-content\/uploads\/2020\/05\/Generationenwechsel-bei-Rausch-AG-Kreuzlingen_Organisator-263x175.jpg 263w, https:\/\/www.organisator.ch\/wp-content\/uploads\/2020\/05\/Generationenwechsel-bei-Rausch-AG-Kreuzlingen_Organisator-525x350.jpg 525w, https:\/\/www.organisator.ch\/wp-content\/uploads\/2020\/05\/Generationenwechsel-bei-Rausch-AG-Kreuzlingen_Organisator-300x200.jpg 300w\" sizes=\"auto, (max-width: 680px) 100vw, 680px\" \/><figcaption id=\"caption-attachment-6719\" class=\"wp-caption-text\">Vollziehen den Generationenwechsel bei Rausch AG Kreuzlingen: Tom, Marco und Lucas Baumann. (Bild: Rausch AG Kreuzlingen)<\/figcaption><\/figure>\n<p>Generationenwechsel bei Rausch AG in Kreuzlingen: Die beiden S\u00f6hne Lucas Baumann (41) und Tom Baumann (39) \u00fcbernehmen von ihrem Vater die Aktienmehrheit der Rausch AG Kreuzlingen. Marco Baumann, der 1968 in das Unternehmen eintrat und es von 1974 bis 2016 sehr erfolgreich f\u00fchrte, gibt das Verwaltungsratspr\u00e4sidium ab und tritt auch aus dem Verwaltungsrat aus. Neu \u00fcbernimmt das langj\u00e4hrige Verwaltungsratsmitglied Peter Muri, Rechtsanwalt, das Verwaltungsratspr\u00e4sidium des Familienunternehmens. \u00abEs ist f\u00fcr mich eine grosse Freude, das Ruder unseres Traditionsunternehmens der n\u00e4chsten Generation anzuvertrauen und somit die Marke RAUSCH in die Zukunft zu f\u00fchren\u00bb, sagt Marco Baumann zum Generationenwechsel.<\/p>\n<h2>Generationenwechsel nun vollzogen<\/h2>\n<p>Die Zukunft des 130-j\u00e4hrigen Ostschweizer Familienunternehmens ist somit gesichert. Die beiden S\u00f6hne von Marco Baumann, Lucas Baumann und Tom Baumann, \u00fcbernehmen zu gleichen Anteilen die Aktienmehrheit der Rausch AG Kreuzlingen. Marco Baumann bleibt als Minderheitsaktion\u00e4r mit dem Unternehmen verbunden. Mit dem R\u00fccktritt von Marco Baumann \u00e4ndert sich auch die Konstellation des Verwaltungsrates. Neu \u00fcbernimmt das langj\u00e4hrige Verwaltungsratsmitglied Peter Muri das Verwaltungsratspr\u00e4sidium. Das bisherige Verwaltungsratsmitglied Rolf G. Schmid bleibt Verwaltungsratsdelegierter. Zusammen mit den beiden S\u00f6hnen Lucas Baumann und Tom Baumann, die dem Verwaltungsrat weiterhin angeh\u00f6ren, werden die Vision und die strategischen Ziele des Unternehmens neu definiert und weiterentwickelt. In der operativen Gesch\u00e4ftsf\u00fchrung gibt es keine \u00c4nderung. Lucas Baumann, im Jahr 2012 als Marketing- und Kommunikationsleiter wieder ins Unternehmen eingestiegen und bereits seit 2016 als CEO agierend, wird weiterhin die operative F\u00fchrung des Unternehmens verantworten. Sein Bruder Tom bringt sich im Verwaltungsrat ein.<\/p>\n<h2>Die Erfolgsgeschichte von Marco Baumann<\/h2>\n<p>Im Jahr 1968 ist Marco Baumann dem Unternehmen im Innen- und Aussendienst beigetreten. Von Kindesbeinen an hat er bei der Kr\u00e4uterernte und Produktion mitgeholfen. \u00abDas sind sch\u00f6ne Erinnerungen. Kamille, Zinnkraut, Spitzwegerich, Malve, Brennnessel und Salbei \u2013 diese Pflanzen sind mein Leben\u00bb, blickt der ambitionierte und fachkundige Unternehmer zur\u00fcck, der zu Beginn jede Apotheke und Drogerie der Schweiz und 7000 Coiffeure besuchte, um seine Kr\u00e4uter-Pflegespezialit\u00e4ten vorzustellen. 1974 wandelten Marco Baumann und sein Bruder Dr. J. Alexander Baumann das Unternehmen in die Rausch AG Kreuzlingen um und f\u00fchrten es gemeinsam erfolgreich bis 2006. Bis 2016 amtierte Marco Baumann als alleiniger Inhaber und Gesch\u00e4ftsf\u00fchrer. Bis heute entwickelte sich das Unternehmen von 15 Mitarbeitern zu einem internationalen, in 27 L\u00e4ndern agierenden, Unternehmen mit \u00fcber 160 Mitarbeitern. \u00abDie Erfolgsgeschichte unseres Vaters ist einzigartig. Er hat das Unternehmen zu einem der bedeutendsten Arbeitgeber der Region in Kreuzlingen entwickelt und die Marke auch im hart umk\u00e4mpften Umfeld erfolgreich positioniert. Wir freuen uns, diese Erfolgsgeschichte weiter schreiben zu d\u00fcrfen.\u00bb, so Tom und Lucas Baumann.<\/p>\n<h2>Blick in die Zukunft<\/h2>\n<p>Die Familie Baumann und der Verwaltungsrat halten an der einzigartigen Firmenphilosophie fest. \u00abMit \u00fcber einem Jahrhundert an Erfahrung extrahieren wir aus handverlesenen Kr\u00e4utern mit hauseigenen Verfahren ihre nat\u00fcrlichen Wirkstoffe und machen diesen Schatz f\u00fcr unsere Kundinnen und Kunden nutzbar. Einzigartig und unverwechselbar &#8211; durch beste Rohstoffe und hochwertige Qualit\u00e4t. Dabei ist f\u00fcr uns Umweltvertr\u00e4glichkeit und Nachhaltigkeit eine Selbstverst\u00e4ndlichkeit. Wir werden die Marke RAUSCH noch st\u00e4rker auf die Bed\u00fcrfnisse der Zielgruppen ausrichten und das Unternehmen ins digitale Zeitalter f\u00fchren.\u00bb, so Lucas Baumann.<\/p>\n<p><em>Quelle: <a href=\"http:\/\/www.rausch.ch\">Rausch AG Kreuzlingen<\/a><\/em><\/p>\n","protected":false},"excerpt":{"rendered":"<p>Generationenwechsel bei Rausch AG in Kreuzlingen: Die beiden S\u00f6hne Lucas Baumann (41) und Tom Baumann (39) \u00fcbernehmen von ihrem Vater die Aktienmehrheit der Rausch AG Kreuzlingen. Marco Baumann, der 1968 in das Unternehmen eintrat und es von 1974 bis 2016 sehr erfolgreich f\u00fchrte, gibt das Verwaltungsratspr\u00e4sidium ab und tritt auch aus dem Verwaltungsrat aus. Neu [&hellip;]<\/p>\n","protected":false},"author":4,"featured_media":6719,"comment_status":"closed","ping_status":"closed","sticky":false,"template":"","format":"standard","meta":{"_acf_changed":false,"_yoast_wpseo_focuskw":"Generationenwechsel bei Rausch","_yoast_wpseo_metadesc":"Generationenwechsel bei Rausch AG in der Eigent\u00fcmerschaft und Ver\u00e4nderungen im Verwaltungsrat: Ein Traditionsunternehmen sichert seine Zukunft.","articlekey":"","footnotes":""},"categories":[28],"tags":[207,334,492],"class_list":["post-6718","post","type-post","status-publish","format-standard","has-post-thumbnail","hentry","category-management","tag-firmennachfolge","tag-management","tag-unternehmen"],"acf":[],"yoast_head":"<!-- This site is optimized with the Yoast SEO plugin v27.5 - https:\/\/yoast.com\/product\/yoast-seo-wordpress\/ -->\n<title>Generationenwechsel bei Rausch AG Kreuzlingen - Organisator<\/title>\n<meta name=\"description\" content=\"Generationenwechsel bei Rausch AG in der Eigent\u00fcmerschaft und Ver\u00e4nderungen im Verwaltungsrat: Ein Traditionsunternehmen sichert seine Zukunft.\" \/>\n<meta name=\"robots\" content=\"index, follow, max-snippet:-1, max-image-preview:large, max-video-preview:-1\" \/>\n<link rel=\"canonical\" href=\"https:\/\/www.organisator.ch\/de\/management\/2020-05-18\/generationenwechsel-bei-rausch-ag-kreuzlingen\/\" \/>\n<meta property=\"og:locale\" content=\"de_DE\" \/>\n<meta property=\"og:type\" content=\"article\" \/>\n<meta property=\"og:title\" content=\"Generationenwechsel bei Rausch AG Kreuzlingen\" \/>\n<meta property=\"og:description\" content=\"Generationenwechsel bei Rausch AG in der Eigent\u00fcmerschaft und Ver\u00e4nderungen im Verwaltungsrat: Ein Traditionsunternehmen sichert seine Zukunft.\" \/>\n<meta property=\"og:url\" content=\"https:\/\/www.organisator.ch\/de\/management\/2020-05-18\/generationenwechsel-bei-rausch-ag-kreuzlingen\/\" \/>\n<meta property=\"og:site_name\" content=\"Organisator\" \/>\n<meta property=\"article:publisher\" content=\"https:\/\/www.facebook.com\/OrganisatorFachmagazin\" \/>\n<meta property=\"article:published_time\" content=\"2020-05-18T07:18:08+00:00\" \/>\n<meta property=\"og:image\" content=\"https:\/\/www.organisator.ch\/wp-content\/uploads\/2020\/05\/Generationenwechsel-bei-Rausch-AG-Kreuzlingen_Organisator.jpg\" \/>\n\t<meta property=\"og:image:width\" content=\"680\" \/>\n\t<meta property=\"og:image:height\" content=\"453\" \/>\n\t<meta property=\"og:image:type\" content=\"image\/jpeg\" \/>\n<meta name=\"author\" content=\"thomas.berner\" \/>\n<meta name=\"twitter:card\" content=\"summary_large_image\" \/>\n<meta name=\"twitter:title\" content=\"#Generationenwechsel bei Rausch AG Kreuzlingen\" \/>\n<meta name=\"twitter:description\" content=\"#Generationenwechsel bei #Rausch AG in der Eigent\u00fcmerschaft und Ver\u00e4nderungen im Verwaltungsrat: Ein #Traditionsunternehmen sichert seine Zukunft.\" \/>\n<meta name=\"twitter:image\" content=\"https:\/\/www.organisator.ch\/wp-content\/uploads\/2020\/05\/Generationenwechsel-bei-Rausch-AG-Kreuzlingen_Organisator.jpg\" \/>\n<script type=\"application\/ld+json\" class=\"yoast-schema-graph\">{\"@context\":\"https:\\\/\\\/schema.org\",\"@graph\":[{\"@type\":\"Article\",\"@id\":\"https:\\\/\\\/www.organisator.ch\\\/management\\\/2020-05-18\\\/generationenwechsel-bei-rausch-ag-kreuzlingen\\\/#article\",\"isPartOf\":{\"@id\":\"https:\\\/\\\/www.organisator.ch\\\/management\\\/2020-05-18\\\/generationenwechsel-bei-rausch-ag-kreuzlingen\\\/\"},\"author\":{\"name\":\"thomas.berner\",\"@id\":\"https:\\\/\\\/www.organisator.ch\\\/#\\\/schema\\\/person\\\/6f650f90b2842cd4c0cc334b4e36f67e\"},\"headline\":\"Generationenwechsel bei Rausch AG Kreuzlingen\",\"datePublished\":\"2020-05-18T07:18:08+00:00\",\"mainEntityOfPage\":{\"@id\":\"https:\\\/\\\/www.organisator.ch\\\/management\\\/2020-05-18\\\/generationenwechsel-bei-rausch-ag-kreuzlingen\\\/\"},\"wordCount\":552,\"publisher\":{\"@id\":\"https:\\\/\\\/www.organisator.ch\\\/#organization\"},\"image\":{\"@id\":\"https:\\\/\\\/www.organisator.ch\\\/management\\\/2020-05-18\\\/generationenwechsel-bei-rausch-ag-kreuzlingen\\\/#primaryimage\"},\"thumbnailUrl\":\"https:\\\/\\\/www.organisator.ch\\\/wp-content\\\/uploads\\\/2020\\\/05\\\/Generationenwechsel-bei-Rausch-AG-Kreuzlingen_Organisator.jpg\",\"keywords\":[\"Firmennachfolge\",\"Management\",\"Unternehmen\"],\"articleSection\":[\"MANAGEMENT\"],\"inLanguage\":\"de\"},{\"@type\":\"WebPage\",\"@id\":\"https:\\\/\\\/www.organisator.ch\\\/management\\\/2020-05-18\\\/generationenwechsel-bei-rausch-ag-kreuzlingen\\\/\",\"url\":\"https:\\\/\\\/www.organisator.ch\\\/management\\\/2020-05-18\\\/generationenwechsel-bei-rausch-ag-kreuzlingen\\\/\",\"name\":\"Generationenwechsel bei Rausch AG Kreuzlingen - Organisator\",\"isPartOf\":{\"@id\":\"https:\\\/\\\/www.organisator.ch\\\/#website\"},\"primaryImageOfPage\":{\"@id\":\"https:\\\/\\\/www.organisator.ch\\\/management\\\/2020-05-18\\\/generationenwechsel-bei-rausch-ag-kreuzlingen\\\/#primaryimage\"},\"image\":{\"@id\":\"https:\\\/\\\/www.organisator.ch\\\/management\\\/2020-05-18\\\/generationenwechsel-bei-rausch-ag-kreuzlingen\\\/#primaryimage\"},\"thumbnailUrl\":\"https:\\\/\\\/www.organisator.ch\\\/wp-content\\\/uploads\\\/2020\\\/05\\\/Generationenwechsel-bei-Rausch-AG-Kreuzlingen_Organisator.jpg\",\"datePublished\":\"2020-05-18T07:18:08+00:00\",\"description\":\"Generationenwechsel bei Rausch AG in der Eigent\u00fcmerschaft und Ver\u00e4nderungen im Verwaltungsrat: Ein Traditionsunternehmen sichert seine Zukunft.\",\"breadcrumb\":{\"@id\":\"https:\\\/\\\/www.organisator.ch\\\/management\\\/2020-05-18\\\/generationenwechsel-bei-rausch-ag-kreuzlingen\\\/#breadcrumb\"},\"inLanguage\":\"de\",\"potentialAction\":[{\"@type\":\"ReadAction\",\"target\":[\"https:\\\/\\\/www.organisator.ch\\\/management\\\/2020-05-18\\\/generationenwechsel-bei-rausch-ag-kreuzlingen\\\/\"]}]},{\"@type\":\"ImageObject\",\"inLanguage\":\"de\",\"@id\":\"https:\\\/\\\/www.organisator.ch\\\/management\\\/2020-05-18\\\/generationenwechsel-bei-rausch-ag-kreuzlingen\\\/#primaryimage\",\"url\":\"https:\\\/\\\/www.organisator.ch\\\/wp-content\\\/uploads\\\/2020\\\/05\\\/Generationenwechsel-bei-Rausch-AG-Kreuzlingen_Organisator.jpg\",\"contentUrl\":\"https:\\\/\\\/www.organisator.ch\\\/wp-content\\\/uploads\\\/2020\\\/05\\\/Generationenwechsel-bei-Rausch-AG-Kreuzlingen_Organisator.jpg\",\"width\":680,\"height\":453,\"caption\":\"Vollziehen einen Generationenwechsel bei Rausch AG Kreuzlingen: Tom, Marco und Lucas Baumann. (Bild: Rausch AG Kreuzlingen)\"},{\"@type\":\"BreadcrumbList\",\"@id\":\"https:\\\/\\\/www.organisator.ch\\\/management\\\/2020-05-18\\\/generationenwechsel-bei-rausch-ag-kreuzlingen\\\/#breadcrumb\",\"itemListElement\":[{\"@type\":\"ListItem\",\"position\":1,\"name\":\"Home\",\"item\":\"https:\\\/\\\/www.organisator.ch\\\/\"},{\"@type\":\"ListItem\",\"position\":2,\"name\":\"Generationenwechsel bei Rausch AG Kreuzlingen\"}]},{\"@type\":\"WebSite\",\"@id\":\"https:\\\/\\\/www.organisator.ch\\\/#website\",\"url\":\"https:\\\/\\\/www.organisator.ch\\\/\",\"name\":\"Organisator\",\"description\":\"Kompetent. Praxisnah. Der ORGANISATOR bereitet in 10 Ausgaben pro Jahr die wesentlichen Themen f\u00fcr F\u00fchrungskr\u00e4fte von KMU auf.\",\"publisher\":{\"@id\":\"https:\\\/\\\/www.organisator.ch\\\/#organization\"},\"potentialAction\":[{\"@type\":\"SearchAction\",\"target\":{\"@type\":\"EntryPoint\",\"urlTemplate\":\"https:\\\/\\\/www.organisator.ch\\\/?s={search_term_string}\"},\"query-input\":{\"@type\":\"PropertyValueSpecification\",\"valueRequired\":true,\"valueName\":\"search_term_string\"}}],\"inLanguage\":\"de\"},{\"@type\":\"Organization\",\"@id\":\"https:\\\/\\\/www.organisator.ch\\\/#organization\",\"name\":\"Organisator\",\"url\":\"https:\\\/\\\/www.organisator.ch\\\/\",\"logo\":{\"@type\":\"ImageObject\",\"inLanguage\":\"de\",\"@id\":\"https:\\\/\\\/www.organisator.ch\\\/#\\\/schema\\\/logo\\\/image\\\/\",\"url\":\"https:\\\/\\\/www.organisator.ch\\\/wp-content\\\/uploads\\\/2022\\\/01\\\/Logo_Organisator_Website.png\",\"contentUrl\":\"https:\\\/\\\/www.organisator.ch\\\/wp-content\\\/uploads\\\/2022\\\/01\\\/Logo_Organisator_Website.png\",\"width\":800,\"height\":77,\"caption\":\"Organisator\"},\"image\":{\"@id\":\"https:\\\/\\\/www.organisator.ch\\\/#\\\/schema\\\/logo\\\/image\\\/\"},\"sameAs\":[\"https:\\\/\\\/www.facebook.com\\\/OrganisatorFachmagazin\",\"https:\\\/\\\/www.linkedin.com\\\/showcase\\\/organisator-das-magazin-fr-kmu\",\"https:\\\/\\\/www.xing.com\\\/news\\\/pages\\\/organisator-ch-695\",\"https:\\\/\\\/www.youtube.com\\\/channel\\\/UCGP2Sq0iWaZwT3BdIAQFYpw\"]},{\"@type\":\"Person\",\"@id\":\"https:\\\/\\\/www.organisator.ch\\\/#\\\/schema\\\/person\\\/6f650f90b2842cd4c0cc334b4e36f67e\",\"name\":\"thomas.berner\",\"image\":{\"@type\":\"ImageObject\",\"inLanguage\":\"de\",\"@id\":\"https:\\\/\\\/secure.gravatar.com\\\/avatar\\\/ac5001d2a36cb6c6cd3e50789007ffca834b477b74a2144564522e944eabff61?s=96&d=mm&r=g\",\"url\":\"https:\\\/\\\/secure.gravatar.com\\\/avatar\\\/ac5001d2a36cb6c6cd3e50789007ffca834b477b74a2144564522e944eabff61?s=96&d=mm&r=g\",\"contentUrl\":\"https:\\\/\\\/secure.gravatar.com\\\/avatar\\\/ac5001d2a36cb6c6cd3e50789007ffca834b477b74a2144564522e944eabff61?s=96&d=mm&r=g\",\"caption\":\"thomas.berner\"},\"url\":\"https:\\\/\\\/www.organisator.ch\\\/de\\\/author\\\/thomas-berner\\\/\"}]}<\/script>\n<!-- \/ Yoast SEO plugin. -->","yoast_head_json":{"title":"Generationenwechsel bei Rausch AG Kreuzlingen - Organisator","description":"Generationenwechsel bei Rausch AG in der Eigent\u00fcmerschaft und Ver\u00e4nderungen im Verwaltungsrat: Ein Traditionsunternehmen sichert seine Zukunft.","robots":{"index":"index","follow":"follow","max-snippet":"max-snippet:-1","max-image-preview":"max-image-preview:large","max-video-preview":"max-video-preview:-1"},"canonical":"https:\/\/www.organisator.ch\/de\/management\/2020-05-18\/generationenwechsel-bei-rausch-ag-kreuzlingen\/","og_locale":"de_DE","og_type":"article","og_title":"Generationenwechsel bei Rausch AG Kreuzlingen","og_description":"Generationenwechsel bei Rausch AG in der Eigent\u00fcmerschaft und Ver\u00e4nderungen im Verwaltungsrat: Ein Traditionsunternehmen sichert seine Zukunft.","og_url":"https:\/\/www.organisator.ch\/de\/management\/2020-05-18\/generationenwechsel-bei-rausch-ag-kreuzlingen\/","og_site_name":"Organisator","article_publisher":"https:\/\/www.facebook.com\/OrganisatorFachmagazin","article_published_time":"2020-05-18T07:18:08+00:00","og_image":[{"width":680,"height":453,"url":"https:\/\/www.organisator.ch\/wp-content\/uploads\/2020\/05\/Generationenwechsel-bei-Rausch-AG-Kreuzlingen_Organisator.jpg","type":"image\/jpeg"}],"author":"thomas.berner","twitter_card":"summary_large_image","twitter_title":"#Generationenwechsel bei Rausch AG Kreuzlingen","twitter_description":"#Generationenwechsel bei #Rausch AG in der Eigent\u00fcmerschaft und Ver\u00e4nderungen im Verwaltungsrat: Ein #Traditionsunternehmen sichert seine Zukunft.","twitter_image":"https:\/\/www.organisator.ch\/wp-content\/uploads\/2020\/05\/Generationenwechsel-bei-Rausch-AG-Kreuzlingen_Organisator.jpg","schema":{"@context":"https:\/\/schema.org","@graph":[{"@type":"Article","@id":"https:\/\/www.organisator.ch\/management\/2020-05-18\/generationenwechsel-bei-rausch-ag-kreuzlingen\/#article","isPartOf":{"@id":"https:\/\/www.organisator.ch\/management\/2020-05-18\/generationenwechsel-bei-rausch-ag-kreuzlingen\/"},"author":{"name":"thomas.berner","@id":"https:\/\/www.organisator.ch\/#\/schema\/person\/6f650f90b2842cd4c0cc334b4e36f67e"},"headline":"Generationenwechsel bei Rausch AG Kreuzlingen","datePublished":"2020-05-18T07:18:08+00:00","mainEntityOfPage":{"@id":"https:\/\/www.organisator.ch\/management\/2020-05-18\/generationenwechsel-bei-rausch-ag-kreuzlingen\/"},"wordCount":552,"publisher":{"@id":"https:\/\/www.organisator.ch\/#organization"},"image":{"@id":"https:\/\/www.organisator.ch\/management\/2020-05-18\/generationenwechsel-bei-rausch-ag-kreuzlingen\/#primaryimage"},"thumbnailUrl":"https:\/\/www.organisator.ch\/wp-content\/uploads\/2020\/05\/Generationenwechsel-bei-Rausch-AG-Kreuzlingen_Organisator.jpg","keywords":["Firmennachfolge","Management","Unternehmen"],"articleSection":["MANAGEMENT"],"inLanguage":"de"},{"@type":"WebPage","@id":"https:\/\/www.organisator.ch\/management\/2020-05-18\/generationenwechsel-bei-rausch-ag-kreuzlingen\/","url":"https:\/\/www.organisator.ch\/management\/2020-05-18\/generationenwechsel-bei-rausch-ag-kreuzlingen\/","name":"Generationenwechsel bei Rausch AG Kreuzlingen - Organisator","isPartOf":{"@id":"https:\/\/www.organisator.ch\/#website"},"primaryImageOfPage":{"@id":"https:\/\/www.organisator.ch\/management\/2020-05-18\/generationenwechsel-bei-rausch-ag-kreuzlingen\/#primaryimage"},"image":{"@id":"https:\/\/www.organisator.ch\/management\/2020-05-18\/generationenwechsel-bei-rausch-ag-kreuzlingen\/#primaryimage"},"thumbnailUrl":"https:\/\/www.organisator.ch\/wp-content\/uploads\/2020\/05\/Generationenwechsel-bei-Rausch-AG-Kreuzlingen_Organisator.jpg","datePublished":"2020-05-18T07:18:08+00:00","description":"Generationenwechsel bei Rausch AG in der Eigent\u00fcmerschaft und Ver\u00e4nderungen im Verwaltungsrat: Ein Traditionsunternehmen sichert seine Zukunft.","breadcrumb":{"@id":"https:\/\/www.organisator.ch\/management\/2020-05-18\/generationenwechsel-bei-rausch-ag-kreuzlingen\/#breadcrumb"},"inLanguage":"de","potentialAction":[{"@type":"ReadAction","target":["https:\/\/www.organisator.ch\/management\/2020-05-18\/generationenwechsel-bei-rausch-ag-kreuzlingen\/"]}]},{"@type":"ImageObject","inLanguage":"de","@id":"https:\/\/www.organisator.ch\/management\/2020-05-18\/generationenwechsel-bei-rausch-ag-kreuzlingen\/#primaryimage","url":"https:\/\/www.organisator.ch\/wp-content\/uploads\/2020\/05\/Generationenwechsel-bei-Rausch-AG-Kreuzlingen_Organisator.jpg","contentUrl":"https:\/\/www.organisator.ch\/wp-content\/uploads\/2020\/05\/Generationenwechsel-bei-Rausch-AG-Kreuzlingen_Organisator.jpg","width":680,"height":453,"caption":"Vollziehen einen Generationenwechsel bei Rausch AG Kreuzlingen: Tom, Marco und Lucas Baumann. (Bild: Rausch AG Kreuzlingen)"},{"@type":"BreadcrumbList","@id":"https:\/\/www.organisator.ch\/management\/2020-05-18\/generationenwechsel-bei-rausch-ag-kreuzlingen\/#breadcrumb","itemListElement":[{"@type":"ListItem","position":1,"name":"Home","item":"https:\/\/www.organisator.ch\/"},{"@type":"ListItem","position":2,"name":"Generationenwechsel bei Rausch AG Kreuzlingen"}]},{"@type":"WebSite","@id":"https:\/\/www.organisator.ch\/#website","url":"https:\/\/www.organisator.ch\/","name":"Organisator","description":"Kompetent. Praxisnah. Der ORGANISATOR bereitet in 10 Ausgaben pro Jahr die wesentlichen Themen f\u00fcr F\u00fchrungskr\u00e4fte von KMU auf.","publisher":{"@id":"https:\/\/www.organisator.ch\/#organization"},"potentialAction":[{"@type":"SearchAction","target":{"@type":"EntryPoint","urlTemplate":"https:\/\/www.organisator.ch\/?s={search_term_string}"},"query-input":{"@type":"PropertyValueSpecification","valueRequired":true,"valueName":"search_term_string"}}],"inLanguage":"de"},{"@type":"Organization","@id":"https:\/\/www.organisator.ch\/#organization","name":"Organisator","url":"https:\/\/www.organisator.ch\/","logo":{"@type":"ImageObject","inLanguage":"de","@id":"https:\/\/www.organisator.ch\/#\/schema\/logo\/image\/","url":"https:\/\/www.organisator.ch\/wp-content\/uploads\/2022\/01\/Logo_Organisator_Website.png","contentUrl":"https:\/\/www.organisator.ch\/wp-content\/uploads\/2022\/01\/Logo_Organisator_Website.png","width":800,"height":77,"caption":"Organisator"},"image":{"@id":"https:\/\/www.organisator.ch\/#\/schema\/logo\/image\/"},"sameAs":["https:\/\/www.facebook.com\/OrganisatorFachmagazin","https:\/\/www.linkedin.com\/showcase\/organisator-das-magazin-fr-kmu","https:\/\/www.xing.com\/news\/pages\/organisator-ch-695","https:\/\/www.youtube.com\/channel\/UCGP2Sq0iWaZwT3BdIAQFYpw"]},{"@type":"Person","@id":"https:\/\/www.organisator.ch\/#\/schema\/person\/6f650f90b2842cd4c0cc334b4e36f67e","name":"thomas.berner","image":{"@type":"ImageObject","inLanguage":"de","@id":"https:\/\/secure.gravatar.com\/avatar\/ac5001d2a36cb6c6cd3e50789007ffca834b477b74a2144564522e944eabff61?s=96&d=mm&r=g","url":"https:\/\/secure.gravatar.com\/avatar\/ac5001d2a36cb6c6cd3e50789007ffca834b477b74a2144564522e944eabff61?s=96&d=mm&r=g","contentUrl":"https:\/\/secure.gravatar.com\/avatar\/ac5001d2a36cb6c6cd3e50789007ffca834b477b74a2144564522e944eabff61?s=96&d=mm&r=g","caption":"thomas.berner"},"url":"https:\/\/www.organisator.ch\/de\/author\/thomas-berner\/"}]}},"_links":{"self":[{"href":"https:\/\/www.organisator.ch\/de\/wp-json\/wp\/v2\/posts\/6718","targetHints":{"allow":["GET"]}}],"collection":[{"href":"https:\/\/www.organisator.ch\/de\/wp-json\/wp\/v2\/posts"}],"about":[{"href":"https:\/\/www.organisator.ch\/de\/wp-json\/wp\/v2\/types\/post"}],"author":[{"embeddable":true,"href":"https:\/\/www.organisator.ch\/de\/wp-json\/wp\/v2\/users\/4"}],"replies":[{"embeddable":true,"href":"https:\/\/www.organisator.ch\/de\/wp-json\/wp\/v2\/comments?post=6718"}],"version-history":[{"count":0,"href":"https:\/\/www.organisator.ch\/de\/wp-json\/wp\/v2\/posts\/6718\/revisions"}],"wp:featuredmedia":[{"embeddable":true,"href":"https:\/\/www.organisator.ch\/de\/wp-json\/wp\/v2\/media\/6719"}],"wp:attachment":[{"href":"https:\/\/www.organisator.ch\/de\/wp-json\/wp\/v2\/media?parent=6718"}],"wp:term":[{"taxonomy":"category","embeddable":true,"href":"https:\/\/www.organisator.ch\/de\/wp-json\/wp\/v2\/categories?post=6718"},{"taxonomy":"post_tag","embeddable":true,"href":"https:\/\/www.organisator.ch\/de\/wp-json\/wp\/v2\/tags?post=6718"}],"curies":[{"name":"wp","href":"https:\/\/api.w.org\/{rel}","templated":true}]}}