{"id":6734,"date":"2020-05-20T13:30:47","date_gmt":"2020-05-20T11:30:47","guid":{"rendered":"https:\/\/www.organisator.ch\/?p=6734"},"modified":"2020-05-20T13:30:47","modified_gmt":"2020-05-20T11:30:47","slug":"arbeitswelt-4-0-und-der-einfluss-der-corona-krise","status":"publish","type":"post","link":"https:\/\/www.organisator.ch\/de\/management\/2020-05-20\/arbeitswelt-4-0-und-der-einfluss-der-corona-krise\/","title":{"rendered":"Arbeitswelt 4.0 und der Einfluss der Corona-Krise"},"content":{"rendered":"<figure id=\"attachment_6735\" aria-describedby=\"caption-attachment-6735\" style=\"width: 680px\" class=\"wp-caption alignnone\"><img loading=\"lazy\" decoding=\"async\" class=\"size-medium wp-image-6735\" src=\"https:\/\/www.organisator.ch\/wp-content\/uploads\/2020\/05\/Der-Einfluss-der-Corona-Krise-auf-die-Arbeitswelt-4.0_Organisator.jpg\" alt=\"\" width=\"680\" height=\"453\" srcset=\"https:\/\/www.organisator.ch\/wp-content\/uploads\/2020\/05\/Der-Einfluss-der-Corona-Krise-auf-die-Arbeitswelt-4.0_Organisator.jpg 680w, https:\/\/www.organisator.ch\/wp-content\/uploads\/2020\/05\/Der-Einfluss-der-Corona-Krise-auf-die-Arbeitswelt-4.0_Organisator-16x12.jpg 16w, https:\/\/www.organisator.ch\/wp-content\/uploads\/2020\/05\/Der-Einfluss-der-Corona-Krise-auf-die-Arbeitswelt-4.0_Organisator-263x175.jpg 263w, https:\/\/www.organisator.ch\/wp-content\/uploads\/2020\/05\/Der-Einfluss-der-Corona-Krise-auf-die-Arbeitswelt-4.0_Organisator-525x350.jpg 525w, https:\/\/www.organisator.ch\/wp-content\/uploads\/2020\/05\/Der-Einfluss-der-Corona-Krise-auf-die-Arbeitswelt-4.0_Organisator-300x200.jpg 300w\" sizes=\"auto, (max-width: 680px) 100vw, 680px\" \/><figcaption id=\"caption-attachment-6735\" class=\"wp-caption-text\">Die Corona-Krise \u00fcbt einen sp\u00fcrbaren Einfluss auf die Arbeitswelt 4.0 aus, wie eine aktuelle Kurzumfrage zeigt. (Bild: Pixabay.com)<\/figcaption><\/figure>\n<p>Anl\u00e4sslich der Corona-Krise und dem damit einhergehenden Homeoffice-Boom haben die Future Work Group und die Hochschule f\u00fcr Wirtschaft FHNW im April 2020 gemeinsam eine Kurz-Umfrage durchgef\u00fchrt, die im Sinne einer Momentaufnahme die aktuelle Situation hinsichtlich der Arbeitswelt 4.0 kurz nach Beginn des Lockdown aufnehmen sollte. Insgesamt haben daran 164 Personen teilgenommen, davon 65% Mitarbeitende in KMU. Ein knappes Drittel (29%)\u00a0aller Teilnehmenden sind F\u00fchrungskr\u00e4fte. Mit der Bew\u00e4ltigung der aktuellen Situation durch ihre Unternehmen sind mehr als drei Viertel der Umfrageteilnehmenden (78%) grunds\u00e4tzlich zufrieden.<\/p>\n<p><img loading=\"lazy\" decoding=\"async\" class=\"alignnone size-medium wp-image-6736\" src=\"https:\/\/www.organisator.ch\/wp-content\/uploads\/2020\/05\/Der-Einfluss-der-Corona-Krise-auf-die-Arbeitswelt-4.0-1_Organisator.jpg\" alt=\"\" width=\"680\" height=\"205\" srcset=\"https:\/\/www.organisator.ch\/wp-content\/uploads\/2020\/05\/Der-Einfluss-der-Corona-Krise-auf-die-Arbeitswelt-4.0-1_Organisator.jpg 680w, https:\/\/www.organisator.ch\/wp-content\/uploads\/2020\/05\/Der-Einfluss-der-Corona-Krise-auf-die-Arbeitswelt-4.0-1_Organisator-16x5.jpg 16w, https:\/\/www.organisator.ch\/wp-content\/uploads\/2020\/05\/Der-Einfluss-der-Corona-Krise-auf-die-Arbeitswelt-4.0-1_Organisator-375x113.jpg 375w, https:\/\/www.organisator.ch\/wp-content\/uploads\/2020\/05\/Der-Einfluss-der-Corona-Krise-auf-die-Arbeitswelt-4.0-1_Organisator-300x90.jpg 300w\" sizes=\"auto, (max-width: 680px) 100vw, 680px\" \/><\/p>\n<h2>Verschlechterung auf der einen, Verbesserung auf der anderen Seite<\/h2>\n<p>Bedingt durch die Corona-Krise hat sich auf der pers\u00f6nlichen Ebene das Kommunikationsverhalten und die emotionale Situation bei rund 36% der Befragten zum Teil verschlechtert. Das pers\u00f6nliche Stresserlebnis geben gut 70% der Teilnehmenden jedoch als unver\u00e4ndert an, rund 28% empfinden sogar eine leichte Verbesserung. Bezogen auf ihr Unternehmen sagen die Teilnehmenden, dass sich gerade die Bereiche der Kommunikation, Kultur und Zusammenarbeit verbessert haben. Als wichtige F\u00fchrungs-Erfolgsfaktoren werden die vom Unternehmen gew\u00e4hrte Flexibilit\u00e4t, Transparenz sowie virtuelle Team-Chats angegeben.<\/p>\n<p><img loading=\"lazy\" decoding=\"async\" class=\"alignnone size-medium wp-image-6737\" src=\"https:\/\/www.organisator.ch\/wp-content\/uploads\/2020\/05\/Der-Einfluss-der-Corona-Krise-auf-die-Arbeitswelt-4.0-2_Organisator.jpg\" alt=\"\" width=\"680\" height=\"206\" srcset=\"https:\/\/www.organisator.ch\/wp-content\/uploads\/2020\/05\/Der-Einfluss-der-Corona-Krise-auf-die-Arbeitswelt-4.0-2_Organisator.jpg 680w, https:\/\/www.organisator.ch\/wp-content\/uploads\/2020\/05\/Der-Einfluss-der-Corona-Krise-auf-die-Arbeitswelt-4.0-2_Organisator-16x5.jpg 16w, https:\/\/www.organisator.ch\/wp-content\/uploads\/2020\/05\/Der-Einfluss-der-Corona-Krise-auf-die-Arbeitswelt-4.0-2_Organisator-375x114.jpg 375w, https:\/\/www.organisator.ch\/wp-content\/uploads\/2020\/05\/Der-Einfluss-der-Corona-Krise-auf-die-Arbeitswelt-4.0-2_Organisator-300x91.jpg 300w\" sizes=\"auto, (max-width: 680px) 100vw, 680px\" \/><\/p>\n<h2><strong>Arbeitswelt 4.0 \u2013 die Chance in und aus der Krise<\/strong><\/h2>\n<p>Vor dem Hintergrund der eingangs genannten \u00fcberwiegenden Zufriedenheit der Befragten mit der Krisenbew\u00e4ltigung ihres Unternehmens \u00fcberrascht es, dass 55% der Teilnehmenden angeben, dass ihre Arbeitgebenden nicht auf diese Situation vorbereitet gewesen seien. Laut 56% der Befragten verf\u00fcgten ihre Unternehmen bis dahin \u00fcber keine IT-Infrastruktur zur virtuellen\/digitalen Kollaboration. Neben einer fehlenden IT-Infrastruktur sehen die Befragten haupts\u00e4chlich Barrieren im Bereich der F\u00fchrung und der pers\u00f6nlichen Begegnungen resp. dem Austausch zwischen Kolleginnen und Kollegen.<\/p>\n<p><img loading=\"lazy\" decoding=\"async\" class=\"alignnone size-medium wp-image-6738\" src=\"https:\/\/www.organisator.ch\/wp-content\/uploads\/2020\/05\/Der-Einfluss-der-Corona-Krise-auf-die-Arbeitswelt-4.0-3_Organisator.jpg\" alt=\"\" width=\"680\" height=\"157\" srcset=\"https:\/\/www.organisator.ch\/wp-content\/uploads\/2020\/05\/Der-Einfluss-der-Corona-Krise-auf-die-Arbeitswelt-4.0-3_Organisator.jpg 680w, https:\/\/www.organisator.ch\/wp-content\/uploads\/2020\/05\/Der-Einfluss-der-Corona-Krise-auf-die-Arbeitswelt-4.0-3_Organisator-16x4.jpg 16w, https:\/\/www.organisator.ch\/wp-content\/uploads\/2020\/05\/Der-Einfluss-der-Corona-Krise-auf-die-Arbeitswelt-4.0-3_Organisator-375x87.jpg 375w, https:\/\/www.organisator.ch\/wp-content\/uploads\/2020\/05\/Der-Einfluss-der-Corona-Krise-auf-die-Arbeitswelt-4.0-3_Organisator-300x69.jpg 300w\" sizes=\"auto, (max-width: 680px) 100vw, 680px\" \/><\/p>\n<h2>Homeoffice als unterst\u00fctzende Arbeitsform<\/h2>\n<p>Die Nutzung vom Homeoffice sieht \u00fcber die H\u00e4lfte als sinnvolle, unterst\u00fctzende Arbeitsform (58%), w\u00e4hrend sich ein gutes Drittel der Teilnehmenden (34%) eingeschr\u00e4nkt f\u00fchlt. Digitalisierung, Homeoffice und neue Formen der Kommunikation und Zusammenarbeit kristallisieren sich als die grossen Chancen f\u00fcr Unternehmen klar heraus. Folgerichtig zeigen die Ergebnisse, dass die Vorteile der Arbeitswelt 4.0 \u00fcberwiegen und der Digitalisierung Vorschub verleihen.<\/p>\n<p><img loading=\"lazy\" decoding=\"async\" class=\"alignnone size-medium wp-image-6739\" src=\"https:\/\/www.organisator.ch\/wp-content\/uploads\/2020\/05\/Der-Einfluss-der-Corona-Krise-auf-die-Arbeitswelt-4.0-4_Organisator.jpg\" alt=\"\" width=\"680\" height=\"157\" srcset=\"https:\/\/www.organisator.ch\/wp-content\/uploads\/2020\/05\/Der-Einfluss-der-Corona-Krise-auf-die-Arbeitswelt-4.0-4_Organisator.jpg 680w, https:\/\/www.organisator.ch\/wp-content\/uploads\/2020\/05\/Der-Einfluss-der-Corona-Krise-auf-die-Arbeitswelt-4.0-4_Organisator-16x4.jpg 16w, https:\/\/www.organisator.ch\/wp-content\/uploads\/2020\/05\/Der-Einfluss-der-Corona-Krise-auf-die-Arbeitswelt-4.0-4_Organisator-375x87.jpg 375w, https:\/\/www.organisator.ch\/wp-content\/uploads\/2020\/05\/Der-Einfluss-der-Corona-Krise-auf-die-Arbeitswelt-4.0-4_Organisator-300x69.jpg 300w\" sizes=\"auto, (max-width: 680px) 100vw, 680px\" \/><\/p>\n<p><em>Weitere Informationen zur Arbeitswelt 4.0 sind erh\u00e4ltlich in der grossen Schweizer Studie und dem Praxisleitfaden \u00abArbeitswelt 4.0 \u2013 Als KMU die Arbeitswelt der Zukunft erfolgreich gestalten\u00bb, welcher auf <a href=\"http:\/\/www.arbeitswelt-zukunft.ch\/\">www.arbeitswelt-zukunft.ch<\/a>\u00a0kostenlos zur Verf\u00fcgung steht.<\/em><\/p>\n","protected":false},"excerpt":{"rendered":"<p>Anl\u00e4sslich der Corona-Krise und dem damit einhergehenden Homeoffice-Boom haben die Future Work Group und die Hochschule f\u00fcr Wirtschaft FHNW im April 2020 gemeinsam eine Kurz-Umfrage durchgef\u00fchrt, die im Sinne einer Momentaufnahme die aktuelle Situation hinsichtlich der Arbeitswelt 4.0 kurz nach Beginn des Lockdown aufnehmen sollte. Insgesamt haben daran 164 Personen teilgenommen, davon 65% Mitarbeitende in [&hellip;]<\/p>\n","protected":false},"author":4,"featured_media":6735,"comment_status":"closed","ping_status":"closed","sticky":false,"template":"","format":"standard","meta":{"_acf_changed":false,"_yoast_wpseo_focuskw":"Arbeitswelt 4.0","_yoast_wpseo_metadesc":"Eine Kurzumfrage der Future Work Group und der Fachhochschule Nordwestschweiz FHNW zeigt den Einfluss der Corona-Krise auf die Arbeitswelt 4.0.","articlekey":"","footnotes":""},"categories":[28],"tags":[51,132,363,459],"class_list":["post-6734","post","type-post","status-publish","format-standard","has-post-thumbnail","hentry","category-management","tag-arbeitsplatzgestaltung","tag-coronavirus","tag-new-work","tag-studie"],"acf":[],"yoast_head":"<!-- This site is optimized with the Yoast SEO plugin v27.5 - https:\/\/yoast.com\/product\/yoast-seo-wordpress\/ -->\n<title>Arbeitswelt 4.0 und der Einfluss der Corona-Krise - Organisator<\/title>\n<meta name=\"description\" content=\"Eine Kurzumfrage der Future Work Group und der Fachhochschule Nordwestschweiz FHNW zeigt den Einfluss der Corona-Krise auf die Arbeitswelt 4.0.\" \/>\n<meta name=\"robots\" content=\"index, follow, max-snippet:-1, max-image-preview:large, max-video-preview:-1\" \/>\n<link rel=\"canonical\" href=\"https:\/\/www.organisator.ch\/de\/management\/2020-05-20\/arbeitswelt-4-0-und-der-einfluss-der-corona-krise\/\" \/>\n<meta property=\"og:locale\" content=\"de_DE\" \/>\n<meta property=\"og:type\" content=\"article\" \/>\n<meta property=\"og:title\" content=\"Arbeitswelt 4.0 und der Einfluss der Corona-Krise\" \/>\n<meta property=\"og:description\" content=\"Eine Kurzumfrage der Future Work Group und der Fachhochschule Nordwestschweiz FHNW zeigt den Einfluss der Corona-Krise auf die Arbeitswelt 4.0.\" \/>\n<meta property=\"og:url\" content=\"https:\/\/www.organisator.ch\/de\/management\/2020-05-20\/arbeitswelt-4-0-und-der-einfluss-der-corona-krise\/\" \/>\n<meta property=\"og:site_name\" content=\"Organisator\" \/>\n<meta property=\"article:publisher\" content=\"https:\/\/www.facebook.com\/OrganisatorFachmagazin\" \/>\n<meta property=\"article:published_time\" content=\"2020-05-20T11:30:47+00:00\" \/>\n<meta property=\"og:image\" content=\"https:\/\/www.organisator.ch\/wp-content\/uploads\/2020\/05\/Der-Einfluss-der-Corona-Krise-auf-die-Arbeitswelt-4.0_Organisator.jpg\" \/>\n\t<meta property=\"og:image:width\" content=\"680\" \/>\n\t<meta property=\"og:image:height\" content=\"453\" \/>\n\t<meta property=\"og:image:type\" content=\"image\/jpeg\" \/>\n<meta name=\"author\" content=\"thomas.berner\" \/>\n<meta name=\"twitter:card\" content=\"summary_large_image\" \/>\n<meta name=\"twitter:title\" content=\"#Arbeitswelt 4.0 und der Einfluss der #Corona-Krise\" \/>\n<meta name=\"twitter:description\" content=\"Eine Kurzumfrage der Future Work Group und der Fachhochschule Nordwestschweiz #FHNW zeigt den Einfluss der #Corona-Krise auf die #Arbeitswelt 4.0.\" \/>\n<meta name=\"twitter:image\" content=\"https:\/\/www.organisator.ch\/wp-content\/uploads\/2020\/05\/Der-Einfluss-der-Corona-Krise-auf-die-Arbeitswelt-4.0_Organisator.jpg\" \/>\n<script type=\"application\/ld+json\" class=\"yoast-schema-graph\">{\"@context\":\"https:\\\/\\\/schema.org\",\"@graph\":[{\"@type\":\"Article\",\"@id\":\"https:\\\/\\\/www.organisator.ch\\\/management\\\/2020-05-20\\\/arbeitswelt-4-0-und-der-einfluss-der-corona-krise\\\/#article\",\"isPartOf\":{\"@id\":\"https:\\\/\\\/www.organisator.ch\\\/management\\\/2020-05-20\\\/arbeitswelt-4-0-und-der-einfluss-der-corona-krise\\\/\"},\"author\":{\"name\":\"thomas.berner\",\"@id\":\"https:\\\/\\\/www.organisator.ch\\\/#\\\/schema\\\/person\\\/6f650f90b2842cd4c0cc334b4e36f67e\"},\"headline\":\"Arbeitswelt 4.0 und der Einfluss der Corona-Krise\",\"datePublished\":\"2020-05-20T11:30:47+00:00\",\"mainEntityOfPage\":{\"@id\":\"https:\\\/\\\/www.organisator.ch\\\/management\\\/2020-05-20\\\/arbeitswelt-4-0-und-der-einfluss-der-corona-krise\\\/\"},\"wordCount\":387,\"publisher\":{\"@id\":\"https:\\\/\\\/www.organisator.ch\\\/#organization\"},\"image\":{\"@id\":\"https:\\\/\\\/www.organisator.ch\\\/management\\\/2020-05-20\\\/arbeitswelt-4-0-und-der-einfluss-der-corona-krise\\\/#primaryimage\"},\"thumbnailUrl\":\"https:\\\/\\\/www.organisator.ch\\\/wp-content\\\/uploads\\\/2020\\\/05\\\/Der-Einfluss-der-Corona-Krise-auf-die-Arbeitswelt-4.0_Organisator.jpg\",\"keywords\":[\"Arbeitsplatzgestaltung\",\"Coronavirus\",\"New Work\",\"Studie\"],\"articleSection\":[\"MANAGEMENT\"],\"inLanguage\":\"de\"},{\"@type\":\"WebPage\",\"@id\":\"https:\\\/\\\/www.organisator.ch\\\/management\\\/2020-05-20\\\/arbeitswelt-4-0-und-der-einfluss-der-corona-krise\\\/\",\"url\":\"https:\\\/\\\/www.organisator.ch\\\/management\\\/2020-05-20\\\/arbeitswelt-4-0-und-der-einfluss-der-corona-krise\\\/\",\"name\":\"Arbeitswelt 4.0 und der Einfluss der Corona-Krise - Organisator\",\"isPartOf\":{\"@id\":\"https:\\\/\\\/www.organisator.ch\\\/#website\"},\"primaryImageOfPage\":{\"@id\":\"https:\\\/\\\/www.organisator.ch\\\/management\\\/2020-05-20\\\/arbeitswelt-4-0-und-der-einfluss-der-corona-krise\\\/#primaryimage\"},\"image\":{\"@id\":\"https:\\\/\\\/www.organisator.ch\\\/management\\\/2020-05-20\\\/arbeitswelt-4-0-und-der-einfluss-der-corona-krise\\\/#primaryimage\"},\"thumbnailUrl\":\"https:\\\/\\\/www.organisator.ch\\\/wp-content\\\/uploads\\\/2020\\\/05\\\/Der-Einfluss-der-Corona-Krise-auf-die-Arbeitswelt-4.0_Organisator.jpg\",\"datePublished\":\"2020-05-20T11:30:47+00:00\",\"description\":\"Eine Kurzumfrage der Future Work Group und der Fachhochschule Nordwestschweiz FHNW zeigt den Einfluss der Corona-Krise auf die Arbeitswelt 4.0.\",\"breadcrumb\":{\"@id\":\"https:\\\/\\\/www.organisator.ch\\\/management\\\/2020-05-20\\\/arbeitswelt-4-0-und-der-einfluss-der-corona-krise\\\/#breadcrumb\"},\"inLanguage\":\"de\",\"potentialAction\":[{\"@type\":\"ReadAction\",\"target\":[\"https:\\\/\\\/www.organisator.ch\\\/management\\\/2020-05-20\\\/arbeitswelt-4-0-und-der-einfluss-der-corona-krise\\\/\"]}]},{\"@type\":\"ImageObject\",\"inLanguage\":\"de\",\"@id\":\"https:\\\/\\\/www.organisator.ch\\\/management\\\/2020-05-20\\\/arbeitswelt-4-0-und-der-einfluss-der-corona-krise\\\/#primaryimage\",\"url\":\"https:\\\/\\\/www.organisator.ch\\\/wp-content\\\/uploads\\\/2020\\\/05\\\/Der-Einfluss-der-Corona-Krise-auf-die-Arbeitswelt-4.0_Organisator.jpg\",\"contentUrl\":\"https:\\\/\\\/www.organisator.ch\\\/wp-content\\\/uploads\\\/2020\\\/05\\\/Der-Einfluss-der-Corona-Krise-auf-die-Arbeitswelt-4.0_Organisator.jpg\",\"width\":680,\"height\":453,\"caption\":\"Die Corona-Krise \u00fcbt einen sp\u00fcrbaren Einfluss auf die Arbeitswelt 4.0 aus, wie eine aktuelle Kurzumfrage zeigt. (Bild: Pixabay.com)\"},{\"@type\":\"BreadcrumbList\",\"@id\":\"https:\\\/\\\/www.organisator.ch\\\/management\\\/2020-05-20\\\/arbeitswelt-4-0-und-der-einfluss-der-corona-krise\\\/#breadcrumb\",\"itemListElement\":[{\"@type\":\"ListItem\",\"position\":1,\"name\":\"Home\",\"item\":\"https:\\\/\\\/www.organisator.ch\\\/\"},{\"@type\":\"ListItem\",\"position\":2,\"name\":\"Arbeitswelt 4.0 und der Einfluss der Corona-Krise\"}]},{\"@type\":\"WebSite\",\"@id\":\"https:\\\/\\\/www.organisator.ch\\\/#website\",\"url\":\"https:\\\/\\\/www.organisator.ch\\\/\",\"name\":\"Organisator\",\"description\":\"Kompetent. Praxisnah. Der ORGANISATOR bereitet in 10 Ausgaben pro Jahr die wesentlichen Themen f\u00fcr F\u00fchrungskr\u00e4fte von KMU auf.\",\"publisher\":{\"@id\":\"https:\\\/\\\/www.organisator.ch\\\/#organization\"},\"potentialAction\":[{\"@type\":\"SearchAction\",\"target\":{\"@type\":\"EntryPoint\",\"urlTemplate\":\"https:\\\/\\\/www.organisator.ch\\\/?s={search_term_string}\"},\"query-input\":{\"@type\":\"PropertyValueSpecification\",\"valueRequired\":true,\"valueName\":\"search_term_string\"}}],\"inLanguage\":\"de\"},{\"@type\":\"Organization\",\"@id\":\"https:\\\/\\\/www.organisator.ch\\\/#organization\",\"name\":\"Organisator\",\"url\":\"https:\\\/\\\/www.organisator.ch\\\/\",\"logo\":{\"@type\":\"ImageObject\",\"inLanguage\":\"de\",\"@id\":\"https:\\\/\\\/www.organisator.ch\\\/#\\\/schema\\\/logo\\\/image\\\/\",\"url\":\"https:\\\/\\\/www.organisator.ch\\\/wp-content\\\/uploads\\\/2022\\\/01\\\/Logo_Organisator_Website.png\",\"contentUrl\":\"https:\\\/\\\/www.organisator.ch\\\/wp-content\\\/uploads\\\/2022\\\/01\\\/Logo_Organisator_Website.png\",\"width\":800,\"height\":77,\"caption\":\"Organisator\"},\"image\":{\"@id\":\"https:\\\/\\\/www.organisator.ch\\\/#\\\/schema\\\/logo\\\/image\\\/\"},\"sameAs\":[\"https:\\\/\\\/www.facebook.com\\\/OrganisatorFachmagazin\",\"https:\\\/\\\/www.linkedin.com\\\/showcase\\\/organisator-das-magazin-fr-kmu\",\"https:\\\/\\\/www.xing.com\\\/news\\\/pages\\\/organisator-ch-695\",\"https:\\\/\\\/www.youtube.com\\\/channel\\\/UCGP2Sq0iWaZwT3BdIAQFYpw\"]},{\"@type\":\"Person\",\"@id\":\"https:\\\/\\\/www.organisator.ch\\\/#\\\/schema\\\/person\\\/6f650f90b2842cd4c0cc334b4e36f67e\",\"name\":\"thomas.berner\",\"image\":{\"@type\":\"ImageObject\",\"inLanguage\":\"de\",\"@id\":\"https:\\\/\\\/secure.gravatar.com\\\/avatar\\\/ac5001d2a36cb6c6cd3e50789007ffca834b477b74a2144564522e944eabff61?s=96&d=mm&r=g\",\"url\":\"https:\\\/\\\/secure.gravatar.com\\\/avatar\\\/ac5001d2a36cb6c6cd3e50789007ffca834b477b74a2144564522e944eabff61?s=96&d=mm&r=g\",\"contentUrl\":\"https:\\\/\\\/secure.gravatar.com\\\/avatar\\\/ac5001d2a36cb6c6cd3e50789007ffca834b477b74a2144564522e944eabff61?s=96&d=mm&r=g\",\"caption\":\"thomas.berner\"},\"url\":\"https:\\\/\\\/www.organisator.ch\\\/de\\\/author\\\/thomas-berner\\\/\"}]}<\/script>\n<!-- \/ Yoast SEO plugin. -->","yoast_head_json":{"title":"Arbeitswelt 4.0 und der Einfluss der Corona-Krise - Organisator","description":"Eine Kurzumfrage der Future Work Group und der Fachhochschule Nordwestschweiz FHNW zeigt den Einfluss der Corona-Krise auf die Arbeitswelt 4.0.","robots":{"index":"index","follow":"follow","max-snippet":"max-snippet:-1","max-image-preview":"max-image-preview:large","max-video-preview":"max-video-preview:-1"},"canonical":"https:\/\/www.organisator.ch\/de\/management\/2020-05-20\/arbeitswelt-4-0-und-der-einfluss-der-corona-krise\/","og_locale":"de_DE","og_type":"article","og_title":"Arbeitswelt 4.0 und der Einfluss der Corona-Krise","og_description":"Eine Kurzumfrage der Future Work Group und der Fachhochschule Nordwestschweiz FHNW zeigt den Einfluss der Corona-Krise auf die Arbeitswelt 4.0.","og_url":"https:\/\/www.organisator.ch\/de\/management\/2020-05-20\/arbeitswelt-4-0-und-der-einfluss-der-corona-krise\/","og_site_name":"Organisator","article_publisher":"https:\/\/www.facebook.com\/OrganisatorFachmagazin","article_published_time":"2020-05-20T11:30:47+00:00","og_image":[{"width":680,"height":453,"url":"https:\/\/www.organisator.ch\/wp-content\/uploads\/2020\/05\/Der-Einfluss-der-Corona-Krise-auf-die-Arbeitswelt-4.0_Organisator.jpg","type":"image\/jpeg"}],"author":"thomas.berner","twitter_card":"summary_large_image","twitter_title":"#Arbeitswelt 4.0 und der Einfluss der #Corona-Krise","twitter_description":"Eine Kurzumfrage der Future Work Group und der Fachhochschule Nordwestschweiz #FHNW zeigt den Einfluss der #Corona-Krise auf die #Arbeitswelt 4.0.","twitter_image":"https:\/\/www.organisator.ch\/wp-content\/uploads\/2020\/05\/Der-Einfluss-der-Corona-Krise-auf-die-Arbeitswelt-4.0_Organisator.jpg","schema":{"@context":"https:\/\/schema.org","@graph":[{"@type":"Article","@id":"https:\/\/www.organisator.ch\/management\/2020-05-20\/arbeitswelt-4-0-und-der-einfluss-der-corona-krise\/#article","isPartOf":{"@id":"https:\/\/www.organisator.ch\/management\/2020-05-20\/arbeitswelt-4-0-und-der-einfluss-der-corona-krise\/"},"author":{"name":"thomas.berner","@id":"https:\/\/www.organisator.ch\/#\/schema\/person\/6f650f90b2842cd4c0cc334b4e36f67e"},"headline":"Arbeitswelt 4.0 und der Einfluss der Corona-Krise","datePublished":"2020-05-20T11:30:47+00:00","mainEntityOfPage":{"@id":"https:\/\/www.organisator.ch\/management\/2020-05-20\/arbeitswelt-4-0-und-der-einfluss-der-corona-krise\/"},"wordCount":387,"publisher":{"@id":"https:\/\/www.organisator.ch\/#organization"},"image":{"@id":"https:\/\/www.organisator.ch\/management\/2020-05-20\/arbeitswelt-4-0-und-der-einfluss-der-corona-krise\/#primaryimage"},"thumbnailUrl":"https:\/\/www.organisator.ch\/wp-content\/uploads\/2020\/05\/Der-Einfluss-der-Corona-Krise-auf-die-Arbeitswelt-4.0_Organisator.jpg","keywords":["Arbeitsplatzgestaltung","Coronavirus","New Work","Studie"],"articleSection":["MANAGEMENT"],"inLanguage":"de"},{"@type":"WebPage","@id":"https:\/\/www.organisator.ch\/management\/2020-05-20\/arbeitswelt-4-0-und-der-einfluss-der-corona-krise\/","url":"https:\/\/www.organisator.ch\/management\/2020-05-20\/arbeitswelt-4-0-und-der-einfluss-der-corona-krise\/","name":"Arbeitswelt 4.0 und der Einfluss der Corona-Krise - Organisator","isPartOf":{"@id":"https:\/\/www.organisator.ch\/#website"},"primaryImageOfPage":{"@id":"https:\/\/www.organisator.ch\/management\/2020-05-20\/arbeitswelt-4-0-und-der-einfluss-der-corona-krise\/#primaryimage"},"image":{"@id":"https:\/\/www.organisator.ch\/management\/2020-05-20\/arbeitswelt-4-0-und-der-einfluss-der-corona-krise\/#primaryimage"},"thumbnailUrl":"https:\/\/www.organisator.ch\/wp-content\/uploads\/2020\/05\/Der-Einfluss-der-Corona-Krise-auf-die-Arbeitswelt-4.0_Organisator.jpg","datePublished":"2020-05-20T11:30:47+00:00","description":"Eine Kurzumfrage der Future Work Group und der Fachhochschule Nordwestschweiz FHNW zeigt den Einfluss der Corona-Krise auf die Arbeitswelt 4.0.","breadcrumb":{"@id":"https:\/\/www.organisator.ch\/management\/2020-05-20\/arbeitswelt-4-0-und-der-einfluss-der-corona-krise\/#breadcrumb"},"inLanguage":"de","potentialAction":[{"@type":"ReadAction","target":["https:\/\/www.organisator.ch\/management\/2020-05-20\/arbeitswelt-4-0-und-der-einfluss-der-corona-krise\/"]}]},{"@type":"ImageObject","inLanguage":"de","@id":"https:\/\/www.organisator.ch\/management\/2020-05-20\/arbeitswelt-4-0-und-der-einfluss-der-corona-krise\/#primaryimage","url":"https:\/\/www.organisator.ch\/wp-content\/uploads\/2020\/05\/Der-Einfluss-der-Corona-Krise-auf-die-Arbeitswelt-4.0_Organisator.jpg","contentUrl":"https:\/\/www.organisator.ch\/wp-content\/uploads\/2020\/05\/Der-Einfluss-der-Corona-Krise-auf-die-Arbeitswelt-4.0_Organisator.jpg","width":680,"height":453,"caption":"Die Corona-Krise \u00fcbt einen sp\u00fcrbaren Einfluss auf die Arbeitswelt 4.0 aus, wie eine aktuelle Kurzumfrage zeigt. (Bild: Pixabay.com)"},{"@type":"BreadcrumbList","@id":"https:\/\/www.organisator.ch\/management\/2020-05-20\/arbeitswelt-4-0-und-der-einfluss-der-corona-krise\/#breadcrumb","itemListElement":[{"@type":"ListItem","position":1,"name":"Home","item":"https:\/\/www.organisator.ch\/"},{"@type":"ListItem","position":2,"name":"Arbeitswelt 4.0 und der Einfluss der Corona-Krise"}]},{"@type":"WebSite","@id":"https:\/\/www.organisator.ch\/#website","url":"https:\/\/www.organisator.ch\/","name":"Organisator","description":"Kompetent. Praxisnah. Der ORGANISATOR bereitet in 10 Ausgaben pro Jahr die wesentlichen Themen f\u00fcr F\u00fchrungskr\u00e4fte von KMU auf.","publisher":{"@id":"https:\/\/www.organisator.ch\/#organization"},"potentialAction":[{"@type":"SearchAction","target":{"@type":"EntryPoint","urlTemplate":"https:\/\/www.organisator.ch\/?s={search_term_string}"},"query-input":{"@type":"PropertyValueSpecification","valueRequired":true,"valueName":"search_term_string"}}],"inLanguage":"de"},{"@type":"Organization","@id":"https:\/\/www.organisator.ch\/#organization","name":"Organisator","url":"https:\/\/www.organisator.ch\/","logo":{"@type":"ImageObject","inLanguage":"de","@id":"https:\/\/www.organisator.ch\/#\/schema\/logo\/image\/","url":"https:\/\/www.organisator.ch\/wp-content\/uploads\/2022\/01\/Logo_Organisator_Website.png","contentUrl":"https:\/\/www.organisator.ch\/wp-content\/uploads\/2022\/01\/Logo_Organisator_Website.png","width":800,"height":77,"caption":"Organisator"},"image":{"@id":"https:\/\/www.organisator.ch\/#\/schema\/logo\/image\/"},"sameAs":["https:\/\/www.facebook.com\/OrganisatorFachmagazin","https:\/\/www.linkedin.com\/showcase\/organisator-das-magazin-fr-kmu","https:\/\/www.xing.com\/news\/pages\/organisator-ch-695","https:\/\/www.youtube.com\/channel\/UCGP2Sq0iWaZwT3BdIAQFYpw"]},{"@type":"Person","@id":"https:\/\/www.organisator.ch\/#\/schema\/person\/6f650f90b2842cd4c0cc334b4e36f67e","name":"thomas.berner","image":{"@type":"ImageObject","inLanguage":"de","@id":"https:\/\/secure.gravatar.com\/avatar\/ac5001d2a36cb6c6cd3e50789007ffca834b477b74a2144564522e944eabff61?s=96&d=mm&r=g","url":"https:\/\/secure.gravatar.com\/avatar\/ac5001d2a36cb6c6cd3e50789007ffca834b477b74a2144564522e944eabff61?s=96&d=mm&r=g","contentUrl":"https:\/\/secure.gravatar.com\/avatar\/ac5001d2a36cb6c6cd3e50789007ffca834b477b74a2144564522e944eabff61?s=96&d=mm&r=g","caption":"thomas.berner"},"url":"https:\/\/www.organisator.ch\/de\/author\/thomas-berner\/"}]}},"_links":{"self":[{"href":"https:\/\/www.organisator.ch\/de\/wp-json\/wp\/v2\/posts\/6734","targetHints":{"allow":["GET"]}}],"collection":[{"href":"https:\/\/www.organisator.ch\/de\/wp-json\/wp\/v2\/posts"}],"about":[{"href":"https:\/\/www.organisator.ch\/de\/wp-json\/wp\/v2\/types\/post"}],"author":[{"embeddable":true,"href":"https:\/\/www.organisator.ch\/de\/wp-json\/wp\/v2\/users\/4"}],"replies":[{"embeddable":true,"href":"https:\/\/www.organisator.ch\/de\/wp-json\/wp\/v2\/comments?post=6734"}],"version-history":[{"count":0,"href":"https:\/\/www.organisator.ch\/de\/wp-json\/wp\/v2\/posts\/6734\/revisions"}],"wp:featuredmedia":[{"embeddable":true,"href":"https:\/\/www.organisator.ch\/de\/wp-json\/wp\/v2\/media\/6735"}],"wp:attachment":[{"href":"https:\/\/www.organisator.ch\/de\/wp-json\/wp\/v2\/media?parent=6734"}],"wp:term":[{"taxonomy":"category","embeddable":true,"href":"https:\/\/www.organisator.ch\/de\/wp-json\/wp\/v2\/categories?post=6734"},{"taxonomy":"post_tag","embeddable":true,"href":"https:\/\/www.organisator.ch\/de\/wp-json\/wp\/v2\/tags?post=6734"}],"curies":[{"name":"wp","href":"https:\/\/api.w.org\/{rel}","templated":true}]}}