{"id":6743,"date":"2020-05-25T08:45:46","date_gmt":"2020-05-25T06:45:46","guid":{"rendered":"https:\/\/www.organisator.ch\/?p=6743"},"modified":"2020-05-25T08:45:46","modified_gmt":"2020-05-25T06:45:46","slug":"corona-kredite-fuer-verpfaendete-luxusautos","status":"publish","type":"post","link":"https:\/\/www.organisator.ch\/de\/management\/finanzen_recht\/2020-05-25\/corona-kredite-fuer-verpfaendete-luxusautos\/","title":{"rendered":"Corona-Kredite f\u00fcr verpf\u00e4ndete Luxusautos"},"content":{"rendered":"<figure id=\"attachment_6744\" aria-describedby=\"caption-attachment-6744\" style=\"width: 680px\" class=\"wp-caption alignnone\"><img loading=\"lazy\" decoding=\"async\" class=\"size-medium wp-image-6744\" src=\"https:\/\/www.organisator.ch\/wp-content\/uploads\/2020\/05\/Corona-Kredite-fuer-verpfaendete-Luxusautos_Organisator.jpg\" alt=\"\" width=\"680\" height=\"510\" srcset=\"https:\/\/www.organisator.ch\/wp-content\/uploads\/2020\/05\/Corona-Kredite-fuer-verpfaendete-Luxusautos_Organisator.jpg 680w, https:\/\/www.organisator.ch\/wp-content\/uploads\/2020\/05\/Corona-Kredite-fuer-verpfaendete-Luxusautos_Organisator-16x12.jpg 16w, https:\/\/www.organisator.ch\/wp-content\/uploads\/2020\/05\/Corona-Kredite-fuer-verpfaendete-Luxusautos_Organisator-233x175.jpg 233w, https:\/\/www.organisator.ch\/wp-content\/uploads\/2020\/05\/Corona-Kredite-fuer-verpfaendete-Luxusautos_Organisator-467x350.jpg 467w, https:\/\/www.organisator.ch\/wp-content\/uploads\/2020\/05\/Corona-Kredite-fuer-verpfaendete-Luxusautos_Organisator-300x225.jpg 300w\" sizes=\"auto, (max-width: 680px) 100vw, 680px\" \/><figcaption id=\"caption-attachment-6744\" class=\"wp-caption-text\">Dank Bundeshilfe zur\u00fcck zum Ferrari: Es gibt Unternehmer, die Corona-Kredite zum R\u00fcckkauf ihrer verpf\u00e4ndeten Luxusautos nutzen. (Bild: Auto-Pfandhaus.ch)<\/figcaption><\/figure>\n<p>Viele Unternehmer sind im Zuge der Corona-Krise in massive finanzielle Schwierigkeiten geraten. Rund 120\u2019000 Firmen erhielten aber auch dank der durch den Bund gedeckten Notkredite schnell und unb\u00fcrokratisch Geld von ihren Hausbanken.<\/p>\n<h2>Corona-Kredite f\u00fcr Luxus-Schlitten?<\/h2>\n<p>W\u00e4hrend die meisten Unternehmer die Corona-Kredite erst in der absoluten Notsituation verwenden wollen, gibt es unter ihnen offenbar auch Gesch\u00e4ftsleute, die das Geld f\u00fcr Zwecke nutzen, die nichts mit den Folgen der Pandemie zu tun haben: \u00abSeitdem am 26. M\u00e4rz 2020 die Nothilfen f\u00fcr die Covid-19-Pandemie angelaufen sind, werden bei uns auff\u00e4llig viele Luxusautos von Unternehmern wieder abgeholt\u00bb, sagt Cedric Domeniconi, Mitgr\u00fcnder von Auto-Pfandhaus.ch. \u00abUnsere Kunden m\u00fcssen f\u00fcr die Ausl\u00f6sung ihrer verpf\u00e4ndeten Autos zwar keine Gr\u00fcnde nennen. Wir wissen aber, dass viele Kunden die Notkredite zum R\u00fcckkauf ihres Pfandkredits, den sie urspr\u00fcnglich mit ihrem Auto gedeckt hatten, verwenden.\u00bb Die Firmenbosse fahren dann mit ihrem Aston Martin Cabriolet, grossen Audi, Ferrari, Mercedes AMG, Porsche 911 oder Rolls Royce wieder nach Hause \u2013 Luxusschlitten also, deren Kreditsummen im hohen f\u00fcnfstelligen Bereich liegen. Interessant: diese Kunden kommen vorwiegend aus der Bau-, Immobilien- und Finanzbranche.<\/p>\n<h2>Schleppendes Gesch\u00e4ft mit Pfandleihen<\/h2>\n<p>Die g\u00fcnstigeren Autos mit einer Kreditsumme von 5000 bis 12&#8217;000 Franken hingegen bleiben im Moment im Auto-Pfandhaus.ch in B\u00fcsingen mehrheitlich liegen. Vor den bundesr\u00e4tlichen Hilfsprogrammen baten denn auch zuerst Kunden aus dem Eventbereich und sp\u00e4ter auch Kunden aus dem Gastronomie-Bereich, Ladenbesitzer oder Coiffeure um Pfandkredite auf ihre Autos. Denn die M\u00f6glichkeit, sofort ohne Ausk\u00fcnfte zu ihrer finanziellen Situation einen Pfandkredit zu bekommen, kam den Gewerbetreibenden sehr entgegen.\u00a0\u00a0Schliesslich sind ihnen wegen des Lockdowns von einem Tag auf den anderen die Ums\u00e4tze weggebrochen. Das hat sich in der Zwischenzeit ge\u00e4ndert. \u00abAktuell l\u00e4uft das Gesch\u00e4ft sehr schleppend\u00bb, sagt Domeniconi. Das sei verst\u00e4ndlich, wenn man bedenke, dass die Firmen jetzt einerseits gratis Geld ausleihen k\u00f6nnen. Andererseits w\u00fcrden viele Unternehmer infolge der negativen Wirtschaftsprognosen Gesch\u00e4ftsgelegenheiten oder Investitionen auf die lange Bank schieben. Denn letztere sind neben finanziellen Notsituationen seit jeher wichtige Gr\u00fcnde f\u00fcr Unternehmer, die Dienstleistungen von Auto-Pfandhaus.ch in Anspruch zu nehmen. Domeniconi rechnet aber damit, dass das Business mit dem Auto-Pfandkredit wieder anziehen wird. \u00abWenn die negativen Folgen der Pandemie in der harten Realit\u00e4t der Wirtschaft anhalten und keine Hilfen mehr verf\u00fcgbar sind, werden bei uns wieder mehr Autos in Pfand gegeben als ausgel\u00f6st\u00bb, ist er \u00fcberzeugt.<\/p>\n<p><em>Quelle: <a href=\"http:\/\/www.auto-pfandhaus.ch\">www.auto-pfandhaus.ch<\/a>\u00a0<\/em><\/p>\n","protected":false},"excerpt":{"rendered":"<p>Viele Unternehmer sind im Zuge der Corona-Krise in massive finanzielle Schwierigkeiten geraten. Rund 120\u2019000 Firmen erhielten aber auch dank der durch den Bund gedeckten Notkredite schnell und unb\u00fcrokratisch Geld von ihren Hausbanken. Corona-Kredite f\u00fcr Luxus-Schlitten? W\u00e4hrend die meisten Unternehmer die Corona-Kredite erst in der absoluten Notsituation verwenden wollen, gibt es unter ihnen offenbar auch Gesch\u00e4ftsleute, [&hellip;]<\/p>\n","protected":false},"author":4,"featured_media":6744,"comment_status":"closed","ping_status":"closed","sticky":false,"template":"","format":"standard","meta":{"_acf_changed":false,"_yoast_wpseo_focuskw":"Corona-Kredite","_yoast_wpseo_metadesc":"Unternehmer nutzen die Corona-Kredite, um verpf\u00e4ndete Luxusautos zur\u00fcckzukaufen. Dies berichten die Betreiber von Auto-Pfandhaus.ch.","articlekey":"","footnotes":""},"categories":[24],"tags":[132,202,203,334],"class_list":["post-6743","post","type-post","status-publish","format-standard","has-post-thumbnail","hentry","category-finanzen_recht","tag-coronavirus","tag-finanzenrecht","tag-finanzierung","tag-management"],"acf":[],"yoast_head":"<!-- This site is optimized with the Yoast SEO plugin v27.5 - https:\/\/yoast.com\/product\/yoast-seo-wordpress\/ -->\n<title>Corona-Kredite f\u00fcr verpf\u00e4ndete Luxusautos - Organisator<\/title>\n<meta name=\"description\" content=\"Unternehmer nutzen die Corona-Kredite, um verpf\u00e4ndete Luxusautos zur\u00fcckzukaufen. Dies berichten die Betreiber von Auto-Pfandhaus.ch.\" \/>\n<meta name=\"robots\" content=\"index, follow, max-snippet:-1, max-image-preview:large, max-video-preview:-1\" \/>\n<link rel=\"canonical\" href=\"https:\/\/www.organisator.ch\/de\/management\/finanzen_recht\/2020-05-25\/corona-kredite-fuer-verpfaendete-luxusautos\/\" \/>\n<meta property=\"og:locale\" content=\"de_DE\" \/>\n<meta property=\"og:type\" content=\"article\" \/>\n<meta property=\"og:title\" content=\"Corona-Kredite f\u00fcr verpf\u00e4ndete Luxusautos\" \/>\n<meta property=\"og:description\" content=\"Unternehmer nutzen die Corona-Kredite, um verpf\u00e4ndete Luxusautos zur\u00fcckzukaufen. Dies berichten die Betreiber von Auto-Pfandhaus.ch.\" \/>\n<meta property=\"og:url\" content=\"https:\/\/www.organisator.ch\/de\/management\/finanzen_recht\/2020-05-25\/corona-kredite-fuer-verpfaendete-luxusautos\/\" \/>\n<meta property=\"og:site_name\" content=\"Organisator\" \/>\n<meta property=\"article:publisher\" content=\"https:\/\/www.facebook.com\/OrganisatorFachmagazin\" \/>\n<meta property=\"article:published_time\" content=\"2020-05-25T06:45:46+00:00\" \/>\n<meta property=\"og:image\" content=\"https:\/\/www.organisator.ch\/wp-content\/uploads\/2020\/05\/Corona-Kredite-fuer-verpfaendete-Luxusautos_Organisator.jpg\" \/>\n\t<meta property=\"og:image:width\" content=\"680\" \/>\n\t<meta property=\"og:image:height\" content=\"510\" \/>\n\t<meta property=\"og:image:type\" content=\"image\/jpeg\" \/>\n<meta name=\"author\" content=\"thomas.berner\" \/>\n<meta name=\"twitter:card\" content=\"summary_large_image\" \/>\n<meta name=\"twitter:title\" content=\"#Corona-Kredite f\u00fcr verpf\u00e4ndete #Luxusautos\" \/>\n<meta name=\"twitter:description\" content=\"Unternehmer nutzen die #Corona-Kredite, um verpf\u00e4ndete Luxusautos zur\u00fcckzukaufen. Dies berichten die Betreiber von #Auto-Pfandhaus.ch.\" \/>\n<meta name=\"twitter:image\" content=\"https:\/\/www.organisator.ch\/wp-content\/uploads\/2020\/05\/Corona-Kredite-fuer-verpfaendete-Luxusautos_Organisator.jpg\" \/>\n<script type=\"application\/ld+json\" class=\"yoast-schema-graph\">{\"@context\":\"https:\\\/\\\/schema.org\",\"@graph\":[{\"@type\":\"Article\",\"@id\":\"https:\\\/\\\/www.organisator.ch\\\/management\\\/finanzen_recht\\\/2020-05-25\\\/corona-kredite-fuer-verpfaendete-luxusautos\\\/#article\",\"isPartOf\":{\"@id\":\"https:\\\/\\\/www.organisator.ch\\\/management\\\/finanzen_recht\\\/2020-05-25\\\/corona-kredite-fuer-verpfaendete-luxusautos\\\/\"},\"author\":{\"name\":\"thomas.berner\",\"@id\":\"https:\\\/\\\/www.organisator.ch\\\/#\\\/schema\\\/person\\\/6f650f90b2842cd4c0cc334b4e36f67e\"},\"headline\":\"Corona-Kredite f\u00fcr verpf\u00e4ndete Luxusautos\",\"datePublished\":\"2020-05-25T06:45:46+00:00\",\"mainEntityOfPage\":{\"@id\":\"https:\\\/\\\/www.organisator.ch\\\/management\\\/finanzen_recht\\\/2020-05-25\\\/corona-kredite-fuer-verpfaendete-luxusautos\\\/\"},\"wordCount\":447,\"publisher\":{\"@id\":\"https:\\\/\\\/www.organisator.ch\\\/#organization\"},\"image\":{\"@id\":\"https:\\\/\\\/www.organisator.ch\\\/management\\\/finanzen_recht\\\/2020-05-25\\\/corona-kredite-fuer-verpfaendete-luxusautos\\\/#primaryimage\"},\"thumbnailUrl\":\"https:\\\/\\\/www.organisator.ch\\\/wp-content\\\/uploads\\\/2020\\\/05\\\/Corona-Kredite-fuer-verpfaendete-Luxusautos_Organisator.jpg\",\"keywords\":[\"Coronavirus\",\"Finanzen\\\/Recht\",\"Finanzierung\",\"Management\"],\"articleSection\":[\"FINANZEN\\\/RECHT\"],\"inLanguage\":\"de\"},{\"@type\":\"WebPage\",\"@id\":\"https:\\\/\\\/www.organisator.ch\\\/management\\\/finanzen_recht\\\/2020-05-25\\\/corona-kredite-fuer-verpfaendete-luxusautos\\\/\",\"url\":\"https:\\\/\\\/www.organisator.ch\\\/management\\\/finanzen_recht\\\/2020-05-25\\\/corona-kredite-fuer-verpfaendete-luxusautos\\\/\",\"name\":\"Corona-Kredite f\u00fcr verpf\u00e4ndete Luxusautos - Organisator\",\"isPartOf\":{\"@id\":\"https:\\\/\\\/www.organisator.ch\\\/#website\"},\"primaryImageOfPage\":{\"@id\":\"https:\\\/\\\/www.organisator.ch\\\/management\\\/finanzen_recht\\\/2020-05-25\\\/corona-kredite-fuer-verpfaendete-luxusautos\\\/#primaryimage\"},\"image\":{\"@id\":\"https:\\\/\\\/www.organisator.ch\\\/management\\\/finanzen_recht\\\/2020-05-25\\\/corona-kredite-fuer-verpfaendete-luxusautos\\\/#primaryimage\"},\"thumbnailUrl\":\"https:\\\/\\\/www.organisator.ch\\\/wp-content\\\/uploads\\\/2020\\\/05\\\/Corona-Kredite-fuer-verpfaendete-Luxusautos_Organisator.jpg\",\"datePublished\":\"2020-05-25T06:45:46+00:00\",\"description\":\"Unternehmer nutzen die Corona-Kredite, um verpf\u00e4ndete Luxusautos zur\u00fcckzukaufen. Dies berichten die Betreiber von Auto-Pfandhaus.ch.\",\"breadcrumb\":{\"@id\":\"https:\\\/\\\/www.organisator.ch\\\/management\\\/finanzen_recht\\\/2020-05-25\\\/corona-kredite-fuer-verpfaendete-luxusautos\\\/#breadcrumb\"},\"inLanguage\":\"de\",\"potentialAction\":[{\"@type\":\"ReadAction\",\"target\":[\"https:\\\/\\\/www.organisator.ch\\\/management\\\/finanzen_recht\\\/2020-05-25\\\/corona-kredite-fuer-verpfaendete-luxusautos\\\/\"]}]},{\"@type\":\"ImageObject\",\"inLanguage\":\"de\",\"@id\":\"https:\\\/\\\/www.organisator.ch\\\/management\\\/finanzen_recht\\\/2020-05-25\\\/corona-kredite-fuer-verpfaendete-luxusautos\\\/#primaryimage\",\"url\":\"https:\\\/\\\/www.organisator.ch\\\/wp-content\\\/uploads\\\/2020\\\/05\\\/Corona-Kredite-fuer-verpfaendete-Luxusautos_Organisator.jpg\",\"contentUrl\":\"https:\\\/\\\/www.organisator.ch\\\/wp-content\\\/uploads\\\/2020\\\/05\\\/Corona-Kredite-fuer-verpfaendete-Luxusautos_Organisator.jpg\",\"width\":680,\"height\":510,\"caption\":\"Dank Bundeshilfe zur\u00fcck zum Ferrari: Es gibt Unternehmer, die Corona-Kredite zum R\u00fcckkauf ihrer verpf\u00e4ndeten Luxusautos nutzen. (Bild: Auto-Pfandhaus.ch)\"},{\"@type\":\"BreadcrumbList\",\"@id\":\"https:\\\/\\\/www.organisator.ch\\\/management\\\/finanzen_recht\\\/2020-05-25\\\/corona-kredite-fuer-verpfaendete-luxusautos\\\/#breadcrumb\",\"itemListElement\":[{\"@type\":\"ListItem\",\"position\":1,\"name\":\"Home\",\"item\":\"https:\\\/\\\/www.organisator.ch\\\/\"},{\"@type\":\"ListItem\",\"position\":2,\"name\":\"Corona-Kredite f\u00fcr verpf\u00e4ndete Luxusautos\"}]},{\"@type\":\"WebSite\",\"@id\":\"https:\\\/\\\/www.organisator.ch\\\/#website\",\"url\":\"https:\\\/\\\/www.organisator.ch\\\/\",\"name\":\"Organisator\",\"description\":\"Kompetent. Praxisnah. Der ORGANISATOR bereitet in 10 Ausgaben pro Jahr die wesentlichen Themen f\u00fcr F\u00fchrungskr\u00e4fte von KMU auf.\",\"publisher\":{\"@id\":\"https:\\\/\\\/www.organisator.ch\\\/#organization\"},\"potentialAction\":[{\"@type\":\"SearchAction\",\"target\":{\"@type\":\"EntryPoint\",\"urlTemplate\":\"https:\\\/\\\/www.organisator.ch\\\/?s={search_term_string}\"},\"query-input\":{\"@type\":\"PropertyValueSpecification\",\"valueRequired\":true,\"valueName\":\"search_term_string\"}}],\"inLanguage\":\"de\"},{\"@type\":\"Organization\",\"@id\":\"https:\\\/\\\/www.organisator.ch\\\/#organization\",\"name\":\"Organisator\",\"url\":\"https:\\\/\\\/www.organisator.ch\\\/\",\"logo\":{\"@type\":\"ImageObject\",\"inLanguage\":\"de\",\"@id\":\"https:\\\/\\\/www.organisator.ch\\\/#\\\/schema\\\/logo\\\/image\\\/\",\"url\":\"https:\\\/\\\/www.organisator.ch\\\/wp-content\\\/uploads\\\/2022\\\/01\\\/Logo_Organisator_Website.png\",\"contentUrl\":\"https:\\\/\\\/www.organisator.ch\\\/wp-content\\\/uploads\\\/2022\\\/01\\\/Logo_Organisator_Website.png\",\"width\":800,\"height\":77,\"caption\":\"Organisator\"},\"image\":{\"@id\":\"https:\\\/\\\/www.organisator.ch\\\/#\\\/schema\\\/logo\\\/image\\\/\"},\"sameAs\":[\"https:\\\/\\\/www.facebook.com\\\/OrganisatorFachmagazin\",\"https:\\\/\\\/www.linkedin.com\\\/showcase\\\/organisator-das-magazin-fr-kmu\",\"https:\\\/\\\/www.xing.com\\\/news\\\/pages\\\/organisator-ch-695\",\"https:\\\/\\\/www.youtube.com\\\/channel\\\/UCGP2Sq0iWaZwT3BdIAQFYpw\"]},{\"@type\":\"Person\",\"@id\":\"https:\\\/\\\/www.organisator.ch\\\/#\\\/schema\\\/person\\\/6f650f90b2842cd4c0cc334b4e36f67e\",\"name\":\"thomas.berner\",\"image\":{\"@type\":\"ImageObject\",\"inLanguage\":\"de\",\"@id\":\"https:\\\/\\\/secure.gravatar.com\\\/avatar\\\/ac5001d2a36cb6c6cd3e50789007ffca834b477b74a2144564522e944eabff61?s=96&d=mm&r=g\",\"url\":\"https:\\\/\\\/secure.gravatar.com\\\/avatar\\\/ac5001d2a36cb6c6cd3e50789007ffca834b477b74a2144564522e944eabff61?s=96&d=mm&r=g\",\"contentUrl\":\"https:\\\/\\\/secure.gravatar.com\\\/avatar\\\/ac5001d2a36cb6c6cd3e50789007ffca834b477b74a2144564522e944eabff61?s=96&d=mm&r=g\",\"caption\":\"thomas.berner\"},\"url\":\"https:\\\/\\\/www.organisator.ch\\\/de\\\/author\\\/thomas-berner\\\/\"}]}<\/script>\n<!-- \/ Yoast SEO plugin. -->","yoast_head_json":{"title":"Corona-Kredite f\u00fcr verpf\u00e4ndete Luxusautos - Organisator","description":"Unternehmer nutzen die Corona-Kredite, um verpf\u00e4ndete Luxusautos zur\u00fcckzukaufen. Dies berichten die Betreiber von Auto-Pfandhaus.ch.","robots":{"index":"index","follow":"follow","max-snippet":"max-snippet:-1","max-image-preview":"max-image-preview:large","max-video-preview":"max-video-preview:-1"},"canonical":"https:\/\/www.organisator.ch\/de\/management\/finanzen_recht\/2020-05-25\/corona-kredite-fuer-verpfaendete-luxusautos\/","og_locale":"de_DE","og_type":"article","og_title":"Corona-Kredite f\u00fcr verpf\u00e4ndete Luxusautos","og_description":"Unternehmer nutzen die Corona-Kredite, um verpf\u00e4ndete Luxusautos zur\u00fcckzukaufen. Dies berichten die Betreiber von Auto-Pfandhaus.ch.","og_url":"https:\/\/www.organisator.ch\/de\/management\/finanzen_recht\/2020-05-25\/corona-kredite-fuer-verpfaendete-luxusautos\/","og_site_name":"Organisator","article_publisher":"https:\/\/www.facebook.com\/OrganisatorFachmagazin","article_published_time":"2020-05-25T06:45:46+00:00","og_image":[{"width":680,"height":510,"url":"https:\/\/www.organisator.ch\/wp-content\/uploads\/2020\/05\/Corona-Kredite-fuer-verpfaendete-Luxusautos_Organisator.jpg","type":"image\/jpeg"}],"author":"thomas.berner","twitter_card":"summary_large_image","twitter_title":"#Corona-Kredite f\u00fcr verpf\u00e4ndete #Luxusautos","twitter_description":"Unternehmer nutzen die #Corona-Kredite, um verpf\u00e4ndete Luxusautos zur\u00fcckzukaufen. Dies berichten die Betreiber von #Auto-Pfandhaus.ch.","twitter_image":"https:\/\/www.organisator.ch\/wp-content\/uploads\/2020\/05\/Corona-Kredite-fuer-verpfaendete-Luxusautos_Organisator.jpg","schema":{"@context":"https:\/\/schema.org","@graph":[{"@type":"Article","@id":"https:\/\/www.organisator.ch\/management\/finanzen_recht\/2020-05-25\/corona-kredite-fuer-verpfaendete-luxusautos\/#article","isPartOf":{"@id":"https:\/\/www.organisator.ch\/management\/finanzen_recht\/2020-05-25\/corona-kredite-fuer-verpfaendete-luxusautos\/"},"author":{"name":"thomas.berner","@id":"https:\/\/www.organisator.ch\/#\/schema\/person\/6f650f90b2842cd4c0cc334b4e36f67e"},"headline":"Corona-Kredite f\u00fcr verpf\u00e4ndete Luxusautos","datePublished":"2020-05-25T06:45:46+00:00","mainEntityOfPage":{"@id":"https:\/\/www.organisator.ch\/management\/finanzen_recht\/2020-05-25\/corona-kredite-fuer-verpfaendete-luxusautos\/"},"wordCount":447,"publisher":{"@id":"https:\/\/www.organisator.ch\/#organization"},"image":{"@id":"https:\/\/www.organisator.ch\/management\/finanzen_recht\/2020-05-25\/corona-kredite-fuer-verpfaendete-luxusautos\/#primaryimage"},"thumbnailUrl":"https:\/\/www.organisator.ch\/wp-content\/uploads\/2020\/05\/Corona-Kredite-fuer-verpfaendete-Luxusautos_Organisator.jpg","keywords":["Coronavirus","Finanzen\/Recht","Finanzierung","Management"],"articleSection":["FINANZEN\/RECHT"],"inLanguage":"de"},{"@type":"WebPage","@id":"https:\/\/www.organisator.ch\/management\/finanzen_recht\/2020-05-25\/corona-kredite-fuer-verpfaendete-luxusautos\/","url":"https:\/\/www.organisator.ch\/management\/finanzen_recht\/2020-05-25\/corona-kredite-fuer-verpfaendete-luxusautos\/","name":"Corona-Kredite f\u00fcr verpf\u00e4ndete Luxusautos - Organisator","isPartOf":{"@id":"https:\/\/www.organisator.ch\/#website"},"primaryImageOfPage":{"@id":"https:\/\/www.organisator.ch\/management\/finanzen_recht\/2020-05-25\/corona-kredite-fuer-verpfaendete-luxusautos\/#primaryimage"},"image":{"@id":"https:\/\/www.organisator.ch\/management\/finanzen_recht\/2020-05-25\/corona-kredite-fuer-verpfaendete-luxusautos\/#primaryimage"},"thumbnailUrl":"https:\/\/www.organisator.ch\/wp-content\/uploads\/2020\/05\/Corona-Kredite-fuer-verpfaendete-Luxusautos_Organisator.jpg","datePublished":"2020-05-25T06:45:46+00:00","description":"Unternehmer nutzen die Corona-Kredite, um verpf\u00e4ndete Luxusautos zur\u00fcckzukaufen. Dies berichten die Betreiber von Auto-Pfandhaus.ch.","breadcrumb":{"@id":"https:\/\/www.organisator.ch\/management\/finanzen_recht\/2020-05-25\/corona-kredite-fuer-verpfaendete-luxusautos\/#breadcrumb"},"inLanguage":"de","potentialAction":[{"@type":"ReadAction","target":["https:\/\/www.organisator.ch\/management\/finanzen_recht\/2020-05-25\/corona-kredite-fuer-verpfaendete-luxusautos\/"]}]},{"@type":"ImageObject","inLanguage":"de","@id":"https:\/\/www.organisator.ch\/management\/finanzen_recht\/2020-05-25\/corona-kredite-fuer-verpfaendete-luxusautos\/#primaryimage","url":"https:\/\/www.organisator.ch\/wp-content\/uploads\/2020\/05\/Corona-Kredite-fuer-verpfaendete-Luxusautos_Organisator.jpg","contentUrl":"https:\/\/www.organisator.ch\/wp-content\/uploads\/2020\/05\/Corona-Kredite-fuer-verpfaendete-Luxusautos_Organisator.jpg","width":680,"height":510,"caption":"Dank Bundeshilfe zur\u00fcck zum Ferrari: Es gibt Unternehmer, die Corona-Kredite zum R\u00fcckkauf ihrer verpf\u00e4ndeten Luxusautos nutzen. (Bild: Auto-Pfandhaus.ch)"},{"@type":"BreadcrumbList","@id":"https:\/\/www.organisator.ch\/management\/finanzen_recht\/2020-05-25\/corona-kredite-fuer-verpfaendete-luxusautos\/#breadcrumb","itemListElement":[{"@type":"ListItem","position":1,"name":"Home","item":"https:\/\/www.organisator.ch\/"},{"@type":"ListItem","position":2,"name":"Corona-Kredite f\u00fcr verpf\u00e4ndete Luxusautos"}]},{"@type":"WebSite","@id":"https:\/\/www.organisator.ch\/#website","url":"https:\/\/www.organisator.ch\/","name":"Organisator","description":"Kompetent. Praxisnah. Der ORGANISATOR bereitet in 10 Ausgaben pro Jahr die wesentlichen Themen f\u00fcr F\u00fchrungskr\u00e4fte von KMU auf.","publisher":{"@id":"https:\/\/www.organisator.ch\/#organization"},"potentialAction":[{"@type":"SearchAction","target":{"@type":"EntryPoint","urlTemplate":"https:\/\/www.organisator.ch\/?s={search_term_string}"},"query-input":{"@type":"PropertyValueSpecification","valueRequired":true,"valueName":"search_term_string"}}],"inLanguage":"de"},{"@type":"Organization","@id":"https:\/\/www.organisator.ch\/#organization","name":"Organisator","url":"https:\/\/www.organisator.ch\/","logo":{"@type":"ImageObject","inLanguage":"de","@id":"https:\/\/www.organisator.ch\/#\/schema\/logo\/image\/","url":"https:\/\/www.organisator.ch\/wp-content\/uploads\/2022\/01\/Logo_Organisator_Website.png","contentUrl":"https:\/\/www.organisator.ch\/wp-content\/uploads\/2022\/01\/Logo_Organisator_Website.png","width":800,"height":77,"caption":"Organisator"},"image":{"@id":"https:\/\/www.organisator.ch\/#\/schema\/logo\/image\/"},"sameAs":["https:\/\/www.facebook.com\/OrganisatorFachmagazin","https:\/\/www.linkedin.com\/showcase\/organisator-das-magazin-fr-kmu","https:\/\/www.xing.com\/news\/pages\/organisator-ch-695","https:\/\/www.youtube.com\/channel\/UCGP2Sq0iWaZwT3BdIAQFYpw"]},{"@type":"Person","@id":"https:\/\/www.organisator.ch\/#\/schema\/person\/6f650f90b2842cd4c0cc334b4e36f67e","name":"thomas.berner","image":{"@type":"ImageObject","inLanguage":"de","@id":"https:\/\/secure.gravatar.com\/avatar\/ac5001d2a36cb6c6cd3e50789007ffca834b477b74a2144564522e944eabff61?s=96&d=mm&r=g","url":"https:\/\/secure.gravatar.com\/avatar\/ac5001d2a36cb6c6cd3e50789007ffca834b477b74a2144564522e944eabff61?s=96&d=mm&r=g","contentUrl":"https:\/\/secure.gravatar.com\/avatar\/ac5001d2a36cb6c6cd3e50789007ffca834b477b74a2144564522e944eabff61?s=96&d=mm&r=g","caption":"thomas.berner"},"url":"https:\/\/www.organisator.ch\/de\/author\/thomas-berner\/"}]}},"_links":{"self":[{"href":"https:\/\/www.organisator.ch\/de\/wp-json\/wp\/v2\/posts\/6743","targetHints":{"allow":["GET"]}}],"collection":[{"href":"https:\/\/www.organisator.ch\/de\/wp-json\/wp\/v2\/posts"}],"about":[{"href":"https:\/\/www.organisator.ch\/de\/wp-json\/wp\/v2\/types\/post"}],"author":[{"embeddable":true,"href":"https:\/\/www.organisator.ch\/de\/wp-json\/wp\/v2\/users\/4"}],"replies":[{"embeddable":true,"href":"https:\/\/www.organisator.ch\/de\/wp-json\/wp\/v2\/comments?post=6743"}],"version-history":[{"count":0,"href":"https:\/\/www.organisator.ch\/de\/wp-json\/wp\/v2\/posts\/6743\/revisions"}],"wp:featuredmedia":[{"embeddable":true,"href":"https:\/\/www.organisator.ch\/de\/wp-json\/wp\/v2\/media\/6744"}],"wp:attachment":[{"href":"https:\/\/www.organisator.ch\/de\/wp-json\/wp\/v2\/media?parent=6743"}],"wp:term":[{"taxonomy":"category","embeddable":true,"href":"https:\/\/www.organisator.ch\/de\/wp-json\/wp\/v2\/categories?post=6743"},{"taxonomy":"post_tag","embeddable":true,"href":"https:\/\/www.organisator.ch\/de\/wp-json\/wp\/v2\/tags?post=6743"}],"curies":[{"name":"wp","href":"https:\/\/api.w.org\/{rel}","templated":true}]}}