{"id":6750,"date":"2020-05-26T13:56:59","date_gmt":"2020-05-26T11:56:59","guid":{"rendered":"https:\/\/www.organisator.ch\/?p=6750"},"modified":"2020-05-26T13:56:59","modified_gmt":"2020-05-26T11:56:59","slug":"so-gelingt-die-sichere-wiederaufnahme-des-betriebs-nach-dem-lockdown","status":"publish","type":"post","link":"https:\/\/www.organisator.ch\/de\/management\/2020-05-26\/so-gelingt-die-sichere-wiederaufnahme-des-betriebs-nach-dem-lockdown\/","title":{"rendered":"So gelingt die sichere Wiederaufnahme des Betriebs nach dem Lockdown"},"content":{"rendered":"<figure id=\"attachment_6751\" aria-describedby=\"caption-attachment-6751\" style=\"width: 680px\" class=\"wp-caption alignnone\"><img loading=\"lazy\" decoding=\"async\" class=\"size-medium wp-image-6751\" src=\"https:\/\/www.organisator.ch\/wp-content\/uploads\/2020\/05\/So-gelingt-die-sichere-Wiederaufnahme-des-Betriebs-nach-dem-Lockdown_Organisator.jpg\" alt=\"\" width=\"680\" height=\"497\" srcset=\"https:\/\/www.organisator.ch\/wp-content\/uploads\/2020\/05\/So-gelingt-die-sichere-Wiederaufnahme-des-Betriebs-nach-dem-Lockdown_Organisator.jpg 680w, https:\/\/www.organisator.ch\/wp-content\/uploads\/2020\/05\/So-gelingt-die-sichere-Wiederaufnahme-des-Betriebs-nach-dem-Lockdown_Organisator-16x12.jpg 16w, https:\/\/www.organisator.ch\/wp-content\/uploads\/2020\/05\/So-gelingt-die-sichere-Wiederaufnahme-des-Betriebs-nach-dem-Lockdown_Organisator-239x175.jpg 239w, https:\/\/www.organisator.ch\/wp-content\/uploads\/2020\/05\/So-gelingt-die-sichere-Wiederaufnahme-des-Betriebs-nach-dem-Lockdown_Organisator-479x350.jpg 479w, https:\/\/www.organisator.ch\/wp-content\/uploads\/2020\/05\/So-gelingt-die-sichere-Wiederaufnahme-des-Betriebs-nach-dem-Lockdown_Organisator-300x219.jpg 300w\" sizes=\"auto, (max-width: 680px) 100vw, 680px\" \/><figcaption id=\"caption-attachment-6751\" class=\"wp-caption-text\">International SOS &#8211; ein Dienstleister f\u00fcr Risikomanagement im Bereich Gesundheit und Sicherheit &#8211; musste im Zusammenhang mit Covid-19 viele F\u00e4lle bearbeiten. Nun sinken auch hier die Fallzahlen. Anlass genug f\u00fcr Tipps an Unternehmen f\u00fcr eine sichere Wiederaufnahme des Betriebs. (Grafik: International SOS).<\/figcaption><\/figure>\n<p>Die R\u00fcckkehr zum &#8222;neuen normalen&#8220; Alltag r\u00fcckt f\u00fcr viele Organisationen im Zuge der Lockerung der Covid-19-Massnahmen immer mehr in den Mittelpunkt. Unternehmen m\u00fcssen sich nun f\u00fcr eine sichere und nachhaltige Wiederaufnahme des Betriebs einsetzen. Dies ist nicht immer einfach, denn die Nicht-Einhaltung entsprechender Massnahmen zur Eind\u00e4mmung des Covid-19 hat in vielen L\u00e4ndern rechtliche Konsequenzen zur Folge.<\/p>\n<p>Unternehmen sehen sich an mehreren Fronten beispiellosen Herausforderungen gegen\u00fcber. Um die wirtschaftlichen und sozialen Folgen der Corona-Krise nachhaltig zu bew\u00e4ltigen, m\u00fcssen Unternehmen die Sicherheit und das Wohlergehen ihrer Mitarbeitenden bei der Wiederaufnahme des Betriebs sicherstellen. Damit sollen ein R\u00fcckschritt im Rahmen der Bek\u00e4mpfung von COVID-19 sowie allf\u00e4llige Strafverfolgungen vermieden werden.<\/p>\n<h2>Acht Punkte f\u00fcr die sichere Wiederaufnahme des Betriebs<\/h2>\n<p>Um Unternehmen bei der Wiederaufnahme des Betriebs zu unterst\u00fctzen, hat International SOS &#8211; ein f\u00fchrender Dienstleister f\u00fcr Risikomanagement im Bereich Gesundheit und Sicherheit &#8211; ein sogenanntes Worksafe-Protokoll mit den folgenden acht Massnahmen ins Leben gerufen:<\/p>\n<ul>\n<li>Massnahmen am Arbeitsplatz: Screening, Zoneneinteilung, Absperrungen, Reinigungsprotokolle, Bel\u00fcftung, Zugang und die Bereitstellung von Pers\u00f6nliche Schutzausr\u00fcstungen (PSA)<br \/>\nund IT-Equipment, falls erforderlich.<\/li>\n<li>Operations (Betriebliches): Isolierung, grundlegende Hygiene-, Gesundheits- und medizinische Massnahmen; Gesundheitsfrageb\u00f6gen und Unterst\u00fctzung der k\u00f6rperlichen und psychischen Gesundheit.<\/li>\n<li>Vorschriften: Erstellung und Anpassung von Policies, die im Einklang mit den Regierungsbestimmungen stehen. Dies, um sicherzustellen, dass der medizinische Bedarf rund um den<br \/>\nArbeitsschutz f\u00fcr Mitarbeitende an ihrem Arbeitsplatz und auf Reisen, vollst\u00e4ndig gedeckt ist.<\/li>\n<li>Wissen und Know-How: Kenntnisse \u00fcber aktuelle Quarant\u00e4ne- und Transportvorschriften und \u00fcber \u00e4rztliche Bescheinigungen. F\u00e4higkeit zur rechtzeitigen Kontaktverfolgung und Einsatz von Quarant\u00e4nemassnahmen. Ber\u00fccksichtigung der Privatsph\u00e4re ist ein Muss.<\/li>\n<li>Social distancing: Begrenzung der Anzahl Mitarbeitenden am Arbeitsplatz, Raumplanung, Staffelung der Arbeitszeiten und -tage, einschliesslich A\/B-Teamschichten, flexible Arbeitsgestaltung und Home Office.<\/li>\n<li>Warnmeldungen: Entwicklung automatisierter Methoden, um vor neu auftretenden Bedrohungen gewarnt zu werden, z.B. neue lokale Cluster, zweite COVID-19-Welle und sich ver\u00e4ndernde Sicherheitsrisiken, wie B\u00fcrgerunruhen<\/li>\n<li>Sich verst\u00e4rken: Aufbau von Partnerschaften mit Experten f\u00fcr Infektionskrankheiten f\u00fcr eine detaillierte und kompetente Beratung, welche rechtzeitig erfolgt.<\/li>\n<li>Bef\u00e4higung von Mitarbeitenden: Kommunikation und Schulung sind notwendig, um neue Arbeitsbedingungen und Richtlinien einzuf\u00fchren. Die Einbeziehung der obersten F\u00fchrungsebene und die klare Regelung von Verantwortlichkeiten sind entscheidend.<\/li>\n<\/ul>\n<h2>Die richtigen Massnahmen f\u00fcr erfolgreichen Normalbetrieb<\/h2>\n<p>C\u00e9dric Fraissinet, Gesch\u00e4ftsf\u00fchrer bei International SOS, Schweiz: &#8222;Kein Unternehmen kann daf\u00fcr garantieren, dass die Ausbreitung der Ansteckung verhindert wird. Jedoch k\u00f6nnen durch entscheidende Vorsichtsmassnahmen die Risiken minimiert, die Sorgfaltspflicht (Duty of Care) erf\u00fcllt und die Resilienz (Widerstandsf\u00e4higkeit) von Mitarbeitenden gest\u00e4rkt werden. In diesem Zusammenhang sind eine solide Vorbereitung sowie umsetzbare Erkenntnisse, die sich auf aktuelle Informationen st\u00fctzen, ein Muss. Damit k\u00f6nnen Gefahren erkannt und Risiken gemindert werden. Bei Bedarf kann rasch eine L\u00f6sung gefunden werden. Die Ber\u00fccksichtigung von Regierungsbestimmungen und die Beurteilung dessen, was f\u00fcr die Mitarbeitenden sowohl aus logistischer als auch aus pers\u00f6nlicher Sicht notwendig ist, um sicher an den Arbeitsplatz zur\u00fcckzukehren, stellt f\u00fcr viele Unternehmen eine grosse Herausforderung dar. Deshalb werden diejenigen Organisationen, welche die richtigen Massnahmen umsetzen, die gr\u00f6ssten Erfolgschancen haben.&#8220;<\/p>\n<p><em>Quelle und weitere Informationen: <a href=\"https:\/\/pandemic.internationalsos.com\/2019-ncov\">International SOS<\/a><\/em><\/p>\n","protected":false},"excerpt":{"rendered":"<p>Die R\u00fcckkehr zum &#8222;neuen normalen&#8220; Alltag r\u00fcckt f\u00fcr viele Organisationen im Zuge der Lockerung der Covid-19-Massnahmen immer mehr in den Mittelpunkt. Unternehmen m\u00fcssen sich nun f\u00fcr eine sichere und nachhaltige Wiederaufnahme des Betriebs einsetzen. Dies ist nicht immer einfach, denn die Nicht-Einhaltung entsprechender Massnahmen zur Eind\u00e4mmung des Covid-19 hat in vielen L\u00e4ndern rechtliche Konsequenzen zur [&hellip;]<\/p>\n","protected":false},"author":4,"featured_media":6751,"comment_status":"closed","ping_status":"closed","sticky":false,"template":"","format":"standard","meta":{"_acf_changed":false,"_yoast_wpseo_focuskw":"Wiederaufnahme des Betriebs","_yoast_wpseo_metadesc":"Langsam bewegen sich Wirtschaft und Gesellschaft wieder in Richtung \"Normalbetrieb\". F\u00fcr die sichere Wiederaufnahme des Betriebs helfen acht Schritte.","articlekey":"","footnotes":""},"categories":[28],"tags":[77,132,334,434],"class_list":["post-6750","post","type-post","status-publish","format-standard","has-post-thumbnail","hentry","category-management","tag-betriebliches-gesundheitsmanagement","tag-coronavirus","tag-management","tag-sicherheit"],"acf":[],"yoast_head":"<!-- This site is optimized with the Yoast SEO plugin v27.4 - https:\/\/yoast.com\/product\/yoast-seo-wordpress\/ -->\n<title>So gelingt die sichere Wiederaufnahme des Betriebs nach dem Lockdown - Organisator<\/title>\n<meta name=\"description\" content=\"Langsam bewegen sich Wirtschaft und Gesellschaft wieder in Richtung &quot;Normalbetrieb&quot;. F\u00fcr die sichere Wiederaufnahme des Betriebs helfen acht Schritte.\" \/>\n<meta name=\"robots\" content=\"index, follow, max-snippet:-1, max-image-preview:large, max-video-preview:-1\" \/>\n<link rel=\"canonical\" href=\"https:\/\/www.organisator.ch\/de\/management\/2020-05-26\/so-gelingt-die-sichere-wiederaufnahme-des-betriebs-nach-dem-lockdown\/\" \/>\n<meta property=\"og:locale\" content=\"de_DE\" \/>\n<meta property=\"og:type\" content=\"article\" \/>\n<meta property=\"og:title\" content=\"So gelingt die sichere Wiederaufnahme des Betriebs nach dem Lockdown\" \/>\n<meta property=\"og:description\" content=\"Langsam bewegen sich Wirtschaft und Gesellschaft wieder in Richtung &quot;Normalbetrieb&quot;. F\u00fcr die sichere Wiederaufnahme des Betriebs helfen acht Schritte.\" \/>\n<meta property=\"og:url\" content=\"https:\/\/www.organisator.ch\/de\/management\/2020-05-26\/so-gelingt-die-sichere-wiederaufnahme-des-betriebs-nach-dem-lockdown\/\" \/>\n<meta property=\"og:site_name\" content=\"Organisator\" \/>\n<meta property=\"article:publisher\" content=\"https:\/\/www.facebook.com\/OrganisatorFachmagazin\" \/>\n<meta property=\"article:published_time\" content=\"2020-05-26T11:56:59+00:00\" \/>\n<meta property=\"og:image\" content=\"https:\/\/www.organisator.ch\/wp-content\/uploads\/2020\/05\/So-gelingt-die-sichere-Wiederaufnahme-des-Betriebs-nach-dem-Lockdown_Organisator.jpg\" \/>\n\t<meta property=\"og:image:width\" content=\"680\" \/>\n\t<meta property=\"og:image:height\" content=\"497\" \/>\n\t<meta property=\"og:image:type\" content=\"image\/jpeg\" \/>\n<meta name=\"author\" content=\"thomas.berner\" \/>\n<meta name=\"twitter:card\" content=\"summary_large_image\" \/>\n<meta name=\"twitter:title\" content=\"So gelingt die sichere Wiederaufnahme des Betriebs nach dem #Lockdown\" \/>\n<meta name=\"twitter:description\" content=\"Langsam bewegen sich #Wirtschaft und #Gesellschaft wieder in Richtung &quot;#Normalbetrieb&quot;. F\u00fcr die sichere #Wiederaufnahme des Betriebs helfen acht Schritte.\" \/>\n<meta name=\"twitter:image\" content=\"https:\/\/www.organisator.ch\/wp-content\/uploads\/2020\/05\/So-gelingt-die-sichere-Wiederaufnahme-des-Betriebs-nach-dem-Lockdown_Organisator.jpg\" \/>\n<script type=\"application\/ld+json\" class=\"yoast-schema-graph\">{\"@context\":\"https:\\\/\\\/schema.org\",\"@graph\":[{\"@type\":\"Article\",\"@id\":\"https:\\\/\\\/www.organisator.ch\\\/management\\\/2020-05-26\\\/so-gelingt-die-sichere-wiederaufnahme-des-betriebs-nach-dem-lockdown\\\/#article\",\"isPartOf\":{\"@id\":\"https:\\\/\\\/www.organisator.ch\\\/management\\\/2020-05-26\\\/so-gelingt-die-sichere-wiederaufnahme-des-betriebs-nach-dem-lockdown\\\/\"},\"author\":{\"name\":\"thomas.berner\",\"@id\":\"https:\\\/\\\/www.organisator.ch\\\/#\\\/schema\\\/person\\\/6f650f90b2842cd4c0cc334b4e36f67e\"},\"headline\":\"So gelingt die sichere Wiederaufnahme des Betriebs nach dem Lockdown\",\"datePublished\":\"2020-05-26T11:56:59+00:00\",\"mainEntityOfPage\":{\"@id\":\"https:\\\/\\\/www.organisator.ch\\\/management\\\/2020-05-26\\\/so-gelingt-die-sichere-wiederaufnahme-des-betriebs-nach-dem-lockdown\\\/\"},\"wordCount\":597,\"publisher\":{\"@id\":\"https:\\\/\\\/www.organisator.ch\\\/#organization\"},\"image\":{\"@id\":\"https:\\\/\\\/www.organisator.ch\\\/management\\\/2020-05-26\\\/so-gelingt-die-sichere-wiederaufnahme-des-betriebs-nach-dem-lockdown\\\/#primaryimage\"},\"thumbnailUrl\":\"https:\\\/\\\/www.organisator.ch\\\/wp-content\\\/uploads\\\/2020\\\/05\\\/So-gelingt-die-sichere-Wiederaufnahme-des-Betriebs-nach-dem-Lockdown_Organisator.jpg\",\"keywords\":[\"Betriebliches Gesundheitsmanagement\",\"Coronavirus\",\"Management\",\"Sicherheit\"],\"articleSection\":[\"MANAGEMENT\"],\"inLanguage\":\"de\"},{\"@type\":\"WebPage\",\"@id\":\"https:\\\/\\\/www.organisator.ch\\\/management\\\/2020-05-26\\\/so-gelingt-die-sichere-wiederaufnahme-des-betriebs-nach-dem-lockdown\\\/\",\"url\":\"https:\\\/\\\/www.organisator.ch\\\/management\\\/2020-05-26\\\/so-gelingt-die-sichere-wiederaufnahme-des-betriebs-nach-dem-lockdown\\\/\",\"name\":\"So gelingt die sichere Wiederaufnahme des Betriebs nach dem Lockdown - Organisator\",\"isPartOf\":{\"@id\":\"https:\\\/\\\/www.organisator.ch\\\/#website\"},\"primaryImageOfPage\":{\"@id\":\"https:\\\/\\\/www.organisator.ch\\\/management\\\/2020-05-26\\\/so-gelingt-die-sichere-wiederaufnahme-des-betriebs-nach-dem-lockdown\\\/#primaryimage\"},\"image\":{\"@id\":\"https:\\\/\\\/www.organisator.ch\\\/management\\\/2020-05-26\\\/so-gelingt-die-sichere-wiederaufnahme-des-betriebs-nach-dem-lockdown\\\/#primaryimage\"},\"thumbnailUrl\":\"https:\\\/\\\/www.organisator.ch\\\/wp-content\\\/uploads\\\/2020\\\/05\\\/So-gelingt-die-sichere-Wiederaufnahme-des-Betriebs-nach-dem-Lockdown_Organisator.jpg\",\"datePublished\":\"2020-05-26T11:56:59+00:00\",\"description\":\"Langsam bewegen sich Wirtschaft und Gesellschaft wieder in Richtung \\\"Normalbetrieb\\\". F\u00fcr die sichere Wiederaufnahme des Betriebs helfen acht Schritte.\",\"breadcrumb\":{\"@id\":\"https:\\\/\\\/www.organisator.ch\\\/management\\\/2020-05-26\\\/so-gelingt-die-sichere-wiederaufnahme-des-betriebs-nach-dem-lockdown\\\/#breadcrumb\"},\"inLanguage\":\"de\",\"potentialAction\":[{\"@type\":\"ReadAction\",\"target\":[\"https:\\\/\\\/www.organisator.ch\\\/management\\\/2020-05-26\\\/so-gelingt-die-sichere-wiederaufnahme-des-betriebs-nach-dem-lockdown\\\/\"]}]},{\"@type\":\"ImageObject\",\"inLanguage\":\"de\",\"@id\":\"https:\\\/\\\/www.organisator.ch\\\/management\\\/2020-05-26\\\/so-gelingt-die-sichere-wiederaufnahme-des-betriebs-nach-dem-lockdown\\\/#primaryimage\",\"url\":\"https:\\\/\\\/www.organisator.ch\\\/wp-content\\\/uploads\\\/2020\\\/05\\\/So-gelingt-die-sichere-Wiederaufnahme-des-Betriebs-nach-dem-Lockdown_Organisator.jpg\",\"contentUrl\":\"https:\\\/\\\/www.organisator.ch\\\/wp-content\\\/uploads\\\/2020\\\/05\\\/So-gelingt-die-sichere-Wiederaufnahme-des-Betriebs-nach-dem-Lockdown_Organisator.jpg\",\"width\":680,\"height\":497,\"caption\":\"International SOS - weltweit f\u00fchrender Dienstleister f\u00fcr Risikomanagement im Bereich Gesundheit und Sicherheit musste im Zusammenhang mit Covid-19 viele F\u00e4lle bearbeiten. Nun sinken auch hier die Fallzahlen. Anlass genug f\u00fcr Tipps an Unternehmen f\u00fcr eine sichere Wiederaufnahme des Betriebs. (Grafik: International SOS).\"},{\"@type\":\"BreadcrumbList\",\"@id\":\"https:\\\/\\\/www.organisator.ch\\\/management\\\/2020-05-26\\\/so-gelingt-die-sichere-wiederaufnahme-des-betriebs-nach-dem-lockdown\\\/#breadcrumb\",\"itemListElement\":[{\"@type\":\"ListItem\",\"position\":1,\"name\":\"Home\",\"item\":\"https:\\\/\\\/www.organisator.ch\\\/\"},{\"@type\":\"ListItem\",\"position\":2,\"name\":\"So gelingt die sichere Wiederaufnahme des Betriebs nach dem Lockdown\"}]},{\"@type\":\"WebSite\",\"@id\":\"https:\\\/\\\/www.organisator.ch\\\/#website\",\"url\":\"https:\\\/\\\/www.organisator.ch\\\/\",\"name\":\"Organisator\",\"description\":\"Kompetent. Praxisnah. Der ORGANISATOR bereitet in 10 Ausgaben pro Jahr die wesentlichen Themen f\u00fcr F\u00fchrungskr\u00e4fte von KMU auf.\",\"publisher\":{\"@id\":\"https:\\\/\\\/www.organisator.ch\\\/#organization\"},\"potentialAction\":[{\"@type\":\"SearchAction\",\"target\":{\"@type\":\"EntryPoint\",\"urlTemplate\":\"https:\\\/\\\/www.organisator.ch\\\/?s={search_term_string}\"},\"query-input\":{\"@type\":\"PropertyValueSpecification\",\"valueRequired\":true,\"valueName\":\"search_term_string\"}}],\"inLanguage\":\"de\"},{\"@type\":\"Organization\",\"@id\":\"https:\\\/\\\/www.organisator.ch\\\/#organization\",\"name\":\"Organisator\",\"url\":\"https:\\\/\\\/www.organisator.ch\\\/\",\"logo\":{\"@type\":\"ImageObject\",\"inLanguage\":\"de\",\"@id\":\"https:\\\/\\\/www.organisator.ch\\\/#\\\/schema\\\/logo\\\/image\\\/\",\"url\":\"https:\\\/\\\/www.organisator.ch\\\/wp-content\\\/uploads\\\/2022\\\/01\\\/Logo_Organisator_Website.png\",\"contentUrl\":\"https:\\\/\\\/www.organisator.ch\\\/wp-content\\\/uploads\\\/2022\\\/01\\\/Logo_Organisator_Website.png\",\"width\":800,\"height\":77,\"caption\":\"Organisator\"},\"image\":{\"@id\":\"https:\\\/\\\/www.organisator.ch\\\/#\\\/schema\\\/logo\\\/image\\\/\"},\"sameAs\":[\"https:\\\/\\\/www.facebook.com\\\/OrganisatorFachmagazin\",\"https:\\\/\\\/www.linkedin.com\\\/showcase\\\/organisator-das-magazin-fr-kmu\",\"https:\\\/\\\/www.xing.com\\\/news\\\/pages\\\/organisator-ch-695\",\"https:\\\/\\\/www.youtube.com\\\/channel\\\/UCGP2Sq0iWaZwT3BdIAQFYpw\"]},{\"@type\":\"Person\",\"@id\":\"https:\\\/\\\/www.organisator.ch\\\/#\\\/schema\\\/person\\\/6f650f90b2842cd4c0cc334b4e36f67e\",\"name\":\"thomas.berner\",\"image\":{\"@type\":\"ImageObject\",\"inLanguage\":\"de\",\"@id\":\"https:\\\/\\\/secure.gravatar.com\\\/avatar\\\/ac5001d2a36cb6c6cd3e50789007ffca834b477b74a2144564522e944eabff61?s=96&d=mm&r=g\",\"url\":\"https:\\\/\\\/secure.gravatar.com\\\/avatar\\\/ac5001d2a36cb6c6cd3e50789007ffca834b477b74a2144564522e944eabff61?s=96&d=mm&r=g\",\"contentUrl\":\"https:\\\/\\\/secure.gravatar.com\\\/avatar\\\/ac5001d2a36cb6c6cd3e50789007ffca834b477b74a2144564522e944eabff61?s=96&d=mm&r=g\",\"caption\":\"thomas.berner\"},\"url\":\"https:\\\/\\\/www.organisator.ch\\\/de\\\/author\\\/thomas-berner\\\/\"}]}<\/script>\n<!-- \/ Yoast SEO plugin. -->","yoast_head_json":{"title":"So gelingt die sichere Wiederaufnahme des Betriebs nach dem Lockdown - Organisator","description":"Langsam bewegen sich Wirtschaft und Gesellschaft wieder in Richtung \"Normalbetrieb\". F\u00fcr die sichere Wiederaufnahme des Betriebs helfen acht Schritte.","robots":{"index":"index","follow":"follow","max-snippet":"max-snippet:-1","max-image-preview":"max-image-preview:large","max-video-preview":"max-video-preview:-1"},"canonical":"https:\/\/www.organisator.ch\/de\/management\/2020-05-26\/so-gelingt-die-sichere-wiederaufnahme-des-betriebs-nach-dem-lockdown\/","og_locale":"de_DE","og_type":"article","og_title":"So gelingt die sichere Wiederaufnahme des Betriebs nach dem Lockdown","og_description":"Langsam bewegen sich Wirtschaft und Gesellschaft wieder in Richtung \"Normalbetrieb\". F\u00fcr die sichere Wiederaufnahme des Betriebs helfen acht Schritte.","og_url":"https:\/\/www.organisator.ch\/de\/management\/2020-05-26\/so-gelingt-die-sichere-wiederaufnahme-des-betriebs-nach-dem-lockdown\/","og_site_name":"Organisator","article_publisher":"https:\/\/www.facebook.com\/OrganisatorFachmagazin","article_published_time":"2020-05-26T11:56:59+00:00","og_image":[{"width":680,"height":497,"url":"https:\/\/www.organisator.ch\/wp-content\/uploads\/2020\/05\/So-gelingt-die-sichere-Wiederaufnahme-des-Betriebs-nach-dem-Lockdown_Organisator.jpg","type":"image\/jpeg"}],"author":"thomas.berner","twitter_card":"summary_large_image","twitter_title":"So gelingt die sichere Wiederaufnahme des Betriebs nach dem #Lockdown","twitter_description":"Langsam bewegen sich #Wirtschaft und #Gesellschaft wieder in Richtung \"#Normalbetrieb\". F\u00fcr die sichere #Wiederaufnahme des Betriebs helfen acht Schritte.","twitter_image":"https:\/\/www.organisator.ch\/wp-content\/uploads\/2020\/05\/So-gelingt-die-sichere-Wiederaufnahme-des-Betriebs-nach-dem-Lockdown_Organisator.jpg","schema":{"@context":"https:\/\/schema.org","@graph":[{"@type":"Article","@id":"https:\/\/www.organisator.ch\/management\/2020-05-26\/so-gelingt-die-sichere-wiederaufnahme-des-betriebs-nach-dem-lockdown\/#article","isPartOf":{"@id":"https:\/\/www.organisator.ch\/management\/2020-05-26\/so-gelingt-die-sichere-wiederaufnahme-des-betriebs-nach-dem-lockdown\/"},"author":{"name":"thomas.berner","@id":"https:\/\/www.organisator.ch\/#\/schema\/person\/6f650f90b2842cd4c0cc334b4e36f67e"},"headline":"So gelingt die sichere Wiederaufnahme des Betriebs nach dem Lockdown","datePublished":"2020-05-26T11:56:59+00:00","mainEntityOfPage":{"@id":"https:\/\/www.organisator.ch\/management\/2020-05-26\/so-gelingt-die-sichere-wiederaufnahme-des-betriebs-nach-dem-lockdown\/"},"wordCount":597,"publisher":{"@id":"https:\/\/www.organisator.ch\/#organization"},"image":{"@id":"https:\/\/www.organisator.ch\/management\/2020-05-26\/so-gelingt-die-sichere-wiederaufnahme-des-betriebs-nach-dem-lockdown\/#primaryimage"},"thumbnailUrl":"https:\/\/www.organisator.ch\/wp-content\/uploads\/2020\/05\/So-gelingt-die-sichere-Wiederaufnahme-des-Betriebs-nach-dem-Lockdown_Organisator.jpg","keywords":["Betriebliches Gesundheitsmanagement","Coronavirus","Management","Sicherheit"],"articleSection":["MANAGEMENT"],"inLanguage":"de"},{"@type":"WebPage","@id":"https:\/\/www.organisator.ch\/management\/2020-05-26\/so-gelingt-die-sichere-wiederaufnahme-des-betriebs-nach-dem-lockdown\/","url":"https:\/\/www.organisator.ch\/management\/2020-05-26\/so-gelingt-die-sichere-wiederaufnahme-des-betriebs-nach-dem-lockdown\/","name":"So gelingt die sichere Wiederaufnahme des Betriebs nach dem Lockdown - Organisator","isPartOf":{"@id":"https:\/\/www.organisator.ch\/#website"},"primaryImageOfPage":{"@id":"https:\/\/www.organisator.ch\/management\/2020-05-26\/so-gelingt-die-sichere-wiederaufnahme-des-betriebs-nach-dem-lockdown\/#primaryimage"},"image":{"@id":"https:\/\/www.organisator.ch\/management\/2020-05-26\/so-gelingt-die-sichere-wiederaufnahme-des-betriebs-nach-dem-lockdown\/#primaryimage"},"thumbnailUrl":"https:\/\/www.organisator.ch\/wp-content\/uploads\/2020\/05\/So-gelingt-die-sichere-Wiederaufnahme-des-Betriebs-nach-dem-Lockdown_Organisator.jpg","datePublished":"2020-05-26T11:56:59+00:00","description":"Langsam bewegen sich Wirtschaft und Gesellschaft wieder in Richtung \"Normalbetrieb\". F\u00fcr die sichere Wiederaufnahme des Betriebs helfen acht Schritte.","breadcrumb":{"@id":"https:\/\/www.organisator.ch\/management\/2020-05-26\/so-gelingt-die-sichere-wiederaufnahme-des-betriebs-nach-dem-lockdown\/#breadcrumb"},"inLanguage":"de","potentialAction":[{"@type":"ReadAction","target":["https:\/\/www.organisator.ch\/management\/2020-05-26\/so-gelingt-die-sichere-wiederaufnahme-des-betriebs-nach-dem-lockdown\/"]}]},{"@type":"ImageObject","inLanguage":"de","@id":"https:\/\/www.organisator.ch\/management\/2020-05-26\/so-gelingt-die-sichere-wiederaufnahme-des-betriebs-nach-dem-lockdown\/#primaryimage","url":"https:\/\/www.organisator.ch\/wp-content\/uploads\/2020\/05\/So-gelingt-die-sichere-Wiederaufnahme-des-Betriebs-nach-dem-Lockdown_Organisator.jpg","contentUrl":"https:\/\/www.organisator.ch\/wp-content\/uploads\/2020\/05\/So-gelingt-die-sichere-Wiederaufnahme-des-Betriebs-nach-dem-Lockdown_Organisator.jpg","width":680,"height":497,"caption":"International SOS - weltweit f\u00fchrender Dienstleister f\u00fcr Risikomanagement im Bereich Gesundheit und Sicherheit musste im Zusammenhang mit Covid-19 viele F\u00e4lle bearbeiten. Nun sinken auch hier die Fallzahlen. Anlass genug f\u00fcr Tipps an Unternehmen f\u00fcr eine sichere Wiederaufnahme des Betriebs. (Grafik: International SOS)."},{"@type":"BreadcrumbList","@id":"https:\/\/www.organisator.ch\/management\/2020-05-26\/so-gelingt-die-sichere-wiederaufnahme-des-betriebs-nach-dem-lockdown\/#breadcrumb","itemListElement":[{"@type":"ListItem","position":1,"name":"Home","item":"https:\/\/www.organisator.ch\/"},{"@type":"ListItem","position":2,"name":"So gelingt die sichere Wiederaufnahme des Betriebs nach dem Lockdown"}]},{"@type":"WebSite","@id":"https:\/\/www.organisator.ch\/#website","url":"https:\/\/www.organisator.ch\/","name":"Organisator","description":"Kompetent. Praxisnah. Der ORGANISATOR bereitet in 10 Ausgaben pro Jahr die wesentlichen Themen f\u00fcr F\u00fchrungskr\u00e4fte von KMU auf.","publisher":{"@id":"https:\/\/www.organisator.ch\/#organization"},"potentialAction":[{"@type":"SearchAction","target":{"@type":"EntryPoint","urlTemplate":"https:\/\/www.organisator.ch\/?s={search_term_string}"},"query-input":{"@type":"PropertyValueSpecification","valueRequired":true,"valueName":"search_term_string"}}],"inLanguage":"de"},{"@type":"Organization","@id":"https:\/\/www.organisator.ch\/#organization","name":"Organisator","url":"https:\/\/www.organisator.ch\/","logo":{"@type":"ImageObject","inLanguage":"de","@id":"https:\/\/www.organisator.ch\/#\/schema\/logo\/image\/","url":"https:\/\/www.organisator.ch\/wp-content\/uploads\/2022\/01\/Logo_Organisator_Website.png","contentUrl":"https:\/\/www.organisator.ch\/wp-content\/uploads\/2022\/01\/Logo_Organisator_Website.png","width":800,"height":77,"caption":"Organisator"},"image":{"@id":"https:\/\/www.organisator.ch\/#\/schema\/logo\/image\/"},"sameAs":["https:\/\/www.facebook.com\/OrganisatorFachmagazin","https:\/\/www.linkedin.com\/showcase\/organisator-das-magazin-fr-kmu","https:\/\/www.xing.com\/news\/pages\/organisator-ch-695","https:\/\/www.youtube.com\/channel\/UCGP2Sq0iWaZwT3BdIAQFYpw"]},{"@type":"Person","@id":"https:\/\/www.organisator.ch\/#\/schema\/person\/6f650f90b2842cd4c0cc334b4e36f67e","name":"thomas.berner","image":{"@type":"ImageObject","inLanguage":"de","@id":"https:\/\/secure.gravatar.com\/avatar\/ac5001d2a36cb6c6cd3e50789007ffca834b477b74a2144564522e944eabff61?s=96&d=mm&r=g","url":"https:\/\/secure.gravatar.com\/avatar\/ac5001d2a36cb6c6cd3e50789007ffca834b477b74a2144564522e944eabff61?s=96&d=mm&r=g","contentUrl":"https:\/\/secure.gravatar.com\/avatar\/ac5001d2a36cb6c6cd3e50789007ffca834b477b74a2144564522e944eabff61?s=96&d=mm&r=g","caption":"thomas.berner"},"url":"https:\/\/www.organisator.ch\/de\/author\/thomas-berner\/"}]}},"_links":{"self":[{"href":"https:\/\/www.organisator.ch\/de\/wp-json\/wp\/v2\/posts\/6750","targetHints":{"allow":["GET"]}}],"collection":[{"href":"https:\/\/www.organisator.ch\/de\/wp-json\/wp\/v2\/posts"}],"about":[{"href":"https:\/\/www.organisator.ch\/de\/wp-json\/wp\/v2\/types\/post"}],"author":[{"embeddable":true,"href":"https:\/\/www.organisator.ch\/de\/wp-json\/wp\/v2\/users\/4"}],"replies":[{"embeddable":true,"href":"https:\/\/www.organisator.ch\/de\/wp-json\/wp\/v2\/comments?post=6750"}],"version-history":[{"count":0,"href":"https:\/\/www.organisator.ch\/de\/wp-json\/wp\/v2\/posts\/6750\/revisions"}],"wp:featuredmedia":[{"embeddable":true,"href":"https:\/\/www.organisator.ch\/de\/wp-json\/wp\/v2\/media\/6751"}],"wp:attachment":[{"href":"https:\/\/www.organisator.ch\/de\/wp-json\/wp\/v2\/media?parent=6750"}],"wp:term":[{"taxonomy":"category","embeddable":true,"href":"https:\/\/www.organisator.ch\/de\/wp-json\/wp\/v2\/categories?post=6750"},{"taxonomy":"post_tag","embeddable":true,"href":"https:\/\/www.organisator.ch\/de\/wp-json\/wp\/v2\/tags?post=6750"}],"curies":[{"name":"wp","href":"https:\/\/api.w.org\/{rel}","templated":true}]}}