{"id":6758,"date":"2020-05-28T08:20:57","date_gmt":"2020-05-28T06:20:57","guid":{"rendered":"https:\/\/www.organisator.ch\/?p=6758"},"modified":"2020-05-28T08:20:57","modified_gmt":"2020-05-28T06:20:57","slug":"erfolgs-impuls-leadership-lernpunkte-von-covid-19","status":"publish","type":"post","link":"https:\/\/www.organisator.ch\/de\/management\/2020-05-28\/erfolgs-impuls-leadership-lernpunkte-von-covid-19\/","title":{"rendered":"Erfolgs-Impuls: Leadership-Lernpunkte von COVID-19"},"content":{"rendered":"<figure id=\"attachment_6760\" aria-describedby=\"caption-attachment-6760\" style=\"width: 680px\" class=\"wp-caption alignnone\"><img loading=\"lazy\" decoding=\"async\" class=\"size-medium wp-image-6760\" src=\"https:\/\/www.organisator.ch\/wp-content\/uploads\/2020\/05\/Erfolgs-Impuls-Leadership-Lernpunkte-von-COVID-19_Organisator.jpg\" alt=\"\" width=\"680\" height=\"453\" srcset=\"https:\/\/www.organisator.ch\/wp-content\/uploads\/2020\/05\/Erfolgs-Impuls-Leadership-Lernpunkte-von-COVID-19_Organisator.jpg 680w, https:\/\/www.organisator.ch\/wp-content\/uploads\/2020\/05\/Erfolgs-Impuls-Leadership-Lernpunkte-von-COVID-19_Organisator-16x12.jpg 16w, https:\/\/www.organisator.ch\/wp-content\/uploads\/2020\/05\/Erfolgs-Impuls-Leadership-Lernpunkte-von-COVID-19_Organisator-263x175.jpg 263w, https:\/\/www.organisator.ch\/wp-content\/uploads\/2020\/05\/Erfolgs-Impuls-Leadership-Lernpunkte-von-COVID-19_Organisator-525x350.jpg 525w, https:\/\/www.organisator.ch\/wp-content\/uploads\/2020\/05\/Erfolgs-Impuls-Leadership-Lernpunkte-von-COVID-19_Organisator-300x200.jpg 300w\" sizes=\"auto, (max-width: 680px) 100vw, 680px\" \/><figcaption id=\"caption-attachment-6760\" class=\"wp-caption-text\">Jetzt geht es um den Exit aus den Corona-Pandemie-Massnahmen. Welche Leadership-Lernpunkte bleiben? (Bild: Pixabay.com)<\/figcaption><\/figure>\n<p>Es ist ja schon viel \u00fcber die Effekte auf das Leadership und auf unsere Zusammenarbeit in Organisationen durch die Corona-Herausforderungen geschrieben worden. Eine Frage taucht dabei immer wieder auf: Was wird sich an unserem Leadership und unserer Kultur dauerhaft positiv \u00e4ndern?<\/p>\n<h2>5 Leadership-Lernpunkte<\/h2>\n<p>Hier sind ein paar Punkte, die ich aus meinem Coaching und den Projekten mit meinen Kunden w\u00e4hrend der letzten Wochen mitnehme:<\/p>\n<ol>\n<li><strong>Eigenverantwortung<\/strong>. Es \u00e4ndert sich nichts zum Positiven, wenn wir uns selbst nicht \u00e4ndern. Vieles wird in einigen Wochen und Monaten wieder etwa so sein wie vorher. Es sei denn, wir als Leader haben die Chance ergriffen und einige unserer Verhaltensweisen im Leadership begonnen nachhaltig zu \u00e4ndern, um Chancen zu ergreifen. Das ist eine bewusste Entscheidung.<\/li>\n<li><strong>Es geht auch anders.<\/strong> Wahrscheinlich haben Sie sich auch gewundert, dass vieles, was in normalen Zeiten Monate oder Jahre zur Entscheidung gebraucht h\u00e4tte, nun in wenigen Tagen geht. Meetings per Video? Kein Problem! Das w\u00f6chentliche Video des CEO an die Mannschaft? Na endlich! Weglassen unproduktiver Meetings? H\u00e4tten wir schon lange machen sollen! Kunden remote bedienen? Und den Kunden gef\u00e4llt das sogar! Coaching per Video-Session? Genauso effektiv wie vor Ort. Und so weiter.<\/li>\n<li><strong>Chancen gibt es \u00fcberall.<\/strong> Wir Menschen sind schon merkw\u00fcrdig: Die meisten von uns bewegen sich erst dann wirklich, wenn es sein MUSS (in unserer Wahrnehmung). Wer Unternehmer ist, kann ein Lied davon singen, dass man Kunden gewinnen MUSS. Wenn wir nicht mehr bei den Kunden vor Ort sein k\u00f6nnen, M\u00dcSSEN wir M\u00f6glichkeiten per Video finden. Und auf einmal sehen wir Chancen dort, wo es vorher nur unangenehme Arbeit und Risiken gab.<\/li>\n<li><strong>Emotion ist (fast) alles.<\/strong> Ob ein Unternehmen aus der Krise als Gewinner hervorgeht, ist zu 10 Prozent \u00e4usserer Einfluss und zu 90 Prozent die eigene Entscheidung als Reaktion. Und diese Entscheidung ist fast ausschliesslich emotional beeinflusst. Das gilt f\u00fcr den CEO genauso wie f\u00fcr jedes einzelne Mitglied der Organisation: Die einen h\u00e4ngen sich jetzt erst recht \u2018rein, die anderen tauchen lieber ab. Alles ist eine Entscheidung!<\/li>\n<li><strong>Geschwindigkeit wird wichtiger. <\/strong>Wer k\u00fcnftig ausserordentlich erfolgreich sein will, tut gut daran, die Geschwindigkeit von Entscheidungen und Aktionen zu steigern. Langes Abwarten in Krisenzeiten ist extrem gef\u00e4hrlich. In guten Zeiten wirft es uns zur\u00fcck.<\/li>\n<\/ol>\n<h2>Chancen erg\u00e4nzen<\/h2>\n<p>Fazit: Wir alle k\u00f6nnen sehr von dieser Krise lernen. Inwieweit Sie diese Leadership-Lernpunkte nutzen und so gegen\u00fcber dem Wettbewerb (und Ihren Kunden) punkten, ist allein Ihre Entscheidung. Die erfolgreichsten Unternehmen zeichnen sich vor allem dadurch aus, dass sie mehr Chancen als andere sehen und ergreifen. Im Prinzip kann das jeder. Die wenigsten machen es.<\/p>\n<p><i><strong>Zum Autor:<\/strong><br \/>\n<\/i><em>Volkmar V\u00f6lzke ist Erfolgs-Maximierer. Buchautor. Berater. Coach. Speaker. <a href=\"http:\/\/www.volkmarvoelzke.ch\/\">www.volkmarvoelzke.ch<\/a><\/em><\/p>\n","protected":false},"excerpt":{"rendered":"<p>Es ist ja schon viel \u00fcber die Effekte auf das Leadership und auf unsere Zusammenarbeit in Organisationen durch die Corona-Herausforderungen geschrieben worden. Eine Frage taucht dabei immer wieder auf: Was wird sich an unserem Leadership und unserer Kultur dauerhaft positiv \u00e4ndern? 5 Leadership-Lernpunkte Hier sind ein paar Punkte, die ich aus meinem Coaching und den [&hellip;]<\/p>\n","protected":false},"author":4,"featured_media":6760,"comment_status":"closed","ping_status":"closed","sticky":false,"template":"","format":"standard","meta":{"_acf_changed":false,"_yoast_wpseo_focuskw":"Leadership-Lernpunkte","_yoast_wpseo_metadesc":"Nun gilt es aus der Pandemie die richtigen Lehren zu ziehen. Unser Autor hat ein paar Leadership-Lernpunkte zusammengestellt.","articlekey":"","footnotes":""},"categories":[28],"tags":[115,132,177,320,335],"class_list":["post-6758","post","type-post","status-publish","format-standard","has-post-thumbnail","hentry","category-management","tag-checklisten","tag-coronavirus","tag-erfolgs-impuls","tag-leadership","tag-management-und-unternehmensfuehrung"],"acf":[],"yoast_head":"<!-- This site is optimized with the Yoast SEO plugin v27.5 - https:\/\/yoast.com\/product\/yoast-seo-wordpress\/ -->\n<title>Erfolgs-Impuls: Leadership-Lernpunkte von COVID-19 - Organisator<\/title>\n<meta name=\"description\" content=\"Nun gilt es aus der Pandemie die richtigen Lehren zu ziehen. Unser Autor hat ein paar Leadership-Lernpunkte zusammengestellt.\" \/>\n<meta name=\"robots\" content=\"index, follow, max-snippet:-1, max-image-preview:large, max-video-preview:-1\" \/>\n<link rel=\"canonical\" href=\"https:\/\/www.organisator.ch\/de\/management\/2020-05-28\/erfolgs-impuls-leadership-lernpunkte-von-covid-19\/\" \/>\n<meta property=\"og:locale\" content=\"de_DE\" \/>\n<meta property=\"og:type\" content=\"article\" \/>\n<meta property=\"og:title\" content=\"Erfolgs-Impuls: Leadership-Lernpunkte von COVID-19\" \/>\n<meta property=\"og:description\" content=\"Nun gilt es aus der Pandemie die richtigen Lehren zu ziehen. Unser Autor hat ein paar Leadership-Lernpunkte zusammengestellt.\" \/>\n<meta property=\"og:url\" content=\"https:\/\/www.organisator.ch\/de\/management\/2020-05-28\/erfolgs-impuls-leadership-lernpunkte-von-covid-19\/\" \/>\n<meta property=\"og:site_name\" content=\"Organisator\" \/>\n<meta property=\"article:publisher\" content=\"https:\/\/www.facebook.com\/OrganisatorFachmagazin\" \/>\n<meta property=\"article:published_time\" content=\"2020-05-28T06:20:57+00:00\" \/>\n<meta property=\"og:image\" content=\"https:\/\/www.organisator.ch\/wp-content\/uploads\/2020\/05\/Erfolgs-Impuls-Leadership-Lernpunkte-von-COVID-19_Organisator.jpg\" \/>\n\t<meta property=\"og:image:width\" content=\"680\" \/>\n\t<meta property=\"og:image:height\" content=\"453\" \/>\n\t<meta property=\"og:image:type\" content=\"image\/jpeg\" \/>\n<meta name=\"author\" content=\"thomas.berner\" \/>\n<meta name=\"twitter:card\" content=\"summary_large_image\" \/>\n<meta name=\"twitter:title\" content=\"#Erfolgs-Impuls: #Leadership-Lernpunkte von #COVID-19\" \/>\n<meta name=\"twitter:description\" content=\"Nun gilt es aus der Pandemie die richtigen Lehren zu ziehen. Unser Autor hat ein paar #Leadership-Lernpunkte zusammengestellt.\" \/>\n<meta name=\"twitter:image\" content=\"https:\/\/www.organisator.ch\/wp-content\/uploads\/2020\/05\/Erfolgs-Impuls-Leadership-Lernpunkte-von-COVID-19_Organisator.jpg\" \/>\n<script type=\"application\/ld+json\" class=\"yoast-schema-graph\">{\"@context\":\"https:\\\/\\\/schema.org\",\"@graph\":[{\"@type\":\"Article\",\"@id\":\"https:\\\/\\\/www.organisator.ch\\\/management\\\/2020-05-28\\\/erfolgs-impuls-leadership-lernpunkte-von-covid-19\\\/#article\",\"isPartOf\":{\"@id\":\"https:\\\/\\\/www.organisator.ch\\\/management\\\/2020-05-28\\\/erfolgs-impuls-leadership-lernpunkte-von-covid-19\\\/\"},\"author\":{\"name\":\"thomas.berner\",\"@id\":\"https:\\\/\\\/www.organisator.ch\\\/#\\\/schema\\\/person\\\/6f650f90b2842cd4c0cc334b4e36f67e\"},\"headline\":\"Erfolgs-Impuls: Leadership-Lernpunkte von COVID-19\",\"datePublished\":\"2020-05-28T06:20:57+00:00\",\"mainEntityOfPage\":{\"@id\":\"https:\\\/\\\/www.organisator.ch\\\/management\\\/2020-05-28\\\/erfolgs-impuls-leadership-lernpunkte-von-covid-19\\\/\"},\"wordCount\":473,\"publisher\":{\"@id\":\"https:\\\/\\\/www.organisator.ch\\\/#organization\"},\"image\":{\"@id\":\"https:\\\/\\\/www.organisator.ch\\\/management\\\/2020-05-28\\\/erfolgs-impuls-leadership-lernpunkte-von-covid-19\\\/#primaryimage\"},\"thumbnailUrl\":\"https:\\\/\\\/www.organisator.ch\\\/wp-content\\\/uploads\\\/2020\\\/05\\\/Erfolgs-Impuls-Leadership-Lernpunkte-von-COVID-19_Organisator.jpg\",\"keywords\":[\"Checklisten\",\"Coronavirus\",\"Erfolgs-Impuls\",\"Leadership\",\"Management und Unternehmensf\u00fchrung\"],\"articleSection\":[\"MANAGEMENT\"],\"inLanguage\":\"de\"},{\"@type\":\"WebPage\",\"@id\":\"https:\\\/\\\/www.organisator.ch\\\/management\\\/2020-05-28\\\/erfolgs-impuls-leadership-lernpunkte-von-covid-19\\\/\",\"url\":\"https:\\\/\\\/www.organisator.ch\\\/management\\\/2020-05-28\\\/erfolgs-impuls-leadership-lernpunkte-von-covid-19\\\/\",\"name\":\"Erfolgs-Impuls: Leadership-Lernpunkte von COVID-19 - Organisator\",\"isPartOf\":{\"@id\":\"https:\\\/\\\/www.organisator.ch\\\/#website\"},\"primaryImageOfPage\":{\"@id\":\"https:\\\/\\\/www.organisator.ch\\\/management\\\/2020-05-28\\\/erfolgs-impuls-leadership-lernpunkte-von-covid-19\\\/#primaryimage\"},\"image\":{\"@id\":\"https:\\\/\\\/www.organisator.ch\\\/management\\\/2020-05-28\\\/erfolgs-impuls-leadership-lernpunkte-von-covid-19\\\/#primaryimage\"},\"thumbnailUrl\":\"https:\\\/\\\/www.organisator.ch\\\/wp-content\\\/uploads\\\/2020\\\/05\\\/Erfolgs-Impuls-Leadership-Lernpunkte-von-COVID-19_Organisator.jpg\",\"datePublished\":\"2020-05-28T06:20:57+00:00\",\"description\":\"Nun gilt es aus der Pandemie die richtigen Lehren zu ziehen. Unser Autor hat ein paar Leadership-Lernpunkte zusammengestellt.\",\"breadcrumb\":{\"@id\":\"https:\\\/\\\/www.organisator.ch\\\/management\\\/2020-05-28\\\/erfolgs-impuls-leadership-lernpunkte-von-covid-19\\\/#breadcrumb\"},\"inLanguage\":\"de\",\"potentialAction\":[{\"@type\":\"ReadAction\",\"target\":[\"https:\\\/\\\/www.organisator.ch\\\/management\\\/2020-05-28\\\/erfolgs-impuls-leadership-lernpunkte-von-covid-19\\\/\"]}]},{\"@type\":\"ImageObject\",\"inLanguage\":\"de\",\"@id\":\"https:\\\/\\\/www.organisator.ch\\\/management\\\/2020-05-28\\\/erfolgs-impuls-leadership-lernpunkte-von-covid-19\\\/#primaryimage\",\"url\":\"https:\\\/\\\/www.organisator.ch\\\/wp-content\\\/uploads\\\/2020\\\/05\\\/Erfolgs-Impuls-Leadership-Lernpunkte-von-COVID-19_Organisator.jpg\",\"contentUrl\":\"https:\\\/\\\/www.organisator.ch\\\/wp-content\\\/uploads\\\/2020\\\/05\\\/Erfolgs-Impuls-Leadership-Lernpunkte-von-COVID-19_Organisator.jpg\",\"width\":680,\"height\":453,\"caption\":\"Jetzt geht es um den Exit aus den Corona-Pandemie-Massnahmen. Welche Leadership-Lernpunkte bleiben? (Bild: Pixabay.com)\"},{\"@type\":\"BreadcrumbList\",\"@id\":\"https:\\\/\\\/www.organisator.ch\\\/management\\\/2020-05-28\\\/erfolgs-impuls-leadership-lernpunkte-von-covid-19\\\/#breadcrumb\",\"itemListElement\":[{\"@type\":\"ListItem\",\"position\":1,\"name\":\"Home\",\"item\":\"https:\\\/\\\/www.organisator.ch\\\/\"},{\"@type\":\"ListItem\",\"position\":2,\"name\":\"Erfolgs-Impuls: Leadership-Lernpunkte von COVID-19\"}]},{\"@type\":\"WebSite\",\"@id\":\"https:\\\/\\\/www.organisator.ch\\\/#website\",\"url\":\"https:\\\/\\\/www.organisator.ch\\\/\",\"name\":\"Organisator\",\"description\":\"Kompetent. Praxisnah. Der ORGANISATOR bereitet in 10 Ausgaben pro Jahr die wesentlichen Themen f\u00fcr F\u00fchrungskr\u00e4fte von KMU auf.\",\"publisher\":{\"@id\":\"https:\\\/\\\/www.organisator.ch\\\/#organization\"},\"potentialAction\":[{\"@type\":\"SearchAction\",\"target\":{\"@type\":\"EntryPoint\",\"urlTemplate\":\"https:\\\/\\\/www.organisator.ch\\\/?s={search_term_string}\"},\"query-input\":{\"@type\":\"PropertyValueSpecification\",\"valueRequired\":true,\"valueName\":\"search_term_string\"}}],\"inLanguage\":\"de\"},{\"@type\":\"Organization\",\"@id\":\"https:\\\/\\\/www.organisator.ch\\\/#organization\",\"name\":\"Organisator\",\"url\":\"https:\\\/\\\/www.organisator.ch\\\/\",\"logo\":{\"@type\":\"ImageObject\",\"inLanguage\":\"de\",\"@id\":\"https:\\\/\\\/www.organisator.ch\\\/#\\\/schema\\\/logo\\\/image\\\/\",\"url\":\"https:\\\/\\\/www.organisator.ch\\\/wp-content\\\/uploads\\\/2022\\\/01\\\/Logo_Organisator_Website.png\",\"contentUrl\":\"https:\\\/\\\/www.organisator.ch\\\/wp-content\\\/uploads\\\/2022\\\/01\\\/Logo_Organisator_Website.png\",\"width\":800,\"height\":77,\"caption\":\"Organisator\"},\"image\":{\"@id\":\"https:\\\/\\\/www.organisator.ch\\\/#\\\/schema\\\/logo\\\/image\\\/\"},\"sameAs\":[\"https:\\\/\\\/www.facebook.com\\\/OrganisatorFachmagazin\",\"https:\\\/\\\/www.linkedin.com\\\/showcase\\\/organisator-das-magazin-fr-kmu\",\"https:\\\/\\\/www.xing.com\\\/news\\\/pages\\\/organisator-ch-695\",\"https:\\\/\\\/www.youtube.com\\\/channel\\\/UCGP2Sq0iWaZwT3BdIAQFYpw\"]},{\"@type\":\"Person\",\"@id\":\"https:\\\/\\\/www.organisator.ch\\\/#\\\/schema\\\/person\\\/6f650f90b2842cd4c0cc334b4e36f67e\",\"name\":\"thomas.berner\",\"image\":{\"@type\":\"ImageObject\",\"inLanguage\":\"de\",\"@id\":\"https:\\\/\\\/secure.gravatar.com\\\/avatar\\\/ac5001d2a36cb6c6cd3e50789007ffca834b477b74a2144564522e944eabff61?s=96&d=mm&r=g\",\"url\":\"https:\\\/\\\/secure.gravatar.com\\\/avatar\\\/ac5001d2a36cb6c6cd3e50789007ffca834b477b74a2144564522e944eabff61?s=96&d=mm&r=g\",\"contentUrl\":\"https:\\\/\\\/secure.gravatar.com\\\/avatar\\\/ac5001d2a36cb6c6cd3e50789007ffca834b477b74a2144564522e944eabff61?s=96&d=mm&r=g\",\"caption\":\"thomas.berner\"},\"url\":\"https:\\\/\\\/www.organisator.ch\\\/de\\\/author\\\/thomas-berner\\\/\"}]}<\/script>\n<!-- \/ Yoast SEO plugin. -->","yoast_head_json":{"title":"Erfolgs-Impuls: Leadership-Lernpunkte von COVID-19 - Organisator","description":"Nun gilt es aus der Pandemie die richtigen Lehren zu ziehen. Unser Autor hat ein paar Leadership-Lernpunkte zusammengestellt.","robots":{"index":"index","follow":"follow","max-snippet":"max-snippet:-1","max-image-preview":"max-image-preview:large","max-video-preview":"max-video-preview:-1"},"canonical":"https:\/\/www.organisator.ch\/de\/management\/2020-05-28\/erfolgs-impuls-leadership-lernpunkte-von-covid-19\/","og_locale":"de_DE","og_type":"article","og_title":"Erfolgs-Impuls: Leadership-Lernpunkte von COVID-19","og_description":"Nun gilt es aus der Pandemie die richtigen Lehren zu ziehen. Unser Autor hat ein paar Leadership-Lernpunkte zusammengestellt.","og_url":"https:\/\/www.organisator.ch\/de\/management\/2020-05-28\/erfolgs-impuls-leadership-lernpunkte-von-covid-19\/","og_site_name":"Organisator","article_publisher":"https:\/\/www.facebook.com\/OrganisatorFachmagazin","article_published_time":"2020-05-28T06:20:57+00:00","og_image":[{"width":680,"height":453,"url":"https:\/\/www.organisator.ch\/wp-content\/uploads\/2020\/05\/Erfolgs-Impuls-Leadership-Lernpunkte-von-COVID-19_Organisator.jpg","type":"image\/jpeg"}],"author":"thomas.berner","twitter_card":"summary_large_image","twitter_title":"#Erfolgs-Impuls: #Leadership-Lernpunkte von #COVID-19","twitter_description":"Nun gilt es aus der Pandemie die richtigen Lehren zu ziehen. Unser Autor hat ein paar #Leadership-Lernpunkte zusammengestellt.","twitter_image":"https:\/\/www.organisator.ch\/wp-content\/uploads\/2020\/05\/Erfolgs-Impuls-Leadership-Lernpunkte-von-COVID-19_Organisator.jpg","schema":{"@context":"https:\/\/schema.org","@graph":[{"@type":"Article","@id":"https:\/\/www.organisator.ch\/management\/2020-05-28\/erfolgs-impuls-leadership-lernpunkte-von-covid-19\/#article","isPartOf":{"@id":"https:\/\/www.organisator.ch\/management\/2020-05-28\/erfolgs-impuls-leadership-lernpunkte-von-covid-19\/"},"author":{"name":"thomas.berner","@id":"https:\/\/www.organisator.ch\/#\/schema\/person\/6f650f90b2842cd4c0cc334b4e36f67e"},"headline":"Erfolgs-Impuls: Leadership-Lernpunkte von COVID-19","datePublished":"2020-05-28T06:20:57+00:00","mainEntityOfPage":{"@id":"https:\/\/www.organisator.ch\/management\/2020-05-28\/erfolgs-impuls-leadership-lernpunkte-von-covid-19\/"},"wordCount":473,"publisher":{"@id":"https:\/\/www.organisator.ch\/#organization"},"image":{"@id":"https:\/\/www.organisator.ch\/management\/2020-05-28\/erfolgs-impuls-leadership-lernpunkte-von-covid-19\/#primaryimage"},"thumbnailUrl":"https:\/\/www.organisator.ch\/wp-content\/uploads\/2020\/05\/Erfolgs-Impuls-Leadership-Lernpunkte-von-COVID-19_Organisator.jpg","keywords":["Checklisten","Coronavirus","Erfolgs-Impuls","Leadership","Management und Unternehmensf\u00fchrung"],"articleSection":["MANAGEMENT"],"inLanguage":"de"},{"@type":"WebPage","@id":"https:\/\/www.organisator.ch\/management\/2020-05-28\/erfolgs-impuls-leadership-lernpunkte-von-covid-19\/","url":"https:\/\/www.organisator.ch\/management\/2020-05-28\/erfolgs-impuls-leadership-lernpunkte-von-covid-19\/","name":"Erfolgs-Impuls: Leadership-Lernpunkte von COVID-19 - Organisator","isPartOf":{"@id":"https:\/\/www.organisator.ch\/#website"},"primaryImageOfPage":{"@id":"https:\/\/www.organisator.ch\/management\/2020-05-28\/erfolgs-impuls-leadership-lernpunkte-von-covid-19\/#primaryimage"},"image":{"@id":"https:\/\/www.organisator.ch\/management\/2020-05-28\/erfolgs-impuls-leadership-lernpunkte-von-covid-19\/#primaryimage"},"thumbnailUrl":"https:\/\/www.organisator.ch\/wp-content\/uploads\/2020\/05\/Erfolgs-Impuls-Leadership-Lernpunkte-von-COVID-19_Organisator.jpg","datePublished":"2020-05-28T06:20:57+00:00","description":"Nun gilt es aus der Pandemie die richtigen Lehren zu ziehen. Unser Autor hat ein paar Leadership-Lernpunkte zusammengestellt.","breadcrumb":{"@id":"https:\/\/www.organisator.ch\/management\/2020-05-28\/erfolgs-impuls-leadership-lernpunkte-von-covid-19\/#breadcrumb"},"inLanguage":"de","potentialAction":[{"@type":"ReadAction","target":["https:\/\/www.organisator.ch\/management\/2020-05-28\/erfolgs-impuls-leadership-lernpunkte-von-covid-19\/"]}]},{"@type":"ImageObject","inLanguage":"de","@id":"https:\/\/www.organisator.ch\/management\/2020-05-28\/erfolgs-impuls-leadership-lernpunkte-von-covid-19\/#primaryimage","url":"https:\/\/www.organisator.ch\/wp-content\/uploads\/2020\/05\/Erfolgs-Impuls-Leadership-Lernpunkte-von-COVID-19_Organisator.jpg","contentUrl":"https:\/\/www.organisator.ch\/wp-content\/uploads\/2020\/05\/Erfolgs-Impuls-Leadership-Lernpunkte-von-COVID-19_Organisator.jpg","width":680,"height":453,"caption":"Jetzt geht es um den Exit aus den Corona-Pandemie-Massnahmen. Welche Leadership-Lernpunkte bleiben? (Bild: Pixabay.com)"},{"@type":"BreadcrumbList","@id":"https:\/\/www.organisator.ch\/management\/2020-05-28\/erfolgs-impuls-leadership-lernpunkte-von-covid-19\/#breadcrumb","itemListElement":[{"@type":"ListItem","position":1,"name":"Home","item":"https:\/\/www.organisator.ch\/"},{"@type":"ListItem","position":2,"name":"Erfolgs-Impuls: Leadership-Lernpunkte von COVID-19"}]},{"@type":"WebSite","@id":"https:\/\/www.organisator.ch\/#website","url":"https:\/\/www.organisator.ch\/","name":"Organisator","description":"Kompetent. Praxisnah. Der ORGANISATOR bereitet in 10 Ausgaben pro Jahr die wesentlichen Themen f\u00fcr F\u00fchrungskr\u00e4fte von KMU auf.","publisher":{"@id":"https:\/\/www.organisator.ch\/#organization"},"potentialAction":[{"@type":"SearchAction","target":{"@type":"EntryPoint","urlTemplate":"https:\/\/www.organisator.ch\/?s={search_term_string}"},"query-input":{"@type":"PropertyValueSpecification","valueRequired":true,"valueName":"search_term_string"}}],"inLanguage":"de"},{"@type":"Organization","@id":"https:\/\/www.organisator.ch\/#organization","name":"Organisator","url":"https:\/\/www.organisator.ch\/","logo":{"@type":"ImageObject","inLanguage":"de","@id":"https:\/\/www.organisator.ch\/#\/schema\/logo\/image\/","url":"https:\/\/www.organisator.ch\/wp-content\/uploads\/2022\/01\/Logo_Organisator_Website.png","contentUrl":"https:\/\/www.organisator.ch\/wp-content\/uploads\/2022\/01\/Logo_Organisator_Website.png","width":800,"height":77,"caption":"Organisator"},"image":{"@id":"https:\/\/www.organisator.ch\/#\/schema\/logo\/image\/"},"sameAs":["https:\/\/www.facebook.com\/OrganisatorFachmagazin","https:\/\/www.linkedin.com\/showcase\/organisator-das-magazin-fr-kmu","https:\/\/www.xing.com\/news\/pages\/organisator-ch-695","https:\/\/www.youtube.com\/channel\/UCGP2Sq0iWaZwT3BdIAQFYpw"]},{"@type":"Person","@id":"https:\/\/www.organisator.ch\/#\/schema\/person\/6f650f90b2842cd4c0cc334b4e36f67e","name":"thomas.berner","image":{"@type":"ImageObject","inLanguage":"de","@id":"https:\/\/secure.gravatar.com\/avatar\/ac5001d2a36cb6c6cd3e50789007ffca834b477b74a2144564522e944eabff61?s=96&d=mm&r=g","url":"https:\/\/secure.gravatar.com\/avatar\/ac5001d2a36cb6c6cd3e50789007ffca834b477b74a2144564522e944eabff61?s=96&d=mm&r=g","contentUrl":"https:\/\/secure.gravatar.com\/avatar\/ac5001d2a36cb6c6cd3e50789007ffca834b477b74a2144564522e944eabff61?s=96&d=mm&r=g","caption":"thomas.berner"},"url":"https:\/\/www.organisator.ch\/de\/author\/thomas-berner\/"}]}},"_links":{"self":[{"href":"https:\/\/www.organisator.ch\/de\/wp-json\/wp\/v2\/posts\/6758","targetHints":{"allow":["GET"]}}],"collection":[{"href":"https:\/\/www.organisator.ch\/de\/wp-json\/wp\/v2\/posts"}],"about":[{"href":"https:\/\/www.organisator.ch\/de\/wp-json\/wp\/v2\/types\/post"}],"author":[{"embeddable":true,"href":"https:\/\/www.organisator.ch\/de\/wp-json\/wp\/v2\/users\/4"}],"replies":[{"embeddable":true,"href":"https:\/\/www.organisator.ch\/de\/wp-json\/wp\/v2\/comments?post=6758"}],"version-history":[{"count":0,"href":"https:\/\/www.organisator.ch\/de\/wp-json\/wp\/v2\/posts\/6758\/revisions"}],"wp:featuredmedia":[{"embeddable":true,"href":"https:\/\/www.organisator.ch\/de\/wp-json\/wp\/v2\/media\/6760"}],"wp:attachment":[{"href":"https:\/\/www.organisator.ch\/de\/wp-json\/wp\/v2\/media?parent=6758"}],"wp:term":[{"taxonomy":"category","embeddable":true,"href":"https:\/\/www.organisator.ch\/de\/wp-json\/wp\/v2\/categories?post=6758"},{"taxonomy":"post_tag","embeddable":true,"href":"https:\/\/www.organisator.ch\/de\/wp-json\/wp\/v2\/tags?post=6758"}],"curies":[{"name":"wp","href":"https:\/\/api.w.org\/{rel}","templated":true}]}}