{"id":6766,"date":"2020-05-28T12:00:48","date_gmt":"2020-05-28T10:00:48","guid":{"rendered":"https:\/\/www.organisator.ch\/?p=6766"},"modified":"2020-05-28T12:00:48","modified_gmt":"2020-05-28T10:00:48","slug":"rene-faigle-ag-ernennt-daniel-bodmer-zum-neuen-ceo","status":"publish","type":"post","link":"https:\/\/www.organisator.ch\/de\/management\/it\/2020-05-28\/rene-faigle-ag-ernennt-daniel-bodmer-zum-neuen-ceo\/","title":{"rendered":"Ren\u00e9 Faigle AG ernennt Daniel Bodmer zum neuen CEO"},"content":{"rendered":"<figure id=\"attachment_6767\" aria-describedby=\"caption-attachment-6767\" style=\"width: 680px\" class=\"wp-caption alignnone\"><img loading=\"lazy\" decoding=\"async\" class=\"size-medium wp-image-6767\" src=\"https:\/\/www.organisator.ch\/wp-content\/uploads\/2020\/05\/Rene-Faigle-AG-ernennt-Daniel-Bodmer-zum-neuen-CEO_Organisator.jpg\" alt=\"\" width=\"680\" height=\"421\" srcset=\"https:\/\/www.organisator.ch\/wp-content\/uploads\/2020\/05\/Rene-Faigle-AG-ernennt-Daniel-Bodmer-zum-neuen-CEO_Organisator.jpg 680w, https:\/\/www.organisator.ch\/wp-content\/uploads\/2020\/05\/Rene-Faigle-AG-ernennt-Daniel-Bodmer-zum-neuen-CEO_Organisator-16x10.jpg 16w, https:\/\/www.organisator.ch\/wp-content\/uploads\/2020\/05\/Rene-Faigle-AG-ernennt-Daniel-Bodmer-zum-neuen-CEO_Organisator-283x175.jpg 283w, https:\/\/www.organisator.ch\/wp-content\/uploads\/2020\/05\/Rene-Faigle-AG-ernennt-Daniel-Bodmer-zum-neuen-CEO_Organisator-565x350.jpg 565w, https:\/\/www.organisator.ch\/wp-content\/uploads\/2020\/05\/Rene-Faigle-AG-ernennt-Daniel-Bodmer-zum-neuen-CEO_Organisator-300x186.jpg 300w\" sizes=\"auto, (max-width: 680px) 100vw, 680px\" \/><figcaption id=\"caption-attachment-6767\" class=\"wp-caption-text\">Daniel Bodmer (rechts) \u00fcbernimmt von Thomas Rieder die Funktion des neuen CEO der Ren\u00e9 Faigle AG. (Bild: zVg \/ Faigle)<\/figcaption><\/figure>\n<p>Die Ren\u00e9 Faigle AG ist ein Schweizer Familienunternehmen und in den Bereichen Output- und Informationsmanagement, Druckerinfrastruktur, Production Printing und 3D-Druck t\u00e4tig. Mit 250 Mitarbeitenden an 16 Standorten in der ganzen Schweiz realisiert die Faigle-Gruppe integrierte Business L\u00f6sungen f\u00fcr den gesamten Bereich des Druck- und Dokumentenmanagements, von Scanning und Archivierung \u00fcber IT-Dienstleistungen, bis hin zu massgeschneiderten Outsourcing-L\u00f6sungen. Ab 1. Juni 2020 \u00fcbernimmt Daniel Bodmer die operative F\u00fchrung des 1933 gegr\u00fcndeten Unternehmens.<\/p>\n<p>Daniel Bodmer absolvierte an der Universit\u00e4t Z\u00fcrich ein Studium in Betriebswirtschaft und Psychologie. Nach T\u00e4tigkeiten im Verkauf und Produktmanagement war er in diversen Branchen in leitenden Positionen t\u00e4tig, u.a. in den Bereichen IT, Telekommunikation und Finanzdienstleistungen. Zuletzt war er als CEO bei der Cashgate AG besch\u00e4ftigt, wo er die digitale Transformation des gesamten Angebots vorantrieb und in der Folge den Verkauf der Cashgate an die Cembra Money Bank begleitete. \u00abMit Daniel Bodmer konnten wir eine Pers\u00f6nlichkeit gewinnen, welche reiche F\u00fchrungserfahrung mit profunden Kenntnissen in Marketing und Verkauf verbindet und sich in verschiedenen Firmen einen ausgezeichneten Ruf als aufgeschlossene und gleichzeitig durchsetzungsstarke F\u00fchrungskraft erarbeitet hat\u00bb, so Andres Iten, Verwaltungsratspr\u00e4sident und Inhaber der Faigle Gruppe. Und Daniel Bodmer kommentiert: \u00abIch freue mich sehr auf die neuen Herausforderungen. Wir werden uns k\u00fcnftig noch st\u00e4rker als Gesamtl\u00f6sungsanbieter positionieren, der unseren Kunden das ganze Spektrum des digitalen Informations- und Dokumentenmanagements anbietet.\u00bb<\/p>\n<p>Der Verwaltungsrat und die Gesch\u00e4ftsleitung der Faigle Gruppe danken dem zur\u00fccktretenden CEO, Thomas Rieder, f\u00fcr seinen engagierten Einsatz. In den sieben Jahren seines Wirkens gelang es ihm, das Unternehmen neu auszurichten und es in s\u00e4mtlichen Bereichen des Output- und Informationsmanagements f\u00fcr eine erfolgreiche Zukunft zu positionieren.<\/p>\n<p><a href=\"http:\/\/www.faigle.ch\"><em>Quelle und weitere Informationen<\/em><\/a><\/p>\n","protected":false},"excerpt":{"rendered":"<p>Die Ren\u00e9 Faigle AG ist ein Schweizer Familienunternehmen und in den Bereichen Output- und Informationsmanagement, Druckerinfrastruktur, Production Printing und 3D-Druck t\u00e4tig. Mit 250 Mitarbeitenden an 16 Standorten in der ganzen Schweiz realisiert die Faigle-Gruppe integrierte Business L\u00f6sungen f\u00fcr den gesamten Bereich des Druck- und Dokumentenmanagements, von Scanning und Archivierung \u00fcber IT-Dienstleistungen, bis hin zu massgeschneiderten [&hellip;]<\/p>\n","protected":false},"author":4,"featured_media":6767,"comment_status":"closed","ping_status":"closed","sticky":false,"template":"","format":"standard","meta":{"_acf_changed":false,"_yoast_wpseo_focuskw":"Ren\u00e9 Faigle AG","_yoast_wpseo_metadesc":"Die Ren\u00e9 Faigle AG hat Daniel Bodmer (56) zum neuen CEO ernannt. Er \u00fcbernimmt am 1. Juni 2020 die operative F\u00fchrung und l\u00f6st Thomas Rieder ab.","articlekey":"","footnotes":""},"categories":[27],"tags":[102,286,335,381,492],"class_list":["post-6766","post","type-post","status-publish","format-standard","has-post-thumbnail","hentry","category-it","tag-buero","tag-it","tag-management-und-unternehmensfuehrung","tag-personalia","tag-unternehmen"],"acf":[],"yoast_head":"<!-- This site is optimized with the Yoast SEO plugin v27.5 - https:\/\/yoast.com\/product\/yoast-seo-wordpress\/ -->\n<title>Ren\u00e9 Faigle AG ernennt Daniel Bodmer zum neuen CEO - Organisator<\/title>\n<meta name=\"description\" content=\"Die Ren\u00e9 Faigle AG hat Daniel Bodmer (56) zum neuen CEO ernannt. Er \u00fcbernimmt am 1. Juni 2020 die operative F\u00fchrung und l\u00f6st Thomas Rieder ab.\" \/>\n<meta name=\"robots\" content=\"index, follow, max-snippet:-1, max-image-preview:large, max-video-preview:-1\" \/>\n<link rel=\"canonical\" href=\"https:\/\/www.organisator.ch\/de\/management\/it\/2020-05-28\/rene-faigle-ag-ernennt-daniel-bodmer-zum-neuen-ceo\/\" \/>\n<meta property=\"og:locale\" content=\"de_DE\" \/>\n<meta property=\"og:type\" content=\"article\" \/>\n<meta property=\"og:title\" content=\"Ren\u00e9 Faigle AG ernennt Daniel Bodmer zum neuen CEO\" \/>\n<meta property=\"og:description\" content=\"Die Ren\u00e9 Faigle AG hat Daniel Bodmer (56) zum neuen CEO ernannt. Er \u00fcbernimmt am 1. Juni 2020 die operative F\u00fchrung und l\u00f6st Thomas Rieder ab.\" \/>\n<meta property=\"og:url\" content=\"https:\/\/www.organisator.ch\/de\/management\/it\/2020-05-28\/rene-faigle-ag-ernennt-daniel-bodmer-zum-neuen-ceo\/\" \/>\n<meta property=\"og:site_name\" content=\"Organisator\" \/>\n<meta property=\"article:publisher\" content=\"https:\/\/www.facebook.com\/OrganisatorFachmagazin\" \/>\n<meta property=\"article:published_time\" content=\"2020-05-28T10:00:48+00:00\" \/>\n<meta property=\"og:image\" content=\"https:\/\/www.organisator.ch\/wp-content\/uploads\/2020\/05\/Rene-Faigle-AG-ernennt-Daniel-Bodmer-zum-neuen-CEO_Organisator.jpg\" \/>\n\t<meta property=\"og:image:width\" content=\"680\" \/>\n\t<meta property=\"og:image:height\" content=\"421\" \/>\n\t<meta property=\"og:image:type\" content=\"image\/jpeg\" \/>\n<meta name=\"author\" content=\"thomas.berner\" \/>\n<meta name=\"twitter:card\" content=\"summary_large_image\" \/>\n<meta name=\"twitter:title\" content=\"Ren\u00e9 #Faigle AG ernennt Daniel #Bodmer zum neuen CEO\" \/>\n<meta name=\"twitter:description\" content=\"Die Ren\u00e9 #Faigle AG hat Daniel #Bodmer (56) zum neuen #CEO ernannt. Er \u00fcbernimmt am 1. Juni 2020 die operative F\u00fchrung und l\u00f6st Thomas Rieder ab.\" \/>\n<meta name=\"twitter:image\" content=\"https:\/\/www.organisator.ch\/wp-content\/uploads\/2020\/05\/Rene-Faigle-AG-ernennt-Daniel-Bodmer-zum-neuen-CEO_Organisator.jpg\" \/>\n<script type=\"application\/ld+json\" class=\"yoast-schema-graph\">{\"@context\":\"https:\\\/\\\/schema.org\",\"@graph\":[{\"@type\":\"Article\",\"@id\":\"https:\\\/\\\/www.organisator.ch\\\/management\\\/it\\\/2020-05-28\\\/rene-faigle-ag-ernennt-daniel-bodmer-zum-neuen-ceo\\\/#article\",\"isPartOf\":{\"@id\":\"https:\\\/\\\/www.organisator.ch\\\/management\\\/it\\\/2020-05-28\\\/rene-faigle-ag-ernennt-daniel-bodmer-zum-neuen-ceo\\\/\"},\"author\":{\"name\":\"thomas.berner\",\"@id\":\"https:\\\/\\\/www.organisator.ch\\\/#\\\/schema\\\/person\\\/6f650f90b2842cd4c0cc334b4e36f67e\"},\"headline\":\"Ren\u00e9 Faigle AG ernennt Daniel Bodmer zum neuen CEO\",\"datePublished\":\"2020-05-28T10:00:48+00:00\",\"mainEntityOfPage\":{\"@id\":\"https:\\\/\\\/www.organisator.ch\\\/management\\\/it\\\/2020-05-28\\\/rene-faigle-ag-ernennt-daniel-bodmer-zum-neuen-ceo\\\/\"},\"wordCount\":320,\"publisher\":{\"@id\":\"https:\\\/\\\/www.organisator.ch\\\/#organization\"},\"image\":{\"@id\":\"https:\\\/\\\/www.organisator.ch\\\/management\\\/it\\\/2020-05-28\\\/rene-faigle-ag-ernennt-daniel-bodmer-zum-neuen-ceo\\\/#primaryimage\"},\"thumbnailUrl\":\"https:\\\/\\\/www.organisator.ch\\\/wp-content\\\/uploads\\\/2020\\\/05\\\/Rene-Faigle-AG-ernennt-Daniel-Bodmer-zum-neuen-CEO_Organisator.jpg\",\"keywords\":[\"B\u00fcro\",\"IT\",\"Management und Unternehmensf\u00fchrung\",\"Personalia\",\"Unternehmen\"],\"articleSection\":[\"IT\"],\"inLanguage\":\"de\"},{\"@type\":\"WebPage\",\"@id\":\"https:\\\/\\\/www.organisator.ch\\\/management\\\/it\\\/2020-05-28\\\/rene-faigle-ag-ernennt-daniel-bodmer-zum-neuen-ceo\\\/\",\"url\":\"https:\\\/\\\/www.organisator.ch\\\/management\\\/it\\\/2020-05-28\\\/rene-faigle-ag-ernennt-daniel-bodmer-zum-neuen-ceo\\\/\",\"name\":\"Ren\u00e9 Faigle AG ernennt Daniel Bodmer zum neuen CEO - Organisator\",\"isPartOf\":{\"@id\":\"https:\\\/\\\/www.organisator.ch\\\/#website\"},\"primaryImageOfPage\":{\"@id\":\"https:\\\/\\\/www.organisator.ch\\\/management\\\/it\\\/2020-05-28\\\/rene-faigle-ag-ernennt-daniel-bodmer-zum-neuen-ceo\\\/#primaryimage\"},\"image\":{\"@id\":\"https:\\\/\\\/www.organisator.ch\\\/management\\\/it\\\/2020-05-28\\\/rene-faigle-ag-ernennt-daniel-bodmer-zum-neuen-ceo\\\/#primaryimage\"},\"thumbnailUrl\":\"https:\\\/\\\/www.organisator.ch\\\/wp-content\\\/uploads\\\/2020\\\/05\\\/Rene-Faigle-AG-ernennt-Daniel-Bodmer-zum-neuen-CEO_Organisator.jpg\",\"datePublished\":\"2020-05-28T10:00:48+00:00\",\"description\":\"Die Ren\u00e9 Faigle AG hat Daniel Bodmer (56) zum neuen CEO ernannt. Er \u00fcbernimmt am 1. Juni 2020 die operative F\u00fchrung und l\u00f6st Thomas Rieder ab.\",\"breadcrumb\":{\"@id\":\"https:\\\/\\\/www.organisator.ch\\\/management\\\/it\\\/2020-05-28\\\/rene-faigle-ag-ernennt-daniel-bodmer-zum-neuen-ceo\\\/#breadcrumb\"},\"inLanguage\":\"de\",\"potentialAction\":[{\"@type\":\"ReadAction\",\"target\":[\"https:\\\/\\\/www.organisator.ch\\\/management\\\/it\\\/2020-05-28\\\/rene-faigle-ag-ernennt-daniel-bodmer-zum-neuen-ceo\\\/\"]}]},{\"@type\":\"ImageObject\",\"inLanguage\":\"de\",\"@id\":\"https:\\\/\\\/www.organisator.ch\\\/management\\\/it\\\/2020-05-28\\\/rene-faigle-ag-ernennt-daniel-bodmer-zum-neuen-ceo\\\/#primaryimage\",\"url\":\"https:\\\/\\\/www.organisator.ch\\\/wp-content\\\/uploads\\\/2020\\\/05\\\/Rene-Faigle-AG-ernennt-Daniel-Bodmer-zum-neuen-CEO_Organisator.jpg\",\"contentUrl\":\"https:\\\/\\\/www.organisator.ch\\\/wp-content\\\/uploads\\\/2020\\\/05\\\/Rene-Faigle-AG-ernennt-Daniel-Bodmer-zum-neuen-CEO_Organisator.jpg\",\"width\":680,\"height\":421,\"caption\":\"Daniel Bodmer (rechts) \u00fcbernimmt von Thomas Rieder die Funktion des neuen CEO der Ren\u00e9 Faigle AG. (Bild: zVg \\\/ Faigle)\"},{\"@type\":\"BreadcrumbList\",\"@id\":\"https:\\\/\\\/www.organisator.ch\\\/management\\\/it\\\/2020-05-28\\\/rene-faigle-ag-ernennt-daniel-bodmer-zum-neuen-ceo\\\/#breadcrumb\",\"itemListElement\":[{\"@type\":\"ListItem\",\"position\":1,\"name\":\"Home\",\"item\":\"https:\\\/\\\/www.organisator.ch\\\/\"},{\"@type\":\"ListItem\",\"position\":2,\"name\":\"Ren\u00e9 Faigle AG ernennt Daniel Bodmer zum neuen CEO\"}]},{\"@type\":\"WebSite\",\"@id\":\"https:\\\/\\\/www.organisator.ch\\\/#website\",\"url\":\"https:\\\/\\\/www.organisator.ch\\\/\",\"name\":\"Organisator\",\"description\":\"Kompetent. Praxisnah. Der ORGANISATOR bereitet in 10 Ausgaben pro Jahr die wesentlichen Themen f\u00fcr F\u00fchrungskr\u00e4fte von KMU auf.\",\"publisher\":{\"@id\":\"https:\\\/\\\/www.organisator.ch\\\/#organization\"},\"potentialAction\":[{\"@type\":\"SearchAction\",\"target\":{\"@type\":\"EntryPoint\",\"urlTemplate\":\"https:\\\/\\\/www.organisator.ch\\\/?s={search_term_string}\"},\"query-input\":{\"@type\":\"PropertyValueSpecification\",\"valueRequired\":true,\"valueName\":\"search_term_string\"}}],\"inLanguage\":\"de\"},{\"@type\":\"Organization\",\"@id\":\"https:\\\/\\\/www.organisator.ch\\\/#organization\",\"name\":\"Organisator\",\"url\":\"https:\\\/\\\/www.organisator.ch\\\/\",\"logo\":{\"@type\":\"ImageObject\",\"inLanguage\":\"de\",\"@id\":\"https:\\\/\\\/www.organisator.ch\\\/#\\\/schema\\\/logo\\\/image\\\/\",\"url\":\"https:\\\/\\\/www.organisator.ch\\\/wp-content\\\/uploads\\\/2022\\\/01\\\/Logo_Organisator_Website.png\",\"contentUrl\":\"https:\\\/\\\/www.organisator.ch\\\/wp-content\\\/uploads\\\/2022\\\/01\\\/Logo_Organisator_Website.png\",\"width\":800,\"height\":77,\"caption\":\"Organisator\"},\"image\":{\"@id\":\"https:\\\/\\\/www.organisator.ch\\\/#\\\/schema\\\/logo\\\/image\\\/\"},\"sameAs\":[\"https:\\\/\\\/www.facebook.com\\\/OrganisatorFachmagazin\",\"https:\\\/\\\/www.linkedin.com\\\/showcase\\\/organisator-das-magazin-fr-kmu\",\"https:\\\/\\\/www.xing.com\\\/news\\\/pages\\\/organisator-ch-695\",\"https:\\\/\\\/www.youtube.com\\\/channel\\\/UCGP2Sq0iWaZwT3BdIAQFYpw\"]},{\"@type\":\"Person\",\"@id\":\"https:\\\/\\\/www.organisator.ch\\\/#\\\/schema\\\/person\\\/6f650f90b2842cd4c0cc334b4e36f67e\",\"name\":\"thomas.berner\",\"image\":{\"@type\":\"ImageObject\",\"inLanguage\":\"de\",\"@id\":\"https:\\\/\\\/secure.gravatar.com\\\/avatar\\\/ac5001d2a36cb6c6cd3e50789007ffca834b477b74a2144564522e944eabff61?s=96&d=mm&r=g\",\"url\":\"https:\\\/\\\/secure.gravatar.com\\\/avatar\\\/ac5001d2a36cb6c6cd3e50789007ffca834b477b74a2144564522e944eabff61?s=96&d=mm&r=g\",\"contentUrl\":\"https:\\\/\\\/secure.gravatar.com\\\/avatar\\\/ac5001d2a36cb6c6cd3e50789007ffca834b477b74a2144564522e944eabff61?s=96&d=mm&r=g\",\"caption\":\"thomas.berner\"},\"url\":\"https:\\\/\\\/www.organisator.ch\\\/de\\\/author\\\/thomas-berner\\\/\"}]}<\/script>\n<!-- \/ Yoast SEO plugin. -->","yoast_head_json":{"title":"Ren\u00e9 Faigle AG ernennt Daniel Bodmer zum neuen CEO - Organisator","description":"Die Ren\u00e9 Faigle AG hat Daniel Bodmer (56) zum neuen CEO ernannt. Er \u00fcbernimmt am 1. Juni 2020 die operative F\u00fchrung und l\u00f6st Thomas Rieder ab.","robots":{"index":"index","follow":"follow","max-snippet":"max-snippet:-1","max-image-preview":"max-image-preview:large","max-video-preview":"max-video-preview:-1"},"canonical":"https:\/\/www.organisator.ch\/de\/management\/it\/2020-05-28\/rene-faigle-ag-ernennt-daniel-bodmer-zum-neuen-ceo\/","og_locale":"de_DE","og_type":"article","og_title":"Ren\u00e9 Faigle AG ernennt Daniel Bodmer zum neuen CEO","og_description":"Die Ren\u00e9 Faigle AG hat Daniel Bodmer (56) zum neuen CEO ernannt. Er \u00fcbernimmt am 1. Juni 2020 die operative F\u00fchrung und l\u00f6st Thomas Rieder ab.","og_url":"https:\/\/www.organisator.ch\/de\/management\/it\/2020-05-28\/rene-faigle-ag-ernennt-daniel-bodmer-zum-neuen-ceo\/","og_site_name":"Organisator","article_publisher":"https:\/\/www.facebook.com\/OrganisatorFachmagazin","article_published_time":"2020-05-28T10:00:48+00:00","og_image":[{"width":680,"height":421,"url":"https:\/\/www.organisator.ch\/wp-content\/uploads\/2020\/05\/Rene-Faigle-AG-ernennt-Daniel-Bodmer-zum-neuen-CEO_Organisator.jpg","type":"image\/jpeg"}],"author":"thomas.berner","twitter_card":"summary_large_image","twitter_title":"Ren\u00e9 #Faigle AG ernennt Daniel #Bodmer zum neuen CEO","twitter_description":"Die Ren\u00e9 #Faigle AG hat Daniel #Bodmer (56) zum neuen #CEO ernannt. Er \u00fcbernimmt am 1. Juni 2020 die operative F\u00fchrung und l\u00f6st Thomas Rieder ab.","twitter_image":"https:\/\/www.organisator.ch\/wp-content\/uploads\/2020\/05\/Rene-Faigle-AG-ernennt-Daniel-Bodmer-zum-neuen-CEO_Organisator.jpg","schema":{"@context":"https:\/\/schema.org","@graph":[{"@type":"Article","@id":"https:\/\/www.organisator.ch\/management\/it\/2020-05-28\/rene-faigle-ag-ernennt-daniel-bodmer-zum-neuen-ceo\/#article","isPartOf":{"@id":"https:\/\/www.organisator.ch\/management\/it\/2020-05-28\/rene-faigle-ag-ernennt-daniel-bodmer-zum-neuen-ceo\/"},"author":{"name":"thomas.berner","@id":"https:\/\/www.organisator.ch\/#\/schema\/person\/6f650f90b2842cd4c0cc334b4e36f67e"},"headline":"Ren\u00e9 Faigle AG ernennt Daniel Bodmer zum neuen CEO","datePublished":"2020-05-28T10:00:48+00:00","mainEntityOfPage":{"@id":"https:\/\/www.organisator.ch\/management\/it\/2020-05-28\/rene-faigle-ag-ernennt-daniel-bodmer-zum-neuen-ceo\/"},"wordCount":320,"publisher":{"@id":"https:\/\/www.organisator.ch\/#organization"},"image":{"@id":"https:\/\/www.organisator.ch\/management\/it\/2020-05-28\/rene-faigle-ag-ernennt-daniel-bodmer-zum-neuen-ceo\/#primaryimage"},"thumbnailUrl":"https:\/\/www.organisator.ch\/wp-content\/uploads\/2020\/05\/Rene-Faigle-AG-ernennt-Daniel-Bodmer-zum-neuen-CEO_Organisator.jpg","keywords":["B\u00fcro","IT","Management und Unternehmensf\u00fchrung","Personalia","Unternehmen"],"articleSection":["IT"],"inLanguage":"de"},{"@type":"WebPage","@id":"https:\/\/www.organisator.ch\/management\/it\/2020-05-28\/rene-faigle-ag-ernennt-daniel-bodmer-zum-neuen-ceo\/","url":"https:\/\/www.organisator.ch\/management\/it\/2020-05-28\/rene-faigle-ag-ernennt-daniel-bodmer-zum-neuen-ceo\/","name":"Ren\u00e9 Faigle AG ernennt Daniel Bodmer zum neuen CEO - Organisator","isPartOf":{"@id":"https:\/\/www.organisator.ch\/#website"},"primaryImageOfPage":{"@id":"https:\/\/www.organisator.ch\/management\/it\/2020-05-28\/rene-faigle-ag-ernennt-daniel-bodmer-zum-neuen-ceo\/#primaryimage"},"image":{"@id":"https:\/\/www.organisator.ch\/management\/it\/2020-05-28\/rene-faigle-ag-ernennt-daniel-bodmer-zum-neuen-ceo\/#primaryimage"},"thumbnailUrl":"https:\/\/www.organisator.ch\/wp-content\/uploads\/2020\/05\/Rene-Faigle-AG-ernennt-Daniel-Bodmer-zum-neuen-CEO_Organisator.jpg","datePublished":"2020-05-28T10:00:48+00:00","description":"Die Ren\u00e9 Faigle AG hat Daniel Bodmer (56) zum neuen CEO ernannt. Er \u00fcbernimmt am 1. Juni 2020 die operative F\u00fchrung und l\u00f6st Thomas Rieder ab.","breadcrumb":{"@id":"https:\/\/www.organisator.ch\/management\/it\/2020-05-28\/rene-faigle-ag-ernennt-daniel-bodmer-zum-neuen-ceo\/#breadcrumb"},"inLanguage":"de","potentialAction":[{"@type":"ReadAction","target":["https:\/\/www.organisator.ch\/management\/it\/2020-05-28\/rene-faigle-ag-ernennt-daniel-bodmer-zum-neuen-ceo\/"]}]},{"@type":"ImageObject","inLanguage":"de","@id":"https:\/\/www.organisator.ch\/management\/it\/2020-05-28\/rene-faigle-ag-ernennt-daniel-bodmer-zum-neuen-ceo\/#primaryimage","url":"https:\/\/www.organisator.ch\/wp-content\/uploads\/2020\/05\/Rene-Faigle-AG-ernennt-Daniel-Bodmer-zum-neuen-CEO_Organisator.jpg","contentUrl":"https:\/\/www.organisator.ch\/wp-content\/uploads\/2020\/05\/Rene-Faigle-AG-ernennt-Daniel-Bodmer-zum-neuen-CEO_Organisator.jpg","width":680,"height":421,"caption":"Daniel Bodmer (rechts) \u00fcbernimmt von Thomas Rieder die Funktion des neuen CEO der Ren\u00e9 Faigle AG. (Bild: zVg \/ Faigle)"},{"@type":"BreadcrumbList","@id":"https:\/\/www.organisator.ch\/management\/it\/2020-05-28\/rene-faigle-ag-ernennt-daniel-bodmer-zum-neuen-ceo\/#breadcrumb","itemListElement":[{"@type":"ListItem","position":1,"name":"Home","item":"https:\/\/www.organisator.ch\/"},{"@type":"ListItem","position":2,"name":"Ren\u00e9 Faigle AG ernennt Daniel Bodmer zum neuen CEO"}]},{"@type":"WebSite","@id":"https:\/\/www.organisator.ch\/#website","url":"https:\/\/www.organisator.ch\/","name":"Organisator","description":"Kompetent. Praxisnah. Der ORGANISATOR bereitet in 10 Ausgaben pro Jahr die wesentlichen Themen f\u00fcr F\u00fchrungskr\u00e4fte von KMU auf.","publisher":{"@id":"https:\/\/www.organisator.ch\/#organization"},"potentialAction":[{"@type":"SearchAction","target":{"@type":"EntryPoint","urlTemplate":"https:\/\/www.organisator.ch\/?s={search_term_string}"},"query-input":{"@type":"PropertyValueSpecification","valueRequired":true,"valueName":"search_term_string"}}],"inLanguage":"de"},{"@type":"Organization","@id":"https:\/\/www.organisator.ch\/#organization","name":"Organisator","url":"https:\/\/www.organisator.ch\/","logo":{"@type":"ImageObject","inLanguage":"de","@id":"https:\/\/www.organisator.ch\/#\/schema\/logo\/image\/","url":"https:\/\/www.organisator.ch\/wp-content\/uploads\/2022\/01\/Logo_Organisator_Website.png","contentUrl":"https:\/\/www.organisator.ch\/wp-content\/uploads\/2022\/01\/Logo_Organisator_Website.png","width":800,"height":77,"caption":"Organisator"},"image":{"@id":"https:\/\/www.organisator.ch\/#\/schema\/logo\/image\/"},"sameAs":["https:\/\/www.facebook.com\/OrganisatorFachmagazin","https:\/\/www.linkedin.com\/showcase\/organisator-das-magazin-fr-kmu","https:\/\/www.xing.com\/news\/pages\/organisator-ch-695","https:\/\/www.youtube.com\/channel\/UCGP2Sq0iWaZwT3BdIAQFYpw"]},{"@type":"Person","@id":"https:\/\/www.organisator.ch\/#\/schema\/person\/6f650f90b2842cd4c0cc334b4e36f67e","name":"thomas.berner","image":{"@type":"ImageObject","inLanguage":"de","@id":"https:\/\/secure.gravatar.com\/avatar\/ac5001d2a36cb6c6cd3e50789007ffca834b477b74a2144564522e944eabff61?s=96&d=mm&r=g","url":"https:\/\/secure.gravatar.com\/avatar\/ac5001d2a36cb6c6cd3e50789007ffca834b477b74a2144564522e944eabff61?s=96&d=mm&r=g","contentUrl":"https:\/\/secure.gravatar.com\/avatar\/ac5001d2a36cb6c6cd3e50789007ffca834b477b74a2144564522e944eabff61?s=96&d=mm&r=g","caption":"thomas.berner"},"url":"https:\/\/www.organisator.ch\/de\/author\/thomas-berner\/"}]}},"_links":{"self":[{"href":"https:\/\/www.organisator.ch\/de\/wp-json\/wp\/v2\/posts\/6766","targetHints":{"allow":["GET"]}}],"collection":[{"href":"https:\/\/www.organisator.ch\/de\/wp-json\/wp\/v2\/posts"}],"about":[{"href":"https:\/\/www.organisator.ch\/de\/wp-json\/wp\/v2\/types\/post"}],"author":[{"embeddable":true,"href":"https:\/\/www.organisator.ch\/de\/wp-json\/wp\/v2\/users\/4"}],"replies":[{"embeddable":true,"href":"https:\/\/www.organisator.ch\/de\/wp-json\/wp\/v2\/comments?post=6766"}],"version-history":[{"count":0,"href":"https:\/\/www.organisator.ch\/de\/wp-json\/wp\/v2\/posts\/6766\/revisions"}],"wp:featuredmedia":[{"embeddable":true,"href":"https:\/\/www.organisator.ch\/de\/wp-json\/wp\/v2\/media\/6767"}],"wp:attachment":[{"href":"https:\/\/www.organisator.ch\/de\/wp-json\/wp\/v2\/media?parent=6766"}],"wp:term":[{"taxonomy":"category","embeddable":true,"href":"https:\/\/www.organisator.ch\/de\/wp-json\/wp\/v2\/categories?post=6766"},{"taxonomy":"post_tag","embeddable":true,"href":"https:\/\/www.organisator.ch\/de\/wp-json\/wp\/v2\/tags?post=6766"}],"curies":[{"name":"wp","href":"https:\/\/api.w.org\/{rel}","templated":true}]}}