{"id":6796,"date":"2020-06-11T10:54:39","date_gmt":"2020-06-11T08:54:39","guid":{"rendered":"https:\/\/www.organisator.ch\/?p=6796"},"modified":"2020-06-11T10:54:39","modified_gmt":"2020-06-11T08:54:39","slug":"inspirierende-speed-speeches-am-jubilaeums-business-talk-von-rb-ruettimann-consulting","status":"publish","type":"post","link":"https:\/\/www.organisator.ch\/de\/marketing\/2020-06-11\/inspirierende-speed-speeches-am-jubilaeums-business-talk-von-rb-ruettimann-consulting\/","title":{"rendered":"Inspirierende &#8222;Speed Speeches&#8220; am Jubil\u00e4ums-Business-Talk von rb R\u00fcttimann Consulting"},"content":{"rendered":"<figure id=\"attachment_6798\" aria-describedby=\"caption-attachment-6798\" style=\"width: 680px\" class=\"wp-caption alignnone\"><img loading=\"lazy\" decoding=\"async\" class=\"size-medium wp-image-6798\" src=\"https:\/\/www.organisator.ch\/wp-content\/uploads\/2020\/06\/Inspirierende-Speed-Speeches-am-Jubilaeums-Business-Talk-von-rb-Ruettimann-Consulting_Organisator.jpg\" alt=\"\" width=\"680\" height=\"451\" srcset=\"https:\/\/www.organisator.ch\/wp-content\/uploads\/2020\/06\/Inspirierende-Speed-Speeches-am-Jubilaeums-Business-Talk-von-rb-Ruettimann-Consulting_Organisator.jpg 680w, https:\/\/www.organisator.ch\/wp-content\/uploads\/2020\/06\/Inspirierende-Speed-Speeches-am-Jubilaeums-Business-Talk-von-rb-Ruettimann-Consulting_Organisator-16x12.jpg 16w, https:\/\/www.organisator.ch\/wp-content\/uploads\/2020\/06\/Inspirierende-Speed-Speeches-am-Jubilaeums-Business-Talk-von-rb-Ruettimann-Consulting_Organisator-264x175.jpg 264w, https:\/\/www.organisator.ch\/wp-content\/uploads\/2020\/06\/Inspirierende-Speed-Speeches-am-Jubilaeums-Business-Talk-von-rb-Ruettimann-Consulting_Organisator-528x350.jpg 528w, https:\/\/www.organisator.ch\/wp-content\/uploads\/2020\/06\/Inspirierende-Speed-Speeches-am-Jubilaeums-Business-Talk-von-rb-Ruettimann-Consulting_Organisator-300x199.jpg 300w\" sizes=\"auto, (max-width: 680px) 100vw, 680px\" \/><figcaption id=\"caption-attachment-6798\" class=\"wp-caption-text\">Barbara R\u00fcttimann von rb R\u00fcttimann Consulting (ganz links) mit den Referenten des Jubil\u00e4umsanlasses (v.l.n.r.): Stephan Peyer, Thomas Schreiber, Helena Trachsel, Peter Ac\u00e9l, Anna Grassler und Oliver Hauri. (Foto: Linda Pollari)<\/figcaption><\/figure>\n<p>Nach dem mehrw\u00f6chigen Lockdown infolge von Covid-19 sind seit Mai endlich wieder kleinere gesellschaftliche Anl\u00e4sse m\u00f6glich. Am Jubil\u00e4umsanlass von rb R\u00fcttimann Consulting war die Entspannung unter den G\u00e4sten sp\u00fcrbar: Endlich durfte wieder fleissig pers\u00f6nlich genetzwerkt werden, auch wenn immer noch einige Einschr\u00e4nkungen in Form von Physical Distancing eingehalten werden mussten.<\/p>\n<h2>&#8222;Speed Speeches&#8220; &#8211; auch in gereimter Form<\/h2>\n<p>Nichtsdestotrotz: Barbara R\u00fcttimann hat bis zuletzt an die Durchf\u00fchrung des Anlasses geglaubt, auch die Partner und Sponsoren blieben im Boot. Das Resultat: Ein spannendes Event-Format mit Kurzreferaten im &#8222;Slam Poetry-Stil&#8220;. Sechs Referenten hatten jeweils zehn Minuten Zeit, den G\u00e4sten ein paar inspirierende Impulse zu verschiedenen Businessthemen zu vermitteln. Den Anfang machte Stephan Peyer, CEO von hauser &amp; partner. Seinen Speech &#8211; teilweise sogar in gereimter Form &#8211; widmete er dem Thema Live-Marketing. Die Customer Journey ist komplex geworden, die Digitalisierung habe sich quasi zum &#8222;Feind&#8220; des Live-Marketings entwickelt. Aber die Digitalisierung helfe auch, Kunden abzuholen. Doch die Kommunikation der Zukunft wird dennoch Live sein, so Stephan Peyers Credo, solange eine klare Botschaft in geschicktes Storytelling verpackt werden kann.<\/p>\n<h2>Von Agile Leadership bis Good Food at Work<\/h2>\n<p>Dr. Peter Ac\u00e9l, Inhaber von Dr. Ac\u00e9l &amp; Partner, sprach zu &#8222;Agile Leadership&#8220; und betonte, dass dies mehr als ein Schlagwort sei, sondern eine neue Firmenkultur und ein neues F\u00fchrungsverst\u00e4ndnis voraussetze. Helena Trachsel, Leiterin der Fachstelle Gleichstellung des Kantons Z\u00fcrich, rief zu mehr Begegnung mit Respekt &#8211; frei von Stereotypen &#8211; auf, und Oliver Hauri, CEO von Haworth Schweiz, stellte die Frage, weshalb die R\u00fcckkehr aus dem Homeoffice zur\u00fcck ins angestammte B\u00fcro so wertvoll ist. Man will die Kolleginnen und Kollegen wieder physisch treffen k\u00f6nnen. &#8222;Das B\u00fcro der Zukunft soll denn auch eine Begegnungsplattform sein&#8220;, so Hauri. Anna Grassler von Felfel stellte anschliessend das Konzept &#8222;Good Food at Work&#8220; vor, wovon am Schluss alle Teilnehmenden eine schmackhafte Kostprobe erhielten. Und Thomas Schreiber von atool Architekten gab anhand eines Beispiels einer Fassadenbegr\u00fcnung einen Einblick in nachhaltiges Bauen.<\/p>\n<h2>Einblick ins reichhaltige Portfolio von rb R\u00fcttimann Consulting<\/h2>\n<p>Fazit des Anlasses: Die Auswahl der Referenten und die anwesenden G\u00e4ste zeigten einen Querschnitt der Themenvielfalt, in der Barbara R\u00fcttimann mit ihrer Kommunikations- und Marketingberatung abdeckt. Seit 2000 z\u00e4hlt sie Kunden aus KMU und Grossunternehmen unterschiedlicher Branchen zur Kundschaft. Im Laufe der Jahre kamen zudem TV-Moderationen, diverse Publikationen &#8211; so verfasst sie regelm\u00e4ssig Kolumnen f\u00fcr die Printausgaben von ORGANISATOR &#8211; und Immobilienberatung dazu. Das Format dieses Jubil\u00e4umsanlasses mit &#8222;Speed Speeches&#8220; und kulinarischer Begleitung k\u00f6nnte durchaus Schule f\u00fcr weitere Events machen.<\/p>\n<p><em>Weitere Informationen: <a href=\"https:\/\/www.rbconsulting.info\/\">www.rbconsulting.info\/<\/a><\/em><\/p>\n","protected":false},"excerpt":{"rendered":"<p>Nach dem mehrw\u00f6chigen Lockdown infolge von Covid-19 sind seit Mai endlich wieder kleinere gesellschaftliche Anl\u00e4sse m\u00f6glich. Am Jubil\u00e4umsanlass von rb R\u00fcttimann Consulting war die Entspannung unter den G\u00e4sten sp\u00fcrbar: Endlich durfte wieder fleissig pers\u00f6nlich genetzwerkt werden, auch wenn immer noch einige Einschr\u00e4nkungen in Form von Physical Distancing eingehalten werden mussten. &#8222;Speed Speeches&#8220; &#8211; auch in [&hellip;]<\/p>\n","protected":false},"author":4,"featured_media":6798,"comment_status":"closed","ping_status":"closed","sticky":false,"template":"","format":"standard","meta":{"_acf_changed":false,"_yoast_wpseo_focuskw":"rb R\u00fcttimann","_yoast_wpseo_metadesc":"Im Juni 2000 startete die Kleinagentur rb R\u00fcttimann Consulting ihre T\u00e4tigkeit. Inhaberin und Gesch\u00e4ftsf\u00fchrerin Barbara R\u00fcttimann lud nun zum Jubil\u00e4um ein.","articlekey":"","footnotes":""},"categories":[29],"tags":[186,206,339,492],"class_list":["post-6796","post","type-post","status-publish","format-standard","has-post-thumbnail","hentry","category-marketing","tag-event","tag-firmenjubilaeum","tag-marketing","tag-unternehmen"],"acf":[],"yoast_head":"<!-- This site is optimized with the Yoast SEO plugin v27.4 - https:\/\/yoast.com\/product\/yoast-seo-wordpress\/ -->\n<title>Inspirierende &quot;Speed Speeches&quot; am Jubil\u00e4ums-Business-Talk von rb R\u00fcttimann Consulting - Organisator<\/title>\n<meta name=\"description\" content=\"Im Juni 2000 startete die Kleinagentur rb R\u00fcttimann Consulting ihre T\u00e4tigkeit. Inhaberin und Gesch\u00e4ftsf\u00fchrerin Barbara R\u00fcttimann lud nun zum Jubil\u00e4um ein.\" \/>\n<meta name=\"robots\" content=\"index, follow, max-snippet:-1, max-image-preview:large, max-video-preview:-1\" \/>\n<link rel=\"canonical\" href=\"https:\/\/www.organisator.ch\/de\/marketing\/2020-06-11\/inspirierende-speed-speeches-am-jubilaeums-business-talk-von-rb-ruettimann-consulting\/\" \/>\n<meta property=\"og:locale\" content=\"de_DE\" \/>\n<meta property=\"og:type\" content=\"article\" \/>\n<meta property=\"og:title\" content=\"Inspirierende &quot;Speed Speeches&quot; am Jubil\u00e4ums-Business-Talk von rb R\u00fcttimann Consulting\" \/>\n<meta property=\"og:description\" content=\"Im Juni 2000 startete die Kleinagentur rb R\u00fcttimann Consulting ihre T\u00e4tigkeit. Inhaberin und Gesch\u00e4ftsf\u00fchrerin Barbara R\u00fcttimann lud nun zum Jubil\u00e4um ein.\" \/>\n<meta property=\"og:url\" content=\"https:\/\/www.organisator.ch\/de\/marketing\/2020-06-11\/inspirierende-speed-speeches-am-jubilaeums-business-talk-von-rb-ruettimann-consulting\/\" \/>\n<meta property=\"og:site_name\" content=\"Organisator\" \/>\n<meta property=\"article:publisher\" content=\"https:\/\/www.facebook.com\/OrganisatorFachmagazin\" \/>\n<meta property=\"article:published_time\" content=\"2020-06-11T08:54:39+00:00\" \/>\n<meta property=\"og:image\" content=\"https:\/\/www.organisator.ch\/wp-content\/uploads\/2020\/06\/Inspirierende-Speed-Speeches-am-Jubilaeums-Business-Talk-von-rb-Ruettimann-Consulting_Organisator.jpg\" \/>\n\t<meta property=\"og:image:width\" content=\"680\" \/>\n\t<meta property=\"og:image:height\" content=\"451\" \/>\n\t<meta property=\"og:image:type\" content=\"image\/jpeg\" \/>\n<meta name=\"author\" content=\"thomas.berner\" \/>\n<meta name=\"twitter:card\" content=\"summary_large_image\" \/>\n<meta name=\"twitter:title\" content=\"Inspirierende &quot;Speed Speeches&quot; am #Jubil\u00e4ums-Business-Talk von rb #R\u00fcttimann Consulting\" \/>\n<meta name=\"twitter:description\" content=\"Im Juni 2000 startete die #Kleinagentur rb #R\u00fcttimann Consulting ihre T\u00e4tigkeit. Inhaberin und Gesch\u00e4ftsf\u00fchrerin Barbara R\u00fcttimann lud nun zum Jubil\u00e4um ein.\" \/>\n<meta name=\"twitter:image\" content=\"https:\/\/www.organisator.ch\/wp-content\/uploads\/2020\/06\/Inspirierende-Speed-Speeches-am-Jubilaeums-Business-Talk-von-rb-Ruettimann-Consulting_Organisator.jpg\" \/>\n<script type=\"application\/ld+json\" class=\"yoast-schema-graph\">{\"@context\":\"https:\\\/\\\/schema.org\",\"@graph\":[{\"@type\":\"Article\",\"@id\":\"https:\\\/\\\/www.organisator.ch\\\/marketing\\\/2020-06-11\\\/inspirierende-speed-speeches-am-jubilaeums-business-talk-von-rb-ruettimann-consulting\\\/#article\",\"isPartOf\":{\"@id\":\"https:\\\/\\\/www.organisator.ch\\\/marketing\\\/2020-06-11\\\/inspirierende-speed-speeches-am-jubilaeums-business-talk-von-rb-ruettimann-consulting\\\/\"},\"author\":{\"name\":\"thomas.berner\",\"@id\":\"https:\\\/\\\/www.organisator.ch\\\/#\\\/schema\\\/person\\\/6f650f90b2842cd4c0cc334b4e36f67e\"},\"headline\":\"Inspirierende &#8222;Speed Speeches&#8220; am Jubil\u00e4ums-Business-Talk von rb R\u00fcttimann Consulting\",\"datePublished\":\"2020-06-11T08:54:39+00:00\",\"mainEntityOfPage\":{\"@id\":\"https:\\\/\\\/www.organisator.ch\\\/marketing\\\/2020-06-11\\\/inspirierende-speed-speeches-am-jubilaeums-business-talk-von-rb-ruettimann-consulting\\\/\"},\"wordCount\":498,\"publisher\":{\"@id\":\"https:\\\/\\\/www.organisator.ch\\\/#organization\"},\"image\":{\"@id\":\"https:\\\/\\\/www.organisator.ch\\\/marketing\\\/2020-06-11\\\/inspirierende-speed-speeches-am-jubilaeums-business-talk-von-rb-ruettimann-consulting\\\/#primaryimage\"},\"thumbnailUrl\":\"https:\\\/\\\/www.organisator.ch\\\/wp-content\\\/uploads\\\/2020\\\/06\\\/Inspirierende-Speed-Speeches-am-Jubilaeums-Business-Talk-von-rb-Ruettimann-Consulting_Organisator.jpg\",\"keywords\":[\"Event\",\"Firmenjubil\u00e4um\",\"Marketing\",\"Unternehmen\"],\"articleSection\":[\"MARKETING\"],\"inLanguage\":\"de\"},{\"@type\":\"WebPage\",\"@id\":\"https:\\\/\\\/www.organisator.ch\\\/marketing\\\/2020-06-11\\\/inspirierende-speed-speeches-am-jubilaeums-business-talk-von-rb-ruettimann-consulting\\\/\",\"url\":\"https:\\\/\\\/www.organisator.ch\\\/marketing\\\/2020-06-11\\\/inspirierende-speed-speeches-am-jubilaeums-business-talk-von-rb-ruettimann-consulting\\\/\",\"name\":\"Inspirierende \\\"Speed Speeches\\\" am Jubil\u00e4ums-Business-Talk von rb R\u00fcttimann Consulting - Organisator\",\"isPartOf\":{\"@id\":\"https:\\\/\\\/www.organisator.ch\\\/#website\"},\"primaryImageOfPage\":{\"@id\":\"https:\\\/\\\/www.organisator.ch\\\/marketing\\\/2020-06-11\\\/inspirierende-speed-speeches-am-jubilaeums-business-talk-von-rb-ruettimann-consulting\\\/#primaryimage\"},\"image\":{\"@id\":\"https:\\\/\\\/www.organisator.ch\\\/marketing\\\/2020-06-11\\\/inspirierende-speed-speeches-am-jubilaeums-business-talk-von-rb-ruettimann-consulting\\\/#primaryimage\"},\"thumbnailUrl\":\"https:\\\/\\\/www.organisator.ch\\\/wp-content\\\/uploads\\\/2020\\\/06\\\/Inspirierende-Speed-Speeches-am-Jubilaeums-Business-Talk-von-rb-Ruettimann-Consulting_Organisator.jpg\",\"datePublished\":\"2020-06-11T08:54:39+00:00\",\"description\":\"Im Juni 2000 startete die Kleinagentur rb R\u00fcttimann Consulting ihre T\u00e4tigkeit. Inhaberin und Gesch\u00e4ftsf\u00fchrerin Barbara R\u00fcttimann lud nun zum Jubil\u00e4um ein.\",\"breadcrumb\":{\"@id\":\"https:\\\/\\\/www.organisator.ch\\\/marketing\\\/2020-06-11\\\/inspirierende-speed-speeches-am-jubilaeums-business-talk-von-rb-ruettimann-consulting\\\/#breadcrumb\"},\"inLanguage\":\"de\",\"potentialAction\":[{\"@type\":\"ReadAction\",\"target\":[\"https:\\\/\\\/www.organisator.ch\\\/marketing\\\/2020-06-11\\\/inspirierende-speed-speeches-am-jubilaeums-business-talk-von-rb-ruettimann-consulting\\\/\"]}]},{\"@type\":\"ImageObject\",\"inLanguage\":\"de\",\"@id\":\"https:\\\/\\\/www.organisator.ch\\\/marketing\\\/2020-06-11\\\/inspirierende-speed-speeches-am-jubilaeums-business-talk-von-rb-ruettimann-consulting\\\/#primaryimage\",\"url\":\"https:\\\/\\\/www.organisator.ch\\\/wp-content\\\/uploads\\\/2020\\\/06\\\/Inspirierende-Speed-Speeches-am-Jubilaeums-Business-Talk-von-rb-Ruettimann-Consulting_Organisator.jpg\",\"contentUrl\":\"https:\\\/\\\/www.organisator.ch\\\/wp-content\\\/uploads\\\/2020\\\/06\\\/Inspirierende-Speed-Speeches-am-Jubilaeums-Business-Talk-von-rb-Ruettimann-Consulting_Organisator.jpg\",\"width\":680,\"height\":451,\"caption\":\"Barbara R\u00fcttimann von rb R\u00fcttimann Consulting (ganz links) mit den Referenten des Jubil\u00e4umsanlasses. (Foto: Linda Pollari)\"},{\"@type\":\"BreadcrumbList\",\"@id\":\"https:\\\/\\\/www.organisator.ch\\\/marketing\\\/2020-06-11\\\/inspirierende-speed-speeches-am-jubilaeums-business-talk-von-rb-ruettimann-consulting\\\/#breadcrumb\",\"itemListElement\":[{\"@type\":\"ListItem\",\"position\":1,\"name\":\"Home\",\"item\":\"https:\\\/\\\/www.organisator.ch\\\/\"},{\"@type\":\"ListItem\",\"position\":2,\"name\":\"Inspirierende &#8222;Speed Speeches&#8220; am Jubil\u00e4ums-Business-Talk von rb R\u00fcttimann Consulting\"}]},{\"@type\":\"WebSite\",\"@id\":\"https:\\\/\\\/www.organisator.ch\\\/#website\",\"url\":\"https:\\\/\\\/www.organisator.ch\\\/\",\"name\":\"Organisator\",\"description\":\"Kompetent. Praxisnah. Der ORGANISATOR bereitet in 10 Ausgaben pro Jahr die wesentlichen Themen f\u00fcr F\u00fchrungskr\u00e4fte von KMU auf.\",\"publisher\":{\"@id\":\"https:\\\/\\\/www.organisator.ch\\\/#organization\"},\"potentialAction\":[{\"@type\":\"SearchAction\",\"target\":{\"@type\":\"EntryPoint\",\"urlTemplate\":\"https:\\\/\\\/www.organisator.ch\\\/?s={search_term_string}\"},\"query-input\":{\"@type\":\"PropertyValueSpecification\",\"valueRequired\":true,\"valueName\":\"search_term_string\"}}],\"inLanguage\":\"de\"},{\"@type\":\"Organization\",\"@id\":\"https:\\\/\\\/www.organisator.ch\\\/#organization\",\"name\":\"Organisator\",\"url\":\"https:\\\/\\\/www.organisator.ch\\\/\",\"logo\":{\"@type\":\"ImageObject\",\"inLanguage\":\"de\",\"@id\":\"https:\\\/\\\/www.organisator.ch\\\/#\\\/schema\\\/logo\\\/image\\\/\",\"url\":\"https:\\\/\\\/www.organisator.ch\\\/wp-content\\\/uploads\\\/2022\\\/01\\\/Logo_Organisator_Website.png\",\"contentUrl\":\"https:\\\/\\\/www.organisator.ch\\\/wp-content\\\/uploads\\\/2022\\\/01\\\/Logo_Organisator_Website.png\",\"width\":800,\"height\":77,\"caption\":\"Organisator\"},\"image\":{\"@id\":\"https:\\\/\\\/www.organisator.ch\\\/#\\\/schema\\\/logo\\\/image\\\/\"},\"sameAs\":[\"https:\\\/\\\/www.facebook.com\\\/OrganisatorFachmagazin\",\"https:\\\/\\\/www.linkedin.com\\\/showcase\\\/organisator-das-magazin-fr-kmu\",\"https:\\\/\\\/www.xing.com\\\/news\\\/pages\\\/organisator-ch-695\",\"https:\\\/\\\/www.youtube.com\\\/channel\\\/UCGP2Sq0iWaZwT3BdIAQFYpw\"]},{\"@type\":\"Person\",\"@id\":\"https:\\\/\\\/www.organisator.ch\\\/#\\\/schema\\\/person\\\/6f650f90b2842cd4c0cc334b4e36f67e\",\"name\":\"thomas.berner\",\"image\":{\"@type\":\"ImageObject\",\"inLanguage\":\"de\",\"@id\":\"https:\\\/\\\/secure.gravatar.com\\\/avatar\\\/ac5001d2a36cb6c6cd3e50789007ffca834b477b74a2144564522e944eabff61?s=96&d=mm&r=g\",\"url\":\"https:\\\/\\\/secure.gravatar.com\\\/avatar\\\/ac5001d2a36cb6c6cd3e50789007ffca834b477b74a2144564522e944eabff61?s=96&d=mm&r=g\",\"contentUrl\":\"https:\\\/\\\/secure.gravatar.com\\\/avatar\\\/ac5001d2a36cb6c6cd3e50789007ffca834b477b74a2144564522e944eabff61?s=96&d=mm&r=g\",\"caption\":\"thomas.berner\"},\"url\":\"https:\\\/\\\/www.organisator.ch\\\/de\\\/author\\\/thomas-berner\\\/\"}]}<\/script>\n<!-- \/ Yoast SEO plugin. -->","yoast_head_json":{"title":"Inspirierende \"Speed Speeches\" am Jubil\u00e4ums-Business-Talk von rb R\u00fcttimann Consulting - Organisator","description":"Im Juni 2000 startete die Kleinagentur rb R\u00fcttimann Consulting ihre T\u00e4tigkeit. Inhaberin und Gesch\u00e4ftsf\u00fchrerin Barbara R\u00fcttimann lud nun zum Jubil\u00e4um ein.","robots":{"index":"index","follow":"follow","max-snippet":"max-snippet:-1","max-image-preview":"max-image-preview:large","max-video-preview":"max-video-preview:-1"},"canonical":"https:\/\/www.organisator.ch\/de\/marketing\/2020-06-11\/inspirierende-speed-speeches-am-jubilaeums-business-talk-von-rb-ruettimann-consulting\/","og_locale":"de_DE","og_type":"article","og_title":"Inspirierende \"Speed Speeches\" am Jubil\u00e4ums-Business-Talk von rb R\u00fcttimann Consulting","og_description":"Im Juni 2000 startete die Kleinagentur rb R\u00fcttimann Consulting ihre T\u00e4tigkeit. Inhaberin und Gesch\u00e4ftsf\u00fchrerin Barbara R\u00fcttimann lud nun zum Jubil\u00e4um ein.","og_url":"https:\/\/www.organisator.ch\/de\/marketing\/2020-06-11\/inspirierende-speed-speeches-am-jubilaeums-business-talk-von-rb-ruettimann-consulting\/","og_site_name":"Organisator","article_publisher":"https:\/\/www.facebook.com\/OrganisatorFachmagazin","article_published_time":"2020-06-11T08:54:39+00:00","og_image":[{"width":680,"height":451,"url":"https:\/\/www.organisator.ch\/wp-content\/uploads\/2020\/06\/Inspirierende-Speed-Speeches-am-Jubilaeums-Business-Talk-von-rb-Ruettimann-Consulting_Organisator.jpg","type":"image\/jpeg"}],"author":"thomas.berner","twitter_card":"summary_large_image","twitter_title":"Inspirierende \"Speed Speeches\" am #Jubil\u00e4ums-Business-Talk von rb #R\u00fcttimann Consulting","twitter_description":"Im Juni 2000 startete die #Kleinagentur rb #R\u00fcttimann Consulting ihre T\u00e4tigkeit. Inhaberin und Gesch\u00e4ftsf\u00fchrerin Barbara R\u00fcttimann lud nun zum Jubil\u00e4um ein.","twitter_image":"https:\/\/www.organisator.ch\/wp-content\/uploads\/2020\/06\/Inspirierende-Speed-Speeches-am-Jubilaeums-Business-Talk-von-rb-Ruettimann-Consulting_Organisator.jpg","schema":{"@context":"https:\/\/schema.org","@graph":[{"@type":"Article","@id":"https:\/\/www.organisator.ch\/marketing\/2020-06-11\/inspirierende-speed-speeches-am-jubilaeums-business-talk-von-rb-ruettimann-consulting\/#article","isPartOf":{"@id":"https:\/\/www.organisator.ch\/marketing\/2020-06-11\/inspirierende-speed-speeches-am-jubilaeums-business-talk-von-rb-ruettimann-consulting\/"},"author":{"name":"thomas.berner","@id":"https:\/\/www.organisator.ch\/#\/schema\/person\/6f650f90b2842cd4c0cc334b4e36f67e"},"headline":"Inspirierende &#8222;Speed Speeches&#8220; am Jubil\u00e4ums-Business-Talk von rb R\u00fcttimann Consulting","datePublished":"2020-06-11T08:54:39+00:00","mainEntityOfPage":{"@id":"https:\/\/www.organisator.ch\/marketing\/2020-06-11\/inspirierende-speed-speeches-am-jubilaeums-business-talk-von-rb-ruettimann-consulting\/"},"wordCount":498,"publisher":{"@id":"https:\/\/www.organisator.ch\/#organization"},"image":{"@id":"https:\/\/www.organisator.ch\/marketing\/2020-06-11\/inspirierende-speed-speeches-am-jubilaeums-business-talk-von-rb-ruettimann-consulting\/#primaryimage"},"thumbnailUrl":"https:\/\/www.organisator.ch\/wp-content\/uploads\/2020\/06\/Inspirierende-Speed-Speeches-am-Jubilaeums-Business-Talk-von-rb-Ruettimann-Consulting_Organisator.jpg","keywords":["Event","Firmenjubil\u00e4um","Marketing","Unternehmen"],"articleSection":["MARKETING"],"inLanguage":"de"},{"@type":"WebPage","@id":"https:\/\/www.organisator.ch\/marketing\/2020-06-11\/inspirierende-speed-speeches-am-jubilaeums-business-talk-von-rb-ruettimann-consulting\/","url":"https:\/\/www.organisator.ch\/marketing\/2020-06-11\/inspirierende-speed-speeches-am-jubilaeums-business-talk-von-rb-ruettimann-consulting\/","name":"Inspirierende \"Speed Speeches\" am Jubil\u00e4ums-Business-Talk von rb R\u00fcttimann Consulting - Organisator","isPartOf":{"@id":"https:\/\/www.organisator.ch\/#website"},"primaryImageOfPage":{"@id":"https:\/\/www.organisator.ch\/marketing\/2020-06-11\/inspirierende-speed-speeches-am-jubilaeums-business-talk-von-rb-ruettimann-consulting\/#primaryimage"},"image":{"@id":"https:\/\/www.organisator.ch\/marketing\/2020-06-11\/inspirierende-speed-speeches-am-jubilaeums-business-talk-von-rb-ruettimann-consulting\/#primaryimage"},"thumbnailUrl":"https:\/\/www.organisator.ch\/wp-content\/uploads\/2020\/06\/Inspirierende-Speed-Speeches-am-Jubilaeums-Business-Talk-von-rb-Ruettimann-Consulting_Organisator.jpg","datePublished":"2020-06-11T08:54:39+00:00","description":"Im Juni 2000 startete die Kleinagentur rb R\u00fcttimann Consulting ihre T\u00e4tigkeit. Inhaberin und Gesch\u00e4ftsf\u00fchrerin Barbara R\u00fcttimann lud nun zum Jubil\u00e4um ein.","breadcrumb":{"@id":"https:\/\/www.organisator.ch\/marketing\/2020-06-11\/inspirierende-speed-speeches-am-jubilaeums-business-talk-von-rb-ruettimann-consulting\/#breadcrumb"},"inLanguage":"de","potentialAction":[{"@type":"ReadAction","target":["https:\/\/www.organisator.ch\/marketing\/2020-06-11\/inspirierende-speed-speeches-am-jubilaeums-business-talk-von-rb-ruettimann-consulting\/"]}]},{"@type":"ImageObject","inLanguage":"de","@id":"https:\/\/www.organisator.ch\/marketing\/2020-06-11\/inspirierende-speed-speeches-am-jubilaeums-business-talk-von-rb-ruettimann-consulting\/#primaryimage","url":"https:\/\/www.organisator.ch\/wp-content\/uploads\/2020\/06\/Inspirierende-Speed-Speeches-am-Jubilaeums-Business-Talk-von-rb-Ruettimann-Consulting_Organisator.jpg","contentUrl":"https:\/\/www.organisator.ch\/wp-content\/uploads\/2020\/06\/Inspirierende-Speed-Speeches-am-Jubilaeums-Business-Talk-von-rb-Ruettimann-Consulting_Organisator.jpg","width":680,"height":451,"caption":"Barbara R\u00fcttimann von rb R\u00fcttimann Consulting (ganz links) mit den Referenten des Jubil\u00e4umsanlasses. (Foto: Linda Pollari)"},{"@type":"BreadcrumbList","@id":"https:\/\/www.organisator.ch\/marketing\/2020-06-11\/inspirierende-speed-speeches-am-jubilaeums-business-talk-von-rb-ruettimann-consulting\/#breadcrumb","itemListElement":[{"@type":"ListItem","position":1,"name":"Home","item":"https:\/\/www.organisator.ch\/"},{"@type":"ListItem","position":2,"name":"Inspirierende &#8222;Speed Speeches&#8220; am Jubil\u00e4ums-Business-Talk von rb R\u00fcttimann Consulting"}]},{"@type":"WebSite","@id":"https:\/\/www.organisator.ch\/#website","url":"https:\/\/www.organisator.ch\/","name":"Organisator","description":"Kompetent. Praxisnah. Der ORGANISATOR bereitet in 10 Ausgaben pro Jahr die wesentlichen Themen f\u00fcr F\u00fchrungskr\u00e4fte von KMU auf.","publisher":{"@id":"https:\/\/www.organisator.ch\/#organization"},"potentialAction":[{"@type":"SearchAction","target":{"@type":"EntryPoint","urlTemplate":"https:\/\/www.organisator.ch\/?s={search_term_string}"},"query-input":{"@type":"PropertyValueSpecification","valueRequired":true,"valueName":"search_term_string"}}],"inLanguage":"de"},{"@type":"Organization","@id":"https:\/\/www.organisator.ch\/#organization","name":"Organisator","url":"https:\/\/www.organisator.ch\/","logo":{"@type":"ImageObject","inLanguage":"de","@id":"https:\/\/www.organisator.ch\/#\/schema\/logo\/image\/","url":"https:\/\/www.organisator.ch\/wp-content\/uploads\/2022\/01\/Logo_Organisator_Website.png","contentUrl":"https:\/\/www.organisator.ch\/wp-content\/uploads\/2022\/01\/Logo_Organisator_Website.png","width":800,"height":77,"caption":"Organisator"},"image":{"@id":"https:\/\/www.organisator.ch\/#\/schema\/logo\/image\/"},"sameAs":["https:\/\/www.facebook.com\/OrganisatorFachmagazin","https:\/\/www.linkedin.com\/showcase\/organisator-das-magazin-fr-kmu","https:\/\/www.xing.com\/news\/pages\/organisator-ch-695","https:\/\/www.youtube.com\/channel\/UCGP2Sq0iWaZwT3BdIAQFYpw"]},{"@type":"Person","@id":"https:\/\/www.organisator.ch\/#\/schema\/person\/6f650f90b2842cd4c0cc334b4e36f67e","name":"thomas.berner","image":{"@type":"ImageObject","inLanguage":"de","@id":"https:\/\/secure.gravatar.com\/avatar\/ac5001d2a36cb6c6cd3e50789007ffca834b477b74a2144564522e944eabff61?s=96&d=mm&r=g","url":"https:\/\/secure.gravatar.com\/avatar\/ac5001d2a36cb6c6cd3e50789007ffca834b477b74a2144564522e944eabff61?s=96&d=mm&r=g","contentUrl":"https:\/\/secure.gravatar.com\/avatar\/ac5001d2a36cb6c6cd3e50789007ffca834b477b74a2144564522e944eabff61?s=96&d=mm&r=g","caption":"thomas.berner"},"url":"https:\/\/www.organisator.ch\/de\/author\/thomas-berner\/"}]}},"_links":{"self":[{"href":"https:\/\/www.organisator.ch\/de\/wp-json\/wp\/v2\/posts\/6796","targetHints":{"allow":["GET"]}}],"collection":[{"href":"https:\/\/www.organisator.ch\/de\/wp-json\/wp\/v2\/posts"}],"about":[{"href":"https:\/\/www.organisator.ch\/de\/wp-json\/wp\/v2\/types\/post"}],"author":[{"embeddable":true,"href":"https:\/\/www.organisator.ch\/de\/wp-json\/wp\/v2\/users\/4"}],"replies":[{"embeddable":true,"href":"https:\/\/www.organisator.ch\/de\/wp-json\/wp\/v2\/comments?post=6796"}],"version-history":[{"count":0,"href":"https:\/\/www.organisator.ch\/de\/wp-json\/wp\/v2\/posts\/6796\/revisions"}],"wp:featuredmedia":[{"embeddable":true,"href":"https:\/\/www.organisator.ch\/de\/wp-json\/wp\/v2\/media\/6798"}],"wp:attachment":[{"href":"https:\/\/www.organisator.ch\/de\/wp-json\/wp\/v2\/media?parent=6796"}],"wp:term":[{"taxonomy":"category","embeddable":true,"href":"https:\/\/www.organisator.ch\/de\/wp-json\/wp\/v2\/categories?post=6796"},{"taxonomy":"post_tag","embeddable":true,"href":"https:\/\/www.organisator.ch\/de\/wp-json\/wp\/v2\/tags?post=6796"}],"curies":[{"name":"wp","href":"https:\/\/api.w.org\/{rel}","templated":true}]}}