{"id":6814,"date":"2020-06-16T15:51:53","date_gmt":"2020-06-16T13:51:53","guid":{"rendered":"https:\/\/www.organisator.ch\/?p=6814"},"modified":"2020-06-16T15:51:53","modified_gmt":"2020-06-16T13:51:53","slug":"topsoft-wird-auf-2021-verschoben-hybrider-anlass-am-2-3-september-2020","status":"publish","type":"post","link":"https:\/\/www.organisator.ch\/de\/management\/it\/2020-06-16\/topsoft-wird-auf-2021-verschoben-hybrider-anlass-am-2-3-september-2020\/","title":{"rendered":"Topsoft wird auf 2021 verschoben &#8211; Hybrider Anlass am 2.\/3. September 2020"},"content":{"rendered":"<div>\n<div>\n<figure id=\"attachment_6815\" aria-describedby=\"caption-attachment-6815\" style=\"width: 680px\" class=\"wp-caption alignnone\"><img loading=\"lazy\" decoding=\"async\" class=\"size-medium wp-image-6815\" src=\"https:\/\/www.organisator.ch\/wp-content\/uploads\/2020\/06\/Topsoft-wird-auf-2021-verschoben-Hybrider-Anlass_Organisator.jpg\" alt=\"\" width=\"680\" height=\"453\" srcset=\"https:\/\/www.organisator.ch\/wp-content\/uploads\/2020\/06\/Topsoft-wird-auf-2021-verschoben-Hybrider-Anlass_Organisator.jpg 680w, https:\/\/www.organisator.ch\/wp-content\/uploads\/2020\/06\/Topsoft-wird-auf-2021-verschoben-Hybrider-Anlass_Organisator-16x12.jpg 16w, https:\/\/www.organisator.ch\/wp-content\/uploads\/2020\/06\/Topsoft-wird-auf-2021-verschoben-Hybrider-Anlass_Organisator-263x175.jpg 263w, https:\/\/www.organisator.ch\/wp-content\/uploads\/2020\/06\/Topsoft-wird-auf-2021-verschoben-Hybrider-Anlass_Organisator-525x350.jpg 525w, https:\/\/www.organisator.ch\/wp-content\/uploads\/2020\/06\/Topsoft-wird-auf-2021-verschoben-Hybrider-Anlass_Organisator-300x200.jpg 300w\" sizes=\"auto, (max-width: 680px) 100vw, 680px\" \/><figcaption id=\"caption-attachment-6815\" class=\"wp-caption-text\">Die Topsoft findet dieses Jahr nicht als Fachmesse, sondern als hybrider Anlass statt. (Bild: www.topsoft.ch)<\/figcaption><\/figure>\n<\/div>\n<p>Nat\u00fcrlich h\u00e4tten Cyrill Schmid und sein Team die topsoft Fachmesse gerne im gewohnten Rahmen durchgef\u00fchrt. Doch mit R\u00fccksicht auf Aussteller und Besucher wollten die Organisatoren nicht auf einer Durchf\u00fchrung bestehen. &#8222;Bevor den ausstellenden Unternehmen grosse Kosten entstehen, haben wir deshalb schweren Herzens beschlossen, die Fachmesse in ihrer gewohnten Form f\u00fcr dieses Jahr abzusagen&#8220;, heisst es auf der Topsoft-Website. Auch wenn der Bundesrat am 24. Juni Veranstaltungen mit \u00fcber 1000 Teilnehmenden wieder zulassen sollte, w\u00e4re eine zeitgerechte Planung kaum mehr m\u00f6glich. Zudem w\u00fcrden wohl strenge Hygiene-Bestimmungen gelten. &#8222;Wir organisieren die topsoft Fachmesse seit vielen Jahren mit grosser Leidenschaft, der pers\u00f6nliche Kontakt zwischen Besuchenden, Referierenden und Ausstellenden ist das A und O \u2013 und da passen eben weder Plexiglas noch Gesichtsmasken oder Abstandsregeln dazu&#8220;, schreiben die Topsoft-Macher weiter.<\/p>\n<h2>Hybrider Anlass am 2.\/3. September<\/h2>\n<\/div>\n<p>Anstelle der Messe plant Cyrill Schmid einen &#8222;Ersatz-Anlass&#8220;, ebenfalls am 2.\/3. September 2020. Vorgesehen ist ein Event, der sowohl live im Saal der Umwelt Arena in Spreitenbach als auch via Live-Stream im Internet verfolgt werden kann. So soll sichergestellt werden, dass interessierte Teilnehmende trotz ausfallender Fachmesse gleichwohl vom Know-how ausgew\u00e4hlter Aussteller profitieren k\u00f6nnen. Ferner ist ein Ausbau der Berichterstattung via Online-Kan\u00e4le und \u00fcber das Topsoft-Magazin in Aussicht gestellt. Auch sollen im Herbst regionale Anl\u00e4sse und diverse weitere Webinare stattfinden.<\/p>\n<h2>Regul\u00e4re Topsoft am 1.\/2. September 2021<\/h2>\n<p>Und wenn im kommenden Jahr alles ausgestanden sein wird: Die n\u00e4chste regul\u00e4re Topsoft soll besser und sch\u00f6ner werden als zuvor. Das Datum: 1.\/2. September 2021 in der Umwelt Arena Spreitenbach.<\/p>\n<div><a href=\"http:\/\/www.topsoft.ch\/\" target=\"_blank\" rel=\"noopener noreferrer\">www.topsoft.ch<\/a><\/div>\n<div class=\"social-content\">\n<div class=\"a2a_kit a2a_kit_size_32 a2a_default_style\"><\/div>\n<\/div>\n","protected":false},"excerpt":{"rendered":"<p>Nat\u00fcrlich h\u00e4tten Cyrill Schmid und sein Team die topsoft Fachmesse gerne im gewohnten Rahmen durchgef\u00fchrt. Doch mit R\u00fccksicht auf Aussteller und Besucher wollten die Organisatoren nicht auf einer Durchf\u00fchrung bestehen. &#8222;Bevor den ausstellenden Unternehmen grosse Kosten entstehen, haben wir deshalb schweren Herzens beschlossen, die Fachmesse in ihrer gewohnten Form f\u00fcr dieses Jahr abzusagen&#8220;, heisst es [&hellip;]<\/p>\n","protected":false},"author":4,"featured_media":6815,"comment_status":"closed","ping_status":"closed","sticky":false,"template":"","format":"standard","meta":{"_acf_changed":false,"_yoast_wpseo_focuskw":"Hybrider Anlass","_yoast_wpseo_metadesc":"Die Organisatoren haben entschieden, die f\u00fcr den 2.\/3. September 2020 vorgesehene Topsoft nicht durchzuf\u00fchren. Stattdessen ist ein hybrider Anlass geplant.","articlekey":"","footnotes":""},"categories":[27],"tags":[286,288,482,502],"class_list":["post-6814","post","type-post","status-publish","format-standard","has-post-thumbnail","hentry","category-it","tag-it","tag-it-business-software","tag-topsoft","tag-veranstaltungen"],"acf":[],"yoast_head":"<!-- This site is optimized with the Yoast SEO plugin v27.5 - https:\/\/yoast.com\/product\/yoast-seo-wordpress\/ -->\n<title>Topsoft wird auf 2021 verschoben - Hybrider Anlass am 2.\/3. September 2020 - Organisator<\/title>\n<meta name=\"description\" content=\"Die Organisatoren haben entschieden, die f\u00fcr den 2.\/3. September 2020 vorgesehene Topsoft nicht durchzuf\u00fchren. Stattdessen ist ein hybrider Anlass geplant.\" \/>\n<meta name=\"robots\" content=\"index, follow, max-snippet:-1, max-image-preview:large, max-video-preview:-1\" \/>\n<link rel=\"canonical\" href=\"https:\/\/www.organisator.ch\/de\/management\/it\/2020-06-16\/topsoft-wird-auf-2021-verschoben-hybrider-anlass-am-2-3-september-2020\/\" \/>\n<meta property=\"og:locale\" content=\"de_DE\" \/>\n<meta property=\"og:type\" content=\"article\" \/>\n<meta property=\"og:title\" content=\"Topsoft wird auf 2021 verschoben - Hybrider Anlass am 2.\/3. September 2020\" \/>\n<meta property=\"og:description\" content=\"Die Organisatoren haben entschieden, die f\u00fcr den 2.\/3. September 2020 vorgesehene Topsoft nicht durchzuf\u00fchren. Stattdessen ist ein hybrider Anlass geplant.\" \/>\n<meta property=\"og:url\" content=\"https:\/\/www.organisator.ch\/de\/management\/it\/2020-06-16\/topsoft-wird-auf-2021-verschoben-hybrider-anlass-am-2-3-september-2020\/\" \/>\n<meta property=\"og:site_name\" content=\"Organisator\" \/>\n<meta property=\"article:publisher\" content=\"https:\/\/www.facebook.com\/OrganisatorFachmagazin\" \/>\n<meta property=\"article:published_time\" content=\"2020-06-16T13:51:53+00:00\" \/>\n<meta property=\"og:image\" content=\"https:\/\/www.organisator.ch\/wp-content\/uploads\/2020\/06\/Topsoft-wird-auf-2021-verschoben-Hybrider-Anlass_Organisator.jpg\" \/>\n\t<meta property=\"og:image:width\" content=\"680\" \/>\n\t<meta property=\"og:image:height\" content=\"453\" \/>\n\t<meta property=\"og:image:type\" content=\"image\/jpeg\" \/>\n<meta name=\"author\" content=\"thomas.berner\" \/>\n<meta name=\"twitter:card\" content=\"summary_large_image\" \/>\n<meta name=\"twitter:title\" content=\"#Topsoft wird auf 2021 verschoben - Hybrider Anlass am 2.\/3. September 2020\" \/>\n<meta name=\"twitter:description\" content=\"Die Organisatoren haben entschieden, die f\u00fcr den 2.\/3. September 2020 vorgesehene #Topsoft nicht durchzuf\u00fchren. Stattdessen ist ein hybrider Anlass geplant.\" \/>\n<meta name=\"twitter:image\" content=\"https:\/\/www.organisator.ch\/wp-content\/uploads\/2020\/06\/Topsoft-wird-auf-2021-verschoben-Hybrider-Anlass_Organisator.jpg\" \/>\n<script type=\"application\/ld+json\" class=\"yoast-schema-graph\">{\"@context\":\"https:\\\/\\\/schema.org\",\"@graph\":[{\"@type\":\"Article\",\"@id\":\"https:\\\/\\\/www.organisator.ch\\\/management\\\/it\\\/2020-06-16\\\/topsoft-wird-auf-2021-verschoben-hybrider-anlass-am-2-3-september-2020\\\/#article\",\"isPartOf\":{\"@id\":\"https:\\\/\\\/www.organisator.ch\\\/management\\\/it\\\/2020-06-16\\\/topsoft-wird-auf-2021-verschoben-hybrider-anlass-am-2-3-september-2020\\\/\"},\"author\":{\"name\":\"thomas.berner\",\"@id\":\"https:\\\/\\\/www.organisator.ch\\\/#\\\/schema\\\/person\\\/6f650f90b2842cd4c0cc334b4e36f67e\"},\"headline\":\"Topsoft wird auf 2021 verschoben &#8211; Hybrider Anlass am 2.\\\/3. September 2020\",\"datePublished\":\"2020-06-16T13:51:53+00:00\",\"mainEntityOfPage\":{\"@id\":\"https:\\\/\\\/www.organisator.ch\\\/management\\\/it\\\/2020-06-16\\\/topsoft-wird-auf-2021-verschoben-hybrider-anlass-am-2-3-september-2020\\\/\"},\"wordCount\":290,\"publisher\":{\"@id\":\"https:\\\/\\\/www.organisator.ch\\\/#organization\"},\"image\":{\"@id\":\"https:\\\/\\\/www.organisator.ch\\\/management\\\/it\\\/2020-06-16\\\/topsoft-wird-auf-2021-verschoben-hybrider-anlass-am-2-3-september-2020\\\/#primaryimage\"},\"thumbnailUrl\":\"https:\\\/\\\/www.organisator.ch\\\/wp-content\\\/uploads\\\/2020\\\/06\\\/Topsoft-wird-auf-2021-verschoben-Hybrider-Anlass_Organisator.jpg\",\"keywords\":[\"IT\",\"IT &amp; Business Software\",\"topsoft\",\"Veranstaltungen\"],\"articleSection\":[\"IT\"],\"inLanguage\":\"de\"},{\"@type\":\"WebPage\",\"@id\":\"https:\\\/\\\/www.organisator.ch\\\/management\\\/it\\\/2020-06-16\\\/topsoft-wird-auf-2021-verschoben-hybrider-anlass-am-2-3-september-2020\\\/\",\"url\":\"https:\\\/\\\/www.organisator.ch\\\/management\\\/it\\\/2020-06-16\\\/topsoft-wird-auf-2021-verschoben-hybrider-anlass-am-2-3-september-2020\\\/\",\"name\":\"Topsoft wird auf 2021 verschoben - Hybrider Anlass am 2.\\\/3. September 2020 - Organisator\",\"isPartOf\":{\"@id\":\"https:\\\/\\\/www.organisator.ch\\\/#website\"},\"primaryImageOfPage\":{\"@id\":\"https:\\\/\\\/www.organisator.ch\\\/management\\\/it\\\/2020-06-16\\\/topsoft-wird-auf-2021-verschoben-hybrider-anlass-am-2-3-september-2020\\\/#primaryimage\"},\"image\":{\"@id\":\"https:\\\/\\\/www.organisator.ch\\\/management\\\/it\\\/2020-06-16\\\/topsoft-wird-auf-2021-verschoben-hybrider-anlass-am-2-3-september-2020\\\/#primaryimage\"},\"thumbnailUrl\":\"https:\\\/\\\/www.organisator.ch\\\/wp-content\\\/uploads\\\/2020\\\/06\\\/Topsoft-wird-auf-2021-verschoben-Hybrider-Anlass_Organisator.jpg\",\"datePublished\":\"2020-06-16T13:51:53+00:00\",\"description\":\"Die Organisatoren haben entschieden, die f\u00fcr den 2.\\\/3. September 2020 vorgesehene Topsoft nicht durchzuf\u00fchren. Stattdessen ist ein hybrider Anlass geplant.\",\"breadcrumb\":{\"@id\":\"https:\\\/\\\/www.organisator.ch\\\/management\\\/it\\\/2020-06-16\\\/topsoft-wird-auf-2021-verschoben-hybrider-anlass-am-2-3-september-2020\\\/#breadcrumb\"},\"inLanguage\":\"de\",\"potentialAction\":[{\"@type\":\"ReadAction\",\"target\":[\"https:\\\/\\\/www.organisator.ch\\\/management\\\/it\\\/2020-06-16\\\/topsoft-wird-auf-2021-verschoben-hybrider-anlass-am-2-3-september-2020\\\/\"]}]},{\"@type\":\"ImageObject\",\"inLanguage\":\"de\",\"@id\":\"https:\\\/\\\/www.organisator.ch\\\/management\\\/it\\\/2020-06-16\\\/topsoft-wird-auf-2021-verschoben-hybrider-anlass-am-2-3-september-2020\\\/#primaryimage\",\"url\":\"https:\\\/\\\/www.organisator.ch\\\/wp-content\\\/uploads\\\/2020\\\/06\\\/Topsoft-wird-auf-2021-verschoben-Hybrider-Anlass_Organisator.jpg\",\"contentUrl\":\"https:\\\/\\\/www.organisator.ch\\\/wp-content\\\/uploads\\\/2020\\\/06\\\/Topsoft-wird-auf-2021-verschoben-Hybrider-Anlass_Organisator.jpg\",\"width\":680,\"height\":453,\"caption\":\"Die Topsoft findet dieses Jahr nicht als Fachmesse, sondern als hybrider Anlass statt. (Bild: www.topsoft.ch)\"},{\"@type\":\"BreadcrumbList\",\"@id\":\"https:\\\/\\\/www.organisator.ch\\\/management\\\/it\\\/2020-06-16\\\/topsoft-wird-auf-2021-verschoben-hybrider-anlass-am-2-3-september-2020\\\/#breadcrumb\",\"itemListElement\":[{\"@type\":\"ListItem\",\"position\":1,\"name\":\"Home\",\"item\":\"https:\\\/\\\/www.organisator.ch\\\/\"},{\"@type\":\"ListItem\",\"position\":2,\"name\":\"Topsoft wird auf 2021 verschoben &#8211; Hybrider Anlass am 2.\\\/3. September 2020\"}]},{\"@type\":\"WebSite\",\"@id\":\"https:\\\/\\\/www.organisator.ch\\\/#website\",\"url\":\"https:\\\/\\\/www.organisator.ch\\\/\",\"name\":\"Organisator\",\"description\":\"Kompetent. Praxisnah. Der ORGANISATOR bereitet in 10 Ausgaben pro Jahr die wesentlichen Themen f\u00fcr F\u00fchrungskr\u00e4fte von KMU auf.\",\"publisher\":{\"@id\":\"https:\\\/\\\/www.organisator.ch\\\/#organization\"},\"potentialAction\":[{\"@type\":\"SearchAction\",\"target\":{\"@type\":\"EntryPoint\",\"urlTemplate\":\"https:\\\/\\\/www.organisator.ch\\\/?s={search_term_string}\"},\"query-input\":{\"@type\":\"PropertyValueSpecification\",\"valueRequired\":true,\"valueName\":\"search_term_string\"}}],\"inLanguage\":\"de\"},{\"@type\":\"Organization\",\"@id\":\"https:\\\/\\\/www.organisator.ch\\\/#organization\",\"name\":\"Organisator\",\"url\":\"https:\\\/\\\/www.organisator.ch\\\/\",\"logo\":{\"@type\":\"ImageObject\",\"inLanguage\":\"de\",\"@id\":\"https:\\\/\\\/www.organisator.ch\\\/#\\\/schema\\\/logo\\\/image\\\/\",\"url\":\"https:\\\/\\\/www.organisator.ch\\\/wp-content\\\/uploads\\\/2022\\\/01\\\/Logo_Organisator_Website.png\",\"contentUrl\":\"https:\\\/\\\/www.organisator.ch\\\/wp-content\\\/uploads\\\/2022\\\/01\\\/Logo_Organisator_Website.png\",\"width\":800,\"height\":77,\"caption\":\"Organisator\"},\"image\":{\"@id\":\"https:\\\/\\\/www.organisator.ch\\\/#\\\/schema\\\/logo\\\/image\\\/\"},\"sameAs\":[\"https:\\\/\\\/www.facebook.com\\\/OrganisatorFachmagazin\",\"https:\\\/\\\/www.linkedin.com\\\/showcase\\\/organisator-das-magazin-fr-kmu\",\"https:\\\/\\\/www.xing.com\\\/news\\\/pages\\\/organisator-ch-695\",\"https:\\\/\\\/www.youtube.com\\\/channel\\\/UCGP2Sq0iWaZwT3BdIAQFYpw\"]},{\"@type\":\"Person\",\"@id\":\"https:\\\/\\\/www.organisator.ch\\\/#\\\/schema\\\/person\\\/6f650f90b2842cd4c0cc334b4e36f67e\",\"name\":\"thomas.berner\",\"image\":{\"@type\":\"ImageObject\",\"inLanguage\":\"de\",\"@id\":\"https:\\\/\\\/secure.gravatar.com\\\/avatar\\\/ac5001d2a36cb6c6cd3e50789007ffca834b477b74a2144564522e944eabff61?s=96&d=mm&r=g\",\"url\":\"https:\\\/\\\/secure.gravatar.com\\\/avatar\\\/ac5001d2a36cb6c6cd3e50789007ffca834b477b74a2144564522e944eabff61?s=96&d=mm&r=g\",\"contentUrl\":\"https:\\\/\\\/secure.gravatar.com\\\/avatar\\\/ac5001d2a36cb6c6cd3e50789007ffca834b477b74a2144564522e944eabff61?s=96&d=mm&r=g\",\"caption\":\"thomas.berner\"},\"url\":\"https:\\\/\\\/www.organisator.ch\\\/de\\\/author\\\/thomas-berner\\\/\"}]}<\/script>\n<!-- \/ Yoast SEO plugin. -->","yoast_head_json":{"title":"Topsoft wird auf 2021 verschoben - Hybrider Anlass am 2.\/3. September 2020 - Organisator","description":"Die Organisatoren haben entschieden, die f\u00fcr den 2.\/3. September 2020 vorgesehene Topsoft nicht durchzuf\u00fchren. Stattdessen ist ein hybrider Anlass geplant.","robots":{"index":"index","follow":"follow","max-snippet":"max-snippet:-1","max-image-preview":"max-image-preview:large","max-video-preview":"max-video-preview:-1"},"canonical":"https:\/\/www.organisator.ch\/de\/management\/it\/2020-06-16\/topsoft-wird-auf-2021-verschoben-hybrider-anlass-am-2-3-september-2020\/","og_locale":"de_DE","og_type":"article","og_title":"Topsoft wird auf 2021 verschoben - Hybrider Anlass am 2.\/3. September 2020","og_description":"Die Organisatoren haben entschieden, die f\u00fcr den 2.\/3. September 2020 vorgesehene Topsoft nicht durchzuf\u00fchren. Stattdessen ist ein hybrider Anlass geplant.","og_url":"https:\/\/www.organisator.ch\/de\/management\/it\/2020-06-16\/topsoft-wird-auf-2021-verschoben-hybrider-anlass-am-2-3-september-2020\/","og_site_name":"Organisator","article_publisher":"https:\/\/www.facebook.com\/OrganisatorFachmagazin","article_published_time":"2020-06-16T13:51:53+00:00","og_image":[{"width":680,"height":453,"url":"https:\/\/www.organisator.ch\/wp-content\/uploads\/2020\/06\/Topsoft-wird-auf-2021-verschoben-Hybrider-Anlass_Organisator.jpg","type":"image\/jpeg"}],"author":"thomas.berner","twitter_card":"summary_large_image","twitter_title":"#Topsoft wird auf 2021 verschoben - Hybrider Anlass am 2.\/3. September 2020","twitter_description":"Die Organisatoren haben entschieden, die f\u00fcr den 2.\/3. September 2020 vorgesehene #Topsoft nicht durchzuf\u00fchren. Stattdessen ist ein hybrider Anlass geplant.","twitter_image":"https:\/\/www.organisator.ch\/wp-content\/uploads\/2020\/06\/Topsoft-wird-auf-2021-verschoben-Hybrider-Anlass_Organisator.jpg","schema":{"@context":"https:\/\/schema.org","@graph":[{"@type":"Article","@id":"https:\/\/www.organisator.ch\/management\/it\/2020-06-16\/topsoft-wird-auf-2021-verschoben-hybrider-anlass-am-2-3-september-2020\/#article","isPartOf":{"@id":"https:\/\/www.organisator.ch\/management\/it\/2020-06-16\/topsoft-wird-auf-2021-verschoben-hybrider-anlass-am-2-3-september-2020\/"},"author":{"name":"thomas.berner","@id":"https:\/\/www.organisator.ch\/#\/schema\/person\/6f650f90b2842cd4c0cc334b4e36f67e"},"headline":"Topsoft wird auf 2021 verschoben &#8211; Hybrider Anlass am 2.\/3. September 2020","datePublished":"2020-06-16T13:51:53+00:00","mainEntityOfPage":{"@id":"https:\/\/www.organisator.ch\/management\/it\/2020-06-16\/topsoft-wird-auf-2021-verschoben-hybrider-anlass-am-2-3-september-2020\/"},"wordCount":290,"publisher":{"@id":"https:\/\/www.organisator.ch\/#organization"},"image":{"@id":"https:\/\/www.organisator.ch\/management\/it\/2020-06-16\/topsoft-wird-auf-2021-verschoben-hybrider-anlass-am-2-3-september-2020\/#primaryimage"},"thumbnailUrl":"https:\/\/www.organisator.ch\/wp-content\/uploads\/2020\/06\/Topsoft-wird-auf-2021-verschoben-Hybrider-Anlass_Organisator.jpg","keywords":["IT","IT &amp; Business Software","topsoft","Veranstaltungen"],"articleSection":["IT"],"inLanguage":"de"},{"@type":"WebPage","@id":"https:\/\/www.organisator.ch\/management\/it\/2020-06-16\/topsoft-wird-auf-2021-verschoben-hybrider-anlass-am-2-3-september-2020\/","url":"https:\/\/www.organisator.ch\/management\/it\/2020-06-16\/topsoft-wird-auf-2021-verschoben-hybrider-anlass-am-2-3-september-2020\/","name":"Topsoft wird auf 2021 verschoben - Hybrider Anlass am 2.\/3. September 2020 - Organisator","isPartOf":{"@id":"https:\/\/www.organisator.ch\/#website"},"primaryImageOfPage":{"@id":"https:\/\/www.organisator.ch\/management\/it\/2020-06-16\/topsoft-wird-auf-2021-verschoben-hybrider-anlass-am-2-3-september-2020\/#primaryimage"},"image":{"@id":"https:\/\/www.organisator.ch\/management\/it\/2020-06-16\/topsoft-wird-auf-2021-verschoben-hybrider-anlass-am-2-3-september-2020\/#primaryimage"},"thumbnailUrl":"https:\/\/www.organisator.ch\/wp-content\/uploads\/2020\/06\/Topsoft-wird-auf-2021-verschoben-Hybrider-Anlass_Organisator.jpg","datePublished":"2020-06-16T13:51:53+00:00","description":"Die Organisatoren haben entschieden, die f\u00fcr den 2.\/3. September 2020 vorgesehene Topsoft nicht durchzuf\u00fchren. Stattdessen ist ein hybrider Anlass geplant.","breadcrumb":{"@id":"https:\/\/www.organisator.ch\/management\/it\/2020-06-16\/topsoft-wird-auf-2021-verschoben-hybrider-anlass-am-2-3-september-2020\/#breadcrumb"},"inLanguage":"de","potentialAction":[{"@type":"ReadAction","target":["https:\/\/www.organisator.ch\/management\/it\/2020-06-16\/topsoft-wird-auf-2021-verschoben-hybrider-anlass-am-2-3-september-2020\/"]}]},{"@type":"ImageObject","inLanguage":"de","@id":"https:\/\/www.organisator.ch\/management\/it\/2020-06-16\/topsoft-wird-auf-2021-verschoben-hybrider-anlass-am-2-3-september-2020\/#primaryimage","url":"https:\/\/www.organisator.ch\/wp-content\/uploads\/2020\/06\/Topsoft-wird-auf-2021-verschoben-Hybrider-Anlass_Organisator.jpg","contentUrl":"https:\/\/www.organisator.ch\/wp-content\/uploads\/2020\/06\/Topsoft-wird-auf-2021-verschoben-Hybrider-Anlass_Organisator.jpg","width":680,"height":453,"caption":"Die Topsoft findet dieses Jahr nicht als Fachmesse, sondern als hybrider Anlass statt. (Bild: www.topsoft.ch)"},{"@type":"BreadcrumbList","@id":"https:\/\/www.organisator.ch\/management\/it\/2020-06-16\/topsoft-wird-auf-2021-verschoben-hybrider-anlass-am-2-3-september-2020\/#breadcrumb","itemListElement":[{"@type":"ListItem","position":1,"name":"Home","item":"https:\/\/www.organisator.ch\/"},{"@type":"ListItem","position":2,"name":"Topsoft wird auf 2021 verschoben &#8211; Hybrider Anlass am 2.\/3. September 2020"}]},{"@type":"WebSite","@id":"https:\/\/www.organisator.ch\/#website","url":"https:\/\/www.organisator.ch\/","name":"Organisator","description":"Kompetent. Praxisnah. Der ORGANISATOR bereitet in 10 Ausgaben pro Jahr die wesentlichen Themen f\u00fcr F\u00fchrungskr\u00e4fte von KMU auf.","publisher":{"@id":"https:\/\/www.organisator.ch\/#organization"},"potentialAction":[{"@type":"SearchAction","target":{"@type":"EntryPoint","urlTemplate":"https:\/\/www.organisator.ch\/?s={search_term_string}"},"query-input":{"@type":"PropertyValueSpecification","valueRequired":true,"valueName":"search_term_string"}}],"inLanguage":"de"},{"@type":"Organization","@id":"https:\/\/www.organisator.ch\/#organization","name":"Organisator","url":"https:\/\/www.organisator.ch\/","logo":{"@type":"ImageObject","inLanguage":"de","@id":"https:\/\/www.organisator.ch\/#\/schema\/logo\/image\/","url":"https:\/\/www.organisator.ch\/wp-content\/uploads\/2022\/01\/Logo_Organisator_Website.png","contentUrl":"https:\/\/www.organisator.ch\/wp-content\/uploads\/2022\/01\/Logo_Organisator_Website.png","width":800,"height":77,"caption":"Organisator"},"image":{"@id":"https:\/\/www.organisator.ch\/#\/schema\/logo\/image\/"},"sameAs":["https:\/\/www.facebook.com\/OrganisatorFachmagazin","https:\/\/www.linkedin.com\/showcase\/organisator-das-magazin-fr-kmu","https:\/\/www.xing.com\/news\/pages\/organisator-ch-695","https:\/\/www.youtube.com\/channel\/UCGP2Sq0iWaZwT3BdIAQFYpw"]},{"@type":"Person","@id":"https:\/\/www.organisator.ch\/#\/schema\/person\/6f650f90b2842cd4c0cc334b4e36f67e","name":"thomas.berner","image":{"@type":"ImageObject","inLanguage":"de","@id":"https:\/\/secure.gravatar.com\/avatar\/ac5001d2a36cb6c6cd3e50789007ffca834b477b74a2144564522e944eabff61?s=96&d=mm&r=g","url":"https:\/\/secure.gravatar.com\/avatar\/ac5001d2a36cb6c6cd3e50789007ffca834b477b74a2144564522e944eabff61?s=96&d=mm&r=g","contentUrl":"https:\/\/secure.gravatar.com\/avatar\/ac5001d2a36cb6c6cd3e50789007ffca834b477b74a2144564522e944eabff61?s=96&d=mm&r=g","caption":"thomas.berner"},"url":"https:\/\/www.organisator.ch\/de\/author\/thomas-berner\/"}]}},"_links":{"self":[{"href":"https:\/\/www.organisator.ch\/de\/wp-json\/wp\/v2\/posts\/6814","targetHints":{"allow":["GET"]}}],"collection":[{"href":"https:\/\/www.organisator.ch\/de\/wp-json\/wp\/v2\/posts"}],"about":[{"href":"https:\/\/www.organisator.ch\/de\/wp-json\/wp\/v2\/types\/post"}],"author":[{"embeddable":true,"href":"https:\/\/www.organisator.ch\/de\/wp-json\/wp\/v2\/users\/4"}],"replies":[{"embeddable":true,"href":"https:\/\/www.organisator.ch\/de\/wp-json\/wp\/v2\/comments?post=6814"}],"version-history":[{"count":0,"href":"https:\/\/www.organisator.ch\/de\/wp-json\/wp\/v2\/posts\/6814\/revisions"}],"wp:featuredmedia":[{"embeddable":true,"href":"https:\/\/www.organisator.ch\/de\/wp-json\/wp\/v2\/media\/6815"}],"wp:attachment":[{"href":"https:\/\/www.organisator.ch\/de\/wp-json\/wp\/v2\/media?parent=6814"}],"wp:term":[{"taxonomy":"category","embeddable":true,"href":"https:\/\/www.organisator.ch\/de\/wp-json\/wp\/v2\/categories?post=6814"},{"taxonomy":"post_tag","embeddable":true,"href":"https:\/\/www.organisator.ch\/de\/wp-json\/wp\/v2\/tags?post=6814"}],"curies":[{"name":"wp","href":"https:\/\/api.w.org\/{rel}","templated":true}]}}