{"id":6821,"date":"2020-06-17T11:12:47","date_gmt":"2020-06-17T09:12:47","guid":{"rendered":"https:\/\/www.organisator.ch\/?p=6821"},"modified":"2020-06-17T11:12:47","modified_gmt":"2020-06-17T09:12:47","slug":"freelancer-sehen-krisenende-erst-2021","status":"publish","type":"post","link":"https:\/\/www.organisator.ch\/de\/management\/2020-06-17\/freelancer-sehen-krisenende-erst-2021\/","title":{"rendered":"Freelancer sehen Krisenende erst 2021"},"content":{"rendered":"<p>Die immer noch kritische Lage unter Freelancern stabilisiert sich und zeigt im Juni leicht positive Tendenzen, so das freelancermap &#8222;<a href=\"https:\/\/www.freelancermap.de\/blog\/corona-studien\">Corona&#8220; Freelancer-Barometer<\/a>. Mit einem Ende der Krise rechnet die Mehrheit erst 2021 &#8211; frische Hoffnung macht aber u.a. das Neukundengesch\u00e4ft.<\/p>\n<h2><strong>Stabile Lage: Fast die H\u00e4lfte hat keine Existenz\u00e4ngste<\/strong><\/h2>\n<p>W\u00e4hrend im M\u00e4rz noch der Gro\u00dfteil der IT-Freelancer mit Existenz\u00e4ngsten zu k\u00e4mpfen hatte, weisen die Ergebnisse seit Beginn der Umfragen einen klaren Positivtrend nach. Fast die H\u00e4lfte aller Selbstst\u00e4ndigen f\u00fchlt sich mittlerweile nicht mehr in ihrer beruflichen Existenz bedroht, nur noch knapp ein Drittel ist besorgt ob der unsicheren Lage.<\/p>\n<figure id=\"attachment_6822\" aria-describedby=\"caption-attachment-6822\" style=\"width: 580px\" class=\"wp-caption alignnone\"><img loading=\"lazy\" decoding=\"async\" class=\"size-full wp-image-6822\" src=\"https:\/\/www.organisator.ch\/wp-content\/uploads\/2020\/06\/Freelancer-sehen-Krisenende-erst-2021_Grafik1_Organisator.jpg\" alt=\"\" width=\"580\" height=\"435\" srcset=\"https:\/\/www.organisator.ch\/wp-content\/uploads\/2020\/06\/Freelancer-sehen-Krisenende-erst-2021_Grafik1_Organisator.jpg 580w, https:\/\/www.organisator.ch\/wp-content\/uploads\/2020\/06\/Freelancer-sehen-Krisenende-erst-2021_Grafik1_Organisator-16x12.jpg 16w, https:\/\/www.organisator.ch\/wp-content\/uploads\/2020\/06\/Freelancer-sehen-Krisenende-erst-2021_Grafik1_Organisator-233x175.jpg 233w, https:\/\/www.organisator.ch\/wp-content\/uploads\/2020\/06\/Freelancer-sehen-Krisenende-erst-2021_Grafik1_Organisator-467x350.jpg 467w, https:\/\/www.organisator.ch\/wp-content\/uploads\/2020\/06\/Freelancer-sehen-Krisenende-erst-2021_Grafik1_Organisator-300x225.jpg 300w\" sizes=\"auto, (max-width: 580px) 100vw, 580px\" \/><figcaption id=\"caption-attachment-6822\" class=\"wp-caption-text\">Existenz\u00e4ngste der Freelancer sinken (Daten von M\u00e4rz bis Juni). Quelle freelancermap<\/figcaption><\/figure>\n<p>Leicht abgenommen jedoch hat die Zahl der Freelancer, die h\u00f6chstens noch sechs Monate \u00fcberbr\u00fccken k\u00f6nnen, bevor sie in finanzielle Schwierigkeiten geraten (Mai: 74 Prozent; Juni: 68 Prozent).<\/p>\n<figure id=\"attachment_6823\" aria-describedby=\"caption-attachment-6823\" style=\"width: 680px\" class=\"wp-caption alignnone\"><img loading=\"lazy\" decoding=\"async\" class=\"size-medium wp-image-6823\" src=\"https:\/\/www.organisator.ch\/wp-content\/uploads\/2020\/06\/Freelancer-sehen-Krisenende-erst-2021_Grafik2_Organisator.jpg\" alt=\"\" width=\"680\" height=\"510\" srcset=\"https:\/\/www.organisator.ch\/wp-content\/uploads\/2020\/06\/Freelancer-sehen-Krisenende-erst-2021_Grafik2_Organisator.jpg 680w, https:\/\/www.organisator.ch\/wp-content\/uploads\/2020\/06\/Freelancer-sehen-Krisenende-erst-2021_Grafik2_Organisator-16x12.jpg 16w, https:\/\/www.organisator.ch\/wp-content\/uploads\/2020\/06\/Freelancer-sehen-Krisenende-erst-2021_Grafik2_Organisator-233x175.jpg 233w, https:\/\/www.organisator.ch\/wp-content\/uploads\/2020\/06\/Freelancer-sehen-Krisenende-erst-2021_Grafik2_Organisator-467x350.jpg 467w, https:\/\/www.organisator.ch\/wp-content\/uploads\/2020\/06\/Freelancer-sehen-Krisenende-erst-2021_Grafik2_Organisator-300x225.jpg 300w\" sizes=\"auto, (max-width: 680px) 100vw, 680px\" \/><figcaption id=\"caption-attachment-6823\" class=\"wp-caption-text\">Jeder dritte Freelancer (33 Prozent) kommt noch sieben Monate oder l\u00e4nger mit seinen finanziellen Ressourcen aus (Daten Juni). Quelle freelancermap<\/figcaption><\/figure>\n<h2><strong>Jeder Zweite mit 50 Prozent des Normal-Umsatzes &#8211; Neukunden als Chance\u00a0<\/strong><\/h2>\n<p>Der Anteil derer, die derzeit noch mindestens die H\u00e4lfte ihres gewohnten Umsatzes erzielen, liegt bei 48 Prozent. F\u00fcr die Krisenzeit ein beachtlicher Wert, dennoch gibt mittlerweile jeder Vierte an, keine Einnahmen zu generieren.<\/p>\n<figure id=\"attachment_6824\" aria-describedby=\"caption-attachment-6824\" style=\"width: 680px\" class=\"wp-caption alignnone\"><img loading=\"lazy\" decoding=\"async\" class=\"size-medium wp-image-6824\" src=\"https:\/\/www.organisator.ch\/wp-content\/uploads\/2020\/06\/Freelancer-sehen-Krisenende-erst-2021_Grafik3_Organisator.jpg\" alt=\"\" width=\"680\" height=\"510\" srcset=\"https:\/\/www.organisator.ch\/wp-content\/uploads\/2020\/06\/Freelancer-sehen-Krisenende-erst-2021_Grafik3_Organisator.jpg 680w, https:\/\/www.organisator.ch\/wp-content\/uploads\/2020\/06\/Freelancer-sehen-Krisenende-erst-2021_Grafik3_Organisator-16x12.jpg 16w, https:\/\/www.organisator.ch\/wp-content\/uploads\/2020\/06\/Freelancer-sehen-Krisenende-erst-2021_Grafik3_Organisator-233x175.jpg 233w, https:\/\/www.organisator.ch\/wp-content\/uploads\/2020\/06\/Freelancer-sehen-Krisenende-erst-2021_Grafik3_Organisator-467x350.jpg 467w, https:\/\/www.organisator.ch\/wp-content\/uploads\/2020\/06\/Freelancer-sehen-Krisenende-erst-2021_Grafik3_Organisator-300x225.jpg 300w\" sizes=\"auto, (max-width: 680px) 100vw, 680px\" \/><figcaption id=\"caption-attachment-6824\" class=\"wp-caption-text\">Jeder f\u00fcnfte Freelancer kann derzeit keine Einnahmen vorweisen (Daten Juni). Quelle freelancermap<\/figcaption><\/figure>\n<p>Speziell jetzt sind Freelancer in der Pflicht aktiv Akquise zu betreiben, denn Zusammenarbeiten mit Bestandskunden sind in diesen Tagen selten ausreichend, um sich finanziell \u00fcber Wasser zu halten. Dass IT-Freelancer dieses Vorgehen umsetzen, zeigt sich daran, dass 52 Prozent der seit Krisenbeginn gewonnenen Auftr\u00e4ge auf bis dato neue Kunden zur\u00fcckfallen. Gleichzeitig belegt diese Zahl auch, dass Unternehmen trotz Krise nach freien Experten suchen.<\/p>\n<figure id=\"attachment_6825\" aria-describedby=\"caption-attachment-6825\" style=\"width: 680px\" class=\"wp-caption alignnone\"><img loading=\"lazy\" decoding=\"async\" class=\"size-medium wp-image-6825\" src=\"https:\/\/www.organisator.ch\/wp-content\/uploads\/2020\/06\/Freelancer-sehen-Krisenende-erst-2021_Grafik4_Organisator.jpg\" alt=\"\" width=\"680\" height=\"510\" srcset=\"https:\/\/www.organisator.ch\/wp-content\/uploads\/2020\/06\/Freelancer-sehen-Krisenende-erst-2021_Grafik4_Organisator.jpg 680w, https:\/\/www.organisator.ch\/wp-content\/uploads\/2020\/06\/Freelancer-sehen-Krisenende-erst-2021_Grafik4_Organisator-16x12.jpg 16w, https:\/\/www.organisator.ch\/wp-content\/uploads\/2020\/06\/Freelancer-sehen-Krisenende-erst-2021_Grafik4_Organisator-233x175.jpg 233w, https:\/\/www.organisator.ch\/wp-content\/uploads\/2020\/06\/Freelancer-sehen-Krisenende-erst-2021_Grafik4_Organisator-467x350.jpg 467w, https:\/\/www.organisator.ch\/wp-content\/uploads\/2020\/06\/Freelancer-sehen-Krisenende-erst-2021_Grafik4_Organisator-300x225.jpg 300w\" sizes=\"auto, (max-width: 680px) 100vw, 680px\" \/><figcaption id=\"caption-attachment-6825\" class=\"wp-caption-text\">Neue Projekte &#8211; neue Kunden: 52 Prozent der Projekte von Neukunden ausgeschrieben (Daten Juni). Quelle freelancermap<\/figcaption><\/figure>\n<h2><strong>Auch ohne zweite Welle: IT-Freelancer sehen Ende der Krise erst 2021<\/strong><\/h2>\n<p>W\u00e4hrend sich in fast allen Bereichen Lockerungen eingestellt haben, sind Freelancer noch vorsichtig mit eigenen Gesch\u00e4ftsprognosen. Die Wenigsten gehen von einer schnellen R\u00fcckkehr zum Normalzustand aus. Nur 17 Prozent planen bereits f\u00fcr September mit dem gewohnten Projektgesch\u00e4ft, die Mehrheit sieht das Ende der Krise erst ab Dezember. Tendenziell denken viele sogar, dass ihr Gesch\u00e4ft erst nach M\u00e4rz des kommenden Jahres wieder so gut wie vor der Krise laufen wird.<\/p>\n<figure id=\"attachment_6826\" aria-describedby=\"caption-attachment-6826\" style=\"width: 680px\" class=\"wp-caption alignnone\"><img loading=\"lazy\" decoding=\"async\" class=\"size-medium wp-image-6826\" src=\"https:\/\/www.organisator.ch\/wp-content\/uploads\/2020\/06\/Freelancer-sehen-Krisenende-erst-2021_Grafik5_Organisator.jpg\" alt=\"\" width=\"680\" height=\"510\" srcset=\"https:\/\/www.organisator.ch\/wp-content\/uploads\/2020\/06\/Freelancer-sehen-Krisenende-erst-2021_Grafik5_Organisator.jpg 680w, https:\/\/www.organisator.ch\/wp-content\/uploads\/2020\/06\/Freelancer-sehen-Krisenende-erst-2021_Grafik5_Organisator-16x12.jpg 16w, https:\/\/www.organisator.ch\/wp-content\/uploads\/2020\/06\/Freelancer-sehen-Krisenende-erst-2021_Grafik5_Organisator-233x175.jpg 233w, https:\/\/www.organisator.ch\/wp-content\/uploads\/2020\/06\/Freelancer-sehen-Krisenende-erst-2021_Grafik5_Organisator-467x350.jpg 467w, https:\/\/www.organisator.ch\/wp-content\/uploads\/2020\/06\/Freelancer-sehen-Krisenende-erst-2021_Grafik5_Organisator-300x225.jpg 300w\" sizes=\"auto, (max-width: 680px) 100vw, 680px\" \/><figcaption id=\"caption-attachment-6826\" class=\"wp-caption-text\">29 Prozent der IT-Freelancer vermuten die R\u00fcckkehr zum Normalzustand erst nach M\u00e4rz 2021 (Daten Juni). Quelle freelancermap<\/figcaption><\/figure>\n","protected":false},"excerpt":{"rendered":"<p>Die immer noch kritische Lage unter Freelancern stabilisiert sich und zeigt im Juni leicht positive Tendenzen, so das freelancermap &#8222;Corona&#8220; Freelancer-Barometer. Mit einem Ende der Krise rechnet die Mehrheit erst 2021 &#8211; frische Hoffnung macht aber u.a. das Neukundengesch\u00e4ft. Stabile Lage: Fast die H\u00e4lfte hat keine Existenz\u00e4ngste W\u00e4hrend im M\u00e4rz noch der Gro\u00dfteil der IT-Freelancer [&hellip;]<\/p>\n","protected":false},"author":4,"featured_media":6825,"comment_status":"closed","ping_status":"closed","sticky":false,"template":"","format":"standard","meta":{"_acf_changed":false,"_yoast_wpseo_focuskw":"Freelancer","_yoast_wpseo_metadesc":"Vom Corona-Lockdown besonders getroffen waren die Freischaffenden. Mittlerweile stabilisiert sich die Lage der Freelancer allerdings wieder etwas.","articlekey":"","footnotes":""},"categories":[28],"tags":[132,224,310,508],"class_list":["post-6821","post","type-post","status-publish","format-standard","has-post-thumbnail","hentry","category-management","tag-coronavirus","tag-freelancer","tag-konjunktur","tag-vermischtes"],"acf":[],"yoast_head":"<!-- This site is optimized with the Yoast SEO plugin v27.4 - https:\/\/yoast.com\/product\/yoast-seo-wordpress\/ -->\n<title>Freelancer sehen Krisenende erst 2021 - Organisator<\/title>\n<meta name=\"description\" content=\"Vom Corona-Lockdown besonders getroffen waren die Freischaffenden. Mittlerweile stabilisiert sich die Lage der Freelancer allerdings wieder etwas.\" \/>\n<meta name=\"robots\" content=\"index, follow, max-snippet:-1, max-image-preview:large, max-video-preview:-1\" \/>\n<link rel=\"canonical\" href=\"https:\/\/www.organisator.ch\/de\/management\/2020-06-17\/freelancer-sehen-krisenende-erst-2021\/\" \/>\n<meta property=\"og:locale\" content=\"de_DE\" \/>\n<meta property=\"og:type\" content=\"article\" \/>\n<meta property=\"og:title\" content=\"Freelancer sehen Krisenende erst 2021\" \/>\n<meta property=\"og:description\" content=\"Vom Corona-Lockdown besonders getroffen waren die Freischaffenden. Mittlerweile stabilisiert sich die Lage der Freelancer allerdings wieder etwas.\" \/>\n<meta property=\"og:url\" content=\"https:\/\/www.organisator.ch\/de\/management\/2020-06-17\/freelancer-sehen-krisenende-erst-2021\/\" \/>\n<meta property=\"og:site_name\" content=\"Organisator\" \/>\n<meta property=\"article:publisher\" content=\"https:\/\/www.facebook.com\/OrganisatorFachmagazin\" \/>\n<meta property=\"article:published_time\" content=\"2020-06-17T09:12:47+00:00\" \/>\n<meta property=\"og:image\" content=\"https:\/\/www.organisator.ch\/wp-content\/uploads\/2020\/06\/Freelancer-sehen-Krisenende-erst-2021_Grafik4_Organisator.jpg\" \/>\n\t<meta property=\"og:image:width\" content=\"680\" \/>\n\t<meta property=\"og:image:height\" content=\"510\" \/>\n\t<meta property=\"og:image:type\" content=\"image\/jpeg\" \/>\n<meta name=\"author\" content=\"thomas.berner\" \/>\n<meta name=\"twitter:card\" content=\"summary_large_image\" \/>\n<meta name=\"twitter:title\" content=\"#Freelancer sehen #Krisenende erst 2021\" \/>\n<meta name=\"twitter:description\" content=\"Vom #Corona-Lockdown besonders getroffen waren die #Freischaffenden. Mittlerweile stabilisiert sich die Lage der #Freelancer allerdings wieder etwas.\" \/>\n<meta name=\"twitter:image\" content=\"https:\/\/www.organisator.ch\/wp-content\/uploads\/2020\/06\/Freelancer-sehen-Krisenende-erst-2021_Grafik4_Organisator.jpg\" \/>\n<script type=\"application\/ld+json\" class=\"yoast-schema-graph\">{\"@context\":\"https:\\\/\\\/schema.org\",\"@graph\":[{\"@type\":\"Article\",\"@id\":\"https:\\\/\\\/www.organisator.ch\\\/management\\\/2020-06-17\\\/freelancer-sehen-krisenende-erst-2021\\\/#article\",\"isPartOf\":{\"@id\":\"https:\\\/\\\/www.organisator.ch\\\/management\\\/2020-06-17\\\/freelancer-sehen-krisenende-erst-2021\\\/\"},\"author\":{\"name\":\"thomas.berner\",\"@id\":\"https:\\\/\\\/www.organisator.ch\\\/#\\\/schema\\\/person\\\/6f650f90b2842cd4c0cc334b4e36f67e\"},\"headline\":\"Freelancer sehen Krisenende erst 2021\",\"datePublished\":\"2020-06-17T09:12:47+00:00\",\"mainEntityOfPage\":{\"@id\":\"https:\\\/\\\/www.organisator.ch\\\/management\\\/2020-06-17\\\/freelancer-sehen-krisenende-erst-2021\\\/\"},\"wordCount\":446,\"publisher\":{\"@id\":\"https:\\\/\\\/www.organisator.ch\\\/#organization\"},\"image\":{\"@id\":\"https:\\\/\\\/www.organisator.ch\\\/management\\\/2020-06-17\\\/freelancer-sehen-krisenende-erst-2021\\\/#primaryimage\"},\"thumbnailUrl\":\"https:\\\/\\\/www.organisator.ch\\\/wp-content\\\/uploads\\\/2020\\\/06\\\/Freelancer-sehen-Krisenende-erst-2021_Grafik4_Organisator.jpg\",\"keywords\":[\"Coronavirus\",\"Freelancer\",\"Konjunktur\",\"Vermischtes\"],\"articleSection\":[\"MANAGEMENT\"],\"inLanguage\":\"de\"},{\"@type\":\"WebPage\",\"@id\":\"https:\\\/\\\/www.organisator.ch\\\/management\\\/2020-06-17\\\/freelancer-sehen-krisenende-erst-2021\\\/\",\"url\":\"https:\\\/\\\/www.organisator.ch\\\/management\\\/2020-06-17\\\/freelancer-sehen-krisenende-erst-2021\\\/\",\"name\":\"Freelancer sehen Krisenende erst 2021 - Organisator\",\"isPartOf\":{\"@id\":\"https:\\\/\\\/www.organisator.ch\\\/#website\"},\"primaryImageOfPage\":{\"@id\":\"https:\\\/\\\/www.organisator.ch\\\/management\\\/2020-06-17\\\/freelancer-sehen-krisenende-erst-2021\\\/#primaryimage\"},\"image\":{\"@id\":\"https:\\\/\\\/www.organisator.ch\\\/management\\\/2020-06-17\\\/freelancer-sehen-krisenende-erst-2021\\\/#primaryimage\"},\"thumbnailUrl\":\"https:\\\/\\\/www.organisator.ch\\\/wp-content\\\/uploads\\\/2020\\\/06\\\/Freelancer-sehen-Krisenende-erst-2021_Grafik4_Organisator.jpg\",\"datePublished\":\"2020-06-17T09:12:47+00:00\",\"description\":\"Vom Corona-Lockdown besonders getroffen waren die Freischaffenden. Mittlerweile stabilisiert sich die Lage der Freelancer allerdings wieder etwas.\",\"breadcrumb\":{\"@id\":\"https:\\\/\\\/www.organisator.ch\\\/management\\\/2020-06-17\\\/freelancer-sehen-krisenende-erst-2021\\\/#breadcrumb\"},\"inLanguage\":\"de\",\"potentialAction\":[{\"@type\":\"ReadAction\",\"target\":[\"https:\\\/\\\/www.organisator.ch\\\/management\\\/2020-06-17\\\/freelancer-sehen-krisenende-erst-2021\\\/\"]}]},{\"@type\":\"ImageObject\",\"inLanguage\":\"de\",\"@id\":\"https:\\\/\\\/www.organisator.ch\\\/management\\\/2020-06-17\\\/freelancer-sehen-krisenende-erst-2021\\\/#primaryimage\",\"url\":\"https:\\\/\\\/www.organisator.ch\\\/wp-content\\\/uploads\\\/2020\\\/06\\\/Freelancer-sehen-Krisenende-erst-2021_Grafik4_Organisator.jpg\",\"contentUrl\":\"https:\\\/\\\/www.organisator.ch\\\/wp-content\\\/uploads\\\/2020\\\/06\\\/Freelancer-sehen-Krisenende-erst-2021_Grafik4_Organisator.jpg\",\"width\":680,\"height\":510,\"caption\":\"Neue Projekte - neue Kunden: 52 Prozent der Projekte von Neukunden ausgeschrieben (Daten Juni). Quelle freelancermap\"},{\"@type\":\"BreadcrumbList\",\"@id\":\"https:\\\/\\\/www.organisator.ch\\\/management\\\/2020-06-17\\\/freelancer-sehen-krisenende-erst-2021\\\/#breadcrumb\",\"itemListElement\":[{\"@type\":\"ListItem\",\"position\":1,\"name\":\"Home\",\"item\":\"https:\\\/\\\/www.organisator.ch\\\/\"},{\"@type\":\"ListItem\",\"position\":2,\"name\":\"Freelancer sehen Krisenende erst 2021\"}]},{\"@type\":\"WebSite\",\"@id\":\"https:\\\/\\\/www.organisator.ch\\\/#website\",\"url\":\"https:\\\/\\\/www.organisator.ch\\\/\",\"name\":\"Organisator\",\"description\":\"Kompetent. Praxisnah. Der ORGANISATOR bereitet in 10 Ausgaben pro Jahr die wesentlichen Themen f\u00fcr F\u00fchrungskr\u00e4fte von KMU auf.\",\"publisher\":{\"@id\":\"https:\\\/\\\/www.organisator.ch\\\/#organization\"},\"potentialAction\":[{\"@type\":\"SearchAction\",\"target\":{\"@type\":\"EntryPoint\",\"urlTemplate\":\"https:\\\/\\\/www.organisator.ch\\\/?s={search_term_string}\"},\"query-input\":{\"@type\":\"PropertyValueSpecification\",\"valueRequired\":true,\"valueName\":\"search_term_string\"}}],\"inLanguage\":\"de\"},{\"@type\":\"Organization\",\"@id\":\"https:\\\/\\\/www.organisator.ch\\\/#organization\",\"name\":\"Organisator\",\"url\":\"https:\\\/\\\/www.organisator.ch\\\/\",\"logo\":{\"@type\":\"ImageObject\",\"inLanguage\":\"de\",\"@id\":\"https:\\\/\\\/www.organisator.ch\\\/#\\\/schema\\\/logo\\\/image\\\/\",\"url\":\"https:\\\/\\\/www.organisator.ch\\\/wp-content\\\/uploads\\\/2022\\\/01\\\/Logo_Organisator_Website.png\",\"contentUrl\":\"https:\\\/\\\/www.organisator.ch\\\/wp-content\\\/uploads\\\/2022\\\/01\\\/Logo_Organisator_Website.png\",\"width\":800,\"height\":77,\"caption\":\"Organisator\"},\"image\":{\"@id\":\"https:\\\/\\\/www.organisator.ch\\\/#\\\/schema\\\/logo\\\/image\\\/\"},\"sameAs\":[\"https:\\\/\\\/www.facebook.com\\\/OrganisatorFachmagazin\",\"https:\\\/\\\/www.linkedin.com\\\/showcase\\\/organisator-das-magazin-fr-kmu\",\"https:\\\/\\\/www.xing.com\\\/news\\\/pages\\\/organisator-ch-695\",\"https:\\\/\\\/www.youtube.com\\\/channel\\\/UCGP2Sq0iWaZwT3BdIAQFYpw\"]},{\"@type\":\"Person\",\"@id\":\"https:\\\/\\\/www.organisator.ch\\\/#\\\/schema\\\/person\\\/6f650f90b2842cd4c0cc334b4e36f67e\",\"name\":\"thomas.berner\",\"image\":{\"@type\":\"ImageObject\",\"inLanguage\":\"de\",\"@id\":\"https:\\\/\\\/secure.gravatar.com\\\/avatar\\\/ac5001d2a36cb6c6cd3e50789007ffca834b477b74a2144564522e944eabff61?s=96&d=mm&r=g\",\"url\":\"https:\\\/\\\/secure.gravatar.com\\\/avatar\\\/ac5001d2a36cb6c6cd3e50789007ffca834b477b74a2144564522e944eabff61?s=96&d=mm&r=g\",\"contentUrl\":\"https:\\\/\\\/secure.gravatar.com\\\/avatar\\\/ac5001d2a36cb6c6cd3e50789007ffca834b477b74a2144564522e944eabff61?s=96&d=mm&r=g\",\"caption\":\"thomas.berner\"},\"url\":\"https:\\\/\\\/www.organisator.ch\\\/de\\\/author\\\/thomas-berner\\\/\"}]}<\/script>\n<!-- \/ Yoast SEO plugin. -->","yoast_head_json":{"title":"Freelancer sehen Krisenende erst 2021 - Organisator","description":"Vom Corona-Lockdown besonders getroffen waren die Freischaffenden. Mittlerweile stabilisiert sich die Lage der Freelancer allerdings wieder etwas.","robots":{"index":"index","follow":"follow","max-snippet":"max-snippet:-1","max-image-preview":"max-image-preview:large","max-video-preview":"max-video-preview:-1"},"canonical":"https:\/\/www.organisator.ch\/de\/management\/2020-06-17\/freelancer-sehen-krisenende-erst-2021\/","og_locale":"de_DE","og_type":"article","og_title":"Freelancer sehen Krisenende erst 2021","og_description":"Vom Corona-Lockdown besonders getroffen waren die Freischaffenden. Mittlerweile stabilisiert sich die Lage der Freelancer allerdings wieder etwas.","og_url":"https:\/\/www.organisator.ch\/de\/management\/2020-06-17\/freelancer-sehen-krisenende-erst-2021\/","og_site_name":"Organisator","article_publisher":"https:\/\/www.facebook.com\/OrganisatorFachmagazin","article_published_time":"2020-06-17T09:12:47+00:00","og_image":[{"width":680,"height":510,"url":"https:\/\/www.organisator.ch\/wp-content\/uploads\/2020\/06\/Freelancer-sehen-Krisenende-erst-2021_Grafik4_Organisator.jpg","type":"image\/jpeg"}],"author":"thomas.berner","twitter_card":"summary_large_image","twitter_title":"#Freelancer sehen #Krisenende erst 2021","twitter_description":"Vom #Corona-Lockdown besonders getroffen waren die #Freischaffenden. Mittlerweile stabilisiert sich die Lage der #Freelancer allerdings wieder etwas.","twitter_image":"https:\/\/www.organisator.ch\/wp-content\/uploads\/2020\/06\/Freelancer-sehen-Krisenende-erst-2021_Grafik4_Organisator.jpg","schema":{"@context":"https:\/\/schema.org","@graph":[{"@type":"Article","@id":"https:\/\/www.organisator.ch\/management\/2020-06-17\/freelancer-sehen-krisenende-erst-2021\/#article","isPartOf":{"@id":"https:\/\/www.organisator.ch\/management\/2020-06-17\/freelancer-sehen-krisenende-erst-2021\/"},"author":{"name":"thomas.berner","@id":"https:\/\/www.organisator.ch\/#\/schema\/person\/6f650f90b2842cd4c0cc334b4e36f67e"},"headline":"Freelancer sehen Krisenende erst 2021","datePublished":"2020-06-17T09:12:47+00:00","mainEntityOfPage":{"@id":"https:\/\/www.organisator.ch\/management\/2020-06-17\/freelancer-sehen-krisenende-erst-2021\/"},"wordCount":446,"publisher":{"@id":"https:\/\/www.organisator.ch\/#organization"},"image":{"@id":"https:\/\/www.organisator.ch\/management\/2020-06-17\/freelancer-sehen-krisenende-erst-2021\/#primaryimage"},"thumbnailUrl":"https:\/\/www.organisator.ch\/wp-content\/uploads\/2020\/06\/Freelancer-sehen-Krisenende-erst-2021_Grafik4_Organisator.jpg","keywords":["Coronavirus","Freelancer","Konjunktur","Vermischtes"],"articleSection":["MANAGEMENT"],"inLanguage":"de"},{"@type":"WebPage","@id":"https:\/\/www.organisator.ch\/management\/2020-06-17\/freelancer-sehen-krisenende-erst-2021\/","url":"https:\/\/www.organisator.ch\/management\/2020-06-17\/freelancer-sehen-krisenende-erst-2021\/","name":"Freelancer sehen Krisenende erst 2021 - Organisator","isPartOf":{"@id":"https:\/\/www.organisator.ch\/#website"},"primaryImageOfPage":{"@id":"https:\/\/www.organisator.ch\/management\/2020-06-17\/freelancer-sehen-krisenende-erst-2021\/#primaryimage"},"image":{"@id":"https:\/\/www.organisator.ch\/management\/2020-06-17\/freelancer-sehen-krisenende-erst-2021\/#primaryimage"},"thumbnailUrl":"https:\/\/www.organisator.ch\/wp-content\/uploads\/2020\/06\/Freelancer-sehen-Krisenende-erst-2021_Grafik4_Organisator.jpg","datePublished":"2020-06-17T09:12:47+00:00","description":"Vom Corona-Lockdown besonders getroffen waren die Freischaffenden. Mittlerweile stabilisiert sich die Lage der Freelancer allerdings wieder etwas.","breadcrumb":{"@id":"https:\/\/www.organisator.ch\/management\/2020-06-17\/freelancer-sehen-krisenende-erst-2021\/#breadcrumb"},"inLanguage":"de","potentialAction":[{"@type":"ReadAction","target":["https:\/\/www.organisator.ch\/management\/2020-06-17\/freelancer-sehen-krisenende-erst-2021\/"]}]},{"@type":"ImageObject","inLanguage":"de","@id":"https:\/\/www.organisator.ch\/management\/2020-06-17\/freelancer-sehen-krisenende-erst-2021\/#primaryimage","url":"https:\/\/www.organisator.ch\/wp-content\/uploads\/2020\/06\/Freelancer-sehen-Krisenende-erst-2021_Grafik4_Organisator.jpg","contentUrl":"https:\/\/www.organisator.ch\/wp-content\/uploads\/2020\/06\/Freelancer-sehen-Krisenende-erst-2021_Grafik4_Organisator.jpg","width":680,"height":510,"caption":"Neue Projekte - neue Kunden: 52 Prozent der Projekte von Neukunden ausgeschrieben (Daten Juni). Quelle freelancermap"},{"@type":"BreadcrumbList","@id":"https:\/\/www.organisator.ch\/management\/2020-06-17\/freelancer-sehen-krisenende-erst-2021\/#breadcrumb","itemListElement":[{"@type":"ListItem","position":1,"name":"Home","item":"https:\/\/www.organisator.ch\/"},{"@type":"ListItem","position":2,"name":"Freelancer sehen Krisenende erst 2021"}]},{"@type":"WebSite","@id":"https:\/\/www.organisator.ch\/#website","url":"https:\/\/www.organisator.ch\/","name":"Organisator","description":"Kompetent. Praxisnah. Der ORGANISATOR bereitet in 10 Ausgaben pro Jahr die wesentlichen Themen f\u00fcr F\u00fchrungskr\u00e4fte von KMU auf.","publisher":{"@id":"https:\/\/www.organisator.ch\/#organization"},"potentialAction":[{"@type":"SearchAction","target":{"@type":"EntryPoint","urlTemplate":"https:\/\/www.organisator.ch\/?s={search_term_string}"},"query-input":{"@type":"PropertyValueSpecification","valueRequired":true,"valueName":"search_term_string"}}],"inLanguage":"de"},{"@type":"Organization","@id":"https:\/\/www.organisator.ch\/#organization","name":"Organisator","url":"https:\/\/www.organisator.ch\/","logo":{"@type":"ImageObject","inLanguage":"de","@id":"https:\/\/www.organisator.ch\/#\/schema\/logo\/image\/","url":"https:\/\/www.organisator.ch\/wp-content\/uploads\/2022\/01\/Logo_Organisator_Website.png","contentUrl":"https:\/\/www.organisator.ch\/wp-content\/uploads\/2022\/01\/Logo_Organisator_Website.png","width":800,"height":77,"caption":"Organisator"},"image":{"@id":"https:\/\/www.organisator.ch\/#\/schema\/logo\/image\/"},"sameAs":["https:\/\/www.facebook.com\/OrganisatorFachmagazin","https:\/\/www.linkedin.com\/showcase\/organisator-das-magazin-fr-kmu","https:\/\/www.xing.com\/news\/pages\/organisator-ch-695","https:\/\/www.youtube.com\/channel\/UCGP2Sq0iWaZwT3BdIAQFYpw"]},{"@type":"Person","@id":"https:\/\/www.organisator.ch\/#\/schema\/person\/6f650f90b2842cd4c0cc334b4e36f67e","name":"thomas.berner","image":{"@type":"ImageObject","inLanguage":"de","@id":"https:\/\/secure.gravatar.com\/avatar\/ac5001d2a36cb6c6cd3e50789007ffca834b477b74a2144564522e944eabff61?s=96&d=mm&r=g","url":"https:\/\/secure.gravatar.com\/avatar\/ac5001d2a36cb6c6cd3e50789007ffca834b477b74a2144564522e944eabff61?s=96&d=mm&r=g","contentUrl":"https:\/\/secure.gravatar.com\/avatar\/ac5001d2a36cb6c6cd3e50789007ffca834b477b74a2144564522e944eabff61?s=96&d=mm&r=g","caption":"thomas.berner"},"url":"https:\/\/www.organisator.ch\/de\/author\/thomas-berner\/"}]}},"_links":{"self":[{"href":"https:\/\/www.organisator.ch\/de\/wp-json\/wp\/v2\/posts\/6821","targetHints":{"allow":["GET"]}}],"collection":[{"href":"https:\/\/www.organisator.ch\/de\/wp-json\/wp\/v2\/posts"}],"about":[{"href":"https:\/\/www.organisator.ch\/de\/wp-json\/wp\/v2\/types\/post"}],"author":[{"embeddable":true,"href":"https:\/\/www.organisator.ch\/de\/wp-json\/wp\/v2\/users\/4"}],"replies":[{"embeddable":true,"href":"https:\/\/www.organisator.ch\/de\/wp-json\/wp\/v2\/comments?post=6821"}],"version-history":[{"count":0,"href":"https:\/\/www.organisator.ch\/de\/wp-json\/wp\/v2\/posts\/6821\/revisions"}],"wp:featuredmedia":[{"embeddable":true,"href":"https:\/\/www.organisator.ch\/de\/wp-json\/wp\/v2\/media\/6825"}],"wp:attachment":[{"href":"https:\/\/www.organisator.ch\/de\/wp-json\/wp\/v2\/media?parent=6821"}],"wp:term":[{"taxonomy":"category","embeddable":true,"href":"https:\/\/www.organisator.ch\/de\/wp-json\/wp\/v2\/categories?post=6821"},{"taxonomy":"post_tag","embeddable":true,"href":"https:\/\/www.organisator.ch\/de\/wp-json\/wp\/v2\/tags?post=6821"}],"curies":[{"name":"wp","href":"https:\/\/api.w.org\/{rel}","templated":true}]}}