{"id":683,"date":"2016-10-11T14:39:28","date_gmt":"2016-10-11T12:39:28","guid":{"rendered":"http:\/\/dev.organisator.ch\/?p=683"},"modified":"2016-10-11T14:39:28","modified_gmt":"2016-10-11T12:39:28","slug":"fachkraeftemangel-die-sicht-eines-kmu-aus-oesterreich","status":"publish","type":"post","link":"https:\/\/www.organisator.ch\/de\/management\/2016-10-11\/fachkraeftemangel-die-sicht-eines-kmu-aus-oesterreich\/","title":{"rendered":"Fachkr\u00e4ftemangel: Die Sicht eines KMU aus \u00d6sterreich"},"content":{"rendered":"<figure id=\"attachment_684\" aria-describedby=\"caption-attachment-684\" style=\"width: 640px\" class=\"wp-caption alignnone\"><img loading=\"lazy\" decoding=\"async\" class=\"size-full wp-image-684\" src=\"https:\/\/www.organisator.ch\/wp-content\/uploads\/2016\/12\/Fachkraeftemangel-Die-Sicht-eines-KMU-aus-Oesterreich-organisator.jpg\" alt=\"\" width=\"640\" height=\"427\" srcset=\"https:\/\/www.organisator.ch\/wp-content\/uploads\/2016\/12\/Fachkraeftemangel-Die-Sicht-eines-KMU-aus-Oesterreich-organisator.jpg 640w, https:\/\/www.organisator.ch\/wp-content\/uploads\/2016\/12\/Fachkraeftemangel-Die-Sicht-eines-KMU-aus-Oesterreich-organisator-16x12.jpg 16w, https:\/\/www.organisator.ch\/wp-content\/uploads\/2016\/12\/Fachkraeftemangel-Die-Sicht-eines-KMU-aus-Oesterreich-organisator-262x175.jpg 262w, https:\/\/www.organisator.ch\/wp-content\/uploads\/2016\/12\/Fachkraeftemangel-Die-Sicht-eines-KMU-aus-Oesterreich-organisator-525x350.jpg 525w, https:\/\/www.organisator.ch\/wp-content\/uploads\/2016\/12\/Fachkraeftemangel-Die-Sicht-eines-KMU-aus-Oesterreich-organisator-300x200.jpg 300w\" sizes=\"auto, (max-width: 640px) 100vw, 640px\" \/><figcaption id=\"caption-attachment-684\" class=\"wp-caption-text\">J\u00fcrgen Rainalter, Gesch\u00e4ftsf\u00fchrer von Getzner Werkstoffe GmbH.<\/figcaption><\/figure>\n<p><em>Wie \u00e4ussert sich der Fachkr\u00e4ftemangel in \u00d6sterreich?<\/em><\/p>\n<p><strong>J\u00fcrgen Rainalter:<\/strong> Generell nimmt Anzahl der Lehrlinge in \u00d6sterreich ab, d.h. die sehr wertvolle duale Basisausbildung nimmt ab, da von Seiten der Jugendlichen das Interesse sinkt. Umso massiver m\u00fcssen die Unternehmen in die Ausbildung der Mitarbeiter investieren. \u201eFertig ausgebildete\u201c Fachexperten mit Getzner Werkstoffe Know-how gab es auch bislang nicht auf dem Arbeitsmarkt, daher war und ist der interne Ausbildungsaufwand schon immer sehr hoch.<\/p>\n<p><em>Welche regionalen Unterschiede gibt es, etwa bezogen auf die Situation in Vorarlberg und andere Grenzregionen?<\/em><\/p>\n<p>Ein Punkt ist bekannt: B\u00fcrs als Sitz des HQ ist als Ort eher unbekannt und f\u00fcr Nicht-Sportler auf den ersten Blick eher nicht so attraktiv wie eine Gro\u00dfstadt (Wien, M\u00fcnchen, Innsbruck). Hier haben die gr\u00f6\u00dferen St\u00e4dte im Osten \u00d6sterreichs einen gewissen Vorteil. Deshalb sind Marketing und Bekanntmachung von m\u00f6glichen Freizeit- und Lebensgestaltungsm\u00f6glichkeiten erforderlich. Die\u00a0Vorteile eines Standortes in Vorarlberg: Vorarlberger sind tendenziell nicht sehr mobil, aber sehr unternehmenstreu. Berge, Bodensee, Sicherheit stellen f\u00fcr ausl\u00e4ndische Fachkr\u00e4fte den gr\u00f6\u00dften Anreiz dar.<\/p>\n<p><em>Was tut Ihr Unternehmen konkret, um an Fachkr\u00e4fte zu kommen?<\/em><\/p>\n<p>Wir setzen auf Lehrlingsausbildung in 4 Lehrberufen (Chemielabortechnik, Metalltechnik, IT, kaufm\u00e4nnisch) mit einem Rotationssystem in verwandten Bereichen f\u00fcr eine\u00a0m\u00f6glichst breite Einsetzbarkeit nach Abschluss der Lehre mit der Zielsetzung, alle Lehrlinge zu \u00fcbernehmen. Ferner besteht ein Trainee-Programm mit\u00a0Fokus Marketing, Vertrieb, Produktmanagement oder aktuell Verfahrenstechnik mit einem 12-18 monatigen Rotationsprogramm im gesamten Unternehmen. Insgesamt bieten wir aufwendige, hervorragende interne Weiterentwicklungsm\u00f6glichkeiten (horizontal, vertikal),\u00a0worin ein umfassendes Know-how und\u00a0gutes Netzwerk aufgebaut wird. Es bestehen Qualifizierungsprogramme vor allem in der Produktion von Maschinenf\u00fchrern zu Gruppenleitern\/Schichtleitern mit internen Schulungen (Arbeitsrecht, Qualit\u00e4t, Sicherheit, etc.) und externen Schulungen (F\u00fchrungskompetenz).<\/p>\n<p>Das Recruiting erfolgt\u00a0in regionalen Medien, \u00fcberregionalen Jobportalen, oder\u00a0Bewerber bringen neue Bewerber (Studien-\/Arbeitskollegen). Social Media und die Mundpropaganda (langj\u00e4hrige Stabilit\u00e4t des Unternehmenswachstums, guter Umgang mit MA, viele Verg\u00fcnstigungen, Entwicklungsm\u00f6glichkeiten horizontal\/vertikal, hohes Weiterbildungsbudget, etc) sind wichtige Faktoren. Des Weiteren verf\u00fcgen wir \u00fcber sehr gute Kontakte zu einschl\u00e4gigen technischen Universit\u00e4ten (M\u00fcnchen, Innsbruck, Graz) inkl. Vortragst\u00e4tigkeiten. Wir wollen Getzner Werkstoffe als potenziellen Arbeitgeber bekannt machen und Studenten als k\u00fcnftige Mitarbeiter ansprechen. In diesem Zusammenhang setzen wir auch auf\u00a0Pr\u00e4senz bei regionalen Jobmessen (FH Dornbirn) oder Tagen der offenen T\u00fcr (HTL) oder Lehrlingsb\u00f6rsen.<\/p>\n<p>Viel Engagement betreiben wir\u00a0f\u00fcr die Bindung von qualifizierten MA, daher haben wir eine sehr geringe Fluktuation, d.h.\u00a0Know-how bleibt im Unternehmen. Es werden horizontale als auch vertikale Karrierem\u00f6glichkeiten geboten. Unkomplizierte, individuelle, zeitlich befristete L\u00f6sungen wie Home office, reduzierte Arbeitszeit u.\u00e4. bei Bedarf (Pflegesituationen, Hausbau, Studium etc.) sind weitere Elemente f\u00fcr attraktive Arbeitsbedingungen.<\/p>\n<p>Und nicht zuletzt das Wissensmanagement: Eine strukturierte Sammlung und Weitergabe von Fachwissen sind wichtig sowie der Aufbau einer Getzner Akademie f\u00fcr interne als auch externe Schulungen.<\/p>\n<p><em>Wo orten Sie seitens des Bildungssystems Nachholbedarf, um den Fachkr\u00e4ftebedarf besser abdecken zu k\u00f6nnen?<\/em><\/p>\n<p>Die Grundqualifikationen von Schulabg\u00e4ngern werden schw\u00e4cher (sinnerfassendes Lesen\/Schreiben, Mathematik, naturwissenschaftliche F\u00e4cher), das verhindert manchmal die Anstellung oder erschwert ihre weitere Ausbildung. Eine praxisnahe Ausbildung, durch die Verkn\u00fcpfung des Schulwesens mit der Industrie w\u00e4re zielf\u00fchrend.<\/p>\n<p><strong>31. internationales Europa Forum Luzern<\/strong><\/p>\n<p>Thema: Spannungsfeld Arbeitsmarkt &amp; Zuwanderung. Strategien f\u00fcr Wirtschaft und Politik<\/p>\n<p>14. November 2016 | KKL Luzern<\/p>\n<p>Wirtschaftssymposium 13.00 bis 17.30 Uhr<\/p>\n<p>CHF 550.00 &#8211; inkl. Imbiss und Netzwerk-Ap\u00e9ro<\/p>\n<p>\u00f6ffentliche Veranstaltung 18.45 bis 20.30 Uhr<\/p>\n<p>Eintritt frei, Anmeldung erforderlich<\/p>\n<p>Information und Anmeldung: <a href=\"http:\/\/www.europaforum.ch\" data-cke-saved-href=\"http:\/\/www.europaforum.ch\">www.europaforum.ch<\/a><\/p>\n","protected":false},"excerpt":{"rendered":"<p>Wie \u00e4ussert sich der Fachkr\u00e4ftemangel in \u00d6sterreich? J\u00fcrgen Rainalter: Generell nimmt Anzahl der Lehrlinge in \u00d6sterreich ab, d.h. die sehr wertvolle duale Basisausbildung nimmt ab, da von Seiten der Jugendlichen das Interesse sinkt. Umso massiver m\u00fcssen die Unternehmen in die Ausbildung der Mitarbeiter investieren. \u201eFertig ausgebildete\u201c Fachexperten mit Getzner Werkstoffe Know-how gab es auch bislang [&hellip;]<\/p>\n","protected":false},"author":1,"featured_media":684,"comment_status":"open","ping_status":"open","sticky":false,"template":"","format":"standard","meta":{"_acf_changed":false,"_yoast_wpseo_focuskw":"Fachkr\u00e4ftemangel","_yoast_wpseo_metadesc":"Fachkr\u00e4ftemangel ist l\u00e4ngst nicht nur in der Schweiz ein Thema. Auch in \u00d6sterreich haben KMU M\u00fche, gut ausgebildetes Personal zu finden.","articlekey":"","footnotes":""},"categories":[28],"tags":[335],"class_list":["post-683","post","type-post","status-publish","format-standard","has-post-thumbnail","hentry","category-management","tag-management-und-unternehmensfuehrung"],"acf":[],"yoast_head":"<!-- This site is optimized with the Yoast SEO plugin v27.5 - https:\/\/yoast.com\/product\/yoast-seo-wordpress\/ -->\n<title>Fachkr\u00e4ftemangel: Die Sicht eines KMU aus \u00d6sterreich - Organisator<\/title>\n<meta name=\"description\" content=\"Fachkr\u00e4ftemangel ist l\u00e4ngst nicht nur in der Schweiz ein Thema. Auch in \u00d6sterreich haben KMU M\u00fche, gut ausgebildetes Personal zu finden.\" \/>\n<meta name=\"robots\" content=\"index, follow, max-snippet:-1, max-image-preview:large, max-video-preview:-1\" \/>\n<link rel=\"canonical\" href=\"https:\/\/www.organisator.ch\/de\/management\/2016-10-11\/fachkraeftemangel-die-sicht-eines-kmu-aus-oesterreich\/\" \/>\n<meta property=\"og:locale\" content=\"de_DE\" \/>\n<meta property=\"og:type\" content=\"article\" \/>\n<meta property=\"og:title\" content=\"Fachkr\u00e4ftemangel: Die Sicht eines KMU aus \u00d6sterreich\" \/>\n<meta property=\"og:description\" content=\"Fachkr\u00e4ftemangel ist l\u00e4ngst nicht nur in der Schweiz ein Thema. Auch in \u00d6sterreich haben KMU M\u00fche, gut ausgebildetes Personal zu finden. Wir sprachen dar\u00fcber mit J\u00fcrgen Rainalter, Gesch\u00e4ftsf\u00fchrer von Getzner Werkstoffe in B\u00fcrs (\u00d6sterreich).\" \/>\n<meta property=\"og:url\" content=\"https:\/\/www.organisator.ch\/de\/management\/2016-10-11\/fachkraeftemangel-die-sicht-eines-kmu-aus-oesterreich\/\" \/>\n<meta property=\"og:site_name\" content=\"Organisator\" \/>\n<meta property=\"article:publisher\" content=\"https:\/\/www.facebook.com\/OrganisatorFachmagazin\" \/>\n<meta property=\"article:published_time\" content=\"2016-10-11T12:39:28+00:00\" \/>\n<meta name=\"author\" content=\"admin\" \/>\n<meta name=\"twitter:card\" content=\"summary_large_image\" \/>\n<meta name=\"twitter:image\" content=\"https:\/\/www.organisator.ch\/wp-content\/uploads\/2016\/12\/Fachkraeftemangel-Die-Sicht-eines-KMU-aus-Oesterreich-organisator.jpg\" \/>\n<script type=\"application\/ld+json\" class=\"yoast-schema-graph\">{\"@context\":\"https:\\\/\\\/schema.org\",\"@graph\":[{\"@type\":\"Article\",\"@id\":\"https:\\\/\\\/www.organisator.ch\\\/management\\\/2016-10-11\\\/fachkraeftemangel-die-sicht-eines-kmu-aus-oesterreich\\\/#article\",\"isPartOf\":{\"@id\":\"https:\\\/\\\/www.organisator.ch\\\/management\\\/2016-10-11\\\/fachkraeftemangel-die-sicht-eines-kmu-aus-oesterreich\\\/\"},\"author\":{\"name\":\"admin\",\"@id\":\"https:\\\/\\\/www.organisator.ch\\\/#\\\/schema\\\/person\\\/aa2bace6c5c5aad60102004a50c4eb1c\"},\"headline\":\"Fachkr\u00e4ftemangel: Die Sicht eines KMU aus \u00d6sterreich\",\"datePublished\":\"2016-10-11T12:39:28+00:00\",\"mainEntityOfPage\":{\"@id\":\"https:\\\/\\\/www.organisator.ch\\\/management\\\/2016-10-11\\\/fachkraeftemangel-die-sicht-eines-kmu-aus-oesterreich\\\/\"},\"wordCount\":606,\"commentCount\":0,\"publisher\":{\"@id\":\"https:\\\/\\\/www.organisator.ch\\\/#organization\"},\"image\":{\"@id\":\"https:\\\/\\\/www.organisator.ch\\\/management\\\/2016-10-11\\\/fachkraeftemangel-die-sicht-eines-kmu-aus-oesterreich\\\/#primaryimage\"},\"thumbnailUrl\":\"https:\\\/\\\/www.organisator.ch\\\/wp-content\\\/uploads\\\/2016\\\/12\\\/Fachkraeftemangel-Die-Sicht-eines-KMU-aus-Oesterreich-organisator.jpg\",\"keywords\":[\"Management und Unternehmensf\u00fchrung\"],\"articleSection\":[\"MANAGEMENT\"],\"inLanguage\":\"de\"},{\"@type\":\"WebPage\",\"@id\":\"https:\\\/\\\/www.organisator.ch\\\/management\\\/2016-10-11\\\/fachkraeftemangel-die-sicht-eines-kmu-aus-oesterreich\\\/\",\"url\":\"https:\\\/\\\/www.organisator.ch\\\/management\\\/2016-10-11\\\/fachkraeftemangel-die-sicht-eines-kmu-aus-oesterreich\\\/\",\"name\":\"Fachkr\u00e4ftemangel: Die Sicht eines KMU aus \u00d6sterreich - Organisator\",\"isPartOf\":{\"@id\":\"https:\\\/\\\/www.organisator.ch\\\/#website\"},\"primaryImageOfPage\":{\"@id\":\"https:\\\/\\\/www.organisator.ch\\\/management\\\/2016-10-11\\\/fachkraeftemangel-die-sicht-eines-kmu-aus-oesterreich\\\/#primaryimage\"},\"image\":{\"@id\":\"https:\\\/\\\/www.organisator.ch\\\/management\\\/2016-10-11\\\/fachkraeftemangel-die-sicht-eines-kmu-aus-oesterreich\\\/#primaryimage\"},\"thumbnailUrl\":\"https:\\\/\\\/www.organisator.ch\\\/wp-content\\\/uploads\\\/2016\\\/12\\\/Fachkraeftemangel-Die-Sicht-eines-KMU-aus-Oesterreich-organisator.jpg\",\"datePublished\":\"2016-10-11T12:39:28+00:00\",\"description\":\"Fachkr\u00e4ftemangel ist l\u00e4ngst nicht nur in der Schweiz ein Thema. Auch in \u00d6sterreich haben KMU M\u00fche, gut ausgebildetes Personal zu finden.\",\"breadcrumb\":{\"@id\":\"https:\\\/\\\/www.organisator.ch\\\/management\\\/2016-10-11\\\/fachkraeftemangel-die-sicht-eines-kmu-aus-oesterreich\\\/#breadcrumb\"},\"inLanguage\":\"de\",\"potentialAction\":[{\"@type\":\"ReadAction\",\"target\":[\"https:\\\/\\\/www.organisator.ch\\\/management\\\/2016-10-11\\\/fachkraeftemangel-die-sicht-eines-kmu-aus-oesterreich\\\/\"]}]},{\"@type\":\"ImageObject\",\"inLanguage\":\"de\",\"@id\":\"https:\\\/\\\/www.organisator.ch\\\/management\\\/2016-10-11\\\/fachkraeftemangel-die-sicht-eines-kmu-aus-oesterreich\\\/#primaryimage\",\"url\":\"https:\\\/\\\/www.organisator.ch\\\/wp-content\\\/uploads\\\/2016\\\/12\\\/Fachkraeftemangel-Die-Sicht-eines-KMU-aus-Oesterreich-organisator.jpg\",\"contentUrl\":\"https:\\\/\\\/www.organisator.ch\\\/wp-content\\\/uploads\\\/2016\\\/12\\\/Fachkraeftemangel-Die-Sicht-eines-KMU-aus-Oesterreich-organisator.jpg\",\"width\":640,\"height\":427,\"caption\":\"J\u00fcrgen Rainalter, Gesch\u00e4ftsf\u00fchrer von Getzner Werkstoffe GmbH.\"},{\"@type\":\"BreadcrumbList\",\"@id\":\"https:\\\/\\\/www.organisator.ch\\\/management\\\/2016-10-11\\\/fachkraeftemangel-die-sicht-eines-kmu-aus-oesterreich\\\/#breadcrumb\",\"itemListElement\":[{\"@type\":\"ListItem\",\"position\":1,\"name\":\"Home\",\"item\":\"https:\\\/\\\/www.organisator.ch\\\/\"},{\"@type\":\"ListItem\",\"position\":2,\"name\":\"Fachkr\u00e4ftemangel: Die Sicht eines KMU aus \u00d6sterreich\"}]},{\"@type\":\"WebSite\",\"@id\":\"https:\\\/\\\/www.organisator.ch\\\/#website\",\"url\":\"https:\\\/\\\/www.organisator.ch\\\/\",\"name\":\"Organisator\",\"description\":\"Kompetent. Praxisnah. Der ORGANISATOR bereitet in 10 Ausgaben pro Jahr die wesentlichen Themen f\u00fcr F\u00fchrungskr\u00e4fte von KMU auf.\",\"publisher\":{\"@id\":\"https:\\\/\\\/www.organisator.ch\\\/#organization\"},\"potentialAction\":[{\"@type\":\"SearchAction\",\"target\":{\"@type\":\"EntryPoint\",\"urlTemplate\":\"https:\\\/\\\/www.organisator.ch\\\/?s={search_term_string}\"},\"query-input\":{\"@type\":\"PropertyValueSpecification\",\"valueRequired\":true,\"valueName\":\"search_term_string\"}}],\"inLanguage\":\"de\"},{\"@type\":\"Organization\",\"@id\":\"https:\\\/\\\/www.organisator.ch\\\/#organization\",\"name\":\"Organisator\",\"url\":\"https:\\\/\\\/www.organisator.ch\\\/\",\"logo\":{\"@type\":\"ImageObject\",\"inLanguage\":\"de\",\"@id\":\"https:\\\/\\\/www.organisator.ch\\\/#\\\/schema\\\/logo\\\/image\\\/\",\"url\":\"https:\\\/\\\/www.organisator.ch\\\/wp-content\\\/uploads\\\/2022\\\/01\\\/Logo_Organisator_Website.png\",\"contentUrl\":\"https:\\\/\\\/www.organisator.ch\\\/wp-content\\\/uploads\\\/2022\\\/01\\\/Logo_Organisator_Website.png\",\"width\":800,\"height\":77,\"caption\":\"Organisator\"},\"image\":{\"@id\":\"https:\\\/\\\/www.organisator.ch\\\/#\\\/schema\\\/logo\\\/image\\\/\"},\"sameAs\":[\"https:\\\/\\\/www.facebook.com\\\/OrganisatorFachmagazin\",\"https:\\\/\\\/www.linkedin.com\\\/showcase\\\/organisator-das-magazin-fr-kmu\",\"https:\\\/\\\/www.xing.com\\\/news\\\/pages\\\/organisator-ch-695\",\"https:\\\/\\\/www.youtube.com\\\/channel\\\/UCGP2Sq0iWaZwT3BdIAQFYpw\"]},{\"@type\":\"Person\",\"@id\":\"https:\\\/\\\/www.organisator.ch\\\/#\\\/schema\\\/person\\\/aa2bace6c5c5aad60102004a50c4eb1c\",\"name\":\"admin\",\"image\":{\"@type\":\"ImageObject\",\"inLanguage\":\"de\",\"@id\":\"https:\\\/\\\/secure.gravatar.com\\\/avatar\\\/ae2f4d718e6c49043e314ce431e7e645d646302a24a5ef5a8bc8e3f5a032e319?s=96&d=mm&r=g\",\"url\":\"https:\\\/\\\/secure.gravatar.com\\\/avatar\\\/ae2f4d718e6c49043e314ce431e7e645d646302a24a5ef5a8bc8e3f5a032e319?s=96&d=mm&r=g\",\"contentUrl\":\"https:\\\/\\\/secure.gravatar.com\\\/avatar\\\/ae2f4d718e6c49043e314ce431e7e645d646302a24a5ef5a8bc8e3f5a032e319?s=96&d=mm&r=g\",\"caption\":\"admin\"},\"sameAs\":[\"https:\\\/\\\/www.organisator.ch\"],\"url\":\"https:\\\/\\\/www.organisator.ch\\\/de\\\/author\\\/admin\\\/\"}]}<\/script>\n<!-- \/ Yoast SEO plugin. -->","yoast_head_json":{"title":"Fachkr\u00e4ftemangel: Die Sicht eines KMU aus \u00d6sterreich - Organisator","description":"Fachkr\u00e4ftemangel ist l\u00e4ngst nicht nur in der Schweiz ein Thema. Auch in \u00d6sterreich haben KMU M\u00fche, gut ausgebildetes Personal zu finden.","robots":{"index":"index","follow":"follow","max-snippet":"max-snippet:-1","max-image-preview":"max-image-preview:large","max-video-preview":"max-video-preview:-1"},"canonical":"https:\/\/www.organisator.ch\/de\/management\/2016-10-11\/fachkraeftemangel-die-sicht-eines-kmu-aus-oesterreich\/","og_locale":"de_DE","og_type":"article","og_title":"Fachkr\u00e4ftemangel: Die Sicht eines KMU aus \u00d6sterreich","og_description":"Fachkr\u00e4ftemangel ist l\u00e4ngst nicht nur in der Schweiz ein Thema. Auch in \u00d6sterreich haben KMU M\u00fche, gut ausgebildetes Personal zu finden. Wir sprachen dar\u00fcber mit J\u00fcrgen Rainalter, Gesch\u00e4ftsf\u00fchrer von Getzner Werkstoffe in B\u00fcrs (\u00d6sterreich).","og_url":"https:\/\/www.organisator.ch\/de\/management\/2016-10-11\/fachkraeftemangel-die-sicht-eines-kmu-aus-oesterreich\/","og_site_name":"Organisator","article_publisher":"https:\/\/www.facebook.com\/OrganisatorFachmagazin","article_published_time":"2016-10-11T12:39:28+00:00","author":"admin","twitter_card":"summary_large_image","twitter_image":"https:\/\/www.organisator.ch\/wp-content\/uploads\/2016\/12\/Fachkraeftemangel-Die-Sicht-eines-KMU-aus-Oesterreich-organisator.jpg","schema":{"@context":"https:\/\/schema.org","@graph":[{"@type":"Article","@id":"https:\/\/www.organisator.ch\/management\/2016-10-11\/fachkraeftemangel-die-sicht-eines-kmu-aus-oesterreich\/#article","isPartOf":{"@id":"https:\/\/www.organisator.ch\/management\/2016-10-11\/fachkraeftemangel-die-sicht-eines-kmu-aus-oesterreich\/"},"author":{"name":"admin","@id":"https:\/\/www.organisator.ch\/#\/schema\/person\/aa2bace6c5c5aad60102004a50c4eb1c"},"headline":"Fachkr\u00e4ftemangel: Die Sicht eines KMU aus \u00d6sterreich","datePublished":"2016-10-11T12:39:28+00:00","mainEntityOfPage":{"@id":"https:\/\/www.organisator.ch\/management\/2016-10-11\/fachkraeftemangel-die-sicht-eines-kmu-aus-oesterreich\/"},"wordCount":606,"commentCount":0,"publisher":{"@id":"https:\/\/www.organisator.ch\/#organization"},"image":{"@id":"https:\/\/www.organisator.ch\/management\/2016-10-11\/fachkraeftemangel-die-sicht-eines-kmu-aus-oesterreich\/#primaryimage"},"thumbnailUrl":"https:\/\/www.organisator.ch\/wp-content\/uploads\/2016\/12\/Fachkraeftemangel-Die-Sicht-eines-KMU-aus-Oesterreich-organisator.jpg","keywords":["Management und Unternehmensf\u00fchrung"],"articleSection":["MANAGEMENT"],"inLanguage":"de"},{"@type":"WebPage","@id":"https:\/\/www.organisator.ch\/management\/2016-10-11\/fachkraeftemangel-die-sicht-eines-kmu-aus-oesterreich\/","url":"https:\/\/www.organisator.ch\/management\/2016-10-11\/fachkraeftemangel-die-sicht-eines-kmu-aus-oesterreich\/","name":"Fachkr\u00e4ftemangel: Die Sicht eines KMU aus \u00d6sterreich - Organisator","isPartOf":{"@id":"https:\/\/www.organisator.ch\/#website"},"primaryImageOfPage":{"@id":"https:\/\/www.organisator.ch\/management\/2016-10-11\/fachkraeftemangel-die-sicht-eines-kmu-aus-oesterreich\/#primaryimage"},"image":{"@id":"https:\/\/www.organisator.ch\/management\/2016-10-11\/fachkraeftemangel-die-sicht-eines-kmu-aus-oesterreich\/#primaryimage"},"thumbnailUrl":"https:\/\/www.organisator.ch\/wp-content\/uploads\/2016\/12\/Fachkraeftemangel-Die-Sicht-eines-KMU-aus-Oesterreich-organisator.jpg","datePublished":"2016-10-11T12:39:28+00:00","description":"Fachkr\u00e4ftemangel ist l\u00e4ngst nicht nur in der Schweiz ein Thema. Auch in \u00d6sterreich haben KMU M\u00fche, gut ausgebildetes Personal zu finden.","breadcrumb":{"@id":"https:\/\/www.organisator.ch\/management\/2016-10-11\/fachkraeftemangel-die-sicht-eines-kmu-aus-oesterreich\/#breadcrumb"},"inLanguage":"de","potentialAction":[{"@type":"ReadAction","target":["https:\/\/www.organisator.ch\/management\/2016-10-11\/fachkraeftemangel-die-sicht-eines-kmu-aus-oesterreich\/"]}]},{"@type":"ImageObject","inLanguage":"de","@id":"https:\/\/www.organisator.ch\/management\/2016-10-11\/fachkraeftemangel-die-sicht-eines-kmu-aus-oesterreich\/#primaryimage","url":"https:\/\/www.organisator.ch\/wp-content\/uploads\/2016\/12\/Fachkraeftemangel-Die-Sicht-eines-KMU-aus-Oesterreich-organisator.jpg","contentUrl":"https:\/\/www.organisator.ch\/wp-content\/uploads\/2016\/12\/Fachkraeftemangel-Die-Sicht-eines-KMU-aus-Oesterreich-organisator.jpg","width":640,"height":427,"caption":"J\u00fcrgen Rainalter, Gesch\u00e4ftsf\u00fchrer von Getzner Werkstoffe GmbH."},{"@type":"BreadcrumbList","@id":"https:\/\/www.organisator.ch\/management\/2016-10-11\/fachkraeftemangel-die-sicht-eines-kmu-aus-oesterreich\/#breadcrumb","itemListElement":[{"@type":"ListItem","position":1,"name":"Home","item":"https:\/\/www.organisator.ch\/"},{"@type":"ListItem","position":2,"name":"Fachkr\u00e4ftemangel: Die Sicht eines KMU aus \u00d6sterreich"}]},{"@type":"WebSite","@id":"https:\/\/www.organisator.ch\/#website","url":"https:\/\/www.organisator.ch\/","name":"Organisator","description":"Kompetent. Praxisnah. Der ORGANISATOR bereitet in 10 Ausgaben pro Jahr die wesentlichen Themen f\u00fcr F\u00fchrungskr\u00e4fte von KMU auf.","publisher":{"@id":"https:\/\/www.organisator.ch\/#organization"},"potentialAction":[{"@type":"SearchAction","target":{"@type":"EntryPoint","urlTemplate":"https:\/\/www.organisator.ch\/?s={search_term_string}"},"query-input":{"@type":"PropertyValueSpecification","valueRequired":true,"valueName":"search_term_string"}}],"inLanguage":"de"},{"@type":"Organization","@id":"https:\/\/www.organisator.ch\/#organization","name":"Organisator","url":"https:\/\/www.organisator.ch\/","logo":{"@type":"ImageObject","inLanguage":"de","@id":"https:\/\/www.organisator.ch\/#\/schema\/logo\/image\/","url":"https:\/\/www.organisator.ch\/wp-content\/uploads\/2022\/01\/Logo_Organisator_Website.png","contentUrl":"https:\/\/www.organisator.ch\/wp-content\/uploads\/2022\/01\/Logo_Organisator_Website.png","width":800,"height":77,"caption":"Organisator"},"image":{"@id":"https:\/\/www.organisator.ch\/#\/schema\/logo\/image\/"},"sameAs":["https:\/\/www.facebook.com\/OrganisatorFachmagazin","https:\/\/www.linkedin.com\/showcase\/organisator-das-magazin-fr-kmu","https:\/\/www.xing.com\/news\/pages\/organisator-ch-695","https:\/\/www.youtube.com\/channel\/UCGP2Sq0iWaZwT3BdIAQFYpw"]},{"@type":"Person","@id":"https:\/\/www.organisator.ch\/#\/schema\/person\/aa2bace6c5c5aad60102004a50c4eb1c","name":"admin","image":{"@type":"ImageObject","inLanguage":"de","@id":"https:\/\/secure.gravatar.com\/avatar\/ae2f4d718e6c49043e314ce431e7e645d646302a24a5ef5a8bc8e3f5a032e319?s=96&d=mm&r=g","url":"https:\/\/secure.gravatar.com\/avatar\/ae2f4d718e6c49043e314ce431e7e645d646302a24a5ef5a8bc8e3f5a032e319?s=96&d=mm&r=g","contentUrl":"https:\/\/secure.gravatar.com\/avatar\/ae2f4d718e6c49043e314ce431e7e645d646302a24a5ef5a8bc8e3f5a032e319?s=96&d=mm&r=g","caption":"admin"},"sameAs":["https:\/\/www.organisator.ch"],"url":"https:\/\/www.organisator.ch\/de\/author\/admin\/"}]}},"_links":{"self":[{"href":"https:\/\/www.organisator.ch\/de\/wp-json\/wp\/v2\/posts\/683","targetHints":{"allow":["GET"]}}],"collection":[{"href":"https:\/\/www.organisator.ch\/de\/wp-json\/wp\/v2\/posts"}],"about":[{"href":"https:\/\/www.organisator.ch\/de\/wp-json\/wp\/v2\/types\/post"}],"author":[{"embeddable":true,"href":"https:\/\/www.organisator.ch\/de\/wp-json\/wp\/v2\/users\/1"}],"replies":[{"embeddable":true,"href":"https:\/\/www.organisator.ch\/de\/wp-json\/wp\/v2\/comments?post=683"}],"version-history":[{"count":0,"href":"https:\/\/www.organisator.ch\/de\/wp-json\/wp\/v2\/posts\/683\/revisions"}],"wp:featuredmedia":[{"embeddable":true,"href":"https:\/\/www.organisator.ch\/de\/wp-json\/wp\/v2\/media\/684"}],"wp:attachment":[{"href":"https:\/\/www.organisator.ch\/de\/wp-json\/wp\/v2\/media?parent=683"}],"wp:term":[{"taxonomy":"category","embeddable":true,"href":"https:\/\/www.organisator.ch\/de\/wp-json\/wp\/v2\/categories?post=683"},{"taxonomy":"post_tag","embeddable":true,"href":"https:\/\/www.organisator.ch\/de\/wp-json\/wp\/v2\/tags?post=683"}],"curies":[{"name":"wp","href":"https:\/\/api.w.org\/{rel}","templated":true}]}}