{"id":6830,"date":"2020-06-18T08:00:20","date_gmt":"2020-06-18T06:00:20","guid":{"rendered":"https:\/\/www.organisator.ch\/?p=6830"},"modified":"2020-06-18T08:00:20","modified_gmt":"2020-06-18T06:00:20","slug":"branchenverbaende-asco-und-expertsuisse-wollen-staerker-kooperieren","status":"publish","type":"post","link":"https:\/\/www.organisator.ch\/de\/management\/finanzen_recht\/2020-06-18\/branchenverbaende-asco-und-expertsuisse-wollen-staerker-kooperieren\/","title":{"rendered":"Branchenverb\u00e4nde ASCO und EXPERTsuisse wollen st\u00e4rker kooperieren"},"content":{"rendered":"<figure id=\"attachment_6831\" aria-describedby=\"caption-attachment-6831\" style=\"width: 680px\" class=\"wp-caption alignnone\"><img loading=\"lazy\" decoding=\"async\" class=\"size-medium wp-image-6831\" src=\"https:\/\/www.organisator.ch\/wp-content\/uploads\/2020\/06\/Branchenverbaende-ASCO-und-EXPERTsuisse-wollen-staerker-kooperieren_Organisator.jpg\" alt=\"\" width=\"680\" height=\"98\" srcset=\"https:\/\/www.organisator.ch\/wp-content\/uploads\/2020\/06\/Branchenverbaende-ASCO-und-EXPERTsuisse-wollen-staerker-kooperieren_Organisator.jpg 680w, https:\/\/www.organisator.ch\/wp-content\/uploads\/2020\/06\/Branchenverbaende-ASCO-und-EXPERTsuisse-wollen-staerker-kooperieren_Organisator-16x2.jpg 16w, https:\/\/www.organisator.ch\/wp-content\/uploads\/2020\/06\/Branchenverbaende-ASCO-und-EXPERTsuisse-wollen-staerker-kooperieren_Organisator-375x54.jpg 375w, https:\/\/www.organisator.ch\/wp-content\/uploads\/2020\/06\/Branchenverbaende-ASCO-und-EXPERTsuisse-wollen-staerker-kooperieren_Organisator-300x43.jpg 300w\" sizes=\"auto, (max-width: 680px) 100vw, 680px\" \/><figcaption id=\"caption-attachment-6831\" class=\"wp-caption-text\">ASCO und EXPERTsuisse arbeiten insk\u00fcnftig st\u00e4rker zusammen.<\/figcaption><\/figure>\n<p>Sp\u00e4testens seit der Corona-Krise d\u00fcrfte allen bewusst sein, dass die Komplexit\u00e4t in Wirtschaft und Gesellschaft sehr hoch ist und dass es die volle Sicherheit nicht gibt. Es gilt jedoch auch in schwierigen Zeiten unternehmerisch navigieren zu k\u00f6nnen. In der Schweizer Wirtschaft werden die Unternehmen hierbei zumeist von Pr\u00fcfungs- und Beratungsunternehmen unterst\u00fctzt, welche bei ASCO oder EXPERTsuisse Mitglied sind. Genau diese beiden Verb\u00e4nde gehen nun eine enge Kooperation ein, weil es jetzt erst recht darum geht, gemeinsam Beitr\u00e4ge f\u00fcr eine wieder erstarkende Schweizer Wirtschaft zu leisten.<\/p>\n<h2>Innovation vor Tradition<\/h2>\n<p>Die beiden Verb\u00e4nde haben eine starke Historie, ihnen ist aber Innovation wichtiger als Tradition. Daher engagieren sie sich seit vier Jahren zusammen mit anderen Verb\u00e4nden auch f\u00fcr eine Modernisierung des veralteten Arbeitsgesetzes in der Schweiz. Nicht erst die Corona-Krise hat gezeigt, dass selbstbestimmteres Arbeiten unter anderem zwecks Vereinbarkeit von Beruf und Familie auf rechtlich solider Basis erm\u00f6glicht werden muss. Die Ber\u00fchrungspunkte der beiden Verb\u00e4nde gehen aber weit \u00fcber gemeinsame politische Interessen hinaus. Beide Verb\u00e4nde sind der Qualit\u00e4t und dem Expertentum verpflichtet und vertreten gemeinsam den Berufsstand der Schweizer Pr\u00fcfungs- und Beratungsbranche. Entsprechend ist auch das gemeinsame Bestreben, die Nachwuchsf\u00f6rderung weiter zu st\u00e4rken und neben Ausbildungen auch fortlaufende Weiterbildungen im Rahmen eines Qualifikationssystem an-bieten und Synergien nutzen zu k\u00f6nnen. Die Kooperation betrifft somit strategische und operative Themen. Letztere f\u00fchren dazu, dass die Gesch\u00e4ftsstelle von ASCO ab dem 1. Januar 2021 neu in Z\u00fcrich am Stauffacher 1 bei EXPERTsuisse gef\u00fchrt werden wird.<\/p>\n<h2>ASCO und EXPERTsuisse mit gemeinsamen Anl\u00e4ssen<\/h2>\n<p>Die beiden Branchenverb\u00e4nde wollen auch auf Ebene ihrer Veranstaltungen und Weiterbildungen enger zusammenarbeiten. So wird an der \u00abEXPERTsuisse Jahrestagung\u00bb am 15. September 2020 zum Thema \u00abSicher in unsicheren Zeiten\u00bb ASCO als Partner mit dabei sein. ASCO wird auf der anderen Seite, die Mitglieder von EXPERTsuisse zu seinen Anl\u00e4ssen einladen.<br \/>\nDie Professionalisierung in der Vermittlung von Beratungskompetenz \u2013 mit einem anerkannten Bildungsangebot als CAS und der internationalen Qualifizierung mit dem CMC \u2013 bieten in Zukunft den Mitgliedern beider Verb\u00e4nde ein Fundament, um insbesondere j\u00fcngeren Berufsleuten den strukturierten Einstieg in die Beratung zu erm\u00f6glichen.<\/p>\n<p>ASCO und EXPERTsuisse verfolgen gemeinsam das Anliegen von Innovation in der Beratung sowohl bzgl. Vorgehensweisen (neue Beratungs- und Kollaborationsmodelle) als auch bzgl. Inhalten (Digitale Transformation, Digitalisierung, Data Analytics, Robotics, Industrie und Finance 4.0, etc.). Mit diesen innovativen Ans\u00e4tzen helfen ASCO und EXPERTsuisse der Schweizer Wirtschaft in unsicheren Zeiten \u2013 in der Corona-Krise, auf dem Weg in die neue Normalit\u00e4t und dar\u00fcber hinaus \u2013 unternehmerisch wirksam zu navigieren.<\/p>\n<p><em><a href=\"http:\/\/www.expertsuisse.ch\">www.asco.ch<\/a> \/ <a href=\"http:\/\/www.expertsuisse.ch\">www.expertsuisse.ch<\/a><\/em><\/p>\n","protected":false},"excerpt":{"rendered":"<p>Sp\u00e4testens seit der Corona-Krise d\u00fcrfte allen bewusst sein, dass die Komplexit\u00e4t in Wirtschaft und Gesellschaft sehr hoch ist und dass es die volle Sicherheit nicht gibt. Es gilt jedoch auch in schwierigen Zeiten unternehmerisch navigieren zu k\u00f6nnen. In der Schweizer Wirtschaft werden die Unternehmen hierbei zumeist von Pr\u00fcfungs- und Beratungsunternehmen unterst\u00fctzt, welche bei ASCO oder [&hellip;]<\/p>\n","protected":false},"author":4,"featured_media":6832,"comment_status":"closed","ping_status":"closed","sticky":false,"template":"","format":"standard","meta":{"_acf_changed":false,"_yoast_wpseo_focuskw":"ASCO und EXPERTsuisse","_yoast_wpseo_metadesc":"ASCO und EXPERTsuisse haben beschlossen, enger zusammenzuarbeiten. Die Kooperation umfasst vorerst eine Zusammenarbeit auf inhaltlicher Ebene.","articlekey":"","footnotes":""},"categories":[24],"tags":[202,494,503,532],"class_list":["post-6830","post","type-post","status-publish","format-standard","has-post-thumbnail","hentry","category-finanzen_recht","tag-finanzenrecht","tag-unternehmensberatung","tag-verbaende","tag-wirtschaftspruefung"],"acf":[],"yoast_head":"<!-- This site is optimized with the Yoast SEO plugin v27.4 - https:\/\/yoast.com\/product\/yoast-seo-wordpress\/ -->\n<title>Branchenverb\u00e4nde ASCO und EXPERTsuisse wollen st\u00e4rker kooperieren - Organisator<\/title>\n<meta name=\"description\" content=\"ASCO und EXPERTsuisse haben beschlossen, enger zusammenzuarbeiten. Die Kooperation umfasst vorerst eine Zusammenarbeit auf inhaltlicher Ebene.\" \/>\n<meta name=\"robots\" content=\"index, follow, max-snippet:-1, max-image-preview:large, max-video-preview:-1\" \/>\n<link rel=\"canonical\" href=\"https:\/\/www.organisator.ch\/de\/management\/finanzen_recht\/2020-06-18\/branchenverbaende-asco-und-expertsuisse-wollen-staerker-kooperieren\/\" \/>\n<meta property=\"og:locale\" content=\"de_DE\" \/>\n<meta property=\"og:type\" content=\"article\" \/>\n<meta property=\"og:title\" content=\"Branchenverb\u00e4nde ASCO und EXPERTsuisse wollen st\u00e4rker kooperieren\" \/>\n<meta property=\"og:description\" content=\"ASCO und EXPERTsuisse haben beschlossen, enger zusammenzuarbeiten. Die Kooperation umfasst vorerst eine Zusammenarbeit auf inhaltlicher Ebene.\" \/>\n<meta property=\"og:url\" content=\"https:\/\/www.organisator.ch\/de\/management\/finanzen_recht\/2020-06-18\/branchenverbaende-asco-und-expertsuisse-wollen-staerker-kooperieren\/\" \/>\n<meta property=\"og:site_name\" content=\"Organisator\" \/>\n<meta property=\"article:publisher\" content=\"https:\/\/www.facebook.com\/OrganisatorFachmagazin\" \/>\n<meta property=\"article:published_time\" content=\"2020-06-18T06:00:20+00:00\" \/>\n<meta property=\"og:image\" content=\"https:\/\/www.organisator.ch\/wp-content\/uploads\/2020\/06\/Branchenverbaende-ASCO-und-EXPERTsuisse-wollen-staerker-kooperieren-2_Organisator.jpg\" \/>\n\t<meta property=\"og:image:width\" content=\"376\" \/>\n\t<meta property=\"og:image:height\" content=\"213\" \/>\n\t<meta property=\"og:image:type\" content=\"image\/jpeg\" \/>\n<meta name=\"author\" content=\"thomas.berner\" \/>\n<meta name=\"twitter:card\" content=\"summary_large_image\" \/>\n<meta name=\"twitter:title\" content=\"Branchenverb\u00e4nde #ASCO und #EXPERTsuisse wollen st\u00e4rker kooperieren\" \/>\n<meta name=\"twitter:description\" content=\"#ASCO und #EXPERTsuisse haben beschlossen, enger zusammenzuarbeiten. Die #Kooperation umfasst vorerst eine Zusammenarbeit auf inhaltlicher Ebene.\" \/>\n<meta name=\"twitter:image\" content=\"https:\/\/www.organisator.ch\/wp-content\/uploads\/2020\/06\/Branchenverbaende-ASCO-und-EXPERTsuisse-wollen-staerker-kooperieren-2_Organisator.jpg\" \/>\n<script type=\"application\/ld+json\" class=\"yoast-schema-graph\">{\"@context\":\"https:\\\/\\\/schema.org\",\"@graph\":[{\"@type\":\"Article\",\"@id\":\"https:\\\/\\\/www.organisator.ch\\\/management\\\/finanzen_recht\\\/2020-06-18\\\/branchenverbaende-asco-und-expertsuisse-wollen-staerker-kooperieren\\\/#article\",\"isPartOf\":{\"@id\":\"https:\\\/\\\/www.organisator.ch\\\/management\\\/finanzen_recht\\\/2020-06-18\\\/branchenverbaende-asco-und-expertsuisse-wollen-staerker-kooperieren\\\/\"},\"author\":{\"name\":\"thomas.berner\",\"@id\":\"https:\\\/\\\/www.organisator.ch\\\/#\\\/schema\\\/person\\\/6f650f90b2842cd4c0cc334b4e36f67e\"},\"headline\":\"Branchenverb\u00e4nde ASCO und EXPERTsuisse wollen st\u00e4rker kooperieren\",\"datePublished\":\"2020-06-18T06:00:20+00:00\",\"mainEntityOfPage\":{\"@id\":\"https:\\\/\\\/www.organisator.ch\\\/management\\\/finanzen_recht\\\/2020-06-18\\\/branchenverbaende-asco-und-expertsuisse-wollen-staerker-kooperieren\\\/\"},\"wordCount\":458,\"publisher\":{\"@id\":\"https:\\\/\\\/www.organisator.ch\\\/#organization\"},\"image\":{\"@id\":\"https:\\\/\\\/www.organisator.ch\\\/management\\\/finanzen_recht\\\/2020-06-18\\\/branchenverbaende-asco-und-expertsuisse-wollen-staerker-kooperieren\\\/#primaryimage\"},\"thumbnailUrl\":\"https:\\\/\\\/www.organisator.ch\\\/wp-content\\\/uploads\\\/2020\\\/06\\\/Branchenverbaende-ASCO-und-EXPERTsuisse-wollen-staerker-kooperieren-2_Organisator.jpg\",\"keywords\":[\"Finanzen\\\/Recht\",\"Unternehmensberatung\",\"Verb\u00e4nde\",\"Wirtschaftspr\u00fcfung\"],\"articleSection\":[\"FINANZEN\\\/RECHT\"],\"inLanguage\":\"de\"},{\"@type\":\"WebPage\",\"@id\":\"https:\\\/\\\/www.organisator.ch\\\/management\\\/finanzen_recht\\\/2020-06-18\\\/branchenverbaende-asco-und-expertsuisse-wollen-staerker-kooperieren\\\/\",\"url\":\"https:\\\/\\\/www.organisator.ch\\\/management\\\/finanzen_recht\\\/2020-06-18\\\/branchenverbaende-asco-und-expertsuisse-wollen-staerker-kooperieren\\\/\",\"name\":\"Branchenverb\u00e4nde ASCO und EXPERTsuisse wollen st\u00e4rker kooperieren - Organisator\",\"isPartOf\":{\"@id\":\"https:\\\/\\\/www.organisator.ch\\\/#website\"},\"primaryImageOfPage\":{\"@id\":\"https:\\\/\\\/www.organisator.ch\\\/management\\\/finanzen_recht\\\/2020-06-18\\\/branchenverbaende-asco-und-expertsuisse-wollen-staerker-kooperieren\\\/#primaryimage\"},\"image\":{\"@id\":\"https:\\\/\\\/www.organisator.ch\\\/management\\\/finanzen_recht\\\/2020-06-18\\\/branchenverbaende-asco-und-expertsuisse-wollen-staerker-kooperieren\\\/#primaryimage\"},\"thumbnailUrl\":\"https:\\\/\\\/www.organisator.ch\\\/wp-content\\\/uploads\\\/2020\\\/06\\\/Branchenverbaende-ASCO-und-EXPERTsuisse-wollen-staerker-kooperieren-2_Organisator.jpg\",\"datePublished\":\"2020-06-18T06:00:20+00:00\",\"description\":\"ASCO und EXPERTsuisse haben beschlossen, enger zusammenzuarbeiten. Die Kooperation umfasst vorerst eine Zusammenarbeit auf inhaltlicher Ebene.\",\"breadcrumb\":{\"@id\":\"https:\\\/\\\/www.organisator.ch\\\/management\\\/finanzen_recht\\\/2020-06-18\\\/branchenverbaende-asco-und-expertsuisse-wollen-staerker-kooperieren\\\/#breadcrumb\"},\"inLanguage\":\"de\",\"potentialAction\":[{\"@type\":\"ReadAction\",\"target\":[\"https:\\\/\\\/www.organisator.ch\\\/management\\\/finanzen_recht\\\/2020-06-18\\\/branchenverbaende-asco-und-expertsuisse-wollen-staerker-kooperieren\\\/\"]}]},{\"@type\":\"ImageObject\",\"inLanguage\":\"de\",\"@id\":\"https:\\\/\\\/www.organisator.ch\\\/management\\\/finanzen_recht\\\/2020-06-18\\\/branchenverbaende-asco-und-expertsuisse-wollen-staerker-kooperieren\\\/#primaryimage\",\"url\":\"https:\\\/\\\/www.organisator.ch\\\/wp-content\\\/uploads\\\/2020\\\/06\\\/Branchenverbaende-ASCO-und-EXPERTsuisse-wollen-staerker-kooperieren-2_Organisator.jpg\",\"contentUrl\":\"https:\\\/\\\/www.organisator.ch\\\/wp-content\\\/uploads\\\/2020\\\/06\\\/Branchenverbaende-ASCO-und-EXPERTsuisse-wollen-staerker-kooperieren-2_Organisator.jpg\",\"width\":376,\"height\":213},{\"@type\":\"BreadcrumbList\",\"@id\":\"https:\\\/\\\/www.organisator.ch\\\/management\\\/finanzen_recht\\\/2020-06-18\\\/branchenverbaende-asco-und-expertsuisse-wollen-staerker-kooperieren\\\/#breadcrumb\",\"itemListElement\":[{\"@type\":\"ListItem\",\"position\":1,\"name\":\"Home\",\"item\":\"https:\\\/\\\/www.organisator.ch\\\/\"},{\"@type\":\"ListItem\",\"position\":2,\"name\":\"Branchenverb\u00e4nde ASCO und EXPERTsuisse wollen st\u00e4rker kooperieren\"}]},{\"@type\":\"WebSite\",\"@id\":\"https:\\\/\\\/www.organisator.ch\\\/#website\",\"url\":\"https:\\\/\\\/www.organisator.ch\\\/\",\"name\":\"Organisator\",\"description\":\"Kompetent. Praxisnah. Der ORGANISATOR bereitet in 10 Ausgaben pro Jahr die wesentlichen Themen f\u00fcr F\u00fchrungskr\u00e4fte von KMU auf.\",\"publisher\":{\"@id\":\"https:\\\/\\\/www.organisator.ch\\\/#organization\"},\"potentialAction\":[{\"@type\":\"SearchAction\",\"target\":{\"@type\":\"EntryPoint\",\"urlTemplate\":\"https:\\\/\\\/www.organisator.ch\\\/?s={search_term_string}\"},\"query-input\":{\"@type\":\"PropertyValueSpecification\",\"valueRequired\":true,\"valueName\":\"search_term_string\"}}],\"inLanguage\":\"de\"},{\"@type\":\"Organization\",\"@id\":\"https:\\\/\\\/www.organisator.ch\\\/#organization\",\"name\":\"Organisator\",\"url\":\"https:\\\/\\\/www.organisator.ch\\\/\",\"logo\":{\"@type\":\"ImageObject\",\"inLanguage\":\"de\",\"@id\":\"https:\\\/\\\/www.organisator.ch\\\/#\\\/schema\\\/logo\\\/image\\\/\",\"url\":\"https:\\\/\\\/www.organisator.ch\\\/wp-content\\\/uploads\\\/2022\\\/01\\\/Logo_Organisator_Website.png\",\"contentUrl\":\"https:\\\/\\\/www.organisator.ch\\\/wp-content\\\/uploads\\\/2022\\\/01\\\/Logo_Organisator_Website.png\",\"width\":800,\"height\":77,\"caption\":\"Organisator\"},\"image\":{\"@id\":\"https:\\\/\\\/www.organisator.ch\\\/#\\\/schema\\\/logo\\\/image\\\/\"},\"sameAs\":[\"https:\\\/\\\/www.facebook.com\\\/OrganisatorFachmagazin\",\"https:\\\/\\\/www.linkedin.com\\\/showcase\\\/organisator-das-magazin-fr-kmu\",\"https:\\\/\\\/www.xing.com\\\/news\\\/pages\\\/organisator-ch-695\",\"https:\\\/\\\/www.youtube.com\\\/channel\\\/UCGP2Sq0iWaZwT3BdIAQFYpw\"]},{\"@type\":\"Person\",\"@id\":\"https:\\\/\\\/www.organisator.ch\\\/#\\\/schema\\\/person\\\/6f650f90b2842cd4c0cc334b4e36f67e\",\"name\":\"thomas.berner\",\"image\":{\"@type\":\"ImageObject\",\"inLanguage\":\"de\",\"@id\":\"https:\\\/\\\/secure.gravatar.com\\\/avatar\\\/ac5001d2a36cb6c6cd3e50789007ffca834b477b74a2144564522e944eabff61?s=96&d=mm&r=g\",\"url\":\"https:\\\/\\\/secure.gravatar.com\\\/avatar\\\/ac5001d2a36cb6c6cd3e50789007ffca834b477b74a2144564522e944eabff61?s=96&d=mm&r=g\",\"contentUrl\":\"https:\\\/\\\/secure.gravatar.com\\\/avatar\\\/ac5001d2a36cb6c6cd3e50789007ffca834b477b74a2144564522e944eabff61?s=96&d=mm&r=g\",\"caption\":\"thomas.berner\"},\"url\":\"https:\\\/\\\/www.organisator.ch\\\/de\\\/author\\\/thomas-berner\\\/\"}]}<\/script>\n<!-- \/ Yoast SEO plugin. -->","yoast_head_json":{"title":"Branchenverb\u00e4nde ASCO und EXPERTsuisse wollen st\u00e4rker kooperieren - Organisator","description":"ASCO und EXPERTsuisse haben beschlossen, enger zusammenzuarbeiten. Die Kooperation umfasst vorerst eine Zusammenarbeit auf inhaltlicher Ebene.","robots":{"index":"index","follow":"follow","max-snippet":"max-snippet:-1","max-image-preview":"max-image-preview:large","max-video-preview":"max-video-preview:-1"},"canonical":"https:\/\/www.organisator.ch\/de\/management\/finanzen_recht\/2020-06-18\/branchenverbaende-asco-und-expertsuisse-wollen-staerker-kooperieren\/","og_locale":"de_DE","og_type":"article","og_title":"Branchenverb\u00e4nde ASCO und EXPERTsuisse wollen st\u00e4rker kooperieren","og_description":"ASCO und EXPERTsuisse haben beschlossen, enger zusammenzuarbeiten. Die Kooperation umfasst vorerst eine Zusammenarbeit auf inhaltlicher Ebene.","og_url":"https:\/\/www.organisator.ch\/de\/management\/finanzen_recht\/2020-06-18\/branchenverbaende-asco-und-expertsuisse-wollen-staerker-kooperieren\/","og_site_name":"Organisator","article_publisher":"https:\/\/www.facebook.com\/OrganisatorFachmagazin","article_published_time":"2020-06-18T06:00:20+00:00","og_image":[{"width":376,"height":213,"url":"https:\/\/www.organisator.ch\/wp-content\/uploads\/2020\/06\/Branchenverbaende-ASCO-und-EXPERTsuisse-wollen-staerker-kooperieren-2_Organisator.jpg","type":"image\/jpeg"}],"author":"thomas.berner","twitter_card":"summary_large_image","twitter_title":"Branchenverb\u00e4nde #ASCO und #EXPERTsuisse wollen st\u00e4rker kooperieren","twitter_description":"#ASCO und #EXPERTsuisse haben beschlossen, enger zusammenzuarbeiten. Die #Kooperation umfasst vorerst eine Zusammenarbeit auf inhaltlicher Ebene.","twitter_image":"https:\/\/www.organisator.ch\/wp-content\/uploads\/2020\/06\/Branchenverbaende-ASCO-und-EXPERTsuisse-wollen-staerker-kooperieren-2_Organisator.jpg","schema":{"@context":"https:\/\/schema.org","@graph":[{"@type":"Article","@id":"https:\/\/www.organisator.ch\/management\/finanzen_recht\/2020-06-18\/branchenverbaende-asco-und-expertsuisse-wollen-staerker-kooperieren\/#article","isPartOf":{"@id":"https:\/\/www.organisator.ch\/management\/finanzen_recht\/2020-06-18\/branchenverbaende-asco-und-expertsuisse-wollen-staerker-kooperieren\/"},"author":{"name":"thomas.berner","@id":"https:\/\/www.organisator.ch\/#\/schema\/person\/6f650f90b2842cd4c0cc334b4e36f67e"},"headline":"Branchenverb\u00e4nde ASCO und EXPERTsuisse wollen st\u00e4rker kooperieren","datePublished":"2020-06-18T06:00:20+00:00","mainEntityOfPage":{"@id":"https:\/\/www.organisator.ch\/management\/finanzen_recht\/2020-06-18\/branchenverbaende-asco-und-expertsuisse-wollen-staerker-kooperieren\/"},"wordCount":458,"publisher":{"@id":"https:\/\/www.organisator.ch\/#organization"},"image":{"@id":"https:\/\/www.organisator.ch\/management\/finanzen_recht\/2020-06-18\/branchenverbaende-asco-und-expertsuisse-wollen-staerker-kooperieren\/#primaryimage"},"thumbnailUrl":"https:\/\/www.organisator.ch\/wp-content\/uploads\/2020\/06\/Branchenverbaende-ASCO-und-EXPERTsuisse-wollen-staerker-kooperieren-2_Organisator.jpg","keywords":["Finanzen\/Recht","Unternehmensberatung","Verb\u00e4nde","Wirtschaftspr\u00fcfung"],"articleSection":["FINANZEN\/RECHT"],"inLanguage":"de"},{"@type":"WebPage","@id":"https:\/\/www.organisator.ch\/management\/finanzen_recht\/2020-06-18\/branchenverbaende-asco-und-expertsuisse-wollen-staerker-kooperieren\/","url":"https:\/\/www.organisator.ch\/management\/finanzen_recht\/2020-06-18\/branchenverbaende-asco-und-expertsuisse-wollen-staerker-kooperieren\/","name":"Branchenverb\u00e4nde ASCO und EXPERTsuisse wollen st\u00e4rker kooperieren - Organisator","isPartOf":{"@id":"https:\/\/www.organisator.ch\/#website"},"primaryImageOfPage":{"@id":"https:\/\/www.organisator.ch\/management\/finanzen_recht\/2020-06-18\/branchenverbaende-asco-und-expertsuisse-wollen-staerker-kooperieren\/#primaryimage"},"image":{"@id":"https:\/\/www.organisator.ch\/management\/finanzen_recht\/2020-06-18\/branchenverbaende-asco-und-expertsuisse-wollen-staerker-kooperieren\/#primaryimage"},"thumbnailUrl":"https:\/\/www.organisator.ch\/wp-content\/uploads\/2020\/06\/Branchenverbaende-ASCO-und-EXPERTsuisse-wollen-staerker-kooperieren-2_Organisator.jpg","datePublished":"2020-06-18T06:00:20+00:00","description":"ASCO und EXPERTsuisse haben beschlossen, enger zusammenzuarbeiten. Die Kooperation umfasst vorerst eine Zusammenarbeit auf inhaltlicher Ebene.","breadcrumb":{"@id":"https:\/\/www.organisator.ch\/management\/finanzen_recht\/2020-06-18\/branchenverbaende-asco-und-expertsuisse-wollen-staerker-kooperieren\/#breadcrumb"},"inLanguage":"de","potentialAction":[{"@type":"ReadAction","target":["https:\/\/www.organisator.ch\/management\/finanzen_recht\/2020-06-18\/branchenverbaende-asco-und-expertsuisse-wollen-staerker-kooperieren\/"]}]},{"@type":"ImageObject","inLanguage":"de","@id":"https:\/\/www.organisator.ch\/management\/finanzen_recht\/2020-06-18\/branchenverbaende-asco-und-expertsuisse-wollen-staerker-kooperieren\/#primaryimage","url":"https:\/\/www.organisator.ch\/wp-content\/uploads\/2020\/06\/Branchenverbaende-ASCO-und-EXPERTsuisse-wollen-staerker-kooperieren-2_Organisator.jpg","contentUrl":"https:\/\/www.organisator.ch\/wp-content\/uploads\/2020\/06\/Branchenverbaende-ASCO-und-EXPERTsuisse-wollen-staerker-kooperieren-2_Organisator.jpg","width":376,"height":213},{"@type":"BreadcrumbList","@id":"https:\/\/www.organisator.ch\/management\/finanzen_recht\/2020-06-18\/branchenverbaende-asco-und-expertsuisse-wollen-staerker-kooperieren\/#breadcrumb","itemListElement":[{"@type":"ListItem","position":1,"name":"Home","item":"https:\/\/www.organisator.ch\/"},{"@type":"ListItem","position":2,"name":"Branchenverb\u00e4nde ASCO und EXPERTsuisse wollen st\u00e4rker kooperieren"}]},{"@type":"WebSite","@id":"https:\/\/www.organisator.ch\/#website","url":"https:\/\/www.organisator.ch\/","name":"Organisator","description":"Kompetent. Praxisnah. Der ORGANISATOR bereitet in 10 Ausgaben pro Jahr die wesentlichen Themen f\u00fcr F\u00fchrungskr\u00e4fte von KMU auf.","publisher":{"@id":"https:\/\/www.organisator.ch\/#organization"},"potentialAction":[{"@type":"SearchAction","target":{"@type":"EntryPoint","urlTemplate":"https:\/\/www.organisator.ch\/?s={search_term_string}"},"query-input":{"@type":"PropertyValueSpecification","valueRequired":true,"valueName":"search_term_string"}}],"inLanguage":"de"},{"@type":"Organization","@id":"https:\/\/www.organisator.ch\/#organization","name":"Organisator","url":"https:\/\/www.organisator.ch\/","logo":{"@type":"ImageObject","inLanguage":"de","@id":"https:\/\/www.organisator.ch\/#\/schema\/logo\/image\/","url":"https:\/\/www.organisator.ch\/wp-content\/uploads\/2022\/01\/Logo_Organisator_Website.png","contentUrl":"https:\/\/www.organisator.ch\/wp-content\/uploads\/2022\/01\/Logo_Organisator_Website.png","width":800,"height":77,"caption":"Organisator"},"image":{"@id":"https:\/\/www.organisator.ch\/#\/schema\/logo\/image\/"},"sameAs":["https:\/\/www.facebook.com\/OrganisatorFachmagazin","https:\/\/www.linkedin.com\/showcase\/organisator-das-magazin-fr-kmu","https:\/\/www.xing.com\/news\/pages\/organisator-ch-695","https:\/\/www.youtube.com\/channel\/UCGP2Sq0iWaZwT3BdIAQFYpw"]},{"@type":"Person","@id":"https:\/\/www.organisator.ch\/#\/schema\/person\/6f650f90b2842cd4c0cc334b4e36f67e","name":"thomas.berner","image":{"@type":"ImageObject","inLanguage":"de","@id":"https:\/\/secure.gravatar.com\/avatar\/ac5001d2a36cb6c6cd3e50789007ffca834b477b74a2144564522e944eabff61?s=96&d=mm&r=g","url":"https:\/\/secure.gravatar.com\/avatar\/ac5001d2a36cb6c6cd3e50789007ffca834b477b74a2144564522e944eabff61?s=96&d=mm&r=g","contentUrl":"https:\/\/secure.gravatar.com\/avatar\/ac5001d2a36cb6c6cd3e50789007ffca834b477b74a2144564522e944eabff61?s=96&d=mm&r=g","caption":"thomas.berner"},"url":"https:\/\/www.organisator.ch\/de\/author\/thomas-berner\/"}]}},"_links":{"self":[{"href":"https:\/\/www.organisator.ch\/de\/wp-json\/wp\/v2\/posts\/6830","targetHints":{"allow":["GET"]}}],"collection":[{"href":"https:\/\/www.organisator.ch\/de\/wp-json\/wp\/v2\/posts"}],"about":[{"href":"https:\/\/www.organisator.ch\/de\/wp-json\/wp\/v2\/types\/post"}],"author":[{"embeddable":true,"href":"https:\/\/www.organisator.ch\/de\/wp-json\/wp\/v2\/users\/4"}],"replies":[{"embeddable":true,"href":"https:\/\/www.organisator.ch\/de\/wp-json\/wp\/v2\/comments?post=6830"}],"version-history":[{"count":0,"href":"https:\/\/www.organisator.ch\/de\/wp-json\/wp\/v2\/posts\/6830\/revisions"}],"wp:featuredmedia":[{"embeddable":true,"href":"https:\/\/www.organisator.ch\/de\/wp-json\/wp\/v2\/media\/6832"}],"wp:attachment":[{"href":"https:\/\/www.organisator.ch\/de\/wp-json\/wp\/v2\/media?parent=6830"}],"wp:term":[{"taxonomy":"category","embeddable":true,"href":"https:\/\/www.organisator.ch\/de\/wp-json\/wp\/v2\/categories?post=6830"},{"taxonomy":"post_tag","embeddable":true,"href":"https:\/\/www.organisator.ch\/de\/wp-json\/wp\/v2\/tags?post=6830"}],"curies":[{"name":"wp","href":"https:\/\/api.w.org\/{rel}","templated":true}]}}