{"id":6851,"date":"2020-06-22T16:46:32","date_gmt":"2020-06-22T14:46:32","guid":{"rendered":"https:\/\/www.organisator.ch\/?p=6851"},"modified":"2020-06-22T16:46:32","modified_gmt":"2020-06-22T14:46:32","slug":"heinz-karrer-tritt-als-economiesuisse-praesident-im-september-ab","status":"publish","type":"post","link":"https:\/\/www.organisator.ch\/de\/management\/2020-06-22\/heinz-karrer-tritt-als-economiesuisse-praesident-im-september-ab\/","title":{"rendered":"Heinz Karrer tritt als economiesuisse-Pr\u00e4sident im September ab"},"content":{"rendered":"<figure id=\"attachment_6852\" aria-describedby=\"caption-attachment-6852\" style=\"width: 680px\" class=\"wp-caption alignnone\"><img loading=\"lazy\" decoding=\"async\" class=\"size-medium wp-image-6852\" src=\"https:\/\/www.organisator.ch\/wp-content\/uploads\/2020\/06\/Heinz-Karrer-tritt-als-economiesuisse-Praesident-im-September-ab-1_Organisator.jpg\" alt=\"\" width=\"680\" height=\"381\" srcset=\"https:\/\/www.organisator.ch\/wp-content\/uploads\/2020\/06\/Heinz-Karrer-tritt-als-economiesuisse-Praesident-im-September-ab-1_Organisator.jpg 680w, https:\/\/www.organisator.ch\/wp-content\/uploads\/2020\/06\/Heinz-Karrer-tritt-als-economiesuisse-Praesident-im-September-ab-1_Organisator-16x9.jpg 16w, https:\/\/www.organisator.ch\/wp-content\/uploads\/2020\/06\/Heinz-Karrer-tritt-als-economiesuisse-Praesident-im-September-ab-1_Organisator-312x175.jpg 312w, https:\/\/www.organisator.ch\/wp-content\/uploads\/2020\/06\/Heinz-Karrer-tritt-als-economiesuisse-Praesident-im-September-ab-1_Organisator-625x350.jpg 625w, https:\/\/www.organisator.ch\/wp-content\/uploads\/2020\/06\/Heinz-Karrer-tritt-als-economiesuisse-Praesident-im-September-ab-1_Organisator-300x168.jpg 300w\" sizes=\"auto, (max-width: 680px) 100vw, 680px\" \/><figcaption id=\"caption-attachment-6852\" class=\"wp-caption-text\">Heinz Karrer tritt Ende September nicht mehr f\u00fcr eine weitere Amtszeit an. (Bild: economiesuisse)<\/figcaption><\/figure>\n<p>Seit 2008 ist Heinz Karrer im Vorstand des Wirtschaftsdachverbands economiesuisse, seit 2013 ist er dessen Pr\u00e4sident. Seine vierte Amtsperiode in diesem Gremium endet regul\u00e4r im September 2020. Heinz Karrer hat sich zu Beginn des Jahres entschieden, nicht mehr f\u00fcr weitere drei Jahre zu kandidieren. Damit wird er im Herbst auch das Pr\u00e4sidium nach sieben Jahren abgeben.<\/p>\n<p>Heinz Karrer hat das Pr\u00e4sidium von economiesuisse in einer f\u00fcr den Verband schwierigen Phase \u00fcbernommen. R\u00fccktritte in der Verbandsspitze, der angek\u00fcndigte Austritt eines bedeutenden Mitgliedverbands und eine verlorene Volksabstimmung forderten den Verband stark. Nach seiner Amts\u00fcbernahme startete Heinz Karrer rasch den Prozess zur Neubesetzung der Direktorenstelle. Mit der Wahl von Monika R\u00fchl zur neuen Vorsitzenden der Gesch\u00e4ftsleitung und weiteren Kaderbesetzungen kehrte organisatorisch Schritt f\u00fcr Schritt wieder Stabilit\u00e4t und Ruhe ein. Der Verband konnte sich neu ausrichten und operativ wieder zur urspr\u00fcnglichen St\u00e4rke und Professionalit\u00e4t zur\u00fcckfinden.<\/p>\n<h2>Positive Bilanz unter dem Pr\u00e4sidium von Heinz Karrer<\/h2>\n<p>In seiner siebenj\u00e4hrigen Pr\u00e4sidialzeit hat Heinz Karrer die verbandsinternen Strukturen und Prozesse gefestigt und weiterentwickelt sowie den Mitgliedereinbezug und die Mitgliederbindung verst\u00e4rkt, indem er etwa neue Entscheidungsgremien mit F\u00fchrungskr\u00e4ften aus den Mitgliedsorganisationen schuf. Damit sei es ihm gelungen, die Entscheidungen und die Positionen des Verbands breiter abzust\u00fctzen und eine wichtige Voraussetzung f\u00fcr eine h\u00f6here Einigkeit im Dachverband zu schaffen, schreibt dazu economiesuisse. Zudem wurde unter der Amtszeit Karrers die Governance verbessert, indem im Vorstand ein Strategieausschuss und ein Personalausschuss initiiert wurde.<\/p>\n<p>Vor allem aber habe Heinz Karrer die genuine Rolle von economiesuisse als Dachverband der Schweizer Wirtschaft durch eine forcierte Entwicklung der Verbandskommunikation gest\u00e4rkt, so die weitere Bilanz von economiesuisse. Dies zeige sich auch im positiven Verlauf vieler Abstimmungskampagnen: Von den 19 Abstimmungskampagnen, die economiesuisse unter Heinz Karrer gef\u00fchrt hat, konnte der Verband 17 Kampagnen zugunsten des Wirtschaftsstandorts Schweiz erfolgreich abschliessen \u2013 zuletzt etwa gegen die Selbstbestimmungsinitiative, f\u00fcr die Steuerreform und AHV-Finanzierung und f\u00fcr die Umsetzung einer \u00c4nderung der EU-Waffenrichtlinie (Schengen\/Dublin). Nur zweimal war economiesuisse nicht erfolgreich: bei der Masseneinwanderungsinitiative und bei der Unternehmenssteuerreform III.<\/p>\n<h2>Den Austausch mit Politik, Wirtschaft und \u00d6ffentlichkeit intensiviert<\/h2>\n<p>Schliesslich hat Heinz Karrer ein neues Programm \u00abWirtschaft und Gesellschaft\u00bb ins Leben gerufen, mit dem der Verband durch verschiedene Initiativen den Dialog mit der Bev\u00f6lkerung \u00fcber die Wirtschaft langfristig anregt und intensiviert. Gleichzeitig sollen Wirtschaftsvertreter im direkten Gespr\u00e4ch mit den Menschen erfahren, was diese besch\u00e4ftigt und wo der Schuh dr\u00fcckt. Mit grossem pers\u00f6nlichem Engagement hat auch Heinz Karrer selbst den offenen Dialog mit Politik, Medien und \u00d6ffentlichkeit gepflegt \u2013 stets respektvoll, aber immer auch beharrlich und vor allem faktenbasiert. Dadurch vertrat er erfolgreich die Anliegen der Unternehmen in zahlreichen wichtigen Dossiers und steigerte so die Durchsetzungsf\u00e4higkeit des Verbands.<\/p>\n<p>\u00abEs war f\u00fcr mich in all den Jahren eine spannende und interessante Zeit, vor allem aber auch eine grosse Ehre, diese bedeutende Organisation gegen\u00fcber Politik, Wirtschaft und \u00d6ffentlichkeit vertreten zu d\u00fcrfen. Daf\u00fcr bin ich dankbar\u00bb, sagt er r\u00fcckblickend. Nun will sich Heinz Karrer ab 1. Oktober \u2013 also nach der Volksabstimmung \u00fcber die K\u00fcndigungsinitiative \u2013 anderen beruflichen T\u00e4tigkeiten zuwenden.<\/p>\n<h2>Christoph M\u00e4der soll Nachfolger werden<\/h2>\n<p>An seiner heutigen Sitzung hat sich der Vorstandsausschuss von economiesuisse mit der Nachfolge von Heinz Karrer befasst und empfiehlt dem Vorstand nun einstimmig, an seiner n\u00e4chsten Sitzung Christoph M\u00e4der (Jg. 1959) zum neuen Pr\u00e4sidenten zu w\u00e4hlen. Christoph M\u00e4der kennt economiesuisse ausgezeichnet, war er doch bereits von 2008 bis 2019 Mitglied des Vorstandsausschusses und von 2011 bis 2017 Vizepr\u00e4sident des Verbands. Christoph M\u00e4der ist im Kanton Aargau aufgewachsen und hat nach seinem Studium an der Universit\u00e4t Basel das Patent als Rechtsanwalt erlangt. Nach seiner T\u00e4tigkeit als wissenschaftlicher Assistent f\u00fcr Staats- und Verwaltungsrecht an der Universit\u00e4t Basel war er einige Jahre bei der Aargauischen Industrie- und Handelskammer t\u00e4tig, bevor er ab 1992 als Leitender Rechtskonsulent f\u00fcr Sandoz und Novartis fungierte.<\/p>\n<figure id=\"attachment_6853\" aria-describedby=\"caption-attachment-6853\" style=\"width: 680px\" class=\"wp-caption alignnone\"><img loading=\"lazy\" decoding=\"async\" class=\"size-medium wp-image-6853\" src=\"https:\/\/www.organisator.ch\/wp-content\/uploads\/2020\/06\/Heinz-Karrer-tritt-als-economiesuisse-Praesident-im-September-ab-2_Organisator.jpg\" alt=\"\" width=\"680\" height=\"378\" srcset=\"https:\/\/www.organisator.ch\/wp-content\/uploads\/2020\/06\/Heinz-Karrer-tritt-als-economiesuisse-Praesident-im-September-ab-2_Organisator.jpg 680w, https:\/\/www.organisator.ch\/wp-content\/uploads\/2020\/06\/Heinz-Karrer-tritt-als-economiesuisse-Praesident-im-September-ab-2_Organisator-16x9.jpg 16w, https:\/\/www.organisator.ch\/wp-content\/uploads\/2020\/06\/Heinz-Karrer-tritt-als-economiesuisse-Praesident-im-September-ab-2_Organisator-315x175.jpg 315w, https:\/\/www.organisator.ch\/wp-content\/uploads\/2020\/06\/Heinz-Karrer-tritt-als-economiesuisse-Praesident-im-September-ab-2_Organisator-630x350.jpg 630w, https:\/\/www.organisator.ch\/wp-content\/uploads\/2020\/06\/Heinz-Karrer-tritt-als-economiesuisse-Praesident-im-September-ab-2_Organisator-300x167.jpg 300w\" sizes=\"auto, (max-width: 680px) 100vw, 680px\" \/><figcaption id=\"caption-attachment-6853\" class=\"wp-caption-text\">Soll neuer Pr\u00e4sident von economiesuisse werden: Christoph M\u00e4der. (Bild: zVg \/ economiesuisse)<\/figcaption><\/figure>\n<p>Im Jahr 2000 trat Christoph M\u00e4der in die Konzernleitung der Syngenta ein, wo er bis 2018 f\u00fcr verschiedene Konzernfunktionen \u2013 unter anderem Recht, Steuern, Patente &amp; Marken, Gesundheit\/Sicherheit &amp; Umweltschutz, Governance, Risk Management &amp; Compliance \u2013 sowie f\u00fcr s\u00e4mtliche Konzernaktivit\u00e4ten in der Schweiz verantwortlich zeichnete. W\u00e4hrend seiner T\u00e4tigkeit bei Syngenta war Christoph M\u00e4der unter anderem viele Jahre auch Pr\u00e4sident und Vorstandsmitglied von scienceindustries, dem schweizerischen Wirtschaftsverband der chemisch-pharmazeutischen Industrie.<\/p>\n<p>Christoph M\u00e4der ist Verwaltungsratsmitglied verschiedener nationaler und internationaler Gesellschaften, so von B\u00e2loise Holding AG, Ems-Chemie Holding AG und Lonza Group AG. Seit 2019 ist er Partner der Anwalts- und Notariatskanzlei Becker Gurini Hanhart Vogt in Lenzburg. Zus\u00e4tzlich ist er Mitglied verschiedener Beir\u00e4te und nimmt auch Funktionen in Non-Profit-Organisationen wahr.<\/p>\n<p><a href=\"http:\/\/www.economiesuisse.ch\"><em>www.economiesuisse.ch<\/em><\/a><\/p>\n","protected":false},"excerpt":{"rendered":"<p>Seit 2008 ist Heinz Karrer im Vorstand des Wirtschaftsdachverbands economiesuisse, seit 2013 ist er dessen Pr\u00e4sident. Seine vierte Amtsperiode in diesem Gremium endet regul\u00e4r im September 2020. Heinz Karrer hat sich zu Beginn des Jahres entschieden, nicht mehr f\u00fcr weitere drei Jahre zu kandidieren. Damit wird er im Herbst auch das Pr\u00e4sidium nach sieben Jahren [&hellip;]<\/p>\n","protected":false},"author":4,"featured_media":6852,"comment_status":"closed","ping_status":"closed","sticky":false,"template":"","format":"standard","meta":{"_acf_changed":false,"_yoast_wpseo_focuskw":"Heinz Karrer","_yoast_wpseo_metadesc":"economiesuisse-Pr\u00e4sident Heinz Karrer hat sich zu Beginn des Jahres entschieden, nach sieben Jahren sein Amt Ende September zu \u00fcbergeben.","articlekey":"","footnotes":""},"categories":[28],"tags":[335,381,503,531],"class_list":["post-6851","post","type-post","status-publish","format-standard","has-post-thumbnail","hentry","category-management","tag-management-und-unternehmensfuehrung","tag-personalia","tag-verbaende","tag-wirtschaftspolitik"],"acf":[],"yoast_head":"<!-- This site is optimized with the Yoast SEO plugin v27.4 - https:\/\/yoast.com\/product\/yoast-seo-wordpress\/ -->\n<title>Heinz Karrer tritt als economiesuisse-Pr\u00e4sident im September ab - Organisator<\/title>\n<meta name=\"description\" content=\"economiesuisse-Pr\u00e4sident Heinz Karrer hat sich zu Beginn des Jahres entschieden, nach sieben Jahren sein Amt Ende September zu \u00fcbergeben.\" \/>\n<meta name=\"robots\" content=\"index, follow, max-snippet:-1, max-image-preview:large, max-video-preview:-1\" \/>\n<link rel=\"canonical\" href=\"https:\/\/www.organisator.ch\/de\/management\/2020-06-22\/heinz-karrer-tritt-als-economiesuisse-praesident-im-september-ab\/\" \/>\n<meta property=\"og:locale\" content=\"de_DE\" \/>\n<meta property=\"og:type\" content=\"article\" \/>\n<meta property=\"og:title\" content=\"Heinz Karrer tritt als economiesuisse-Pr\u00e4sident im September ab\" \/>\n<meta property=\"og:description\" content=\"economiesuisse-Pr\u00e4sident Heinz Karrer hat sich zu Beginn des Jahres entschieden, nach sieben Jahren sein Amt Ende September zu \u00fcbergeben.\" \/>\n<meta property=\"og:url\" content=\"https:\/\/www.organisator.ch\/de\/management\/2020-06-22\/heinz-karrer-tritt-als-economiesuisse-praesident-im-september-ab\/\" \/>\n<meta property=\"og:site_name\" content=\"Organisator\" \/>\n<meta property=\"article:publisher\" content=\"https:\/\/www.facebook.com\/OrganisatorFachmagazin\" \/>\n<meta property=\"article:published_time\" content=\"2020-06-22T14:46:32+00:00\" \/>\n<meta property=\"og:image\" content=\"https:\/\/www.organisator.ch\/wp-content\/uploads\/2020\/06\/Heinz-Karrer-tritt-als-economiesuisse-Praesident-im-September-ab-1_Organisator.jpg\" \/>\n\t<meta property=\"og:image:width\" content=\"680\" \/>\n\t<meta property=\"og:image:height\" content=\"381\" \/>\n\t<meta property=\"og:image:type\" content=\"image\/jpeg\" \/>\n<meta name=\"author\" content=\"thomas.berner\" \/>\n<meta name=\"twitter:card\" content=\"summary_large_image\" \/>\n<meta name=\"twitter:title\" content=\"Heinz Karrer tritt als #economiesuisse-Pr\u00e4sident im September ab\" \/>\n<meta name=\"twitter:description\" content=\"#economiesuisse-Pr\u00e4sident Heinz #Karrer hat sich zu Beginn des Jahres entschieden, nach sieben Jahren sein Amt Ende September zu \u00fcbergeben.\" \/>\n<meta name=\"twitter:image\" content=\"https:\/\/www.organisator.ch\/wp-content\/uploads\/2020\/06\/Heinz-Karrer-tritt-als-economiesuisse-Praesident-im-September-ab-1_Organisator.jpg\" \/>\n<script type=\"application\/ld+json\" class=\"yoast-schema-graph\">{\"@context\":\"https:\\\/\\\/schema.org\",\"@graph\":[{\"@type\":\"Article\",\"@id\":\"https:\\\/\\\/www.organisator.ch\\\/management\\\/2020-06-22\\\/heinz-karrer-tritt-als-economiesuisse-praesident-im-september-ab\\\/#article\",\"isPartOf\":{\"@id\":\"https:\\\/\\\/www.organisator.ch\\\/management\\\/2020-06-22\\\/heinz-karrer-tritt-als-economiesuisse-praesident-im-september-ab\\\/\"},\"author\":{\"name\":\"thomas.berner\",\"@id\":\"https:\\\/\\\/www.organisator.ch\\\/#\\\/schema\\\/person\\\/6f650f90b2842cd4c0cc334b4e36f67e\"},\"headline\":\"Heinz Karrer tritt als economiesuisse-Pr\u00e4sident im September ab\",\"datePublished\":\"2020-06-22T14:46:32+00:00\",\"mainEntityOfPage\":{\"@id\":\"https:\\\/\\\/www.organisator.ch\\\/management\\\/2020-06-22\\\/heinz-karrer-tritt-als-economiesuisse-praesident-im-september-ab\\\/\"},\"wordCount\":835,\"publisher\":{\"@id\":\"https:\\\/\\\/www.organisator.ch\\\/#organization\"},\"image\":{\"@id\":\"https:\\\/\\\/www.organisator.ch\\\/management\\\/2020-06-22\\\/heinz-karrer-tritt-als-economiesuisse-praesident-im-september-ab\\\/#primaryimage\"},\"thumbnailUrl\":\"https:\\\/\\\/www.organisator.ch\\\/wp-content\\\/uploads\\\/2020\\\/06\\\/Heinz-Karrer-tritt-als-economiesuisse-Praesident-im-September-ab-1_Organisator.jpg\",\"keywords\":[\"Management und Unternehmensf\u00fchrung\",\"Personalia\",\"Verb\u00e4nde\",\"Wirtschaftspolitik\"],\"articleSection\":[\"MANAGEMENT\"],\"inLanguage\":\"de\"},{\"@type\":\"WebPage\",\"@id\":\"https:\\\/\\\/www.organisator.ch\\\/management\\\/2020-06-22\\\/heinz-karrer-tritt-als-economiesuisse-praesident-im-september-ab\\\/\",\"url\":\"https:\\\/\\\/www.organisator.ch\\\/management\\\/2020-06-22\\\/heinz-karrer-tritt-als-economiesuisse-praesident-im-september-ab\\\/\",\"name\":\"Heinz Karrer tritt als economiesuisse-Pr\u00e4sident im September ab - Organisator\",\"isPartOf\":{\"@id\":\"https:\\\/\\\/www.organisator.ch\\\/#website\"},\"primaryImageOfPage\":{\"@id\":\"https:\\\/\\\/www.organisator.ch\\\/management\\\/2020-06-22\\\/heinz-karrer-tritt-als-economiesuisse-praesident-im-september-ab\\\/#primaryimage\"},\"image\":{\"@id\":\"https:\\\/\\\/www.organisator.ch\\\/management\\\/2020-06-22\\\/heinz-karrer-tritt-als-economiesuisse-praesident-im-september-ab\\\/#primaryimage\"},\"thumbnailUrl\":\"https:\\\/\\\/www.organisator.ch\\\/wp-content\\\/uploads\\\/2020\\\/06\\\/Heinz-Karrer-tritt-als-economiesuisse-Praesident-im-September-ab-1_Organisator.jpg\",\"datePublished\":\"2020-06-22T14:46:32+00:00\",\"description\":\"economiesuisse-Pr\u00e4sident Heinz Karrer hat sich zu Beginn des Jahres entschieden, nach sieben Jahren sein Amt Ende September zu \u00fcbergeben.\",\"breadcrumb\":{\"@id\":\"https:\\\/\\\/www.organisator.ch\\\/management\\\/2020-06-22\\\/heinz-karrer-tritt-als-economiesuisse-praesident-im-september-ab\\\/#breadcrumb\"},\"inLanguage\":\"de\",\"potentialAction\":[{\"@type\":\"ReadAction\",\"target\":[\"https:\\\/\\\/www.organisator.ch\\\/management\\\/2020-06-22\\\/heinz-karrer-tritt-als-economiesuisse-praesident-im-september-ab\\\/\"]}]},{\"@type\":\"ImageObject\",\"inLanguage\":\"de\",\"@id\":\"https:\\\/\\\/www.organisator.ch\\\/management\\\/2020-06-22\\\/heinz-karrer-tritt-als-economiesuisse-praesident-im-september-ab\\\/#primaryimage\",\"url\":\"https:\\\/\\\/www.organisator.ch\\\/wp-content\\\/uploads\\\/2020\\\/06\\\/Heinz-Karrer-tritt-als-economiesuisse-Praesident-im-September-ab-1_Organisator.jpg\",\"contentUrl\":\"https:\\\/\\\/www.organisator.ch\\\/wp-content\\\/uploads\\\/2020\\\/06\\\/Heinz-Karrer-tritt-als-economiesuisse-Praesident-im-September-ab-1_Organisator.jpg\",\"width\":680,\"height\":381,\"caption\":\"Heinz Karrer tritt Ende September nicht mehr f\u00fcr eine weitere Amtszeit an. (Bild: economiesuisse)\"},{\"@type\":\"BreadcrumbList\",\"@id\":\"https:\\\/\\\/www.organisator.ch\\\/management\\\/2020-06-22\\\/heinz-karrer-tritt-als-economiesuisse-praesident-im-september-ab\\\/#breadcrumb\",\"itemListElement\":[{\"@type\":\"ListItem\",\"position\":1,\"name\":\"Home\",\"item\":\"https:\\\/\\\/www.organisator.ch\\\/\"},{\"@type\":\"ListItem\",\"position\":2,\"name\":\"Heinz Karrer tritt als economiesuisse-Pr\u00e4sident im September ab\"}]},{\"@type\":\"WebSite\",\"@id\":\"https:\\\/\\\/www.organisator.ch\\\/#website\",\"url\":\"https:\\\/\\\/www.organisator.ch\\\/\",\"name\":\"Organisator\",\"description\":\"Kompetent. Praxisnah. Der ORGANISATOR bereitet in 10 Ausgaben pro Jahr die wesentlichen Themen f\u00fcr F\u00fchrungskr\u00e4fte von KMU auf.\",\"publisher\":{\"@id\":\"https:\\\/\\\/www.organisator.ch\\\/#organization\"},\"potentialAction\":[{\"@type\":\"SearchAction\",\"target\":{\"@type\":\"EntryPoint\",\"urlTemplate\":\"https:\\\/\\\/www.organisator.ch\\\/?s={search_term_string}\"},\"query-input\":{\"@type\":\"PropertyValueSpecification\",\"valueRequired\":true,\"valueName\":\"search_term_string\"}}],\"inLanguage\":\"de\"},{\"@type\":\"Organization\",\"@id\":\"https:\\\/\\\/www.organisator.ch\\\/#organization\",\"name\":\"Organisator\",\"url\":\"https:\\\/\\\/www.organisator.ch\\\/\",\"logo\":{\"@type\":\"ImageObject\",\"inLanguage\":\"de\",\"@id\":\"https:\\\/\\\/www.organisator.ch\\\/#\\\/schema\\\/logo\\\/image\\\/\",\"url\":\"https:\\\/\\\/www.organisator.ch\\\/wp-content\\\/uploads\\\/2022\\\/01\\\/Logo_Organisator_Website.png\",\"contentUrl\":\"https:\\\/\\\/www.organisator.ch\\\/wp-content\\\/uploads\\\/2022\\\/01\\\/Logo_Organisator_Website.png\",\"width\":800,\"height\":77,\"caption\":\"Organisator\"},\"image\":{\"@id\":\"https:\\\/\\\/www.organisator.ch\\\/#\\\/schema\\\/logo\\\/image\\\/\"},\"sameAs\":[\"https:\\\/\\\/www.facebook.com\\\/OrganisatorFachmagazin\",\"https:\\\/\\\/www.linkedin.com\\\/showcase\\\/organisator-das-magazin-fr-kmu\",\"https:\\\/\\\/www.xing.com\\\/news\\\/pages\\\/organisator-ch-695\",\"https:\\\/\\\/www.youtube.com\\\/channel\\\/UCGP2Sq0iWaZwT3BdIAQFYpw\"]},{\"@type\":\"Person\",\"@id\":\"https:\\\/\\\/www.organisator.ch\\\/#\\\/schema\\\/person\\\/6f650f90b2842cd4c0cc334b4e36f67e\",\"name\":\"thomas.berner\",\"image\":{\"@type\":\"ImageObject\",\"inLanguage\":\"de\",\"@id\":\"https:\\\/\\\/secure.gravatar.com\\\/avatar\\\/ac5001d2a36cb6c6cd3e50789007ffca834b477b74a2144564522e944eabff61?s=96&d=mm&r=g\",\"url\":\"https:\\\/\\\/secure.gravatar.com\\\/avatar\\\/ac5001d2a36cb6c6cd3e50789007ffca834b477b74a2144564522e944eabff61?s=96&d=mm&r=g\",\"contentUrl\":\"https:\\\/\\\/secure.gravatar.com\\\/avatar\\\/ac5001d2a36cb6c6cd3e50789007ffca834b477b74a2144564522e944eabff61?s=96&d=mm&r=g\",\"caption\":\"thomas.berner\"},\"url\":\"https:\\\/\\\/www.organisator.ch\\\/de\\\/author\\\/thomas-berner\\\/\"}]}<\/script>\n<!-- \/ Yoast SEO plugin. -->","yoast_head_json":{"title":"Heinz Karrer tritt als economiesuisse-Pr\u00e4sident im September ab - Organisator","description":"economiesuisse-Pr\u00e4sident Heinz Karrer hat sich zu Beginn des Jahres entschieden, nach sieben Jahren sein Amt Ende September zu \u00fcbergeben.","robots":{"index":"index","follow":"follow","max-snippet":"max-snippet:-1","max-image-preview":"max-image-preview:large","max-video-preview":"max-video-preview:-1"},"canonical":"https:\/\/www.organisator.ch\/de\/management\/2020-06-22\/heinz-karrer-tritt-als-economiesuisse-praesident-im-september-ab\/","og_locale":"de_DE","og_type":"article","og_title":"Heinz Karrer tritt als economiesuisse-Pr\u00e4sident im September ab","og_description":"economiesuisse-Pr\u00e4sident Heinz Karrer hat sich zu Beginn des Jahres entschieden, nach sieben Jahren sein Amt Ende September zu \u00fcbergeben.","og_url":"https:\/\/www.organisator.ch\/de\/management\/2020-06-22\/heinz-karrer-tritt-als-economiesuisse-praesident-im-september-ab\/","og_site_name":"Organisator","article_publisher":"https:\/\/www.facebook.com\/OrganisatorFachmagazin","article_published_time":"2020-06-22T14:46:32+00:00","og_image":[{"width":680,"height":381,"url":"https:\/\/www.organisator.ch\/wp-content\/uploads\/2020\/06\/Heinz-Karrer-tritt-als-economiesuisse-Praesident-im-September-ab-1_Organisator.jpg","type":"image\/jpeg"}],"author":"thomas.berner","twitter_card":"summary_large_image","twitter_title":"Heinz Karrer tritt als #economiesuisse-Pr\u00e4sident im September ab","twitter_description":"#economiesuisse-Pr\u00e4sident Heinz #Karrer hat sich zu Beginn des Jahres entschieden, nach sieben Jahren sein Amt Ende September zu \u00fcbergeben.","twitter_image":"https:\/\/www.organisator.ch\/wp-content\/uploads\/2020\/06\/Heinz-Karrer-tritt-als-economiesuisse-Praesident-im-September-ab-1_Organisator.jpg","schema":{"@context":"https:\/\/schema.org","@graph":[{"@type":"Article","@id":"https:\/\/www.organisator.ch\/management\/2020-06-22\/heinz-karrer-tritt-als-economiesuisse-praesident-im-september-ab\/#article","isPartOf":{"@id":"https:\/\/www.organisator.ch\/management\/2020-06-22\/heinz-karrer-tritt-als-economiesuisse-praesident-im-september-ab\/"},"author":{"name":"thomas.berner","@id":"https:\/\/www.organisator.ch\/#\/schema\/person\/6f650f90b2842cd4c0cc334b4e36f67e"},"headline":"Heinz Karrer tritt als economiesuisse-Pr\u00e4sident im September ab","datePublished":"2020-06-22T14:46:32+00:00","mainEntityOfPage":{"@id":"https:\/\/www.organisator.ch\/management\/2020-06-22\/heinz-karrer-tritt-als-economiesuisse-praesident-im-september-ab\/"},"wordCount":835,"publisher":{"@id":"https:\/\/www.organisator.ch\/#organization"},"image":{"@id":"https:\/\/www.organisator.ch\/management\/2020-06-22\/heinz-karrer-tritt-als-economiesuisse-praesident-im-september-ab\/#primaryimage"},"thumbnailUrl":"https:\/\/www.organisator.ch\/wp-content\/uploads\/2020\/06\/Heinz-Karrer-tritt-als-economiesuisse-Praesident-im-September-ab-1_Organisator.jpg","keywords":["Management und Unternehmensf\u00fchrung","Personalia","Verb\u00e4nde","Wirtschaftspolitik"],"articleSection":["MANAGEMENT"],"inLanguage":"de"},{"@type":"WebPage","@id":"https:\/\/www.organisator.ch\/management\/2020-06-22\/heinz-karrer-tritt-als-economiesuisse-praesident-im-september-ab\/","url":"https:\/\/www.organisator.ch\/management\/2020-06-22\/heinz-karrer-tritt-als-economiesuisse-praesident-im-september-ab\/","name":"Heinz Karrer tritt als economiesuisse-Pr\u00e4sident im September ab - Organisator","isPartOf":{"@id":"https:\/\/www.organisator.ch\/#website"},"primaryImageOfPage":{"@id":"https:\/\/www.organisator.ch\/management\/2020-06-22\/heinz-karrer-tritt-als-economiesuisse-praesident-im-september-ab\/#primaryimage"},"image":{"@id":"https:\/\/www.organisator.ch\/management\/2020-06-22\/heinz-karrer-tritt-als-economiesuisse-praesident-im-september-ab\/#primaryimage"},"thumbnailUrl":"https:\/\/www.organisator.ch\/wp-content\/uploads\/2020\/06\/Heinz-Karrer-tritt-als-economiesuisse-Praesident-im-September-ab-1_Organisator.jpg","datePublished":"2020-06-22T14:46:32+00:00","description":"economiesuisse-Pr\u00e4sident Heinz Karrer hat sich zu Beginn des Jahres entschieden, nach sieben Jahren sein Amt Ende September zu \u00fcbergeben.","breadcrumb":{"@id":"https:\/\/www.organisator.ch\/management\/2020-06-22\/heinz-karrer-tritt-als-economiesuisse-praesident-im-september-ab\/#breadcrumb"},"inLanguage":"de","potentialAction":[{"@type":"ReadAction","target":["https:\/\/www.organisator.ch\/management\/2020-06-22\/heinz-karrer-tritt-als-economiesuisse-praesident-im-september-ab\/"]}]},{"@type":"ImageObject","inLanguage":"de","@id":"https:\/\/www.organisator.ch\/management\/2020-06-22\/heinz-karrer-tritt-als-economiesuisse-praesident-im-september-ab\/#primaryimage","url":"https:\/\/www.organisator.ch\/wp-content\/uploads\/2020\/06\/Heinz-Karrer-tritt-als-economiesuisse-Praesident-im-September-ab-1_Organisator.jpg","contentUrl":"https:\/\/www.organisator.ch\/wp-content\/uploads\/2020\/06\/Heinz-Karrer-tritt-als-economiesuisse-Praesident-im-September-ab-1_Organisator.jpg","width":680,"height":381,"caption":"Heinz Karrer tritt Ende September nicht mehr f\u00fcr eine weitere Amtszeit an. (Bild: economiesuisse)"},{"@type":"BreadcrumbList","@id":"https:\/\/www.organisator.ch\/management\/2020-06-22\/heinz-karrer-tritt-als-economiesuisse-praesident-im-september-ab\/#breadcrumb","itemListElement":[{"@type":"ListItem","position":1,"name":"Home","item":"https:\/\/www.organisator.ch\/"},{"@type":"ListItem","position":2,"name":"Heinz Karrer tritt als economiesuisse-Pr\u00e4sident im September ab"}]},{"@type":"WebSite","@id":"https:\/\/www.organisator.ch\/#website","url":"https:\/\/www.organisator.ch\/","name":"Organisator","description":"Kompetent. Praxisnah. Der ORGANISATOR bereitet in 10 Ausgaben pro Jahr die wesentlichen Themen f\u00fcr F\u00fchrungskr\u00e4fte von KMU auf.","publisher":{"@id":"https:\/\/www.organisator.ch\/#organization"},"potentialAction":[{"@type":"SearchAction","target":{"@type":"EntryPoint","urlTemplate":"https:\/\/www.organisator.ch\/?s={search_term_string}"},"query-input":{"@type":"PropertyValueSpecification","valueRequired":true,"valueName":"search_term_string"}}],"inLanguage":"de"},{"@type":"Organization","@id":"https:\/\/www.organisator.ch\/#organization","name":"Organisator","url":"https:\/\/www.organisator.ch\/","logo":{"@type":"ImageObject","inLanguage":"de","@id":"https:\/\/www.organisator.ch\/#\/schema\/logo\/image\/","url":"https:\/\/www.organisator.ch\/wp-content\/uploads\/2022\/01\/Logo_Organisator_Website.png","contentUrl":"https:\/\/www.organisator.ch\/wp-content\/uploads\/2022\/01\/Logo_Organisator_Website.png","width":800,"height":77,"caption":"Organisator"},"image":{"@id":"https:\/\/www.organisator.ch\/#\/schema\/logo\/image\/"},"sameAs":["https:\/\/www.facebook.com\/OrganisatorFachmagazin","https:\/\/www.linkedin.com\/showcase\/organisator-das-magazin-fr-kmu","https:\/\/www.xing.com\/news\/pages\/organisator-ch-695","https:\/\/www.youtube.com\/channel\/UCGP2Sq0iWaZwT3BdIAQFYpw"]},{"@type":"Person","@id":"https:\/\/www.organisator.ch\/#\/schema\/person\/6f650f90b2842cd4c0cc334b4e36f67e","name":"thomas.berner","image":{"@type":"ImageObject","inLanguage":"de","@id":"https:\/\/secure.gravatar.com\/avatar\/ac5001d2a36cb6c6cd3e50789007ffca834b477b74a2144564522e944eabff61?s=96&d=mm&r=g","url":"https:\/\/secure.gravatar.com\/avatar\/ac5001d2a36cb6c6cd3e50789007ffca834b477b74a2144564522e944eabff61?s=96&d=mm&r=g","contentUrl":"https:\/\/secure.gravatar.com\/avatar\/ac5001d2a36cb6c6cd3e50789007ffca834b477b74a2144564522e944eabff61?s=96&d=mm&r=g","caption":"thomas.berner"},"url":"https:\/\/www.organisator.ch\/de\/author\/thomas-berner\/"}]}},"_links":{"self":[{"href":"https:\/\/www.organisator.ch\/de\/wp-json\/wp\/v2\/posts\/6851","targetHints":{"allow":["GET"]}}],"collection":[{"href":"https:\/\/www.organisator.ch\/de\/wp-json\/wp\/v2\/posts"}],"about":[{"href":"https:\/\/www.organisator.ch\/de\/wp-json\/wp\/v2\/types\/post"}],"author":[{"embeddable":true,"href":"https:\/\/www.organisator.ch\/de\/wp-json\/wp\/v2\/users\/4"}],"replies":[{"embeddable":true,"href":"https:\/\/www.organisator.ch\/de\/wp-json\/wp\/v2\/comments?post=6851"}],"version-history":[{"count":0,"href":"https:\/\/www.organisator.ch\/de\/wp-json\/wp\/v2\/posts\/6851\/revisions"}],"wp:featuredmedia":[{"embeddable":true,"href":"https:\/\/www.organisator.ch\/de\/wp-json\/wp\/v2\/media\/6852"}],"wp:attachment":[{"href":"https:\/\/www.organisator.ch\/de\/wp-json\/wp\/v2\/media?parent=6851"}],"wp:term":[{"taxonomy":"category","embeddable":true,"href":"https:\/\/www.organisator.ch\/de\/wp-json\/wp\/v2\/categories?post=6851"},{"taxonomy":"post_tag","embeddable":true,"href":"https:\/\/www.organisator.ch\/de\/wp-json\/wp\/v2\/tags?post=6851"}],"curies":[{"name":"wp","href":"https:\/\/api.w.org\/{rel}","templated":true}]}}