{"id":6862,"date":"2020-06-24T13:49:01","date_gmt":"2020-06-24T11:49:01","guid":{"rendered":"https:\/\/www.organisator.ch\/?p=6862"},"modified":"2020-06-24T13:49:01","modified_gmt":"2020-06-24T11:49:01","slug":"trotz-corona-geschaeftsreisende-bevorzugen-persoenliche-meetings","status":"publish","type":"post","link":"https:\/\/www.organisator.ch\/de\/management\/2020-06-24\/trotz-corona-geschaeftsreisende-bevorzugen-persoenliche-meetings\/","title":{"rendered":"Trotz Corona: Gesch\u00e4ftsreisende bevorzugen pers\u00f6nliche Meetings"},"content":{"rendered":"<figure id=\"attachment_6863\" aria-describedby=\"caption-attachment-6863\" style=\"width: 680px\" class=\"wp-caption alignnone\"><img loading=\"lazy\" decoding=\"async\" class=\"size-medium wp-image-6863\" src=\"https:\/\/www.organisator.ch\/wp-content\/uploads\/2020\/06\/Trotz-Corona-Geschaeftsreisende-bevorzugen-persoenliche-Meetings_Organisator.jpg\" alt=\"\" width=\"680\" height=\"539\" srcset=\"https:\/\/www.organisator.ch\/wp-content\/uploads\/2020\/06\/Trotz-Corona-Geschaeftsreisende-bevorzugen-persoenliche-Meetings_Organisator.jpg 680w, https:\/\/www.organisator.ch\/wp-content\/uploads\/2020\/06\/Trotz-Corona-Geschaeftsreisende-bevorzugen-persoenliche-Meetings_Organisator-16x12.jpg 16w, https:\/\/www.organisator.ch\/wp-content\/uploads\/2020\/06\/Trotz-Corona-Geschaeftsreisende-bevorzugen-persoenliche-Meetings_Organisator-221x175.jpg 221w, https:\/\/www.organisator.ch\/wp-content\/uploads\/2020\/06\/Trotz-Corona-Geschaeftsreisende-bevorzugen-persoenliche-Meetings_Organisator-442x350.jpg 442w, https:\/\/www.organisator.ch\/wp-content\/uploads\/2020\/06\/Trotz-Corona-Geschaeftsreisende-bevorzugen-persoenliche-Meetings_Organisator-300x238.jpg 300w\" sizes=\"auto, (max-width: 680px) 100vw, 680px\" \/><figcaption id=\"caption-attachment-6863\" class=\"wp-caption-text\">Trotz Corona: Pers\u00f6nliche Treffen bringen mehr Umsatz. (Bild: obs\/DRV Deutscher Reiseverband e.V.)<\/figcaption><\/figure>\n<p>Home-Office statt dienstlich unterwegs: So sah wegen den Corona-Ma\u00dfnahmen der Arbeitsalltag vieler Besch\u00e4ftigter wochenlang aus. Gem\u00e4ss dem Deutschen Reiseverband e.V. (DRV) wurden seit M\u00e4rz 69 Prozent der Gesch\u00e4ftsreisen durch virtuelle Meetings ersetzt. Das entspricht einem Anstieg um 39 Prozentpunkte im Vergleich zum Jahr 2019. Obwohl Dienstreisen trotz des Lockdowns m\u00f6glich waren, fanden seit Ausbruch der Pandemie lediglich 16 Prozent der Meetings mit externen Teilnehmern wie Kunden oder Dienstleistern statt, jeweils 16 Prozent wurden verschoben oder ganz abgesagt. Und jede dritte Konferenz wurde erstmals virtuell durchgef\u00fchrt. Die Gesch\u00e4ftsreise-Branche kam damit w\u00e4hrend der Akutphase der Corona-Pandemie fast g\u00e4nzlich zum Erliegen.<\/p>\n<p>Auch wenn virtuelle Meetings inzwischen vielerorts Routine sind, wollen Gesch\u00e4ftsreisende k\u00fcnftig wieder mehr auf pers\u00f6nliche Treffen setzen. 85 Prozent der Befragten geben an, diese Art des Meetings zu bevorzugen. 43 Prozent von ihnen planen, in Zukunft deutlich weniger virtuelle Meetings durchzuf\u00fchren. 42 Prozent m\u00f6chten hingegen weiterhin einen Teil der Meetings virtuell abhalten.<\/p>\n<h2>Pers\u00f6nliche Treffen bringen mehr Umsatz &#8211; trotz Corona<\/h2>\n<p>Viele Besch\u00e4ftigte haben in den vergangenen Wochen gemerkt, dass Video- und Telefonkonferenzen durchaus Vorteile bieten. 79 Prozent nennen zum Beispiel niedrigere Kosten und 73 Prozent Zeitersparnis. 68 Prozent f\u00e4llt aber auch ein schwerwiegendes Defizit auf &#8211; die Gefahr durch technische Probleme. Dar\u00fcber hinaus gibt es weitere Aspekte, die eher f\u00fcr pers\u00f6nliche Meetings sprechen. Als Pluspunkte erw\u00e4hnen 51 Prozent das pers\u00f6nliche Erfolgserlebnis f\u00fcr Mitarbeiter und 49 Prozent die bessere Beziehungspflege. Auch aus Vertriebssicht scheint der pers\u00f6nliche Kontakt vorteilhaft zu sein: So sagen 45 Prozent, dass sie bei pers\u00f6nlichen Treffen mehr Umsatz erzielen. Bei virtuellen Meetings trifft dies lediglich bei einem Drittel der Befragten zu.<\/p>\n<p>&#8222;Ein pers\u00f6nliches Treffen schafft eine Vertrauensbasis, die sich virtuell nur schwer herstellen l\u00e4sst&#8220;, sagt Verena Funke, Country Director bei Egencia. &#8222;Wichtige Gespr\u00e4che werden deshalb k\u00fcnftig sicherlich wieder h\u00e4ufiger pers\u00f6nlich stattfinden. Durch die Zusammenarbeit mit den Experten eines Gesch\u00e4ftsreiseb\u00fcros lassen sich Corona-bedingte Sicherheitsrisiken vermeiden.&#8220;<\/p>\n<h2>Einige Gesch\u00e4ftsreisende sind unterwegs besonders produktiv<\/h2>\n<p>Ein weiterer Vorteil von pers\u00f6nlichen Treffen und den daf\u00fcr n\u00f6tigen Reisen ist, dass 19 Prozent der Gesch\u00e4ftsreisenden unterwegs produktiver arbeiten k\u00f6nnen als an ihrem festen Arbeitsplatz. Jeder Zweite erreicht trotz Reiseaufwand immerhin noch das gleiche Niveau. Das liegt vor allem daran, dass Alleinreisende die Zeit zwischen oder nach Terminen sinnvoll zum Arbeiten nutzen k\u00f6nnen. Zwei von drei Befragten nennen das als Grund, warum sie unterwegs produktiv sind. Sechs von zehn f\u00fchren dies darauf zur\u00fcck, dass sie sich zwischendurch entspannen k\u00f6nnen. F\u00fcr jeden Zweiten wirkt eine andere Umgebung kreativit\u00e4tsf\u00f6rdernd und dient somit auch der Produktivit\u00e4t.<\/p>\n<p>Doch nicht \u00fcberall finden Gesch\u00e4ftsreisende die richtigen Bedingungen vor, um produktiv arbeiten zu k\u00f6nnen. Das gilt gerade f\u00fcr Flugh\u00e4fen und Bahnh\u00f6fe. 31 Prozent sind mit dem dort angebotenen WLAN-Zugang unzufrieden. 33 Prozent w\u00fcnschen sich mehr schallgesch\u00fctzte Kabinen zum ungest\u00f6rten Telefonieren und 35 Prozent mehr ruhige Arbeitsbereiche mit Tisch. &#8222;Unternehmen k\u00f6nnen die Produktivit\u00e4t ihrer Mitarbeiter auf Gesch\u00e4ftsreisen f\u00f6rdern&#8220;, sagt Funke. &#8222;Dazu geh\u00f6rt zum Beispiel, Zugang zu Lounges zu organisieren und WLAN-Zugang zu erm\u00f6glichen. Gesch\u00e4ftsreiseb\u00fcros helfen ihren Partnern dabei, die passende L\u00f6sung f\u00fcr die Angestellten zu finden.&#8220;<\/p>\n<p>Keimt nun also leise Hoffnung auf f\u00fcr die Gesch\u00e4ftsreise-Branche?<\/p>\n<p><em>Quelle: <a href=\"https:\/\/www.drv.de\/\">Deutscher Reiseverband e. V. (DRV)<\/a><\/em><\/p>\n","protected":false},"excerpt":{"rendered":"<p>Home-Office statt dienstlich unterwegs: So sah wegen den Corona-Ma\u00dfnahmen der Arbeitsalltag vieler Besch\u00e4ftigter wochenlang aus. Gem\u00e4ss dem Deutschen Reiseverband e.V. (DRV) wurden seit M\u00e4rz 69 Prozent der Gesch\u00e4ftsreisen durch virtuelle Meetings ersetzt. Das entspricht einem Anstieg um 39 Prozentpunkte im Vergleich zum Jahr 2019. Obwohl Dienstreisen trotz des Lockdowns m\u00f6glich waren, fanden seit Ausbruch der [&hellip;]<\/p>\n","protected":false},"author":4,"featured_media":6863,"comment_status":"closed","ping_status":"closed","sticky":false,"template":"","format":"standard","meta":{"_acf_changed":false,"_yoast_wpseo_focuskw":"Trotz Corona","_yoast_wpseo_metadesc":"Eine Studie des Deutschen Reiseverbands e.V. (DRV) zeigt, dass Gesch\u00e4ftsreisende trotz Corona pers\u00f6nliche Meetings bevorzugen.","articlekey":"","footnotes":""},"categories":[28],"tags":[107,132,335,459],"class_list":["post-6862","post","type-post","status-publish","format-standard","has-post-thumbnail","hentry","category-management","tag-business-travel","tag-coronavirus","tag-management-und-unternehmensfuehrung","tag-studie"],"acf":[],"yoast_head":"<!-- This site is optimized with the Yoast SEO plugin v27.5 - https:\/\/yoast.com\/product\/yoast-seo-wordpress\/ -->\n<title>Trotz Corona: Gesch\u00e4ftsreisende bevorzugen pers\u00f6nliche Meetings - Organisator<\/title>\n<meta name=\"description\" content=\"Eine Studie des Deutschen Reiseverbands e.V. (DRV) zeigt, dass Gesch\u00e4ftsreisende trotz Corona pers\u00f6nliche Meetings bevorzugen.\" \/>\n<meta name=\"robots\" content=\"index, follow, max-snippet:-1, max-image-preview:large, max-video-preview:-1\" \/>\n<link rel=\"canonical\" href=\"https:\/\/www.organisator.ch\/de\/management\/2020-06-24\/trotz-corona-geschaeftsreisende-bevorzugen-persoenliche-meetings\/\" \/>\n<meta property=\"og:locale\" content=\"de_DE\" \/>\n<meta property=\"og:type\" content=\"article\" \/>\n<meta property=\"og:title\" content=\"Trotz Corona: Gesch\u00e4ftsreisende bevorzugen pers\u00f6nliche Meetings\" \/>\n<meta property=\"og:description\" content=\"Eine Studie des Deutschen Reiseverbands e.V. (DRV) zeigt, dass Gesch\u00e4ftsreisende trotz Corona pers\u00f6nliche Meetings bevorzugen.\" \/>\n<meta property=\"og:url\" content=\"https:\/\/www.organisator.ch\/de\/management\/2020-06-24\/trotz-corona-geschaeftsreisende-bevorzugen-persoenliche-meetings\/\" \/>\n<meta property=\"og:site_name\" content=\"Organisator\" \/>\n<meta property=\"article:publisher\" content=\"https:\/\/www.facebook.com\/OrganisatorFachmagazin\" \/>\n<meta property=\"article:published_time\" content=\"2020-06-24T11:49:01+00:00\" \/>\n<meta property=\"og:image\" content=\"https:\/\/www.organisator.ch\/wp-content\/uploads\/2020\/06\/Trotz-Corona-Geschaeftsreisende-bevorzugen-persoenliche-Meetings_Organisator.jpg\" \/>\n\t<meta property=\"og:image:width\" content=\"680\" \/>\n\t<meta property=\"og:image:height\" content=\"539\" \/>\n\t<meta property=\"og:image:type\" content=\"image\/jpeg\" \/>\n<meta name=\"author\" content=\"thomas.berner\" \/>\n<meta name=\"twitter:card\" content=\"summary_large_image\" \/>\n<meta name=\"twitter:title\" content=\"Trotz #Corona: #Gesch\u00e4ftsreisende bevorzugen pers\u00f6nliche Meetings\" \/>\n<meta name=\"twitter:description\" content=\"Eine Studie des Deutschen Reiseverbands e.V. (#DRV) zeigt, dass #Gesch\u00e4ftsreisende trotz #Corona pers\u00f6nliche Meetings bevorzugen.\" \/>\n<meta name=\"twitter:image\" content=\"https:\/\/www.organisator.ch\/wp-content\/uploads\/2020\/06\/Trotz-Corona-Geschaeftsreisende-bevorzugen-persoenliche-Meetings_Organisator.jpg\" \/>\n<script type=\"application\/ld+json\" class=\"yoast-schema-graph\">{\"@context\":\"https:\\\/\\\/schema.org\",\"@graph\":[{\"@type\":\"Article\",\"@id\":\"https:\\\/\\\/www.organisator.ch\\\/management\\\/2020-06-24\\\/trotz-corona-geschaeftsreisende-bevorzugen-persoenliche-meetings\\\/#article\",\"isPartOf\":{\"@id\":\"https:\\\/\\\/www.organisator.ch\\\/management\\\/2020-06-24\\\/trotz-corona-geschaeftsreisende-bevorzugen-persoenliche-meetings\\\/\"},\"author\":{\"name\":\"thomas.berner\",\"@id\":\"https:\\\/\\\/www.organisator.ch\\\/#\\\/schema\\\/person\\\/6f650f90b2842cd4c0cc334b4e36f67e\"},\"headline\":\"Trotz Corona: Gesch\u00e4ftsreisende bevorzugen pers\u00f6nliche Meetings\",\"datePublished\":\"2020-06-24T11:49:01+00:00\",\"mainEntityOfPage\":{\"@id\":\"https:\\\/\\\/www.organisator.ch\\\/management\\\/2020-06-24\\\/trotz-corona-geschaeftsreisende-bevorzugen-persoenliche-meetings\\\/\"},\"wordCount\":585,\"publisher\":{\"@id\":\"https:\\\/\\\/www.organisator.ch\\\/#organization\"},\"image\":{\"@id\":\"https:\\\/\\\/www.organisator.ch\\\/management\\\/2020-06-24\\\/trotz-corona-geschaeftsreisende-bevorzugen-persoenliche-meetings\\\/#primaryimage\"},\"thumbnailUrl\":\"https:\\\/\\\/www.organisator.ch\\\/wp-content\\\/uploads\\\/2020\\\/06\\\/Trotz-Corona-Geschaeftsreisende-bevorzugen-persoenliche-Meetings_Organisator.jpg\",\"keywords\":[\"Business Travel\",\"Coronavirus\",\"Management und Unternehmensf\u00fchrung\",\"Studie\"],\"articleSection\":[\"MANAGEMENT\"],\"inLanguage\":\"de\"},{\"@type\":\"WebPage\",\"@id\":\"https:\\\/\\\/www.organisator.ch\\\/management\\\/2020-06-24\\\/trotz-corona-geschaeftsreisende-bevorzugen-persoenliche-meetings\\\/\",\"url\":\"https:\\\/\\\/www.organisator.ch\\\/management\\\/2020-06-24\\\/trotz-corona-geschaeftsreisende-bevorzugen-persoenliche-meetings\\\/\",\"name\":\"Trotz Corona: Gesch\u00e4ftsreisende bevorzugen pers\u00f6nliche Meetings - Organisator\",\"isPartOf\":{\"@id\":\"https:\\\/\\\/www.organisator.ch\\\/#website\"},\"primaryImageOfPage\":{\"@id\":\"https:\\\/\\\/www.organisator.ch\\\/management\\\/2020-06-24\\\/trotz-corona-geschaeftsreisende-bevorzugen-persoenliche-meetings\\\/#primaryimage\"},\"image\":{\"@id\":\"https:\\\/\\\/www.organisator.ch\\\/management\\\/2020-06-24\\\/trotz-corona-geschaeftsreisende-bevorzugen-persoenliche-meetings\\\/#primaryimage\"},\"thumbnailUrl\":\"https:\\\/\\\/www.organisator.ch\\\/wp-content\\\/uploads\\\/2020\\\/06\\\/Trotz-Corona-Geschaeftsreisende-bevorzugen-persoenliche-Meetings_Organisator.jpg\",\"datePublished\":\"2020-06-24T11:49:01+00:00\",\"description\":\"Eine Studie des Deutschen Reiseverbands e.V. (DRV) zeigt, dass Gesch\u00e4ftsreisende trotz Corona pers\u00f6nliche Meetings bevorzugen.\",\"breadcrumb\":{\"@id\":\"https:\\\/\\\/www.organisator.ch\\\/management\\\/2020-06-24\\\/trotz-corona-geschaeftsreisende-bevorzugen-persoenliche-meetings\\\/#breadcrumb\"},\"inLanguage\":\"de\",\"potentialAction\":[{\"@type\":\"ReadAction\",\"target\":[\"https:\\\/\\\/www.organisator.ch\\\/management\\\/2020-06-24\\\/trotz-corona-geschaeftsreisende-bevorzugen-persoenliche-meetings\\\/\"]}]},{\"@type\":\"ImageObject\",\"inLanguage\":\"de\",\"@id\":\"https:\\\/\\\/www.organisator.ch\\\/management\\\/2020-06-24\\\/trotz-corona-geschaeftsreisende-bevorzugen-persoenliche-meetings\\\/#primaryimage\",\"url\":\"https:\\\/\\\/www.organisator.ch\\\/wp-content\\\/uploads\\\/2020\\\/06\\\/Trotz-Corona-Geschaeftsreisende-bevorzugen-persoenliche-Meetings_Organisator.jpg\",\"contentUrl\":\"https:\\\/\\\/www.organisator.ch\\\/wp-content\\\/uploads\\\/2020\\\/06\\\/Trotz-Corona-Geschaeftsreisende-bevorzugen-persoenliche-Meetings_Organisator.jpg\",\"width\":680,\"height\":539,\"caption\":\"Trotz Corona: Pers\u00f6nliche Treffen bringen mehr Umsatz Weiterer Text \u00fcber ots und www.presseportal.de\\\/nr\\\/106972 \\\/ Die Verwendung dieses Bildes ist f\u00fcr redaktionelle Zwecke honorarfrei. Ver\u00f6ffentlichung bitte unter Quellenangabe: \\\"obs\\\/DRV Deutscher Reiseverband e.V.\\\"\"},{\"@type\":\"BreadcrumbList\",\"@id\":\"https:\\\/\\\/www.organisator.ch\\\/management\\\/2020-06-24\\\/trotz-corona-geschaeftsreisende-bevorzugen-persoenliche-meetings\\\/#breadcrumb\",\"itemListElement\":[{\"@type\":\"ListItem\",\"position\":1,\"name\":\"Home\",\"item\":\"https:\\\/\\\/www.organisator.ch\\\/\"},{\"@type\":\"ListItem\",\"position\":2,\"name\":\"Trotz Corona: Gesch\u00e4ftsreisende bevorzugen pers\u00f6nliche Meetings\"}]},{\"@type\":\"WebSite\",\"@id\":\"https:\\\/\\\/www.organisator.ch\\\/#website\",\"url\":\"https:\\\/\\\/www.organisator.ch\\\/\",\"name\":\"Organisator\",\"description\":\"Kompetent. Praxisnah. Der ORGANISATOR bereitet in 10 Ausgaben pro Jahr die wesentlichen Themen f\u00fcr F\u00fchrungskr\u00e4fte von KMU auf.\",\"publisher\":{\"@id\":\"https:\\\/\\\/www.organisator.ch\\\/#organization\"},\"potentialAction\":[{\"@type\":\"SearchAction\",\"target\":{\"@type\":\"EntryPoint\",\"urlTemplate\":\"https:\\\/\\\/www.organisator.ch\\\/?s={search_term_string}\"},\"query-input\":{\"@type\":\"PropertyValueSpecification\",\"valueRequired\":true,\"valueName\":\"search_term_string\"}}],\"inLanguage\":\"de\"},{\"@type\":\"Organization\",\"@id\":\"https:\\\/\\\/www.organisator.ch\\\/#organization\",\"name\":\"Organisator\",\"url\":\"https:\\\/\\\/www.organisator.ch\\\/\",\"logo\":{\"@type\":\"ImageObject\",\"inLanguage\":\"de\",\"@id\":\"https:\\\/\\\/www.organisator.ch\\\/#\\\/schema\\\/logo\\\/image\\\/\",\"url\":\"https:\\\/\\\/www.organisator.ch\\\/wp-content\\\/uploads\\\/2022\\\/01\\\/Logo_Organisator_Website.png\",\"contentUrl\":\"https:\\\/\\\/www.organisator.ch\\\/wp-content\\\/uploads\\\/2022\\\/01\\\/Logo_Organisator_Website.png\",\"width\":800,\"height\":77,\"caption\":\"Organisator\"},\"image\":{\"@id\":\"https:\\\/\\\/www.organisator.ch\\\/#\\\/schema\\\/logo\\\/image\\\/\"},\"sameAs\":[\"https:\\\/\\\/www.facebook.com\\\/OrganisatorFachmagazin\",\"https:\\\/\\\/www.linkedin.com\\\/showcase\\\/organisator-das-magazin-fr-kmu\",\"https:\\\/\\\/www.xing.com\\\/news\\\/pages\\\/organisator-ch-695\",\"https:\\\/\\\/www.youtube.com\\\/channel\\\/UCGP2Sq0iWaZwT3BdIAQFYpw\"]},{\"@type\":\"Person\",\"@id\":\"https:\\\/\\\/www.organisator.ch\\\/#\\\/schema\\\/person\\\/6f650f90b2842cd4c0cc334b4e36f67e\",\"name\":\"thomas.berner\",\"image\":{\"@type\":\"ImageObject\",\"inLanguage\":\"de\",\"@id\":\"https:\\\/\\\/secure.gravatar.com\\\/avatar\\\/ac5001d2a36cb6c6cd3e50789007ffca834b477b74a2144564522e944eabff61?s=96&d=mm&r=g\",\"url\":\"https:\\\/\\\/secure.gravatar.com\\\/avatar\\\/ac5001d2a36cb6c6cd3e50789007ffca834b477b74a2144564522e944eabff61?s=96&d=mm&r=g\",\"contentUrl\":\"https:\\\/\\\/secure.gravatar.com\\\/avatar\\\/ac5001d2a36cb6c6cd3e50789007ffca834b477b74a2144564522e944eabff61?s=96&d=mm&r=g\",\"caption\":\"thomas.berner\"},\"url\":\"https:\\\/\\\/www.organisator.ch\\\/de\\\/author\\\/thomas-berner\\\/\"}]}<\/script>\n<!-- \/ Yoast SEO plugin. -->","yoast_head_json":{"title":"Trotz Corona: Gesch\u00e4ftsreisende bevorzugen pers\u00f6nliche Meetings - Organisator","description":"Eine Studie des Deutschen Reiseverbands e.V. (DRV) zeigt, dass Gesch\u00e4ftsreisende trotz Corona pers\u00f6nliche Meetings bevorzugen.","robots":{"index":"index","follow":"follow","max-snippet":"max-snippet:-1","max-image-preview":"max-image-preview:large","max-video-preview":"max-video-preview:-1"},"canonical":"https:\/\/www.organisator.ch\/de\/management\/2020-06-24\/trotz-corona-geschaeftsreisende-bevorzugen-persoenliche-meetings\/","og_locale":"de_DE","og_type":"article","og_title":"Trotz Corona: Gesch\u00e4ftsreisende bevorzugen pers\u00f6nliche Meetings","og_description":"Eine Studie des Deutschen Reiseverbands e.V. (DRV) zeigt, dass Gesch\u00e4ftsreisende trotz Corona pers\u00f6nliche Meetings bevorzugen.","og_url":"https:\/\/www.organisator.ch\/de\/management\/2020-06-24\/trotz-corona-geschaeftsreisende-bevorzugen-persoenliche-meetings\/","og_site_name":"Organisator","article_publisher":"https:\/\/www.facebook.com\/OrganisatorFachmagazin","article_published_time":"2020-06-24T11:49:01+00:00","og_image":[{"width":680,"height":539,"url":"https:\/\/www.organisator.ch\/wp-content\/uploads\/2020\/06\/Trotz-Corona-Geschaeftsreisende-bevorzugen-persoenliche-Meetings_Organisator.jpg","type":"image\/jpeg"}],"author":"thomas.berner","twitter_card":"summary_large_image","twitter_title":"Trotz #Corona: #Gesch\u00e4ftsreisende bevorzugen pers\u00f6nliche Meetings","twitter_description":"Eine Studie des Deutschen Reiseverbands e.V. (#DRV) zeigt, dass #Gesch\u00e4ftsreisende trotz #Corona pers\u00f6nliche Meetings bevorzugen.","twitter_image":"https:\/\/www.organisator.ch\/wp-content\/uploads\/2020\/06\/Trotz-Corona-Geschaeftsreisende-bevorzugen-persoenliche-Meetings_Organisator.jpg","schema":{"@context":"https:\/\/schema.org","@graph":[{"@type":"Article","@id":"https:\/\/www.organisator.ch\/management\/2020-06-24\/trotz-corona-geschaeftsreisende-bevorzugen-persoenliche-meetings\/#article","isPartOf":{"@id":"https:\/\/www.organisator.ch\/management\/2020-06-24\/trotz-corona-geschaeftsreisende-bevorzugen-persoenliche-meetings\/"},"author":{"name":"thomas.berner","@id":"https:\/\/www.organisator.ch\/#\/schema\/person\/6f650f90b2842cd4c0cc334b4e36f67e"},"headline":"Trotz Corona: Gesch\u00e4ftsreisende bevorzugen pers\u00f6nliche Meetings","datePublished":"2020-06-24T11:49:01+00:00","mainEntityOfPage":{"@id":"https:\/\/www.organisator.ch\/management\/2020-06-24\/trotz-corona-geschaeftsreisende-bevorzugen-persoenliche-meetings\/"},"wordCount":585,"publisher":{"@id":"https:\/\/www.organisator.ch\/#organization"},"image":{"@id":"https:\/\/www.organisator.ch\/management\/2020-06-24\/trotz-corona-geschaeftsreisende-bevorzugen-persoenliche-meetings\/#primaryimage"},"thumbnailUrl":"https:\/\/www.organisator.ch\/wp-content\/uploads\/2020\/06\/Trotz-Corona-Geschaeftsreisende-bevorzugen-persoenliche-Meetings_Organisator.jpg","keywords":["Business Travel","Coronavirus","Management und Unternehmensf\u00fchrung","Studie"],"articleSection":["MANAGEMENT"],"inLanguage":"de"},{"@type":"WebPage","@id":"https:\/\/www.organisator.ch\/management\/2020-06-24\/trotz-corona-geschaeftsreisende-bevorzugen-persoenliche-meetings\/","url":"https:\/\/www.organisator.ch\/management\/2020-06-24\/trotz-corona-geschaeftsreisende-bevorzugen-persoenliche-meetings\/","name":"Trotz Corona: Gesch\u00e4ftsreisende bevorzugen pers\u00f6nliche Meetings - Organisator","isPartOf":{"@id":"https:\/\/www.organisator.ch\/#website"},"primaryImageOfPage":{"@id":"https:\/\/www.organisator.ch\/management\/2020-06-24\/trotz-corona-geschaeftsreisende-bevorzugen-persoenliche-meetings\/#primaryimage"},"image":{"@id":"https:\/\/www.organisator.ch\/management\/2020-06-24\/trotz-corona-geschaeftsreisende-bevorzugen-persoenliche-meetings\/#primaryimage"},"thumbnailUrl":"https:\/\/www.organisator.ch\/wp-content\/uploads\/2020\/06\/Trotz-Corona-Geschaeftsreisende-bevorzugen-persoenliche-Meetings_Organisator.jpg","datePublished":"2020-06-24T11:49:01+00:00","description":"Eine Studie des Deutschen Reiseverbands e.V. (DRV) zeigt, dass Gesch\u00e4ftsreisende trotz Corona pers\u00f6nliche Meetings bevorzugen.","breadcrumb":{"@id":"https:\/\/www.organisator.ch\/management\/2020-06-24\/trotz-corona-geschaeftsreisende-bevorzugen-persoenliche-meetings\/#breadcrumb"},"inLanguage":"de","potentialAction":[{"@type":"ReadAction","target":["https:\/\/www.organisator.ch\/management\/2020-06-24\/trotz-corona-geschaeftsreisende-bevorzugen-persoenliche-meetings\/"]}]},{"@type":"ImageObject","inLanguage":"de","@id":"https:\/\/www.organisator.ch\/management\/2020-06-24\/trotz-corona-geschaeftsreisende-bevorzugen-persoenliche-meetings\/#primaryimage","url":"https:\/\/www.organisator.ch\/wp-content\/uploads\/2020\/06\/Trotz-Corona-Geschaeftsreisende-bevorzugen-persoenliche-Meetings_Organisator.jpg","contentUrl":"https:\/\/www.organisator.ch\/wp-content\/uploads\/2020\/06\/Trotz-Corona-Geschaeftsreisende-bevorzugen-persoenliche-Meetings_Organisator.jpg","width":680,"height":539,"caption":"Trotz Corona: Pers\u00f6nliche Treffen bringen mehr Umsatz Weiterer Text \u00fcber ots und www.presseportal.de\/nr\/106972 \/ Die Verwendung dieses Bildes ist f\u00fcr redaktionelle Zwecke honorarfrei. Ver\u00f6ffentlichung bitte unter Quellenangabe: \"obs\/DRV Deutscher Reiseverband e.V.\""},{"@type":"BreadcrumbList","@id":"https:\/\/www.organisator.ch\/management\/2020-06-24\/trotz-corona-geschaeftsreisende-bevorzugen-persoenliche-meetings\/#breadcrumb","itemListElement":[{"@type":"ListItem","position":1,"name":"Home","item":"https:\/\/www.organisator.ch\/"},{"@type":"ListItem","position":2,"name":"Trotz Corona: Gesch\u00e4ftsreisende bevorzugen pers\u00f6nliche Meetings"}]},{"@type":"WebSite","@id":"https:\/\/www.organisator.ch\/#website","url":"https:\/\/www.organisator.ch\/","name":"Organisator","description":"Kompetent. Praxisnah. Der ORGANISATOR bereitet in 10 Ausgaben pro Jahr die wesentlichen Themen f\u00fcr F\u00fchrungskr\u00e4fte von KMU auf.","publisher":{"@id":"https:\/\/www.organisator.ch\/#organization"},"potentialAction":[{"@type":"SearchAction","target":{"@type":"EntryPoint","urlTemplate":"https:\/\/www.organisator.ch\/?s={search_term_string}"},"query-input":{"@type":"PropertyValueSpecification","valueRequired":true,"valueName":"search_term_string"}}],"inLanguage":"de"},{"@type":"Organization","@id":"https:\/\/www.organisator.ch\/#organization","name":"Organisator","url":"https:\/\/www.organisator.ch\/","logo":{"@type":"ImageObject","inLanguage":"de","@id":"https:\/\/www.organisator.ch\/#\/schema\/logo\/image\/","url":"https:\/\/www.organisator.ch\/wp-content\/uploads\/2022\/01\/Logo_Organisator_Website.png","contentUrl":"https:\/\/www.organisator.ch\/wp-content\/uploads\/2022\/01\/Logo_Organisator_Website.png","width":800,"height":77,"caption":"Organisator"},"image":{"@id":"https:\/\/www.organisator.ch\/#\/schema\/logo\/image\/"},"sameAs":["https:\/\/www.facebook.com\/OrganisatorFachmagazin","https:\/\/www.linkedin.com\/showcase\/organisator-das-magazin-fr-kmu","https:\/\/www.xing.com\/news\/pages\/organisator-ch-695","https:\/\/www.youtube.com\/channel\/UCGP2Sq0iWaZwT3BdIAQFYpw"]},{"@type":"Person","@id":"https:\/\/www.organisator.ch\/#\/schema\/person\/6f650f90b2842cd4c0cc334b4e36f67e","name":"thomas.berner","image":{"@type":"ImageObject","inLanguage":"de","@id":"https:\/\/secure.gravatar.com\/avatar\/ac5001d2a36cb6c6cd3e50789007ffca834b477b74a2144564522e944eabff61?s=96&d=mm&r=g","url":"https:\/\/secure.gravatar.com\/avatar\/ac5001d2a36cb6c6cd3e50789007ffca834b477b74a2144564522e944eabff61?s=96&d=mm&r=g","contentUrl":"https:\/\/secure.gravatar.com\/avatar\/ac5001d2a36cb6c6cd3e50789007ffca834b477b74a2144564522e944eabff61?s=96&d=mm&r=g","caption":"thomas.berner"},"url":"https:\/\/www.organisator.ch\/de\/author\/thomas-berner\/"}]}},"_links":{"self":[{"href":"https:\/\/www.organisator.ch\/de\/wp-json\/wp\/v2\/posts\/6862","targetHints":{"allow":["GET"]}}],"collection":[{"href":"https:\/\/www.organisator.ch\/de\/wp-json\/wp\/v2\/posts"}],"about":[{"href":"https:\/\/www.organisator.ch\/de\/wp-json\/wp\/v2\/types\/post"}],"author":[{"embeddable":true,"href":"https:\/\/www.organisator.ch\/de\/wp-json\/wp\/v2\/users\/4"}],"replies":[{"embeddable":true,"href":"https:\/\/www.organisator.ch\/de\/wp-json\/wp\/v2\/comments?post=6862"}],"version-history":[{"count":0,"href":"https:\/\/www.organisator.ch\/de\/wp-json\/wp\/v2\/posts\/6862\/revisions"}],"wp:featuredmedia":[{"embeddable":true,"href":"https:\/\/www.organisator.ch\/de\/wp-json\/wp\/v2\/media\/6863"}],"wp:attachment":[{"href":"https:\/\/www.organisator.ch\/de\/wp-json\/wp\/v2\/media?parent=6862"}],"wp:term":[{"taxonomy":"category","embeddable":true,"href":"https:\/\/www.organisator.ch\/de\/wp-json\/wp\/v2\/categories?post=6862"},{"taxonomy":"post_tag","embeddable":true,"href":"https:\/\/www.organisator.ch\/de\/wp-json\/wp\/v2\/tags?post=6862"}],"curies":[{"name":"wp","href":"https:\/\/api.w.org\/{rel}","templated":true}]}}