{"id":6871,"date":"2020-06-25T11:53:40","date_gmt":"2020-06-25T09:53:40","guid":{"rendered":"https:\/\/www.organisator.ch\/?p=6871"},"modified":"2020-06-25T11:53:40","modified_gmt":"2020-06-25T09:53:40","slug":"ihre-strategie-stellen-sie-die-richtigen-fragen","status":"publish","type":"post","link":"https:\/\/www.organisator.ch\/de\/management\/2020-06-25\/ihre-strategie-stellen-sie-die-richtigen-fragen\/","title":{"rendered":"Ihre Strategie: Stellen Sie die richtigen Fragen?"},"content":{"rendered":"<figure id=\"attachment_6872\" aria-describedby=\"caption-attachment-6872\" style=\"width: 680px\" class=\"wp-caption alignnone\"><img loading=\"lazy\" decoding=\"async\" class=\"size-medium wp-image-6872\" src=\"https:\/\/www.organisator.ch\/wp-content\/uploads\/2020\/06\/Ihre-Strategie-Stellen-Sie-die-richtigen-Fragen_Organisator.jpg\" alt=\"\" width=\"680\" height=\"340\" srcset=\"https:\/\/www.organisator.ch\/wp-content\/uploads\/2020\/06\/Ihre-Strategie-Stellen-Sie-die-richtigen-Fragen_Organisator.jpg 680w, https:\/\/www.organisator.ch\/wp-content\/uploads\/2020\/06\/Ihre-Strategie-Stellen-Sie-die-richtigen-Fragen_Organisator-16x8.jpg 16w, https:\/\/www.organisator.ch\/wp-content\/uploads\/2020\/06\/Ihre-Strategie-Stellen-Sie-die-richtigen-Fragen_Organisator-350x175.jpg 350w, https:\/\/www.organisator.ch\/wp-content\/uploads\/2020\/06\/Ihre-Strategie-Stellen-Sie-die-richtigen-Fragen_Organisator-300x150.jpg 300w\" sizes=\"auto, (max-width: 680px) 100vw, 680px\" \/><figcaption id=\"caption-attachment-6872\" class=\"wp-caption-text\">Befragen Sie Ihre Strategie: mit einfachen Fragestellungen. (Bild: Pixabay.com)<\/figcaption><\/figure>\n<p>F\u00fcr viele Unternehmen hat sich so einiges ge\u00e4ndert mit Covid-19 und dem Lockdown. Deshalb ist es nur konsequent, sich anzuschauen, ob die Strategie noch passt und wo es Anpassungen braucht. Richtig? Falsch!<\/p>\n<p>Wenn Sie n\u00e4mlich eine robuste Strategie hatten, eine die auf einer starken Vision, auf einem klaren \u201cWarum\u201d und auf klaren Anspr\u00fcchen basiert, \u00e4ndert sich nur wenig. Wenn Ihre Strategie hingegen auf zu d\u00fcnnem Eis stand (also vielleicht nur eine \u201cbessere\u201d Fortschreibung der Vergangenheit oder ein \u201cmehr von fast demselben\u201d), dann ist es ohnehin mehr als angebracht, die Strategie neu zu erarbeiten. Die vergangenen Wochen waren dann nur der Stein, der den n\u00f6tigen Anstoss gibt.<\/p>\n<h2>Wo die Gefahrenherde f\u00fcr Ihre Strategie liegen<\/h2>\n<p>Aber auch wenn Sie sagen, Sie habe eine starke und robuste Strategie, sehe ich immer wieder drei Fragestellungen, die viel zu wenig Beachtung finden, wenn es um die erfolgreiche Gestaltung der Zukunft geht. Besser Sie schauen sich das umgehend f\u00fcr Ihr Unternehmen oder Ihren Bereich an. Die Zeit dr\u00e4ngt.<\/p>\n<p>Denn viel zu schnell gehen wir oft davon aus, dass das Gesch\u00e4ft in etwa so weitergeht wie bisher, dass unser k\u00fcnftiger Erfolg sich aus dem vergangenen Erfolg ableitet, dass die Mannschaft, die uns hierher gebracht hat, auch diejenige sein wird, die uns in die Zukunft f\u00fchrt. Und genau diese Annahmen sind die Gefahrenherde f\u00fcr unseren Erfolg in der Zukunft.<\/p>\n<h2>Es gibt keine &#8222;dumme Fragen&#8220;<\/h2>\n<p>Ich empfehle hingegen drei entscheidende und meist unterbelichtete Fragestellungen f\u00fcr eine starke Strategie:<\/p>\n<ol>\n<li>Wer wollen wir werden? Diese Frage wird kaum je ernsthaft gestellt, steht aber am Anfang von allem. Wie wollen wir denn unsere Kr\u00e4fte b\u00fcndeln und gemeinsam nach herausragenden Zielen streben, wenn wir kein einheitliches Verst\u00e4ndnis davon haben, wer wir werden wollen? Ohne die Antwort auf diese Frage bleiben Sie im Mittelmass.<\/li>\n<li>Welche Gesch\u00e4ftsmodelle wollen wir daf\u00fcr haben? Die meisten Strategiediskussionen, die ich erlebe, drehen sich zum gr\u00f6ssten Teil um die Ausweitung des Bestehenden. Nur wenige denken radikal genug in neuen Gesch\u00e4ftsmodellen. Die meisten wissen auch gar nicht, wie sie das systematisch angehen sollen.<\/li>\n<li>Welche Anspr\u00fcche setzen wir uns selbst daf\u00fcr? Anspr\u00fcche oder Standards sind diejenigen Denk- und Verhaltensweisen, die wir von jedem Mitglied der Organisation jederzeit einfordern. Starke Strategien definieren sehr klar, wie wir uns jeden Tag verhalten m\u00fcssen, um die starken Ziele zu erreichen. Das hat \u00fcbrigens nicht viel mit den oft \u00fcblichen \u201cWerten\u201d zu tun.<\/li>\n<\/ol>\n<p>Es ist wie immer Ihre Wahl, ob Sie jetzt die Chance ergreifen und Ihre Strategie auf Vordermann bringen. Die Zeit daf\u00fcr war nie g\u00fcnstiger.<\/p>\n<p><i><strong>Zum Autor:<\/strong><br \/>\n<\/i><em>Volkmar V\u00f6lzke ist Erfolgs-Maximierer. Buchautor. Berater. Coach. Speaker. <a href=\"http:\/\/www.volkmarvoelzke.ch\/\">www.volkmarvoelzke.ch<\/a><\/em><\/p>\n","protected":false},"excerpt":{"rendered":"<p>F\u00fcr viele Unternehmen hat sich so einiges ge\u00e4ndert mit Covid-19 und dem Lockdown. Deshalb ist es nur konsequent, sich anzuschauen, ob die Strategie noch passt und wo es Anpassungen braucht. Richtig? Falsch! Wenn Sie n\u00e4mlich eine robuste Strategie hatten, eine die auf einer starken Vision, auf einem klaren \u201cWarum\u201d und auf klaren Anspr\u00fcchen basiert, \u00e4ndert [&hellip;]<\/p>\n","protected":false},"author":4,"featured_media":6872,"comment_status":"closed","ping_status":"closed","sticky":false,"template":"","format":"standard","meta":{"_acf_changed":false,"_yoast_wpseo_focuskw":"Ihre Strategie","_yoast_wpseo_metadesc":"Passt Ihre Strategie nach Covid-19 und dem Lockdown noch? Der Autor nennt drei entscheidende Fragen, an denen Sie Ihre Unternehmensstrategie messen k\u00f6nnen.","articlekey":"","footnotes":""},"categories":[28],"tags":[115,132,177,335,458],"class_list":["post-6871","post","type-post","status-publish","format-standard","has-post-thumbnail","hentry","category-management","tag-checklisten","tag-coronavirus","tag-erfolgs-impuls","tag-management-und-unternehmensfuehrung","tag-strategie"],"acf":[],"yoast_head":"<!-- This site is optimized with the Yoast SEO plugin v27.4 - https:\/\/yoast.com\/product\/yoast-seo-wordpress\/ -->\n<title>Ihre Strategie: Stellen Sie die richtigen Fragen? - Organisator<\/title>\n<meta name=\"description\" content=\"Passt Ihre Strategie nach Covid-19 und dem Lockdown noch? Der Autor nennt drei entscheidende Fragen, an denen Sie Ihre Unternehmensstrategie messen k\u00f6nnen.\" \/>\n<meta name=\"robots\" content=\"index, follow, max-snippet:-1, max-image-preview:large, max-video-preview:-1\" \/>\n<link rel=\"canonical\" href=\"https:\/\/www.organisator.ch\/de\/management\/2020-06-25\/ihre-strategie-stellen-sie-die-richtigen-fragen\/\" \/>\n<meta property=\"og:locale\" content=\"de_DE\" \/>\n<meta property=\"og:type\" content=\"article\" \/>\n<meta property=\"og:title\" content=\"Ihre Strategie: Stellen Sie die richtigen Fragen?\" \/>\n<meta property=\"og:description\" content=\"Passt Ihre Strategie nach Covid-19 und dem Lockdown noch? Der Autor nennt drei entscheidende Fragen, an denen Sie Ihre Unternehmensstrategie messen k\u00f6nnen.\" \/>\n<meta property=\"og:url\" content=\"https:\/\/www.organisator.ch\/de\/management\/2020-06-25\/ihre-strategie-stellen-sie-die-richtigen-fragen\/\" \/>\n<meta property=\"og:site_name\" content=\"Organisator\" \/>\n<meta property=\"article:publisher\" content=\"https:\/\/www.facebook.com\/OrganisatorFachmagazin\" \/>\n<meta property=\"article:published_time\" content=\"2020-06-25T09:53:40+00:00\" \/>\n<meta property=\"og:image\" content=\"https:\/\/www.organisator.ch\/wp-content\/uploads\/2020\/06\/Ihre-Strategie-Stellen-Sie-die-richtigen-Fragen_Organisator.jpg\" \/>\n\t<meta property=\"og:image:width\" content=\"680\" \/>\n\t<meta property=\"og:image:height\" content=\"340\" \/>\n\t<meta property=\"og:image:type\" content=\"image\/jpeg\" \/>\n<meta name=\"author\" content=\"thomas.berner\" \/>\n<meta name=\"twitter:card\" content=\"summary_large_image\" \/>\n<meta name=\"twitter:title\" content=\"Ihre #Strategie: Stellen Sie die richtigen Fragen?\" \/>\n<meta name=\"twitter:description\" content=\"Passt Ihre Strategie nach #Covid-19 und dem #Lockdown noch? Der Autor nennt drei entscheidende Fragen, an denen Sie Ihre #Unternehmensstrategie messen k\u00f6nnen.\" \/>\n<meta name=\"twitter:image\" content=\"https:\/\/www.organisator.ch\/wp-content\/uploads\/2020\/06\/Ihre-Strategie-Stellen-Sie-die-richtigen-Fragen_Organisator.jpg\" \/>\n<script type=\"application\/ld+json\" class=\"yoast-schema-graph\">{\"@context\":\"https:\\\/\\\/schema.org\",\"@graph\":[{\"@type\":\"Article\",\"@id\":\"https:\\\/\\\/www.organisator.ch\\\/management\\\/2020-06-25\\\/ihre-strategie-stellen-sie-die-richtigen-fragen\\\/#article\",\"isPartOf\":{\"@id\":\"https:\\\/\\\/www.organisator.ch\\\/management\\\/2020-06-25\\\/ihre-strategie-stellen-sie-die-richtigen-fragen\\\/\"},\"author\":{\"name\":\"thomas.berner\",\"@id\":\"https:\\\/\\\/www.organisator.ch\\\/#\\\/schema\\\/person\\\/6f650f90b2842cd4c0cc334b4e36f67e\"},\"headline\":\"Ihre Strategie: Stellen Sie die richtigen Fragen?\",\"datePublished\":\"2020-06-25T09:53:40+00:00\",\"mainEntityOfPage\":{\"@id\":\"https:\\\/\\\/www.organisator.ch\\\/management\\\/2020-06-25\\\/ihre-strategie-stellen-sie-die-richtigen-fragen\\\/\"},\"wordCount\":475,\"publisher\":{\"@id\":\"https:\\\/\\\/www.organisator.ch\\\/#organization\"},\"image\":{\"@id\":\"https:\\\/\\\/www.organisator.ch\\\/management\\\/2020-06-25\\\/ihre-strategie-stellen-sie-die-richtigen-fragen\\\/#primaryimage\"},\"thumbnailUrl\":\"https:\\\/\\\/www.organisator.ch\\\/wp-content\\\/uploads\\\/2020\\\/06\\\/Ihre-Strategie-Stellen-Sie-die-richtigen-Fragen_Organisator.jpg\",\"keywords\":[\"Checklisten\",\"Coronavirus\",\"Erfolgs-Impuls\",\"Management und Unternehmensf\u00fchrung\",\"Strategie\"],\"articleSection\":[\"MANAGEMENT\"],\"inLanguage\":\"de\"},{\"@type\":\"WebPage\",\"@id\":\"https:\\\/\\\/www.organisator.ch\\\/management\\\/2020-06-25\\\/ihre-strategie-stellen-sie-die-richtigen-fragen\\\/\",\"url\":\"https:\\\/\\\/www.organisator.ch\\\/management\\\/2020-06-25\\\/ihre-strategie-stellen-sie-die-richtigen-fragen\\\/\",\"name\":\"Ihre Strategie: Stellen Sie die richtigen Fragen? - Organisator\",\"isPartOf\":{\"@id\":\"https:\\\/\\\/www.organisator.ch\\\/#website\"},\"primaryImageOfPage\":{\"@id\":\"https:\\\/\\\/www.organisator.ch\\\/management\\\/2020-06-25\\\/ihre-strategie-stellen-sie-die-richtigen-fragen\\\/#primaryimage\"},\"image\":{\"@id\":\"https:\\\/\\\/www.organisator.ch\\\/management\\\/2020-06-25\\\/ihre-strategie-stellen-sie-die-richtigen-fragen\\\/#primaryimage\"},\"thumbnailUrl\":\"https:\\\/\\\/www.organisator.ch\\\/wp-content\\\/uploads\\\/2020\\\/06\\\/Ihre-Strategie-Stellen-Sie-die-richtigen-Fragen_Organisator.jpg\",\"datePublished\":\"2020-06-25T09:53:40+00:00\",\"description\":\"Passt Ihre Strategie nach Covid-19 und dem Lockdown noch? Der Autor nennt drei entscheidende Fragen, an denen Sie Ihre Unternehmensstrategie messen k\u00f6nnen.\",\"breadcrumb\":{\"@id\":\"https:\\\/\\\/www.organisator.ch\\\/management\\\/2020-06-25\\\/ihre-strategie-stellen-sie-die-richtigen-fragen\\\/#breadcrumb\"},\"inLanguage\":\"de\",\"potentialAction\":[{\"@type\":\"ReadAction\",\"target\":[\"https:\\\/\\\/www.organisator.ch\\\/management\\\/2020-06-25\\\/ihre-strategie-stellen-sie-die-richtigen-fragen\\\/\"]}]},{\"@type\":\"ImageObject\",\"inLanguage\":\"de\",\"@id\":\"https:\\\/\\\/www.organisator.ch\\\/management\\\/2020-06-25\\\/ihre-strategie-stellen-sie-die-richtigen-fragen\\\/#primaryimage\",\"url\":\"https:\\\/\\\/www.organisator.ch\\\/wp-content\\\/uploads\\\/2020\\\/06\\\/Ihre-Strategie-Stellen-Sie-die-richtigen-Fragen_Organisator.jpg\",\"contentUrl\":\"https:\\\/\\\/www.organisator.ch\\\/wp-content\\\/uploads\\\/2020\\\/06\\\/Ihre-Strategie-Stellen-Sie-die-richtigen-Fragen_Organisator.jpg\",\"width\":680,\"height\":340,\"caption\":\"Befragen Sie Ihre Strategie: mit einfachen Fragestellungen. (Bild: Pixabay.com)\"},{\"@type\":\"BreadcrumbList\",\"@id\":\"https:\\\/\\\/www.organisator.ch\\\/management\\\/2020-06-25\\\/ihre-strategie-stellen-sie-die-richtigen-fragen\\\/#breadcrumb\",\"itemListElement\":[{\"@type\":\"ListItem\",\"position\":1,\"name\":\"Home\",\"item\":\"https:\\\/\\\/www.organisator.ch\\\/\"},{\"@type\":\"ListItem\",\"position\":2,\"name\":\"Ihre Strategie: Stellen Sie die richtigen Fragen?\"}]},{\"@type\":\"WebSite\",\"@id\":\"https:\\\/\\\/www.organisator.ch\\\/#website\",\"url\":\"https:\\\/\\\/www.organisator.ch\\\/\",\"name\":\"Organisator\",\"description\":\"Kompetent. Praxisnah. Der ORGANISATOR bereitet in 10 Ausgaben pro Jahr die wesentlichen Themen f\u00fcr F\u00fchrungskr\u00e4fte von KMU auf.\",\"publisher\":{\"@id\":\"https:\\\/\\\/www.organisator.ch\\\/#organization\"},\"potentialAction\":[{\"@type\":\"SearchAction\",\"target\":{\"@type\":\"EntryPoint\",\"urlTemplate\":\"https:\\\/\\\/www.organisator.ch\\\/?s={search_term_string}\"},\"query-input\":{\"@type\":\"PropertyValueSpecification\",\"valueRequired\":true,\"valueName\":\"search_term_string\"}}],\"inLanguage\":\"de\"},{\"@type\":\"Organization\",\"@id\":\"https:\\\/\\\/www.organisator.ch\\\/#organization\",\"name\":\"Organisator\",\"url\":\"https:\\\/\\\/www.organisator.ch\\\/\",\"logo\":{\"@type\":\"ImageObject\",\"inLanguage\":\"de\",\"@id\":\"https:\\\/\\\/www.organisator.ch\\\/#\\\/schema\\\/logo\\\/image\\\/\",\"url\":\"https:\\\/\\\/www.organisator.ch\\\/wp-content\\\/uploads\\\/2022\\\/01\\\/Logo_Organisator_Website.png\",\"contentUrl\":\"https:\\\/\\\/www.organisator.ch\\\/wp-content\\\/uploads\\\/2022\\\/01\\\/Logo_Organisator_Website.png\",\"width\":800,\"height\":77,\"caption\":\"Organisator\"},\"image\":{\"@id\":\"https:\\\/\\\/www.organisator.ch\\\/#\\\/schema\\\/logo\\\/image\\\/\"},\"sameAs\":[\"https:\\\/\\\/www.facebook.com\\\/OrganisatorFachmagazin\",\"https:\\\/\\\/www.linkedin.com\\\/showcase\\\/organisator-das-magazin-fr-kmu\",\"https:\\\/\\\/www.xing.com\\\/news\\\/pages\\\/organisator-ch-695\",\"https:\\\/\\\/www.youtube.com\\\/channel\\\/UCGP2Sq0iWaZwT3BdIAQFYpw\"]},{\"@type\":\"Person\",\"@id\":\"https:\\\/\\\/www.organisator.ch\\\/#\\\/schema\\\/person\\\/6f650f90b2842cd4c0cc334b4e36f67e\",\"name\":\"thomas.berner\",\"image\":{\"@type\":\"ImageObject\",\"inLanguage\":\"de\",\"@id\":\"https:\\\/\\\/secure.gravatar.com\\\/avatar\\\/ac5001d2a36cb6c6cd3e50789007ffca834b477b74a2144564522e944eabff61?s=96&d=mm&r=g\",\"url\":\"https:\\\/\\\/secure.gravatar.com\\\/avatar\\\/ac5001d2a36cb6c6cd3e50789007ffca834b477b74a2144564522e944eabff61?s=96&d=mm&r=g\",\"contentUrl\":\"https:\\\/\\\/secure.gravatar.com\\\/avatar\\\/ac5001d2a36cb6c6cd3e50789007ffca834b477b74a2144564522e944eabff61?s=96&d=mm&r=g\",\"caption\":\"thomas.berner\"},\"url\":\"https:\\\/\\\/www.organisator.ch\\\/de\\\/author\\\/thomas-berner\\\/\"}]}<\/script>\n<!-- \/ Yoast SEO plugin. -->","yoast_head_json":{"title":"Ihre Strategie: Stellen Sie die richtigen Fragen? - Organisator","description":"Passt Ihre Strategie nach Covid-19 und dem Lockdown noch? Der Autor nennt drei entscheidende Fragen, an denen Sie Ihre Unternehmensstrategie messen k\u00f6nnen.","robots":{"index":"index","follow":"follow","max-snippet":"max-snippet:-1","max-image-preview":"max-image-preview:large","max-video-preview":"max-video-preview:-1"},"canonical":"https:\/\/www.organisator.ch\/de\/management\/2020-06-25\/ihre-strategie-stellen-sie-die-richtigen-fragen\/","og_locale":"de_DE","og_type":"article","og_title":"Ihre Strategie: Stellen Sie die richtigen Fragen?","og_description":"Passt Ihre Strategie nach Covid-19 und dem Lockdown noch? Der Autor nennt drei entscheidende Fragen, an denen Sie Ihre Unternehmensstrategie messen k\u00f6nnen.","og_url":"https:\/\/www.organisator.ch\/de\/management\/2020-06-25\/ihre-strategie-stellen-sie-die-richtigen-fragen\/","og_site_name":"Organisator","article_publisher":"https:\/\/www.facebook.com\/OrganisatorFachmagazin","article_published_time":"2020-06-25T09:53:40+00:00","og_image":[{"width":680,"height":340,"url":"https:\/\/www.organisator.ch\/wp-content\/uploads\/2020\/06\/Ihre-Strategie-Stellen-Sie-die-richtigen-Fragen_Organisator.jpg","type":"image\/jpeg"}],"author":"thomas.berner","twitter_card":"summary_large_image","twitter_title":"Ihre #Strategie: Stellen Sie die richtigen Fragen?","twitter_description":"Passt Ihre Strategie nach #Covid-19 und dem #Lockdown noch? Der Autor nennt drei entscheidende Fragen, an denen Sie Ihre #Unternehmensstrategie messen k\u00f6nnen.","twitter_image":"https:\/\/www.organisator.ch\/wp-content\/uploads\/2020\/06\/Ihre-Strategie-Stellen-Sie-die-richtigen-Fragen_Organisator.jpg","schema":{"@context":"https:\/\/schema.org","@graph":[{"@type":"Article","@id":"https:\/\/www.organisator.ch\/management\/2020-06-25\/ihre-strategie-stellen-sie-die-richtigen-fragen\/#article","isPartOf":{"@id":"https:\/\/www.organisator.ch\/management\/2020-06-25\/ihre-strategie-stellen-sie-die-richtigen-fragen\/"},"author":{"name":"thomas.berner","@id":"https:\/\/www.organisator.ch\/#\/schema\/person\/6f650f90b2842cd4c0cc334b4e36f67e"},"headline":"Ihre Strategie: Stellen Sie die richtigen Fragen?","datePublished":"2020-06-25T09:53:40+00:00","mainEntityOfPage":{"@id":"https:\/\/www.organisator.ch\/management\/2020-06-25\/ihre-strategie-stellen-sie-die-richtigen-fragen\/"},"wordCount":475,"publisher":{"@id":"https:\/\/www.organisator.ch\/#organization"},"image":{"@id":"https:\/\/www.organisator.ch\/management\/2020-06-25\/ihre-strategie-stellen-sie-die-richtigen-fragen\/#primaryimage"},"thumbnailUrl":"https:\/\/www.organisator.ch\/wp-content\/uploads\/2020\/06\/Ihre-Strategie-Stellen-Sie-die-richtigen-Fragen_Organisator.jpg","keywords":["Checklisten","Coronavirus","Erfolgs-Impuls","Management und Unternehmensf\u00fchrung","Strategie"],"articleSection":["MANAGEMENT"],"inLanguage":"de"},{"@type":"WebPage","@id":"https:\/\/www.organisator.ch\/management\/2020-06-25\/ihre-strategie-stellen-sie-die-richtigen-fragen\/","url":"https:\/\/www.organisator.ch\/management\/2020-06-25\/ihre-strategie-stellen-sie-die-richtigen-fragen\/","name":"Ihre Strategie: Stellen Sie die richtigen Fragen? - Organisator","isPartOf":{"@id":"https:\/\/www.organisator.ch\/#website"},"primaryImageOfPage":{"@id":"https:\/\/www.organisator.ch\/management\/2020-06-25\/ihre-strategie-stellen-sie-die-richtigen-fragen\/#primaryimage"},"image":{"@id":"https:\/\/www.organisator.ch\/management\/2020-06-25\/ihre-strategie-stellen-sie-die-richtigen-fragen\/#primaryimage"},"thumbnailUrl":"https:\/\/www.organisator.ch\/wp-content\/uploads\/2020\/06\/Ihre-Strategie-Stellen-Sie-die-richtigen-Fragen_Organisator.jpg","datePublished":"2020-06-25T09:53:40+00:00","description":"Passt Ihre Strategie nach Covid-19 und dem Lockdown noch? Der Autor nennt drei entscheidende Fragen, an denen Sie Ihre Unternehmensstrategie messen k\u00f6nnen.","breadcrumb":{"@id":"https:\/\/www.organisator.ch\/management\/2020-06-25\/ihre-strategie-stellen-sie-die-richtigen-fragen\/#breadcrumb"},"inLanguage":"de","potentialAction":[{"@type":"ReadAction","target":["https:\/\/www.organisator.ch\/management\/2020-06-25\/ihre-strategie-stellen-sie-die-richtigen-fragen\/"]}]},{"@type":"ImageObject","inLanguage":"de","@id":"https:\/\/www.organisator.ch\/management\/2020-06-25\/ihre-strategie-stellen-sie-die-richtigen-fragen\/#primaryimage","url":"https:\/\/www.organisator.ch\/wp-content\/uploads\/2020\/06\/Ihre-Strategie-Stellen-Sie-die-richtigen-Fragen_Organisator.jpg","contentUrl":"https:\/\/www.organisator.ch\/wp-content\/uploads\/2020\/06\/Ihre-Strategie-Stellen-Sie-die-richtigen-Fragen_Organisator.jpg","width":680,"height":340,"caption":"Befragen Sie Ihre Strategie: mit einfachen Fragestellungen. (Bild: Pixabay.com)"},{"@type":"BreadcrumbList","@id":"https:\/\/www.organisator.ch\/management\/2020-06-25\/ihre-strategie-stellen-sie-die-richtigen-fragen\/#breadcrumb","itemListElement":[{"@type":"ListItem","position":1,"name":"Home","item":"https:\/\/www.organisator.ch\/"},{"@type":"ListItem","position":2,"name":"Ihre Strategie: Stellen Sie die richtigen Fragen?"}]},{"@type":"WebSite","@id":"https:\/\/www.organisator.ch\/#website","url":"https:\/\/www.organisator.ch\/","name":"Organisator","description":"Kompetent. Praxisnah. Der ORGANISATOR bereitet in 10 Ausgaben pro Jahr die wesentlichen Themen f\u00fcr F\u00fchrungskr\u00e4fte von KMU auf.","publisher":{"@id":"https:\/\/www.organisator.ch\/#organization"},"potentialAction":[{"@type":"SearchAction","target":{"@type":"EntryPoint","urlTemplate":"https:\/\/www.organisator.ch\/?s={search_term_string}"},"query-input":{"@type":"PropertyValueSpecification","valueRequired":true,"valueName":"search_term_string"}}],"inLanguage":"de"},{"@type":"Organization","@id":"https:\/\/www.organisator.ch\/#organization","name":"Organisator","url":"https:\/\/www.organisator.ch\/","logo":{"@type":"ImageObject","inLanguage":"de","@id":"https:\/\/www.organisator.ch\/#\/schema\/logo\/image\/","url":"https:\/\/www.organisator.ch\/wp-content\/uploads\/2022\/01\/Logo_Organisator_Website.png","contentUrl":"https:\/\/www.organisator.ch\/wp-content\/uploads\/2022\/01\/Logo_Organisator_Website.png","width":800,"height":77,"caption":"Organisator"},"image":{"@id":"https:\/\/www.organisator.ch\/#\/schema\/logo\/image\/"},"sameAs":["https:\/\/www.facebook.com\/OrganisatorFachmagazin","https:\/\/www.linkedin.com\/showcase\/organisator-das-magazin-fr-kmu","https:\/\/www.xing.com\/news\/pages\/organisator-ch-695","https:\/\/www.youtube.com\/channel\/UCGP2Sq0iWaZwT3BdIAQFYpw"]},{"@type":"Person","@id":"https:\/\/www.organisator.ch\/#\/schema\/person\/6f650f90b2842cd4c0cc334b4e36f67e","name":"thomas.berner","image":{"@type":"ImageObject","inLanguage":"de","@id":"https:\/\/secure.gravatar.com\/avatar\/ac5001d2a36cb6c6cd3e50789007ffca834b477b74a2144564522e944eabff61?s=96&d=mm&r=g","url":"https:\/\/secure.gravatar.com\/avatar\/ac5001d2a36cb6c6cd3e50789007ffca834b477b74a2144564522e944eabff61?s=96&d=mm&r=g","contentUrl":"https:\/\/secure.gravatar.com\/avatar\/ac5001d2a36cb6c6cd3e50789007ffca834b477b74a2144564522e944eabff61?s=96&d=mm&r=g","caption":"thomas.berner"},"url":"https:\/\/www.organisator.ch\/de\/author\/thomas-berner\/"}]}},"_links":{"self":[{"href":"https:\/\/www.organisator.ch\/de\/wp-json\/wp\/v2\/posts\/6871","targetHints":{"allow":["GET"]}}],"collection":[{"href":"https:\/\/www.organisator.ch\/de\/wp-json\/wp\/v2\/posts"}],"about":[{"href":"https:\/\/www.organisator.ch\/de\/wp-json\/wp\/v2\/types\/post"}],"author":[{"embeddable":true,"href":"https:\/\/www.organisator.ch\/de\/wp-json\/wp\/v2\/users\/4"}],"replies":[{"embeddable":true,"href":"https:\/\/www.organisator.ch\/de\/wp-json\/wp\/v2\/comments?post=6871"}],"version-history":[{"count":0,"href":"https:\/\/www.organisator.ch\/de\/wp-json\/wp\/v2\/posts\/6871\/revisions"}],"wp:featuredmedia":[{"embeddable":true,"href":"https:\/\/www.organisator.ch\/de\/wp-json\/wp\/v2\/media\/6872"}],"wp:attachment":[{"href":"https:\/\/www.organisator.ch\/de\/wp-json\/wp\/v2\/media?parent=6871"}],"wp:term":[{"taxonomy":"category","embeddable":true,"href":"https:\/\/www.organisator.ch\/de\/wp-json\/wp\/v2\/categories?post=6871"},{"taxonomy":"post_tag","embeddable":true,"href":"https:\/\/www.organisator.ch\/de\/wp-json\/wp\/v2\/tags?post=6871"}],"curies":[{"name":"wp","href":"https:\/\/api.w.org\/{rel}","templated":true}]}}