{"id":6875,"date":"2020-06-26T10:51:30","date_gmt":"2020-06-26T08:51:30","guid":{"rendered":"https:\/\/www.organisator.ch\/?p=6875"},"modified":"2020-06-26T10:51:30","modified_gmt":"2020-06-26T08:51:30","slug":"exportstimmung-der-schweizer-kmu-auf-historischem-tief","status":"publish","type":"post","link":"https:\/\/www.organisator.ch\/de\/allgemein\/2020-06-26\/exportstimmung-der-schweizer-kmu-auf-historischem-tief\/","title":{"rendered":"Exportstimmung der Schweizer KMU auf historischem Tief"},"content":{"rendered":"<figure id=\"attachment_6876\" aria-describedby=\"caption-attachment-6876\" style=\"width: 680px\" class=\"wp-caption alignnone\"><img loading=\"lazy\" decoding=\"async\" class=\"size-medium wp-image-6876\" src=\"https:\/\/www.organisator.ch\/wp-content\/uploads\/2020\/06\/Exportstimmung-der-Schweizer-KMU-auf-historischem-Tief_Organisator.jpg\" alt=\"\" width=\"680\" height=\"214\" srcset=\"https:\/\/www.organisator.ch\/wp-content\/uploads\/2020\/06\/Exportstimmung-der-Schweizer-KMU-auf-historischem-Tief_Organisator.jpg 680w, https:\/\/www.organisator.ch\/wp-content\/uploads\/2020\/06\/Exportstimmung-der-Schweizer-KMU-auf-historischem-Tief_Organisator-16x5.jpg 16w, https:\/\/www.organisator.ch\/wp-content\/uploads\/2020\/06\/Exportstimmung-der-Schweizer-KMU-auf-historischem-Tief_Organisator-375x118.jpg 375w, https:\/\/www.organisator.ch\/wp-content\/uploads\/2020\/06\/Exportstimmung-der-Schweizer-KMU-auf-historischem-Tief_Organisator-300x94.jpg 300w\" sizes=\"auto, (max-width: 680px) 100vw, 680px\" \/><figcaption id=\"caption-attachment-6876\" class=\"wp-caption-text\">Die Exportstimmung von Schweizer KMU war noch nie so schlecht wie gerade jetzt. (Bild: Pixabay.com)<\/figcaption><\/figure>\n<p>Infolge der Pandemie ist die KMU-Exportstimmung auf den tiefsten Wert seit der erstmaligen Durchf\u00fchrung der Exportumfrage von Switzerland Global Enterprise (S-GE) im Jahr 2010 gefallen. Gem\u00e4ss der aktuellen, zwischen Anfang Mai und Anfang Juni 2020 durchgef\u00fchrten Umfrage, m\u00fcssen rund zwei Drittel der befragten Schweizer KMU per Ende des ersten Halbjahres 2020 einen R\u00fcckgang ihrer Exporte hinnehmen. Die Pandemie hat f\u00fcr 81 % der Unternehmen negative gesch\u00e4ftliche Folgen, dies vor allem aufgrund des erlittenen Nachfrageeinbruchs, der Absatz- und Umsatzeinbussen sowie der fehlenden Erwartungs- und Planungssicherheit. Mit Blick auf das zweite Halbjahr 2020 erwarten 39 % der KMU steigende Exporte, w\u00e4hrend 23 % von einer Stagnation und 38 % von einem weiteren R\u00fcckgang ausgehen.<\/p>\n<h2>Auch Credit Suisse Exportbarometer zeigt tiefe Exportstimmung<\/h2>\n<p>Auch beim Credit Suisse Exportbarometer, welches die ausl\u00e4ndische Nachfrage nach Schweizer Produkten abbildet, zeigen sich die Auswirkungen der Coronakrise deutlich. Dessen April-Wert von -2.59 wurde einzig w\u00e4hrend der Finanzkrise im Jahr 2008 unterboten. Im Mai 2020 stieg das Exportbarometer wieder auf einem Wert von -1.54 an, was allerdings immer noch deutlich unter der Wachstumsschwelle liegt. Tiziana Hunziker, \u00d6konomin bei der Credit Suisse, sagt dazu: \u00abInsbesondere staatliche Schutzmassnahmen und Produktionsstopps f\u00fchrten zu Unterbr\u00fcchen bei internationalen Warenketten und l\u00f6sten einen Investitionsstau aus. Wir gehen davon aus, dass f\u00fcr die Mehrheit der Exporteure der Tiefpunkt im April erreicht wurde. Bei den Exporten der Maschinen-, Elektro- und Metallindustrie (MEM-Branche) in den asiatischen Raum war im April bereits eine Aufw\u00e4rtsbewegung ersichtlich. Jedoch d\u00fcrften die Einkommensausf\u00e4lle und die zunehmende Arbeitslosigkeit noch l\u00e4nger anhalten. Besonders von der Konsumentenstimmung abh\u00e4ngige Branchen wie die Uhrenindustrie m\u00fcssen wohl noch l\u00e4nger auf einen Aufschwung warten.\u00bb<\/p>\n<h2>Globaler Handel ist ausgebremst<\/h2>\n<p>Alberto Silini, Leiter Beratung bei Switzerland Global Enterprise (S-GE), stellt fest: \u00abDie Coronakrise hat den globalen Handel ausgebremst. International ausgerichtete Schweizer KMU sind von diesem Einbruch stark betroffen, was der historisch tiefe Stand der Exportstimmung eindr\u00fccklich reflektiert. Unsere Umfrage zeigt jedoch, dass sich in der Zwischenzeit viele Unternehmen stabilisieren konnten und wieder optimistischer in die Zukunft blicken. Nach einer von Krisenmanagement gepr\u00e4gten Phase gilt es nun f\u00fcr Schweizer KMU, die eigenen Wertsch\u00f6pfungsketten rasch an die neuen Gegebenheiten anzupassen und mit einer besseren Strategie als die internationale Konkurrenz in die Zielm\u00e4rkte zur\u00fcckzukehren. Die Diversifikation der Absatzm\u00e4rkte und Beschaffungsquellen sowie die Nutzung von Absicherungsinstrumenten gegen W\u00e4hrungs- und weitere Exportrisiken spielen in diesen Zusammenhang eine wichtige Rolle.\u00bb<strong><\/p>\n<p><\/strong><em>Quelle und weitere Informationen: <a href=\"http:\/\/newsletter.s-ge.com\/u\/nrd.php?p=s1cOxW09Ot_727_3323127_1_2&amp;ems_l=3232577&amp;d=%7CTWVkaWVubWl0dGVpbHVuZ19LTVUtRXhwb3J0cGVyc3Bla3RpdmVuX0hKMl8yMDIwX0RF%7CMjAyMA%3D%3D%7CMDY%3D%7CMjU%3D%7CMDg%3D%7C\">www.s-ge.com\/exportperspektiven<\/a><\/em><strong><br \/>\n<\/strong><\/p>\n","protected":false},"excerpt":{"rendered":"<p>Infolge der Pandemie ist die KMU-Exportstimmung auf den tiefsten Wert seit der erstmaligen Durchf\u00fchrung der Exportumfrage von Switzerland Global Enterprise (S-GE) im Jahr 2010 gefallen. Gem\u00e4ss der aktuellen, zwischen Anfang Mai und Anfang Juni 2020 durchgef\u00fchrten Umfrage, m\u00fcssen rund zwei Drittel der befragten Schweizer KMU per Ende des ersten Halbjahres 2020 einen R\u00fcckgang ihrer Exporte [&hellip;]<\/p>\n","protected":false},"author":4,"featured_media":6876,"comment_status":"closed","ping_status":"closed","sticky":false,"template":"","format":"standard","meta":{"_acf_changed":false,"_yoast_wpseo_focuskw":"Exportstimmung","_yoast_wpseo_metadesc":"Die Coronakrise sorgt f\u00fcr einen Einbruch der Exportstimmung bei international t\u00e4tigen KMU. Dies zeigen die neusten Zahlen von S-GE und Credit Suisse.","articlekey":"","footnotes":""},"categories":[1],"tags":[189,335,340],"class_list":["post-6875","post","type-post","status-publish","format-standard","has-post-thumbnail","hentry","category-allgemein","tag-export","tag-management-und-unternehmensfuehrung","tag-maerkte"],"acf":[],"yoast_head":"<!-- This site is optimized with the Yoast SEO plugin v27.4 - https:\/\/yoast.com\/product\/yoast-seo-wordpress\/ -->\n<title>Exportstimmung der Schweizer KMU auf historischem Tief - Organisator<\/title>\n<meta name=\"description\" content=\"Die Coronakrise sorgt f\u00fcr einen Einbruch der Exportstimmung bei international t\u00e4tigen KMU. Dies zeigen die neusten Zahlen von S-GE und Credit Suisse.\" \/>\n<meta name=\"robots\" content=\"index, follow, max-snippet:-1, max-image-preview:large, max-video-preview:-1\" \/>\n<link rel=\"canonical\" href=\"https:\/\/www.organisator.ch\/de\/allgemein\/2020-06-26\/exportstimmung-der-schweizer-kmu-auf-historischem-tief\/\" \/>\n<meta property=\"og:locale\" content=\"de_DE\" \/>\n<meta property=\"og:type\" content=\"article\" \/>\n<meta property=\"og:title\" content=\"Exportstimmung der Schweizer KMU auf historischem Tief\" \/>\n<meta property=\"og:description\" content=\"Die Coronakrise sorgt f\u00fcr einen Einbruch der Exportstimmung bei international t\u00e4tigen KMU. Dies zeigen die neusten Zahlen von S-GE und Credit Suisse.\" \/>\n<meta property=\"og:url\" content=\"https:\/\/www.organisator.ch\/de\/allgemein\/2020-06-26\/exportstimmung-der-schweizer-kmu-auf-historischem-tief\/\" \/>\n<meta property=\"og:site_name\" content=\"Organisator\" \/>\n<meta property=\"article:publisher\" content=\"https:\/\/www.facebook.com\/OrganisatorFachmagazin\" \/>\n<meta property=\"article:published_time\" content=\"2020-06-26T08:51:30+00:00\" \/>\n<meta property=\"og:image\" content=\"https:\/\/www.organisator.ch\/wp-content\/uploads\/2020\/06\/Exportstimmung-der-Schweizer-KMU-auf-historischem-Tief_Organisator.jpg\" \/>\n\t<meta property=\"og:image:width\" content=\"680\" \/>\n\t<meta property=\"og:image:height\" content=\"214\" \/>\n\t<meta property=\"og:image:type\" content=\"image\/jpeg\" \/>\n<meta name=\"author\" content=\"thomas.berner\" \/>\n<meta name=\"twitter:card\" content=\"summary_large_image\" \/>\n<meta name=\"twitter:title\" content=\"#Exportstimmung der Schweizer KMU auf historischem Tief\" \/>\n<meta name=\"twitter:description\" content=\"Die #Coronakrise sorgt f\u00fcr einen Einbruch der #Exportstimmung bei international t\u00e4tigen KMU. Dies zeigen die neusten Zahlen von #S-GE und Credit Suisse.\" \/>\n<meta name=\"twitter:image\" content=\"https:\/\/www.organisator.ch\/wp-content\/uploads\/2020\/06\/Exportstimmung-der-Schweizer-KMU-auf-historischem-Tief_Organisator.jpg\" \/>\n<script type=\"application\/ld+json\" class=\"yoast-schema-graph\">{\"@context\":\"https:\\\/\\\/schema.org\",\"@graph\":[{\"@type\":\"Article\",\"@id\":\"https:\\\/\\\/www.organisator.ch\\\/it\\\/generale\\\/2020-06-26\\\/exportstimmung-der-schweizer-kmu-auf-historischem-tief\\\/#article\",\"isPartOf\":{\"@id\":\"https:\\\/\\\/www.organisator.ch\\\/it\\\/generale\\\/2020-06-26\\\/exportstimmung-der-schweizer-kmu-auf-historischem-tief\\\/\"},\"author\":{\"name\":\"thomas.berner\",\"@id\":\"https:\\\/\\\/www.organisator.ch\\\/#\\\/schema\\\/person\\\/6f650f90b2842cd4c0cc334b4e36f67e\"},\"headline\":\"Exportstimmung der Schweizer KMU auf historischem Tief\",\"datePublished\":\"2020-06-26T08:51:30+00:00\",\"mainEntityOfPage\":{\"@id\":\"https:\\\/\\\/www.organisator.ch\\\/it\\\/generale\\\/2020-06-26\\\/exportstimmung-der-schweizer-kmu-auf-historischem-tief\\\/\"},\"wordCount\":435,\"publisher\":{\"@id\":\"https:\\\/\\\/www.organisator.ch\\\/#organization\"},\"image\":{\"@id\":\"https:\\\/\\\/www.organisator.ch\\\/it\\\/generale\\\/2020-06-26\\\/exportstimmung-der-schweizer-kmu-auf-historischem-tief\\\/#primaryimage\"},\"thumbnailUrl\":\"https:\\\/\\\/www.organisator.ch\\\/wp-content\\\/uploads\\\/2020\\\/06\\\/Exportstimmung-der-Schweizer-KMU-auf-historischem-Tief_Organisator.jpg\",\"keywords\":[\"Export\",\"Management und Unternehmensf\u00fchrung\",\"M\u00e4rkte\"],\"inLanguage\":\"de\"},{\"@type\":\"WebPage\",\"@id\":\"https:\\\/\\\/www.organisator.ch\\\/it\\\/generale\\\/2020-06-26\\\/exportstimmung-der-schweizer-kmu-auf-historischem-tief\\\/\",\"url\":\"https:\\\/\\\/www.organisator.ch\\\/it\\\/generale\\\/2020-06-26\\\/exportstimmung-der-schweizer-kmu-auf-historischem-tief\\\/\",\"name\":\"Exportstimmung der Schweizer KMU auf historischem Tief - Organisator\",\"isPartOf\":{\"@id\":\"https:\\\/\\\/www.organisator.ch\\\/#website\"},\"primaryImageOfPage\":{\"@id\":\"https:\\\/\\\/www.organisator.ch\\\/it\\\/generale\\\/2020-06-26\\\/exportstimmung-der-schweizer-kmu-auf-historischem-tief\\\/#primaryimage\"},\"image\":{\"@id\":\"https:\\\/\\\/www.organisator.ch\\\/it\\\/generale\\\/2020-06-26\\\/exportstimmung-der-schweizer-kmu-auf-historischem-tief\\\/#primaryimage\"},\"thumbnailUrl\":\"https:\\\/\\\/www.organisator.ch\\\/wp-content\\\/uploads\\\/2020\\\/06\\\/Exportstimmung-der-Schweizer-KMU-auf-historischem-Tief_Organisator.jpg\",\"datePublished\":\"2020-06-26T08:51:30+00:00\",\"description\":\"Die Coronakrise sorgt f\u00fcr einen Einbruch der Exportstimmung bei international t\u00e4tigen KMU. Dies zeigen die neusten Zahlen von S-GE und Credit Suisse.\",\"breadcrumb\":{\"@id\":\"https:\\\/\\\/www.organisator.ch\\\/it\\\/generale\\\/2020-06-26\\\/exportstimmung-der-schweizer-kmu-auf-historischem-tief\\\/#breadcrumb\"},\"inLanguage\":\"de\",\"potentialAction\":[{\"@type\":\"ReadAction\",\"target\":[\"https:\\\/\\\/www.organisator.ch\\\/it\\\/generale\\\/2020-06-26\\\/exportstimmung-der-schweizer-kmu-auf-historischem-tief\\\/\"]}]},{\"@type\":\"ImageObject\",\"inLanguage\":\"de\",\"@id\":\"https:\\\/\\\/www.organisator.ch\\\/it\\\/generale\\\/2020-06-26\\\/exportstimmung-der-schweizer-kmu-auf-historischem-tief\\\/#primaryimage\",\"url\":\"https:\\\/\\\/www.organisator.ch\\\/wp-content\\\/uploads\\\/2020\\\/06\\\/Exportstimmung-der-Schweizer-KMU-auf-historischem-Tief_Organisator.jpg\",\"contentUrl\":\"https:\\\/\\\/www.organisator.ch\\\/wp-content\\\/uploads\\\/2020\\\/06\\\/Exportstimmung-der-Schweizer-KMU-auf-historischem-Tief_Organisator.jpg\",\"width\":680,\"height\":214,\"caption\":\"Die Exportstimmung von Schweizer KMU war noch nie so schlecht wie gerade jetzt. (Bild: Pixabay.com)\"},{\"@type\":\"BreadcrumbList\",\"@id\":\"https:\\\/\\\/www.organisator.ch\\\/it\\\/generale\\\/2020-06-26\\\/exportstimmung-der-schweizer-kmu-auf-historischem-tief\\\/#breadcrumb\",\"itemListElement\":[{\"@type\":\"ListItem\",\"position\":1,\"name\":\"Home\",\"item\":\"https:\\\/\\\/www.organisator.ch\\\/\"},{\"@type\":\"ListItem\",\"position\":2,\"name\":\"Exportstimmung der Schweizer KMU auf historischem Tief\"}]},{\"@type\":\"WebSite\",\"@id\":\"https:\\\/\\\/www.organisator.ch\\\/#website\",\"url\":\"https:\\\/\\\/www.organisator.ch\\\/\",\"name\":\"Organisator\",\"description\":\"Kompetent. Praxisnah. Der ORGANISATOR bereitet in 10 Ausgaben pro Jahr die wesentlichen Themen f\u00fcr F\u00fchrungskr\u00e4fte von KMU auf.\",\"publisher\":{\"@id\":\"https:\\\/\\\/www.organisator.ch\\\/#organization\"},\"potentialAction\":[{\"@type\":\"SearchAction\",\"target\":{\"@type\":\"EntryPoint\",\"urlTemplate\":\"https:\\\/\\\/www.organisator.ch\\\/?s={search_term_string}\"},\"query-input\":{\"@type\":\"PropertyValueSpecification\",\"valueRequired\":true,\"valueName\":\"search_term_string\"}}],\"inLanguage\":\"de\"},{\"@type\":\"Organization\",\"@id\":\"https:\\\/\\\/www.organisator.ch\\\/#organization\",\"name\":\"Organisator\",\"url\":\"https:\\\/\\\/www.organisator.ch\\\/\",\"logo\":{\"@type\":\"ImageObject\",\"inLanguage\":\"de\",\"@id\":\"https:\\\/\\\/www.organisator.ch\\\/#\\\/schema\\\/logo\\\/image\\\/\",\"url\":\"https:\\\/\\\/www.organisator.ch\\\/wp-content\\\/uploads\\\/2022\\\/01\\\/Logo_Organisator_Website.png\",\"contentUrl\":\"https:\\\/\\\/www.organisator.ch\\\/wp-content\\\/uploads\\\/2022\\\/01\\\/Logo_Organisator_Website.png\",\"width\":800,\"height\":77,\"caption\":\"Organisator\"},\"image\":{\"@id\":\"https:\\\/\\\/www.organisator.ch\\\/#\\\/schema\\\/logo\\\/image\\\/\"},\"sameAs\":[\"https:\\\/\\\/www.facebook.com\\\/OrganisatorFachmagazin\",\"https:\\\/\\\/www.linkedin.com\\\/showcase\\\/organisator-das-magazin-fr-kmu\",\"https:\\\/\\\/www.xing.com\\\/news\\\/pages\\\/organisator-ch-695\",\"https:\\\/\\\/www.youtube.com\\\/channel\\\/UCGP2Sq0iWaZwT3BdIAQFYpw\"]},{\"@type\":\"Person\",\"@id\":\"https:\\\/\\\/www.organisator.ch\\\/#\\\/schema\\\/person\\\/6f650f90b2842cd4c0cc334b4e36f67e\",\"name\":\"thomas.berner\",\"image\":{\"@type\":\"ImageObject\",\"inLanguage\":\"de\",\"@id\":\"https:\\\/\\\/secure.gravatar.com\\\/avatar\\\/ac5001d2a36cb6c6cd3e50789007ffca834b477b74a2144564522e944eabff61?s=96&d=mm&r=g\",\"url\":\"https:\\\/\\\/secure.gravatar.com\\\/avatar\\\/ac5001d2a36cb6c6cd3e50789007ffca834b477b74a2144564522e944eabff61?s=96&d=mm&r=g\",\"contentUrl\":\"https:\\\/\\\/secure.gravatar.com\\\/avatar\\\/ac5001d2a36cb6c6cd3e50789007ffca834b477b74a2144564522e944eabff61?s=96&d=mm&r=g\",\"caption\":\"thomas.berner\"},\"url\":\"https:\\\/\\\/www.organisator.ch\\\/de\\\/author\\\/thomas-berner\\\/\"}]}<\/script>\n<!-- \/ Yoast SEO plugin. -->","yoast_head_json":{"title":"Exportstimmung der Schweizer KMU auf historischem Tief - Organisator","description":"Die Coronakrise sorgt f\u00fcr einen Einbruch der Exportstimmung bei international t\u00e4tigen KMU. Dies zeigen die neusten Zahlen von S-GE und Credit Suisse.","robots":{"index":"index","follow":"follow","max-snippet":"max-snippet:-1","max-image-preview":"max-image-preview:large","max-video-preview":"max-video-preview:-1"},"canonical":"https:\/\/www.organisator.ch\/de\/allgemein\/2020-06-26\/exportstimmung-der-schweizer-kmu-auf-historischem-tief\/","og_locale":"de_DE","og_type":"article","og_title":"Exportstimmung der Schweizer KMU auf historischem Tief","og_description":"Die Coronakrise sorgt f\u00fcr einen Einbruch der Exportstimmung bei international t\u00e4tigen KMU. Dies zeigen die neusten Zahlen von S-GE und Credit Suisse.","og_url":"https:\/\/www.organisator.ch\/de\/allgemein\/2020-06-26\/exportstimmung-der-schweizer-kmu-auf-historischem-tief\/","og_site_name":"Organisator","article_publisher":"https:\/\/www.facebook.com\/OrganisatorFachmagazin","article_published_time":"2020-06-26T08:51:30+00:00","og_image":[{"width":680,"height":214,"url":"https:\/\/www.organisator.ch\/wp-content\/uploads\/2020\/06\/Exportstimmung-der-Schweizer-KMU-auf-historischem-Tief_Organisator.jpg","type":"image\/jpeg"}],"author":"thomas.berner","twitter_card":"summary_large_image","twitter_title":"#Exportstimmung der Schweizer KMU auf historischem Tief","twitter_description":"Die #Coronakrise sorgt f\u00fcr einen Einbruch der #Exportstimmung bei international t\u00e4tigen KMU. Dies zeigen die neusten Zahlen von #S-GE und Credit Suisse.","twitter_image":"https:\/\/www.organisator.ch\/wp-content\/uploads\/2020\/06\/Exportstimmung-der-Schweizer-KMU-auf-historischem-Tief_Organisator.jpg","schema":{"@context":"https:\/\/schema.org","@graph":[{"@type":"Article","@id":"https:\/\/www.organisator.ch\/it\/generale\/2020-06-26\/exportstimmung-der-schweizer-kmu-auf-historischem-tief\/#article","isPartOf":{"@id":"https:\/\/www.organisator.ch\/it\/generale\/2020-06-26\/exportstimmung-der-schweizer-kmu-auf-historischem-tief\/"},"author":{"name":"thomas.berner","@id":"https:\/\/www.organisator.ch\/#\/schema\/person\/6f650f90b2842cd4c0cc334b4e36f67e"},"headline":"Exportstimmung der Schweizer KMU auf historischem Tief","datePublished":"2020-06-26T08:51:30+00:00","mainEntityOfPage":{"@id":"https:\/\/www.organisator.ch\/it\/generale\/2020-06-26\/exportstimmung-der-schweizer-kmu-auf-historischem-tief\/"},"wordCount":435,"publisher":{"@id":"https:\/\/www.organisator.ch\/#organization"},"image":{"@id":"https:\/\/www.organisator.ch\/it\/generale\/2020-06-26\/exportstimmung-der-schweizer-kmu-auf-historischem-tief\/#primaryimage"},"thumbnailUrl":"https:\/\/www.organisator.ch\/wp-content\/uploads\/2020\/06\/Exportstimmung-der-Schweizer-KMU-auf-historischem-Tief_Organisator.jpg","keywords":["Export","Management und Unternehmensf\u00fchrung","M\u00e4rkte"],"inLanguage":"de"},{"@type":"WebPage","@id":"https:\/\/www.organisator.ch\/it\/generale\/2020-06-26\/exportstimmung-der-schweizer-kmu-auf-historischem-tief\/","url":"https:\/\/www.organisator.ch\/it\/generale\/2020-06-26\/exportstimmung-der-schweizer-kmu-auf-historischem-tief\/","name":"Exportstimmung der Schweizer KMU auf historischem Tief - Organisator","isPartOf":{"@id":"https:\/\/www.organisator.ch\/#website"},"primaryImageOfPage":{"@id":"https:\/\/www.organisator.ch\/it\/generale\/2020-06-26\/exportstimmung-der-schweizer-kmu-auf-historischem-tief\/#primaryimage"},"image":{"@id":"https:\/\/www.organisator.ch\/it\/generale\/2020-06-26\/exportstimmung-der-schweizer-kmu-auf-historischem-tief\/#primaryimage"},"thumbnailUrl":"https:\/\/www.organisator.ch\/wp-content\/uploads\/2020\/06\/Exportstimmung-der-Schweizer-KMU-auf-historischem-Tief_Organisator.jpg","datePublished":"2020-06-26T08:51:30+00:00","description":"Die Coronakrise sorgt f\u00fcr einen Einbruch der Exportstimmung bei international t\u00e4tigen KMU. Dies zeigen die neusten Zahlen von S-GE und Credit Suisse.","breadcrumb":{"@id":"https:\/\/www.organisator.ch\/it\/generale\/2020-06-26\/exportstimmung-der-schweizer-kmu-auf-historischem-tief\/#breadcrumb"},"inLanguage":"de","potentialAction":[{"@type":"ReadAction","target":["https:\/\/www.organisator.ch\/it\/generale\/2020-06-26\/exportstimmung-der-schweizer-kmu-auf-historischem-tief\/"]}]},{"@type":"ImageObject","inLanguage":"de","@id":"https:\/\/www.organisator.ch\/it\/generale\/2020-06-26\/exportstimmung-der-schweizer-kmu-auf-historischem-tief\/#primaryimage","url":"https:\/\/www.organisator.ch\/wp-content\/uploads\/2020\/06\/Exportstimmung-der-Schweizer-KMU-auf-historischem-Tief_Organisator.jpg","contentUrl":"https:\/\/www.organisator.ch\/wp-content\/uploads\/2020\/06\/Exportstimmung-der-Schweizer-KMU-auf-historischem-Tief_Organisator.jpg","width":680,"height":214,"caption":"Die Exportstimmung von Schweizer KMU war noch nie so schlecht wie gerade jetzt. (Bild: Pixabay.com)"},{"@type":"BreadcrumbList","@id":"https:\/\/www.organisator.ch\/it\/generale\/2020-06-26\/exportstimmung-der-schweizer-kmu-auf-historischem-tief\/#breadcrumb","itemListElement":[{"@type":"ListItem","position":1,"name":"Home","item":"https:\/\/www.organisator.ch\/"},{"@type":"ListItem","position":2,"name":"Exportstimmung der Schweizer KMU auf historischem Tief"}]},{"@type":"WebSite","@id":"https:\/\/www.organisator.ch\/#website","url":"https:\/\/www.organisator.ch\/","name":"Organisator","description":"Kompetent. Praxisnah. Der ORGANISATOR bereitet in 10 Ausgaben pro Jahr die wesentlichen Themen f\u00fcr F\u00fchrungskr\u00e4fte von KMU auf.","publisher":{"@id":"https:\/\/www.organisator.ch\/#organization"},"potentialAction":[{"@type":"SearchAction","target":{"@type":"EntryPoint","urlTemplate":"https:\/\/www.organisator.ch\/?s={search_term_string}"},"query-input":{"@type":"PropertyValueSpecification","valueRequired":true,"valueName":"search_term_string"}}],"inLanguage":"de"},{"@type":"Organization","@id":"https:\/\/www.organisator.ch\/#organization","name":"Organisator","url":"https:\/\/www.organisator.ch\/","logo":{"@type":"ImageObject","inLanguage":"de","@id":"https:\/\/www.organisator.ch\/#\/schema\/logo\/image\/","url":"https:\/\/www.organisator.ch\/wp-content\/uploads\/2022\/01\/Logo_Organisator_Website.png","contentUrl":"https:\/\/www.organisator.ch\/wp-content\/uploads\/2022\/01\/Logo_Organisator_Website.png","width":800,"height":77,"caption":"Organisator"},"image":{"@id":"https:\/\/www.organisator.ch\/#\/schema\/logo\/image\/"},"sameAs":["https:\/\/www.facebook.com\/OrganisatorFachmagazin","https:\/\/www.linkedin.com\/showcase\/organisator-das-magazin-fr-kmu","https:\/\/www.xing.com\/news\/pages\/organisator-ch-695","https:\/\/www.youtube.com\/channel\/UCGP2Sq0iWaZwT3BdIAQFYpw"]},{"@type":"Person","@id":"https:\/\/www.organisator.ch\/#\/schema\/person\/6f650f90b2842cd4c0cc334b4e36f67e","name":"thomas.berner","image":{"@type":"ImageObject","inLanguage":"de","@id":"https:\/\/secure.gravatar.com\/avatar\/ac5001d2a36cb6c6cd3e50789007ffca834b477b74a2144564522e944eabff61?s=96&d=mm&r=g","url":"https:\/\/secure.gravatar.com\/avatar\/ac5001d2a36cb6c6cd3e50789007ffca834b477b74a2144564522e944eabff61?s=96&d=mm&r=g","contentUrl":"https:\/\/secure.gravatar.com\/avatar\/ac5001d2a36cb6c6cd3e50789007ffca834b477b74a2144564522e944eabff61?s=96&d=mm&r=g","caption":"thomas.berner"},"url":"https:\/\/www.organisator.ch\/de\/author\/thomas-berner\/"}]}},"_links":{"self":[{"href":"https:\/\/www.organisator.ch\/de\/wp-json\/wp\/v2\/posts\/6875","targetHints":{"allow":["GET"]}}],"collection":[{"href":"https:\/\/www.organisator.ch\/de\/wp-json\/wp\/v2\/posts"}],"about":[{"href":"https:\/\/www.organisator.ch\/de\/wp-json\/wp\/v2\/types\/post"}],"author":[{"embeddable":true,"href":"https:\/\/www.organisator.ch\/de\/wp-json\/wp\/v2\/users\/4"}],"replies":[{"embeddable":true,"href":"https:\/\/www.organisator.ch\/de\/wp-json\/wp\/v2\/comments?post=6875"}],"version-history":[{"count":0,"href":"https:\/\/www.organisator.ch\/de\/wp-json\/wp\/v2\/posts\/6875\/revisions"}],"wp:featuredmedia":[{"embeddable":true,"href":"https:\/\/www.organisator.ch\/de\/wp-json\/wp\/v2\/media\/6876"}],"wp:attachment":[{"href":"https:\/\/www.organisator.ch\/de\/wp-json\/wp\/v2\/media?parent=6875"}],"wp:term":[{"taxonomy":"category","embeddable":true,"href":"https:\/\/www.organisator.ch\/de\/wp-json\/wp\/v2\/categories?post=6875"},{"taxonomy":"post_tag","embeddable":true,"href":"https:\/\/www.organisator.ch\/de\/wp-json\/wp\/v2\/tags?post=6875"}],"curies":[{"name":"wp","href":"https:\/\/api.w.org\/{rel}","templated":true}]}}