{"id":6910,"date":"2020-07-02T19:26:49","date_gmt":"2020-07-02T17:26:49","guid":{"rendered":"https:\/\/www.organisator.ch\/?p=6910"},"modified":"2020-07-02T19:26:49","modified_gmt":"2020-07-02T17:26:49","slug":"das-schweizer-startup-caru-treibt-den-vorgezogenen-b2c-markteintritt-voran","status":"publish","type":"post","link":"https:\/\/www.organisator.ch\/de\/management\/2020-07-02\/das-schweizer-startup-caru-treibt-den-vorgezogenen-b2c-markteintritt-voran\/","title":{"rendered":"Das Schweizer Startup CARU treibt den vorgezogenen B2C-Markteintritt voran"},"content":{"rendered":"<figure id=\"attachment_6911\" aria-describedby=\"caption-attachment-6911\" style=\"width: 680px\" class=\"wp-caption alignnone\"><img loading=\"lazy\" decoding=\"async\" class=\"size-medium wp-image-6911\" src=\"https:\/\/www.organisator.ch\/wp-content\/uploads\/2020\/07\/Das-Schweizer-Startup-CARU-treibt-den-vorgezogenen-B2C-Markteintritt-voran_Organisator.jpg\" alt=\"\" width=\"680\" height=\"372\" srcset=\"https:\/\/www.organisator.ch\/wp-content\/uploads\/2020\/07\/Das-Schweizer-Startup-CARU-treibt-den-vorgezogenen-B2C-Markteintritt-voran_Organisator.jpg 680w, https:\/\/www.organisator.ch\/wp-content\/uploads\/2020\/07\/Das-Schweizer-Startup-CARU-treibt-den-vorgezogenen-B2C-Markteintritt-voran_Organisator-16x9.jpg 16w, https:\/\/www.organisator.ch\/wp-content\/uploads\/2020\/07\/Das-Schweizer-Startup-CARU-treibt-den-vorgezogenen-B2C-Markteintritt-voran_Organisator-320x175.jpg 320w, https:\/\/www.organisator.ch\/wp-content\/uploads\/2020\/07\/Das-Schweizer-Startup-CARU-treibt-den-vorgezogenen-B2C-Markteintritt-voran_Organisator-640x350.jpg 640w, https:\/\/www.organisator.ch\/wp-content\/uploads\/2020\/07\/Das-Schweizer-Startup-CARU-treibt-den-vorgezogenen-B2C-Markteintritt-voran_Organisator-300x164.jpg 300w\" sizes=\"auto, (max-width: 680px) 100vw, 680px\" \/><figcaption id=\"caption-attachment-6911\" class=\"wp-caption-text\">Mit Finanzspritze zum beschleunigten B2C-Markteintritt: Die sprachgesteuerte Notruf-L\u00f6sung CARU, der &#8222;digitale Mitbewohner&#8220; f\u00fcr Senioren. (Bild: caruhome.com)<\/figcaption><\/figure>\n<p>Trotz Corona-Pandemie d\u00fcrfen sich junge Schweizer Unternehmen \u00fcber stabiles Interesse von Investoren erfreuen. Und auch der Gr\u00fcnderszene scheint es wieder blendend zu gehen, wie die <a href=\"https:\/\/www.organisator.ch\/wiederanstieg-der-firmengruendungen-im-juni\/\">j\u00fcngsten Zahlen an Neugr\u00fcndungen<\/a> zeigen. Die aktuelle globale Pandemie birgt neben vielen Herausforderungen also auch Chancen. Besonders zu sehen ist dies etwa im Bereich von AgeTech-L\u00f6sungen. Dort ist das junge Unternehmen CARU t\u00e4tig und hat einen &#8222;digitalen Mitbewohner&#8220; f\u00fcr die \u00e4ltere Generation entwickelt. Dieser soll nun auch f\u00fcr Privatkunden in der Schweiz auf den Markt kommen &#8211; 6 Monate fr\u00fcher als geplant.<\/p>\n<h2>Bestehende und neue Investoren \u00fcberzeugt<\/h2>\n<p>CARU konnte nicht nur das Kapital bestehender Investoren erh\u00f6hen. Trotz \u2013 oder vielleicht gerade wegen der aktuellen Situation \u2013 konnte das Unternehmen auch neue Investoren gewinnen. \u00abDie positive Resonanz im B2B Markt der letzten 2 Jahre, die schnellen Entwicklungszyklen, und der entschlossene fr\u00fche B2C-Markteintritt diesen Fr\u00fchling haben mir best\u00e4tigt: Das Unternehmen wird einen positiven, nachhaltigen und skalierbaren Einfluss auf unsere alternde Gesellschaft haben\u00bb, sagt Erich Mosset, Miteigent\u00fcmer und Verwaltungsratsmitglied von RONDA und Investor von CARU.<\/p>\n<h2>Digitaler Mitbewohner von Oma und Opa<\/h2>\n<p>CARU wird \u00fcber einfache Sprachbefehle oder Ber\u00fchrung bedient. Im Notfall gen\u00fcgt ein \u00abHilfe \u2013 Hilfe!\u00bb um \u00fcber Lautsprecher telefonisch mit der Familie verbunden zu sein. Allt\u00e4gliches kann unkompliziert und zu jeder Tages- und Nachtzeit als Sprachnachricht geteilt werden \u2013 von der Familie via Smartphone und von Oma und Opa \u00fcber CARU. Angeschlossen an das Stromnetz verbindet sich das Ger\u00e4t \u00fcber die integrierte SIM Karte mit dem Mobilfunknetz. Den Rest konfiguriert die Familie bequem von Zuhause aus \u00fcber eine App.<\/p>\n<p><em>Quelle und weitere Informationen: <a href=\"http:\/\/www.caruhome.com\/\">www.caruhome.com<\/a><\/em><\/p>\n","protected":false},"excerpt":{"rendered":"<p>Trotz Corona-Pandemie d\u00fcrfen sich junge Schweizer Unternehmen \u00fcber stabiles Interesse von Investoren erfreuen. Und auch der Gr\u00fcnderszene scheint es wieder blendend zu gehen, wie die j\u00fcngsten Zahlen an Neugr\u00fcndungen zeigen. Die aktuelle globale Pandemie birgt neben vielen Herausforderungen also auch Chancen. Besonders zu sehen ist dies etwa im Bereich von AgeTech-L\u00f6sungen. Dort ist das junge [&hellip;]<\/p>\n","protected":false},"author":4,"featured_media":6911,"comment_status":"closed","ping_status":"closed","sticky":false,"template":"","format":"standard","meta":{"_acf_changed":false,"_yoast_wpseo_focuskw":"B2C-Markteintritt","_yoast_wpseo_metadesc":"Das AgeTech Unternehmen CARU erh\u00e4lt eine Finanzierung von mehr 3 Millionen CHF. Damit treibt das Unternehmen den vorgezogenen B2C-Markteintritt voran.","articlekey":"","footnotes":""},"categories":[28],"tags":[203,451,492],"class_list":["post-6910","post","type-post","status-publish","format-standard","has-post-thumbnail","hentry","category-management","tag-finanzierung","tag-startups","tag-unternehmen"],"acf":[],"yoast_head":"<!-- This site is optimized with the Yoast SEO plugin v27.5 - https:\/\/yoast.com\/product\/yoast-seo-wordpress\/ -->\n<title>Das Schweizer Startup CARU treibt den vorgezogenen B2C-Markteintritt voran - Organisator<\/title>\n<meta name=\"description\" content=\"Das AgeTech Unternehmen CARU erh\u00e4lt eine Finanzierung von mehr 3 Millionen CHF. Damit treibt das Unternehmen den vorgezogenen B2C-Markteintritt voran.\" \/>\n<meta name=\"robots\" content=\"index, follow, max-snippet:-1, max-image-preview:large, max-video-preview:-1\" \/>\n<link rel=\"canonical\" href=\"https:\/\/www.organisator.ch\/de\/management\/2020-07-02\/das-schweizer-startup-caru-treibt-den-vorgezogenen-b2c-markteintritt-voran\/\" \/>\n<meta property=\"og:locale\" content=\"de_DE\" \/>\n<meta property=\"og:type\" content=\"article\" \/>\n<meta property=\"og:title\" content=\"Das Schweizer Startup CARU treibt den vorgezogenen B2C-Markteintritt voran\" \/>\n<meta property=\"og:description\" content=\"Das AgeTech Unternehmen CARU erh\u00e4lt eine Finanzierung von mehr 3 Millionen CHF. Damit treibt das Unternehmen den vorgezogenen B2C-Markteintritt voran.\" \/>\n<meta property=\"og:url\" content=\"https:\/\/www.organisator.ch\/de\/management\/2020-07-02\/das-schweizer-startup-caru-treibt-den-vorgezogenen-b2c-markteintritt-voran\/\" \/>\n<meta property=\"og:site_name\" content=\"Organisator\" \/>\n<meta property=\"article:publisher\" content=\"https:\/\/www.facebook.com\/OrganisatorFachmagazin\" \/>\n<meta property=\"article:published_time\" content=\"2020-07-02T17:26:49+00:00\" \/>\n<meta property=\"og:image\" content=\"https:\/\/www.organisator.ch\/wp-content\/uploads\/2020\/07\/Das-Schweizer-Startup-CARU-treibt-den-vorgezogenen-B2C-Markteintritt-voran_Organisator.jpg\" \/>\n\t<meta property=\"og:image:width\" content=\"680\" \/>\n\t<meta property=\"og:image:height\" content=\"372\" \/>\n\t<meta property=\"og:image:type\" content=\"image\/jpeg\" \/>\n<meta name=\"author\" content=\"thomas.berner\" \/>\n<meta name=\"twitter:card\" content=\"summary_large_image\" \/>\n<meta name=\"twitter:title\" content=\"Das Schweizer Startup #CARU treibt den vorgezogenen B2C-Markteintritt voran\" \/>\n<meta name=\"twitter:description\" content=\"Das AgeTech Unternehmen #CARU erh\u00e4lt eine Finanzierung von mehr 3 Millionen CHF. Damit treibt das Unternehmen den vorgezogenen #B2C-Markteintritt voran.\" \/>\n<meta name=\"twitter:image\" content=\"https:\/\/www.organisator.ch\/wp-content\/uploads\/2020\/07\/Das-Schweizer-Startup-CARU-treibt-den-vorgezogenen-B2C-Markteintritt-voran_Organisator.jpg\" \/>\n<script type=\"application\/ld+json\" class=\"yoast-schema-graph\">{\"@context\":\"https:\\\/\\\/schema.org\",\"@graph\":[{\"@type\":\"Article\",\"@id\":\"https:\\\/\\\/www.organisator.ch\\\/management\\\/2020-07-02\\\/das-schweizer-startup-caru-treibt-den-vorgezogenen-b2c-markteintritt-voran\\\/#article\",\"isPartOf\":{\"@id\":\"https:\\\/\\\/www.organisator.ch\\\/management\\\/2020-07-02\\\/das-schweizer-startup-caru-treibt-den-vorgezogenen-b2c-markteintritt-voran\\\/\"},\"author\":{\"name\":\"thomas.berner\",\"@id\":\"https:\\\/\\\/www.organisator.ch\\\/#\\\/schema\\\/person\\\/6f650f90b2842cd4c0cc334b4e36f67e\"},\"headline\":\"Das Schweizer Startup CARU treibt den vorgezogenen B2C-Markteintritt voran\",\"datePublished\":\"2020-07-02T17:26:49+00:00\",\"mainEntityOfPage\":{\"@id\":\"https:\\\/\\\/www.organisator.ch\\\/management\\\/2020-07-02\\\/das-schweizer-startup-caru-treibt-den-vorgezogenen-b2c-markteintritt-voran\\\/\"},\"wordCount\":310,\"publisher\":{\"@id\":\"https:\\\/\\\/www.organisator.ch\\\/#organization\"},\"image\":{\"@id\":\"https:\\\/\\\/www.organisator.ch\\\/management\\\/2020-07-02\\\/das-schweizer-startup-caru-treibt-den-vorgezogenen-b2c-markteintritt-voran\\\/#primaryimage\"},\"thumbnailUrl\":\"https:\\\/\\\/www.organisator.ch\\\/wp-content\\\/uploads\\\/2020\\\/07\\\/Das-Schweizer-Startup-CARU-treibt-den-vorgezogenen-B2C-Markteintritt-voran_Organisator.jpg\",\"keywords\":[\"Finanzierung\",\"Startups\",\"Unternehmen\"],\"articleSection\":[\"MANAGEMENT\"],\"inLanguage\":\"de\"},{\"@type\":\"WebPage\",\"@id\":\"https:\\\/\\\/www.organisator.ch\\\/management\\\/2020-07-02\\\/das-schweizer-startup-caru-treibt-den-vorgezogenen-b2c-markteintritt-voran\\\/\",\"url\":\"https:\\\/\\\/www.organisator.ch\\\/management\\\/2020-07-02\\\/das-schweizer-startup-caru-treibt-den-vorgezogenen-b2c-markteintritt-voran\\\/\",\"name\":\"Das Schweizer Startup CARU treibt den vorgezogenen B2C-Markteintritt voran - Organisator\",\"isPartOf\":{\"@id\":\"https:\\\/\\\/www.organisator.ch\\\/#website\"},\"primaryImageOfPage\":{\"@id\":\"https:\\\/\\\/www.organisator.ch\\\/management\\\/2020-07-02\\\/das-schweizer-startup-caru-treibt-den-vorgezogenen-b2c-markteintritt-voran\\\/#primaryimage\"},\"image\":{\"@id\":\"https:\\\/\\\/www.organisator.ch\\\/management\\\/2020-07-02\\\/das-schweizer-startup-caru-treibt-den-vorgezogenen-b2c-markteintritt-voran\\\/#primaryimage\"},\"thumbnailUrl\":\"https:\\\/\\\/www.organisator.ch\\\/wp-content\\\/uploads\\\/2020\\\/07\\\/Das-Schweizer-Startup-CARU-treibt-den-vorgezogenen-B2C-Markteintritt-voran_Organisator.jpg\",\"datePublished\":\"2020-07-02T17:26:49+00:00\",\"description\":\"Das AgeTech Unternehmen CARU erh\u00e4lt eine Finanzierung von mehr 3 Millionen CHF. Damit treibt das Unternehmen den vorgezogenen B2C-Markteintritt voran.\",\"breadcrumb\":{\"@id\":\"https:\\\/\\\/www.organisator.ch\\\/management\\\/2020-07-02\\\/das-schweizer-startup-caru-treibt-den-vorgezogenen-b2c-markteintritt-voran\\\/#breadcrumb\"},\"inLanguage\":\"de\",\"potentialAction\":[{\"@type\":\"ReadAction\",\"target\":[\"https:\\\/\\\/www.organisator.ch\\\/management\\\/2020-07-02\\\/das-schweizer-startup-caru-treibt-den-vorgezogenen-b2c-markteintritt-voran\\\/\"]}]},{\"@type\":\"ImageObject\",\"inLanguage\":\"de\",\"@id\":\"https:\\\/\\\/www.organisator.ch\\\/management\\\/2020-07-02\\\/das-schweizer-startup-caru-treibt-den-vorgezogenen-b2c-markteintritt-voran\\\/#primaryimage\",\"url\":\"https:\\\/\\\/www.organisator.ch\\\/wp-content\\\/uploads\\\/2020\\\/07\\\/Das-Schweizer-Startup-CARU-treibt-den-vorgezogenen-B2C-Markteintritt-voran_Organisator.jpg\",\"contentUrl\":\"https:\\\/\\\/www.organisator.ch\\\/wp-content\\\/uploads\\\/2020\\\/07\\\/Das-Schweizer-Startup-CARU-treibt-den-vorgezogenen-B2C-Markteintritt-voran_Organisator.jpg\",\"width\":680,\"height\":372,\"caption\":\"Mit Finanzspritze zum beschleunigten B2C-Markteintritt: Die sprachgesteuerte Notruf-L\u00f6sung CARU, der \\\"digitale Mitbewohner\\\" f\u00fcr Senioren. (Bild: caruhome.com)\"},{\"@type\":\"BreadcrumbList\",\"@id\":\"https:\\\/\\\/www.organisator.ch\\\/management\\\/2020-07-02\\\/das-schweizer-startup-caru-treibt-den-vorgezogenen-b2c-markteintritt-voran\\\/#breadcrumb\",\"itemListElement\":[{\"@type\":\"ListItem\",\"position\":1,\"name\":\"Home\",\"item\":\"https:\\\/\\\/www.organisator.ch\\\/\"},{\"@type\":\"ListItem\",\"position\":2,\"name\":\"Das Schweizer Startup CARU treibt den vorgezogenen B2C-Markteintritt voran\"}]},{\"@type\":\"WebSite\",\"@id\":\"https:\\\/\\\/www.organisator.ch\\\/#website\",\"url\":\"https:\\\/\\\/www.organisator.ch\\\/\",\"name\":\"Organisator\",\"description\":\"Kompetent. Praxisnah. Der ORGANISATOR bereitet in 10 Ausgaben pro Jahr die wesentlichen Themen f\u00fcr F\u00fchrungskr\u00e4fte von KMU auf.\",\"publisher\":{\"@id\":\"https:\\\/\\\/www.organisator.ch\\\/#organization\"},\"potentialAction\":[{\"@type\":\"SearchAction\",\"target\":{\"@type\":\"EntryPoint\",\"urlTemplate\":\"https:\\\/\\\/www.organisator.ch\\\/?s={search_term_string}\"},\"query-input\":{\"@type\":\"PropertyValueSpecification\",\"valueRequired\":true,\"valueName\":\"search_term_string\"}}],\"inLanguage\":\"de\"},{\"@type\":\"Organization\",\"@id\":\"https:\\\/\\\/www.organisator.ch\\\/#organization\",\"name\":\"Organisator\",\"url\":\"https:\\\/\\\/www.organisator.ch\\\/\",\"logo\":{\"@type\":\"ImageObject\",\"inLanguage\":\"de\",\"@id\":\"https:\\\/\\\/www.organisator.ch\\\/#\\\/schema\\\/logo\\\/image\\\/\",\"url\":\"https:\\\/\\\/www.organisator.ch\\\/wp-content\\\/uploads\\\/2022\\\/01\\\/Logo_Organisator_Website.png\",\"contentUrl\":\"https:\\\/\\\/www.organisator.ch\\\/wp-content\\\/uploads\\\/2022\\\/01\\\/Logo_Organisator_Website.png\",\"width\":800,\"height\":77,\"caption\":\"Organisator\"},\"image\":{\"@id\":\"https:\\\/\\\/www.organisator.ch\\\/#\\\/schema\\\/logo\\\/image\\\/\"},\"sameAs\":[\"https:\\\/\\\/www.facebook.com\\\/OrganisatorFachmagazin\",\"https:\\\/\\\/www.linkedin.com\\\/showcase\\\/organisator-das-magazin-fr-kmu\",\"https:\\\/\\\/www.xing.com\\\/news\\\/pages\\\/organisator-ch-695\",\"https:\\\/\\\/www.youtube.com\\\/channel\\\/UCGP2Sq0iWaZwT3BdIAQFYpw\"]},{\"@type\":\"Person\",\"@id\":\"https:\\\/\\\/www.organisator.ch\\\/#\\\/schema\\\/person\\\/6f650f90b2842cd4c0cc334b4e36f67e\",\"name\":\"thomas.berner\",\"image\":{\"@type\":\"ImageObject\",\"inLanguage\":\"de\",\"@id\":\"https:\\\/\\\/secure.gravatar.com\\\/avatar\\\/ac5001d2a36cb6c6cd3e50789007ffca834b477b74a2144564522e944eabff61?s=96&d=mm&r=g\",\"url\":\"https:\\\/\\\/secure.gravatar.com\\\/avatar\\\/ac5001d2a36cb6c6cd3e50789007ffca834b477b74a2144564522e944eabff61?s=96&d=mm&r=g\",\"contentUrl\":\"https:\\\/\\\/secure.gravatar.com\\\/avatar\\\/ac5001d2a36cb6c6cd3e50789007ffca834b477b74a2144564522e944eabff61?s=96&d=mm&r=g\",\"caption\":\"thomas.berner\"},\"url\":\"https:\\\/\\\/www.organisator.ch\\\/de\\\/author\\\/thomas-berner\\\/\"}]}<\/script>\n<!-- \/ Yoast SEO plugin. -->","yoast_head_json":{"title":"Das Schweizer Startup CARU treibt den vorgezogenen B2C-Markteintritt voran - Organisator","description":"Das AgeTech Unternehmen CARU erh\u00e4lt eine Finanzierung von mehr 3 Millionen CHF. Damit treibt das Unternehmen den vorgezogenen B2C-Markteintritt voran.","robots":{"index":"index","follow":"follow","max-snippet":"max-snippet:-1","max-image-preview":"max-image-preview:large","max-video-preview":"max-video-preview:-1"},"canonical":"https:\/\/www.organisator.ch\/de\/management\/2020-07-02\/das-schweizer-startup-caru-treibt-den-vorgezogenen-b2c-markteintritt-voran\/","og_locale":"de_DE","og_type":"article","og_title":"Das Schweizer Startup CARU treibt den vorgezogenen B2C-Markteintritt voran","og_description":"Das AgeTech Unternehmen CARU erh\u00e4lt eine Finanzierung von mehr 3 Millionen CHF. Damit treibt das Unternehmen den vorgezogenen B2C-Markteintritt voran.","og_url":"https:\/\/www.organisator.ch\/de\/management\/2020-07-02\/das-schweizer-startup-caru-treibt-den-vorgezogenen-b2c-markteintritt-voran\/","og_site_name":"Organisator","article_publisher":"https:\/\/www.facebook.com\/OrganisatorFachmagazin","article_published_time":"2020-07-02T17:26:49+00:00","og_image":[{"width":680,"height":372,"url":"https:\/\/www.organisator.ch\/wp-content\/uploads\/2020\/07\/Das-Schweizer-Startup-CARU-treibt-den-vorgezogenen-B2C-Markteintritt-voran_Organisator.jpg","type":"image\/jpeg"}],"author":"thomas.berner","twitter_card":"summary_large_image","twitter_title":"Das Schweizer Startup #CARU treibt den vorgezogenen B2C-Markteintritt voran","twitter_description":"Das AgeTech Unternehmen #CARU erh\u00e4lt eine Finanzierung von mehr 3 Millionen CHF. Damit treibt das Unternehmen den vorgezogenen #B2C-Markteintritt voran.","twitter_image":"https:\/\/www.organisator.ch\/wp-content\/uploads\/2020\/07\/Das-Schweizer-Startup-CARU-treibt-den-vorgezogenen-B2C-Markteintritt-voran_Organisator.jpg","schema":{"@context":"https:\/\/schema.org","@graph":[{"@type":"Article","@id":"https:\/\/www.organisator.ch\/management\/2020-07-02\/das-schweizer-startup-caru-treibt-den-vorgezogenen-b2c-markteintritt-voran\/#article","isPartOf":{"@id":"https:\/\/www.organisator.ch\/management\/2020-07-02\/das-schweizer-startup-caru-treibt-den-vorgezogenen-b2c-markteintritt-voran\/"},"author":{"name":"thomas.berner","@id":"https:\/\/www.organisator.ch\/#\/schema\/person\/6f650f90b2842cd4c0cc334b4e36f67e"},"headline":"Das Schweizer Startup CARU treibt den vorgezogenen B2C-Markteintritt voran","datePublished":"2020-07-02T17:26:49+00:00","mainEntityOfPage":{"@id":"https:\/\/www.organisator.ch\/management\/2020-07-02\/das-schweizer-startup-caru-treibt-den-vorgezogenen-b2c-markteintritt-voran\/"},"wordCount":310,"publisher":{"@id":"https:\/\/www.organisator.ch\/#organization"},"image":{"@id":"https:\/\/www.organisator.ch\/management\/2020-07-02\/das-schweizer-startup-caru-treibt-den-vorgezogenen-b2c-markteintritt-voran\/#primaryimage"},"thumbnailUrl":"https:\/\/www.organisator.ch\/wp-content\/uploads\/2020\/07\/Das-Schweizer-Startup-CARU-treibt-den-vorgezogenen-B2C-Markteintritt-voran_Organisator.jpg","keywords":["Finanzierung","Startups","Unternehmen"],"articleSection":["MANAGEMENT"],"inLanguage":"de"},{"@type":"WebPage","@id":"https:\/\/www.organisator.ch\/management\/2020-07-02\/das-schweizer-startup-caru-treibt-den-vorgezogenen-b2c-markteintritt-voran\/","url":"https:\/\/www.organisator.ch\/management\/2020-07-02\/das-schweizer-startup-caru-treibt-den-vorgezogenen-b2c-markteintritt-voran\/","name":"Das Schweizer Startup CARU treibt den vorgezogenen B2C-Markteintritt voran - Organisator","isPartOf":{"@id":"https:\/\/www.organisator.ch\/#website"},"primaryImageOfPage":{"@id":"https:\/\/www.organisator.ch\/management\/2020-07-02\/das-schweizer-startup-caru-treibt-den-vorgezogenen-b2c-markteintritt-voran\/#primaryimage"},"image":{"@id":"https:\/\/www.organisator.ch\/management\/2020-07-02\/das-schweizer-startup-caru-treibt-den-vorgezogenen-b2c-markteintritt-voran\/#primaryimage"},"thumbnailUrl":"https:\/\/www.organisator.ch\/wp-content\/uploads\/2020\/07\/Das-Schweizer-Startup-CARU-treibt-den-vorgezogenen-B2C-Markteintritt-voran_Organisator.jpg","datePublished":"2020-07-02T17:26:49+00:00","description":"Das AgeTech Unternehmen CARU erh\u00e4lt eine Finanzierung von mehr 3 Millionen CHF. Damit treibt das Unternehmen den vorgezogenen B2C-Markteintritt voran.","breadcrumb":{"@id":"https:\/\/www.organisator.ch\/management\/2020-07-02\/das-schweizer-startup-caru-treibt-den-vorgezogenen-b2c-markteintritt-voran\/#breadcrumb"},"inLanguage":"de","potentialAction":[{"@type":"ReadAction","target":["https:\/\/www.organisator.ch\/management\/2020-07-02\/das-schweizer-startup-caru-treibt-den-vorgezogenen-b2c-markteintritt-voran\/"]}]},{"@type":"ImageObject","inLanguage":"de","@id":"https:\/\/www.organisator.ch\/management\/2020-07-02\/das-schweizer-startup-caru-treibt-den-vorgezogenen-b2c-markteintritt-voran\/#primaryimage","url":"https:\/\/www.organisator.ch\/wp-content\/uploads\/2020\/07\/Das-Schweizer-Startup-CARU-treibt-den-vorgezogenen-B2C-Markteintritt-voran_Organisator.jpg","contentUrl":"https:\/\/www.organisator.ch\/wp-content\/uploads\/2020\/07\/Das-Schweizer-Startup-CARU-treibt-den-vorgezogenen-B2C-Markteintritt-voran_Organisator.jpg","width":680,"height":372,"caption":"Mit Finanzspritze zum beschleunigten B2C-Markteintritt: Die sprachgesteuerte Notruf-L\u00f6sung CARU, der \"digitale Mitbewohner\" f\u00fcr Senioren. (Bild: caruhome.com)"},{"@type":"BreadcrumbList","@id":"https:\/\/www.organisator.ch\/management\/2020-07-02\/das-schweizer-startup-caru-treibt-den-vorgezogenen-b2c-markteintritt-voran\/#breadcrumb","itemListElement":[{"@type":"ListItem","position":1,"name":"Home","item":"https:\/\/www.organisator.ch\/"},{"@type":"ListItem","position":2,"name":"Das Schweizer Startup CARU treibt den vorgezogenen B2C-Markteintritt voran"}]},{"@type":"WebSite","@id":"https:\/\/www.organisator.ch\/#website","url":"https:\/\/www.organisator.ch\/","name":"Organisator","description":"Kompetent. Praxisnah. Der ORGANISATOR bereitet in 10 Ausgaben pro Jahr die wesentlichen Themen f\u00fcr F\u00fchrungskr\u00e4fte von KMU auf.","publisher":{"@id":"https:\/\/www.organisator.ch\/#organization"},"potentialAction":[{"@type":"SearchAction","target":{"@type":"EntryPoint","urlTemplate":"https:\/\/www.organisator.ch\/?s={search_term_string}"},"query-input":{"@type":"PropertyValueSpecification","valueRequired":true,"valueName":"search_term_string"}}],"inLanguage":"de"},{"@type":"Organization","@id":"https:\/\/www.organisator.ch\/#organization","name":"Organisator","url":"https:\/\/www.organisator.ch\/","logo":{"@type":"ImageObject","inLanguage":"de","@id":"https:\/\/www.organisator.ch\/#\/schema\/logo\/image\/","url":"https:\/\/www.organisator.ch\/wp-content\/uploads\/2022\/01\/Logo_Organisator_Website.png","contentUrl":"https:\/\/www.organisator.ch\/wp-content\/uploads\/2022\/01\/Logo_Organisator_Website.png","width":800,"height":77,"caption":"Organisator"},"image":{"@id":"https:\/\/www.organisator.ch\/#\/schema\/logo\/image\/"},"sameAs":["https:\/\/www.facebook.com\/OrganisatorFachmagazin","https:\/\/www.linkedin.com\/showcase\/organisator-das-magazin-fr-kmu","https:\/\/www.xing.com\/news\/pages\/organisator-ch-695","https:\/\/www.youtube.com\/channel\/UCGP2Sq0iWaZwT3BdIAQFYpw"]},{"@type":"Person","@id":"https:\/\/www.organisator.ch\/#\/schema\/person\/6f650f90b2842cd4c0cc334b4e36f67e","name":"thomas.berner","image":{"@type":"ImageObject","inLanguage":"de","@id":"https:\/\/secure.gravatar.com\/avatar\/ac5001d2a36cb6c6cd3e50789007ffca834b477b74a2144564522e944eabff61?s=96&d=mm&r=g","url":"https:\/\/secure.gravatar.com\/avatar\/ac5001d2a36cb6c6cd3e50789007ffca834b477b74a2144564522e944eabff61?s=96&d=mm&r=g","contentUrl":"https:\/\/secure.gravatar.com\/avatar\/ac5001d2a36cb6c6cd3e50789007ffca834b477b74a2144564522e944eabff61?s=96&d=mm&r=g","caption":"thomas.berner"},"url":"https:\/\/www.organisator.ch\/de\/author\/thomas-berner\/"}]}},"_links":{"self":[{"href":"https:\/\/www.organisator.ch\/de\/wp-json\/wp\/v2\/posts\/6910","targetHints":{"allow":["GET"]}}],"collection":[{"href":"https:\/\/www.organisator.ch\/de\/wp-json\/wp\/v2\/posts"}],"about":[{"href":"https:\/\/www.organisator.ch\/de\/wp-json\/wp\/v2\/types\/post"}],"author":[{"embeddable":true,"href":"https:\/\/www.organisator.ch\/de\/wp-json\/wp\/v2\/users\/4"}],"replies":[{"embeddable":true,"href":"https:\/\/www.organisator.ch\/de\/wp-json\/wp\/v2\/comments?post=6910"}],"version-history":[{"count":0,"href":"https:\/\/www.organisator.ch\/de\/wp-json\/wp\/v2\/posts\/6910\/revisions"}],"wp:featuredmedia":[{"embeddable":true,"href":"https:\/\/www.organisator.ch\/de\/wp-json\/wp\/v2\/media\/6911"}],"wp:attachment":[{"href":"https:\/\/www.organisator.ch\/de\/wp-json\/wp\/v2\/media?parent=6910"}],"wp:term":[{"taxonomy":"category","embeddable":true,"href":"https:\/\/www.organisator.ch\/de\/wp-json\/wp\/v2\/categories?post=6910"},{"taxonomy":"post_tag","embeddable":true,"href":"https:\/\/www.organisator.ch\/de\/wp-json\/wp\/v2\/tags?post=6910"}],"curies":[{"name":"wp","href":"https:\/\/api.w.org\/{rel}","templated":true}]}}