{"id":6917,"date":"2020-07-08T16:18:25","date_gmt":"2020-07-08T14:18:25","guid":{"rendered":"https:\/\/www.organisator.ch\/?p=6917"},"modified":"2020-07-08T16:18:25","modified_gmt":"2020-07-08T14:18:25","slug":"covid-19-rueckt-finanzielles-wohlbefinden-von-arbeitnehmern-in-den-fokus","status":"publish","type":"post","link":"https:\/\/www.organisator.ch\/de\/management\/finanzen_recht\/2020-07-08\/covid-19-rueckt-finanzielles-wohlbefinden-von-arbeitnehmern-in-den-fokus\/","title":{"rendered":"COVID-19 r\u00fcckt &#8222;finanzielles Wohlbefinden&#8220; von Arbeitnehmern in den Fokus"},"content":{"rendered":"<figure id=\"attachment_6918\" aria-describedby=\"caption-attachment-6918\" style=\"width: 667px\" class=\"wp-caption alignnone\"><img loading=\"lazy\" decoding=\"async\" class=\"wp-image-6918 size-medium\" src=\"https:\/\/www.organisator.ch\/wp-content\/uploads\/2020\/07\/Gringo-667x1000.jpg\" alt=\"\" width=\"667\" height=\"1000\" srcset=\"https:\/\/www.organisator.ch\/wp-content\/uploads\/2020\/07\/Gringo-667x1000.jpg 667w, https:\/\/www.organisator.ch\/wp-content\/uploads\/2020\/07\/Gringo-683x1024.jpg 683w, https:\/\/www.organisator.ch\/wp-content\/uploads\/2020\/07\/Gringo-8x12.jpg 8w, https:\/\/www.organisator.ch\/wp-content\/uploads\/2020\/07\/Gringo-117x175.jpg 117w, https:\/\/www.organisator.ch\/wp-content\/uploads\/2020\/07\/Gringo-233x350.jpg 233w, https:\/\/www.organisator.ch\/wp-content\/uploads\/2020\/07\/Gringo-534x800.jpg 534w, https:\/\/www.organisator.ch\/wp-content\/uploads\/2020\/07\/Gringo-300x450.jpg 300w, https:\/\/www.organisator.ch\/wp-content\/uploads\/2020\/07\/Gringo.jpg 709w\" sizes=\"auto, (max-width: 667px) 100vw, 667px\" \/><figcaption id=\"caption-attachment-6918\" class=\"wp-caption-text\">Steven van Tuijl, General Manager Deutschland und Polen von ADP. (Bild: zVg)<\/figcaption><\/figure>\n<p>&nbsp;<\/p>\n<p style=\"margin: 0cm 0cm 8.0pt 0cm;\">Das finanzielle Wohlbefinden von Arbeitnehmern ist ein entscheidender Faktor f\u00fcr die Leistungsf\u00e4higkeit und hat somit einen direkten Einfluss auf das Unternehmen, darin sind sich 98 % der Arbeitgeber einig. Vor allem wirkt sich die finanzielle Lage von Mitarbeitern auf den Umsatz aus, wie 53 % der Arbeitgeber angeben, auf das Engagement (62 %) und auf die Produktivit\u00e4t (67 %). Dies geht aus der Studie &#8222;Future of Pay&#8220; des HR-Dienstleisters ADP hervor. Die Corona-Krise und der erwartete Wirtschaftsabschwung r\u00fccken das finanzielle Wohlbefinden von Arbeitnehmern und die damit verbundenen Herausforderungen f\u00fcr Arbeitgeber zunehmend in den Fokus.<\/p>\n<p><strong>Massnahmen, die \u00fcber reine Gehaltszahlungen hinausgehen <\/strong><\/p>\n<p style=\"margin: 0cm 0cm 8.0pt 0cm;\">Die Tatsache, dass sich das wirtschaftliche Wohlbefinden auf das Gesamtwohl der Arbeitnehmer auswirkt und daher ein dringliches Thema ist, erkennt die Mehrheit der europ\u00e4ischen Arbeitgeber (76 %) an. 72 % der Arbeitgeber sind der Meinung, dass sie sich f\u00fcr die finanzielle Situation der Arbeitnehmer interessieren sollten. Knapp zwei Drittel der Unternehmen (64 %) sind \u00fcberzeugt, dass das Angebot von finanziellen Hilfsmitteln, wie beispielsweise Apps, die Einblick in Finanzdaten geben, oder Tools zur Budgetierung und Nachverfolgung von Geld, dazu beitragen, Spitzenkr\u00e4fte zu gewinnen.<\/p>\n<p style=\"margin: 0cm 0cm 8.0pt 0cm;\">Auch die Arbeitnehmer sind von der Bedeutung des finanziellen Wohlbefindens \u00fcberzeugt. Eine grosse Mehrheit (59 %) der europ\u00e4ischen Arbeitnehmer ist der Meinung, dass Arbeitgeber sich f\u00fcr dieses Thema interessieren sollten und ein fast gleicher Anteil (62 %) w\u00fcrde gerne f\u00fcr ein Unternehmen arbeiten, das sich f\u00fcr die finanzielle Lage der Mitarbeiter tats\u00e4chlich interessiert. 30 % der Arbeitnehmer geben an, dass sich die Verf\u00fcgbarkeit von Tools zur Unterst\u00fctzung der Finanzverwaltung auf ihre Entscheidung zur Annahme einer Stelle auswirken w\u00fcrde. Sie halten diesen Vorteil f\u00fcr ebenso attraktiv wie verschiedene Verg\u00fctungsm\u00f6glichkeiten au\u00dferhalb des Zyklus oder die Arbeit im Home Office.<\/p>\n<p>Nicht nur das finanzielle Wohlbefinden, sondern demographische und generationsbezogene Trends und Vorlieben im Allgemeinen wirken sich auf die von Arbeitnehmern bevorzugte Verg\u00fctungsweise aus. Beispielsweise w\u00fcrden 68 % der Millennials pers\u00f6nliche Daten an den Gehaltsabrechnungsdienstleister weitergeben, um Unterst\u00fctzung in der Finanzverwaltung zu erhalten \u2013 eine Altersgruppe, die bis zum Jahr 2025 75 % aller Erwerbst\u00e4tigen weltweit ausmachen wird. Bei der Generation X liegt die Bereitschaft zur Weitergabe personenbezogener Daten bei 52 % und bei den Babyboomern nur bei 32 %.<\/p>\n<p><strong>Die Bedeutung des finanziellen Wohlbefindens nimmt zu<\/strong><\/p>\n<p style=\"margin: 0cm 0cm 8.0pt 0cm;\">Laut Steven van Tuijl, General Manager Deutschland und Polen von ADP, ist es an der Zeit, das finanzielle Wohlbefinden von Arbeitnehmern in den Fokus zu r\u00fccken: &#8222;Es ist klar, dass Menschen mit Sorgen um ihre finanzielle Situation anf\u00e4lliger f\u00fcr Stress und sogar f\u00fcr k\u00f6rperliche Gesundheitsprobleme sind. Die aktuelle Krisensituation und die drohende Wirtschaftsrezession erh\u00f6hen die Einkommensbedenken. Daher ist es wichtig, dass die Arbeitgeber nicht nur auf das finanzielle Wohlbefinden ihrer Mitarbeiter achten, sondern auch verschiedene Verg\u00fctungsoptionen anbieten, um sie in diesem Bereich bestm\u00f6glich zu unterst\u00fctzen. Die Studie zeigt, dass dies schon vor der aktuellen Krise notwendig war. Doch die Dringlichkeit hat zugenommen&#8220;.<\/p>\n<p><a href=\"http:\/\/www.de-adp.com\">www.de-adp.com<\/a><\/p>\n<p>&nbsp;<\/p>\n<p>&nbsp;<\/p>\n","protected":false},"excerpt":{"rendered":"<p>&nbsp; Das finanzielle Wohlbefinden von Arbeitnehmern ist ein entscheidender Faktor f\u00fcr die Leistungsf\u00e4higkeit und hat somit einen direkten Einfluss auf das Unternehmen, darin sind sich 98 % der Arbeitgeber einig. Vor allem wirkt sich die finanzielle Lage von Mitarbeitern auf den Umsatz aus, wie 53 % der Arbeitgeber angeben, auf das Engagement (62 %) und [&hellip;]<\/p>\n","protected":false},"author":5,"featured_media":6918,"comment_status":"closed","ping_status":"closed","sticky":false,"template":"","format":"standard","meta":{"_acf_changed":false,"_yoast_wpseo_focuskw":"Die Studie \"Future of Pay\" des HR-Dienstleisters ADP r\u00fcckt das finanzielle Wohlbefinden von Arbeitnehmenden und die damit verbundenen Herausforderungen f\u00fcr Arbeitgeber zunhemend in den Fokus.","_yoast_wpseo_metadesc":"Die Studie \"Future of Pay\" des HR-Dienstleisters ADP r\u00fcckt das \"finanzielle Wohlbefinden\" von Arbeitnehmenden in den Fokus.","articlekey":"","footnotes":""},"categories":[24],"tags":[43,201,242,312,387,460],"class_list":["post-6917","post","type-post","status-publish","format-standard","has-post-thumbnail","hentry","category-finanzen_recht","tag-arbeitnehmer","tag-finanzen","tag-gesundheit","tag-konsum","tag-praeferenzen","tag-studien"],"acf":[],"yoast_head":"<!-- This site is optimized with the Yoast SEO plugin v27.4 - https:\/\/yoast.com\/product\/yoast-seo-wordpress\/ -->\n<title>COVID-19 r\u00fcckt &quot;finanzielles Wohlbefinden&quot; von Arbeitnehmern in den Fokus - Organisator<\/title>\n<meta name=\"description\" content=\"Die Studie &quot;Future of Pay&quot; des HR-Dienstleisters ADP r\u00fcckt das &quot;finanzielle Wohlbefinden&quot; von Arbeitnehmenden in den Fokus.\" \/>\n<meta name=\"robots\" content=\"index, follow, max-snippet:-1, max-image-preview:large, max-video-preview:-1\" \/>\n<link rel=\"canonical\" href=\"https:\/\/www.organisator.ch\/de\/management\/finanzen_recht\/2020-07-08\/covid-19-rueckt-finanzielles-wohlbefinden-von-arbeitnehmern-in-den-fokus\/\" \/>\n<meta property=\"og:locale\" content=\"de_DE\" \/>\n<meta property=\"og:type\" content=\"article\" \/>\n<meta property=\"og:title\" content=\"COVID-19 r\u00fcckt &quot;finanzielles Wohlbefinden&quot; von Arbeitnehmern in den Fokus - Organisator\" \/>\n<meta property=\"og:description\" content=\"Die Studie &quot;Future of Pay&quot; des HR-Dienstleisters ADP r\u00fcckt das &quot;finanzielle Wohlbefinden&quot; von Arbeitnehmenden in den Fokus.\" \/>\n<meta property=\"og:url\" content=\"https:\/\/www.organisator.ch\/de\/management\/finanzen_recht\/2020-07-08\/covid-19-rueckt-finanzielles-wohlbefinden-von-arbeitnehmern-in-den-fokus\/\" \/>\n<meta property=\"og:site_name\" content=\"Organisator\" \/>\n<meta property=\"article:publisher\" content=\"https:\/\/www.facebook.com\/OrganisatorFachmagazin\" \/>\n<meta property=\"article:published_time\" content=\"2020-07-08T14:18:25+00:00\" \/>\n<meta property=\"og:image\" content=\"https:\/\/www.organisator.ch\/wp-content\/uploads\/2020\/07\/Gringo.jpg\" \/>\n\t<meta property=\"og:image:width\" content=\"709\" \/>\n\t<meta property=\"og:image:height\" content=\"1063\" \/>\n\t<meta property=\"og:image:type\" content=\"image\/jpeg\" \/>\n<meta name=\"author\" content=\"michael.merz\" \/>\n<meta name=\"twitter:card\" content=\"summary_large_image\" \/>\n<script type=\"application\/ld+json\" class=\"yoast-schema-graph\">{\"@context\":\"https:\\\/\\\/schema.org\",\"@graph\":[{\"@type\":\"Article\",\"@id\":\"https:\\\/\\\/www.organisator.ch\\\/management\\\/finanzen_recht\\\/2020-07-08\\\/covid-19-rueckt-finanzielles-wohlbefinden-von-arbeitnehmern-in-den-fokus\\\/#article\",\"isPartOf\":{\"@id\":\"https:\\\/\\\/www.organisator.ch\\\/management\\\/finanzen_recht\\\/2020-07-08\\\/covid-19-rueckt-finanzielles-wohlbefinden-von-arbeitnehmern-in-den-fokus\\\/\"},\"author\":{\"name\":\"michael.merz\",\"@id\":\"https:\\\/\\\/www.organisator.ch\\\/#\\\/schema\\\/person\\\/134708ca9321c57b0362cceb7948ffbd\"},\"headline\":\"COVID-19 r\u00fcckt &#8222;finanzielles Wohlbefinden&#8220; von Arbeitnehmern in den Fokus\",\"datePublished\":\"2020-07-08T14:18:25+00:00\",\"mainEntityOfPage\":{\"@id\":\"https:\\\/\\\/www.organisator.ch\\\/management\\\/finanzen_recht\\\/2020-07-08\\\/covid-19-rueckt-finanzielles-wohlbefinden-von-arbeitnehmern-in-den-fokus\\\/\"},\"wordCount\":507,\"publisher\":{\"@id\":\"https:\\\/\\\/www.organisator.ch\\\/#organization\"},\"image\":{\"@id\":\"https:\\\/\\\/www.organisator.ch\\\/management\\\/finanzen_recht\\\/2020-07-08\\\/covid-19-rueckt-finanzielles-wohlbefinden-von-arbeitnehmern-in-den-fokus\\\/#primaryimage\"},\"thumbnailUrl\":\"https:\\\/\\\/www.organisator.ch\\\/wp-content\\\/uploads\\\/2020\\\/07\\\/Gringo.jpg\",\"keywords\":[\"Arbeitnehmer\",\"Finanzen\",\"Gesundheit\",\"Konsum\",\"Pr\u00e4ferenzen\",\"Studien\"],\"articleSection\":[\"FINANZEN\\\/RECHT\"],\"inLanguage\":\"de\"},{\"@type\":\"WebPage\",\"@id\":\"https:\\\/\\\/www.organisator.ch\\\/management\\\/finanzen_recht\\\/2020-07-08\\\/covid-19-rueckt-finanzielles-wohlbefinden-von-arbeitnehmern-in-den-fokus\\\/\",\"url\":\"https:\\\/\\\/www.organisator.ch\\\/management\\\/finanzen_recht\\\/2020-07-08\\\/covid-19-rueckt-finanzielles-wohlbefinden-von-arbeitnehmern-in-den-fokus\\\/\",\"name\":\"COVID-19 r\u00fcckt \\\"finanzielles Wohlbefinden\\\" von Arbeitnehmern in den Fokus - Organisator\",\"isPartOf\":{\"@id\":\"https:\\\/\\\/www.organisator.ch\\\/#website\"},\"primaryImageOfPage\":{\"@id\":\"https:\\\/\\\/www.organisator.ch\\\/management\\\/finanzen_recht\\\/2020-07-08\\\/covid-19-rueckt-finanzielles-wohlbefinden-von-arbeitnehmern-in-den-fokus\\\/#primaryimage\"},\"image\":{\"@id\":\"https:\\\/\\\/www.organisator.ch\\\/management\\\/finanzen_recht\\\/2020-07-08\\\/covid-19-rueckt-finanzielles-wohlbefinden-von-arbeitnehmern-in-den-fokus\\\/#primaryimage\"},\"thumbnailUrl\":\"https:\\\/\\\/www.organisator.ch\\\/wp-content\\\/uploads\\\/2020\\\/07\\\/Gringo.jpg\",\"datePublished\":\"2020-07-08T14:18:25+00:00\",\"description\":\"Die Studie \\\"Future of Pay\\\" des HR-Dienstleisters ADP r\u00fcckt das \\\"finanzielle Wohlbefinden\\\" von Arbeitnehmenden in den Fokus.\",\"breadcrumb\":{\"@id\":\"https:\\\/\\\/www.organisator.ch\\\/management\\\/finanzen_recht\\\/2020-07-08\\\/covid-19-rueckt-finanzielles-wohlbefinden-von-arbeitnehmern-in-den-fokus\\\/#breadcrumb\"},\"inLanguage\":\"de\",\"potentialAction\":[{\"@type\":\"ReadAction\",\"target\":[\"https:\\\/\\\/www.organisator.ch\\\/management\\\/finanzen_recht\\\/2020-07-08\\\/covid-19-rueckt-finanzielles-wohlbefinden-von-arbeitnehmern-in-den-fokus\\\/\"]}]},{\"@type\":\"ImageObject\",\"inLanguage\":\"de\",\"@id\":\"https:\\\/\\\/www.organisator.ch\\\/management\\\/finanzen_recht\\\/2020-07-08\\\/covid-19-rueckt-finanzielles-wohlbefinden-von-arbeitnehmern-in-den-fokus\\\/#primaryimage\",\"url\":\"https:\\\/\\\/www.organisator.ch\\\/wp-content\\\/uploads\\\/2020\\\/07\\\/Gringo.jpg\",\"contentUrl\":\"https:\\\/\\\/www.organisator.ch\\\/wp-content\\\/uploads\\\/2020\\\/07\\\/Gringo.jpg\",\"width\":709,\"height\":1063},{\"@type\":\"BreadcrumbList\",\"@id\":\"https:\\\/\\\/www.organisator.ch\\\/management\\\/finanzen_recht\\\/2020-07-08\\\/covid-19-rueckt-finanzielles-wohlbefinden-von-arbeitnehmern-in-den-fokus\\\/#breadcrumb\",\"itemListElement\":[{\"@type\":\"ListItem\",\"position\":1,\"name\":\"Home\",\"item\":\"https:\\\/\\\/www.organisator.ch\\\/\"},{\"@type\":\"ListItem\",\"position\":2,\"name\":\"COVID-19 r\u00fcckt &#8222;finanzielles Wohlbefinden&#8220; von Arbeitnehmern in den Fokus\"}]},{\"@type\":\"WebSite\",\"@id\":\"https:\\\/\\\/www.organisator.ch\\\/#website\",\"url\":\"https:\\\/\\\/www.organisator.ch\\\/\",\"name\":\"Organisator\",\"description\":\"Kompetent. Praxisnah. Der ORGANISATOR bereitet in 10 Ausgaben pro Jahr die wesentlichen Themen f\u00fcr F\u00fchrungskr\u00e4fte von KMU auf.\",\"publisher\":{\"@id\":\"https:\\\/\\\/www.organisator.ch\\\/#organization\"},\"potentialAction\":[{\"@type\":\"SearchAction\",\"target\":{\"@type\":\"EntryPoint\",\"urlTemplate\":\"https:\\\/\\\/www.organisator.ch\\\/?s={search_term_string}\"},\"query-input\":{\"@type\":\"PropertyValueSpecification\",\"valueRequired\":true,\"valueName\":\"search_term_string\"}}],\"inLanguage\":\"de\"},{\"@type\":\"Organization\",\"@id\":\"https:\\\/\\\/www.organisator.ch\\\/#organization\",\"name\":\"Organisator\",\"url\":\"https:\\\/\\\/www.organisator.ch\\\/\",\"logo\":{\"@type\":\"ImageObject\",\"inLanguage\":\"de\",\"@id\":\"https:\\\/\\\/www.organisator.ch\\\/#\\\/schema\\\/logo\\\/image\\\/\",\"url\":\"https:\\\/\\\/www.organisator.ch\\\/wp-content\\\/uploads\\\/2022\\\/01\\\/Logo_Organisator_Website.png\",\"contentUrl\":\"https:\\\/\\\/www.organisator.ch\\\/wp-content\\\/uploads\\\/2022\\\/01\\\/Logo_Organisator_Website.png\",\"width\":800,\"height\":77,\"caption\":\"Organisator\"},\"image\":{\"@id\":\"https:\\\/\\\/www.organisator.ch\\\/#\\\/schema\\\/logo\\\/image\\\/\"},\"sameAs\":[\"https:\\\/\\\/www.facebook.com\\\/OrganisatorFachmagazin\",\"https:\\\/\\\/www.linkedin.com\\\/showcase\\\/organisator-das-magazin-fr-kmu\",\"https:\\\/\\\/www.xing.com\\\/news\\\/pages\\\/organisator-ch-695\",\"https:\\\/\\\/www.youtube.com\\\/channel\\\/UCGP2Sq0iWaZwT3BdIAQFYpw\"]},{\"@type\":\"Person\",\"@id\":\"https:\\\/\\\/www.organisator.ch\\\/#\\\/schema\\\/person\\\/134708ca9321c57b0362cceb7948ffbd\",\"name\":\"michael.merz\",\"image\":{\"@type\":\"ImageObject\",\"inLanguage\":\"de\",\"@id\":\"https:\\\/\\\/secure.gravatar.com\\\/avatar\\\/?s=96&d=mm&r=g\",\"url\":\"https:\\\/\\\/secure.gravatar.com\\\/avatar\\\/?s=96&d=mm&r=g\",\"contentUrl\":\"https:\\\/\\\/secure.gravatar.com\\\/avatar\\\/?s=96&d=mm&r=g\",\"caption\":\"michael.merz\"},\"url\":\"https:\\\/\\\/www.organisator.ch\\\/de\\\/author\\\/michael-merz\\\/\"}]}<\/script>\n<!-- \/ Yoast SEO plugin. -->","yoast_head_json":{"title":"COVID-19 r\u00fcckt \"finanzielles Wohlbefinden\" von Arbeitnehmern in den Fokus - Organisator","description":"Die Studie \"Future of Pay\" des HR-Dienstleisters ADP r\u00fcckt das \"finanzielle Wohlbefinden\" von Arbeitnehmenden in den Fokus.","robots":{"index":"index","follow":"follow","max-snippet":"max-snippet:-1","max-image-preview":"max-image-preview:large","max-video-preview":"max-video-preview:-1"},"canonical":"https:\/\/www.organisator.ch\/de\/management\/finanzen_recht\/2020-07-08\/covid-19-rueckt-finanzielles-wohlbefinden-von-arbeitnehmern-in-den-fokus\/","og_locale":"de_DE","og_type":"article","og_title":"COVID-19 r\u00fcckt \"finanzielles Wohlbefinden\" von Arbeitnehmern in den Fokus - Organisator","og_description":"Die Studie \"Future of Pay\" des HR-Dienstleisters ADP r\u00fcckt das \"finanzielle Wohlbefinden\" von Arbeitnehmenden in den Fokus.","og_url":"https:\/\/www.organisator.ch\/de\/management\/finanzen_recht\/2020-07-08\/covid-19-rueckt-finanzielles-wohlbefinden-von-arbeitnehmern-in-den-fokus\/","og_site_name":"Organisator","article_publisher":"https:\/\/www.facebook.com\/OrganisatorFachmagazin","article_published_time":"2020-07-08T14:18:25+00:00","og_image":[{"width":709,"height":1063,"url":"https:\/\/www.organisator.ch\/wp-content\/uploads\/2020\/07\/Gringo.jpg","type":"image\/jpeg"}],"author":"michael.merz","twitter_card":"summary_large_image","schema":{"@context":"https:\/\/schema.org","@graph":[{"@type":"Article","@id":"https:\/\/www.organisator.ch\/management\/finanzen_recht\/2020-07-08\/covid-19-rueckt-finanzielles-wohlbefinden-von-arbeitnehmern-in-den-fokus\/#article","isPartOf":{"@id":"https:\/\/www.organisator.ch\/management\/finanzen_recht\/2020-07-08\/covid-19-rueckt-finanzielles-wohlbefinden-von-arbeitnehmern-in-den-fokus\/"},"author":{"name":"michael.merz","@id":"https:\/\/www.organisator.ch\/#\/schema\/person\/134708ca9321c57b0362cceb7948ffbd"},"headline":"COVID-19 r\u00fcckt &#8222;finanzielles Wohlbefinden&#8220; von Arbeitnehmern in den Fokus","datePublished":"2020-07-08T14:18:25+00:00","mainEntityOfPage":{"@id":"https:\/\/www.organisator.ch\/management\/finanzen_recht\/2020-07-08\/covid-19-rueckt-finanzielles-wohlbefinden-von-arbeitnehmern-in-den-fokus\/"},"wordCount":507,"publisher":{"@id":"https:\/\/www.organisator.ch\/#organization"},"image":{"@id":"https:\/\/www.organisator.ch\/management\/finanzen_recht\/2020-07-08\/covid-19-rueckt-finanzielles-wohlbefinden-von-arbeitnehmern-in-den-fokus\/#primaryimage"},"thumbnailUrl":"https:\/\/www.organisator.ch\/wp-content\/uploads\/2020\/07\/Gringo.jpg","keywords":["Arbeitnehmer","Finanzen","Gesundheit","Konsum","Pr\u00e4ferenzen","Studien"],"articleSection":["FINANZEN\/RECHT"],"inLanguage":"de"},{"@type":"WebPage","@id":"https:\/\/www.organisator.ch\/management\/finanzen_recht\/2020-07-08\/covid-19-rueckt-finanzielles-wohlbefinden-von-arbeitnehmern-in-den-fokus\/","url":"https:\/\/www.organisator.ch\/management\/finanzen_recht\/2020-07-08\/covid-19-rueckt-finanzielles-wohlbefinden-von-arbeitnehmern-in-den-fokus\/","name":"COVID-19 r\u00fcckt \"finanzielles Wohlbefinden\" von Arbeitnehmern in den Fokus - Organisator","isPartOf":{"@id":"https:\/\/www.organisator.ch\/#website"},"primaryImageOfPage":{"@id":"https:\/\/www.organisator.ch\/management\/finanzen_recht\/2020-07-08\/covid-19-rueckt-finanzielles-wohlbefinden-von-arbeitnehmern-in-den-fokus\/#primaryimage"},"image":{"@id":"https:\/\/www.organisator.ch\/management\/finanzen_recht\/2020-07-08\/covid-19-rueckt-finanzielles-wohlbefinden-von-arbeitnehmern-in-den-fokus\/#primaryimage"},"thumbnailUrl":"https:\/\/www.organisator.ch\/wp-content\/uploads\/2020\/07\/Gringo.jpg","datePublished":"2020-07-08T14:18:25+00:00","description":"Die Studie \"Future of Pay\" des HR-Dienstleisters ADP r\u00fcckt das \"finanzielle Wohlbefinden\" von Arbeitnehmenden in den Fokus.","breadcrumb":{"@id":"https:\/\/www.organisator.ch\/management\/finanzen_recht\/2020-07-08\/covid-19-rueckt-finanzielles-wohlbefinden-von-arbeitnehmern-in-den-fokus\/#breadcrumb"},"inLanguage":"de","potentialAction":[{"@type":"ReadAction","target":["https:\/\/www.organisator.ch\/management\/finanzen_recht\/2020-07-08\/covid-19-rueckt-finanzielles-wohlbefinden-von-arbeitnehmern-in-den-fokus\/"]}]},{"@type":"ImageObject","inLanguage":"de","@id":"https:\/\/www.organisator.ch\/management\/finanzen_recht\/2020-07-08\/covid-19-rueckt-finanzielles-wohlbefinden-von-arbeitnehmern-in-den-fokus\/#primaryimage","url":"https:\/\/www.organisator.ch\/wp-content\/uploads\/2020\/07\/Gringo.jpg","contentUrl":"https:\/\/www.organisator.ch\/wp-content\/uploads\/2020\/07\/Gringo.jpg","width":709,"height":1063},{"@type":"BreadcrumbList","@id":"https:\/\/www.organisator.ch\/management\/finanzen_recht\/2020-07-08\/covid-19-rueckt-finanzielles-wohlbefinden-von-arbeitnehmern-in-den-fokus\/#breadcrumb","itemListElement":[{"@type":"ListItem","position":1,"name":"Home","item":"https:\/\/www.organisator.ch\/"},{"@type":"ListItem","position":2,"name":"COVID-19 r\u00fcckt &#8222;finanzielles Wohlbefinden&#8220; von Arbeitnehmern in den Fokus"}]},{"@type":"WebSite","@id":"https:\/\/www.organisator.ch\/#website","url":"https:\/\/www.organisator.ch\/","name":"Organisator","description":"Kompetent. Praxisnah. Der ORGANISATOR bereitet in 10 Ausgaben pro Jahr die wesentlichen Themen f\u00fcr F\u00fchrungskr\u00e4fte von KMU auf.","publisher":{"@id":"https:\/\/www.organisator.ch\/#organization"},"potentialAction":[{"@type":"SearchAction","target":{"@type":"EntryPoint","urlTemplate":"https:\/\/www.organisator.ch\/?s={search_term_string}"},"query-input":{"@type":"PropertyValueSpecification","valueRequired":true,"valueName":"search_term_string"}}],"inLanguage":"de"},{"@type":"Organization","@id":"https:\/\/www.organisator.ch\/#organization","name":"Organisator","url":"https:\/\/www.organisator.ch\/","logo":{"@type":"ImageObject","inLanguage":"de","@id":"https:\/\/www.organisator.ch\/#\/schema\/logo\/image\/","url":"https:\/\/www.organisator.ch\/wp-content\/uploads\/2022\/01\/Logo_Organisator_Website.png","contentUrl":"https:\/\/www.organisator.ch\/wp-content\/uploads\/2022\/01\/Logo_Organisator_Website.png","width":800,"height":77,"caption":"Organisator"},"image":{"@id":"https:\/\/www.organisator.ch\/#\/schema\/logo\/image\/"},"sameAs":["https:\/\/www.facebook.com\/OrganisatorFachmagazin","https:\/\/www.linkedin.com\/showcase\/organisator-das-magazin-fr-kmu","https:\/\/www.xing.com\/news\/pages\/organisator-ch-695","https:\/\/www.youtube.com\/channel\/UCGP2Sq0iWaZwT3BdIAQFYpw"]},{"@type":"Person","@id":"https:\/\/www.organisator.ch\/#\/schema\/person\/134708ca9321c57b0362cceb7948ffbd","name":"michael.merz","image":{"@type":"ImageObject","inLanguage":"de","@id":"https:\/\/secure.gravatar.com\/avatar\/?s=96&d=mm&r=g","url":"https:\/\/secure.gravatar.com\/avatar\/?s=96&d=mm&r=g","contentUrl":"https:\/\/secure.gravatar.com\/avatar\/?s=96&d=mm&r=g","caption":"michael.merz"},"url":"https:\/\/www.organisator.ch\/de\/author\/michael-merz\/"}]}},"_links":{"self":[{"href":"https:\/\/www.organisator.ch\/de\/wp-json\/wp\/v2\/posts\/6917","targetHints":{"allow":["GET"]}}],"collection":[{"href":"https:\/\/www.organisator.ch\/de\/wp-json\/wp\/v2\/posts"}],"about":[{"href":"https:\/\/www.organisator.ch\/de\/wp-json\/wp\/v2\/types\/post"}],"author":[{"embeddable":true,"href":"https:\/\/www.organisator.ch\/de\/wp-json\/wp\/v2\/users\/5"}],"replies":[{"embeddable":true,"href":"https:\/\/www.organisator.ch\/de\/wp-json\/wp\/v2\/comments?post=6917"}],"version-history":[{"count":0,"href":"https:\/\/www.organisator.ch\/de\/wp-json\/wp\/v2\/posts\/6917\/revisions"}],"wp:featuredmedia":[{"embeddable":true,"href":"https:\/\/www.organisator.ch\/de\/wp-json\/wp\/v2\/media\/6918"}],"wp:attachment":[{"href":"https:\/\/www.organisator.ch\/de\/wp-json\/wp\/v2\/media?parent=6917"}],"wp:term":[{"taxonomy":"category","embeddable":true,"href":"https:\/\/www.organisator.ch\/de\/wp-json\/wp\/v2\/categories?post=6917"},{"taxonomy":"post_tag","embeddable":true,"href":"https:\/\/www.organisator.ch\/de\/wp-json\/wp\/v2\/tags?post=6917"}],"curies":[{"name":"wp","href":"https:\/\/api.w.org\/{rel}","templated":true}]}}