{"id":6950,"date":"2020-07-20T15:07:31","date_gmt":"2020-07-20T13:07:31","guid":{"rendered":"https:\/\/www.organisator.ch\/?p=6950"},"modified":"2020-07-20T15:07:31","modified_gmt":"2020-07-20T13:07:31","slug":"mit-mut-in-die-zukunft-griesser-ag-mit-spatenstich-fuer-neubau","status":"publish","type":"post","link":"https:\/\/www.organisator.ch\/de\/management\/2020-07-20\/mit-mut-in-die-zukunft-griesser-ag-mit-spatenstich-fuer-neubau\/","title":{"rendered":"Mit Mut in die Zukunft: Griesser AG mit Spatenstich f\u00fcr Neubau"},"content":{"rendered":"<figure id=\"attachment_6951\" aria-describedby=\"caption-attachment-6951\" style=\"width: 680px\" class=\"wp-caption alignnone\"><img loading=\"lazy\" decoding=\"async\" class=\"size-medium wp-image-6951\" src=\"https:\/\/www.organisator.ch\/wp-content\/uploads\/2020\/07\/Mit-Mut-in-die-Zukunft-Griesser-AG-mit-Spatenstich-fuer-Neubau_Organisator.jpg\" alt=\"\" width=\"680\" height=\"390\" srcset=\"https:\/\/www.organisator.ch\/wp-content\/uploads\/2020\/07\/Mit-Mut-in-die-Zukunft-Griesser-AG-mit-Spatenstich-fuer-Neubau_Organisator.jpg 680w, https:\/\/www.organisator.ch\/wp-content\/uploads\/2020\/07\/Mit-Mut-in-die-Zukunft-Griesser-AG-mit-Spatenstich-fuer-Neubau_Organisator-16x9.jpg 16w, https:\/\/www.organisator.ch\/wp-content\/uploads\/2020\/07\/Mit-Mut-in-die-Zukunft-Griesser-AG-mit-Spatenstich-fuer-Neubau_Organisator-305x175.jpg 305w, https:\/\/www.organisator.ch\/wp-content\/uploads\/2020\/07\/Mit-Mut-in-die-Zukunft-Griesser-AG-mit-Spatenstich-fuer-Neubau_Organisator-610x350.jpg 610w, https:\/\/www.organisator.ch\/wp-content\/uploads\/2020\/07\/Mit-Mut-in-die-Zukunft-Griesser-AG-mit-Spatenstich-fuer-Neubau_Organisator-300x172.jpg 300w\" sizes=\"auto, (max-width: 680px) 100vw, 680px\" \/><figcaption id=\"caption-attachment-6951\" class=\"wp-caption-text\">Das Griesser-Team freut sich beim Spatenstich auf den Neubau: Samuel Stillhard Gesch\u00e4ftsf\u00fchrer exent AG, Christoph Tschanen Gesch\u00e4ftsf\u00fchrer Tschanen AG, Alex Sprenger Gesamtprojektleiter Griesser AG, Urs Neuhauser CEO Griesser AG, Walter Str\u00e4ssle Verwaltungsratspr\u00e4sident Griesser AG, Emanuel Kissling Werkleiter Griesser AG (v.l.n.r.) (Bild: Griesser AG)<\/figcaption><\/figure>\n<p>Seit 1882 befindet sich der Hauptsitz der Griesser AG in Aadorf und hat sich l\u00e4ngst als einer der Marktf\u00fchrer Europas f\u00fcr Sonnen- und Wetterschutz von Fenstern und Terrassen etabliert. Mit dem Abbruch und Wiederaufbau einer Werkshalle, der Erweiterung einer bestehenden Produktionshalle, dem Ersatz der bisherigen, \u00fcber 20j\u00e4hrigen Pulverbeschichtungsanlage und dem Einbau eines automatischen Lagers soll die Produktivit\u00e4t gesteigert und die Energieeffizienz erh\u00f6ht werden. \u00abL\u00e4uft alles nach Plan, werden wir das Bauprojekt bis Sommer 2021 abschliessen und danach die neuen Anlagen installieren und in Betrieb nehmen\u00bb, sagt Urs Neuhauser, CEO von Griesser, zum Spatenstich. Dass Griesser f\u00fcr sein Bauprojekt am urspr\u00fcnglichen Fahrplan festh\u00e4lt, zeigt, dass das Unternehmen auch in Zeiten von Corona mutig in die Zukunft blickt. Und es ist ein Bekenntnis zur Investition in den Werkplatz Schweiz und damit zur Philosophie des Traditionshauses.<\/p>\n<h2><strong>Vom Spatenstich bis zur Inbetriebnahme<\/strong><\/h2>\n<p>In der ersten Bauetappe ist eine neue Zufahrt inklusive einer Werksbr\u00fccke zum Bauplatz geplant. Voraussichtlich im September startet die zweite Bauphase mit dem Abriss und Neubau der Halle f\u00fcr die neue Beschichtungsanlage sowie der Erweiterungsbau der benachbarten Halle f\u00fcr die Lagerung des Langmaterials. In der dritten Bauetappe wird die neue Pulverbeschichtungsanlage im Neubau installiert und ein Wabenlager in die Hallenerweiterung nebenan eingebaut.<\/p>\n<p>Die Neuanordnung der einzelnen Produktionsabschnitte und die beiden neuen Anlagen f\u00fcr die Beschichtung und die Lagerung sorgen f\u00fcr einen besseren Materialfluss und eine h\u00f6here Automatisierung. Zudem verf\u00fcgt die neue Beschichtungsanlage \u00fcber f\u00fcnf Kammern zur Vorbehandlung und zwei Pulverlinien f\u00fcr die Beschichtung, was die Durchlaufzeiten reduziert und gleichzeitig die Flexibilit\u00e4t erh\u00f6ht.<\/p>\n<p>Bez\u00fcglich Energieeffizienz und Nachhaltigkeit punktet das Bauprojekt von Griesser ebenfalls: \u00abMit dem Neubau wird eine Photovoltaik-Anlage realisiert, mit der wir k\u00fcnftig gut 10% unseres gesamten Strombedarfes abdecken k\u00f6nnen\u00bb, so Emanuel Kissling, Leiter Produktorganisation bei Griesser. \u00abZusammen mit einer effizienten L\u00f6sung f\u00fcr die W\u00e4rmer\u00fcckgewinnung und einem dank neuester Technologie reduzierten Wasserverbrauch werden wir in der Lage sein, unseren \u00f6kologischen Fussabdruck deutlich zu senken.\u00bb<\/p>\n<h2><strong>Kein Unterbruch der Produktion<\/strong><\/h2>\n<p>Griesser h\u00e4lt w\u00e4hrend der gesamten Bauzeit den Produktionsbetrieb aufrecht. Damit dies m\u00f6glich ist, werden Teile der Produktion komprimiert und in ein anderes Geb\u00e4ude verlegt. Zudem m\u00fcssen einige Rohmaterialien vor\u00fcbergehend extern gelagert werden. Die damit verbundenen Einschr\u00e4nkungen im Produktionsbetrieb und der internen Logistik erfordern von den Mitarbeitenden viel Flexibilit\u00e4t. \u00abIch bin aber zuversichtlich, dass unsere gut eingespielten, kompetenten Teams die Herausforderungen der kommenden Zeit und die mit dem Bauprojekt einhergehenden Ver\u00e4nderung bestens meistern werden\u00bb, so Urs Neuhauser.<\/p>\n<p><em>Weitere Informationen: <a href=\"https:\/\/advery.us3.list-manage.com\/track\/click?u=26dd61776ff7181fa2f794553&amp;id=8edcd0746d&amp;e=a3a7effbb4\">www.griesser.ch<\/a><\/em><\/p>\n","protected":false},"excerpt":{"rendered":"<p>Seit 1882 befindet sich der Hauptsitz der Griesser AG in Aadorf und hat sich l\u00e4ngst als einer der Marktf\u00fchrer Europas f\u00fcr Sonnen- und Wetterschutz von Fenstern und Terrassen etabliert. Mit dem Abbruch und Wiederaufbau einer Werkshalle, der Erweiterung einer bestehenden Produktionshalle, dem Ersatz der bisherigen, \u00fcber 20j\u00e4hrigen Pulverbeschichtungsanlage und dem Einbau eines automatischen Lagers soll [&hellip;]<\/p>\n","protected":false},"author":4,"featured_media":6951,"comment_status":"closed","ping_status":"closed","sticky":false,"template":"","format":"standard","meta":{"_acf_changed":false,"_yoast_wpseo_focuskw":"Spatenstich","_yoast_wpseo_metadesc":"Die Griesser AG erstellt einen Ersatz f\u00fcr die in die Jahre gekommene Beschichtungsanlage am Hauptsitz in Aadorf. Am 24. Juni 2020 war Spatenstich.","articlekey":"","footnotes":""},"categories":[28],"tags":[335,492,508],"class_list":["post-6950","post","type-post","status-publish","format-standard","has-post-thumbnail","hentry","category-management","tag-management-und-unternehmensfuehrung","tag-unternehmen","tag-vermischtes"],"acf":[],"yoast_head":"<!-- This site is optimized with the Yoast SEO plugin v27.4 - https:\/\/yoast.com\/product\/yoast-seo-wordpress\/ -->\n<title>Mit Mut in die Zukunft: Griesser AG mit Spatenstich f\u00fcr Neubau - Organisator<\/title>\n<meta name=\"description\" content=\"Die Griesser AG erstellt einen Ersatz f\u00fcr die in die Jahre gekommene Beschichtungsanlage am Hauptsitz in Aadorf. Am 24. Juni 2020 war Spatenstich.\" \/>\n<meta name=\"robots\" content=\"index, follow, max-snippet:-1, max-image-preview:large, max-video-preview:-1\" \/>\n<link rel=\"canonical\" href=\"https:\/\/www.organisator.ch\/de\/management\/2020-07-20\/mit-mut-in-die-zukunft-griesser-ag-mit-spatenstich-fuer-neubau\/\" \/>\n<meta property=\"og:locale\" content=\"de_DE\" \/>\n<meta property=\"og:type\" content=\"article\" \/>\n<meta property=\"og:title\" content=\"Mit Mut in die Zukunft: Griesser AG mit Spatenstich f\u00fcr Neubau\" \/>\n<meta property=\"og:description\" content=\"Die Griesser AG erstellt einen Ersatz f\u00fcr die in die Jahre gekommene Beschichtungsanlage am Hauptsitz in Aadorf. Am 24. Juni 2020 war Spatenstich.\" \/>\n<meta property=\"og:url\" content=\"https:\/\/www.organisator.ch\/de\/management\/2020-07-20\/mit-mut-in-die-zukunft-griesser-ag-mit-spatenstich-fuer-neubau\/\" \/>\n<meta property=\"og:site_name\" content=\"Organisator\" \/>\n<meta property=\"article:publisher\" content=\"https:\/\/www.facebook.com\/OrganisatorFachmagazin\" \/>\n<meta property=\"article:published_time\" content=\"2020-07-20T13:07:31+00:00\" \/>\n<meta property=\"og:image\" content=\"https:\/\/www.organisator.ch\/wp-content\/uploads\/2020\/07\/Mit-Mut-in-die-Zukunft-Griesser-AG-mit-Spatenstich-fuer-Neubau_Organisator.jpg\" \/>\n\t<meta property=\"og:image:width\" content=\"680\" \/>\n\t<meta property=\"og:image:height\" content=\"390\" \/>\n\t<meta property=\"og:image:type\" content=\"image\/jpeg\" \/>\n<meta name=\"author\" content=\"thomas.berner\" \/>\n<meta name=\"twitter:card\" content=\"summary_large_image\" \/>\n<meta name=\"twitter:title\" content=\"Mit Mut in die Zukunft: #Griesser AG mit #Spatenstich f\u00fcr Neubau\" \/>\n<meta name=\"twitter:description\" content=\"Die #Griesser AG erstellt einen #Ersatz f\u00fcr die in die Jahre gekommene #Beschichtungsanlage am Hauptsitz in Aadorf. Am 24. Juni 2020 war Spatenstich.\" \/>\n<meta name=\"twitter:image\" content=\"https:\/\/www.organisator.ch\/wp-content\/uploads\/2020\/07\/Mit-Mut-in-die-Zukunft-Griesser-AG-mit-Spatenstich-fuer-Neubau_Organisator.jpg\" \/>\n<script type=\"application\/ld+json\" class=\"yoast-schema-graph\">{\"@context\":\"https:\\\/\\\/schema.org\",\"@graph\":[{\"@type\":\"Article\",\"@id\":\"https:\\\/\\\/www.organisator.ch\\\/management\\\/2020-07-20\\\/mit-mut-in-die-zukunft-griesser-ag-mit-spatenstich-fuer-neubau\\\/#article\",\"isPartOf\":{\"@id\":\"https:\\\/\\\/www.organisator.ch\\\/management\\\/2020-07-20\\\/mit-mut-in-die-zukunft-griesser-ag-mit-spatenstich-fuer-neubau\\\/\"},\"author\":{\"name\":\"thomas.berner\",\"@id\":\"https:\\\/\\\/www.organisator.ch\\\/#\\\/schema\\\/person\\\/6f650f90b2842cd4c0cc334b4e36f67e\"},\"headline\":\"Mit Mut in die Zukunft: Griesser AG mit Spatenstich f\u00fcr Neubau\",\"datePublished\":\"2020-07-20T13:07:31+00:00\",\"mainEntityOfPage\":{\"@id\":\"https:\\\/\\\/www.organisator.ch\\\/management\\\/2020-07-20\\\/mit-mut-in-die-zukunft-griesser-ag-mit-spatenstich-fuer-neubau\\\/\"},\"wordCount\":502,\"publisher\":{\"@id\":\"https:\\\/\\\/www.organisator.ch\\\/#organization\"},\"image\":{\"@id\":\"https:\\\/\\\/www.organisator.ch\\\/management\\\/2020-07-20\\\/mit-mut-in-die-zukunft-griesser-ag-mit-spatenstich-fuer-neubau\\\/#primaryimage\"},\"thumbnailUrl\":\"https:\\\/\\\/www.organisator.ch\\\/wp-content\\\/uploads\\\/2020\\\/07\\\/Mit-Mut-in-die-Zukunft-Griesser-AG-mit-Spatenstich-fuer-Neubau_Organisator.jpg\",\"keywords\":[\"Management und Unternehmensf\u00fchrung\",\"Unternehmen\",\"Vermischtes\"],\"articleSection\":[\"MANAGEMENT\"],\"inLanguage\":\"de\"},{\"@type\":\"WebPage\",\"@id\":\"https:\\\/\\\/www.organisator.ch\\\/management\\\/2020-07-20\\\/mit-mut-in-die-zukunft-griesser-ag-mit-spatenstich-fuer-neubau\\\/\",\"url\":\"https:\\\/\\\/www.organisator.ch\\\/management\\\/2020-07-20\\\/mit-mut-in-die-zukunft-griesser-ag-mit-spatenstich-fuer-neubau\\\/\",\"name\":\"Mit Mut in die Zukunft: Griesser AG mit Spatenstich f\u00fcr Neubau - Organisator\",\"isPartOf\":{\"@id\":\"https:\\\/\\\/www.organisator.ch\\\/#website\"},\"primaryImageOfPage\":{\"@id\":\"https:\\\/\\\/www.organisator.ch\\\/management\\\/2020-07-20\\\/mit-mut-in-die-zukunft-griesser-ag-mit-spatenstich-fuer-neubau\\\/#primaryimage\"},\"image\":{\"@id\":\"https:\\\/\\\/www.organisator.ch\\\/management\\\/2020-07-20\\\/mit-mut-in-die-zukunft-griesser-ag-mit-spatenstich-fuer-neubau\\\/#primaryimage\"},\"thumbnailUrl\":\"https:\\\/\\\/www.organisator.ch\\\/wp-content\\\/uploads\\\/2020\\\/07\\\/Mit-Mut-in-die-Zukunft-Griesser-AG-mit-Spatenstich-fuer-Neubau_Organisator.jpg\",\"datePublished\":\"2020-07-20T13:07:31+00:00\",\"description\":\"Die Griesser AG erstellt einen Ersatz f\u00fcr die in die Jahre gekommene Beschichtungsanlage am Hauptsitz in Aadorf. Am 24. Juni 2020 war Spatenstich.\",\"breadcrumb\":{\"@id\":\"https:\\\/\\\/www.organisator.ch\\\/management\\\/2020-07-20\\\/mit-mut-in-die-zukunft-griesser-ag-mit-spatenstich-fuer-neubau\\\/#breadcrumb\"},\"inLanguage\":\"de\",\"potentialAction\":[{\"@type\":\"ReadAction\",\"target\":[\"https:\\\/\\\/www.organisator.ch\\\/management\\\/2020-07-20\\\/mit-mut-in-die-zukunft-griesser-ag-mit-spatenstich-fuer-neubau\\\/\"]}]},{\"@type\":\"ImageObject\",\"inLanguage\":\"de\",\"@id\":\"https:\\\/\\\/www.organisator.ch\\\/management\\\/2020-07-20\\\/mit-mut-in-die-zukunft-griesser-ag-mit-spatenstich-fuer-neubau\\\/#primaryimage\",\"url\":\"https:\\\/\\\/www.organisator.ch\\\/wp-content\\\/uploads\\\/2020\\\/07\\\/Mit-Mut-in-die-Zukunft-Griesser-AG-mit-Spatenstich-fuer-Neubau_Organisator.jpg\",\"contentUrl\":\"https:\\\/\\\/www.organisator.ch\\\/wp-content\\\/uploads\\\/2020\\\/07\\\/Mit-Mut-in-die-Zukunft-Griesser-AG-mit-Spatenstich-fuer-Neubau_Organisator.jpg\",\"width\":680,\"height\":390,\"caption\":\"Das Griesser-Team freut sich beim Spatenstich auf den Neubau: Samuel Stillhard Gesch\u00e4ftsf\u00fchrer exent AG, Christoph Tschanen Gesch\u00e4ftsf\u00fchrer Tschanen AG, Alex Sprenger Gesamtprojektleiter Griesser AG, Urs Neuhauser CEO Griesser AG, Walter Str\u00e4ssle Verwaltungsratspr\u00e4sident Griesser AG, Emanuel Kissling Werkleiter Griesser AG (v.l.n.r.) (Bildrechte: Griesser AG)\"},{\"@type\":\"BreadcrumbList\",\"@id\":\"https:\\\/\\\/www.organisator.ch\\\/management\\\/2020-07-20\\\/mit-mut-in-die-zukunft-griesser-ag-mit-spatenstich-fuer-neubau\\\/#breadcrumb\",\"itemListElement\":[{\"@type\":\"ListItem\",\"position\":1,\"name\":\"Home\",\"item\":\"https:\\\/\\\/www.organisator.ch\\\/\"},{\"@type\":\"ListItem\",\"position\":2,\"name\":\"Mit Mut in die Zukunft: Griesser AG mit Spatenstich f\u00fcr Neubau\"}]},{\"@type\":\"WebSite\",\"@id\":\"https:\\\/\\\/www.organisator.ch\\\/#website\",\"url\":\"https:\\\/\\\/www.organisator.ch\\\/\",\"name\":\"Organisator\",\"description\":\"Kompetent. Praxisnah. Der ORGANISATOR bereitet in 10 Ausgaben pro Jahr die wesentlichen Themen f\u00fcr F\u00fchrungskr\u00e4fte von KMU auf.\",\"publisher\":{\"@id\":\"https:\\\/\\\/www.organisator.ch\\\/#organization\"},\"potentialAction\":[{\"@type\":\"SearchAction\",\"target\":{\"@type\":\"EntryPoint\",\"urlTemplate\":\"https:\\\/\\\/www.organisator.ch\\\/?s={search_term_string}\"},\"query-input\":{\"@type\":\"PropertyValueSpecification\",\"valueRequired\":true,\"valueName\":\"search_term_string\"}}],\"inLanguage\":\"de\"},{\"@type\":\"Organization\",\"@id\":\"https:\\\/\\\/www.organisator.ch\\\/#organization\",\"name\":\"Organisator\",\"url\":\"https:\\\/\\\/www.organisator.ch\\\/\",\"logo\":{\"@type\":\"ImageObject\",\"inLanguage\":\"de\",\"@id\":\"https:\\\/\\\/www.organisator.ch\\\/#\\\/schema\\\/logo\\\/image\\\/\",\"url\":\"https:\\\/\\\/www.organisator.ch\\\/wp-content\\\/uploads\\\/2022\\\/01\\\/Logo_Organisator_Website.png\",\"contentUrl\":\"https:\\\/\\\/www.organisator.ch\\\/wp-content\\\/uploads\\\/2022\\\/01\\\/Logo_Organisator_Website.png\",\"width\":800,\"height\":77,\"caption\":\"Organisator\"},\"image\":{\"@id\":\"https:\\\/\\\/www.organisator.ch\\\/#\\\/schema\\\/logo\\\/image\\\/\"},\"sameAs\":[\"https:\\\/\\\/www.facebook.com\\\/OrganisatorFachmagazin\",\"https:\\\/\\\/www.linkedin.com\\\/showcase\\\/organisator-das-magazin-fr-kmu\",\"https:\\\/\\\/www.xing.com\\\/news\\\/pages\\\/organisator-ch-695\",\"https:\\\/\\\/www.youtube.com\\\/channel\\\/UCGP2Sq0iWaZwT3BdIAQFYpw\"]},{\"@type\":\"Person\",\"@id\":\"https:\\\/\\\/www.organisator.ch\\\/#\\\/schema\\\/person\\\/6f650f90b2842cd4c0cc334b4e36f67e\",\"name\":\"thomas.berner\",\"image\":{\"@type\":\"ImageObject\",\"inLanguage\":\"de\",\"@id\":\"https:\\\/\\\/secure.gravatar.com\\\/avatar\\\/ac5001d2a36cb6c6cd3e50789007ffca834b477b74a2144564522e944eabff61?s=96&d=mm&r=g\",\"url\":\"https:\\\/\\\/secure.gravatar.com\\\/avatar\\\/ac5001d2a36cb6c6cd3e50789007ffca834b477b74a2144564522e944eabff61?s=96&d=mm&r=g\",\"contentUrl\":\"https:\\\/\\\/secure.gravatar.com\\\/avatar\\\/ac5001d2a36cb6c6cd3e50789007ffca834b477b74a2144564522e944eabff61?s=96&d=mm&r=g\",\"caption\":\"thomas.berner\"},\"url\":\"https:\\\/\\\/www.organisator.ch\\\/de\\\/author\\\/thomas-berner\\\/\"}]}<\/script>\n<!-- \/ Yoast SEO plugin. -->","yoast_head_json":{"title":"Mit Mut in die Zukunft: Griesser AG mit Spatenstich f\u00fcr Neubau - Organisator","description":"Die Griesser AG erstellt einen Ersatz f\u00fcr die in die Jahre gekommene Beschichtungsanlage am Hauptsitz in Aadorf. Am 24. Juni 2020 war Spatenstich.","robots":{"index":"index","follow":"follow","max-snippet":"max-snippet:-1","max-image-preview":"max-image-preview:large","max-video-preview":"max-video-preview:-1"},"canonical":"https:\/\/www.organisator.ch\/de\/management\/2020-07-20\/mit-mut-in-die-zukunft-griesser-ag-mit-spatenstich-fuer-neubau\/","og_locale":"de_DE","og_type":"article","og_title":"Mit Mut in die Zukunft: Griesser AG mit Spatenstich f\u00fcr Neubau","og_description":"Die Griesser AG erstellt einen Ersatz f\u00fcr die in die Jahre gekommene Beschichtungsanlage am Hauptsitz in Aadorf. Am 24. Juni 2020 war Spatenstich.","og_url":"https:\/\/www.organisator.ch\/de\/management\/2020-07-20\/mit-mut-in-die-zukunft-griesser-ag-mit-spatenstich-fuer-neubau\/","og_site_name":"Organisator","article_publisher":"https:\/\/www.facebook.com\/OrganisatorFachmagazin","article_published_time":"2020-07-20T13:07:31+00:00","og_image":[{"width":680,"height":390,"url":"https:\/\/www.organisator.ch\/wp-content\/uploads\/2020\/07\/Mit-Mut-in-die-Zukunft-Griesser-AG-mit-Spatenstich-fuer-Neubau_Organisator.jpg","type":"image\/jpeg"}],"author":"thomas.berner","twitter_card":"summary_large_image","twitter_title":"Mit Mut in die Zukunft: #Griesser AG mit #Spatenstich f\u00fcr Neubau","twitter_description":"Die #Griesser AG erstellt einen #Ersatz f\u00fcr die in die Jahre gekommene #Beschichtungsanlage am Hauptsitz in Aadorf. Am 24. Juni 2020 war Spatenstich.","twitter_image":"https:\/\/www.organisator.ch\/wp-content\/uploads\/2020\/07\/Mit-Mut-in-die-Zukunft-Griesser-AG-mit-Spatenstich-fuer-Neubau_Organisator.jpg","schema":{"@context":"https:\/\/schema.org","@graph":[{"@type":"Article","@id":"https:\/\/www.organisator.ch\/management\/2020-07-20\/mit-mut-in-die-zukunft-griesser-ag-mit-spatenstich-fuer-neubau\/#article","isPartOf":{"@id":"https:\/\/www.organisator.ch\/management\/2020-07-20\/mit-mut-in-die-zukunft-griesser-ag-mit-spatenstich-fuer-neubau\/"},"author":{"name":"thomas.berner","@id":"https:\/\/www.organisator.ch\/#\/schema\/person\/6f650f90b2842cd4c0cc334b4e36f67e"},"headline":"Mit Mut in die Zukunft: Griesser AG mit Spatenstich f\u00fcr Neubau","datePublished":"2020-07-20T13:07:31+00:00","mainEntityOfPage":{"@id":"https:\/\/www.organisator.ch\/management\/2020-07-20\/mit-mut-in-die-zukunft-griesser-ag-mit-spatenstich-fuer-neubau\/"},"wordCount":502,"publisher":{"@id":"https:\/\/www.organisator.ch\/#organization"},"image":{"@id":"https:\/\/www.organisator.ch\/management\/2020-07-20\/mit-mut-in-die-zukunft-griesser-ag-mit-spatenstich-fuer-neubau\/#primaryimage"},"thumbnailUrl":"https:\/\/www.organisator.ch\/wp-content\/uploads\/2020\/07\/Mit-Mut-in-die-Zukunft-Griesser-AG-mit-Spatenstich-fuer-Neubau_Organisator.jpg","keywords":["Management und Unternehmensf\u00fchrung","Unternehmen","Vermischtes"],"articleSection":["MANAGEMENT"],"inLanguage":"de"},{"@type":"WebPage","@id":"https:\/\/www.organisator.ch\/management\/2020-07-20\/mit-mut-in-die-zukunft-griesser-ag-mit-spatenstich-fuer-neubau\/","url":"https:\/\/www.organisator.ch\/management\/2020-07-20\/mit-mut-in-die-zukunft-griesser-ag-mit-spatenstich-fuer-neubau\/","name":"Mit Mut in die Zukunft: Griesser AG mit Spatenstich f\u00fcr Neubau - Organisator","isPartOf":{"@id":"https:\/\/www.organisator.ch\/#website"},"primaryImageOfPage":{"@id":"https:\/\/www.organisator.ch\/management\/2020-07-20\/mit-mut-in-die-zukunft-griesser-ag-mit-spatenstich-fuer-neubau\/#primaryimage"},"image":{"@id":"https:\/\/www.organisator.ch\/management\/2020-07-20\/mit-mut-in-die-zukunft-griesser-ag-mit-spatenstich-fuer-neubau\/#primaryimage"},"thumbnailUrl":"https:\/\/www.organisator.ch\/wp-content\/uploads\/2020\/07\/Mit-Mut-in-die-Zukunft-Griesser-AG-mit-Spatenstich-fuer-Neubau_Organisator.jpg","datePublished":"2020-07-20T13:07:31+00:00","description":"Die Griesser AG erstellt einen Ersatz f\u00fcr die in die Jahre gekommene Beschichtungsanlage am Hauptsitz in Aadorf. Am 24. Juni 2020 war Spatenstich.","breadcrumb":{"@id":"https:\/\/www.organisator.ch\/management\/2020-07-20\/mit-mut-in-die-zukunft-griesser-ag-mit-spatenstich-fuer-neubau\/#breadcrumb"},"inLanguage":"de","potentialAction":[{"@type":"ReadAction","target":["https:\/\/www.organisator.ch\/management\/2020-07-20\/mit-mut-in-die-zukunft-griesser-ag-mit-spatenstich-fuer-neubau\/"]}]},{"@type":"ImageObject","inLanguage":"de","@id":"https:\/\/www.organisator.ch\/management\/2020-07-20\/mit-mut-in-die-zukunft-griesser-ag-mit-spatenstich-fuer-neubau\/#primaryimage","url":"https:\/\/www.organisator.ch\/wp-content\/uploads\/2020\/07\/Mit-Mut-in-die-Zukunft-Griesser-AG-mit-Spatenstich-fuer-Neubau_Organisator.jpg","contentUrl":"https:\/\/www.organisator.ch\/wp-content\/uploads\/2020\/07\/Mit-Mut-in-die-Zukunft-Griesser-AG-mit-Spatenstich-fuer-Neubau_Organisator.jpg","width":680,"height":390,"caption":"Das Griesser-Team freut sich beim Spatenstich auf den Neubau: Samuel Stillhard Gesch\u00e4ftsf\u00fchrer exent AG, Christoph Tschanen Gesch\u00e4ftsf\u00fchrer Tschanen AG, Alex Sprenger Gesamtprojektleiter Griesser AG, Urs Neuhauser CEO Griesser AG, Walter Str\u00e4ssle Verwaltungsratspr\u00e4sident Griesser AG, Emanuel Kissling Werkleiter Griesser AG (v.l.n.r.) (Bildrechte: Griesser AG)"},{"@type":"BreadcrumbList","@id":"https:\/\/www.organisator.ch\/management\/2020-07-20\/mit-mut-in-die-zukunft-griesser-ag-mit-spatenstich-fuer-neubau\/#breadcrumb","itemListElement":[{"@type":"ListItem","position":1,"name":"Home","item":"https:\/\/www.organisator.ch\/"},{"@type":"ListItem","position":2,"name":"Mit Mut in die Zukunft: Griesser AG mit Spatenstich f\u00fcr Neubau"}]},{"@type":"WebSite","@id":"https:\/\/www.organisator.ch\/#website","url":"https:\/\/www.organisator.ch\/","name":"Organisator","description":"Kompetent. Praxisnah. Der ORGANISATOR bereitet in 10 Ausgaben pro Jahr die wesentlichen Themen f\u00fcr F\u00fchrungskr\u00e4fte von KMU auf.","publisher":{"@id":"https:\/\/www.organisator.ch\/#organization"},"potentialAction":[{"@type":"SearchAction","target":{"@type":"EntryPoint","urlTemplate":"https:\/\/www.organisator.ch\/?s={search_term_string}"},"query-input":{"@type":"PropertyValueSpecification","valueRequired":true,"valueName":"search_term_string"}}],"inLanguage":"de"},{"@type":"Organization","@id":"https:\/\/www.organisator.ch\/#organization","name":"Organisator","url":"https:\/\/www.organisator.ch\/","logo":{"@type":"ImageObject","inLanguage":"de","@id":"https:\/\/www.organisator.ch\/#\/schema\/logo\/image\/","url":"https:\/\/www.organisator.ch\/wp-content\/uploads\/2022\/01\/Logo_Organisator_Website.png","contentUrl":"https:\/\/www.organisator.ch\/wp-content\/uploads\/2022\/01\/Logo_Organisator_Website.png","width":800,"height":77,"caption":"Organisator"},"image":{"@id":"https:\/\/www.organisator.ch\/#\/schema\/logo\/image\/"},"sameAs":["https:\/\/www.facebook.com\/OrganisatorFachmagazin","https:\/\/www.linkedin.com\/showcase\/organisator-das-magazin-fr-kmu","https:\/\/www.xing.com\/news\/pages\/organisator-ch-695","https:\/\/www.youtube.com\/channel\/UCGP2Sq0iWaZwT3BdIAQFYpw"]},{"@type":"Person","@id":"https:\/\/www.organisator.ch\/#\/schema\/person\/6f650f90b2842cd4c0cc334b4e36f67e","name":"thomas.berner","image":{"@type":"ImageObject","inLanguage":"de","@id":"https:\/\/secure.gravatar.com\/avatar\/ac5001d2a36cb6c6cd3e50789007ffca834b477b74a2144564522e944eabff61?s=96&d=mm&r=g","url":"https:\/\/secure.gravatar.com\/avatar\/ac5001d2a36cb6c6cd3e50789007ffca834b477b74a2144564522e944eabff61?s=96&d=mm&r=g","contentUrl":"https:\/\/secure.gravatar.com\/avatar\/ac5001d2a36cb6c6cd3e50789007ffca834b477b74a2144564522e944eabff61?s=96&d=mm&r=g","caption":"thomas.berner"},"url":"https:\/\/www.organisator.ch\/de\/author\/thomas-berner\/"}]}},"_links":{"self":[{"href":"https:\/\/www.organisator.ch\/de\/wp-json\/wp\/v2\/posts\/6950","targetHints":{"allow":["GET"]}}],"collection":[{"href":"https:\/\/www.organisator.ch\/de\/wp-json\/wp\/v2\/posts"}],"about":[{"href":"https:\/\/www.organisator.ch\/de\/wp-json\/wp\/v2\/types\/post"}],"author":[{"embeddable":true,"href":"https:\/\/www.organisator.ch\/de\/wp-json\/wp\/v2\/users\/4"}],"replies":[{"embeddable":true,"href":"https:\/\/www.organisator.ch\/de\/wp-json\/wp\/v2\/comments?post=6950"}],"version-history":[{"count":0,"href":"https:\/\/www.organisator.ch\/de\/wp-json\/wp\/v2\/posts\/6950\/revisions"}],"wp:featuredmedia":[{"embeddable":true,"href":"https:\/\/www.organisator.ch\/de\/wp-json\/wp\/v2\/media\/6951"}],"wp:attachment":[{"href":"https:\/\/www.organisator.ch\/de\/wp-json\/wp\/v2\/media?parent=6950"}],"wp:term":[{"taxonomy":"category","embeddable":true,"href":"https:\/\/www.organisator.ch\/de\/wp-json\/wp\/v2\/categories?post=6950"},{"taxonomy":"post_tag","embeddable":true,"href":"https:\/\/www.organisator.ch\/de\/wp-json\/wp\/v2\/tags?post=6950"}],"curies":[{"name":"wp","href":"https:\/\/api.w.org\/{rel}","templated":true}]}}