{"id":6970,"date":"2020-07-27T08:42:32","date_gmt":"2020-07-27T06:42:32","guid":{"rendered":"https:\/\/www.organisator.ch\/?p=6970"},"modified":"2020-07-27T08:42:32","modified_gmt":"2020-07-27T06:42:32","slug":"erfolgs-impuls-wir-sind-erstaunlich-wandlungsfaehig","status":"publish","type":"post","link":"https:\/\/www.organisator.ch\/de\/management\/2020-07-27\/erfolgs-impuls-wir-sind-erstaunlich-wandlungsfaehig\/","title":{"rendered":"Erfolgs-Impuls: Wir sind erstaunlich wandlungsf\u00e4hig"},"content":{"rendered":"<figure id=\"attachment_6972\" aria-describedby=\"caption-attachment-6972\" style=\"width: 680px\" class=\"wp-caption alignnone\"><img loading=\"lazy\" decoding=\"async\" class=\"size-medium wp-image-6972\" src=\"https:\/\/www.organisator.ch\/wp-content\/uploads\/2020\/07\/Erfolgs-Impuls-Wir-sind-erstaunlich-wandlungsfaehig_Organisator.jpg\" alt=\"\" width=\"680\" height=\"453\" srcset=\"https:\/\/www.organisator.ch\/wp-content\/uploads\/2020\/07\/Erfolgs-Impuls-Wir-sind-erstaunlich-wandlungsfaehig_Organisator.jpg 680w, https:\/\/www.organisator.ch\/wp-content\/uploads\/2020\/07\/Erfolgs-Impuls-Wir-sind-erstaunlich-wandlungsfaehig_Organisator-16x12.jpg 16w, https:\/\/www.organisator.ch\/wp-content\/uploads\/2020\/07\/Erfolgs-Impuls-Wir-sind-erstaunlich-wandlungsfaehig_Organisator-263x175.jpg 263w, https:\/\/www.organisator.ch\/wp-content\/uploads\/2020\/07\/Erfolgs-Impuls-Wir-sind-erstaunlich-wandlungsfaehig_Organisator-525x350.jpg 525w, https:\/\/www.organisator.ch\/wp-content\/uploads\/2020\/07\/Erfolgs-Impuls-Wir-sind-erstaunlich-wandlungsfaehig_Organisator-300x200.jpg 300w\" sizes=\"auto, (max-width: 680px) 100vw, 680px\" \/><figcaption id=\"caption-attachment-6972\" class=\"wp-caption-text\">Corona zeigt: Der Mensch ist zwar sehr wandlungsf\u00e4hig, doch \u00e4ndern tut er sich zumeist nur auf Druck hin. (Bild: Pixabay.com)<\/figcaption><\/figure>\n<p>Mal ehrlich: wenn ich Ihnen vor einem Jahr prognostiziert h\u00e4tte, dass Leute aus den USA nicht mehr in die EU einreisen d\u00fcrfen, h\u00e4tten Sie mir geglaubt? Oder dass wir in Z\u00fcge nur noch mit Masken d\u00fcrfen? Oder dass es klar ist, dass keiner weiss, wo wir wirtschaftlich Ende des Jahres stehen werden?<\/p>\n<h2>Kollektiv wandlungsf\u00e4hig<\/h2>\n<p>Nun, jetzt sind wir mittendrin \u2013 und wahrscheinlich geht es Ihnen etwa wie mir: irgendwie geht es trotzdem voran, teilweise nicht einmal schlecht. Und das was gestern noch unvorstellbar war, ist jetzt das neue Normal. Und das ist genau der Grund, warum wir als menschliche Spezies trotz sehr unvorteilhafter k\u00f6rperlicher Voraussetzungen es soweit gebracht haben (im Guten wie im Schlechten): Wir sind kollektiv und bewusst extrem anpassungs- und wandlungsf\u00e4hig.<\/p>\n<h2>Bereiche mit Potenzial f\u00fcr Wandel<\/h2>\n<p>Hier kommt der Punkt f\u00fcr Sie als F\u00fchrungsperson oder CEO: Wir sind zwar gut in der Anpassung aufgrund von Zw\u00e4ngen, aber wir sind schlecht im vorausschauenden Wandel. Das ist genau das Problem bei jeglicher Strategie-Implementierung und jedem Kulturwandel: wenn die Leute nicht die absolute Notwendigkeit SP\u00dcREN (also: emotional), \u00e4ndern sie nichts. Hier sind drei Bereiche, in denen ich immer wieder enormes Potenzial f\u00fcr schnelleren und konsequenteren Wandel sehe:<\/p>\n<ol>\n<li><strong>Gesch\u00e4ftsmodelle<\/strong><br \/>\nDie Unternehmensfriedh\u00f6fe sind voll von Unternehmen, die glaubten, dass ihr Gesch\u00e4ftsmodell f\u00fcr alle Zukunft Bestand h\u00e4tte. Nur um dann oft innerhalb weniger Jahre hinweggefegt zu werden. Warum ist es so schwer, Business-Modelle zu \u00e4ndern oder neue zu generieren? Ich sehe zwei wesentliche Gr\u00fcnde: Erstens, zu wenige wissen, wie das geht (Test: Fragen Sie die Mitglieder Ihres F\u00fchrungsteams einzeln, welches Gesch\u00e4ftsmodell Ihr Unternehmen gerade praktiziert; Sie werden viele verschiedene Antworten bekommen \u2013 wenn \u00fcberhaupt). Und zweitens, das Bestehende ist doch viel bequemer und scheinbar sicherer.<\/li>\n<li><strong>Gewinnerteam-Kultur<\/strong><br \/>\nUnsere Kultur ist meist das, was uns in der Komfortzone h\u00e4lt. Nur wenige Unternehmen schaffen es, eine Kultur des Diskomforts zu kreieren, in der es laufende Weiterentwicklung gibt, die zum Teil anstrengend ist. Daf\u00fcr braucht man das richtige Mindset. Daran kann man arbeiten. Oder besser: man MUSS daran arbeiten. Und zwar laufend. Ich sehe jedenfalls nur wenige KMUs, die ihre Kultur bewusst gestalten.<\/li>\n<li><strong>Kundenbindung<\/strong><br \/>\nEs ist erstaunlich, dass in den meisten Unternehmen immer noch erhebliche Potenziale f\u00fcr bessere Kundenbindung bestehen, obwohl es Dutzende von B\u00fcchern und Kursen dar\u00fcber gibt. Auch das hat mehr mit der inneren Einstellung als mit Prozessen zu tun.<\/li>\n<\/ol>\n<p>In allen diesen Bereichen kann das, was Sie heute f\u00fcr normal halten, morgen obsolet sein. Ich empfehle, dass Sie mit der F\u00fchrungsmannschaft die genannten Themen laufend durchleuchten. Das ist die wichtigsten F\u00fchrungsaufgabe.<\/p>\n<p><i><strong>Zum Autor:<\/strong><br \/>\n<\/i><em>Volkmar V\u00f6lzke ist Erfolgs-Maximierer. Buchautor. Berater. Coach. Speaker. <a href=\"http:\/\/www.volkmarvoelzke.ch\/\">www.volkmarvoelzke.ch<\/a><\/em><\/p>\n","protected":false},"excerpt":{"rendered":"<p>Mal ehrlich: wenn ich Ihnen vor einem Jahr prognostiziert h\u00e4tte, dass Leute aus den USA nicht mehr in die EU einreisen d\u00fcrfen, h\u00e4tten Sie mir geglaubt? Oder dass wir in Z\u00fcge nur noch mit Masken d\u00fcrfen? Oder dass es klar ist, dass keiner weiss, wo wir wirtschaftlich Ende des Jahres stehen werden? Kollektiv wandlungsf\u00e4hig Nun, [&hellip;]<\/p>\n","protected":false},"author":4,"featured_media":6972,"comment_status":"closed","ping_status":"closed","sticky":false,"template":"","format":"standard","meta":{"_acf_changed":false,"_yoast_wpseo_focuskw":"wandlungsf\u00e4hig","_yoast_wpseo_metadesc":"Der Mensch ist wandlungsf\u00e4hig und kann sich schnell an neue Normalit\u00e4ten anpassen. Aber er ist nicht gut im vorausschauenden Wandel.","articlekey":"","footnotes":""},"categories":[28],"tags":[115,132,177,335],"class_list":["post-6970","post","type-post","status-publish","format-standard","has-post-thumbnail","hentry","category-management","tag-checklisten","tag-coronavirus","tag-erfolgs-impuls","tag-management-und-unternehmensfuehrung"],"acf":[],"yoast_head":"<!-- This site is optimized with the Yoast SEO plugin v27.4 - https:\/\/yoast.com\/product\/yoast-seo-wordpress\/ -->\n<title>Erfolgs-Impuls: Wir sind erstaunlich wandlungsf\u00e4hig - Organisator<\/title>\n<meta name=\"description\" content=\"Der Mensch ist wandlungsf\u00e4hig und kann sich schnell an neue Normalit\u00e4ten anpassen. Aber er ist nicht gut im vorausschauenden Wandel.\" \/>\n<meta name=\"robots\" content=\"index, follow, max-snippet:-1, max-image-preview:large, max-video-preview:-1\" \/>\n<link rel=\"canonical\" href=\"https:\/\/www.organisator.ch\/de\/management\/2020-07-27\/erfolgs-impuls-wir-sind-erstaunlich-wandlungsfaehig\/\" \/>\n<meta property=\"og:locale\" content=\"de_DE\" \/>\n<meta property=\"og:type\" content=\"article\" \/>\n<meta property=\"og:title\" content=\"Erfolgs-Impuls: Wir sind erstaunlich wandlungsf\u00e4hig\" \/>\n<meta property=\"og:description\" content=\"Der Mensch ist wandlungsf\u00e4hig und kann sich schnell an neue Normalit\u00e4ten anpassen. Aber er ist nicht gut im vorausschauenden Wandel.\" \/>\n<meta property=\"og:url\" content=\"https:\/\/www.organisator.ch\/de\/management\/2020-07-27\/erfolgs-impuls-wir-sind-erstaunlich-wandlungsfaehig\/\" \/>\n<meta property=\"og:site_name\" content=\"Organisator\" \/>\n<meta property=\"article:publisher\" content=\"https:\/\/www.facebook.com\/OrganisatorFachmagazin\" \/>\n<meta property=\"article:published_time\" content=\"2020-07-27T06:42:32+00:00\" \/>\n<meta property=\"og:image\" content=\"https:\/\/www.organisator.ch\/wp-content\/uploads\/2020\/07\/Erfolgs-Impuls-Wir-sind-erstaunlich-wandlungsfaehig_Organisator.jpg\" \/>\n\t<meta property=\"og:image:width\" content=\"680\" \/>\n\t<meta property=\"og:image:height\" content=\"453\" \/>\n\t<meta property=\"og:image:type\" content=\"image\/jpeg\" \/>\n<meta name=\"author\" content=\"thomas.berner\" \/>\n<meta name=\"twitter:card\" content=\"summary_large_image\" \/>\n<meta name=\"twitter:title\" content=\"#Erfolgs-Impuls: Wir sind erstaunlich #wandlungsf\u00e4hig\" \/>\n<meta name=\"twitter:description\" content=\"Der Mensch ist #wandlungsf\u00e4hig und kann sich schnell an neue #Normalit\u00e4ten anpassen. Aber er ist nicht gut im vorausschauenden #Wandel.\" \/>\n<meta name=\"twitter:image\" content=\"https:\/\/www.organisator.ch\/wp-content\/uploads\/2020\/07\/Erfolgs-Impuls-Wir-sind-erstaunlich-wandlungsfaehig_Organisator.jpg\" \/>\n<script type=\"application\/ld+json\" class=\"yoast-schema-graph\">{\"@context\":\"https:\\\/\\\/schema.org\",\"@graph\":[{\"@type\":\"Article\",\"@id\":\"https:\\\/\\\/www.organisator.ch\\\/management\\\/2020-07-27\\\/erfolgs-impuls-wir-sind-erstaunlich-wandlungsfaehig\\\/#article\",\"isPartOf\":{\"@id\":\"https:\\\/\\\/www.organisator.ch\\\/management\\\/2020-07-27\\\/erfolgs-impuls-wir-sind-erstaunlich-wandlungsfaehig\\\/\"},\"author\":{\"name\":\"thomas.berner\",\"@id\":\"https:\\\/\\\/www.organisator.ch\\\/#\\\/schema\\\/person\\\/6f650f90b2842cd4c0cc334b4e36f67e\"},\"headline\":\"Erfolgs-Impuls: Wir sind erstaunlich wandlungsf\u00e4hig\",\"datePublished\":\"2020-07-27T06:42:32+00:00\",\"mainEntityOfPage\":{\"@id\":\"https:\\\/\\\/www.organisator.ch\\\/management\\\/2020-07-27\\\/erfolgs-impuls-wir-sind-erstaunlich-wandlungsfaehig\\\/\"},\"wordCount\":493,\"publisher\":{\"@id\":\"https:\\\/\\\/www.organisator.ch\\\/#organization\"},\"image\":{\"@id\":\"https:\\\/\\\/www.organisator.ch\\\/management\\\/2020-07-27\\\/erfolgs-impuls-wir-sind-erstaunlich-wandlungsfaehig\\\/#primaryimage\"},\"thumbnailUrl\":\"https:\\\/\\\/www.organisator.ch\\\/wp-content\\\/uploads\\\/2020\\\/07\\\/Erfolgs-Impuls-Wir-sind-erstaunlich-wandlungsfaehig_Organisator.jpg\",\"keywords\":[\"Checklisten\",\"Coronavirus\",\"Erfolgs-Impuls\",\"Management und Unternehmensf\u00fchrung\"],\"articleSection\":[\"MANAGEMENT\"],\"inLanguage\":\"de\"},{\"@type\":\"WebPage\",\"@id\":\"https:\\\/\\\/www.organisator.ch\\\/management\\\/2020-07-27\\\/erfolgs-impuls-wir-sind-erstaunlich-wandlungsfaehig\\\/\",\"url\":\"https:\\\/\\\/www.organisator.ch\\\/management\\\/2020-07-27\\\/erfolgs-impuls-wir-sind-erstaunlich-wandlungsfaehig\\\/\",\"name\":\"Erfolgs-Impuls: Wir sind erstaunlich wandlungsf\u00e4hig - Organisator\",\"isPartOf\":{\"@id\":\"https:\\\/\\\/www.organisator.ch\\\/#website\"},\"primaryImageOfPage\":{\"@id\":\"https:\\\/\\\/www.organisator.ch\\\/management\\\/2020-07-27\\\/erfolgs-impuls-wir-sind-erstaunlich-wandlungsfaehig\\\/#primaryimage\"},\"image\":{\"@id\":\"https:\\\/\\\/www.organisator.ch\\\/management\\\/2020-07-27\\\/erfolgs-impuls-wir-sind-erstaunlich-wandlungsfaehig\\\/#primaryimage\"},\"thumbnailUrl\":\"https:\\\/\\\/www.organisator.ch\\\/wp-content\\\/uploads\\\/2020\\\/07\\\/Erfolgs-Impuls-Wir-sind-erstaunlich-wandlungsfaehig_Organisator.jpg\",\"datePublished\":\"2020-07-27T06:42:32+00:00\",\"description\":\"Der Mensch ist wandlungsf\u00e4hig und kann sich schnell an neue Normalit\u00e4ten anpassen. Aber er ist nicht gut im vorausschauenden Wandel.\",\"breadcrumb\":{\"@id\":\"https:\\\/\\\/www.organisator.ch\\\/management\\\/2020-07-27\\\/erfolgs-impuls-wir-sind-erstaunlich-wandlungsfaehig\\\/#breadcrumb\"},\"inLanguage\":\"de\",\"potentialAction\":[{\"@type\":\"ReadAction\",\"target\":[\"https:\\\/\\\/www.organisator.ch\\\/management\\\/2020-07-27\\\/erfolgs-impuls-wir-sind-erstaunlich-wandlungsfaehig\\\/\"]}]},{\"@type\":\"ImageObject\",\"inLanguage\":\"de\",\"@id\":\"https:\\\/\\\/www.organisator.ch\\\/management\\\/2020-07-27\\\/erfolgs-impuls-wir-sind-erstaunlich-wandlungsfaehig\\\/#primaryimage\",\"url\":\"https:\\\/\\\/www.organisator.ch\\\/wp-content\\\/uploads\\\/2020\\\/07\\\/Erfolgs-Impuls-Wir-sind-erstaunlich-wandlungsfaehig_Organisator.jpg\",\"contentUrl\":\"https:\\\/\\\/www.organisator.ch\\\/wp-content\\\/uploads\\\/2020\\\/07\\\/Erfolgs-Impuls-Wir-sind-erstaunlich-wandlungsfaehig_Organisator.jpg\",\"width\":680,\"height\":453,\"caption\":\"Corona zeigt: Der Mensch ist zwar sehr wandlungsf\u00e4hig, doch \u00e4ndern tut er sich zumeist nur auf Druck hin. (Bild: Pixabay.com)\"},{\"@type\":\"BreadcrumbList\",\"@id\":\"https:\\\/\\\/www.organisator.ch\\\/management\\\/2020-07-27\\\/erfolgs-impuls-wir-sind-erstaunlich-wandlungsfaehig\\\/#breadcrumb\",\"itemListElement\":[{\"@type\":\"ListItem\",\"position\":1,\"name\":\"Home\",\"item\":\"https:\\\/\\\/www.organisator.ch\\\/\"},{\"@type\":\"ListItem\",\"position\":2,\"name\":\"Erfolgs-Impuls: Wir sind erstaunlich wandlungsf\u00e4hig\"}]},{\"@type\":\"WebSite\",\"@id\":\"https:\\\/\\\/www.organisator.ch\\\/#website\",\"url\":\"https:\\\/\\\/www.organisator.ch\\\/\",\"name\":\"Organisator\",\"description\":\"Kompetent. Praxisnah. Der ORGANISATOR bereitet in 10 Ausgaben pro Jahr die wesentlichen Themen f\u00fcr F\u00fchrungskr\u00e4fte von KMU auf.\",\"publisher\":{\"@id\":\"https:\\\/\\\/www.organisator.ch\\\/#organization\"},\"potentialAction\":[{\"@type\":\"SearchAction\",\"target\":{\"@type\":\"EntryPoint\",\"urlTemplate\":\"https:\\\/\\\/www.organisator.ch\\\/?s={search_term_string}\"},\"query-input\":{\"@type\":\"PropertyValueSpecification\",\"valueRequired\":true,\"valueName\":\"search_term_string\"}}],\"inLanguage\":\"de\"},{\"@type\":\"Organization\",\"@id\":\"https:\\\/\\\/www.organisator.ch\\\/#organization\",\"name\":\"Organisator\",\"url\":\"https:\\\/\\\/www.organisator.ch\\\/\",\"logo\":{\"@type\":\"ImageObject\",\"inLanguage\":\"de\",\"@id\":\"https:\\\/\\\/www.organisator.ch\\\/#\\\/schema\\\/logo\\\/image\\\/\",\"url\":\"https:\\\/\\\/www.organisator.ch\\\/wp-content\\\/uploads\\\/2022\\\/01\\\/Logo_Organisator_Website.png\",\"contentUrl\":\"https:\\\/\\\/www.organisator.ch\\\/wp-content\\\/uploads\\\/2022\\\/01\\\/Logo_Organisator_Website.png\",\"width\":800,\"height\":77,\"caption\":\"Organisator\"},\"image\":{\"@id\":\"https:\\\/\\\/www.organisator.ch\\\/#\\\/schema\\\/logo\\\/image\\\/\"},\"sameAs\":[\"https:\\\/\\\/www.facebook.com\\\/OrganisatorFachmagazin\",\"https:\\\/\\\/www.linkedin.com\\\/showcase\\\/organisator-das-magazin-fr-kmu\",\"https:\\\/\\\/www.xing.com\\\/news\\\/pages\\\/organisator-ch-695\",\"https:\\\/\\\/www.youtube.com\\\/channel\\\/UCGP2Sq0iWaZwT3BdIAQFYpw\"]},{\"@type\":\"Person\",\"@id\":\"https:\\\/\\\/www.organisator.ch\\\/#\\\/schema\\\/person\\\/6f650f90b2842cd4c0cc334b4e36f67e\",\"name\":\"thomas.berner\",\"image\":{\"@type\":\"ImageObject\",\"inLanguage\":\"de\",\"@id\":\"https:\\\/\\\/secure.gravatar.com\\\/avatar\\\/ac5001d2a36cb6c6cd3e50789007ffca834b477b74a2144564522e944eabff61?s=96&d=mm&r=g\",\"url\":\"https:\\\/\\\/secure.gravatar.com\\\/avatar\\\/ac5001d2a36cb6c6cd3e50789007ffca834b477b74a2144564522e944eabff61?s=96&d=mm&r=g\",\"contentUrl\":\"https:\\\/\\\/secure.gravatar.com\\\/avatar\\\/ac5001d2a36cb6c6cd3e50789007ffca834b477b74a2144564522e944eabff61?s=96&d=mm&r=g\",\"caption\":\"thomas.berner\"},\"url\":\"https:\\\/\\\/www.organisator.ch\\\/de\\\/author\\\/thomas-berner\\\/\"}]}<\/script>\n<!-- \/ Yoast SEO plugin. -->","yoast_head_json":{"title":"Erfolgs-Impuls: Wir sind erstaunlich wandlungsf\u00e4hig - Organisator","description":"Der Mensch ist wandlungsf\u00e4hig und kann sich schnell an neue Normalit\u00e4ten anpassen. Aber er ist nicht gut im vorausschauenden Wandel.","robots":{"index":"index","follow":"follow","max-snippet":"max-snippet:-1","max-image-preview":"max-image-preview:large","max-video-preview":"max-video-preview:-1"},"canonical":"https:\/\/www.organisator.ch\/de\/management\/2020-07-27\/erfolgs-impuls-wir-sind-erstaunlich-wandlungsfaehig\/","og_locale":"de_DE","og_type":"article","og_title":"Erfolgs-Impuls: Wir sind erstaunlich wandlungsf\u00e4hig","og_description":"Der Mensch ist wandlungsf\u00e4hig und kann sich schnell an neue Normalit\u00e4ten anpassen. Aber er ist nicht gut im vorausschauenden Wandel.","og_url":"https:\/\/www.organisator.ch\/de\/management\/2020-07-27\/erfolgs-impuls-wir-sind-erstaunlich-wandlungsfaehig\/","og_site_name":"Organisator","article_publisher":"https:\/\/www.facebook.com\/OrganisatorFachmagazin","article_published_time":"2020-07-27T06:42:32+00:00","og_image":[{"width":680,"height":453,"url":"https:\/\/www.organisator.ch\/wp-content\/uploads\/2020\/07\/Erfolgs-Impuls-Wir-sind-erstaunlich-wandlungsfaehig_Organisator.jpg","type":"image\/jpeg"}],"author":"thomas.berner","twitter_card":"summary_large_image","twitter_title":"#Erfolgs-Impuls: Wir sind erstaunlich #wandlungsf\u00e4hig","twitter_description":"Der Mensch ist #wandlungsf\u00e4hig und kann sich schnell an neue #Normalit\u00e4ten anpassen. Aber er ist nicht gut im vorausschauenden #Wandel.","twitter_image":"https:\/\/www.organisator.ch\/wp-content\/uploads\/2020\/07\/Erfolgs-Impuls-Wir-sind-erstaunlich-wandlungsfaehig_Organisator.jpg","schema":{"@context":"https:\/\/schema.org","@graph":[{"@type":"Article","@id":"https:\/\/www.organisator.ch\/management\/2020-07-27\/erfolgs-impuls-wir-sind-erstaunlich-wandlungsfaehig\/#article","isPartOf":{"@id":"https:\/\/www.organisator.ch\/management\/2020-07-27\/erfolgs-impuls-wir-sind-erstaunlich-wandlungsfaehig\/"},"author":{"name":"thomas.berner","@id":"https:\/\/www.organisator.ch\/#\/schema\/person\/6f650f90b2842cd4c0cc334b4e36f67e"},"headline":"Erfolgs-Impuls: Wir sind erstaunlich wandlungsf\u00e4hig","datePublished":"2020-07-27T06:42:32+00:00","mainEntityOfPage":{"@id":"https:\/\/www.organisator.ch\/management\/2020-07-27\/erfolgs-impuls-wir-sind-erstaunlich-wandlungsfaehig\/"},"wordCount":493,"publisher":{"@id":"https:\/\/www.organisator.ch\/#organization"},"image":{"@id":"https:\/\/www.organisator.ch\/management\/2020-07-27\/erfolgs-impuls-wir-sind-erstaunlich-wandlungsfaehig\/#primaryimage"},"thumbnailUrl":"https:\/\/www.organisator.ch\/wp-content\/uploads\/2020\/07\/Erfolgs-Impuls-Wir-sind-erstaunlich-wandlungsfaehig_Organisator.jpg","keywords":["Checklisten","Coronavirus","Erfolgs-Impuls","Management und Unternehmensf\u00fchrung"],"articleSection":["MANAGEMENT"],"inLanguage":"de"},{"@type":"WebPage","@id":"https:\/\/www.organisator.ch\/management\/2020-07-27\/erfolgs-impuls-wir-sind-erstaunlich-wandlungsfaehig\/","url":"https:\/\/www.organisator.ch\/management\/2020-07-27\/erfolgs-impuls-wir-sind-erstaunlich-wandlungsfaehig\/","name":"Erfolgs-Impuls: Wir sind erstaunlich wandlungsf\u00e4hig - Organisator","isPartOf":{"@id":"https:\/\/www.organisator.ch\/#website"},"primaryImageOfPage":{"@id":"https:\/\/www.organisator.ch\/management\/2020-07-27\/erfolgs-impuls-wir-sind-erstaunlich-wandlungsfaehig\/#primaryimage"},"image":{"@id":"https:\/\/www.organisator.ch\/management\/2020-07-27\/erfolgs-impuls-wir-sind-erstaunlich-wandlungsfaehig\/#primaryimage"},"thumbnailUrl":"https:\/\/www.organisator.ch\/wp-content\/uploads\/2020\/07\/Erfolgs-Impuls-Wir-sind-erstaunlich-wandlungsfaehig_Organisator.jpg","datePublished":"2020-07-27T06:42:32+00:00","description":"Der Mensch ist wandlungsf\u00e4hig und kann sich schnell an neue Normalit\u00e4ten anpassen. Aber er ist nicht gut im vorausschauenden Wandel.","breadcrumb":{"@id":"https:\/\/www.organisator.ch\/management\/2020-07-27\/erfolgs-impuls-wir-sind-erstaunlich-wandlungsfaehig\/#breadcrumb"},"inLanguage":"de","potentialAction":[{"@type":"ReadAction","target":["https:\/\/www.organisator.ch\/management\/2020-07-27\/erfolgs-impuls-wir-sind-erstaunlich-wandlungsfaehig\/"]}]},{"@type":"ImageObject","inLanguage":"de","@id":"https:\/\/www.organisator.ch\/management\/2020-07-27\/erfolgs-impuls-wir-sind-erstaunlich-wandlungsfaehig\/#primaryimage","url":"https:\/\/www.organisator.ch\/wp-content\/uploads\/2020\/07\/Erfolgs-Impuls-Wir-sind-erstaunlich-wandlungsfaehig_Organisator.jpg","contentUrl":"https:\/\/www.organisator.ch\/wp-content\/uploads\/2020\/07\/Erfolgs-Impuls-Wir-sind-erstaunlich-wandlungsfaehig_Organisator.jpg","width":680,"height":453,"caption":"Corona zeigt: Der Mensch ist zwar sehr wandlungsf\u00e4hig, doch \u00e4ndern tut er sich zumeist nur auf Druck hin. (Bild: Pixabay.com)"},{"@type":"BreadcrumbList","@id":"https:\/\/www.organisator.ch\/management\/2020-07-27\/erfolgs-impuls-wir-sind-erstaunlich-wandlungsfaehig\/#breadcrumb","itemListElement":[{"@type":"ListItem","position":1,"name":"Home","item":"https:\/\/www.organisator.ch\/"},{"@type":"ListItem","position":2,"name":"Erfolgs-Impuls: Wir sind erstaunlich wandlungsf\u00e4hig"}]},{"@type":"WebSite","@id":"https:\/\/www.organisator.ch\/#website","url":"https:\/\/www.organisator.ch\/","name":"Organisator","description":"Kompetent. Praxisnah. Der ORGANISATOR bereitet in 10 Ausgaben pro Jahr die wesentlichen Themen f\u00fcr F\u00fchrungskr\u00e4fte von KMU auf.","publisher":{"@id":"https:\/\/www.organisator.ch\/#organization"},"potentialAction":[{"@type":"SearchAction","target":{"@type":"EntryPoint","urlTemplate":"https:\/\/www.organisator.ch\/?s={search_term_string}"},"query-input":{"@type":"PropertyValueSpecification","valueRequired":true,"valueName":"search_term_string"}}],"inLanguage":"de"},{"@type":"Organization","@id":"https:\/\/www.organisator.ch\/#organization","name":"Organisator","url":"https:\/\/www.organisator.ch\/","logo":{"@type":"ImageObject","inLanguage":"de","@id":"https:\/\/www.organisator.ch\/#\/schema\/logo\/image\/","url":"https:\/\/www.organisator.ch\/wp-content\/uploads\/2022\/01\/Logo_Organisator_Website.png","contentUrl":"https:\/\/www.organisator.ch\/wp-content\/uploads\/2022\/01\/Logo_Organisator_Website.png","width":800,"height":77,"caption":"Organisator"},"image":{"@id":"https:\/\/www.organisator.ch\/#\/schema\/logo\/image\/"},"sameAs":["https:\/\/www.facebook.com\/OrganisatorFachmagazin","https:\/\/www.linkedin.com\/showcase\/organisator-das-magazin-fr-kmu","https:\/\/www.xing.com\/news\/pages\/organisator-ch-695","https:\/\/www.youtube.com\/channel\/UCGP2Sq0iWaZwT3BdIAQFYpw"]},{"@type":"Person","@id":"https:\/\/www.organisator.ch\/#\/schema\/person\/6f650f90b2842cd4c0cc334b4e36f67e","name":"thomas.berner","image":{"@type":"ImageObject","inLanguage":"de","@id":"https:\/\/secure.gravatar.com\/avatar\/ac5001d2a36cb6c6cd3e50789007ffca834b477b74a2144564522e944eabff61?s=96&d=mm&r=g","url":"https:\/\/secure.gravatar.com\/avatar\/ac5001d2a36cb6c6cd3e50789007ffca834b477b74a2144564522e944eabff61?s=96&d=mm&r=g","contentUrl":"https:\/\/secure.gravatar.com\/avatar\/ac5001d2a36cb6c6cd3e50789007ffca834b477b74a2144564522e944eabff61?s=96&d=mm&r=g","caption":"thomas.berner"},"url":"https:\/\/www.organisator.ch\/de\/author\/thomas-berner\/"}]}},"_links":{"self":[{"href":"https:\/\/www.organisator.ch\/de\/wp-json\/wp\/v2\/posts\/6970","targetHints":{"allow":["GET"]}}],"collection":[{"href":"https:\/\/www.organisator.ch\/de\/wp-json\/wp\/v2\/posts"}],"about":[{"href":"https:\/\/www.organisator.ch\/de\/wp-json\/wp\/v2\/types\/post"}],"author":[{"embeddable":true,"href":"https:\/\/www.organisator.ch\/de\/wp-json\/wp\/v2\/users\/4"}],"replies":[{"embeddable":true,"href":"https:\/\/www.organisator.ch\/de\/wp-json\/wp\/v2\/comments?post=6970"}],"version-history":[{"count":0,"href":"https:\/\/www.organisator.ch\/de\/wp-json\/wp\/v2\/posts\/6970\/revisions"}],"wp:featuredmedia":[{"embeddable":true,"href":"https:\/\/www.organisator.ch\/de\/wp-json\/wp\/v2\/media\/6972"}],"wp:attachment":[{"href":"https:\/\/www.organisator.ch\/de\/wp-json\/wp\/v2\/media?parent=6970"}],"wp:term":[{"taxonomy":"category","embeddable":true,"href":"https:\/\/www.organisator.ch\/de\/wp-json\/wp\/v2\/categories?post=6970"},{"taxonomy":"post_tag","embeddable":true,"href":"https:\/\/www.organisator.ch\/de\/wp-json\/wp\/v2\/tags?post=6970"}],"curies":[{"name":"wp","href":"https:\/\/api.w.org\/{rel}","templated":true}]}}